{"id":1027,"date":"2025-01-24T21:51:34","date_gmt":"2025-01-24T20:51:34","guid":{"rendered":"https:\/\/www.periferieprahy.cz\/blog\/?p=1027"},"modified":"2025-04-13T20:55:39","modified_gmt":"2025-04-13T18:55:39","slug":"c-p-4-domek-naproti-kostelu","status":"publish","type":"post","link":"https:\/\/www.periferieprahy.cz\/blog\/2025\/01\/24\/c-p-4-domek-naproti-kostelu\/","title":{"rendered":"\u010c. p. 4 domek naproti kostelu"},"content":{"rendered":"\n<p align=\"justify\">\n\t\t\t<img loading=\"lazy\" decoding=\"async\" border=\"0\" src=\"https:\/\/www.periferieprahy.cz\/blog\/wp-content\/uploads\/2024\/12\/pismo7_17.gif\" width=\"89\" height=\"132\" align=\"left\"><span style=\"visibility: hidden\"><font size=\"1\">R<\/font><\/span>oku \n\t\t\t1872 byl vlastn\u00edkem nemovitosti Jan Brynda, obuvn\u00edk. Chalupa stoj\u00ed na b\u00fdval\u00e9 libock\u00e9 n\u00e1vsi naproti \n\t\t\tkostelu. P\u0159ed chalupou st\u00e1val k\u0159\u00ed\u017e, jak je vid\u011bt na map\u011b z roku 1840 \n\t\t\ta jak o tom hovo\u0159\u00ed kronika: <font color=\"\"><i>proti kostelu \n\t\t\tp\u0159i domku \u010dp.4 se na um\u011bl\u00e9 homoly nach\u00e1zel d\u0159ev\u011bn\u00fd k\u0159\u00ed\u017e, kter\u00fd jsa \n\t\t\tv\u0161ak velice se\u0161l\u00fd, nahra\u017een k\u0159\u00ed\u017eem nov\u00fdm, a um\u00edst\u011bn p\u0159ed hlavn\u00edm \n\t\t\tvchodem kosteln\u00edm. Nov\u00fd tento k\u0159\u00ed\u017e zhotovil r. 1877 n\u00e1kladem &quot; \n\t\t\tLibocko-Ruz\u00ed\u0148sk\u00e9ho zp\u011bv\u00e1ck\u00e9ho spolku Hv\u011bzdy&quot; jednoruk\u00fd kol\u00e1\u0159 z \n\t\t\tLiboce \u010c. Pet\u0159\u00ed\u010dek<\/i><\/font> [str.60]<p align=\"justify\">\n\t\t\tZe vzpom\u00ednek pan\u00ed\n\t\t\t<a target=\"_blank\" href=\"https:\/\/www.facebook.com\/jicinska.filomena?fref=ufi&#038;rc=p\">\n\t\t\t\u2020Filomeny Ji\u010d\u00ednsk\u00e9<\/a>:<p align=\"justify\">\n\t\t\t<font color=\"\"><i>\u010cp.4 koupil v roce 1872 m\u016fj prad\u011bde\u010dek Jan \n\t\t\tNepomuk Brynda (z \u010dp. 29), ale jeho rod po matce Magdalen\u011b Novotn\u00e9 \n\t\t\tpoch\u00e1zel z \u010dp. 27, se kterou se o\u017eenil 9. 2. 1778 jeho d\u011bd Josef \n\t\t\tBrynda ze Stod\u016flek. Tady se narodil m\u016fj d\u011bde\u010dek Rudolf Mat\u011bj Brynda \n\t\t\tv r. <a href=\"#1\">1873<\/a> a v roce\n\t\t\t<a href=\"#2\">1910<\/a> si sem p\u0159ivedl man\u017eelku Marii \n\t\t\tK\u0159ikl\u00e1novou ze Sestupn\u00e9 ulice. Moje matka Marta Bryndov\u00e1 se tu sice \n\t\t\tnenarodila (b\u011bhem 1.SV \u017eili Bryndovi v Kamenn\u00e9m Most\u011b u Kralup), ale \n\t\t\tv r. 1924 se sem Bryndovi vr\u00e1tili a pro\u017e\u00edvala tu d\u011btstv\u00ed, m\u011bla tu \n\t\t\tkamar\u00e1dy (V\u00e1clav Bahensk\u00fd, Sl\u00e1vka Ka\u010dabov\u00e1, d\u011bv\u010data Iblovy), chodila \n\t\t\ttady do \u0161koly, chodila do katolick\u00e9 ml\u00e1de\u017ee a do Orla, hr\u00e1la \n\t\t\tdivadlo. Odtud se v roce 1940 vdala do B\u0159evnova za Josefa \u010cervenku. \n\t\t\tA j\u00e1 jsem se do Liboce p\u0159ist\u011bhovala v r. 2007. proto\u017ee m\u011b sem t\u00e1hly \n\t\t\tmoje ko\u0159eny.<\/i><\/font>\n\n\n<div class=\"wp-block-image\">\n<figure class=\"aligncenter size-full\"><a href=\"https:\/\/www.periferieprahy.cz\/blog\/wp-content\/uploads\/2025\/01\/cp4_2009.jpg\"><img loading=\"lazy\" decoding=\"async\" width=\"837\" height=\"357\" src=\"https:\/\/www.periferieprahy.cz\/blog\/wp-content\/uploads\/2025\/01\/cp4_2009.jpg\" alt=\"\" class=\"wp-image-1030\" srcset=\"https:\/\/www.periferieprahy.cz\/blog\/wp-content\/uploads\/2025\/01\/cp4_2009.jpg 837w, https:\/\/www.periferieprahy.cz\/blog\/wp-content\/uploads\/2025\/01\/cp4_2009-300x128.jpg 300w, https:\/\/www.periferieprahy.cz\/blog\/wp-content\/uploads\/2025\/01\/cp4_2009-768x328.jpg 768w\" sizes=\"auto, (max-width: 837px) 100vw, 837px\" \/><\/a><figcaption class=\"wp-element-caption\">Domek s keramickou d\u00edlnou v roce 2009<\/figcaption><\/figure>\n<\/div>\n\n<div class=\"wp-block-image\">\n<figure class=\"aligncenter size-full is-resized\"><a href=\"https:\/\/www.periferieprahy.cz\/blog\/wp-content\/uploads\/2025\/01\/cp4_2016.jpg\"><img loading=\"lazy\" decoding=\"async\" width=\"1012\" height=\"491\" src=\"https:\/\/www.periferieprahy.cz\/blog\/wp-content\/uploads\/2025\/01\/cp4_2016.jpg\" alt=\"\" class=\"wp-image-1031\" style=\"width:841px;height:auto\" srcset=\"https:\/\/www.periferieprahy.cz\/blog\/wp-content\/uploads\/2025\/01\/cp4_2016.jpg 1012w, https:\/\/www.periferieprahy.cz\/blog\/wp-content\/uploads\/2025\/01\/cp4_2016-300x146.jpg 300w, https:\/\/www.periferieprahy.cz\/blog\/wp-content\/uploads\/2025\/01\/cp4_2016-768x373.jpg 768w\" sizes=\"auto, (max-width: 1012px) 100vw, 1012px\" \/><\/a><figcaption class=\"wp-element-caption\">Rok 2016<\/figcaption><\/figure>\n<\/div>\n\n<div class=\"wp-block-image\">\n<figure class=\"aligncenter size-full is-resized\" id=\"1\"><a href=\"https:\/\/www.periferieprahy.cz\/blog\/wp-content\/uploads\/2025\/01\/cp4_1.jpg\"><img loading=\"lazy\" decoding=\"async\" width=\"939\" height=\"618\" src=\"https:\/\/www.periferieprahy.cz\/blog\/wp-content\/uploads\/2025\/01\/cp4_1.jpg\" alt=\"\" class=\"wp-image-1028\" style=\"width:837px;height:auto\" srcset=\"https:\/\/www.periferieprahy.cz\/blog\/wp-content\/uploads\/2025\/01\/cp4_1.jpg 939w, https:\/\/www.periferieprahy.cz\/blog\/wp-content\/uploads\/2025\/01\/cp4_1-300x197.jpg 300w, https:\/\/www.periferieprahy.cz\/blog\/wp-content\/uploads\/2025\/01\/cp4_1-768x505.jpg 768w\" sizes=\"auto, (max-width: 939px) 100vw, 939px\" \/><\/a><\/figure>\n<\/div>\n\n<div class=\"wp-block-image\">\n<figure class=\"aligncenter size-full is-resized\" id=\"2\"><a href=\"https:\/\/www.periferieprahy.cz\/blog\/wp-content\/uploads\/2025\/01\/cp4_2.jpg\"><img loading=\"lazy\" decoding=\"async\" width=\"946\" height=\"698\" src=\"https:\/\/www.periferieprahy.cz\/blog\/wp-content\/uploads\/2025\/01\/cp4_2.jpg\" alt=\"\" class=\"wp-image-1029\" style=\"width:836px;height:auto\" srcset=\"https:\/\/www.periferieprahy.cz\/blog\/wp-content\/uploads\/2025\/01\/cp4_2.jpg 946w, https:\/\/www.periferieprahy.cz\/blog\/wp-content\/uploads\/2025\/01\/cp4_2-300x221.jpg 300w, https:\/\/www.periferieprahy.cz\/blog\/wp-content\/uploads\/2025\/01\/cp4_2-768x567.jpg 768w\" sizes=\"auto, (max-width: 946px) 100vw, 946px\" \/><\/a><\/figure>\n<\/div>","protected":false},"excerpt":{"rendered":"<p>Roku 1872 byl vlastn\u00edkem nemovitosti Jan Brynda, obuvn\u00edk. Chalupa stoj\u00ed na b\u00fdval\u00e9 libock\u00e9 n\u00e1vsi naproti kostelu. P\u0159ed chalupou st\u00e1val k\u0159\u00ed\u017e, jak je vid\u011bt na map\u011b z roku 1840 a jak o tom hovo\u0159\u00ed kronika: proti kostelu p\u0159i domku \u010dp.4 se na um\u011bl\u00e9 homoly nach\u00e1zel d\u0159ev\u011bn\u00fd k\u0159\u00ed\u017e, kter\u00fd jsa v\u0161ak velice se\u0161l\u00fd, nahra\u017een k\u0159\u00ed\u017eem nov\u00fdm, a &hellip;<br \/><a href=\"https:\/\/www.periferieprahy.cz\/blog\/2025\/01\/24\/c-p-4-domek-naproti-kostelu\/\" class=\"more-link pen_button pen_element_default pen_icon_arrow_double\">Pokra\u010dovat ve\u00a0\u010dten\u00ed <span class=\"screen-reader-text\">\u010c. p. 4 domek naproti kostelu<\/span><\/a><\/p>\n","protected":false},"author":1,"featured_media":1030,"comment_status":"open","ping_status":"open","sticky":false,"template":"","format":"standard","meta":{"_exactmetrics_skip_tracking":false,"_exactmetrics_sitenote_active":false,"_exactmetrics_sitenote_note":"","_exactmetrics_sitenote_category":0,"footnotes":""},"categories":[3],"tags":[],"post_folder":[],"class_list":["post-1027","post","type-post","status-publish","format-standard","has-post-thumbnail","hentry","category-redakce"],"_links":{"self":[{"href":"https:\/\/www.periferieprahy.cz\/blog\/wp-json\/wp\/v2\/posts\/1027","targetHints":{"allow":["GET"]}}],"collection":[{"href":"https:\/\/www.periferieprahy.cz\/blog\/wp-json\/wp\/v2\/posts"}],"about":[{"href":"https:\/\/www.periferieprahy.cz\/blog\/wp-json\/wp\/v2\/types\/post"}],"author":[{"embeddable":true,"href":"https:\/\/www.periferieprahy.cz\/blog\/wp-json\/wp\/v2\/users\/1"}],"replies":[{"embeddable":true,"href":"https:\/\/www.periferieprahy.cz\/blog\/wp-json\/wp\/v2\/comments?post=1027"}],"version-history":[{"count":3,"href":"https:\/\/www.periferieprahy.cz\/blog\/wp-json\/wp\/v2\/posts\/1027\/revisions"}],"predecessor-version":[{"id":2502,"href":"https:\/\/www.periferieprahy.cz\/blog\/wp-json\/wp\/v2\/posts\/1027\/revisions\/2502"}],"wp:featuredmedia":[{"embeddable":true,"href":"https:\/\/www.periferieprahy.cz\/blog\/wp-json\/wp\/v2\/media\/1030"}],"wp:attachment":[{"href":"https:\/\/www.periferieprahy.cz\/blog\/wp-json\/wp\/v2\/media?parent=1027"}],"wp:term":[{"taxonomy":"category","embeddable":true,"href":"https:\/\/www.periferieprahy.cz\/blog\/wp-json\/wp\/v2\/categories?post=1027"},{"taxonomy":"post_tag","embeddable":true,"href":"https:\/\/www.periferieprahy.cz\/blog\/wp-json\/wp\/v2\/tags?post=1027"},{"taxonomy":"post_folder","embeddable":true,"href":"https:\/\/www.periferieprahy.cz\/blog\/wp-json\/wp\/v2\/post_folder?post=1027"}],"curies":[{"name":"wp","href":"https:\/\/api.w.org\/{rel}","templated":true}]}}