{"id":1035,"date":"2025-01-24T22:17:17","date_gmt":"2025-01-24T21:17:17","guid":{"rendered":"https:\/\/www.periferieprahy.cz\/blog\/?p=1035"},"modified":"2025-04-13T20:53:22","modified_gmt":"2025-04-13T18:53:22","slug":"c-p-5-libocka-fara","status":"publish","type":"post","link":"https:\/\/www.periferieprahy.cz\/blog\/2025\/01\/24\/c-p-5-libocka-fara\/","title":{"rendered":"\u010c. p. 5 libock\u00e1 fara"},"content":{"rendered":"\n<p align=\"justify\">\n\t\t\t<img loading=\"lazy\" decoding=\"async\" border=\"0\" src=\"https:\/\/www.periferieprahy.cz\/blog\/wp-content\/uploads\/2024\/12\/pismo7_2.gif\" width=\"108\" height=\"140\" align=\"left\"><span style=\"visibility: hidden\"><font size=\"1\">B<\/font><\/span>arokn\u00ed \n\t\t\tfara v Liboci byla postavena na p\u0159elomu 17. a 18. stolet\u00ed.&nbsp; Matri\u010dn\u00ed knihy Libock\u00e9 farnosti \n\t\t\tjsou sice vedeny od roku \n\t\t\t1671. Ale farnost v Liboci byla obnovena a\u017e v roce 1702. V\u00edce o \n\t\t\thistorii &nbsp;duchovn\u00ed spr\u00e1vy naleznete na str\u00e1nk\u00e1ch v\u011bnovan\u00e9\n\t\t\t<a target=\"_parent\" href=\"https:\/\/www.periferieprahy.cz\/blog\/2024\/12\/31\/c-p\/\">libock\u00e9mu kostelu<\/a>.&nbsp; Rozsah farnosti podle matri\u010dn\u00edch z\u00e1znam\u016f byl pom\u011brn\u011b \n\t\t\trozs\u00e1hl\u00fd: B\u00edl\u00e1 Hora, Liboc, Lysolaje, Nebu\u0161ice, Radostn\u00fd, Ruzyn\u011b, \n\t\t\t\u0158epy, Sedlec, Stod\u016flky, Doln\u00ed \u0160\u00e1rka, Veleslav\u00edn, Vokovice, Zli\u010d\u00edn, \n\t\t\tvinice. Od roku 1794 Liboc, Ruzyn\u011b, \u0158epy, Zli\u010d\u00edn, Vokovice, \n\t\t\tVeleslav\u00edn, Ko\u0161\u00ed\u0159e. <\/p>\n\t\t\t<p align=\"justify\">V objektu fary dnes s\u00eddl\u00ed konvent \u0158\u00e1du \n\t\t\tkarmelit\u00e1n\u016f v \u010cesk\u00e9 republice.\n\n\n<div class=\"wp-block-image\">\n<figure class=\"aligncenter size-full\"><a href=\"https:\/\/www.periferieprahy.cz\/blog\/wp-content\/uploads\/2025\/01\/cp5.jpg\"><img loading=\"lazy\" decoding=\"async\" width=\"930\" height=\"454\" src=\"https:\/\/www.periferieprahy.cz\/blog\/wp-content\/uploads\/2025\/01\/cp5.jpg\" alt=\"\" class=\"wp-image-1036\" srcset=\"https:\/\/www.periferieprahy.cz\/blog\/wp-content\/uploads\/2025\/01\/cp5.jpg 930w, https:\/\/www.periferieprahy.cz\/blog\/wp-content\/uploads\/2025\/01\/cp5-300x146.jpg 300w, https:\/\/www.periferieprahy.cz\/blog\/wp-content\/uploads\/2025\/01\/cp5-768x375.jpg 768w\" sizes=\"auto, (max-width: 930px) 100vw, 930px\" \/><\/a><\/figure>\n<\/div>\n\n<div class=\"wp-block-image\">\n<figure class=\"aligncenter size-full is-resized\"><a href=\"https:\/\/www.periferieprahy.cz\/blog\/wp-content\/uploads\/2025\/01\/cp5_matrN1.jpg\"><img loading=\"lazy\" decoding=\"async\" width=\"668\" height=\"795\" src=\"https:\/\/www.periferieprahy.cz\/blog\/wp-content\/uploads\/2025\/01\/cp5_matrN1.jpg\" alt=\"\" class=\"wp-image-1037\" style=\"width:610px;height:auto\" srcset=\"https:\/\/www.periferieprahy.cz\/blog\/wp-content\/uploads\/2025\/01\/cp5_matrN1.jpg 668w, https:\/\/www.periferieprahy.cz\/blog\/wp-content\/uploads\/2025\/01\/cp5_matrN1-252x300.jpg 252w\" sizes=\"auto, (max-width: 668px) 100vw, 668px\" \/><\/a><figcaption class=\"wp-element-caption\">Tituln\u00ed str\u00e1nka prvn\u00ed libock\u00e9 matriky narozen\u00fdch z roku 1671 [AHMP]<\/figcaption><\/figure>\n<\/div>\n\n<div class=\"wp-block-image\">\n<figure class=\"aligncenter size-full\"><a href=\"https:\/\/www.periferieprahy.cz\/blog\/wp-content\/uploads\/2025\/01\/cp5_matrN2.jpg\"><img loading=\"lazy\" decoding=\"async\" width=\"615\" height=\"658\" src=\"https:\/\/www.periferieprahy.cz\/blog\/wp-content\/uploads\/2025\/01\/cp5_matrN2.jpg\" alt=\"\" class=\"wp-image-1038\" srcset=\"https:\/\/www.periferieprahy.cz\/blog\/wp-content\/uploads\/2025\/01\/cp5_matrN2.jpg 615w, https:\/\/www.periferieprahy.cz\/blog\/wp-content\/uploads\/2025\/01\/cp5_matrN2-280x300.jpg 280w\" sizes=\"auto, (max-width: 615px) 100vw, 615px\" \/><\/a><figcaption class=\"wp-element-caption\">Prvn\u00ed z\u00e1pis je z 11. 1. 1671: <em>Pok\u0159t\u011bna Dorota, Otec Samoel Lhotak, Matka Dorota Kmotr Symeon Saukup, Anna Smolikova Kate\u0159ina Kade\u0159wenkova Letha 1671<\/em> [AHMP]<\/figcaption><\/figure>\n<\/div>\n\n<div class=\"wp-block-image\">\n<figure class=\"aligncenter size-full is-resized\"><a href=\"https:\/\/www.periferieprahy.cz\/blog\/wp-content\/uploads\/2025\/01\/cp5_matrO.jpg\"><img loading=\"lazy\" decoding=\"async\" width=\"520\" height=\"755\" src=\"https:\/\/www.periferieprahy.cz\/blog\/wp-content\/uploads\/2025\/01\/cp5_matrO.jpg\" alt=\"\" class=\"wp-image-1039\" style=\"width:610px;height:auto\" srcset=\"https:\/\/www.periferieprahy.cz\/blog\/wp-content\/uploads\/2025\/01\/cp5_matrO.jpg 520w, https:\/\/www.periferieprahy.cz\/blog\/wp-content\/uploads\/2025\/01\/cp5_matrO-207x300.jpg 207w\" sizes=\"auto, (max-width: 520px) 100vw, 520px\" \/><\/a><figcaption class=\"wp-element-caption\">Prvn\u00ed z\u00e1znam o s\u0148atku je z 12.1.1688:&nbsp;<em>\u017denich Ssimon Stejskal Newiesta Justyna&nbsp; Padrzonowa Druzb. Matej Czadek, Swiet.&nbsp;<\/em><br>[sv\u011bdek]&nbsp;<em>Jan Marzik&nbsp;<\/em>[AHMP]<br><\/figcaption><\/figure>\n<\/div>\n\n<div class=\"wp-block-image\">\n<figure class=\"aligncenter size-full is-resized\"><a href=\"https:\/\/www.periferieprahy.cz\/blog\/wp-content\/uploads\/2025\/01\/cp5_matrZ.jpg\"><img loading=\"lazy\" decoding=\"async\" width=\"514\" height=\"742\" src=\"https:\/\/www.periferieprahy.cz\/blog\/wp-content\/uploads\/2025\/01\/cp5_matrZ.jpg\" alt=\"\" class=\"wp-image-1040\" style=\"width:606px;height:auto\" srcset=\"https:\/\/www.periferieprahy.cz\/blog\/wp-content\/uploads\/2025\/01\/cp5_matrZ.jpg 514w, https:\/\/www.periferieprahy.cz\/blog\/wp-content\/uploads\/2025\/01\/cp5_matrZ-208x300.jpg 208w\" sizes=\"auto, (max-width: 514px) 100vw, 514px\" \/><\/a><figcaption class=\"wp-element-caption\">Prvn\u00ed z\u00e1znam o \u00famrt\u00ed je latinsky z 10.5.1695:&nbsp;&nbsp;<em>Poh\u0159ben Simon Hyacinthy Tobiaczowsky v\u011bk 38 p\u00edsa\u0159 hrab\u011bte La\u017eansk\u00e9ho<\/em><br>&nbsp;[ voln\u00fd p\u0159eklad] [AHMP]<\/figcaption><\/figure>\n<\/div>\n\n\n<p><\/p>\n","protected":false},"excerpt":{"rendered":"<p>Barokn\u00ed fara v Liboci byla postavena na p\u0159elomu 17. a 18. stolet\u00ed.&nbsp; Matri\u010dn\u00ed knihy Libock\u00e9 farnosti jsou sice vedeny od roku 1671. Ale farnost v Liboci byla obnovena a\u017e v roce 1702. V\u00edce o historii &nbsp;duchovn\u00ed spr\u00e1vy naleznete na str\u00e1nk\u00e1ch v\u011bnovan\u00e9 libock\u00e9mu kostelu.&nbsp; Rozsah farnosti podle matri\u010dn\u00edch z\u00e1znam\u016f byl pom\u011brn\u011b rozs\u00e1hl\u00fd: B\u00edl\u00e1 Hora, Liboc, Lysolaje, &hellip;<br \/><a href=\"https:\/\/www.periferieprahy.cz\/blog\/2025\/01\/24\/c-p-5-libocka-fara\/\" class=\"more-link pen_button pen_element_default pen_icon_arrow_double\">Pokra\u010dovat ve\u00a0\u010dten\u00ed <span class=\"screen-reader-text\">\u010c. p. 5 libock\u00e1 fara<\/span><\/a><\/p>\n","protected":false},"author":1,"featured_media":1037,"comment_status":"open","ping_status":"open","sticky":false,"template":"","format":"standard","meta":{"_exactmetrics_skip_tracking":false,"_exactmetrics_sitenote_active":false,"_exactmetrics_sitenote_note":"","_exactmetrics_sitenote_category":0,"footnotes":""},"categories":[3],"tags":[],"post_folder":[],"class_list":["post-1035","post","type-post","status-publish","format-standard","has-post-thumbnail","hentry","category-redakce"],"_links":{"self":[{"href":"https:\/\/www.periferieprahy.cz\/blog\/wp-json\/wp\/v2\/posts\/1035","targetHints":{"allow":["GET"]}}],"collection":[{"href":"https:\/\/www.periferieprahy.cz\/blog\/wp-json\/wp\/v2\/posts"}],"about":[{"href":"https:\/\/www.periferieprahy.cz\/blog\/wp-json\/wp\/v2\/types\/post"}],"author":[{"embeddable":true,"href":"https:\/\/www.periferieprahy.cz\/blog\/wp-json\/wp\/v2\/users\/1"}],"replies":[{"embeddable":true,"href":"https:\/\/www.periferieprahy.cz\/blog\/wp-json\/wp\/v2\/comments?post=1035"}],"version-history":[{"count":3,"href":"https:\/\/www.periferieprahy.cz\/blog\/wp-json\/wp\/v2\/posts\/1035\/revisions"}],"predecessor-version":[{"id":2500,"href":"https:\/\/www.periferieprahy.cz\/blog\/wp-json\/wp\/v2\/posts\/1035\/revisions\/2500"}],"wp:featuredmedia":[{"embeddable":true,"href":"https:\/\/www.periferieprahy.cz\/blog\/wp-json\/wp\/v2\/media\/1037"}],"wp:attachment":[{"href":"https:\/\/www.periferieprahy.cz\/blog\/wp-json\/wp\/v2\/media?parent=1035"}],"wp:term":[{"taxonomy":"category","embeddable":true,"href":"https:\/\/www.periferieprahy.cz\/blog\/wp-json\/wp\/v2\/categories?post=1035"},{"taxonomy":"post_tag","embeddable":true,"href":"https:\/\/www.periferieprahy.cz\/blog\/wp-json\/wp\/v2\/tags?post=1035"},{"taxonomy":"post_folder","embeddable":true,"href":"https:\/\/www.periferieprahy.cz\/blog\/wp-json\/wp\/v2\/post_folder?post=1035"}],"curies":[{"name":"wp","href":"https:\/\/api.w.org\/{rel}","templated":true}]}}