{"id":1049,"date":"2025-03-04T23:52:34","date_gmt":"2025-03-04T22:52:34","guid":{"rendered":"https:\/\/www.periferieprahy.cz\/blog\/?p=1049"},"modified":"2025-06-07T20:49:14","modified_gmt":"2025-06-07T18:49:14","slug":"c-p-6-stara-libocka-skola","status":"publish","type":"post","link":"https:\/\/www.periferieprahy.cz\/blog\/2025\/03\/04\/c-p-6-stara-libocka-skola\/","title":{"rendered":"\u010c. p.\u00a06 star\u00e1 libock\u00e1 \u0161kola a \u010d.p. 282"},"content":{"rendered":"\n<div style=\"height:4px\" aria-hidden=\"true\" class=\"wp-block-spacer\"><\/div>\n\n\n\n<p>\n<img loading=\"lazy\" decoding=\"async\" border=\"0\" src=\"https:\/\/www.periferieprahy.cz\/blog\/wp-content\/uploads\/2024\/12\/pismo7_17.gif\" width=\"94\" height=\"116\" align=\"left\"><span style=\"visibility: hidden\"><font size=\"1\">R<\/font><\/span>oku 1823 u star\u00e9 farn\u00ed \u0161koly, do n\u00ed\u017e je\u0161t\u011b d\u00edtky z Ko\u0161\u00ed\u0159 (1803) a z Nebu\u0161ic (1814) doch\u00e1zely, postavena byla na pozemku kr\u00e1l. \u010desk. zemsk\u00fdch statk\u016f nov\u00e1 dvojt\u0159\u00eddn\u00ed p\u0159\u00edzemn\u00ed \u0161koln\u00ed budova, kter\u00e1 p\u0159\u00edstavbami ( r. 1875, 1879 a 1889 a 1896) vzrostla v dne\u0161n\u00ed budovu. Krom\u011b uveden\u00fdch obc\u00ed byly sem p\u0159i\u0161koleny obce Zlejc\u00edn [Zli\u010d\u00edn] a \u0158epy (do r. 1864) Vokovice, Veleslav\u00edn (do r. 1885), kter\u00e9 maj\u00ed nyn\u00ed sv\u00e9 vlastn\u00ed \u0161koly.\n\n&#8230;.Vyd\u00e1n\u00ed t.\u010d. z\u00e1kon\u016f spol\u010dovac\u00edch a shroma\u017e\u010fovac\u00edch vyu\u017eili na zdej\u0161\u00edm obvod\u011b u\u010ditel\u00e9, nemohouce se spol\u00e9hati na zaopat\u0159en\u00ed se strany st\u00e1tu, ku zalo\u017een\u00ed si spolku v Liboci r, 1869 pod n\u00e1zvem &#8222;Bude\u010d Hostivick\u00e1&#8220;, kter\u00fd m\u011bl za \u00fa\u010del vz\u00e1jemn\u00e9 podporov\u00e1n\u00ed u\u010ditel\u016f, jejich vdov a sirotk\u016f. Po rozd\u011blen\u00ed \u0161kol. okres\u016f p\u0159em\u011bn\u011bn\u00e1 na &#8222;Bude\u010d Podb\u011blohorskou&#8220; jej\u00ed\u017e p\u0159edsedou jest od prvn\u00edho po\u010d\u00e1tku \u0159id. u\u010d. Frant. Sedl\u00e1\u010dek. Spolek m\u00e1 60 \u010dlen\u016f. [s.42b]\n<\/p>\n\n\n\n<div style=\"height:14px\" aria-hidden=\"true\" class=\"wp-block-spacer\"><\/div>\n\n\n<span class=\"su-lightbox\" data-mfp-src=\"https:\/\/www.periferieprahy.cz\/doc\/kronika1.pdf\" data-mfp-type=\"iframe\" data-mobile=\"yes\"><font color=\"#0000FF\"><u>\u0160koln\u00ed kronika 1. \u010d\u00e1st (1925 &#8211; 1931)<\/u><\/font><\/span>\n\n\n\n<div style=\"height:7px\" aria-hidden=\"true\" class=\"wp-block-spacer\"><\/div>\n\n\n<span class=\"su-lightbox\" data-mfp-src=\"https:\/\/www.periferieprahy.cz\/doc\/kronika2.pdf\" data-mfp-type=\"iframe\" data-mobile=\"yes\"><font color=\"#0000FF\"><u>\u0160koln\u00ed kronika 2. \u010d\u00e1st (1931 &#8211; 1936)<\/u><\/font><\/span>\n\n\n\n<div style=\"height:7px\" aria-hidden=\"true\" class=\"wp-block-spacer\"><\/div>\n\n\n<span class=\"su-lightbox\" data-mfp-src=\"https:\/\/www.periferieprahy.cz\/doc\/kronika3.pdf\" data-mfp-type=\"iframe\" data-mobile=\"yes\"><font color=\"#0000FF\"><u>\u0160koln\u00ed kronika 3. \u010d\u00e1st (1936 &#8211; 1940)<\/u><\/font><\/span>\n\n\n\n<div style=\"height:7px\" aria-hidden=\"true\" class=\"wp-block-spacer\"><\/div>\n\n\n<div class=\"wp-block-image is-style-rounded\">\n<figure class=\"aligncenter size-large is-resized\"><a href=\"https:\/\/www.periferieprahy.cz\/blog\/wp-content\/uploads\/2025\/03\/1.jpg\"><img loading=\"lazy\" decoding=\"async\" width=\"1024\" height=\"758\" src=\"https:\/\/www.periferieprahy.cz\/blog\/wp-content\/uploads\/2025\/03\/1-1024x758.jpg\" alt=\"\" class=\"wp-image-1060\" style=\"width:831px;height:auto\" srcset=\"https:\/\/www.periferieprahy.cz\/blog\/wp-content\/uploads\/2025\/03\/1-1024x758.jpg 1024w, https:\/\/www.periferieprahy.cz\/blog\/wp-content\/uploads\/2025\/03\/1-300x222.jpg 300w, https:\/\/www.periferieprahy.cz\/blog\/wp-content\/uploads\/2025\/03\/1-768x568.jpg 768w, https:\/\/www.periferieprahy.cz\/blog\/wp-content\/uploads\/2025\/03\/1.jpg 1099w\" sizes=\"auto, (max-width: 1024px) 100vw, 1024px\" \/><\/a><figcaption class=\"wp-element-caption\">\u0160kola v Liboci na dobov\u00e9 fotografii. Za pov\u0161imnut\u00ed stoji t\u00e9\u017e pavilon z N\u00e1rodopisn\u00e9 v\u00fdstavy z r.1895 (vpravo), pat\u0159\u00edc\u00ed k hospod\u011b &#8222;U Ku\u010der\u016f s \u010d.p.36&#8220; (vlevo)<\/figcaption><\/figure>\n<\/div>\n\n<div class=\"wp-block-image is-style-rounded\">\n<figure class=\"aligncenter size-large is-resized\"><a href=\"https:\/\/www.periferieprahy.cz\/blog\/wp-content\/uploads\/2025\/03\/2.jpg\"><img loading=\"lazy\" decoding=\"async\" width=\"1024\" height=\"528\" src=\"https:\/\/www.periferieprahy.cz\/blog\/wp-content\/uploads\/2025\/03\/2-1024x528.jpg\" alt=\"\" class=\"wp-image-1061\" style=\"width:948px;height:auto\" srcset=\"https:\/\/www.periferieprahy.cz\/blog\/wp-content\/uploads\/2025\/03\/2-1024x528.jpg 1024w, https:\/\/www.periferieprahy.cz\/blog\/wp-content\/uploads\/2025\/03\/2-300x155.jpg 300w, https:\/\/www.periferieprahy.cz\/blog\/wp-content\/uploads\/2025\/03\/2-768x396.jpg 768w, https:\/\/www.periferieprahy.cz\/blog\/wp-content\/uploads\/2025\/03\/2.jpg 1061w\" sizes=\"auto, (max-width: 1024px) 100vw, 1024px\" \/><\/a><figcaption class=\"wp-element-caption\">B\u00fdval\u00e1 libock\u00e1 \u0161kola s kostelem pat\u0159ila a st\u00e1le pat\u0159\u00ed k dominant\u011b obce.<\/figcaption><\/figure>\n<\/div>\n\n\n<div class=\"wp-block-columns is-layout-flex wp-container-core-columns-is-layout-9d6595d7 wp-block-columns-is-layout-flex\">\n<div class=\"wp-block-column is-layout-flow wp-block-column-is-layout-flow\"><div class=\"wp-block-image\">\n<figure class=\"aligncenter size-large\"><a href=\"https:\/\/www.periferieprahy.cz\/blog\/wp-content\/uploads\/2025\/03\/4.jpg\"><img loading=\"lazy\" decoding=\"async\" width=\"1024\" height=\"768\" src=\"https:\/\/www.periferieprahy.cz\/blog\/wp-content\/uploads\/2025\/03\/4-1024x768.jpg\" alt=\"\" class=\"wp-image-1063\" srcset=\"https:\/\/www.periferieprahy.cz\/blog\/wp-content\/uploads\/2025\/03\/4-1024x768.jpg 1024w, https:\/\/www.periferieprahy.cz\/blog\/wp-content\/uploads\/2025\/03\/4-300x225.jpg 300w, https:\/\/www.periferieprahy.cz\/blog\/wp-content\/uploads\/2025\/03\/4-768x576.jpg 768w, https:\/\/www.periferieprahy.cz\/blog\/wp-content\/uploads\/2025\/03\/4-1536x1152.jpg 1536w, https:\/\/www.periferieprahy.cz\/blog\/wp-content\/uploads\/2025\/03\/4.jpg 1600w\" sizes=\"auto, (max-width: 1024px) 100vw, 1024px\" \/><\/a><figcaption class=\"wp-element-caption\">Libock\u00e1 \u0161kola dnes slou\u017e\u00ed d\u00e1l jako  Domov svat\u00e9 rodiny, domov  pro osoby s ment\u00e1ln\u00edm posti\u017een\u00edm.<\/figcaption><\/figure>\n<\/div>\n\n<div class=\"wp-block-image\">\n<figure class=\"aligncenter size-full\"><a href=\"https:\/\/www.periferieprahy.cz\/blog\/wp-content\/uploads\/2025\/03\/3.jpg\"><img loading=\"lazy\" decoding=\"async\" width=\"640\" height=\"394\" src=\"https:\/\/www.periferieprahy.cz\/blog\/wp-content\/uploads\/2025\/03\/3.jpg\" alt=\"\" class=\"wp-image-1062\" srcset=\"https:\/\/www.periferieprahy.cz\/blog\/wp-content\/uploads\/2025\/03\/3.jpg 640w, https:\/\/www.periferieprahy.cz\/blog\/wp-content\/uploads\/2025\/03\/3-300x185.jpg 300w\" sizes=\"auto, (max-width: 640px) 100vw, 640px\" \/><\/a><figcaption class=\"wp-element-caption\">Naho\u0159e: Libock\u00e1 \u0161kole vlevo, celkov\u00fd pohled na Liboc vpravo.\nDole: Vlevo celkov\u00fd pohled, sokolovna v pop\u0159ed\u00ed  a hospoda &#8222;U \u010cesk\u00e9 koruny&#8220; vpravo,<\/figcaption><\/figure>\n<\/div><\/div>\n\n\n\n<div class=\"wp-block-column is-layout-flow wp-block-column-is-layout-flow\"><div class=\"wp-block-image\">\n<figure class=\"aligncenter size-large is-resized\"><a href=\"https:\/\/www.periferieprahy.cz\/blog\/wp-content\/uploads\/2025\/03\/5.jpg\"><img loading=\"lazy\" decoding=\"async\" width=\"768\" height=\"1024\" src=\"https:\/\/www.periferieprahy.cz\/blog\/wp-content\/uploads\/2025\/03\/5-768x1024.jpg\" alt=\"\" class=\"wp-image-1064\" style=\"width:308px;height:auto\" srcset=\"https:\/\/www.periferieprahy.cz\/blog\/wp-content\/uploads\/2025\/03\/5-768x1024.jpg 768w, https:\/\/www.periferieprahy.cz\/blog\/wp-content\/uploads\/2025\/03\/5-225x300.jpg 225w, https:\/\/www.periferieprahy.cz\/blog\/wp-content\/uploads\/2025\/03\/5-1152x1536.jpg 1152w, https:\/\/www.periferieprahy.cz\/blog\/wp-content\/uploads\/2025\/03\/5.jpg 1200w\" sizes=\"auto, (max-width: 768px) 100vw, 768px\" \/><\/a><figcaption class=\"wp-element-caption\">P\u0159ed \u0161kolou je pomn\u00edk ob\u011btem 1. sv\u011btov\u00e9 v\u00e1lky s n\u00e1pisem    MRTV\u00ddCH BOJOVN\u00cdK\u016e SDRU\u017dEN\u00c9 KORPORACE LIBOCK\u00c9<\/figcaption><\/figure>\n<\/div>\n\n<div class=\"wp-block-image\">\n<figure class=\"aligncenter size-full\"><a href=\"https:\/\/www.periferieprahy.cz\/blog\/wp-content\/uploads\/2025\/03\/6.jpg\"><img loading=\"lazy\" decoding=\"async\" width=\"903\" height=\"609\" src=\"https:\/\/www.periferieprahy.cz\/blog\/wp-content\/uploads\/2025\/03\/6.jpg\" alt=\"\" class=\"wp-image-1065\" srcset=\"https:\/\/www.periferieprahy.cz\/blog\/wp-content\/uploads\/2025\/03\/6.jpg 903w, https:\/\/www.periferieprahy.cz\/blog\/wp-content\/uploads\/2025\/03\/6-300x202.jpg 300w, https:\/\/www.periferieprahy.cz\/blog\/wp-content\/uploads\/2025\/03\/6-768x518.jpg 768w\" sizes=\"auto, (max-width: 903px) 100vw, 903px\" \/><\/a><figcaption class=\"wp-element-caption\">Za t\u011bmi dve\u0159mi byla v suter\u00e9nu \u0161koly um\u00edst\u011bna hasi\u010dsk\u00e1 zbrojnice.<\/figcaption><\/figure>\n<\/div><\/div>\n<\/div>\n\n\n<div class=\"wp-block-image\">\n<figure class=\"aligncenter size-full is-resized\"><img loading=\"lazy\" decoding=\"async\" width=\"417\" height=\"55\" src=\"https:\/\/www.periferieprahy.cz\/blog\/wp-content\/uploads\/2025\/01\/or45.gif\" alt=\"\" class=\"wp-image-148\" style=\"width:300px\"\/><\/figure>\n<\/div>\n\n\n<h2 class=\"wp-block-heading\" id=\"sl_ucitelka\"><strong>VZPOM\u00cdNKA NA PRVN\u00cd SLE\u010cNU U\u010cITELKU<\/strong><\/h2>\n\n\n<p style=\"text-align: right;\">Ing. Jana Fafejtov\u00e1<\/p>\n<p>U\u010dila n\u00e1s v prvn\u00ed a druh\u00e9 t\u0159\u00edd\u011b v obecn\u00e9 \u0161kole v Praze Liboci, kam jsem za\u010dala chodit za v\u00e1lky v roce 1944. Byla velice hezk\u00e1 a hodn\u00e1 a jako d\u011bti jsme na ni mohly o\u010di nechat. M\u011bla kr\u00e1sn\u00e9 k\u0159estn\u00ed jm\u00e9no Val\u00e9rie, d\u00e1le se jmenovala \u0160ediv\u00e1. L\u00edbila se nejenom n\u00e1m, d\u011btem, byla st\u0159edem z\u00e1jmu i mnoh\u00e9ho z na\u0161ich tat\u00ednk\u016f, kte\u0159\u00ed na n\u00ed tak\u00e9 o\u010di mohli nechat. Samoz\u0159ejm\u011b, \u017ee se l\u00edbila i m\u00e9mu tat\u00ednkovi a d\u00edky tomu, vlastn\u00edm i dv\u011b jej\u00ed mali\u010dk\u00e9 momentky, na kter\u00fdch se m\u00e9mu t\u00e1tovi poda\u0159ilo, kdesi ve Hv\u011bzd\u011b, sle\u010dnu u\u010ditelku fotoapar\u00e1tem v roce 1946, zachytit.<\/p>\n<p>Chodila velmi modern\u011b oble\u010den\u00e1, milovala kostkovan\u00e9 sukn\u011b a sukn\u011b skl\u00e1dan\u00e9. K tomu v\u017edy svet\u0159\u00edky a nebo bl\u016fzy. Na hezk\u00fdch, sv\u011btle ka\u0161tanov\u00fdch vlasech nos\u00edvala \u010dasto barevnou r\u00e1diovku. Pusu si malovala \u010dervenou rt\u011bnkou a po\u0159\u00e1d se usm\u00edvala. Byla v\u00e1lka a tak b\u00fdvala obuta do bot s podpatkem ve tvaru kl\u00ednu vyroben\u00e9ho z korku, tak zvan\u00fdch \u201ekork\u00e1\u010d\u016f\u201c, co\u017e byla v t\u00e9 dob\u011b nevyhnuteln\u00e1 v\u00e1le\u010dn\u00e1 n\u00e1hrada za k\u016f\u017ei, ale z\u00e1rove\u0148 kl\u00ednov\u00fd podpatek p\u0159edstavoval zna\u010dnou m\u00f3dnost v obut\u00ed. Tohle mi zase vysv\u011btlovala moje m\u00e1ma, kter\u00e1 se s m\u00f3dou tak\u00e9 hodn\u011b p\u0159\u00e1telila a um\u011bla si poradit i v b\u00edd\u011b. A nav\u00edc moje m\u00e1ma pat\u0159ila mezi ty maminky, kter\u00fdm se sle\u010dna u\u010ditelka l\u00edbila a obdiv tat\u00ednk\u016f ji nech\u00e1val v \u00fapln\u00e9m klidu.<\/p>\n<p>Sle\u010dna u\u010ditelka Val\u00e9rie \u0160ediv\u00e1 n\u00e1s tedy u\u010dila za v\u00e1lky a u\u017e v prvn\u00ed t\u0159\u00edd\u011b jsme m\u011bli n\u011bm\u010dinu. To pak sle\u010dna p\u0159inesla z kabinetu n\u011bkolik pap\u00edrov\u00fdch barvotiskov\u00fdch podlepen\u00fdch plak\u00e1t\u016f naho\u0159e se \u0161\u0148\u016frkou pro zav\u011b\u0161en\u00ed na tabuli. Pap\u00edrov\u00fd obraz zav\u011bsila a d\u0159ev\u011bn\u00e9 ukazov\u00e1tko zastavovala na jednotliv\u00fdch namalovan\u00fdch p\u0159edm\u011btech, vyslovovala jejich ozna\u010den\u00ed n\u011bmecky a my jsme to pak v\u0161ichni, najednou, nahlas opakovali. Skoro v\u017edy tam b\u00fdvala namalovan\u00e1 die Lampe, nev\u00edm pro\u010d, pr\u00e1v\u011b lampa. Do hodin n\u011bm\u010diny ob\u010das zav\u00edtal i inspektor s n\u011bjak\u00fdm n\u011bmecky hovo\u0159\u00edc\u00edm \u010dlov\u011bkem. Cel\u00e9 to bylo asi jen form\u00e1ln\u00ed, proto\u017ee nikdo ve t\u0159\u00edd\u011b nerozum\u011bl n\u011bm\u010din\u011b onoho \u010dlov\u011bka a naopak on nemohl rozum\u011bt n\u00e1m a to ani to die Lampe.<\/p>\n<p>V\u0161echny mal\u00e9 d\u011bti dost\u00e1valy tehdy ve \u0161kole, pro pos\u00edlen\u00ed zdrav\u00ed, ryb\u00ed tuk. Bylo to opravdu odporn\u00e9 a n\u011bkter\u00e9 z d\u011bt\u00ed to nemohly ani spolknout. Sle\u010dna u\u010ditelka n\u00e1m ka\u017ed\u00e9mu tu l\u017e\u00edcovou d\u00e1vku n\u011bjak do pusy dopravila a pak n\u00e1s po jej\u00edm spolknut\u00ed v\u017edy pohladila. Kv\u016fli tomu pohlazen\u00ed to v\u0161echny d\u011bti zvl\u00e1daly. Fuj! Opravdu ta rybina byla hrozn\u011b o\u0161kliv\u00e1, ale to pohlazen\u00ed zato st\u00e1lo. Mysl\u00edm si, \u017ee se to tehdy polykalo jen jednou spole\u010dnou l\u017e\u00edc\u00ed. Samoz\u0159ejm\u011b, \u017ee to nikomu nevadilo.<\/p>\n<p>Sle\u010dna u\u010ditelka m\u011bla neuv\u011b\u0159iteln\u011b kr\u00e1sn\u00fd rukopis a ka\u017ed\u00e9 na\u0161e vysv\u011bd\u010den\u00ed bylo toho dokladem. Ka\u017ed\u00e9 vysv\u011bd\u010den\u00ed se tehdy opravdu tvo\u0159ilo jako jedine\u010dn\u00fd origin\u00e1l a cel\u00e9 ho vypisoval v\u017edy t\u0159\u00eddn\u00ed u\u010ditel. Sle\u010dna n\u00e1s u\u010dila dva roky. V t\u00e9 dob\u011b a je\u0161t\u011b d\u00e1le, byl \u0159editelem pan Jaroslav \u0160tolle z Liboce z ulice \u201eZa vokovickou vozovnou.\u201c V prvn\u00ed t\u0159\u00edd\u011b a to hned v prvn\u00edm pololet\u00ed bylo m\u00e9 vysv\u011bd\u010den\u00ed s jednou zn\u00e1mkou a to jedni\u010dkou a bylo vypsan\u00e9 na tiskopisu u\u017e n\u011bmecky jako \u201eSchulnachricht \u2013 \u0160koln\u00ed zpr\u00e1va\u201c. Byl to rok v\u00e1le\u010dn\u00fd, kdy jsme dost \u010dasto za houk\u00e1n\u00ed sir\u00e9n ut\u00edkali do \u0161koln\u00edho krytu, tam se b\u00e1li a \u010dekali a\u017e op\u011bt sir\u00e9ny ozn\u00e1m\u00ed konec n\u00e1letu. Na konci roku to op\u011bt byla \u201e\u0160koln\u00ed zpr\u00e1va\u201c, ale u\u017e bez n\u011bmeck\u00e9ho textu \u2013 bylo toti\u017e kone\u010dn\u011b po v\u00e1lce! Vysv\u011bd\u010den\u00ed m\u00e1 na sv\u00e9 zadn\u00ed stran\u011b datum 12.6.1945.<\/p>\n<p>Pak se sle\u010dna Valerie \u0160ediv\u00e1 vdala a ze \u0161koly ode\u0161la. Je\u0161t\u011b si pamatuji, \u017ee jsem se pozd\u011bji \u0161la k n\u00ed dom\u016f pod\u00edvat na jej\u00ed mimino. Byla jsem tehdy ohromena nejenom miminem, ale i domem, ve kter\u00e9m pan\u00ed u\u010ditelka bydlela a je\u0161t\u011b v\u00edce jeho zahradou. D\u016fm, kter\u00fd dosud stoj\u00ed, byl postaven vlevo, hned u hlavn\u00edho vstupu do Hv\u011bzdy naproti restaurace \u201eU Hole\u010dk\u016f\u201c. Zd\u00e1l se mi tehdy obrovsk\u00fd a tak\u00e9 zahrada, ve kter\u00e9 st\u00e1l, tyhle rozm\u011bry m\u011bla. Ur\u010dit\u011b jsem tehdy byla i uvnit\u0159 toho domu, ale jen mlhav\u011b si uv\u011bdomuji, \u017ee tamn\u00ed za\u0159\u00edzen\u00ed bylo zcela odli\u0161n\u00e9 od funkcionalistick\u00e9ho bytu m\u00e9 m\u00e1my a t\u00e1ty v Jene\u010dsk\u00e9 ulici. Nej\u017eiv\u011bj\u0161\u00ed vzpom\u00ednku m\u00e1m bezesporu na rozlehlou zahradu obep\u00ednaj\u00edc\u00ed star\u00fd, solidn\u00ed d\u016fm. P\u016fsobilo to, jako naprosto p\u0159irozen\u00e9 pokra\u010dov\u00e1n\u00ed vlastn\u00ed obory, p\u0159esto, \u017ee byl cel\u00fd d\u016fm od obory odd\u011blen oplocen\u00edm. Bylo tam jen mnohem v\u00edc sv\u011btla ne\u017e v obo\u0159e, to bych odp\u0159\u00eds\u00e1hla i te\u010f, po letech. A v bl\u00edzkosti domu kvetly ur\u010dit\u011b kytky \u2013 asi r\u016f\u017ee. A od branky vedl k domu takov\u00fd nepravideln\u00fd chodn\u00edk, vydl\u00e1\u017ed\u011bn\u00fd kameny.<\/p>\n<p>Kdykoli jsem i v hodn\u011b pozd\u011bj\u0161\u00edch letech \u0161la kolem, v\u017edy jsem nakukovala pletivem do t\u00e9 malebn\u00e9, tak trochu lesn\u00ed zahrady a prohl\u00ed\u017eela si jej\u00ed ke\u0159e, stromy a samoz\u0159ejm\u011b, \u017ee m\u00e9 pozornosti neunikala ani pom\u011brn\u011b velik\u00e1 vila. Tehdy v\u016fbec b\u00fdval takov\u00fd dobr\u00fd zvyk, \u017ee do v\u0161ech zahrad se dalo z chodn\u00edku nahl\u00e9dnout, ona toti\u017e i \u00faprava zahrad cosi vypov\u00eddala o vlastn\u00edm majiteli a on to moc dob\u0159e v\u011bd\u011bl. V sou\u010dasn\u00e9 dob\u011b jsou pozemky v\u011bt\u0161inou neprody\u0161n\u011b uzav\u0159en\u00e9 a kolemjdouc\u00ed u\u017e \u201enakukovac\u00ed\u201c mo\u017enost nem\u00e1. Bohu\u017eel, takto je to dnes i u vily ve kter\u00e9 kdysi \u017eila moje b\u00e1je\u010dn\u00e1 prvn\u00ed pan\u00ed u\u010ditelka, Val\u00e9rie \u0160ediv\u00e1, v ulici Libock\u00e9. N\u011bjak\u00e1 skulina k nakukov\u00e1n\u00ed se tam d\u00e1 naj\u00edt je\u0161t\u011b i dnes \u2013 v\u00edm to zcela ur\u010dit\u011b!<\/p>\n\n<div class=\"wp-block-image\">\n<figure class=\"aligncenter size-large is-resized\"><a href=\"https:\/\/www.periferieprahy.cz\/blog\/wp-content\/uploads\/2025\/03\/sediva_valerie_cp282.jpg\"><img loading=\"lazy\" decoding=\"async\" width=\"1024\" height=\"757\" src=\"https:\/\/www.periferieprahy.cz\/blog\/wp-content\/uploads\/2025\/03\/sediva_valerie_cp282-1024x757.jpg\" alt=\"\" class=\"wp-image-1093\" style=\"width:771px;height:auto\" srcset=\"https:\/\/www.periferieprahy.cz\/blog\/wp-content\/uploads\/2025\/03\/sediva_valerie_cp282-1024x757.jpg 1024w, https:\/\/www.periferieprahy.cz\/blog\/wp-content\/uploads\/2025\/03\/sediva_valerie_cp282-300x222.jpg 300w, https:\/\/www.periferieprahy.cz\/blog\/wp-content\/uploads\/2025\/03\/sediva_valerie_cp282-768x568.jpg 768w, https:\/\/www.periferieprahy.cz\/blog\/wp-content\/uploads\/2025\/03\/sediva_valerie_cp282.jpg 1428w\" sizes=\"auto, (max-width: 1024px) 100vw, 1024px\" \/><\/a><figcaption class=\"wp-element-caption\">Tady v tomto dom\u011b \u010d.p. 282, \u017eila pan\u00ed u\u010ditelka Valerie \u0160ediv\u00e1, na kterou si zavzpom\u00ednala pan\u00ed ing. Jana Fafejtov\u00e1. <\/figcaption><\/figure>\n<\/div>\n\n<div class=\"wp-block-image\">\n<figure class=\"aligncenter size-full is-resized\"><img loading=\"lazy\" decoding=\"async\" width=\"417\" height=\"55\" src=\"https:\/\/www.periferieprahy.cz\/blog\/wp-content\/uploads\/2025\/01\/or45.gif\" alt=\"\" class=\"wp-image-148\" style=\"width:300px\"\/><\/figure>\n<\/div>\n\n\n<h2 class=\"wp-block-heading\">\u017d\u00e1ci libock\u00e9 \u0161koly, tak jak l\u00e9ta ub\u00edhala.<\/h2>\n\n\n\n<p>Kdybyste cht\u011bli tuto gal\u00e9rii doplnit neb n\u011bkoho pozd\u00e1v\u00e1te, Pod\u011blte se s n\u00e1mi o vzpom\u00ednku.<\/p>\n\n\n<div class=\"su-image-carousel  su-image-carousel-has-spacing su-image-carousel-crop su-image-carousel-crop-16-10 su-image-carousel-has-lightbox su-image-carousel-has-outline su-image-carousel-adaptive su-image-carousel-slides-style-default su-image-carousel-controls-style-dark su-image-carousel-align-center\" style=\"max-width:800px\" data-flickity-options='{\"groupCells\":true,\"cellSelector\":\".su-image-carousel-item\",\"adaptiveHeight\":false,\"cellAlign\":\"left\",\"prevNextButtons\":true,\"pageDots\":true,\"autoPlay\":5000,\"imagesLoaded\":true,\"contain\":true,\"selectedAttraction\":0.025000000000000001387778780781445675529539585113525390625,\"friction\":0.2800000000000000266453525910037569701671600341796875}' id=\"su_image_carousel_69f41ad529445\"><div class=\"su-image-carousel-item\"><div class=\"su-image-carousel-item-content\"><a href=\"https:\/\/www.periferieprahy.cz\/blog\/wp-content\/uploads\/2025\/03\/7_1910.jpg\" data-caption=\"\u017d\u00e1ci libock\u00e9 \u0161koly n\u011bkdy kolem roku 1900. Bohu\u017eel v\u00edce informac\u00ed k t\u00e9to fotografii nen\u00ed. Nepom\u016f\u017eete n\u00e1m je doplnit ?\"><img loading=\"lazy\" decoding=\"async\" width=\"1255\" height=\"793\" src=\"https:\/\/www.periferieprahy.cz\/blog\/wp-content\/uploads\/2025\/03\/7_1910.jpg\" class=\"\" alt=\"\" srcset=\"https:\/\/www.periferieprahy.cz\/blog\/wp-content\/uploads\/2025\/03\/7_1910.jpg 1255w, https:\/\/www.periferieprahy.cz\/blog\/wp-content\/uploads\/2025\/03\/7_1910-300x190.jpg 300w, https:\/\/www.periferieprahy.cz\/blog\/wp-content\/uploads\/2025\/03\/7_1910-1024x647.jpg 1024w, https:\/\/www.periferieprahy.cz\/blog\/wp-content\/uploads\/2025\/03\/7_1910-768x485.jpg 768w\" sizes=\"auto, (max-width: 1255px) 100vw, 1255px\" \/><span>\u017d\u00e1ci libock\u00e9 \u0161koly n\u011bkdy kolem roku 1900. Bohu\u017eel v\u00edce informac\u00ed k t\u00e9to fotografii nen\u00ed. Nepom\u016f\u017eete n\u00e1m je doplnit ?<\/span><\/a><\/div><\/div><div class=\"su-image-carousel-item\"><div class=\"su-image-carousel-item-content\"><a href=\"https:\/\/www.periferieprahy.cz\/blog\/wp-content\/uploads\/2025\/03\/8_1914.jpg\" data-caption=\"\u0158\u00edd\u00edc\u00ed u\u010ditel V\u00e1clav Moravec na v\u00fdlet\u011b s d\u011btmi kolem roku 1914. Vedle n\u011bj An\u010da Zaj\u00edcov\u00e1. Z poz\u016fstalosti Anton\u00edna Mare\u0161e.\"><img loading=\"lazy\" decoding=\"async\" width=\"1173\" height=\"854\" src=\"https:\/\/www.periferieprahy.cz\/blog\/wp-content\/uploads\/2025\/03\/8_1914.jpg\" class=\"\" alt=\"\" srcset=\"https:\/\/www.periferieprahy.cz\/blog\/wp-content\/uploads\/2025\/03\/8_1914.jpg 1173w, https:\/\/www.periferieprahy.cz\/blog\/wp-content\/uploads\/2025\/03\/8_1914-300x218.jpg 300w, https:\/\/www.periferieprahy.cz\/blog\/wp-content\/uploads\/2025\/03\/8_1914-1024x746.jpg 1024w, https:\/\/www.periferieprahy.cz\/blog\/wp-content\/uploads\/2025\/03\/8_1914-768x559.jpg 768w\" sizes=\"auto, (max-width: 1173px) 100vw, 1173px\" \/><span>\u0158\u00edd\u00edc\u00ed u\u010ditel V\u00e1clav Moravec na v\u00fdlet\u011b s d\u011btmi kolem roku 1914. Vedle n\u011bj An\u010da Zaj\u00edcov\u00e1. Z poz\u016fstalosti Anton\u00edna Mare\u0161e.<\/span><\/a><\/div><\/div><div class=\"su-image-carousel-item\"><div class=\"su-image-carousel-item-content\"><a href=\"https:\/\/www.periferieprahy.cz\/blog\/wp-content\/uploads\/2025\/03\/9_1916.jpg\" data-caption=\"Libock\u00e1 \u0161kola 1916 IV. t\u0159\u00edda\"><img loading=\"lazy\" decoding=\"async\" width=\"837\" height=\"674\" src=\"https:\/\/www.periferieprahy.cz\/blog\/wp-content\/uploads\/2025\/03\/9_1916.jpg\" class=\"\" alt=\"\" srcset=\"https:\/\/www.periferieprahy.cz\/blog\/wp-content\/uploads\/2025\/03\/9_1916.jpg 837w, https:\/\/www.periferieprahy.cz\/blog\/wp-content\/uploads\/2025\/03\/9_1916-300x242.jpg 300w, https:\/\/www.periferieprahy.cz\/blog\/wp-content\/uploads\/2025\/03\/9_1916-768x618.jpg 768w\" sizes=\"auto, (max-width: 837px) 100vw, 837px\" \/><span>Libock\u00e1 \u0161kola 1916 IV. t\u0159\u00edda<\/span><\/a><\/div><\/div><div class=\"su-image-carousel-item\"><div class=\"su-image-carousel-item-content\"><a href=\"https:\/\/www.periferieprahy.cz\/blog\/wp-content\/uploads\/2025\/03\/10_1929.jpg\" data-caption=\"Druh\u00e1 t\u0159\u00edda v Praze Liboci rok 1929 nebo 1932). Vlevo pan \u0159\u00edd\u00edc\u00ed u\u010ditel Jaro\u0161, vpravo pan u\u010ditel Velebil. Revers na dal\u0161\u00edm sn\u00edmku.\"><img loading=\"lazy\" decoding=\"async\" width=\"1600\" height=\"1274\" src=\"https:\/\/www.periferieprahy.cz\/blog\/wp-content\/uploads\/2025\/03\/10_1929.jpg\" class=\"\" alt=\"\" srcset=\"https:\/\/www.periferieprahy.cz\/blog\/wp-content\/uploads\/2025\/03\/10_1929.jpg 1600w, https:\/\/www.periferieprahy.cz\/blog\/wp-content\/uploads\/2025\/03\/10_1929-300x239.jpg 300w, https:\/\/www.periferieprahy.cz\/blog\/wp-content\/uploads\/2025\/03\/10_1929-1024x815.jpg 1024w, https:\/\/www.periferieprahy.cz\/blog\/wp-content\/uploads\/2025\/03\/10_1929-768x612.jpg 768w, https:\/\/www.periferieprahy.cz\/blog\/wp-content\/uploads\/2025\/03\/10_1929-1536x1223.jpg 1536w\" sizes=\"auto, (max-width: 1600px) 100vw, 1600px\" \/><span>Druh\u00e1 t\u0159\u00edda v Praze Liboci rok 1929 nebo 1932). Vlevo pan \u0159\u00edd\u00edc\u00ed u\u010ditel Jaro\u0161, vpravo pan u\u010ditel Velebil. Revers na dal\u0161\u00edm sn\u00edmku.<\/span><\/a><\/div><\/div><div class=\"su-image-carousel-item\"><div class=\"su-image-carousel-item-content\"><a href=\"https:\/\/www.periferieprahy.cz\/blog\/wp-content\/uploads\/2025\/03\/10_1929_b.jpg\" data-caption=\"Druh\u00e1 t\u0159\u00edda v Praze Liboci rok 1929 nebo 1932). Vlevo pan \u0159\u00edd\u00edc\u00ed u\u010ditel Jaro\u0161, vpravo pan u\u010ditel Velebil. Avers na p\u0159edchoz\u00edm sn\u00edmku.\"><img loading=\"lazy\" decoding=\"async\" width=\"964\" height=\"592\" src=\"https:\/\/www.periferieprahy.cz\/blog\/wp-content\/uploads\/2025\/03\/10_1929_b.jpg\" class=\"\" alt=\"\" srcset=\"https:\/\/www.periferieprahy.cz\/blog\/wp-content\/uploads\/2025\/03\/10_1929_b.jpg 964w, https:\/\/www.periferieprahy.cz\/blog\/wp-content\/uploads\/2025\/03\/10_1929_b-300x184.jpg 300w, https:\/\/www.periferieprahy.cz\/blog\/wp-content\/uploads\/2025\/03\/10_1929_b-768x472.jpg 768w\" sizes=\"auto, (max-width: 964px) 100vw, 964px\" \/><span>Druh\u00e1 t\u0159\u00edda v Praze Liboci rok 1929 nebo 1932). Vlevo pan \u0159\u00edd\u00edc\u00ed u\u010ditel Jaro\u0161, vpravo pan u\u010ditel Velebil. Avers na p\u0159edchoz\u00edm sn\u00edmku.<\/span><\/a><\/div><\/div><div class=\"su-image-carousel-item\"><div class=\"su-image-carousel-item-content\"><a href=\"https:\/\/www.periferieprahy.cz\/blog\/wp-content\/uploads\/2025\/03\/11_.jpg\" data-caption=\"Asi kolem roku 1930, vlevo p. \u0159\u00edd\u00edc\u00ed u\u010ditel Jaro\u0161\"><img loading=\"lazy\" decoding=\"async\" width=\"800\" height=\"557\" src=\"https:\/\/www.periferieprahy.cz\/blog\/wp-content\/uploads\/2025\/03\/11_.jpg\" class=\"\" alt=\"\" srcset=\"https:\/\/www.periferieprahy.cz\/blog\/wp-content\/uploads\/2025\/03\/11_.jpg 800w, https:\/\/www.periferieprahy.cz\/blog\/wp-content\/uploads\/2025\/03\/11_-300x209.jpg 300w, https:\/\/www.periferieprahy.cz\/blog\/wp-content\/uploads\/2025\/03\/11_-768x535.jpg 768w\" sizes=\"auto, (max-width: 800px) 100vw, 800px\" \/><span>Asi kolem roku 1930, vlevo p. \u0159\u00edd\u00edc\u00ed u\u010ditel Jaro\u0161<\/span><\/a><\/div><\/div><div class=\"su-image-carousel-item\"><div class=\"su-image-carousel-item-content\"><a href=\"https:\/\/www.periferieprahy.cz\/blog\/wp-content\/uploads\/2025\/03\/12_1933.jpg\" data-caption=\"Rok 1933 \u0160koln\u00ed pavilon, pan\u00ed u\u010ditelka Proch\u00e1zkov\u00e1. Z alba pan\u00ed Pokorn\u00e9, s p\u0159isp\u011bn\u00edm Vladim\u00edry Tomanov\u00e9\"><img loading=\"lazy\" decoding=\"async\" width=\"1007\" height=\"632\" src=\"https:\/\/www.periferieprahy.cz\/blog\/wp-content\/uploads\/2025\/03\/12_1933.jpg\" class=\"\" alt=\"\" srcset=\"https:\/\/www.periferieprahy.cz\/blog\/wp-content\/uploads\/2025\/03\/12_1933.jpg 1007w, https:\/\/www.periferieprahy.cz\/blog\/wp-content\/uploads\/2025\/03\/12_1933-300x188.jpg 300w, https:\/\/www.periferieprahy.cz\/blog\/wp-content\/uploads\/2025\/03\/12_1933-768x482.jpg 768w\" sizes=\"auto, (max-width: 1007px) 100vw, 1007px\" \/><span>Rok 1933 \u0160koln\u00ed pavilon, pan\u00ed u\u010ditelka Proch\u00e1zkov\u00e1. Z alba pan\u00ed Pokorn\u00e9, s p\u0159isp\u011bn\u00edm Vladim\u00edry Tomanov\u00e9<\/span><\/a><\/div><\/div><div class=\"su-image-carousel-item\"><div class=\"su-image-carousel-item-content\"><a href=\"https:\/\/www.periferieprahy.cz\/blog\/wp-content\/uploads\/2025\/03\/13_1933.jpg\" data-caption=\"Rok 1933 p. \u0159\u00edd\u00edc\u00ed u\u010ditel Jaro\u0161, s p\u0159isp\u011bn\u00edm pan\u00ed Hany P\u0159ijalov\u00e9\"><img loading=\"lazy\" decoding=\"async\" width=\"1003\" height=\"629\" src=\"https:\/\/www.periferieprahy.cz\/blog\/wp-content\/uploads\/2025\/03\/13_1933.jpg\" class=\"\" alt=\"\" srcset=\"https:\/\/www.periferieprahy.cz\/blog\/wp-content\/uploads\/2025\/03\/13_1933.jpg 1003w, https:\/\/www.periferieprahy.cz\/blog\/wp-content\/uploads\/2025\/03\/13_1933-300x188.jpg 300w, https:\/\/www.periferieprahy.cz\/blog\/wp-content\/uploads\/2025\/03\/13_1933-768x482.jpg 768w\" sizes=\"auto, (max-width: 1003px) 100vw, 1003px\" \/><span>Rok 1933 p. \u0159\u00edd\u00edc\u00ed u\u010ditel Jaro\u0161, s p\u0159isp\u011bn\u00edm pan\u00ed Hany P\u0159ijalov\u00e9<\/span><\/a><\/div><\/div><div class=\"su-image-carousel-item\"><div class=\"su-image-carousel-item-content\"><a href=\"https:\/\/www.periferieprahy.cz\/blog\/wp-content\/uploads\/2025\/03\/14.jpg\" data-caption=\"I.C , pan u\u010ditel Vojt\u011bch Jel\u00ednek kolem roku 1950. Foceno na zahrad\u011b \u0161koly, v pozad\u00ed d\u0159ev\u011bn\u00fd pavilon.\"><img loading=\"lazy\" decoding=\"async\" width=\"1232\" height=\"870\" src=\"https:\/\/www.periferieprahy.cz\/blog\/wp-content\/uploads\/2025\/03\/14.jpg\" class=\"\" alt=\"\" srcset=\"https:\/\/www.periferieprahy.cz\/blog\/wp-content\/uploads\/2025\/03\/14.jpg 1232w, https:\/\/www.periferieprahy.cz\/blog\/wp-content\/uploads\/2025\/03\/14-300x212.jpg 300w, https:\/\/www.periferieprahy.cz\/blog\/wp-content\/uploads\/2025\/03\/14-1024x723.jpg 1024w, https:\/\/www.periferieprahy.cz\/blog\/wp-content\/uploads\/2025\/03\/14-768x542.jpg 768w\" sizes=\"auto, (max-width: 1232px) 100vw, 1232px\" \/><span>I.C , pan u\u010ditel Vojt\u011bch Jel\u00ednek kolem roku 1950. Foceno na zahrad\u011b \u0161koly, v pozad\u00ed d\u0159ev\u011bn\u00fd pavilon.<\/span><\/a><\/div><\/div><div class=\"su-image-carousel-item\"><div class=\"su-image-carousel-item-content\"><a href=\"https:\/\/www.periferieprahy.cz\/blog\/wp-content\/uploads\/2025\/03\/15.jpg\" data-caption=\"III.C , pan u\u010ditel Vojt\u011bch Jel\u00ednek kolem roku 1953\"><img loading=\"lazy\" decoding=\"async\" width=\"421\" height=\"252\" src=\"https:\/\/www.periferieprahy.cz\/blog\/wp-content\/uploads\/2025\/03\/15.jpg\" class=\"\" alt=\"\" srcset=\"https:\/\/www.periferieprahy.cz\/blog\/wp-content\/uploads\/2025\/03\/15.jpg 421w, https:\/\/www.periferieprahy.cz\/blog\/wp-content\/uploads\/2025\/03\/15-300x180.jpg 300w\" sizes=\"auto, (max-width: 421px) 100vw, 421px\" \/><span>III.C , pan u\u010ditel Vojt\u011bch Jel\u00ednek kolem roku 1953<\/span><\/a><\/div><\/div><div class=\"su-image-carousel-item\"><div class=\"su-image-carousel-item-content\"><a href=\"https:\/\/www.periferieprahy.cz\/blog\/wp-content\/uploads\/2025\/03\/16.jpg\" data-caption=\"IV.C, pan u\u010ditel Vojt\u011bch Jel\u00ednek kolem roku 1954\"><img loading=\"lazy\" decoding=\"async\" width=\"425\" height=\"254\" src=\"https:\/\/www.periferieprahy.cz\/blog\/wp-content\/uploads\/2025\/03\/16.jpg\" class=\"\" alt=\"\" srcset=\"https:\/\/www.periferieprahy.cz\/blog\/wp-content\/uploads\/2025\/03\/16.jpg 425w, https:\/\/www.periferieprahy.cz\/blog\/wp-content\/uploads\/2025\/03\/16-300x179.jpg 300w\" sizes=\"auto, (max-width: 425px) 100vw, 425px\" \/><span>IV.C, pan u\u010ditel Vojt\u011bch Jel\u00ednek kolem roku 1954<\/span><\/a><\/div><\/div><div class=\"su-image-carousel-item\"><div class=\"su-image-carousel-item-content\"><a href=\"https:\/\/www.periferieprahy.cz\/blog\/wp-content\/uploads\/2025\/03\/17.jpg\" data-caption=\"Asi V.C, pan u\u010ditel Vojt\u011bch Jel\u00ednek kolem roku 1955\"><img loading=\"lazy\" decoding=\"async\" width=\"1260\" height=\"918\" src=\"https:\/\/www.periferieprahy.cz\/blog\/wp-content\/uploads\/2025\/03\/17.jpg\" class=\"\" alt=\"\" srcset=\"https:\/\/www.periferieprahy.cz\/blog\/wp-content\/uploads\/2025\/03\/17.jpg 1260w, https:\/\/www.periferieprahy.cz\/blog\/wp-content\/uploads\/2025\/03\/17-300x219.jpg 300w, https:\/\/www.periferieprahy.cz\/blog\/wp-content\/uploads\/2025\/03\/17-1024x746.jpg 1024w, https:\/\/www.periferieprahy.cz\/blog\/wp-content\/uploads\/2025\/03\/17-768x560.jpg 768w\" sizes=\"auto, (max-width: 1260px) 100vw, 1260px\" \/><span>Asi V.C, pan u\u010ditel Vojt\u011bch Jel\u00ednek kolem roku 1955<\/span><\/a><\/div><\/div><div class=\"su-image-carousel-item\"><div class=\"su-image-carousel-item-content\"><a href=\"https:\/\/www.periferieprahy.cz\/blog\/wp-content\/uploads\/2025\/03\/18.jpg\" data-caption=\"Asi VI.C, pan u\u010ditel Vojt\u011bch Jel\u00ednek kolem roku 1955\"><img loading=\"lazy\" decoding=\"async\" width=\"1334\" height=\"791\" src=\"https:\/\/www.periferieprahy.cz\/blog\/wp-content\/uploads\/2025\/03\/18.jpg\" class=\"\" alt=\"\" srcset=\"https:\/\/www.periferieprahy.cz\/blog\/wp-content\/uploads\/2025\/03\/18.jpg 1334w, https:\/\/www.periferieprahy.cz\/blog\/wp-content\/uploads\/2025\/03\/18-300x178.jpg 300w, https:\/\/www.periferieprahy.cz\/blog\/wp-content\/uploads\/2025\/03\/18-1024x607.jpg 1024w, https:\/\/www.periferieprahy.cz\/blog\/wp-content\/uploads\/2025\/03\/18-768x455.jpg 768w\" sizes=\"auto, (max-width: 1334px) 100vw, 1334px\" \/><span>Asi VI.C, pan u\u010ditel Vojt\u011bch Jel\u00ednek kolem roku 1955<\/span><\/a><\/div><\/div><\/div><script id=\"su_image_carousel_69f41ad529445_script\">if(window.SUImageCarousel){setTimeout(function() {window.SUImageCarousel.initGallery(document.getElementById(\"su_image_carousel_69f41ad529445\"))}, 0);}var su_image_carousel_69f41ad529445_script=document.getElementById(\"su_image_carousel_69f41ad529445_script\");if(su_image_carousel_69f41ad529445_script){su_image_carousel_69f41ad529445_script.parentNode.removeChild(su_image_carousel_69f41ad529445_script);}<\/script>\n\n\n\n<h2 class=\"wp-block-heading\">Vokovick\u00e1 \u0161kola<\/h2>\n\n\n\n<p>Libock\u00e9 d\u011bti chodili tak\u00e9 do \u0161koly ve Vokovic\u00edch.<\/p>\n\n\n<div class=\"wp-block-image\">\n<figure class=\"aligncenter size-large\"><a href=\"https:\/\/www.periferieprahy.cz\/blog\/wp-content\/uploads\/2025\/03\/28_vokovice.jpg\"><img loading=\"lazy\" decoding=\"async\" width=\"1024\" height=\"350\" src=\"https:\/\/www.periferieprahy.cz\/blog\/wp-content\/uploads\/2025\/03\/28_vokovice-1024x350.jpg\" alt=\"\" class=\"wp-image-1092\" srcset=\"https:\/\/www.periferieprahy.cz\/blog\/wp-content\/uploads\/2025\/03\/28_vokovice-1024x350.jpg 1024w, https:\/\/www.periferieprahy.cz\/blog\/wp-content\/uploads\/2025\/03\/28_vokovice-300x103.jpg 300w, https:\/\/www.periferieprahy.cz\/blog\/wp-content\/uploads\/2025\/03\/28_vokovice-768x263.jpg 768w, https:\/\/www.periferieprahy.cz\/blog\/wp-content\/uploads\/2025\/03\/28_vokovice.jpg 1088w\" sizes=\"auto, (max-width: 1024px) 100vw, 1024px\" \/><\/a><figcaption class=\"wp-element-caption\">Vokovick\u00e1 \u0161kola dnes<\/figcaption><\/figure>\n<\/div>\n\n\n<div class=\"wp-block-columns is-layout-flex wp-container-core-columns-is-layout-9d6595d7 wp-block-columns-is-layout-flex\">\n<div class=\"wp-block-column is-layout-flow wp-block-column-is-layout-flow\"><div class=\"wp-block-image\">\n<figure class=\"aligncenter size-large\"><a href=\"https:\/\/www.periferieprahy.cz\/blog\/wp-content\/uploads\/2025\/03\/27_vokovice.jpg\"><img loading=\"lazy\" decoding=\"async\" width=\"1024\" height=\"608\" src=\"https:\/\/www.periferieprahy.cz\/blog\/wp-content\/uploads\/2025\/03\/27_vokovice-1024x608.jpg\" alt=\"\" class=\"wp-image-1091\" srcset=\"https:\/\/www.periferieprahy.cz\/blog\/wp-content\/uploads\/2025\/03\/27_vokovice-1024x608.jpg 1024w, https:\/\/www.periferieprahy.cz\/blog\/wp-content\/uploads\/2025\/03\/27_vokovice-300x178.jpg 300w, https:\/\/www.periferieprahy.cz\/blog\/wp-content\/uploads\/2025\/03\/27_vokovice-768x456.jpg 768w, https:\/\/www.periferieprahy.cz\/blog\/wp-content\/uploads\/2025\/03\/27_vokovice.jpg 1039w\" sizes=\"auto, (max-width: 1024px) 100vw, 1024px\" \/><\/a><figcaption class=\"wp-element-caption\">Vokovick\u00e1 \u0161kola na dobov\u00e9 pohlednici<\/figcaption><\/figure>\n<\/div><\/div>\n\n\n\n<div class=\"wp-block-column is-layout-flow wp-block-column-is-layout-flow\"><div class=\"wp-block-image\">\n<figure class=\"aligncenter size-large is-resized\"><a href=\"https:\/\/www.periferieprahy.cz\/blog\/wp-content\/uploads\/2025\/03\/26_vokovice.jpg\"><img loading=\"lazy\" decoding=\"async\" width=\"1024\" height=\"677\" src=\"https:\/\/www.periferieprahy.cz\/blog\/wp-content\/uploads\/2025\/03\/26_vokovice-1024x677.jpg\" alt=\"\" class=\"wp-image-1090\" style=\"width:628px;height:auto\" srcset=\"https:\/\/www.periferieprahy.cz\/blog\/wp-content\/uploads\/2025\/03\/26_vokovice-1024x677.jpg 1024w, https:\/\/www.periferieprahy.cz\/blog\/wp-content\/uploads\/2025\/03\/26_vokovice-300x198.jpg 300w, https:\/\/www.periferieprahy.cz\/blog\/wp-content\/uploads\/2025\/03\/26_vokovice-768x508.jpg 768w, https:\/\/www.periferieprahy.cz\/blog\/wp-content\/uploads\/2025\/03\/26_vokovice.jpg 1043w\" sizes=\"auto, (max-width: 1024px) 100vw, 1024px\" \/><\/a><figcaption class=\"wp-element-caption\">Vokovick\u00e1 \u0161kola na dobov\u00e9 pohlednici<\/figcaption><\/figure>\n<\/div><\/div>\n<\/div>\n\n\n<div class=\"su-image-carousel  su-image-carousel-has-spacing su-image-carousel-crop su-image-carousel-crop-16-10 su-image-carousel-has-lightbox su-image-carousel-has-outline su-image-carousel-adaptive su-image-carousel-slides-style-default su-image-carousel-controls-style-dark su-image-carousel-align-center\" style=\"max-width:800px\" data-flickity-options='{\"groupCells\":true,\"cellSelector\":\".su-image-carousel-item\",\"adaptiveHeight\":false,\"cellAlign\":\"left\",\"prevNextButtons\":true,\"pageDots\":true,\"autoPlay\":5000,\"imagesLoaded\":true,\"contain\":true,\"selectedAttraction\":0.025000000000000001387778780781445675529539585113525390625,\"friction\":0.2800000000000000266453525910037569701671600341796875}' id=\"su_image_carousel_69f41ad52ab7b\"><div class=\"su-image-carousel-item\"><div class=\"su-image-carousel-item-content\"><a href=\"https:\/\/www.periferieprahy.cz\/blog\/wp-content\/uploads\/2025\/03\/19_1940.jpg\" data-caption=\"B\u00fdval\u00ed u\u010ditel\u00e9 a u\u010ditelky veleslav\u00ednsk\u00e9 \u0161koly, asi kolem roku 1940. Na averzu jsou jejich podpisy.\"><img loading=\"lazy\" decoding=\"async\" width=\"1102\" height=\"704\" src=\"https:\/\/www.periferieprahy.cz\/blog\/wp-content\/uploads\/2025\/03\/19_1940.jpg\" class=\"\" alt=\"\" srcset=\"https:\/\/www.periferieprahy.cz\/blog\/wp-content\/uploads\/2025\/03\/19_1940.jpg 1102w, https:\/\/www.periferieprahy.cz\/blog\/wp-content\/uploads\/2025\/03\/19_1940-300x192.jpg 300w, https:\/\/www.periferieprahy.cz\/blog\/wp-content\/uploads\/2025\/03\/19_1940-1024x654.jpg 1024w, https:\/\/www.periferieprahy.cz\/blog\/wp-content\/uploads\/2025\/03\/19_1940-768x491.jpg 768w\" sizes=\"auto, (max-width: 1102px) 100vw, 1102px\" \/><span>B\u00fdval\u00ed u\u010ditel\u00e9 a u\u010ditelky veleslav\u00ednsk\u00e9 \u0161koly, asi kolem roku 1940. Na averzu jsou jejich podpisy.<\/span><\/a><\/div><\/div><div class=\"su-image-carousel-item\"><div class=\"su-image-carousel-item-content\"><a href=\"https:\/\/www.periferieprahy.cz\/blog\/wp-content\/uploads\/2025\/03\/19_1940b.jpg\" data-caption=\"Averz p\u0159edchoz\u00edho sn\u00edmku s podpisy u\u010ditel\u016f\"><img loading=\"lazy\" decoding=\"async\" width=\"1102\" height=\"356\" src=\"https:\/\/www.periferieprahy.cz\/blog\/wp-content\/uploads\/2025\/03\/19_1940b.jpg\" class=\"\" alt=\"\" srcset=\"https:\/\/www.periferieprahy.cz\/blog\/wp-content\/uploads\/2025\/03\/19_1940b.jpg 1102w, https:\/\/www.periferieprahy.cz\/blog\/wp-content\/uploads\/2025\/03\/19_1940b-300x97.jpg 300w, https:\/\/www.periferieprahy.cz\/blog\/wp-content\/uploads\/2025\/03\/19_1940b-1024x331.jpg 1024w, https:\/\/www.periferieprahy.cz\/blog\/wp-content\/uploads\/2025\/03\/19_1940b-768x248.jpg 768w\" sizes=\"auto, (max-width: 1102px) 100vw, 1102px\" \/><span>Averz p\u0159edchoz\u00edho sn\u00edmku s podpisy u\u010ditel\u016f<\/span><\/a><\/div><\/div><div class=\"su-image-carousel-item\"><div class=\"su-image-carousel-item-content\"><a href=\"https:\/\/www.periferieprahy.cz\/blog\/wp-content\/uploads\/2025\/03\/20_1941.jpg\" data-caption=\"Vokovice rok 1941\"><img loading=\"lazy\" decoding=\"async\" width=\"1314\" height=\"939\" src=\"https:\/\/www.periferieprahy.cz\/blog\/wp-content\/uploads\/2025\/03\/20_1941.jpg\" class=\"\" alt=\"\" srcset=\"https:\/\/www.periferieprahy.cz\/blog\/wp-content\/uploads\/2025\/03\/20_1941.jpg 1314w, https:\/\/www.periferieprahy.cz\/blog\/wp-content\/uploads\/2025\/03\/20_1941-300x214.jpg 300w, https:\/\/www.periferieprahy.cz\/blog\/wp-content\/uploads\/2025\/03\/20_1941-1024x732.jpg 1024w, https:\/\/www.periferieprahy.cz\/blog\/wp-content\/uploads\/2025\/03\/20_1941-768x549.jpg 768w\" sizes=\"auto, (max-width: 1314px) 100vw, 1314px\" \/><span>Vokovice rok 1941<\/span><\/a><\/div><\/div><div class=\"su-image-carousel-item\"><div class=\"su-image-carousel-item-content\"><a href=\"https:\/\/www.periferieprahy.cz\/blog\/wp-content\/uploads\/2025\/03\/21_1942.jpg\" data-caption=\"\u017d\u00e1ci veleslav\u00ednsk\u00e9 \u0161koly. Na zadn\u00ed stran\u011b fotografie je rok 1942\"><img loading=\"lazy\" decoding=\"async\" width=\"1096\" height=\"712\" src=\"https:\/\/www.periferieprahy.cz\/blog\/wp-content\/uploads\/2025\/03\/21_1942.jpg\" class=\"\" alt=\"\" srcset=\"https:\/\/www.periferieprahy.cz\/blog\/wp-content\/uploads\/2025\/03\/21_1942.jpg 1096w, https:\/\/www.periferieprahy.cz\/blog\/wp-content\/uploads\/2025\/03\/21_1942-300x195.jpg 300w, https:\/\/www.periferieprahy.cz\/blog\/wp-content\/uploads\/2025\/03\/21_1942-1024x665.jpg 1024w, https:\/\/www.periferieprahy.cz\/blog\/wp-content\/uploads\/2025\/03\/21_1942-768x499.jpg 768w\" sizes=\"auto, (max-width: 1096px) 100vw, 1096px\" \/><span>\u017d\u00e1ci veleslav\u00ednsk\u00e9 \u0161koly. Na zadn\u00ed stran\u011b fotografie je rok 1942<\/span><\/a><\/div><\/div><div class=\"su-image-carousel-item\"><div class=\"su-image-carousel-item-content\"><a href=\"https:\/\/www.periferieprahy.cz\/blog\/wp-content\/uploads\/2025\/03\/22_1956.jpg\" data-caption=\"Vokovice rok 1956\"><img loading=\"lazy\" decoding=\"async\" width=\"1304\" height=\"899\" src=\"https:\/\/www.periferieprahy.cz\/blog\/wp-content\/uploads\/2025\/03\/22_1956.jpg\" class=\"\" alt=\"\" srcset=\"https:\/\/www.periferieprahy.cz\/blog\/wp-content\/uploads\/2025\/03\/22_1956.jpg 1304w, https:\/\/www.periferieprahy.cz\/blog\/wp-content\/uploads\/2025\/03\/22_1956-300x207.jpg 300w, https:\/\/www.periferieprahy.cz\/blog\/wp-content\/uploads\/2025\/03\/22_1956-1024x706.jpg 1024w, https:\/\/www.periferieprahy.cz\/blog\/wp-content\/uploads\/2025\/03\/22_1956-768x529.jpg 768w\" sizes=\"auto, (max-width: 1304px) 100vw, 1304px\" \/><span>Vokovice rok 1956<\/span><\/a><\/div><\/div><div class=\"su-image-carousel-item\"><div class=\"su-image-carousel-item-content\"><a href=\"https:\/\/www.periferieprahy.cz\/blog\/wp-content\/uploads\/2025\/03\/23_1957.jpg\" data-caption=\"Vokovick\u00e1 \u0161kola rok 1957\"><img loading=\"lazy\" decoding=\"async\" width=\"1357\" height=\"934\" src=\"https:\/\/www.periferieprahy.cz\/blog\/wp-content\/uploads\/2025\/03\/23_1957.jpg\" class=\"\" alt=\"\" srcset=\"https:\/\/www.periferieprahy.cz\/blog\/wp-content\/uploads\/2025\/03\/23_1957.jpg 1357w, https:\/\/www.periferieprahy.cz\/blog\/wp-content\/uploads\/2025\/03\/23_1957-300x206.jpg 300w, https:\/\/www.periferieprahy.cz\/blog\/wp-content\/uploads\/2025\/03\/23_1957-1024x705.jpg 1024w, https:\/\/www.periferieprahy.cz\/blog\/wp-content\/uploads\/2025\/03\/23_1957-768x529.jpg 768w\" sizes=\"auto, (max-width: 1357px) 100vw, 1357px\" \/><span>Vokovick\u00e1 \u0161kola rok 1957<\/span><\/a><\/div><\/div><div class=\"su-image-carousel-item\"><div class=\"su-image-carousel-item-content\"><a href=\"https:\/\/www.periferieprahy.cz\/blog\/wp-content\/uploads\/2025\/03\/24_1958.jpg\" data-caption=\"Vokovick\u00e1 \u0161kola 1958\"><img loading=\"lazy\" decoding=\"async\" width=\"1334\" height=\"963\" src=\"https:\/\/www.periferieprahy.cz\/blog\/wp-content\/uploads\/2025\/03\/24_1958.jpg\" class=\"\" alt=\"\" srcset=\"https:\/\/www.periferieprahy.cz\/blog\/wp-content\/uploads\/2025\/03\/24_1958.jpg 1334w, https:\/\/www.periferieprahy.cz\/blog\/wp-content\/uploads\/2025\/03\/24_1958-300x217.jpg 300w, https:\/\/www.periferieprahy.cz\/blog\/wp-content\/uploads\/2025\/03\/24_1958-1024x739.jpg 1024w, https:\/\/www.periferieprahy.cz\/blog\/wp-content\/uploads\/2025\/03\/24_1958-768x554.jpg 768w\" sizes=\"auto, (max-width: 1334px) 100vw, 1334px\" \/><span>Vokovick\u00e1 \u0161kola 1958<\/span><\/a><\/div><\/div><\/div><script id=\"su_image_carousel_69f41ad52ab7b_script\">if(window.SUImageCarousel){setTimeout(function() {window.SUImageCarousel.initGallery(document.getElementById(\"su_image_carousel_69f41ad52ab7b\"))}, 0);}var su_image_carousel_69f41ad52ab7b_script=document.getElementById(\"su_image_carousel_69f41ad52ab7b_script\");if(su_image_carousel_69f41ad52ab7b_script){su_image_carousel_69f41ad52ab7b_script.parentNode.removeChild(su_image_carousel_69f41ad52ab7b_script);}<\/script>\n\n\n\n<h2 class=\"wp-block-heading\">Mate\u0159sk\u00e1 \u0161kolka v budov\u011b libock\u00e9 \u0161koly<\/h2>\n\n\n\nV libock\u00e9 \u0161kole\u00a0byla z\u0159\u00edzena v roce 1927 i mate\u0159sk\u00e1 \u0161kolka, jak dokazuje i z\u00e1pis ve \u0161koln\u00ed matrice<a onclick=\"window.open('https:\/\/www.periferieprahy.cz\/blog\/wp-content\/uploads\/2025\/03\/25_1927ms4.jpg','_blank','width=500,height=800,scrollbars=yes,top=0,left=0'); return false\" href=\"https:\/\/www.periferieprahy.cz\/blog\/wp-content\/uploads\/2025\/03\/25_1927ms4.jpg\"><IMG border=0 \nsrc=\"https:\/\/www.periferieprahy.cz\/blog\/wp-content\/uploads\/2025\/01\/zobraz_blue.png\" \nwidth=16 height=11><\/a>\n\n\n<div class=\"su-image-carousel  su-image-carousel-has-spacing su-image-carousel-crop su-image-carousel-crop-16-10 su-image-carousel-has-lightbox su-image-carousel-has-outline su-image-carousel-adaptive su-image-carousel-slides-style-default su-image-carousel-controls-style-dark su-image-carousel-align-center\" style=\"max-width:800px\" data-flickity-options='{\"groupCells\":true,\"cellSelector\":\".su-image-carousel-item\",\"adaptiveHeight\":false,\"cellAlign\":\"left\",\"prevNextButtons\":true,\"pageDots\":true,\"autoPlay\":5000,\"imagesLoaded\":true,\"contain\":true,\"selectedAttraction\":0.025000000000000001387778780781445675529539585113525390625,\"friction\":0.2800000000000000266453525910037569701671600341796875}' id=\"su_image_carousel_69f41ad52b743\"><div class=\"su-image-carousel-item\"><div class=\"su-image-carousel-item-content\"><a href=\"https:\/\/www.periferieprahy.cz\/blog\/wp-content\/uploads\/2025\/03\/25_1927ms1.jpg\" data-caption=\"Libock\u00e1 mate\u0159sk\u00e1 \u0161kola v roce 1927 v budov\u011b libock\u00e9 \u0161koly.\"><img loading=\"lazy\" decoding=\"async\" width=\"800\" height=\"551\" src=\"https:\/\/www.periferieprahy.cz\/blog\/wp-content\/uploads\/2025\/03\/25_1927ms1.jpg\" class=\"\" alt=\"\" srcset=\"https:\/\/www.periferieprahy.cz\/blog\/wp-content\/uploads\/2025\/03\/25_1927ms1.jpg 800w, https:\/\/www.periferieprahy.cz\/blog\/wp-content\/uploads\/2025\/03\/25_1927ms1-300x207.jpg 300w, https:\/\/www.periferieprahy.cz\/blog\/wp-content\/uploads\/2025\/03\/25_1927ms1-768x529.jpg 768w\" sizes=\"auto, (max-width: 800px) 100vw, 800px\" \/><span>Libock\u00e1 mate\u0159sk\u00e1 \u0161kola v roce 1927 v budov\u011b libock\u00e9 \u0161koly.<\/span><\/a><\/div><\/div><div class=\"su-image-carousel-item\"><div class=\"su-image-carousel-item-content\"><a href=\"https:\/\/www.periferieprahy.cz\/blog\/wp-content\/uploads\/2025\/03\/25_1927ms3.jpg\" data-caption=\"Libock\u00e1 mate\u0159sk\u00e1 \u0161kola v roce 1927 s\u00eddlila v libock\u00e9 \u0161kole.\"><img loading=\"lazy\" decoding=\"async\" width=\"800\" height=\"496\" src=\"https:\/\/www.periferieprahy.cz\/blog\/wp-content\/uploads\/2025\/03\/25_1927ms3.jpg\" class=\"\" alt=\"\" srcset=\"https:\/\/www.periferieprahy.cz\/blog\/wp-content\/uploads\/2025\/03\/25_1927ms3.jpg 800w, https:\/\/www.periferieprahy.cz\/blog\/wp-content\/uploads\/2025\/03\/25_1927ms3-300x186.jpg 300w, https:\/\/www.periferieprahy.cz\/blog\/wp-content\/uploads\/2025\/03\/25_1927ms3-768x476.jpg 768w\" sizes=\"auto, (max-width: 800px) 100vw, 800px\" \/><span>Libock\u00e1 mate\u0159sk\u00e1 \u0161kola v roce 1927 s\u00eddlila v libock\u00e9 \u0161kole.<\/span><\/a><\/div><\/div><div class=\"su-image-carousel-item\"><div class=\"su-image-carousel-item-content\"><a href=\"https:\/\/www.periferieprahy.cz\/blog\/wp-content\/uploads\/2025\/03\/25_1927ms2.jpg\" data-caption=\"Libock\u00e1 mate\u0159sk\u00e1 \u0161kola v roce 1927 d\u011bti na proch\u00e1zce ve Hv\u011bzd\u011b.\"><img loading=\"lazy\" decoding=\"async\" width=\"800\" height=\"570\" src=\"https:\/\/www.periferieprahy.cz\/blog\/wp-content\/uploads\/2025\/03\/25_1927ms2.jpg\" class=\"\" alt=\"\" srcset=\"https:\/\/www.periferieprahy.cz\/blog\/wp-content\/uploads\/2025\/03\/25_1927ms2.jpg 800w, https:\/\/www.periferieprahy.cz\/blog\/wp-content\/uploads\/2025\/03\/25_1927ms2-300x214.jpg 300w, https:\/\/www.periferieprahy.cz\/blog\/wp-content\/uploads\/2025\/03\/25_1927ms2-768x547.jpg 768w\" sizes=\"auto, (max-width: 800px) 100vw, 800px\" \/><span>Libock\u00e1 mate\u0159sk\u00e1 \u0161kola v roce 1927 d\u011bti na proch\u00e1zce ve Hv\u011bzd\u011b.<\/span><\/a><\/div><\/div><\/div><script id=\"su_image_carousel_69f41ad52b743_script\">if(window.SUImageCarousel){setTimeout(function() {window.SUImageCarousel.initGallery(document.getElementById(\"su_image_carousel_69f41ad52b743\"))}, 0);}var su_image_carousel_69f41ad52b743_script=document.getElementById(\"su_image_carousel_69f41ad52b743_script\");if(su_image_carousel_69f41ad52b743_script){su_image_carousel_69f41ad52b743_script.parentNode.removeChild(su_image_carousel_69f41ad52b743_script);}<\/script>\n","protected":false},"excerpt":{"rendered":"<p>Roku 1823 u star\u00e9 farn\u00ed \u0161koly, do n\u00ed\u017e je\u0161t\u011b d\u00edtky z Ko\u0161\u00ed\u0159 (1803) a z Nebu\u0161ic (1814) doch\u00e1zely, postavena byla na pozemku kr\u00e1l. \u010desk. zemsk\u00fdch statk\u016f nov\u00e1 dvojt\u0159\u00eddn\u00ed p\u0159\u00edzemn\u00ed \u0161koln\u00ed budova, kter\u00e1 p\u0159\u00edstavbami ( r. 1875, 1879 a 1889 a 1896) vzrostla v dne\u0161n\u00ed budovu. Krom\u011b uveden\u00fdch obc\u00ed byly sem p\u0159i\u0161koleny obce Zlejc\u00edn [Zli\u010d\u00edn] a &hellip;<br \/><a href=\"https:\/\/www.periferieprahy.cz\/blog\/2025\/03\/04\/c-p-6-stara-libocka-skola\/\" class=\"more-link pen_button pen_element_default pen_icon_arrow_double\">Pokra\u010dovat ve\u00a0\u010dten\u00ed <span class=\"screen-reader-text\">\u010c. p.\u00a06 star\u00e1 libock\u00e1 \u0161kola a \u010d.p. 282<\/span><\/a><\/p>\n","protected":false},"author":1,"featured_media":1060,"comment_status":"open","ping_status":"open","sticky":false,"template":"","format":"standard","meta":{"_exactmetrics_skip_tracking":false,"_exactmetrics_sitenote_active":false,"_exactmetrics_sitenote_note":"","_exactmetrics_sitenote_category":0,"footnotes":""},"categories":[3],"tags":[],"post_folder":[],"class_list":["post-1049","post","type-post","status-publish","format-standard","has-post-thumbnail","hentry","category-redakce"],"_links":{"self":[{"href":"https:\/\/www.periferieprahy.cz\/blog\/wp-json\/wp\/v2\/posts\/1049","targetHints":{"allow":["GET"]}}],"collection":[{"href":"https:\/\/www.periferieprahy.cz\/blog\/wp-json\/wp\/v2\/posts"}],"about":[{"href":"https:\/\/www.periferieprahy.cz\/blog\/wp-json\/wp\/v2\/types\/post"}],"author":[{"embeddable":true,"href":"https:\/\/www.periferieprahy.cz\/blog\/wp-json\/wp\/v2\/users\/1"}],"replies":[{"embeddable":true,"href":"https:\/\/www.periferieprahy.cz\/blog\/wp-json\/wp\/v2\/comments?post=1049"}],"version-history":[{"count":5,"href":"https:\/\/www.periferieprahy.cz\/blog\/wp-json\/wp\/v2\/posts\/1049\/revisions"}],"predecessor-version":[{"id":4267,"href":"https:\/\/www.periferieprahy.cz\/blog\/wp-json\/wp\/v2\/posts\/1049\/revisions\/4267"}],"wp:featuredmedia":[{"embeddable":true,"href":"https:\/\/www.periferieprahy.cz\/blog\/wp-json\/wp\/v2\/media\/1060"}],"wp:attachment":[{"href":"https:\/\/www.periferieprahy.cz\/blog\/wp-json\/wp\/v2\/media?parent=1049"}],"wp:term":[{"taxonomy":"category","embeddable":true,"href":"https:\/\/www.periferieprahy.cz\/blog\/wp-json\/wp\/v2\/categories?post=1049"},{"taxonomy":"post_tag","embeddable":true,"href":"https:\/\/www.periferieprahy.cz\/blog\/wp-json\/wp\/v2\/tags?post=1049"},{"taxonomy":"post_folder","embeddable":true,"href":"https:\/\/www.periferieprahy.cz\/blog\/wp-json\/wp\/v2\/post_folder?post=1049"}],"curies":[{"name":"wp","href":"https:\/\/api.w.org\/{rel}","templated":true}]}}