{"id":1195,"date":"2025-03-10T23:51:41","date_gmt":"2025-03-10T22:51:41","guid":{"rendered":"https:\/\/www.periferieprahy.cz\/blog\/?p=1195"},"modified":"2025-07-10T21:06:27","modified_gmt":"2025-07-10T19:06:27","slug":"c-p-8-tonkovi","status":"publish","type":"post","link":"https:\/\/www.periferieprahy.cz\/blog\/2025\/03\/10\/c-p-8-tonkovi\/","title":{"rendered":"\u010c.p. 8 Tonkovi"},"content":{"rendered":"\n<hr class=\"wp-block-separator has-text-color has-luminous-vivid-amber-color has-alpha-channel-opacity has-luminous-vivid-amber-background-color has-background\"\/>\n\n\n\n<figure class=\"wp-block-table aligncenter has-medium-font-size\"><table class=\"has-fixed-layout\"><tbody><tr><td><strong>Historick\u00fd p\u0159ehled obyvatel domu:<\/strong><\/td><\/tr><tr><td>Rok 1773 Jakub \u017divn\u00fd, tesa\u0159<\/td><\/tr><tr><td>Rok 1777 Anton\u00edn David, \u0159ezn\u00edk<\/td><\/tr><tr><td>Rok 1793 Josef Pavlovsk\u00fd, zedn\u00edk<\/td><\/tr><tr><td>Rok 1860 \u0160t\u011bp\u00e1n Rychta\u0159\u00edk, bedn\u00e1\u0159<\/td><\/tr><tr><td>Rok 1867 Pavel Laifr, zedn\u00edk a Josef Li\u0161n\u00fd, d\u011bln\u00edk<\/td><\/tr><tr><td>Rok 1873 Franti\u0161ek Proch\u00e1zka, krej\u010d\u00ed<\/td><\/tr><tr><td>Rok 1877 Josef Danda zedn\u00edk, V\u00e1clav Zaj\u00edc, ml\u00edka\u0159<\/td><\/tr><tr><td>Rok 1893 V\u00e1clav Ku\u017eelka, zedn\u00edk<\/td><\/tr><tr><td>Rok 1903 V\u00e1clav Vesel\u00fd, obchodn\u00edk s ml\u00e9kem<\/td><\/tr><\/tbody><\/table><\/figure>\n\n\n\n<div style=\"height:28px\" aria-hidden=\"true\" class=\"wp-block-spacer\"><\/div>\n\n\n<div class=\"wp-block-image\">\n<figure class=\"aligncenter size-large is-resized\"><img loading=\"lazy\" decoding=\"async\" width=\"1024\" height=\"694\" src=\"https:\/\/www.periferieprahy.cz\/blog\/wp-content\/uploads\/2025\/03\/cp8_1997-1024x694.jpg\" alt=\"\" class=\"wp-image-1204\" style=\"width:900px\" srcset=\"https:\/\/www.periferieprahy.cz\/blog\/wp-content\/uploads\/2025\/03\/cp8_1997-1024x694.jpg 1024w, https:\/\/www.periferieprahy.cz\/blog\/wp-content\/uploads\/2025\/03\/cp8_1997-300x203.jpg 300w, https:\/\/www.periferieprahy.cz\/blog\/wp-content\/uploads\/2025\/03\/cp8_1997-768x520.jpg 768w, https:\/\/www.periferieprahy.cz\/blog\/wp-content\/uploads\/2025\/03\/cp8_1997-1536x1040.jpg 1536w, https:\/\/www.periferieprahy.cz\/blog\/wp-content\/uploads\/2025\/03\/cp8_1997.jpg 1760w\" sizes=\"auto, (max-width: 1024px) 100vw, 1024px\" \/><figcaption class=\"wp-element-caption\">Fotografie domku \u010d.p. 8  rok 1997. \nZ archivu sou\u010dasn\u00e9ho majitele pana Jana Tonka.<\/figcaption><\/figure>\n<\/div>\n\n\n<div class=\"wp-block-group alignfull\"><div class=\"wp-block-group__inner-container is-layout-constrained wp-block-group-is-layout-constrained\"><div class=\"wp-block-image\">\n<figure class=\"aligncenter size-large is-resized wp-container-content-5f80b302\"><img loading=\"lazy\" decoding=\"async\" width=\"1024\" height=\"609\" src=\"https:\/\/www.periferieprahy.cz\/blog\/wp-content\/uploads\/2025\/03\/cp8-1024x609.jpg\" alt=\"\" class=\"wp-image-1203\" style=\"width:900px\" srcset=\"https:\/\/www.periferieprahy.cz\/blog\/wp-content\/uploads\/2025\/03\/cp8-1024x609.jpg 1024w, https:\/\/www.periferieprahy.cz\/blog\/wp-content\/uploads\/2025\/03\/cp8-300x179.jpg 300w, https:\/\/www.periferieprahy.cz\/blog\/wp-content\/uploads\/2025\/03\/cp8-768x457.jpg 768w, https:\/\/www.periferieprahy.cz\/blog\/wp-content\/uploads\/2025\/03\/cp8.jpg 1173w\" sizes=\"auto, (max-width: 1024px) 100vw, 1024px\" \/><figcaption class=\"wp-element-caption\">Toto je z roku 2010. Vpravo je je\u0161t\u011b p\u0159ilepen\u00e1 tzv. &#8222;Barabizna&#8220; \u010d.p.59<\/figcaption><\/figure>\n<\/div>\n\n<div class=\"wp-block-image\">\n<figure class=\"aligncenter size-large is-resized\"><img loading=\"lazy\" decoding=\"async\" width=\"1024\" height=\"768\" src=\"https:\/\/www.periferieprahy.cz\/blog\/wp-content\/uploads\/2025\/03\/cp8a-1024x768.jpg\" alt=\"\" class=\"wp-image-1205\" style=\"width:900px\" srcset=\"https:\/\/www.periferieprahy.cz\/blog\/wp-content\/uploads\/2025\/03\/cp8a-1024x768.jpg 1024w, https:\/\/www.periferieprahy.cz\/blog\/wp-content\/uploads\/2025\/03\/cp8a-300x225.jpg 300w, https:\/\/www.periferieprahy.cz\/blog\/wp-content\/uploads\/2025\/03\/cp8a-768x576.jpg 768w, https:\/\/www.periferieprahy.cz\/blog\/wp-content\/uploads\/2025\/03\/cp8a-1536x1152.jpg 1536w, https:\/\/www.periferieprahy.cz\/blog\/wp-content\/uploads\/2025\/03\/cp8a-2048x1536.jpg 2048w\" sizes=\"auto, (max-width: 1024px) 100vw, 1024px\" \/><figcaption class=\"wp-element-caption\">&#8222;Barabizna&#8220; \u010d.p. 59 je pry\u010d. Z archivu sou\u010dasn\u00e9ho majitele pana Jana Tonka. Rok 2009<\/figcaption><\/figure>\n<\/div><\/div><\/div>\n\n\n\n<p>\n<img loading=\"lazy\" decoding=\"async\" border=\"0\" src=\"https:\/\/www.periferieprahy.cz\/blog\/wp-content\/uploads\/2024\/12\/pismo7_13.gif\" width=\"94\" height=\"116\" align=\"left\">Na map\u011b stabiln\u00edho katastru z roku 1840 je patrn\u00e9, \u017ee\u00a0 v m\u00edst\u011b, kde stoj\u00ed dne\u0161n\u00ed staven\u00ed nic nebylo a p\u0159esto se v matrik\u00e1ch objevuj\u00ed z\u00e1znamy o narozen\u00ed v \u010d.p. 8 d\u00e1vno p\u0159ed t\u00edmto rokem. Domn\u00edv\u00e1m se, \u017ee p\u016fvodn\u00ed, z\u0159ejm\u011b d\u0159ev\u011bn\u00fd objekt vyho\u0159el. Prvn\u00ed z\u00e1znam, kde je uvedeno \u010d.p. 8 je z roku 1773, tedy 3 roky po zaveden\u00ed \u010d\u00edslov\u00e1n\u00ed dom\u016f Mari\u00ed Terezi\u00ed. P\u016fvodn\u00ed domek byl jist\u011b star\u0161\u00ed. Vy\u017e\u00e1dalo by to ale hlub\u0161\u00ed b\u00e1d\u00e1n\u00ed jak v pozemkov\u00fdch tak i matri\u010dn\u00edch dokumentech. <\/p>\n\n\n<div class=\"wp-block-image\">\n<figure class=\"aligncenter size-full\"><img loading=\"lazy\" decoding=\"async\" width=\"975\" height=\"406\" src=\"https:\/\/www.periferieprahy.cz\/blog\/wp-content\/uploads\/2025\/03\/cp8.ht6_.jpg\" alt=\"\" class=\"wp-image-1202\" srcset=\"https:\/\/www.periferieprahy.cz\/blog\/wp-content\/uploads\/2025\/03\/cp8.ht6_.jpg 975w, https:\/\/www.periferieprahy.cz\/blog\/wp-content\/uploads\/2025\/03\/cp8.ht6_-300x125.jpg 300w, https:\/\/www.periferieprahy.cz\/blog\/wp-content\/uploads\/2025\/03\/cp8.ht6_-768x320.jpg 768w\" sizes=\"auto, (max-width: 975px) 100vw, 975px\" \/><figcaption class=\"wp-element-caption\">Mapa Stabiln\u00edho katastru<\/figcaption><\/figure>\n<\/div>\n\n\n<p>Vra\u0165me se ale k onomu matri\u010dn\u00edmu z\u00e1znamu z roku 1773:<\/p>\n\n\n<div class=\"wp-block-image\">\n<figure class=\"aligncenter size-large\"><a href=\"http:\/\/katalog.ahmp.cz\/pragapublica\/permalink?xid=2015BA0FB75443A68259E9CBE8532CA0&amp;scan=62#scan62\" target=\"_blank\" rel=\" noreferrer noopener\"><img loading=\"lazy\" decoding=\"async\" width=\"1024\" height=\"237\" src=\"https:\/\/www.periferieprahy.cz\/blog\/wp-content\/uploads\/2025\/03\/cp8.ht3_-1024x237.jpg\" alt=\"\" class=\"wp-image-1212\" srcset=\"https:\/\/www.periferieprahy.cz\/blog\/wp-content\/uploads\/2025\/03\/cp8.ht3_-1024x237.jpg 1024w, https:\/\/www.periferieprahy.cz\/blog\/wp-content\/uploads\/2025\/03\/cp8.ht3_-300x69.jpg 300w, https:\/\/www.periferieprahy.cz\/blog\/wp-content\/uploads\/2025\/03\/cp8.ht3_-768x178.jpg 768w, https:\/\/www.periferieprahy.cz\/blog\/wp-content\/uploads\/2025\/03\/cp8.ht3_.jpg 1101w\" sizes=\"auto, (max-width: 1024px) 100vw, 1024px\" \/><\/a><figcaption class=\"wp-element-caption\">23.12. 1773 se narodil v \u010d.p. 8 a byl t\u00e9ho\u017e dne pok\u0159t\u011bn Anton\u00edn, <strong>syn Jakuba \u017divn\u00e9ho<\/strong>, tesa\u0159e [faber lignarius] a jeho \u017eeny Magdaleny.<\/figcaption><\/figure>\n<\/div>\n\n<div class=\"wp-block-image\">\n<figure class=\"aligncenter size-full\"><a href=\"http:\/\/katalog.ahmp.cz\/pragapublica\/permalink?xid=2015BA0FB75443A68259E9CBE8532CA0&amp;scan=71#scan71\"><img loading=\"lazy\" decoding=\"async\" width=\"1013\" height=\"226\" src=\"https:\/\/www.periferieprahy.cz\/blog\/wp-content\/uploads\/2025\/03\/cp8.ht7_.jpg\" alt=\"\" class=\"wp-image-1232\" srcset=\"https:\/\/www.periferieprahy.cz\/blog\/wp-content\/uploads\/2025\/03\/cp8.ht7_.jpg 1013w, https:\/\/www.periferieprahy.cz\/blog\/wp-content\/uploads\/2025\/03\/cp8.ht7_-300x67.jpg 300w, https:\/\/www.periferieprahy.cz\/blog\/wp-content\/uploads\/2025\/03\/cp8.ht7_-768x171.jpg 768w\" sizes=\"auto, (max-width: 1013px) 100vw, 1013px\" \/><\/a><figcaption class=\"wp-element-caption\">29.10.1775 se <strong> Jakubu \u017divn\u00e9mu, tesa\u0159i <\/strong>a jeho \u017een\u011b Magdalen\u011b narodila dcera Ani\u010dka<\/figcaption><\/figure>\n<\/div>\n\n<div class=\"wp-block-image\">\n<figure class=\"aligncenter size-full\"><a href=\"http:\/\/katalog.ahmp.cz\/pragapublica\/permalink?xid=2015BA0FB75443A68259E9CBE8532CA0&amp;scan=82#scan82\"><img loading=\"lazy\" decoding=\"async\" width=\"1023\" height=\"121\" src=\"https:\/\/www.periferieprahy.cz\/blog\/wp-content\/uploads\/2025\/03\/cp8.ht8_.jpg\" alt=\"\" class=\"wp-image-1233\" srcset=\"https:\/\/www.periferieprahy.cz\/blog\/wp-content\/uploads\/2025\/03\/cp8.ht8_.jpg 1023w, https:\/\/www.periferieprahy.cz\/blog\/wp-content\/uploads\/2025\/03\/cp8.ht8_-300x35.jpg 300w, https:\/\/www.periferieprahy.cz\/blog\/wp-content\/uploads\/2025\/03\/cp8.ht8_-768x91.jpg 768w\" sizes=\"auto, (max-width: 1023px) 100vw, 1023px\" \/><\/a><figcaption class=\"wp-element-caption\">dne 11.11. 1777 se v \u010d.p. 8  narodil a byl pok\u0159t\u011bn  Jan<strong> syn Anton\u00edna Davida, \u0159ezn\u00edka<\/strong>  [lanio] a jeho \u017eeny Anny.<\/figcaption><\/figure>\n<\/div>\n\n<div class=\"wp-block-image\">\n<figure data-wp-context=\"{&quot;imageId&quot;:&quot;69f3222938d96&quot;}\" data-wp-interactive=\"core\/image\" data-wp-key=\"69f3222938d96\" class=\"aligncenter size-large wp-lightbox-container\"><img loading=\"lazy\" decoding=\"async\" width=\"1024\" height=\"102\" data-wp-class--hide=\"state.isContentHidden\" data-wp-class--show=\"state.isContentVisible\" data-wp-init=\"callbacks.setButtonStyles\" data-wp-on--click=\"actions.showLightbox\" data-wp-on--load=\"callbacks.setButtonStyles\" data-wp-on-window--resize=\"callbacks.setButtonStyles\" src=\"https:\/\/www.periferieprahy.cz\/blog\/wp-content\/uploads\/2025\/03\/cp8.ht9_-1024x102.jpg\" alt=\"\" class=\"wp-image-1234\" srcset=\"https:\/\/www.periferieprahy.cz\/blog\/wp-content\/uploads\/2025\/03\/cp8.ht9_-1024x102.jpg 1024w, https:\/\/www.periferieprahy.cz\/blog\/wp-content\/uploads\/2025\/03\/cp8.ht9_-300x30.jpg 300w, https:\/\/www.periferieprahy.cz\/blog\/wp-content\/uploads\/2025\/03\/cp8.ht9_-768x77.jpg 768w, https:\/\/www.periferieprahy.cz\/blog\/wp-content\/uploads\/2025\/03\/cp8.ht9_.jpg 1073w\" sizes=\"auto, (max-width: 1024px) 100vw, 1024px\" \/><button\n\t\t\tclass=\"lightbox-trigger\"\n\t\t\ttype=\"button\"\n\t\t\taria-haspopup=\"dialog\"\n\t\t\taria-label=\"Zv\u011bt\u0161it\"\n\t\t\tdata-wp-init=\"callbacks.initTriggerButton\"\n\t\t\tdata-wp-on--click=\"actions.showLightbox\"\n\t\t\tdata-wp-style--right=\"state.imageButtonRight\"\n\t\t\tdata-wp-style--top=\"state.imageButtonTop\"\n\t\t>\n\t\t\t<svg xmlns=\"http:\/\/www.w3.org\/2000\/svg\" width=\"12\" height=\"12\" fill=\"none\" viewBox=\"0 0 12 12\">\n\t\t\t\t<path fill=\"#fff\" d=\"M2 0a2 2 0 0 0-2 2v2h1.5V2a.5.5 0 0 1 .5-.5h2V0H2Zm2 10.5H2a.5.5 0 0 1-.5-.5V8H0v2a2 2 0 0 0 2 2h2v-1.5ZM8 12v-1.5h2a.5.5 0 0 0 .5-.5V8H12v2a2 2 0 0 1-2 2H8Zm2-12a2 2 0 0 1 2 2v2h-1.5V2a.5.5 0 0 0-.5-.5H8V0h2Z\" \/>\n\t\t\t<\/svg>\n\t\t<\/button><figcaption class=\"wp-element-caption\">Dne 11.2. 1793 se v \u010d.p. 8 narodil Josef,<strong> otec Josef Pavlovsk\u00fd zedn\u00edk<\/strong>, matka Barbora Byprtov\u00e1<\/figcaption><\/figure>\n<\/div>\n\n<div class=\"wp-block-image\">\n<figure data-wp-context=\"{&quot;imageId&quot;:&quot;69f322293923c&quot;}\" data-wp-interactive=\"core\/image\" data-wp-key=\"69f322293923c\" class=\"aligncenter size-full wp-lightbox-container\"><img loading=\"lazy\" decoding=\"async\" width=\"886\" height=\"304\" data-wp-class--hide=\"state.isContentHidden\" data-wp-class--show=\"state.isContentVisible\" data-wp-init=\"callbacks.setButtonStyles\" data-wp-on--click=\"actions.showLightbox\" data-wp-on--load=\"callbacks.setButtonStyles\" data-wp-on-window--resize=\"callbacks.setButtonStyles\" src=\"https:\/\/www.periferieprahy.cz\/blog\/wp-content\/uploads\/2025\/03\/cp8.ht10.jpg\" alt=\"\" class=\"wp-image-1235\" srcset=\"https:\/\/www.periferieprahy.cz\/blog\/wp-content\/uploads\/2025\/03\/cp8.ht10.jpg 886w, https:\/\/www.periferieprahy.cz\/blog\/wp-content\/uploads\/2025\/03\/cp8.ht10-300x103.jpg 300w, https:\/\/www.periferieprahy.cz\/blog\/wp-content\/uploads\/2025\/03\/cp8.ht10-768x264.jpg 768w\" sizes=\"auto, (max-width: 886px) 100vw, 886px\" \/><button\n\t\t\tclass=\"lightbox-trigger\"\n\t\t\ttype=\"button\"\n\t\t\taria-haspopup=\"dialog\"\n\t\t\taria-label=\"Zv\u011bt\u0161it\"\n\t\t\tdata-wp-init=\"callbacks.initTriggerButton\"\n\t\t\tdata-wp-on--click=\"actions.showLightbox\"\n\t\t\tdata-wp-style--right=\"state.imageButtonRight\"\n\t\t\tdata-wp-style--top=\"state.imageButtonTop\"\n\t\t>\n\t\t\t<svg xmlns=\"http:\/\/www.w3.org\/2000\/svg\" width=\"12\" height=\"12\" fill=\"none\" viewBox=\"0 0 12 12\">\n\t\t\t\t<path fill=\"#fff\" d=\"M2 0a2 2 0 0 0-2 2v2h1.5V2a.5.5 0 0 1 .5-.5h2V0H2Zm2 10.5H2a.5.5 0 0 1-.5-.5V8H0v2a2 2 0 0 0 2 2h2v-1.5ZM8 12v-1.5h2a.5.5 0 0 0 .5-.5V8H12v2a2 2 0 0 1-2 2H8Zm2-12a2 2 0 0 1 2 2v2h-1.5V2a.5.5 0 0 0-.5-.5H8V0h2Z\" \/>\n\t\t\t<\/svg>\n\t\t<\/button><figcaption class=\"wp-element-caption\">Dne 30.9.1796 se narodila Barbora, otec Josef Pavlovsk\u00fd zedn\u00edk, matka  Barbora Byprtov\u00e1. <strong>To je posledn\u00ed z\u00e1pis. Tak\u017ee asi po tomto datu nejsp\u00ed\u0161 staven\u00ed vyho\u0159elo nebo zpustlo.<\/strong><\/figcaption><\/figure>\n<\/div>\n\n\n<p>V matrice kolem roku 1840 se vyskytuj\u00ed z\u00e1znamy kde otcem byl Anton\u00edn Kn\u00ed\u017ee, krej\u010d\u00ed a domk\u00e1\u0159&nbsp; <strong>v \u010d.p.8 ale&nbsp;Horn\u00ed Liboc.<\/strong><\/p>\n\n\n\n<p class=\"has-text-align-center has-vivid-red-color has-text-color has-link-color has-medium-font-size wp-elements-a69a93bf47f2b15f042b1502b7d10723\"><strong>A\u017e teprve 16.9.1860 se objevuje z\u00e1pis, \u017ee v \u010d.p. 8 Doln\u00ed Liboc p\u016fsobil Rychta\u0159\u00edk \u0160t\u011bp\u00e1n, mistr bedn\u00e1\u0159sk\u00fd. To by mohlo nazna\u010dovat, \u017ee sou\u010dasn\u00e1 stavba vznikla n\u011bkdy v obdob\u00ed kolem roku 1850:&nbsp;&nbsp;<\/strong><\/p>\n\n\n<div class=\"wp-block-image\">\n<figure class=\"aligncenter size-large is-resized\"><a href=\"http:\/\/katalog.ahmp.cz\/pragapublica\/permalink?xid=B88D80A9B3BE4903BB3688D6F8A73C29&amp;scan=58#scan58\"><img loading=\"lazy\" decoding=\"async\" width=\"1024\" height=\"219\" src=\"https:\/\/www.periferieprahy.cz\/blog\/wp-content\/uploads\/2025\/03\/image-1024x219.png\" alt=\"\" class=\"wp-image-1244\" style=\"width:1066px;height:auto\" srcset=\"https:\/\/www.periferieprahy.cz\/blog\/wp-content\/uploads\/2025\/03\/image-1024x219.png 1024w, https:\/\/www.periferieprahy.cz\/blog\/wp-content\/uploads\/2025\/03\/image-300x64.png 300w, https:\/\/www.periferieprahy.cz\/blog\/wp-content\/uploads\/2025\/03\/image-768x164.png 768w, https:\/\/www.periferieprahy.cz\/blog\/wp-content\/uploads\/2025\/03\/image-1536x328.png 1536w, https:\/\/www.periferieprahy.cz\/blog\/wp-content\/uploads\/2025\/03\/image.png 1554w\" sizes=\"auto, (max-width: 1024px) 100vw, 1024px\" \/><\/a><figcaption class=\"wp-element-caption\">16.9.1860 se narodila Marie, <strong>otec Rychta\u0159\u00edk \u0160t\u011bp\u00e1n, mistr bedn\u00e1\u0159sk\u00fd<\/strong>, matka \u010cadkov\u00e1 Magdalena z P\u0159edn\u00ed Kopaniny.<\/figcaption><\/figure>\n<\/div>\n\n<div class=\"wp-block-image\">\n<figure class=\"aligncenter size-full\"><a href=\"http:\/\/katalog.ahmp.cz\/pragapublica\/permalink?xid=FFBD2CF2810745B7AEB4CCE75FB9503D&amp;scan=37#scan37\"><img loading=\"lazy\" decoding=\"async\" width=\"828\" height=\"451\" src=\"https:\/\/www.periferieprahy.cz\/blog\/wp-content\/uploads\/2025\/03\/cp8.ht12.jpg\" alt=\"\" class=\"wp-image-1237\" srcset=\"https:\/\/www.periferieprahy.cz\/blog\/wp-content\/uploads\/2025\/03\/cp8.ht12.jpg 828w, https:\/\/www.periferieprahy.cz\/blog\/wp-content\/uploads\/2025\/03\/cp8.ht12-300x163.jpg 300w, https:\/\/www.periferieprahy.cz\/blog\/wp-content\/uploads\/2025\/03\/cp8.ht12-768x418.jpg 768w\" sizes=\"auto, (max-width: 828px) 100vw, 828px\" \/><\/a><figcaption class=\"wp-element-caption\">1. 1. 1867 se narodila Marie, <strong>otec Laifr Pavel<\/strong> (ten se sem jist\u011b p\u0159i\u017eenil ze Lhoty okr. Jilovsk\u00e9ho), tovary\u0161 zednick\u00fd z Doln\u00ed Liboce \u010d.8, Matka Al\u017eb\u011bta, <strong>dcera Josefa Li\u0161ny<\/strong>, d\u011bln\u00edka z Doln\u00ed Liboce \u010d.8<\/figcaption><\/figure>\n<\/div>\n\n<div class=\"wp-block-image\">\n<figure data-wp-context=\"{&quot;imageId&quot;:&quot;69f32229399ae&quot;}\" data-wp-interactive=\"core\/image\" data-wp-key=\"69f32229399ae\" class=\"aligncenter size-full wp-lightbox-container\"><img loading=\"lazy\" decoding=\"async\" width=\"809\" height=\"500\" data-wp-class--hide=\"state.isContentHidden\" data-wp-class--show=\"state.isContentVisible\" data-wp-init=\"callbacks.setButtonStyles\" data-wp-on--click=\"actions.showLightbox\" data-wp-on--load=\"callbacks.setButtonStyles\" data-wp-on-window--resize=\"callbacks.setButtonStyles\" src=\"https:\/\/www.periferieprahy.cz\/blog\/wp-content\/uploads\/2025\/03\/cp8.ht4_.jpg\" alt=\"\" class=\"wp-image-1230\" srcset=\"https:\/\/www.periferieprahy.cz\/blog\/wp-content\/uploads\/2025\/03\/cp8.ht4_.jpg 809w, https:\/\/www.periferieprahy.cz\/blog\/wp-content\/uploads\/2025\/03\/cp8.ht4_-300x185.jpg 300w, https:\/\/www.periferieprahy.cz\/blog\/wp-content\/uploads\/2025\/03\/cp8.ht4_-768x475.jpg 768w\" sizes=\"auto, (max-width: 809px) 100vw, 809px\" \/><button\n\t\t\tclass=\"lightbox-trigger\"\n\t\t\ttype=\"button\"\n\t\t\taria-haspopup=\"dialog\"\n\t\t\taria-label=\"Zv\u011bt\u0161it\"\n\t\t\tdata-wp-init=\"callbacks.initTriggerButton\"\n\t\t\tdata-wp-on--click=\"actions.showLightbox\"\n\t\t\tdata-wp-style--right=\"state.imageButtonRight\"\n\t\t\tdata-wp-style--top=\"state.imageButtonTop\"\n\t\t>\n\t\t\t<svg xmlns=\"http:\/\/www.w3.org\/2000\/svg\" width=\"12\" height=\"12\" fill=\"none\" viewBox=\"0 0 12 12\">\n\t\t\t\t<path fill=\"#fff\" d=\"M2 0a2 2 0 0 0-2 2v2h1.5V2a.5.5 0 0 1 .5-.5h2V0H2Zm2 10.5H2a.5.5 0 0 1-.5-.5V8H0v2a2 2 0 0 0 2 2h2v-1.5ZM8 12v-1.5h2a.5.5 0 0 0 .5-.5V8H12v2a2 2 0 0 1-2 2H8Zm2-12a2 2 0 0 1 2 2v2h-1.5V2a.5.5 0 0 0-.5-.5H8V0h2Z\" \/>\n\t\t\t<\/svg>\n\t\t<\/button><figcaption class=\"wp-element-caption\">V roce 1873 zde \u017eila<strong> rodina krej\u010dovsk\u00e9ho mistra Franti\u0161ka Proch\u00e1zky<\/strong> jak dokazuje z\u00e1znam v matrice narozen\u00fdch z 25.1.1873, to se jeho dce\u0159i Marii narodilo neman\u017eelsk\u00e9 d\u00edtko.<\/figcaption><\/figure>\n<\/div>\n\n<div class=\"wp-block-image\">\n<figure data-wp-context=\"{&quot;imageId&quot;:&quot;69f3222939d97&quot;}\" data-wp-interactive=\"core\/image\" data-wp-key=\"69f3222939d97\" class=\"aligncenter size-large wp-lightbox-container\"><img loading=\"lazy\" decoding=\"async\" width=\"1024\" height=\"310\" data-wp-class--hide=\"state.isContentHidden\" data-wp-class--show=\"state.isContentVisible\" data-wp-init=\"callbacks.setButtonStyles\" data-wp-on--click=\"actions.showLightbox\" data-wp-on--load=\"callbacks.setButtonStyles\" data-wp-on-window--resize=\"callbacks.setButtonStyles\" src=\"https:\/\/www.periferieprahy.cz\/blog\/wp-content\/uploads\/2025\/03\/cp8.ht5_-1024x310.jpg\" alt=\"\" class=\"wp-image-1231\" srcset=\"https:\/\/www.periferieprahy.cz\/blog\/wp-content\/uploads\/2025\/03\/cp8.ht5_-1024x310.jpg 1024w, https:\/\/www.periferieprahy.cz\/blog\/wp-content\/uploads\/2025\/03\/cp8.ht5_-300x91.jpg 300w, https:\/\/www.periferieprahy.cz\/blog\/wp-content\/uploads\/2025\/03\/cp8.ht5_-768x233.jpg 768w, https:\/\/www.periferieprahy.cz\/blog\/wp-content\/uploads\/2025\/03\/cp8.ht5_.jpg 1039w\" sizes=\"auto, (max-width: 1024px) 100vw, 1024px\" \/><button\n\t\t\tclass=\"lightbox-trigger\"\n\t\t\ttype=\"button\"\n\t\t\taria-haspopup=\"dialog\"\n\t\t\taria-label=\"Zv\u011bt\u0161it\"\n\t\t\tdata-wp-init=\"callbacks.initTriggerButton\"\n\t\t\tdata-wp-on--click=\"actions.showLightbox\"\n\t\t\tdata-wp-style--right=\"state.imageButtonRight\"\n\t\t\tdata-wp-style--top=\"state.imageButtonTop\"\n\t\t>\n\t\t\t<svg xmlns=\"http:\/\/www.w3.org\/2000\/svg\" width=\"12\" height=\"12\" fill=\"none\" viewBox=\"0 0 12 12\">\n\t\t\t\t<path fill=\"#fff\" d=\"M2 0a2 2 0 0 0-2 2v2h1.5V2a.5.5 0 0 1 .5-.5h2V0H2Zm2 10.5H2a.5.5 0 0 1-.5-.5V8H0v2a2 2 0 0 0 2 2h2v-1.5ZM8 12v-1.5h2a.5.5 0 0 0 .5-.5V8H12v2a2 2 0 0 1-2 2H8Zm2-12a2 2 0 0 1 2 2v2h-1.5V2a.5.5 0 0 0-.5-.5H8V0h2Z\" \/>\n\t\t\t<\/svg>\n\t\t<\/button><figcaption class=\"wp-element-caption\">Na tomto z\u00e1znamu v matrice narozen\u00fdch z 5.6.1887 se uv\u00e1d\u00ed, \u017ee v \u010d.p.8 \u017eil <strong>Danda Josef zedn\u00edk<\/strong> z Doln\u00ed Liboce \u010d.p. 8 s svou \u017eenou Mari\u00ed, dcerou V\u00e1clava Zaj\u00edce, ml\u00e9ka\u0159e v Doln\u00ed Liboci \u010d.p.8<\/figcaption><\/figure>\n<\/div>\n\n<div class=\"wp-block-image\">\n<figure data-wp-context=\"{&quot;imageId&quot;:&quot;69f322293a16c&quot;}\" data-wp-interactive=\"core\/image\" data-wp-key=\"69f322293a16c\" class=\"aligncenter size-full wp-lightbox-container\"><img loading=\"lazy\" decoding=\"async\" width=\"884\" height=\"449\" data-wp-class--hide=\"state.isContentHidden\" data-wp-class--show=\"state.isContentVisible\" data-wp-init=\"callbacks.setButtonStyles\" data-wp-on--click=\"actions.showLightbox\" data-wp-on--load=\"callbacks.setButtonStyles\" data-wp-on-window--resize=\"callbacks.setButtonStyles\" src=\"https:\/\/www.periferieprahy.cz\/blog\/wp-content\/uploads\/2025\/03\/cp8_ht11.jpg\" alt=\"\" class=\"wp-image-1239\" srcset=\"https:\/\/www.periferieprahy.cz\/blog\/wp-content\/uploads\/2025\/03\/cp8_ht11.jpg 884w, https:\/\/www.periferieprahy.cz\/blog\/wp-content\/uploads\/2025\/03\/cp8_ht11-300x152.jpg 300w, https:\/\/www.periferieprahy.cz\/blog\/wp-content\/uploads\/2025\/03\/cp8_ht11-768x390.jpg 768w\" sizes=\"auto, (max-width: 884px) 100vw, 884px\" \/><button\n\t\t\tclass=\"lightbox-trigger\"\n\t\t\ttype=\"button\"\n\t\t\taria-haspopup=\"dialog\"\n\t\t\taria-label=\"Zv\u011bt\u0161it\"\n\t\t\tdata-wp-init=\"callbacks.initTriggerButton\"\n\t\t\tdata-wp-on--click=\"actions.showLightbox\"\n\t\t\tdata-wp-style--right=\"state.imageButtonRight\"\n\t\t\tdata-wp-style--top=\"state.imageButtonTop\"\n\t\t>\n\t\t\t<svg xmlns=\"http:\/\/www.w3.org\/2000\/svg\" width=\"12\" height=\"12\" fill=\"none\" viewBox=\"0 0 12 12\">\n\t\t\t\t<path fill=\"#fff\" d=\"M2 0a2 2 0 0 0-2 2v2h1.5V2a.5.5 0 0 1 .5-.5h2V0H2Zm2 10.5H2a.5.5 0 0 1-.5-.5V8H0v2a2 2 0 0 0 2 2h2v-1.5ZM8 12v-1.5h2a.5.5 0 0 0 .5-.5V8H12v2a2 2 0 0 1-2 2H8Zm2-12a2 2 0 0 1 2 2v2h-1.5V2a.5.5 0 0 0-.5-.5H8V0h2Z\" \/>\n\t\t\t<\/svg>\n\t\t<\/button><figcaption class=\"wp-element-caption\">\u010c\u00e1st z\u00e1znamu v matrice narozen\u00fdch z 7.1.1893 n\u00e1m \u0159\u00edk\u00e1, \u017ee v \u010d.p. 8 \u017eil <strong>Ku\u017eelka V\u00e1clav, zedn\u00edk <\/strong>syn obuvn\u00edka \u2020 Franti\u0161ka Ku\u017eelky z v Doln\u00ed Liboci \u010d.p.8 se svou \u017eenou Annou, dcerou ml\u00e9ka\u0159e V\u00e1clava Zaj\u00edce v Doln\u00ed Liboci \u010d.p.8<\/figcaption><\/figure>\n<\/div>\n\n<div class=\"wp-block-image\">\n<figure data-wp-context=\"{&quot;imageId&quot;:&quot;69f322293a570&quot;}\" data-wp-interactive=\"core\/image\" data-wp-key=\"69f322293a570\" class=\"aligncenter size-full wp-lightbox-container\"><img loading=\"lazy\" decoding=\"async\" width=\"1003\" height=\"297\" data-wp-class--hide=\"state.isContentHidden\" data-wp-class--show=\"state.isContentVisible\" data-wp-init=\"callbacks.setButtonStyles\" data-wp-on--click=\"actions.showLightbox\" data-wp-on--load=\"callbacks.setButtonStyles\" data-wp-on-window--resize=\"callbacks.setButtonStyles\" src=\"https:\/\/www.periferieprahy.cz\/blog\/wp-content\/uploads\/2025\/03\/cp8_ht13.jpg\" alt=\"\" class=\"wp-image-1241\" srcset=\"https:\/\/www.periferieprahy.cz\/blog\/wp-content\/uploads\/2025\/03\/cp8_ht13.jpg 1003w, https:\/\/www.periferieprahy.cz\/blog\/wp-content\/uploads\/2025\/03\/cp8_ht13-300x89.jpg 300w, https:\/\/www.periferieprahy.cz\/blog\/wp-content\/uploads\/2025\/03\/cp8_ht13-768x227.jpg 768w\" sizes=\"auto, (max-width: 1003px) 100vw, 1003px\" \/><button\n\t\t\tclass=\"lightbox-trigger\"\n\t\t\ttype=\"button\"\n\t\t\taria-haspopup=\"dialog\"\n\t\t\taria-label=\"Zv\u011bt\u0161it\"\n\t\t\tdata-wp-init=\"callbacks.initTriggerButton\"\n\t\t\tdata-wp-on--click=\"actions.showLightbox\"\n\t\t\tdata-wp-style--right=\"state.imageButtonRight\"\n\t\t\tdata-wp-style--top=\"state.imageButtonTop\"\n\t\t>\n\t\t\t<svg xmlns=\"http:\/\/www.w3.org\/2000\/svg\" width=\"12\" height=\"12\" fill=\"none\" viewBox=\"0 0 12 12\">\n\t\t\t\t<path fill=\"#fff\" d=\"M2 0a2 2 0 0 0-2 2v2h1.5V2a.5.5 0 0 1 .5-.5h2V0H2Zm2 10.5H2a.5.5 0 0 1-.5-.5V8H0v2a2 2 0 0 0 2 2h2v-1.5ZM8 12v-1.5h2a.5.5 0 0 0 .5-.5V8H12v2a2 2 0 0 1-2 2H8Zm2-12a2 2 0 0 1 2 2v2h-1.5V2a.5.5 0 0 0-.5-.5H8V0h2Z\" \/>\n\t\t\t<\/svg>\n\t\t<\/button><figcaption class=\"wp-element-caption\">Z\u00e1znam v matrice narozen\u00fdch z 2.2.1903 n\u00e1m sd\u011bluje \u017ee v \u010d.p. 8 \u017eil <strong>Vesel\u00fd V\u00e1clav, obchodn\u00edk s ml\u00e9kem<\/strong> a jeho \u017eena Antonie Zaj\u00edcov\u00e1<\/figcaption><\/figure>\n<\/div>\n\n\n<p><\/p>\n","protected":false},"excerpt":{"rendered":"<p>Historick\u00fd p\u0159ehled obyvatel domu: Rok 1773 Jakub \u017divn\u00fd, tesa\u0159 Rok 1777 Anton\u00edn David, \u0159ezn\u00edk Rok 1793 Josef Pavlovsk\u00fd, zedn\u00edk Rok 1860 \u0160t\u011bp\u00e1n Rychta\u0159\u00edk, bedn\u00e1\u0159 Rok 1867 Pavel Laifr, zedn\u00edk a Josef Li\u0161n\u00fd, d\u011bln\u00edk Rok 1873 Franti\u0161ek Proch\u00e1zka, krej\u010d\u00ed Rok 1877 Josef Danda zedn\u00edk, V\u00e1clav Zaj\u00edc, ml\u00edka\u0159 Rok 1893 V\u00e1clav Ku\u017eelka, zedn\u00edk Rok 1903 V\u00e1clav Vesel\u00fd, &hellip;<br \/><a href=\"https:\/\/www.periferieprahy.cz\/blog\/2025\/03\/10\/c-p-8-tonkovi\/\" class=\"more-link pen_button pen_element_default pen_icon_arrow_double\">Pokra\u010dovat ve\u00a0\u010dten\u00ed <span class=\"screen-reader-text\">\u010c.p. 8 Tonkovi<\/span><\/a><\/p>\n","protected":false},"author":1,"featured_media":1202,"comment_status":"open","ping_status":"open","sticky":false,"template":"","format":"standard","meta":{"_exactmetrics_skip_tracking":false,"_exactmetrics_sitenote_active":false,"_exactmetrics_sitenote_note":"","_exactmetrics_sitenote_category":0,"footnotes":""},"categories":[36,38,3,37,32],"tags":[],"post_folder":[],"class_list":["post-1195","post","type-post","status-publish","format-standard","has-post-thumbnail","hentry","category-mlikari","category-reznici","category-redakce","category-zednici","category-zivnosti_obchody"],"_links":{"self":[{"href":"https:\/\/www.periferieprahy.cz\/blog\/wp-json\/wp\/v2\/posts\/1195","targetHints":{"allow":["GET"]}}],"collection":[{"href":"https:\/\/www.periferieprahy.cz\/blog\/wp-json\/wp\/v2\/posts"}],"about":[{"href":"https:\/\/www.periferieprahy.cz\/blog\/wp-json\/wp\/v2\/types\/post"}],"author":[{"embeddable":true,"href":"https:\/\/www.periferieprahy.cz\/blog\/wp-json\/wp\/v2\/users\/1"}],"replies":[{"embeddable":true,"href":"https:\/\/www.periferieprahy.cz\/blog\/wp-json\/wp\/v2\/comments?post=1195"}],"version-history":[{"count":5,"href":"https:\/\/www.periferieprahy.cz\/blog\/wp-json\/wp\/v2\/posts\/1195\/revisions"}],"predecessor-version":[{"id":1315,"href":"https:\/\/www.periferieprahy.cz\/blog\/wp-json\/wp\/v2\/posts\/1195\/revisions\/1315"}],"wp:featuredmedia":[{"embeddable":true,"href":"https:\/\/www.periferieprahy.cz\/blog\/wp-json\/wp\/v2\/media\/1202"}],"wp:attachment":[{"href":"https:\/\/www.periferieprahy.cz\/blog\/wp-json\/wp\/v2\/media?parent=1195"}],"wp:term":[{"taxonomy":"category","embeddable":true,"href":"https:\/\/www.periferieprahy.cz\/blog\/wp-json\/wp\/v2\/categories?post=1195"},{"taxonomy":"post_tag","embeddable":true,"href":"https:\/\/www.periferieprahy.cz\/blog\/wp-json\/wp\/v2\/tags?post=1195"},{"taxonomy":"post_folder","embeddable":true,"href":"https:\/\/www.periferieprahy.cz\/blog\/wp-json\/wp\/v2\/post_folder?post=1195"}],"curies":[{"name":"wp","href":"https:\/\/api.w.org\/{rel}","templated":true}]}}