{"id":1390,"date":"2025-03-16T22:48:15","date_gmt":"2025-03-16T21:48:15","guid":{"rendered":"https:\/\/www.periferieprahy.cz\/blog\/?p=1390"},"modified":"2025-03-16T23:35:39","modified_gmt":"2025-03-16T22:35:39","slug":"nouz-c-9-vzpominka-na-leopolda-felixe","status":"publish","type":"post","link":"https:\/\/www.periferieprahy.cz\/blog\/2025\/03\/16\/nouz-c-9-vzpominka-na-leopolda-felixe\/","title":{"rendered":"Vzpom\u00ednka na Leopolda Felixe"},"content":{"rendered":"\n<h1 class=\"wp-block-heading\">Nouz. \u010d. 9<\/h1>\n\n\n<div class=\"wp-block-image\">\n<figure class=\"aligncenter size-full is-resized\"><img loading=\"lazy\" decoding=\"async\" width=\"461\" height=\"319\" src=\"https:\/\/www.periferieprahy.cz\/blog\/wp-content\/uploads\/2025\/03\/felix_uveselika_1942.jpg\" alt=\"\" class=\"wp-image-1397\" style=\"width:545px;height:auto\" srcset=\"https:\/\/www.periferieprahy.cz\/blog\/wp-content\/uploads\/2025\/03\/felix_uveselika_1942.jpg 461w, https:\/\/www.periferieprahy.cz\/blog\/wp-content\/uploads\/2025\/03\/felix_uveselika_1942-300x208.jpg 300w\" sizes=\"auto, (max-width: 461px) 100vw, 461px\" \/><figcaption class=\"wp-element-caption\">Leopold Felix v roce 1942 jako plav\u010d\u00edk v \u0160\u00e1rce &#8222;U Vesel\u00edk\u016f&#8220; \n<\/figcaption><\/figure>\n<\/div>\n\n<div class=\"wp-block-image\">\n<figure class=\"aligncenter size-full is-resized\"><img loading=\"lazy\" decoding=\"async\" width=\"493\" height=\"309\" src=\"https:\/\/www.periferieprahy.cz\/blog\/wp-content\/uploads\/2025\/03\/Felix_nouzovka9_1944.jpg\" alt=\"\" class=\"wp-image-1396\" style=\"width:545px\" srcset=\"https:\/\/www.periferieprahy.cz\/blog\/wp-content\/uploads\/2025\/03\/Felix_nouzovka9_1944.jpg 493w, https:\/\/www.periferieprahy.cz\/blog\/wp-content\/uploads\/2025\/03\/Felix_nouzovka9_1944-300x188.jpg 300w\" sizes=\"auto, (max-width: 493px) 100vw, 493px\" \/><figcaption class=\"wp-element-caption\">Nouzovka \u010d. 9 nad libock\u00fdm rybn\u00edkem postaven\u00e1 Leopoldem Felixem<\/figcaption><\/figure>\n<\/div>\n\n<div class=\"wp-block-image\">\n<figure class=\"aligncenter size-large is-resized\"><img loading=\"lazy\" decoding=\"async\" width=\"1024\" height=\"768\" src=\"https:\/\/www.periferieprahy.cz\/blog\/wp-content\/uploads\/2025\/03\/felix_nouz9-1024x768.jpg\" alt=\"\" class=\"wp-image-1395\" style=\"width:550px\" srcset=\"https:\/\/www.periferieprahy.cz\/blog\/wp-content\/uploads\/2025\/03\/felix_nouz9-1024x768.jpg 1024w, https:\/\/www.periferieprahy.cz\/blog\/wp-content\/uploads\/2025\/03\/felix_nouz9-300x225.jpg 300w, https:\/\/www.periferieprahy.cz\/blog\/wp-content\/uploads\/2025\/03\/felix_nouz9-768x576.jpg 768w, https:\/\/www.periferieprahy.cz\/blog\/wp-content\/uploads\/2025\/03\/felix_nouz9-1536x1152.jpg 1536w, https:\/\/www.periferieprahy.cz\/blog\/wp-content\/uploads\/2025\/03\/felix_nouz9.jpg 1600w\" sizes=\"auto, (max-width: 1024px) 100vw, 1024px\" \/><figcaption class=\"wp-element-caption\">P\u0159\u00edstup k nouzovce \u010d. 9 z ulice Sestupn\u00e1<\/figcaption><\/figure>\n<\/div>\n\n\n<details class=\"wp-block-details is-layout-flow wp-block-details-is-layout-flow\"><summary>Bohumila Trnkov\u00e1<\/summary>\n<p><strong>K 60. v\u00fdro\u010d\u00ed \u00famrt\u00ed Leopolda Felixe<\/strong><\/p>\n\n\n\n<p><em>Rodopisn\u00e1 revue 1 &#8211; Jaro 2005<\/em><\/p>\n\n\n\n<p><em>Rodopisn\u00e9 kor\u00e1lky z Prahy 6<\/em><\/p>\n\n\n\n<div style=\"height:18px\" aria-hidden=\"true\" class=\"wp-block-spacer\"><\/div>\n<\/details>\n\n\n\n<p>Dalo by se \u0159\u00edci, \u017ee jsem m\u011bla t\u0159i d\u011bde\u010dky a p\u0159esto jsem nepoznala \u017e\u00e1dn\u00e9ho z nich. Kdy\u017e se na\u0161i brali, byli oba otcovi rodi\u010de u\u017e po smrti. Tak\u00e9  mamin\u010din otec zem\u0159el velmi mlad\u00fd &#8211; v pouh\u00fdch sedmat\u0159iceti letech. Tak jenom ten t\u0159et\u00ed, nevlastn\u00ed d\u011bde\u010dek, m\u011b znal jako nemluvn\u011b.<\/p>\n\n\n\n<img loading=\"lazy\" decoding=\"async\" border=\"0\" src=\"https:\/\/www.periferieprahy.cz\/blog\/wp-content\/uploads\/2025\/03\/felix_leopold.jpg\" width=\"189\" height=\"238\" align=\"left\"><font color=\"\">\n\t\t\tByl to Pold\u00edk, jak mu moje babi\u010dka \u0159\u00edk\u00e1vala i pozd\u011bji ve sv\u00fdch \n\t\t\tl\u00e1skypln\u00fdch vzpom\u00ednk\u00e1ch. Stejn\u011b tak na n\u011bho r\u00e1dy vzpom\u00ednaly moje \n\t\t\tmaminka i jej\u00ed sestra, kter\u00fdm se stal dobr\u00fdm t\u00e1tou. M\u00edval pr\u00fd pov\u011bst \n\t\t\tprchlivce, ale \u00fasm\u011bvn\u00e1 a laskav\u00e1 Ela to s n\u00edm um\u011bla a m\u011bl ji velice \n\t\t\tr\u00e1d. Spole\u010dn\u00fd rodinn\u00fd \u017eivot jim v\u0161ak byl p\u0159\u00e1n jen na pouh\u00fdch dva a \n\t\t\tp\u016fl roku. Letos je tomu pr\u00e1v\u011b 60 let, kdy se Leopold Felix (13. 11. \n\t\t\t1887 &#8211; 8. 5. 1945 Praha) ocitl na seznamech padl\u00fdch p\u0159i pra\u017esk\u00e9m \n\t\t\tpovst\u00e1n\u00ed.<br>\n\t\t\t<br>\n\t\t\tPoch\u00e1zel z Tel\u010de, kde se narodil jako prvn\u00ed syn ze t\u0159\u00ed. Kluci rostli \n\t\t\tobklopeni v\u016fn\u00ed d\u0159eva, pilin a hoblin, a tak nen\u00ed divu, \u017ee se dva z \n\t\t\tnich p\u0159idr\u017eeli t\u00e1tova truhl\u00e1\u0159sk\u00e9ho \u0159emesla. Pold\u00edk se po vyu\u010den\u00ed \n\t\t\tvydal jako spr\u00e1vn\u00fd tovary\u0161 do sv\u011bta na zku\u0161enou. Zakotvil ve V\u00eddni, \n\t\t\tkde se specializoval jako stola\u0159 a \u017eil tam cel\u00fdch 25 let. Krom\u011b \n\t\t\tdobr\u00e9 praxe a zku\u0161enost\u00ed se vr\u00e1til samoz\u0159ejm\u011b i s dokonalou znalost\u00ed \n\t\t\tn\u011bm\u010diny. Jeho prvn\u00ed man\u017eelstv\u00ed v \u010cech\u00e1ch skon\u010dilo jen po m\u00e1lo letech \n\t\t\tbezd\u011btn\u00fdm vdovectv\u00edm. Z Rakous si p\u0159ivezl mnoho v\u00fdkres\u016f i vlastn\u00edch \n\t\t\tn\u00e1pad\u016f a proto\u017ee nav\u00edc vynikal v\u0161estrannou zru\u010dnost\u00ed, otev\u0159eli si s \n\t\t\tbratrem v Doln\u00ed Liboci vlastn\u00ed dob\u0159e prosperuj\u00edc\u00ed truhl\u00e1\u0159skou d\u00edlnu. \n\t\t\tTeprve po dal\u0161\u00edch deseti letech skoncoval se svou osam\u011blost\u00ed a v \n\t\t\tlibock\u00e9m kostel\u00edku se podruh\u00e9 o\u017eenil.<br>\n\n\n\n<p>Je\u0161t\u011b p\u0159ed svatbou s ovdov\u011blou Eli\u0161kou Sovovou (8. 11. 1903 Vamberk &#8211; 16. 6. 1961 Praha) postavil u Libock\u00e9ho rybn\u00edka nouzovou stavbu \u010d. 9, kter\u00e1 nad sva\u017eitou zahradou stoj\u00ed dodnes. Svou novou rodinu um\u011bl u\u017eivit dob\u0159e a \u017eenu u\u017e do zam\u011bstn\u00e1n\u00ed nepustil. Oba byli velice aktivn\u00ed v ochotnick\u00e9m divadle. Polda byl zv\u00e1n \u201ejevi\u0161tn\u00edm mistrem\u201c &#8211; rekvizit\u00e1\u0159em, sc\u00e9n\u00e1ristou, kostym\u00e9rem i v\u00fdrobcem dopl\u0148kov\u00fdch kulis v jedn\u00e9 osob\u011b. Jeho pr\u00e1ci znali tak\u00e9 v okoln\u00edch spolc\u00edch a b\u00fdval \u017e\u00e1d\u00e1n k jejich p\u0159edstaven\u00edm jako \u0161\u00e9f v\u00fdpravy. Do jeho spr\u00e1vy p\u0159e\u0161el ve\u0161ker\u00fd \u201efundus\u201c a z jeho p\u016fj\u010dov\u00e1n\u00ed m\u011bl spolek drobn\u00e9 zisky, p\u0159\u00edpadn\u011b \u0161lo o slu\u017eby v\u00fdm\u011bnn\u00e9ho charakteru. Ela se starala o \u00fadr\u017ebu kost\u00fdm\u016f a p\u0159i p\u0159edstaven\u00edch d\u011blala n\u00e1pov\u011bdku. V rodin\u011b se vypr\u00e1v\u00ed, jak jednou vyrobil pro p\u0159edstaven\u00ed Mamzelle Nitouche trojd\u00edln\u00fd parav\u00e1n, pomaloval ho p\u00e1vy a kv\u011btinami. \u00dasp\u011bch m\u011blo nejen p\u0159edstaven\u00ed, ale i samotn\u00fd parav\u00e1n. Na\u0161la se pan\u00ed, kter\u00e1 ho cht\u011bla m\u00edt doma. Vid\u011bla to jin\u00e1 a tak se v kr\u00e1tk\u00e9 dob\u011b nahrnuly objedn\u00e1vky a zhotovil jich celkem p\u011bt nebo \u0161est. A nebyly to jen parav\u00e1ny, ale \u010dasto i jin\u00e9 dopl\u0148ky jako stole\u010dky, seda\u010dky, lavi\u010dky, stolky pod kv\u011btiny, ku\u0159\u00e1ck\u00fd stolek aj., kter\u00e9 byly na jevi\u0161ti, m\u011bly sv\u00e9 brat\u0159\u00ed\u010dky v zak\u00e1zk\u00e1ch libock\u00e9 d\u00edlny brat\u0159\u00ed Felix\u016f. Ani v l\u00e9t\u011b, kdy se divadlo nehr\u00e1lo, nez\u016fstal Polda jen v d\u00edln\u011b. O sobot\u00e1ch a ned\u011bl\u00edch dr\u017e\u00edval slu\u017ebu jako plav\u010d\u00edk na \u0161\u00e1reck\u00e9m koupali\u0161ti \u201eU Vesel\u00edka\u201c. Je mil\u00e9, \u017ee ani dnes tam nad vstupem nechyb\u00ed nov\u00fd v\u00fdv\u011bsn\u00ed \u0161t\u00edt se star\u00fdm pojmenov\u00e1n\u00edm a \u0159ady kabinek i oba baz\u00e9ny jsou po\u0159\u00e1d stejn\u00e9. Jsou neust\u00e1le nap\u00e1jeny byst\u0159inou, kter\u00e1 se vine mezi skalami, tak\u017ee \u201eVesel\u00edk\u201c je rozhodn\u011b nej\u010dist\u0161\u00ed, ale tak\u00e9 nejstuden\u011bj\u0161\u00ed pra\u017esk\u00e9 koupali\u0161t\u011b.<\/p>\n\n\n\n<p>K m\u00e9mu d\u011btstv\u00ed pat\u0159ily ned\u011bln\u00ed proch\u00e1zky s babi\u010dkou. Z Vokovic na dopoledn\u00ed m\u0161i mne vod\u00edvala okolo rybn\u00edka, a nikdy se nezapomn\u011bla ohl\u00e9dnout na \u201elibock\u00fd dome\u010dek\u201c, o kter\u00e9m um\u011bla tak hezky vypr\u00e1v\u011bt. Z kostela se pak \u0161lo na libock\u00fd h\u0159bitov, kde jsme na skrovn\u00fd rov s b\u00edlou deskou a zlat\u00fdm n\u00e1pisem RODINA FELIXOVA kladly v\u011bne\u010dky, kah\u00e1nky anebo kv\u011btiny. A na t\u011bch cest\u00e1ch jsem sl\u00fdch\u00e1vala z babi\u010d\u010din\u00fdch \u00fast o pra\u017esk\u00e9m povst\u00e1n\u00ed daleko d\u0159\u00edv, ne\u017e to p\u0159edepisovaly \u0161koln\u00ed u\u010debn\u00ed osnovy.<\/p>\n\n\n\n<p>\u201eOsvobozen\u00ed se bl\u00ed\u017eilo a v\u0161ude v Praze to v\u0159elo. Marn\u011b jsem Pold\u00edka prosila, a\u0165 z\u016fstane doma. Kdy\u017e pro n\u011bj p\u0159i\u0161li z B\u0159evnova, v\u0161ichni n\u00e1s uji\u0161\u0165ovali, \u017ee jen pot\u0159ebuj\u00ed tlumo\u010dn\u00edka, nic v\u00edc. A tak \u0161li na b\u0159evnovsk\u00fd kl\u00e1\u0161ter. Ve\u010der mi p\u0159i\u0161li \u0159\u00edct, \u017ee Pold\u00edk to dostal, kdy\u017e p\u0159el\u00e9zal n\u011bjakou ze\u010f. Je\u0161t\u011b ten den, bylo to 8. kv\u011btna, jsem b\u011b\u017eela do lazaretu s b\u00e1bovkou a bandaskou kafe, ale pozd\u011b. Pold\u00edk u\u017e tam nebyl &#8230;\u201c Takhle jsem m\u011bla cel\u00e1 l\u00e9ta v pam\u011bti \u00fatr\u017eky d\u011btsk\u00fdch vzpom\u00ednek. Kdy\u017e jsem se po mnoha letech vr\u00e1tila do m\u00edst sv\u00e9ho d\u011btstv\u00ed, za\u0161la jsem i na h\u0159bitov a hned zcela najisto jsem odbo\u010dila na tu spr\u00e1vnou p\u011b\u0161inku. Hrob je st\u00e1le t\u00fd\u017e, i deska s pouh\u00fdmi dv\u011bma slovy je st\u00e1le stejn\u00e1, jen pozl\u00e1tko z liter u\u017e set\u0159el \u010das. P\u0159esto\u017ee u\u017e m\u00e1 nov\u00e9 majitele, z\u016fstal do dne\u0161n\u00edch dn\u016f zat\u00edm nezm\u011bn\u011bn.<br><br>Moje teta popsala tu smutnou ud\u00e1lost slovy: \u201eOn ne\u0161el bojovat a ani nem\u011bl zbra\u0148. Byl parlament\u00e1\u0159, proto\u017ee um\u011bl dob\u0159e n\u011bmecky. Nesli b\u00edlou vlajku a p\u0159esto ho zast\u0159elili. V\u0161echny padl\u00e9 sv\u00e1\u017eeli do dejvick\u00e9ho kostela a maminka tam musela j\u00edt sv\u00e9ho mu\u017ee identifikovat. Dlouh\u00e1 l\u00e9ta pak m\u011bla schovan\u00fd prod\u011brav\u011bl\u00fd a krv\u00ed zahn\u011bdl\u00fd \u00fast\u0159i\u017eek jeho ruk\u00e1vu.\u201c Zran\u011bn\u00ed Leopolda Felixe bylo velmi t\u011b\u017ek\u00e9. St\u0159ela pro\u0161la pravou pa\u017e\u00ed do hrudn\u00edku a zas\u00e1hla osrde\u010dnici. Mohl p\u0159e\u017e\u00edt snad jen n\u011bkolik des\u00edtek minut. Zem\u0159el 8. kv\u011btna 1945 kr\u00e1tce po 14. hodin\u011b.<br><br>Podrobn\u011bj\u0161\u00ed \u0161et\u0159en\u00ed b\u0159evnovsk\u00fdch ud\u00e1lost\u00ed p\u0159ineslo nav\u00edc tak\u00e9 indicie, kter\u00e9 nazna\u010duj\u00ed, \u017ee p\u0159i p\u0159ekotn\u00fdch a nep\u0159ehledn\u00fdch ud\u00e1lostech toho dne nemusela ta kulka b\u00fdt zrovna n\u011bmeck\u00e1 &#8230; V \u201eAlmanachu pra\u017esk\u00e9ho povst\u00e1n\u00ed v B\u0159evnov\u011b &#8211; kv\u011bten 1945\u201c vydan\u00e9m r. 1947, jsou ud\u00e1losti pra\u017esk\u00e9ho povst\u00e1n\u00ed vyl\u00ed\u010deny a vedeny p\u0159edev\u0161\u00edm aspektem vojensk\u00fdm a pochopiteln\u011b je jim p\u0159ikl\u00e1d\u00e1n velk\u00fd v\u00fdznam.<br><br>Skute\u010dnost\u00ed z\u016fst\u00e1v\u00e1, \u017ee a\u010d vedeny voj\u00e1ky, jednotliv\u00e9 skupiny byly sestaveny ze v\u0161ech, kte\u0159\u00ed se do povst\u00e1n\u00ed zapojili. P\u0159i vypuknut\u00ed povst\u00e1n\u00ed tu Felix zaps\u00e1n nebyl, proto nen\u00ed uveden ani v z\u00e1v\u011bru publikace, kde jsou velmi p\u0159esn\u00e9 seznamy v\u0161ech \u00fa\u010dastn\u00edk\u016f povst\u00e1n\u00ed na Praze XVIII, roz\u010dlen\u011bn\u00e9 podle p\u016fsobnosti, \u010di za\u0159azen\u00ed. Svou man\u017eelku Pold\u00edk tehdy jen jednou neposlechl a to se mu stalo osudn\u00fdm. Felixovo jm\u00e9no v\u0161ak nechyb\u00ed na konci knihy v seznamu padl\u00fdch.<br><br>Kapitoly z dobov\u00e9ho materi\u00e1lu &#8211; Almanachu, jsou uspo\u0159\u00e1d\u00e1ny chronologicky, tak\u017ee p\u0159ipojuji v\u00fdpisky z text\u016f, kter\u00e9 se t\u00fdkaj\u00ed situace v B\u0159evnov\u011b ze dn\u016f 7. &#8211; 8. kv\u011btna 1945. Dokl\u00e1daj\u00ed, \u017ee p\u0159est\u0159elky okolo n\u011bmeck\u00e9ho lazaretu v b\u0159evnovsk\u00e9m kl\u00e1\u0161te\u0159e sv. Mark\u00e9ty byly iniciov\u00e1ny v n\u011bkolika vln\u00e1ch a jejich ohniska se n\u00e1sobila po\u010dtem z\u00fa\u010dastn\u011bn\u00fdch stran. Z t\u00e9\u017ee publikace je obr\u00e1zek kl\u00e1\u0161tera sv. Mark\u00e9ty.<br><br>8. kv\u011btna 1945, plk. v. v. R. Koz\u00e1k: &#8211; &#8211; Odejel jsem ke skupin\u011b B\u00edl\u00e1 Hora. Tam m\u011b ozn\u00e1mil mjr. Schnirch, \u017ee pr\u00fd plze\u0148\u0161t\u00ed partyz\u00e1ni pochodovali Mal\u00fdm B\u0159evnovem sm\u011brem na b\u0159evnovsk\u00fd kl\u00e1\u0161ter, aby jej vzali \u00fatokem. Na tuto zpr\u00e1vu jsem ihned odejel do B\u0159evnova na \u00fasek SV, &#8230; kam do\u0161lo v m\u00e9 nep\u0159\u00edtomnosti hl\u00e1\u0161en\u00ed, \u017ee pr\u00fd \u00fato\u010d\u00ed na kl\u00e1\u0161ter Sv. Mark\u00e9ty jednotky Vlasovc\u016f. Pra\u017esk\u00fd rozhlas ozn\u00e1mil rozkaz velitelstv\u00ed \u201eBarto\u0161\u201c, \u017ee s n\u011bmeckou pos\u00e1dkou vyjedn\u00e1v\u00e1 a \u017ee nutno se vyst\u0159\u00edhat v\u0161ech \u00fato\u010dn\u00fdch akc\u00ed, aby vyjedn\u00e1v\u00e1n\u00ed nebylo ru\u0161eno. Pplk. Ho\u0159ej\u0161\u00ed podjal se \u00fakolu &#8230; cel\u00fd \u00fatok zastavit, pokud by to je\u0161t\u011b bylo mo\u017en\u00e9. Na m\u00edst\u011b zjistil, \u017ee nejde o Vlasovce (jejich jednotky odt\u00e1hly ji\u017e za \u00fasvitu k Unho\u0161ti), n\u00fdbr\u017e \u017ee \u00fato\u010d\u00ed jednotky z Liboce, z V\u011btrn\u00edku a na\u0161e jednotky z B\u0159evnova. &#8211; &#8211; Rojnice ze severu vnikly na h\u0159bitov a nebylo prost\u011b lze \u00fato\u010dn\u00fd el\u00e1n bojovn\u00edk\u016f zabrzdit. &#8211; &#8211; Pplk. Ho\u0159ej\u0161\u00ed zakreslil do pl\u00e1nu celkovou situaci, obrann\u00e9 roz\u010dlen\u011bn\u00ed a rozm\u00edst\u011bn\u00ed kulomet\u016f, jako\u017e i situaci vlastn\u00edch jednotek a donesl pl\u00e1n osobn\u011b velitel\u016fm \u00fato\u010d\u00edc\u00edch jednotek k informa\u010dn\u00edm \u00fa\u010del\u016fm. T\u00edmto opat\u0159en\u00edm zam\u00fd\u0161lel cel\u00fd \u00fatok jednostrann\u011b usm\u011brnit. &#8211; &#8211; Vyslechl jsem zpr\u00e1vu &#8230; a rozhodl se, aby byl \u00fatok na kl\u00e1\u0161ter proveden.<br><br>Pplk. Vltavsk\u00fd: Velitel (skupiny Vladim\u00edr) rozhodl se pomoci skupin\u011b plk. Koz\u00e1ka vy\u010distiti kl\u00e1\u0161ter u sv. Mark\u00e9ty. \u00datok byl p\u0159ipraven na 13 hodin. Ve 14 hodin poda\u0159ilo se proniknouti ke zdi h\u0159bitova, kdy\u017e do\u0161la zpr\u00e1va, \u017ee se jedn\u00e1 o kapitulaci. Dal\u0161\u00ed projedn\u00e1v\u00e1n\u00ed kapitulace ponech\u00e1na skupin\u011b b\u0159evnovsk\u00e9.<br><br>Plk. Koz\u00e1k d\u00e1le p\u00ed\u0161e, \u017ee se po 16. hodin\u011b odebral k veliteli n\u011bmeck\u00e9 jednotky, aby ho informoval o bezpodm\u00edne\u010dn\u00e9 kapitulaci N\u011bmecka a p\u0159edlo\u017eil mu kapitula\u010dn\u00ed podm\u00ednky, s ultimatem do 18. hodiny.<br><br>Pokus civiln\u00edch b\u0159evnovsk\u00fdch parlament\u00e1\u0159\u016f tu zaznamen\u00e1n nen\u00ed. Z\u0159ejm\u011b vykro\u010dili v dob\u011b mezi p\u0159est\u0159elkami, ale p\u0159ece v ne\u0161\u0165astnou chv\u00edli a tak n\u011bjak\u00fd mo\u017en\u00e1 docela ojedin\u011bl\u00fd v\u00fdst\u0159el ukon\u010dil \u017eivot Leopolda Felixe. Necht\u011bl b\u00fdt hrdinou a do na\u0161\u00ed rodinn\u00e9 kroniky pat\u0159\u00ed p\u0159edev\u0161\u00edm jako \u010dlov\u011bk, kter\u00fd kdysi um\u011bl moj\u00ed babi\u010dce a jej\u00edm dcer\u00e1m vytvo\u0159it kouzelnou atmosf\u00e9ru klidn\u00e9ho a \u0161\u0165astn\u00e9ho domova.<\/p>\n\n\n\n<p><\/p>\n","protected":false},"excerpt":{"rendered":"<p>Nouz. \u010d. 9 Dalo by se \u0159\u00edci, \u017ee jsem m\u011bla t\u0159i d\u011bde\u010dky a p\u0159esto jsem nepoznala \u017e\u00e1dn\u00e9ho z nich. Kdy\u017e se na\u0161i brali, byli oba otcovi rodi\u010de u\u017e po smrti. Tak\u00e9 mamin\u010din otec zem\u0159el velmi mlad\u00fd &#8211; v pouh\u00fdch sedmat\u0159iceti letech. Tak jenom ten t\u0159et\u00ed, nevlastn\u00ed d\u011bde\u010dek, m\u011b znal jako nemluvn\u011b. Byl to Pold\u00edk, jak &hellip;<br \/><a href=\"https:\/\/www.periferieprahy.cz\/blog\/2025\/03\/16\/nouz-c-9-vzpominka-na-leopolda-felixe\/\" class=\"more-link pen_button pen_element_default pen_icon_arrow_double\">Pokra\u010dovat ve\u00a0\u010dten\u00ed <span class=\"screen-reader-text\">Vzpom\u00ednka na Leopolda Felixe<\/span><\/a><\/p>\n","protected":false},"author":1,"featured_media":1396,"comment_status":"open","ping_status":"open","sticky":false,"template":"","format":"standard","meta":{"_exactmetrics_skip_tracking":false,"_exactmetrics_sitenote_active":false,"_exactmetrics_sitenote_note":"","_exactmetrics_sitenote_category":0,"footnotes":""},"categories":[3],"tags":[],"post_folder":[],"class_list":["post-1390","post","type-post","status-publish","format-standard","has-post-thumbnail","hentry","category-redakce"],"_links":{"self":[{"href":"https:\/\/www.periferieprahy.cz\/blog\/wp-json\/wp\/v2\/posts\/1390","targetHints":{"allow":["GET"]}}],"collection":[{"href":"https:\/\/www.periferieprahy.cz\/blog\/wp-json\/wp\/v2\/posts"}],"about":[{"href":"https:\/\/www.periferieprahy.cz\/blog\/wp-json\/wp\/v2\/types\/post"}],"author":[{"embeddable":true,"href":"https:\/\/www.periferieprahy.cz\/blog\/wp-json\/wp\/v2\/users\/1"}],"replies":[{"embeddable":true,"href":"https:\/\/www.periferieprahy.cz\/blog\/wp-json\/wp\/v2\/comments?post=1390"}],"version-history":[{"count":5,"href":"https:\/\/www.periferieprahy.cz\/blog\/wp-json\/wp\/v2\/posts\/1390\/revisions"}],"predecessor-version":[{"id":1411,"href":"https:\/\/www.periferieprahy.cz\/blog\/wp-json\/wp\/v2\/posts\/1390\/revisions\/1411"}],"wp:featuredmedia":[{"embeddable":true,"href":"https:\/\/www.periferieprahy.cz\/blog\/wp-json\/wp\/v2\/media\/1396"}],"wp:attachment":[{"href":"https:\/\/www.periferieprahy.cz\/blog\/wp-json\/wp\/v2\/media?parent=1390"}],"wp:term":[{"taxonomy":"category","embeddable":true,"href":"https:\/\/www.periferieprahy.cz\/blog\/wp-json\/wp\/v2\/categories?post=1390"},{"taxonomy":"post_tag","embeddable":true,"href":"https:\/\/www.periferieprahy.cz\/blog\/wp-json\/wp\/v2\/tags?post=1390"},{"taxonomy":"post_folder","embeddable":true,"href":"https:\/\/www.periferieprahy.cz\/blog\/wp-json\/wp\/v2\/post_folder?post=1390"}],"curies":[{"name":"wp","href":"https:\/\/api.w.org\/{rel}","templated":true}]}}