{"id":1516,"date":"2025-03-19T11:20:04","date_gmt":"2025-03-19T10:20:04","guid":{"rendered":"https:\/\/www.periferieprahy.cz\/blog\/?p=1516"},"modified":"2025-07-08T22:45:47","modified_gmt":"2025-07-08T20:45:47","slug":"c-p-11-statek-u-rusu","status":"publish","type":"post","link":"https:\/\/www.periferieprahy.cz\/blog\/2025\/03\/19\/c-p-11-statek-u-rusu\/","title":{"rendered":"\u010c.p. 11 statek &#8222;U Rus\u016f&#8220;"},"content":{"rendered":"\n<p align=\"justify\">\n\t\t\t<img loading=\"lazy\" decoding=\"async\" border=\"0\" src=\"https:\/\/www.periferieprahy.cz\/blog\/wp-content\/uploads\/2024\/12\/pismo7_17.gif\" width=\"89\" height=\"132\" align=\"left\"><span style=\"visibility: hidden\"><font size=\"1\">R<\/font><\/span>oku \n\t\t\t1773 zde \u017eila rodina domk\u00e1\u0159e Jana Proch\u00e1zky, v roce 1785 domk\u00e1\u0159e ( \n\t\t\tpozd\u011bji je uv\u00e1d\u011bn jako chalupn\u00edk) Jana Ruse, kter\u00fd se p\u0159i\u017eenil &#8211; \n\t\t\tvzal si Annu rozenou Proch\u00e1zkovou dceru Jana Proch\u00e1zky; v roce 1815 \n\t\t\tzde hospoda\u0159il jeho syn, chalupn\u00edk Josef Rus, kter\u00fd se o\u017eenil s \n\t\t\tKate\u0159inou Wolfovou, dcerou kov\u00e1\u0159e z Drahel\u010dic. V roce 1855 zde \n\t\t\thospoda\u0159il syn ji\u017e zem\u0159el\u00e9ho Josefa Ruse &#8211; V\u00e1clav Rus a jeho \u017eena \n\t\t\tKate\u0159ina rozen\u00e1 Leskotov\u00e1 z L\u00e1n \u010d.d. 33. V\u00edce se jm\u00e9no Rus v \n\t\t\tsouvislosti s usedlost\u00ed \u010d.p.11 v matrik\u00e1ch narozen\u00fdch nevyskytuje. \n\t\t\tPo\u010d\u00e1tkem 20. stolet\u00ed zde provozoval svou \u017eivnost \u0159et\u011bzokov\u00e1\u0159 Pr\u016f\u0161a a \n\t\t\t\u017eila zde je\u0161t\u011b rodina d\u011bln\u00edka Josefa Va\u0148ka. V pozn\u00e1mk\u00e1ch pana Mare\u0161e \n\t\t\tje uv\u00e1d\u011bn roku 1921 T\u016fma V\u00e1clav.\n\n\n<div class=\"su-image-carousel  su-image-carousel-has-spacing su-image-carousel-crop su-image-carousel-crop-1-1 su-image-carousel-has-lightbox su-image-carousel-has-outline su-image-carousel-adaptive su-image-carousel-slides-style-default su-image-carousel-controls-style-dark su-image-carousel-align-center\" style=\"max-width:800px\" data-flickity-options='{\"groupCells\":true,\"cellSelector\":\".su-image-carousel-item\",\"adaptiveHeight\":false,\"cellAlign\":\"left\",\"prevNextButtons\":true,\"pageDots\":true,\"autoPlay\":3000,\"imagesLoaded\":true,\"contain\":true,\"selectedAttraction\":0.025000000000000001387778780781445675529539585113525390625,\"friction\":0.2800000000000000266453525910037569701671600341796875}' id=\"su_image_carousel_69f3113769e9f\"><div class=\"su-image-carousel-item\"><div class=\"su-image-carousel-item-content\"><a href=\"https:\/\/www.periferieprahy.cz\/blog\/wp-content\/uploads\/2025\/03\/cp11c.jpg\" data-caption=\"Pohled do ulice &quot;U Stanice&quot; od b\u00fdval\u00e9 \u017eelezni\u010dn\u00ed zast\u00e1vky &quot;Liboc&quot;. Na konci, kde odbo\u010duje ulice &quot;Rybni\u010dn\u00e1 je vid\u011bt staven\u00ed, kter\u00e9 bylo kdysi zem\u011bd\u011blskou usedlost\u00ed rodu Proch\u00e1zk\u016f, pozd\u011bji Rusovi.\"><img loading=\"lazy\" decoding=\"async\" width=\"819\" height=\"506\" src=\"https:\/\/www.periferieprahy.cz\/blog\/wp-content\/uploads\/2025\/03\/cp11c.jpg\" class=\"\" alt=\"\" srcset=\"https:\/\/www.periferieprahy.cz\/blog\/wp-content\/uploads\/2025\/03\/cp11c.jpg 819w, https:\/\/www.periferieprahy.cz\/blog\/wp-content\/uploads\/2025\/03\/cp11c-300x185.jpg 300w, https:\/\/www.periferieprahy.cz\/blog\/wp-content\/uploads\/2025\/03\/cp11c-768x474.jpg 768w\" sizes=\"auto, (max-width: 819px) 100vw, 819px\" \/><span>Pohled do ulice \"U Stanice\" od b\u00fdval\u00e9 \u017eelezni\u010dn\u00ed zast\u00e1vky \"Liboc\". Na konci, kde odbo\u010duje ulice \"Rybni\u010dn\u00e1 je vid\u011bt staven\u00ed, kter\u00e9 bylo kdysi zem\u011bd\u011blskou usedlost\u00ed rodu Proch\u00e1zk\u016f, pozd\u011bji Rusovi.<\/span><\/a><\/div><\/div><div class=\"su-image-carousel-item\"><div class=\"su-image-carousel-item-content\"><a href=\"https:\/\/www.periferieprahy.cz\/blog\/wp-content\/uploads\/2025\/03\/cp11d.jpg\" data-caption=\"Pohled do ulice &quot;U Stanice&quot; v roce 2008 p\u0159ibli\u017en\u011b ze stejn\u00e9ho m\u00edsta jako u p\u0159edchoz\u00ed fotografie.\"><img loading=\"lazy\" decoding=\"async\" width=\"1600\" height=\"1200\" src=\"https:\/\/www.periferieprahy.cz\/blog\/wp-content\/uploads\/2025\/03\/cp11d.jpg\" class=\"\" alt=\"\" srcset=\"https:\/\/www.periferieprahy.cz\/blog\/wp-content\/uploads\/2025\/03\/cp11d.jpg 1600w, https:\/\/www.periferieprahy.cz\/blog\/wp-content\/uploads\/2025\/03\/cp11d-300x225.jpg 300w, https:\/\/www.periferieprahy.cz\/blog\/wp-content\/uploads\/2025\/03\/cp11d-1024x768.jpg 1024w, https:\/\/www.periferieprahy.cz\/blog\/wp-content\/uploads\/2025\/03\/cp11d-768x576.jpg 768w, https:\/\/www.periferieprahy.cz\/blog\/wp-content\/uploads\/2025\/03\/cp11d-1536x1152.jpg 1536w\" sizes=\"auto, (max-width: 1600px) 100vw, 1600px\" \/><span>Pohled do ulice \"U Stanice\" v roce 2008 p\u0159ibli\u017en\u011b ze stejn\u00e9ho m\u00edsta jako u p\u0159edchoz\u00ed fotografie.<\/span><\/a><\/div><\/div><div class=\"su-image-carousel-item\"><div class=\"su-image-carousel-item-content\"><a href=\"https:\/\/www.periferieprahy.cz\/blog\/wp-content\/uploads\/2025\/03\/cp11a.jpg\" data-caption=\"Pokusil jsem se ud\u011blat detail z t\u00e9 \u010dernob\u00edl\u00e9 fotografie, proto\u017ee jinou, historickou fotku se mi nepoda\u0159ilo sehnat.\"><img loading=\"lazy\" decoding=\"async\" width=\"472\" height=\"378\" src=\"https:\/\/www.periferieprahy.cz\/blog\/wp-content\/uploads\/2025\/03\/cp11a.jpg\" class=\"\" alt=\"\" srcset=\"https:\/\/www.periferieprahy.cz\/blog\/wp-content\/uploads\/2025\/03\/cp11a.jpg 472w, https:\/\/www.periferieprahy.cz\/blog\/wp-content\/uploads\/2025\/03\/cp11a-300x240.jpg 300w\" sizes=\"auto, (max-width: 472px) 100vw, 472px\" \/><span>Pokusil jsem se ud\u011blat detail z t\u00e9 \u010dernob\u00edl\u00e9 fotografie, proto\u017ee jinou, historickou fotku se mi nepoda\u0159ilo sehnat.<\/span><\/a><\/div><\/div><div class=\"su-image-carousel-item\"><div class=\"su-image-carousel-item-content\"><a href=\"https:\/\/www.periferieprahy.cz\/blog\/wp-content\/uploads\/2025\/03\/cp11b.jpg\" data-caption=\"A staven\u00ed s \u010d.p. 11, kde se kdysi \u0159\u00edkalo &quot;u Rus\u016f&quot;, v roce 2008\"><img loading=\"lazy\" decoding=\"async\" width=\"791\" height=\"519\" src=\"https:\/\/www.periferieprahy.cz\/blog\/wp-content\/uploads\/2025\/03\/cp11b.jpg\" class=\"\" alt=\"\" srcset=\"https:\/\/www.periferieprahy.cz\/blog\/wp-content\/uploads\/2025\/03\/cp11b.jpg 791w, https:\/\/www.periferieprahy.cz\/blog\/wp-content\/uploads\/2025\/03\/cp11b-300x197.jpg 300w, https:\/\/www.periferieprahy.cz\/blog\/wp-content\/uploads\/2025\/03\/cp11b-768x504.jpg 768w\" sizes=\"auto, (max-width: 791px) 100vw, 791px\" \/><span>A staven\u00ed s \u010d.p. 11, kde se kdysi \u0159\u00edkalo \"u Rus\u016f\", v roce 2008<\/span><\/a><\/div><\/div><\/div><script id=\"su_image_carousel_69f3113769e9f_script\">if(window.SUImageCarousel){setTimeout(function() {window.SUImageCarousel.initGallery(document.getElementById(\"su_image_carousel_69f3113769e9f\"))}, 0);}var su_image_carousel_69f3113769e9f_script=document.getElementById(\"su_image_carousel_69f3113769e9f_script\");if(su_image_carousel_69f3113769e9f_script){su_image_carousel_69f3113769e9f_script.parentNode.removeChild(su_image_carousel_69f3113769e9f_script);}<\/script>\n\n\n\n<h2 class=\"wp-block-heading has-text-align-center\">Co se na\u0161lo v matrik\u00e1ch<\/h2>\n\n\n<div class=\"wp-block-image\">\n<figure class=\"aligncenter size-full is-resized\"><img loading=\"lazy\" decoding=\"async\" width=\"916\" height=\"180\" src=\"https:\/\/www.periferieprahy.cz\/blog\/wp-content\/uploads\/2025\/03\/cp11.h15.jpg\" alt=\"\" class=\"wp-image-1508\" style=\"width:900px\" srcset=\"https:\/\/www.periferieprahy.cz\/blog\/wp-content\/uploads\/2025\/03\/cp11.h15.jpg 916w, https:\/\/www.periferieprahy.cz\/blog\/wp-content\/uploads\/2025\/03\/cp11.h15-300x59.jpg 300w, https:\/\/www.periferieprahy.cz\/blog\/wp-content\/uploads\/2025\/03\/cp11.h15-768x151.jpg 768w\" sizes=\"auto, (max-width: 916px) 100vw, 916px\" \/><figcaption class=\"wp-element-caption\">Dne 21.11.1773 se v \u010d.p. 11 narodila a byla pok\u0159t\u011bna Veronika, <strong>dcera domk\u00e1\u0159e [casar\u00edus] Jana Proch\u00e1zky<\/strong> a jeho \u017eeny Anny<\/figcaption><\/figure>\n<\/div>\n\n<div class=\"wp-block-image\">\n<figure class=\"aligncenter size-full is-resized\"><img loading=\"lazy\" decoding=\"async\" width=\"978\" height=\"246\" src=\"https:\/\/www.periferieprahy.cz\/blog\/wp-content\/uploads\/2025\/03\/cp11.h16.jpg\" alt=\"\" class=\"wp-image-1509\" style=\"width:900px\" srcset=\"https:\/\/www.periferieprahy.cz\/blog\/wp-content\/uploads\/2025\/03\/cp11.h16.jpg 978w, https:\/\/www.periferieprahy.cz\/blog\/wp-content\/uploads\/2025\/03\/cp11.h16-300x75.jpg 300w, https:\/\/www.periferieprahy.cz\/blog\/wp-content\/uploads\/2025\/03\/cp11.h16-768x193.jpg 768w\" sizes=\"auto, (max-width: 978px) 100vw, 978px\" \/><figcaption class=\"wp-element-caption\">Dne 3.1.1785 se v \u010d.p. 11 narodila a byla 4.1. pok\u0159t\u011bna Anna, <strong>dcera domk\u00e1\u0159e Jana Ruse<\/strong> a matky Anny. <\/figcaption><\/figure>\n<\/div>\n\n<div class=\"wp-block-image\">\n<figure class=\"aligncenter size-large is-resized\"><img loading=\"lazy\" decoding=\"async\" width=\"1024\" height=\"265\" src=\"https:\/\/www.periferieprahy.cz\/blog\/wp-content\/uploads\/2025\/03\/cp11.h17-1024x265.jpg\" alt=\"\" class=\"wp-image-1510\" style=\"width:900px\" srcset=\"https:\/\/www.periferieprahy.cz\/blog\/wp-content\/uploads\/2025\/03\/cp11.h17-1024x265.jpg 1024w, https:\/\/www.periferieprahy.cz\/blog\/wp-content\/uploads\/2025\/03\/cp11.h17-300x78.jpg 300w, https:\/\/www.periferieprahy.cz\/blog\/wp-content\/uploads\/2025\/03\/cp11.h17-768x199.jpg 768w, https:\/\/www.periferieprahy.cz\/blog\/wp-content\/uploads\/2025\/03\/cp11.h17.jpg 1067w\" sizes=\"auto, (max-width: 1024px) 100vw, 1024px\" \/><figcaption class=\"wp-element-caption\">Dne 5.4.1815 se v \u010d.p. 11 narodila Marie dcera <strong>chalupn\u00edka Josefa Ruse <\/strong>a Kate\u0159iny rozen\u00e9 Wolfow\u00e1 z Drahel\u010dic <\/figcaption><\/figure>\n<\/div>\n\n<div class=\"wp-block-image\">\n<figure class=\"aligncenter size-full is-resized\"><img loading=\"lazy\" decoding=\"async\" width=\"1018\" height=\"550\" src=\"https:\/\/www.periferieprahy.cz\/blog\/wp-content\/uploads\/2025\/03\/cp11.h18.jpg\" alt=\"\" class=\"wp-image-1511\" style=\"width:1000px\" srcset=\"https:\/\/www.periferieprahy.cz\/blog\/wp-content\/uploads\/2025\/03\/cp11.h18.jpg 1018w, https:\/\/www.periferieprahy.cz\/blog\/wp-content\/uploads\/2025\/03\/cp11.h18-300x162.jpg 300w, https:\/\/www.periferieprahy.cz\/blog\/wp-content\/uploads\/2025\/03\/cp11.h18-768x415.jpg 768w\" sizes=\"auto, (max-width: 1018px) 100vw, 1018px\" \/><figcaption class=\"wp-element-caption\">Dne 30.12.1855 se v \u010d.p.  narodil Josef; <strong>otec: V\u00e1clav Rus, soused<\/strong> z Liboce \u010d. 11&#8230;.<strong>syn \u2020Josefa Rusa, souseda<\/strong> z Doln\u00ed Liboce \u010d. 11 a matky  Kate\u0159iny rozen\u00e9 Wolfov\u00e9. Matka: Leskotov\u00e1 Kate\u0159ina z L\u00e1n \u010d.d. 33 <\/figcaption><\/figure>\n<\/div>\n\n\n<p><\/p>\n","protected":false},"excerpt":{"rendered":"<p>Roku 1773 zde \u017eila rodina domk\u00e1\u0159e Jana Proch\u00e1zky, v roce 1785 domk\u00e1\u0159e ( pozd\u011bji je uv\u00e1d\u011bn jako chalupn\u00edk) Jana Ruse, kter\u00fd se p\u0159i\u017eenil &#8211; vzal si Annu rozenou Proch\u00e1zkovou dceru Jana Proch\u00e1zky; v roce 1815 zde hospoda\u0159il jeho syn, chalupn\u00edk Josef Rus, kter\u00fd se o\u017eenil s Kate\u0159inou Wolfovou, dcerou kov\u00e1\u0159e z Drahel\u010dic. V roce 1855 &hellip;<br \/><a href=\"https:\/\/www.periferieprahy.cz\/blog\/2025\/03\/19\/c-p-11-statek-u-rusu\/\" class=\"more-link pen_button pen_element_default pen_icon_arrow_double\">Pokra\u010dovat ve\u00a0\u010dten\u00ed <span class=\"screen-reader-text\">\u010c.p. 11 statek &#8222;U Rus\u016f&#8220;<\/span><\/a><\/p>\n","protected":false},"author":1,"featured_media":1512,"comment_status":"open","ping_status":"open","sticky":false,"template":"","format":"standard","meta":{"_exactmetrics_skip_tracking":false,"_exactmetrics_sitenote_active":false,"_exactmetrics_sitenote_note":"","_exactmetrics_sitenote_category":0,"footnotes":""},"categories":[35,3,34],"tags":[],"post_folder":[],"class_list":["post-1516","post","type-post","status-publish","format-standard","has-post-thumbnail","hentry","category-kovari","category-redakce","category-zemedelci"],"_links":{"self":[{"href":"https:\/\/www.periferieprahy.cz\/blog\/wp-json\/wp\/v2\/posts\/1516","targetHints":{"allow":["GET"]}}],"collection":[{"href":"https:\/\/www.periferieprahy.cz\/blog\/wp-json\/wp\/v2\/posts"}],"about":[{"href":"https:\/\/www.periferieprahy.cz\/blog\/wp-json\/wp\/v2\/types\/post"}],"author":[{"embeddable":true,"href":"https:\/\/www.periferieprahy.cz\/blog\/wp-json\/wp\/v2\/users\/1"}],"replies":[{"embeddable":true,"href":"https:\/\/www.periferieprahy.cz\/blog\/wp-json\/wp\/v2\/comments?post=1516"}],"version-history":[{"count":3,"href":"https:\/\/www.periferieprahy.cz\/blog\/wp-json\/wp\/v2\/posts\/1516\/revisions"}],"predecessor-version":[{"id":2493,"href":"https:\/\/www.periferieprahy.cz\/blog\/wp-json\/wp\/v2\/posts\/1516\/revisions\/2493"}],"wp:featuredmedia":[{"embeddable":true,"href":"https:\/\/www.periferieprahy.cz\/blog\/wp-json\/wp\/v2\/media\/1512"}],"wp:attachment":[{"href":"https:\/\/www.periferieprahy.cz\/blog\/wp-json\/wp\/v2\/media?parent=1516"}],"wp:term":[{"taxonomy":"category","embeddable":true,"href":"https:\/\/www.periferieprahy.cz\/blog\/wp-json\/wp\/v2\/categories?post=1516"},{"taxonomy":"post_tag","embeddable":true,"href":"https:\/\/www.periferieprahy.cz\/blog\/wp-json\/wp\/v2\/tags?post=1516"},{"taxonomy":"post_folder","embeddable":true,"href":"https:\/\/www.periferieprahy.cz\/blog\/wp-json\/wp\/v2\/post_folder?post=1516"}],"curies":[{"name":"wp","href":"https:\/\/api.w.org\/{rel}","templated":true}]}}