{"id":1528,"date":"2025-03-20T20:37:41","date_gmt":"2025-03-20T19:37:41","guid":{"rendered":"https:\/\/www.periferieprahy.cz\/blog\/?p=1528"},"modified":"2025-07-08T22:19:34","modified_gmt":"2025-07-08T20:19:34","slug":"c-p-12-statek-u-kozaku-pozdeji-kubrovi","status":"publish","type":"post","link":"https:\/\/www.periferieprahy.cz\/blog\/2025\/03\/20\/c-p-12-statek-u-kozaku-pozdeji-kubrovi\/","title":{"rendered":"\u010c.p. 12 Statek &#8222;U Koz\u00e1k\u016f &#8222;, pozd\u011bji Kubrovi\u00a0"},"content":{"rendered":"\n<p align=\"justify\">\n\t\t\t<img loading=\"lazy\" decoding=\"async\" border=\"0\" src=\"https:\/\/www.periferieprahy.cz\/blog\/wp-content\/uploads\/2024\/12\/pismo7_2.gif\" width=\"108\" height=\"140\" align=\"left\"><span style=\"visibility: hidden\"><font size=\"1\">B<\/font><\/span>yly \n\t\t\ttedy zbour\u00e1ny zbytky dvou zruinovan\u00fdch, nevyu\u017e\u00edvan\u00fdch &#8211; ale v Liboci \n\t\t\tbohu\u017eel nejviditeln\u011bj\u0161\u00edch &#8211; obytn\u00fdch a hospod\u00e1\u0159sk\u00fdch bu\u00addov star\u00fdch \n\t\t\tzem\u011bd\u011blsk\u00fdch usedlost\u00ed s popisn\u00fdmi \u010d\u00edsly 12 a 13. Jejich uvoln\u011bn\u00e9, \n\t\t\tsoused\u00edc\u00ed stavebn\u00ed parcely, dvory a zahrady, ohrani\u010den\u00e9 potokem, \n\t\t\tulic\u00ed U stanice a i ulic\u00ed Libockou, vytvo\u0159ily rozs\u00e1hl\u00fd prostor, \n\t\t\tur\u010den\u00fd k podobn\u00e9 z\u00e1stavb\u011b rodinn\u00fdch dom\u016f jako v are\u00e1lu b\u00fdval\u00e9ho \n\t\t\tstatku \u010dp. 7 ji\u017en\u011b od potoka. P\u0159ipome\u0148me si alespo\u0148 trochu historii \n\t\t\tt\u011bchto dvou kmenov\u00fdch libock\u00fdch statk\u016f. Statek severn\u011bj\u0161\u00ed s \u010dp. 12 \n\t\t\tm\u011bl v\u011bt\u0161\u00ed v\u00fdm\u011br pol\u00ed a luk. V pramenech k roku 1840 je jeho majitel \n\t\t\tpopisov\u00e1n jako l\u00e1n\u00edk (celol\u00e1n\u00edk) kde\u017eto u \u010dp. 13 byl hospod\u00e1\u0159 \n\t\t\tohodnocen jako p\u016fll\u00e1n\u00edk. Statek \u010dp. 12 nesl d\u0159ive pojmenov\u00e1n\u00ed &quot;U \n\t\t\tKoz\u00e1k\u016f&quot; a \u0159\u00edkalo se mu tak je\u0161t\u011b i v polovin\u011b devaten\u00e1ct\u00e9ho stolet\u00ed, \n\t\t\tkdy tu u\u017e hospoda\u0159ili Kubrov\u00e9. Po star\u00e9m rodu Koz\u00e1k\u016f se naz\u00fdv\u00e1 tak\u00e9 \n\t\t\tdodnes v\u011bt\u0161\u00ed, severn\u011bj\u0161\u00ed sk\u00e1la nad pr\u016frvou \u0160\u00e1reck\u00e9ho potoka. Na t\u00e9to \n\t\t\t&quot;Koz\u00e1kov\u011b sk\u00e1le&quot; b\u00fdvala v p\u0159edhistorick\u00e9 dob\u011b akropole v\u00fdznamn\u00e9ho \n\t\t\t\u0160\u00e1reck\u00e9ho hradi\u0161t\u011b.<br>\n\t\t\tK roku 1767 se v Liboci na statku uv\u00e1d\u00ed sedl\u00e1k Jan Koz\u00e1k, kter\u00fd &quot;m\u00e1 \n\t\t\t65 vosevn\u00fdch pol\u00ed a luk, pod 2 vozy s 2 ko\u0148ma&quot;, a statek &quot;m\u00e1 zaps\u00e1n \n\t\t\tv cen\u011b 600 zl. c. m.&quot; Roku 1785 je na statku u\u017e nov\u00fd dr\u017eitel Josef \n\t\t\tKubr, kter\u00fd se na hospod\u00e1\u0159stv\u00ed p\u0159i\u017eenil, vzal si za man\u017eelku \n\t\t\tKate\u0159inu Koz\u00e1kovou [<i>spr\u00e1vn\u011b Pochmanovou<\/i>] (nar.\n\t\t\t<a href=\"#h25\">18. 3. 1759<\/a>)&nbsp; [<i>Tady se \n\t\t\tz\u0159ejm\u011b jedn\u00e1 o omyl. Josef Kubr, <b>v t\u00e9 dob\u011b ji\u017e psan\u00fd jako sedl\u00e1k \n\t\t\tz Liboce<\/b> si vzal dne <a href=\"#h26\">20.11.1781<\/a>&nbsp; \n\t\t\tKate\u0159inu Pochmanovou z Vokovic 17, nikoliv Kate\u0159inu Koz\u00e1kovou, tak\u017ee \n\t\t\tse nep\u0159i\u017eenil do Koz\u00e1kova statku<\/i>.]. Jeho syn, tak\u00e9 Josef (nar.\n\t\t\t<a href=\"#h21\">16.6.1783<\/a>) p\u0159evzal statek po\n\t\t\t<a href=\"#h19\">3.8.1812<\/a>, kdy se o\u017eenil s Ludmilou \n\t\t\tHlad\u00edkovou z Vokovic (nar. 1788), a dr\u017eel statek asi do roku 1850 a \n\t\t\t\u017eil pak na v\u00fdm\u011bnku u syna a\u017e do sv\u00e9 smrti \n\t\t\t\u202017.1.1862. V\u00fdmink\u00e1\u0159ka Ludmila \n\t\t\tzem\u0159ela <a href=\"#h90\">14.7.1860<\/a>. Jejich syn \n\t\t\tFranti\u0161ek Kubr (nar. <a href=\"#h22\">6.8.1823<\/a>) \n\t\t\thospoda\u0159il na statku s man\u017eelkou Barborou St\u0159\u00edbrnou (nar. v Kn\u011b\u017eevsi \n\t\t\tr.1824). Krom\u011b dcer m\u011bli jen jednoho syna, Josefa (nar.\n\t\t\t<a href=\"#h23\">6.4.1851<\/a>), druh\u00fd syn V\u00e1clav (nar. \n\t\t\t1853) zem\u0159el jako jednoro\u010dn\u00ed d\u00edt\u011b. Josef Kubr se ujal statku asi ke \n\t\t\tkonci sedmdes\u00e1t\u00fdch let a byl od roku 1902 starostou libock\u00fdm. Roku \n\t\t\t1905 je t\u00e9\u017e zmi\u0148ov\u00e1n jako \u010dlen obecn\u00edho zastupitelstva spojen\u00e9 obce \n\t\t\tdolnolibock\u00e9 a osady Horn\u00ed Liboc. <i>[Posledn\u00edm hospod\u00e1\u0159em na \n\t\t\tgruntu, kter\u00e9ho se mi poda\u0159ilo zjistit, byl Josef\u016fv syn Ladislav \n\t\t\tnarozen\u00fd 25.9.1881. Ten se o\u017eenil s Miladou, rozenou \u0160\u00edchovou. \n\t\t\tNarodil se jim syn Josef&nbsp; 8.8.1910.&nbsp; Jeho stopy kon\u010d\u00ed v \n\t\t\t\u010cernovic\u00edch u T\u00e1bora, kde se o\u017eenil 7.8.1937 s Hedvikou Bu\u0159i\u010dovou]<\/i>.&nbsp;\n\t\t\t<br>\n\t\t\tZat\u00edmco ohrani\u010den\u00ed zbo\u0159en\u00e9 usedlosti \u010dp. 12 tvo\u0159ilo dlouhou frontou \n\t\t\tparcely a s branou p\u0159es polovinu d\u00e9lky kr\u00e1tk\u00e9 ulice U stanice, v n\u00ed\u017e \n\t\t\tstatek m\u011bl orienta\u010dn\u00ed \u010d\u00edslo 2, sousedn\u00ed ji\u017en\u00ed hospod\u00e1\u0159stv\u00ed \u010dp. 13 \n\t\t\thrani\u010dilo s jakousi malou n\u00e1vs\u00ed u brodu p\u0159es potok jen n\u00e1ro\u017e\u00edm \n\t\t\tstavebn\u00ed parcely a tak\u00e9 branou t\u011bsn\u011b na b\u0159ehu, a pat\u0159ilo pod orient. \n\t\t\t\u010d\u00edslem 62 u\u017e do ulice Libock\u00e9. Ta se tu u &quot;Br\u016fdku&quot; skoro kolmo lom\u00ed \n\t\t\ta st\u00e1\u010d\u00ed k z\u00e1padu.<\/p>\n\n\n\n<p class=\"has-text-align-right\"><em>prof. Jan Herink : SELSK\u00c1 LIBOC ZMIZEL\u00c1<\/em><\/p>\n\n\n\n<p class=\"has-text-align-right\"><em>P\u0159evzato z \u010dasopisu B\u0159evnovan \u201ePraha 6 v zapomenut\u00fdch obrazech 87\u201c, dopln\u011bno o nov\u011b zji\u0161t\u011bn\u00e1 fakta. Odsud jsou tak\u00e9 \u010dernob\u00edle fotografie n\u00ed\u017ee.<\/em><\/p>\n\n\n\n<p>Zb\u00fdv\u00e1 jen doplnit, \u017ee p\u0159i velk\u00e9m po\u017e\u00e1ru roku 1887 sho\u0159ela stodola a st\u00e1je. Po\u017e\u00e1r vznikl v sousedn\u00edm statku \u010d. p. 13.<\/p>\n\n\n\n<p>Tady je p\u0159ehled hospod\u00e1\u0159\u016f: 1767 Jan Koz\u00e1k sedl\u00e1k, 1785 Josef Kubr roln\u00edk, 1812 Josef Kubr, jeho syn, po roce 1850 Franti\u0161ek Kubr, kolem 1880 Josef Kubr, \u010dlen obec. zastupitelstva, 1910 Ladislav Kubr a 1921 Milada Kubrov\u00e1, Ladislavova man\u017eelka.<\/p>\n\n\n\n<p>Na statku tak\u00e9 n\u011bjak\u00fd \u010das pracoval kov\u00e1\u0159 Josef Vesel\u00fd, kter\u00fd pozd\u011bji vlastnil kov\u00e1rnu \u010d.p.42, kde byla pozd\u011bji i hospoda &#8222;U Vesel\u00fdch&#8220;, pozd\u011bji &#8222;U Vlk\u016f&#8220;. A tady, v \u010d.p. 12, se narodil *<a href=\"#josef1871\">18.12.1871 <\/a>jeho syn Josef, pozd\u011bji&nbsp; \u0159et\u011bzokov\u00e1\u0159 a hostinsk\u00fd v \u010d.p. 42.&nbsp;&nbsp;&nbsp;<\/p>\n\n\n<div class=\"su-image-carousel  su-image-carousel-has-spacing su-image-carousel-crop su-image-carousel-crop-4-3 su-image-carousel-has-lightbox su-image-carousel-has-outline su-image-carousel-adaptive su-image-carousel-slides-style-default su-image-carousel-controls-style-dark su-image-carousel-align-center\" style=\"max-width:600px\" data-flickity-options='{\"groupCells\":true,\"cellSelector\":\".su-image-carousel-item\",\"adaptiveHeight\":false,\"cellAlign\":\"left\",\"prevNextButtons\":true,\"pageDots\":true,\"autoPlay\":3000,\"imagesLoaded\":true,\"contain\":true,\"selectedAttraction\":0.025000000000000001387778780781445675529539585113525390625,\"friction\":0.2800000000000000266453525910037569701671600341796875}' id=\"su_image_carousel_69f311598eaa5\"><div class=\"su-image-carousel-item\"><div class=\"su-image-carousel-item-content\"><a href=\"https:\/\/www.periferieprahy.cz\/blog\/wp-content\/uploads\/2025\/03\/cp12a.jpg\" data-caption=\"Vlevo obytn\u00fd objekt statku \u010d.p. 12, za n\u00edm, za stromem jeho hospod\u00e1\u0159sk\u00e9 staveni a vedle n\u011bj budova \u010d.p. 13.\"><img loading=\"lazy\" decoding=\"async\" width=\"1450\" height=\"1012\" src=\"https:\/\/www.periferieprahy.cz\/blog\/wp-content\/uploads\/2025\/03\/cp12a.jpg\" class=\"\" alt=\"\" srcset=\"https:\/\/www.periferieprahy.cz\/blog\/wp-content\/uploads\/2025\/03\/cp12a.jpg 1450w, https:\/\/www.periferieprahy.cz\/blog\/wp-content\/uploads\/2025\/03\/cp12a-300x209.jpg 300w, https:\/\/www.periferieprahy.cz\/blog\/wp-content\/uploads\/2025\/03\/cp12a-1024x715.jpg 1024w, https:\/\/www.periferieprahy.cz\/blog\/wp-content\/uploads\/2025\/03\/cp12a-768x536.jpg 768w\" sizes=\"auto, (max-width: 1450px) 100vw, 1450px\" \/><span>Vlevo obytn\u00fd objekt statku \u010d.p. 12, za n\u00edm, za stromem jeho hospod\u00e1\u0159sk\u00e9 staveni a vedle n\u011bj budova \u010d.p. 13.<\/span><\/a><\/div><\/div><div class=\"su-image-carousel-item\"><div class=\"su-image-carousel-item-content\"><a href=\"https:\/\/www.periferieprahy.cz\/blog\/wp-content\/uploads\/2025\/03\/cp12d.jpg\" data-caption=\"Na m\u00edst\u011b t\u00e9 modrod\u0159ev\u011bn\u00e9 obludnosti st\u00e1l statek \u010d.p. 12, v pozad\u00ed za stromem je \u010d.p. 11. Foceno p\u0159ibli\u017en\u011b ze stejn\u00e9ho m\u00edsta jako p\u0159edchoz\u00ed sn\u00edmek.\"><img loading=\"lazy\" decoding=\"async\" width=\"1600\" height=\"1200\" src=\"https:\/\/www.periferieprahy.cz\/blog\/wp-content\/uploads\/2025\/03\/cp12d.jpg\" class=\"\" alt=\"\" srcset=\"https:\/\/www.periferieprahy.cz\/blog\/wp-content\/uploads\/2025\/03\/cp12d.jpg 1600w, https:\/\/www.periferieprahy.cz\/blog\/wp-content\/uploads\/2025\/03\/cp12d-300x225.jpg 300w, https:\/\/www.periferieprahy.cz\/blog\/wp-content\/uploads\/2025\/03\/cp12d-1024x768.jpg 1024w, https:\/\/www.periferieprahy.cz\/blog\/wp-content\/uploads\/2025\/03\/cp12d-768x576.jpg 768w, https:\/\/www.periferieprahy.cz\/blog\/wp-content\/uploads\/2025\/03\/cp12d-1536x1152.jpg 1536w\" sizes=\"auto, (max-width: 1600px) 100vw, 1600px\" \/><span>Na m\u00edst\u011b t\u00e9 modrod\u0159ev\u011bn\u00e9 obludnosti st\u00e1l statek \u010d.p. 12, v pozad\u00ed za stromem je \u010d.p. 11. Foceno p\u0159ibli\u017en\u011b ze stejn\u00e9ho m\u00edsta jako p\u0159edchoz\u00ed sn\u00edmek.<\/span><\/a><\/div><\/div><div class=\"su-image-carousel-item\"><div class=\"su-image-carousel-item-content\"><a href=\"https:\/\/www.periferieprahy.cz\/blog\/wp-content\/uploads\/2025\/03\/cp12b.jpg\" data-caption=\"Br\u00e1na s brankou statku \u010d.p. 12 a ji\u017e rozeb\u00edran\u00e9 obytn\u00e9 staven\u00ed.\"><img loading=\"lazy\" decoding=\"async\" width=\"1348\" height=\"940\" src=\"https:\/\/www.periferieprahy.cz\/blog\/wp-content\/uploads\/2025\/03\/cp12b.jpg\" class=\"\" alt=\"\" srcset=\"https:\/\/www.periferieprahy.cz\/blog\/wp-content\/uploads\/2025\/03\/cp12b.jpg 1348w, https:\/\/www.periferieprahy.cz\/blog\/wp-content\/uploads\/2025\/03\/cp12b-300x209.jpg 300w, https:\/\/www.periferieprahy.cz\/blog\/wp-content\/uploads\/2025\/03\/cp12b-1024x714.jpg 1024w, https:\/\/www.periferieprahy.cz\/blog\/wp-content\/uploads\/2025\/03\/cp12b-768x536.jpg 768w\" sizes=\"auto, (max-width: 1348px) 100vw, 1348px\" \/><span>Br\u00e1na s brankou statku \u010d.p. 12 a ji\u017e rozeb\u00edran\u00e9 obytn\u00e9 staven\u00ed.<\/span><\/a><\/div><\/div><div class=\"su-image-carousel-item\"><div class=\"su-image-carousel-item-content\"><a href=\"https:\/\/www.periferieprahy.cz\/blog\/wp-content\/uploads\/2025\/03\/cp12c.jpg\" data-caption=\"V pop\u0159ed\u00ed br\u00e1na \u010d.p. 13 &quot;U Br\u016fdkou&quot;, v pozad\u00ed obytn\u00fd objekt statku \u010d.p. 12\"><img loading=\"lazy\" decoding=\"async\" width=\"1211\" height=\"820\" src=\"https:\/\/www.periferieprahy.cz\/blog\/wp-content\/uploads\/2025\/03\/cp12c.jpg\" class=\"\" alt=\"\" srcset=\"https:\/\/www.periferieprahy.cz\/blog\/wp-content\/uploads\/2025\/03\/cp12c.jpg 1211w, https:\/\/www.periferieprahy.cz\/blog\/wp-content\/uploads\/2025\/03\/cp12c-300x203.jpg 300w, https:\/\/www.periferieprahy.cz\/blog\/wp-content\/uploads\/2025\/03\/cp12c-1024x693.jpg 1024w, https:\/\/www.periferieprahy.cz\/blog\/wp-content\/uploads\/2025\/03\/cp12c-768x520.jpg 768w\" sizes=\"auto, (max-width: 1211px) 100vw, 1211px\" \/><span>V pop\u0159ed\u00ed br\u00e1na \u010d.p. 13 \"U Br\u016fdkou\", v pozad\u00ed obytn\u00fd objekt statku \u010d.p. 12<\/span><\/a><\/div><\/div><\/div><script id=\"su_image_carousel_69f311598eaa5_script\">if(window.SUImageCarousel){setTimeout(function() {window.SUImageCarousel.initGallery(document.getElementById(\"su_image_carousel_69f311598eaa5\"))}, 0);}var su_image_carousel_69f311598eaa5_script=document.getElementById(\"su_image_carousel_69f311598eaa5_script\");if(su_image_carousel_69f311598eaa5_script){su_image_carousel_69f311598eaa5_script.parentNode.removeChild(su_image_carousel_69f311598eaa5_script);}<\/script>\n\n\n\n<h2 class=\"wp-block-heading\">Co se poda\u0159ilo nal\u00e9zt v matrik\u00e1ch<\/h2>\n\n\n<div class=\"wp-block-image\">\n<figure data-wp-context=\"{&quot;imageId&quot;:&quot;69f3115986c14&quot;}\" data-wp-interactive=\"core\/image\" data-wp-key=\"69f3115986c14\" class=\"aligncenter size-full is-resized wp-lightbox-container\" id=\"h25\"><img loading=\"lazy\" decoding=\"async\" width=\"773\" height=\"216\" data-wp-class--hide=\"state.isContentHidden\" data-wp-class--show=\"state.isContentVisible\" data-wp-init=\"callbacks.setButtonStyles\" data-wp-on--click=\"actions.showLightbox\" data-wp-on--load=\"callbacks.setButtonStyles\" data-wp-on-window--resize=\"callbacks.setButtonStyles\" src=\"https:\/\/www.periferieprahy.cz\/blog\/wp-content\/uploads\/2025\/03\/cp12.h25.jpg\" alt=\"\" class=\"wp-image-1542\" style=\"width:800px\" srcset=\"https:\/\/www.periferieprahy.cz\/blog\/wp-content\/uploads\/2025\/03\/cp12.h25.jpg 773w, https:\/\/www.periferieprahy.cz\/blog\/wp-content\/uploads\/2025\/03\/cp12.h25-300x84.jpg 300w, https:\/\/www.periferieprahy.cz\/blog\/wp-content\/uploads\/2025\/03\/cp12.h25-768x215.jpg 768w\" sizes=\"auto, (max-width: 773px) 100vw, 773px\" \/><button\n\t\t\tclass=\"lightbox-trigger\"\n\t\t\ttype=\"button\"\n\t\t\taria-haspopup=\"dialog\"\n\t\t\taria-label=\"Zv\u011bt\u0161it\"\n\t\t\tdata-wp-init=\"callbacks.initTriggerButton\"\n\t\t\tdata-wp-on--click=\"actions.showLightbox\"\n\t\t\tdata-wp-style--right=\"state.imageButtonRight\"\n\t\t\tdata-wp-style--top=\"state.imageButtonTop\"\n\t\t>\n\t\t\t<svg xmlns=\"http:\/\/www.w3.org\/2000\/svg\" width=\"12\" height=\"12\" fill=\"none\" viewBox=\"0 0 12 12\">\n\t\t\t\t<path fill=\"#fff\" d=\"M2 0a2 2 0 0 0-2 2v2h1.5V2a.5.5 0 0 1 .5-.5h2V0H2Zm2 10.5H2a.5.5 0 0 1-.5-.5V8H0v2a2 2 0 0 0 2 2h2v-1.5ZM8 12v-1.5h2a.5.5 0 0 0 .5-.5V8H12v2a2 2 0 0 1-2 2H8Zm2-12a2 2 0 0 1 2 2v2h-1.5V2a.5.5 0 0 0-.5-.5H8V0h2Z\" \/>\n\t\t\t<\/svg>\n\t\t<\/button><figcaption class=\"wp-element-caption\">18.3.1759 se ve Vokovic\u00edch narodila a 19.3. byla pok\u0159t\u011bna <strong>Kate\u0159ina, budouc\u00ed \u017eena Josefa Kubra<\/strong>. Otec Jan Pochman, matka Dorota.<\/figcaption><\/figure>\n<\/div>\n\n<div class=\"wp-block-image\">\n<figure data-wp-context=\"{&quot;imageId&quot;:&quot;69f31159871a3&quot;}\" data-wp-interactive=\"core\/image\" data-wp-key=\"69f31159871a3\" class=\"aligncenter size-full is-resized wp-lightbox-container\" id=\"h26\"><img loading=\"lazy\" decoding=\"async\" width=\"938\" height=\"214\" data-wp-class--hide=\"state.isContentHidden\" data-wp-class--show=\"state.isContentVisible\" data-wp-init=\"callbacks.setButtonStyles\" data-wp-on--click=\"actions.showLightbox\" data-wp-on--load=\"callbacks.setButtonStyles\" data-wp-on-window--resize=\"callbacks.setButtonStyles\" src=\"https:\/\/www.periferieprahy.cz\/blog\/wp-content\/uploads\/2025\/03\/cp12.h26.jpg\" alt=\"\" class=\"wp-image-1543\" style=\"width:800px\" srcset=\"https:\/\/www.periferieprahy.cz\/blog\/wp-content\/uploads\/2025\/03\/cp12.h26.jpg 938w, https:\/\/www.periferieprahy.cz\/blog\/wp-content\/uploads\/2025\/03\/cp12.h26-300x68.jpg 300w, https:\/\/www.periferieprahy.cz\/blog\/wp-content\/uploads\/2025\/03\/cp12.h26-768x175.jpg 768w\" sizes=\"auto, (max-width: 938px) 100vw, 938px\" \/><button\n\t\t\tclass=\"lightbox-trigger\"\n\t\t\ttype=\"button\"\n\t\t\taria-haspopup=\"dialog\"\n\t\t\taria-label=\"Zv\u011bt\u0161it\"\n\t\t\tdata-wp-init=\"callbacks.initTriggerButton\"\n\t\t\tdata-wp-on--click=\"actions.showLightbox\"\n\t\t\tdata-wp-style--right=\"state.imageButtonRight\"\n\t\t\tdata-wp-style--top=\"state.imageButtonTop\"\n\t\t>\n\t\t\t<svg xmlns=\"http:\/\/www.w3.org\/2000\/svg\" width=\"12\" height=\"12\" fill=\"none\" viewBox=\"0 0 12 12\">\n\t\t\t\t<path fill=\"#fff\" d=\"M2 0a2 2 0 0 0-2 2v2h1.5V2a.5.5 0 0 1 .5-.5h2V0H2Zm2 10.5H2a.5.5 0 0 1-.5-.5V8H0v2a2 2 0 0 0 2 2h2v-1.5ZM8 12v-1.5h2a.5.5 0 0 0 .5-.5V8H12v2a2 2 0 0 1-2 2H8Zm2-12a2 2 0 0 1 2 2v2h-1.5V2a.5.5 0 0 0-.5-.5H8V0h2Z\" \/>\n\t\t\t<\/svg>\n\t\t<\/button><figcaption class=\"wp-element-caption\">20.11.1781 <strong>uzav\u0159eli s\u0148atek Josef Kubr, sedl\u00e1k z Liboce<\/strong> a Kate\u0159ina Pochmanov\u00e1 z Vokovic \u010d. 17<\/figcaption><\/figure>\n<\/div>\n\n<div class=\"wp-block-image\">\n<figure data-wp-context=\"{&quot;imageId&quot;:&quot;69f3115987694&quot;}\" data-wp-interactive=\"core\/image\" data-wp-key=\"69f3115987694\" class=\"aligncenter size-full is-resized wp-lightbox-container\" id=\"h21\"><img loading=\"lazy\" decoding=\"async\" width=\"922\" height=\"334\" data-wp-class--hide=\"state.isContentHidden\" data-wp-class--show=\"state.isContentVisible\" data-wp-init=\"callbacks.setButtonStyles\" data-wp-on--click=\"actions.showLightbox\" data-wp-on--load=\"callbacks.setButtonStyles\" data-wp-on-window--resize=\"callbacks.setButtonStyles\" src=\"https:\/\/www.periferieprahy.cz\/blog\/wp-content\/uploads\/2025\/03\/image-12.png\" alt=\"\" class=\"wp-image-1544\" style=\"width:800px;height:auto\" srcset=\"https:\/\/www.periferieprahy.cz\/blog\/wp-content\/uploads\/2025\/03\/image-12.png 922w, https:\/\/www.periferieprahy.cz\/blog\/wp-content\/uploads\/2025\/03\/image-12-300x109.png 300w, https:\/\/www.periferieprahy.cz\/blog\/wp-content\/uploads\/2025\/03\/image-12-768x278.png 768w\" sizes=\"auto, (max-width: 922px) 100vw, 922px\" \/><button\n\t\t\tclass=\"lightbox-trigger\"\n\t\t\ttype=\"button\"\n\t\t\taria-haspopup=\"dialog\"\n\t\t\taria-label=\"Zv\u011bt\u0161it\"\n\t\t\tdata-wp-init=\"callbacks.initTriggerButton\"\n\t\t\tdata-wp-on--click=\"actions.showLightbox\"\n\t\t\tdata-wp-style--right=\"state.imageButtonRight\"\n\t\t\tdata-wp-style--top=\"state.imageButtonTop\"\n\t\t>\n\t\t\t<svg xmlns=\"http:\/\/www.w3.org\/2000\/svg\" width=\"12\" height=\"12\" fill=\"none\" viewBox=\"0 0 12 12\">\n\t\t\t\t<path fill=\"#fff\" d=\"M2 0a2 2 0 0 0-2 2v2h1.5V2a.5.5 0 0 1 .5-.5h2V0H2Zm2 10.5H2a.5.5 0 0 1-.5-.5V8H0v2a2 2 0 0 0 2 2h2v-1.5ZM8 12v-1.5h2a.5.5 0 0 0 .5-.5V8H12v2a2 2 0 0 1-2 2H8Zm2-12a2 2 0 0 1 2 2v2h-1.5V2a.5.5 0 0 0-.5-.5H8V0h2Z\" \/>\n\t\t\t<\/svg>\n\t\t<\/button><figcaption class=\"wp-element-caption\">16.6.1783 se v Liboci \u010d. 12 narodil a 17.6. byl pok\u0159t\u011bn Josef, <strong>otec Josef Kubr, sedl\u00e1k<\/strong> a jeho \u017eena Kate\u0159ina. Zem\u0159el 17.1.1862<\/figcaption><\/figure>\n<\/div>\n\n<div class=\"wp-block-image\">\n<figure data-wp-context=\"{&quot;imageId&quot;:&quot;69f3115987b26&quot;}\" data-wp-interactive=\"core\/image\" data-wp-key=\"69f3115987b26\" class=\"aligncenter size-large is-resized wp-lightbox-container\"><img loading=\"lazy\" decoding=\"async\" width=\"1024\" height=\"89\" data-wp-class--hide=\"state.isContentHidden\" data-wp-class--show=\"state.isContentVisible\" data-wp-init=\"callbacks.setButtonStyles\" data-wp-on--click=\"actions.showLightbox\" data-wp-on--load=\"callbacks.setButtonStyles\" data-wp-on-window--resize=\"callbacks.setButtonStyles\" src=\"https:\/\/www.periferieprahy.cz\/blog\/wp-content\/uploads\/2025\/03\/cp12.h81-1024x89.jpg\" alt=\"\" class=\"wp-image-1563\" style=\"width:800px\" srcset=\"https:\/\/www.periferieprahy.cz\/blog\/wp-content\/uploads\/2025\/03\/cp12.h81-1024x89.jpg 1024w, https:\/\/www.periferieprahy.cz\/blog\/wp-content\/uploads\/2025\/03\/cp12.h81-300x26.jpg 300w, https:\/\/www.periferieprahy.cz\/blog\/wp-content\/uploads\/2025\/03\/cp12.h81-768x67.jpg 768w, https:\/\/www.periferieprahy.cz\/blog\/wp-content\/uploads\/2025\/03\/cp12.h81.jpg 1066w\" sizes=\"auto, (max-width: 1024px) 100vw, 1024px\" \/><button\n\t\t\tclass=\"lightbox-trigger\"\n\t\t\ttype=\"button\"\n\t\t\taria-haspopup=\"dialog\"\n\t\t\taria-label=\"Zv\u011bt\u0161it\"\n\t\t\tdata-wp-init=\"callbacks.initTriggerButton\"\n\t\t\tdata-wp-on--click=\"actions.showLightbox\"\n\t\t\tdata-wp-style--right=\"state.imageButtonRight\"\n\t\t\tdata-wp-style--top=\"state.imageButtonTop\"\n\t\t>\n\t\t\t<svg xmlns=\"http:\/\/www.w3.org\/2000\/svg\" width=\"12\" height=\"12\" fill=\"none\" viewBox=\"0 0 12 12\">\n\t\t\t\t<path fill=\"#fff\" d=\"M2 0a2 2 0 0 0-2 2v2h1.5V2a.5.5 0 0 1 .5-.5h2V0H2Zm2 10.5H2a.5.5 0 0 1-.5-.5V8H0v2a2 2 0 0 0 2 2h2v-1.5ZM8 12v-1.5h2a.5.5 0 0 0 .5-.5V8H12v2a2 2 0 0 1-2 2H8Zm2-12a2 2 0 0 1 2 2v2h-1.5V2a.5.5 0 0 0-.5-.5H8V0h2Z\" \/>\n\t\t\t<\/svg>\n\t\t<\/button><figcaption class=\"wp-element-caption\">26.9.1785 se v Liboci \u010d. 12 narodil a 17.6. byl pok\u0159t\u011bn V\u00e1clav, <strong>otec Josef Kubr<\/strong>, sedl\u00e1k a jeho \u017eena Kate\u0159ina. V\u00e1clav se o\u017eenil dne 26.1.1806 s <strong>Kate\u0159inou Tu\u010dkovou<\/strong> ze sousedn\u00edho statku \u010d.p.13<\/figcaption><\/figure>\n<\/div>\n\n<div class=\"wp-block-image\">\n<figure data-wp-context=\"{&quot;imageId&quot;:&quot;69f3115987f49&quot;}\" data-wp-interactive=\"core\/image\" data-wp-key=\"69f3115987f49\" class=\"aligncenter size-large is-resized wp-lightbox-container\"><img loading=\"lazy\" decoding=\"async\" width=\"1024\" height=\"434\" data-wp-class--hide=\"state.isContentHidden\" data-wp-class--show=\"state.isContentVisible\" data-wp-init=\"callbacks.setButtonStyles\" data-wp-on--click=\"actions.showLightbox\" data-wp-on--load=\"callbacks.setButtonStyles\" data-wp-on-window--resize=\"callbacks.setButtonStyles\" src=\"https:\/\/www.periferieprahy.cz\/blog\/wp-content\/uploads\/2025\/03\/cp12.h19-1024x434.jpg\" alt=\"\" class=\"wp-image-1548\" style=\"width:800px\" srcset=\"https:\/\/www.periferieprahy.cz\/blog\/wp-content\/uploads\/2025\/03\/cp12.h19-1024x434.jpg 1024w, https:\/\/www.periferieprahy.cz\/blog\/wp-content\/uploads\/2025\/03\/cp12.h19-300x127.jpg 300w, https:\/\/www.periferieprahy.cz\/blog\/wp-content\/uploads\/2025\/03\/cp12.h19-768x326.jpg 768w, https:\/\/www.periferieprahy.cz\/blog\/wp-content\/uploads\/2025\/03\/cp12.h19.jpg 1061w\" sizes=\"auto, (max-width: 1024px) 100vw, 1024px\" \/><button\n\t\t\tclass=\"lightbox-trigger\"\n\t\t\ttype=\"button\"\n\t\t\taria-haspopup=\"dialog\"\n\t\t\taria-label=\"Zv\u011bt\u0161it\"\n\t\t\tdata-wp-init=\"callbacks.initTriggerButton\"\n\t\t\tdata-wp-on--click=\"actions.showLightbox\"\n\t\t\tdata-wp-style--right=\"state.imageButtonRight\"\n\t\t\tdata-wp-style--top=\"state.imageButtonTop\"\n\t\t>\n\t\t\t<svg xmlns=\"http:\/\/www.w3.org\/2000\/svg\" width=\"12\" height=\"12\" fill=\"none\" viewBox=\"0 0 12 12\">\n\t\t\t\t<path fill=\"#fff\" d=\"M2 0a2 2 0 0 0-2 2v2h1.5V2a.5.5 0 0 1 .5-.5h2V0H2Zm2 10.5H2a.5.5 0 0 1-.5-.5V8H0v2a2 2 0 0 0 2 2h2v-1.5ZM8 12v-1.5h2a.5.5 0 0 0 .5-.5V8H12v2a2 2 0 0 1-2 2H8Zm2-12a2 2 0 0 1 2 2v2h-1.5V2a.5.5 0 0 0-.5-.5H8V0h2Z\" \/>\n\t\t\t<\/svg>\n\t\t<\/button><\/figure>\n<\/div>\n\n<div class=\"wp-block-image\">\n<figure data-wp-context=\"{&quot;imageId&quot;:&quot;69f311598835d&quot;}\" data-wp-interactive=\"core\/image\" data-wp-key=\"69f311598835d\" class=\"aligncenter size-full is-resized wp-lightbox-container\" id=\"h19\"><img loading=\"lazy\" decoding=\"async\" width=\"952\" height=\"310\" data-wp-class--hide=\"state.isContentHidden\" data-wp-class--show=\"state.isContentVisible\" data-wp-init=\"callbacks.setButtonStyles\" data-wp-on--click=\"actions.showLightbox\" data-wp-on--load=\"callbacks.setButtonStyles\" data-wp-on-window--resize=\"callbacks.setButtonStyles\" src=\"https:\/\/www.periferieprahy.cz\/blog\/wp-content\/uploads\/2025\/03\/cp12.h20.jpg\" alt=\"\" class=\"wp-image-1549\" style=\"width:800px\" srcset=\"https:\/\/www.periferieprahy.cz\/blog\/wp-content\/uploads\/2025\/03\/cp12.h20.jpg 952w, https:\/\/www.periferieprahy.cz\/blog\/wp-content\/uploads\/2025\/03\/cp12.h20-300x98.jpg 300w, https:\/\/www.periferieprahy.cz\/blog\/wp-content\/uploads\/2025\/03\/cp12.h20-768x250.jpg 768w\" sizes=\"auto, (max-width: 952px) 100vw, 952px\" \/><button\n\t\t\tclass=\"lightbox-trigger\"\n\t\t\ttype=\"button\"\n\t\t\taria-haspopup=\"dialog\"\n\t\t\taria-label=\"Zv\u011bt\u0161it\"\n\t\t\tdata-wp-init=\"callbacks.initTriggerButton\"\n\t\t\tdata-wp-on--click=\"actions.showLightbox\"\n\t\t\tdata-wp-style--right=\"state.imageButtonRight\"\n\t\t\tdata-wp-style--top=\"state.imageButtonTop\"\n\t\t>\n\t\t\t<svg xmlns=\"http:\/\/www.w3.org\/2000\/svg\" width=\"12\" height=\"12\" fill=\"none\" viewBox=\"0 0 12 12\">\n\t\t\t\t<path fill=\"#fff\" d=\"M2 0a2 2 0 0 0-2 2v2h1.5V2a.5.5 0 0 1 .5-.5h2V0H2Zm2 10.5H2a.5.5 0 0 1-.5-.5V8H0v2a2 2 0 0 0 2 2h2v-1.5ZM8 12v-1.5h2a.5.5 0 0 0 .5-.5V8H12v2a2 2 0 0 1-2 2H8Zm2-12a2 2 0 0 1 2 2v2h-1.5V2a.5.5 0 0 0-.5-.5H8V0h2Z\" \/>\n\t\t\t<\/svg>\n\t\t<\/button><figcaption class=\"wp-element-caption\">3.8.1812 uzav\u0159eli s\u0148atek Josef, syn <strong>Josefa Kubra, sedl\u00e1ka<\/strong> z Liboce z N. 12, v\u011bk 26 let a Lidmilla, dcera Tom\u00e1\u0161e Hlad\u00edka, sedl\u00e1ka z Vokovic N.16<\/figcaption><\/figure>\n<\/div>\n\n<div class=\"wp-block-image\">\n<figure data-wp-context=\"{&quot;imageId&quot;:&quot;69f31159887c6&quot;}\" data-wp-interactive=\"core\/image\" data-wp-key=\"69f31159887c6\" class=\"aligncenter size-full is-resized wp-lightbox-container\" id=\"h22\"><img loading=\"lazy\" decoding=\"async\" width=\"1011\" height=\"330\" data-wp-class--hide=\"state.isContentHidden\" data-wp-class--show=\"state.isContentVisible\" data-wp-init=\"callbacks.setButtonStyles\" data-wp-on--click=\"actions.showLightbox\" data-wp-on--load=\"callbacks.setButtonStyles\" data-wp-on-window--resize=\"callbacks.setButtonStyles\" src=\"https:\/\/www.periferieprahy.cz\/blog\/wp-content\/uploads\/2025\/03\/cp12.h22.jpg\" alt=\"\" class=\"wp-image-1550\" style=\"width:800px\" srcset=\"https:\/\/www.periferieprahy.cz\/blog\/wp-content\/uploads\/2025\/03\/cp12.h22.jpg 1011w, https:\/\/www.periferieprahy.cz\/blog\/wp-content\/uploads\/2025\/03\/cp12.h22-300x98.jpg 300w, https:\/\/www.periferieprahy.cz\/blog\/wp-content\/uploads\/2025\/03\/cp12.h22-768x251.jpg 768w\" sizes=\"auto, (max-width: 1011px) 100vw, 1011px\" \/><button\n\t\t\tclass=\"lightbox-trigger\"\n\t\t\ttype=\"button\"\n\t\t\taria-haspopup=\"dialog\"\n\t\t\taria-label=\"Zv\u011bt\u0161it\"\n\t\t\tdata-wp-init=\"callbacks.initTriggerButton\"\n\t\t\tdata-wp-on--click=\"actions.showLightbox\"\n\t\t\tdata-wp-style--right=\"state.imageButtonRight\"\n\t\t\tdata-wp-style--top=\"state.imageButtonTop\"\n\t\t>\n\t\t\t<svg xmlns=\"http:\/\/www.w3.org\/2000\/svg\" width=\"12\" height=\"12\" fill=\"none\" viewBox=\"0 0 12 12\">\n\t\t\t\t<path fill=\"#fff\" d=\"M2 0a2 2 0 0 0-2 2v2h1.5V2a.5.5 0 0 1 .5-.5h2V0H2Zm2 10.5H2a.5.5 0 0 1-.5-.5V8H0v2a2 2 0 0 0 2 2h2v-1.5ZM8 12v-1.5h2a.5.5 0 0 0 .5-.5V8H12v2a2 2 0 0 1-2 2H8Zm2-12a2 2 0 0 1 2 2v2h-1.5V2a.5.5 0 0 0-.5-.5H8V0h2Z\" \/>\n\t\t\t<\/svg>\n\t\t<\/button><figcaption class=\"wp-element-caption\">6.8.1823 se Liboci \u010d. 12 narodil Franti\u0161ek. <strong>Otec Josef Kubr<\/strong>, sedl\u00e1k z Liboce, matka Lidmilla dcera po \u2020Tom\u00e1\u0161ovi Hlad\u00edkovi sedl\u00e1ku z Vokovic a matky Kate\u0159iny.<\/figcaption><\/figure>\n<\/div>\n\n<div class=\"wp-block-image\">\n<figure data-wp-context=\"{&quot;imageId&quot;:&quot;69f3115988c0a&quot;}\" data-wp-interactive=\"core\/image\" data-wp-key=\"69f3115988c0a\" class=\"aligncenter size-full is-resized wp-lightbox-container\"><img loading=\"lazy\" decoding=\"async\" width=\"891\" height=\"226\" data-wp-class--hide=\"state.isContentHidden\" data-wp-class--show=\"state.isContentVisible\" data-wp-init=\"callbacks.setButtonStyles\" data-wp-on--click=\"actions.showLightbox\" data-wp-on--load=\"callbacks.setButtonStyles\" data-wp-on-window--resize=\"callbacks.setButtonStyles\" src=\"https:\/\/www.periferieprahy.cz\/blog\/wp-content\/uploads\/2025\/03\/cp12.h23.jpg\" alt=\"\" class=\"wp-image-1551\" style=\"width:800px\" srcset=\"https:\/\/www.periferieprahy.cz\/blog\/wp-content\/uploads\/2025\/03\/cp12.h23.jpg 891w, https:\/\/www.periferieprahy.cz\/blog\/wp-content\/uploads\/2025\/03\/cp12.h23-300x76.jpg 300w, https:\/\/www.periferieprahy.cz\/blog\/wp-content\/uploads\/2025\/03\/cp12.h23-768x195.jpg 768w\" sizes=\"auto, (max-width: 891px) 100vw, 891px\" \/><button\n\t\t\tclass=\"lightbox-trigger\"\n\t\t\ttype=\"button\"\n\t\t\taria-haspopup=\"dialog\"\n\t\t\taria-label=\"Zv\u011bt\u0161it\"\n\t\t\tdata-wp-init=\"callbacks.initTriggerButton\"\n\t\t\tdata-wp-on--click=\"actions.showLightbox\"\n\t\t\tdata-wp-style--right=\"state.imageButtonRight\"\n\t\t\tdata-wp-style--top=\"state.imageButtonTop\"\n\t\t>\n\t\t\t<svg xmlns=\"http:\/\/www.w3.org\/2000\/svg\" width=\"12\" height=\"12\" fill=\"none\" viewBox=\"0 0 12 12\">\n\t\t\t\t<path fill=\"#fff\" d=\"M2 0a2 2 0 0 0-2 2v2h1.5V2a.5.5 0 0 1 .5-.5h2V0H2Zm2 10.5H2a.5.5 0 0 1-.5-.5V8H0v2a2 2 0 0 0 2 2h2v-1.5ZM8 12v-1.5h2a.5.5 0 0 0 .5-.5V8H12v2a2 2 0 0 1-2 2H8Zm2-12a2 2 0 0 1 2 2v2h-1.5V2a.5.5 0 0 0-.5-.5H8V0h2Z\" \/>\n\t\t\t<\/svg>\n\t\t<\/button><\/figure>\n<\/div>\n\n<div class=\"wp-block-image\">\n<figure data-wp-context=\"{&quot;imageId&quot;:&quot;69f311598901c&quot;}\" data-wp-interactive=\"core\/image\" data-wp-key=\"69f311598901c\" class=\"aligncenter size-full is-resized wp-lightbox-container\"><img loading=\"lazy\" decoding=\"async\" width=\"913\" height=\"202\" data-wp-class--hide=\"state.isContentHidden\" data-wp-class--show=\"state.isContentVisible\" data-wp-init=\"callbacks.setButtonStyles\" data-wp-on--click=\"actions.showLightbox\" data-wp-on--load=\"callbacks.setButtonStyles\" data-wp-on-window--resize=\"callbacks.setButtonStyles\" src=\"https:\/\/www.periferieprahy.cz\/blog\/wp-content\/uploads\/2025\/03\/cp12.h24.jpg\" alt=\"\" class=\"wp-image-1552\" style=\"width:800px\" srcset=\"https:\/\/www.periferieprahy.cz\/blog\/wp-content\/uploads\/2025\/03\/cp12.h24.jpg 913w, https:\/\/www.periferieprahy.cz\/blog\/wp-content\/uploads\/2025\/03\/cp12.h24-300x66.jpg 300w, https:\/\/www.periferieprahy.cz\/blog\/wp-content\/uploads\/2025\/03\/cp12.h24-768x170.jpg 768w\" sizes=\"auto, (max-width: 913px) 100vw, 913px\" \/><button\n\t\t\tclass=\"lightbox-trigger\"\n\t\t\ttype=\"button\"\n\t\t\taria-haspopup=\"dialog\"\n\t\t\taria-label=\"Zv\u011bt\u0161it\"\n\t\t\tdata-wp-init=\"callbacks.initTriggerButton\"\n\t\t\tdata-wp-on--click=\"actions.showLightbox\"\n\t\t\tdata-wp-style--right=\"state.imageButtonRight\"\n\t\t\tdata-wp-style--top=\"state.imageButtonTop\"\n\t\t>\n\t\t\t<svg xmlns=\"http:\/\/www.w3.org\/2000\/svg\" width=\"12\" height=\"12\" fill=\"none\" viewBox=\"0 0 12 12\">\n\t\t\t\t<path fill=\"#fff\" d=\"M2 0a2 2 0 0 0-2 2v2h1.5V2a.5.5 0 0 1 .5-.5h2V0H2Zm2 10.5H2a.5.5 0 0 1-.5-.5V8H0v2a2 2 0 0 0 2 2h2v-1.5ZM8 12v-1.5h2a.5.5 0 0 0 .5-.5V8H12v2a2 2 0 0 1-2 2H8Zm2-12a2 2 0 0 1 2 2v2h-1.5V2a.5.5 0 0 0-.5-.5H8V0h2Z\" \/>\n\t\t\t<\/svg>\n\t\t<\/button><\/figure>\n<\/div>\n\n<div class=\"wp-block-image\">\n<figure data-wp-context=\"{&quot;imageId&quot;:&quot;69f311598941e&quot;}\" data-wp-interactive=\"core\/image\" data-wp-key=\"69f311598941e\" class=\"aligncenter size-full is-resized wp-lightbox-container\" id=\"h23\"><img loading=\"lazy\" decoding=\"async\" width=\"790\" height=\"163\" data-wp-class--hide=\"state.isContentHidden\" data-wp-class--show=\"state.isContentVisible\" data-wp-init=\"callbacks.setButtonStyles\" data-wp-on--click=\"actions.showLightbox\" data-wp-on--load=\"callbacks.setButtonStyles\" data-wp-on-window--resize=\"callbacks.setButtonStyles\" src=\"https:\/\/www.periferieprahy.cz\/blog\/wp-content\/uploads\/2025\/03\/cp12.h87.jpg\" alt=\"\" class=\"wp-image-1564\" style=\"width:800px\" srcset=\"https:\/\/www.periferieprahy.cz\/blog\/wp-content\/uploads\/2025\/03\/cp12.h87.jpg 790w, https:\/\/www.periferieprahy.cz\/blog\/wp-content\/uploads\/2025\/03\/cp12.h87-300x62.jpg 300w, https:\/\/www.periferieprahy.cz\/blog\/wp-content\/uploads\/2025\/03\/cp12.h87-768x158.jpg 768w\" sizes=\"auto, (max-width: 790px) 100vw, 790px\" \/><button\n\t\t\tclass=\"lightbox-trigger\"\n\t\t\ttype=\"button\"\n\t\t\taria-haspopup=\"dialog\"\n\t\t\taria-label=\"Zv\u011bt\u0161it\"\n\t\t\tdata-wp-init=\"callbacks.initTriggerButton\"\n\t\t\tdata-wp-on--click=\"actions.showLightbox\"\n\t\t\tdata-wp-style--right=\"state.imageButtonRight\"\n\t\t\tdata-wp-style--top=\"state.imageButtonTop\"\n\t\t>\n\t\t\t<svg xmlns=\"http:\/\/www.w3.org\/2000\/svg\" width=\"12\" height=\"12\" fill=\"none\" viewBox=\"0 0 12 12\">\n\t\t\t\t<path fill=\"#fff\" d=\"M2 0a2 2 0 0 0-2 2v2h1.5V2a.5.5 0 0 1 .5-.5h2V0H2Zm2 10.5H2a.5.5 0 0 1-.5-.5V8H0v2a2 2 0 0 0 2 2h2v-1.5ZM8 12v-1.5h2a.5.5 0 0 0 .5-.5V8H12v2a2 2 0 0 1-2 2H8Zm2-12a2 2 0 0 1 2 2v2h-1.5V2a.5.5 0 0 0-.5-.5H8V0h2Z\" \/>\n\t\t\t<\/svg>\n\t\t<\/button><figcaption class=\"wp-element-caption\">6.4.1851 se narodil Josef, otec <strong>Franti\u0161ek Kubr&#8230;syn Josefa Kubra <\/strong>a matky Lidmilly rozen\u00e9 Hlad\u00edkov\u00e9. Matka Barbora St\u0159\u00edbrn\u00e1 dcera Josefa St\u0159\u00edbrn\u00e9ho, souseda z Velk\u00e9 Kn\u011b\u017eevi \u010d. 29 a matky Anny rozen\u00e9 Hrab\u011btov\u00e9. \u202019.11.1908<\/figcaption><\/figure>\n<\/div>\n\n<div class=\"wp-block-image\">\n<figure data-wp-context=\"{&quot;imageId&quot;:&quot;69f3115989847&quot;}\" data-wp-interactive=\"core\/image\" data-wp-key=\"69f3115989847\" class=\"aligncenter size-full is-resized wp-lightbox-container\" id=\"h90\"><img loading=\"lazy\" decoding=\"async\" width=\"950\" height=\"324\" data-wp-class--hide=\"state.isContentHidden\" data-wp-class--show=\"state.isContentVisible\" data-wp-init=\"callbacks.setButtonStyles\" data-wp-on--click=\"actions.showLightbox\" data-wp-on--load=\"callbacks.setButtonStyles\" data-wp-on-window--resize=\"callbacks.setButtonStyles\" src=\"https:\/\/www.periferieprahy.cz\/blog\/wp-content\/uploads\/2025\/03\/cp12.h90.jpg\" alt=\"\" class=\"wp-image-1566\" style=\"width:800px\" srcset=\"https:\/\/www.periferieprahy.cz\/blog\/wp-content\/uploads\/2025\/03\/cp12.h90.jpg 950w, https:\/\/www.periferieprahy.cz\/blog\/wp-content\/uploads\/2025\/03\/cp12.h90-300x102.jpg 300w, https:\/\/www.periferieprahy.cz\/blog\/wp-content\/uploads\/2025\/03\/cp12.h90-768x262.jpg 768w\" sizes=\"auto, (max-width: 950px) 100vw, 950px\" \/><button\n\t\t\tclass=\"lightbox-trigger\"\n\t\t\ttype=\"button\"\n\t\t\taria-haspopup=\"dialog\"\n\t\t\taria-label=\"Zv\u011bt\u0161it\"\n\t\t\tdata-wp-init=\"callbacks.initTriggerButton\"\n\t\t\tdata-wp-on--click=\"actions.showLightbox\"\n\t\t\tdata-wp-style--right=\"state.imageButtonRight\"\n\t\t\tdata-wp-style--top=\"state.imageButtonTop\"\n\t\t>\n\t\t\t<svg xmlns=\"http:\/\/www.w3.org\/2000\/svg\" width=\"12\" height=\"12\" fill=\"none\" viewBox=\"0 0 12 12\">\n\t\t\t\t<path fill=\"#fff\" d=\"M2 0a2 2 0 0 0-2 2v2h1.5V2a.5.5 0 0 1 .5-.5h2V0H2Zm2 10.5H2a.5.5 0 0 1-.5-.5V8H0v2a2 2 0 0 0 2 2h2v-1.5ZM8 12v-1.5h2a.5.5 0 0 0 .5-.5V8H12v2a2 2 0 0 1-2 2H8Zm2-12a2 2 0 0 1 2 2v2h-1.5V2a.5.5 0 0 0-.5-.5H8V0h2Z\" \/>\n\t\t\t<\/svg>\n\t\t<\/button><figcaption class=\"wp-element-caption\">4.7.1860 zem\u0159ela <strong>Kubrov\u00e1 Lidmilla<\/strong> rozen\u00e1 Hlad\u00edkov\u00e1<\/figcaption><\/figure>\n<\/div>\n\n<div class=\"wp-block-image\">\n<figure data-wp-context=\"{&quot;imageId&quot;:&quot;69f3115989c53&quot;}\" data-wp-interactive=\"core\/image\" data-wp-key=\"69f3115989c53\" class=\"aligncenter size-full is-resized wp-lightbox-container\"><img loading=\"lazy\" decoding=\"async\" width=\"995\" height=\"249\" data-wp-class--hide=\"state.isContentHidden\" data-wp-class--show=\"state.isContentVisible\" data-wp-init=\"callbacks.setButtonStyles\" data-wp-on--click=\"actions.showLightbox\" data-wp-on--load=\"callbacks.setButtonStyles\" data-wp-on-window--resize=\"callbacks.setButtonStyles\" src=\"https:\/\/www.periferieprahy.cz\/blog\/wp-content\/uploads\/2025\/03\/cp12.h59.jpg\" alt=\"\" class=\"wp-image-1561\" style=\"width:800px\" srcset=\"https:\/\/www.periferieprahy.cz\/blog\/wp-content\/uploads\/2025\/03\/cp12.h59.jpg 995w, https:\/\/www.periferieprahy.cz\/blog\/wp-content\/uploads\/2025\/03\/cp12.h59-300x75.jpg 300w, https:\/\/www.periferieprahy.cz\/blog\/wp-content\/uploads\/2025\/03\/cp12.h59-768x192.jpg 768w\" sizes=\"auto, (max-width: 995px) 100vw, 995px\" \/><button\n\t\t\tclass=\"lightbox-trigger\"\n\t\t\ttype=\"button\"\n\t\t\taria-haspopup=\"dialog\"\n\t\t\taria-label=\"Zv\u011bt\u0161it\"\n\t\t\tdata-wp-init=\"callbacks.initTriggerButton\"\n\t\t\tdata-wp-on--click=\"actions.showLightbox\"\n\t\t\tdata-wp-style--right=\"state.imageButtonRight\"\n\t\t\tdata-wp-style--top=\"state.imageButtonTop\"\n\t\t>\n\t\t\t<svg xmlns=\"http:\/\/www.w3.org\/2000\/svg\" width=\"12\" height=\"12\" fill=\"none\" viewBox=\"0 0 12 12\">\n\t\t\t\t<path fill=\"#fff\" d=\"M2 0a2 2 0 0 0-2 2v2h1.5V2a.5.5 0 0 1 .5-.5h2V0H2Zm2 10.5H2a.5.5 0 0 1-.5-.5V8H0v2a2 2 0 0 0 2 2h2v-1.5ZM8 12v-1.5h2a.5.5 0 0 0 .5-.5V8H12v2a2 2 0 0 1-2 2H8Zm2-12a2 2 0 0 1 2 2v2h-1.5V2a.5.5 0 0 0-.5-.5H8V0h2Z\" \/>\n\t\t\t<\/svg>\n\t\t<\/button><\/figure>\n<\/div>\n\n<div class=\"wp-block-image\">\n<figure data-wp-context=\"{&quot;imageId&quot;:&quot;69f311598a041&quot;}\" data-wp-interactive=\"core\/image\" data-wp-key=\"69f311598a041\" class=\"aligncenter size-full is-resized wp-lightbox-container\" id=\"josef1871\"><img loading=\"lazy\" decoding=\"async\" width=\"1000\" height=\"252\" data-wp-class--hide=\"state.isContentHidden\" data-wp-class--show=\"state.isContentVisible\" data-wp-init=\"callbacks.setButtonStyles\" data-wp-on--click=\"actions.showLightbox\" data-wp-on--load=\"callbacks.setButtonStyles\" data-wp-on-window--resize=\"callbacks.setButtonStyles\" src=\"https:\/\/www.periferieprahy.cz\/blog\/wp-content\/uploads\/2025\/03\/cp12.h60.jpg\" alt=\"\" class=\"wp-image-1562\" style=\"width:800px\" srcset=\"https:\/\/www.periferieprahy.cz\/blog\/wp-content\/uploads\/2025\/03\/cp12.h60.jpg 1000w, https:\/\/www.periferieprahy.cz\/blog\/wp-content\/uploads\/2025\/03\/cp12.h60-300x76.jpg 300w, https:\/\/www.periferieprahy.cz\/blog\/wp-content\/uploads\/2025\/03\/cp12.h60-768x194.jpg 768w\" sizes=\"auto, (max-width: 1000px) 100vw, 1000px\" \/><button\n\t\t\tclass=\"lightbox-trigger\"\n\t\t\ttype=\"button\"\n\t\t\taria-haspopup=\"dialog\"\n\t\t\taria-label=\"Zv\u011bt\u0161it\"\n\t\t\tdata-wp-init=\"callbacks.initTriggerButton\"\n\t\t\tdata-wp-on--click=\"actions.showLightbox\"\n\t\t\tdata-wp-style--right=\"state.imageButtonRight\"\n\t\t\tdata-wp-style--top=\"state.imageButtonTop\"\n\t\t>\n\t\t\t<svg xmlns=\"http:\/\/www.w3.org\/2000\/svg\" width=\"12\" height=\"12\" fill=\"none\" viewBox=\"0 0 12 12\">\n\t\t\t\t<path fill=\"#fff\" d=\"M2 0a2 2 0 0 0-2 2v2h1.5V2a.5.5 0 0 1 .5-.5h2V0H2Zm2 10.5H2a.5.5 0 0 1-.5-.5V8H0v2a2 2 0 0 0 2 2h2v-1.5ZM8 12v-1.5h2a.5.5 0 0 0 .5-.5V8H12v2a2 2 0 0 1-2 2H8Zm2-12a2 2 0 0 1 2 2v2h-1.5V2a.5.5 0 0 0-.5-.5H8V0h2Z\" \/>\n\t\t\t<\/svg>\n\t\t<\/button><figcaption class=\"wp-element-caption\">Josef *18.12.1871; otec <strong>Josef Vesel\u00fd, mistr kov\u00e1\u0159sk\u00fd<\/strong> z D. Liboce \u010d.12; Matka Kate\u0159ina, dcera Josefa Jab\u016frka, mistra kov\u00e1\u0159sk\u00e9ho z D. Liboce<\/figcaption><\/figure>\n<\/div>\n\n<div class=\"wp-block-image\">\n<figure data-wp-context=\"{&quot;imageId&quot;:&quot;69f311598a477&quot;}\" data-wp-interactive=\"core\/image\" data-wp-key=\"69f311598a477\" class=\"aligncenter size-full is-resized wp-lightbox-container\"><img loading=\"lazy\" decoding=\"async\" width=\"704\" height=\"245\" data-wp-class--hide=\"state.isContentHidden\" data-wp-class--show=\"state.isContentVisible\" data-wp-init=\"callbacks.setButtonStyles\" data-wp-on--click=\"actions.showLightbox\" data-wp-on--load=\"callbacks.setButtonStyles\" data-wp-on-window--resize=\"callbacks.setButtonStyles\" src=\"https:\/\/www.periferieprahy.cz\/blog\/wp-content\/uploads\/2025\/03\/cp12.h27.jpg\" alt=\"\" class=\"wp-image-1553\" style=\"width:800px\" srcset=\"https:\/\/www.periferieprahy.cz\/blog\/wp-content\/uploads\/2025\/03\/cp12.h27.jpg 704w, https:\/\/www.periferieprahy.cz\/blog\/wp-content\/uploads\/2025\/03\/cp12.h27-300x104.jpg 300w\" sizes=\"auto, (max-width: 704px) 100vw, 704px\" \/><button\n\t\t\tclass=\"lightbox-trigger\"\n\t\t\ttype=\"button\"\n\t\t\taria-haspopup=\"dialog\"\n\t\t\taria-label=\"Zv\u011bt\u0161it\"\n\t\t\tdata-wp-init=\"callbacks.initTriggerButton\"\n\t\t\tdata-wp-on--click=\"actions.showLightbox\"\n\t\t\tdata-wp-style--right=\"state.imageButtonRight\"\n\t\t\tdata-wp-style--top=\"state.imageButtonTop\"\n\t\t>\n\t\t\t<svg xmlns=\"http:\/\/www.w3.org\/2000\/svg\" width=\"12\" height=\"12\" fill=\"none\" viewBox=\"0 0 12 12\">\n\t\t\t\t<path fill=\"#fff\" d=\"M2 0a2 2 0 0 0-2 2v2h1.5V2a.5.5 0 0 1 .5-.5h2V0H2Zm2 10.5H2a.5.5 0 0 1-.5-.5V8H0v2a2 2 0 0 0 2 2h2v-1.5ZM8 12v-1.5h2a.5.5 0 0 0 .5-.5V8H12v2a2 2 0 0 1-2 2H8Zm2-12a2 2 0 0 1 2 2v2h-1.5V2a.5.5 0 0 0-.5-.5H8V0h2Z\" \/>\n\t\t\t<\/svg>\n\t\t<\/button><\/figure>\n<\/div>\n\n<div class=\"wp-block-image\">\n<figure data-wp-context=\"{&quot;imageId&quot;:&quot;69f311598a881&quot;}\" data-wp-interactive=\"core\/image\" data-wp-key=\"69f311598a881\" class=\"aligncenter size-full is-resized wp-lightbox-container\"><img loading=\"lazy\" decoding=\"async\" width=\"709\" height=\"263\" data-wp-class--hide=\"state.isContentHidden\" data-wp-class--show=\"state.isContentVisible\" data-wp-init=\"callbacks.setButtonStyles\" data-wp-on--click=\"actions.showLightbox\" data-wp-on--load=\"callbacks.setButtonStyles\" data-wp-on-window--resize=\"callbacks.setButtonStyles\" src=\"https:\/\/www.periferieprahy.cz\/blog\/wp-content\/uploads\/2025\/03\/cp12.h28.jpg\" alt=\"\" class=\"wp-image-1554\" style=\"width:800px\" srcset=\"https:\/\/www.periferieprahy.cz\/blog\/wp-content\/uploads\/2025\/03\/cp12.h28.jpg 709w, https:\/\/www.periferieprahy.cz\/blog\/wp-content\/uploads\/2025\/03\/cp12.h28-300x111.jpg 300w\" sizes=\"auto, (max-width: 709px) 100vw, 709px\" \/><button\n\t\t\tclass=\"lightbox-trigger\"\n\t\t\ttype=\"button\"\n\t\t\taria-haspopup=\"dialog\"\n\t\t\taria-label=\"Zv\u011bt\u0161it\"\n\t\t\tdata-wp-init=\"callbacks.initTriggerButton\"\n\t\t\tdata-wp-on--click=\"actions.showLightbox\"\n\t\t\tdata-wp-style--right=\"state.imageButtonRight\"\n\t\t\tdata-wp-style--top=\"state.imageButtonTop\"\n\t\t>\n\t\t\t<svg xmlns=\"http:\/\/www.w3.org\/2000\/svg\" width=\"12\" height=\"12\" fill=\"none\" viewBox=\"0 0 12 12\">\n\t\t\t\t<path fill=\"#fff\" d=\"M2 0a2 2 0 0 0-2 2v2h1.5V2a.5.5 0 0 1 .5-.5h2V0H2Zm2 10.5H2a.5.5 0 0 1-.5-.5V8H0v2a2 2 0 0 0 2 2h2v-1.5ZM8 12v-1.5h2a.5.5 0 0 0 .5-.5V8H12v2a2 2 0 0 1-2 2H8Zm2-12a2 2 0 0 1 2 2v2h-1.5V2a.5.5 0 0 0-.5-.5H8V0h2Z\" \/>\n\t\t\t<\/svg>\n\t\t<\/button><figcaption class=\"wp-element-caption\">27.4.1873 se v Liboci \u010d. 12 narodil V\u00e1clav. Otec: <strong>Josef Kubr<\/strong>, roln\u00edk z Liboce doln\u00ed \u010d. 12, syn Franti\u0161ka Kubra, roln\u00edka z Liboce Doln\u00ed \u010d. 12 a matky Barbory roz. St\u0159\u00edbrn\u00e9. Matka: Marie, rozen\u00e1 Rychta\u0159\u00edkov\u00e1..<\/figcaption><\/figure>\n<\/div>\n\n<div class=\"wp-block-image\">\n<figure data-wp-context=\"{&quot;imageId&quot;:&quot;69f311598ac79&quot;}\" data-wp-interactive=\"core\/image\" data-wp-key=\"69f311598ac79\" class=\"aligncenter size-full is-resized wp-lightbox-container\"><img loading=\"lazy\" decoding=\"async\" width=\"952\" height=\"196\" data-wp-class--hide=\"state.isContentHidden\" data-wp-class--show=\"state.isContentVisible\" data-wp-init=\"callbacks.setButtonStyles\" data-wp-on--click=\"actions.showLightbox\" data-wp-on--load=\"callbacks.setButtonStyles\" data-wp-on-window--resize=\"callbacks.setButtonStyles\" src=\"https:\/\/www.periferieprahy.cz\/blog\/wp-content\/uploads\/2025\/03\/cp12.h29.jpg\" alt=\"\" class=\"wp-image-1555\" style=\"width:800px\" srcset=\"https:\/\/www.periferieprahy.cz\/blog\/wp-content\/uploads\/2025\/03\/cp12.h29.jpg 952w, https:\/\/www.periferieprahy.cz\/blog\/wp-content\/uploads\/2025\/03\/cp12.h29-300x62.jpg 300w, https:\/\/www.periferieprahy.cz\/blog\/wp-content\/uploads\/2025\/03\/cp12.h29-768x158.jpg 768w\" sizes=\"auto, (max-width: 952px) 100vw, 952px\" \/><button\n\t\t\tclass=\"lightbox-trigger\"\n\t\t\ttype=\"button\"\n\t\t\taria-haspopup=\"dialog\"\n\t\t\taria-label=\"Zv\u011bt\u0161it\"\n\t\t\tdata-wp-init=\"callbacks.initTriggerButton\"\n\t\t\tdata-wp-on--click=\"actions.showLightbox\"\n\t\t\tdata-wp-style--right=\"state.imageButtonRight\"\n\t\t\tdata-wp-style--top=\"state.imageButtonTop\"\n\t\t>\n\t\t\t<svg xmlns=\"http:\/\/www.w3.org\/2000\/svg\" width=\"12\" height=\"12\" fill=\"none\" viewBox=\"0 0 12 12\">\n\t\t\t\t<path fill=\"#fff\" d=\"M2 0a2 2 0 0 0-2 2v2h1.5V2a.5.5 0 0 1 .5-.5h2V0H2Zm2 10.5H2a.5.5 0 0 1-.5-.5V8H0v2a2 2 0 0 0 2 2h2v-1.5ZM8 12v-1.5h2a.5.5 0 0 0 .5-.5V8H12v2a2 2 0 0 1-2 2H8Zm2-12a2 2 0 0 1 2 2v2h-1.5V2a.5.5 0 0 0-.5-.5H8V0h2Z\" \/>\n\t\t\t<\/svg>\n\t\t<\/button><\/figure>\n<\/div>\n\n<div class=\"wp-block-image\">\n<figure data-wp-context=\"{&quot;imageId&quot;:&quot;69f311598b080&quot;}\" data-wp-interactive=\"core\/image\" data-wp-key=\"69f311598b080\" class=\"aligncenter size-large is-resized wp-lightbox-container\"><img loading=\"lazy\" decoding=\"async\" width=\"1024\" height=\"231\" data-wp-class--hide=\"state.isContentHidden\" data-wp-class--show=\"state.isContentVisible\" data-wp-init=\"callbacks.setButtonStyles\" data-wp-on--click=\"actions.showLightbox\" data-wp-on--load=\"callbacks.setButtonStyles\" data-wp-on-window--resize=\"callbacks.setButtonStyles\" src=\"https:\/\/www.periferieprahy.cz\/blog\/wp-content\/uploads\/2025\/03\/cp12.h30-1024x231.jpg\" alt=\"\" class=\"wp-image-1556\" style=\"width:800px\" srcset=\"https:\/\/www.periferieprahy.cz\/blog\/wp-content\/uploads\/2025\/03\/cp12.h30-1024x231.jpg 1024w, https:\/\/www.periferieprahy.cz\/blog\/wp-content\/uploads\/2025\/03\/cp12.h30-300x68.jpg 300w, https:\/\/www.periferieprahy.cz\/blog\/wp-content\/uploads\/2025\/03\/cp12.h30-768x173.jpg 768w, https:\/\/www.periferieprahy.cz\/blog\/wp-content\/uploads\/2025\/03\/cp12.h30.jpg 1038w\" sizes=\"auto, (max-width: 1024px) 100vw, 1024px\" \/><button\n\t\t\tclass=\"lightbox-trigger\"\n\t\t\ttype=\"button\"\n\t\t\taria-haspopup=\"dialog\"\n\t\t\taria-label=\"Zv\u011bt\u0161it\"\n\t\t\tdata-wp-init=\"callbacks.initTriggerButton\"\n\t\t\tdata-wp-on--click=\"actions.showLightbox\"\n\t\t\tdata-wp-style--right=\"state.imageButtonRight\"\n\t\t\tdata-wp-style--top=\"state.imageButtonTop\"\n\t\t>\n\t\t\t<svg xmlns=\"http:\/\/www.w3.org\/2000\/svg\" width=\"12\" height=\"12\" fill=\"none\" viewBox=\"0 0 12 12\">\n\t\t\t\t<path fill=\"#fff\" d=\"M2 0a2 2 0 0 0-2 2v2h1.5V2a.5.5 0 0 1 .5-.5h2V0H2Zm2 10.5H2a.5.5 0 0 1-.5-.5V8H0v2a2 2 0 0 0 2 2h2v-1.5ZM8 12v-1.5h2a.5.5 0 0 0 .5-.5V8H12v2a2 2 0 0 1-2 2H8Zm2-12a2 2 0 0 1 2 2v2h-1.5V2a.5.5 0 0 0-.5-.5H8V0h2Z\" \/>\n\t\t\t<\/svg>\n\t\t<\/button><\/figure>\n<\/div>\n\n<div class=\"wp-block-image\">\n<figure data-wp-context=\"{&quot;imageId&quot;:&quot;69f311598b45a&quot;}\" data-wp-interactive=\"core\/image\" data-wp-key=\"69f311598b45a\" class=\"aligncenter size-full is-resized wp-lightbox-container\"><img loading=\"lazy\" decoding=\"async\" width=\"905\" height=\"178\" data-wp-class--hide=\"state.isContentHidden\" data-wp-class--show=\"state.isContentVisible\" data-wp-init=\"callbacks.setButtonStyles\" data-wp-on--click=\"actions.showLightbox\" data-wp-on--load=\"callbacks.setButtonStyles\" data-wp-on-window--resize=\"callbacks.setButtonStyles\" src=\"https:\/\/www.periferieprahy.cz\/blog\/wp-content\/uploads\/2025\/03\/cp12.h88.jpg\" alt=\"\" class=\"wp-image-1565\" style=\"width:800px\" srcset=\"https:\/\/www.periferieprahy.cz\/blog\/wp-content\/uploads\/2025\/03\/cp12.h88.jpg 905w, https:\/\/www.periferieprahy.cz\/blog\/wp-content\/uploads\/2025\/03\/cp12.h88-300x59.jpg 300w, https:\/\/www.periferieprahy.cz\/blog\/wp-content\/uploads\/2025\/03\/cp12.h88-768x151.jpg 768w\" sizes=\"auto, (max-width: 905px) 100vw, 905px\" \/><button\n\t\t\tclass=\"lightbox-trigger\"\n\t\t\ttype=\"button\"\n\t\t\taria-haspopup=\"dialog\"\n\t\t\taria-label=\"Zv\u011bt\u0161it\"\n\t\t\tdata-wp-init=\"callbacks.initTriggerButton\"\n\t\t\tdata-wp-on--click=\"actions.showLightbox\"\n\t\t\tdata-wp-style--right=\"state.imageButtonRight\"\n\t\t\tdata-wp-style--top=\"state.imageButtonTop\"\n\t\t>\n\t\t\t<svg xmlns=\"http:\/\/www.w3.org\/2000\/svg\" width=\"12\" height=\"12\" fill=\"none\" viewBox=\"0 0 12 12\">\n\t\t\t\t<path fill=\"#fff\" d=\"M2 0a2 2 0 0 0-2 2v2h1.5V2a.5.5 0 0 1 .5-.5h2V0H2Zm2 10.5H2a.5.5 0 0 1-.5-.5V8H0v2a2 2 0 0 0 2 2h2v-1.5ZM8 12v-1.5h2a.5.5 0 0 0 .5-.5V8H12v2a2 2 0 0 1-2 2H8Zm2-12a2 2 0 0 1 2 2v2h-1.5V2a.5.5 0 0 0-.5-.5H8V0h2Z\" \/>\n\t\t\t<\/svg>\n\t\t<\/button><figcaption class=\"wp-element-caption\">4.8.1876 se v Liboci \u010d. 12 narodil Josef. <strong>Otec: Josef Kubr<\/strong>, roln\u00edk z Liboce doln\u00ed \u010d. 12, syn Franti\u0161ka Kubra, roln\u00edka z Liboce Doln\u00ed \u010d. 12 a matky Barbory roz. St\u0159\u00edbrn\u00e9. Matka: Marie, rozen\u00e1 Rychta\u0159\u00edkov\u00e1. \u20207.9.1908.<\/figcaption><\/figure>\n<\/div>\n\n<div class=\"wp-block-image\">\n<figure data-wp-context=\"{&quot;imageId&quot;:&quot;69f311598b928&quot;}\" data-wp-interactive=\"core\/image\" data-wp-key=\"69f311598b928\" class=\"aligncenter size-full is-resized wp-lightbox-container\"><img loading=\"lazy\" decoding=\"async\" width=\"767\" height=\"221\" data-wp-class--hide=\"state.isContentHidden\" data-wp-class--show=\"state.isContentVisible\" data-wp-init=\"callbacks.setButtonStyles\" data-wp-on--click=\"actions.showLightbox\" data-wp-on--load=\"callbacks.setButtonStyles\" data-wp-on-window--resize=\"callbacks.setButtonStyles\" src=\"https:\/\/www.periferieprahy.cz\/blog\/wp-content\/uploads\/2025\/03\/cp12.h31.jpg\" alt=\"\" class=\"wp-image-1557\" style=\"width:799px\" srcset=\"https:\/\/www.periferieprahy.cz\/blog\/wp-content\/uploads\/2025\/03\/cp12.h31.jpg 767w, https:\/\/www.periferieprahy.cz\/blog\/wp-content\/uploads\/2025\/03\/cp12.h31-300x86.jpg 300w\" sizes=\"auto, (max-width: 767px) 100vw, 767px\" \/><button\n\t\t\tclass=\"lightbox-trigger\"\n\t\t\ttype=\"button\"\n\t\t\taria-haspopup=\"dialog\"\n\t\t\taria-label=\"Zv\u011bt\u0161it\"\n\t\t\tdata-wp-init=\"callbacks.initTriggerButton\"\n\t\t\tdata-wp-on--click=\"actions.showLightbox\"\n\t\t\tdata-wp-style--right=\"state.imageButtonRight\"\n\t\t\tdata-wp-style--top=\"state.imageButtonTop\"\n\t\t>\n\t\t\t<svg xmlns=\"http:\/\/www.w3.org\/2000\/svg\" width=\"12\" height=\"12\" fill=\"none\" viewBox=\"0 0 12 12\">\n\t\t\t\t<path fill=\"#fff\" d=\"M2 0a2 2 0 0 0-2 2v2h1.5V2a.5.5 0 0 1 .5-.5h2V0H2Zm2 10.5H2a.5.5 0 0 1-.5-.5V8H0v2a2 2 0 0 0 2 2h2v-1.5ZM8 12v-1.5h2a.5.5 0 0 0 .5-.5V8H12v2a2 2 0 0 1-2 2H8Zm2-12a2 2 0 0 1 2 2v2h-1.5V2a.5.5 0 0 0-.5-.5H8V0h2Z\" \/>\n\t\t\t<\/svg>\n\t\t<\/button><\/figure>\n<\/div>\n\n<div class=\"wp-block-image\">\n<figure data-wp-context=\"{&quot;imageId&quot;:&quot;69f311598be08&quot;}\" data-wp-interactive=\"core\/image\" data-wp-key=\"69f311598be08\" class=\"aligncenter size-full is-resized wp-lightbox-container\"><img loading=\"lazy\" decoding=\"async\" width=\"1003\" height=\"299\" data-wp-class--hide=\"state.isContentHidden\" data-wp-class--show=\"state.isContentVisible\" data-wp-init=\"callbacks.setButtonStyles\" data-wp-on--click=\"actions.showLightbox\" data-wp-on--load=\"callbacks.setButtonStyles\" data-wp-on-window--resize=\"callbacks.setButtonStyles\" src=\"https:\/\/www.periferieprahy.cz\/blog\/wp-content\/uploads\/2025\/03\/cp12.h32.jpg\" alt=\"\" class=\"wp-image-1558\" style=\"width:800px\" srcset=\"https:\/\/www.periferieprahy.cz\/blog\/wp-content\/uploads\/2025\/03\/cp12.h32.jpg 1003w, https:\/\/www.periferieprahy.cz\/blog\/wp-content\/uploads\/2025\/03\/cp12.h32-300x89.jpg 300w, https:\/\/www.periferieprahy.cz\/blog\/wp-content\/uploads\/2025\/03\/cp12.h32-768x229.jpg 768w\" sizes=\"auto, (max-width: 1003px) 100vw, 1003px\" \/><button\n\t\t\tclass=\"lightbox-trigger\"\n\t\t\ttype=\"button\"\n\t\t\taria-haspopup=\"dialog\"\n\t\t\taria-label=\"Zv\u011bt\u0161it\"\n\t\t\tdata-wp-init=\"callbacks.initTriggerButton\"\n\t\t\tdata-wp-on--click=\"actions.showLightbox\"\n\t\t\tdata-wp-style--right=\"state.imageButtonRight\"\n\t\t\tdata-wp-style--top=\"state.imageButtonTop\"\n\t\t>\n\t\t\t<svg xmlns=\"http:\/\/www.w3.org\/2000\/svg\" width=\"12\" height=\"12\" fill=\"none\" viewBox=\"0 0 12 12\">\n\t\t\t\t<path fill=\"#fff\" d=\"M2 0a2 2 0 0 0-2 2v2h1.5V2a.5.5 0 0 1 .5-.5h2V0H2Zm2 10.5H2a.5.5 0 0 1-.5-.5V8H0v2a2 2 0 0 0 2 2h2v-1.5ZM8 12v-1.5h2a.5.5 0 0 0 .5-.5V8H12v2a2 2 0 0 1-2 2H8Zm2-12a2 2 0 0 1 2 2v2h-1.5V2a.5.5 0 0 0-.5-.5H8V0h2Z\" \/>\n\t\t\t<\/svg>\n\t\t<\/button><figcaption class=\"wp-element-caption\">25.9.1881 se v Liboci \u010d. 12 narodil Ladislav. Otec: Josef Kubr, roln\u00edk z Liboce doln\u00ed \u010d. 12,  syn Franti\u0161ka Kubra, roln\u00edka z Liboce Doln\u00ed \u010d. 12 a matky Barbory roz. St\u0159\u00edbrn\u00e9. Matka: Marie, rozen\u00e1 Rychta\u0159\u00edkov\u00e1.. <\/figcaption><\/figure>\n<\/div>\n\n<div class=\"wp-block-image\">\n<figure data-wp-context=\"{&quot;imageId&quot;:&quot;69f311598c2d8&quot;}\" data-wp-interactive=\"core\/image\" data-wp-key=\"69f311598c2d8\" class=\"aligncenter size-full is-resized wp-lightbox-container\"><img loading=\"lazy\" decoding=\"async\" width=\"819\" height=\"225\" data-wp-class--hide=\"state.isContentHidden\" data-wp-class--show=\"state.isContentVisible\" data-wp-init=\"callbacks.setButtonStyles\" data-wp-on--click=\"actions.showLightbox\" data-wp-on--load=\"callbacks.setButtonStyles\" data-wp-on-window--resize=\"callbacks.setButtonStyles\" src=\"https:\/\/www.periferieprahy.cz\/blog\/wp-content\/uploads\/2025\/03\/cp12.h33.jpg\" alt=\"\" class=\"wp-image-1559\" style=\"width:800px\" srcset=\"https:\/\/www.periferieprahy.cz\/blog\/wp-content\/uploads\/2025\/03\/cp12.h33.jpg 819w, https:\/\/www.periferieprahy.cz\/blog\/wp-content\/uploads\/2025\/03\/cp12.h33-300x82.jpg 300w, https:\/\/www.periferieprahy.cz\/blog\/wp-content\/uploads\/2025\/03\/cp12.h33-768x211.jpg 768w\" sizes=\"auto, (max-width: 819px) 100vw, 819px\" \/><button\n\t\t\tclass=\"lightbox-trigger\"\n\t\t\ttype=\"button\"\n\t\t\taria-haspopup=\"dialog\"\n\t\t\taria-label=\"Zv\u011bt\u0161it\"\n\t\t\tdata-wp-init=\"callbacks.initTriggerButton\"\n\t\t\tdata-wp-on--click=\"actions.showLightbox\"\n\t\t\tdata-wp-style--right=\"state.imageButtonRight\"\n\t\t\tdata-wp-style--top=\"state.imageButtonTop\"\n\t\t>\n\t\t\t<svg xmlns=\"http:\/\/www.w3.org\/2000\/svg\" width=\"12\" height=\"12\" fill=\"none\" viewBox=\"0 0 12 12\">\n\t\t\t\t<path fill=\"#fff\" d=\"M2 0a2 2 0 0 0-2 2v2h1.5V2a.5.5 0 0 1 .5-.5h2V0H2Zm2 10.5H2a.5.5 0 0 1-.5-.5V8H0v2a2 2 0 0 0 2 2h2v-1.5ZM8 12v-1.5h2a.5.5 0 0 0 .5-.5V8H12v2a2 2 0 0 1-2 2H8Zm2-12a2 2 0 0 1 2 2v2h-1.5V2a.5.5 0 0 0-.5-.5H8V0h2Z\" \/>\n\t\t\t<\/svg>\n\t\t<\/button><\/figure>\n<\/div>\n\n<div class=\"wp-block-image\">\n<figure data-wp-context=\"{&quot;imageId&quot;:&quot;69f311598c7c7&quot;}\" data-wp-interactive=\"core\/image\" data-wp-key=\"69f311598c7c7\" class=\"aligncenter size-full is-resized wp-lightbox-container\"><img loading=\"lazy\" decoding=\"async\" width=\"823\" height=\"232\" data-wp-class--hide=\"state.isContentHidden\" data-wp-class--show=\"state.isContentVisible\" data-wp-init=\"callbacks.setButtonStyles\" data-wp-on--click=\"actions.showLightbox\" data-wp-on--load=\"callbacks.setButtonStyles\" data-wp-on-window--resize=\"callbacks.setButtonStyles\" src=\"https:\/\/www.periferieprahy.cz\/blog\/wp-content\/uploads\/2025\/03\/cp12.h34.jpg\" alt=\"\" class=\"wp-image-1560\" style=\"width:803px\" srcset=\"https:\/\/www.periferieprahy.cz\/blog\/wp-content\/uploads\/2025\/03\/cp12.h34.jpg 823w, https:\/\/www.periferieprahy.cz\/blog\/wp-content\/uploads\/2025\/03\/cp12.h34-300x85.jpg 300w, https:\/\/www.periferieprahy.cz\/blog\/wp-content\/uploads\/2025\/03\/cp12.h34-768x216.jpg 768w\" sizes=\"auto, (max-width: 823px) 100vw, 823px\" \/><button\n\t\t\tclass=\"lightbox-trigger\"\n\t\t\ttype=\"button\"\n\t\t\taria-haspopup=\"dialog\"\n\t\t\taria-label=\"Zv\u011bt\u0161it\"\n\t\t\tdata-wp-init=\"callbacks.initTriggerButton\"\n\t\t\tdata-wp-on--click=\"actions.showLightbox\"\n\t\t\tdata-wp-style--right=\"state.imageButtonRight\"\n\t\t\tdata-wp-style--top=\"state.imageButtonTop\"\n\t\t>\n\t\t\t<svg xmlns=\"http:\/\/www.w3.org\/2000\/svg\" width=\"12\" height=\"12\" fill=\"none\" viewBox=\"0 0 12 12\">\n\t\t\t\t<path fill=\"#fff\" d=\"M2 0a2 2 0 0 0-2 2v2h1.5V2a.5.5 0 0 1 .5-.5h2V0H2Zm2 10.5H2a.5.5 0 0 1-.5-.5V8H0v2a2 2 0 0 0 2 2h2v-1.5ZM8 12v-1.5h2a.5.5 0 0 0 .5-.5V8H12v2a2 2 0 0 1-2 2H8Zm2-12a2 2 0 0 1 2 2v2h-1.5V2a.5.5 0 0 0-.5-.5H8V0h2Z\" \/>\n\t\t\t<\/svg>\n\t\t<\/button><figcaption class=\"wp-element-caption\">8.8. 1910 se v Liboci \u010d.12 narodil Josef. Otec: Ladislav Kubr, roln\u00edk v Doln\u00ed Liboci \u010d. 12&#8230;.syn Josefa Kubra a Marie roz. Rychta\u0159\u00edkov\u00e9 z p\u0159edn\u00ed Kopaniny \u010d. 2. Matka: Milada rozen\u00e1 \u0160\u00edchov\u00e1 z P\u0159edn\u00ed Kopaniny&#8230;<\/figcaption><\/figure>\n<\/div>\n\n\n<p><\/p>\n","protected":false},"excerpt":{"rendered":"<p>Byly tedy zbour\u00e1ny zbytky dvou zruinovan\u00fdch, nevyu\u017e\u00edvan\u00fdch &#8211; ale v Liboci bohu\u017eel nejviditeln\u011bj\u0161\u00edch &#8211; obytn\u00fdch a hospod\u00e1\u0159sk\u00fdch bu\u00addov star\u00fdch zem\u011bd\u011blsk\u00fdch usedlost\u00ed s popisn\u00fdmi \u010d\u00edsly 12 a 13. Jejich uvoln\u011bn\u00e9, soused\u00edc\u00ed stavebn\u00ed parcely, dvory a zahrady, ohrani\u010den\u00e9 potokem, ulic\u00ed U stanice a i ulic\u00ed Libockou, vytvo\u0159ily rozs\u00e1hl\u00fd prostor, ur\u010den\u00fd k podobn\u00e9 z\u00e1stavb\u011b rodinn\u00fdch dom\u016f jako v &hellip;<br \/><a href=\"https:\/\/www.periferieprahy.cz\/blog\/2025\/03\/20\/c-p-12-statek-u-kozaku-pozdeji-kubrovi\/\" class=\"more-link pen_button pen_element_default pen_icon_arrow_double\">Pokra\u010dovat ve\u00a0\u010dten\u00ed <span class=\"screen-reader-text\">\u010c.p. 12 Statek &#8222;U Koz\u00e1k\u016f &#8222;, pozd\u011bji Kubrovi\u00a0<\/span><\/a><\/p>\n","protected":false},"author":1,"featured_media":1525,"comment_status":"open","ping_status":"open","sticky":false,"template":"","format":"standard","meta":{"_exactmetrics_skip_tracking":false,"_exactmetrics_sitenote_active":false,"_exactmetrics_sitenote_note":"","_exactmetrics_sitenote_category":0,"footnotes":""},"categories":[3,34],"tags":[],"post_folder":[],"class_list":["post-1528","post","type-post","status-publish","format-standard","has-post-thumbnail","hentry","category-redakce","category-zemedelci"],"_links":{"self":[{"href":"https:\/\/www.periferieprahy.cz\/blog\/wp-json\/wp\/v2\/posts\/1528","targetHints":{"allow":["GET"]}}],"collection":[{"href":"https:\/\/www.periferieprahy.cz\/blog\/wp-json\/wp\/v2\/posts"}],"about":[{"href":"https:\/\/www.periferieprahy.cz\/blog\/wp-json\/wp\/v2\/types\/post"}],"author":[{"embeddable":true,"href":"https:\/\/www.periferieprahy.cz\/blog\/wp-json\/wp\/v2\/users\/1"}],"replies":[{"embeddable":true,"href":"https:\/\/www.periferieprahy.cz\/blog\/wp-json\/wp\/v2\/comments?post=1528"}],"version-history":[{"count":5,"href":"https:\/\/www.periferieprahy.cz\/blog\/wp-json\/wp\/v2\/posts\/1528\/revisions"}],"predecessor-version":[{"id":2492,"href":"https:\/\/www.periferieprahy.cz\/blog\/wp-json\/wp\/v2\/posts\/1528\/revisions\/2492"}],"wp:featuredmedia":[{"embeddable":true,"href":"https:\/\/www.periferieprahy.cz\/blog\/wp-json\/wp\/v2\/media\/1525"}],"wp:attachment":[{"href":"https:\/\/www.periferieprahy.cz\/blog\/wp-json\/wp\/v2\/media?parent=1528"}],"wp:term":[{"taxonomy":"category","embeddable":true,"href":"https:\/\/www.periferieprahy.cz\/blog\/wp-json\/wp\/v2\/categories?post=1528"},{"taxonomy":"post_tag","embeddable":true,"href":"https:\/\/www.periferieprahy.cz\/blog\/wp-json\/wp\/v2\/tags?post=1528"},{"taxonomy":"post_folder","embeddable":true,"href":"https:\/\/www.periferieprahy.cz\/blog\/wp-json\/wp\/v2\/post_folder?post=1528"}],"curies":[{"name":"wp","href":"https:\/\/api.w.org\/{rel}","templated":true}]}}