{"id":1599,"date":"2025-03-22T21:24:54","date_gmt":"2025-03-22T20:24:54","guid":{"rendered":"https:\/\/www.periferieprahy.cz\/blog\/?p=1599"},"modified":"2025-07-08T22:19:10","modified_gmt":"2025-07-08T20:19:10","slug":"c-p-13-statek-u-tucku-pozdeji-kubrovi","status":"publish","type":"post","link":"https:\/\/www.periferieprahy.cz\/blog\/2025\/03\/22\/c-p-13-statek-u-tucku-pozdeji-kubrovi\/","title":{"rendered":"\u010c.p. 13 Statek &#8222;U Tu\u010dk\u016f&#8220;, pozd\u011bji Kubrovi\u00a0"},"content":{"rendered":"\n<img loading=\"lazy\" decoding=\"async\" border=\"0\" src=\"https:\/\/www.periferieprahy.cz\/blog\/wp-content\/uploads\/2024\/12\/pismo7_25.gif\" width=\"94\" height=\"116\" align=\"left\"><span style=\"visibility: hidden\"><font size=\"1\">Z<\/font><\/span>at\u00edmco \n\t\t\tohrani\u010den\u00ed zbo\u0159en\u00e9 usedlosti \u010dp. 12 tvo\u0159ilo dlouhou frontou parcely \n\t\t\ta s branou p\u0159es polovinu d\u00e9lky kr\u00e1tk\u00e9 ulice U stanice, v n\u00ed\u017e statek \n\t\t\tm\u011bl orienta\u010dn\u00ed \u010d\u00edslo 2, sousedn\u00ed ji\u017en\u00ed hospod\u00e1\u0159stv\u00ed \u010dp. 13 hrani\u010dilo \n\t\t\ts jakousi malou n\u00e1vs\u00ed u brodu p\u0159es potok jen n\u00e1ro\u017e\u00edm stavebn\u00ed \n\t\t\tparcely a tak\u00e9 branou t\u011bsn\u011b na b\u0159ehu, a pat\u0159ilo pod orient. \u010d\u00edslem \n\t\t\t62 u\u017e do ulice Libock\u00e9. Ta se tu u &quot;Br\u016fdku&quot; skoro kolmo lom\u00ed a st\u00e1\u010d\u00ed \n\t\t\tk z\u00e1padu.<\/p>\n\n\n\n<p>Tak\u00e9 usedlost \u010dp. 13 m\u00edvala starobyl\u00e9 pojmenov\u00e1n\u00ed: &#8222;U Tu\u010dk\u016f&#8220;. <em>[ P\u0159i prohl\u00ed\u017een\u00ed matrik libock\u00fdch byl objeven&nbsp; z\u00e1znam o s\u0148atku <strong><a href=\"#h61\">Vojt\u011bcha Tu\u010dka<\/a><\/strong>, syna Jakuba Tu\u010dka s&nbsp; Annou Proch\u00e1zkovou dne 16.10.1720. Znamen\u00e1 to, \u017ee Tu\u010dkovi \u017eili v Liboci ji\u017e p\u0159ed rokem 1700. Jako prvorozen\u00fd syn Vojt\u011bcha a Anny Tu\u010dkov\u00fdch byl <strong><a href=\"#h62\">V\u00e1clav <\/a>narozen\u00fd 15.8. 1721<\/strong>, je pozd\u011bji uv\u00e1d\u011bn<\/em> k roku 1767 libock\u00fdm rycht\u00e1\u0159em, kter\u00fd je v josefinsk\u00e9m katastru r. 1785 ohodnocen jako chalupn\u00edk. <em>Dal\u0161\u00edmi potomky Vojt\u011bcha a Anny byl Jan * <a href=\"#h63.jpg\">7.4.1723<\/a>, Anna * <a href=\"#h64\">4.7.1724<\/a> Kate\u0159ina * <a href=\"#h35\">6.8.1727<\/a>, Jakub * <a href=\"#h36\">4.7.1729<\/a>, Eva<\/em> *<em><a href=\"#h37\">23.12.1730<\/a> <\/em>,<em> Jakub *<a href=\"#h38\">13.7.1733<\/a> a Jan *<a href=\"#h39\">25.6.1736<\/a>.<\/em><\/p>\n\n\n\n<p><em>Nepoda\u0159ilo se objevit s\u0148atek <a href=\"#vaclav_tucek\">V\u00e1clava Tu\u010dka<\/a>, proto nen\u00ed zn\u00e1mo ani p\u0159\u00edjmen\u00ed jeho \u017eeny Kate\u0159iny \u2020 3.7.1857 ve v\u011bku 75 let, ani odkud poch\u00e1zela. V\u00e1clav a Kate\u0159ina m\u011bli celkem 11 potomk\u016f: Barbora * <a href=\"#h40\">23.11.1747<\/a>, Mat\u011bj * <a href=\"#h41\">15.2.1750<\/a>, <strong><a href=\"#jan_tucek\">Jan<\/a> * <a href=\"#h42\">20.5.1751<\/a><\/strong>, Ji\u0159\u00edk * <a href=\"#h43\">6.4.1753<\/a>, Anna * <a href=\"#h44\">24.8.1754<\/a>, op\u011bt Anna * <a href=\"#h45\">30.7.1758<\/a>, Kate\u0159ina * <a href=\"#h46\">29.10.1760<\/a>, Magdalena * <a href=\"#47\">18.2.1763<\/a>, Jakub *<a href=\"#h50\">9.6.1764<\/a>, op\u011bt Magdalena * <a href=\"#h48\">2.8.1765<\/a>, op\u011bt Magdalena * <a href=\"#h49\">26.4.1768<\/a>,<\/em><\/p>\n\n\n\n<p>V letech 1790 &#8211; 1802 je pansk\u00fdm rycht\u00e1\u0159em nov\u00fd dr\u017eitel gruntu V\u00e1clav\u016fv syn <strong><a href=\"#jan_tucek\">Jan Tu\u010dek<\/a> <em>*<\/em> <a href=\"#h42\">20.5.1751<\/a>. <\/strong><em>kter\u00fd se o\u017eenil <a href=\"#h65\">19.1.1783<\/a> s Kate\u0159inou Hovorkovou,<\/em><strong> <em>dcerou \u0161\u00e1reck\u00e9ho mlyn\u00e1\u0159e Jana Hovorky z \u010d.p.41&nbsp; . <\/em><\/strong><em>Spolu m\u011bli tyto potomky: <\/em><strong>Kate\u0159ina * <a href=\"#h51\">31.12. 1784<\/a><\/strong>, Jan * <a href=\"#h52\">23.1.1790<\/a>, Franti\u0161ek * <a href=\"#h53\">20.5.1792<\/a> a Marie *<a href=\"#h54\">15.8.1796<\/a>.<\/p>\n\n\n\n<p>V dob\u011b jeho \u00fa\u0159adov\u00e1n\u00ed rycht\u00e1\u0159e Jana Tu\u010dka za\u017eila Liboc dvoj\u00ed pr\u016fchod a pobyt rusk\u00e9ho vojska, kter\u00e9 pod gener\u00e1lem Suvorovem t\u00e1hlo na pomoc rakousk\u00e9mu spojenci proti c\u00edsa\u0159i Napoleonovi.<\/p>\n\n\n\n<p><em>Janova dcera Kate\u0159ina (nar.<a href=\"#h51\">31.12.1784<\/a> &#8211; \u2020<\/em>3.7.1857<em>) se <a href=\"#h66\">26.1.1806<\/a> vdala za <strong><a href=\"#vaclav_kubr\">V\u00e1clava Kubra<\/a><\/strong> (nar. <a href=\"#h81\">26.9. 1785<\/a> &#8211; <a href=\"#h89\">\u202031.7.1858<\/a>) ze sousedn\u00edho statku \u010d.p. 12, kde byl v t\u00e9 dob\u011b gruntovn\u00edkem jeho otec Josef Kubr.&nbsp;&nbsp; V\u00e1clav Kubr p\u0159eb\u00edr\u00e1 veden\u00ed hospod\u00e1\u0159stv\u00ed v \u010d.p.13. T\u00edm se jm\u00e9no Tu\u010dek na gruntu u\u017e d\u00e1le nevyskytuje.&nbsp;<\/em><\/p>\n\n\n\n<p>Jm\u00e9no Tu\u010dek se ale v libock\u00e9 oblasti je\u0161t\u011b udr\u017eelo. Roku 1840 je mlyn\u00e1\u0159em v \u0160\u00e1rce na ml\u00fdn\u011b s libock\u00fdm \u010dp. 41 Jan Tu\u010dek (nar. <a href=\"#h52\">23. 1. 1790<\/a>), nen\u00ed ale jasn\u00e9, jak byl p\u0159\u00edbuzn\u00fd s Tu\u010dky z libock\u00e9ho statku.&nbsp; Jde o ml\u00fdn p\u016fvodn\u011b zvan\u00fd &#8222;Hovork\u016fv&#8220;, pozd\u011bji kolem roku 1900 p\u0159ebudovan\u00fd rodem Vesel\u00edk\u016f na zn\u00e1m\u00fd \u0161\u00e1reck\u00fd hostinec &#8222;Na d\u00edv\u010d\u00edm skoku&#8220; s p\u0159ilehl\u00fdm obl\u00edben\u00fdm koupali\u0161t\u011bm. <em>&nbsp;Dnes, po prostudov\u00e1n\u00ed matri\u010dn\u00edch z\u00e1znam\u016f narozen\u00fdch, m\u016f\u017eeme s ur\u010ditost\u00ed \u0159\u00edci, \u017ee mlyn\u00e1\u0159 <a href=\"#h52\">Jan Tu\u010dek nar. 23.1.1790<\/a> byl z p\u0159\u00edzn\u011b Tu\u010dk\u016f z libock\u00e9ho statku, nebo\u0165 byl synem Jana Tu\u010dka, sedl\u00e1ka a rycht\u00e1\u0159e z \u010d.p. 13 a nav\u00edc vnukem mlyn\u00e1\u0159e Jana Hovorky.<\/em><\/p>\n\n\n\n<p>P\u016fll\u00e1n\u00edk na statku \u010dp. 13 <strong><a href=\"#vaclav_kubr\">V\u00e1clav Kubr<\/a><\/strong> a jeho man\u017eelka Kate\u0159ina Tu\u010dkov\u00e1 m\u011bli spolu osm d\u011bt\u00ed, \u0161est chlapc\u016f a dcery Marii a Kate\u0159inu. K roku 1830 se v rodin\u011b uv\u00e1d\u00ed \u0159ada syn\u016f: Franti\u0161ek *<a href=\"#h55\">15.7.1807<\/a> &#8211; na vojn\u011b, Jan * <a href=\"#h56\">16.7.1809<\/a> &#8211; na vandru, a dal\u0161\u00ed \u010dty\u0159i dosud doma: Josef * <a href=\"#h57\">29.10.1811<\/a>, V\u00e1clav * <a href=\"#h58\">9.3.1814<\/a>, Marie * <a href=\"#h59\">30.1.1818<\/a>, Anton\u00edn * <a href=\"#h60\">8.3.1820<\/a>, Kate\u0159ina * <a href=\"#h67\">6.10.1822<\/a> a <strong><a href=\"#matej_kubr\">Mat\u011bj<\/a> * <a href=\"#h69\">2.11.1824<\/a><\/strong>. Dcery Marie a Kate\u0159ina se z\u0159ejm\u011b n\u011bkam vyvdaly, a ze syn\u016f roku 1840 zbyli doma u\u017e jen dva: Anton\u00edn a <strong><a href=\"#matej_kubr\">Mat\u011bj<\/a><\/strong>. A pr\u00e1v\u011b nejmlad\u0161\u00ed syn Mat\u011bj se pak st\u00e1v\u00e1 nov\u00fdm hospod\u00e1\u0159em. Dne <a href=\"#h71\">13.8.1850<\/a> se \u017een\u00ed s Annou rozenou tak\u00e9 Kubrovou, ale z Lysolaj (<a href=\"#anna1831\">*29. 1. 1831<\/a> &#8211; \u2020<a href=\"#h84\">16.7.1875<\/a>) <em>[ jej\u00ed bratr Jan Kubr se p\u0159i\u017eenil do ho\u0159ej\u0161\u00edho \u0161\u00e1reck\u00e9ho ml\u00fdna \u010d.p.41 a stal se zde mlyn\u00e1\u0159em]<\/em>. Bratr Mat\u011bje Anton\u00edn pozd\u011bji \u017eil na statku jako ne\u017eenat\u00fd s otcem a matkou, kte\u0159\u00ed byli na v\u00fdminku. Otec Josef zem\u0159el kolem roku 1858, matka Kate\u0159ina nen\u00ed u\u017e uvedena v z\u00e1znamech v roce 1857. Mat\u011bjova rodina vypadala \u00fapln\u011b jinak ne\u017e otcova: \u017e\u00e1dn\u00ed synov\u00e9 <em>[Co\u017e nen\u00ed pravda. <a href=\"#h85\">22.11.1856<\/a> se narodil V\u00e1clav, \u017eil v\u0161ak pouze \u010dtvrt hodiny. <a href=\"#h79\">2.10.1864<\/a> se narodil&nbsp; op\u011bt <strong>V\u00e1clav, kter\u00fd byl pozd\u011bji dr\u017eitelem statku.<\/strong> Posledn\u00edm d\u00edt\u011btem Mat\u011bje a Anny byl Franti\u0161ek *<a href=\"#h80\">1.9.1866<\/a> zem\u0159el ml\u00e1d 23.10.1884]<\/em>&nbsp; naopak jen sam\u00e9 dcery. V roce 1863 je to p\u011bt d\u011bv\u010dat: Anna <a href=\"#h73\">*9.6.1851<\/a> <em>[ta se provdala \u221e8.10.1872 za Josefa Ku\u010deru majitele a hostinsk\u00e9ho z \u010d.p. 36]<\/em>, Kate\u0159ina *<a href=\"#h75\">30.4.1853<\/a>, Marie *<a href=\"#h76\">20.4.1854<\/a>, Eleonora *<a href=\"#h77\">10.4.1858<\/a> a Barbora *<a href=\"#h78\">17.4.1860<\/a> zem\u0159ela\u2020 1.5.1921 Nejstar\u0161\u00ed Anna je dvan\u00e1ctilet\u00e1 a posledn\u00ed Barborka m\u00e1 t\u0159i a p\u016fl roku.<br>Proto\u017ee t\u00edmto rokem m\u00e9 prameny u\u017e kon\u010d\u00ed a v roce 1887 za velk\u00e9ho po\u017e\u00e1ru st\u00e1le je\u0161t\u011b hospoda\u0159\u00ed Mat\u011bj Kubr (u\u017e t\u0159ia\u0161edes\u00e1tilet\u00fd, zem\u0159el <a href=\"#h82\">7.5.1906<\/a> v \u010d.p.13, jeho \u017eena Anna zem\u0159ela <a href=\"#h84\">16.7.1875<\/a>), nev\u00edm, zda se pozd\u011bj\u0161\u00ed dr\u017eitel statku <strong>V\u00e1clav Kubr<\/strong> po roce 1863&nbsp; p\u0159ece jen nenarodil <em>[ano, narodil se <strong><a href=\"#h79\">2.10.1864<\/a><\/strong>]<\/em>, anebo zda se do rodiny Mat\u011bje Kubra p\u0159i\u017eenil <em>[nep\u0159i\u017eenil]<\/em>.&nbsp; V \u0160est\u00e1kov\u011b libock\u00e9 kronice z roku 1906 je u \u010dp. 13 uv\u00e1d\u011bn&nbsp; jako chalupn\u00edk a k roku 1905 je zmi\u0148ov\u00e1n jako \u010dlen n\u00e1hradn\u00edk spojen\u00e9ho libock\u00e9ho zastupitelstva. O dal\u0161\u00edch osudech rodu Kubr\u016f ve statku \u010dp. 13 v Liboci u\u017e d\u00e1le nic nev\u00edm. Z\u0159ejm\u011b rod vym\u0159el, <em>[to je velmi pravd\u011bpodobn\u00e9, proto\u017ee V\u00e1clav Kubr zem\u0159el \u2020 <a href=\"#h1\">4.1.1925<\/a> v \u0161edes\u00e1ti letech jako svobodn\u00fd ]<\/em> proto\u017ee za prvn\u00ed republiky a za druh\u00e9 sv\u011btov\u00e9 v\u00e1lky hospoda\u0159il na grunt\u011b &#8222;pant\u00e1ta Zelenka&#8220; a u\u017e se tu ne\u0159\u00edkalo &#8222;U Kubr\u016f&#8220; ale &#8222;U Zelenk\u016f&#8220;&#8230;..<\/p>\n\n\n\n<p class=\"has-text-align-right\"><em>prof. Jan Herink : SELSK\u00c1 LIBOC ZMIZEL\u00c1<\/em><\/p>\n\n\n\n<p class=\"has-text-align-right\"><em>P\u0159evzato z \u010dasopisu B\u0159evnovan \u201ePraha 6 v zapomenut\u00fdch obrazech 87\u201c, dopln\u011bno o dal\u0161\u00ed v\u00fdsledky b\u00e1d\u00e1n\u00ed.<\/em><\/p>\n\n\n\n<p><strong>Na statku hospoda\u0159ili: <\/strong>kolem 1720 Jakub Tu\u010dek, kolem 1750 Vojt\u011bch Tu\u010dek,&nbsp; kolem 1770 V\u00e1clav Tu\u010dek, 1790-1802 Jan Tu\u010dek rycht\u00e1\u0159, kolem 1810 V\u00e1clav Kubr p\u016fll\u00e1n\u00edk, 1850 Mat\u011bj Kubr, 1921 V\u00e1clav Kubr, pozd\u011bji &#8222;pant\u00e1ta &#8220; Zelenka .<\/p>\n\n\n\n<p>P\u0159i velk\u00e9m po\u017e\u00e1ru roku 1887 bylo ohnisko po\u017e\u00e1ru pr\u00e1v\u011b v tomto statku. D\u016fsledek byl, \u017ee sho\u0159ela stodola a obytn\u00e9 staven\u00ed.<\/p>\n\n\n<div class=\"su-image-carousel  su-image-carousel-has-spacing su-image-carousel-crop su-image-carousel-crop-4-3 su-image-carousel-has-lightbox su-image-carousel-has-outline su-image-carousel-adaptive su-image-carousel-slides-style-default su-image-carousel-controls-style-dark su-image-carousel-align-center\" style=\"max-width:500px\" data-flickity-options='{\"groupCells\":true,\"cellSelector\":\".su-image-carousel-item\",\"adaptiveHeight\":false,\"cellAlign\":\"left\",\"prevNextButtons\":true,\"pageDots\":true,\"autoPlay\":3000,\"imagesLoaded\":true,\"contain\":true,\"selectedAttraction\":0.025000000000000001387778780781445675529539585113525390625,\"friction\":0.2800000000000000266453525910037569701671600341796875}' id=\"su_image_carousel_69f31c5e8d2ac\"><div class=\"su-image-carousel-item\"><div class=\"su-image-carousel-item-content\"><a href=\"https:\/\/www.periferieprahy.cz\/blog\/wp-content\/uploads\/2025\/03\/cp12a.jpg\" data-caption=\"Vlevo obytn\u00fd objekt statku \u010d.p. 12, za n\u00edm, za stromem jeho hospod\u00e1\u0159sk\u00e9 staveni a vedle n\u011bj budova \u010d.p. 13.\"><img loading=\"lazy\" decoding=\"async\" width=\"1450\" height=\"1012\" src=\"https:\/\/www.periferieprahy.cz\/blog\/wp-content\/uploads\/2025\/03\/cp12a.jpg\" class=\"\" alt=\"\" srcset=\"https:\/\/www.periferieprahy.cz\/blog\/wp-content\/uploads\/2025\/03\/cp12a.jpg 1450w, https:\/\/www.periferieprahy.cz\/blog\/wp-content\/uploads\/2025\/03\/cp12a-300x209.jpg 300w, https:\/\/www.periferieprahy.cz\/blog\/wp-content\/uploads\/2025\/03\/cp12a-1024x715.jpg 1024w, https:\/\/www.periferieprahy.cz\/blog\/wp-content\/uploads\/2025\/03\/cp12a-768x536.jpg 768w\" sizes=\"auto, (max-width: 1450px) 100vw, 1450px\" \/><span>Vlevo obytn\u00fd objekt statku \u010d.p. 12, za n\u00edm, za stromem jeho hospod\u00e1\u0159sk\u00e9 staveni a vedle n\u011bj budova \u010d.p. 13.<\/span><\/a><\/div><\/div><div class=\"su-image-carousel-item\"><div class=\"su-image-carousel-item-content\"><a href=\"https:\/\/www.periferieprahy.cz\/blog\/wp-content\/uploads\/2025\/03\/cp12c.jpg\" data-caption=\"V pop\u0159ed\u00ed br\u00e1na \u010d.p. 13 &quot;U Br\u016fdkou&quot;, v pozad\u00ed obytn\u00fd objekt statku \u010d.p. 12\"><img loading=\"lazy\" decoding=\"async\" width=\"1211\" height=\"820\" src=\"https:\/\/www.periferieprahy.cz\/blog\/wp-content\/uploads\/2025\/03\/cp12c.jpg\" class=\"\" alt=\"\" srcset=\"https:\/\/www.periferieprahy.cz\/blog\/wp-content\/uploads\/2025\/03\/cp12c.jpg 1211w, https:\/\/www.periferieprahy.cz\/blog\/wp-content\/uploads\/2025\/03\/cp12c-300x203.jpg 300w, https:\/\/www.periferieprahy.cz\/blog\/wp-content\/uploads\/2025\/03\/cp12c-1024x693.jpg 1024w, https:\/\/www.periferieprahy.cz\/blog\/wp-content\/uploads\/2025\/03\/cp12c-768x520.jpg 768w\" sizes=\"auto, (max-width: 1211px) 100vw, 1211px\" \/><span>V pop\u0159ed\u00ed br\u00e1na \u010d.p. 13 \"U Br\u016fdkou\", v pozad\u00ed obytn\u00fd objekt statku \u010d.p. 12<\/span><\/a><\/div><\/div><div class=\"su-image-carousel-item\"><div class=\"su-image-carousel-item-content\"><a href=\"https:\/\/www.periferieprahy.cz\/blog\/wp-content\/uploads\/2025\/03\/cp13a.jpg\" data-caption=\"Posledn\u00ed dny br\u00e1ny \u010d.p. 13 jsou se\u010dteny. Smutn\u00fd konec jedin\u00e9ho  fragmentu kdysi py\u0161n\u00e9ho \u010desk\u00e9ho statku, pon\u00ed\u017een\u00fd reklamou stavebn\u00ed firmy a &quot;architekta&quot;, kter\u00fd je autorem t\u011bch modr\u00fdch zr\u016fd.\"><img loading=\"lazy\" decoding=\"async\" width=\"640\" height=\"480\" src=\"https:\/\/www.periferieprahy.cz\/blog\/wp-content\/uploads\/2025\/03\/cp13a.jpg\" class=\"\" alt=\"\" srcset=\"https:\/\/www.periferieprahy.cz\/blog\/wp-content\/uploads\/2025\/03\/cp13a.jpg 640w, https:\/\/www.periferieprahy.cz\/blog\/wp-content\/uploads\/2025\/03\/cp13a-300x225.jpg 300w\" sizes=\"auto, (max-width: 640px) 100vw, 640px\" \/><span>Posledn\u00ed dny br\u00e1ny \u010d.p. 13 jsou se\u010dteny. Smutn\u00fd konec jedin\u00e9ho  fragmentu kdysi py\u0161n\u00e9ho \u010desk\u00e9ho statku, pon\u00ed\u017een\u00fd reklamou stavebn\u00ed firmy a \"architekta\", kter\u00fd je autorem t\u011bch modr\u00fdch zr\u016fd.<\/span><\/a><\/div><\/div><div class=\"su-image-carousel-item\"><div class=\"su-image-carousel-item-content\"><a href=\"https:\/\/www.periferieprahy.cz\/blog\/wp-content\/uploads\/2025\/03\/cp13b.jpg\" data-caption=\"Toto je m\u00edsto, kde byl vjezd do statku \u010d.p.13 a kde st\u00e1vala br\u00e1na.\"><img loading=\"lazy\" decoding=\"async\" width=\"1600\" height=\"1347\" src=\"https:\/\/www.periferieprahy.cz\/blog\/wp-content\/uploads\/2025\/03\/cp13b.jpg\" class=\"\" alt=\"\" srcset=\"https:\/\/www.periferieprahy.cz\/blog\/wp-content\/uploads\/2025\/03\/cp13b.jpg 1600w, https:\/\/www.periferieprahy.cz\/blog\/wp-content\/uploads\/2025\/03\/cp13b-300x253.jpg 300w, https:\/\/www.periferieprahy.cz\/blog\/wp-content\/uploads\/2025\/03\/cp13b-1024x862.jpg 1024w, https:\/\/www.periferieprahy.cz\/blog\/wp-content\/uploads\/2025\/03\/cp13b-768x647.jpg 768w, https:\/\/www.periferieprahy.cz\/blog\/wp-content\/uploads\/2025\/03\/cp13b-1536x1293.jpg 1536w\" sizes=\"auto, (max-width: 1600px) 100vw, 1600px\" \/><span>Toto je m\u00edsto, kde byl vjezd do statku \u010d.p.13 a kde st\u00e1vala br\u00e1na.<\/span><\/a><\/div><\/div><\/div><script id=\"su_image_carousel_69f31c5e8d2ac_script\">if(window.SUImageCarousel){setTimeout(function() {window.SUImageCarousel.initGallery(document.getElementById(\"su_image_carousel_69f31c5e8d2ac\"))}, 0);}var su_image_carousel_69f31c5e8d2ac_script=document.getElementById(\"su_image_carousel_69f31c5e8d2ac_script\");if(su_image_carousel_69f31c5e8d2ac_script){su_image_carousel_69f31c5e8d2ac_script.parentNode.removeChild(su_image_carousel_69f31c5e8d2ac_script);}<\/script>\n\n\n\n<h2 class=\"wp-block-heading has-text-align-center\"><strong>Obyvatel\u00e9 statku \u010d.p. 13<\/strong> v matrik\u00e1ch<\/h2>\n\n\n\n<h3 class=\"wp-block-heading has-text-align-center\"><strong>Vojt\u011bch Tu\u010dek a jeho potomci<\/strong><\/h3>\n\n\n<div class=\"wp-block-image\">\n<figure data-wp-context=\"{&quot;imageId&quot;:&quot;69f31c5e76a44&quot;}\" data-wp-interactive=\"core\/image\" data-wp-key=\"69f31c5e76a44\" class=\"aligncenter size-full is-resized wp-lightbox-container\" id=\"h61\"><img loading=\"lazy\" decoding=\"async\" width=\"876\" height=\"174\" data-wp-class--hide=\"state.isContentHidden\" data-wp-class--show=\"state.isContentVisible\" data-wp-init=\"callbacks.setButtonStyles\" data-wp-on--click=\"actions.showLightbox\" data-wp-on--load=\"callbacks.setButtonStyles\" data-wp-on-window--resize=\"callbacks.setButtonStyles\" src=\"https:\/\/www.periferieprahy.cz\/blog\/wp-content\/uploads\/2025\/03\/cp13.h61.jpg\" alt=\"\" class=\"wp-image-1632\" style=\"width:800px\" srcset=\"https:\/\/www.periferieprahy.cz\/blog\/wp-content\/uploads\/2025\/03\/cp13.h61.jpg 876w, https:\/\/www.periferieprahy.cz\/blog\/wp-content\/uploads\/2025\/03\/cp13.h61-300x60.jpg 300w, https:\/\/www.periferieprahy.cz\/blog\/wp-content\/uploads\/2025\/03\/cp13.h61-768x153.jpg 768w\" sizes=\"auto, (max-width: 876px) 100vw, 876px\" \/><button\n\t\t\tclass=\"lightbox-trigger\"\n\t\t\ttype=\"button\"\n\t\t\taria-haspopup=\"dialog\"\n\t\t\taria-label=\"Zv\u011bt\u0161it\"\n\t\t\tdata-wp-init=\"callbacks.initTriggerButton\"\n\t\t\tdata-wp-on--click=\"actions.showLightbox\"\n\t\t\tdata-wp-style--right=\"state.imageButtonRight\"\n\t\t\tdata-wp-style--top=\"state.imageButtonTop\"\n\t\t>\n\t\t\t<svg xmlns=\"http:\/\/www.w3.org\/2000\/svg\" width=\"12\" height=\"12\" fill=\"none\" viewBox=\"0 0 12 12\">\n\t\t\t\t<path fill=\"#fff\" d=\"M2 0a2 2 0 0 0-2 2v2h1.5V2a.5.5 0 0 1 .5-.5h2V0H2Zm2 10.5H2a.5.5 0 0 1-.5-.5V8H0v2a2 2 0 0 0 2 2h2v-1.5ZM8 12v-1.5h2a.5.5 0 0 0 .5-.5V8H12v2a2 2 0 0 1-2 2H8Zm2-12a2 2 0 0 1 2 2v2h-1.5V2a.5.5 0 0 0-.5-.5H8V0h2Z\" \/>\n\t\t\t<\/svg>\n\t\t<\/button><figcaption class=\"wp-element-caption\">6.10.1720     Potwrzen dne 6. Octob. v Chramie Lybotskem <strong>ml\u00e1denec Wojtiech wlastni syn Jakuba Tuczky<\/strong> ze wsi Lyboczie a <strong>Annou wlastn\u00ed dczerou Jakuba Prochazky<\/strong> te\u017e z Lyboczie<\/figcaption><\/figure>\n<\/div>\n\n<div class=\"wp-block-image\">\n<figure data-wp-context=\"{&quot;imageId&quot;:&quot;69f31c5e770d6&quot;}\" data-wp-interactive=\"core\/image\" data-wp-key=\"69f31c5e770d6\" class=\"aligncenter size-full is-resized wp-lightbox-container\" id=\"h62\"><img loading=\"lazy\" decoding=\"async\" width=\"886\" height=\"223\" data-wp-class--hide=\"state.isContentHidden\" data-wp-class--show=\"state.isContentVisible\" data-wp-init=\"callbacks.setButtonStyles\" data-wp-on--click=\"actions.showLightbox\" data-wp-on--load=\"callbacks.setButtonStyles\" data-wp-on-window--resize=\"callbacks.setButtonStyles\" src=\"https:\/\/www.periferieprahy.cz\/blog\/wp-content\/uploads\/2025\/03\/cp13.h62.jpg\" alt=\"\" class=\"wp-image-1633\" style=\"width:800px\" srcset=\"https:\/\/www.periferieprahy.cz\/blog\/wp-content\/uploads\/2025\/03\/cp13.h62.jpg 886w, https:\/\/www.periferieprahy.cz\/blog\/wp-content\/uploads\/2025\/03\/cp13.h62-300x76.jpg 300w, https:\/\/www.periferieprahy.cz\/blog\/wp-content\/uploads\/2025\/03\/cp13.h62-768x193.jpg 768w\" sizes=\"auto, (max-width: 886px) 100vw, 886px\" \/><button\n\t\t\tclass=\"lightbox-trigger\"\n\t\t\ttype=\"button\"\n\t\t\taria-haspopup=\"dialog\"\n\t\t\taria-label=\"Zv\u011bt\u0161it\"\n\t\t\tdata-wp-init=\"callbacks.initTriggerButton\"\n\t\t\tdata-wp-on--click=\"actions.showLightbox\"\n\t\t\tdata-wp-style--right=\"state.imageButtonRight\"\n\t\t\tdata-wp-style--top=\"state.imageButtonTop\"\n\t\t>\n\t\t\t<svg xmlns=\"http:\/\/www.w3.org\/2000\/svg\" width=\"12\" height=\"12\" fill=\"none\" viewBox=\"0 0 12 12\">\n\t\t\t\t<path fill=\"#fff\" d=\"M2 0a2 2 0 0 0-2 2v2h1.5V2a.5.5 0 0 1 .5-.5h2V0H2Zm2 10.5H2a.5.5 0 0 1-.5-.5V8H0v2a2 2 0 0 0 2 2h2v-1.5ZM8 12v-1.5h2a.5.5 0 0 0 .5-.5V8H12v2a2 2 0 0 1-2 2H8Zm2-12a2 2 0 0 1 2 2v2h-1.5V2a.5.5 0 0 0-.5-.5H8V0h2Z\" \/>\n\t\t\t<\/svg>\n\t\t<\/button><figcaption class=\"wp-element-caption\">15.8.1721 Ok\u0159tien jest v Chr\u00e1mie Panie Lyboczkem&#8230;. <strong>Wacslaw z otce Wojtiecha Tuczky Matky Anny <\/strong><\/figcaption><\/figure>\n<\/div>\n\n<div class=\"wp-block-image\">\n<figure data-wp-context=\"{&quot;imageId&quot;:&quot;69f31c5e775ff&quot;}\" data-wp-interactive=\"core\/image\" data-wp-key=\"69f31c5e775ff\" class=\"aligncenter size-full is-resized wp-lightbox-container\" id=\"h63\"><img loading=\"lazy\" decoding=\"async\" width=\"952\" height=\"243\" data-wp-class--hide=\"state.isContentHidden\" data-wp-class--show=\"state.isContentVisible\" data-wp-init=\"callbacks.setButtonStyles\" data-wp-on--click=\"actions.showLightbox\" data-wp-on--load=\"callbacks.setButtonStyles\" data-wp-on-window--resize=\"callbacks.setButtonStyles\" src=\"https:\/\/www.periferieprahy.cz\/blog\/wp-content\/uploads\/2025\/03\/cp13.h63.jpg\" alt=\"\" class=\"wp-image-1634\" style=\"width:800px\" srcset=\"https:\/\/www.periferieprahy.cz\/blog\/wp-content\/uploads\/2025\/03\/cp13.h63.jpg 952w, https:\/\/www.periferieprahy.cz\/blog\/wp-content\/uploads\/2025\/03\/cp13.h63-300x77.jpg 300w, https:\/\/www.periferieprahy.cz\/blog\/wp-content\/uploads\/2025\/03\/cp13.h63-768x196.jpg 768w\" sizes=\"auto, (max-width: 952px) 100vw, 952px\" \/><button\n\t\t\tclass=\"lightbox-trigger\"\n\t\t\ttype=\"button\"\n\t\t\taria-haspopup=\"dialog\"\n\t\t\taria-label=\"Zv\u011bt\u0161it\"\n\t\t\tdata-wp-init=\"callbacks.initTriggerButton\"\n\t\t\tdata-wp-on--click=\"actions.showLightbox\"\n\t\t\tdata-wp-style--right=\"state.imageButtonRight\"\n\t\t\tdata-wp-style--top=\"state.imageButtonTop\"\n\t\t>\n\t\t\t<svg xmlns=\"http:\/\/www.w3.org\/2000\/svg\" width=\"12\" height=\"12\" fill=\"none\" viewBox=\"0 0 12 12\">\n\t\t\t\t<path fill=\"#fff\" d=\"M2 0a2 2 0 0 0-2 2v2h1.5V2a.5.5 0 0 1 .5-.5h2V0H2Zm2 10.5H2a.5.5 0 0 1-.5-.5V8H0v2a2 2 0 0 0 2 2h2v-1.5ZM8 12v-1.5h2a.5.5 0 0 0 .5-.5V8H12v2a2 2 0 0 1-2 2H8Zm2-12a2 2 0 0 1 2 2v2h-1.5V2a.5.5 0 0 0-.5-.5H8V0h2Z\" \/>\n\t\t\t<\/svg>\n\t\t<\/button><figcaption class=\"wp-element-caption\">7.4.1723 *Jan, otec Vojt\u011bch Tu\u010dek, matka Anna\n<\/figcaption><\/figure>\n<\/div>\n\n<div class=\"wp-block-image\">\n<figure data-wp-context=\"{&quot;imageId&quot;:&quot;69f31c5e77b45&quot;}\" data-wp-interactive=\"core\/image\" data-wp-key=\"69f31c5e77b45\" class=\"aligncenter size-large is-resized wp-lightbox-container\" id=\"h64\"><img loading=\"lazy\" decoding=\"async\" width=\"1024\" height=\"150\" data-wp-class--hide=\"state.isContentHidden\" data-wp-class--show=\"state.isContentVisible\" data-wp-init=\"callbacks.setButtonStyles\" data-wp-on--click=\"actions.showLightbox\" data-wp-on--load=\"callbacks.setButtonStyles\" data-wp-on-window--resize=\"callbacks.setButtonStyles\" src=\"https:\/\/www.periferieprahy.cz\/blog\/wp-content\/uploads\/2025\/03\/cp13.h64-1024x150.jpg\" alt=\"\" class=\"wp-image-1635\" style=\"width:800px\" srcset=\"https:\/\/www.periferieprahy.cz\/blog\/wp-content\/uploads\/2025\/03\/cp13.h64-1024x150.jpg 1024w, https:\/\/www.periferieprahy.cz\/blog\/wp-content\/uploads\/2025\/03\/cp13.h64-300x44.jpg 300w, https:\/\/www.periferieprahy.cz\/blog\/wp-content\/uploads\/2025\/03\/cp13.h64-768x113.jpg 768w, https:\/\/www.periferieprahy.cz\/blog\/wp-content\/uploads\/2025\/03\/cp13.h64.jpg 1070w\" sizes=\"auto, (max-width: 1024px) 100vw, 1024px\" \/><button\n\t\t\tclass=\"lightbox-trigger\"\n\t\t\ttype=\"button\"\n\t\t\taria-haspopup=\"dialog\"\n\t\t\taria-label=\"Zv\u011bt\u0161it\"\n\t\t\tdata-wp-init=\"callbacks.initTriggerButton\"\n\t\t\tdata-wp-on--click=\"actions.showLightbox\"\n\t\t\tdata-wp-style--right=\"state.imageButtonRight\"\n\t\t\tdata-wp-style--top=\"state.imageButtonTop\"\n\t\t>\n\t\t\t<svg xmlns=\"http:\/\/www.w3.org\/2000\/svg\" width=\"12\" height=\"12\" fill=\"none\" viewBox=\"0 0 12 12\">\n\t\t\t\t<path fill=\"#fff\" d=\"M2 0a2 2 0 0 0-2 2v2h1.5V2a.5.5 0 0 1 .5-.5h2V0H2Zm2 10.5H2a.5.5 0 0 1-.5-.5V8H0v2a2 2 0 0 0 2 2h2v-1.5ZM8 12v-1.5h2a.5.5 0 0 0 .5-.5V8H12v2a2 2 0 0 1-2 2H8Zm2-12a2 2 0 0 1 2 2v2h-1.5V2a.5.5 0 0 0-.5-.5H8V0h2Z\" \/>\n\t\t\t<\/svg>\n\t\t<\/button><figcaption class=\"wp-element-caption\">14.7.1724 * Anna, otec Vojt\u011bch Tu\u010dek, matka Anna<\/figcaption><\/figure>\n<\/div>\n\n<div class=\"wp-block-image\">\n<figure data-wp-context=\"{&quot;imageId&quot;:&quot;69f31c5e780fd&quot;}\" data-wp-interactive=\"core\/image\" data-wp-key=\"69f31c5e780fd\" class=\"aligncenter size-full is-resized wp-lightbox-container\" id=\"h35\"><img loading=\"lazy\" decoding=\"async\" width=\"969\" height=\"237\" data-wp-class--hide=\"state.isContentHidden\" data-wp-class--show=\"state.isContentVisible\" data-wp-init=\"callbacks.setButtonStyles\" data-wp-on--click=\"actions.showLightbox\" data-wp-on--load=\"callbacks.setButtonStyles\" data-wp-on-window--resize=\"callbacks.setButtonStyles\" src=\"https:\/\/www.periferieprahy.cz\/blog\/wp-content\/uploads\/2025\/03\/cp13.h35.jpg\" alt=\"\" class=\"wp-image-1606\" style=\"width:800px\" srcset=\"https:\/\/www.periferieprahy.cz\/blog\/wp-content\/uploads\/2025\/03\/cp13.h35.jpg 969w, https:\/\/www.periferieprahy.cz\/blog\/wp-content\/uploads\/2025\/03\/cp13.h35-300x73.jpg 300w, https:\/\/www.periferieprahy.cz\/blog\/wp-content\/uploads\/2025\/03\/cp13.h35-768x188.jpg 768w\" sizes=\"auto, (max-width: 969px) 100vw, 969px\" \/><button\n\t\t\tclass=\"lightbox-trigger\"\n\t\t\ttype=\"button\"\n\t\t\taria-haspopup=\"dialog\"\n\t\t\taria-label=\"Zv\u011bt\u0161it\"\n\t\t\tdata-wp-init=\"callbacks.initTriggerButton\"\n\t\t\tdata-wp-on--click=\"actions.showLightbox\"\n\t\t\tdata-wp-style--right=\"state.imageButtonRight\"\n\t\t\tdata-wp-style--top=\"state.imageButtonTop\"\n\t\t>\n\t\t\t<svg xmlns=\"http:\/\/www.w3.org\/2000\/svg\" width=\"12\" height=\"12\" fill=\"none\" viewBox=\"0 0 12 12\">\n\t\t\t\t<path fill=\"#fff\" d=\"M2 0a2 2 0 0 0-2 2v2h1.5V2a.5.5 0 0 1 .5-.5h2V0H2Zm2 10.5H2a.5.5 0 0 1-.5-.5V8H0v2a2 2 0 0 0 2 2h2v-1.5ZM8 12v-1.5h2a.5.5 0 0 0 .5-.5V8H12v2a2 2 0 0 1-2 2H8Zm2-12a2 2 0 0 1 2 2v2h-1.5V2a.5.5 0 0 0-.5-.5H8V0h2Z\" \/>\n\t\t\t<\/svg>\n\t\t<\/button><figcaption class=\"wp-element-caption\">6.8.1727 * Kate\u0159ina otec Vojt\u011bch Tu\u010dek, matka Anna \n<\/figcaption><\/figure>\n<\/div>\n\n<div class=\"wp-block-image\">\n<figure data-wp-context=\"{&quot;imageId&quot;:&quot;69f31c5e785e4&quot;}\" data-wp-interactive=\"core\/image\" data-wp-key=\"69f31c5e785e4\" class=\"aligncenter size-full is-resized wp-lightbox-container\" id=\"h36\"><img loading=\"lazy\" decoding=\"async\" width=\"957\" height=\"203\" data-wp-class--hide=\"state.isContentHidden\" data-wp-class--show=\"state.isContentVisible\" data-wp-init=\"callbacks.setButtonStyles\" data-wp-on--click=\"actions.showLightbox\" data-wp-on--load=\"callbacks.setButtonStyles\" data-wp-on-window--resize=\"callbacks.setButtonStyles\" src=\"https:\/\/www.periferieprahy.cz\/blog\/wp-content\/uploads\/2025\/03\/cp13.h36.jpg\" alt=\"\" class=\"wp-image-1607\" style=\"width:800px\" srcset=\"https:\/\/www.periferieprahy.cz\/blog\/wp-content\/uploads\/2025\/03\/cp13.h36.jpg 957w, https:\/\/www.periferieprahy.cz\/blog\/wp-content\/uploads\/2025\/03\/cp13.h36-300x64.jpg 300w, https:\/\/www.periferieprahy.cz\/blog\/wp-content\/uploads\/2025\/03\/cp13.h36-768x163.jpg 768w\" sizes=\"auto, (max-width: 957px) 100vw, 957px\" \/><button\n\t\t\tclass=\"lightbox-trigger\"\n\t\t\ttype=\"button\"\n\t\t\taria-haspopup=\"dialog\"\n\t\t\taria-label=\"Zv\u011bt\u0161it\"\n\t\t\tdata-wp-init=\"callbacks.initTriggerButton\"\n\t\t\tdata-wp-on--click=\"actions.showLightbox\"\n\t\t\tdata-wp-style--right=\"state.imageButtonRight\"\n\t\t\tdata-wp-style--top=\"state.imageButtonTop\"\n\t\t>\n\t\t\t<svg xmlns=\"http:\/\/www.w3.org\/2000\/svg\" width=\"12\" height=\"12\" fill=\"none\" viewBox=\"0 0 12 12\">\n\t\t\t\t<path fill=\"#fff\" d=\"M2 0a2 2 0 0 0-2 2v2h1.5V2a.5.5 0 0 1 .5-.5h2V0H2Zm2 10.5H2a.5.5 0 0 1-.5-.5V8H0v2a2 2 0 0 0 2 2h2v-1.5ZM8 12v-1.5h2a.5.5 0 0 0 .5-.5V8H12v2a2 2 0 0 1-2 2H8Zm2-12a2 2 0 0 1 2 2v2h-1.5V2a.5.5 0 0 0-.5-.5H8V0h2Z\" \/>\n\t\t\t<\/svg>\n\t\t<\/button><figcaption class=\"wp-element-caption\">14.7.1729 * Jakub otec Vojt\u011bch Tu\u010dek, matka Anna <\/figcaption><\/figure>\n<\/div>\n\n<div class=\"wp-block-image\">\n<figure data-wp-context=\"{&quot;imageId&quot;:&quot;69f31c5e78af1&quot;}\" data-wp-interactive=\"core\/image\" data-wp-key=\"69f31c5e78af1\" class=\"aligncenter size-large is-resized wp-lightbox-container\" id=\"h37\"><img loading=\"lazy\" decoding=\"async\" width=\"1024\" height=\"209\" data-wp-class--hide=\"state.isContentHidden\" data-wp-class--show=\"state.isContentVisible\" data-wp-init=\"callbacks.setButtonStyles\" data-wp-on--click=\"actions.showLightbox\" data-wp-on--load=\"callbacks.setButtonStyles\" data-wp-on-window--resize=\"callbacks.setButtonStyles\" src=\"https:\/\/www.periferieprahy.cz\/blog\/wp-content\/uploads\/2025\/03\/cp13.h37-1024x209.jpg\" alt=\"\" class=\"wp-image-1608\" style=\"width:800px\" srcset=\"https:\/\/www.periferieprahy.cz\/blog\/wp-content\/uploads\/2025\/03\/cp13.h37-1024x209.jpg 1024w, https:\/\/www.periferieprahy.cz\/blog\/wp-content\/uploads\/2025\/03\/cp13.h37-300x61.jpg 300w, https:\/\/www.periferieprahy.cz\/blog\/wp-content\/uploads\/2025\/03\/cp13.h37-768x157.jpg 768w, https:\/\/www.periferieprahy.cz\/blog\/wp-content\/uploads\/2025\/03\/cp13.h37.jpg 1066w\" sizes=\"auto, (max-width: 1024px) 100vw, 1024px\" \/><button\n\t\t\tclass=\"lightbox-trigger\"\n\t\t\ttype=\"button\"\n\t\t\taria-haspopup=\"dialog\"\n\t\t\taria-label=\"Zv\u011bt\u0161it\"\n\t\t\tdata-wp-init=\"callbacks.initTriggerButton\"\n\t\t\tdata-wp-on--click=\"actions.showLightbox\"\n\t\t\tdata-wp-style--right=\"state.imageButtonRight\"\n\t\t\tdata-wp-style--top=\"state.imageButtonTop\"\n\t\t>\n\t\t\t<svg xmlns=\"http:\/\/www.w3.org\/2000\/svg\" width=\"12\" height=\"12\" fill=\"none\" viewBox=\"0 0 12 12\">\n\t\t\t\t<path fill=\"#fff\" d=\"M2 0a2 2 0 0 0-2 2v2h1.5V2a.5.5 0 0 1 .5-.5h2V0H2Zm2 10.5H2a.5.5 0 0 1-.5-.5V8H0v2a2 2 0 0 0 2 2h2v-1.5ZM8 12v-1.5h2a.5.5 0 0 0 .5-.5V8H12v2a2 2 0 0 1-2 2H8Zm2-12a2 2 0 0 1 2 2v2h-1.5V2a.5.5 0 0 0-.5-.5H8V0h2Z\" \/>\n\t\t\t<\/svg>\n\t\t<\/button><figcaption class=\"wp-element-caption\">23.12.1730 *Eva otec Vojt\u011bch Tu\u010dek, matka Anna \n<\/figcaption><\/figure>\n<\/div>\n\n<div class=\"wp-block-image\">\n<figure data-wp-context=\"{&quot;imageId&quot;:&quot;69f31c5e7923d&quot;}\" data-wp-interactive=\"core\/image\" data-wp-key=\"69f31c5e7923d\" class=\"aligncenter size-large is-resized wp-lightbox-container\" id=\"h38\"><img loading=\"lazy\" decoding=\"async\" width=\"1024\" height=\"183\" data-wp-class--hide=\"state.isContentHidden\" data-wp-class--show=\"state.isContentVisible\" data-wp-init=\"callbacks.setButtonStyles\" data-wp-on--click=\"actions.showLightbox\" data-wp-on--load=\"callbacks.setButtonStyles\" data-wp-on-window--resize=\"callbacks.setButtonStyles\" src=\"https:\/\/www.periferieprahy.cz\/blog\/wp-content\/uploads\/2025\/03\/cp13.h38-1024x183.jpg\" alt=\"\" class=\"wp-image-1609\" style=\"width:800px\" srcset=\"https:\/\/www.periferieprahy.cz\/blog\/wp-content\/uploads\/2025\/03\/cp13.h38-1024x183.jpg 1024w, https:\/\/www.periferieprahy.cz\/blog\/wp-content\/uploads\/2025\/03\/cp13.h38-300x54.jpg 300w, https:\/\/www.periferieprahy.cz\/blog\/wp-content\/uploads\/2025\/03\/cp13.h38-768x138.jpg 768w, https:\/\/www.periferieprahy.cz\/blog\/wp-content\/uploads\/2025\/03\/cp13.h38.jpg 1044w\" sizes=\"auto, (max-width: 1024px) 100vw, 1024px\" \/><button\n\t\t\tclass=\"lightbox-trigger\"\n\t\t\ttype=\"button\"\n\t\t\taria-haspopup=\"dialog\"\n\t\t\taria-label=\"Zv\u011bt\u0161it\"\n\t\t\tdata-wp-init=\"callbacks.initTriggerButton\"\n\t\t\tdata-wp-on--click=\"actions.showLightbox\"\n\t\t\tdata-wp-style--right=\"state.imageButtonRight\"\n\t\t\tdata-wp-style--top=\"state.imageButtonTop\"\n\t\t>\n\t\t\t<svg xmlns=\"http:\/\/www.w3.org\/2000\/svg\" width=\"12\" height=\"12\" fill=\"none\" viewBox=\"0 0 12 12\">\n\t\t\t\t<path fill=\"#fff\" d=\"M2 0a2 2 0 0 0-2 2v2h1.5V2a.5.5 0 0 1 .5-.5h2V0H2Zm2 10.5H2a.5.5 0 0 1-.5-.5V8H0v2a2 2 0 0 0 2 2h2v-1.5ZM8 12v-1.5h2a.5.5 0 0 0 .5-.5V8H12v2a2 2 0 0 1-2 2H8Zm2-12a2 2 0 0 1 2 2v2h-1.5V2a.5.5 0 0 0-.5-.5H8V0h2Z\" \/>\n\t\t\t<\/svg>\n\t\t<\/button><figcaption class=\"wp-element-caption\">13.7.1733 * Jakub otec Vojt\u011bch Tu\u010dek, matka Anna \n<\/figcaption><\/figure>\n<\/div>\n\n<div class=\"wp-block-image\">\n<figure data-wp-context=\"{&quot;imageId&quot;:&quot;69f31c5e79946&quot;}\" data-wp-interactive=\"core\/image\" data-wp-key=\"69f31c5e79946\" class=\"aligncenter size-full is-resized wp-lightbox-container\" id=\"h39\"><img loading=\"lazy\" decoding=\"async\" width=\"966\" height=\"228\" data-wp-class--hide=\"state.isContentHidden\" data-wp-class--show=\"state.isContentVisible\" data-wp-init=\"callbacks.setButtonStyles\" data-wp-on--click=\"actions.showLightbox\" data-wp-on--load=\"callbacks.setButtonStyles\" data-wp-on-window--resize=\"callbacks.setButtonStyles\" src=\"https:\/\/www.periferieprahy.cz\/blog\/wp-content\/uploads\/2025\/03\/cp13.h39.jpg\" alt=\"\" class=\"wp-image-1610\" style=\"width:800px\" srcset=\"https:\/\/www.periferieprahy.cz\/blog\/wp-content\/uploads\/2025\/03\/cp13.h39.jpg 966w, https:\/\/www.periferieprahy.cz\/blog\/wp-content\/uploads\/2025\/03\/cp13.h39-300x71.jpg 300w, https:\/\/www.periferieprahy.cz\/blog\/wp-content\/uploads\/2025\/03\/cp13.h39-768x181.jpg 768w\" sizes=\"auto, (max-width: 966px) 100vw, 966px\" \/><button\n\t\t\tclass=\"lightbox-trigger\"\n\t\t\ttype=\"button\"\n\t\t\taria-haspopup=\"dialog\"\n\t\t\taria-label=\"Zv\u011bt\u0161it\"\n\t\t\tdata-wp-init=\"callbacks.initTriggerButton\"\n\t\t\tdata-wp-on--click=\"actions.showLightbox\"\n\t\t\tdata-wp-style--right=\"state.imageButtonRight\"\n\t\t\tdata-wp-style--top=\"state.imageButtonTop\"\n\t\t>\n\t\t\t<svg xmlns=\"http:\/\/www.w3.org\/2000\/svg\" width=\"12\" height=\"12\" fill=\"none\" viewBox=\"0 0 12 12\">\n\t\t\t\t<path fill=\"#fff\" d=\"M2 0a2 2 0 0 0-2 2v2h1.5V2a.5.5 0 0 1 .5-.5h2V0H2Zm2 10.5H2a.5.5 0 0 1-.5-.5V8H0v2a2 2 0 0 0 2 2h2v-1.5ZM8 12v-1.5h2a.5.5 0 0 0 .5-.5V8H12v2a2 2 0 0 1-2 2H8Zm2-12a2 2 0 0 1 2 2v2h-1.5V2a.5.5 0 0 0-.5-.5H8V0h2Z\" \/>\n\t\t\t<\/svg>\n\t\t<\/button><figcaption class=\"wp-element-caption\">25.6.1736 *Jan otec Vojt\u011bch Tu\u010dek, matka Anna  <\/figcaption><\/figure>\n<\/div>\n\n\n<h3 class=\"wp-block-heading has-text-align-center\" id=\"vaclav_tucek\"><strong>Potomci V\u00e1clava Tu\u010dka a Kate\u0159iny<\/strong><\/h3>\n\n\n<div class=\"wp-block-image\">\n<figure data-wp-context=\"{&quot;imageId&quot;:&quot;69f31c5e7a0f7&quot;}\" data-wp-interactive=\"core\/image\" data-wp-key=\"69f31c5e7a0f7\" class=\"aligncenter size-large is-resized wp-lightbox-container\" id=\"h40\"><img loading=\"lazy\" decoding=\"async\" width=\"1024\" height=\"262\" data-wp-class--hide=\"state.isContentHidden\" data-wp-class--show=\"state.isContentVisible\" data-wp-init=\"callbacks.setButtonStyles\" data-wp-on--click=\"actions.showLightbox\" data-wp-on--load=\"callbacks.setButtonStyles\" data-wp-on-window--resize=\"callbacks.setButtonStyles\" src=\"https:\/\/www.periferieprahy.cz\/blog\/wp-content\/uploads\/2025\/03\/cp13.h40-1024x262.jpg\" alt=\"\" class=\"wp-image-1611\" style=\"width:688px;height:auto\" srcset=\"https:\/\/www.periferieprahy.cz\/blog\/wp-content\/uploads\/2025\/03\/cp13.h40-1024x262.jpg 1024w, https:\/\/www.periferieprahy.cz\/blog\/wp-content\/uploads\/2025\/03\/cp13.h40-300x77.jpg 300w, https:\/\/www.periferieprahy.cz\/blog\/wp-content\/uploads\/2025\/03\/cp13.h40-768x197.jpg 768w, https:\/\/www.periferieprahy.cz\/blog\/wp-content\/uploads\/2025\/03\/cp13.h40.jpg 1034w\" sizes=\"auto, (max-width: 1024px) 100vw, 1024px\" \/><button\n\t\t\tclass=\"lightbox-trigger\"\n\t\t\ttype=\"button\"\n\t\t\taria-haspopup=\"dialog\"\n\t\t\taria-label=\"Zv\u011bt\u0161it\"\n\t\t\tdata-wp-init=\"callbacks.initTriggerButton\"\n\t\t\tdata-wp-on--click=\"actions.showLightbox\"\n\t\t\tdata-wp-style--right=\"state.imageButtonRight\"\n\t\t\tdata-wp-style--top=\"state.imageButtonTop\"\n\t\t>\n\t\t\t<svg xmlns=\"http:\/\/www.w3.org\/2000\/svg\" width=\"12\" height=\"12\" fill=\"none\" viewBox=\"0 0 12 12\">\n\t\t\t\t<path fill=\"#fff\" d=\"M2 0a2 2 0 0 0-2 2v2h1.5V2a.5.5 0 0 1 .5-.5h2V0H2Zm2 10.5H2a.5.5 0 0 1-.5-.5V8H0v2a2 2 0 0 0 2 2h2v-1.5ZM8 12v-1.5h2a.5.5 0 0 0 .5-.5V8H12v2a2 2 0 0 1-2 2H8Zm2-12a2 2 0 0 1 2 2v2h-1.5V2a.5.5 0 0 0-.5-.5H8V0h2Z\" \/>\n\t\t\t<\/svg>\n\t\t<\/button><figcaption class=\"wp-element-caption\">23.11.1747 * Barbora, otec V\u00e1clav Tu\u010dek, matka Kate\u0159ina \n<\/figcaption><\/figure>\n<\/div>\n\n<div class=\"wp-block-image\">\n<figure data-wp-context=\"{&quot;imageId&quot;:&quot;69f31c5e7a853&quot;}\" data-wp-interactive=\"core\/image\" data-wp-key=\"69f31c5e7a853\" class=\"aligncenter size-full is-resized wp-lightbox-container\" id=\"h41\"><img loading=\"lazy\" decoding=\"async\" width=\"766\" height=\"228\" data-wp-class--hide=\"state.isContentHidden\" data-wp-class--show=\"state.isContentVisible\" data-wp-init=\"callbacks.setButtonStyles\" data-wp-on--click=\"actions.showLightbox\" data-wp-on--load=\"callbacks.setButtonStyles\" data-wp-on-window--resize=\"callbacks.setButtonStyles\" src=\"https:\/\/www.periferieprahy.cz\/blog\/wp-content\/uploads\/2025\/03\/cp13.h41.jpg\" alt=\"\" class=\"wp-image-1612\" style=\"width:696px;height:auto\" srcset=\"https:\/\/www.periferieprahy.cz\/blog\/wp-content\/uploads\/2025\/03\/cp13.h41.jpg 766w, https:\/\/www.periferieprahy.cz\/blog\/wp-content\/uploads\/2025\/03\/cp13.h41-300x89.jpg 300w\" sizes=\"auto, (max-width: 766px) 100vw, 766px\" \/><button\n\t\t\tclass=\"lightbox-trigger\"\n\t\t\ttype=\"button\"\n\t\t\taria-haspopup=\"dialog\"\n\t\t\taria-label=\"Zv\u011bt\u0161it\"\n\t\t\tdata-wp-init=\"callbacks.initTriggerButton\"\n\t\t\tdata-wp-on--click=\"actions.showLightbox\"\n\t\t\tdata-wp-style--right=\"state.imageButtonRight\"\n\t\t\tdata-wp-style--top=\"state.imageButtonTop\"\n\t\t>\n\t\t\t<svg xmlns=\"http:\/\/www.w3.org\/2000\/svg\" width=\"12\" height=\"12\" fill=\"none\" viewBox=\"0 0 12 12\">\n\t\t\t\t<path fill=\"#fff\" d=\"M2 0a2 2 0 0 0-2 2v2h1.5V2a.5.5 0 0 1 .5-.5h2V0H2Zm2 10.5H2a.5.5 0 0 1-.5-.5V8H0v2a2 2 0 0 0 2 2h2v-1.5ZM8 12v-1.5h2a.5.5 0 0 0 .5-.5V8H12v2a2 2 0 0 1-2 2H8Zm2-12a2 2 0 0 1 2 2v2h-1.5V2a.5.5 0 0 0-.5-.5H8V0h2Z\" \/>\n\t\t\t<\/svg>\n\t\t<\/button><figcaption class=\"wp-element-caption\">15.2.1750 * Mat\u011bj, otec V\u00e1clav Tu\u010dek, matka Kate\u0159ina<\/figcaption><\/figure>\n<\/div>\n\n<div class=\"wp-block-image\">\n<figure data-wp-context=\"{&quot;imageId&quot;:&quot;69f31c5e7afe3&quot;}\" data-wp-interactive=\"core\/image\" data-wp-key=\"69f31c5e7afe3\" class=\"aligncenter size-full is-resized wp-lightbox-container\" id=\"h42\"><img loading=\"lazy\" decoding=\"async\" width=\"779\" height=\"240\" data-wp-class--hide=\"state.isContentHidden\" data-wp-class--show=\"state.isContentVisible\" data-wp-init=\"callbacks.setButtonStyles\" data-wp-on--click=\"actions.showLightbox\" data-wp-on--load=\"callbacks.setButtonStyles\" data-wp-on-window--resize=\"callbacks.setButtonStyles\" src=\"https:\/\/www.periferieprahy.cz\/blog\/wp-content\/uploads\/2025\/03\/cp13.h42.jpg\" alt=\"\" class=\"wp-image-1613\" style=\"width:685px;height:auto\" srcset=\"https:\/\/www.periferieprahy.cz\/blog\/wp-content\/uploads\/2025\/03\/cp13.h42.jpg 779w, https:\/\/www.periferieprahy.cz\/blog\/wp-content\/uploads\/2025\/03\/cp13.h42-300x92.jpg 300w, https:\/\/www.periferieprahy.cz\/blog\/wp-content\/uploads\/2025\/03\/cp13.h42-768x237.jpg 768w\" sizes=\"auto, (max-width: 779px) 100vw, 779px\" \/><button\n\t\t\tclass=\"lightbox-trigger\"\n\t\t\ttype=\"button\"\n\t\t\taria-haspopup=\"dialog\"\n\t\t\taria-label=\"Zv\u011bt\u0161it\"\n\t\t\tdata-wp-init=\"callbacks.initTriggerButton\"\n\t\t\tdata-wp-on--click=\"actions.showLightbox\"\n\t\t\tdata-wp-style--right=\"state.imageButtonRight\"\n\t\t\tdata-wp-style--top=\"state.imageButtonTop\"\n\t\t>\n\t\t\t<svg xmlns=\"http:\/\/www.w3.org\/2000\/svg\" width=\"12\" height=\"12\" fill=\"none\" viewBox=\"0 0 12 12\">\n\t\t\t\t<path fill=\"#fff\" d=\"M2 0a2 2 0 0 0-2 2v2h1.5V2a.5.5 0 0 1 .5-.5h2V0H2Zm2 10.5H2a.5.5 0 0 1-.5-.5V8H0v2a2 2 0 0 0 2 2h2v-1.5ZM8 12v-1.5h2a.5.5 0 0 0 .5-.5V8H12v2a2 2 0 0 1-2 2H8Zm2-12a2 2 0 0 1 2 2v2h-1.5V2a.5.5 0 0 0-.5-.5H8V0h2Z\" \/>\n\t\t\t<\/svg>\n\t\t<\/button><figcaption class=\"wp-element-caption\">20.5.1751 * <strong>Jan, otec V\u00e1clav Tu\u010dek, matka Kate\u0159ina<\/strong><\/figcaption><\/figure>\n<\/div>\n\n<div class=\"wp-block-image\">\n<figure data-wp-context=\"{&quot;imageId&quot;:&quot;69f31c5e7b553&quot;}\" data-wp-interactive=\"core\/image\" data-wp-key=\"69f31c5e7b553\" class=\"aligncenter size-full is-resized wp-lightbox-container\" id=\"h43\"><img loading=\"lazy\" decoding=\"async\" width=\"853\" height=\"299\" data-wp-class--hide=\"state.isContentHidden\" data-wp-class--show=\"state.isContentVisible\" data-wp-init=\"callbacks.setButtonStyles\" data-wp-on--click=\"actions.showLightbox\" data-wp-on--load=\"callbacks.setButtonStyles\" data-wp-on-window--resize=\"callbacks.setButtonStyles\" src=\"https:\/\/www.periferieprahy.cz\/blog\/wp-content\/uploads\/2025\/03\/cp13.h43.jpg\" alt=\"\" class=\"wp-image-1614\" style=\"width:691px;height:auto\" srcset=\"https:\/\/www.periferieprahy.cz\/blog\/wp-content\/uploads\/2025\/03\/cp13.h43.jpg 853w, https:\/\/www.periferieprahy.cz\/blog\/wp-content\/uploads\/2025\/03\/cp13.h43-300x105.jpg 300w, https:\/\/www.periferieprahy.cz\/blog\/wp-content\/uploads\/2025\/03\/cp13.h43-768x269.jpg 768w\" sizes=\"auto, (max-width: 853px) 100vw, 853px\" \/><button\n\t\t\tclass=\"lightbox-trigger\"\n\t\t\ttype=\"button\"\n\t\t\taria-haspopup=\"dialog\"\n\t\t\taria-label=\"Zv\u011bt\u0161it\"\n\t\t\tdata-wp-init=\"callbacks.initTriggerButton\"\n\t\t\tdata-wp-on--click=\"actions.showLightbox\"\n\t\t\tdata-wp-style--right=\"state.imageButtonRight\"\n\t\t\tdata-wp-style--top=\"state.imageButtonTop\"\n\t\t>\n\t\t\t<svg xmlns=\"http:\/\/www.w3.org\/2000\/svg\" width=\"12\" height=\"12\" fill=\"none\" viewBox=\"0 0 12 12\">\n\t\t\t\t<path fill=\"#fff\" d=\"M2 0a2 2 0 0 0-2 2v2h1.5V2a.5.5 0 0 1 .5-.5h2V0H2Zm2 10.5H2a.5.5 0 0 1-.5-.5V8H0v2a2 2 0 0 0 2 2h2v-1.5ZM8 12v-1.5h2a.5.5 0 0 0 .5-.5V8H12v2a2 2 0 0 1-2 2H8Zm2-12a2 2 0 0 1 2 2v2h-1.5V2a.5.5 0 0 0-.5-.5H8V0h2Z\" \/>\n\t\t\t<\/svg>\n\t\t<\/button><figcaption class=\"wp-element-caption\">6.4.1753 * Ji\u0159\u00ed, otec V\u00e1clav Tu\u010dek, matka Kate\u0159ina \n<\/figcaption><\/figure>\n<\/div>\n\n<div class=\"wp-block-image\">\n<figure data-wp-context=\"{&quot;imageId&quot;:&quot;69f31c5e7bb84&quot;}\" data-wp-interactive=\"core\/image\" data-wp-key=\"69f31c5e7bb84\" class=\"aligncenter size-full is-resized wp-lightbox-container\" id=\"h44\"><img loading=\"lazy\" decoding=\"async\" width=\"646\" height=\"254\" data-wp-class--hide=\"state.isContentHidden\" data-wp-class--show=\"state.isContentVisible\" data-wp-init=\"callbacks.setButtonStyles\" data-wp-on--click=\"actions.showLightbox\" data-wp-on--load=\"callbacks.setButtonStyles\" data-wp-on-window--resize=\"callbacks.setButtonStyles\" src=\"https:\/\/www.periferieprahy.cz\/blog\/wp-content\/uploads\/2025\/03\/cp13.h44.jpg\" alt=\"\" class=\"wp-image-1615\" style=\"width:688px;height:auto\" srcset=\"https:\/\/www.periferieprahy.cz\/blog\/wp-content\/uploads\/2025\/03\/cp13.h44.jpg 646w, https:\/\/www.periferieprahy.cz\/blog\/wp-content\/uploads\/2025\/03\/cp13.h44-300x118.jpg 300w\" sizes=\"auto, (max-width: 646px) 100vw, 646px\" \/><button\n\t\t\tclass=\"lightbox-trigger\"\n\t\t\ttype=\"button\"\n\t\t\taria-haspopup=\"dialog\"\n\t\t\taria-label=\"Zv\u011bt\u0161it\"\n\t\t\tdata-wp-init=\"callbacks.initTriggerButton\"\n\t\t\tdata-wp-on--click=\"actions.showLightbox\"\n\t\t\tdata-wp-style--right=\"state.imageButtonRight\"\n\t\t\tdata-wp-style--top=\"state.imageButtonTop\"\n\t\t>\n\t\t\t<svg xmlns=\"http:\/\/www.w3.org\/2000\/svg\" width=\"12\" height=\"12\" fill=\"none\" viewBox=\"0 0 12 12\">\n\t\t\t\t<path fill=\"#fff\" d=\"M2 0a2 2 0 0 0-2 2v2h1.5V2a.5.5 0 0 1 .5-.5h2V0H2Zm2 10.5H2a.5.5 0 0 1-.5-.5V8H0v2a2 2 0 0 0 2 2h2v-1.5ZM8 12v-1.5h2a.5.5 0 0 0 .5-.5V8H12v2a2 2 0 0 1-2 2H8Zm2-12a2 2 0 0 1 2 2v2h-1.5V2a.5.5 0 0 0-.5-.5H8V0h2Z\" \/>\n\t\t\t<\/svg>\n\t\t<\/button><figcaption class=\"wp-element-caption\">24.8.1754* Anna, otec V\u00e1clav Tu\u010dek, matka Kate\u0159ina <\/figcaption><\/figure>\n<\/div>\n\n<div class=\"wp-block-image\">\n<figure data-wp-context=\"{&quot;imageId&quot;:&quot;69f31c5e7c2fe&quot;}\" data-wp-interactive=\"core\/image\" data-wp-key=\"69f31c5e7c2fe\" class=\"aligncenter size-large is-resized wp-lightbox-container\" id=\"h45\"><img loading=\"lazy\" decoding=\"async\" width=\"1024\" height=\"248\" data-wp-class--hide=\"state.isContentHidden\" data-wp-class--show=\"state.isContentVisible\" data-wp-init=\"callbacks.setButtonStyles\" data-wp-on--click=\"actions.showLightbox\" data-wp-on--load=\"callbacks.setButtonStyles\" data-wp-on-window--resize=\"callbacks.setButtonStyles\" src=\"https:\/\/www.periferieprahy.cz\/blog\/wp-content\/uploads\/2025\/03\/cp13.h45-1024x248.jpg\" alt=\"\" class=\"wp-image-1616\" style=\"width:692px;height:auto\" srcset=\"https:\/\/www.periferieprahy.cz\/blog\/wp-content\/uploads\/2025\/03\/cp13.h45-1024x248.jpg 1024w, https:\/\/www.periferieprahy.cz\/blog\/wp-content\/uploads\/2025\/03\/cp13.h45-300x73.jpg 300w, https:\/\/www.periferieprahy.cz\/blog\/wp-content\/uploads\/2025\/03\/cp13.h45-768x186.jpg 768w, https:\/\/www.periferieprahy.cz\/blog\/wp-content\/uploads\/2025\/03\/cp13.h45.jpg 1070w\" sizes=\"auto, (max-width: 1024px) 100vw, 1024px\" \/><button\n\t\t\tclass=\"lightbox-trigger\"\n\t\t\ttype=\"button\"\n\t\t\taria-haspopup=\"dialog\"\n\t\t\taria-label=\"Zv\u011bt\u0161it\"\n\t\t\tdata-wp-init=\"callbacks.initTriggerButton\"\n\t\t\tdata-wp-on--click=\"actions.showLightbox\"\n\t\t\tdata-wp-style--right=\"state.imageButtonRight\"\n\t\t\tdata-wp-style--top=\"state.imageButtonTop\"\n\t\t>\n\t\t\t<svg xmlns=\"http:\/\/www.w3.org\/2000\/svg\" width=\"12\" height=\"12\" fill=\"none\" viewBox=\"0 0 12 12\">\n\t\t\t\t<path fill=\"#fff\" d=\"M2 0a2 2 0 0 0-2 2v2h1.5V2a.5.5 0 0 1 .5-.5h2V0H2Zm2 10.5H2a.5.5 0 0 1-.5-.5V8H0v2a2 2 0 0 0 2 2h2v-1.5ZM8 12v-1.5h2a.5.5 0 0 0 .5-.5V8H12v2a2 2 0 0 1-2 2H8Zm2-12a2 2 0 0 1 2 2v2h-1.5V2a.5.5 0 0 0-.5-.5H8V0h2Z\" \/>\n\t\t\t<\/svg>\n\t\t<\/button><figcaption class=\"wp-element-caption\">30.7.1758*Anna, otec V\u00e1clav Tu\u010dek, matka Kate\u0159ina \n<\/figcaption><\/figure>\n<\/div>\n\n<div class=\"wp-block-image\">\n<figure data-wp-context=\"{&quot;imageId&quot;:&quot;69f31c5e7c879&quot;}\" data-wp-interactive=\"core\/image\" data-wp-key=\"69f31c5e7c879\" class=\"aligncenter size-full is-resized wp-lightbox-container\" id=\"h46\"><img loading=\"lazy\" decoding=\"async\" width=\"862\" height=\"307\" data-wp-class--hide=\"state.isContentHidden\" data-wp-class--show=\"state.isContentVisible\" data-wp-init=\"callbacks.setButtonStyles\" data-wp-on--click=\"actions.showLightbox\" data-wp-on--load=\"callbacks.setButtonStyles\" data-wp-on-window--resize=\"callbacks.setButtonStyles\" src=\"https:\/\/www.periferieprahy.cz\/blog\/wp-content\/uploads\/2025\/03\/cp13.h46.jpg\" alt=\"\" class=\"wp-image-1617\" style=\"width:688px;height:auto\" srcset=\"https:\/\/www.periferieprahy.cz\/blog\/wp-content\/uploads\/2025\/03\/cp13.h46.jpg 862w, https:\/\/www.periferieprahy.cz\/blog\/wp-content\/uploads\/2025\/03\/cp13.h46-300x107.jpg 300w, https:\/\/www.periferieprahy.cz\/blog\/wp-content\/uploads\/2025\/03\/cp13.h46-768x274.jpg 768w\" sizes=\"auto, (max-width: 862px) 100vw, 862px\" \/><button\n\t\t\tclass=\"lightbox-trigger\"\n\t\t\ttype=\"button\"\n\t\t\taria-haspopup=\"dialog\"\n\t\t\taria-label=\"Zv\u011bt\u0161it\"\n\t\t\tdata-wp-init=\"callbacks.initTriggerButton\"\n\t\t\tdata-wp-on--click=\"actions.showLightbox\"\n\t\t\tdata-wp-style--right=\"state.imageButtonRight\"\n\t\t\tdata-wp-style--top=\"state.imageButtonTop\"\n\t\t>\n\t\t\t<svg xmlns=\"http:\/\/www.w3.org\/2000\/svg\" width=\"12\" height=\"12\" fill=\"none\" viewBox=\"0 0 12 12\">\n\t\t\t\t<path fill=\"#fff\" d=\"M2 0a2 2 0 0 0-2 2v2h1.5V2a.5.5 0 0 1 .5-.5h2V0H2Zm2 10.5H2a.5.5 0 0 1-.5-.5V8H0v2a2 2 0 0 0 2 2h2v-1.5ZM8 12v-1.5h2a.5.5 0 0 0 .5-.5V8H12v2a2 2 0 0 1-2 2H8Zm2-12a2 2 0 0 1 2 2v2h-1.5V2a.5.5 0 0 0-.5-.5H8V0h2Z\" \/>\n\t\t\t<\/svg>\n\t\t<\/button><figcaption class=\"wp-element-caption\">29.10.1760 * Kate\u0159ina , otec V\u00e1clav Tu\u010dek, matka Kate\u0159ina <\/figcaption><\/figure>\n<\/div>\n\n<div class=\"wp-block-image\">\n<figure data-wp-context=\"{&quot;imageId&quot;:&quot;69f31c5e7cdd9&quot;}\" data-wp-interactive=\"core\/image\" data-wp-key=\"69f31c5e7cdd9\" class=\"aligncenter size-full is-resized wp-lightbox-container\" id=\"h48\"><img loading=\"lazy\" decoding=\"async\" width=\"943\" height=\"290\" data-wp-class--hide=\"state.isContentHidden\" data-wp-class--show=\"state.isContentVisible\" data-wp-init=\"callbacks.setButtonStyles\" data-wp-on--click=\"actions.showLightbox\" data-wp-on--load=\"callbacks.setButtonStyles\" data-wp-on-window--resize=\"callbacks.setButtonStyles\" src=\"https:\/\/www.periferieprahy.cz\/blog\/wp-content\/uploads\/2025\/03\/cp13.h47.jpg\" alt=\"\" class=\"wp-image-1618\" style=\"width:687px;height:auto\" srcset=\"https:\/\/www.periferieprahy.cz\/blog\/wp-content\/uploads\/2025\/03\/cp13.h47.jpg 943w, https:\/\/www.periferieprahy.cz\/blog\/wp-content\/uploads\/2025\/03\/cp13.h47-300x92.jpg 300w, https:\/\/www.periferieprahy.cz\/blog\/wp-content\/uploads\/2025\/03\/cp13.h47-768x236.jpg 768w\" sizes=\"auto, (max-width: 943px) 100vw, 943px\" \/><button\n\t\t\tclass=\"lightbox-trigger\"\n\t\t\ttype=\"button\"\n\t\t\taria-haspopup=\"dialog\"\n\t\t\taria-label=\"Zv\u011bt\u0161it\"\n\t\t\tdata-wp-init=\"callbacks.initTriggerButton\"\n\t\t\tdata-wp-on--click=\"actions.showLightbox\"\n\t\t\tdata-wp-style--right=\"state.imageButtonRight\"\n\t\t\tdata-wp-style--top=\"state.imageButtonTop\"\n\t\t>\n\t\t\t<svg xmlns=\"http:\/\/www.w3.org\/2000\/svg\" width=\"12\" height=\"12\" fill=\"none\" viewBox=\"0 0 12 12\">\n\t\t\t\t<path fill=\"#fff\" d=\"M2 0a2 2 0 0 0-2 2v2h1.5V2a.5.5 0 0 1 .5-.5h2V0H2Zm2 10.5H2a.5.5 0 0 1-.5-.5V8H0v2a2 2 0 0 0 2 2h2v-1.5ZM8 12v-1.5h2a.5.5 0 0 0 .5-.5V8H12v2a2 2 0 0 1-2 2H8Zm2-12a2 2 0 0 1 2 2v2h-1.5V2a.5.5 0 0 0-.5-.5H8V0h2Z\" \/>\n\t\t\t<\/svg>\n\t\t<\/button><figcaption class=\"wp-element-caption\">18.2.1763 * Magdalena , otec V\u00e1clav Tu\u010dek, matka Kate\u0159ina <\/figcaption><\/figure>\n<\/div>\n\n<div class=\"wp-block-image\">\n<figure data-wp-context=\"{&quot;imageId&quot;:&quot;69f31c5e7d317&quot;}\" data-wp-interactive=\"core\/image\" data-wp-key=\"69f31c5e7d317\" class=\"aligncenter size-full is-resized wp-lightbox-container\" id=\"h50\"><img loading=\"lazy\" decoding=\"async\" width=\"967\" height=\"223\" data-wp-class--hide=\"state.isContentHidden\" data-wp-class--show=\"state.isContentVisible\" data-wp-init=\"callbacks.setButtonStyles\" data-wp-on--click=\"actions.showLightbox\" data-wp-on--load=\"callbacks.setButtonStyles\" data-wp-on-window--resize=\"callbacks.setButtonStyles\" src=\"https:\/\/www.periferieprahy.cz\/blog\/wp-content\/uploads\/2025\/03\/cp13.h50.jpg\" alt=\"\" class=\"wp-image-1621\" style=\"width:683px;height:auto\" srcset=\"https:\/\/www.periferieprahy.cz\/blog\/wp-content\/uploads\/2025\/03\/cp13.h50.jpg 967w, https:\/\/www.periferieprahy.cz\/blog\/wp-content\/uploads\/2025\/03\/cp13.h50-300x69.jpg 300w, https:\/\/www.periferieprahy.cz\/blog\/wp-content\/uploads\/2025\/03\/cp13.h50-768x177.jpg 768w\" sizes=\"auto, (max-width: 967px) 100vw, 967px\" \/><button\n\t\t\tclass=\"lightbox-trigger\"\n\t\t\ttype=\"button\"\n\t\t\taria-haspopup=\"dialog\"\n\t\t\taria-label=\"Zv\u011bt\u0161it\"\n\t\t\tdata-wp-init=\"callbacks.initTriggerButton\"\n\t\t\tdata-wp-on--click=\"actions.showLightbox\"\n\t\t\tdata-wp-style--right=\"state.imageButtonRight\"\n\t\t\tdata-wp-style--top=\"state.imageButtonTop\"\n\t\t>\n\t\t\t<svg xmlns=\"http:\/\/www.w3.org\/2000\/svg\" width=\"12\" height=\"12\" fill=\"none\" viewBox=\"0 0 12 12\">\n\t\t\t\t<path fill=\"#fff\" d=\"M2 0a2 2 0 0 0-2 2v2h1.5V2a.5.5 0 0 1 .5-.5h2V0H2Zm2 10.5H2a.5.5 0 0 1-.5-.5V8H0v2a2 2 0 0 0 2 2h2v-1.5ZM8 12v-1.5h2a.5.5 0 0 0 .5-.5V8H12v2a2 2 0 0 1-2 2H8Zm2-12a2 2 0 0 1 2 2v2h-1.5V2a.5.5 0 0 0-.5-.5H8V0h2Z\" \/>\n\t\t\t<\/svg>\n\t\t<\/button><figcaption class=\"wp-element-caption\">9.6.1764 * Jakub, otec V\u00e1clav Tu\u010dek, matka Kate\u0159ina <\/figcaption><\/figure>\n<\/div>\n\n<div class=\"wp-block-image\">\n<figure data-wp-context=\"{&quot;imageId&quot;:&quot;69f31c5e7d8b8&quot;}\" data-wp-interactive=\"core\/image\" data-wp-key=\"69f31c5e7d8b8\" class=\"aligncenter size-full is-resized wp-lightbox-container\" id=\"h48\"><img loading=\"lazy\" decoding=\"async\" width=\"979\" height=\"293\" data-wp-class--hide=\"state.isContentHidden\" data-wp-class--show=\"state.isContentVisible\" data-wp-init=\"callbacks.setButtonStyles\" data-wp-on--click=\"actions.showLightbox\" data-wp-on--load=\"callbacks.setButtonStyles\" data-wp-on-window--resize=\"callbacks.setButtonStyles\" src=\"https:\/\/www.periferieprahy.cz\/blog\/wp-content\/uploads\/2025\/03\/cp13.h48.jpg\" alt=\"\" class=\"wp-image-1619\" style=\"width:687px;height:auto\" srcset=\"https:\/\/www.periferieprahy.cz\/blog\/wp-content\/uploads\/2025\/03\/cp13.h48.jpg 979w, https:\/\/www.periferieprahy.cz\/blog\/wp-content\/uploads\/2025\/03\/cp13.h48-300x90.jpg 300w, https:\/\/www.periferieprahy.cz\/blog\/wp-content\/uploads\/2025\/03\/cp13.h48-768x230.jpg 768w\" sizes=\"auto, (max-width: 979px) 100vw, 979px\" \/><button\n\t\t\tclass=\"lightbox-trigger\"\n\t\t\ttype=\"button\"\n\t\t\taria-haspopup=\"dialog\"\n\t\t\taria-label=\"Zv\u011bt\u0161it\"\n\t\t\tdata-wp-init=\"callbacks.initTriggerButton\"\n\t\t\tdata-wp-on--click=\"actions.showLightbox\"\n\t\t\tdata-wp-style--right=\"state.imageButtonRight\"\n\t\t\tdata-wp-style--top=\"state.imageButtonTop\"\n\t\t>\n\t\t\t<svg xmlns=\"http:\/\/www.w3.org\/2000\/svg\" width=\"12\" height=\"12\" fill=\"none\" viewBox=\"0 0 12 12\">\n\t\t\t\t<path fill=\"#fff\" d=\"M2 0a2 2 0 0 0-2 2v2h1.5V2a.5.5 0 0 1 .5-.5h2V0H2Zm2 10.5H2a.5.5 0 0 1-.5-.5V8H0v2a2 2 0 0 0 2 2h2v-1.5ZM8 12v-1.5h2a.5.5 0 0 0 .5-.5V8H12v2a2 2 0 0 1-2 2H8Zm2-12a2 2 0 0 1 2 2v2h-1.5V2a.5.5 0 0 0-.5-.5H8V0h2Z\" \/>\n\t\t\t<\/svg>\n\t\t<\/button><figcaption class=\"wp-element-caption\">2.8.1765 * Magdalena , otec V\u00e1clav Tu\u010dek, matka Kate\u0159ina \n<\/figcaption><\/figure>\n<\/div>\n\n<div class=\"wp-block-image\">\n<figure data-wp-context=\"{&quot;imageId&quot;:&quot;69f31c5e7df28&quot;}\" data-wp-interactive=\"core\/image\" data-wp-key=\"69f31c5e7df28\" class=\"aligncenter size-full is-resized wp-lightbox-container\" id=\"h49\"><img loading=\"lazy\" decoding=\"async\" width=\"992\" height=\"190\" data-wp-class--hide=\"state.isContentHidden\" data-wp-class--show=\"state.isContentVisible\" data-wp-init=\"callbacks.setButtonStyles\" data-wp-on--click=\"actions.showLightbox\" data-wp-on--load=\"callbacks.setButtonStyles\" data-wp-on-window--resize=\"callbacks.setButtonStyles\" src=\"https:\/\/www.periferieprahy.cz\/blog\/wp-content\/uploads\/2025\/03\/cp13.h49.jpg\" alt=\"\" class=\"wp-image-1620\" style=\"width:686px;height:auto\" srcset=\"https:\/\/www.periferieprahy.cz\/blog\/wp-content\/uploads\/2025\/03\/cp13.h49.jpg 992w, https:\/\/www.periferieprahy.cz\/blog\/wp-content\/uploads\/2025\/03\/cp13.h49-300x57.jpg 300w, https:\/\/www.periferieprahy.cz\/blog\/wp-content\/uploads\/2025\/03\/cp13.h49-768x147.jpg 768w\" sizes=\"auto, (max-width: 992px) 100vw, 992px\" \/><button\n\t\t\tclass=\"lightbox-trigger\"\n\t\t\ttype=\"button\"\n\t\t\taria-haspopup=\"dialog\"\n\t\t\taria-label=\"Zv\u011bt\u0161it\"\n\t\t\tdata-wp-init=\"callbacks.initTriggerButton\"\n\t\t\tdata-wp-on--click=\"actions.showLightbox\"\n\t\t\tdata-wp-style--right=\"state.imageButtonRight\"\n\t\t\tdata-wp-style--top=\"state.imageButtonTop\"\n\t\t>\n\t\t\t<svg xmlns=\"http:\/\/www.w3.org\/2000\/svg\" width=\"12\" height=\"12\" fill=\"none\" viewBox=\"0 0 12 12\">\n\t\t\t\t<path fill=\"#fff\" d=\"M2 0a2 2 0 0 0-2 2v2h1.5V2a.5.5 0 0 1 .5-.5h2V0H2Zm2 10.5H2a.5.5 0 0 1-.5-.5V8H0v2a2 2 0 0 0 2 2h2v-1.5ZM8 12v-1.5h2a.5.5 0 0 0 .5-.5V8H12v2a2 2 0 0 1-2 2H8Zm2-12a2 2 0 0 1 2 2v2h-1.5V2a.5.5 0 0 0-.5-.5H8V0h2Z\" \/>\n\t\t\t<\/svg>\n\t\t<\/button><figcaption class=\"wp-element-caption\">26.4.1768 * Magdalena , otec V\u00e1clav Tu\u010dek, matka Kate\u0159ina <\/figcaption><\/figure>\n<\/div>\n\n\n<h3 class=\"wp-block-heading has-text-align-center\" id=\"jan_tucek\"><strong>Potomci Jana Tu\u010dka a Kate\u0159iny Hovorkov\u00e9<\/strong><\/h3>\n\n\n\n\n<div class=\"wp-block-image\">\n<figure data-wp-context=\"{&quot;imageId&quot;:&quot;69f31c5e7e48a&quot;}\" data-wp-interactive=\"core\/image\" data-wp-key=\"69f31c5e7e48a\" class=\"aligncenter size-full is-resized wp-lightbox-container\" id=\"h65\"><img loading=\"lazy\" decoding=\"async\" width=\"1011\" height=\"323\" data-wp-class--hide=\"state.isContentHidden\" data-wp-class--show=\"state.isContentVisible\" data-wp-init=\"callbacks.setButtonStyles\" data-wp-on--click=\"actions.showLightbox\" data-wp-on--load=\"callbacks.setButtonStyles\" data-wp-on-window--resize=\"callbacks.setButtonStyles\" src=\"https:\/\/www.periferieprahy.cz\/blog\/wp-content\/uploads\/2025\/03\/cp13.h65.jpg\" alt=\"\" class=\"wp-image-1636\" style=\"width:754px;height:auto\" srcset=\"https:\/\/www.periferieprahy.cz\/blog\/wp-content\/uploads\/2025\/03\/cp13.h65.jpg 1011w, https:\/\/www.periferieprahy.cz\/blog\/wp-content\/uploads\/2025\/03\/cp13.h65-300x96.jpg 300w, https:\/\/www.periferieprahy.cz\/blog\/wp-content\/uploads\/2025\/03\/cp13.h65-768x245.jpg 768w\" sizes=\"auto, (max-width: 1011px) 100vw, 1011px\" \/><button\n\t\t\tclass=\"lightbox-trigger\"\n\t\t\ttype=\"button\"\n\t\t\taria-haspopup=\"dialog\"\n\t\t\taria-label=\"Zv\u011bt\u0161it\"\n\t\t\tdata-wp-init=\"callbacks.initTriggerButton\"\n\t\t\tdata-wp-on--click=\"actions.showLightbox\"\n\t\t\tdata-wp-style--right=\"state.imageButtonRight\"\n\t\t\tdata-wp-style--top=\"state.imageButtonTop\"\n\t\t>\n\t\t\t<svg xmlns=\"http:\/\/www.w3.org\/2000\/svg\" width=\"12\" height=\"12\" fill=\"none\" viewBox=\"0 0 12 12\">\n\t\t\t\t<path fill=\"#fff\" d=\"M2 0a2 2 0 0 0-2 2v2h1.5V2a.5.5 0 0 1 .5-.5h2V0H2Zm2 10.5H2a.5.5 0 0 1-.5-.5V8H0v2a2 2 0 0 0 2 2h2v-1.5ZM8 12v-1.5h2a.5.5 0 0 0 .5-.5V8H12v2a2 2 0 0 1-2 2H8Zm2-12a2 2 0 0 1 2 2v2h-1.5V2a.5.5 0 0 0-.5-.5H8V0h2Z\" \/>\n\t\t\t<\/svg>\n\t\t<\/button><figcaption class=\"wp-element-caption\">19.1.1783 Scharka 41; <strong>Joannes Tuczek casarius cum sponsa sua Catharina Howorkowa<\/strong><\/figcaption><\/figure>\n<\/div>\n\n<div class=\"wp-block-image\">\n<figure data-wp-context=\"{&quot;imageId&quot;:&quot;69f31c5e7e997&quot;}\" data-wp-interactive=\"core\/image\" data-wp-key=\"69f31c5e7e997\" class=\"aligncenter size-full is-resized wp-lightbox-container\" id=\"h51\"><img loading=\"lazy\" decoding=\"async\" width=\"893\" height=\"194\" data-wp-class--hide=\"state.isContentHidden\" data-wp-class--show=\"state.isContentVisible\" data-wp-init=\"callbacks.setButtonStyles\" data-wp-on--click=\"actions.showLightbox\" data-wp-on--load=\"callbacks.setButtonStyles\" data-wp-on-window--resize=\"callbacks.setButtonStyles\" src=\"https:\/\/www.periferieprahy.cz\/blog\/wp-content\/uploads\/2025\/03\/cp13.h51.jpg\" alt=\"\" class=\"wp-image-1622\" style=\"width:780px;height:auto\" srcset=\"https:\/\/www.periferieprahy.cz\/blog\/wp-content\/uploads\/2025\/03\/cp13.h51.jpg 893w, https:\/\/www.periferieprahy.cz\/blog\/wp-content\/uploads\/2025\/03\/cp13.h51-300x65.jpg 300w, https:\/\/www.periferieprahy.cz\/blog\/wp-content\/uploads\/2025\/03\/cp13.h51-768x167.jpg 768w\" sizes=\"auto, (max-width: 893px) 100vw, 893px\" \/><button\n\t\t\tclass=\"lightbox-trigger\"\n\t\t\ttype=\"button\"\n\t\t\taria-haspopup=\"dialog\"\n\t\t\taria-label=\"Zv\u011bt\u0161it\"\n\t\t\tdata-wp-init=\"callbacks.initTriggerButton\"\n\t\t\tdata-wp-on--click=\"actions.showLightbox\"\n\t\t\tdata-wp-style--right=\"state.imageButtonRight\"\n\t\t\tdata-wp-style--top=\"state.imageButtonTop\"\n\t\t>\n\t\t\t<svg xmlns=\"http:\/\/www.w3.org\/2000\/svg\" width=\"12\" height=\"12\" fill=\"none\" viewBox=\"0 0 12 12\">\n\t\t\t\t<path fill=\"#fff\" d=\"M2 0a2 2 0 0 0-2 2v2h1.5V2a.5.5 0 0 1 .5-.5h2V0H2Zm2 10.5H2a.5.5 0 0 1-.5-.5V8H0v2a2 2 0 0 0 2 2h2v-1.5ZM8 12v-1.5h2a.5.5 0 0 0 .5-.5V8H12v2a2 2 0 0 1-2 2H8Zm2-12a2 2 0 0 1 2 2v2h-1.5V2a.5.5 0 0 0-.5-.5H8V0h2Z\" \/>\n\t\t\t<\/svg>\n\t\t<\/button><\/figure>\n<\/div>\n\n<div class=\"wp-block-image\">\n<figure data-wp-context=\"{&quot;imageId&quot;:&quot;69f31c5e7eea4&quot;}\" data-wp-interactive=\"core\/image\" data-wp-key=\"69f31c5e7eea4\" class=\"aligncenter size-full is-resized wp-lightbox-container\" id=\"h86\"><img loading=\"lazy\" decoding=\"async\" width=\"953\" height=\"182\" data-wp-class--hide=\"state.isContentHidden\" data-wp-class--show=\"state.isContentVisible\" data-wp-init=\"callbacks.setButtonStyles\" data-wp-on--click=\"actions.showLightbox\" data-wp-on--load=\"callbacks.setButtonStyles\" data-wp-on-window--resize=\"callbacks.setButtonStyles\" src=\"https:\/\/www.periferieprahy.cz\/blog\/wp-content\/uploads\/2025\/03\/cp13.h86.jpg\" alt=\"\" class=\"wp-image-1656\" style=\"width:788px;height:auto\" srcset=\"https:\/\/www.periferieprahy.cz\/blog\/wp-content\/uploads\/2025\/03\/cp13.h86.jpg 953w, https:\/\/www.periferieprahy.cz\/blog\/wp-content\/uploads\/2025\/03\/cp13.h86-300x57.jpg 300w, https:\/\/www.periferieprahy.cz\/blog\/wp-content\/uploads\/2025\/03\/cp13.h86-768x147.jpg 768w\" sizes=\"auto, (max-width: 953px) 100vw, 953px\" \/><button\n\t\t\tclass=\"lightbox-trigger\"\n\t\t\ttype=\"button\"\n\t\t\taria-haspopup=\"dialog\"\n\t\t\taria-label=\"Zv\u011bt\u0161it\"\n\t\t\tdata-wp-init=\"callbacks.initTriggerButton\"\n\t\t\tdata-wp-on--click=\"actions.showLightbox\"\n\t\t\tdata-wp-style--right=\"state.imageButtonRight\"\n\t\t\tdata-wp-style--top=\"state.imageButtonTop\"\n\t\t>\n\t\t\t<svg xmlns=\"http:\/\/www.w3.org\/2000\/svg\" width=\"12\" height=\"12\" fill=\"none\" viewBox=\"0 0 12 12\">\n\t\t\t\t<path fill=\"#fff\" d=\"M2 0a2 2 0 0 0-2 2v2h1.5V2a.5.5 0 0 1 .5-.5h2V0H2Zm2 10.5H2a.5.5 0 0 1-.5-.5V8H0v2a2 2 0 0 0 2 2h2v-1.5ZM8 12v-1.5h2a.5.5 0 0 0 .5-.5V8H12v2a2 2 0 0 1-2 2H8Zm2-12a2 2 0 0 1 2 2v2h-1.5V2a.5.5 0 0 0-.5-.5H8V0h2Z\" \/>\n\t\t\t<\/svg>\n\t\t<\/button><figcaption class=\"wp-element-caption\"><strong>31.12.1784 se narodila v Liboci 13 Kate\u0159ina, otec Joannes Tuczek casarius, Mater Catharina. Dne 3.7.1857 zem\u0159ela v Liboci \u010d.13<\/strong><\/figcaption><\/figure>\n<\/div>\n\n<div class=\"wp-block-image\">\n<figure data-wp-context=\"{&quot;imageId&quot;:&quot;69f31c5e7f37e&quot;}\" data-wp-interactive=\"core\/image\" data-wp-key=\"69f31c5e7f37e\" class=\"aligncenter size-full is-resized wp-lightbox-container\" id=\"h52\"><img loading=\"lazy\" decoding=\"async\" width=\"1008\" height=\"116\" data-wp-class--hide=\"state.isContentHidden\" data-wp-class--show=\"state.isContentVisible\" data-wp-init=\"callbacks.setButtonStyles\" data-wp-on--click=\"actions.showLightbox\" data-wp-on--load=\"callbacks.setButtonStyles\" data-wp-on-window--resize=\"callbacks.setButtonStyles\" src=\"https:\/\/www.periferieprahy.cz\/blog\/wp-content\/uploads\/2025\/03\/cp13.h52.jpg\" alt=\"\" class=\"wp-image-1623\" style=\"width:794px;height:auto\" srcset=\"https:\/\/www.periferieprahy.cz\/blog\/wp-content\/uploads\/2025\/03\/cp13.h52.jpg 1008w, https:\/\/www.periferieprahy.cz\/blog\/wp-content\/uploads\/2025\/03\/cp13.h52-300x35.jpg 300w, https:\/\/www.periferieprahy.cz\/blog\/wp-content\/uploads\/2025\/03\/cp13.h52-768x88.jpg 768w\" sizes=\"auto, (max-width: 1008px) 100vw, 1008px\" \/><button\n\t\t\tclass=\"lightbox-trigger\"\n\t\t\ttype=\"button\"\n\t\t\taria-haspopup=\"dialog\"\n\t\t\taria-label=\"Zv\u011bt\u0161it\"\n\t\t\tdata-wp-init=\"callbacks.initTriggerButton\"\n\t\t\tdata-wp-on--click=\"actions.showLightbox\"\n\t\t\tdata-wp-style--right=\"state.imageButtonRight\"\n\t\t\tdata-wp-style--top=\"state.imageButtonTop\"\n\t\t>\n\t\t\t<svg xmlns=\"http:\/\/www.w3.org\/2000\/svg\" width=\"12\" height=\"12\" fill=\"none\" viewBox=\"0 0 12 12\">\n\t\t\t\t<path fill=\"#fff\" d=\"M2 0a2 2 0 0 0-2 2v2h1.5V2a.5.5 0 0 1 .5-.5h2V0H2Zm2 10.5H2a.5.5 0 0 1-.5-.5V8H0v2a2 2 0 0 0 2 2h2v-1.5ZM8 12v-1.5h2a.5.5 0 0 0 .5-.5V8H12v2a2 2 0 0 1-2 2H8Zm2-12a2 2 0 0 1 2 2v2h-1.5V2a.5.5 0 0 0-.5-.5H8V0h2Z\" \/>\n\t\t\t<\/svg>\n\t\t<\/button><figcaption class=\"wp-element-caption\">23.1.1790 * Jan, otec Jan Tu\u010dek chalupn\u00edk, matka Kate\u0159ina<\/figcaption><\/figure>\n<\/div>\n\n<div class=\"wp-block-image\">\n<figure data-wp-context=\"{&quot;imageId&quot;:&quot;69f31c5e7f860&quot;}\" data-wp-interactive=\"core\/image\" data-wp-key=\"69f31c5e7f860\" class=\"aligncenter size-large is-resized wp-lightbox-container\" id=\"h53\"><img loading=\"lazy\" decoding=\"async\" width=\"1024\" height=\"85\" data-wp-class--hide=\"state.isContentHidden\" data-wp-class--show=\"state.isContentVisible\" data-wp-init=\"callbacks.setButtonStyles\" data-wp-on--click=\"actions.showLightbox\" data-wp-on--load=\"callbacks.setButtonStyles\" data-wp-on-window--resize=\"callbacks.setButtonStyles\" src=\"https:\/\/www.periferieprahy.cz\/blog\/wp-content\/uploads\/2025\/03\/cp13.h53-1024x85.jpg\" alt=\"\" class=\"wp-image-1624\" style=\"width:798px;height:auto\" srcset=\"https:\/\/www.periferieprahy.cz\/blog\/wp-content\/uploads\/2025\/03\/cp13.h53-1024x85.jpg 1024w, https:\/\/www.periferieprahy.cz\/blog\/wp-content\/uploads\/2025\/03\/cp13.h53-300x25.jpg 300w, https:\/\/www.periferieprahy.cz\/blog\/wp-content\/uploads\/2025\/03\/cp13.h53-768x64.jpg 768w, https:\/\/www.periferieprahy.cz\/blog\/wp-content\/uploads\/2025\/03\/cp13.h53.jpg 1092w\" sizes=\"auto, (max-width: 1024px) 100vw, 1024px\" \/><button\n\t\t\tclass=\"lightbox-trigger\"\n\t\t\ttype=\"button\"\n\t\t\taria-haspopup=\"dialog\"\n\t\t\taria-label=\"Zv\u011bt\u0161it\"\n\t\t\tdata-wp-init=\"callbacks.initTriggerButton\"\n\t\t\tdata-wp-on--click=\"actions.showLightbox\"\n\t\t\tdata-wp-style--right=\"state.imageButtonRight\"\n\t\t\tdata-wp-style--top=\"state.imageButtonTop\"\n\t\t>\n\t\t\t<svg xmlns=\"http:\/\/www.w3.org\/2000\/svg\" width=\"12\" height=\"12\" fill=\"none\" viewBox=\"0 0 12 12\">\n\t\t\t\t<path fill=\"#fff\" d=\"M2 0a2 2 0 0 0-2 2v2h1.5V2a.5.5 0 0 1 .5-.5h2V0H2Zm2 10.5H2a.5.5 0 0 1-.5-.5V8H0v2a2 2 0 0 0 2 2h2v-1.5ZM8 12v-1.5h2a.5.5 0 0 0 .5-.5V8H12v2a2 2 0 0 1-2 2H8Zm2-12a2 2 0 0 1 2 2v2h-1.5V2a.5.5 0 0 0-.5-.5H8V0h2Z\" \/>\n\t\t\t<\/svg>\n\t\t<\/button><figcaption class=\"wp-element-caption\">20.5.1792 * Franti\u0161ek, otec Jan Tu\u010dek chalupn\u00edk, matka Kate\u0159ina<\/figcaption><\/figure>\n<\/div>\n\n<div class=\"wp-block-image\">\n<figure data-wp-context=\"{&quot;imageId&quot;:&quot;69f31c5e7fd77&quot;}\" data-wp-interactive=\"core\/image\" data-wp-key=\"69f31c5e7fd77\" class=\"aligncenter size-large is-resized wp-lightbox-container\" id=\"h54\"><img loading=\"lazy\" decoding=\"async\" width=\"1024\" height=\"532\" data-wp-class--hide=\"state.isContentHidden\" data-wp-class--show=\"state.isContentVisible\" data-wp-init=\"callbacks.setButtonStyles\" data-wp-on--click=\"actions.showLightbox\" data-wp-on--load=\"callbacks.setButtonStyles\" data-wp-on-window--resize=\"callbacks.setButtonStyles\" src=\"https:\/\/www.periferieprahy.cz\/blog\/wp-content\/uploads\/2025\/03\/cp13.h54-1024x532.jpg\" alt=\"\" class=\"wp-image-1625\" style=\"width:800px\" srcset=\"https:\/\/www.periferieprahy.cz\/blog\/wp-content\/uploads\/2025\/03\/cp13.h54-1024x532.jpg 1024w, https:\/\/www.periferieprahy.cz\/blog\/wp-content\/uploads\/2025\/03\/cp13.h54-300x156.jpg 300w, https:\/\/www.periferieprahy.cz\/blog\/wp-content\/uploads\/2025\/03\/cp13.h54-768x399.jpg 768w, https:\/\/www.periferieprahy.cz\/blog\/wp-content\/uploads\/2025\/03\/cp13.h54.jpg 1111w\" sizes=\"auto, (max-width: 1024px) 100vw, 1024px\" \/><button\n\t\t\tclass=\"lightbox-trigger\"\n\t\t\ttype=\"button\"\n\t\t\taria-haspopup=\"dialog\"\n\t\t\taria-label=\"Zv\u011bt\u0161it\"\n\t\t\tdata-wp-init=\"callbacks.initTriggerButton\"\n\t\t\tdata-wp-on--click=\"actions.showLightbox\"\n\t\t\tdata-wp-style--right=\"state.imageButtonRight\"\n\t\t\tdata-wp-style--top=\"state.imageButtonTop\"\n\t\t>\n\t\t\t<svg xmlns=\"http:\/\/www.w3.org\/2000\/svg\" width=\"12\" height=\"12\" fill=\"none\" viewBox=\"0 0 12 12\">\n\t\t\t\t<path fill=\"#fff\" d=\"M2 0a2 2 0 0 0-2 2v2h1.5V2a.5.5 0 0 1 .5-.5h2V0H2Zm2 10.5H2a.5.5 0 0 1-.5-.5V8H0v2a2 2 0 0 0 2 2h2v-1.5ZM8 12v-1.5h2a.5.5 0 0 0 .5-.5V8H12v2a2 2 0 0 1-2 2H8Zm2-12a2 2 0 0 1 2 2v2h-1.5V2a.5.5 0 0 0-.5-.5H8V0h2Z\" \/>\n\t\t\t<\/svg>\n\t\t<\/button><figcaption class=\"wp-element-caption\">15.8.1796 * Marie , otec Jan Tu\u010dek chalupn\u00edk a rycht\u00e1\u0159, matka Kate\u0159ina, dcera Jana Hovorky mlyn\u00e1\u0159e z \u0160\u00e1rky, mate\u0159e Doroty.<\/figcaption><\/figure>\n<\/div>\n\n\n<h3 class=\"wp-block-heading has-text-align-center\" id=\"vaclav_kubr\"><strong>Potomci V\u00e1clava Kubra a Kate\u0159iny Tu\u010dkov\u00e9<\/strong><\/h3>\n\n\n\n\n<div class=\"wp-block-image\">\n<figure data-wp-context=\"{&quot;imageId&quot;:&quot;69f31c5e804ba&quot;}\" data-wp-interactive=\"core\/image\" data-wp-key=\"69f31c5e804ba\" class=\"aligncenter size-large is-resized wp-lightbox-container\" id=\"h81\"><img loading=\"lazy\" decoding=\"async\" width=\"1024\" height=\"89\" data-wp-class--hide=\"state.isContentHidden\" data-wp-class--show=\"state.isContentVisible\" data-wp-init=\"callbacks.setButtonStyles\" data-wp-on--click=\"actions.showLightbox\" data-wp-on--load=\"callbacks.setButtonStyles\" data-wp-on-window--resize=\"callbacks.setButtonStyles\" src=\"https:\/\/www.periferieprahy.cz\/blog\/wp-content\/uploads\/2025\/03\/cp12.h81-1024x89.jpg\" alt=\"\" class=\"wp-image-1563\" style=\"width:802px;height:auto\" srcset=\"https:\/\/www.periferieprahy.cz\/blog\/wp-content\/uploads\/2025\/03\/cp12.h81-1024x89.jpg 1024w, https:\/\/www.periferieprahy.cz\/blog\/wp-content\/uploads\/2025\/03\/cp12.h81-300x26.jpg 300w, https:\/\/www.periferieprahy.cz\/blog\/wp-content\/uploads\/2025\/03\/cp12.h81-768x67.jpg 768w, https:\/\/www.periferieprahy.cz\/blog\/wp-content\/uploads\/2025\/03\/cp12.h81.jpg 1066w\" sizes=\"auto, (max-width: 1024px) 100vw, 1024px\" \/><button\n\t\t\tclass=\"lightbox-trigger\"\n\t\t\ttype=\"button\"\n\t\t\taria-haspopup=\"dialog\"\n\t\t\taria-label=\"Zv\u011bt\u0161it\"\n\t\t\tdata-wp-init=\"callbacks.initTriggerButton\"\n\t\t\tdata-wp-on--click=\"actions.showLightbox\"\n\t\t\tdata-wp-style--right=\"state.imageButtonRight\"\n\t\t\tdata-wp-style--top=\"state.imageButtonTop\"\n\t\t>\n\t\t\t<svg xmlns=\"http:\/\/www.w3.org\/2000\/svg\" width=\"12\" height=\"12\" fill=\"none\" viewBox=\"0 0 12 12\">\n\t\t\t\t<path fill=\"#fff\" d=\"M2 0a2 2 0 0 0-2 2v2h1.5V2a.5.5 0 0 1 .5-.5h2V0H2Zm2 10.5H2a.5.5 0 0 1-.5-.5V8H0v2a2 2 0 0 0 2 2h2v-1.5ZM8 12v-1.5h2a.5.5 0 0 0 .5-.5V8H12v2a2 2 0 0 1-2 2H8Zm2-12a2 2 0 0 1 2 2v2h-1.5V2a.5.5 0 0 0-.5-.5H8V0h2Z\" \/>\n\t\t\t<\/svg>\n\t\t<\/button><figcaption class=\"wp-element-caption\">26.9.1785 se v Liboci \u010d. 12 narodil a 17.6. byl pok\u0159t\u011bn V\u00e1clav, otec Josef Kubr, sedl\u00e1k a jeho \u017eena Kate\u0159ina. V\u00e1clav se o\u017eenil dne 26.1.1806 s Kate\u0159inou Tu\u010dkovou ze sousedn\u00edho statku \u010d.p.13  <\/figcaption><\/figure>\n<\/div>\n\n<div class=\"wp-block-image\">\n<figure data-wp-context=\"{&quot;imageId&quot;:&quot;69f31c5e80a2f&quot;}\" data-wp-interactive=\"core\/image\" data-wp-key=\"69f31c5e80a2f\" class=\"aligncenter size-large is-resized wp-lightbox-container\" id=\"h89\"><img loading=\"lazy\" decoding=\"async\" width=\"1024\" height=\"244\" data-wp-class--hide=\"state.isContentHidden\" data-wp-class--show=\"state.isContentVisible\" data-wp-init=\"callbacks.setButtonStyles\" data-wp-on--click=\"actions.showLightbox\" data-wp-on--load=\"callbacks.setButtonStyles\" data-wp-on-window--resize=\"callbacks.setButtonStyles\" src=\"https:\/\/www.periferieprahy.cz\/blog\/wp-content\/uploads\/2025\/03\/cp13.h89-1024x244.jpg\" alt=\"\" class=\"wp-image-1657\" style=\"width:804px;height:auto\" srcset=\"https:\/\/www.periferieprahy.cz\/blog\/wp-content\/uploads\/2025\/03\/cp13.h89-1024x244.jpg 1024w, https:\/\/www.periferieprahy.cz\/blog\/wp-content\/uploads\/2025\/03\/cp13.h89-300x71.jpg 300w, https:\/\/www.periferieprahy.cz\/blog\/wp-content\/uploads\/2025\/03\/cp13.h89-768x183.jpg 768w, https:\/\/www.periferieprahy.cz\/blog\/wp-content\/uploads\/2025\/03\/cp13.h89.jpg 1028w\" sizes=\"auto, (max-width: 1024px) 100vw, 1024px\" \/><button\n\t\t\tclass=\"lightbox-trigger\"\n\t\t\ttype=\"button\"\n\t\t\taria-haspopup=\"dialog\"\n\t\t\taria-label=\"Zv\u011bt\u0161it\"\n\t\t\tdata-wp-init=\"callbacks.initTriggerButton\"\n\t\t\tdata-wp-on--click=\"actions.showLightbox\"\n\t\t\tdata-wp-style--right=\"state.imageButtonRight\"\n\t\t\tdata-wp-style--top=\"state.imageButtonTop\"\n\t\t>\n\t\t\t<svg xmlns=\"http:\/\/www.w3.org\/2000\/svg\" width=\"12\" height=\"12\" fill=\"none\" viewBox=\"0 0 12 12\">\n\t\t\t\t<path fill=\"#fff\" d=\"M2 0a2 2 0 0 0-2 2v2h1.5V2a.5.5 0 0 1 .5-.5h2V0H2Zm2 10.5H2a.5.5 0 0 1-.5-.5V8H0v2a2 2 0 0 0 2 2h2v-1.5ZM8 12v-1.5h2a.5.5 0 0 0 .5-.5V8H12v2a2 2 0 0 1-2 2H8Zm2-12a2 2 0 0 1 2 2v2h-1.5V2a.5.5 0 0 0-.5-.5H8V0h2Z\" \/>\n\t\t\t<\/svg>\n\t\t<\/button><figcaption class=\"wp-element-caption\">V\u00e1clav Kubr zem\u0159el 31.7.1858<\/figcaption><\/figure>\n<\/div>\n\n<div class=\"wp-block-image\">\n<figure data-wp-context=\"{&quot;imageId&quot;:&quot;69f31c5e80fa6&quot;}\" data-wp-interactive=\"core\/image\" data-wp-key=\"69f31c5e80fa6\" class=\"aligncenter size-large is-resized wp-lightbox-container\" id=\"h66\"><img loading=\"lazy\" decoding=\"async\" width=\"1024\" height=\"357\" data-wp-class--hide=\"state.isContentHidden\" data-wp-class--show=\"state.isContentVisible\" data-wp-init=\"callbacks.setButtonStyles\" data-wp-on--click=\"actions.showLightbox\" data-wp-on--load=\"callbacks.setButtonStyles\" data-wp-on-window--resize=\"callbacks.setButtonStyles\" src=\"https:\/\/www.periferieprahy.cz\/blog\/wp-content\/uploads\/2025\/03\/cp13.h66-1024x357.jpg\" alt=\"\" class=\"wp-image-1637\" style=\"width:790px;height:auto\" srcset=\"https:\/\/www.periferieprahy.cz\/blog\/wp-content\/uploads\/2025\/03\/cp13.h66-1024x357.jpg 1024w, https:\/\/www.periferieprahy.cz\/blog\/wp-content\/uploads\/2025\/03\/cp13.h66-300x105.jpg 300w, https:\/\/www.periferieprahy.cz\/blog\/wp-content\/uploads\/2025\/03\/cp13.h66-768x268.jpg 768w, https:\/\/www.periferieprahy.cz\/blog\/wp-content\/uploads\/2025\/03\/cp13.h66.jpg 1063w\" sizes=\"auto, (max-width: 1024px) 100vw, 1024px\" \/><button\n\t\t\tclass=\"lightbox-trigger\"\n\t\t\ttype=\"button\"\n\t\t\taria-haspopup=\"dialog\"\n\t\t\taria-label=\"Zv\u011bt\u0161it\"\n\t\t\tdata-wp-init=\"callbacks.initTriggerButton\"\n\t\t\tdata-wp-on--click=\"actions.showLightbox\"\n\t\t\tdata-wp-style--right=\"state.imageButtonRight\"\n\t\t\tdata-wp-style--top=\"state.imageButtonTop\"\n\t\t>\n\t\t\t<svg xmlns=\"http:\/\/www.w3.org\/2000\/svg\" width=\"12\" height=\"12\" fill=\"none\" viewBox=\"0 0 12 12\">\n\t\t\t\t<path fill=\"#fff\" d=\"M2 0a2 2 0 0 0-2 2v2h1.5V2a.5.5 0 0 1 .5-.5h2V0H2Zm2 10.5H2a.5.5 0 0 1-.5-.5V8H0v2a2 2 0 0 0 2 2h2v-1.5ZM8 12v-1.5h2a.5.5 0 0 0 .5-.5V8H12v2a2 2 0 0 1-2 2H8Zm2-12a2 2 0 0 1 2 2v2h-1.5V2a.5.5 0 0 0-.5-.5H8V0h2Z\" \/>\n\t\t\t<\/svg>\n\t\t<\/button><figcaption class=\"wp-element-caption\">26.1.1806 uzav\u0159eli s\u0148atek V\u00e1clav Kubr chalupn\u00edk Libock\u00fd a Kate\u0159ina, dcera Jana Tu\u010dka souseda a rycht\u00e1\u0159e libock\u00e9ho\n<\/figcaption><\/figure>\n<\/div>\n\n<div class=\"wp-block-image\">\n<figure data-wp-context=\"{&quot;imageId&quot;:&quot;69f31c5e814e4&quot;}\" data-wp-interactive=\"core\/image\" data-wp-key=\"69f31c5e814e4\" class=\"aligncenter size-full is-resized wp-lightbox-container\" id=\"h55\"><img loading=\"lazy\" decoding=\"async\" width=\"953\" height=\"235\" data-wp-class--hide=\"state.isContentHidden\" data-wp-class--show=\"state.isContentVisible\" data-wp-init=\"callbacks.setButtonStyles\" data-wp-on--click=\"actions.showLightbox\" data-wp-on--load=\"callbacks.setButtonStyles\" data-wp-on-window--resize=\"callbacks.setButtonStyles\" src=\"https:\/\/www.periferieprahy.cz\/blog\/wp-content\/uploads\/2025\/03\/cp13.h55.jpg\" alt=\"\" class=\"wp-image-1626\" style=\"width:794px;height:auto\" srcset=\"https:\/\/www.periferieprahy.cz\/blog\/wp-content\/uploads\/2025\/03\/cp13.h55.jpg 953w, https:\/\/www.periferieprahy.cz\/blog\/wp-content\/uploads\/2025\/03\/cp13.h55-300x74.jpg 300w, https:\/\/www.periferieprahy.cz\/blog\/wp-content\/uploads\/2025\/03\/cp13.h55-768x189.jpg 768w\" sizes=\"auto, (max-width: 953px) 100vw, 953px\" \/><button\n\t\t\tclass=\"lightbox-trigger\"\n\t\t\ttype=\"button\"\n\t\t\taria-haspopup=\"dialog\"\n\t\t\taria-label=\"Zv\u011bt\u0161it\"\n\t\t\tdata-wp-init=\"callbacks.initTriggerButton\"\n\t\t\tdata-wp-on--click=\"actions.showLightbox\"\n\t\t\tdata-wp-style--right=\"state.imageButtonRight\"\n\t\t\tdata-wp-style--top=\"state.imageButtonTop\"\n\t\t>\n\t\t\t<svg xmlns=\"http:\/\/www.w3.org\/2000\/svg\" width=\"12\" height=\"12\" fill=\"none\" viewBox=\"0 0 12 12\">\n\t\t\t\t<path fill=\"#fff\" d=\"M2 0a2 2 0 0 0-2 2v2h1.5V2a.5.5 0 0 1 .5-.5h2V0H2Zm2 10.5H2a.5.5 0 0 1-.5-.5V8H0v2a2 2 0 0 0 2 2h2v-1.5ZM8 12v-1.5h2a.5.5 0 0 0 .5-.5V8H12v2a2 2 0 0 1-2 2H8Zm2-12a2 2 0 0 1 2 2v2h-1.5V2a.5.5 0 0 0-.5-.5H8V0h2Z\" \/>\n\t\t\t<\/svg>\n\t\t<\/button><figcaption class=\"wp-element-caption\">15.7.1807 se narodil Franti\u0161ek, otec V\u00e1clav Kubr, matka Kate\u0159ina roz. Tu\u010dkov\u00e1 \n<\/figcaption><\/figure>\n<\/div>\n\n<div class=\"wp-block-image\">\n<figure data-wp-context=\"{&quot;imageId&quot;:&quot;69f31c5e81a4c&quot;}\" data-wp-interactive=\"core\/image\" data-wp-key=\"69f31c5e81a4c\" class=\"aligncenter size-full is-resized wp-lightbox-container\" id=\"h56\"><img loading=\"lazy\" decoding=\"async\" width=\"1017\" height=\"464\" data-wp-class--hide=\"state.isContentHidden\" data-wp-class--show=\"state.isContentVisible\" data-wp-init=\"callbacks.setButtonStyles\" data-wp-on--click=\"actions.showLightbox\" data-wp-on--load=\"callbacks.setButtonStyles\" data-wp-on-window--resize=\"callbacks.setButtonStyles\" src=\"https:\/\/www.periferieprahy.cz\/blog\/wp-content\/uploads\/2025\/03\/cp13.h56.jpg\" alt=\"\" class=\"wp-image-1627\" style=\"width:788px;height:auto\" srcset=\"https:\/\/www.periferieprahy.cz\/blog\/wp-content\/uploads\/2025\/03\/cp13.h56.jpg 1017w, https:\/\/www.periferieprahy.cz\/blog\/wp-content\/uploads\/2025\/03\/cp13.h56-300x137.jpg 300w, https:\/\/www.periferieprahy.cz\/blog\/wp-content\/uploads\/2025\/03\/cp13.h56-768x350.jpg 768w\" sizes=\"auto, (max-width: 1017px) 100vw, 1017px\" \/><button\n\t\t\tclass=\"lightbox-trigger\"\n\t\t\ttype=\"button\"\n\t\t\taria-haspopup=\"dialog\"\n\t\t\taria-label=\"Zv\u011bt\u0161it\"\n\t\t\tdata-wp-init=\"callbacks.initTriggerButton\"\n\t\t\tdata-wp-on--click=\"actions.showLightbox\"\n\t\t\tdata-wp-style--right=\"state.imageButtonRight\"\n\t\t\tdata-wp-style--top=\"state.imageButtonTop\"\n\t\t>\n\t\t\t<svg xmlns=\"http:\/\/www.w3.org\/2000\/svg\" width=\"12\" height=\"12\" fill=\"none\" viewBox=\"0 0 12 12\">\n\t\t\t\t<path fill=\"#fff\" d=\"M2 0a2 2 0 0 0-2 2v2h1.5V2a.5.5 0 0 1 .5-.5h2V0H2Zm2 10.5H2a.5.5 0 0 1-.5-.5V8H0v2a2 2 0 0 0 2 2h2v-1.5ZM8 12v-1.5h2a.5.5 0 0 0 .5-.5V8H12v2a2 2 0 0 1-2 2H8Zm2-12a2 2 0 0 1 2 2v2h-1.5V2a.5.5 0 0 0-.5-.5H8V0h2Z\" \/>\n\t\t\t<\/svg>\n\t\t<\/button><figcaption class=\"wp-element-caption\">16.7.1809 se narodil Jan, otec V\u00e1clav Kubr, matka Kate\u0159ina roz. Tu\u010dkov\u00e1 \n<\/figcaption><\/figure>\n<\/div>\n\n<div class=\"wp-block-image h57\">\n<figure data-wp-context=\"{&quot;imageId&quot;:&quot;69f31c5e81fc8&quot;}\" data-wp-interactive=\"core\/image\" data-wp-key=\"69f31c5e81fc8\" class=\"aligncenter size-full is-resized wp-lightbox-container\" id=\"h57\"><img loading=\"lazy\" decoding=\"async\" width=\"884\" height=\"205\" data-wp-class--hide=\"state.isContentHidden\" data-wp-class--show=\"state.isContentVisible\" data-wp-init=\"callbacks.setButtonStyles\" data-wp-on--click=\"actions.showLightbox\" data-wp-on--load=\"callbacks.setButtonStyles\" data-wp-on-window--resize=\"callbacks.setButtonStyles\" src=\"https:\/\/www.periferieprahy.cz\/blog\/wp-content\/uploads\/2025\/03\/cp13.h57.jpg\" alt=\"\" class=\"wp-image-1628\" style=\"width:794px;height:auto\" srcset=\"https:\/\/www.periferieprahy.cz\/blog\/wp-content\/uploads\/2025\/03\/cp13.h57.jpg 884w, https:\/\/www.periferieprahy.cz\/blog\/wp-content\/uploads\/2025\/03\/cp13.h57-300x70.jpg 300w, https:\/\/www.periferieprahy.cz\/blog\/wp-content\/uploads\/2025\/03\/cp13.h57-768x178.jpg 768w\" sizes=\"auto, (max-width: 884px) 100vw, 884px\" \/><button\n\t\t\tclass=\"lightbox-trigger\"\n\t\t\ttype=\"button\"\n\t\t\taria-haspopup=\"dialog\"\n\t\t\taria-label=\"Zv\u011bt\u0161it\"\n\t\t\tdata-wp-init=\"callbacks.initTriggerButton\"\n\t\t\tdata-wp-on--click=\"actions.showLightbox\"\n\t\t\tdata-wp-style--right=\"state.imageButtonRight\"\n\t\t\tdata-wp-style--top=\"state.imageButtonTop\"\n\t\t>\n\t\t\t<svg xmlns=\"http:\/\/www.w3.org\/2000\/svg\" width=\"12\" height=\"12\" fill=\"none\" viewBox=\"0 0 12 12\">\n\t\t\t\t<path fill=\"#fff\" d=\"M2 0a2 2 0 0 0-2 2v2h1.5V2a.5.5 0 0 1 .5-.5h2V0H2Zm2 10.5H2a.5.5 0 0 1-.5-.5V8H0v2a2 2 0 0 0 2 2h2v-1.5ZM8 12v-1.5h2a.5.5 0 0 0 .5-.5V8H12v2a2 2 0 0 1-2 2H8Zm2-12a2 2 0 0 1 2 2v2h-1.5V2a.5.5 0 0 0-.5-.5H8V0h2Z\" \/>\n\t\t\t<\/svg>\n\t\t<\/button><figcaption class=\"wp-element-caption\">29.10.1811 se narodil Josef, otec V\u00e1clav Kubr, matka Kate\u0159ina roz. Tu\u010dkov\u00e1 \n<\/figcaption><\/figure>\n<\/div>\n\n<div class=\"wp-block-image\">\n<figure data-wp-context=\"{&quot;imageId&quot;:&quot;69f31c5e824a7&quot;}\" data-wp-interactive=\"core\/image\" data-wp-key=\"69f31c5e824a7\" class=\"aligncenter size-full is-resized wp-lightbox-container\" id=\"h58\"><img loading=\"lazy\" decoding=\"async\" width=\"992\" height=\"410\" data-wp-class--hide=\"state.isContentHidden\" data-wp-class--show=\"state.isContentVisible\" data-wp-init=\"callbacks.setButtonStyles\" data-wp-on--click=\"actions.showLightbox\" data-wp-on--load=\"callbacks.setButtonStyles\" data-wp-on-window--resize=\"callbacks.setButtonStyles\" src=\"https:\/\/www.periferieprahy.cz\/blog\/wp-content\/uploads\/2025\/03\/cp13.h58.jpg\" alt=\"\" class=\"wp-image-1629\" style=\"width:796px;height:auto\" srcset=\"https:\/\/www.periferieprahy.cz\/blog\/wp-content\/uploads\/2025\/03\/cp13.h58.jpg 992w, https:\/\/www.periferieprahy.cz\/blog\/wp-content\/uploads\/2025\/03\/cp13.h58-300x124.jpg 300w, https:\/\/www.periferieprahy.cz\/blog\/wp-content\/uploads\/2025\/03\/cp13.h58-768x317.jpg 768w\" sizes=\"auto, (max-width: 992px) 100vw, 992px\" \/><button\n\t\t\tclass=\"lightbox-trigger\"\n\t\t\ttype=\"button\"\n\t\t\taria-haspopup=\"dialog\"\n\t\t\taria-label=\"Zv\u011bt\u0161it\"\n\t\t\tdata-wp-init=\"callbacks.initTriggerButton\"\n\t\t\tdata-wp-on--click=\"actions.showLightbox\"\n\t\t\tdata-wp-style--right=\"state.imageButtonRight\"\n\t\t\tdata-wp-style--top=\"state.imageButtonTop\"\n\t\t>\n\t\t\t<svg xmlns=\"http:\/\/www.w3.org\/2000\/svg\" width=\"12\" height=\"12\" fill=\"none\" viewBox=\"0 0 12 12\">\n\t\t\t\t<path fill=\"#fff\" d=\"M2 0a2 2 0 0 0-2 2v2h1.5V2a.5.5 0 0 1 .5-.5h2V0H2Zm2 10.5H2a.5.5 0 0 1-.5-.5V8H0v2a2 2 0 0 0 2 2h2v-1.5ZM8 12v-1.5h2a.5.5 0 0 0 .5-.5V8H12v2a2 2 0 0 1-2 2H8Zm2-12a2 2 0 0 1 2 2v2h-1.5V2a.5.5 0 0 0-.5-.5H8V0h2Z\" \/>\n\t\t\t<\/svg>\n\t\t<\/button><figcaption class=\"wp-element-caption\">9.3.1814 se narodil V\u00e1clav, otec V\u00e1clav Kubr, matka Kate\u0159ina roz. Tu\u010dkov\u00e1 \n<\/figcaption><\/figure>\n<\/div>\n\n<div class=\"wp-block-image\">\n<figure data-wp-context=\"{&quot;imageId&quot;:&quot;69f31c5e829f9&quot;}\" data-wp-interactive=\"core\/image\" data-wp-key=\"69f31c5e829f9\" class=\"aligncenter size-large is-resized wp-lightbox-container\" id=\"h59\"><img loading=\"lazy\" decoding=\"async\" width=\"1024\" height=\"295\" data-wp-class--hide=\"state.isContentHidden\" data-wp-class--show=\"state.isContentVisible\" data-wp-init=\"callbacks.setButtonStyles\" data-wp-on--click=\"actions.showLightbox\" data-wp-on--load=\"callbacks.setButtonStyles\" data-wp-on-window--resize=\"callbacks.setButtonStyles\" src=\"https:\/\/www.periferieprahy.cz\/blog\/wp-content\/uploads\/2025\/03\/cp13.h59-1024x295.jpg\" alt=\"\" class=\"wp-image-1630\" style=\"width:792px;height:auto\" srcset=\"https:\/\/www.periferieprahy.cz\/blog\/wp-content\/uploads\/2025\/03\/cp13.h59-1024x295.jpg 1024w, https:\/\/www.periferieprahy.cz\/blog\/wp-content\/uploads\/2025\/03\/cp13.h59-300x86.jpg 300w, https:\/\/www.periferieprahy.cz\/blog\/wp-content\/uploads\/2025\/03\/cp13.h59-768x221.jpg 768w, https:\/\/www.periferieprahy.cz\/blog\/wp-content\/uploads\/2025\/03\/cp13.h59.jpg 1087w\" sizes=\"auto, (max-width: 1024px) 100vw, 1024px\" \/><button\n\t\t\tclass=\"lightbox-trigger\"\n\t\t\ttype=\"button\"\n\t\t\taria-haspopup=\"dialog\"\n\t\t\taria-label=\"Zv\u011bt\u0161it\"\n\t\t\tdata-wp-init=\"callbacks.initTriggerButton\"\n\t\t\tdata-wp-on--click=\"actions.showLightbox\"\n\t\t\tdata-wp-style--right=\"state.imageButtonRight\"\n\t\t\tdata-wp-style--top=\"state.imageButtonTop\"\n\t\t>\n\t\t\t<svg xmlns=\"http:\/\/www.w3.org\/2000\/svg\" width=\"12\" height=\"12\" fill=\"none\" viewBox=\"0 0 12 12\">\n\t\t\t\t<path fill=\"#fff\" d=\"M2 0a2 2 0 0 0-2 2v2h1.5V2a.5.5 0 0 1 .5-.5h2V0H2Zm2 10.5H2a.5.5 0 0 1-.5-.5V8H0v2a2 2 0 0 0 2 2h2v-1.5ZM8 12v-1.5h2a.5.5 0 0 0 .5-.5V8H12v2a2 2 0 0 1-2 2H8Zm2-12a2 2 0 0 1 2 2v2h-1.5V2a.5.5 0 0 0-.5-.5H8V0h2Z\" \/>\n\t\t\t<\/svg>\n\t\t<\/button><figcaption class=\"wp-element-caption\">30.1.1818 se narodila Marie, otec V\u00e1clav Kubr, matka Kate\u0159ina roz. Tu\u010dkov\u00e1 \n<\/figcaption><\/figure>\n<\/div>\n\n<div class=\"wp-block-image\">\n<figure data-wp-context=\"{&quot;imageId&quot;:&quot;69f31c5e82edb&quot;}\" data-wp-interactive=\"core\/image\" data-wp-key=\"69f31c5e82edb\" class=\"aligncenter size-full is-resized wp-lightbox-container\" id=\"h60\"><img loading=\"lazy\" decoding=\"async\" width=\"1001\" height=\"512\" data-wp-class--hide=\"state.isContentHidden\" data-wp-class--show=\"state.isContentVisible\" data-wp-init=\"callbacks.setButtonStyles\" data-wp-on--click=\"actions.showLightbox\" data-wp-on--load=\"callbacks.setButtonStyles\" data-wp-on-window--resize=\"callbacks.setButtonStyles\" src=\"https:\/\/www.periferieprahy.cz\/blog\/wp-content\/uploads\/2025\/03\/cp13.h60.jpg\" alt=\"\" class=\"wp-image-1631\" style=\"width:786px;height:auto\" srcset=\"https:\/\/www.periferieprahy.cz\/blog\/wp-content\/uploads\/2025\/03\/cp13.h60.jpg 1001w, https:\/\/www.periferieprahy.cz\/blog\/wp-content\/uploads\/2025\/03\/cp13.h60-300x153.jpg 300w, https:\/\/www.periferieprahy.cz\/blog\/wp-content\/uploads\/2025\/03\/cp13.h60-768x393.jpg 768w\" sizes=\"auto, (max-width: 1001px) 100vw, 1001px\" \/><button\n\t\t\tclass=\"lightbox-trigger\"\n\t\t\ttype=\"button\"\n\t\t\taria-haspopup=\"dialog\"\n\t\t\taria-label=\"Zv\u011bt\u0161it\"\n\t\t\tdata-wp-init=\"callbacks.initTriggerButton\"\n\t\t\tdata-wp-on--click=\"actions.showLightbox\"\n\t\t\tdata-wp-style--right=\"state.imageButtonRight\"\n\t\t\tdata-wp-style--top=\"state.imageButtonTop\"\n\t\t>\n\t\t\t<svg xmlns=\"http:\/\/www.w3.org\/2000\/svg\" width=\"12\" height=\"12\" fill=\"none\" viewBox=\"0 0 12 12\">\n\t\t\t\t<path fill=\"#fff\" d=\"M2 0a2 2 0 0 0-2 2v2h1.5V2a.5.5 0 0 1 .5-.5h2V0H2Zm2 10.5H2a.5.5 0 0 1-.5-.5V8H0v2a2 2 0 0 0 2 2h2v-1.5ZM8 12v-1.5h2a.5.5 0 0 0 .5-.5V8H12v2a2 2 0 0 1-2 2H8Zm2-12a2 2 0 0 1 2 2v2h-1.5V2a.5.5 0 0 0-.5-.5H8V0h2Z\" \/>\n\t\t\t<\/svg>\n\t\t<\/button><figcaption class=\"wp-element-caption\">8.3.1820 se narodil Anton\u00edn, otec V\u00e1clav Kubr, matka Kate\u0159ina roz. Tu\u010dkov\u00e1 \n<\/figcaption><\/figure>\n<\/div>\n\n<div class=\"wp-block-image\">\n<figure data-wp-context=\"{&quot;imageId&quot;:&quot;69f31c5e83399&quot;}\" data-wp-interactive=\"core\/image\" data-wp-key=\"69f31c5e83399\" class=\"aligncenter size-full wp-lightbox-container\"><img loading=\"lazy\" decoding=\"async\" width=\"708\" height=\"255\" data-wp-class--hide=\"state.isContentHidden\" data-wp-class--show=\"state.isContentVisible\" data-wp-init=\"callbacks.setButtonStyles\" data-wp-on--click=\"actions.showLightbox\" data-wp-on--load=\"callbacks.setButtonStyles\" data-wp-on-window--resize=\"callbacks.setButtonStyles\" src=\"https:\/\/www.periferieprahy.cz\/blog\/wp-content\/uploads\/2025\/03\/cp13.h67.jpg\" alt=\"\" class=\"wp-image-1638\" srcset=\"https:\/\/www.periferieprahy.cz\/blog\/wp-content\/uploads\/2025\/03\/cp13.h67.jpg 708w, https:\/\/www.periferieprahy.cz\/blog\/wp-content\/uploads\/2025\/03\/cp13.h67-300x108.jpg 300w\" sizes=\"auto, (max-width: 708px) 100vw, 708px\" \/><button\n\t\t\tclass=\"lightbox-trigger\"\n\t\t\ttype=\"button\"\n\t\t\taria-haspopup=\"dialog\"\n\t\t\taria-label=\"Zv\u011bt\u0161it\"\n\t\t\tdata-wp-init=\"callbacks.initTriggerButton\"\n\t\t\tdata-wp-on--click=\"actions.showLightbox\"\n\t\t\tdata-wp-style--right=\"state.imageButtonRight\"\n\t\t\tdata-wp-style--top=\"state.imageButtonTop\"\n\t\t>\n\t\t\t<svg xmlns=\"http:\/\/www.w3.org\/2000\/svg\" width=\"12\" height=\"12\" fill=\"none\" viewBox=\"0 0 12 12\">\n\t\t\t\t<path fill=\"#fff\" d=\"M2 0a2 2 0 0 0-2 2v2h1.5V2a.5.5 0 0 1 .5-.5h2V0H2Zm2 10.5H2a.5.5 0 0 1-.5-.5V8H0v2a2 2 0 0 0 2 2h2v-1.5ZM8 12v-1.5h2a.5.5 0 0 0 .5-.5V8H12v2a2 2 0 0 1-2 2H8Zm2-12a2 2 0 0 1 2 2v2h-1.5V2a.5.5 0 0 0-.5-.5H8V0h2Z\" \/>\n\t\t\t<\/svg>\n\t\t<\/button><\/figure>\n<\/div>\n\n<div class=\"wp-block-image\">\n<figure data-wp-context=\"{&quot;imageId&quot;:&quot;69f31c5e83869&quot;}\" data-wp-interactive=\"core\/image\" data-wp-key=\"69f31c5e83869\" class=\"aligncenter size-full is-resized wp-lightbox-container\" id=\"h67\"><img loading=\"lazy\" decoding=\"async\" width=\"858\" height=\"267\" data-wp-class--hide=\"state.isContentHidden\" data-wp-class--show=\"state.isContentVisible\" data-wp-init=\"callbacks.setButtonStyles\" data-wp-on--click=\"actions.showLightbox\" data-wp-on--load=\"callbacks.setButtonStyles\" data-wp-on-window--resize=\"callbacks.setButtonStyles\" src=\"https:\/\/www.periferieprahy.cz\/blog\/wp-content\/uploads\/2025\/03\/cp13.h68.jpg\" alt=\"\" class=\"wp-image-1639\" style=\"width:802px;height:auto\" srcset=\"https:\/\/www.periferieprahy.cz\/blog\/wp-content\/uploads\/2025\/03\/cp13.h68.jpg 858w, https:\/\/www.periferieprahy.cz\/blog\/wp-content\/uploads\/2025\/03\/cp13.h68-300x93.jpg 300w, https:\/\/www.periferieprahy.cz\/blog\/wp-content\/uploads\/2025\/03\/cp13.h68-768x239.jpg 768w\" sizes=\"auto, (max-width: 858px) 100vw, 858px\" \/><button\n\t\t\tclass=\"lightbox-trigger\"\n\t\t\ttype=\"button\"\n\t\t\taria-haspopup=\"dialog\"\n\t\t\taria-label=\"Zv\u011bt\u0161it\"\n\t\t\tdata-wp-init=\"callbacks.initTriggerButton\"\n\t\t\tdata-wp-on--click=\"actions.showLightbox\"\n\t\t\tdata-wp-style--right=\"state.imageButtonRight\"\n\t\t\tdata-wp-style--top=\"state.imageButtonTop\"\n\t\t>\n\t\t\t<svg xmlns=\"http:\/\/www.w3.org\/2000\/svg\" width=\"12\" height=\"12\" fill=\"none\" viewBox=\"0 0 12 12\">\n\t\t\t\t<path fill=\"#fff\" d=\"M2 0a2 2 0 0 0-2 2v2h1.5V2a.5.5 0 0 1 .5-.5h2V0H2Zm2 10.5H2a.5.5 0 0 1-.5-.5V8H0v2a2 2 0 0 0 2 2h2v-1.5ZM8 12v-1.5h2a.5.5 0 0 0 .5-.5V8H12v2a2 2 0 0 1-2 2H8Zm2-12a2 2 0 0 1 2 2v2h-1.5V2a.5.5 0 0 0-.5-.5H8V0h2Z\" \/>\n\t\t\t<\/svg>\n\t\t<\/button><figcaption class=\"wp-element-caption\">6.10.1822 se narodila Kate\u0159ina, otec V\u00e1clav Kubr, matka Kate\u0159ina roz. Tu\u010dkov\u00e1 <\/figcaption><\/figure>\n<\/div>\n\n<div class=\"wp-block-image\">\n<figure data-wp-context=\"{&quot;imageId&quot;:&quot;69f31c5e83d56&quot;}\" data-wp-interactive=\"core\/image\" data-wp-key=\"69f31c5e83d56\" class=\"aligncenter size-full wp-lightbox-container\" id=\"h69\"><img loading=\"lazy\" decoding=\"async\" width=\"665\" height=\"291\" data-wp-class--hide=\"state.isContentHidden\" data-wp-class--show=\"state.isContentVisible\" data-wp-init=\"callbacks.setButtonStyles\" data-wp-on--click=\"actions.showLightbox\" data-wp-on--load=\"callbacks.setButtonStyles\" data-wp-on-window--resize=\"callbacks.setButtonStyles\" src=\"https:\/\/www.periferieprahy.cz\/blog\/wp-content\/uploads\/2025\/03\/cp13.h69.jpg\" alt=\"\" class=\"wp-image-1640\" srcset=\"https:\/\/www.periferieprahy.cz\/blog\/wp-content\/uploads\/2025\/03\/cp13.h69.jpg 665w, https:\/\/www.periferieprahy.cz\/blog\/wp-content\/uploads\/2025\/03\/cp13.h69-300x131.jpg 300w\" sizes=\"auto, (max-width: 665px) 100vw, 665px\" \/><button\n\t\t\tclass=\"lightbox-trigger\"\n\t\t\ttype=\"button\"\n\t\t\taria-haspopup=\"dialog\"\n\t\t\taria-label=\"Zv\u011bt\u0161it\"\n\t\t\tdata-wp-init=\"callbacks.initTriggerButton\"\n\t\t\tdata-wp-on--click=\"actions.showLightbox\"\n\t\t\tdata-wp-style--right=\"state.imageButtonRight\"\n\t\t\tdata-wp-style--top=\"state.imageButtonTop\"\n\t\t>\n\t\t\t<svg xmlns=\"http:\/\/www.w3.org\/2000\/svg\" width=\"12\" height=\"12\" fill=\"none\" viewBox=\"0 0 12 12\">\n\t\t\t\t<path fill=\"#fff\" d=\"M2 0a2 2 0 0 0-2 2v2h1.5V2a.5.5 0 0 1 .5-.5h2V0H2Zm2 10.5H2a.5.5 0 0 1-.5-.5V8H0v2a2 2 0 0 0 2 2h2v-1.5ZM8 12v-1.5h2a.5.5 0 0 0 .5-.5V8H12v2a2 2 0 0 1-2 2H8Zm2-12a2 2 0 0 1 2 2v2h-1.5V2a.5.5 0 0 0-.5-.5H8V0h2Z\" \/>\n\t\t\t<\/svg>\n\t\t<\/button><\/figure>\n<\/div>\n\n<div class=\"wp-block-image\">\n<figure data-wp-context=\"{&quot;imageId&quot;:&quot;69f31c5e84271&quot;}\" data-wp-interactive=\"core\/image\" data-wp-key=\"69f31c5e84271\" class=\"aligncenter size-full is-resized wp-lightbox-container\"><img loading=\"lazy\" decoding=\"async\" width=\"876\" height=\"346\" data-wp-class--hide=\"state.isContentHidden\" data-wp-class--show=\"state.isContentVisible\" data-wp-init=\"callbacks.setButtonStyles\" data-wp-on--click=\"actions.showLightbox\" data-wp-on--load=\"callbacks.setButtonStyles\" data-wp-on-window--resize=\"callbacks.setButtonStyles\" src=\"https:\/\/www.periferieprahy.cz\/blog\/wp-content\/uploads\/2025\/03\/cp13.h70.jpg\" alt=\"\" class=\"wp-image-1641\" style=\"width:774px;height:auto\" srcset=\"https:\/\/www.periferieprahy.cz\/blog\/wp-content\/uploads\/2025\/03\/cp13.h70.jpg 876w, https:\/\/www.periferieprahy.cz\/blog\/wp-content\/uploads\/2025\/03\/cp13.h70-300x118.jpg 300w, https:\/\/www.periferieprahy.cz\/blog\/wp-content\/uploads\/2025\/03\/cp13.h70-768x303.jpg 768w\" sizes=\"auto, (max-width: 876px) 100vw, 876px\" \/><button\n\t\t\tclass=\"lightbox-trigger\"\n\t\t\ttype=\"button\"\n\t\t\taria-haspopup=\"dialog\"\n\t\t\taria-label=\"Zv\u011bt\u0161it\"\n\t\t\tdata-wp-init=\"callbacks.initTriggerButton\"\n\t\t\tdata-wp-on--click=\"actions.showLightbox\"\n\t\t\tdata-wp-style--right=\"state.imageButtonRight\"\n\t\t\tdata-wp-style--top=\"state.imageButtonTop\"\n\t\t>\n\t\t\t<svg xmlns=\"http:\/\/www.w3.org\/2000\/svg\" width=\"12\" height=\"12\" fill=\"none\" viewBox=\"0 0 12 12\">\n\t\t\t\t<path fill=\"#fff\" d=\"M2 0a2 2 0 0 0-2 2v2h1.5V2a.5.5 0 0 1 .5-.5h2V0H2Zm2 10.5H2a.5.5 0 0 1-.5-.5V8H0v2a2 2 0 0 0 2 2h2v-1.5ZM8 12v-1.5h2a.5.5 0 0 0 .5-.5V8H12v2a2 2 0 0 1-2 2H8Zm2-12a2 2 0 0 1 2 2v2h-1.5V2a.5.5 0 0 0-.5-.5H8V0h2Z\" \/>\n\t\t\t<\/svg>\n\t\t<\/button><\/figure>\n<\/div>\n\n<div class=\"wp-block-image\">\n<figure data-wp-context=\"{&quot;imageId&quot;:&quot;69f31c5e84753&quot;}\" data-wp-interactive=\"core\/image\" data-wp-key=\"69f31c5e84753\" class=\"aligncenter size-full is-resized wp-lightbox-container\" id=\"h82\"><img loading=\"lazy\" decoding=\"async\" width=\"968\" height=\"168\" data-wp-class--hide=\"state.isContentHidden\" data-wp-class--show=\"state.isContentVisible\" data-wp-init=\"callbacks.setButtonStyles\" data-wp-on--click=\"actions.showLightbox\" data-wp-on--load=\"callbacks.setButtonStyles\" data-wp-on-window--resize=\"callbacks.setButtonStyles\" src=\"https:\/\/www.periferieprahy.cz\/blog\/wp-content\/uploads\/2025\/03\/cp13.h82.jpg\" alt=\"\" class=\"wp-image-1652\" style=\"width:774px;height:auto\" srcset=\"https:\/\/www.periferieprahy.cz\/blog\/wp-content\/uploads\/2025\/03\/cp13.h82.jpg 968w, https:\/\/www.periferieprahy.cz\/blog\/wp-content\/uploads\/2025\/03\/cp13.h82-300x52.jpg 300w, https:\/\/www.periferieprahy.cz\/blog\/wp-content\/uploads\/2025\/03\/cp13.h82-768x133.jpg 768w\" sizes=\"auto, (max-width: 968px) 100vw, 968px\" \/><button\n\t\t\tclass=\"lightbox-trigger\"\n\t\t\ttype=\"button\"\n\t\t\taria-haspopup=\"dialog\"\n\t\t\taria-label=\"Zv\u011bt\u0161it\"\n\t\t\tdata-wp-init=\"callbacks.initTriggerButton\"\n\t\t\tdata-wp-on--click=\"actions.showLightbox\"\n\t\t\tdata-wp-style--right=\"state.imageButtonRight\"\n\t\t\tdata-wp-style--top=\"state.imageButtonTop\"\n\t\t>\n\t\t\t<svg xmlns=\"http:\/\/www.w3.org\/2000\/svg\" width=\"12\" height=\"12\" fill=\"none\" viewBox=\"0 0 12 12\">\n\t\t\t\t<path fill=\"#fff\" d=\"M2 0a2 2 0 0 0-2 2v2h1.5V2a.5.5 0 0 1 .5-.5h2V0H2Zm2 10.5H2a.5.5 0 0 1-.5-.5V8H0v2a2 2 0 0 0 2 2h2v-1.5ZM8 12v-1.5h2a.5.5 0 0 0 .5-.5V8H12v2a2 2 0 0 1-2 2H8Zm2-12a2 2 0 0 1 2 2v2h-1.5V2a.5.5 0 0 0-.5-.5H8V0h2Z\" \/>\n\t\t\t<\/svg>\n\t\t<\/button><figcaption class=\"wp-element-caption\"><strong>2.11.1824 se narodil Mat\u011bj, otec V\u00e1clav Kubr, matka Kate\u0159ina roz. Tu\u010dkov\u00e1. Zem\u0159el 7.5.1906 <\/strong><br><\/figcaption><\/figure>\n<\/div>\n\n\n<h3 class=\"wp-block-heading has-text-align-center\" id=\"matej_kubr\"><strong>Potomci Mat\u011bje Kubra a Anny<\/strong><\/h3>\n\n\n\n\n<div class=\"wp-block-image\">\n<figure data-wp-context=\"{&quot;imageId&quot;:&quot;69f31c5e84d0e&quot;}\" data-wp-interactive=\"core\/image\" data-wp-key=\"69f31c5e84d0e\" class=\"aligncenter size-full is-resized wp-lightbox-container\"><img loading=\"lazy\" decoding=\"async\" width=\"813\" height=\"225\" data-wp-class--hide=\"state.isContentHidden\" data-wp-class--show=\"state.isContentVisible\" data-wp-init=\"callbacks.setButtonStyles\" data-wp-on--click=\"actions.showLightbox\" data-wp-on--load=\"callbacks.setButtonStyles\" data-wp-on-window--resize=\"callbacks.setButtonStyles\" src=\"https:\/\/www.periferieprahy.cz\/blog\/wp-content\/uploads\/2025\/03\/cp13.h3.jpg\" alt=\"\" class=\"wp-image-1604\" style=\"width:729px;height:auto\" srcset=\"https:\/\/www.periferieprahy.cz\/blog\/wp-content\/uploads\/2025\/03\/cp13.h3.jpg 813w, https:\/\/www.periferieprahy.cz\/blog\/wp-content\/uploads\/2025\/03\/cp13.h3-300x83.jpg 300w, https:\/\/www.periferieprahy.cz\/blog\/wp-content\/uploads\/2025\/03\/cp13.h3-768x213.jpg 768w\" sizes=\"auto, (max-width: 813px) 100vw, 813px\" \/><button\n\t\t\tclass=\"lightbox-trigger\"\n\t\t\ttype=\"button\"\n\t\t\taria-haspopup=\"dialog\"\n\t\t\taria-label=\"Zv\u011bt\u0161it\"\n\t\t\tdata-wp-init=\"callbacks.initTriggerButton\"\n\t\t\tdata-wp-on--click=\"actions.showLightbox\"\n\t\t\tdata-wp-style--right=\"state.imageButtonRight\"\n\t\t\tdata-wp-style--top=\"state.imageButtonTop\"\n\t\t>\n\t\t\t<svg xmlns=\"http:\/\/www.w3.org\/2000\/svg\" width=\"12\" height=\"12\" fill=\"none\" viewBox=\"0 0 12 12\">\n\t\t\t\t<path fill=\"#fff\" d=\"M2 0a2 2 0 0 0-2 2v2h1.5V2a.5.5 0 0 1 .5-.5h2V0H2Zm2 10.5H2a.5.5 0 0 1-.5-.5V8H0v2a2 2 0 0 0 2 2h2v-1.5ZM8 12v-1.5h2a.5.5 0 0 0 .5-.5V8H12v2a2 2 0 0 1-2 2H8Zm2-12a2 2 0 0 1 2 2v2h-1.5V2a.5.5 0 0 0-.5-.5H8V0h2Z\" \/>\n\t\t\t<\/svg>\n\t\t<\/button><\/figure>\n<\/div>\n\n<div class=\"wp-block-image\">\n<figure data-wp-context=\"{&quot;imageId&quot;:&quot;69f31c5e8526f&quot;}\" data-wp-interactive=\"core\/image\" data-wp-key=\"69f31c5e8526f\" class=\"aligncenter size-full is-resized wp-lightbox-container\" id=\"anna1831\"><img loading=\"lazy\" decoding=\"async\" width=\"799\" height=\"200\" data-wp-class--hide=\"state.isContentHidden\" data-wp-class--show=\"state.isContentVisible\" data-wp-init=\"callbacks.setButtonStyles\" data-wp-on--click=\"actions.showLightbox\" data-wp-on--load=\"callbacks.setButtonStyles\" data-wp-on-window--resize=\"callbacks.setButtonStyles\" src=\"https:\/\/www.periferieprahy.cz\/blog\/wp-content\/uploads\/2025\/03\/cp13.h4.jpg\" alt=\"\" class=\"wp-image-1605\" style=\"width:727px;height:auto\" srcset=\"https:\/\/www.periferieprahy.cz\/blog\/wp-content\/uploads\/2025\/03\/cp13.h4.jpg 799w, https:\/\/www.periferieprahy.cz\/blog\/wp-content\/uploads\/2025\/03\/cp13.h4-300x75.jpg 300w, https:\/\/www.periferieprahy.cz\/blog\/wp-content\/uploads\/2025\/03\/cp13.h4-768x192.jpg 768w\" sizes=\"auto, (max-width: 799px) 100vw, 799px\" \/><button\n\t\t\tclass=\"lightbox-trigger\"\n\t\t\ttype=\"button\"\n\t\t\taria-haspopup=\"dialog\"\n\t\t\taria-label=\"Zv\u011bt\u0161it\"\n\t\t\tdata-wp-init=\"callbacks.initTriggerButton\"\n\t\t\tdata-wp-on--click=\"actions.showLightbox\"\n\t\t\tdata-wp-style--right=\"state.imageButtonRight\"\n\t\t\tdata-wp-style--top=\"state.imageButtonTop\"\n\t\t>\n\t\t\t<svg xmlns=\"http:\/\/www.w3.org\/2000\/svg\" width=\"12\" height=\"12\" fill=\"none\" viewBox=\"0 0 12 12\">\n\t\t\t\t<path fill=\"#fff\" d=\"M2 0a2 2 0 0 0-2 2v2h1.5V2a.5.5 0 0 1 .5-.5h2V0H2Zm2 10.5H2a.5.5 0 0 1-.5-.5V8H0v2a2 2 0 0 0 2 2h2v-1.5ZM8 12v-1.5h2a.5.5 0 0 0 .5-.5V8H12v2a2 2 0 0 1-2 2H8Zm2-12a2 2 0 0 1 2 2v2h-1.5V2a.5.5 0 0 0-.5-.5H8V0h2Z\" \/>\n\t\t\t<\/svg>\n\t\t<\/button><figcaption class=\"wp-element-caption\">Lysolaje 7; Anna *29.1.1831, otec Jan Kubr soused z Lysolaj, syn po \u2020Jakubovi Kubrovi v\u00fdmink\u00e1\u0159i z Lysolaj a matky Anny, rozen\u00e9 Kubrov\u00e9 z Ruzyn\u011b \u211615; matka Ludmila dcera \u2020Tom\u00e1\u0161e Pavl\u00edka v\u00fdmink\u00e1\u0159e z Hole\u0161ovic  \u211612<\/figcaption><\/figure>\n<\/div>\n\n<div class=\"wp-block-image\">\n<figure data-wp-context=\"{&quot;imageId&quot;:&quot;69f31c5e85752&quot;}\" data-wp-interactive=\"core\/image\" data-wp-key=\"69f31c5e85752\" class=\"aligncenter size-full is-resized wp-lightbox-container\"><img loading=\"lazy\" decoding=\"async\" width=\"935\" height=\"276\" data-wp-class--hide=\"state.isContentHidden\" data-wp-class--show=\"state.isContentVisible\" data-wp-init=\"callbacks.setButtonStyles\" data-wp-on--click=\"actions.showLightbox\" data-wp-on--load=\"callbacks.setButtonStyles\" data-wp-on-window--resize=\"callbacks.setButtonStyles\" src=\"https:\/\/www.periferieprahy.cz\/blog\/wp-content\/uploads\/2025\/03\/cp13.h71.jpg\" alt=\"\" class=\"wp-image-1642\" style=\"width:752px;height:auto\" srcset=\"https:\/\/www.periferieprahy.cz\/blog\/wp-content\/uploads\/2025\/03\/cp13.h71.jpg 935w, https:\/\/www.periferieprahy.cz\/blog\/wp-content\/uploads\/2025\/03\/cp13.h71-300x89.jpg 300w, https:\/\/www.periferieprahy.cz\/blog\/wp-content\/uploads\/2025\/03\/cp13.h71-768x227.jpg 768w\" sizes=\"auto, (max-width: 935px) 100vw, 935px\" \/><button\n\t\t\tclass=\"lightbox-trigger\"\n\t\t\ttype=\"button\"\n\t\t\taria-haspopup=\"dialog\"\n\t\t\taria-label=\"Zv\u011bt\u0161it\"\n\t\t\tdata-wp-init=\"callbacks.initTriggerButton\"\n\t\t\tdata-wp-on--click=\"actions.showLightbox\"\n\t\t\tdata-wp-style--right=\"state.imageButtonRight\"\n\t\t\tdata-wp-style--top=\"state.imageButtonTop\"\n\t\t>\n\t\t\t<svg xmlns=\"http:\/\/www.w3.org\/2000\/svg\" width=\"12\" height=\"12\" fill=\"none\" viewBox=\"0 0 12 12\">\n\t\t\t\t<path fill=\"#fff\" d=\"M2 0a2 2 0 0 0-2 2v2h1.5V2a.5.5 0 0 1 .5-.5h2V0H2Zm2 10.5H2a.5.5 0 0 1-.5-.5V8H0v2a2 2 0 0 0 2 2h2v-1.5ZM8 12v-1.5h2a.5.5 0 0 0 .5-.5V8H12v2a2 2 0 0 1-2 2H8Zm2-12a2 2 0 0 1 2 2v2h-1.5V2a.5.5 0 0 0-.5-.5H8V0h2Z\" \/>\n\t\t\t<\/svg>\n\t\t<\/button><\/figure>\n<\/div>\n\n<div class=\"wp-block-image\">\n<figure data-wp-context=\"{&quot;imageId&quot;:&quot;69f31c5e85c2d&quot;}\" data-wp-interactive=\"core\/image\" data-wp-key=\"69f31c5e85c2d\" class=\"aligncenter size-full is-resized wp-lightbox-container\" id=\"h71\"><img loading=\"lazy\" decoding=\"async\" width=\"932\" height=\"226\" data-wp-class--hide=\"state.isContentHidden\" data-wp-class--show=\"state.isContentVisible\" data-wp-init=\"callbacks.setButtonStyles\" data-wp-on--click=\"actions.showLightbox\" data-wp-on--load=\"callbacks.setButtonStyles\" data-wp-on-window--resize=\"callbacks.setButtonStyles\" src=\"https:\/\/www.periferieprahy.cz\/blog\/wp-content\/uploads\/2025\/03\/cp13.h72.jpg\" alt=\"\" class=\"wp-image-1643\" style=\"width:732px;height:auto\" srcset=\"https:\/\/www.periferieprahy.cz\/blog\/wp-content\/uploads\/2025\/03\/cp13.h72.jpg 932w, https:\/\/www.periferieprahy.cz\/blog\/wp-content\/uploads\/2025\/03\/cp13.h72-300x73.jpg 300w, https:\/\/www.periferieprahy.cz\/blog\/wp-content\/uploads\/2025\/03\/cp13.h72-768x186.jpg 768w\" sizes=\"auto, (max-width: 932px) 100vw, 932px\" \/><button\n\t\t\tclass=\"lightbox-trigger\"\n\t\t\ttype=\"button\"\n\t\t\taria-haspopup=\"dialog\"\n\t\t\taria-label=\"Zv\u011bt\u0161it\"\n\t\t\tdata-wp-init=\"callbacks.initTriggerButton\"\n\t\t\tdata-wp-on--click=\"actions.showLightbox\"\n\t\t\tdata-wp-style--right=\"state.imageButtonRight\"\n\t\t\tdata-wp-style--top=\"state.imageButtonTop\"\n\t\t>\n\t\t\t<svg xmlns=\"http:\/\/www.w3.org\/2000\/svg\" width=\"12\" height=\"12\" fill=\"none\" viewBox=\"0 0 12 12\">\n\t\t\t\t<path fill=\"#fff\" d=\"M2 0a2 2 0 0 0-2 2v2h1.5V2a.5.5 0 0 1 .5-.5h2V0H2Zm2 10.5H2a.5.5 0 0 1-.5-.5V8H0v2a2 2 0 0 0 2 2h2v-1.5ZM8 12v-1.5h2a.5.5 0 0 0 .5-.5V8H12v2a2 2 0 0 1-2 2H8Zm2-12a2 2 0 0 1 2 2v2h-1.5V2a.5.5 0 0 0-.5-.5H8V0h2Z\" \/>\n\t\t\t<\/svg>\n\t\t<\/button><figcaption class=\"wp-element-caption\">13.8.1850 uzav\u0159eli s\u0148atek Mat\u011bj Kubr, syn V\u00e1clava Kubra a Kate\u0159iny Tu\u010dkov\u00e9 s nev\u011bstou Annou Kubrovou, dcerou po \u2020Janu Kubrovi z Lysolaj \u010d. 7 a matky Ludmily rozen\u00e9 Pavl\u00edkov\u00e9.<\/figcaption><\/figure>\n<\/div>\n\n<div class=\"wp-block-image\">\n<figure data-wp-context=\"{&quot;imageId&quot;:&quot;69f31c5e860f9&quot;}\" data-wp-interactive=\"core\/image\" data-wp-key=\"69f31c5e860f9\" class=\"aligncenter size-full is-resized wp-lightbox-container\"><img loading=\"lazy\" decoding=\"async\" width=\"903\" height=\"225\" data-wp-class--hide=\"state.isContentHidden\" data-wp-class--show=\"state.isContentVisible\" data-wp-init=\"callbacks.setButtonStyles\" data-wp-on--click=\"actions.showLightbox\" data-wp-on--load=\"callbacks.setButtonStyles\" data-wp-on-window--resize=\"callbacks.setButtonStyles\" src=\"https:\/\/www.periferieprahy.cz\/blog\/wp-content\/uploads\/2025\/03\/cp13.h73.jpg\" alt=\"\" class=\"wp-image-1644\" style=\"width:748px;height:auto\" srcset=\"https:\/\/www.periferieprahy.cz\/blog\/wp-content\/uploads\/2025\/03\/cp13.h73.jpg 903w, https:\/\/www.periferieprahy.cz\/blog\/wp-content\/uploads\/2025\/03\/cp13.h73-300x75.jpg 300w, https:\/\/www.periferieprahy.cz\/blog\/wp-content\/uploads\/2025\/03\/cp13.h73-768x191.jpg 768w\" sizes=\"auto, (max-width: 903px) 100vw, 903px\" \/><button\n\t\t\tclass=\"lightbox-trigger\"\n\t\t\ttype=\"button\"\n\t\t\taria-haspopup=\"dialog\"\n\t\t\taria-label=\"Zv\u011bt\u0161it\"\n\t\t\tdata-wp-init=\"callbacks.initTriggerButton\"\n\t\t\tdata-wp-on--click=\"actions.showLightbox\"\n\t\t\tdata-wp-style--right=\"state.imageButtonRight\"\n\t\t\tdata-wp-style--top=\"state.imageButtonTop\"\n\t\t>\n\t\t\t<svg xmlns=\"http:\/\/www.w3.org\/2000\/svg\" width=\"12\" height=\"12\" fill=\"none\" viewBox=\"0 0 12 12\">\n\t\t\t\t<path fill=\"#fff\" d=\"M2 0a2 2 0 0 0-2 2v2h1.5V2a.5.5 0 0 1 .5-.5h2V0H2Zm2 10.5H2a.5.5 0 0 1-.5-.5V8H0v2a2 2 0 0 0 2 2h2v-1.5ZM8 12v-1.5h2a.5.5 0 0 0 .5-.5V8H12v2a2 2 0 0 1-2 2H8Zm2-12a2 2 0 0 1 2 2v2h-1.5V2a.5.5 0 0 0-.5-.5H8V0h2Z\" \/>\n\t\t\t<\/svg>\n\t\t<\/button><\/figure>\n<\/div>\n\n<div class=\"wp-block-image\">\n<figure data-wp-context=\"{&quot;imageId&quot;:&quot;69f31c5e865d8&quot;}\" data-wp-interactive=\"core\/image\" data-wp-key=\"69f31c5e865d8\" class=\"aligncenter size-large is-resized wp-lightbox-container\" id=\"h73\"><img loading=\"lazy\" decoding=\"async\" width=\"1024\" height=\"249\" data-wp-class--hide=\"state.isContentHidden\" data-wp-class--show=\"state.isContentVisible\" data-wp-init=\"callbacks.setButtonStyles\" data-wp-on--click=\"actions.showLightbox\" data-wp-on--load=\"callbacks.setButtonStyles\" data-wp-on-window--resize=\"callbacks.setButtonStyles\" src=\"https:\/\/www.periferieprahy.cz\/blog\/wp-content\/uploads\/2025\/03\/cp13.h74-1024x249.jpg\" alt=\"\" class=\"wp-image-1645\" style=\"width:754px;height:auto\" srcset=\"https:\/\/www.periferieprahy.cz\/blog\/wp-content\/uploads\/2025\/03\/cp13.h74-1024x249.jpg 1024w, https:\/\/www.periferieprahy.cz\/blog\/wp-content\/uploads\/2025\/03\/cp13.h74-300x73.jpg 300w, https:\/\/www.periferieprahy.cz\/blog\/wp-content\/uploads\/2025\/03\/cp13.h74-768x187.jpg 768w, https:\/\/www.periferieprahy.cz\/blog\/wp-content\/uploads\/2025\/03\/cp13.h74.jpg 1039w\" sizes=\"auto, (max-width: 1024px) 100vw, 1024px\" \/><button\n\t\t\tclass=\"lightbox-trigger\"\n\t\t\ttype=\"button\"\n\t\t\taria-haspopup=\"dialog\"\n\t\t\taria-label=\"Zv\u011bt\u0161it\"\n\t\t\tdata-wp-init=\"callbacks.initTriggerButton\"\n\t\t\tdata-wp-on--click=\"actions.showLightbox\"\n\t\t\tdata-wp-style--right=\"state.imageButtonRight\"\n\t\t\tdata-wp-style--top=\"state.imageButtonTop\"\n\t\t>\n\t\t\t<svg xmlns=\"http:\/\/www.w3.org\/2000\/svg\" width=\"12\" height=\"12\" fill=\"none\" viewBox=\"0 0 12 12\">\n\t\t\t\t<path fill=\"#fff\" d=\"M2 0a2 2 0 0 0-2 2v2h1.5V2a.5.5 0 0 1 .5-.5h2V0H2Zm2 10.5H2a.5.5 0 0 1-.5-.5V8H0v2a2 2 0 0 0 2 2h2v-1.5ZM8 12v-1.5h2a.5.5 0 0 0 .5-.5V8H12v2a2 2 0 0 1-2 2H8Zm2-12a2 2 0 0 1 2 2v2h-1.5V2a.5.5 0 0 0-.5-.5H8V0h2Z\" \/>\n\t\t\t<\/svg>\n\t\t<\/button><figcaption class=\"wp-element-caption\">9.6.1851 se narodila Anna, otec Mat\u011bj Kubr, matka Anna rozen\u00e1 Kubrov\u00e1 <\/figcaption><\/figure>\n<\/div>\n\n<div class=\"wp-block-image\">\n<figure data-wp-context=\"{&quot;imageId&quot;:&quot;69f31c5e86add&quot;}\" data-wp-interactive=\"core\/image\" data-wp-key=\"69f31c5e86add\" class=\"aligncenter size-full is-resized wp-lightbox-container\" id=\"h75\"><img loading=\"lazy\" decoding=\"async\" width=\"975\" height=\"333\" data-wp-class--hide=\"state.isContentHidden\" data-wp-class--show=\"state.isContentVisible\" data-wp-init=\"callbacks.setButtonStyles\" data-wp-on--click=\"actions.showLightbox\" data-wp-on--load=\"callbacks.setButtonStyles\" data-wp-on-window--resize=\"callbacks.setButtonStyles\" src=\"https:\/\/www.periferieprahy.cz\/blog\/wp-content\/uploads\/2025\/03\/cp13.h75.jpg\" alt=\"\" class=\"wp-image-1646\" style=\"width:746px;height:auto\" srcset=\"https:\/\/www.periferieprahy.cz\/blog\/wp-content\/uploads\/2025\/03\/cp13.h75.jpg 975w, https:\/\/www.periferieprahy.cz\/blog\/wp-content\/uploads\/2025\/03\/cp13.h75-300x102.jpg 300w, https:\/\/www.periferieprahy.cz\/blog\/wp-content\/uploads\/2025\/03\/cp13.h75-768x262.jpg 768w\" sizes=\"auto, (max-width: 975px) 100vw, 975px\" \/><button\n\t\t\tclass=\"lightbox-trigger\"\n\t\t\ttype=\"button\"\n\t\t\taria-haspopup=\"dialog\"\n\t\t\taria-label=\"Zv\u011bt\u0161it\"\n\t\t\tdata-wp-init=\"callbacks.initTriggerButton\"\n\t\t\tdata-wp-on--click=\"actions.showLightbox\"\n\t\t\tdata-wp-style--right=\"state.imageButtonRight\"\n\t\t\tdata-wp-style--top=\"state.imageButtonTop\"\n\t\t>\n\t\t\t<svg xmlns=\"http:\/\/www.w3.org\/2000\/svg\" width=\"12\" height=\"12\" fill=\"none\" viewBox=\"0 0 12 12\">\n\t\t\t\t<path fill=\"#fff\" d=\"M2 0a2 2 0 0 0-2 2v2h1.5V2a.5.5 0 0 1 .5-.5h2V0H2Zm2 10.5H2a.5.5 0 0 1-.5-.5V8H0v2a2 2 0 0 0 2 2h2v-1.5ZM8 12v-1.5h2a.5.5 0 0 0 .5-.5V8H12v2a2 2 0 0 1-2 2H8Zm2-12a2 2 0 0 1 2 2v2h-1.5V2a.5.5 0 0 0-.5-.5H8V0h2Z\" \/>\n\t\t\t<\/svg>\n\t\t<\/button><figcaption class=\"wp-element-caption\">30.4.1853 se narodila Kate\u0159ina, otec Mat\u011bj Kubr, matka Anna rozen\u00e1 Kubrov\u00e1<\/figcaption><\/figure>\n<\/div>\n\n<div class=\"wp-block-image\">\n<figure data-wp-context=\"{&quot;imageId&quot;:&quot;69f31c5e86fb9&quot;}\" data-wp-interactive=\"core\/image\" data-wp-key=\"69f31c5e86fb9\" class=\"aligncenter size-large is-resized wp-lightbox-container\" id=\"h76\"><img loading=\"lazy\" decoding=\"async\" width=\"1024\" height=\"239\" data-wp-class--hide=\"state.isContentHidden\" data-wp-class--show=\"state.isContentVisible\" data-wp-init=\"callbacks.setButtonStyles\" data-wp-on--click=\"actions.showLightbox\" data-wp-on--load=\"callbacks.setButtonStyles\" data-wp-on-window--resize=\"callbacks.setButtonStyles\" src=\"https:\/\/www.periferieprahy.cz\/blog\/wp-content\/uploads\/2025\/03\/cp13.h76-1024x239.jpg\" alt=\"\" class=\"wp-image-1647\" style=\"width:742px;height:auto\" srcset=\"https:\/\/www.periferieprahy.cz\/blog\/wp-content\/uploads\/2025\/03\/cp13.h76-1024x239.jpg 1024w, https:\/\/www.periferieprahy.cz\/blog\/wp-content\/uploads\/2025\/03\/cp13.h76-300x70.jpg 300w, https:\/\/www.periferieprahy.cz\/blog\/wp-content\/uploads\/2025\/03\/cp13.h76-768x179.jpg 768w, https:\/\/www.periferieprahy.cz\/blog\/wp-content\/uploads\/2025\/03\/cp13.h76.jpg 1112w\" sizes=\"auto, (max-width: 1024px) 100vw, 1024px\" \/><button\n\t\t\tclass=\"lightbox-trigger\"\n\t\t\ttype=\"button\"\n\t\t\taria-haspopup=\"dialog\"\n\t\t\taria-label=\"Zv\u011bt\u0161it\"\n\t\t\tdata-wp-init=\"callbacks.initTriggerButton\"\n\t\t\tdata-wp-on--click=\"actions.showLightbox\"\n\t\t\tdata-wp-style--right=\"state.imageButtonRight\"\n\t\t\tdata-wp-style--top=\"state.imageButtonTop\"\n\t\t>\n\t\t\t<svg xmlns=\"http:\/\/www.w3.org\/2000\/svg\" width=\"12\" height=\"12\" fill=\"none\" viewBox=\"0 0 12 12\">\n\t\t\t\t<path fill=\"#fff\" d=\"M2 0a2 2 0 0 0-2 2v2h1.5V2a.5.5 0 0 1 .5-.5h2V0H2Zm2 10.5H2a.5.5 0 0 1-.5-.5V8H0v2a2 2 0 0 0 2 2h2v-1.5ZM8 12v-1.5h2a.5.5 0 0 0 .5-.5V8H12v2a2 2 0 0 1-2 2H8Zm2-12a2 2 0 0 1 2 2v2h-1.5V2a.5.5 0 0 0-.5-.5H8V0h2Z\" \/>\n\t\t\t<\/svg>\n\t\t<\/button><figcaption class=\"wp-element-caption\">20.4.1854 se narodila Marie, otec Mat\u011bj Kubr, matka Anna rozen\u00e1 Kubrov\u00e1<\/figcaption><\/figure>\n<\/div>\n\n<div class=\"wp-block-image\">\n<figure data-wp-context=\"{&quot;imageId&quot;:&quot;69f31c5e874b1&quot;}\" data-wp-interactive=\"core\/image\" data-wp-key=\"69f31c5e874b1\" class=\"aligncenter size-full is-resized wp-lightbox-container\" id=\"h85\"><img loading=\"lazy\" decoding=\"async\" width=\"968\" height=\"183\" data-wp-class--hide=\"state.isContentHidden\" data-wp-class--show=\"state.isContentVisible\" data-wp-init=\"callbacks.setButtonStyles\" data-wp-on--click=\"actions.showLightbox\" data-wp-on--load=\"callbacks.setButtonStyles\" data-wp-on-window--resize=\"callbacks.setButtonStyles\" src=\"https:\/\/www.periferieprahy.cz\/blog\/wp-content\/uploads\/2025\/03\/cp13.h85.jpg\" alt=\"\" class=\"wp-image-1655\" style=\"width:724px;height:auto\" srcset=\"https:\/\/www.periferieprahy.cz\/blog\/wp-content\/uploads\/2025\/03\/cp13.h85.jpg 968w, https:\/\/www.periferieprahy.cz\/blog\/wp-content\/uploads\/2025\/03\/cp13.h85-300x57.jpg 300w, https:\/\/www.periferieprahy.cz\/blog\/wp-content\/uploads\/2025\/03\/cp13.h85-768x145.jpg 768w\" sizes=\"auto, (max-width: 968px) 100vw, 968px\" \/><button\n\t\t\tclass=\"lightbox-trigger\"\n\t\t\ttype=\"button\"\n\t\t\taria-haspopup=\"dialog\"\n\t\t\taria-label=\"Zv\u011bt\u0161it\"\n\t\t\tdata-wp-init=\"callbacks.initTriggerButton\"\n\t\t\tdata-wp-on--click=\"actions.showLightbox\"\n\t\t\tdata-wp-style--right=\"state.imageButtonRight\"\n\t\t\tdata-wp-style--top=\"state.imageButtonTop\"\n\t\t>\n\t\t\t<svg xmlns=\"http:\/\/www.w3.org\/2000\/svg\" width=\"12\" height=\"12\" fill=\"none\" viewBox=\"0 0 12 12\">\n\t\t\t\t<path fill=\"#fff\" d=\"M2 0a2 2 0 0 0-2 2v2h1.5V2a.5.5 0 0 1 .5-.5h2V0H2Zm2 10.5H2a.5.5 0 0 1-.5-.5V8H0v2a2 2 0 0 0 2 2h2v-1.5ZM8 12v-1.5h2a.5.5 0 0 0 .5-.5V8H12v2a2 2 0 0 1-2 2H8Zm2-12a2 2 0 0 1 2 2v2h-1.5V2a.5.5 0 0 0-.5-.5H8V0h2Z\" \/>\n\t\t\t<\/svg>\n\t\t<\/button><figcaption class=\"wp-element-caption\">22.11.1856 se narodil V\u00e1clav, \u017eil v\u0161ak pouze \u010dtvrt hodiny. Otec Mat\u011bj Kubr, matka Anna rozen\u00e1 Kubrov\u00e1 <\/figcaption><\/figure>\n<\/div>\n\n<div class=\"wp-block-image\">\n<figure data-wp-context=\"{&quot;imageId&quot;:&quot;69f31c5e87b98&quot;}\" data-wp-interactive=\"core\/image\" data-wp-key=\"69f31c5e87b98\" class=\"aligncenter size-large is-resized wp-lightbox-container\" id=\"h77\"><img loading=\"lazy\" decoding=\"async\" width=\"1024\" height=\"213\" data-wp-class--hide=\"state.isContentHidden\" data-wp-class--show=\"state.isContentVisible\" data-wp-init=\"callbacks.setButtonStyles\" data-wp-on--click=\"actions.showLightbox\" data-wp-on--load=\"callbacks.setButtonStyles\" data-wp-on-window--resize=\"callbacks.setButtonStyles\" src=\"https:\/\/www.periferieprahy.cz\/blog\/wp-content\/uploads\/2025\/03\/cp13.h77-1024x213.jpg\" alt=\"\" class=\"wp-image-1648\" style=\"width:736px;height:auto\" srcset=\"https:\/\/www.periferieprahy.cz\/blog\/wp-content\/uploads\/2025\/03\/cp13.h77-1024x213.jpg 1024w, https:\/\/www.periferieprahy.cz\/blog\/wp-content\/uploads\/2025\/03\/cp13.h77-300x63.jpg 300w, https:\/\/www.periferieprahy.cz\/blog\/wp-content\/uploads\/2025\/03\/cp13.h77-768x160.jpg 768w, https:\/\/www.periferieprahy.cz\/blog\/wp-content\/uploads\/2025\/03\/cp13.h77.jpg 1084w\" sizes=\"auto, (max-width: 1024px) 100vw, 1024px\" \/><button\n\t\t\tclass=\"lightbox-trigger\"\n\t\t\ttype=\"button\"\n\t\t\taria-haspopup=\"dialog\"\n\t\t\taria-label=\"Zv\u011bt\u0161it\"\n\t\t\tdata-wp-init=\"callbacks.initTriggerButton\"\n\t\t\tdata-wp-on--click=\"actions.showLightbox\"\n\t\t\tdata-wp-style--right=\"state.imageButtonRight\"\n\t\t\tdata-wp-style--top=\"state.imageButtonTop\"\n\t\t>\n\t\t\t<svg xmlns=\"http:\/\/www.w3.org\/2000\/svg\" width=\"12\" height=\"12\" fill=\"none\" viewBox=\"0 0 12 12\">\n\t\t\t\t<path fill=\"#fff\" d=\"M2 0a2 2 0 0 0-2 2v2h1.5V2a.5.5 0 0 1 .5-.5h2V0H2Zm2 10.5H2a.5.5 0 0 1-.5-.5V8H0v2a2 2 0 0 0 2 2h2v-1.5ZM8 12v-1.5h2a.5.5 0 0 0 .5-.5V8H12v2a2 2 0 0 1-2 2H8Zm2-12a2 2 0 0 1 2 2v2h-1.5V2a.5.5 0 0 0-.5-.5H8V0h2Z\" \/>\n\t\t\t<\/svg>\n\t\t<\/button><figcaption class=\"wp-element-caption\">10.4.1858 se narodila Eleonora, otec Mat\u011bj Kubr, matka Anna rozen\u00e1 Kubrov\u00e1 \n<\/figcaption><\/figure>\n<\/div>\n\n<div class=\"wp-block-image\">\n<figure data-wp-context=\"{&quot;imageId&quot;:&quot;69f31c5e88254&quot;}\" data-wp-interactive=\"core\/image\" data-wp-key=\"69f31c5e88254\" class=\"aligncenter size-large is-resized wp-lightbox-container\"><img loading=\"lazy\" decoding=\"async\" width=\"1024\" height=\"201\" data-wp-class--hide=\"state.isContentHidden\" data-wp-class--show=\"state.isContentVisible\" data-wp-init=\"callbacks.setButtonStyles\" data-wp-on--click=\"actions.showLightbox\" data-wp-on--load=\"callbacks.setButtonStyles\" data-wp-on-window--resize=\"callbacks.setButtonStyles\" src=\"https:\/\/www.periferieprahy.cz\/blog\/wp-content\/uploads\/2025\/03\/cp13.h78-1024x201.jpg\" alt=\"\" class=\"wp-image-1649\" style=\"width:754px;height:auto\" srcset=\"https:\/\/www.periferieprahy.cz\/blog\/wp-content\/uploads\/2025\/03\/cp13.h78-1024x201.jpg 1024w, https:\/\/www.periferieprahy.cz\/blog\/wp-content\/uploads\/2025\/03\/cp13.h78-300x59.jpg 300w, https:\/\/www.periferieprahy.cz\/blog\/wp-content\/uploads\/2025\/03\/cp13.h78-768x151.jpg 768w, https:\/\/www.periferieprahy.cz\/blog\/wp-content\/uploads\/2025\/03\/cp13.h78.jpg 1108w\" sizes=\"auto, (max-width: 1024px) 100vw, 1024px\" \/><button\n\t\t\tclass=\"lightbox-trigger\"\n\t\t\ttype=\"button\"\n\t\t\taria-haspopup=\"dialog\"\n\t\t\taria-label=\"Zv\u011bt\u0161it\"\n\t\t\tdata-wp-init=\"callbacks.initTriggerButton\"\n\t\t\tdata-wp-on--click=\"actions.showLightbox\"\n\t\t\tdata-wp-style--right=\"state.imageButtonRight\"\n\t\t\tdata-wp-style--top=\"state.imageButtonTop\"\n\t\t>\n\t\t\t<svg xmlns=\"http:\/\/www.w3.org\/2000\/svg\" width=\"12\" height=\"12\" fill=\"none\" viewBox=\"0 0 12 12\">\n\t\t\t\t<path fill=\"#fff\" d=\"M2 0a2 2 0 0 0-2 2v2h1.5V2a.5.5 0 0 1 .5-.5h2V0H2Zm2 10.5H2a.5.5 0 0 1-.5-.5V8H0v2a2 2 0 0 0 2 2h2v-1.5ZM8 12v-1.5h2a.5.5 0 0 0 .5-.5V8H12v2a2 2 0 0 1-2 2H8Zm2-12a2 2 0 0 1 2 2v2h-1.5V2a.5.5 0 0 0-.5-.5H8V0h2Z\" \/>\n\t\t\t<\/svg>\n\t\t<\/button><\/figure>\n<\/div>\n\n<div class=\"wp-block-image\">\n<figure data-wp-context=\"{&quot;imageId&quot;:&quot;69f31c5e88893&quot;}\" data-wp-interactive=\"core\/image\" data-wp-key=\"69f31c5e88893\" class=\"aligncenter size-full is-resized wp-lightbox-container\" id=\"h78\"><img loading=\"lazy\" decoding=\"async\" width=\"808\" height=\"152\" data-wp-class--hide=\"state.isContentHidden\" data-wp-class--show=\"state.isContentVisible\" data-wp-init=\"callbacks.setButtonStyles\" data-wp-on--click=\"actions.showLightbox\" data-wp-on--load=\"callbacks.setButtonStyles\" data-wp-on-window--resize=\"callbacks.setButtonStyles\" src=\"https:\/\/www.periferieprahy.cz\/blog\/wp-content\/uploads\/2025\/03\/cp13.h83.jpg\" alt=\"\" class=\"wp-image-1653\" style=\"width:756px;height:auto\" srcset=\"https:\/\/www.periferieprahy.cz\/blog\/wp-content\/uploads\/2025\/03\/cp13.h83.jpg 808w, https:\/\/www.periferieprahy.cz\/blog\/wp-content\/uploads\/2025\/03\/cp13.h83-300x56.jpg 300w, https:\/\/www.periferieprahy.cz\/blog\/wp-content\/uploads\/2025\/03\/cp13.h83-768x144.jpg 768w\" sizes=\"auto, (max-width: 808px) 100vw, 808px\" \/><button\n\t\t\tclass=\"lightbox-trigger\"\n\t\t\ttype=\"button\"\n\t\t\taria-haspopup=\"dialog\"\n\t\t\taria-label=\"Zv\u011bt\u0161it\"\n\t\t\tdata-wp-init=\"callbacks.initTriggerButton\"\n\t\t\tdata-wp-on--click=\"actions.showLightbox\"\n\t\t\tdata-wp-style--right=\"state.imageButtonRight\"\n\t\t\tdata-wp-style--top=\"state.imageButtonTop\"\n\t\t>\n\t\t\t<svg xmlns=\"http:\/\/www.w3.org\/2000\/svg\" width=\"12\" height=\"12\" fill=\"none\" viewBox=\"0 0 12 12\">\n\t\t\t\t<path fill=\"#fff\" d=\"M2 0a2 2 0 0 0-2 2v2h1.5V2a.5.5 0 0 1 .5-.5h2V0H2Zm2 10.5H2a.5.5 0 0 1-.5-.5V8H0v2a2 2 0 0 0 2 2h2v-1.5ZM8 12v-1.5h2a.5.5 0 0 0 .5-.5V8H12v2a2 2 0 0 1-2 2H8Zm2-12a2 2 0 0 1 2 2v2h-1.5V2a.5.5 0 0 0-.5-.5H8V0h2Z\" \/>\n\t\t\t<\/svg>\n\t\t<\/button><figcaption class=\"wp-element-caption\">17.4.1860 se narodila Barbora, otec Mat\u011bj Kubr, matka Anna rozen\u00e1 Kubrov\u00e1. Barobra Kubrov\u00e1 zem\u0159ela svobodn\u00e1 dne 1.5.1921  ve sv\u00fdch 61 letech.\n<\/figcaption><\/figure>\n<\/div>\n\n<div class=\"wp-block-image\">\n<figure data-wp-context=\"{&quot;imageId&quot;:&quot;69f31c5e88f95&quot;}\" data-wp-interactive=\"core\/image\" data-wp-key=\"69f31c5e88f95\" class=\"aligncenter size-large is-resized wp-lightbox-container\"><img loading=\"lazy\" decoding=\"async\" width=\"1024\" height=\"218\" data-wp-class--hide=\"state.isContentHidden\" data-wp-class--show=\"state.isContentVisible\" data-wp-init=\"callbacks.setButtonStyles\" data-wp-on--click=\"actions.showLightbox\" data-wp-on--load=\"callbacks.setButtonStyles\" data-wp-on-window--resize=\"callbacks.setButtonStyles\" src=\"https:\/\/www.periferieprahy.cz\/blog\/wp-content\/uploads\/2025\/03\/cp13.h79-1024x218.jpg\" alt=\"\" class=\"wp-image-1650\" style=\"width:726px;height:auto\" srcset=\"https:\/\/www.periferieprahy.cz\/blog\/wp-content\/uploads\/2025\/03\/cp13.h79-1024x218.jpg 1024w, https:\/\/www.periferieprahy.cz\/blog\/wp-content\/uploads\/2025\/03\/cp13.h79-300x64.jpg 300w, https:\/\/www.periferieprahy.cz\/blog\/wp-content\/uploads\/2025\/03\/cp13.h79-768x163.jpg 768w, https:\/\/www.periferieprahy.cz\/blog\/wp-content\/uploads\/2025\/03\/cp13.h79.jpg 1044w\" sizes=\"auto, (max-width: 1024px) 100vw, 1024px\" \/><button\n\t\t\tclass=\"lightbox-trigger\"\n\t\t\ttype=\"button\"\n\t\t\taria-haspopup=\"dialog\"\n\t\t\taria-label=\"Zv\u011bt\u0161it\"\n\t\t\tdata-wp-init=\"callbacks.initTriggerButton\"\n\t\t\tdata-wp-on--click=\"actions.showLightbox\"\n\t\t\tdata-wp-style--right=\"state.imageButtonRight\"\n\t\t\tdata-wp-style--top=\"state.imageButtonTop\"\n\t\t>\n\t\t\t<svg xmlns=\"http:\/\/www.w3.org\/2000\/svg\" width=\"12\" height=\"12\" fill=\"none\" viewBox=\"0 0 12 12\">\n\t\t\t\t<path fill=\"#fff\" d=\"M2 0a2 2 0 0 0-2 2v2h1.5V2a.5.5 0 0 1 .5-.5h2V0H2Zm2 10.5H2a.5.5 0 0 1-.5-.5V8H0v2a2 2 0 0 0 2 2h2v-1.5ZM8 12v-1.5h2a.5.5 0 0 0 .5-.5V8H12v2a2 2 0 0 1-2 2H8Zm2-12a2 2 0 0 1 2 2v2h-1.5V2a.5.5 0 0 0-.5-.5H8V0h2Z\" \/>\n\t\t\t<\/svg>\n\t\t<\/button><\/figure>\n<\/div>\n\n<div class=\"wp-block-image\">\n<figure data-wp-context=\"{&quot;imageId&quot;:&quot;69f31c5e8967e&quot;}\" data-wp-interactive=\"core\/image\" data-wp-key=\"69f31c5e8967e\" class=\"aligncenter size-full is-resized wp-lightbox-container\" id=\"h1\"><img loading=\"lazy\" decoding=\"async\" width=\"963\" height=\"185\" data-wp-class--hide=\"state.isContentHidden\" data-wp-class--show=\"state.isContentVisible\" data-wp-init=\"callbacks.setButtonStyles\" data-wp-on--click=\"actions.showLightbox\" data-wp-on--load=\"callbacks.setButtonStyles\" data-wp-on-window--resize=\"callbacks.setButtonStyles\" src=\"https:\/\/www.periferieprahy.cz\/blog\/wp-content\/uploads\/2025\/03\/cp13.h1.jpg\" alt=\"\" class=\"wp-image-1602\" style=\"width:724px;height:auto\" srcset=\"https:\/\/www.periferieprahy.cz\/blog\/wp-content\/uploads\/2025\/03\/cp13.h1.jpg 963w, https:\/\/www.periferieprahy.cz\/blog\/wp-content\/uploads\/2025\/03\/cp13.h1-300x58.jpg 300w, https:\/\/www.periferieprahy.cz\/blog\/wp-content\/uploads\/2025\/03\/cp13.h1-768x148.jpg 768w\" sizes=\"auto, (max-width: 963px) 100vw, 963px\" \/><button\n\t\t\tclass=\"lightbox-trigger\"\n\t\t\ttype=\"button\"\n\t\t\taria-haspopup=\"dialog\"\n\t\t\taria-label=\"Zv\u011bt\u0161it\"\n\t\t\tdata-wp-init=\"callbacks.initTriggerButton\"\n\t\t\tdata-wp-on--click=\"actions.showLightbox\"\n\t\t\tdata-wp-style--right=\"state.imageButtonRight\"\n\t\t\tdata-wp-style--top=\"state.imageButtonTop\"\n\t\t>\n\t\t\t<svg xmlns=\"http:\/\/www.w3.org\/2000\/svg\" width=\"12\" height=\"12\" fill=\"none\" viewBox=\"0 0 12 12\">\n\t\t\t\t<path fill=\"#fff\" d=\"M2 0a2 2 0 0 0-2 2v2h1.5V2a.5.5 0 0 1 .5-.5h2V0H2Zm2 10.5H2a.5.5 0 0 1-.5-.5V8H0v2a2 2 0 0 0 2 2h2v-1.5ZM8 12v-1.5h2a.5.5 0 0 0 .5-.5V8H12v2a2 2 0 0 1-2 2H8Zm2-12a2 2 0 0 1 2 2v2h-1.5V2a.5.5 0 0 0-.5-.5H8V0h2Z\" \/>\n\t\t\t<\/svg>\n\t\t<\/button><\/figure>\n<\/div>\n\n<div class=\"wp-block-image\">\n<figure data-wp-context=\"{&quot;imageId&quot;:&quot;69f31c5e89d3a&quot;}\" data-wp-interactive=\"core\/image\" data-wp-key=\"69f31c5e89d3a\" class=\"aligncenter size-full is-resized wp-lightbox-container\" id=\"h79\"><img loading=\"lazy\" decoding=\"async\" width=\"946\" height=\"168\" data-wp-class--hide=\"state.isContentHidden\" data-wp-class--show=\"state.isContentVisible\" data-wp-init=\"callbacks.setButtonStyles\" data-wp-on--click=\"actions.showLightbox\" data-wp-on--load=\"callbacks.setButtonStyles\" data-wp-on-window--resize=\"callbacks.setButtonStyles\" src=\"https:\/\/www.periferieprahy.cz\/blog\/wp-content\/uploads\/2025\/03\/cp13.h2.jpg\" alt=\"\" class=\"wp-image-1603\" style=\"width:726px;height:auto\" srcset=\"https:\/\/www.periferieprahy.cz\/blog\/wp-content\/uploads\/2025\/03\/cp13.h2.jpg 946w, https:\/\/www.periferieprahy.cz\/blog\/wp-content\/uploads\/2025\/03\/cp13.h2-300x53.jpg 300w, https:\/\/www.periferieprahy.cz\/blog\/wp-content\/uploads\/2025\/03\/cp13.h2-768x136.jpg 768w\" sizes=\"auto, (max-width: 946px) 100vw, 946px\" \/><button\n\t\t\tclass=\"lightbox-trigger\"\n\t\t\ttype=\"button\"\n\t\t\taria-haspopup=\"dialog\"\n\t\t\taria-label=\"Zv\u011bt\u0161it\"\n\t\t\tdata-wp-init=\"callbacks.initTriggerButton\"\n\t\t\tdata-wp-on--click=\"actions.showLightbox\"\n\t\t\tdata-wp-style--right=\"state.imageButtonRight\"\n\t\t\tdata-wp-style--top=\"state.imageButtonTop\"\n\t\t>\n\t\t\t<svg xmlns=\"http:\/\/www.w3.org\/2000\/svg\" width=\"12\" height=\"12\" fill=\"none\" viewBox=\"0 0 12 12\">\n\t\t\t\t<path fill=\"#fff\" d=\"M2 0a2 2 0 0 0-2 2v2h1.5V2a.5.5 0 0 1 .5-.5h2V0H2Zm2 10.5H2a.5.5 0 0 1-.5-.5V8H0v2a2 2 0 0 0 2 2h2v-1.5ZM8 12v-1.5h2a.5.5 0 0 0 .5-.5V8H12v2a2 2 0 0 1-2 2H8Zm2-12a2 2 0 0 1 2 2v2h-1.5V2a.5.5 0 0 0-.5-.5H8V0h2Z\" \/>\n\t\t\t<\/svg>\n\t\t<\/button><figcaption class=\"wp-element-caption\"><strong>2.10.1864 se narodil V\u00e1clav, otec Mat\u011bj Kubr, matka Anna rozen\u00e1 Kubrov\u00e1. Zem\u0159el jako svobodn\u00fd ve sv\u00fdch 60 letech dne 4.1.1925. T\u00edm vym\u00edr\u00e1 rod Kubr\u016f na statku \u010d.p.13  <\/strong><\/figcaption><\/figure>\n<\/div>\n\n<div class=\"wp-block-image\">\n<figure data-wp-context=\"{&quot;imageId&quot;:&quot;69f31c5e8a3b9&quot;}\" data-wp-interactive=\"core\/image\" data-wp-key=\"69f31c5e8a3b9\" class=\"aligncenter size-full is-resized wp-lightbox-container\" id=\"h80\"><img loading=\"lazy\" decoding=\"async\" width=\"1023\" height=\"246\" data-wp-class--hide=\"state.isContentHidden\" data-wp-class--show=\"state.isContentVisible\" data-wp-init=\"callbacks.setButtonStyles\" data-wp-on--click=\"actions.showLightbox\" data-wp-on--load=\"callbacks.setButtonStyles\" data-wp-on-window--resize=\"callbacks.setButtonStyles\" src=\"https:\/\/www.periferieprahy.cz\/blog\/wp-content\/uploads\/2025\/03\/cp13.h80.jpg\" alt=\"\" class=\"wp-image-1651\" style=\"width:732px;height:auto\" srcset=\"https:\/\/www.periferieprahy.cz\/blog\/wp-content\/uploads\/2025\/03\/cp13.h80.jpg 1023w, https:\/\/www.periferieprahy.cz\/blog\/wp-content\/uploads\/2025\/03\/cp13.h80-300x72.jpg 300w, https:\/\/www.periferieprahy.cz\/blog\/wp-content\/uploads\/2025\/03\/cp13.h80-768x185.jpg 768w\" sizes=\"auto, (max-width: 1023px) 100vw, 1023px\" \/><button\n\t\t\tclass=\"lightbox-trigger\"\n\t\t\ttype=\"button\"\n\t\t\taria-haspopup=\"dialog\"\n\t\t\taria-label=\"Zv\u011bt\u0161it\"\n\t\t\tdata-wp-init=\"callbacks.initTriggerButton\"\n\t\t\tdata-wp-on--click=\"actions.showLightbox\"\n\t\t\tdata-wp-style--right=\"state.imageButtonRight\"\n\t\t\tdata-wp-style--top=\"state.imageButtonTop\"\n\t\t>\n\t\t\t<svg xmlns=\"http:\/\/www.w3.org\/2000\/svg\" width=\"12\" height=\"12\" fill=\"none\" viewBox=\"0 0 12 12\">\n\t\t\t\t<path fill=\"#fff\" d=\"M2 0a2 2 0 0 0-2 2v2h1.5V2a.5.5 0 0 1 .5-.5h2V0H2Zm2 10.5H2a.5.5 0 0 1-.5-.5V8H0v2a2 2 0 0 0 2 2h2v-1.5ZM8 12v-1.5h2a.5.5 0 0 0 .5-.5V8H12v2a2 2 0 0 1-2 2H8Zm2-12a2 2 0 0 1 2 2v2h-1.5V2a.5.5 0 0 0-.5-.5H8V0h2Z\" \/>\n\t\t\t<\/svg>\n\t\t<\/button><figcaption class=\"wp-element-caption\">1.9.1866 se narodil Franti\u0161ek, otec Mat\u011bj Kubr, matka Anna rozen\u00e1 Kubrov\u00e1. Zem\u0159el 23.10.1884\n<\/figcaption><\/figure>\n<\/div>\n\n<div class=\"wp-block-image\">\n<figure data-wp-context=\"{&quot;imageId&quot;:&quot;69f31c5e8a9c3&quot;}\" data-wp-interactive=\"core\/image\" data-wp-key=\"69f31c5e8a9c3\" class=\"aligncenter size-full is-resized wp-lightbox-container\" id=\"h84\"><img loading=\"lazy\" decoding=\"async\" width=\"954\" height=\"222\" data-wp-class--hide=\"state.isContentHidden\" data-wp-class--show=\"state.isContentVisible\" data-wp-init=\"callbacks.setButtonStyles\" data-wp-on--click=\"actions.showLightbox\" data-wp-on--load=\"callbacks.setButtonStyles\" data-wp-on-window--resize=\"callbacks.setButtonStyles\" src=\"https:\/\/www.periferieprahy.cz\/blog\/wp-content\/uploads\/2025\/03\/cp13.h84.jpg\" alt=\"\" class=\"wp-image-1654\" style=\"width:770px;height:auto\" srcset=\"https:\/\/www.periferieprahy.cz\/blog\/wp-content\/uploads\/2025\/03\/cp13.h84.jpg 954w, https:\/\/www.periferieprahy.cz\/blog\/wp-content\/uploads\/2025\/03\/cp13.h84-300x70.jpg 300w, https:\/\/www.periferieprahy.cz\/blog\/wp-content\/uploads\/2025\/03\/cp13.h84-768x179.jpg 768w\" sizes=\"auto, (max-width: 954px) 100vw, 954px\" \/><button\n\t\t\tclass=\"lightbox-trigger\"\n\t\t\ttype=\"button\"\n\t\t\taria-haspopup=\"dialog\"\n\t\t\taria-label=\"Zv\u011bt\u0161it\"\n\t\t\tdata-wp-init=\"callbacks.initTriggerButton\"\n\t\t\tdata-wp-on--click=\"actions.showLightbox\"\n\t\t\tdata-wp-style--right=\"state.imageButtonRight\"\n\t\t\tdata-wp-style--top=\"state.imageButtonTop\"\n\t\t>\n\t\t\t<svg xmlns=\"http:\/\/www.w3.org\/2000\/svg\" width=\"12\" height=\"12\" fill=\"none\" viewBox=\"0 0 12 12\">\n\t\t\t\t<path fill=\"#fff\" d=\"M2 0a2 2 0 0 0-2 2v2h1.5V2a.5.5 0 0 1 .5-.5h2V0H2Zm2 10.5H2a.5.5 0 0 1-.5-.5V8H0v2a2 2 0 0 0 2 2h2v-1.5ZM8 12v-1.5h2a.5.5 0 0 0 .5-.5V8H12v2a2 2 0 0 1-2 2H8Zm2-12a2 2 0 0 1 2 2v2h-1.5V2a.5.5 0 0 0-.5-.5H8V0h2Z\" \/>\n\t\t\t<\/svg>\n\t\t<\/button><figcaption class=\"wp-element-caption\"><strong>16.6.1875 zem\u0159ela Kubrov\u00e1 Anna, man\u017eelka Mat\u011bje Kubra, roln\u00edka v Doln\u00ed Liboci. <\/strong><\/figcaption><\/figure>\n<\/div>","protected":false},"excerpt":{"rendered":"<p>Zat\u00edmco ohrani\u010den\u00ed zbo\u0159en\u00e9 usedlosti \u010dp. 12 tvo\u0159ilo dlouhou frontou parcely a s branou p\u0159es polovinu d\u00e9lky kr\u00e1tk\u00e9 ulice U stanice, v n\u00ed\u017e statek m\u011bl orienta\u010dn\u00ed \u010d\u00edslo 2, sousedn\u00ed ji\u017en\u00ed hospod\u00e1\u0159stv\u00ed \u010dp. 13 hrani\u010dilo s jakousi malou n\u00e1vs\u00ed u brodu p\u0159es potok jen n\u00e1ro\u017e\u00edm stavebn\u00ed parcely a tak\u00e9 branou t\u011bsn\u011b na b\u0159ehu, a pat\u0159ilo pod orient. &hellip;<br \/><a href=\"https:\/\/www.periferieprahy.cz\/blog\/2025\/03\/22\/c-p-13-statek-u-tucku-pozdeji-kubrovi\/\" class=\"more-link pen_button pen_element_default pen_icon_arrow_double\">Pokra\u010dovat ve\u00a0\u010dten\u00ed <span class=\"screen-reader-text\">\u010c.p. 13 Statek &#8222;U Tu\u010dk\u016f&#8220;, pozd\u011bji Kubrovi\u00a0<\/span><\/a><\/p>\n","protected":false},"author":1,"featured_media":1658,"comment_status":"open","ping_status":"open","sticky":false,"template":"","format":"standard","meta":{"_exactmetrics_skip_tracking":false,"_exactmetrics_sitenote_active":false,"_exactmetrics_sitenote_note":"","_exactmetrics_sitenote_category":0,"footnotes":""},"categories":[3,34],"tags":[],"post_folder":[],"class_list":["post-1599","post","type-post","status-publish","format-standard","has-post-thumbnail","hentry","category-redakce","category-zemedelci"],"_links":{"self":[{"href":"https:\/\/www.periferieprahy.cz\/blog\/wp-json\/wp\/v2\/posts\/1599","targetHints":{"allow":["GET"]}}],"collection":[{"href":"https:\/\/www.periferieprahy.cz\/blog\/wp-json\/wp\/v2\/posts"}],"about":[{"href":"https:\/\/www.periferieprahy.cz\/blog\/wp-json\/wp\/v2\/types\/post"}],"author":[{"embeddable":true,"href":"https:\/\/www.periferieprahy.cz\/blog\/wp-json\/wp\/v2\/users\/1"}],"replies":[{"embeddable":true,"href":"https:\/\/www.periferieprahy.cz\/blog\/wp-json\/wp\/v2\/comments?post=1599"}],"version-history":[{"count":5,"href":"https:\/\/www.periferieprahy.cz\/blog\/wp-json\/wp\/v2\/posts\/1599\/revisions"}],"predecessor-version":[{"id":2491,"href":"https:\/\/www.periferieprahy.cz\/blog\/wp-json\/wp\/v2\/posts\/1599\/revisions\/2491"}],"wp:featuredmedia":[{"embeddable":true,"href":"https:\/\/www.periferieprahy.cz\/blog\/wp-json\/wp\/v2\/media\/1658"}],"wp:attachment":[{"href":"https:\/\/www.periferieprahy.cz\/blog\/wp-json\/wp\/v2\/media?parent=1599"}],"wp:term":[{"taxonomy":"category","embeddable":true,"href":"https:\/\/www.periferieprahy.cz\/blog\/wp-json\/wp\/v2\/categories?post=1599"},{"taxonomy":"post_tag","embeddable":true,"href":"https:\/\/www.periferieprahy.cz\/blog\/wp-json\/wp\/v2\/tags?post=1599"},{"taxonomy":"post_folder","embeddable":true,"href":"https:\/\/www.periferieprahy.cz\/blog\/wp-json\/wp\/v2\/post_folder?post=1599"}],"curies":[{"name":"wp","href":"https:\/\/api.w.org\/{rel}","templated":true}]}}