{"id":2434,"date":"2025-04-11T23:58:17","date_gmt":"2025-04-11T21:58:17","guid":{"rendered":"https:\/\/www.periferieprahy.cz\/blog\/?p=2434"},"modified":"2025-07-06T22:09:56","modified_gmt":"2025-07-06T20:09:56","slug":"c-p-20-ruzyne-u-mariku","status":"publish","type":"post","link":"https:\/\/www.periferieprahy.cz\/blog\/2025\/04\/11\/c-p-20-ruzyne-u-mariku\/","title":{"rendered":"\u010c.p. 20 Ruzyn\u011b &#8211; hospoda &#8222;U Ma\u0159\u00edk\u016f&#8220;"},"content":{"rendered":"\n<img loading=\"lazy\" decoding=\"async\" border=\"0\" src=\"https:\/\/www.periferieprahy.cz\/blog\/wp-content\/uploads\/2024\/12\/pismo7_20.gif\" width=\"94\" height=\"119\" align=\"left\">\n\t\t\t<span style=\"visibility: hidden\"><font size=\"1\">U<\/font><\/span><b><font size=\"7\">&nbsp;<font face=\"Times New Roman\" color=\"#CE0000\">Ma\u0159\u00edk\u016f<\/font><\/font><\/b><\/p>\n\t\t\t<p align=\"left\">Na b\u00fdval\u00e9 formansk\u00e9 cest\u011b ze Slan\u00e9ho, Loun a \n\t\t\tChomutova do Prahy a na Plze\u0148, b\u00fdvala z\u00e1jezdn\u00ed hospoda &quot;U Ma\u0159\u00edk\u016f&quot;. \n\t\t\tObjekt na b\u00fdval\u00e9 ruzy\u0148sk\u00e9 n\u00e1vsi, naproti v\u011bznici stoj\u00ed dodnes, \n\t\t\tp\u0159estav\u011bn na bytov\u00fd d\u016fm a&nbsp; po hospod\u011b jakoby se slehla zem. \n\t\t\tProhl\u00eddkou matrik narozen\u00fdch se poda\u0159ilo vytvo\u0159it alespo\u0148 \u010d\u00e1ste\u010dn\u00fd \n\t\t\tobr\u00e1zek historie t\u00e9to hospody. <\/p>\n\n\n\n<p>Prvn\u00ed zm\u00ednka v matrik\u00e1ch narozen\u00fdch o tom, \u017ee zde b\u00fdvala hospoda je z roku 1795. To se <strong>\u0161enk\u00fd\u0159i Franti\u0161ku Kubrovi<\/strong>&nbsp; a jeho \u017een\u011b&nbsp; Magdalen\u011b narodil syn <a href=\"#vaclav1795\">V\u00e1clav *30.1.1795<\/a>. Franti\u0161ek Kubr byl jist\u011b i vlastn\u00edkem objektu a byl to ur\u010dit\u011b v\u00e1\u017een\u00fd \u010dlov\u011bk, proto\u017ee v z\u00e1pise o narozen\u00ed dcery <a href=\"#anna1798\">Anny *9.10.1798<\/a> je uv\u00e1d\u011bn jako <strong>rycht\u00e1\u0159<\/strong>. Dal\u0161\u00edmi potomky Franti\u0161ka Kubra a Magdaleny byli <a href=\"#katerina1796\">Kate\u0159ina *30.10.1796<\/a>; <a href=\"#barbora1799\">Barbora *6.2.1799<\/a>; <a href=\"#josef1801\">Josef *19.3.1801<\/a><\/p>\n\n\n\n<p>Po Franti\u0161ku Kubrovi p\u0159eb\u00edr\u00e1 hospodu jeho syn <strong>Jan Kubr<\/strong> n\u011bkdy p\u0159ed rokem 1821. Je to patrn\u00e9 ze z\u00e1pisu o narozen\u00ed dcery <a href=\"#anna1821\">Anny *2.6.1821<\/a> , kde je Jan uveden jako \u0161enk\u00fd\u0159. Se svou \u017eenou Mari\u00ed rozenou Kl\u00edmovou, kter\u00e1 poch\u00e1zela z ruzy\u0148sk\u00e9ho statku \u010d. 2, m\u011bl je\u0161t\u011b tyto potomky: <a href=\"#jasef1823\">Josef *17.5.1823<\/a>; <a href=\"#marie1826\">Marie *30.11.1826<\/a>; <a href=\"#anton\u00edn1829\">Anton\u00edn * 13.4.1829<\/a> a&nbsp; <a href=\"#barbora1834\">Barbora*8.9.1834<\/a>.<\/p>\n\n\n\n<p>Dal\u0161\u00edm \u0161enk\u00fd\u0159em z rodu ruzy\u0148sk\u00fdch Kubr\u016f je <strong>Anton\u00edn Kubr<\/strong>, syn Jana Kubra. Je to patrn\u00e9 op\u011bt z matri\u010dn\u00edch z\u00e1znam\u016f o narozen\u00ed jeho potomk\u016f, kde je uveden jako spoludr\u017eitel \u017eivnosti v \u010d.p.20. Anton\u00edn Kubr s man\u017eelkou Mari\u00ed rozenou Ture\u010dkovou m\u011bli <a href=\"#marie1855\">Marii *28.12.1855<\/a> a <a href=\"#jan1857\">Jana *27.4.1857<\/a>. D\u00e1le u\u017e se jm\u00e9no Kubr v matrik\u00e1ch v souvislosti s hostincem v \u010d.p.20 nevyskytuje. Jestli hostinec prodali nebo se p\u0159est\u011bhovali a d\u00e1l hospodu pronaj\u00edmali se zat\u00edm nepoda\u0159ilo zjistit. Pravd\u011bpodobn\u00e9 je, \u017ee j\u00ed d\u00e1le pronaj\u00edmali, proto uv\u00e1d\u00edm u\u017e jen jm\u00e9na dal\u0161\u00edch hostinsk\u00fdch s odkazem na matri\u010dn\u00ed z\u00e1pis, kde jsou uvedeni:<\/p>\n\n\n\n<p>19.7.1859<a href=\"#josefa1859\"> <strong>Ign\u00e1c Zuman, hospodsk\u00fd<\/strong><\/a>, 2.3.1862 <strong><a href=\"#emanuel1862\">Josef Ochotn\u00fd, hostinsk\u00fd<\/a><\/strong>, 22.6.1865 <strong><a href=\"#katerina1865\">Tom\u00e1\u0161 Rathausk\u00fd, hospodsk\u00fd<\/a><\/strong>, 29.7.1875 <strong><a href=\"#josef1875\">Josef Eichler, hostinsk\u00fd<\/a><\/strong>, 8.11.1882 <strong><a href=\"#marta1882\">Bo\u010dek Franti\u0161ek, hostinsk\u00fd <\/a><\/strong>a zat\u00edm posledn\u00ed z\u00e1znam 15.7.1886 <strong><a href=\"#anna1886\">Landa Jan, n\u00e1jemce hostince<\/a><\/strong>, kter\u00fd dokazuje, \u017ee hostinec byl n\u011bk\u00fdm pronaj\u00edm\u00e1n, asi potomky Kubrovy rodiny.<\/p>\n\n\n\n<p>D\u00e1l dostupn\u00e9 matriky ml\u010d\u00ed. V mlad\u0161\u00edch&nbsp; a zat\u00edm nedostupn\u00fdch matrik\u00e1ch, bychom mo\u017en\u00e1 zjistili, pro\u010d se zde \u0159\u00edkalo u Ma\u0159\u00edk\u016f. To z\u016fst\u00e1v\u00e1 nevy\u0159e\u0161enou z\u00e1hadou. Stejn\u011b tak z\u016fst\u00e1v\u00e1 otazn\u00edk nad datem ukon\u010den\u00ed provozu hostince.&nbsp;<\/p>\n\n\n<div class=\"wp-block-image\">\n<figure class=\"aligncenter size-full\"><img loading=\"lazy\" decoding=\"async\" width=\"781\" height=\"695\" src=\"https:\/\/www.periferieprahy.cz\/blog\/wp-content\/uploads\/2025\/04\/ruz_naves.jpg\" alt=\"\" class=\"wp-image-2462\" srcset=\"https:\/\/www.periferieprahy.cz\/blog\/wp-content\/uploads\/2025\/04\/ruz_naves.jpg 781w, https:\/\/www.periferieprahy.cz\/blog\/wp-content\/uploads\/2025\/04\/ruz_naves-300x267.jpg 300w, https:\/\/www.periferieprahy.cz\/blog\/wp-content\/uploads\/2025\/04\/ruz_naves-768x683.jpg 768w\" sizes=\"auto, (max-width: 781px) 100vw, 781px\" \/><figcaption class=\"wp-element-caption\">Na skice stabiln\u00edho katastru z roku 1840 je ve \u017elut\u00e9m ov\u00e1lu hostinec s \u010d.p. 20 v dob\u011b, kdy ho provozoval Anton\u00edn Kubr. V modr\u00e9m ov\u00e1lu je \u010d.p. 22, kde v t\u00e9 dob\u011b byla kov\u00e1rna, pozd\u011bji hospoda &#8222;Na Nov\u00e9&#8220;. V \u010derven\u00e9m ov\u00e1lu je dal\u0161\u00ed velmi star\u00e1 hospoda, kde se \u0159\u00edk\u00e1 &#8222;Na Kov\u00e1rn\u011b&#8220;, ale podle dostupn\u00fdch pramen\u016f zde kov\u00e1rna nebyla. Tato jedin\u00e1 ze t\u0159ech historick\u00fdch hospod funguje dodnes. <\/figcaption><\/figure>\n<\/div>\n\n<div class=\"su-image-carousel  su-image-carousel-has-spacing su-image-carousel-crop su-image-carousel-crop-3-2 su-image-carousel-has-lightbox su-image-carousel-has-outline su-image-carousel-adaptive su-image-carousel-slides-style-default su-image-carousel-controls-style-dark su-image-carousel-align-center\" style=\"max-width:600px\" data-flickity-options='{\"groupCells\":true,\"cellSelector\":\".su-image-carousel-item\",\"adaptiveHeight\":false,\"cellAlign\":\"left\",\"prevNextButtons\":true,\"pageDots\":true,\"autoPlay\":3000,\"imagesLoaded\":true,\"contain\":true,\"selectedAttraction\":0.025000000000000001387778780781445675529539585113525390625,\"friction\":0.2800000000000000266453525910037569701671600341796875}' id=\"su_image_carousel_69f314abd3a40\"><div class=\"su-image-carousel-item\"><div class=\"su-image-carousel-item-content\"><a href=\"https:\/\/www.periferieprahy.cz\/blog\/wp-content\/uploads\/2025\/04\/ruz_cp20.jpg\" data-caption=\"Hospoda U Ma\u0159\u00edk\u016f, zv\u011bt\u0161en\u00fd v\u00fd\u0159ez z  dobov\u00e9 pohlednice p\u0159ed rokem 1921 kde je zobrazen i ruzy\u0148sk\u00fd cukrovar, dnes v\u011bznice. Kdyby zde nebylo uvedeno, \u017ee se jedn\u00e1 o hospodu  s n\u00e1zvem &quot;U Ma\u0159\u00edk\u016f&quot;, tak bychom dnes hovo\u0159ili o jak\u00e9si anonymn\u00ed hospod\u011b..\"><img loading=\"lazy\" decoding=\"async\" width=\"1123\" height=\"742\" src=\"https:\/\/www.periferieprahy.cz\/blog\/wp-content\/uploads\/2025\/04\/ruz_cp20.jpg\" class=\"\" alt=\"\" srcset=\"https:\/\/www.periferieprahy.cz\/blog\/wp-content\/uploads\/2025\/04\/ruz_cp20.jpg 1123w, https:\/\/www.periferieprahy.cz\/blog\/wp-content\/uploads\/2025\/04\/ruz_cp20-300x198.jpg 300w, https:\/\/www.periferieprahy.cz\/blog\/wp-content\/uploads\/2025\/04\/ruz_cp20-1024x677.jpg 1024w, https:\/\/www.periferieprahy.cz\/blog\/wp-content\/uploads\/2025\/04\/ruz_cp20-768x507.jpg 768w\" sizes=\"auto, (max-width: 1123px) 100vw, 1123px\" \/><span>Hospoda U Ma\u0159\u00edk\u016f, zv\u011bt\u0161en\u00fd v\u00fd\u0159ez z  dobov\u00e9 pohlednice p\u0159ed rokem 1921 kde je zobrazen i ruzy\u0148sk\u00fd cukrovar, dnes v\u011bznice. Kdyby zde nebylo uvedeno, \u017ee se jedn\u00e1 o hospodu  s n\u00e1zvem \"U Ma\u0159\u00edk\u016f\", tak bychom dnes hovo\u0159ili o jak\u00e9si anonymn\u00ed hospod\u011b..<\/span><\/a><\/div><\/div><div class=\"su-image-carousel-item\"><div class=\"su-image-carousel-item-content\"><a href=\"https:\/\/www.periferieprahy.cz\/blog\/wp-content\/uploads\/2025\/04\/ruz_cp20x.jpg\" data-caption=\"Hospoda U Ma\u0159\u00edk\u016f, ale z opa\u010dn\u00e9 strany ne\u017e p\u0159edchoz\u00ed foto, zv\u011bt\u0161en\u00fd v\u00fd\u0159ez z  dobov\u00e9 pohlednice p\u0159ed rokem 1921\"><img loading=\"lazy\" decoding=\"async\" width=\"411\" height=\"268\" src=\"https:\/\/www.periferieprahy.cz\/blog\/wp-content\/uploads\/2025\/04\/ruz_cp20x.jpg\" class=\"\" alt=\"\" srcset=\"https:\/\/www.periferieprahy.cz\/blog\/wp-content\/uploads\/2025\/04\/ruz_cp20x.jpg 411w, https:\/\/www.periferieprahy.cz\/blog\/wp-content\/uploads\/2025\/04\/ruz_cp20x-300x196.jpg 300w\" sizes=\"auto, (max-width: 411px) 100vw, 411px\" \/><span>Hospoda U Ma\u0159\u00edk\u016f, ale z opa\u010dn\u00e9 strany ne\u017e p\u0159edchoz\u00ed foto, zv\u011bt\u0161en\u00fd v\u00fd\u0159ez z  dobov\u00e9 pohlednice p\u0159ed rokem 1921<\/span><\/a><\/div><\/div><div class=\"su-image-carousel-item\"><div class=\"su-image-carousel-item-content\"><a href=\"https:\/\/www.periferieprahy.cz\/blog\/wp-content\/uploads\/2025\/04\/ruz_cp20a.jpg\" data-caption=\"Stav v roce 2009....\"><img loading=\"lazy\" decoding=\"async\" width=\"501\" height=\"392\" src=\"https:\/\/www.periferieprahy.cz\/blog\/wp-content\/uploads\/2025\/04\/ruz_cp20a.jpg\" class=\"\" alt=\"\" srcset=\"https:\/\/www.periferieprahy.cz\/blog\/wp-content\/uploads\/2025\/04\/ruz_cp20a.jpg 501w, https:\/\/www.periferieprahy.cz\/blog\/wp-content\/uploads\/2025\/04\/ruz_cp20a-300x235.jpg 300w\" sizes=\"auto, (max-width: 501px) 100vw, 501px\" \/><span>Stav v roce 2009....<\/span><\/a><\/div><\/div><div class=\"su-image-carousel-item\"><div class=\"su-image-carousel-item-content\"><a href=\"https:\/\/www.periferieprahy.cz\/blog\/wp-content\/uploads\/2025\/04\/ruz_cp20c.jpg\" data-caption=\"....2016 p\u0159estav\u011bno na bytov\u00fd d\u016fm.\"><img loading=\"lazy\" decoding=\"async\" width=\"783\" height=\"475\" src=\"https:\/\/www.periferieprahy.cz\/blog\/wp-content\/uploads\/2025\/04\/ruz_cp20c.jpg\" class=\"\" alt=\"\" srcset=\"https:\/\/www.periferieprahy.cz\/blog\/wp-content\/uploads\/2025\/04\/ruz_cp20c.jpg 783w, https:\/\/www.periferieprahy.cz\/blog\/wp-content\/uploads\/2025\/04\/ruz_cp20c-300x182.jpg 300w, https:\/\/www.periferieprahy.cz\/blog\/wp-content\/uploads\/2025\/04\/ruz_cp20c-768x466.jpg 768w\" sizes=\"auto, (max-width: 783px) 100vw, 783px\" \/><span>....2016 p\u0159estav\u011bno na bytov\u00fd d\u016fm.<\/span><\/a><\/div><\/div><\/div><script id=\"su_image_carousel_69f314abd3a40_script\">if(window.SUImageCarousel){setTimeout(function() {window.SUImageCarousel.initGallery(document.getElementById(\"su_image_carousel_69f314abd3a40\"))}, 0);}var su_image_carousel_69f314abd3a40_script=document.getElementById(\"su_image_carousel_69f314abd3a40_script\");if(su_image_carousel_69f314abd3a40_script){su_image_carousel_69f314abd3a40_script.parentNode.removeChild(su_image_carousel_69f314abd3a40_script);}<\/script>\n\n\n\n<h2 class=\"wp-block-heading has-text-align-center\">Historie podle matrik<\/h2>\n\n\n<div class=\"wp-block-image\">\n<figure data-wp-context=\"{&quot;imageId&quot;:&quot;69f314abcd186&quot;}\" data-wp-interactive=\"core\/image\" data-wp-key=\"69f314abcd186\" class=\"aligncenter size-large is-resized wp-lightbox-container\" id=\"vaclav1795\"><img loading=\"lazy\" decoding=\"async\" width=\"1024\" height=\"239\" data-wp-class--hide=\"state.isContentHidden\" data-wp-class--show=\"state.isContentVisible\" data-wp-init=\"callbacks.setButtonStyles\" data-wp-on--click=\"actions.showLightbox\" data-wp-on--load=\"callbacks.setButtonStyles\" data-wp-on-window--resize=\"callbacks.setButtonStyles\" src=\"https:\/\/www.periferieprahy.cz\/blog\/wp-content\/uploads\/2025\/04\/ruz_cp20_1-1024x239.jpg\" alt=\"\" class=\"wp-image-2436\" style=\"width:757px;height:auto\" srcset=\"https:\/\/www.periferieprahy.cz\/blog\/wp-content\/uploads\/2025\/04\/ruz_cp20_1-1024x239.jpg 1024w, https:\/\/www.periferieprahy.cz\/blog\/wp-content\/uploads\/2025\/04\/ruz_cp20_1-300x70.jpg 300w, https:\/\/www.periferieprahy.cz\/blog\/wp-content\/uploads\/2025\/04\/ruz_cp20_1-768x180.jpg 768w, https:\/\/www.periferieprahy.cz\/blog\/wp-content\/uploads\/2025\/04\/ruz_cp20_1.jpg 1091w\" sizes=\"auto, (max-width: 1024px) 100vw, 1024px\" \/><button\n\t\t\tclass=\"lightbox-trigger\"\n\t\t\ttype=\"button\"\n\t\t\taria-haspopup=\"dialog\"\n\t\t\taria-label=\"Zv\u011bt\u0161it\"\n\t\t\tdata-wp-init=\"callbacks.initTriggerButton\"\n\t\t\tdata-wp-on--click=\"actions.showLightbox\"\n\t\t\tdata-wp-style--right=\"state.imageButtonRight\"\n\t\t\tdata-wp-style--top=\"state.imageButtonTop\"\n\t\t>\n\t\t\t<svg xmlns=\"http:\/\/www.w3.org\/2000\/svg\" width=\"12\" height=\"12\" fill=\"none\" viewBox=\"0 0 12 12\">\n\t\t\t\t<path fill=\"#fff\" d=\"M2 0a2 2 0 0 0-2 2v2h1.5V2a.5.5 0 0 1 .5-.5h2V0H2Zm2 10.5H2a.5.5 0 0 1-.5-.5V8H0v2a2 2 0 0 0 2 2h2v-1.5ZM8 12v-1.5h2a.5.5 0 0 0 .5-.5V8H12v2a2 2 0 0 1-2 2H8Zm2-12a2 2 0 0 1 2 2v2h-1.5V2a.5.5 0 0 0-.5-.5H8V0h2Z\" \/>\n\t\t\t<\/svg>\n\t\t<\/button><figcaption class=\"wp-element-caption\">V\u00e1clav *30.1.1795; otec Franti\u0161ek Kubr, \u0161enk\u00fd\u0159, matka Magdalena, dcera Jana Ku\u010dery, sedl\u00e1ka<\/figcaption><\/figure>\n<\/div>\n\n<div class=\"wp-block-image\">\n<figure data-wp-context=\"{&quot;imageId&quot;:&quot;69f314abcd66b&quot;}\" data-wp-interactive=\"core\/image\" data-wp-key=\"69f314abcd66b\" class=\"aligncenter size-large is-resized wp-lightbox-container\" id=\"katerina1796\"><img loading=\"lazy\" decoding=\"async\" width=\"1024\" height=\"291\" data-wp-class--hide=\"state.isContentHidden\" data-wp-class--show=\"state.isContentVisible\" data-wp-init=\"callbacks.setButtonStyles\" data-wp-on--click=\"actions.showLightbox\" data-wp-on--load=\"callbacks.setButtonStyles\" data-wp-on-window--resize=\"callbacks.setButtonStyles\" src=\"https:\/\/www.periferieprahy.cz\/blog\/wp-content\/uploads\/2025\/04\/ruz_cp20_2-1024x291.jpg\" alt=\"\" class=\"wp-image-2437\" style=\"width:768px;height:auto\" srcset=\"https:\/\/www.periferieprahy.cz\/blog\/wp-content\/uploads\/2025\/04\/ruz_cp20_2-1024x291.jpg 1024w, https:\/\/www.periferieprahy.cz\/blog\/wp-content\/uploads\/2025\/04\/ruz_cp20_2-300x85.jpg 300w, https:\/\/www.periferieprahy.cz\/blog\/wp-content\/uploads\/2025\/04\/ruz_cp20_2-768x218.jpg 768w, https:\/\/www.periferieprahy.cz\/blog\/wp-content\/uploads\/2025\/04\/ruz_cp20_2.jpg 1035w\" sizes=\"auto, (max-width: 1024px) 100vw, 1024px\" \/><button\n\t\t\tclass=\"lightbox-trigger\"\n\t\t\ttype=\"button\"\n\t\t\taria-haspopup=\"dialog\"\n\t\t\taria-label=\"Zv\u011bt\u0161it\"\n\t\t\tdata-wp-init=\"callbacks.initTriggerButton\"\n\t\t\tdata-wp-on--click=\"actions.showLightbox\"\n\t\t\tdata-wp-style--right=\"state.imageButtonRight\"\n\t\t\tdata-wp-style--top=\"state.imageButtonTop\"\n\t\t>\n\t\t\t<svg xmlns=\"http:\/\/www.w3.org\/2000\/svg\" width=\"12\" height=\"12\" fill=\"none\" viewBox=\"0 0 12 12\">\n\t\t\t\t<path fill=\"#fff\" d=\"M2 0a2 2 0 0 0-2 2v2h1.5V2a.5.5 0 0 1 .5-.5h2V0H2Zm2 10.5H2a.5.5 0 0 1-.5-.5V8H0v2a2 2 0 0 0 2 2h2v-1.5ZM8 12v-1.5h2a.5.5 0 0 0 .5-.5V8H12v2a2 2 0 0 1-2 2H8Zm2-12a2 2 0 0 1 2 2v2h-1.5V2a.5.5 0 0 0-.5-.5H8V0h2Z\" \/>\n\t\t\t<\/svg>\n\t\t<\/button><figcaption class=\"wp-element-caption\">Kate\u0159ina *30.10.1796; otec Franti\u0161ek Kubr, \u0161enk\u00fd\u0159, matka Magdalena, dcera Jana Ku\u010dery, sedl\u00e1ka<\/figcaption><\/figure>\n<\/div>\n\n<div class=\"wp-block-image\">\n<figure data-wp-context=\"{&quot;imageId&quot;:&quot;69f314abcda9b&quot;}\" data-wp-interactive=\"core\/image\" data-wp-key=\"69f314abcda9b\" class=\"aligncenter size-full is-resized wp-lightbox-container\" id=\"anna1798\"><img loading=\"lazy\" decoding=\"async\" width=\"996\" height=\"237\" data-wp-class--hide=\"state.isContentHidden\" data-wp-class--show=\"state.isContentVisible\" data-wp-init=\"callbacks.setButtonStyles\" data-wp-on--click=\"actions.showLightbox\" data-wp-on--load=\"callbacks.setButtonStyles\" data-wp-on-window--resize=\"callbacks.setButtonStyles\" src=\"https:\/\/www.periferieprahy.cz\/blog\/wp-content\/uploads\/2025\/04\/ruz_cp20_3.jpg\" alt=\"\" class=\"wp-image-2438\" style=\"width:772px;height:auto\" srcset=\"https:\/\/www.periferieprahy.cz\/blog\/wp-content\/uploads\/2025\/04\/ruz_cp20_3.jpg 996w, https:\/\/www.periferieprahy.cz\/blog\/wp-content\/uploads\/2025\/04\/ruz_cp20_3-300x71.jpg 300w, https:\/\/www.periferieprahy.cz\/blog\/wp-content\/uploads\/2025\/04\/ruz_cp20_3-768x183.jpg 768w\" sizes=\"auto, (max-width: 996px) 100vw, 996px\" \/><button\n\t\t\tclass=\"lightbox-trigger\"\n\t\t\ttype=\"button\"\n\t\t\taria-haspopup=\"dialog\"\n\t\t\taria-label=\"Zv\u011bt\u0161it\"\n\t\t\tdata-wp-init=\"callbacks.initTriggerButton\"\n\t\t\tdata-wp-on--click=\"actions.showLightbox\"\n\t\t\tdata-wp-style--right=\"state.imageButtonRight\"\n\t\t\tdata-wp-style--top=\"state.imageButtonTop\"\n\t\t>\n\t\t\t<svg xmlns=\"http:\/\/www.w3.org\/2000\/svg\" width=\"12\" height=\"12\" fill=\"none\" viewBox=\"0 0 12 12\">\n\t\t\t\t<path fill=\"#fff\" d=\"M2 0a2 2 0 0 0-2 2v2h1.5V2a.5.5 0 0 1 .5-.5h2V0H2Zm2 10.5H2a.5.5 0 0 1-.5-.5V8H0v2a2 2 0 0 0 2 2h2v-1.5ZM8 12v-1.5h2a.5.5 0 0 0 .5-.5V8H12v2a2 2 0 0 1-2 2H8Zm2-12a2 2 0 0 1 2 2v2h-1.5V2a.5.5 0 0 0-.5-.5H8V0h2Z\" \/>\n\t\t\t<\/svg>\n\t\t<\/button><figcaption class=\"wp-element-caption\">Anna *9.10.1798; otec Franti\u0161ek Kubr, rycht\u00e1\u0159, matka Magdalena, rozen\u00e1 Ku\u010derov\u00e1<\/figcaption><\/figure>\n<\/div>\n\n<div class=\"wp-block-image\">\n<figure data-wp-context=\"{&quot;imageId&quot;:&quot;69f314abcdeeb&quot;}\" data-wp-interactive=\"core\/image\" data-wp-key=\"69f314abcdeeb\" class=\"aligncenter size-full is-resized wp-lightbox-container\" id=\"barbora1799\"><img loading=\"lazy\" decoding=\"async\" width=\"1023\" height=\"325\" data-wp-class--hide=\"state.isContentHidden\" data-wp-class--show=\"state.isContentVisible\" data-wp-init=\"callbacks.setButtonStyles\" data-wp-on--click=\"actions.showLightbox\" data-wp-on--load=\"callbacks.setButtonStyles\" data-wp-on-window--resize=\"callbacks.setButtonStyles\" src=\"https:\/\/www.periferieprahy.cz\/blog\/wp-content\/uploads\/2025\/04\/ruz_cp20_4.jpg\" alt=\"\" class=\"wp-image-2439\" style=\"width:764px;height:auto\" srcset=\"https:\/\/www.periferieprahy.cz\/blog\/wp-content\/uploads\/2025\/04\/ruz_cp20_4.jpg 1023w, https:\/\/www.periferieprahy.cz\/blog\/wp-content\/uploads\/2025\/04\/ruz_cp20_4-300x95.jpg 300w, https:\/\/www.periferieprahy.cz\/blog\/wp-content\/uploads\/2025\/04\/ruz_cp20_4-768x244.jpg 768w\" sizes=\"auto, (max-width: 1023px) 100vw, 1023px\" \/><button\n\t\t\tclass=\"lightbox-trigger\"\n\t\t\ttype=\"button\"\n\t\t\taria-haspopup=\"dialog\"\n\t\t\taria-label=\"Zv\u011bt\u0161it\"\n\t\t\tdata-wp-init=\"callbacks.initTriggerButton\"\n\t\t\tdata-wp-on--click=\"actions.showLightbox\"\n\t\t\tdata-wp-style--right=\"state.imageButtonRight\"\n\t\t\tdata-wp-style--top=\"state.imageButtonTop\"\n\t\t>\n\t\t\t<svg xmlns=\"http:\/\/www.w3.org\/2000\/svg\" width=\"12\" height=\"12\" fill=\"none\" viewBox=\"0 0 12 12\">\n\t\t\t\t<path fill=\"#fff\" d=\"M2 0a2 2 0 0 0-2 2v2h1.5V2a.5.5 0 0 1 .5-.5h2V0H2Zm2 10.5H2a.5.5 0 0 1-.5-.5V8H0v2a2 2 0 0 0 2 2h2v-1.5ZM8 12v-1.5h2a.5.5 0 0 0 .5-.5V8H12v2a2 2 0 0 1-2 2H8Zm2-12a2 2 0 0 1 2 2v2h-1.5V2a.5.5 0 0 0-.5-.5H8V0h2Z\" \/>\n\t\t\t<\/svg>\n\t\t<\/button><figcaption class=\"wp-element-caption\">Barbora *6.2.1799; otec Franti\u0161ek Kubr, rycht\u00e1\u0159, matka Magdalena, rozen\u00e1 Ku\u010derov\u00e1<\/figcaption><\/figure>\n<\/div>\n\n<div class=\"wp-block-image\">\n<figure data-wp-context=\"{&quot;imageId&quot;:&quot;69f314abce331&quot;}\" data-wp-interactive=\"core\/image\" data-wp-key=\"69f314abce331\" class=\"aligncenter size-large is-resized wp-lightbox-container\" id=\"josef1801\"><img loading=\"lazy\" decoding=\"async\" width=\"1024\" height=\"243\" data-wp-class--hide=\"state.isContentHidden\" data-wp-class--show=\"state.isContentVisible\" data-wp-init=\"callbacks.setButtonStyles\" data-wp-on--click=\"actions.showLightbox\" data-wp-on--load=\"callbacks.setButtonStyles\" data-wp-on-window--resize=\"callbacks.setButtonStyles\" src=\"https:\/\/www.periferieprahy.cz\/blog\/wp-content\/uploads\/2025\/04\/ruz_cp20_5-1024x243.jpg\" alt=\"\" class=\"wp-image-2440\" style=\"width:764px;height:auto\" srcset=\"https:\/\/www.periferieprahy.cz\/blog\/wp-content\/uploads\/2025\/04\/ruz_cp20_5-1024x243.jpg 1024w, https:\/\/www.periferieprahy.cz\/blog\/wp-content\/uploads\/2025\/04\/ruz_cp20_5-300x71.jpg 300w, https:\/\/www.periferieprahy.cz\/blog\/wp-content\/uploads\/2025\/04\/ruz_cp20_5-768x182.jpg 768w, https:\/\/www.periferieprahy.cz\/blog\/wp-content\/uploads\/2025\/04\/ruz_cp20_5.jpg 1038w\" sizes=\"auto, (max-width: 1024px) 100vw, 1024px\" \/><button\n\t\t\tclass=\"lightbox-trigger\"\n\t\t\ttype=\"button\"\n\t\t\taria-haspopup=\"dialog\"\n\t\t\taria-label=\"Zv\u011bt\u0161it\"\n\t\t\tdata-wp-init=\"callbacks.initTriggerButton\"\n\t\t\tdata-wp-on--click=\"actions.showLightbox\"\n\t\t\tdata-wp-style--right=\"state.imageButtonRight\"\n\t\t\tdata-wp-style--top=\"state.imageButtonTop\"\n\t\t>\n\t\t\t<svg xmlns=\"http:\/\/www.w3.org\/2000\/svg\" width=\"12\" height=\"12\" fill=\"none\" viewBox=\"0 0 12 12\">\n\t\t\t\t<path fill=\"#fff\" d=\"M2 0a2 2 0 0 0-2 2v2h1.5V2a.5.5 0 0 1 .5-.5h2V0H2Zm2 10.5H2a.5.5 0 0 1-.5-.5V8H0v2a2 2 0 0 0 2 2h2v-1.5ZM8 12v-1.5h2a.5.5 0 0 0 .5-.5V8H12v2a2 2 0 0 1-2 2H8Zm2-12a2 2 0 0 1 2 2v2h-1.5V2a.5.5 0 0 0-.5-.5H8V0h2Z\" \/>\n\t\t\t<\/svg>\n\t\t<\/button><figcaption class=\"wp-element-caption\">Josef *19.3.1801; otec Franti\u0161ek Kubr, rycht\u00e1\u0159, matka Magdalena, rozen\u00e1 Ku\u010derov\u00e1<\/figcaption><\/figure>\n<\/div>\n\n<div class=\"wp-block-image\">\n<figure data-wp-context=\"{&quot;imageId&quot;:&quot;69f314abce76e&quot;}\" data-wp-interactive=\"core\/image\" data-wp-key=\"69f314abce76e\" class=\"aligncenter size-full is-resized wp-lightbox-container\" id=\"anna1821\"><img loading=\"lazy\" decoding=\"async\" width=\"925\" height=\"420\" data-wp-class--hide=\"state.isContentHidden\" data-wp-class--show=\"state.isContentVisible\" data-wp-init=\"callbacks.setButtonStyles\" data-wp-on--click=\"actions.showLightbox\" data-wp-on--load=\"callbacks.setButtonStyles\" data-wp-on-window--resize=\"callbacks.setButtonStyles\" src=\"https:\/\/www.periferieprahy.cz\/blog\/wp-content\/uploads\/2025\/04\/ruz_cp20_6.jpg\" alt=\"\" class=\"wp-image-2441\" style=\"width:761px;height:auto\" srcset=\"https:\/\/www.periferieprahy.cz\/blog\/wp-content\/uploads\/2025\/04\/ruz_cp20_6.jpg 925w, https:\/\/www.periferieprahy.cz\/blog\/wp-content\/uploads\/2025\/04\/ruz_cp20_6-300x136.jpg 300w, https:\/\/www.periferieprahy.cz\/blog\/wp-content\/uploads\/2025\/04\/ruz_cp20_6-768x349.jpg 768w\" sizes=\"auto, (max-width: 925px) 100vw, 925px\" \/><button\n\t\t\tclass=\"lightbox-trigger\"\n\t\t\ttype=\"button\"\n\t\t\taria-haspopup=\"dialog\"\n\t\t\taria-label=\"Zv\u011bt\u0161it\"\n\t\t\tdata-wp-init=\"callbacks.initTriggerButton\"\n\t\t\tdata-wp-on--click=\"actions.showLightbox\"\n\t\t\tdata-wp-style--right=\"state.imageButtonRight\"\n\t\t\tdata-wp-style--top=\"state.imageButtonTop\"\n\t\t>\n\t\t\t<svg xmlns=\"http:\/\/www.w3.org\/2000\/svg\" width=\"12\" height=\"12\" fill=\"none\" viewBox=\"0 0 12 12\">\n\t\t\t\t<path fill=\"#fff\" d=\"M2 0a2 2 0 0 0-2 2v2h1.5V2a.5.5 0 0 1 .5-.5h2V0H2Zm2 10.5H2a.5.5 0 0 1-.5-.5V8H0v2a2 2 0 0 0 2 2h2v-1.5ZM8 12v-1.5h2a.5.5 0 0 0 .5-.5V8H12v2a2 2 0 0 1-2 2H8Zm2-12a2 2 0 0 1 2 2v2h-1.5V2a.5.5 0 0 0-.5-.5H8V0h2Z\" \/>\n\t\t\t<\/svg>\n\t\t<\/button><figcaption class=\"wp-element-caption\">Anna *2.6.1821; otec Jan Kubr \u0161enk\u00fd\u0159 z Ruzyn\u011b, matka Marie dcera \u2020Josefa Kl\u00edmy, sedl\u00e1ka z Ruzyn\u011b \u2116 2 a Al\u017eb\u011bty rozen\u00e9  Proch\u00e1zkovy z Ruzyn\u011b \u2116 20. <\/figcaption><\/figure>\n<\/div>\n\n<div class=\"wp-block-image\">\n<figure data-wp-context=\"{&quot;imageId&quot;:&quot;69f314abcebda&quot;}\" data-wp-interactive=\"core\/image\" data-wp-key=\"69f314abcebda\" class=\"aligncenter size-large is-resized wp-lightbox-container\" id=\"jasef1823\"><img loading=\"lazy\" decoding=\"async\" width=\"1024\" height=\"234\" data-wp-class--hide=\"state.isContentHidden\" data-wp-class--show=\"state.isContentVisible\" data-wp-init=\"callbacks.setButtonStyles\" data-wp-on--click=\"actions.showLightbox\" data-wp-on--load=\"callbacks.setButtonStyles\" data-wp-on-window--resize=\"callbacks.setButtonStyles\" src=\"https:\/\/www.periferieprahy.cz\/blog\/wp-content\/uploads\/2025\/04\/ruz_cp20_7-1024x234.jpg\" alt=\"\" class=\"wp-image-2442\" style=\"width:768px;height:auto\" srcset=\"https:\/\/www.periferieprahy.cz\/blog\/wp-content\/uploads\/2025\/04\/ruz_cp20_7-1024x234.jpg 1024w, https:\/\/www.periferieprahy.cz\/blog\/wp-content\/uploads\/2025\/04\/ruz_cp20_7-300x69.jpg 300w, https:\/\/www.periferieprahy.cz\/blog\/wp-content\/uploads\/2025\/04\/ruz_cp20_7-768x176.jpg 768w, https:\/\/www.periferieprahy.cz\/blog\/wp-content\/uploads\/2025\/04\/ruz_cp20_7.jpg 1110w\" sizes=\"auto, (max-width: 1024px) 100vw, 1024px\" \/><button\n\t\t\tclass=\"lightbox-trigger\"\n\t\t\ttype=\"button\"\n\t\t\taria-haspopup=\"dialog\"\n\t\t\taria-label=\"Zv\u011bt\u0161it\"\n\t\t\tdata-wp-init=\"callbacks.initTriggerButton\"\n\t\t\tdata-wp-on--click=\"actions.showLightbox\"\n\t\t\tdata-wp-style--right=\"state.imageButtonRight\"\n\t\t\tdata-wp-style--top=\"state.imageButtonTop\"\n\t\t>\n\t\t\t<svg xmlns=\"http:\/\/www.w3.org\/2000\/svg\" width=\"12\" height=\"12\" fill=\"none\" viewBox=\"0 0 12 12\">\n\t\t\t\t<path fill=\"#fff\" d=\"M2 0a2 2 0 0 0-2 2v2h1.5V2a.5.5 0 0 1 .5-.5h2V0H2Zm2 10.5H2a.5.5 0 0 1-.5-.5V8H0v2a2 2 0 0 0 2 2h2v-1.5ZM8 12v-1.5h2a.5.5 0 0 0 .5-.5V8H12v2a2 2 0 0 1-2 2H8Zm2-12a2 2 0 0 1 2 2v2h-1.5V2a.5.5 0 0 0-.5-.5H8V0h2Z\" \/>\n\t\t\t<\/svg>\n\t\t<\/button><figcaption class=\"wp-element-caption\">Josef *17.5.1823; otec Jan Kubr syn Franti\u0161ka Kubra rycht\u00e1\u0159e a \u0161enk\u00fd\u0159e z Ruzyn\u011b, matka Marie dcera \u2020Josefa Kl\u00edmy, sedl\u00e1ka z Ruzyn\u011b \u2116 2 a Al\u017eb\u011bty rozen\u00e9  Proch\u00e1zkovy z Ruzyn\u011b \u2116 20. <\/figcaption><\/figure>\n<\/div>\n\n<div class=\"wp-block-image\">\n<figure data-wp-context=\"{&quot;imageId&quot;:&quot;69f314abcf013&quot;}\" data-wp-interactive=\"core\/image\" data-wp-key=\"69f314abcf013\" class=\"aligncenter size-large is-resized wp-lightbox-container\" id=\"marie1826\"><img loading=\"lazy\" decoding=\"async\" width=\"1024\" height=\"227\" data-wp-class--hide=\"state.isContentHidden\" data-wp-class--show=\"state.isContentVisible\" data-wp-init=\"callbacks.setButtonStyles\" data-wp-on--click=\"actions.showLightbox\" data-wp-on--load=\"callbacks.setButtonStyles\" data-wp-on-window--resize=\"callbacks.setButtonStyles\" src=\"https:\/\/www.periferieprahy.cz\/blog\/wp-content\/uploads\/2025\/04\/ruz_cp20_8-1024x227.jpg\" alt=\"\" class=\"wp-image-2443\" style=\"width:792px;height:auto\" srcset=\"https:\/\/www.periferieprahy.cz\/blog\/wp-content\/uploads\/2025\/04\/ruz_cp20_8-1024x227.jpg 1024w, https:\/\/www.periferieprahy.cz\/blog\/wp-content\/uploads\/2025\/04\/ruz_cp20_8-300x66.jpg 300w, https:\/\/www.periferieprahy.cz\/blog\/wp-content\/uploads\/2025\/04\/ruz_cp20_8-768x170.jpg 768w, https:\/\/www.periferieprahy.cz\/blog\/wp-content\/uploads\/2025\/04\/ruz_cp20_8.jpg 1048w\" sizes=\"auto, (max-width: 1024px) 100vw, 1024px\" \/><button\n\t\t\tclass=\"lightbox-trigger\"\n\t\t\ttype=\"button\"\n\t\t\taria-haspopup=\"dialog\"\n\t\t\taria-label=\"Zv\u011bt\u0161it\"\n\t\t\tdata-wp-init=\"callbacks.initTriggerButton\"\n\t\t\tdata-wp-on--click=\"actions.showLightbox\"\n\t\t\tdata-wp-style--right=\"state.imageButtonRight\"\n\t\t\tdata-wp-style--top=\"state.imageButtonTop\"\n\t\t>\n\t\t\t<svg xmlns=\"http:\/\/www.w3.org\/2000\/svg\" width=\"12\" height=\"12\" fill=\"none\" viewBox=\"0 0 12 12\">\n\t\t\t\t<path fill=\"#fff\" d=\"M2 0a2 2 0 0 0-2 2v2h1.5V2a.5.5 0 0 1 .5-.5h2V0H2Zm2 10.5H2a.5.5 0 0 1-.5-.5V8H0v2a2 2 0 0 0 2 2h2v-1.5ZM8 12v-1.5h2a.5.5 0 0 0 .5-.5V8H12v2a2 2 0 0 1-2 2H8Zm2-12a2 2 0 0 1 2 2v2h-1.5V2a.5.5 0 0 0-.5-.5H8V0h2Z\" \/>\n\t\t\t<\/svg>\n\t\t<\/button><figcaption class=\"wp-element-caption\">Marie *30.11.1826; otec Jan Kubr hospodsk\u00fd, matka Marie dcera \u2020Josefa Kl\u00edmy, sedl\u00e1ka z Ruzyn\u011b \u2116 2 a Al\u017eb\u011bty rozen\u00e9  Proch\u00e1zkovy <\/figcaption><\/figure>\n<\/div>\n\n<div class=\"wp-block-image\">\n<figure data-wp-context=\"{&quot;imageId&quot;:&quot;69f314abcf470&quot;}\" data-wp-interactive=\"core\/image\" data-wp-key=\"69f314abcf470\" class=\"aligncenter size-large is-resized wp-lightbox-container\" id=\"anton\u00edn1829\"><img loading=\"lazy\" decoding=\"async\" width=\"1024\" height=\"248\" data-wp-class--hide=\"state.isContentHidden\" data-wp-class--show=\"state.isContentVisible\" data-wp-init=\"callbacks.setButtonStyles\" data-wp-on--click=\"actions.showLightbox\" data-wp-on--load=\"callbacks.setButtonStyles\" data-wp-on-window--resize=\"callbacks.setButtonStyles\" src=\"https:\/\/www.periferieprahy.cz\/blog\/wp-content\/uploads\/2025\/04\/ruz_cp20_9-1024x248.jpg\" alt=\"\" class=\"wp-image-2444\" style=\"width:804px;height:auto\" srcset=\"https:\/\/www.periferieprahy.cz\/blog\/wp-content\/uploads\/2025\/04\/ruz_cp20_9-1024x248.jpg 1024w, https:\/\/www.periferieprahy.cz\/blog\/wp-content\/uploads\/2025\/04\/ruz_cp20_9-300x73.jpg 300w, https:\/\/www.periferieprahy.cz\/blog\/wp-content\/uploads\/2025\/04\/ruz_cp20_9-768x186.jpg 768w, https:\/\/www.periferieprahy.cz\/blog\/wp-content\/uploads\/2025\/04\/ruz_cp20_9.jpg 1046w\" sizes=\"auto, (max-width: 1024px) 100vw, 1024px\" \/><button\n\t\t\tclass=\"lightbox-trigger\"\n\t\t\ttype=\"button\"\n\t\t\taria-haspopup=\"dialog\"\n\t\t\taria-label=\"Zv\u011bt\u0161it\"\n\t\t\tdata-wp-init=\"callbacks.initTriggerButton\"\n\t\t\tdata-wp-on--click=\"actions.showLightbox\"\n\t\t\tdata-wp-style--right=\"state.imageButtonRight\"\n\t\t\tdata-wp-style--top=\"state.imageButtonTop\"\n\t\t>\n\t\t\t<svg xmlns=\"http:\/\/www.w3.org\/2000\/svg\" width=\"12\" height=\"12\" fill=\"none\" viewBox=\"0 0 12 12\">\n\t\t\t\t<path fill=\"#fff\" d=\"M2 0a2 2 0 0 0-2 2v2h1.5V2a.5.5 0 0 1 .5-.5h2V0H2Zm2 10.5H2a.5.5 0 0 1-.5-.5V8H0v2a2 2 0 0 0 2 2h2v-1.5ZM8 12v-1.5h2a.5.5 0 0 0 .5-.5V8H12v2a2 2 0 0 1-2 2H8Zm2-12a2 2 0 0 1 2 2v2h-1.5V2a.5.5 0 0 0-.5-.5H8V0h2Z\" \/>\n\t\t\t<\/svg>\n\t\t<\/button><figcaption class=\"wp-element-caption\">Anton\u00edn * 13.4.1829; otec Jan Kubr hospodsk\u00fd, matka Marie dcera \u2020Josefa Kl\u00edmy, sedl\u00e1ka z Ruzyn\u011b \u2116 2 a Al\u017eb\u011bty rozen\u00e9  Proch\u00e1zkovy <\/figcaption><\/figure>\n<\/div>\n\n<div class=\"wp-block-image\">\n<figure data-wp-context=\"{&quot;imageId&quot;:&quot;69f314abcf8be&quot;}\" data-wp-interactive=\"core\/image\" data-wp-key=\"69f314abcf8be\" class=\"aligncenter size-large is-resized wp-lightbox-container\" id=\"barbora1834\"><img loading=\"lazy\" decoding=\"async\" width=\"1024\" height=\"219\" data-wp-class--hide=\"state.isContentHidden\" data-wp-class--show=\"state.isContentVisible\" data-wp-init=\"callbacks.setButtonStyles\" data-wp-on--click=\"actions.showLightbox\" data-wp-on--load=\"callbacks.setButtonStyles\" data-wp-on-window--resize=\"callbacks.setButtonStyles\" src=\"https:\/\/www.periferieprahy.cz\/blog\/wp-content\/uploads\/2025\/04\/ruz_cp20_10-1024x219.jpg\" alt=\"\" class=\"wp-image-2445\" style=\"width:811px;height:auto\" srcset=\"https:\/\/www.periferieprahy.cz\/blog\/wp-content\/uploads\/2025\/04\/ruz_cp20_10-1024x219.jpg 1024w, https:\/\/www.periferieprahy.cz\/blog\/wp-content\/uploads\/2025\/04\/ruz_cp20_10-300x64.jpg 300w, https:\/\/www.periferieprahy.cz\/blog\/wp-content\/uploads\/2025\/04\/ruz_cp20_10-768x164.jpg 768w, https:\/\/www.periferieprahy.cz\/blog\/wp-content\/uploads\/2025\/04\/ruz_cp20_10.jpg 1048w\" sizes=\"auto, (max-width: 1024px) 100vw, 1024px\" \/><button\n\t\t\tclass=\"lightbox-trigger\"\n\t\t\ttype=\"button\"\n\t\t\taria-haspopup=\"dialog\"\n\t\t\taria-label=\"Zv\u011bt\u0161it\"\n\t\t\tdata-wp-init=\"callbacks.initTriggerButton\"\n\t\t\tdata-wp-on--click=\"actions.showLightbox\"\n\t\t\tdata-wp-style--right=\"state.imageButtonRight\"\n\t\t\tdata-wp-style--top=\"state.imageButtonTop\"\n\t\t>\n\t\t\t<svg xmlns=\"http:\/\/www.w3.org\/2000\/svg\" width=\"12\" height=\"12\" fill=\"none\" viewBox=\"0 0 12 12\">\n\t\t\t\t<path fill=\"#fff\" d=\"M2 0a2 2 0 0 0-2 2v2h1.5V2a.5.5 0 0 1 .5-.5h2V0H2Zm2 10.5H2a.5.5 0 0 1-.5-.5V8H0v2a2 2 0 0 0 2 2h2v-1.5ZM8 12v-1.5h2a.5.5 0 0 0 .5-.5V8H12v2a2 2 0 0 1-2 2H8Zm2-12a2 2 0 0 1 2 2v2h-1.5V2a.5.5 0 0 0-.5-.5H8V0h2Z\" \/>\n\t\t\t<\/svg>\n\t\t<\/button><figcaption class=\"wp-element-caption\">Barbora*8.9.1834; otec Jan Kubr hospodsk\u00fd, matka Marie dcera \u2020Josefa Kl\u00edmy, sedl\u00e1ka z Ruzyn\u011b \u2116 2 a Al\u017eb\u011bty rozen\u00e9  Proch\u00e1zkovy. <\/figcaption><\/figure>\n<\/div>\n\n<div class=\"wp-block-image\">\n<figure data-wp-context=\"{&quot;imageId&quot;:&quot;69f314abcfd12&quot;}\" data-wp-interactive=\"core\/image\" data-wp-key=\"69f314abcfd12\" class=\"aligncenter size-full is-resized wp-lightbox-container\"><img loading=\"lazy\" decoding=\"async\" width=\"831\" height=\"403\" data-wp-class--hide=\"state.isContentHidden\" data-wp-class--show=\"state.isContentVisible\" data-wp-init=\"callbacks.setButtonStyles\" data-wp-on--click=\"actions.showLightbox\" data-wp-on--load=\"callbacks.setButtonStyles\" data-wp-on-window--resize=\"callbacks.setButtonStyles\" src=\"https:\/\/www.periferieprahy.cz\/blog\/wp-content\/uploads\/2025\/04\/ruz_cp20_11.jpg\" alt=\"\" class=\"wp-image-2446\" style=\"width:813px;height:auto\" srcset=\"https:\/\/www.periferieprahy.cz\/blog\/wp-content\/uploads\/2025\/04\/ruz_cp20_11.jpg 831w, https:\/\/www.periferieprahy.cz\/blog\/wp-content\/uploads\/2025\/04\/ruz_cp20_11-300x145.jpg 300w, https:\/\/www.periferieprahy.cz\/blog\/wp-content\/uploads\/2025\/04\/ruz_cp20_11-768x372.jpg 768w\" sizes=\"auto, (max-width: 831px) 100vw, 831px\" \/><button\n\t\t\tclass=\"lightbox-trigger\"\n\t\t\ttype=\"button\"\n\t\t\taria-haspopup=\"dialog\"\n\t\t\taria-label=\"Zv\u011bt\u0161it\"\n\t\t\tdata-wp-init=\"callbacks.initTriggerButton\"\n\t\t\tdata-wp-on--click=\"actions.showLightbox\"\n\t\t\tdata-wp-style--right=\"state.imageButtonRight\"\n\t\t\tdata-wp-style--top=\"state.imageButtonTop\"\n\t\t>\n\t\t\t<svg xmlns=\"http:\/\/www.w3.org\/2000\/svg\" width=\"12\" height=\"12\" fill=\"none\" viewBox=\"0 0 12 12\">\n\t\t\t\t<path fill=\"#fff\" d=\"M2 0a2 2 0 0 0-2 2v2h1.5V2a.5.5 0 0 1 .5-.5h2V0H2Zm2 10.5H2a.5.5 0 0 1-.5-.5V8H0v2a2 2 0 0 0 2 2h2v-1.5ZM8 12v-1.5h2a.5.5 0 0 0 .5-.5V8H12v2a2 2 0 0 1-2 2H8Zm2-12a2 2 0 0 1 2 2v2h-1.5V2a.5.5 0 0 0-.5-.5H8V0h2Z\" \/>\n\t\t\t<\/svg>\n\t\t<\/button><\/figure>\n<\/div>\n\n<div class=\"wp-block-image\">\n<figure data-wp-context=\"{&quot;imageId&quot;:&quot;69f314abd0163&quot;}\" data-wp-interactive=\"core\/image\" data-wp-key=\"69f314abd0163\" class=\"aligncenter size-full is-resized wp-lightbox-container\" id=\"marie1855\"><img loading=\"lazy\" decoding=\"async\" width=\"708\" height=\"410\" data-wp-class--hide=\"state.isContentHidden\" data-wp-class--show=\"state.isContentVisible\" data-wp-init=\"callbacks.setButtonStyles\" data-wp-on--click=\"actions.showLightbox\" data-wp-on--load=\"callbacks.setButtonStyles\" data-wp-on-window--resize=\"callbacks.setButtonStyles\" src=\"https:\/\/www.periferieprahy.cz\/blog\/wp-content\/uploads\/2025\/04\/ruz_cp20_12.jpg\" alt=\"\" class=\"wp-image-2447\" style=\"width:812px;height:auto\" srcset=\"https:\/\/www.periferieprahy.cz\/blog\/wp-content\/uploads\/2025\/04\/ruz_cp20_12.jpg 708w, https:\/\/www.periferieprahy.cz\/blog\/wp-content\/uploads\/2025\/04\/ruz_cp20_12-300x174.jpg 300w\" sizes=\"auto, (max-width: 708px) 100vw, 708px\" \/><button\n\t\t\tclass=\"lightbox-trigger\"\n\t\t\ttype=\"button\"\n\t\t\taria-haspopup=\"dialog\"\n\t\t\taria-label=\"Zv\u011bt\u0161it\"\n\t\t\tdata-wp-init=\"callbacks.initTriggerButton\"\n\t\t\tdata-wp-on--click=\"actions.showLightbox\"\n\t\t\tdata-wp-style--right=\"state.imageButtonRight\"\n\t\t\tdata-wp-style--top=\"state.imageButtonTop\"\n\t\t>\n\t\t\t<svg xmlns=\"http:\/\/www.w3.org\/2000\/svg\" width=\"12\" height=\"12\" fill=\"none\" viewBox=\"0 0 12 12\">\n\t\t\t\t<path fill=\"#fff\" d=\"M2 0a2 2 0 0 0-2 2v2h1.5V2a.5.5 0 0 1 .5-.5h2V0H2Zm2 10.5H2a.5.5 0 0 1-.5-.5V8H0v2a2 2 0 0 0 2 2h2v-1.5ZM8 12v-1.5h2a.5.5 0 0 0 .5-.5V8H12v2a2 2 0 0 1-2 2H8Zm2-12a2 2 0 0 1 2 2v2h-1.5V2a.5.5 0 0 0-.5-.5H8V0h2Z\" \/>\n\t\t\t<\/svg>\n\t\t<\/button><figcaption class=\"wp-element-caption\">Marie *28.12.1855; otec Anton\u00edn Kubr poz\u016fstal\u00fd syn man\u017eelsk\u00fd po Janovi Kubrovi, sousedu z Ruzyn\u011b \u010d.d. 20, matka Marie Ture\u010dkov\u00e1, dcera man\u017eelsk\u00e1 Josefa Ture\u010dka   souseda z Ruzyn\u011b \u010d.d. 10 <\/figcaption><\/figure>\n<\/div>\n\n<div class=\"wp-block-image\">\n<figure data-wp-context=\"{&quot;imageId&quot;:&quot;69f314abd059c&quot;}\" data-wp-interactive=\"core\/image\" data-wp-key=\"69f314abd059c\" class=\"aligncenter size-large is-resized wp-lightbox-container\" id=\"jan1857\"><img loading=\"lazy\" decoding=\"async\" width=\"1024\" height=\"407\" data-wp-class--hide=\"state.isContentHidden\" data-wp-class--show=\"state.isContentVisible\" data-wp-init=\"callbacks.setButtonStyles\" data-wp-on--click=\"actions.showLightbox\" data-wp-on--load=\"callbacks.setButtonStyles\" data-wp-on-window--resize=\"callbacks.setButtonStyles\" src=\"https:\/\/www.periferieprahy.cz\/blog\/wp-content\/uploads\/2025\/04\/ruz_cp20_13-1024x407.jpg\" alt=\"\" class=\"wp-image-2448\" style=\"width:808px;height:auto\" srcset=\"https:\/\/www.periferieprahy.cz\/blog\/wp-content\/uploads\/2025\/04\/ruz_cp20_13-1024x407.jpg 1024w, https:\/\/www.periferieprahy.cz\/blog\/wp-content\/uploads\/2025\/04\/ruz_cp20_13-300x119.jpg 300w, https:\/\/www.periferieprahy.cz\/blog\/wp-content\/uploads\/2025\/04\/ruz_cp20_13-768x306.jpg 768w, https:\/\/www.periferieprahy.cz\/blog\/wp-content\/uploads\/2025\/04\/ruz_cp20_13.jpg 1068w\" sizes=\"auto, (max-width: 1024px) 100vw, 1024px\" \/><button\n\t\t\tclass=\"lightbox-trigger\"\n\t\t\ttype=\"button\"\n\t\t\taria-haspopup=\"dialog\"\n\t\t\taria-label=\"Zv\u011bt\u0161it\"\n\t\t\tdata-wp-init=\"callbacks.initTriggerButton\"\n\t\t\tdata-wp-on--click=\"actions.showLightbox\"\n\t\t\tdata-wp-style--right=\"state.imageButtonRight\"\n\t\t\tdata-wp-style--top=\"state.imageButtonTop\"\n\t\t>\n\t\t\t<svg xmlns=\"http:\/\/www.w3.org\/2000\/svg\" width=\"12\" height=\"12\" fill=\"none\" viewBox=\"0 0 12 12\">\n\t\t\t\t<path fill=\"#fff\" d=\"M2 0a2 2 0 0 0-2 2v2h1.5V2a.5.5 0 0 1 .5-.5h2V0H2Zm2 10.5H2a.5.5 0 0 1-.5-.5V8H0v2a2 2 0 0 0 2 2h2v-1.5ZM8 12v-1.5h2a.5.5 0 0 0 .5-.5V8H12v2a2 2 0 0 1-2 2H8Zm2-12a2 2 0 0 1 2 2v2h-1.5V2a.5.5 0 0 0-.5-.5H8V0h2Z\" \/>\n\t\t\t<\/svg>\n\t\t<\/button><figcaption class=\"wp-element-caption\">Jan *27.4.1857; otec Anton\u00edn Kubr poz\u016fstal\u00fd syn man\u017eelsk\u00fd po Janovi Kubrovi, sousedu z Ruzyn\u011b \u010d.d. 20, matka Marie Ture\u010dkov\u00e1, dcera man\u017eelsk\u00e1 Josefa Ture\u010dka   souseda z Ruzyn\u011b \u010d.d. 10  <\/figcaption><\/figure>\n<\/div>\n\n<div class=\"wp-block-image\">\n<figure data-wp-context=\"{&quot;imageId&quot;:&quot;69f314abd09e1&quot;}\" data-wp-interactive=\"core\/image\" data-wp-key=\"69f314abd09e1\" class=\"aligncenter size-large is-resized wp-lightbox-container\" id=\"josefa1859\"><img loading=\"lazy\" decoding=\"async\" width=\"1024\" height=\"284\" data-wp-class--hide=\"state.isContentHidden\" data-wp-class--show=\"state.isContentVisible\" data-wp-init=\"callbacks.setButtonStyles\" data-wp-on--click=\"actions.showLightbox\" data-wp-on--load=\"callbacks.setButtonStyles\" data-wp-on-window--resize=\"callbacks.setButtonStyles\" src=\"https:\/\/www.periferieprahy.cz\/blog\/wp-content\/uploads\/2025\/04\/ruz_cp20_14-1024x284.jpg\" alt=\"\" class=\"wp-image-2449\" style=\"width:804px;height:auto\" srcset=\"https:\/\/www.periferieprahy.cz\/blog\/wp-content\/uploads\/2025\/04\/ruz_cp20_14-1024x284.jpg 1024w, https:\/\/www.periferieprahy.cz\/blog\/wp-content\/uploads\/2025\/04\/ruz_cp20_14-300x83.jpg 300w, https:\/\/www.periferieprahy.cz\/blog\/wp-content\/uploads\/2025\/04\/ruz_cp20_14-768x213.jpg 768w, https:\/\/www.periferieprahy.cz\/blog\/wp-content\/uploads\/2025\/04\/ruz_cp20_14.jpg 1043w\" sizes=\"auto, (max-width: 1024px) 100vw, 1024px\" \/><button\n\t\t\tclass=\"lightbox-trigger\"\n\t\t\ttype=\"button\"\n\t\t\taria-haspopup=\"dialog\"\n\t\t\taria-label=\"Zv\u011bt\u0161it\"\n\t\t\tdata-wp-init=\"callbacks.initTriggerButton\"\n\t\t\tdata-wp-on--click=\"actions.showLightbox\"\n\t\t\tdata-wp-style--right=\"state.imageButtonRight\"\n\t\t\tdata-wp-style--top=\"state.imageButtonTop\"\n\t\t>\n\t\t\t<svg xmlns=\"http:\/\/www.w3.org\/2000\/svg\" width=\"12\" height=\"12\" fill=\"none\" viewBox=\"0 0 12 12\">\n\t\t\t\t<path fill=\"#fff\" d=\"M2 0a2 2 0 0 0-2 2v2h1.5V2a.5.5 0 0 1 .5-.5h2V0H2Zm2 10.5H2a.5.5 0 0 1-.5-.5V8H0v2a2 2 0 0 0 2 2h2v-1.5ZM8 12v-1.5h2a.5.5 0 0 0 .5-.5V8H12v2a2 2 0 0 1-2 2H8Zm2-12a2 2 0 0 1 2 2v2h-1.5V2a.5.5 0 0 0-.5-.5H8V0h2Z\" \/>\n\t\t\t<\/svg>\n\t\t<\/button><figcaption class=\"wp-element-caption\">Josefa *19.7.1859; otec Ign\u00e1c Zuman hospodsk\u00fd z Ruzyn\u011b \u010d.d.20, matka Hilkeov\u00e1 Josefa<\/figcaption><\/figure>\n<\/div>\n\n<div class=\"wp-block-image\">\n<figure data-wp-context=\"{&quot;imageId&quot;:&quot;69f314abd0e56&quot;}\" data-wp-interactive=\"core\/image\" data-wp-key=\"69f314abd0e56\" class=\"aligncenter size-large is-resized wp-lightbox-container\" id=\"emanuel1862\"><img loading=\"lazy\" decoding=\"async\" width=\"1024\" height=\"318\" data-wp-class--hide=\"state.isContentHidden\" data-wp-class--show=\"state.isContentVisible\" data-wp-init=\"callbacks.setButtonStyles\" data-wp-on--click=\"actions.showLightbox\" data-wp-on--load=\"callbacks.setButtonStyles\" data-wp-on-window--resize=\"callbacks.setButtonStyles\" src=\"https:\/\/www.periferieprahy.cz\/blog\/wp-content\/uploads\/2025\/04\/ruz_cp20_15-1024x318.jpg\" alt=\"\" class=\"wp-image-2450\" style=\"width:810px;height:auto\" srcset=\"https:\/\/www.periferieprahy.cz\/blog\/wp-content\/uploads\/2025\/04\/ruz_cp20_15-1024x318.jpg 1024w, https:\/\/www.periferieprahy.cz\/blog\/wp-content\/uploads\/2025\/04\/ruz_cp20_15-300x93.jpg 300w, https:\/\/www.periferieprahy.cz\/blog\/wp-content\/uploads\/2025\/04\/ruz_cp20_15-768x239.jpg 768w, https:\/\/www.periferieprahy.cz\/blog\/wp-content\/uploads\/2025\/04\/ruz_cp20_15.jpg 1068w\" sizes=\"auto, (max-width: 1024px) 100vw, 1024px\" \/><button\n\t\t\tclass=\"lightbox-trigger\"\n\t\t\ttype=\"button\"\n\t\t\taria-haspopup=\"dialog\"\n\t\t\taria-label=\"Zv\u011bt\u0161it\"\n\t\t\tdata-wp-init=\"callbacks.initTriggerButton\"\n\t\t\tdata-wp-on--click=\"actions.showLightbox\"\n\t\t\tdata-wp-style--right=\"state.imageButtonRight\"\n\t\t\tdata-wp-style--top=\"state.imageButtonTop\"\n\t\t>\n\t\t\t<svg xmlns=\"http:\/\/www.w3.org\/2000\/svg\" width=\"12\" height=\"12\" fill=\"none\" viewBox=\"0 0 12 12\">\n\t\t\t\t<path fill=\"#fff\" d=\"M2 0a2 2 0 0 0-2 2v2h1.5V2a.5.5 0 0 1 .5-.5h2V0H2Zm2 10.5H2a.5.5 0 0 1-.5-.5V8H0v2a2 2 0 0 0 2 2h2v-1.5ZM8 12v-1.5h2a.5.5 0 0 0 .5-.5V8H12v2a2 2 0 0 1-2 2H8Zm2-12a2 2 0 0 1 2 2v2h-1.5V2a.5.5 0 0 0-.5-.5H8V0h2Z\" \/>\n\t\t\t<\/svg>\n\t\t<\/button><figcaption class=\"wp-element-caption\">Emanuel *2.3.1862; otec Josef Ochotn\u00fd, hostinsk\u00fd z Ruzyn\u011b \u010d.d. 20, matka Marie \u010cadn\u00e1<\/figcaption><\/figure>\n<\/div>\n\n<div class=\"wp-block-image\">\n<figure data-wp-context=\"{&quot;imageId&quot;:&quot;69f314abd12a6&quot;}\" data-wp-interactive=\"core\/image\" data-wp-key=\"69f314abd12a6\" class=\"aligncenter size-large is-resized wp-lightbox-container\" id=\"katerina1865\"><img loading=\"lazy\" decoding=\"async\" width=\"1024\" height=\"211\" data-wp-class--hide=\"state.isContentHidden\" data-wp-class--show=\"state.isContentVisible\" data-wp-init=\"callbacks.setButtonStyles\" data-wp-on--click=\"actions.showLightbox\" data-wp-on--load=\"callbacks.setButtonStyles\" data-wp-on-window--resize=\"callbacks.setButtonStyles\" src=\"https:\/\/www.periferieprahy.cz\/blog\/wp-content\/uploads\/2025\/04\/ruz_cp20_16-1024x211.jpg\" alt=\"\" class=\"wp-image-2451\" style=\"width:794px;height:auto\" srcset=\"https:\/\/www.periferieprahy.cz\/blog\/wp-content\/uploads\/2025\/04\/ruz_cp20_16-1024x211.jpg 1024w, https:\/\/www.periferieprahy.cz\/blog\/wp-content\/uploads\/2025\/04\/ruz_cp20_16-300x62.jpg 300w, https:\/\/www.periferieprahy.cz\/blog\/wp-content\/uploads\/2025\/04\/ruz_cp20_16-768x159.jpg 768w, https:\/\/www.periferieprahy.cz\/blog\/wp-content\/uploads\/2025\/04\/ruz_cp20_16.jpg 1046w\" sizes=\"auto, (max-width: 1024px) 100vw, 1024px\" \/><button\n\t\t\tclass=\"lightbox-trigger\"\n\t\t\ttype=\"button\"\n\t\t\taria-haspopup=\"dialog\"\n\t\t\taria-label=\"Zv\u011bt\u0161it\"\n\t\t\tdata-wp-init=\"callbacks.initTriggerButton\"\n\t\t\tdata-wp-on--click=\"actions.showLightbox\"\n\t\t\tdata-wp-style--right=\"state.imageButtonRight\"\n\t\t\tdata-wp-style--top=\"state.imageButtonTop\"\n\t\t>\n\t\t\t<svg xmlns=\"http:\/\/www.w3.org\/2000\/svg\" width=\"12\" height=\"12\" fill=\"none\" viewBox=\"0 0 12 12\">\n\t\t\t\t<path fill=\"#fff\" d=\"M2 0a2 2 0 0 0-2 2v2h1.5V2a.5.5 0 0 1 .5-.5h2V0H2Zm2 10.5H2a.5.5 0 0 1-.5-.5V8H0v2a2 2 0 0 0 2 2h2v-1.5ZM8 12v-1.5h2a.5.5 0 0 0 .5-.5V8H12v2a2 2 0 0 1-2 2H8Zm2-12a2 2 0 0 1 2 2v2h-1.5V2a.5.5 0 0 0-.5-.5H8V0h2Z\" \/>\n\t\t\t<\/svg>\n\t\t<\/button><figcaption class=\"wp-element-caption\">Kate\u0159ina *22.6.1865; otec Tom\u00e1\u0161 Rathausk\u00fd, hospodsk\u00fd v Ruzyni \u010d.d. 20 matka Kate\u0159ina \u010cern\u00e1.<\/figcaption><\/figure>\n<\/div>\n\n<div class=\"wp-block-image\">\n<figure data-wp-context=\"{&quot;imageId&quot;:&quot;69f314abd1712&quot;}\" data-wp-interactive=\"core\/image\" data-wp-key=\"69f314abd1712\" class=\"aligncenter size-large is-resized wp-lightbox-container\" id=\"josef1875\"><img loading=\"lazy\" decoding=\"async\" width=\"1024\" height=\"139\" data-wp-class--hide=\"state.isContentHidden\" data-wp-class--show=\"state.isContentVisible\" data-wp-init=\"callbacks.setButtonStyles\" data-wp-on--click=\"actions.showLightbox\" data-wp-on--load=\"callbacks.setButtonStyles\" data-wp-on-window--resize=\"callbacks.setButtonStyles\" src=\"https:\/\/www.periferieprahy.cz\/blog\/wp-content\/uploads\/2025\/04\/ruz_cp20_17-1024x139.jpg\" alt=\"\" class=\"wp-image-2452\" style=\"width:796px;height:auto\" srcset=\"https:\/\/www.periferieprahy.cz\/blog\/wp-content\/uploads\/2025\/04\/ruz_cp20_17-1024x139.jpg 1024w, https:\/\/www.periferieprahy.cz\/blog\/wp-content\/uploads\/2025\/04\/ruz_cp20_17-300x41.jpg 300w, https:\/\/www.periferieprahy.cz\/blog\/wp-content\/uploads\/2025\/04\/ruz_cp20_17-768x105.jpg 768w, https:\/\/www.periferieprahy.cz\/blog\/wp-content\/uploads\/2025\/04\/ruz_cp20_17.jpg 1072w\" sizes=\"auto, (max-width: 1024px) 100vw, 1024px\" \/><button\n\t\t\tclass=\"lightbox-trigger\"\n\t\t\ttype=\"button\"\n\t\t\taria-haspopup=\"dialog\"\n\t\t\taria-label=\"Zv\u011bt\u0161it\"\n\t\t\tdata-wp-init=\"callbacks.initTriggerButton\"\n\t\t\tdata-wp-on--click=\"actions.showLightbox\"\n\t\t\tdata-wp-style--right=\"state.imageButtonRight\"\n\t\t\tdata-wp-style--top=\"state.imageButtonTop\"\n\t\t>\n\t\t\t<svg xmlns=\"http:\/\/www.w3.org\/2000\/svg\" width=\"12\" height=\"12\" fill=\"none\" viewBox=\"0 0 12 12\">\n\t\t\t\t<path fill=\"#fff\" d=\"M2 0a2 2 0 0 0-2 2v2h1.5V2a.5.5 0 0 1 .5-.5h2V0H2Zm2 10.5H2a.5.5 0 0 1-.5-.5V8H0v2a2 2 0 0 0 2 2h2v-1.5ZM8 12v-1.5h2a.5.5 0 0 0 .5-.5V8H12v2a2 2 0 0 1-2 2H8Zm2-12a2 2 0 0 1 2 2v2h-1.5V2a.5.5 0 0 0-.5-.5H8V0h2Z\" \/>\n\t\t\t<\/svg>\n\t\t<\/button><figcaption class=\"wp-element-caption\">Josef *29.7.1875; otec Josef Eichler, hostinsk\u00fd v Ruzyni \u010d.20, matka Ludmila Ma\u0161kov\u00e1 <\/figcaption><\/figure>\n<\/div>\n\n<div class=\"wp-block-image\">\n<figure data-wp-context=\"{&quot;imageId&quot;:&quot;69f314abd1bbf&quot;}\" data-wp-interactive=\"core\/image\" data-wp-key=\"69f314abd1bbf\" class=\"aligncenter size-large is-resized wp-lightbox-container\" id=\"marta1882\"><img loading=\"lazy\" decoding=\"async\" width=\"1024\" height=\"193\" data-wp-class--hide=\"state.isContentHidden\" data-wp-class--show=\"state.isContentVisible\" data-wp-init=\"callbacks.setButtonStyles\" data-wp-on--click=\"actions.showLightbox\" data-wp-on--load=\"callbacks.setButtonStyles\" data-wp-on-window--resize=\"callbacks.setButtonStyles\" src=\"https:\/\/www.periferieprahy.cz\/blog\/wp-content\/uploads\/2025\/04\/ruz_cp20_19-1024x193.jpg\" alt=\"\" class=\"wp-image-2454\" style=\"width:810px;height:auto\" srcset=\"https:\/\/www.periferieprahy.cz\/blog\/wp-content\/uploads\/2025\/04\/ruz_cp20_19-1024x193.jpg 1024w, https:\/\/www.periferieprahy.cz\/blog\/wp-content\/uploads\/2025\/04\/ruz_cp20_19-300x56.jpg 300w, https:\/\/www.periferieprahy.cz\/blog\/wp-content\/uploads\/2025\/04\/ruz_cp20_19-768x144.jpg 768w, https:\/\/www.periferieprahy.cz\/blog\/wp-content\/uploads\/2025\/04\/ruz_cp20_19.jpg 1063w\" sizes=\"auto, (max-width: 1024px) 100vw, 1024px\" \/><button\n\t\t\tclass=\"lightbox-trigger\"\n\t\t\ttype=\"button\"\n\t\t\taria-haspopup=\"dialog\"\n\t\t\taria-label=\"Zv\u011bt\u0161it\"\n\t\t\tdata-wp-init=\"callbacks.initTriggerButton\"\n\t\t\tdata-wp-on--click=\"actions.showLightbox\"\n\t\t\tdata-wp-style--right=\"state.imageButtonRight\"\n\t\t\tdata-wp-style--top=\"state.imageButtonTop\"\n\t\t>\n\t\t\t<svg xmlns=\"http:\/\/www.w3.org\/2000\/svg\" width=\"12\" height=\"12\" fill=\"none\" viewBox=\"0 0 12 12\">\n\t\t\t\t<path fill=\"#fff\" d=\"M2 0a2 2 0 0 0-2 2v2h1.5V2a.5.5 0 0 1 .5-.5h2V0H2Zm2 10.5H2a.5.5 0 0 1-.5-.5V8H0v2a2 2 0 0 0 2 2h2v-1.5ZM8 12v-1.5h2a.5.5 0 0 0 .5-.5V8H12v2a2 2 0 0 1-2 2H8Zm2-12a2 2 0 0 1 2 2v2h-1.5V2a.5.5 0 0 0-.5-.5H8V0h2Z\" \/>\n\t\t\t<\/svg>\n\t\t<\/button><figcaption class=\"wp-element-caption\">Marta *8.11.1882; otec Bo\u010dek Franti\u0161ek, hostinsk\u00fd v Ruzyni \u010d. 20, matka Ludmila Ma\u0161kov\u00e1 (asi vdova po Josefu Eichlerovi).<\/figcaption><\/figure>\n<\/div>\n\n<div class=\"wp-block-image\">\n<figure data-wp-context=\"{&quot;imageId&quot;:&quot;69f314abd205e&quot;}\" data-wp-interactive=\"core\/image\" data-wp-key=\"69f314abd205e\" class=\"aligncenter size-large is-resized wp-lightbox-container\" id=\"anna1886\"><img loading=\"lazy\" decoding=\"async\" width=\"1024\" height=\"328\" data-wp-class--hide=\"state.isContentHidden\" data-wp-class--show=\"state.isContentVisible\" data-wp-init=\"callbacks.setButtonStyles\" data-wp-on--click=\"actions.showLightbox\" data-wp-on--load=\"callbacks.setButtonStyles\" data-wp-on-window--resize=\"callbacks.setButtonStyles\" src=\"https:\/\/www.periferieprahy.cz\/blog\/wp-content\/uploads\/2025\/04\/ruz_cp20_21-1024x328.jpg\" alt=\"\" class=\"wp-image-2456\" style=\"width:808px;height:auto\" srcset=\"https:\/\/www.periferieprahy.cz\/blog\/wp-content\/uploads\/2025\/04\/ruz_cp20_21-1024x328.jpg 1024w, https:\/\/www.periferieprahy.cz\/blog\/wp-content\/uploads\/2025\/04\/ruz_cp20_21-300x96.jpg 300w, https:\/\/www.periferieprahy.cz\/blog\/wp-content\/uploads\/2025\/04\/ruz_cp20_21-768x246.jpg 768w, https:\/\/www.periferieprahy.cz\/blog\/wp-content\/uploads\/2025\/04\/ruz_cp20_21.jpg 1070w\" sizes=\"auto, (max-width: 1024px) 100vw, 1024px\" \/><button\n\t\t\tclass=\"lightbox-trigger\"\n\t\t\ttype=\"button\"\n\t\t\taria-haspopup=\"dialog\"\n\t\t\taria-label=\"Zv\u011bt\u0161it\"\n\t\t\tdata-wp-init=\"callbacks.initTriggerButton\"\n\t\t\tdata-wp-on--click=\"actions.showLightbox\"\n\t\t\tdata-wp-style--right=\"state.imageButtonRight\"\n\t\t\tdata-wp-style--top=\"state.imageButtonTop\"\n\t\t>\n\t\t\t<svg xmlns=\"http:\/\/www.w3.org\/2000\/svg\" width=\"12\" height=\"12\" fill=\"none\" viewBox=\"0 0 12 12\">\n\t\t\t\t<path fill=\"#fff\" d=\"M2 0a2 2 0 0 0-2 2v2h1.5V2a.5.5 0 0 1 .5-.5h2V0H2Zm2 10.5H2a.5.5 0 0 1-.5-.5V8H0v2a2 2 0 0 0 2 2h2v-1.5ZM8 12v-1.5h2a.5.5 0 0 0 .5-.5V8H12v2a2 2 0 0 1-2 2H8Zm2-12a2 2 0 0 1 2 2v2h-1.5V2a.5.5 0 0 0-.5-.5H8V0h2Z\" \/>\n\t\t\t<\/svg>\n\t\t<\/button><figcaption class=\"wp-element-caption\">Anna *15.7.1886; otec Landa Jan, n\u00e1jemce hostince v Ruzyni \u010d. 20, matka Antonie Jandusov\u00e1 <\/figcaption><\/figure>\n<\/div>","protected":false},"excerpt":{"rendered":"<p>Na b\u00fdval\u00e9 formansk\u00e9 cest\u011b ze Slan\u00e9ho, Loun a Chomutova do Prahy a na Plze\u0148, b\u00fdvala z\u00e1jezdn\u00ed hospoda &#8222;U Ma\u0159\u00edk\u016f&#8220;. Objekt na b\u00fdval\u00e9 ruzy\u0148sk\u00e9 n\u00e1vsi, naproti v\u011bznici stoj\u00ed dodnes, p\u0159estav\u011bn na bytov\u00fd d\u016fm a  po hospod\u011b jakoby se slehla zem. Prohl\u00eddkou matrik narozen\u00fdch se poda\u0159ilo vytvo\u0159it alespo\u0148 \u010d\u00e1ste\u010dn\u00fd obr\u00e1zek historie t\u00e9to hospody.<\/p>\n","protected":false},"author":1,"featured_media":2459,"comment_status":"open","ping_status":"open","sticky":false,"template":"","format":"standard","meta":{"_exactmetrics_skip_tracking":false,"_exactmetrics_sitenote_active":false,"_exactmetrics_sitenote_note":"","_exactmetrics_sitenote_category":0,"footnotes":""},"categories":[28,23,3],"tags":[],"post_folder":[],"class_list":["post-2434","post","type-post","status-publish","format-standard","has-post-thumbnail","hentry","category-hospody","category-ruzyne","category-redakce"],"_links":{"self":[{"href":"https:\/\/www.periferieprahy.cz\/blog\/wp-json\/wp\/v2\/posts\/2434","targetHints":{"allow":["GET"]}}],"collection":[{"href":"https:\/\/www.periferieprahy.cz\/blog\/wp-json\/wp\/v2\/posts"}],"about":[{"href":"https:\/\/www.periferieprahy.cz\/blog\/wp-json\/wp\/v2\/types\/post"}],"author":[{"embeddable":true,"href":"https:\/\/www.periferieprahy.cz\/blog\/wp-json\/wp\/v2\/users\/1"}],"replies":[{"embeddable":true,"href":"https:\/\/www.periferieprahy.cz\/blog\/wp-json\/wp\/v2\/comments?post=2434"}],"version-history":[{"count":5,"href":"https:\/\/www.periferieprahy.cz\/blog\/wp-json\/wp\/v2\/posts\/2434\/revisions"}],"predecessor-version":[{"id":3147,"href":"https:\/\/www.periferieprahy.cz\/blog\/wp-json\/wp\/v2\/posts\/2434\/revisions\/3147"}],"wp:featuredmedia":[{"embeddable":true,"href":"https:\/\/www.periferieprahy.cz\/blog\/wp-json\/wp\/v2\/media\/2459"}],"wp:attachment":[{"href":"https:\/\/www.periferieprahy.cz\/blog\/wp-json\/wp\/v2\/media?parent=2434"}],"wp:term":[{"taxonomy":"category","embeddable":true,"href":"https:\/\/www.periferieprahy.cz\/blog\/wp-json\/wp\/v2\/categories?post=2434"},{"taxonomy":"post_tag","embeddable":true,"href":"https:\/\/www.periferieprahy.cz\/blog\/wp-json\/wp\/v2\/tags?post=2434"},{"taxonomy":"post_folder","embeddable":true,"href":"https:\/\/www.periferieprahy.cz\/blog\/wp-json\/wp\/v2\/post_folder?post=2434"}],"curies":[{"name":"wp","href":"https:\/\/api.w.org\/{rel}","templated":true}]}}