{"id":2524,"date":"2025-04-13T22:00:35","date_gmt":"2025-04-13T20:00:35","guid":{"rendered":"https:\/\/www.periferieprahy.cz\/blog\/?p=2524"},"modified":"2025-07-10T20:44:49","modified_gmt":"2025-07-10T18:44:49","slug":"c-p-22-ruzyne-hospoda-na-nove","status":"publish","type":"post","link":"https:\/\/www.periferieprahy.cz\/blog\/2025\/04\/13\/c-p-22-ruzyne-hospoda-na-nove\/","title":{"rendered":"\u010c.p. 22 &#8211; Ruzyn\u011b hospoda &#8222;Na Nov\u00e9&#8220;"},"content":{"rendered":"\n<img loading=\"lazy\" decoding=\"async\" border=\"0\" src=\"https:\/\/www.periferieprahy.cz\/blog\/wp-content\/uploads\/2024\/12\/pismo7_13.gif\" width=\"108\" height=\"122\" align=\"left\"><b><\/font><font size=\"7\" color=\"#CE0000\" face=\"Times New Roman\"><span style=\"display: none\"><font size=\"1\">N<\/font><\/span>a \n\t\t\tNov\u00e9<\/font><\/b><\/p>\n\t\t\t<p align=\"left\">Na b\u00fdval\u00e9 formansk\u00e9 cest\u011b ze Slan\u00e9ho, Loun a \n\t\t\tChomutova do Prahy a na Plze\u0148, na b\u00fdval\u00e9 ruzy\u0148sk\u00e9 n\u00e1vsi v \u010d.p 22 \n\t\t\tbyla nejprve kov\u00e1rna. M\u00edsto bylo zvoleno velmi dob\u0159e. Hned u vjezdu \n\t\t\tdo vesnice. Tady, nedaleko od hostince v \u010d.p. 20 se ur\u010dit\u011b \n\t\t\tp\u0159ekov\u00e1vali kon\u011b forman\u016f a opravovaly jejich vozy. A\u017e pozd\u011bji, kdy\u017e \n\t\t\ts rozvojem \u017eeleznice formansk\u00e9mu \u0159emeslu t\u00e9m\u011b\u0159 odzvonilo, zde byla \n\t\t\tz\u0159\u00edzena hospoda.&nbsp; S \u00fabytkem formansk\u00fdch voz\u016f tak\u00e9 nebylo \n\t\t\tpot\u0159eba tolik kov\u00e1\u0159\u016f pobl\u00ed\u017e star\u00fdch formansk\u00fdch cest.<\/p>\n\t\t\t<p align=\"left\">Samotn\u00e1 usedlost prod\u011blala v pr\u016fb\u011bhu let velk\u00e9 \n\t\t\tstavebn\u00ed p\u0159em\u011bny. P\u0159edpokl\u00e1d\u00e1m, \u017ee dne\u0161n\u00ed podoba vznikla n\u011bkdy na \n\t\t\tpo\u010d\u00e1tku 20. stolet\u00ed.<\/p>\n\n\n\n<p>Vra\u0165me se ale k p\u016fvodn\u00edm obyvatel\u016fm, kte\u0159\u00ed zde provozovali kov\u00e1\u0159sk\u00e9 \u0159emeslo. Prvn\u00ed ov\u011b\u0159en\u00fd z\u00e1znam v matrice narozen\u00fdch n\u00e1m \u0159\u00edk\u00e1, \u017ee se zde dne&nbsp; <a href=\"#katerina1773\">*25.2.1773 narodila Kate\u0159ina<\/a> <strong>V\u00e1clavu Kubrovi, kov\u00e1\u0159i<\/strong> a&nbsp; Kate\u0159in\u011b. Nevyhled\u00e1val jsem v\u0161echny z\u00e1znamy o narozen\u00ed potomk\u016f. Dal\u0161\u00ed z\u00e1znam o narozen\u00ed syna <a href=\"#jan1796\">Jana je ze dne * 19.4.1796<\/a> kde rodi\u010de jsou <strong>V\u00e1clav Kubr, kov\u00e1\u0159 <\/strong>( z\u0159ejm\u011b syn V\u00e1clava Kubra) a matka Kate\u0159ina Kautsk\u00e1. V\u00e1clav Kubr star\u0161\u00ed zem\u0159el 10.2.1806 ve v\u011bku 54 let. Jeho \u017eena Kate\u0159ina zem\u0159ela 27.9.1809 ve v\u011bku 61 let. Kov\u00e1rnu p\u0159evzal <strong>V\u00e1clav Linhard mistr kov\u00e1\u0159sk\u00fd<\/strong>, kter\u00fd se o\u017eenil s Annou, rozenou Kubrovou. Nalezl jsem z\u00e1znamy o narozen\u00ed jejich potomk\u016f: <a href=\"#franti\u0161ek1810\">Franti\u0161ek *2.1.1810<\/a>; <a href=\"#magdalena1811\">Magdalena *26.11.1811- \u20209.6.1812<\/a>; <a href=\"#josef1816\">Josef *9.9.1816<\/a> a <a href=\"#jan1818\">Jan *23.10.1818 <\/a>. T\u00edm kon\u010d\u00ed sl\u00e1va kov\u00e1\u0159sk\u00fdch v \u010d.p. 22.<\/p>\n\n\n\n<p>I kdy\u017e se pozd\u011bji ob\u010das najde n\u011bjak\u00fd z\u00e1znam dokazuj\u00edc\u00ed, \u017ee kova\u0159ina zde byla provozov\u00e1na i nad\u00e1le, jedn\u00e1 se z\u0159ejm\u011b o kr\u00e1tkodob\u00e9 n\u00e1jemce, proto\u017ee d\u016fm pravd\u011bpodobn\u011b koupil p\u0159ed rokem 1840 <strong>Franti\u0161ek L\u00f6ffel zuckerrafin\u00e4r (spodiumfabrikant) na ruzy\u0148sk\u00e9 fabrice<\/strong>, \u010dili tov\u00e1rn\u00edk v b\u00fdval\u00e9m ruzy\u0148sk\u00e9m cukrovaru, kde se vyr\u00e1b\u011blo i spodium-\u017eivo\u010di\u0161n\u00e9 uhl\u00ed, kter\u00e9 se pou\u017e\u00edvalo k rafinaci cukru. \u010cerp\u00e1no ze z\u00e1znamu o narozen\u00ed jeho d\u011bt\u00ed, kter\u00e9 m\u011bl s Annou, dcerou po vojensk\u00e9m mistru peka\u0159sk\u00e9m \u2020Janu Pokorn\u00e9m z Prahy: <a href=\"#joannes1840\">Joannes *17.8.1840<\/a>;&nbsp; <a href=\"#anna1842\">Anna *28.4.1842<\/a>.<\/p>\n\n\n\n<p>Jako prvn\u00ed zde provozoval hostinskou \u017eivnost <strong>Josef Eichler, hostinsk\u00fd. <\/strong>Zde se jeho \u017een\u011b Ludmile narodily d\u011bti&nbsp;<a href=\"#josef1869\">Josef *4.12.1869<\/a> a <a href=\"#barbora1871\">Barbora *15.6.1871<\/a> p\u0159ed roke 1875 p\u0159e\u0161el ke konkurenci a d\u011blal hostinsk\u00e9ho v \u010d.p.20. D\u00e1le uv\u00e1d\u00edm u\u017e jen jm\u00e9na dal\u0161\u00edch hostinsk\u00fdch, asi n\u00e1jemc\u016f, s odkazem na matri\u010dn\u00ed z\u00e1pis, kde jsou uvedeni: 29.7.1875 <strong><a href=\"#mrtvy_chl_1875\">Hou\u0161ka Franti\u0161ek, hostinsk\u00fd<\/a> ;<\/strong> 19.5.1883 <strong><a href=\"#bohuslav1883\">Franti\u0161ek Zvon\u00ed\u010dek hostinsk\u00fd<\/a> .<\/strong><\/p>\n\n\n\n<p>P\u0159ibli\u017en\u011b v letech 1908 a\u017e 1913 zde provozoval hostinec a \u0159eznictv\u00ed <strong>pan Bed\u0159ich O\u010den\u00e1\u0161ek <\/strong>o kter\u00e9m se v\u00edce do\u010dtete v pojedn\u00e1n\u00ed pan\u00ed Zde\u0148ky Kov\u00e1\u0159ov\u00e9 na str\u00e1nce Zanikl\u00e9 \u017eivnosti a obch\u016fdky<\/p>\n\n\n\n<p>Na p\u0159ekr\u00e1sn\u00e9 fotce (kolem r. 1915) z poz\u016fstalosti pana \u2020Anton\u00edna Mare\u0161e (viz n\u00ed\u017ee) je ji\u017e objekt v podob\u011b, jakou zn\u00e1me i dnes. \u0158ekl bych l\u00e9pe skoro jako dnes. D\u0159ev\u011bn\u00e1 okna vym\u011bn\u011bna za plastov\u00e1 a co nejhor\u0161\u00ed, obloukov\u00e1 okna v 1. pat\u0159e byla nahrazena obd\u00e9ln\u00edkov\u00fdmi. \u0160koda.&nbsp; Podle n\u00e1pisu zde byl <strong>hostinsk\u00fd Josef Juris<\/strong> a m\u011bl zde i obchod<strong> pan Franti\u0161ek \u0160m\u00edd, <\/strong>kter\u00fd m\u011bl pozd\u011bji&nbsp; obchod v Ruzyni \u010d.p. 73<strong>.<\/strong>&nbsp;&nbsp;<\/p>\n\n\n<div class=\"wp-block-image\">\n<figure class=\"aligncenter size-full is-resized\"><img loading=\"lazy\" decoding=\"async\" width=\"781\" height=\"695\" src=\"https:\/\/www.periferieprahy.cz\/blog\/wp-content\/uploads\/2025\/04\/ruz_naves.jpg\" alt=\"\" class=\"wp-image-2462\" style=\"width:499px;height:auto\" srcset=\"https:\/\/www.periferieprahy.cz\/blog\/wp-content\/uploads\/2025\/04\/ruz_naves.jpg 781w, https:\/\/www.periferieprahy.cz\/blog\/wp-content\/uploads\/2025\/04\/ruz_naves-300x267.jpg 300w, https:\/\/www.periferieprahy.cz\/blog\/wp-content\/uploads\/2025\/04\/ruz_naves-768x683.jpg 768w\" sizes=\"auto, (max-width: 781px) 100vw, 781px\" \/><figcaption class=\"wp-element-caption\">Na skice stabiln\u00edho katastru z roku 1840 je ve \u017elut\u00e9m ov\u00e1lu hostinec s \u010d.p. 20 v dob\u011b, kdy ho provozoval Anton\u00edn Kubr. V modr\u00e9m ov\u00e1lu je \u010d.p. 22, kde v t\u00e9 dob\u011b byla kov\u00e1rna, pozd\u011bji hospoda &#8222;Na Nov\u00e9&#8220;. V \u010derven\u00e9m ov\u00e1lu je dal\u0161\u00ed velmi star\u00e1 hospoda, kde se \u0159\u00edk\u00e1 &#8222;Na Kov\u00e1rn\u011b&#8220;, ale podle dostupn\u00fdch pramen\u016f zde kov\u00e1rna nebyla. Tato jedin\u00e1, z historick\u00fdch hospod, funguje dodnes. <\/figcaption><\/figure>\n<\/div>\n\n<div class=\"su-image-carousel  su-image-carousel-has-spacing su-image-carousel-crop su-image-carousel-crop-1-1 su-image-carousel-has-lightbox su-image-carousel-has-outline su-image-carousel-adaptive su-image-carousel-slides-style-default su-image-carousel-controls-style-dark su-image-carousel-align-center\" style=\"max-width:600px\" data-flickity-options='{\"groupCells\":true,\"cellSelector\":\".su-image-carousel-item\",\"adaptiveHeight\":false,\"cellAlign\":\"left\",\"prevNextButtons\":true,\"pageDots\":true,\"autoPlay\":3000,\"imagesLoaded\":true,\"contain\":true,\"selectedAttraction\":0.025000000000000001387778780781445675529539585113525390625,\"friction\":0.2800000000000000266453525910037569701671600341796875}' id=\"su_image_carousel_69f322338efa0\"><div class=\"su-image-carousel-item\"><div class=\"su-image-carousel-item-content\"><a href=\"https:\/\/www.periferieprahy.cz\/blog\/wp-content\/uploads\/2025\/04\/ruz_cp22n.jpg\" data-caption=\"Libo\u010dt\u00ed ml\u00edka\u0159i zaj\u00ed\u017ed\u011bli pro ml\u00edko do statk\u016f hostivick\u00fdch. Zde stoj\u00ed u hostince &quot;U koruny&quot;, jinak &quot;Na Nov\u00e9&quot; zvan\u00e9ho. Vlevo u vozu ml\u00edka\u0159 Josef Vesel\u00fd, vedle n\u011bho stoj\u00ed b\u011blohorsk\u00fd sedl\u00e1k Pisk\u00e1\u010dek. Mu\u017e s holbou piva hostivick\u00fd sedl\u00e1k V\u00e1clav Kubr a b\u00edl\u00e9ho kon\u011b ko\u010d\u00edruje Karel \u010cerven\u00fd z Liboce. Stav podle oken a fas\u00e1dy nazna\u010duje, \u017ee to bude nejstar\u0161\u00ed dochovan\u00e1 fotografie. Stav je\u0161t\u011b p\u0159ed rekonstrukc\u00ed do podoby jakou zn\u00e1me dnes [ asi kolem roku 1900 Mare\u0161].\"><img loading=\"lazy\" decoding=\"async\" width=\"992\" height=\"627\" src=\"https:\/\/www.periferieprahy.cz\/blog\/wp-content\/uploads\/2025\/04\/ruz_cp22n.jpg\" class=\"\" alt=\"\" srcset=\"https:\/\/www.periferieprahy.cz\/blog\/wp-content\/uploads\/2025\/04\/ruz_cp22n.jpg 992w, https:\/\/www.periferieprahy.cz\/blog\/wp-content\/uploads\/2025\/04\/ruz_cp22n-300x190.jpg 300w, https:\/\/www.periferieprahy.cz\/blog\/wp-content\/uploads\/2025\/04\/ruz_cp22n-768x485.jpg 768w\" sizes=\"auto, (max-width: 992px) 100vw, 992px\" \/><span>Libo\u010dt\u00ed ml\u00edka\u0159i zaj\u00ed\u017ed\u011bli pro ml\u00edko do statk\u016f hostivick\u00fdch. Zde stoj\u00ed u hostince \"U koruny\", jinak \"Na Nov\u00e9\" zvan\u00e9ho. Vlevo u vozu ml\u00edka\u0159 Josef Vesel\u00fd, vedle n\u011bho stoj\u00ed b\u011blohorsk\u00fd sedl\u00e1k Pisk\u00e1\u010dek. Mu\u017e s holbou piva hostivick\u00fd sedl\u00e1k V\u00e1clav Kubr a b\u00edl\u00e9ho kon\u011b ko\u010d\u00edruje Karel \u010cerven\u00fd z Liboce. Stav podle oken a fas\u00e1dy nazna\u010duje, \u017ee to bude nejstar\u0161\u00ed dochovan\u00e1 fotografie. Stav je\u0161t\u011b p\u0159ed rekonstrukc\u00ed do podoby jakou zn\u00e1me dnes [ asi kolem roku 1900 Mare\u0161].<\/span><\/a><\/div><\/div><div class=\"su-image-carousel-item\"><div class=\"su-image-carousel-item-content\"><a href=\"https:\/\/www.periferieprahy.cz\/blog\/wp-content\/uploads\/2025\/04\/cp22_zivnosti_14.jpg\" data-caption=\"N\u011bkdy mezi roky 1908 -1913. To provozoval hospodu a \u0159eznictv\u00ed pan Be\u0159ich O\u010den\u00e1\u0161ek s p\u011bst\u011bn\u00fdm kn\u00edrem oto\u010den\u00fdm p\u011bkn\u011b nahoru je uprost\u0159ed nad t\u00edm p\u00e1nem v klobouku [Mare\u0161]. To, \u017ee je to fotografov\u00e1no pr\u00e1v\u011b u \u010d.p. 22 dokazuje \u0161tukat\u00e9rsk\u00e1 v\u00fdzdoba kolem oken i tvar samotn\u00fdch oken. Porovn\u00e1n\u00ed m\u00e1me s n\u00e1sleduj\u00edc\u00edmi obr\u00e1zky. V\u00edce na str\u00e1nce Zanikl\u00e9 \u017eivnosti a obch\u016fdky.\"><img loading=\"lazy\" decoding=\"async\" width=\"900\" height=\"671\" src=\"https:\/\/www.periferieprahy.cz\/blog\/wp-content\/uploads\/2025\/04\/cp22_zivnosti_14.jpg\" class=\"\" alt=\"\" srcset=\"https:\/\/www.periferieprahy.cz\/blog\/wp-content\/uploads\/2025\/04\/cp22_zivnosti_14.jpg 900w, https:\/\/www.periferieprahy.cz\/blog\/wp-content\/uploads\/2025\/04\/cp22_zivnosti_14-300x224.jpg 300w, https:\/\/www.periferieprahy.cz\/blog\/wp-content\/uploads\/2025\/04\/cp22_zivnosti_14-768x573.jpg 768w\" sizes=\"auto, (max-width: 900px) 100vw, 900px\" \/><span>N\u011bkdy mezi roky 1908 -1913. To provozoval hospodu a \u0159eznictv\u00ed pan Be\u0159ich O\u010den\u00e1\u0161ek s p\u011bst\u011bn\u00fdm kn\u00edrem oto\u010den\u00fdm p\u011bkn\u011b nahoru je uprost\u0159ed nad t\u00edm p\u00e1nem v klobouku [Mare\u0161]. To, \u017ee je to fotografov\u00e1no pr\u00e1v\u011b u \u010d.p. 22 dokazuje \u0161tukat\u00e9rsk\u00e1 v\u00fdzdoba kolem oken i tvar samotn\u00fdch oken. Porovn\u00e1n\u00ed m\u00e1me s n\u00e1sleduj\u00edc\u00edmi obr\u00e1zky. V\u00edce na str\u00e1nce Zanikl\u00e9 \u017eivnosti a obch\u016fdky.<\/span><\/a><\/div><\/div><div class=\"su-image-carousel-item\"><div class=\"su-image-carousel-item-content\"><a href=\"https:\/\/www.periferieprahy.cz\/blog\/wp-content\/uploads\/2025\/04\/ruz_cp22_3.jpg\" data-caption=\"Ruzyn\u011b, \u010d.p. 22, hospoda Josefa Jurise &quot;U Koruny&quot; jinak &quot;Na Nov\u00e9&quot; asi kolem roku 1915. M\u00edval zde koloni\u00e1l i pan \u0160m\u00edd, kter\u00fd pozd\u011bji vlastnil obchodn\u00ed d\u016fm v Ruzyni \u010d.p. 73 Z poz\u016fstalosti pana Anton\u00edna Mare\u0161e.\"><img loading=\"lazy\" decoding=\"async\" width=\"1201\" height=\"1600\" src=\"https:\/\/www.periferieprahy.cz\/blog\/wp-content\/uploads\/2025\/04\/ruz_cp22_3.jpg\" class=\"\" alt=\"\" srcset=\"https:\/\/www.periferieprahy.cz\/blog\/wp-content\/uploads\/2025\/04\/ruz_cp22_3.jpg 1201w, https:\/\/www.periferieprahy.cz\/blog\/wp-content\/uploads\/2025\/04\/ruz_cp22_3-225x300.jpg 225w, https:\/\/www.periferieprahy.cz\/blog\/wp-content\/uploads\/2025\/04\/ruz_cp22_3-769x1024.jpg 769w, https:\/\/www.periferieprahy.cz\/blog\/wp-content\/uploads\/2025\/04\/ruz_cp22_3-768x1023.jpg 768w, https:\/\/www.periferieprahy.cz\/blog\/wp-content\/uploads\/2025\/04\/ruz_cp22_3-1153x1536.jpg 1153w\" sizes=\"auto, (max-width: 1201px) 100vw, 1201px\" \/><span>Ruzyn\u011b, \u010d.p. 22, hospoda Josefa Jurise \"U Koruny\" jinak \"Na Nov\u00e9\" asi kolem roku 1915. M\u00edval zde koloni\u00e1l i pan \u0160m\u00edd, kter\u00fd pozd\u011bji vlastnil obchodn\u00ed d\u016fm v Ruzyni \u010d.p. 73 Z poz\u016fstalosti pana Anton\u00edna Mare\u0161e.<\/span><\/a><\/div><\/div><div class=\"su-image-carousel-item\"><div class=\"su-image-carousel-item-content\"><a href=\"https:\/\/www.periferieprahy.cz\/blog\/wp-content\/uploads\/2025\/04\/ruz_cp22m.jpg\" data-caption=\"Ruzy\u0148sk\u00e1 n\u00e1ves, podle automobil\u016f,  kolem roku 1950. Zcela vlevo &quot;vykukuje&quot; \u010d.p.20, d\u00e1le \u010d.p.28, 21 a 22\"><img loading=\"lazy\" decoding=\"async\" width=\"800\" height=\"485\" src=\"https:\/\/www.periferieprahy.cz\/blog\/wp-content\/uploads\/2025\/04\/ruz_cp22m.jpg\" class=\"\" alt=\"\" srcset=\"https:\/\/www.periferieprahy.cz\/blog\/wp-content\/uploads\/2025\/04\/ruz_cp22m.jpg 800w, https:\/\/www.periferieprahy.cz\/blog\/wp-content\/uploads\/2025\/04\/ruz_cp22m-300x182.jpg 300w, https:\/\/www.periferieprahy.cz\/blog\/wp-content\/uploads\/2025\/04\/ruz_cp22m-768x466.jpg 768w\" sizes=\"auto, (max-width: 800px) 100vw, 800px\" \/><span>Ruzy\u0148sk\u00e1 n\u00e1ves, podle automobil\u016f,  kolem roku 1950. Zcela vlevo \"vykukuje\" \u010d.p.20, d\u00e1le \u010d.p.28, 21 a 22<\/span><\/a><\/div><\/div><div class=\"su-image-carousel-item\"><div class=\"su-image-carousel-item-content\"><a href=\"https:\/\/www.periferieprahy.cz\/blog\/wp-content\/uploads\/2025\/04\/ruz_cp22_4.jpg\" data-caption=\"Hospoda &quot;U Koruny&quot; jinak &quot;Na Nov\u00e9&quot; v roce 1976 na fotografii pana Bohumila Nehasila\"><img loading=\"lazy\" decoding=\"async\" width=\"962\" height=\"620\" src=\"https:\/\/www.periferieprahy.cz\/blog\/wp-content\/uploads\/2025\/04\/ruz_cp22_4.jpg\" class=\"\" alt=\"\" srcset=\"https:\/\/www.periferieprahy.cz\/blog\/wp-content\/uploads\/2025\/04\/ruz_cp22_4.jpg 962w, https:\/\/www.periferieprahy.cz\/blog\/wp-content\/uploads\/2025\/04\/ruz_cp22_4-300x193.jpg 300w, https:\/\/www.periferieprahy.cz\/blog\/wp-content\/uploads\/2025\/04\/ruz_cp22_4-768x495.jpg 768w\" sizes=\"auto, (max-width: 962px) 100vw, 962px\" \/><span>Hospoda \"U Koruny\" jinak \"Na Nov\u00e9\" v roce 1976 na fotografii pana Bohumila Nehasila<\/span><\/a><\/div><\/div><div class=\"su-image-carousel-item\"><div class=\"su-image-carousel-item-content\"><a href=\"https:\/\/www.periferieprahy.cz\/blog\/wp-content\/uploads\/2025\/04\/ruz_cp22_5.jpg\" data-caption=\"Rok 2010 je u\u017e histori\u00ed, necitliv\u00fd z\u00e1sah v roce 2016  byla v\u00fdm\u011bna oken za plastov\u00e1 a to tak, \u017ee obloukov\u00e1 okna jsou dnes obd\u00e9ln\u00edkov\u00e1.\"><img loading=\"lazy\" decoding=\"async\" width=\"1600\" height=\"1200\" src=\"https:\/\/www.periferieprahy.cz\/blog\/wp-content\/uploads\/2025\/04\/ruz_cp22_5.jpg\" class=\"\" alt=\"\" srcset=\"https:\/\/www.periferieprahy.cz\/blog\/wp-content\/uploads\/2025\/04\/ruz_cp22_5.jpg 1600w, https:\/\/www.periferieprahy.cz\/blog\/wp-content\/uploads\/2025\/04\/ruz_cp22_5-300x225.jpg 300w, https:\/\/www.periferieprahy.cz\/blog\/wp-content\/uploads\/2025\/04\/ruz_cp22_5-1024x768.jpg 1024w, https:\/\/www.periferieprahy.cz\/blog\/wp-content\/uploads\/2025\/04\/ruz_cp22_5-768x576.jpg 768w, https:\/\/www.periferieprahy.cz\/blog\/wp-content\/uploads\/2025\/04\/ruz_cp22_5-1536x1152.jpg 1536w\" sizes=\"auto, (max-width: 1600px) 100vw, 1600px\" \/><span>Rok 2010 je u\u017e histori\u00ed, necitliv\u00fd z\u00e1sah v roce 2016  byla v\u00fdm\u011bna oken za plastov\u00e1 a to tak, \u017ee obloukov\u00e1 okna jsou dnes obd\u00e9ln\u00edkov\u00e1.<\/span><\/a><\/div><\/div><\/div><script id=\"su_image_carousel_69f322338efa0_script\">if(window.SUImageCarousel){setTimeout(function() {window.SUImageCarousel.initGallery(document.getElementById(\"su_image_carousel_69f322338efa0\"))}, 0);}var su_image_carousel_69f322338efa0_script=document.getElementById(\"su_image_carousel_69f322338efa0_script\");if(su_image_carousel_69f322338efa0_script){su_image_carousel_69f322338efa0_script.parentNode.removeChild(su_image_carousel_69f322338efa0_script);}<\/script>\n\n\n<div class=\"wp-block-image\">\n<figure class=\"aligncenter size-full\" id=\"katerina1773\"><img loading=\"lazy\" decoding=\"async\" width=\"732\" height=\"181\" src=\"https:\/\/www.periferieprahy.cz\/blog\/wp-content\/uploads\/2025\/04\/ruz_cp22l.jpg\" alt=\"\" class=\"wp-image-2544\" srcset=\"https:\/\/www.periferieprahy.cz\/blog\/wp-content\/uploads\/2025\/04\/ruz_cp22l.jpg 732w, https:\/\/www.periferieprahy.cz\/blog\/wp-content\/uploads\/2025\/04\/ruz_cp22l-300x74.jpg 300w\" sizes=\"auto, (max-width: 732px) 100vw, 732px\" \/><figcaption class=\"wp-element-caption\">Kate\u0159ina *25.2.1773; otec V\u00e1clav Kubr faber ferrarius [kov\u00e1\u0159]; matka Kate\u0159ina<\/figcaption><\/figure>\n<\/div>\n\n<div class=\"wp-block-image\">\n<figure class=\"aligncenter size-large is-resized\" id=\"jan1796\"><img loading=\"lazy\" decoding=\"async\" width=\"1024\" height=\"520\" src=\"https:\/\/www.periferieprahy.cz\/blog\/wp-content\/uploads\/2025\/04\/ruz_cp22_1-1024x520.jpg\" alt=\"\" class=\"wp-image-2528\" style=\"width:726px;height:auto\" srcset=\"https:\/\/www.periferieprahy.cz\/blog\/wp-content\/uploads\/2025\/04\/ruz_cp22_1-1024x520.jpg 1024w, https:\/\/www.periferieprahy.cz\/blog\/wp-content\/uploads\/2025\/04\/ruz_cp22_1-300x152.jpg 300w, https:\/\/www.periferieprahy.cz\/blog\/wp-content\/uploads\/2025\/04\/ruz_cp22_1-768x390.jpg 768w, https:\/\/www.periferieprahy.cz\/blog\/wp-content\/uploads\/2025\/04\/ruz_cp22_1.jpg 1087w\" sizes=\"auto, (max-width: 1024px) 100vw, 1024px\" \/><figcaption class=\"wp-element-caption\">Jan * 19.4.1796; otec V\u00e1clav Kubr kov\u00e1\u0159; matka Kate\u0159ina dcera Jana Kautsk\u00e9ho, sedl\u00e1ka a matky Anny ze Sob\u00edna. <\/figcaption><\/figure>\n<\/div>\n\n<div class=\"wp-block-image\">\n<figure class=\"aligncenter size-full is-resized\" id=\"franti\u0161ek1810\"><img loading=\"lazy\" decoding=\"async\" width=\"989\" height=\"235\" src=\"https:\/\/www.periferieprahy.cz\/blog\/wp-content\/uploads\/2025\/04\/ruz_cp22_2.jpg\" alt=\"\" class=\"wp-image-2529\" style=\"width:722px;height:auto\" srcset=\"https:\/\/www.periferieprahy.cz\/blog\/wp-content\/uploads\/2025\/04\/ruz_cp22_2.jpg 989w, https:\/\/www.periferieprahy.cz\/blog\/wp-content\/uploads\/2025\/04\/ruz_cp22_2-300x71.jpg 300w, https:\/\/www.periferieprahy.cz\/blog\/wp-content\/uploads\/2025\/04\/ruz_cp22_2-768x182.jpg 768w\" sizes=\"auto, (max-width: 989px) 100vw, 989px\" \/><figcaption class=\"wp-element-caption\">Franti\u0161ek *2.1.1810; otec V\u00e1clav Linhard mistr kov\u00e1\u0159sk\u00fd, matka Anna rozen\u00e1 Kubrov\u00e1<\/figcaption><\/figure>\n<\/div>\n\n<div class=\"wp-block-image\">\n<figure class=\"aligncenter size-full is-resized\" id=\"magdalena1811\"><img loading=\"lazy\" decoding=\"async\" width=\"1014\" height=\"269\" src=\"https:\/\/www.periferieprahy.cz\/blog\/wp-content\/uploads\/2025\/04\/ruz_cp22a.jpg\" alt=\"\" class=\"wp-image-2533\" style=\"width:718px;height:auto\" srcset=\"https:\/\/www.periferieprahy.cz\/blog\/wp-content\/uploads\/2025\/04\/ruz_cp22a.jpg 1014w, https:\/\/www.periferieprahy.cz\/blog\/wp-content\/uploads\/2025\/04\/ruz_cp22a-300x80.jpg 300w, https:\/\/www.periferieprahy.cz\/blog\/wp-content\/uploads\/2025\/04\/ruz_cp22a-768x204.jpg 768w\" sizes=\"auto, (max-width: 1014px) 100vw, 1014px\" \/><figcaption class=\"wp-element-caption\">Magdalena *26.11.1811- \u20209.6.1812; otec V\u00e1clav Linhard mistr kov\u00e1\u0159sk\u00fd, matka Anna rozen\u00e1 Kubrov\u00e1<\/figcaption><\/figure>\n<\/div>\n\n<div class=\"wp-block-image\">\n<figure class=\"aligncenter size-full is-resized\" id=\"josef1816\"><img loading=\"lazy\" decoding=\"async\" width=\"847\" height=\"492\" src=\"https:\/\/www.periferieprahy.cz\/blog\/wp-content\/uploads\/2025\/04\/ruz_cp22b.jpg\" alt=\"\" class=\"wp-image-2534\" style=\"width:783px;height:auto\" srcset=\"https:\/\/www.periferieprahy.cz\/blog\/wp-content\/uploads\/2025\/04\/ruz_cp22b.jpg 847w, https:\/\/www.periferieprahy.cz\/blog\/wp-content\/uploads\/2025\/04\/ruz_cp22b-300x174.jpg 300w, https:\/\/www.periferieprahy.cz\/blog\/wp-content\/uploads\/2025\/04\/ruz_cp22b-768x446.jpg 768w\" sizes=\"auto, (max-width: 847px) 100vw, 847px\" \/><figcaption class=\"wp-element-caption\">Josef *9.9.1816; otec V\u00e1clav Linhart mistr kov\u00e1\u0159sk\u00fd, matka Anna rozen\u00e1 Kubrov\u00e1<\/figcaption><\/figure>\n<\/div>\n\n<div class=\"wp-block-image\">\n<figure class=\"aligncenter size-large is-resized\" id=\"jan1818\"><img loading=\"lazy\" decoding=\"async\" width=\"1024\" height=\"352\" src=\"https:\/\/www.periferieprahy.cz\/blog\/wp-content\/uploads\/2025\/04\/ruz_cp22c-1024x352.jpg\" alt=\"\" class=\"wp-image-2535\" style=\"width:780px;height:auto\" srcset=\"https:\/\/www.periferieprahy.cz\/blog\/wp-content\/uploads\/2025\/04\/ruz_cp22c-1024x352.jpg 1024w, https:\/\/www.periferieprahy.cz\/blog\/wp-content\/uploads\/2025\/04\/ruz_cp22c-300x103.jpg 300w, https:\/\/www.periferieprahy.cz\/blog\/wp-content\/uploads\/2025\/04\/ruz_cp22c-768x264.jpg 768w, https:\/\/www.periferieprahy.cz\/blog\/wp-content\/uploads\/2025\/04\/ruz_cp22c.jpg 1100w\" sizes=\"auto, (max-width: 1024px) 100vw, 1024px\" \/><figcaption class=\"wp-element-caption\">Jan *23.10.1818; otec V\u00e1clav Linhardt mistr kov\u00e1\u0159sk\u00fd, matka Anna rozen\u00e1 Kubrov\u00e1<\/figcaption><\/figure>\n<\/div>\n\n<div class=\"wp-block-image\">\n<figure class=\"aligncenter size-large is-resized\" id=\"joannes1840\"><img loading=\"lazy\" decoding=\"async\" width=\"1024\" height=\"290\" src=\"https:\/\/www.periferieprahy.cz\/blog\/wp-content\/uploads\/2025\/04\/ruz_cp22d-1024x290.jpg\" alt=\"\" class=\"wp-image-2536\" style=\"width:772px;height:auto\" srcset=\"https:\/\/www.periferieprahy.cz\/blog\/wp-content\/uploads\/2025\/04\/ruz_cp22d-1024x290.jpg 1024w, https:\/\/www.periferieprahy.cz\/blog\/wp-content\/uploads\/2025\/04\/ruz_cp22d-300x85.jpg 300w, https:\/\/www.periferieprahy.cz\/blog\/wp-content\/uploads\/2025\/04\/ruz_cp22d-768x218.jpg 768w, https:\/\/www.periferieprahy.cz\/blog\/wp-content\/uploads\/2025\/04\/ruz_cp22d.jpg 1045w\" sizes=\"auto, (max-width: 1024px) 100vw, 1024px\" \/><figcaption class=\"wp-element-caption\">Joannes *17.8.1840; otec  Franti\u0161ek L\u00f6ffel zuckerrafin\u00e4r (spodiumfabrikant) na ruzy\u0148sk\u00e9 fabrice, matka Anna, dcera po \u2020Janu Pokorn\u00e9m vojensk\u00e9m mistru peka\u0159sk\u00e9m  z Prahy.<\/figcaption><\/figure>\n<\/div>\n\n<div class=\"wp-block-image\">\n<figure class=\"aligncenter size-full is-resized\"><img loading=\"lazy\" decoding=\"async\" width=\"972\" height=\"214\" src=\"https:\/\/www.periferieprahy.cz\/blog\/wp-content\/uploads\/2025\/04\/ruz_cp22e.jpg\" alt=\"\" class=\"wp-image-2537\" style=\"width:772px;height:auto\" srcset=\"https:\/\/www.periferieprahy.cz\/blog\/wp-content\/uploads\/2025\/04\/ruz_cp22e.jpg 972w, https:\/\/www.periferieprahy.cz\/blog\/wp-content\/uploads\/2025\/04\/ruz_cp22e-300x66.jpg 300w, https:\/\/www.periferieprahy.cz\/blog\/wp-content\/uploads\/2025\/04\/ruz_cp22e-768x169.jpg 768w\" sizes=\"auto, (max-width: 972px) 100vw, 972px\" \/><\/figure>\n<\/div>\n\n<div class=\"wp-block-image\">\n<figure class=\"aligncenter size-large is-resized\" id=\"anna1842\"><img loading=\"lazy\" decoding=\"async\" width=\"1024\" height=\"260\" src=\"https:\/\/www.periferieprahy.cz\/blog\/wp-content\/uploads\/2025\/04\/ruz_cp22f-1024x260.jpg\" alt=\"\" class=\"wp-image-2538\" style=\"width:770px;height:auto\" srcset=\"https:\/\/www.periferieprahy.cz\/blog\/wp-content\/uploads\/2025\/04\/ruz_cp22f-1024x260.jpg 1024w, https:\/\/www.periferieprahy.cz\/blog\/wp-content\/uploads\/2025\/04\/ruz_cp22f-300x76.jpg 300w, https:\/\/www.periferieprahy.cz\/blog\/wp-content\/uploads\/2025\/04\/ruz_cp22f-768x195.jpg 768w, https:\/\/www.periferieprahy.cz\/blog\/wp-content\/uploads\/2025\/04\/ruz_cp22f.jpg 1051w\" sizes=\"auto, (max-width: 1024px) 100vw, 1024px\" \/><figcaption class=\"wp-element-caption\">Anna *28.4.1842; otec  Franti\u0161ek L\u00f6ffel spodiumfabrikant p\u0159i ruzy\u0148sk\u00e9 cukrov\u00e9 fabrice, matka Anna, dcera po \u2020Janu Pokorn\u00e9m vojensk\u00e9m mistru peka\u0159sk\u00e9m  z Prahy.<\/figcaption><\/figure>\n<\/div>\n\n<div class=\"wp-block-image\">\n<figure class=\"aligncenter size-full is-resized\" id=\"josef1869\"><img loading=\"lazy\" decoding=\"async\" width=\"952\" height=\"342\" src=\"https:\/\/www.periferieprahy.cz\/blog\/wp-content\/uploads\/2025\/04\/ruz_cp22g.jpg\" alt=\"\" class=\"wp-image-2539\" style=\"width:770px;height:auto\" srcset=\"https:\/\/www.periferieprahy.cz\/blog\/wp-content\/uploads\/2025\/04\/ruz_cp22g.jpg 952w, https:\/\/www.periferieprahy.cz\/blog\/wp-content\/uploads\/2025\/04\/ruz_cp22g-300x108.jpg 300w, https:\/\/www.periferieprahy.cz\/blog\/wp-content\/uploads\/2025\/04\/ruz_cp22g-768x276.jpg 768w\" sizes=\"auto, (max-width: 952px) 100vw, 952px\" \/><figcaption class=\"wp-element-caption\">Josef *4.12.1869; otec Josef Eichler, hostinsk\u00fd z Ruzyn\u011b \u010d.22, matka Terezie ( m\u00e1 b\u00fdt Ludmila) rozen\u00e1 Ma\u0161kov\u00e1. <\/figcaption><\/figure>\n<\/div>\n\n<div class=\"wp-block-image\">\n<figure class=\"aligncenter size-full is-resized\" id=\"barbora1871\"><img loading=\"lazy\" decoding=\"async\" width=\"971\" height=\"351\" src=\"https:\/\/www.periferieprahy.cz\/blog\/wp-content\/uploads\/2025\/04\/ruz_cp22h.jpg\" alt=\"\" class=\"wp-image-2540\" style=\"width:775px;height:auto\" srcset=\"https:\/\/www.periferieprahy.cz\/blog\/wp-content\/uploads\/2025\/04\/ruz_cp22h.jpg 971w, https:\/\/www.periferieprahy.cz\/blog\/wp-content\/uploads\/2025\/04\/ruz_cp22h-300x108.jpg 300w, https:\/\/www.periferieprahy.cz\/blog\/wp-content\/uploads\/2025\/04\/ruz_cp22h-768x278.jpg 768w\" sizes=\"auto, (max-width: 971px) 100vw, 971px\" \/><figcaption class=\"wp-element-caption\">Barbora *15.6.1871; otec Josef Eichler, hostinsk\u00fd z Ruzyn\u011b \u010d.22, matka Ludmila rozen\u00e1 Ma\u0161kov\u00e1.<\/figcaption><\/figure>\n<\/div>\n\n<div class=\"wp-block-image\">\n<figure class=\"aligncenter size-large is-resized\" id=\"mrtvy_chl_1875\"><img loading=\"lazy\" decoding=\"async\" width=\"1024\" height=\"137\" src=\"https:\/\/www.periferieprahy.cz\/blog\/wp-content\/uploads\/2025\/04\/ruz_cp22i-1024x137.jpg\" alt=\"\" class=\"wp-image-2541\" style=\"width:768px;height:auto\" srcset=\"https:\/\/www.periferieprahy.cz\/blog\/wp-content\/uploads\/2025\/04\/ruz_cp22i-1024x137.jpg 1024w, https:\/\/www.periferieprahy.cz\/blog\/wp-content\/uploads\/2025\/04\/ruz_cp22i-300x40.jpg 300w, https:\/\/www.periferieprahy.cz\/blog\/wp-content\/uploads\/2025\/04\/ruz_cp22i-768x103.jpg 768w, https:\/\/www.periferieprahy.cz\/blog\/wp-content\/uploads\/2025\/04\/ruz_cp22i.jpg 1063w\" sizes=\"auto, (max-width: 1024px) 100vw, 1024px\" \/><figcaption class=\"wp-element-caption\">mrtv\u00fd chlapec 29.7.1875; otec Hou\u0161ka Franti\u0161ek, hostinsk\u00fd v Ruzyni \u010d. 22, matka Franti\u0161ka rozen\u00e1 Kratochv\u00edlov\u00e1<\/figcaption><\/figure>\n<\/div>\n\n<div class=\"wp-block-image\">\n<figure class=\"aligncenter size-large is-resized\"><img loading=\"lazy\" decoding=\"async\" width=\"1024\" height=\"137\" src=\"https:\/\/www.periferieprahy.cz\/blog\/wp-content\/uploads\/2025\/04\/ruz_cp22j-1024x137.jpg\" alt=\"\" class=\"wp-image-2542\" style=\"width:802px;height:auto\" srcset=\"https:\/\/www.periferieprahy.cz\/blog\/wp-content\/uploads\/2025\/04\/ruz_cp22j-1024x137.jpg 1024w, https:\/\/www.periferieprahy.cz\/blog\/wp-content\/uploads\/2025\/04\/ruz_cp22j-300x40.jpg 300w, https:\/\/www.periferieprahy.cz\/blog\/wp-content\/uploads\/2025\/04\/ruz_cp22j-768x103.jpg 768w, https:\/\/www.periferieprahy.cz\/blog\/wp-content\/uploads\/2025\/04\/ruz_cp22j.jpg 1032w\" sizes=\"auto, (max-width: 1024px) 100vw, 1024px\" \/><figcaption class=\"wp-element-caption\">Bohumila *27.6.1876; otec Hou\u0161ka Franti\u0161ek, hostinsk\u00fd v Ruzyni \u010d. 22, matka Franti\u0161ka rozen\u00e1 Kratochv\u00edlov\u00e1<\/figcaption><\/figure>\n<\/div>\n\n<div class=\"wp-block-image\">\n<figure class=\"aligncenter size-large is-resized\" id=\"bohuslav1883\"><img loading=\"lazy\" decoding=\"async\" width=\"1024\" height=\"197\" src=\"https:\/\/www.periferieprahy.cz\/blog\/wp-content\/uploads\/2025\/04\/ruz_cp22k-1024x197.jpg\" alt=\"\" class=\"wp-image-2543\" style=\"width:796px;height:auto\" srcset=\"https:\/\/www.periferieprahy.cz\/blog\/wp-content\/uploads\/2025\/04\/ruz_cp22k-1024x197.jpg 1024w, https:\/\/www.periferieprahy.cz\/blog\/wp-content\/uploads\/2025\/04\/ruz_cp22k-300x58.jpg 300w, https:\/\/www.periferieprahy.cz\/blog\/wp-content\/uploads\/2025\/04\/ruz_cp22k-768x148.jpg 768w, https:\/\/www.periferieprahy.cz\/blog\/wp-content\/uploads\/2025\/04\/ruz_cp22k.jpg 1069w\" sizes=\"auto, (max-width: 1024px) 100vw, 1024px\" \/><figcaption class=\"wp-element-caption\">Bohuslav *19.5.1883; otec Franti\u0161ek Zvon\u00ed\u010dek hostinsk\u00fd v Ruzyni, matka Marie roz. Linhartov\u00e1 <\/figcaption><\/figure>\n<\/div>","protected":false},"excerpt":{"rendered":"<p>Na b\u00fdval\u00e9 formansk\u00e9 cest\u011b ze Slan\u00e9ho, Loun a Chomutova do Prahy a na Plze\u0148, na b\u00fdval\u00e9 ruzy\u0148sk\u00e9 n\u00e1vsi v \u010d.p 22 byla nejprve kov\u00e1rna. M\u00edsto bylo zvoleno velmi dob\u0159e. Hned u vjezdu do vesnice. Tady, nedaleko od hostince v \u010d.p. 20 se ur\u010dit\u011b p\u0159ekov\u00e1vali kon\u011b forman\u016f a opravovaly jejich vozy. A\u017e pozd\u011bji, kdy\u017e s rozvojem \u017eeleznice formansk\u00e9mu \u0159emeslu t\u00e9m\u011b\u0159 odzvonilo, zde byla z\u0159\u00edzena hospoda.  S \u00fabytkem formansk\u00fdch voz\u016f tak\u00e9 nebylo pot\u0159eba tolik kov\u00e1\u0159\u016f pobl\u00ed\u017e star\u00fdch formansk\u00fdch cest.<\/p>\n","protected":false},"author":1,"featured_media":2530,"comment_status":"open","ping_status":"open","sticky":false,"template":"","format":"standard","meta":{"_exactmetrics_skip_tracking":false,"_exactmetrics_sitenote_active":false,"_exactmetrics_sitenote_note":"","_exactmetrics_sitenote_category":0,"footnotes":""},"categories":[28,38,23,3],"tags":[],"post_folder":[],"class_list":["post-2524","post","type-post","status-publish","format-standard","has-post-thumbnail","hentry","category-hospody","category-reznici","category-ruzyne","category-redakce"],"_links":{"self":[{"href":"https:\/\/www.periferieprahy.cz\/blog\/wp-json\/wp\/v2\/posts\/2524","targetHints":{"allow":["GET"]}}],"collection":[{"href":"https:\/\/www.periferieprahy.cz\/blog\/wp-json\/wp\/v2\/posts"}],"about":[{"href":"https:\/\/www.periferieprahy.cz\/blog\/wp-json\/wp\/v2\/types\/post"}],"author":[{"embeddable":true,"href":"https:\/\/www.periferieprahy.cz\/blog\/wp-json\/wp\/v2\/users\/1"}],"replies":[{"embeddable":true,"href":"https:\/\/www.periferieprahy.cz\/blog\/wp-json\/wp\/v2\/comments?post=2524"}],"version-history":[{"count":5,"href":"https:\/\/www.periferieprahy.cz\/blog\/wp-json\/wp\/v2\/posts\/2524\/revisions"}],"predecessor-version":[{"id":3146,"href":"https:\/\/www.periferieprahy.cz\/blog\/wp-json\/wp\/v2\/posts\/2524\/revisions\/3146"}],"wp:featuredmedia":[{"embeddable":true,"href":"https:\/\/www.periferieprahy.cz\/blog\/wp-json\/wp\/v2\/media\/2530"}],"wp:attachment":[{"href":"https:\/\/www.periferieprahy.cz\/blog\/wp-json\/wp\/v2\/media?parent=2524"}],"wp:term":[{"taxonomy":"category","embeddable":true,"href":"https:\/\/www.periferieprahy.cz\/blog\/wp-json\/wp\/v2\/categories?post=2524"},{"taxonomy":"post_tag","embeddable":true,"href":"https:\/\/www.periferieprahy.cz\/blog\/wp-json\/wp\/v2\/tags?post=2524"},{"taxonomy":"post_folder","embeddable":true,"href":"https:\/\/www.periferieprahy.cz\/blog\/wp-json\/wp\/v2\/post_folder?post=2524"}],"curies":[{"name":"wp","href":"https:\/\/api.w.org\/{rel}","templated":true}]}}