{"id":2579,"date":"2025-04-14T09:40:32","date_gmt":"2025-04-14T07:40:32","guid":{"rendered":"https:\/\/www.periferieprahy.cz\/blog\/?p=2579"},"modified":"2025-07-10T06:10:01","modified_gmt":"2025-07-10T04:10:01","slug":"c-p-25-holeckovi-mlikari","status":"publish","type":"post","link":"https:\/\/www.periferieprahy.cz\/blog\/2025\/04\/14\/c-p-25-holeckovi-mlikari\/","title":{"rendered":"\u010c.p. 25 Hole\u010dkovi ml\u00edka\u0159i"},"content":{"rendered":"\n<img loading=\"lazy\" decoding=\"async\" border=\"0\" src=\"https:\/\/www.periferieprahy.cz\/blog\/wp-content\/uploads\/2024\/12\/pismo7_12.gif\" width=\"130\" height=\"150\" align=\"left\"><span style=\"display: none\"><font size=\"1\">M<\/font><\/span>l\u00edka\u0159i \n\t\t\tv Liboci &#8211; to byla zvl\u00e1\u0161tn\u00ed sorta mezi sousedy. \u0158\u00edkalo se jim sice &quot;cmrnda\u0159i&quot;, \n\t\t\tale bylo v tom trochu z\u00e1visti, proto\u017ee to bylo jist\u00e9 a v\u00fdnosn\u00e9 \n\t\t\tzam\u011bstn\u00e1n\u00ed a\u017e do doby, kdy vyrostly fabriky na zpracov\u00e1n\u00ed ml\u00e9ka, \n\t\t\thlavn\u011b ml\u00e9k\u00e1rna Radlice a Hostivice. V roce 1935 byl nav\u00edc v Praze \n\t\t\tzak\u00e1z\u00e1n prodej neo\u0161et\u0159en\u00e9ho ml\u00e9ka. Jedn\u00edm z&nbsp; ml\u00edka\u0159\u016f se stal \n\t\t\tAnton\u00edn Hole\u010dek v \u010d.p.25 n\u011bkdy kolem roku 1899. Poch\u00e1zel z Horn\u00ed \n\t\t\tLiboce a do t\u00e9 doby \u017eivil svou rodinu jako zednick\u00fd pomocn\u00edk. Dne&nbsp;\n\t\t\t<a href=\"#antonin_holecek_anna_1866\"><font face=\"Tahoma\">&#8734;<\/font>14.2.1866<\/a> \n\t\t\tse o\u017eenil s osmn\u00e1ctiletou&nbsp; Annou, dcerou Josefa Haura, ml\u00e9ka\u0159e \n\t\t\tz <a target=\"_parent\" href=\"https:\/\/www.periferieprahy.cz\/blog\/2025\/03\/10\/c-p-8-tonkovi\/\">\u010d. p. 8<\/a>. A zde ho mo\u017en\u00e1 \n\t\t\tnapadla my\u0161lenka jednou zedni\u010dinu zabalit a v\u011bnovat se obchodu s \n\t\t\tml\u00e9kem.\n\n\n\n<p>Prvorozen\u00fd syn Franti\u0161ek se narodil po v\u00edce jak dvacetilet\u00e9m man\u017eelstv\u00ed <a href=\"#frantisek1886\">*5.7.1886<\/a>. Vyu\u010dil se zedn\u00edkem a <a href=\"#frantisek_holecek_ruzena_1911\">\u221e21.5.1911<\/a> se o\u017eenil s R\u016f\u017eenou Ko\u0161a\u0159ovou z Veleslav\u00edna. Na fotografii je v uniform\u011b infanteristy, \u010dili p\u011b\u0161\u00e1ka c. a k. arm\u00e1dy. Podle jedn\u00e9 hv\u011bzdi\u010dky na l\u00edmci byl Gefreiter &#8211; svobodn\u00edk.<\/p>\n\n\n\n<p>Dal\u0161\u00edm synem byl Anton\u00edn, kter\u00fd se narodil <a href=\"#antonin1889\">*24.5.1889<\/a>. Na sn\u00edmku je t\u0159et\u00ed zleva. Ten se stal tesa\u0159em, jak je uvedeno v z\u00e1znamu o jeho s\u0148atku s R\u016f\u017eenou N\u011bme\u010dkovou z Veleslav\u00edna, kter\u00fd se uskute\u010dnil dne <a href=\"#antonin_holecek_ruzena_1912\">\u221e27.10.1912<\/a> v libock\u00e9m kostele.<\/p>\n\n\n\n<p>T\u0159et\u00edm synem byl Josef <a href=\"#josef1891\">*5.4.1891<\/a>. Ten \u0161el rovn\u011b\u017e ve \u0161l\u00e9p\u011bj\u00edch sv\u00e9ho otce podobn\u011b jako prvorozen\u00fd Franti\u0161ek a stal se tak\u00e9 zedn\u00edkem. Dne <a href=\"#josef_holecek_Anna_1914\">\u221e12.5.1914 <\/a>se o\u017eenil s Annou Sta\u0148kovou z Kn\u011b\u017eevse. Na sn\u00edmku je druh\u00fd zleva.<\/p>\n\n\n\n<p>&#8222;N\u00e1sledn\u00edkem&#8220; v ml\u00edka\u0159sk\u00e9 profesi se stal \u010dtvrt\u00fd syn Jaroslav Hole\u010dek. To je ten usm\u011bvav\u00fd chlapec stoj\u00edc\u00ed vedle matky Anny, narozen\u00fd dne <a href=\"#jaroslav1899\">*17.11.1899<\/a>. Stal se z\u0159ejm\u011b zdatn\u00fdm obchodn\u00edkem po boku sv\u00e9 \u017eeny Em\u00edlie H\u00e1jkov\u00e9 <a href=\"#jaroslav_holecek_emilie_1922\">\u221e30.3.1922<\/a> . Ta byla dcerou Josefa H\u00e1jka, obchodn\u00edho zam\u011bstnance a domovn\u00edka v D. Liboci \u010d.p. 26. Bohu\u017eel, asi to nebylo \u0161\u0165astn\u00e9 man\u017eelstv\u00ed, proto\u017ee bylo rozvedeno pro nep\u0159ekonateln\u00fd odpor v roce 1926.<\/p>\n\n\n<div class=\"su-image-carousel  su-image-carousel-has-spacing su-image-carousel-crop su-image-carousel-crop-1-1 su-image-carousel-has-lightbox su-image-carousel-has-outline su-image-carousel-adaptive su-image-carousel-slides-style-default su-image-carousel-controls-style-dark su-image-carousel-align-center\" style=\"max-width:600px\" data-flickity-options='{\"groupCells\":true,\"cellSelector\":\".su-image-carousel-item\",\"adaptiveHeight\":false,\"cellAlign\":\"left\",\"prevNextButtons\":true,\"pageDots\":true,\"autoPlay\":3000,\"imagesLoaded\":true,\"contain\":true,\"selectedAttraction\":0.025000000000000001387778780781445675529539585113525390625,\"friction\":0.2800000000000000266453525910037569701671600341796875}' id=\"su_image_carousel_69f3155419cf0\"><div class=\"su-image-carousel-item\"><div class=\"su-image-carousel-item-content\"><a href=\"https:\/\/www.periferieprahy.cz\/blog\/wp-content\/uploads\/2025\/04\/zivnosti_2.jpg\" data-caption=\"Rod ml\u00edka\u0159\u016f z Liboce. Anna a Anton\u00edn Hole\u010dkovi, Liboc, V domc\u00edch 12 Sed\u00edc\u00ed: Jaroslav - syn, Anna jeho  matka, Anton\u00edn jeho otec. Stoj\u00edc\u00ed zleva: dal\u0161\u00ed synov\u00e9 Gefreiter (svobodn\u00edk)  Franti\u0161ek Hole\u010dek  v uniform\u011b c. a k. arm\u00e1dy, byl asi dekorov\u00e1n medail\u00ed &quot;Za state\u010dnost&quot; (Tapferkeitsmedaille), Josef, Anton\u00edn o p\u0159\u00edtel \u0160ofr v dragounsk\u00e9 uniform\u011b (m\u00e1 i ostruhy). Rok 1902.\"><img loading=\"lazy\" decoding=\"async\" width=\"886\" height=\"677\" src=\"https:\/\/www.periferieprahy.cz\/blog\/wp-content\/uploads\/2025\/04\/zivnosti_2.jpg\" class=\"\" alt=\"\" srcset=\"https:\/\/www.periferieprahy.cz\/blog\/wp-content\/uploads\/2025\/04\/zivnosti_2.jpg 886w, https:\/\/www.periferieprahy.cz\/blog\/wp-content\/uploads\/2025\/04\/zivnosti_2-300x229.jpg 300w, https:\/\/www.periferieprahy.cz\/blog\/wp-content\/uploads\/2025\/04\/zivnosti_2-768x587.jpg 768w\" sizes=\"auto, (max-width: 886px) 100vw, 886px\" \/><span>Rod ml\u00edka\u0159\u016f z Liboce. Anna a Anton\u00edn Hole\u010dkovi, Liboc, V domc\u00edch 12 Sed\u00edc\u00ed: Jaroslav - syn, Anna jeho  matka, Anton\u00edn jeho otec. Stoj\u00edc\u00ed zleva: dal\u0161\u00ed synov\u00e9 Gefreiter (svobodn\u00edk)  Franti\u0161ek Hole\u010dek  v uniform\u011b c. a k. arm\u00e1dy, byl asi dekorov\u00e1n medail\u00ed \"Za state\u010dnost\" (Tapferkeitsmedaille), Josef, Anton\u00edn o p\u0159\u00edtel \u0160ofr v dragounsk\u00e9 uniform\u011b (m\u00e1 i ostruhy). Rok 1902.<\/span><\/a><\/div><\/div><div class=\"su-image-carousel-item\"><div class=\"su-image-carousel-item-content\"><a href=\"https:\/\/www.periferieprahy.cz\/blog\/wp-content\/uploads\/2025\/04\/zivnosti_4.jpg\" data-caption=\"P\u016fvodn\u00ed popisek pana Mare\u0161e\"><img loading=\"lazy\" decoding=\"async\" width=\"604\" height=\"690\" src=\"https:\/\/www.periferieprahy.cz\/blog\/wp-content\/uploads\/2025\/04\/zivnosti_4.jpg\" class=\"\" alt=\"\" srcset=\"https:\/\/www.periferieprahy.cz\/blog\/wp-content\/uploads\/2025\/04\/zivnosti_4.jpg 604w, https:\/\/www.periferieprahy.cz\/blog\/wp-content\/uploads\/2025\/04\/zivnosti_4-263x300.jpg 263w\" sizes=\"auto, (max-width: 604px) 100vw, 604px\" \/><span>P\u016fvodn\u00ed popisek pana Mare\u0161e<\/span><\/a><\/div><\/div><div class=\"su-image-carousel-item\"><div class=\"su-image-carousel-item-content\"><a href=\"https:\/\/www.periferieprahy.cz\/blog\/wp-content\/uploads\/2025\/04\/zivnosti_5.jpg\" data-caption=\"Op\u011bt Jarda Hole\u010dek se sv\u00fdm kon\u00edkem a fasu\u0148kem. Bohu\u017eel nev\u00edm, kdo je ten \u010dlov\u011bk za Jardou. [z poz\u016fstalosti p. Mare\u0161e]\"><img loading=\"lazy\" decoding=\"async\" width=\"457\" height=\"636\" src=\"https:\/\/www.periferieprahy.cz\/blog\/wp-content\/uploads\/2025\/04\/zivnosti_5.jpg\" class=\"\" alt=\"\" srcset=\"https:\/\/www.periferieprahy.cz\/blog\/wp-content\/uploads\/2025\/04\/zivnosti_5.jpg 457w, https:\/\/www.periferieprahy.cz\/blog\/wp-content\/uploads\/2025\/04\/zivnosti_5-216x300.jpg 216w\" sizes=\"auto, (max-width: 457px) 100vw, 457px\" \/><span>Op\u011bt Jarda Hole\u010dek se sv\u00fdm kon\u00edkem a fasu\u0148kem. Bohu\u017eel nev\u00edm, kdo je ten \u010dlov\u011bk za Jardou. [z poz\u016fstalosti p. Mare\u0161e]<\/span><\/a><\/div><\/div><div class=\"su-image-carousel-item\"><div class=\"su-image-carousel-item-content\"><a href=\"https:\/\/www.periferieprahy.cz\/blog\/wp-content\/uploads\/2025\/01\/cp3_1.jpg\" data-caption=\"V\u011b\u010dn\u011b usm\u011bvav\u00fd Jarda Hole\u010dek ml\u00edka\u0159 , Olda Vejlupek uhl\u00ed\u0159, kter\u00fd v &quot;Sokolovn\u011b&quot; \u010d.p. 3 provozoval svou \u017eivnost . Bohu\u017eel nev\u00edme, kde fotka vznikla. Nev\u00ed n\u011bkdo co je to za d\u016fm za nimi?  Foto 1935 [z poz\u016fstalosti p. Mare\u0161e]\"><img loading=\"lazy\" decoding=\"async\" width=\"338\" height=\"498\" src=\"https:\/\/www.periferieprahy.cz\/blog\/wp-content\/uploads\/2025\/01\/cp3_1.jpg\" class=\"\" alt=\"\" srcset=\"https:\/\/www.periferieprahy.cz\/blog\/wp-content\/uploads\/2025\/01\/cp3_1.jpg 338w, https:\/\/www.periferieprahy.cz\/blog\/wp-content\/uploads\/2025\/01\/cp3_1-204x300.jpg 204w\" sizes=\"auto, (max-width: 338px) 100vw, 338px\" \/><span>V\u011b\u010dn\u011b usm\u011bvav\u00fd Jarda Hole\u010dek ml\u00edka\u0159 , Olda Vejlupek uhl\u00ed\u0159, kter\u00fd v \"Sokolovn\u011b\" \u010d.p. 3 provozoval svou \u017eivnost . Bohu\u017eel nev\u00edme, kde fotka vznikla. Nev\u00ed n\u011bkdo co je to za d\u016fm za nimi?  Foto 1935 [z poz\u016fstalosti p. Mare\u0161e]<\/span><\/a><\/div><\/div><div class=\"su-image-carousel-item\"><div class=\"su-image-carousel-item-content\"><a href=\"https:\/\/www.periferieprahy.cz\/blog\/wp-content\/uploads\/2025\/04\/zivnosti_3.jpg\" data-caption=\"\u017de obchod s ml\u00edkem byl rentabiln\u00ed sv\u011bd\u010d\u00ed to, \u017ee si Jaroslav Hole\u010dek mohl  pozd\u011bji, kolem roku 1925, po\u0159\u00eddit v r\u00e1mci modernizace i automobil. [z poz\u016fstalosti p. Mare\u0161e]\"><img loading=\"lazy\" decoding=\"async\" width=\"977\" height=\"678\" src=\"https:\/\/www.periferieprahy.cz\/blog\/wp-content\/uploads\/2025\/04\/zivnosti_3.jpg\" class=\"\" alt=\"\" srcset=\"https:\/\/www.periferieprahy.cz\/blog\/wp-content\/uploads\/2025\/04\/zivnosti_3.jpg 977w, https:\/\/www.periferieprahy.cz\/blog\/wp-content\/uploads\/2025\/04\/zivnosti_3-300x208.jpg 300w, https:\/\/www.periferieprahy.cz\/blog\/wp-content\/uploads\/2025\/04\/zivnosti_3-768x533.jpg 768w\" sizes=\"auto, (max-width: 977px) 100vw, 977px\" \/><span>\u017de obchod s ml\u00edkem byl rentabiln\u00ed sv\u011bd\u010d\u00ed to, \u017ee si Jaroslav Hole\u010dek mohl  pozd\u011bji, kolem roku 1925, po\u0159\u00eddit v r\u00e1mci modernizace i automobil. [z poz\u016fstalosti p. Mare\u0161e]<\/span><\/a><\/div><\/div><\/div><script id=\"su_image_carousel_69f3155419cf0_script\">if(window.SUImageCarousel){setTimeout(function() {window.SUImageCarousel.initGallery(document.getElementById(\"su_image_carousel_69f3155419cf0\"))}, 0);}var su_image_carousel_69f3155419cf0_script=document.getElementById(\"su_image_carousel_69f3155419cf0_script\");if(su_image_carousel_69f3155419cf0_script){su_image_carousel_69f3155419cf0_script.parentNode.removeChild(su_image_carousel_69f3155419cf0_script);}<\/script>\n\n\n\n<h2 class=\"wp-block-heading has-text-align-center\">Hole\u010dkovi z \u010d.p. 25 v libock\u00fdch matrik\u00e1ch<\/h2>\n\n\n<div class=\"wp-block-image\">\n<figure data-wp-context=\"{&quot;imageId&quot;:&quot;69f31554120d4&quot;}\" data-wp-interactive=\"core\/image\" data-wp-key=\"69f31554120d4\" class=\"aligncenter size-large is-resized wp-lightbox-container\" id=\"antonin_holecek_anna_1866\"><img loading=\"lazy\" decoding=\"async\" width=\"1024\" height=\"316\" data-wp-class--hide=\"state.isContentHidden\" data-wp-class--show=\"state.isContentVisible\" data-wp-init=\"callbacks.setButtonStyles\" data-wp-on--click=\"actions.showLightbox\" data-wp-on--load=\"callbacks.setButtonStyles\" data-wp-on-window--resize=\"callbacks.setButtonStyles\" src=\"https:\/\/www.periferieprahy.cz\/blog\/wp-content\/uploads\/2025\/04\/cp25.h34-1024x316.jpg\" alt=\"\" class=\"wp-image-2560\" style=\"width:810px;height:auto\" srcset=\"https:\/\/www.periferieprahy.cz\/blog\/wp-content\/uploads\/2025\/04\/cp25.h34-1024x316.jpg 1024w, https:\/\/www.periferieprahy.cz\/blog\/wp-content\/uploads\/2025\/04\/cp25.h34-300x92.jpg 300w, https:\/\/www.periferieprahy.cz\/blog\/wp-content\/uploads\/2025\/04\/cp25.h34-768x237.jpg 768w, https:\/\/www.periferieprahy.cz\/blog\/wp-content\/uploads\/2025\/04\/cp25.h34.jpg 1106w\" sizes=\"auto, (max-width: 1024px) 100vw, 1024px\" \/><button\n\t\t\tclass=\"lightbox-trigger\"\n\t\t\ttype=\"button\"\n\t\t\taria-haspopup=\"dialog\"\n\t\t\taria-label=\"Zv\u011bt\u0161it\"\n\t\t\tdata-wp-init=\"callbacks.initTriggerButton\"\n\t\t\tdata-wp-on--click=\"actions.showLightbox\"\n\t\t\tdata-wp-style--right=\"state.imageButtonRight\"\n\t\t\tdata-wp-style--top=\"state.imageButtonTop\"\n\t\t>\n\t\t\t<svg xmlns=\"http:\/\/www.w3.org\/2000\/svg\" width=\"12\" height=\"12\" fill=\"none\" viewBox=\"0 0 12 12\">\n\t\t\t\t<path fill=\"#fff\" d=\"M2 0a2 2 0 0 0-2 2v2h1.5V2a.5.5 0 0 1 .5-.5h2V0H2Zm2 10.5H2a.5.5 0 0 1-.5-.5V8H0v2a2 2 0 0 0 2 2h2v-1.5ZM8 12v-1.5h2a.5.5 0 0 0 .5-.5V8H12v2a2 2 0 0 1-2 2H8Zm2-12a2 2 0 0 1 2 2v2h-1.5V2a.5.5 0 0 0-.5-.5H8V0h2Z\" \/>\n\t\t\t<\/svg>\n\t\t<\/button><figcaption class=\"wp-element-caption\">\u221e14.2.1866, Liboc Horn\u00ed \u010d. 12 a Liboc Doln\u00ed \u010d. 8; \u017eenich Hole\u010dek Anton\u00edn pomocn\u00edk zednick\u00fd v Liboci Horn\u00ed, syn Jana Hole\u010dka, domk\u00e1\u0159e z Liboce Horn\u00ed \u010d.12 a \u2020Anny roz. Stehl\u00edkov\u00e9 z Liboce Horn\u00ed, v\u011bk 24 1\/2 roku; nev\u011bsta Haurov\u00e1 Anna, dcera \u2020Josefa Haura ml\u00edka\u0159e z Liboce Doln\u00ed \u010d. 8 a Marie roz. Nov\u00e1kov\u00e9 z Hol\u00edn\u011b, v\u011bk 18 let  <\/figcaption><\/figure>\n<\/div>\n\n<div class=\"wp-block-image\">\n<figure data-wp-context=\"{&quot;imageId&quot;:&quot;69f3155412849&quot;}\" data-wp-interactive=\"core\/image\" data-wp-key=\"69f3155412849\" class=\"aligncenter size-full is-resized wp-lightbox-container\"><img loading=\"lazy\" decoding=\"async\" width=\"941\" height=\"246\" data-wp-class--hide=\"state.isContentHidden\" data-wp-class--show=\"state.isContentVisible\" data-wp-init=\"callbacks.setButtonStyles\" data-wp-on--click=\"actions.showLightbox\" data-wp-on--load=\"callbacks.setButtonStyles\" data-wp-on-window--resize=\"callbacks.setButtonStyles\" src=\"https:\/\/www.periferieprahy.cz\/blog\/wp-content\/uploads\/2025\/04\/cp25.h35.jpg\" alt=\"\" class=\"wp-image-2561\" style=\"width:819px;height:auto\" srcset=\"https:\/\/www.periferieprahy.cz\/blog\/wp-content\/uploads\/2025\/04\/cp25.h35.jpg 941w, https:\/\/www.periferieprahy.cz\/blog\/wp-content\/uploads\/2025\/04\/cp25.h35-300x78.jpg 300w, https:\/\/www.periferieprahy.cz\/blog\/wp-content\/uploads\/2025\/04\/cp25.h35-768x201.jpg 768w\" sizes=\"auto, (max-width: 941px) 100vw, 941px\" \/><button\n\t\t\tclass=\"lightbox-trigger\"\n\t\t\ttype=\"button\"\n\t\t\taria-haspopup=\"dialog\"\n\t\t\taria-label=\"Zv\u011bt\u0161it\"\n\t\t\tdata-wp-init=\"callbacks.initTriggerButton\"\n\t\t\tdata-wp-on--click=\"actions.showLightbox\"\n\t\t\tdata-wp-style--right=\"state.imageButtonRight\"\n\t\t\tdata-wp-style--top=\"state.imageButtonTop\"\n\t\t>\n\t\t\t<svg xmlns=\"http:\/\/www.w3.org\/2000\/svg\" width=\"12\" height=\"12\" fill=\"none\" viewBox=\"0 0 12 12\">\n\t\t\t\t<path fill=\"#fff\" d=\"M2 0a2 2 0 0 0-2 2v2h1.5V2a.5.5 0 0 1 .5-.5h2V0H2Zm2 10.5H2a.5.5 0 0 1-.5-.5V8H0v2a2 2 0 0 0 2 2h2v-1.5ZM8 12v-1.5h2a.5.5 0 0 0 .5-.5V8H12v2a2 2 0 0 1-2 2H8Zm2-12a2 2 0 0 1 2 2v2h-1.5V2a.5.5 0 0 0-.5-.5H8V0h2Z\" \/>\n\t\t\t<\/svg>\n\t\t<\/button><\/figure>\n<\/div>\n\n<div class=\"wp-block-image\">\n<figure data-wp-context=\"{&quot;imageId&quot;:&quot;69f3155412e78&quot;}\" data-wp-interactive=\"core\/image\" data-wp-key=\"69f3155412e78\" class=\"aligncenter size-full is-resized wp-lightbox-container\" id=\"frantisek1886\"><img loading=\"lazy\" decoding=\"async\" width=\"930\" height=\"262\" data-wp-class--hide=\"state.isContentHidden\" data-wp-class--show=\"state.isContentVisible\" data-wp-init=\"callbacks.setButtonStyles\" data-wp-on--click=\"actions.showLightbox\" data-wp-on--load=\"callbacks.setButtonStyles\" data-wp-on-window--resize=\"callbacks.setButtonStyles\" src=\"https:\/\/www.periferieprahy.cz\/blog\/wp-content\/uploads\/2025\/04\/cp25.h36.jpg\" alt=\"\" class=\"wp-image-2562\" style=\"width:830px;height:auto\" srcset=\"https:\/\/www.periferieprahy.cz\/blog\/wp-content\/uploads\/2025\/04\/cp25.h36.jpg 930w, https:\/\/www.periferieprahy.cz\/blog\/wp-content\/uploads\/2025\/04\/cp25.h36-300x85.jpg 300w, https:\/\/www.periferieprahy.cz\/blog\/wp-content\/uploads\/2025\/04\/cp25.h36-768x216.jpg 768w\" sizes=\"auto, (max-width: 930px) 100vw, 930px\" \/><button\n\t\t\tclass=\"lightbox-trigger\"\n\t\t\ttype=\"button\"\n\t\t\taria-haspopup=\"dialog\"\n\t\t\taria-label=\"Zv\u011bt\u0161it\"\n\t\t\tdata-wp-init=\"callbacks.initTriggerButton\"\n\t\t\tdata-wp-on--click=\"actions.showLightbox\"\n\t\t\tdata-wp-style--right=\"state.imageButtonRight\"\n\t\t\tdata-wp-style--top=\"state.imageButtonTop\"\n\t\t>\n\t\t\t<svg xmlns=\"http:\/\/www.w3.org\/2000\/svg\" width=\"12\" height=\"12\" fill=\"none\" viewBox=\"0 0 12 12\">\n\t\t\t\t<path fill=\"#fff\" d=\"M2 0a2 2 0 0 0-2 2v2h1.5V2a.5.5 0 0 1 .5-.5h2V0H2Zm2 10.5H2a.5.5 0 0 1-.5-.5V8H0v2a2 2 0 0 0 2 2h2v-1.5ZM8 12v-1.5h2a.5.5 0 0 0 .5-.5V8H12v2a2 2 0 0 1-2 2H8Zm2-12a2 2 0 0 1 2 2v2h-1.5V2a.5.5 0 0 0-.5-.5H8V0h2Z\" \/>\n\t\t\t<\/svg>\n\t\t<\/button><figcaption class=\"wp-element-caption\">Franti\u0161ek; *5.7.1886; otec Anton\u00edn Hole\u010dek pomocn\u00edk zednick\u00fd v Liboci Doln\u00ed \u010d. 25, syn Jana Hole\u010dka, domk\u00e1\u0159e z Liboce Horn\u00ed \u010d. 12 a Anny roz. Stehl\u00edkov\u00e9; matka Anna Haurov\u00e1 dcera Josefa Haura ml\u00edka\u0159e z Liboce Doln\u00ed \u010d. 8 a Marie roz. Nov\u00e1kov\u00e9 z Hol\u00edn\u011b.<\/figcaption><\/figure>\n<\/div>\n\n<div class=\"wp-block-image\">\n<figure data-wp-context=\"{&quot;imageId&quot;:&quot;69f31554134cb&quot;}\" data-wp-interactive=\"core\/image\" data-wp-key=\"69f31554134cb\" class=\"aligncenter size-large is-resized wp-lightbox-container\" id=\"frantisek_holecek_ruzena_1911\"><img loading=\"lazy\" decoding=\"async\" width=\"1024\" height=\"216\" data-wp-class--hide=\"state.isContentHidden\" data-wp-class--show=\"state.isContentVisible\" data-wp-init=\"callbacks.setButtonStyles\" data-wp-on--click=\"actions.showLightbox\" data-wp-on--load=\"callbacks.setButtonStyles\" data-wp-on-window--resize=\"callbacks.setButtonStyles\" src=\"https:\/\/www.periferieprahy.cz\/blog\/wp-content\/uploads\/2025\/04\/cp25.h37-1024x216.jpg\" alt=\"\" class=\"wp-image-2563\" style=\"width:844px;height:auto\" srcset=\"https:\/\/www.periferieprahy.cz\/blog\/wp-content\/uploads\/2025\/04\/cp25.h37-1024x216.jpg 1024w, https:\/\/www.periferieprahy.cz\/blog\/wp-content\/uploads\/2025\/04\/cp25.h37-300x63.jpg 300w, https:\/\/www.periferieprahy.cz\/blog\/wp-content\/uploads\/2025\/04\/cp25.h37-768x162.jpg 768w, https:\/\/www.periferieprahy.cz\/blog\/wp-content\/uploads\/2025\/04\/cp25.h37.jpg 1101w\" sizes=\"auto, (max-width: 1024px) 100vw, 1024px\" \/><button\n\t\t\tclass=\"lightbox-trigger\"\n\t\t\ttype=\"button\"\n\t\t\taria-haspopup=\"dialog\"\n\t\t\taria-label=\"Zv\u011bt\u0161it\"\n\t\t\tdata-wp-init=\"callbacks.initTriggerButton\"\n\t\t\tdata-wp-on--click=\"actions.showLightbox\"\n\t\t\tdata-wp-style--right=\"state.imageButtonRight\"\n\t\t\tdata-wp-style--top=\"state.imageButtonTop\"\n\t\t>\n\t\t\t<svg xmlns=\"http:\/\/www.w3.org\/2000\/svg\" width=\"12\" height=\"12\" fill=\"none\" viewBox=\"0 0 12 12\">\n\t\t\t\t<path fill=\"#fff\" d=\"M2 0a2 2 0 0 0-2 2v2h1.5V2a.5.5 0 0 1 .5-.5h2V0H2Zm2 10.5H2a.5.5 0 0 1-.5-.5V8H0v2a2 2 0 0 0 2 2h2v-1.5ZM8 12v-1.5h2a.5.5 0 0 0 .5-.5V8H12v2a2 2 0 0 1-2 2H8Zm2-12a2 2 0 0 1 2 2v2h-1.5V2a.5.5 0 0 0-.5-.5H8V0h2Z\" \/>\n\t\t\t<\/svg>\n\t\t<\/button><figcaption class=\"wp-element-caption\">\u221e21.5.1911; \u017eenich Franti\u0161ek Hole\u010dek, zedn\u00edk, syn Anton\u00edna Hole\u010dka obchodn\u00edka s ml\u00e9kem v Doln\u00ed Liboci \u010d. 25 a Anny roz. Haurov\u00e9 z Doln\u00ed Liboce \u010d. 8, v\u011bk 24  1\/4roku; nev\u011bsta R\u016f\u017eena Ko\u0161a\u0159ov\u00e1, nar. v \u0160\u00e1rce \u010d. 21, dcera Franti\u0161ka Ko\u0161a\u0159e, z\u00e1me\u010dn\u00edka ve Veleslav\u00edn\u011b \u010d. 14 v\u011bk 22 let. <\/figcaption><\/figure>\n<\/div>\n\n<div class=\"wp-block-image\">\n<figure data-wp-context=\"{&quot;imageId&quot;:&quot;69f3155413b59&quot;}\" data-wp-interactive=\"core\/image\" data-wp-key=\"69f3155413b59\" class=\"aligncenter size-large is-resized wp-lightbox-container\"><img loading=\"lazy\" decoding=\"async\" width=\"1024\" height=\"241\" data-wp-class--hide=\"state.isContentHidden\" data-wp-class--show=\"state.isContentVisible\" data-wp-init=\"callbacks.setButtonStyles\" data-wp-on--click=\"actions.showLightbox\" data-wp-on--load=\"callbacks.setButtonStyles\" data-wp-on-window--resize=\"callbacks.setButtonStyles\" src=\"https:\/\/www.periferieprahy.cz\/blog\/wp-content\/uploads\/2025\/04\/cp25.h28-1024x241.jpg\" alt=\"\" class=\"wp-image-2554\" style=\"width:844px;height:auto\" srcset=\"https:\/\/www.periferieprahy.cz\/blog\/wp-content\/uploads\/2025\/04\/cp25.h28-1024x241.jpg 1024w, https:\/\/www.periferieprahy.cz\/blog\/wp-content\/uploads\/2025\/04\/cp25.h28-300x71.jpg 300w, https:\/\/www.periferieprahy.cz\/blog\/wp-content\/uploads\/2025\/04\/cp25.h28-768x181.jpg 768w, https:\/\/www.periferieprahy.cz\/blog\/wp-content\/uploads\/2025\/04\/cp25.h28.jpg 1038w\" sizes=\"auto, (max-width: 1024px) 100vw, 1024px\" \/><button\n\t\t\tclass=\"lightbox-trigger\"\n\t\t\ttype=\"button\"\n\t\t\taria-haspopup=\"dialog\"\n\t\t\taria-label=\"Zv\u011bt\u0161it\"\n\t\t\tdata-wp-init=\"callbacks.initTriggerButton\"\n\t\t\tdata-wp-on--click=\"actions.showLightbox\"\n\t\t\tdata-wp-style--right=\"state.imageButtonRight\"\n\t\t\tdata-wp-style--top=\"state.imageButtonTop\"\n\t\t>\n\t\t\t<svg xmlns=\"http:\/\/www.w3.org\/2000\/svg\" width=\"12\" height=\"12\" fill=\"none\" viewBox=\"0 0 12 12\">\n\t\t\t\t<path fill=\"#fff\" d=\"M2 0a2 2 0 0 0-2 2v2h1.5V2a.5.5 0 0 1 .5-.5h2V0H2Zm2 10.5H2a.5.5 0 0 1-.5-.5V8H0v2a2 2 0 0 0 2 2h2v-1.5ZM8 12v-1.5h2a.5.5 0 0 0 .5-.5V8H12v2a2 2 0 0 1-2 2H8Zm2-12a2 2 0 0 1 2 2v2h-1.5V2a.5.5 0 0 0-.5-.5H8V0h2Z\" \/>\n\t\t\t<\/svg>\n\t\t<\/button><\/figure>\n<\/div>\n\n<div class=\"wp-block-image\">\n<figure data-wp-context=\"{&quot;imageId&quot;:&quot;69f31554140a7&quot;}\" data-wp-interactive=\"core\/image\" data-wp-key=\"69f31554140a7\" class=\"aligncenter size-large is-resized wp-lightbox-container\" id=\"antonin1889\"><img loading=\"lazy\" decoding=\"async\" width=\"1024\" height=\"281\" data-wp-class--hide=\"state.isContentHidden\" data-wp-class--show=\"state.isContentVisible\" data-wp-init=\"callbacks.setButtonStyles\" data-wp-on--click=\"actions.showLightbox\" data-wp-on--load=\"callbacks.setButtonStyles\" data-wp-on-window--resize=\"callbacks.setButtonStyles\" src=\"https:\/\/www.periferieprahy.cz\/blog\/wp-content\/uploads\/2025\/04\/cp25.h29-1024x281.jpg\" alt=\"\" class=\"wp-image-2555\" style=\"width:852px;height:auto\" srcset=\"https:\/\/www.periferieprahy.cz\/blog\/wp-content\/uploads\/2025\/04\/cp25.h29-1024x281.jpg 1024w, https:\/\/www.periferieprahy.cz\/blog\/wp-content\/uploads\/2025\/04\/cp25.h29-300x82.jpg 300w, https:\/\/www.periferieprahy.cz\/blog\/wp-content\/uploads\/2025\/04\/cp25.h29-768x211.jpg 768w, https:\/\/www.periferieprahy.cz\/blog\/wp-content\/uploads\/2025\/04\/cp25.h29.jpg 1032w\" sizes=\"auto, (max-width: 1024px) 100vw, 1024px\" \/><button\n\t\t\tclass=\"lightbox-trigger\"\n\t\t\ttype=\"button\"\n\t\t\taria-haspopup=\"dialog\"\n\t\t\taria-label=\"Zv\u011bt\u0161it\"\n\t\t\tdata-wp-init=\"callbacks.initTriggerButton\"\n\t\t\tdata-wp-on--click=\"actions.showLightbox\"\n\t\t\tdata-wp-style--right=\"state.imageButtonRight\"\n\t\t\tdata-wp-style--top=\"state.imageButtonTop\"\n\t\t>\n\t\t\t<svg xmlns=\"http:\/\/www.w3.org\/2000\/svg\" width=\"12\" height=\"12\" fill=\"none\" viewBox=\"0 0 12 12\">\n\t\t\t\t<path fill=\"#fff\" d=\"M2 0a2 2 0 0 0-2 2v2h1.5V2a.5.5 0 0 1 .5-.5h2V0H2Zm2 10.5H2a.5.5 0 0 1-.5-.5V8H0v2a2 2 0 0 0 2 2h2v-1.5ZM8 12v-1.5h2a.5.5 0 0 0 .5-.5V8H12v2a2 2 0 0 1-2 2H8Zm2-12a2 2 0 0 1 2 2v2h-1.5V2a.5.5 0 0 0-.5-.5H8V0h2Z\" \/>\n\t\t\t<\/svg>\n\t\t<\/button><figcaption class=\"wp-element-caption\">Anton\u00edn *24.5.1889; otec Anton\u00edn Hole\u010dek pomocn\u00edk zednick\u00fd v Liboci Doln\u00ed \u010d. 25, syn Jana Hole\u010dka, domk\u00e1\u0159e z Liboce Horn\u00ed \u010d. 12 a Anny roz. Stehl\u00edkov\u00e9; matka Anna Haurov\u00e1 dcera Josefa Haura ml\u00edka\u0159e z Liboce Doln\u00ed \u010d. 8 a Marie roz. Nov\u00e1kov\u00e9 z Hol\u00edn\u011b.<\/figcaption><\/figure>\n<\/div>\n\n<div class=\"wp-block-image\">\n<figure data-wp-context=\"{&quot;imageId&quot;:&quot;69f315541477d&quot;}\" data-wp-interactive=\"core\/image\" data-wp-key=\"69f315541477d\" class=\"aligncenter size-full is-resized wp-lightbox-container\" id=\"antonin_holecek_ruzena_1912\"><img loading=\"lazy\" decoding=\"async\" width=\"974\" height=\"231\" data-wp-class--hide=\"state.isContentHidden\" data-wp-class--show=\"state.isContentVisible\" data-wp-init=\"callbacks.setButtonStyles\" data-wp-on--click=\"actions.showLightbox\" data-wp-on--load=\"callbacks.setButtonStyles\" data-wp-on-window--resize=\"callbacks.setButtonStyles\" src=\"https:\/\/www.periferieprahy.cz\/blog\/wp-content\/uploads\/2025\/04\/cp25.h38.jpg\" alt=\"\" class=\"wp-image-2564\" style=\"width:856px;height:auto\" srcset=\"https:\/\/www.periferieprahy.cz\/blog\/wp-content\/uploads\/2025\/04\/cp25.h38.jpg 974w, https:\/\/www.periferieprahy.cz\/blog\/wp-content\/uploads\/2025\/04\/cp25.h38-300x71.jpg 300w, https:\/\/www.periferieprahy.cz\/blog\/wp-content\/uploads\/2025\/04\/cp25.h38-768x182.jpg 768w\" sizes=\"auto, (max-width: 974px) 100vw, 974px\" \/><button\n\t\t\tclass=\"lightbox-trigger\"\n\t\t\ttype=\"button\"\n\t\t\taria-haspopup=\"dialog\"\n\t\t\taria-label=\"Zv\u011bt\u0161it\"\n\t\t\tdata-wp-init=\"callbacks.initTriggerButton\"\n\t\t\tdata-wp-on--click=\"actions.showLightbox\"\n\t\t\tdata-wp-style--right=\"state.imageButtonRight\"\n\t\t\tdata-wp-style--top=\"state.imageButtonTop\"\n\t\t>\n\t\t\t<svg xmlns=\"http:\/\/www.w3.org\/2000\/svg\" width=\"12\" height=\"12\" fill=\"none\" viewBox=\"0 0 12 12\">\n\t\t\t\t<path fill=\"#fff\" d=\"M2 0a2 2 0 0 0-2 2v2h1.5V2a.5.5 0 0 1 .5-.5h2V0H2Zm2 10.5H2a.5.5 0 0 1-.5-.5V8H0v2a2 2 0 0 0 2 2h2v-1.5ZM8 12v-1.5h2a.5.5 0 0 0 .5-.5V8H12v2a2 2 0 0 1-2 2H8Zm2-12a2 2 0 0 1 2 2v2h-1.5V2a.5.5 0 0 0-.5-.5H8V0h2Z\" \/>\n\t\t\t<\/svg>\n\t\t<\/button><figcaption class=\"wp-element-caption\">\u221e27.10.1912; Doln\u00ed Liboc \u010d. 25, Veleslav\u00edn \u010d. 2; \u017eenich Anton\u00edn Hole\u010dek, tesa\u0159 v Doln\u00ed Liboci \u010d. 25 syn Anton\u00edna Hole\u010dka obchodn\u00edka s ml\u00e9kem v Doln\u00ed Liboci \u010d. 25 a Anny roz. Haurov\u00e9 z Doln\u00ed Liboce \u010d. 8, v\u011bk 24  1\/4roku; nev\u011bsta R\u016f\u017eena N\u011bme\u010dkov\u00e1 z Veleslav\u00edna, narozen\u00e1 v Podbab\u011b \u010d 34 rodi\u010d\u016f Franti\u0161ka N\u011bme\u010dka a Anna roz. Mal\u00e9.   <\/figcaption><\/figure>\n<\/div>\n\n<div class=\"wp-block-image\">\n<figure data-wp-context=\"{&quot;imageId&quot;:&quot;69f3155414d39&quot;}\" data-wp-interactive=\"core\/image\" data-wp-key=\"69f3155414d39\" class=\"aligncenter size-large is-resized wp-lightbox-container\"><img loading=\"lazy\" decoding=\"async\" width=\"1024\" height=\"256\" data-wp-class--hide=\"state.isContentHidden\" data-wp-class--show=\"state.isContentVisible\" data-wp-init=\"callbacks.setButtonStyles\" data-wp-on--click=\"actions.showLightbox\" data-wp-on--load=\"callbacks.setButtonStyles\" data-wp-on-window--resize=\"callbacks.setButtonStyles\" src=\"https:\/\/www.periferieprahy.cz\/blog\/wp-content\/uploads\/2025\/04\/cp25.h30-1024x256.jpg\" alt=\"\" class=\"wp-image-2556\" style=\"width:856px;height:auto\" srcset=\"https:\/\/www.periferieprahy.cz\/blog\/wp-content\/uploads\/2025\/04\/cp25.h30-1024x256.jpg 1024w, https:\/\/www.periferieprahy.cz\/blog\/wp-content\/uploads\/2025\/04\/cp25.h30-300x75.jpg 300w, https:\/\/www.periferieprahy.cz\/blog\/wp-content\/uploads\/2025\/04\/cp25.h30-768x192.jpg 768w, https:\/\/www.periferieprahy.cz\/blog\/wp-content\/uploads\/2025\/04\/cp25.h30.jpg 1064w\" sizes=\"auto, (max-width: 1024px) 100vw, 1024px\" \/><button\n\t\t\tclass=\"lightbox-trigger\"\n\t\t\ttype=\"button\"\n\t\t\taria-haspopup=\"dialog\"\n\t\t\taria-label=\"Zv\u011bt\u0161it\"\n\t\t\tdata-wp-init=\"callbacks.initTriggerButton\"\n\t\t\tdata-wp-on--click=\"actions.showLightbox\"\n\t\t\tdata-wp-style--right=\"state.imageButtonRight\"\n\t\t\tdata-wp-style--top=\"state.imageButtonTop\"\n\t\t>\n\t\t\t<svg xmlns=\"http:\/\/www.w3.org\/2000\/svg\" width=\"12\" height=\"12\" fill=\"none\" viewBox=\"0 0 12 12\">\n\t\t\t\t<path fill=\"#fff\" d=\"M2 0a2 2 0 0 0-2 2v2h1.5V2a.5.5 0 0 1 .5-.5h2V0H2Zm2 10.5H2a.5.5 0 0 1-.5-.5V8H0v2a2 2 0 0 0 2 2h2v-1.5ZM8 12v-1.5h2a.5.5 0 0 0 .5-.5V8H12v2a2 2 0 0 1-2 2H8Zm2-12a2 2 0 0 1 2 2v2h-1.5V2a.5.5 0 0 0-.5-.5H8V0h2Z\" \/>\n\t\t\t<\/svg>\n\t\t<\/button><\/figure>\n<\/div>\n\n<div class=\"wp-block-image\">\n<figure data-wp-context=\"{&quot;imageId&quot;:&quot;69f315541536e&quot;}\" data-wp-interactive=\"core\/image\" data-wp-key=\"69f315541536e\" class=\"aligncenter size-large is-resized wp-lightbox-container\" id=\"josef1891\"><img loading=\"lazy\" decoding=\"async\" width=\"1024\" height=\"248\" data-wp-class--hide=\"state.isContentHidden\" data-wp-class--show=\"state.isContentVisible\" data-wp-init=\"callbacks.setButtonStyles\" data-wp-on--click=\"actions.showLightbox\" data-wp-on--load=\"callbacks.setButtonStyles\" data-wp-on-window--resize=\"callbacks.setButtonStyles\" src=\"https:\/\/www.periferieprahy.cz\/blog\/wp-content\/uploads\/2025\/04\/cp25.h31-1024x248.jpg\" alt=\"\" class=\"wp-image-2557\" style=\"width:862px;height:auto\" srcset=\"https:\/\/www.periferieprahy.cz\/blog\/wp-content\/uploads\/2025\/04\/cp25.h31-1024x248.jpg 1024w, https:\/\/www.periferieprahy.cz\/blog\/wp-content\/uploads\/2025\/04\/cp25.h31-300x73.jpg 300w, https:\/\/www.periferieprahy.cz\/blog\/wp-content\/uploads\/2025\/04\/cp25.h31-768x186.jpg 768w, https:\/\/www.periferieprahy.cz\/blog\/wp-content\/uploads\/2025\/04\/cp25.h31.jpg 1048w\" sizes=\"auto, (max-width: 1024px) 100vw, 1024px\" \/><button\n\t\t\tclass=\"lightbox-trigger\"\n\t\t\ttype=\"button\"\n\t\t\taria-haspopup=\"dialog\"\n\t\t\taria-label=\"Zv\u011bt\u0161it\"\n\t\t\tdata-wp-init=\"callbacks.initTriggerButton\"\n\t\t\tdata-wp-on--click=\"actions.showLightbox\"\n\t\t\tdata-wp-style--right=\"state.imageButtonRight\"\n\t\t\tdata-wp-style--top=\"state.imageButtonTop\"\n\t\t>\n\t\t\t<svg xmlns=\"http:\/\/www.w3.org\/2000\/svg\" width=\"12\" height=\"12\" fill=\"none\" viewBox=\"0 0 12 12\">\n\t\t\t\t<path fill=\"#fff\" d=\"M2 0a2 2 0 0 0-2 2v2h1.5V2a.5.5 0 0 1 .5-.5h2V0H2Zm2 10.5H2a.5.5 0 0 1-.5-.5V8H0v2a2 2 0 0 0 2 2h2v-1.5ZM8 12v-1.5h2a.5.5 0 0 0 .5-.5V8H12v2a2 2 0 0 1-2 2H8Zm2-12a2 2 0 0 1 2 2v2h-1.5V2a.5.5 0 0 0-.5-.5H8V0h2Z\" \/>\n\t\t\t<\/svg>\n\t\t<\/button><figcaption class=\"wp-element-caption\">Josef *5.4.1891; otec Anton\u00edn Hole\u010dek pomocn\u00edk zednick\u00fd v Liboci Doln\u00ed \u010d. 25, syn Jana Hole\u010dka, domk\u00e1\u0159e z Liboce Horn\u00ed \u010d. 12 a Anny roz. Stehl\u00edkov\u00e9; matka Anna Haurov\u00e1 dcera Josefa Haura ml\u00edka\u0159e z Liboce Doln\u00ed \u010d. 8 a Marie roz. Nov\u00e1kov\u00e9 z Hol\u00edn\u011b.<\/figcaption><\/figure>\n<\/div>\n\n<div class=\"wp-block-image\">\n<figure data-wp-context=\"{&quot;imageId&quot;:&quot;69f3155415e59&quot;}\" data-wp-interactive=\"core\/image\" data-wp-key=\"69f3155415e59\" class=\"aligncenter size-large is-resized wp-lightbox-container\" id=\"josef_holecek_Anna_1914\"><img loading=\"lazy\" decoding=\"async\" width=\"1024\" height=\"206\" data-wp-class--hide=\"state.isContentHidden\" data-wp-class--show=\"state.isContentVisible\" data-wp-init=\"callbacks.setButtonStyles\" data-wp-on--click=\"actions.showLightbox\" data-wp-on--load=\"callbacks.setButtonStyles\" data-wp-on-window--resize=\"callbacks.setButtonStyles\" src=\"https:\/\/www.periferieprahy.cz\/blog\/wp-content\/uploads\/2025\/04\/cp25.h39-1024x206.jpg\" alt=\"\" class=\"wp-image-2565\" style=\"width:864px;height:auto\" srcset=\"https:\/\/www.periferieprahy.cz\/blog\/wp-content\/uploads\/2025\/04\/cp25.h39-1024x206.jpg 1024w, https:\/\/www.periferieprahy.cz\/blog\/wp-content\/uploads\/2025\/04\/cp25.h39-300x60.jpg 300w, https:\/\/www.periferieprahy.cz\/blog\/wp-content\/uploads\/2025\/04\/cp25.h39-768x155.jpg 768w, https:\/\/www.periferieprahy.cz\/blog\/wp-content\/uploads\/2025\/04\/cp25.h39.jpg 1093w\" sizes=\"auto, (max-width: 1024px) 100vw, 1024px\" \/><button\n\t\t\tclass=\"lightbox-trigger\"\n\t\t\ttype=\"button\"\n\t\t\taria-haspopup=\"dialog\"\n\t\t\taria-label=\"Zv\u011bt\u0161it\"\n\t\t\tdata-wp-init=\"callbacks.initTriggerButton\"\n\t\t\tdata-wp-on--click=\"actions.showLightbox\"\n\t\t\tdata-wp-style--right=\"state.imageButtonRight\"\n\t\t\tdata-wp-style--top=\"state.imageButtonTop\"\n\t\t>\n\t\t\t<svg xmlns=\"http:\/\/www.w3.org\/2000\/svg\" width=\"12\" height=\"12\" fill=\"none\" viewBox=\"0 0 12 12\">\n\t\t\t\t<path fill=\"#fff\" d=\"M2 0a2 2 0 0 0-2 2v2h1.5V2a.5.5 0 0 1 .5-.5h2V0H2Zm2 10.5H2a.5.5 0 0 1-.5-.5V8H0v2a2 2 0 0 0 2 2h2v-1.5ZM8 12v-1.5h2a.5.5 0 0 0 .5-.5V8H12v2a2 2 0 0 1-2 2H8Zm2-12a2 2 0 0 1 2 2v2h-1.5V2a.5.5 0 0 0-.5-.5H8V0h2Z\" \/>\n\t\t\t<\/svg>\n\t\t<\/button><figcaption class=\"wp-element-caption\">\u221e12.5.1914; Doln\u00ed Liboc \u010d. 25, Kn\u011b\u017eeves \u010d. 23; \u017eenich Josef Hole\u010dek, zedn\u00edk v Doln\u00ed Liboci \u010d. 25  syn Anton\u00edna Hole\u010dka obchodn\u00edka s ml\u00e9kem v Doln\u00ed Liboci \u010d. 25 a Anny roz. Haurov\u00e9 z Doln\u00ed Liboce \u010d. 8, v\u011bk 23 let; nev\u011bsta Anna Sta\u0148kov\u00e1 v Kn\u011b\u017eevsi \u010d. 23 dcera Anton\u00edna Stehl\u00edka, zedn\u00edka v Kn\u011b\u017eevsi \u010d. 53 a Antonie roz. Kindlov\u00e9. <\/figcaption><\/figure>\n<\/div>\n\n<div class=\"wp-block-image\">\n<figure data-wp-context=\"{&quot;imageId&quot;:&quot;69f31554168c2&quot;}\" data-wp-interactive=\"core\/image\" data-wp-key=\"69f31554168c2\" class=\"aligncenter size-large is-resized wp-lightbox-container\"><img loading=\"lazy\" decoding=\"async\" width=\"1024\" height=\"308\" data-wp-class--hide=\"state.isContentHidden\" data-wp-class--show=\"state.isContentVisible\" data-wp-init=\"callbacks.setButtonStyles\" data-wp-on--click=\"actions.showLightbox\" data-wp-on--load=\"callbacks.setButtonStyles\" data-wp-on-window--resize=\"callbacks.setButtonStyles\" src=\"https:\/\/www.periferieprahy.cz\/blog\/wp-content\/uploads\/2025\/04\/cp25.h32-1024x308.jpg\" alt=\"\" class=\"wp-image-2558\" style=\"width:858px;height:auto\" srcset=\"https:\/\/www.periferieprahy.cz\/blog\/wp-content\/uploads\/2025\/04\/cp25.h32-1024x308.jpg 1024w, https:\/\/www.periferieprahy.cz\/blog\/wp-content\/uploads\/2025\/04\/cp25.h32-300x90.jpg 300w, https:\/\/www.periferieprahy.cz\/blog\/wp-content\/uploads\/2025\/04\/cp25.h32-768x231.jpg 768w, https:\/\/www.periferieprahy.cz\/blog\/wp-content\/uploads\/2025\/04\/cp25.h32.jpg 1029w\" sizes=\"auto, (max-width: 1024px) 100vw, 1024px\" \/><button\n\t\t\tclass=\"lightbox-trigger\"\n\t\t\ttype=\"button\"\n\t\t\taria-haspopup=\"dialog\"\n\t\t\taria-label=\"Zv\u011bt\u0161it\"\n\t\t\tdata-wp-init=\"callbacks.initTriggerButton\"\n\t\t\tdata-wp-on--click=\"actions.showLightbox\"\n\t\t\tdata-wp-style--right=\"state.imageButtonRight\"\n\t\t\tdata-wp-style--top=\"state.imageButtonTop\"\n\t\t>\n\t\t\t<svg xmlns=\"http:\/\/www.w3.org\/2000\/svg\" width=\"12\" height=\"12\" fill=\"none\" viewBox=\"0 0 12 12\">\n\t\t\t\t<path fill=\"#fff\" d=\"M2 0a2 2 0 0 0-2 2v2h1.5V2a.5.5 0 0 1 .5-.5h2V0H2Zm2 10.5H2a.5.5 0 0 1-.5-.5V8H0v2a2 2 0 0 0 2 2h2v-1.5ZM8 12v-1.5h2a.5.5 0 0 0 .5-.5V8H12v2a2 2 0 0 1-2 2H8Zm2-12a2 2 0 0 1 2 2v2h-1.5V2a.5.5 0 0 0-.5-.5H8V0h2Z\" \/>\n\t\t\t<\/svg>\n\t\t<\/button><\/figure>\n<\/div>\n\n<div class=\"wp-block-image\">\n<figure data-wp-context=\"{&quot;imageId&quot;:&quot;69f3155416f14&quot;}\" data-wp-interactive=\"core\/image\" data-wp-key=\"69f3155416f14\" class=\"aligncenter size-large is-resized wp-lightbox-container\" id=\"jaroslav1899\"><img loading=\"lazy\" decoding=\"async\" width=\"1024\" height=\"288\" data-wp-class--hide=\"state.isContentHidden\" data-wp-class--show=\"state.isContentVisible\" data-wp-init=\"callbacks.setButtonStyles\" data-wp-on--click=\"actions.showLightbox\" data-wp-on--load=\"callbacks.setButtonStyles\" data-wp-on-window--resize=\"callbacks.setButtonStyles\" src=\"https:\/\/www.periferieprahy.cz\/blog\/wp-content\/uploads\/2025\/04\/cp25.h33-1024x288.jpg\" alt=\"\" class=\"wp-image-2559\" style=\"width:852px;height:auto\" srcset=\"https:\/\/www.periferieprahy.cz\/blog\/wp-content\/uploads\/2025\/04\/cp25.h33-1024x288.jpg 1024w, https:\/\/www.periferieprahy.cz\/blog\/wp-content\/uploads\/2025\/04\/cp25.h33-300x84.jpg 300w, https:\/\/www.periferieprahy.cz\/blog\/wp-content\/uploads\/2025\/04\/cp25.h33-768x216.jpg 768w, https:\/\/www.periferieprahy.cz\/blog\/wp-content\/uploads\/2025\/04\/cp25.h33.jpg 1091w\" sizes=\"auto, (max-width: 1024px) 100vw, 1024px\" \/><button\n\t\t\tclass=\"lightbox-trigger\"\n\t\t\ttype=\"button\"\n\t\t\taria-haspopup=\"dialog\"\n\t\t\taria-label=\"Zv\u011bt\u0161it\"\n\t\t\tdata-wp-init=\"callbacks.initTriggerButton\"\n\t\t\tdata-wp-on--click=\"actions.showLightbox\"\n\t\t\tdata-wp-style--right=\"state.imageButtonRight\"\n\t\t\tdata-wp-style--top=\"state.imageButtonTop\"\n\t\t>\n\t\t\t<svg xmlns=\"http:\/\/www.w3.org\/2000\/svg\" width=\"12\" height=\"12\" fill=\"none\" viewBox=\"0 0 12 12\">\n\t\t\t\t<path fill=\"#fff\" d=\"M2 0a2 2 0 0 0-2 2v2h1.5V2a.5.5 0 0 1 .5-.5h2V0H2Zm2 10.5H2a.5.5 0 0 1-.5-.5V8H0v2a2 2 0 0 0 2 2h2v-1.5ZM8 12v-1.5h2a.5.5 0 0 0 .5-.5V8H12v2a2 2 0 0 1-2 2H8Zm2-12a2 2 0 0 1 2 2v2h-1.5V2a.5.5 0 0 0-.5-.5H8V0h2Z\" \/>\n\t\t\t<\/svg>\n\t\t<\/button><figcaption class=\"wp-element-caption\">Jaroslav *17.11.1899; otec Anton\u00edn Hole\u010dek obchodn\u00edk s ml\u00e9kem v Liboci Doln\u00ed \u010d. 25, syn Jana Hole\u010dka, domk\u00e1\u0159e z Liboce Horn\u00ed \u010d. 12 a Anny roz. Stehl\u00edkov\u00e9 z Horn\u00ed Liboce \u010d.11; matka Anna Haurov\u00e1 dcera \u2020Josefa Haura ml\u00edka\u0159e z Liboce Doln\u00ed \u010d. 8 a Marie roz. Nov\u00e1kov\u00e9 z Hol\u00edn\u011b.<\/figcaption><\/figure>\n<\/div>\n\n<div class=\"wp-block-image\">\n<figure data-wp-context=\"{&quot;imageId&quot;:&quot;69f315541757c&quot;}\" data-wp-interactive=\"core\/image\" data-wp-key=\"69f315541757c\" class=\"aligncenter size-large is-resized wp-lightbox-container\" id=\"jaroslav_holecek_emilie_1922\"><img loading=\"lazy\" decoding=\"async\" width=\"1024\" height=\"314\" data-wp-class--hide=\"state.isContentHidden\" data-wp-class--show=\"state.isContentVisible\" data-wp-init=\"callbacks.setButtonStyles\" data-wp-on--click=\"actions.showLightbox\" data-wp-on--load=\"callbacks.setButtonStyles\" data-wp-on-window--resize=\"callbacks.setButtonStyles\" src=\"https:\/\/www.periferieprahy.cz\/blog\/wp-content\/uploads\/2025\/04\/cp25.h40-1024x314.jpg\" alt=\"\" class=\"wp-image-2566\" style=\"width:848px;height:auto\" srcset=\"https:\/\/www.periferieprahy.cz\/blog\/wp-content\/uploads\/2025\/04\/cp25.h40-1024x314.jpg 1024w, https:\/\/www.periferieprahy.cz\/blog\/wp-content\/uploads\/2025\/04\/cp25.h40-300x92.jpg 300w, https:\/\/www.periferieprahy.cz\/blog\/wp-content\/uploads\/2025\/04\/cp25.h40-768x236.jpg 768w, https:\/\/www.periferieprahy.cz\/blog\/wp-content\/uploads\/2025\/04\/cp25.h40.jpg 1053w\" sizes=\"auto, (max-width: 1024px) 100vw, 1024px\" \/><button\n\t\t\tclass=\"lightbox-trigger\"\n\t\t\ttype=\"button\"\n\t\t\taria-haspopup=\"dialog\"\n\t\t\taria-label=\"Zv\u011bt\u0161it\"\n\t\t\tdata-wp-init=\"callbacks.initTriggerButton\"\n\t\t\tdata-wp-on--click=\"actions.showLightbox\"\n\t\t\tdata-wp-style--right=\"state.imageButtonRight\"\n\t\t\tdata-wp-style--top=\"state.imageButtonTop\"\n\t\t>\n\t\t\t<svg xmlns=\"http:\/\/www.w3.org\/2000\/svg\" width=\"12\" height=\"12\" fill=\"none\" viewBox=\"0 0 12 12\">\n\t\t\t\t<path fill=\"#fff\" d=\"M2 0a2 2 0 0 0-2 2v2h1.5V2a.5.5 0 0 1 .5-.5h2V0H2Zm2 10.5H2a.5.5 0 0 1-.5-.5V8H0v2a2 2 0 0 0 2 2h2v-1.5ZM8 12v-1.5h2a.5.5 0 0 0 .5-.5V8H12v2a2 2 0 0 1-2 2H8Zm2-12a2 2 0 0 1 2 2v2h-1.5V2a.5.5 0 0 0-.5-.5H8V0h2Z\" \/>\n\t\t\t<\/svg>\n\t\t<\/button><figcaption class=\"wp-element-caption\">\u221e30.3.1922; Doln\u00ed Liboc \u010d.25; \u017eenich Jaroslav Hole\u010dek, obchodn\u00ed zam\u011bstnanec v Doln\u00ed Liboci \u010d. 25 syn Anton\u00edna Hole\u010dka obchodn\u00edka s ml\u00e9kem v Doln\u00ed Liboci \u010d. 25 a Anny roz. Haurov\u00e9 z Doln\u00ed Liboce \u010d. 8, v\u011bk 22 let; nev\u011bsta Em\u00edlie H\u00e1jkov\u00e1 v Doln\u00ed Liboci \u010d. 26 narozen\u00e1 v Horn\u00ed Liboci \u010d. 15 dcera Josefa H\u00e1jka obchodn\u00edho zam\u011bstnance a domovn\u00edka v D. Liboci \u010d. 26 a Barbory roz. Feierfielov\u00e9 z Horn\u00ed Liboce \u010d.24, v\u011bk 24 let.<\/figcaption><\/figure>\n<\/div>","protected":false},"excerpt":{"rendered":"<p>Ml\u00edka\u0159i v Liboci &#8211; to byla zvl\u00e1\u0161tn\u00ed sorta mezi sousedy. \u0158\u00edkalo se jim sice &quot;cmrnda\u0159i&quot;, ale bylo v tom trochu z\u00e1visti, proto\u017ee to bylo jist\u00e9 a v\u00fdnosn\u00e9 zam\u011bstn\u00e1n\u00ed a\u017e do doby, kdy vyrostly fabriky na zpracov\u00e1n\u00ed ml\u00e9ka, hlavn\u011b ml\u00e9k\u00e1rna Radlice a Hostivice. V roce 1935 byl nav\u00edc v Praze zak\u00e1z\u00e1n prodej neo\u0161et\u0159en\u00e9ho ml\u00e9ka. Jedn\u00edm z&nbsp; &hellip;<br \/><a href=\"https:\/\/www.periferieprahy.cz\/blog\/2025\/04\/14\/c-p-25-holeckovi-mlikari\/\" class=\"more-link pen_button pen_element_default pen_icon_arrow_double\">Pokra\u010dovat ve\u00a0\u010dten\u00ed <span class=\"screen-reader-text\">\u010c.p. 25 Hole\u010dkovi ml\u00edka\u0159i<\/span><\/a><\/p>\n","protected":false},"author":1,"featured_media":2568,"comment_status":"open","ping_status":"open","sticky":false,"template":"","format":"standard","meta":{"_exactmetrics_skip_tracking":false,"_exactmetrics_sitenote_active":false,"_exactmetrics_sitenote_note":"","_exactmetrics_sitenote_category":0,"footnotes":""},"categories":[36,3],"tags":[],"post_folder":[],"class_list":["post-2579","post","type-post","status-publish","format-standard","has-post-thumbnail","hentry","category-mlikari","category-redakce"],"_links":{"self":[{"href":"https:\/\/www.periferieprahy.cz\/blog\/wp-json\/wp\/v2\/posts\/2579","targetHints":{"allow":["GET"]}}],"collection":[{"href":"https:\/\/www.periferieprahy.cz\/blog\/wp-json\/wp\/v2\/posts"}],"about":[{"href":"https:\/\/www.periferieprahy.cz\/blog\/wp-json\/wp\/v2\/types\/post"}],"author":[{"embeddable":true,"href":"https:\/\/www.periferieprahy.cz\/blog\/wp-json\/wp\/v2\/users\/1"}],"replies":[{"embeddable":true,"href":"https:\/\/www.periferieprahy.cz\/blog\/wp-json\/wp\/v2\/comments?post=2579"}],"version-history":[{"count":5,"href":"https:\/\/www.periferieprahy.cz\/blog\/wp-json\/wp\/v2\/posts\/2579\/revisions"}],"predecessor-version":[{"id":2600,"href":"https:\/\/www.periferieprahy.cz\/blog\/wp-json\/wp\/v2\/posts\/2579\/revisions\/2600"}],"wp:featuredmedia":[{"embeddable":true,"href":"https:\/\/www.periferieprahy.cz\/blog\/wp-json\/wp\/v2\/media\/2568"}],"wp:attachment":[{"href":"https:\/\/www.periferieprahy.cz\/blog\/wp-json\/wp\/v2\/media?parent=2579"}],"wp:term":[{"taxonomy":"category","embeddable":true,"href":"https:\/\/www.periferieprahy.cz\/blog\/wp-json\/wp\/v2\/categories?post=2579"},{"taxonomy":"post_tag","embeddable":true,"href":"https:\/\/www.periferieprahy.cz\/blog\/wp-json\/wp\/v2\/tags?post=2579"},{"taxonomy":"post_folder","embeddable":true,"href":"https:\/\/www.periferieprahy.cz\/blog\/wp-json\/wp\/v2\/post_folder?post=2579"}],"curies":[{"name":"wp","href":"https:\/\/api.w.org\/{rel}","templated":true}]}}