{"id":2602,"date":"2025-04-15T21:41:33","date_gmt":"2025-04-15T19:41:33","guid":{"rendered":"https:\/\/www.periferieprahy.cz\/blog\/?p=2602"},"modified":"2025-07-10T20:46:08","modified_gmt":"2025-07-10T18:46:08","slug":"c-p-26-letni-byt-ignace-rziwnatze","status":"publish","type":"post","link":"https:\/\/www.periferieprahy.cz\/blog\/2025\/04\/15\/c-p-26-letni-byt-ignace-rziwnatze\/","title":{"rendered":"\u010c.p. 26 letn\u00ed byt Ign\u00e1ce Rziwnatze"},"content":{"rendered":"\n<img loading=\"lazy\" decoding=\"async\" border=\"0\" src=\"https:\/\/www.periferieprahy.cz\/blog\/wp-content\/uploads\/2024\/12\/pismo7_15.gif\" width=\"111\" height=\"147\" align=\"left\"><span style=\"display: none\"><font size=\"1\">P<\/font><\/span>odle \n\t\t\tkroniky libock\u00e9 vlastnil staven\u00ed v druh\u00e9 polovin\u011b 19. stolet\u00ed \n\t\t\tpra\u017esk\u00fd ko\u017ee\u0161n\u00edk Ign\u00e1c Rziwnatz a pr\u00fd staven\u00ed vyu\u017e\u00edval jako letn\u00ed \n\t\t\tbyt. Jak je vid\u011bt z v\u00fdpisu z matrik narozen\u00fdch v tomto dom\u011b, tak d\u016fm \n\t\t\ti pronaj\u00edmal dal\u0161\u00edm osob\u00e1m.\n\n\n\n<p>Vra\u0165me se ale do doby, kdy bylo zavedeno \u010d\u00edslov\u00e1n\u00ed dom\u016f. Prvn\u00ed z\u00e1znam v matrice narozen\u00fdch, kde je uvedeno popisn\u00e9 \u010d\u00edslo je z <a href=\"#barbora1773\">*16.12.1773<\/a>, kdy se zde narodila Barbora rodi\u010d\u016fm <strong>Janu Fridlovsk\u00e9mu, \u0159ezn\u00edkovi <\/strong>a jeho \u017een\u011b Ann\u011b.<\/p>\n\n\n\n<p>Podle dal\u0161\u00edch z\u00e1znam\u016f o narozeni zde pob\u00fdvali : <a href=\"#vaclav1783\">V\u00e1clav *5.1.1783<\/a>; otec <strong>V\u00e1clav Hole\u010dek, n\u00e1den\u00edk<\/strong>, matka Terezie; <a href=\"#anna1785\">Anna *23.2.1785<\/a>; otec <strong>Jakub \u0160est\u00e1k, \u0161vec<\/strong>; matka Dorota; <a href=\"#vaclav1869\">V\u00e1clav *23.4.1869<\/a>; otec <strong>Eduard Nov\u00e1k, ml\u00e9ka\u0159<\/strong>; matka Anna, roz. Srbov\u00e1; <a href=\"#Anna1884\">Anna *15.12.1884<\/a>; otec <strong>Jan Rus, zedn\u00edk<\/strong>, syn V\u00e1clava Ruse, roln\u00edka z Liboce Doln\u00ed \u010d. 11 matka Kubrov\u00e1 Eleonora&nbsp; dcera Mat\u011bje Kubra roln\u00edka z Liboce Doln\u00ed \u010d. 13. A posledn\u00ed nalezen\u00fd z\u00e1znam <a href=\"#otokar1891\">Otokar *16.6.1891<\/a>; otec <strong>Pixa V\u00e1clav asistent p\u0159i st\u00e1tn\u00ed \u00fa\u010dt\u00e1rn\u011b v Praze<\/strong>; matka Pokorn\u00e1 Antonie.<\/p>\n\n\n\n<p>Dnes prostor vyu\u017e\u00edv\u00e1 Archeologick\u00fd park Archaia. <\/p>\n\n\n\n<p>Na internetu jsem na\u0161el \u010dl\u00e1nek &#8222;<strong><a href=\"http:\/\/stary-web.zastarouprahu.cz\/ruzne\/liboc.htm\">Dva projekty rekonstrukce historick\u00e9ho domu \u010dp. 26 v Liboci<\/a><\/strong>&#8220; s podtitulem<strong> (\u010dl\u00e1nek pro V\u011bstn\u00edk Klubu Za starou Prahu 2\/2002)<\/strong>. Je patrn\u00e9, \u017ee byla snaha d\u016fm zachr\u00e1nit, ale nakonec bylo zvoleno \u0161alamounsky: zbourat, nechat zmizet. Ne\u017e z webu zmiz\u00ed i ten \u010dl\u00e1nek, rad\u011bji ho cituji v pln\u00e9m rozsahu. P\u0159in\u00e1\u0161\u00ed toti\u017e cenn\u00e9 informace o historii domu i o jeho stavu:<\/p>\n\n\n\n<p><em>Objekt, o kter\u00e9m hovo\u0159\u00edme se nal\u00e9z\u00e1 na historick\u00e9 parcele v j\u00e1dru obce Liboc, v t\u011bsn\u00e9 bl\u00edzkosti kostela sv. Fabi\u00e1na a \u0160ebesti\u00e1na, star\u00e9ho p\u016fvodu. Voln\u00fdm pr\u016fhledem p\u0159\u00edmo koresponduje s kosteln\u00ed v\u011b\u017e\u00ed a pod\u00edl\u00ed se rozhoduj\u00edc\u00edm zp\u016fsobem na utv\u00e1\u0159en\u00ed r\u00e1zu historick\u00e9ho prost\u0159ed\u00ed vsi. Jedn\u00e1 se o jeden z posledn\u00edch nep\u0159estav\u011bn\u00fdch objekt\u016f &#8211; charakteru voln\u011b stoj\u00edc\u00ed chalupy \u010di sp\u00ed\u0161e zahradn\u00edho domku obklopen\u00e9ho p\u016fvodn\u011b zahradou. Nejm\u00e9n\u011b od roku 1728 lze dolo\u017eit nep\u0159etr\u017eitou kontinuitu z\u00e1stavby na uva\u017eovan\u00e9 parcele, kdy byl identifikov\u00e1n jako jedna z 25 libock\u00fdch usedlost\u00ed (Purkrechtn\u00ed kniha nejvy\u0161\u0161\u00edho purkrabstv\u00ed 1728, Pozemkov\u00e1 kniha, Urb\u00e1\u0159 &#8211; Obecn\u00ed kniha pam\u011btn\u00ed 1767). Na Stabiln\u00edm katastru (1842) existuje ji\u017e objekt v dne\u0161n\u00edm obrysu.<\/em><\/p>\n\n\n\n<p><em>Objekt tvo\u0159\u00ed hlavn\u00ed obd\u00e9ln\u00e9 staven\u00ed a dodate\u010dn\u011b p\u0159istav\u011bn\u00e9 k\u0159\u00eddlo se schodi\u0161t\u011bm do tvaru &#8222;L&#8220;. Hlavn\u00ed staven\u00ed, zd\u011bn\u00e9 z lomov\u00e9 opuky, pod\u00e9ln\u011b orientovan\u00e9, jednotraktov\u00e9 je kryt\u00e9 valbovou st\u0159echou s bobrovkami, malebn\u011b pro\u010dlen\u011bnou volsk\u00fdmi voky. Krov R\u00e1nkovy soustavy, tesan\u00fd, (nad p\u0159istav\u011bn\u00fdm k\u0159\u00eddlem se schodi\u0161t\u011bm ji\u017e \u0159ezan\u00fd, vaznicov\u00e9 soustavy). Okna \u0161estitabulkov\u00e1, osazen\u00e1 v l\u00edci. Dispozi\u010dn\u011b je hlavn\u00ed budova rozd\u011blena p\u0159\u00ed\u010dn\u00fdmi st\u011bnami v typick\u00fd trojtrakt se st\u0159edn\u00ed s\u00edn\u00ed a dvojic\u00ed m\u00edstnost\u00ed po stran\u00e1ch. M\u00edstnosti plochostrop\u00e9 (vyjma krajn\u00ed se zrcadlovou klenbou), s fabiony, tr\u00e1mov\u00e9 stropy nesou p\u0159\u00edmo z\u00e1klop, prkenn\u00e9 podbit\u00ed om\u00edtan\u00e9 na r\u00e1kos. Stropn\u00ed tr\u00e1my jsou druhotn\u011b pou\u017eit\u00e9. Zdivo schodi\u0161\u0165ov\u00e9ho k\u0159\u00eddla cihlov\u00e9, z\u010d\u00e1sti sm\u00ed\u0161en\u00e9, chodbi\u010dka klenut\u00e1 plochou segmentovou klenbou, v\u0159etenov\u00e9 schodi\u0161t\u011b na podkovovit\u00e9m p\u016fdorysu vede na p\u016fdu. Podsklepena je pouze mlad\u0161\u00ed \u010d\u00e1st budovy a\u010dkoli na severn\u00ed st\u011bn\u011b ve sklep\u011b je patrn\u00fd dodate\u010dn\u011b zazd\u011bn\u00fd klenut\u00fd pr\u016fchod do zru\u0161en\u00e9ho sklepa \u010di chodby. V m\u00edstnosti p\u0159il\u00e9haj\u00edc\u00ed schodi\u0161\u0165ov\u00e9mu k\u0159\u00eddlu neckov\u00e1 klenba se zrcadlem, nad okenn\u00edmi otvory p\u011btibok\u00e9 v\u00fdse\u010de.<\/em><\/p>\n\n\n\n<p><em><strong>Venkovsk\u00fd domek \u010dp. 26 v Liboci bude v dohledn\u00e9 dob\u011b rekonstruov\u00e1n.<\/strong> P\u0159in\u00e1\u0161\u00edme zde srovn\u00e1n\u00ed dvou projekt\u016f, kter\u00e9 vznikly zhruba v ro\u010dn\u00edm \u010dasov\u00e9m odstupu. A\u010dkoli oba vych\u00e1z\u00ed z t\u00fdch\u017e v\u00fdchodisek (nutnost snesen\u00ed krovu &#8211; vyu\u017eit\u00ed podkrov\u00ed), p\u0159\u00edstupem se li\u0161\u00ed a doch\u00e1z\u00ed ke zcela odli\u0161n\u00e9mu v\u00fdrazu.<\/em><\/p>\n\n\n\n<p><em>Stavebn\u00ed obnovu zna\u010dn\u00e9ho rozsahu si vynutil \u0161patn\u00fd statick\u00fd stav objektu. Z\u00e1klady nepodsklepen\u00e9ho domu jsou potrh\u00e1ny, tr\u00e1mov\u00e9 stropy s podbit\u00edm do\u017eil\u00e9 a krov siln\u011b napaden d\u0159evokazn\u00fdm hmyzem. Snesen\u00ed strop\u016f a krovu je nevyhnuteln\u011b nutn\u00e9 a je t\u0159eba se s n\u00edm sm\u00ed\u0159it. I p\u0159es takto nep\u0159\u00edzniv\u00fd v\u00fdchoz\u00ed stav &#8211; zna\u010dn\u00fd rozsah bourac\u00edch prac\u00ed &#8211; je jeden z p\u0159edkl\u00e1dan\u00fdch projekt\u016f p\u0159\u00edslibem toho, \u017ee architektonick\u00fd v\u00fdraz objektu z\u016fstane zachov\u00e1n. A to i p\u0159i jeho faktick\u00e9m \u010d\u00e1ste\u010dn\u00e9m znovuvystav\u011bn\u00ed a vyhov\u011bn\u00ed v\u0161em soudob\u00fdm hygienick\u00fdm a technick\u00fdm norm\u00e1m.<\/em><\/p>\n\n\n\n<p>Uv\u00e1d\u00edm zde jen z\u00e1m\u011br prvn\u00edho projektu, kter\u00fd p\u0159edpokl\u00e1dal zachov\u00e1n\u00ed p\u016fvodn\u00edho vzhledu a proporc\u00ed. Druh\u00fd projekt nest\u00e1l za nic. Jeho c\u00edlem bylo v\u0161e zbourat a postavit historicky i architektonicky bezcennou novostavbu. Proto nestoj\u00ed za to se s n\u00edm d\u00e1le zab\u00fdvat.<\/p>\n\n\n\n<p><em>Po proveden\u00e9m podezd\u011bn\u00ed a statick\u00e9m zaji\u0161t\u011bn\u00ed st\u011bn obvodov\u00e9 zdivo z\u016fst\u00e1v\u00e1 v p\u016fvodn\u00edm rozsahu. Bour\u00e1 se pouze jedin\u00e1 p\u0159\u00ed\u010dka trojtraktov\u00e9 dispozice a je nahrazena novou. Krov bude proveden nov\u011b tak, \u017ee vn\u011bj\u0161\u00ed tvar st\u0159echy bude replikou star\u00e9. Vik\u00fd\u0159e budou jen nepatrn\u011b zv\u011bt\u0161eny. V severn\u00ed \u010d\u00e1sti st\u0159echy budou osazeny sklen\u011bn\u00e9 ta\u0161ky, kter\u00e9 zajist\u00ed p\u0159\u00edvod sv\u011btla do podkrov\u00ed. P\u016fvodn\u00ed vstupn\u00ed dve\u0159e s v\u00fdpln\u011bmi budou restaurov\u00e1ny. Tento projekt vych\u00e1z\u00ed z pochopen\u00ed p\u016fvodn\u00edch autentick\u00fdch prvk\u016f, kter\u00e9 vytv\u00e1\u0159\u00ed v\u00fdraz venkovsk\u00e9ho domu: hladk\u00e1 v\u00e1penn\u00e1 om\u00edtka st\u011bn, valbov\u00e1 st\u0159echa kryt\u00e1 bobrovkami, d\u0159ev\u011bn\u00e1 dvojk\u0159\u00eddl\u00e1 \u0161estitabulkov\u00e1 okna ven otv\u00edrav\u00e1, osazen\u00e1 v l\u00edci.<\/em><\/p>\n\n\n\n<p> A takto to m\u011blo cel\u00e9 vypadat. \u0160koda, \u017ee k tomu nedo\u0161lo.<\/p>\n\n\n<div class=\"wp-block-image\">\n<figure class=\"aligncenter size-full\"><img loading=\"lazy\" decoding=\"async\" width=\"857\" height=\"668\" src=\"https:\/\/www.periferieprahy.cz\/blog\/wp-content\/uploads\/2025\/04\/cp26_projekt1.jpg\" alt=\"\" class=\"wp-image-2625\" srcset=\"https:\/\/www.periferieprahy.cz\/blog\/wp-content\/uploads\/2025\/04\/cp26_projekt1.jpg 857w, https:\/\/www.periferieprahy.cz\/blog\/wp-content\/uploads\/2025\/04\/cp26_projekt1-300x234.jpg 300w, https:\/\/www.periferieprahy.cz\/blog\/wp-content\/uploads\/2025\/04\/cp26_projekt1-768x599.jpg 768w\" sizes=\"auto, (max-width: 857px) 100vw, 857px\" \/><figcaption class=\"wp-element-caption\">Projekt \u010d. 1 obnovy usedlosti \u010dp. 26 v Liboci.<\/figcaption><\/figure>\n<\/div>\n\n<div class=\"wp-block-image\">\n<figure class=\"aligncenter size-full\"><img loading=\"lazy\" decoding=\"async\" width=\"983\" height=\"551\" src=\"https:\/\/www.periferieprahy.cz\/blog\/wp-content\/uploads\/2025\/04\/cp26_3.jpg\" alt=\"\" class=\"wp-image-2613\" srcset=\"https:\/\/www.periferieprahy.cz\/blog\/wp-content\/uploads\/2025\/04\/cp26_3.jpg 983w, https:\/\/www.periferieprahy.cz\/blog\/wp-content\/uploads\/2025\/04\/cp26_3-300x168.jpg 300w, https:\/\/www.periferieprahy.cz\/blog\/wp-content\/uploads\/2025\/04\/cp26_3-768x430.jpg 768w\" sizes=\"auto, (max-width: 983px) 100vw, 983px\" \/><figcaption class=\"wp-element-caption\">Nejsem si jist, ale mysl\u00edm, \u017ee byl tento p\u016fvodn\u00ed domek \u010d.p. 26 str\u017een kolem roku 2008, mo\u017en\u00e1 d\u0159\u00edve. Dnes je m\u00edsto, kde st\u00e1val, pr\u00e1zdn\u00e9.<br><\/figcaption><\/figure>\n<\/div>\n\n<div class=\"wp-block-image\">\n<figure class=\"aligncenter size-large is-resized\"><img loading=\"lazy\" decoding=\"async\" width=\"1024\" height=\"278\" src=\"https:\/\/www.periferieprahy.cz\/blog\/wp-content\/uploads\/2025\/04\/cp26_mapa-1024x278.jpg\" alt=\"\" class=\"wp-image-2614\" style=\"width:1024px;height:auto\" srcset=\"https:\/\/www.periferieprahy.cz\/blog\/wp-content\/uploads\/2025\/04\/cp26_mapa-1024x278.jpg 1024w, https:\/\/www.periferieprahy.cz\/blog\/wp-content\/uploads\/2025\/04\/cp26_mapa-300x82.jpg 300w, https:\/\/www.periferieprahy.cz\/blog\/wp-content\/uploads\/2025\/04\/cp26_mapa-768x209.jpg 768w, https:\/\/www.periferieprahy.cz\/blog\/wp-content\/uploads\/2025\/04\/cp26_mapa.jpg 1196w\" sizes=\"auto, (max-width: 1024px) 100vw, 1024px\" \/><figcaption class=\"wp-element-caption\">Skica josefsk\u00e9ho katastru rok 1842 a leteck\u00e9 mapy rok 1996 a 2016. P\u016fvodn\u00ed staven\u00ed \u010d.p. 26 zmizelo asi v roce 2008. Z\u016fstal jen ten mal\u00fd domek.<\/figcaption><\/figure>\n<\/div>\n\n\n<h2 class=\"wp-block-heading has-text-align-center\"><strong>Obyvatel\u00e9 \u010d.p. 26 v matrik\u00e1ch narozen\u00fdch<\/strong><\/h2>\n\n\n<div class=\"wp-block-image\">\n<figure data-wp-context=\"{&quot;imageId&quot;:&quot;69f322026bdd7&quot;}\" data-wp-interactive=\"core\/image\" data-wp-key=\"69f322026bdd7\" class=\"aligncenter size-full is-resized wp-lightbox-container\" id=\"barbora1773\"><img loading=\"lazy\" decoding=\"async\" width=\"1022\" height=\"166\" data-wp-class--hide=\"state.isContentHidden\" data-wp-class--show=\"state.isContentVisible\" data-wp-init=\"callbacks.setButtonStyles\" data-wp-on--click=\"actions.showLightbox\" data-wp-on--load=\"callbacks.setButtonStyles\" data-wp-on-window--resize=\"callbacks.setButtonStyles\" src=\"https:\/\/www.periferieprahy.cz\/blog\/wp-content\/uploads\/2025\/04\/cp26.h2.jpg\" alt=\"\" class=\"wp-image-2604\" style=\"width:868px;height:auto\" srcset=\"https:\/\/www.periferieprahy.cz\/blog\/wp-content\/uploads\/2025\/04\/cp26.h2.jpg 1022w, https:\/\/www.periferieprahy.cz\/blog\/wp-content\/uploads\/2025\/04\/cp26.h2-300x49.jpg 300w, https:\/\/www.periferieprahy.cz\/blog\/wp-content\/uploads\/2025\/04\/cp26.h2-768x125.jpg 768w\" sizes=\"auto, (max-width: 1022px) 100vw, 1022px\" \/><button\n\t\t\tclass=\"lightbox-trigger\"\n\t\t\ttype=\"button\"\n\t\t\taria-haspopup=\"dialog\"\n\t\t\taria-label=\"Zv\u011bt\u0161it\"\n\t\t\tdata-wp-init=\"callbacks.initTriggerButton\"\n\t\t\tdata-wp-on--click=\"actions.showLightbox\"\n\t\t\tdata-wp-style--right=\"state.imageButtonRight\"\n\t\t\tdata-wp-style--top=\"state.imageButtonTop\"\n\t\t>\n\t\t\t<svg xmlns=\"http:\/\/www.w3.org\/2000\/svg\" width=\"12\" height=\"12\" fill=\"none\" viewBox=\"0 0 12 12\">\n\t\t\t\t<path fill=\"#fff\" d=\"M2 0a2 2 0 0 0-2 2v2h1.5V2a.5.5 0 0 1 .5-.5h2V0H2Zm2 10.5H2a.5.5 0 0 1-.5-.5V8H0v2a2 2 0 0 0 2 2h2v-1.5ZM8 12v-1.5h2a.5.5 0 0 0 .5-.5V8H12v2a2 2 0 0 1-2 2H8Zm2-12a2 2 0 0 1 2 2v2h-1.5V2a.5.5 0 0 0-.5-.5H8V0h2Z\" \/>\n\t\t\t<\/svg>\n\t\t<\/button><figcaption class=\"wp-element-caption\">Barbora *16.12.1773; otec Jan Fridlovsk\u00fd, \u0159ezn\u00edk; matka Anna<\/figcaption><\/figure>\n<\/div>\n\n<div class=\"wp-block-image\">\n<figure data-wp-context=\"{&quot;imageId&quot;:&quot;69f322026c39b&quot;}\" data-wp-interactive=\"core\/image\" data-wp-key=\"69f322026c39b\" class=\"aligncenter size-large is-resized wp-lightbox-container\" id=\"vaclav1783\"><img loading=\"lazy\" decoding=\"async\" width=\"1024\" height=\"219\" data-wp-class--hide=\"state.isContentHidden\" data-wp-class--show=\"state.isContentVisible\" data-wp-init=\"callbacks.setButtonStyles\" data-wp-on--click=\"actions.showLightbox\" data-wp-on--load=\"callbacks.setButtonStyles\" data-wp-on-window--resize=\"callbacks.setButtonStyles\" src=\"https:\/\/www.periferieprahy.cz\/blog\/wp-content\/uploads\/2025\/04\/cp26.h3-1024x219.jpg\" alt=\"\" class=\"wp-image-2605\" style=\"width:886px;height:auto\" srcset=\"https:\/\/www.periferieprahy.cz\/blog\/wp-content\/uploads\/2025\/04\/cp26.h3-1024x219.jpg 1024w, https:\/\/www.periferieprahy.cz\/blog\/wp-content\/uploads\/2025\/04\/cp26.h3-300x64.jpg 300w, https:\/\/www.periferieprahy.cz\/blog\/wp-content\/uploads\/2025\/04\/cp26.h3-768x164.jpg 768w, https:\/\/www.periferieprahy.cz\/blog\/wp-content\/uploads\/2025\/04\/cp26.h3.jpg 1100w\" sizes=\"auto, (max-width: 1024px) 100vw, 1024px\" \/><button\n\t\t\tclass=\"lightbox-trigger\"\n\t\t\ttype=\"button\"\n\t\t\taria-haspopup=\"dialog\"\n\t\t\taria-label=\"Zv\u011bt\u0161it\"\n\t\t\tdata-wp-init=\"callbacks.initTriggerButton\"\n\t\t\tdata-wp-on--click=\"actions.showLightbox\"\n\t\t\tdata-wp-style--right=\"state.imageButtonRight\"\n\t\t\tdata-wp-style--top=\"state.imageButtonTop\"\n\t\t>\n\t\t\t<svg xmlns=\"http:\/\/www.w3.org\/2000\/svg\" width=\"12\" height=\"12\" fill=\"none\" viewBox=\"0 0 12 12\">\n\t\t\t\t<path fill=\"#fff\" d=\"M2 0a2 2 0 0 0-2 2v2h1.5V2a.5.5 0 0 1 .5-.5h2V0H2Zm2 10.5H2a.5.5 0 0 1-.5-.5V8H0v2a2 2 0 0 0 2 2h2v-1.5ZM8 12v-1.5h2a.5.5 0 0 0 .5-.5V8H12v2a2 2 0 0 1-2 2H8Zm2-12a2 2 0 0 1 2 2v2h-1.5V2a.5.5 0 0 0-.5-.5H8V0h2Z\" \/>\n\t\t\t<\/svg>\n\t\t<\/button><figcaption class=\"wp-element-caption\">V\u00e1clav *5.1.1783; otec V\u00e1clav Hole\u010dek, n\u00e1den\u00edk, matka Terezie  <\/figcaption><\/figure>\n<\/div>\n\n<div class=\"wp-block-image\">\n<figure data-wp-context=\"{&quot;imageId&quot;:&quot;69f322026c832&quot;}\" data-wp-interactive=\"core\/image\" data-wp-key=\"69f322026c832\" class=\"aligncenter size-full is-resized wp-lightbox-container\" id=\"anna1785\"><img loading=\"lazy\" decoding=\"async\" width=\"1017\" height=\"214\" data-wp-class--hide=\"state.isContentHidden\" data-wp-class--show=\"state.isContentVisible\" data-wp-init=\"callbacks.setButtonStyles\" data-wp-on--click=\"actions.showLightbox\" data-wp-on--load=\"callbacks.setButtonStyles\" data-wp-on-window--resize=\"callbacks.setButtonStyles\" src=\"https:\/\/www.periferieprahy.cz\/blog\/wp-content\/uploads\/2025\/04\/cp26.h4.jpg\" alt=\"\" class=\"wp-image-2606\" style=\"width:891px;height:auto\" srcset=\"https:\/\/www.periferieprahy.cz\/blog\/wp-content\/uploads\/2025\/04\/cp26.h4.jpg 1017w, https:\/\/www.periferieprahy.cz\/blog\/wp-content\/uploads\/2025\/04\/cp26.h4-300x63.jpg 300w, https:\/\/www.periferieprahy.cz\/blog\/wp-content\/uploads\/2025\/04\/cp26.h4-768x162.jpg 768w\" sizes=\"auto, (max-width: 1017px) 100vw, 1017px\" \/><button\n\t\t\tclass=\"lightbox-trigger\"\n\t\t\ttype=\"button\"\n\t\t\taria-haspopup=\"dialog\"\n\t\t\taria-label=\"Zv\u011bt\u0161it\"\n\t\t\tdata-wp-init=\"callbacks.initTriggerButton\"\n\t\t\tdata-wp-on--click=\"actions.showLightbox\"\n\t\t\tdata-wp-style--right=\"state.imageButtonRight\"\n\t\t\tdata-wp-style--top=\"state.imageButtonTop\"\n\t\t>\n\t\t\t<svg xmlns=\"http:\/\/www.w3.org\/2000\/svg\" width=\"12\" height=\"12\" fill=\"none\" viewBox=\"0 0 12 12\">\n\t\t\t\t<path fill=\"#fff\" d=\"M2 0a2 2 0 0 0-2 2v2h1.5V2a.5.5 0 0 1 .5-.5h2V0H2Zm2 10.5H2a.5.5 0 0 1-.5-.5V8H0v2a2 2 0 0 0 2 2h2v-1.5ZM8 12v-1.5h2a.5.5 0 0 0 .5-.5V8H12v2a2 2 0 0 1-2 2H8Zm2-12a2 2 0 0 1 2 2v2h-1.5V2a.5.5 0 0 0-.5-.5H8V0h2Z\" \/>\n\t\t\t<\/svg>\n\t\t<\/button><figcaption class=\"wp-element-caption\">Anna *23.2.1785; otec Jakub \u0160est\u00e1k, \u0161vec; matka Dorota<\/figcaption><\/figure>\n<\/div>\n\n<div class=\"wp-block-image\">\n<figure data-wp-context=\"{&quot;imageId&quot;:&quot;69f322026ccd6&quot;}\" data-wp-interactive=\"core\/image\" data-wp-key=\"69f322026ccd6\" class=\"aligncenter size-full is-resized wp-lightbox-container\"><img loading=\"lazy\" decoding=\"async\" width=\"876\" height=\"309\" data-wp-class--hide=\"state.isContentHidden\" data-wp-class--show=\"state.isContentVisible\" data-wp-init=\"callbacks.setButtonStyles\" data-wp-on--click=\"actions.showLightbox\" data-wp-on--load=\"callbacks.setButtonStyles\" data-wp-on-window--resize=\"callbacks.setButtonStyles\" src=\"https:\/\/www.periferieprahy.cz\/blog\/wp-content\/uploads\/2025\/04\/cp26.h5.jpg\" alt=\"\" class=\"wp-image-2607\" style=\"width:890px;height:auto\" srcset=\"https:\/\/www.periferieprahy.cz\/blog\/wp-content\/uploads\/2025\/04\/cp26.h5.jpg 876w, https:\/\/www.periferieprahy.cz\/blog\/wp-content\/uploads\/2025\/04\/cp26.h5-300x106.jpg 300w, https:\/\/www.periferieprahy.cz\/blog\/wp-content\/uploads\/2025\/04\/cp26.h5-768x271.jpg 768w\" sizes=\"auto, (max-width: 876px) 100vw, 876px\" \/><button\n\t\t\tclass=\"lightbox-trigger\"\n\t\t\ttype=\"button\"\n\t\t\taria-haspopup=\"dialog\"\n\t\t\taria-label=\"Zv\u011bt\u0161it\"\n\t\t\tdata-wp-init=\"callbacks.initTriggerButton\"\n\t\t\tdata-wp-on--click=\"actions.showLightbox\"\n\t\t\tdata-wp-style--right=\"state.imageButtonRight\"\n\t\t\tdata-wp-style--top=\"state.imageButtonTop\"\n\t\t>\n\t\t\t<svg xmlns=\"http:\/\/www.w3.org\/2000\/svg\" width=\"12\" height=\"12\" fill=\"none\" viewBox=\"0 0 12 12\">\n\t\t\t\t<path fill=\"#fff\" d=\"M2 0a2 2 0 0 0-2 2v2h1.5V2a.5.5 0 0 1 .5-.5h2V0H2Zm2 10.5H2a.5.5 0 0 1-.5-.5V8H0v2a2 2 0 0 0 2 2h2v-1.5ZM8 12v-1.5h2a.5.5 0 0 0 .5-.5V8H12v2a2 2 0 0 1-2 2H8Zm2-12a2 2 0 0 1 2 2v2h-1.5V2a.5.5 0 0 0-.5-.5H8V0h2Z\" \/>\n\t\t\t<\/svg>\n\t\t<\/button><\/figure>\n<\/div>\n\n<div class=\"wp-block-image\">\n<figure data-wp-context=\"{&quot;imageId&quot;:&quot;69f322026d13b&quot;}\" data-wp-interactive=\"core\/image\" data-wp-key=\"69f322026d13b\" class=\"aligncenter size-full is-resized wp-lightbox-container\" id=\"vaclav1869\"><img loading=\"lazy\" decoding=\"async\" width=\"876\" height=\"535\" data-wp-class--hide=\"state.isContentHidden\" data-wp-class--show=\"state.isContentVisible\" data-wp-init=\"callbacks.setButtonStyles\" data-wp-on--click=\"actions.showLightbox\" data-wp-on--load=\"callbacks.setButtonStyles\" data-wp-on-window--resize=\"callbacks.setButtonStyles\" src=\"https:\/\/www.periferieprahy.cz\/blog\/wp-content\/uploads\/2025\/04\/cp26.h6.jpg\" alt=\"\" class=\"wp-image-2608\" style=\"width:894px;height:auto\" srcset=\"https:\/\/www.periferieprahy.cz\/blog\/wp-content\/uploads\/2025\/04\/cp26.h6.jpg 876w, https:\/\/www.periferieprahy.cz\/blog\/wp-content\/uploads\/2025\/04\/cp26.h6-300x183.jpg 300w, https:\/\/www.periferieprahy.cz\/blog\/wp-content\/uploads\/2025\/04\/cp26.h6-768x469.jpg 768w\" sizes=\"auto, (max-width: 876px) 100vw, 876px\" \/><button\n\t\t\tclass=\"lightbox-trigger\"\n\t\t\ttype=\"button\"\n\t\t\taria-haspopup=\"dialog\"\n\t\t\taria-label=\"Zv\u011bt\u0161it\"\n\t\t\tdata-wp-init=\"callbacks.initTriggerButton\"\n\t\t\tdata-wp-on--click=\"actions.showLightbox\"\n\t\t\tdata-wp-style--right=\"state.imageButtonRight\"\n\t\t\tdata-wp-style--top=\"state.imageButtonTop\"\n\t\t>\n\t\t\t<svg xmlns=\"http:\/\/www.w3.org\/2000\/svg\" width=\"12\" height=\"12\" fill=\"none\" viewBox=\"0 0 12 12\">\n\t\t\t\t<path fill=\"#fff\" d=\"M2 0a2 2 0 0 0-2 2v2h1.5V2a.5.5 0 0 1 .5-.5h2V0H2Zm2 10.5H2a.5.5 0 0 1-.5-.5V8H0v2a2 2 0 0 0 2 2h2v-1.5ZM8 12v-1.5h2a.5.5 0 0 0 .5-.5V8H12v2a2 2 0 0 1-2 2H8Zm2-12a2 2 0 0 1 2 2v2h-1.5V2a.5.5 0 0 0-.5-.5H8V0h2Z\" \/>\n\t\t\t<\/svg>\n\t\t<\/button><figcaption class=\"wp-element-caption\">V\u00e1clav *23.4.1869; otec Eduard Nov\u00e1k, ml\u00e9ka\u0159 z Doln\u00ed Liboce \u010d.d.26; matka Anna dcera Josefa Srby, domk\u00e1\u0159e a obuvn\u00edka v St\u0159e\u0161ovic\u00edch \u010d.d. 82<\/figcaption><\/figure>\n<\/div>\n\n<div class=\"wp-block-image\">\n<figure data-wp-context=\"{&quot;imageId&quot;:&quot;69f322026d659&quot;}\" data-wp-interactive=\"core\/image\" data-wp-key=\"69f322026d659\" class=\"aligncenter size-full is-resized wp-lightbox-container\"><img loading=\"lazy\" decoding=\"async\" width=\"979\" height=\"252\" data-wp-class--hide=\"state.isContentHidden\" data-wp-class--show=\"state.isContentVisible\" data-wp-init=\"callbacks.setButtonStyles\" data-wp-on--click=\"actions.showLightbox\" data-wp-on--load=\"callbacks.setButtonStyles\" data-wp-on-window--resize=\"callbacks.setButtonStyles\" src=\"https:\/\/www.periferieprahy.cz\/blog\/wp-content\/uploads\/2025\/04\/cp26.h7.jpg\" alt=\"\" class=\"wp-image-2609\" style=\"width:901px;height:auto\" srcset=\"https:\/\/www.periferieprahy.cz\/blog\/wp-content\/uploads\/2025\/04\/cp26.h7.jpg 979w, https:\/\/www.periferieprahy.cz\/blog\/wp-content\/uploads\/2025\/04\/cp26.h7-300x77.jpg 300w, https:\/\/www.periferieprahy.cz\/blog\/wp-content\/uploads\/2025\/04\/cp26.h7-768x198.jpg 768w\" sizes=\"auto, (max-width: 979px) 100vw, 979px\" \/><button\n\t\t\tclass=\"lightbox-trigger\"\n\t\t\ttype=\"button\"\n\t\t\taria-haspopup=\"dialog\"\n\t\t\taria-label=\"Zv\u011bt\u0161it\"\n\t\t\tdata-wp-init=\"callbacks.initTriggerButton\"\n\t\t\tdata-wp-on--click=\"actions.showLightbox\"\n\t\t\tdata-wp-style--right=\"state.imageButtonRight\"\n\t\t\tdata-wp-style--top=\"state.imageButtonTop\"\n\t\t>\n\t\t\t<svg xmlns=\"http:\/\/www.w3.org\/2000\/svg\" width=\"12\" height=\"12\" fill=\"none\" viewBox=\"0 0 12 12\">\n\t\t\t\t<path fill=\"#fff\" d=\"M2 0a2 2 0 0 0-2 2v2h1.5V2a.5.5 0 0 1 .5-.5h2V0H2Zm2 10.5H2a.5.5 0 0 1-.5-.5V8H0v2a2 2 0 0 0 2 2h2v-1.5ZM8 12v-1.5h2a.5.5 0 0 0 .5-.5V8H12v2a2 2 0 0 1-2 2H8Zm2-12a2 2 0 0 1 2 2v2h-1.5V2a.5.5 0 0 0-.5-.5H8V0h2Z\" \/>\n\t\t\t<\/svg>\n\t\t<\/button><\/figure>\n<\/div>\n\n<div class=\"wp-block-image\">\n<figure data-wp-context=\"{&quot;imageId&quot;:&quot;69f322026da78&quot;}\" data-wp-interactive=\"core\/image\" data-wp-key=\"69f322026da78\" class=\"aligncenter size-full is-resized wp-lightbox-container\" id=\"Anna1884\"><img loading=\"lazy\" decoding=\"async\" width=\"974\" height=\"221\" data-wp-class--hide=\"state.isContentHidden\" data-wp-class--show=\"state.isContentVisible\" data-wp-init=\"callbacks.setButtonStyles\" data-wp-on--click=\"actions.showLightbox\" data-wp-on--load=\"callbacks.setButtonStyles\" data-wp-on-window--resize=\"callbacks.setButtonStyles\" src=\"https:\/\/www.periferieprahy.cz\/blog\/wp-content\/uploads\/2025\/04\/cp26.h8.jpg\" alt=\"\" class=\"wp-image-2610\" style=\"width:912px;height:auto\" srcset=\"https:\/\/www.periferieprahy.cz\/blog\/wp-content\/uploads\/2025\/04\/cp26.h8.jpg 974w, https:\/\/www.periferieprahy.cz\/blog\/wp-content\/uploads\/2025\/04\/cp26.h8-300x68.jpg 300w, https:\/\/www.periferieprahy.cz\/blog\/wp-content\/uploads\/2025\/04\/cp26.h8-768x174.jpg 768w\" sizes=\"auto, (max-width: 974px) 100vw, 974px\" \/><button\n\t\t\tclass=\"lightbox-trigger\"\n\t\t\ttype=\"button\"\n\t\t\taria-haspopup=\"dialog\"\n\t\t\taria-label=\"Zv\u011bt\u0161it\"\n\t\t\tdata-wp-init=\"callbacks.initTriggerButton\"\n\t\t\tdata-wp-on--click=\"actions.showLightbox\"\n\t\t\tdata-wp-style--right=\"state.imageButtonRight\"\n\t\t\tdata-wp-style--top=\"state.imageButtonTop\"\n\t\t>\n\t\t\t<svg xmlns=\"http:\/\/www.w3.org\/2000\/svg\" width=\"12\" height=\"12\" fill=\"none\" viewBox=\"0 0 12 12\">\n\t\t\t\t<path fill=\"#fff\" d=\"M2 0a2 2 0 0 0-2 2v2h1.5V2a.5.5 0 0 1 .5-.5h2V0H2Zm2 10.5H2a.5.5 0 0 1-.5-.5V8H0v2a2 2 0 0 0 2 2h2v-1.5ZM8 12v-1.5h2a.5.5 0 0 0 .5-.5V8H12v2a2 2 0 0 1-2 2H8Zm2-12a2 2 0 0 1 2 2v2h-1.5V2a.5.5 0 0 0-.5-.5H8V0h2Z\" \/>\n\t\t\t<\/svg>\n\t\t<\/button><figcaption class=\"wp-element-caption\">Anna *15.12.1884; otec Jan Rus, zedn\u00edk v Liboci Doln\u00ed \u010d. 26, syn V\u00e1clava Ruse, roln\u00edka z Liboce Doln\u00ed \u010d. 11 a Kate\u0159iny Leskotov\u00e9 [z L\u00e1n]; matka Kubrov\u00e1 Eleonora *10.4.1858 dcera Mat\u011bje Kubra roln\u00edka z Liboce Doln\u00ed [\u010d. 13] a Anny roz. Kubrov\u00e9 z Lysolaj <\/figcaption><\/figure>\n<\/div>\n\n<div class=\"wp-block-image\">\n<figure data-wp-context=\"{&quot;imageId&quot;:&quot;69f322026de93&quot;}\" data-wp-interactive=\"core\/image\" data-wp-key=\"69f322026de93\" class=\"aligncenter size-full is-resized wp-lightbox-container\"><img loading=\"lazy\" decoding=\"async\" width=\"1016\" height=\"285\" data-wp-class--hide=\"state.isContentHidden\" data-wp-class--show=\"state.isContentVisible\" data-wp-init=\"callbacks.setButtonStyles\" data-wp-on--click=\"actions.showLightbox\" data-wp-on--load=\"callbacks.setButtonStyles\" data-wp-on-window--resize=\"callbacks.setButtonStyles\" src=\"https:\/\/www.periferieprahy.cz\/blog\/wp-content\/uploads\/2025\/04\/cp26.h9.jpg\" alt=\"\" class=\"wp-image-2611\" style=\"width:914px;height:auto\" srcset=\"https:\/\/www.periferieprahy.cz\/blog\/wp-content\/uploads\/2025\/04\/cp26.h9.jpg 1016w, https:\/\/www.periferieprahy.cz\/blog\/wp-content\/uploads\/2025\/04\/cp26.h9-300x84.jpg 300w, https:\/\/www.periferieprahy.cz\/blog\/wp-content\/uploads\/2025\/04\/cp26.h9-768x215.jpg 768w\" sizes=\"auto, (max-width: 1016px) 100vw, 1016px\" \/><button\n\t\t\tclass=\"lightbox-trigger\"\n\t\t\ttype=\"button\"\n\t\t\taria-haspopup=\"dialog\"\n\t\t\taria-label=\"Zv\u011bt\u0161it\"\n\t\t\tdata-wp-init=\"callbacks.initTriggerButton\"\n\t\t\tdata-wp-on--click=\"actions.showLightbox\"\n\t\t\tdata-wp-style--right=\"state.imageButtonRight\"\n\t\t\tdata-wp-style--top=\"state.imageButtonTop\"\n\t\t>\n\t\t\t<svg xmlns=\"http:\/\/www.w3.org\/2000\/svg\" width=\"12\" height=\"12\" fill=\"none\" viewBox=\"0 0 12 12\">\n\t\t\t\t<path fill=\"#fff\" d=\"M2 0a2 2 0 0 0-2 2v2h1.5V2a.5.5 0 0 1 .5-.5h2V0H2Zm2 10.5H2a.5.5 0 0 1-.5-.5V8H0v2a2 2 0 0 0 2 2h2v-1.5ZM8 12v-1.5h2a.5.5 0 0 0 .5-.5V8H12v2a2 2 0 0 1-2 2H8Zm2-12a2 2 0 0 1 2 2v2h-1.5V2a.5.5 0 0 0-.5-.5H8V0h2Z\" \/>\n\t\t\t<\/svg>\n\t\t<\/button><\/figure>\n<\/div>\n\n<div class=\"wp-block-image\">\n<figure data-wp-context=\"{&quot;imageId&quot;:&quot;69f322026e4c2&quot;}\" data-wp-interactive=\"core\/image\" data-wp-key=\"69f322026e4c2\" class=\"aligncenter size-full is-resized wp-lightbox-container\" id=\"otokar1891\"><img loading=\"lazy\" decoding=\"async\" width=\"992\" height=\"304\" data-wp-class--hide=\"state.isContentHidden\" data-wp-class--show=\"state.isContentVisible\" data-wp-init=\"callbacks.setButtonStyles\" data-wp-on--click=\"actions.showLightbox\" data-wp-on--load=\"callbacks.setButtonStyles\" data-wp-on-window--resize=\"callbacks.setButtonStyles\" src=\"https:\/\/www.periferieprahy.cz\/blog\/wp-content\/uploads\/2025\/04\/cp26.h10.jpg\" alt=\"\" class=\"wp-image-2612\" style=\"width:920px;height:auto\" srcset=\"https:\/\/www.periferieprahy.cz\/blog\/wp-content\/uploads\/2025\/04\/cp26.h10.jpg 992w, https:\/\/www.periferieprahy.cz\/blog\/wp-content\/uploads\/2025\/04\/cp26.h10-300x92.jpg 300w, https:\/\/www.periferieprahy.cz\/blog\/wp-content\/uploads\/2025\/04\/cp26.h10-768x235.jpg 768w\" sizes=\"auto, (max-width: 992px) 100vw, 992px\" \/><button\n\t\t\tclass=\"lightbox-trigger\"\n\t\t\ttype=\"button\"\n\t\t\taria-haspopup=\"dialog\"\n\t\t\taria-label=\"Zv\u011bt\u0161it\"\n\t\t\tdata-wp-init=\"callbacks.initTriggerButton\"\n\t\t\tdata-wp-on--click=\"actions.showLightbox\"\n\t\t\tdata-wp-style--right=\"state.imageButtonRight\"\n\t\t\tdata-wp-style--top=\"state.imageButtonTop\"\n\t\t>\n\t\t\t<svg xmlns=\"http:\/\/www.w3.org\/2000\/svg\" width=\"12\" height=\"12\" fill=\"none\" viewBox=\"0 0 12 12\">\n\t\t\t\t<path fill=\"#fff\" d=\"M2 0a2 2 0 0 0-2 2v2h1.5V2a.5.5 0 0 1 .5-.5h2V0H2Zm2 10.5H2a.5.5 0 0 1-.5-.5V8H0v2a2 2 0 0 0 2 2h2v-1.5ZM8 12v-1.5h2a.5.5 0 0 0 .5-.5V8H12v2a2 2 0 0 1-2 2H8Zm2-12a2 2 0 0 1 2 2v2h-1.5V2a.5.5 0 0 0-.5-.5H8V0h2Z\" \/>\n\t\t\t<\/svg>\n\t\t<\/button><figcaption class=\"wp-element-caption\">Otokar *16.6.1891; otec Pixa V\u00e1clav asistent p\u0159i st\u00e1tn\u00ed \u00fa\u010dt\u00e1rn\u011b v Praze; matka Pokorn\u00e1 Antonie, dcera Jana Pokorn\u00e9ho, m\u011b\u0161\u0165ana a barv\u00ed\u0159e v Sadsk\u00e9 \u010d. 24<\/figcaption><\/figure>\n<\/div>","protected":false},"excerpt":{"rendered":"<p>Podle kroniky libock\u00e9 vlastnil staven\u00ed v druh\u00e9 polovin\u011b 19. stolet\u00ed pra\u017esk\u00fd ko\u017ee\u0161n\u00edk Ign\u00e1c Rziwnatz a pr\u00fd staven\u00ed vyu\u017e\u00edval jako letn\u00ed byt. Jak je vid\u011bt z v\u00fdpisu z matrik narozen\u00fdch v tomto dom\u011b, tak d\u016fm i pronaj\u00edmal dal\u0161\u00edm osob\u00e1m. Vra\u0165me se ale do doby, kdy bylo zavedeno \u010d\u00edslov\u00e1n\u00ed dom\u016f. Prvn\u00ed z\u00e1znam v matrice narozen\u00fdch, kde je &hellip;<br \/><a href=\"https:\/\/www.periferieprahy.cz\/blog\/2025\/04\/15\/c-p-26-letni-byt-ignace-rziwnatze\/\" class=\"more-link pen_button pen_element_default pen_icon_arrow_double\">Pokra\u010dovat ve\u00a0\u010dten\u00ed <span class=\"screen-reader-text\">\u010c.p. 26 letn\u00ed byt Ign\u00e1ce Rziwnatze<\/span><\/a><\/p>\n","protected":false},"author":1,"featured_media":2614,"comment_status":"open","ping_status":"open","sticky":false,"template":"","format":"standard","meta":{"_exactmetrics_skip_tracking":false,"_exactmetrics_sitenote_active":false,"_exactmetrics_sitenote_note":"","_exactmetrics_sitenote_category":0,"footnotes":""},"categories":[36,38,3],"tags":[],"post_folder":[],"class_list":["post-2602","post","type-post","status-publish","format-standard","has-post-thumbnail","hentry","category-mlikari","category-reznici","category-redakce"],"_links":{"self":[{"href":"https:\/\/www.periferieprahy.cz\/blog\/wp-json\/wp\/v2\/posts\/2602","targetHints":{"allow":["GET"]}}],"collection":[{"href":"https:\/\/www.periferieprahy.cz\/blog\/wp-json\/wp\/v2\/posts"}],"about":[{"href":"https:\/\/www.periferieprahy.cz\/blog\/wp-json\/wp\/v2\/types\/post"}],"author":[{"embeddable":true,"href":"https:\/\/www.periferieprahy.cz\/blog\/wp-json\/wp\/v2\/users\/1"}],"replies":[{"embeddable":true,"href":"https:\/\/www.periferieprahy.cz\/blog\/wp-json\/wp\/v2\/comments?post=2602"}],"version-history":[{"count":5,"href":"https:\/\/www.periferieprahy.cz\/blog\/wp-json\/wp\/v2\/posts\/2602\/revisions"}],"predecessor-version":[{"id":2631,"href":"https:\/\/www.periferieprahy.cz\/blog\/wp-json\/wp\/v2\/posts\/2602\/revisions\/2631"}],"wp:featuredmedia":[{"embeddable":true,"href":"https:\/\/www.periferieprahy.cz\/blog\/wp-json\/wp\/v2\/media\/2614"}],"wp:attachment":[{"href":"https:\/\/www.periferieprahy.cz\/blog\/wp-json\/wp\/v2\/media?parent=2602"}],"wp:term":[{"taxonomy":"category","embeddable":true,"href":"https:\/\/www.periferieprahy.cz\/blog\/wp-json\/wp\/v2\/categories?post=2602"},{"taxonomy":"post_tag","embeddable":true,"href":"https:\/\/www.periferieprahy.cz\/blog\/wp-json\/wp\/v2\/tags?post=2602"},{"taxonomy":"post_folder","embeddable":true,"href":"https:\/\/www.periferieprahy.cz\/blog\/wp-json\/wp\/v2\/post_folder?post=2602"}],"curies":[{"name":"wp","href":"https:\/\/api.w.org\/{rel}","templated":true}]}}