{"id":2632,"date":"2025-04-17T11:16:34","date_gmt":"2025-04-17T09:16:34","guid":{"rendered":"https:\/\/www.periferieprahy.cz\/blog\/?p=2632"},"modified":"2025-04-17T22:47:49","modified_gmt":"2025-04-17T20:47:49","slug":"c-p-27-bryndovi-a-posovi","status":"publish","type":"post","link":"https:\/\/www.periferieprahy.cz\/blog\/2025\/04\/17\/c-p-27-bryndovi-a-posovi\/","title":{"rendered":"\u010c.p. 27 Bryndovi a Posovi"},"content":{"rendered":"\n<img loading=\"lazy\" decoding=\"async\" border=\"0\" src=\"https:\/\/www.periferieprahy.cz\/blog\/wp-content\/uploads\/2024\/12\/pismo7_6.gif\" width=\"93\" height=\"133\" align=\"left\"><p>\n\t\t\t<span style=\"display: none\"><font size=\"1\">F<\/font><\/span>abi\u00e1nsk\u00e1 uli\u010dka a malebn\u00e1 uli\u010dka V domc\u00edch. To jsou p\u0159ekr\u00e1sn\u00e1 m\u00edsta \n\t\t\tv Liboci s typickou z\u00e1stavbou drobn\u00fdch domk\u016f. Pravda, dnes ji\u017e \n\t\t\tpov\u011bt\u0161inou zmodernizovan\u00fdch a r\u016fzn\u011b upravovan\u00fdch, ale to je \n\t\t\tsamoz\u0159ejm\u00e9 a p\u0159irozen\u00e9. Pr\u00e1v\u011b na k\u0159i\u017eovatce zm\u00edn\u011bn\u00fdch uli\u010dek je \n\t\t\tdomek s \u010d.p. 27, kde \u017eila kdysi rodina Josefa Bryndy.&nbsp; <\/p>\n\n\n\n<p>Podle kroniky libock\u00e9 byla dr\u017eitelem nemovitosti v roce 1767 <strong>Anna, vdova po nebo\u017et\u00edku Jakubu Novotn\u00fdm<\/strong>. N\u00e1s ale zaj\u00edmal nejv\u00edce rod Josefa Bryndy a jeho vazba na rodinu Bryndov\u00fdch v <a href=\"https:\/\/www.periferieprahy.cz\/blog\/2025\/03\/14\/c-p-29\/\">\u010d.p. 29<\/a>. A s t\u00edm m\u00e1 citovan\u00e1 Anna Novotn\u00e1 a Jakub Novotn\u00fd ur\u010ditou souvislost, nebo\u0165 <strong>Josef Brynda, famulus [sluha, \u010deled\u00edn], v letech 1781 &#8211; 1784 je uv\u00e1d\u011bn jako hrobn\u00edk,<\/strong>&nbsp; si vzal <a href=\"#josef_magdalena_1778\">\u221e 9.2.1778<\/a> Magdalenu Novotnou, kter\u00e1 byla pr\u00e1v\u011b d\u00edt\u011btem Anny a Jakuba. Dokazuje to z\u00e1znam o narozen\u00ed&nbsp; <a href=\"#marieanna1795\">Marie Anny *27.3.1795<\/a>.&nbsp; Josef Brynda a Magdalena rozen\u00e1 Novotn\u00e1 m\u011bli je\u0161t\u011b tato d\u00edtka: <a href=\"#barbora1779\">Barbora *4.12.1779<\/a>; <a href=\"#josef1781\">Josef *5.11. 1781<\/a>,ten se o\u017eenil <a href=\"https:\/\/www.periferieprahy.cz\/blog\/2025\/03\/14\/c-p-29\/#Josef_veronika1816\">\u221e 19.8.1816<\/a>&nbsp; s Veronikou vdova po \u2020Martinovi Rejtharovi, domk\u00e1\u0159i z Liboce \u010d.p.29 . A jej\u00ed dceru <a href=\"https:\/\/www.periferieprahy.cz\/blog\/2025\/03\/14\/c-p-29\/#marie1811\">Marii *2.3.1811<\/a> si vzal <a href=\"https:\/\/www.periferieprahy.cz\/blog\/2025\/03\/14\/c-p-29\/#jan_marie1836\">\u221e9.2.1836<\/a>&nbsp; bratr Josefa Bryndy <a href=\"#jan1801\">Jan Nepomuk *16.8.1801<\/a> , o dvacet let mlad\u0161\u00ed ne\u017e Josef. Ale pokra\u010dujme dal\u0161\u00edmi potomky Josefa a Magdaleny: <a href=\"#anna1784\">Anna *19.2.1784<\/a>; <a href=\"#vaclav1785\">V\u00e1clav *28.9.1785 &#8211; \u202029.3.1786<\/a>; <a href=\"#vaclav1788\">V\u00e1clav *28.6.1788 &#8211; \u202015.4.1790<\/a>; <a href=\"#frantisek1790\">Franti\u0161ek *21.9.1790<\/a>; <a href=\"#katerina1793\">Kate\u0159ina *1.4.1793<\/a>; <a href=\"#marieanna1795\">Marie Anna *21.3.1795<\/a>; <a href=\"#josefa1798\">Josefa *7.3.1798<\/a>.&nbsp; Man\u017eelka Josefa Bryndy&nbsp; <a href=\"#magdalena1819_tod\">Magdalena, zem\u0159ela \u20202.10.1819<\/a>. V\u00edce jsem po osudu rodiny Bryndov\u00fdch z \u010d.p. 27 nep\u00e1tral.<\/p>\n\n\n\n<p>Ji\u017e v roce 1820 se v \u010d.p.27 objevuje rodina&nbsp; <strong>domk\u00e1\u0159e Jana Pose <\/strong>z \u010d.p. 34.&nbsp; Dne <a href=\"#jan_pos_alzbeta_1820\">\u221e20.1.1820<\/a> se o\u017eenil Jan Pos, syn po \u2020Josefu Posovi, domk\u00e1\u0159i z Liboce a Magdaleny, rozen\u00e9 Kl\u00edmov\u00e9 ( mo\u017en\u00e1 z&nbsp;ruzy\u0148sk\u00e9ho ml\u00fdna). Vzal si za \u017eenu Al\u017eb\u011btu, dceru Mat\u011bje Klundra, n\u00e1den\u00edka z Hradi\u0161t\u011b \u010di Hradiska, Hradi\u0161tka (z kter\u00e9ho to bohu\u017eel nev\u00edm, ale pokus\u00edm se dohledat, m\u011blo by to b\u00fdt n\u011bkde u Pod\u011bbrad) a Kate\u0159iny rozen\u00e9 \u0160lechtov\u00e9. T\u011bm se mimo jin\u00e9 potomstvo narodila dcera <a href=\"#magda1838\">Magdalena *15.1.1838<\/a>, budouc\u00ed majitelka a man\u017eelka V\u00e1clava \u0158ezn\u00ed\u010dka.<br><br>Jan Pos, domk\u00e1\u0159 a kosteln\u00edk v\u0161ak zem\u0159el <a href=\"#jan_pos_tod1848\">\u20203.4.1848<\/a> ve v\u011bku 50 let na &#8222;poka\u017een\u00ed plic&#8220; a <a href=\"#josef_tesnohlidek_alzbeta1851\">\u221e25.5.1851<\/a> si vdova Al\u017eb\u011bta ( 53 let) vzala za man\u017eela Josefa T\u011bsnohl\u00eddka z Kl\u00e1\u0161tera, dnes \u010d\u00e1st obce Vil\u00e9mov, zem\u011bbrance &#8222;od druh\u00e9ho pr\u00e1poru&#8220;, 34 !! let.<br><br>&nbsp;<a href=\"#magda1838\"><strong>Magdalena Posov\u00e1 *15.1.1838<\/strong><\/a>, dcera Jana a Al\u017eb\u011bty a podle <a href=\"#poz_kniha\">pozemkov\u00e9 knihy<\/a> a listu vlastnictv\u00ed <a href=\"#LV\">listu vlastnictv\u00ed<\/a> majitelka poloviny nemovitosti, se provdala <a href=\"#reznicek_magda_pos1861\">\u221e12.2.1861<\/a> za V\u00e1clava \u0158ezn\u00ed\u010dka, zednick\u00e9ho tovary\u0161e z Horn\u00ed Liboce \u010d.15, kter\u00fd se stal spoluvlastn\u00edkem.<\/p>\n\n\n\n<p>Podle <a href=\"#LV\">listu vlastnictv\u00ed<\/a> v roce 1898 pat\u0159ila nemovitost <strong>Josefu a Marii Vaisov\u00fdm<\/strong>, v roce 1912 <strong>V\u00e1clavu Najmanovi<\/strong>, v roce 1918 <strong>Josef\u011b Najmanov\u00e9, <\/strong>v roce 1924 <strong>Josefu H\u00e1jkovi <\/strong>a <strong>Barbo\u0159e H\u00e1jkov\u00e9<\/strong>. Pan JUC Mare\u0161 ve sv\u00fdch seznamech je\u0161t\u011b uv\u00e1d\u00ed pana <strong>Josefa Krej\u010du<\/strong>.&nbsp;<\/p>\n\n\n<div class=\"wp-block-image is-style-rounded\">\n<figure data-wp-context=\"{&quot;imageId&quot;:&quot;69f447ea49486&quot;}\" data-wp-interactive=\"core\/image\" data-wp-key=\"69f447ea49486\" class=\"aligncenter size-full is-resized wp-lightbox-container\"><img loading=\"lazy\" decoding=\"async\" width=\"944\" height=\"509\" data-wp-class--hide=\"state.isContentHidden\" data-wp-class--show=\"state.isContentVisible\" data-wp-init=\"callbacks.setButtonStyles\" data-wp-on--click=\"actions.showLightbox\" data-wp-on--load=\"callbacks.setButtonStyles\" data-wp-on-window--resize=\"callbacks.setButtonStyles\" src=\"https:\/\/www.periferieprahy.cz\/blog\/wp-content\/uploads\/2025\/04\/cp27.h1.jpg\" alt=\"\" class=\"wp-image-2634\" style=\"width:1084px;height:auto\" srcset=\"https:\/\/www.periferieprahy.cz\/blog\/wp-content\/uploads\/2025\/04\/cp27.h1.jpg 944w, https:\/\/www.periferieprahy.cz\/blog\/wp-content\/uploads\/2025\/04\/cp27.h1-300x162.jpg 300w, https:\/\/www.periferieprahy.cz\/blog\/wp-content\/uploads\/2025\/04\/cp27.h1-768x414.jpg 768w\" sizes=\"auto, (max-width: 944px) 100vw, 944px\" \/><button\n\t\t\tclass=\"lightbox-trigger\"\n\t\t\ttype=\"button\"\n\t\t\taria-haspopup=\"dialog\"\n\t\t\taria-label=\"Zv\u011bt\u0161it\"\n\t\t\tdata-wp-init=\"callbacks.initTriggerButton\"\n\t\t\tdata-wp-on--click=\"actions.showLightbox\"\n\t\t\tdata-wp-style--right=\"state.imageButtonRight\"\n\t\t\tdata-wp-style--top=\"state.imageButtonTop\"\n\t\t>\n\t\t\t<svg xmlns=\"http:\/\/www.w3.org\/2000\/svg\" width=\"12\" height=\"12\" fill=\"none\" viewBox=\"0 0 12 12\">\n\t\t\t\t<path fill=\"#fff\" d=\"M2 0a2 2 0 0 0-2 2v2h1.5V2a.5.5 0 0 1 .5-.5h2V0H2Zm2 10.5H2a.5.5 0 0 1-.5-.5V8H0v2a2 2 0 0 0 2 2h2v-1.5ZM8 12v-1.5h2a.5.5 0 0 0 .5-.5V8H12v2a2 2 0 0 1-2 2H8Zm2-12a2 2 0 0 1 2 2v2h-1.5V2a.5.5 0 0 0-.5-.5H8V0h2Z\" \/>\n\t\t\t<\/svg>\n\t\t<\/button><figcaption class=\"wp-element-caption\">\u010c.p. 27 v pohledu z uli\u010dky V Domc\u00edch <\/figcaption><\/figure>\n<\/div>\n\n\n<h2 class=\"wp-block-heading has-text-align-center\"><strong>Rodina Bryndova z \u010d.p. 27 v matri\u010dn\u00edch z\u00e1znamech<\/strong><\/h2>\n\n\n<div class=\"wp-block-image\">\n<figure data-wp-context=\"{&quot;imageId&quot;:&quot;69f447ea49b09&quot;}\" data-wp-interactive=\"core\/image\" data-wp-key=\"69f447ea49b09\" class=\"aligncenter size-full is-resized wp-lightbox-container\" id=\"josef_magdalena_1778\"><img loading=\"lazy\" decoding=\"async\" width=\"829\" height=\"209\" data-wp-class--hide=\"state.isContentHidden\" data-wp-class--show=\"state.isContentVisible\" data-wp-init=\"callbacks.setButtonStyles\" data-wp-on--click=\"actions.showLightbox\" data-wp-on--load=\"callbacks.setButtonStyles\" data-wp-on-window--resize=\"callbacks.setButtonStyles\" src=\"https:\/\/www.periferieprahy.cz\/blog\/wp-content\/uploads\/2025\/04\/cp27.h47.jpg\" alt=\"\" class=\"wp-image-2644\" style=\"width:1059px;height:auto\" srcset=\"https:\/\/www.periferieprahy.cz\/blog\/wp-content\/uploads\/2025\/04\/cp27.h47.jpg 829w, https:\/\/www.periferieprahy.cz\/blog\/wp-content\/uploads\/2025\/04\/cp27.h47-300x76.jpg 300w, https:\/\/www.periferieprahy.cz\/blog\/wp-content\/uploads\/2025\/04\/cp27.h47-768x194.jpg 768w\" sizes=\"auto, (max-width: 829px) 100vw, 829px\" \/><button\n\t\t\tclass=\"lightbox-trigger\"\n\t\t\ttype=\"button\"\n\t\t\taria-haspopup=\"dialog\"\n\t\t\taria-label=\"Zv\u011bt\u0161it\"\n\t\t\tdata-wp-init=\"callbacks.initTriggerButton\"\n\t\t\tdata-wp-on--click=\"actions.showLightbox\"\n\t\t\tdata-wp-style--right=\"state.imageButtonRight\"\n\t\t\tdata-wp-style--top=\"state.imageButtonTop\"\n\t\t>\n\t\t\t<svg xmlns=\"http:\/\/www.w3.org\/2000\/svg\" width=\"12\" height=\"12\" fill=\"none\" viewBox=\"0 0 12 12\">\n\t\t\t\t<path fill=\"#fff\" d=\"M2 0a2 2 0 0 0-2 2v2h1.5V2a.5.5 0 0 1 .5-.5h2V0H2Zm2 10.5H2a.5.5 0 0 1-.5-.5V8H0v2a2 2 0 0 0 2 2h2v-1.5ZM8 12v-1.5h2a.5.5 0 0 0 .5-.5V8H12v2a2 2 0 0 1-2 2H8Zm2-12a2 2 0 0 1 2 2v2h-1.5V2a.5.5 0 0 0-.5-.5H8V0h2Z\" \/>\n\t\t\t<\/svg>\n\t\t<\/button><figcaption class=\"wp-element-caption\">Stod\u016flky 7 \u221e 9.2.1778 \u017eenich Josef Brynda famulus [sluha, \u010deled\u00edn], nev\u011bsta Magdalena Novotn\u00e1.<\/figcaption><\/figure>\n<\/div>\n\n<div class=\"wp-block-image\">\n<figure data-wp-context=\"{&quot;imageId&quot;:&quot;69f447ea4a1ec&quot;}\" data-wp-interactive=\"core\/image\" data-wp-key=\"69f447ea4a1ec\" class=\"aligncenter size-full is-resized wp-lightbox-container\" id=\"barbora1779\"><img loading=\"lazy\" decoding=\"async\" width=\"789\" height=\"296\" data-wp-class--hide=\"state.isContentHidden\" data-wp-class--show=\"state.isContentVisible\" data-wp-init=\"callbacks.setButtonStyles\" data-wp-on--click=\"actions.showLightbox\" data-wp-on--load=\"callbacks.setButtonStyles\" data-wp-on-window--resize=\"callbacks.setButtonStyles\" src=\"https:\/\/www.periferieprahy.cz\/blog\/wp-content\/uploads\/2025\/04\/cp27.h48.jpg\" alt=\"\" class=\"wp-image-2645\" style=\"width:1075px;height:auto\" srcset=\"https:\/\/www.periferieprahy.cz\/blog\/wp-content\/uploads\/2025\/04\/cp27.h48.jpg 789w, https:\/\/www.periferieprahy.cz\/blog\/wp-content\/uploads\/2025\/04\/cp27.h48-300x113.jpg 300w, https:\/\/www.periferieprahy.cz\/blog\/wp-content\/uploads\/2025\/04\/cp27.h48-768x288.jpg 768w\" sizes=\"auto, (max-width: 789px) 100vw, 789px\" \/><button\n\t\t\tclass=\"lightbox-trigger\"\n\t\t\ttype=\"button\"\n\t\t\taria-haspopup=\"dialog\"\n\t\t\taria-label=\"Zv\u011bt\u0161it\"\n\t\t\tdata-wp-init=\"callbacks.initTriggerButton\"\n\t\t\tdata-wp-on--click=\"actions.showLightbox\"\n\t\t\tdata-wp-style--right=\"state.imageButtonRight\"\n\t\t\tdata-wp-style--top=\"state.imageButtonTop\"\n\t\t>\n\t\t\t<svg xmlns=\"http:\/\/www.w3.org\/2000\/svg\" width=\"12\" height=\"12\" fill=\"none\" viewBox=\"0 0 12 12\">\n\t\t\t\t<path fill=\"#fff\" d=\"M2 0a2 2 0 0 0-2 2v2h1.5V2a.5.5 0 0 1 .5-.5h2V0H2Zm2 10.5H2a.5.5 0 0 1-.5-.5V8H0v2a2 2 0 0 0 2 2h2v-1.5ZM8 12v-1.5h2a.5.5 0 0 0 .5-.5V8H12v2a2 2 0 0 1-2 2H8Zm2-12a2 2 0 0 1 2 2v2h-1.5V2a.5.5 0 0 0-.5-.5H8V0h2Z\" \/>\n\t\t\t<\/svg>\n\t\t<\/button><figcaption class=\"wp-element-caption\">Barbora *4.12.1779; otec Josef Brynda, operarius [n\u00e1den\u00edk], matka Magdalena <\/figcaption><\/figure>\n<\/div>\n\n<div class=\"wp-block-image\">\n<figure data-wp-context=\"{&quot;imageId&quot;:&quot;69f447ea4a8b2&quot;}\" data-wp-interactive=\"core\/image\" data-wp-key=\"69f447ea4a8b2\" class=\"aligncenter size-large is-resized wp-lightbox-container\" id=\"josef1781\"><img loading=\"lazy\" decoding=\"async\" width=\"1024\" height=\"186\" data-wp-class--hide=\"state.isContentHidden\" data-wp-class--show=\"state.isContentVisible\" data-wp-init=\"callbacks.setButtonStyles\" data-wp-on--click=\"actions.showLightbox\" data-wp-on--load=\"callbacks.setButtonStyles\" data-wp-on-window--resize=\"callbacks.setButtonStyles\" src=\"https:\/\/www.periferieprahy.cz\/blog\/wp-content\/uploads\/2025\/04\/cp27.h49-1024x186.jpg\" alt=\"\" class=\"wp-image-2646\" style=\"width:1070px;height:auto\" srcset=\"https:\/\/www.periferieprahy.cz\/blog\/wp-content\/uploads\/2025\/04\/cp27.h49-1024x186.jpg 1024w, https:\/\/www.periferieprahy.cz\/blog\/wp-content\/uploads\/2025\/04\/cp27.h49-300x55.jpg 300w, https:\/\/www.periferieprahy.cz\/blog\/wp-content\/uploads\/2025\/04\/cp27.h49-768x140.jpg 768w, https:\/\/www.periferieprahy.cz\/blog\/wp-content\/uploads\/2025\/04\/cp27.h49.jpg 1038w\" sizes=\"auto, (max-width: 1024px) 100vw, 1024px\" \/><button\n\t\t\tclass=\"lightbox-trigger\"\n\t\t\ttype=\"button\"\n\t\t\taria-haspopup=\"dialog\"\n\t\t\taria-label=\"Zv\u011bt\u0161it\"\n\t\t\tdata-wp-init=\"callbacks.initTriggerButton\"\n\t\t\tdata-wp-on--click=\"actions.showLightbox\"\n\t\t\tdata-wp-style--right=\"state.imageButtonRight\"\n\t\t\tdata-wp-style--top=\"state.imageButtonTop\"\n\t\t>\n\t\t\t<svg xmlns=\"http:\/\/www.w3.org\/2000\/svg\" width=\"12\" height=\"12\" fill=\"none\" viewBox=\"0 0 12 12\">\n\t\t\t\t<path fill=\"#fff\" d=\"M2 0a2 2 0 0 0-2 2v2h1.5V2a.5.5 0 0 1 .5-.5h2V0H2Zm2 10.5H2a.5.5 0 0 1-.5-.5V8H0v2a2 2 0 0 0 2 2h2v-1.5ZM8 12v-1.5h2a.5.5 0 0 0 .5-.5V8H12v2a2 2 0 0 1-2 2H8Zm2-12a2 2 0 0 1 2 2v2h-1.5V2a.5.5 0 0 0-.5-.5H8V0h2Z\" \/>\n\t\t\t<\/svg>\n\t\t<\/button><figcaption class=\"wp-element-caption\">Josef *5.11. 1781; otec Josef Brynda, vespilio [hroba\u0159], matka Magdalena <\/figcaption><\/figure>\n<\/div>\n\n<div class=\"wp-block-image\">\n<figure data-wp-context=\"{&quot;imageId&quot;:&quot;69f447ea4afaa&quot;}\" data-wp-interactive=\"core\/image\" data-wp-key=\"69f447ea4afaa\" class=\"aligncenter size-full is-resized wp-lightbox-container\" id=\"anna1784\"><img loading=\"lazy\" decoding=\"async\" width=\"858\" height=\"133\" data-wp-class--hide=\"state.isContentHidden\" data-wp-class--show=\"state.isContentVisible\" data-wp-init=\"callbacks.setButtonStyles\" data-wp-on--click=\"actions.showLightbox\" data-wp-on--load=\"callbacks.setButtonStyles\" data-wp-on-window--resize=\"callbacks.setButtonStyles\" src=\"https:\/\/www.periferieprahy.cz\/blog\/wp-content\/uploads\/2025\/04\/cp27.h50.jpg\" alt=\"\" class=\"wp-image-2647\" style=\"width:1070px;height:auto\" srcset=\"https:\/\/www.periferieprahy.cz\/blog\/wp-content\/uploads\/2025\/04\/cp27.h50.jpg 858w, https:\/\/www.periferieprahy.cz\/blog\/wp-content\/uploads\/2025\/04\/cp27.h50-300x47.jpg 300w, https:\/\/www.periferieprahy.cz\/blog\/wp-content\/uploads\/2025\/04\/cp27.h50-768x119.jpg 768w\" sizes=\"auto, (max-width: 858px) 100vw, 858px\" \/><button\n\t\t\tclass=\"lightbox-trigger\"\n\t\t\ttype=\"button\"\n\t\t\taria-haspopup=\"dialog\"\n\t\t\taria-label=\"Zv\u011bt\u0161it\"\n\t\t\tdata-wp-init=\"callbacks.initTriggerButton\"\n\t\t\tdata-wp-on--click=\"actions.showLightbox\"\n\t\t\tdata-wp-style--right=\"state.imageButtonRight\"\n\t\t\tdata-wp-style--top=\"state.imageButtonTop\"\n\t\t>\n\t\t\t<svg xmlns=\"http:\/\/www.w3.org\/2000\/svg\" width=\"12\" height=\"12\" fill=\"none\" viewBox=\"0 0 12 12\">\n\t\t\t\t<path fill=\"#fff\" d=\"M2 0a2 2 0 0 0-2 2v2h1.5V2a.5.5 0 0 1 .5-.5h2V0H2Zm2 10.5H2a.5.5 0 0 1-.5-.5V8H0v2a2 2 0 0 0 2 2h2v-1.5ZM8 12v-1.5h2a.5.5 0 0 0 .5-.5V8H12v2a2 2 0 0 1-2 2H8Zm2-12a2 2 0 0 1 2 2v2h-1.5V2a.5.5 0 0 0-.5-.5H8V0h2Z\" \/>\n\t\t\t<\/svg>\n\t\t<\/button><figcaption class=\"wp-element-caption\">Anna *19.2.1784; otec Josef Brynda, vespilio [hroba\u0159], matka Magdalena <\/figcaption><\/figure>\n<\/div>\n\n<div class=\"wp-block-image\">\n<figure data-wp-context=\"{&quot;imageId&quot;:&quot;69f447ea4b66f&quot;}\" data-wp-interactive=\"core\/image\" data-wp-key=\"69f447ea4b66f\" class=\"aligncenter size-full is-resized wp-lightbox-container\" id=\"vaclav1785\"><img loading=\"lazy\" decoding=\"async\" width=\"924\" height=\"366\" data-wp-class--hide=\"state.isContentHidden\" data-wp-class--show=\"state.isContentVisible\" data-wp-init=\"callbacks.setButtonStyles\" data-wp-on--click=\"actions.showLightbox\" data-wp-on--load=\"callbacks.setButtonStyles\" data-wp-on-window--resize=\"callbacks.setButtonStyles\" src=\"https:\/\/www.periferieprahy.cz\/blog\/wp-content\/uploads\/2025\/04\/cp27.h51.jpg\" alt=\"\" class=\"wp-image-2648\" style=\"width:1075px;height:auto\" srcset=\"https:\/\/www.periferieprahy.cz\/blog\/wp-content\/uploads\/2025\/04\/cp27.h51.jpg 924w, https:\/\/www.periferieprahy.cz\/blog\/wp-content\/uploads\/2025\/04\/cp27.h51-300x119.jpg 300w, https:\/\/www.periferieprahy.cz\/blog\/wp-content\/uploads\/2025\/04\/cp27.h51-768x304.jpg 768w\" sizes=\"auto, (max-width: 924px) 100vw, 924px\" \/><button\n\t\t\tclass=\"lightbox-trigger\"\n\t\t\ttype=\"button\"\n\t\t\taria-haspopup=\"dialog\"\n\t\t\taria-label=\"Zv\u011bt\u0161it\"\n\t\t\tdata-wp-init=\"callbacks.initTriggerButton\"\n\t\t\tdata-wp-on--click=\"actions.showLightbox\"\n\t\t\tdata-wp-style--right=\"state.imageButtonRight\"\n\t\t\tdata-wp-style--top=\"state.imageButtonTop\"\n\t\t>\n\t\t\t<svg xmlns=\"http:\/\/www.w3.org\/2000\/svg\" width=\"12\" height=\"12\" fill=\"none\" viewBox=\"0 0 12 12\">\n\t\t\t\t<path fill=\"#fff\" d=\"M2 0a2 2 0 0 0-2 2v2h1.5V2a.5.5 0 0 1 .5-.5h2V0H2Zm2 10.5H2a.5.5 0 0 1-.5-.5V8H0v2a2 2 0 0 0 2 2h2v-1.5ZM8 12v-1.5h2a.5.5 0 0 0 .5-.5V8H12v2a2 2 0 0 1-2 2H8Zm2-12a2 2 0 0 1 2 2v2h-1.5V2a.5.5 0 0 0-.5-.5H8V0h2Z\" \/>\n\t\t\t<\/svg>\n\t\t<\/button><figcaption class=\"wp-element-caption\">V\u00e1clav *28.9.1785 &#8211; \u202029.3.1786; otec Josef Brynda, n\u00e1den\u00edk, matka Magdalena <\/figcaption><\/figure>\n<\/div>\n\n\n<figure data-wp-context=\"{&quot;imageId&quot;:&quot;69f447ea4bcd1&quot;}\" data-wp-interactive=\"core\/image\" data-wp-key=\"69f447ea4bcd1\" class=\"wp-block-image alignfull size-large wp-lightbox-container\" id=\"vaclav1788\"><img loading=\"lazy\" decoding=\"async\" width=\"1024\" height=\"57\" data-wp-class--hide=\"state.isContentHidden\" data-wp-class--show=\"state.isContentVisible\" data-wp-init=\"callbacks.setButtonStyles\" data-wp-on--click=\"actions.showLightbox\" data-wp-on--load=\"callbacks.setButtonStyles\" data-wp-on-window--resize=\"callbacks.setButtonStyles\" src=\"https:\/\/www.periferieprahy.cz\/blog\/wp-content\/uploads\/2025\/04\/cp27.h52-1024x57.jpg\" alt=\"\" class=\"wp-image-2649\" srcset=\"https:\/\/www.periferieprahy.cz\/blog\/wp-content\/uploads\/2025\/04\/cp27.h52-1024x57.jpg 1024w, https:\/\/www.periferieprahy.cz\/blog\/wp-content\/uploads\/2025\/04\/cp27.h52-300x17.jpg 300w, https:\/\/www.periferieprahy.cz\/blog\/wp-content\/uploads\/2025\/04\/cp27.h52-768x43.jpg 768w, https:\/\/www.periferieprahy.cz\/blog\/wp-content\/uploads\/2025\/04\/cp27.h52.jpg 1088w\" sizes=\"auto, (max-width: 1024px) 100vw, 1024px\" \/><button\n\t\t\tclass=\"lightbox-trigger\"\n\t\t\ttype=\"button\"\n\t\t\taria-haspopup=\"dialog\"\n\t\t\taria-label=\"Zv\u011bt\u0161it\"\n\t\t\tdata-wp-init=\"callbacks.initTriggerButton\"\n\t\t\tdata-wp-on--click=\"actions.showLightbox\"\n\t\t\tdata-wp-style--right=\"state.imageButtonRight\"\n\t\t\tdata-wp-style--top=\"state.imageButtonTop\"\n\t\t>\n\t\t\t<svg xmlns=\"http:\/\/www.w3.org\/2000\/svg\" width=\"12\" height=\"12\" fill=\"none\" viewBox=\"0 0 12 12\">\n\t\t\t\t<path fill=\"#fff\" d=\"M2 0a2 2 0 0 0-2 2v2h1.5V2a.5.5 0 0 1 .5-.5h2V0H2Zm2 10.5H2a.5.5 0 0 1-.5-.5V8H0v2a2 2 0 0 0 2 2h2v-1.5ZM8 12v-1.5h2a.5.5 0 0 0 .5-.5V8H12v2a2 2 0 0 1-2 2H8Zm2-12a2 2 0 0 1 2 2v2h-1.5V2a.5.5 0 0 0-.5-.5H8V0h2Z\" \/>\n\t\t\t<\/svg>\n\t\t<\/button><figcaption class=\"wp-element-caption\">V\u00e1clav *28.6.1788 &#8211; \u202015.4.1790; otec Josef Brynda, n\u00e1den\u00edk, matka Magdalena <\/figcaption><\/figure>\n\n\n\n<figure data-wp-context=\"{&quot;imageId&quot;:&quot;69f447ea4c309&quot;}\" data-wp-interactive=\"core\/image\" data-wp-key=\"69f447ea4c309\" class=\"wp-block-image alignfull size-full wp-lightbox-container\" id=\"frantisek1790\"><img loading=\"lazy\" decoding=\"async\" width=\"954\" height=\"85\" data-wp-class--hide=\"state.isContentHidden\" data-wp-class--show=\"state.isContentVisible\" data-wp-init=\"callbacks.setButtonStyles\" data-wp-on--click=\"actions.showLightbox\" data-wp-on--load=\"callbacks.setButtonStyles\" data-wp-on-window--resize=\"callbacks.setButtonStyles\" src=\"https:\/\/www.periferieprahy.cz\/blog\/wp-content\/uploads\/2025\/04\/cp27.h53.jpg\" alt=\"\" class=\"wp-image-2650\" srcset=\"https:\/\/www.periferieprahy.cz\/blog\/wp-content\/uploads\/2025\/04\/cp27.h53.jpg 954w, https:\/\/www.periferieprahy.cz\/blog\/wp-content\/uploads\/2025\/04\/cp27.h53-300x27.jpg 300w, https:\/\/www.periferieprahy.cz\/blog\/wp-content\/uploads\/2025\/04\/cp27.h53-768x68.jpg 768w\" sizes=\"auto, (max-width: 954px) 100vw, 954px\" \/><button\n\t\t\tclass=\"lightbox-trigger\"\n\t\t\ttype=\"button\"\n\t\t\taria-haspopup=\"dialog\"\n\t\t\taria-label=\"Zv\u011bt\u0161it\"\n\t\t\tdata-wp-init=\"callbacks.initTriggerButton\"\n\t\t\tdata-wp-on--click=\"actions.showLightbox\"\n\t\t\tdata-wp-style--right=\"state.imageButtonRight\"\n\t\t\tdata-wp-style--top=\"state.imageButtonTop\"\n\t\t>\n\t\t\t<svg xmlns=\"http:\/\/www.w3.org\/2000\/svg\" width=\"12\" height=\"12\" fill=\"none\" viewBox=\"0 0 12 12\">\n\t\t\t\t<path fill=\"#fff\" d=\"M2 0a2 2 0 0 0-2 2v2h1.5V2a.5.5 0 0 1 .5-.5h2V0H2Zm2 10.5H2a.5.5 0 0 1-.5-.5V8H0v2a2 2 0 0 0 2 2h2v-1.5ZM8 12v-1.5h2a.5.5 0 0 0 .5-.5V8H12v2a2 2 0 0 1-2 2H8Zm2-12a2 2 0 0 1 2 2v2h-1.5V2a.5.5 0 0 0-.5-.5H8V0h2Z\" \/>\n\t\t\t<\/svg>\n\t\t<\/button><figcaption class=\"wp-element-caption\">Franti\u0161ek *21.9.1790; otec Josef Brynda, n\u00e1den\u00edk, matka Magdalena <\/figcaption><\/figure>\n\n\n\n<figure data-wp-context=\"{&quot;imageId&quot;:&quot;69f447ea4c9a9&quot;}\" data-wp-interactive=\"core\/image\" data-wp-key=\"69f447ea4c9a9\" class=\"wp-block-image alignfull size-large wp-lightbox-container\" id=\"katerina1793\"><img loading=\"lazy\" decoding=\"async\" width=\"1024\" height=\"75\" data-wp-class--hide=\"state.isContentHidden\" data-wp-class--show=\"state.isContentVisible\" data-wp-init=\"callbacks.setButtonStyles\" data-wp-on--click=\"actions.showLightbox\" data-wp-on--load=\"callbacks.setButtonStyles\" data-wp-on-window--resize=\"callbacks.setButtonStyles\" src=\"https:\/\/www.periferieprahy.cz\/blog\/wp-content\/uploads\/2025\/04\/cp27.h54-1024x75.jpg\" alt=\"\" class=\"wp-image-2651\" srcset=\"https:\/\/www.periferieprahy.cz\/blog\/wp-content\/uploads\/2025\/04\/cp27.h54-1024x75.jpg 1024w, https:\/\/www.periferieprahy.cz\/blog\/wp-content\/uploads\/2025\/04\/cp27.h54-300x22.jpg 300w, https:\/\/www.periferieprahy.cz\/blog\/wp-content\/uploads\/2025\/04\/cp27.h54-768x56.jpg 768w, https:\/\/www.periferieprahy.cz\/blog\/wp-content\/uploads\/2025\/04\/cp27.h54.jpg 1083w\" sizes=\"auto, (max-width: 1024px) 100vw, 1024px\" \/><button\n\t\t\tclass=\"lightbox-trigger\"\n\t\t\ttype=\"button\"\n\t\t\taria-haspopup=\"dialog\"\n\t\t\taria-label=\"Zv\u011bt\u0161it\"\n\t\t\tdata-wp-init=\"callbacks.initTriggerButton\"\n\t\t\tdata-wp-on--click=\"actions.showLightbox\"\n\t\t\tdata-wp-style--right=\"state.imageButtonRight\"\n\t\t\tdata-wp-style--top=\"state.imageButtonTop\"\n\t\t>\n\t\t\t<svg xmlns=\"http:\/\/www.w3.org\/2000\/svg\" width=\"12\" height=\"12\" fill=\"none\" viewBox=\"0 0 12 12\">\n\t\t\t\t<path fill=\"#fff\" d=\"M2 0a2 2 0 0 0-2 2v2h1.5V2a.5.5 0 0 1 .5-.5h2V0H2Zm2 10.5H2a.5.5 0 0 1-.5-.5V8H0v2a2 2 0 0 0 2 2h2v-1.5ZM8 12v-1.5h2a.5.5 0 0 0 .5-.5V8H12v2a2 2 0 0 1-2 2H8Zm2-12a2 2 0 0 1 2 2v2h-1.5V2a.5.5 0 0 0-.5-.5H8V0h2Z\" \/>\n\t\t\t<\/svg>\n\t\t<\/button><figcaption class=\"wp-element-caption\">Kate\u0159ina *1.4.1793; otec Josef Brynda, n\u00e1den\u00edk, matka Magdalena Novotn\u00e1<\/figcaption><\/figure>\n\n\n<div class=\"wp-block-image\">\n<figure data-wp-context=\"{&quot;imageId&quot;:&quot;69f447ea4cfe8&quot;}\" data-wp-interactive=\"core\/image\" data-wp-key=\"69f447ea4cfe8\" class=\"aligncenter size-full is-resized wp-lightbox-container\" id=\"marieanna1795\"><img loading=\"lazy\" decoding=\"async\" width=\"996\" height=\"264\" data-wp-class--hide=\"state.isContentHidden\" data-wp-class--show=\"state.isContentVisible\" data-wp-init=\"callbacks.setButtonStyles\" data-wp-on--click=\"actions.showLightbox\" data-wp-on--load=\"callbacks.setButtonStyles\" data-wp-on-window--resize=\"callbacks.setButtonStyles\" src=\"https:\/\/www.periferieprahy.cz\/blog\/wp-content\/uploads\/2025\/04\/cp27.h55.jpg\" alt=\"\" class=\"wp-image-2652\" style=\"width:1096px;height:auto\" srcset=\"https:\/\/www.periferieprahy.cz\/blog\/wp-content\/uploads\/2025\/04\/cp27.h55.jpg 996w, https:\/\/www.periferieprahy.cz\/blog\/wp-content\/uploads\/2025\/04\/cp27.h55-300x80.jpg 300w, https:\/\/www.periferieprahy.cz\/blog\/wp-content\/uploads\/2025\/04\/cp27.h55-768x204.jpg 768w\" sizes=\"auto, (max-width: 996px) 100vw, 996px\" \/><button\n\t\t\tclass=\"lightbox-trigger\"\n\t\t\ttype=\"button\"\n\t\t\taria-haspopup=\"dialog\"\n\t\t\taria-label=\"Zv\u011bt\u0161it\"\n\t\t\tdata-wp-init=\"callbacks.initTriggerButton\"\n\t\t\tdata-wp-on--click=\"actions.showLightbox\"\n\t\t\tdata-wp-style--right=\"state.imageButtonRight\"\n\t\t\tdata-wp-style--top=\"state.imageButtonTop\"\n\t\t>\n\t\t\t<svg xmlns=\"http:\/\/www.w3.org\/2000\/svg\" width=\"12\" height=\"12\" fill=\"none\" viewBox=\"0 0 12 12\">\n\t\t\t\t<path fill=\"#fff\" d=\"M2 0a2 2 0 0 0-2 2v2h1.5V2a.5.5 0 0 1 .5-.5h2V0H2Zm2 10.5H2a.5.5 0 0 1-.5-.5V8H0v2a2 2 0 0 0 2 2h2v-1.5ZM8 12v-1.5h2a.5.5 0 0 0 .5-.5V8H12v2a2 2 0 0 1-2 2H8Zm2-12a2 2 0 0 1 2 2v2h-1.5V2a.5.5 0 0 0-.5-.5H8V0h2Z\" \/>\n\t\t\t<\/svg>\n\t\t<\/button><figcaption class=\"wp-element-caption\">Marieanna *21.3.1795; otec Josef Brynda domk\u00e1\u0159 a n\u00e1den\u00edk; matka Magdalena, dcera po neb. Jakubovi Novotn\u00e9m, n\u00e1den\u00edkovi a mate\u0159e Anny z Liboce. <\/figcaption><\/figure>\n<\/div>\n\n<div class=\"wp-block-image\">\n<figure data-wp-context=\"{&quot;imageId&quot;:&quot;69f447ea4d6a7&quot;}\" data-wp-interactive=\"core\/image\" data-wp-key=\"69f447ea4d6a7\" class=\"aligncenter size-large is-resized wp-lightbox-container\" id=\"josefa1798\"><img loading=\"lazy\" decoding=\"async\" width=\"1024\" height=\"484\" data-wp-class--hide=\"state.isContentHidden\" data-wp-class--show=\"state.isContentVisible\" data-wp-init=\"callbacks.setButtonStyles\" data-wp-on--click=\"actions.showLightbox\" data-wp-on--load=\"callbacks.setButtonStyles\" data-wp-on-window--resize=\"callbacks.setButtonStyles\" src=\"https:\/\/www.periferieprahy.cz\/blog\/wp-content\/uploads\/2025\/04\/cp27.h56-1024x484.jpg\" alt=\"\" class=\"wp-image-2653\" style=\"width:1118px;height:auto\" srcset=\"https:\/\/www.periferieprahy.cz\/blog\/wp-content\/uploads\/2025\/04\/cp27.h56-1024x484.jpg 1024w, https:\/\/www.periferieprahy.cz\/blog\/wp-content\/uploads\/2025\/04\/cp27.h56-300x142.jpg 300w, https:\/\/www.periferieprahy.cz\/blog\/wp-content\/uploads\/2025\/04\/cp27.h56-768x363.jpg 768w, https:\/\/www.periferieprahy.cz\/blog\/wp-content\/uploads\/2025\/04\/cp27.h56.jpg 1057w\" sizes=\"auto, (max-width: 1024px) 100vw, 1024px\" \/><button\n\t\t\tclass=\"lightbox-trigger\"\n\t\t\ttype=\"button\"\n\t\t\taria-haspopup=\"dialog\"\n\t\t\taria-label=\"Zv\u011bt\u0161it\"\n\t\t\tdata-wp-init=\"callbacks.initTriggerButton\"\n\t\t\tdata-wp-on--click=\"actions.showLightbox\"\n\t\t\tdata-wp-style--right=\"state.imageButtonRight\"\n\t\t\tdata-wp-style--top=\"state.imageButtonTop\"\n\t\t>\n\t\t\t<svg xmlns=\"http:\/\/www.w3.org\/2000\/svg\" width=\"12\" height=\"12\" fill=\"none\" viewBox=\"0 0 12 12\">\n\t\t\t\t<path fill=\"#fff\" d=\"M2 0a2 2 0 0 0-2 2v2h1.5V2a.5.5 0 0 1 .5-.5h2V0H2Zm2 10.5H2a.5.5 0 0 1-.5-.5V8H0v2a2 2 0 0 0 2 2h2v-1.5ZM8 12v-1.5h2a.5.5 0 0 0 .5-.5V8H12v2a2 2 0 0 1-2 2H8Zm2-12a2 2 0 0 1 2 2v2h-1.5V2a.5.5 0 0 0-.5-.5H8V0h2Z\" \/>\n\t\t\t<\/svg>\n\t\t<\/button><figcaption class=\"wp-element-caption\">Josefa *7.3.1798; otec Josef Brynda, n\u00e1den\u00edk, matka Magdalena rozen\u00e1 Novotn\u00e1<\/figcaption><\/figure>\n<\/div>\n\n<div class=\"wp-block-image\">\n<figure data-wp-context=\"{&quot;imageId&quot;:&quot;69f447ea4dce7&quot;}\" data-wp-interactive=\"core\/image\" data-wp-key=\"69f447ea4dce7\" class=\"aligncenter size-full is-resized wp-lightbox-container\" id=\"jan1801\"><img loading=\"lazy\" decoding=\"async\" width=\"1006\" height=\"372\" data-wp-class--hide=\"state.isContentHidden\" data-wp-class--show=\"state.isContentVisible\" data-wp-init=\"callbacks.setButtonStyles\" data-wp-on--click=\"actions.showLightbox\" data-wp-on--load=\"callbacks.setButtonStyles\" data-wp-on-window--resize=\"callbacks.setButtonStyles\" src=\"https:\/\/www.periferieprahy.cz\/blog\/wp-content\/uploads\/2025\/04\/cp27.h57.jpg\" alt=\"\" class=\"wp-image-2654\" style=\"width:1112px;height:auto\" srcset=\"https:\/\/www.periferieprahy.cz\/blog\/wp-content\/uploads\/2025\/04\/cp27.h57.jpg 1006w, https:\/\/www.periferieprahy.cz\/blog\/wp-content\/uploads\/2025\/04\/cp27.h57-300x111.jpg 300w, https:\/\/www.periferieprahy.cz\/blog\/wp-content\/uploads\/2025\/04\/cp27.h57-768x284.jpg 768w\" sizes=\"auto, (max-width: 1006px) 100vw, 1006px\" \/><button\n\t\t\tclass=\"lightbox-trigger\"\n\t\t\ttype=\"button\"\n\t\t\taria-haspopup=\"dialog\"\n\t\t\taria-label=\"Zv\u011bt\u0161it\"\n\t\t\tdata-wp-init=\"callbacks.initTriggerButton\"\n\t\t\tdata-wp-on--click=\"actions.showLightbox\"\n\t\t\tdata-wp-style--right=\"state.imageButtonRight\"\n\t\t\tdata-wp-style--top=\"state.imageButtonTop\"\n\t\t>\n\t\t\t<svg xmlns=\"http:\/\/www.w3.org\/2000\/svg\" width=\"12\" height=\"12\" fill=\"none\" viewBox=\"0 0 12 12\">\n\t\t\t\t<path fill=\"#fff\" d=\"M2 0a2 2 0 0 0-2 2v2h1.5V2a.5.5 0 0 1 .5-.5h2V0H2Zm2 10.5H2a.5.5 0 0 1-.5-.5V8H0v2a2 2 0 0 0 2 2h2v-1.5ZM8 12v-1.5h2a.5.5 0 0 0 .5-.5V8H12v2a2 2 0 0 1-2 2H8Zm2-12a2 2 0 0 1 2 2v2h-1.5V2a.5.5 0 0 0-.5-.5H8V0h2Z\" \/>\n\t\t\t<\/svg>\n\t\t<\/button><figcaption class=\"wp-element-caption\">Jan Nepomuk *16.8.1801; otec Josef Brynda, n\u00e1den\u00edk, matka Magdalena rozen\u00e1 Novotn\u00e1<\/figcaption><\/figure>\n<\/div>\n\n<div class=\"wp-block-image\">\n<figure data-wp-context=\"{&quot;imageId&quot;:&quot;69f447ea4e2bc&quot;}\" data-wp-interactive=\"core\/image\" data-wp-key=\"69f447ea4e2bc\" class=\"aligncenter size-full is-resized wp-lightbox-container\" id=\"magdalena1819_tod\"><img loading=\"lazy\" decoding=\"async\" width=\"853\" height=\"304\" data-wp-class--hide=\"state.isContentHidden\" data-wp-class--show=\"state.isContentVisible\" data-wp-init=\"callbacks.setButtonStyles\" data-wp-on--click=\"actions.showLightbox\" data-wp-on--load=\"callbacks.setButtonStyles\" data-wp-on-window--resize=\"callbacks.setButtonStyles\" src=\"https:\/\/www.periferieprahy.cz\/blog\/wp-content\/uploads\/2025\/04\/cp27.h58.jpg\" alt=\"\" class=\"wp-image-2655\" style=\"width:1119px;height:auto\" srcset=\"https:\/\/www.periferieprahy.cz\/blog\/wp-content\/uploads\/2025\/04\/cp27.h58.jpg 853w, https:\/\/www.periferieprahy.cz\/blog\/wp-content\/uploads\/2025\/04\/cp27.h58-300x107.jpg 300w, https:\/\/www.periferieprahy.cz\/blog\/wp-content\/uploads\/2025\/04\/cp27.h58-768x274.jpg 768w\" sizes=\"auto, (max-width: 853px) 100vw, 853px\" \/><button\n\t\t\tclass=\"lightbox-trigger\"\n\t\t\ttype=\"button\"\n\t\t\taria-haspopup=\"dialog\"\n\t\t\taria-label=\"Zv\u011bt\u0161it\"\n\t\t\tdata-wp-init=\"callbacks.initTriggerButton\"\n\t\t\tdata-wp-on--click=\"actions.showLightbox\"\n\t\t\tdata-wp-style--right=\"state.imageButtonRight\"\n\t\t\tdata-wp-style--top=\"state.imageButtonTop\"\n\t\t>\n\t\t\t<svg xmlns=\"http:\/\/www.w3.org\/2000\/svg\" width=\"12\" height=\"12\" fill=\"none\" viewBox=\"0 0 12 12\">\n\t\t\t\t<path fill=\"#fff\" d=\"M2 0a2 2 0 0 0-2 2v2h1.5V2a.5.5 0 0 1 .5-.5h2V0H2Zm2 10.5H2a.5.5 0 0 1-.5-.5V8H0v2a2 2 0 0 0 2 2h2v-1.5ZM8 12v-1.5h2a.5.5 0 0 0 .5-.5V8H12v2a2 2 0 0 1-2 2H8Zm2-12a2 2 0 0 1 2 2v2h-1.5V2a.5.5 0 0 0-.5-.5H8V0h2Z\" \/>\n\t\t\t<\/svg>\n\t\t<\/button><figcaption class=\"wp-element-caption\"><strong>\u20202.10.1819 zem\u0159ela Magdalena, man\u017eelka Josefa Bryndy domk\u00e1\u0159e z Liboce ve v\u011bku 64 let, p\u0159\u00ed\u010dina \u00famrt\u00ed hlavni\u010dka [b\u0159i\u0161n\u00ed tyfus].<\/strong><\/figcaption><\/figure>\n<\/div>\n\n\n<h2 class=\"wp-block-heading has-text-align-center\"><strong>Rodina Posova a dal\u0161\u00ed vlastn\u00edci<\/strong><\/h2>\n\n\n<div class=\"wp-block-image\">\n<figure data-wp-context=\"{&quot;imageId&quot;:&quot;69f447ea4e99d&quot;}\" data-wp-interactive=\"core\/image\" data-wp-key=\"69f447ea4e99d\" class=\"aligncenter size-full is-resized wp-lightbox-container\"><img loading=\"lazy\" decoding=\"async\" width=\"942\" height=\"358\" data-wp-class--hide=\"state.isContentHidden\" data-wp-class--show=\"state.isContentVisible\" data-wp-init=\"callbacks.setButtonStyles\" data-wp-on--click=\"actions.showLightbox\" data-wp-on--load=\"callbacks.setButtonStyles\" data-wp-on-window--resize=\"callbacks.setButtonStyles\" src=\"https:\/\/www.periferieprahy.cz\/blog\/wp-content\/uploads\/2025\/04\/cp27.h4.jpg\" alt=\"\" class=\"wp-image-2635\" style=\"width:962px;height:auto\" srcset=\"https:\/\/www.periferieprahy.cz\/blog\/wp-content\/uploads\/2025\/04\/cp27.h4.jpg 942w, https:\/\/www.periferieprahy.cz\/blog\/wp-content\/uploads\/2025\/04\/cp27.h4-300x114.jpg 300w, https:\/\/www.periferieprahy.cz\/blog\/wp-content\/uploads\/2025\/04\/cp27.h4-768x292.jpg 768w\" sizes=\"auto, (max-width: 942px) 100vw, 942px\" \/><button\n\t\t\tclass=\"lightbox-trigger\"\n\t\t\ttype=\"button\"\n\t\t\taria-haspopup=\"dialog\"\n\t\t\taria-label=\"Zv\u011bt\u0161it\"\n\t\t\tdata-wp-init=\"callbacks.initTriggerButton\"\n\t\t\tdata-wp-on--click=\"actions.showLightbox\"\n\t\t\tdata-wp-style--right=\"state.imageButtonRight\"\n\t\t\tdata-wp-style--top=\"state.imageButtonTop\"\n\t\t>\n\t\t\t<svg xmlns=\"http:\/\/www.w3.org\/2000\/svg\" width=\"12\" height=\"12\" fill=\"none\" viewBox=\"0 0 12 12\">\n\t\t\t\t<path fill=\"#fff\" d=\"M2 0a2 2 0 0 0-2 2v2h1.5V2a.5.5 0 0 1 .5-.5h2V0H2Zm2 10.5H2a.5.5 0 0 1-.5-.5V8H0v2a2 2 0 0 0 2 2h2v-1.5ZM8 12v-1.5h2a.5.5 0 0 0 .5-.5V8H12v2a2 2 0 0 1-2 2H8Zm2-12a2 2 0 0 1 2 2v2h-1.5V2a.5.5 0 0 0-.5-.5H8V0h2Z\" \/>\n\t\t\t<\/svg>\n\t\t<\/button><\/figure>\n<\/div>\n\n<div class=\"wp-block-image\">\n<figure data-wp-context=\"{&quot;imageId&quot;:&quot;69f447ea4f14c&quot;}\" data-wp-interactive=\"core\/image\" data-wp-key=\"69f447ea4f14c\" class=\"aligncenter size-full wp-lightbox-container\" id=\"jan_pos_alzbeta_1820\"><img loading=\"lazy\" decoding=\"async\" width=\"968\" height=\"374\" data-wp-class--hide=\"state.isContentHidden\" data-wp-class--show=\"state.isContentVisible\" data-wp-init=\"callbacks.setButtonStyles\" data-wp-on--click=\"actions.showLightbox\" data-wp-on--load=\"callbacks.setButtonStyles\" data-wp-on-window--resize=\"callbacks.setButtonStyles\" src=\"https:\/\/www.periferieprahy.cz\/blog\/wp-content\/uploads\/2025\/04\/cp27.h5.jpg\" alt=\"\" class=\"wp-image-2636\" srcset=\"https:\/\/www.periferieprahy.cz\/blog\/wp-content\/uploads\/2025\/04\/cp27.h5.jpg 968w, https:\/\/www.periferieprahy.cz\/blog\/wp-content\/uploads\/2025\/04\/cp27.h5-300x116.jpg 300w, https:\/\/www.periferieprahy.cz\/blog\/wp-content\/uploads\/2025\/04\/cp27.h5-768x297.jpg 768w\" sizes=\"auto, (max-width: 968px) 100vw, 968px\" \/><button\n\t\t\tclass=\"lightbox-trigger\"\n\t\t\ttype=\"button\"\n\t\t\taria-haspopup=\"dialog\"\n\t\t\taria-label=\"Zv\u011bt\u0161it\"\n\t\t\tdata-wp-init=\"callbacks.initTriggerButton\"\n\t\t\tdata-wp-on--click=\"actions.showLightbox\"\n\t\t\tdata-wp-style--right=\"state.imageButtonRight\"\n\t\t\tdata-wp-style--top=\"state.imageButtonTop\"\n\t\t>\n\t\t\t<svg xmlns=\"http:\/\/www.w3.org\/2000\/svg\" width=\"12\" height=\"12\" fill=\"none\" viewBox=\"0 0 12 12\">\n\t\t\t\t<path fill=\"#fff\" d=\"M2 0a2 2 0 0 0-2 2v2h1.5V2a.5.5 0 0 1 .5-.5h2V0H2Zm2 10.5H2a.5.5 0 0 1-.5-.5V8H0v2a2 2 0 0 0 2 2h2v-1.5ZM8 12v-1.5h2a.5.5 0 0 0 .5-.5V8H12v2a2 2 0 0 1-2 2H8Zm2-12a2 2 0 0 1 2 2v2h-1.5V2a.5.5 0 0 0-.5-.5H8V0h2Z\" \/>\n\t\t\t<\/svg>\n\t\t<\/button><figcaption class=\"wp-element-caption\">\u221e20.1.1820; Liboc 34; \u017eenich Jan Pos, syn po \u2020Josefovi Posovi, domk\u00e1\u0159i z Liboce a mate\u0159e Magdaleny, v\u011bk 24 let; nev\u011bsta Al\u017eb\u011bta, dcera Mat\u011bje Klundra, podruha ze vsi Hradi\u0161ko a mate\u0159e Kate\u0159iny, v\u011bk 20 let.<\/figcaption><\/figure>\n<\/div>\n\n<div class=\"wp-block-image\">\n<figure data-wp-context=\"{&quot;imageId&quot;:&quot;69f447ea4f71e&quot;}\" data-wp-interactive=\"core\/image\" data-wp-key=\"69f447ea4f71e\" class=\"aligncenter size-large is-resized wp-lightbox-container\"><img loading=\"lazy\" decoding=\"async\" width=\"1024\" height=\"201\" data-wp-class--hide=\"state.isContentHidden\" data-wp-class--show=\"state.isContentVisible\" data-wp-init=\"callbacks.setButtonStyles\" data-wp-on--click=\"actions.showLightbox\" data-wp-on--load=\"callbacks.setButtonStyles\" data-wp-on-window--resize=\"callbacks.setButtonStyles\" src=\"https:\/\/www.periferieprahy.cz\/blog\/wp-content\/uploads\/2025\/04\/cp27.h6-1024x201.jpg\" alt=\"\" class=\"wp-image-2637\" style=\"width:1140px;height:auto\" srcset=\"https:\/\/www.periferieprahy.cz\/blog\/wp-content\/uploads\/2025\/04\/cp27.h6-1024x201.jpg 1024w, https:\/\/www.periferieprahy.cz\/blog\/wp-content\/uploads\/2025\/04\/cp27.h6-300x59.jpg 300w, https:\/\/www.periferieprahy.cz\/blog\/wp-content\/uploads\/2025\/04\/cp27.h6-768x151.jpg 768w, https:\/\/www.periferieprahy.cz\/blog\/wp-content\/uploads\/2025\/04\/cp27.h6.jpg 1089w\" sizes=\"auto, (max-width: 1024px) 100vw, 1024px\" \/><button\n\t\t\tclass=\"lightbox-trigger\"\n\t\t\ttype=\"button\"\n\t\t\taria-haspopup=\"dialog\"\n\t\t\taria-label=\"Zv\u011bt\u0161it\"\n\t\t\tdata-wp-init=\"callbacks.initTriggerButton\"\n\t\t\tdata-wp-on--click=\"actions.showLightbox\"\n\t\t\tdata-wp-style--right=\"state.imageButtonRight\"\n\t\t\tdata-wp-style--top=\"state.imageButtonTop\"\n\t\t>\n\t\t\t<svg xmlns=\"http:\/\/www.w3.org\/2000\/svg\" width=\"12\" height=\"12\" fill=\"none\" viewBox=\"0 0 12 12\">\n\t\t\t\t<path fill=\"#fff\" d=\"M2 0a2 2 0 0 0-2 2v2h1.5V2a.5.5 0 0 1 .5-.5h2V0H2Zm2 10.5H2a.5.5 0 0 1-.5-.5V8H0v2a2 2 0 0 0 2 2h2v-1.5ZM8 12v-1.5h2a.5.5 0 0 0 .5-.5V8H12v2a2 2 0 0 1-2 2H8Zm2-12a2 2 0 0 1 2 2v2h-1.5V2a.5.5 0 0 0-.5-.5H8V0h2Z\" \/>\n\t\t\t<\/svg>\n\t\t<\/button><\/figure>\n<\/div>\n\n<div class=\"wp-block-image\">\n<figure data-wp-context=\"{&quot;imageId&quot;:&quot;69f447ea4ff5f&quot;}\" data-wp-interactive=\"core\/image\" data-wp-key=\"69f447ea4ff5f\" class=\"aligncenter size-full is-resized wp-lightbox-container\" id=\"magda1838\"><img loading=\"lazy\" decoding=\"async\" width=\"964\" height=\"201\" data-wp-class--hide=\"state.isContentHidden\" data-wp-class--show=\"state.isContentVisible\" data-wp-init=\"callbacks.setButtonStyles\" data-wp-on--click=\"actions.showLightbox\" data-wp-on--load=\"callbacks.setButtonStyles\" data-wp-on-window--resize=\"callbacks.setButtonStyles\" src=\"https:\/\/www.periferieprahy.cz\/blog\/wp-content\/uploads\/2025\/04\/cp27.h7.jpg\" alt=\"\" class=\"wp-image-2638\" style=\"width:1136px;height:auto\" srcset=\"https:\/\/www.periferieprahy.cz\/blog\/wp-content\/uploads\/2025\/04\/cp27.h7.jpg 964w, https:\/\/www.periferieprahy.cz\/blog\/wp-content\/uploads\/2025\/04\/cp27.h7-300x63.jpg 300w, https:\/\/www.periferieprahy.cz\/blog\/wp-content\/uploads\/2025\/04\/cp27.h7-768x160.jpg 768w\" sizes=\"auto, (max-width: 964px) 100vw, 964px\" \/><button\n\t\t\tclass=\"lightbox-trigger\"\n\t\t\ttype=\"button\"\n\t\t\taria-haspopup=\"dialog\"\n\t\t\taria-label=\"Zv\u011bt\u0161it\"\n\t\t\tdata-wp-init=\"callbacks.initTriggerButton\"\n\t\t\tdata-wp-on--click=\"actions.showLightbox\"\n\t\t\tdata-wp-style--right=\"state.imageButtonRight\"\n\t\t\tdata-wp-style--top=\"state.imageButtonTop\"\n\t\t>\n\t\t\t<svg xmlns=\"http:\/\/www.w3.org\/2000\/svg\" width=\"12\" height=\"12\" fill=\"none\" viewBox=\"0 0 12 12\">\n\t\t\t\t<path fill=\"#fff\" d=\"M2 0a2 2 0 0 0-2 2v2h1.5V2a.5.5 0 0 1 .5-.5h2V0H2Zm2 10.5H2a.5.5 0 0 1-.5-.5V8H0v2a2 2 0 0 0 2 2h2v-1.5ZM8 12v-1.5h2a.5.5 0 0 0 .5-.5V8H12v2a2 2 0 0 1-2 2H8Zm2-12a2 2 0 0 1 2 2v2h-1.5V2a.5.5 0 0 0-.5-.5H8V0h2Z\" \/>\n\t\t\t<\/svg>\n\t\t<\/button><figcaption class=\"wp-element-caption\">Magdalena *13.1.1838; otec Jan Pos, domk\u00e1\u0159, syn Josefa Pose a Magdaleny rozen\u00e9 Kl\u00edmov\u00e9; matka Al\u017eb\u011bta, dcera Mat\u011bje Klundra n\u00e1den\u00edka z Hradi\u0161ka a matky Kate\u0159iny rozen\u00e9 \u0160lechtov\u00e9.<\/figcaption><\/figure>\n<\/div>\n\n<div class=\"wp-block-image\">\n<figure data-wp-context=\"{&quot;imageId&quot;:&quot;69f447ea505de&quot;}\" data-wp-interactive=\"core\/image\" data-wp-key=\"69f447ea505de\" class=\"aligncenter size-large wp-lightbox-container\" id=\"jan_pos_tod1848\"><img loading=\"lazy\" decoding=\"async\" width=\"1024\" height=\"256\" data-wp-class--hide=\"state.isContentHidden\" data-wp-class--show=\"state.isContentVisible\" data-wp-init=\"callbacks.setButtonStyles\" data-wp-on--click=\"actions.showLightbox\" data-wp-on--load=\"callbacks.setButtonStyles\" data-wp-on-window--resize=\"callbacks.setButtonStyles\" src=\"https:\/\/www.periferieprahy.cz\/blog\/wp-content\/uploads\/2025\/04\/cp27.h12-1024x256.jpg\" alt=\"\" class=\"wp-image-2643\" srcset=\"https:\/\/www.periferieprahy.cz\/blog\/wp-content\/uploads\/2025\/04\/cp27.h12-1024x256.jpg 1024w, https:\/\/www.periferieprahy.cz\/blog\/wp-content\/uploads\/2025\/04\/cp27.h12-300x75.jpg 300w, https:\/\/www.periferieprahy.cz\/blog\/wp-content\/uploads\/2025\/04\/cp27.h12-768x192.jpg 768w, https:\/\/www.periferieprahy.cz\/blog\/wp-content\/uploads\/2025\/04\/cp27.h12.jpg 1056w\" sizes=\"auto, (max-width: 1024px) 100vw, 1024px\" \/><button\n\t\t\tclass=\"lightbox-trigger\"\n\t\t\ttype=\"button\"\n\t\t\taria-haspopup=\"dialog\"\n\t\t\taria-label=\"Zv\u011bt\u0161it\"\n\t\t\tdata-wp-init=\"callbacks.initTriggerButton\"\n\t\t\tdata-wp-on--click=\"actions.showLightbox\"\n\t\t\tdata-wp-style--right=\"state.imageButtonRight\"\n\t\t\tdata-wp-style--top=\"state.imageButtonTop\"\n\t\t>\n\t\t\t<svg xmlns=\"http:\/\/www.w3.org\/2000\/svg\" width=\"12\" height=\"12\" fill=\"none\" viewBox=\"0 0 12 12\">\n\t\t\t\t<path fill=\"#fff\" d=\"M2 0a2 2 0 0 0-2 2v2h1.5V2a.5.5 0 0 1 .5-.5h2V0H2Zm2 10.5H2a.5.5 0 0 1-.5-.5V8H0v2a2 2 0 0 0 2 2h2v-1.5ZM8 12v-1.5h2a.5.5 0 0 0 .5-.5V8H12v2a2 2 0 0 1-2 2H8Zm2-12a2 2 0 0 1 2 2v2h-1.5V2a.5.5 0 0 0-.5-.5H8V0h2Z\" \/>\n\t\t\t<\/svg>\n\t\t<\/button><figcaption class=\"wp-element-caption\"><strong>\u20203.4.1848 zem\u0159el ve v\u011bku 50 let na &#8222;poka\u017een\u00ed plic&#8220; Jan Pos  <\/strong><\/figcaption><\/figure>\n<\/div>\n\n<div class=\"wp-block-image\">\n<figure data-wp-context=\"{&quot;imageId&quot;:&quot;69f447ea50bd8&quot;}\" data-wp-interactive=\"core\/image\" data-wp-key=\"69f447ea50bd8\" class=\"aligncenter size-full is-resized wp-lightbox-container\"><img loading=\"lazy\" decoding=\"async\" width=\"904\" height=\"536\" data-wp-class--hide=\"state.isContentHidden\" data-wp-class--show=\"state.isContentVisible\" data-wp-init=\"callbacks.setButtonStyles\" data-wp-on--click=\"actions.showLightbox\" data-wp-on--load=\"callbacks.setButtonStyles\" data-wp-on-window--resize=\"callbacks.setButtonStyles\" src=\"https:\/\/www.periferieprahy.cz\/blog\/wp-content\/uploads\/2025\/04\/cp27.h8.jpg\" alt=\"\" class=\"wp-image-2639\" style=\"width:1066px;height:auto\" srcset=\"https:\/\/www.periferieprahy.cz\/blog\/wp-content\/uploads\/2025\/04\/cp27.h8.jpg 904w, https:\/\/www.periferieprahy.cz\/blog\/wp-content\/uploads\/2025\/04\/cp27.h8-300x178.jpg 300w, https:\/\/www.periferieprahy.cz\/blog\/wp-content\/uploads\/2025\/04\/cp27.h8-768x455.jpg 768w\" sizes=\"auto, (max-width: 904px) 100vw, 904px\" \/><button\n\t\t\tclass=\"lightbox-trigger\"\n\t\t\ttype=\"button\"\n\t\t\taria-haspopup=\"dialog\"\n\t\t\taria-label=\"Zv\u011bt\u0161it\"\n\t\t\tdata-wp-init=\"callbacks.initTriggerButton\"\n\t\t\tdata-wp-on--click=\"actions.showLightbox\"\n\t\t\tdata-wp-style--right=\"state.imageButtonRight\"\n\t\t\tdata-wp-style--top=\"state.imageButtonTop\"\n\t\t>\n\t\t\t<svg xmlns=\"http:\/\/www.w3.org\/2000\/svg\" width=\"12\" height=\"12\" fill=\"none\" viewBox=\"0 0 12 12\">\n\t\t\t\t<path fill=\"#fff\" d=\"M2 0a2 2 0 0 0-2 2v2h1.5V2a.5.5 0 0 1 .5-.5h2V0H2Zm2 10.5H2a.5.5 0 0 1-.5-.5V8H0v2a2 2 0 0 0 2 2h2v-1.5ZM8 12v-1.5h2a.5.5 0 0 0 .5-.5V8H12v2a2 2 0 0 1-2 2H8Zm2-12a2 2 0 0 1 2 2v2h-1.5V2a.5.5 0 0 0-.5-.5H8V0h2Z\" \/>\n\t\t\t<\/svg>\n\t\t<\/button><\/figure>\n<\/div>\n\n<div class=\"wp-block-image\">\n<figure data-wp-context=\"{&quot;imageId&quot;:&quot;69f447ea511ec&quot;}\" data-wp-interactive=\"core\/image\" data-wp-key=\"69f447ea511ec\" class=\"aligncenter size-full is-resized wp-lightbox-container\" id=\"josef_tesnohlidek_alzbeta1851\"><img loading=\"lazy\" decoding=\"async\" width=\"908\" height=\"401\" data-wp-class--hide=\"state.isContentHidden\" data-wp-class--show=\"state.isContentVisible\" data-wp-init=\"callbacks.setButtonStyles\" data-wp-on--click=\"actions.showLightbox\" data-wp-on--load=\"callbacks.setButtonStyles\" data-wp-on-window--resize=\"callbacks.setButtonStyles\" src=\"https:\/\/www.periferieprahy.cz\/blog\/wp-content\/uploads\/2025\/04\/cp27.h9.jpg\" alt=\"\" class=\"wp-image-2640\" style=\"width:1070px;height:auto\" srcset=\"https:\/\/www.periferieprahy.cz\/blog\/wp-content\/uploads\/2025\/04\/cp27.h9.jpg 908w, https:\/\/www.periferieprahy.cz\/blog\/wp-content\/uploads\/2025\/04\/cp27.h9-300x132.jpg 300w, https:\/\/www.periferieprahy.cz\/blog\/wp-content\/uploads\/2025\/04\/cp27.h9-768x339.jpg 768w\" sizes=\"auto, (max-width: 908px) 100vw, 908px\" \/><button\n\t\t\tclass=\"lightbox-trigger\"\n\t\t\ttype=\"button\"\n\t\t\taria-haspopup=\"dialog\"\n\t\t\taria-label=\"Zv\u011bt\u0161it\"\n\t\t\tdata-wp-init=\"callbacks.initTriggerButton\"\n\t\t\tdata-wp-on--click=\"actions.showLightbox\"\n\t\t\tdata-wp-style--right=\"state.imageButtonRight\"\n\t\t\tdata-wp-style--top=\"state.imageButtonTop\"\n\t\t>\n\t\t\t<svg xmlns=\"http:\/\/www.w3.org\/2000\/svg\" width=\"12\" height=\"12\" fill=\"none\" viewBox=\"0 0 12 12\">\n\t\t\t\t<path fill=\"#fff\" d=\"M2 0a2 2 0 0 0-2 2v2h1.5V2a.5.5 0 0 1 .5-.5h2V0H2Zm2 10.5H2a.5.5 0 0 1-.5-.5V8H0v2a2 2 0 0 0 2 2h2v-1.5ZM8 12v-1.5h2a.5.5 0 0 0 .5-.5V8H12v2a2 2 0 0 1-2 2H8Zm2-12a2 2 0 0 1 2 2v2h-1.5V2a.5.5 0 0 0-.5-.5H8V0h2Z\" \/>\n\t\t\t<\/svg>\n\t\t<\/button><figcaption class=\"wp-element-caption\">Liboc 27; \u221e25..5.1851; \u017eenich Josef T\u011bsnohl\u00eddek, zem\u011bbranec od II. pr\u00e1poru, syn Josefa T\u011bsnohl\u00eddka, pohodn\u00e9ho z Kl\u00e1\u0161tera \u010d.d. 38 [dnes \u010d\u00e1st obce Vil\u00e9mov] a matky Veroniky rozen\u00e9 Oberreitrov\u00e9. Nev\u011bsta <strong>Posov\u00e1 Al\u017eb\u011bta vdova po Janu Posovi<\/strong> domk\u00e1\u0159i z Liboce \u010d.d. 27, dcera Mat\u011bje Klundra z Hradi\u0161ka \u010d.d. 27 a matky Kate\u0159iny rozen\u00e9 \u0160lechtov\u00e9.<\/figcaption><\/figure>\n<\/div>\n\n<div class=\"wp-block-image\">\n<figure data-wp-context=\"{&quot;imageId&quot;:&quot;69f447ea517d4&quot;}\" data-wp-interactive=\"core\/image\" data-wp-key=\"69f447ea517d4\" class=\"aligncenter size-full is-resized wp-lightbox-container\"><img loading=\"lazy\" decoding=\"async\" width=\"590\" height=\"733\" data-wp-class--hide=\"state.isContentHidden\" data-wp-class--show=\"state.isContentVisible\" data-wp-init=\"callbacks.setButtonStyles\" data-wp-on--click=\"actions.showLightbox\" data-wp-on--load=\"callbacks.setButtonStyles\" data-wp-on-window--resize=\"callbacks.setButtonStyles\" src=\"https:\/\/www.periferieprahy.cz\/blog\/wp-content\/uploads\/2025\/04\/cp27.h10.jpg\" alt=\"\" class=\"wp-image-2641\" style=\"width:1122px;height:auto\" srcset=\"https:\/\/www.periferieprahy.cz\/blog\/wp-content\/uploads\/2025\/04\/cp27.h10.jpg 590w, https:\/\/www.periferieprahy.cz\/blog\/wp-content\/uploads\/2025\/04\/cp27.h10-241x300.jpg 241w\" sizes=\"auto, (max-width: 590px) 100vw, 590px\" \/><button\n\t\t\tclass=\"lightbox-trigger\"\n\t\t\ttype=\"button\"\n\t\t\taria-haspopup=\"dialog\"\n\t\t\taria-label=\"Zv\u011bt\u0161it\"\n\t\t\tdata-wp-init=\"callbacks.initTriggerButton\"\n\t\t\tdata-wp-on--click=\"actions.showLightbox\"\n\t\t\tdata-wp-style--right=\"state.imageButtonRight\"\n\t\t\tdata-wp-style--top=\"state.imageButtonTop\"\n\t\t>\n\t\t\t<svg xmlns=\"http:\/\/www.w3.org\/2000\/svg\" width=\"12\" height=\"12\" fill=\"none\" viewBox=\"0 0 12 12\">\n\t\t\t\t<path fill=\"#fff\" d=\"M2 0a2 2 0 0 0-2 2v2h1.5V2a.5.5 0 0 1 .5-.5h2V0H2Zm2 10.5H2a.5.5 0 0 1-.5-.5V8H0v2a2 2 0 0 0 2 2h2v-1.5ZM8 12v-1.5h2a.5.5 0 0 0 .5-.5V8H12v2a2 2 0 0 1-2 2H8Zm2-12a2 2 0 0 1 2 2v2h-1.5V2a.5.5 0 0 0-.5-.5H8V0h2Z\" \/>\n\t\t\t<\/svg>\n\t\t<\/button><\/figure>\n<\/div>\n\n<div class=\"wp-block-image\">\n<figure data-wp-context=\"{&quot;imageId&quot;:&quot;69f447ea51db8&quot;}\" data-wp-interactive=\"core\/image\" data-wp-key=\"69f447ea51db8\" class=\"aligncenter size-full is-resized wp-lightbox-container\" id=\"reznicek_magda_pos1861\"><img loading=\"lazy\" decoding=\"async\" width=\"579\" height=\"752\" data-wp-class--hide=\"state.isContentHidden\" data-wp-class--show=\"state.isContentVisible\" data-wp-init=\"callbacks.setButtonStyles\" data-wp-on--click=\"actions.showLightbox\" data-wp-on--load=\"callbacks.setButtonStyles\" data-wp-on-window--resize=\"callbacks.setButtonStyles\" src=\"https:\/\/www.periferieprahy.cz\/blog\/wp-content\/uploads\/2025\/04\/cp27.h11.jpg\" alt=\"\" class=\"wp-image-2642\" style=\"width:1125px;height:auto\" srcset=\"https:\/\/www.periferieprahy.cz\/blog\/wp-content\/uploads\/2025\/04\/cp27.h11.jpg 579w, https:\/\/www.periferieprahy.cz\/blog\/wp-content\/uploads\/2025\/04\/cp27.h11-231x300.jpg 231w\" sizes=\"auto, (max-width: 579px) 100vw, 579px\" \/><button\n\t\t\tclass=\"lightbox-trigger\"\n\t\t\ttype=\"button\"\n\t\t\taria-haspopup=\"dialog\"\n\t\t\taria-label=\"Zv\u011bt\u0161it\"\n\t\t\tdata-wp-init=\"callbacks.initTriggerButton\"\n\t\t\tdata-wp-on--click=\"actions.showLightbox\"\n\t\t\tdata-wp-style--right=\"state.imageButtonRight\"\n\t\t\tdata-wp-style--top=\"state.imageButtonTop\"\n\t\t>\n\t\t\t<svg xmlns=\"http:\/\/www.w3.org\/2000\/svg\" width=\"12\" height=\"12\" fill=\"none\" viewBox=\"0 0 12 12\">\n\t\t\t\t<path fill=\"#fff\" d=\"M2 0a2 2 0 0 0-2 2v2h1.5V2a.5.5 0 0 1 .5-.5h2V0H2Zm2 10.5H2a.5.5 0 0 1-.5-.5V8H0v2a2 2 0 0 0 2 2h2v-1.5ZM8 12v-1.5h2a.5.5 0 0 0 .5-.5V8H12v2a2 2 0 0 1-2 2H8Zm2-12a2 2 0 0 1 2 2v2h-1.5V2a.5.5 0 0 0-.5-.5H8V0h2Z\" \/>\n\t\t\t<\/svg>\n\t\t<\/button><figcaption class=\"wp-element-caption\">\u221e12.2.1861 Horn\u00ed Liboc 15, Doln\u00ed Liboc 27; \u017eenich \u0158ezn\u00ed\u010dek V\u00e1clav tovary\u0161 zednick\u00fd a domk\u00e1\u0159 v horn\u00ed Liboci \u010d.d. 15 syn Jana \u0158ezn\u00ed\u010dka, domk\u00e1\u0159e z Hostiva\u0159e \u010d.d. 69 (syna \u2020V\u00e1clava \u0158ezn\u00ed\u010dka, domk\u00e1\u0159e z horn\u00ed Liboce \u010d.d. 15 a matky Veroniky rozen\u00e9 \u0160est\u00e1kov\u00e9 z Liboce \u010d.d. 28) a man\u017eelky jeho Marie rozen\u00e9 Lou\u010dkov\u00e9. Nev\u011bsta: Po\u0161ov\u00e1 <strong>Magdalena, poz\u016fstal\u00e1 dcera po Janovi Po\u0161ovi z Doln\u00ed Liboce a man\u017eelky Al\u017eb\u011bty rozen\u00e9 Klundrov\u00e9<\/strong>.<\/figcaption><\/figure>\n<\/div>\n\n<div class=\"wp-block-image\">\n<figure data-wp-context=\"{&quot;imageId&quot;:&quot;69f447ea523db&quot;}\" data-wp-interactive=\"core\/image\" data-wp-key=\"69f447ea523db\" class=\"aligncenter size-full is-resized wp-lightbox-container\" id=\"poz_kniha\"><img loading=\"lazy\" decoding=\"async\" width=\"904\" height=\"580\" data-wp-class--hide=\"state.isContentHidden\" data-wp-class--show=\"state.isContentVisible\" data-wp-init=\"callbacks.setButtonStyles\" data-wp-on--click=\"actions.showLightbox\" data-wp-on--load=\"callbacks.setButtonStyles\" data-wp-on-window--resize=\"callbacks.setButtonStyles\" src=\"https:\/\/www.periferieprahy.cz\/blog\/wp-content\/uploads\/2025\/04\/cp27_1.jpg\" alt=\"\" class=\"wp-image-2656\" style=\"width:1134px;height:auto\" srcset=\"https:\/\/www.periferieprahy.cz\/blog\/wp-content\/uploads\/2025\/04\/cp27_1.jpg 904w, https:\/\/www.periferieprahy.cz\/blog\/wp-content\/uploads\/2025\/04\/cp27_1-300x192.jpg 300w, https:\/\/www.periferieprahy.cz\/blog\/wp-content\/uploads\/2025\/04\/cp27_1-768x493.jpg 768w\" sizes=\"auto, (max-width: 904px) 100vw, 904px\" \/><button\n\t\t\tclass=\"lightbox-trigger\"\n\t\t\ttype=\"button\"\n\t\t\taria-haspopup=\"dialog\"\n\t\t\taria-label=\"Zv\u011bt\u0161it\"\n\t\t\tdata-wp-init=\"callbacks.initTriggerButton\"\n\t\t\tdata-wp-on--click=\"actions.showLightbox\"\n\t\t\tdata-wp-style--right=\"state.imageButtonRight\"\n\t\t\tdata-wp-style--top=\"state.imageButtonTop\"\n\t\t>\n\t\t\t<svg xmlns=\"http:\/\/www.w3.org\/2000\/svg\" width=\"12\" height=\"12\" fill=\"none\" viewBox=\"0 0 12 12\">\n\t\t\t\t<path fill=\"#fff\" d=\"M2 0a2 2 0 0 0-2 2v2h1.5V2a.5.5 0 0 1 .5-.5h2V0H2Zm2 10.5H2a.5.5 0 0 1-.5-.5V8H0v2a2 2 0 0 0 2 2h2v-1.5ZM8 12v-1.5h2a.5.5 0 0 0 .5-.5V8H12v2a2 2 0 0 1-2 2H8Zm2-12a2 2 0 0 1 2 2v2h-1.5V2a.5.5 0 0 0-.5-.5H8V0h2Z\" \/>\n\t\t\t<\/svg>\n\t\t<\/button><figcaption class=\"wp-element-caption\">Z\u00e1pis v pozemkov\u00e9 knize \u010d.p. 27: Al\u017eb\u011bta ovdov\u011bl\u00e1 Pos, nyn\u00ed podruh\u00e9 vdan\u00e1: T\u011bsnohl\u00eddek, rozen\u00e1 1791 zd\u011bdila po prvn\u00edm man\u017eelovi Janu Posovi dv\u011b vedle sebe stoj\u00edc\u00ed chaloupky pod jedn\u00edm \u010d\u00edslem. Man\u017eel druh\u00fd Josef T\u011bsnohl\u00eddek narozen v obci Kl\u00e1\u0161ter-Vil\u00e9mov; jest 3. dubna do obce Liboc za p\u0159\u00edslu\u0161n\u00edka p\u0159ijat; Dcera Magdalena Pos 1838  [ s p\u0159isp\u011bn\u00edm p. Jaroslava Vale\u0161e, nyn\u011bj\u0161\u00edho vlastn\u00edka] <\/figcaption><\/figure>\n<\/div>\n\n\n<figure data-wp-context=\"{&quot;imageId&quot;:&quot;69f447ea529b8&quot;}\" data-wp-interactive=\"core\/image\" data-wp-key=\"69f447ea529b8\" class=\"wp-block-image alignfull size-large wp-lightbox-container\" id=\"LV\"><img loading=\"lazy\" decoding=\"async\" width=\"1024\" height=\"834\" data-wp-class--hide=\"state.isContentHidden\" data-wp-class--show=\"state.isContentVisible\" data-wp-init=\"callbacks.setButtonStyles\" data-wp-on--click=\"actions.showLightbox\" data-wp-on--load=\"callbacks.setButtonStyles\" data-wp-on-window--resize=\"callbacks.setButtonStyles\" src=\"https:\/\/www.periferieprahy.cz\/blog\/wp-content\/uploads\/2025\/04\/cp27_2-1024x834.jpg\" alt=\"\" class=\"wp-image-2657\" srcset=\"https:\/\/www.periferieprahy.cz\/blog\/wp-content\/uploads\/2025\/04\/cp27_2-1024x834.jpg 1024w, https:\/\/www.periferieprahy.cz\/blog\/wp-content\/uploads\/2025\/04\/cp27_2-300x244.jpg 300w, https:\/\/www.periferieprahy.cz\/blog\/wp-content\/uploads\/2025\/04\/cp27_2-768x625.jpg 768w, https:\/\/www.periferieprahy.cz\/blog\/wp-content\/uploads\/2025\/04\/cp27_2.jpg 1291w\" sizes=\"auto, (max-width: 1024px) 100vw, 1024px\" \/><button\n\t\t\tclass=\"lightbox-trigger\"\n\t\t\ttype=\"button\"\n\t\t\taria-haspopup=\"dialog\"\n\t\t\taria-label=\"Zv\u011bt\u0161it\"\n\t\t\tdata-wp-init=\"callbacks.initTriggerButton\"\n\t\t\tdata-wp-on--click=\"actions.showLightbox\"\n\t\t\tdata-wp-style--right=\"state.imageButtonRight\"\n\t\t\tdata-wp-style--top=\"state.imageButtonTop\"\n\t\t>\n\t\t\t<svg xmlns=\"http:\/\/www.w3.org\/2000\/svg\" width=\"12\" height=\"12\" fill=\"none\" viewBox=\"0 0 12 12\">\n\t\t\t\t<path fill=\"#fff\" d=\"M2 0a2 2 0 0 0-2 2v2h1.5V2a.5.5 0 0 1 .5-.5h2V0H2Zm2 10.5H2a.5.5 0 0 1-.5-.5V8H0v2a2 2 0 0 0 2 2h2v-1.5ZM8 12v-1.5h2a.5.5 0 0 0 .5-.5V8H12v2a2 2 0 0 1-2 2H8Zm2-12a2 2 0 0 1 2 2v2h-1.5V2a.5.5 0 0 0-.5-.5H8V0h2Z\" \/>\n\t\t\t<\/svg>\n\t\t<\/button><figcaption class=\"wp-element-caption\">List vlastnick\u00fd \u010d.p. 27 [ s p\u0159isp\u011bn\u00edm p. Jarom\u00edra Vale\u0161e, nyn\u011bj\u0161\u00edho vlastn\u00edka]  <\/figcaption><\/figure>\n","protected":false},"excerpt":{"rendered":"<p>Fabi\u00e1nsk\u00e1 uli\u010dka a malebn\u00e1 uli\u010dka V domc\u00edch. To jsou p\u0159ekr\u00e1sn\u00e1 m\u00edsta v Liboci s typickou z\u00e1stavbou drobn\u00fdch domk\u016f. Pravda, dnes ji\u017e pov\u011bt\u0161inou zmodernizovan\u00fdch a r\u016fzn\u011b upravovan\u00fdch, ale to je samoz\u0159ejm\u00e9 a p\u0159irozen\u00e9. Pr\u00e1v\u011b na k\u0159i\u017eovatce zm\u00edn\u011bn\u00fdch uli\u010dek je domek s \u010d.p. 27, kde \u017eila kdysi rodina Josefa Bryndy.&nbsp; Podle kroniky libock\u00e9 byla dr\u017eitelem nemovitosti v &hellip;<br \/><a href=\"https:\/\/www.periferieprahy.cz\/blog\/2025\/04\/17\/c-p-27-bryndovi-a-posovi\/\" class=\"more-link pen_button pen_element_default pen_icon_arrow_double\">Pokra\u010dovat ve\u00a0\u010dten\u00ed <span class=\"screen-reader-text\">\u010c.p. 27 Bryndovi a Posovi<\/span><\/a><\/p>\n","protected":false},"author":1,"featured_media":2660,"comment_status":"open","ping_status":"open","sticky":false,"template":"","format":"standard","meta":{"_exactmetrics_skip_tracking":false,"_exactmetrics_sitenote_active":false,"_exactmetrics_sitenote_note":"","_exactmetrics_sitenote_category":0,"footnotes":""},"categories":[3],"tags":[],"post_folder":[],"class_list":["post-2632","post","type-post","status-publish","format-standard","has-post-thumbnail","hentry","category-redakce"],"_links":{"self":[{"href":"https:\/\/www.periferieprahy.cz\/blog\/wp-json\/wp\/v2\/posts\/2632","targetHints":{"allow":["GET"]}}],"collection":[{"href":"https:\/\/www.periferieprahy.cz\/blog\/wp-json\/wp\/v2\/posts"}],"about":[{"href":"https:\/\/www.periferieprahy.cz\/blog\/wp-json\/wp\/v2\/types\/post"}],"author":[{"embeddable":true,"href":"https:\/\/www.periferieprahy.cz\/blog\/wp-json\/wp\/v2\/users\/1"}],"replies":[{"embeddable":true,"href":"https:\/\/www.periferieprahy.cz\/blog\/wp-json\/wp\/v2\/comments?post=2632"}],"version-history":[{"count":5,"href":"https:\/\/www.periferieprahy.cz\/blog\/wp-json\/wp\/v2\/posts\/2632\/revisions"}],"predecessor-version":[{"id":2687,"href":"https:\/\/www.periferieprahy.cz\/blog\/wp-json\/wp\/v2\/posts\/2632\/revisions\/2687"}],"wp:featuredmedia":[{"embeddable":true,"href":"https:\/\/www.periferieprahy.cz\/blog\/wp-json\/wp\/v2\/media\/2660"}],"wp:attachment":[{"href":"https:\/\/www.periferieprahy.cz\/blog\/wp-json\/wp\/v2\/media?parent=2632"}],"wp:term":[{"taxonomy":"category","embeddable":true,"href":"https:\/\/www.periferieprahy.cz\/blog\/wp-json\/wp\/v2\/categories?post=2632"},{"taxonomy":"post_tag","embeddable":true,"href":"https:\/\/www.periferieprahy.cz\/blog\/wp-json\/wp\/v2\/tags?post=2632"},{"taxonomy":"post_folder","embeddable":true,"href":"https:\/\/www.periferieprahy.cz\/blog\/wp-json\/wp\/v2\/post_folder?post=2632"}],"curies":[{"name":"wp","href":"https:\/\/api.w.org\/{rel}","templated":true}]}}