{"id":2689,"date":"2025-04-17T23:19:15","date_gmt":"2025-04-17T21:19:15","guid":{"rendered":"https:\/\/www.periferieprahy.cz\/blog\/?p=2689"},"modified":"2025-07-10T20:47:23","modified_gmt":"2025-07-10T18:47:23","slug":"c-p-30-v-liboci-a-c-p-519-v-ruzyni","status":"publish","type":"post","link":"https:\/\/www.periferieprahy.cz\/blog\/2025\/04\/17\/c-p-30-v-liboci-a-c-p-519-v-ruzyni\/","title":{"rendered":"\u010c. p. 30 v Liboci\u00a0a\u00a0 \u010d. p. 519 v Ruzyni"},"content":{"rendered":"\n<img loading=\"lazy\" decoding=\"async\" border=\"0\" src=\"https:\/\/www.periferieprahy.cz\/blog\/wp-content\/uploads\/2024\/12\/pismo7_25.gif\" width=\"94\" height=\"116\" align=\"left\"><span style=\"display: none\"><font size=\"1\">Z<\/font><\/span>e \n\t\t\tvzpom\u00ednek pana Adamce: <font color=\"\"><i>&quot;Kdy\u017e jsem chodil do \n\t\t\t\u0161koly, tak tam m\u011bl pap\u00edrnictv\u00ed pan Nechansk\u00fd. Pan Nechansk\u00fd m\u011bl tak\u00e9 \n\t\t\tpap\u00edrnictv\u00ed u \u0161koly ve Vokovic\u00edch a to hned za restaurac\u00ed U Vlasty. \n\t\t\tMezi b\u00fdvalou restaurac\u00ed U \u0160varce a pap\u00edrnictv\u00edm Nechansk\u00fd je uli\u010dka \n\t\t\tbeze jm\u00e9na, kter\u00e1 byla na\u0161\u00ed denn\u00ed zkratkou p\u0159i cest\u011b do a ze \u0161koly. \n\t\t\tTa \u00fast\u00ed do uli\u010dky V domc\u00edch.&quot;<\/i><\/font><br>\n\t\t\tPodle pam\u011btn\u00edk\u016f zde b\u00fdvalo tak\u00e9&nbsp; holi\u010dstv\u00ed a koloni\u00e1l p. \n\t\t\tB\u00edl\u00e9ho, majitele domu. A tak\u00e9 roku 1774 byl na tomto m\u00edst\u011b byl \n\t\t\t\u0159ezn\u00edk. Dokazuje to tento z\u00e1pis o narozen\u00ed&nbsp; Anton\u00edna ze dne \n\t\t\t10.6.1774, kde otcem je Antonius David, lanio = \u0159ezn\u00edk. Matka Anna&#038;nbsp\n\n\n\n<div style=\"height:5px\" aria-hidden=\"true\" class=\"wp-block-spacer\"><\/div>\n\n\n<div class=\"wp-block-image\">\n<figure class=\"aligncenter size-full is-resized\"><img loading=\"lazy\" decoding=\"async\" width=\"740\" height=\"128\" src=\"https:\/\/www.periferieprahy.cz\/blog\/wp-content\/uploads\/2025\/04\/cp30.h6.jpg\" alt=\"\" class=\"wp-image-2690\" style=\"width:1046px;height:auto\" srcset=\"https:\/\/www.periferieprahy.cz\/blog\/wp-content\/uploads\/2025\/04\/cp30.h6.jpg 740w, https:\/\/www.periferieprahy.cz\/blog\/wp-content\/uploads\/2025\/04\/cp30.h6-300x52.jpg 300w\" sizes=\"auto, (max-width: 740px) 100vw, 740px\" \/><figcaption class=\"wp-element-caption\">Anton\u00edn *10.6.1774, otec Antonius David, lanio = \u0159ezn\u00edk. Matka Anna  <\/figcaption><\/figure>\n<\/div>\n\n<div class=\"wp-block-image\">\n<figure data-wp-context=\"{&quot;imageId&quot;:&quot;69f2fbe6ae092&quot;}\" data-wp-interactive=\"core\/image\" data-wp-key=\"69f2fbe6ae092\" class=\"aligncenter size-large is-resized wp-lightbox-container\"><img loading=\"lazy\" decoding=\"async\" width=\"1024\" height=\"876\" data-wp-class--hide=\"state.isContentHidden\" data-wp-class--show=\"state.isContentVisible\" data-wp-init=\"callbacks.setButtonStyles\" data-wp-on--click=\"actions.showLightbox\" data-wp-on--load=\"callbacks.setButtonStyles\" data-wp-on-window--resize=\"callbacks.setButtonStyles\" src=\"https:\/\/www.periferieprahy.cz\/blog\/wp-content\/uploads\/2025\/04\/cp30-1024x876.jpg\" alt=\"\" class=\"wp-image-2691\" style=\"width:786px;height:auto\" srcset=\"https:\/\/www.periferieprahy.cz\/blog\/wp-content\/uploads\/2025\/04\/cp30-1024x876.jpg 1024w, https:\/\/www.periferieprahy.cz\/blog\/wp-content\/uploads\/2025\/04\/cp30-300x257.jpg 300w, https:\/\/www.periferieprahy.cz\/blog\/wp-content\/uploads\/2025\/04\/cp30-768x657.jpg 768w, https:\/\/www.periferieprahy.cz\/blog\/wp-content\/uploads\/2025\/04\/cp30.jpg 1190w\" sizes=\"auto, (max-width: 1024px) 100vw, 1024px\" \/><button\n\t\t\tclass=\"lightbox-trigger\"\n\t\t\ttype=\"button\"\n\t\t\taria-haspopup=\"dialog\"\n\t\t\taria-label=\"Zv\u011bt\u0161it\"\n\t\t\tdata-wp-init=\"callbacks.initTriggerButton\"\n\t\t\tdata-wp-on--click=\"actions.showLightbox\"\n\t\t\tdata-wp-style--right=\"state.imageButtonRight\"\n\t\t\tdata-wp-style--top=\"state.imageButtonTop\"\n\t\t>\n\t\t\t<svg xmlns=\"http:\/\/www.w3.org\/2000\/svg\" width=\"12\" height=\"12\" fill=\"none\" viewBox=\"0 0 12 12\">\n\t\t\t\t<path fill=\"#fff\" d=\"M2 0a2 2 0 0 0-2 2v2h1.5V2a.5.5 0 0 1 .5-.5h2V0H2Zm2 10.5H2a.5.5 0 0 1-.5-.5V8H0v2a2 2 0 0 0 2 2h2v-1.5ZM8 12v-1.5h2a.5.5 0 0 0 .5-.5V8H12v2a2 2 0 0 1-2 2H8Zm2-12a2 2 0 0 1 2 2v2h-1.5V2a.5.5 0 0 0-.5-.5H8V0h2Z\" \/>\n\t\t\t<\/svg>\n\t\t<\/button><figcaption class=\"wp-element-caption\">Tady, v \u010d. p. 30 na Libock\u00e9 ulici b\u00fdvalo pap\u00edrnictv\u00ed man\u017eel\u016f Nechansk\u00fdch z Ruzyn\u011b \u010d.p.519 <\/figcaption><\/figure>\n<\/div>\n\n\n<p>Pan Bohumil Nehasil n\u00e1m doplnil:&#8230;..<em>narazil jsem ve va\u0161em albu na fotku domu \u010dp. 30 v Libock\u00e9 ulici, kde bylo pap\u00edrnictv\u00ed pana Nechansk\u00e9ho. Pokud se dob\u0159e pamatuji, tak na v\u00fdv\u011bsn\u00edm \u0161t\u00edtu bylo ale uvedeno jm\u00e9no pan\u00ed Nechansk\u00e9, a\u010dkoliv tam prod\u00e1val pan Nechansk\u00fd. Pan Nechansk\u00fd s man\u017eelkou bydleli v Ruzyni v dne\u0161n\u00ed Ruzy\u0148sk\u00e9 ulici v dom\u011b \u010dp. 519. Fotografii toho domu z roku 1986 p\u0159ikl\u00e1d\u00e1m. Bydleli tam v prvn\u00edm pat\u0159e a v p\u0159\u00edzem\u00ed pod sv\u00fdm bytem m\u011bli knihkupectv\u00ed, kde prod\u00e1vala zase pan\u00ed Nechansk\u00e1 &#8211; i noviny, \u010dasopisy a n\u011bkter\u00e9 \u0161koln\u00ed a kancel\u00e1\u0159sk\u00e9 pot\u0159eby. Tak\u00e9 p\u016fj\u010dovali knihy, kter\u00e9 pozd\u011bji v\u011bnovali obecn\u00ed knihovn\u011b v Ruzyni. Kdy\u017e bylo jejich knihkupect\u00ed zru\u0161eno, p\u0159est\u011bhovala se do jejich b\u00fdval\u00e9ho knihkupectv\u00ed prodejna maso-uzeniny (ze sousedn\u00edho domu)&#8230;.. <\/em>Na fotografii o n\u011bco star\u0161\u00ed (kolem roku 1955) je patrn\u00e9, \u017ee zde b\u00fdvala n\u011bjak\u00fd \u010das i cukr\u00e1rna.&nbsp;<\/p>\n\n\n<div class=\"wp-block-image\">\n<figure class=\"aligncenter size-large is-resized\"><img loading=\"lazy\" decoding=\"async\" width=\"1024\" height=\"725\" src=\"https:\/\/www.periferieprahy.cz\/blog\/wp-content\/uploads\/2025\/04\/ruz_cp519a-1024x725.jpg\" alt=\"\" class=\"wp-image-2692\" style=\"width:668px;height:auto\" srcset=\"https:\/\/www.periferieprahy.cz\/blog\/wp-content\/uploads\/2025\/04\/ruz_cp519a-1024x725.jpg 1024w, https:\/\/www.periferieprahy.cz\/blog\/wp-content\/uploads\/2025\/04\/ruz_cp519a-300x212.jpg 300w, https:\/\/www.periferieprahy.cz\/blog\/wp-content\/uploads\/2025\/04\/ruz_cp519a-768x543.jpg 768w, https:\/\/www.periferieprahy.cz\/blog\/wp-content\/uploads\/2025\/04\/ruz_cp519a.jpg 1139w\" sizes=\"auto, (max-width: 1024px) 100vw, 1024px\" \/><figcaption class=\"wp-element-caption\">Fotografie p. Bohumila Nehasila z roku 1986. Je na n\u00ed d\u016fm \u010d.p. 519 v dne\u0161n\u00ed Ruzy\u0148sk\u00e9 ulici, kde bydlel pan Nechansk\u00fd s man\u017eelkou v prvn\u00edm pat\u0159e. <\/figcaption><\/figure>\n<\/div>\n\n<div class=\"wp-block-image\">\n<figure class=\"aligncenter size-full is-resized\"><img loading=\"lazy\" decoding=\"async\" width=\"640\" height=\"433\" src=\"https:\/\/www.periferieprahy.cz\/blog\/wp-content\/uploads\/2025\/04\/ruz_cp519b.jpg\" alt=\"\" class=\"wp-image-2693\" style=\"width:916px;height:auto\" srcset=\"https:\/\/www.periferieprahy.cz\/blog\/wp-content\/uploads\/2025\/04\/ruz_cp519b.jpg 640w, https:\/\/www.periferieprahy.cz\/blog\/wp-content\/uploads\/2025\/04\/ruz_cp519b-300x203.jpg 300w\" sizes=\"auto, (max-width: 640px) 100vw, 640px\" \/><figcaption class=\"wp-element-caption\">Stejn\u00fd d\u016fm s \u010d.p.519 (prvn\u00ed zprava) v roce 1955. Jen se zde p\u0159ed tab\u00e1kem prod\u00e1vali cukrovinky a p\u0159ed prodejnou masa zde bylo knihkupectv\u00ed Nechansk\u00fdch. Zdroj http:\/\/www.sestka.cz <\/figcaption><\/figure>\n<\/div>","protected":false},"excerpt":{"rendered":"<p>Ze vzpom\u00ednek pana Adamce: &quot;Kdy\u017e jsem chodil do \u0161koly, tak tam m\u011bl pap\u00edrnictv\u00ed pan Nechansk\u00fd. Pan Nechansk\u00fd m\u011bl tak\u00e9 pap\u00edrnictv\u00ed u \u0161koly ve Vokovic\u00edch a to hned za restaurac\u00ed U Vlasty. Mezi b\u00fdvalou restaurac\u00ed U \u0160varce a pap\u00edrnictv\u00edm Nechansk\u00fd je uli\u010dka beze jm\u00e9na, kter\u00e1 byla na\u0161\u00ed denn\u00ed zkratkou p\u0159i cest\u011b do a ze \u0161koly. Ta &hellip;<br \/><a href=\"https:\/\/www.periferieprahy.cz\/blog\/2025\/04\/17\/c-p-30-v-liboci-a-c-p-519-v-ruzyni\/\" class=\"more-link pen_button pen_element_default pen_icon_arrow_double\">Pokra\u010dovat ve\u00a0\u010dten\u00ed <span class=\"screen-reader-text\">\u010c. p. 30 v Liboci\u00a0a\u00a0 \u010d. p. 519 v Ruzyni<\/span><\/a><\/p>\n","protected":false},"author":1,"featured_media":2697,"comment_status":"open","ping_status":"open","sticky":false,"template":"","format":"standard","meta":{"_exactmetrics_skip_tracking":false,"_exactmetrics_sitenote_active":false,"_exactmetrics_sitenote_note":"","_exactmetrics_sitenote_category":0,"footnotes":""},"categories":[38,23,33,3,32],"tags":[],"post_folder":[],"class_list":["post-2689","post","type-post","status-publish","format-standard","has-post-thumbnail","hentry","category-reznici","category-ruzyne","category-obchody_sluzby","category-redakce","category-zivnosti_obchody"],"_links":{"self":[{"href":"https:\/\/www.periferieprahy.cz\/blog\/wp-json\/wp\/v2\/posts\/2689","targetHints":{"allow":["GET"]}}],"collection":[{"href":"https:\/\/www.periferieprahy.cz\/blog\/wp-json\/wp\/v2\/posts"}],"about":[{"href":"https:\/\/www.periferieprahy.cz\/blog\/wp-json\/wp\/v2\/types\/post"}],"author":[{"embeddable":true,"href":"https:\/\/www.periferieprahy.cz\/blog\/wp-json\/wp\/v2\/users\/1"}],"replies":[{"embeddable":true,"href":"https:\/\/www.periferieprahy.cz\/blog\/wp-json\/wp\/v2\/comments?post=2689"}],"version-history":[{"count":2,"href":"https:\/\/www.periferieprahy.cz\/blog\/wp-json\/wp\/v2\/posts\/2689\/revisions"}],"predecessor-version":[{"id":2698,"href":"https:\/\/www.periferieprahy.cz\/blog\/wp-json\/wp\/v2\/posts\/2689\/revisions\/2698"}],"wp:featuredmedia":[{"embeddable":true,"href":"https:\/\/www.periferieprahy.cz\/blog\/wp-json\/wp\/v2\/media\/2697"}],"wp:attachment":[{"href":"https:\/\/www.periferieprahy.cz\/blog\/wp-json\/wp\/v2\/media?parent=2689"}],"wp:term":[{"taxonomy":"category","embeddable":true,"href":"https:\/\/www.periferieprahy.cz\/blog\/wp-json\/wp\/v2\/categories?post=2689"},{"taxonomy":"post_tag","embeddable":true,"href":"https:\/\/www.periferieprahy.cz\/blog\/wp-json\/wp\/v2\/tags?post=2689"},{"taxonomy":"post_folder","embeddable":true,"href":"https:\/\/www.periferieprahy.cz\/blog\/wp-json\/wp\/v2\/post_folder?post=2689"}],"curies":[{"name":"wp","href":"https:\/\/api.w.org\/{rel}","templated":true}]}}