{"id":2699,"date":"2025-04-18T12:11:24","date_gmt":"2025-04-18T10:11:24","guid":{"rendered":"https:\/\/www.periferieprahy.cz\/blog\/?p=2699"},"modified":"2025-07-10T20:50:11","modified_gmt":"2025-07-10T18:50:11","slug":"c-p-31-hostinec-p-vaclava-svarce","status":"publish","type":"post","link":"https:\/\/www.periferieprahy.cz\/blog\/2025\/04\/18\/c-p-31-hostinec-p-vaclava-svarce\/","title":{"rendered":"\u010c.p. 31 hostinec p. V\u00e1clava \u0160varce"},"content":{"rendered":"\n<img loading=\"lazy\" decoding=\"async\" border=\"0\" src=\"https:\/\/www.periferieprahy.cz\/blog\/wp-content\/uploads\/2024\/12\/pismo7_20.gif\" width=\"94\" height=\"119\" align=\"left\"><p align=\"left\">&nbsp;<b><font face=\"Times New Roman\" color=\"#CE0000\" size=\"7\"> \n\t\t\t<span style=\"display: none\"><font size=\"1\">U <\/font><\/span>\u0160varc\u016f<\/font><\/b><\/p>\n\t\t\t<p>Po\u010d\u00edt\u00e1no odshora, od Pet\u0159in, b\u00fdvala to v po\u0159ad\u00ed&nbsp; \u0161est\u00e1 \n\t\t\thospoda na Libock\u00e9. Historie nemovitosti je dolo\u017eena ji\u017e v roce \n\t\t\t1771. To se zde narodila 4. \u010dervna&nbsp; <b><font size=\"4\">\u0161evci \n\t\t\tV\u00e1clavu L\u00f6blovi<\/font><\/b> a Kate\u0159in\u011b dcera <a href=\"#dorota1771\">\n\t\t\tDorota<\/a>. V dom\u011b se n\u00e1sledovn\u011b vyst\u0159\u00eddalo n\u011bkolik rodin jej\u00edch\u017e \n\t\t\totcov\u00e9 m\u011bli r\u016fzn\u00e1 povol\u00e1ni. Tady uv\u00e1d\u00edm v\u017edy jen prvn\u00edho zji\u0161t\u011bn\u00e9ho&nbsp; \n\t\t\tpotomka. U dal\u0161\u00edch potomku jsou uvedeny \u00fadaje u fotografi\u00ed z\u00e1pis\u016f o \n\t\t\tjejich narozen\u00ed. <\/p>\n\n\n\n<p>Po L\u00f6blov\u00fdch tady \u017eila rodina&nbsp; <strong>Jana Svobody, \u0161evce<\/strong> ( viz dcera <a href=\"#anna1779\">Anna *27.12.1779<\/a>). A n\u00e1sledn\u011b mnoho dal\u0161\u00edch:<\/p>\n\n\n\n<p><strong>Josef Kubr [<a href=\"https:\/\/www.periferieprahy.cz\/blog\/2025\/04\/11\/c-p-20-ruzyne-u-mariku\/#josef1801\" data-type=\"link\" data-id=\"https:\/\/www.periferieprahy.cz\/blog\/2025\/04\/11\/c-p-20-ruzyne-u-mariku\/#josef1801\">*19.3.1801<\/a>] soused ruzy\u0148sk\u00fd <\/strong>( viz syn Jan <a href=\"#jan1825\">*3.3.1825<\/a>), syn Franti\u0161ka Kubra, rycht\u00e1\u0159e v Ruzyni&nbsp; a hospodsk\u00e9ho v ruzy\u0148sk\u00e9 hospod\u011b <a href=\"https:\/\/www.periferieprahy.cz\/blog\/2025\/04\/11\/c-p-20-ruzyne-u-mariku\/\">\u010d.p.20<\/a> . Je pravd\u011bpodobn\u00e9, \u017ee Josef Kubr mohl v \u010d.p. 31 jako prvn\u00ed provozovat po vzoru otce&nbsp; hostinskou \u017eivnost, ale nen\u00ed to ov\u011b\u0159eno.<\/p>\n\n\n\n<p><strong>Mat\u011bj Svoboda, podruh, n\u00e1den\u00edk<\/strong> (viz dcera Magdalena <a href=\"#magda1828\">*13.9.1828<\/a>).<\/p>\n\n\n\n<p><strong>V\u00e1clav Nebesk\u00fd, mistr krej\u010dovsk\u00fd<\/strong> (viz dcera Marie <a href=\"#marie1832\">*31.8.1832<\/a>).<\/p>\n\n\n\n<p><strong>Jan Havelka, n\u00e1den\u00edk<\/strong> (viz syn V\u00e1clav <a href=\"#vaclav1834\">*14.10.1834<\/a>). Ve stejn\u00e9 dob\u011b zde \u017eil i <strong>Josef Held,&nbsp; n\u00e1den\u00edk<\/strong> (viz syn Jan <a href=\"#jan1835\">*26.1.1835<\/a>).<\/p>\n\n\n\n<p><strong>Franti\u0161ek Proch\u00e1zka, krej\u010d\u00ed<\/strong> (viz syn Jan <a href=\"#jan1837\">*9.2.1837<\/a> ).<\/p>\n\n\n\n<p><strong>Jan Kraus, pomocn\u00edk na libock\u00e9 \u0161kole<\/strong> (viz syn Franti\u0161ek <a href=\"#frantisek1847\">*14.2.1847<\/a>). Pro zaj\u00edmavost uv\u00e1d\u00edm i jm\u00e9no druh\u00e9ho potomka Emiliana <strong><a href=\"#emilian1848\">* 16. 6.1848<\/a><\/strong>, tento den gener\u00e1l Windischgr\u00e4tz nemilosrdn\u011b ost\u0159eloval sv\u00fdm d\u011blost\u0159electvem Prahu aby potla\u010dil pra\u017eskou revoluci.<\/p>\n\n\n\n<p><strong>V\u00e1clav Nov\u00e1k, mistr obuvnick\u00fd<\/strong> (viz syn Anton\u00edn <a href=\"#antonin1849\">*11.6.1849<\/a>).<\/p>\n\n\n\n<p><strong>Jan Pech, podu\u010ditel<\/strong> v Doln\u00ed Liboci (viz syn Franti\u0161ek <a href=\"#frantisek1854\">*9.10.1854<\/a>)<\/p>\n\n\n\n<p><strong>V\u00e1clav Svoboda, tovary\u0161 zednick\u00fd<\/strong> (viz dcera Kate\u0159ina <a href=\"#katerina1856\">*29.3.1856<\/a>)<\/p>\n\n\n\n<p><strong>Josef Jir\u00e1sek, domk\u00e1\u0159 a zedn\u00edk<\/strong> (viz dcera Ane\u017eka <a href=\"#anezka1865\">*22.8.1865<\/a>)<\/p>\n\n\n\n<p><mark style=\"background-color:#fcb900\" class=\"has-inline-color\"><strong>Jan Fuchs, hospodsk\u00fd v Liboci Doln\u00ed \u010d. 31<\/strong> (viz syn Anton\u00edn <a href=\"#antonin1876\">*13.4.1876<\/a>). Prvn\u00ed potvrzen\u00fd hospodsk\u00fd v \u010d.p.31<\/mark><\/p>\n\n\n\n<p><strong>Josef T\u016fma \u0159ezn\u00edk<\/strong>, (viz dcera Magdalena <a href=\"#magda1889\">*18.1.1889<\/a>)<\/p>\n\n\n\n<p><strong>Vincenc Svoboda, mistr tesa\u0159sk\u00fd<\/strong>, (viz syn Vlastimil <a href=\"#vlastimil1893\">*10. 9.1893<\/a>)<\/p>\n\n\n\n<p><strong>Jan N\u011bmec, d\u011bln\u00edk<\/strong> (viz syn Vlastimil <a href=\"#vlastimil1895\">*23.4.1895<\/a>)<\/p>\n\n\n\n<p><strong>V\u00e1clav Fiala, zedn\u00edk<\/strong> (viz dcera Anna <a href=\"#anna1896\">*22.12.1896<\/a>)<\/p>\n\n\n\n<p>Kone\u010dn\u011b se dost\u00e1v\u00e1me k datu, kdy zde \u010depoval pivo pan V\u00e1clav \u0160varc, podle n\u011bho\u017e se zde \u0159\u00edkalo &#8222;U \u0160varc\u016f&#8220;. To se narodila jeho dcera <a href=\"#marie1897\">Marie *26.10.1897<\/a>; otec <strong><mark style=\"background-color:#fcb900\" class=\"has-inline-color\">V\u00e1clav \u0160varc, hostinsk\u00fd<\/mark>, syn V\u00e1clava \u0160varce, ml\u00edka\u0159e z Horn\u00ed Liboce \u010d.8<\/strong>. Poda\u0159ilo se dohledat je\u0161t\u011b dal\u0161\u00ed potomky V\u00e1clava \u0160varce: V\u00e1clav *18.8.1901; Marie * 7.10.1904; Milada * 19.4.1907; Franti\u0161ek * 1.10.1909. D\u00e1le se ji\u017e z\u00e1znamy o narozen\u00ed d\u011bt\u00ed V\u00e1clava \u0160varce neobjevuj\u00ed.<\/p>\n\n\n\n<p>&nbsp;<em>&#8230;.T\u00e9ho\u017e roku &#8211; 1896 &#8211; vyps\u00e1ny jsou obecn\u00ed volby &#8230;vyps\u00e1n\u00edm voleb do V. kurie se\u0161lo se n\u011bkolik m\u00edstn\u00edch d\u011bln\u00edk\u016f sm\u00fd\u0161len\u00ed soci\u00e1ln\u011b demokratick\u00e9ho v hostinci pana Josefa P\u00edseck\u00e9ho na Pet\u0159in\u00e1ch, by sob\u011b porokovali o nutnosti zalo\u017een\u00ed si spolku &#8222;\u010dist\u011b d\u011blnick\u00e9ho &#8220; dle vzoru stanov &#8222;\u010ceskoslovensk\u00e9ho sdru\u017een\u00ed v Praze&#8220;&#8230;..Schv\u00e1len\u00edm stanov ve\u0161el spolek ve svoji p\u016fsobnost teprve r. <strong>1898<\/strong> pod n\u00e1zvem &#8222;V\u0161eodborov\u00fd spolek POKROK v Liboci&#8220;, ustanoviv si za spolkovou m\u00edstnost <strong>hostinec V\u00e1cl. \u0160varce<\/strong> proti \u0161kole \u010d. p. 31&#8230;.<\/em>[46, 46a]\n\n\n\n<p>N\u00e1stupcem V\u00e1clava \u0160varce se stal <strong><mark style=\"background-color:#fcb900\" class=\"has-inline-color\">Josef Prokop, hostinsk\u00fd  v Doln\u00ed Liboci \u010d. 31<\/mark><\/strong>, kter\u00e9mu se zde narodila <a href=\"#bozena1912\">*20.12.1912<\/a> dcera Bo\u017eena. To je zat\u00edm posledn\u00ed stopa potvrzuj\u00edc\u00ed, \u017ee v \u010d.p. 31 byla provozov\u00e1na hostinsk\u00e1 \u017eivnost. Kdy hospoda v \u010d.p. 31&nbsp; zanikla se mi nepoda\u0159ilo odhalit. Objekt postupn\u011b ch\u00e1tral, a\u017e do\u0161lo k jeho demolici v roce 2023. Stav\u00ed se zde nov\u00fd bytov\u00fd d\u016fm pro cca 9 a\u017e 10 byt\u016f + 1 nebytov\u00fd prostor, kter\u00fd po\u010d\u00edt\u00e1 s vyu\u017eit\u00edm pro kancel\u00e1\u0159e nebo kav\u00e1rnu.<\/p>\n\n\n<div class=\"su-image-carousel  su-image-carousel-has-spacing su-image-carousel-crop su-image-carousel-crop-1-1 su-image-carousel-has-lightbox su-image-carousel-has-outline su-image-carousel-adaptive su-image-carousel-slides-style-default su-image-carousel-controls-style-dark su-image-carousel-align-center\" style=\"max-width:600px\" data-flickity-options='{\"groupCells\":true,\"cellSelector\":\".su-image-carousel-item\",\"adaptiveHeight\":false,\"cellAlign\":\"left\",\"prevNextButtons\":true,\"pageDots\":true,\"autoPlay\":3000,\"imagesLoaded\":true,\"contain\":true,\"selectedAttraction\":0.025000000000000001387778780781445675529539585113525390625,\"friction\":0.2800000000000000266453525910037569701671600341796875}' id=\"su_image_carousel_69f32239900ba\"><div class=\"su-image-carousel-item\"><div class=\"su-image-carousel-item-content\"><a href=\"https:\/\/www.periferieprahy.cz\/blog\/wp-content\/uploads\/2025\/04\/cp31a.jpg\" data-caption=\"Libock\u00e1 kronika - Hostinec pana \u0160varce \u010d.p. 31.  Pohled z Libock\u00e9. Na t\u00e9to pohlednici je uvedeno \u0161patn\u00e9 \u010d.p. 30. Jedn\u00e1 se zcela ur\u010dit\u011b o \u010d.p. 31\"><img loading=\"lazy\" decoding=\"async\" width=\"651\" height=\"431\" src=\"https:\/\/www.periferieprahy.cz\/blog\/wp-content\/uploads\/2025\/04\/cp31a.jpg\" class=\"\" alt=\"\" srcset=\"https:\/\/www.periferieprahy.cz\/blog\/wp-content\/uploads\/2025\/04\/cp31a.jpg 651w, https:\/\/www.periferieprahy.cz\/blog\/wp-content\/uploads\/2025\/04\/cp31a-300x199.jpg 300w\" sizes=\"auto, (max-width: 651px) 100vw, 651px\" \/><span>Libock\u00e1 kronika - Hostinec pana \u0160varce \u010d.p. 31.  Pohled z Libock\u00e9. Na t\u00e9to pohlednici je uvedeno \u0161patn\u00e9 \u010d.p. 30. Jedn\u00e1 se zcela ur\u010dit\u011b o \u010d.p. 31<\/span><\/a><\/div><\/div><div class=\"su-image-carousel-item\"><div class=\"su-image-carousel-item-content\"><a href=\"https:\/\/www.periferieprahy.cz\/blog\/wp-content\/uploads\/2025\/04\/cp31b.jpg\" data-caption=\"\u010c.p. 31 - Pohled z Libock\u00e9 sm\u011brem k Evropsk\u00e9. Stav v roce 2010\"><img loading=\"lazy\" decoding=\"async\" width=\"579\" height=\"377\" src=\"https:\/\/www.periferieprahy.cz\/blog\/wp-content\/uploads\/2025\/04\/cp31b.jpg\" class=\"\" alt=\"\" srcset=\"https:\/\/www.periferieprahy.cz\/blog\/wp-content\/uploads\/2025\/04\/cp31b.jpg 579w, https:\/\/www.periferieprahy.cz\/blog\/wp-content\/uploads\/2025\/04\/cp31b-300x195.jpg 300w\" sizes=\"auto, (max-width: 579px) 100vw, 579px\" \/><span>\u010c.p. 31 - Pohled z Libock\u00e9 sm\u011brem k Evropsk\u00e9. Stav v roce 2010<\/span><\/a><\/div><\/div><div class=\"su-image-carousel-item\"><div class=\"su-image-carousel-item-content\"><a href=\"https:\/\/www.periferieprahy.cz\/blog\/wp-content\/uploads\/2025\/04\/cp31_4.jpg\" data-caption=\"Rok 2009 Pohled do ulice V Domc\u00edch. Tady je patrn\u00e9, \u017ee cel\u00fd objekt \u010d.p. 31 byl zna\u010dn\u011b rozs\u00e1hl\u00fd.\"><img loading=\"lazy\" decoding=\"async\" width=\"595\" height=\"794\" src=\"https:\/\/www.periferieprahy.cz\/blog\/wp-content\/uploads\/2025\/04\/cp31_4.jpg\" class=\"\" alt=\"\" srcset=\"https:\/\/www.periferieprahy.cz\/blog\/wp-content\/uploads\/2025\/04\/cp31_4.jpg 595w, https:\/\/www.periferieprahy.cz\/blog\/wp-content\/uploads\/2025\/04\/cp31_4-225x300.jpg 225w\" sizes=\"auto, (max-width: 595px) 100vw, 595px\" \/><span>Rok 2009 Pohled do ulice V Domc\u00edch. Tady je patrn\u00e9, \u017ee cel\u00fd objekt \u010d.p. 31 byl zna\u010dn\u011b rozs\u00e1hl\u00fd.<\/span><\/a><\/div><\/div><\/div><script id=\"su_image_carousel_69f32239900ba_script\">if(window.SUImageCarousel){setTimeout(function() {window.SUImageCarousel.initGallery(document.getElementById(\"su_image_carousel_69f32239900ba\"))}, 0);}var su_image_carousel_69f32239900ba_script=document.getElementById(\"su_image_carousel_69f32239900ba_script\");if(su_image_carousel_69f32239900ba_script){su_image_carousel_69f32239900ba_script.parentNode.removeChild(su_image_carousel_69f32239900ba_script);}<\/script>\n\n\n\n<h2 class=\"wp-block-heading has-text-align-center\">Minulost a budoucnost pohledem z Libock\u00e9 <\/h2>\n\n\n<div class=\"su-image-carousel  su-image-carousel-has-spacing su-image-carousel-crop su-image-carousel-crop-16-9 su-image-carousel-has-lightbox su-image-carousel-has-outline su-image-carousel-adaptive su-image-carousel-slides-style-default su-image-carousel-controls-style-dark su-image-carousel-align-center\" style=\"max-width:600px\" data-flickity-options='{\"groupCells\":true,\"cellSelector\":\".su-image-carousel-item\",\"adaptiveHeight\":false,\"cellAlign\":\"left\",\"prevNextButtons\":true,\"pageDots\":true,\"autoPlay\":3000,\"imagesLoaded\":true,\"contain\":true,\"selectedAttraction\":0.025000000000000001387778780781445675529539585113525390625,\"friction\":0.2800000000000000266453525910037569701671600341796875}' id=\"su_image_carousel_69f32239915d3\"><div class=\"su-image-carousel-item\"><div class=\"su-image-carousel-item-content\"><a href=\"https:\/\/www.periferieprahy.cz\/blog\/wp-content\/uploads\/2025\/04\/cp31_8.jpg\" data-caption=\"Rok 2009, pohled z Libock\u00e9 sm\u011br Pet\u0159iny.\"><img loading=\"lazy\" decoding=\"async\" width=\"625\" height=\"396\" src=\"https:\/\/www.periferieprahy.cz\/blog\/wp-content\/uploads\/2025\/04\/cp31_8.jpg\" class=\"\" alt=\"\" srcset=\"https:\/\/www.periferieprahy.cz\/blog\/wp-content\/uploads\/2025\/04\/cp31_8.jpg 625w, https:\/\/www.periferieprahy.cz\/blog\/wp-content\/uploads\/2025\/04\/cp31_8-300x190.jpg 300w\" sizes=\"auto, (max-width: 625px) 100vw, 625px\" \/><span>Rok 2009, pohled z Libock\u00e9 sm\u011br Pet\u0159iny.<\/span><\/a><\/div><\/div><div class=\"su-image-carousel-item\"><div class=\"su-image-carousel-item-content\"><a href=\"https:\/\/www.periferieprahy.cz\/blog\/wp-content\/uploads\/2025\/04\/cp31_3.jpg\" data-caption=\"Srpen 2024. V m\u00edst\u011b b\u00fdval\u00e9ho hostince zeje ji\u017e stavebn\u00ed j\u00e1ma. Demolice prob\u011bhla ji\u017e v roce 2023. Otev\u0159ely se na kr\u00e1tkou dobu pohledy, kter\u00e9 op\u011bt zmiz\u00ed po dokon\u010den\u00ed novostavby bytov\u00e9ho domu na hodn\u011b dlouho.\"><img loading=\"lazy\" decoding=\"async\" width=\"1339\" height=\"587\" src=\"https:\/\/www.periferieprahy.cz\/blog\/wp-content\/uploads\/2025\/04\/cp31_3.jpg\" class=\"\" alt=\"\" srcset=\"https:\/\/www.periferieprahy.cz\/blog\/wp-content\/uploads\/2025\/04\/cp31_3.jpg 1339w, https:\/\/www.periferieprahy.cz\/blog\/wp-content\/uploads\/2025\/04\/cp31_3-300x132.jpg 300w, https:\/\/www.periferieprahy.cz\/blog\/wp-content\/uploads\/2025\/04\/cp31_3-1024x449.jpg 1024w, https:\/\/www.periferieprahy.cz\/blog\/wp-content\/uploads\/2025\/04\/cp31_3-768x337.jpg 768w\" sizes=\"auto, (max-width: 1339px) 100vw, 1339px\" \/><span>Srpen 2024. V m\u00edst\u011b b\u00fdval\u00e9ho hostince zeje ji\u017e stavebn\u00ed j\u00e1ma. Demolice prob\u011bhla ji\u017e v roce 2023. Otev\u0159ely se na kr\u00e1tkou dobu pohledy, kter\u00e9 op\u011bt zmiz\u00ed po dokon\u010den\u00ed novostavby bytov\u00e9ho domu na hodn\u011b dlouho.<\/span><\/a><\/div><\/div><div class=\"su-image-carousel-item\"><div class=\"su-image-carousel-item-content\"><a href=\"https:\/\/www.periferieprahy.cz\/blog\/wp-content\/uploads\/2025\/04\/cp31_1.jpg\" data-caption=\"Vize projektu APRIS s.r.o. rok 2022 p\u0159evzato z https:\/\/apris.cz\/ - Pohled z Libock\u00e9 sm\u011br Pet\u0159iny\"><img loading=\"lazy\" decoding=\"async\" width=\"1086\" height=\"462\" src=\"https:\/\/www.periferieprahy.cz\/blog\/wp-content\/uploads\/2025\/04\/cp31_1.jpg\" class=\"\" alt=\"\" srcset=\"https:\/\/www.periferieprahy.cz\/blog\/wp-content\/uploads\/2025\/04\/cp31_1.jpg 1086w, https:\/\/www.periferieprahy.cz\/blog\/wp-content\/uploads\/2025\/04\/cp31_1-300x128.jpg 300w, https:\/\/www.periferieprahy.cz\/blog\/wp-content\/uploads\/2025\/04\/cp31_1-1024x436.jpg 1024w, https:\/\/www.periferieprahy.cz\/blog\/wp-content\/uploads\/2025\/04\/cp31_1-768x327.jpg 768w\" sizes=\"auto, (max-width: 1086px) 100vw, 1086px\" \/><span>Vize projektu APRIS s.r.o. rok 2022 p\u0159evzato z https:\/\/apris.cz\/ - Pohled z Libock\u00e9 sm\u011br Pet\u0159iny<\/span><\/a><\/div><\/div><div class=\"su-image-carousel-item\"><div class=\"su-image-carousel-item-content\"><a href=\"https:\/\/www.periferieprahy.cz\/blog\/wp-content\/uploads\/2025\/04\/cp30_1.jpg\" data-caption=\"Tady, v \u010d. p. 30 na Libock\u00e9 ulici b\u00fdvalo pap\u00edrnictv\u00ed man\u017eel\u016f Nechansk\u00fdch z Ruzyn\u011b \u010d.p.519 a za n\u00edm ji\u017e historie . \u010c.p. 31. kde b\u00fdval hostinec p. \u0160varce bylo str\u017eeno v roce 2023\"><img loading=\"lazy\" decoding=\"async\" width=\"1291\" height=\"550\" src=\"https:\/\/www.periferieprahy.cz\/blog\/wp-content\/uploads\/2025\/04\/cp30_1.jpg\" class=\"\" alt=\"\" srcset=\"https:\/\/www.periferieprahy.cz\/blog\/wp-content\/uploads\/2025\/04\/cp30_1.jpg 1291w, https:\/\/www.periferieprahy.cz\/blog\/wp-content\/uploads\/2025\/04\/cp30_1-300x128.jpg 300w, https:\/\/www.periferieprahy.cz\/blog\/wp-content\/uploads\/2025\/04\/cp30_1-1024x436.jpg 1024w, https:\/\/www.periferieprahy.cz\/blog\/wp-content\/uploads\/2025\/04\/cp30_1-768x327.jpg 768w\" sizes=\"auto, (max-width: 1291px) 100vw, 1291px\" \/><span>Tady, v \u010d. p. 30 na Libock\u00e9 ulici b\u00fdvalo pap\u00edrnictv\u00ed man\u017eel\u016f Nechansk\u00fdch z Ruzyn\u011b \u010d.p.519 a za n\u00edm ji\u017e historie . \u010c.p. 31. kde b\u00fdval hostinec p. \u0160varce bylo str\u017eeno v roce 2023<\/span><\/a><\/div><\/div><div class=\"su-image-carousel-item\"><div class=\"su-image-carousel-item-content\"><a href=\"https:\/\/www.periferieprahy.cz\/blog\/wp-content\/uploads\/2025\/04\/cp31_2.jpg\" data-caption=\"Vize projektu APRIS s.r.o. rok 2022 p\u0159evzato z https:\/\/apris.cz\/ Pohled z Libock\u00e9 sm\u011brem k Evropsk\u00e9.\"><img loading=\"lazy\" decoding=\"async\" width=\"958\" height=\"534\" src=\"https:\/\/www.periferieprahy.cz\/blog\/wp-content\/uploads\/2025\/04\/cp31_2.jpg\" class=\"\" alt=\"\" srcset=\"https:\/\/www.periferieprahy.cz\/blog\/wp-content\/uploads\/2025\/04\/cp31_2.jpg 958w, https:\/\/www.periferieprahy.cz\/blog\/wp-content\/uploads\/2025\/04\/cp31_2-300x167.jpg 300w, https:\/\/www.periferieprahy.cz\/blog\/wp-content\/uploads\/2025\/04\/cp31_2-768x428.jpg 768w\" sizes=\"auto, (max-width: 958px) 100vw, 958px\" \/><span>Vize projektu APRIS s.r.o. rok 2022 p\u0159evzato z https:\/\/apris.cz\/ Pohled z Libock\u00e9 sm\u011brem k Evropsk\u00e9.<\/span><\/a><\/div><\/div><\/div><script id=\"su_image_carousel_69f32239915d3_script\">if(window.SUImageCarousel){setTimeout(function() {window.SUImageCarousel.initGallery(document.getElementById(\"su_image_carousel_69f32239915d3\"))}, 0);}var su_image_carousel_69f32239915d3_script=document.getElementById(\"su_image_carousel_69f32239915d3_script\");if(su_image_carousel_69f32239915d3_script){su_image_carousel_69f32239915d3_script.parentNode.removeChild(su_image_carousel_69f32239915d3_script);}<\/script>\n\n\n\n<h2 class=\"wp-block-heading has-text-align-center\">Minulost a budoucnost v pohledu z Pelik\u00e1novy <\/h2>\n\n\n<div class=\"su-image-carousel  su-image-carousel-has-spacing su-image-carousel-crop su-image-carousel-crop-16-9 su-image-carousel-has-lightbox su-image-carousel-has-outline su-image-carousel-adaptive su-image-carousel-slides-style-default su-image-carousel-controls-style-dark su-image-carousel-align-center\" style=\"max-width:600px\" data-flickity-options='{\"groupCells\":true,\"cellSelector\":\".su-image-carousel-item\",\"adaptiveHeight\":false,\"cellAlign\":\"left\",\"prevNextButtons\":true,\"pageDots\":true,\"autoPlay\":3000,\"imagesLoaded\":true,\"contain\":true,\"selectedAttraction\":0.025000000000000001387778780781445675529539585113525390625,\"friction\":0.2800000000000000266453525910037569701671600341796875}' id=\"su_image_carousel_69f3223992751\"><div class=\"su-image-carousel-item\"><div class=\"su-image-carousel-item-content\"><a href=\"https:\/\/www.periferieprahy.cz\/blog\/wp-content\/uploads\/2025\/04\/cp31_5.jpg\" data-caption=\"Rok 2009 Pohled  z  Pelik\u00e1nova X V Domc\u00edch\"><img loading=\"lazy\" decoding=\"async\" width=\"667\" height=\"328\" src=\"https:\/\/www.periferieprahy.cz\/blog\/wp-content\/uploads\/2025\/04\/cp31_5.jpg\" class=\"\" alt=\"\" srcset=\"https:\/\/www.periferieprahy.cz\/blog\/wp-content\/uploads\/2025\/04\/cp31_5.jpg 667w, https:\/\/www.periferieprahy.cz\/blog\/wp-content\/uploads\/2025\/04\/cp31_5-300x148.jpg 300w\" sizes=\"auto, (max-width: 667px) 100vw, 667px\" \/><span>Rok 2009 Pohled  z  Pelik\u00e1nova X V Domc\u00edch<\/span><\/a><\/div><\/div><div class=\"su-image-carousel-item\"><div class=\"su-image-carousel-item-content\"><a href=\"https:\/\/www.periferieprahy.cz\/blog\/wp-content\/uploads\/2025\/04\/cp31_6.jpg\" data-caption=\"Rok 2024 - Pohled  z  Pelik\u00e1nova X V Domc\u00edch. Je vid\u011bt objekt b\u00fdval\u00e9 \u0161koly za autem jedouc\u00edm po Libock\u00e9. Zaj\u00edmav\u00fd pohled, kter\u00fd se otev\u0159el jen na kr\u00e1tkou dobu.\"><img loading=\"lazy\" decoding=\"async\" width=\"658\" height=\"498\" src=\"https:\/\/www.periferieprahy.cz\/blog\/wp-content\/uploads\/2025\/04\/cp31_6.jpg\" class=\"\" alt=\"\" srcset=\"https:\/\/www.periferieprahy.cz\/blog\/wp-content\/uploads\/2025\/04\/cp31_6.jpg 658w, https:\/\/www.periferieprahy.cz\/blog\/wp-content\/uploads\/2025\/04\/cp31_6-300x227.jpg 300w\" sizes=\"auto, (max-width: 658px) 100vw, 658px\" \/><span>Rok 2024 - Pohled  z  Pelik\u00e1nova X V Domc\u00edch. Je vid\u011bt objekt b\u00fdval\u00e9 \u0161koly za autem jedouc\u00edm po Libock\u00e9. Zaj\u00edmav\u00fd pohled, kter\u00fd se otev\u0159el jen na kr\u00e1tkou dobu.<\/span><\/a><\/div><\/div><div class=\"su-image-carousel-item\"><div class=\"su-image-carousel-item-content\"><a href=\"https:\/\/www.periferieprahy.cz\/blog\/wp-content\/uploads\/2025\/04\/cp31_7.jpg\" data-caption=\"Vize projektu APRIS s.r.o. rok 2022 p\u0159evzato z https:\/\/apris.cz\/ - Pohled  z  Pelik\u00e1nova X V Domc\u00edch. Je patrn\u00e9, \u017ee p\u016fvodn\u00ed rozsah objektu \u010d.p. 31 bude p\u016fdorysn\u011b zachov\u00e1n. Vpravo je \u010d.p.35, kde b\u00fdvalo peka\u0159stv\u00ed pana V\u00e1clava \u010cern\u00e9ho. Doufejme, \u017ee z\u016fstane zachov\u00e1no i p\u016fvodn\u00ed, kamenn\u00e9 dl\u00e1\u017ed\u011bn\u00ed ulice V Domc\u00edch.\"><img loading=\"lazy\" decoding=\"async\" width=\"1800\" height=\"1531\" src=\"https:\/\/www.periferieprahy.cz\/blog\/wp-content\/uploads\/2025\/04\/cp31_7.jpg\" class=\"\" alt=\"\" srcset=\"https:\/\/www.periferieprahy.cz\/blog\/wp-content\/uploads\/2025\/04\/cp31_7.jpg 1800w, https:\/\/www.periferieprahy.cz\/blog\/wp-content\/uploads\/2025\/04\/cp31_7-300x255.jpg 300w, https:\/\/www.periferieprahy.cz\/blog\/wp-content\/uploads\/2025\/04\/cp31_7-1024x871.jpg 1024w, https:\/\/www.periferieprahy.cz\/blog\/wp-content\/uploads\/2025\/04\/cp31_7-768x653.jpg 768w, https:\/\/www.periferieprahy.cz\/blog\/wp-content\/uploads\/2025\/04\/cp31_7-1536x1306.jpg 1536w\" sizes=\"auto, (max-width: 1800px) 100vw, 1800px\" \/><span>Vize projektu APRIS s.r.o. rok 2022 p\u0159evzato z https:\/\/apris.cz\/ - Pohled  z  Pelik\u00e1nova X V Domc\u00edch. Je patrn\u00e9, \u017ee p\u016fvodn\u00ed rozsah objektu \u010d.p. 31 bude p\u016fdorysn\u011b zachov\u00e1n. Vpravo je \u010d.p.35, kde b\u00fdvalo peka\u0159stv\u00ed pana V\u00e1clava \u010cern\u00e9ho. Doufejme, \u017ee z\u016fstane zachov\u00e1no i p\u016fvodn\u00ed, kamenn\u00e9 dl\u00e1\u017ed\u011bn\u00ed ulice V Domc\u00edch.<\/span><\/a><\/div><\/div><\/div><script id=\"su_image_carousel_69f3223992751_script\">if(window.SUImageCarousel){setTimeout(function() {window.SUImageCarousel.initGallery(document.getElementById(\"su_image_carousel_69f3223992751\"))}, 0);}var su_image_carousel_69f3223992751_script=document.getElementById(\"su_image_carousel_69f3223992751_script\");if(su_image_carousel_69f3223992751_script){su_image_carousel_69f3223992751_script.parentNode.removeChild(su_image_carousel_69f3223992751_script);}<\/script>\n\n\n\n<h2 class=\"wp-block-heading has-text-align-center\"><strong>Obyvatelstvo domu s \u010d.p.31 v matrik\u00e1ch narozen\u00fdch<\/strong><\/h2>\n\n\n<div class=\"wp-block-image\">\n<figure class=\"aligncenter size-full\" id=\"dorota1771\"><img loading=\"lazy\" decoding=\"async\" width=\"846\" height=\"175\" src=\"https:\/\/www.periferieprahy.cz\/blog\/wp-content\/uploads\/2025\/04\/cp31.h2.jpg\" alt=\"\" class=\"wp-image-2721\" srcset=\"https:\/\/www.periferieprahy.cz\/blog\/wp-content\/uploads\/2025\/04\/cp31.h2.jpg 846w, https:\/\/www.periferieprahy.cz\/blog\/wp-content\/uploads\/2025\/04\/cp31.h2-300x62.jpg 300w, https:\/\/www.periferieprahy.cz\/blog\/wp-content\/uploads\/2025\/04\/cp31.h2-768x159.jpg 768w\" sizes=\"auto, (max-width: 846px) 100vw, 846px\" \/><figcaption class=\"wp-element-caption\">Dorota *4.6.1771; otec: V\u00e1clav L\u00f6bl, sutor [\u0161vec], matka Kate\u0159ina<\/figcaption><\/figure>\n<\/div>\n\n<div class=\"wp-block-image\">\n<figure class=\"aligncenter size-full\" id=\"anna1779\"><img loading=\"lazy\" decoding=\"async\" width=\"978\" height=\"224\" src=\"https:\/\/www.periferieprahy.cz\/blog\/wp-content\/uploads\/2025\/04\/cp31.h3.jpg\" alt=\"\" class=\"wp-image-2722\" srcset=\"https:\/\/www.periferieprahy.cz\/blog\/wp-content\/uploads\/2025\/04\/cp31.h3.jpg 978w, https:\/\/www.periferieprahy.cz\/blog\/wp-content\/uploads\/2025\/04\/cp31.h3-300x69.jpg 300w, https:\/\/www.periferieprahy.cz\/blog\/wp-content\/uploads\/2025\/04\/cp31.h3-768x176.jpg 768w\" sizes=\"auto, (max-width: 978px) 100vw, 978px\" \/><figcaption class=\"wp-element-caption\">Anna *27.12.1779; otec Jan Svoboda, \u0161vec, matka Anna  <\/figcaption><\/figure>\n<\/div>\n\n<div class=\"wp-block-image\">\n<figure class=\"aligncenter size-full\"><img loading=\"lazy\" decoding=\"async\" width=\"994\" height=\"142\" src=\"https:\/\/www.periferieprahy.cz\/blog\/wp-content\/uploads\/2025\/04\/cp31.h4.jpg\" alt=\"\" class=\"wp-image-2723\" srcset=\"https:\/\/www.periferieprahy.cz\/blog\/wp-content\/uploads\/2025\/04\/cp31.h4.jpg 994w, https:\/\/www.periferieprahy.cz\/blog\/wp-content\/uploads\/2025\/04\/cp31.h4-300x43.jpg 300w, https:\/\/www.periferieprahy.cz\/blog\/wp-content\/uploads\/2025\/04\/cp31.h4-768x110.jpg 768w\" sizes=\"auto, (max-width: 994px) 100vw, 994px\" \/><figcaption class=\"wp-element-caption\">V\u00e1clav *24.8.1783; otec Jan Svoboda, \u0161vec, matka Anna  <\/figcaption><\/figure>\n<\/div>\n\n<div class=\"wp-block-image\">\n<figure class=\"aligncenter size-large is-resized\"><img loading=\"lazy\" decoding=\"async\" width=\"1024\" height=\"151\" src=\"https:\/\/www.periferieprahy.cz\/blog\/wp-content\/uploads\/2025\/04\/cp31.h5-1024x151.jpg\" alt=\"\" class=\"wp-image-2724\" style=\"width:1004px;height:auto\" srcset=\"https:\/\/www.periferieprahy.cz\/blog\/wp-content\/uploads\/2025\/04\/cp31.h5-1024x151.jpg 1024w, https:\/\/www.periferieprahy.cz\/blog\/wp-content\/uploads\/2025\/04\/cp31.h5-300x44.jpg 300w, https:\/\/www.periferieprahy.cz\/blog\/wp-content\/uploads\/2025\/04\/cp31.h5-768x113.jpg 768w, https:\/\/www.periferieprahy.cz\/blog\/wp-content\/uploads\/2025\/04\/cp31.h5.jpg 1036w\" sizes=\"auto, (max-width: 1024px) 100vw, 1024px\" \/><figcaption class=\"wp-element-caption\">Anna *18.8.1785; otec Jan Svoboda, \u0161vec, matka Anna  <\/figcaption><\/figure>\n<\/div>\n\n<div class=\"wp-block-image\">\n<figure class=\"aligncenter size-large is-resized\"><img loading=\"lazy\" decoding=\"async\" width=\"1024\" height=\"61\" src=\"https:\/\/www.periferieprahy.cz\/blog\/wp-content\/uploads\/2025\/04\/cp31.h6-1024x61.jpg\" alt=\"\" class=\"wp-image-2725\" style=\"width:1328px;height:auto\" srcset=\"https:\/\/www.periferieprahy.cz\/blog\/wp-content\/uploads\/2025\/04\/cp31.h6-1024x61.jpg 1024w, https:\/\/www.periferieprahy.cz\/blog\/wp-content\/uploads\/2025\/04\/cp31.h6-300x18.jpg 300w, https:\/\/www.periferieprahy.cz\/blog\/wp-content\/uploads\/2025\/04\/cp31.h6-768x45.jpg 768w, https:\/\/www.periferieprahy.cz\/blog\/wp-content\/uploads\/2025\/04\/cp31.h6.jpg 1032w\" sizes=\"auto, (max-width: 1024px) 100vw, 1024px\" \/><figcaption class=\"wp-element-caption\">Kate\u0159ina *23.4.1788; otec Jan Svoboda, \u0161vec, matka Anna  <\/figcaption><\/figure>\n<\/div>\n\n<div class=\"wp-block-image\">\n<figure class=\"aligncenter size-large\" id=\"jan1825\"><img loading=\"lazy\" decoding=\"async\" width=\"1024\" height=\"215\" src=\"https:\/\/www.periferieprahy.cz\/blog\/wp-content\/uploads\/2025\/04\/cp31.h7-1024x215.jpg\" alt=\"\" class=\"wp-image-2726\" srcset=\"https:\/\/www.periferieprahy.cz\/blog\/wp-content\/uploads\/2025\/04\/cp31.h7-1024x215.jpg 1024w, https:\/\/www.periferieprahy.cz\/blog\/wp-content\/uploads\/2025\/04\/cp31.h7-300x63.jpg 300w, https:\/\/www.periferieprahy.cz\/blog\/wp-content\/uploads\/2025\/04\/cp31.h7-768x161.jpg 768w, https:\/\/www.periferieprahy.cz\/blog\/wp-content\/uploads\/2025\/04\/cp31.h7.jpg 1068w\" sizes=\"auto, (max-width: 1024px) 100vw, 1024px\" \/><figcaption class=\"wp-element-caption\">Jan *3.3.1825; otec Josef Kubr [*19.3.1801] soused ruzy\u0148sk\u00fd, syn Franti\u0161ka Kubra, rycht\u00e1\u0159e v Ruzyni  [t\u00e9\u017e  hospodsk\u00e9ho v ruzy\u0148sk\u00e9 hopod\u011b \u010d.p.20] a matky Magdaleny, rozen\u00e9 Ku\u010derovy. Matka Anna, dcera Mat\u011bje Kubra, souseda v Ruzyni \u2116 6 a matky Kate\u0159iny rozen\u00e9 \u010cerm\u00e1kov\u00e9.<\/figcaption><\/figure>\n<\/div>\n\n<div class=\"wp-block-image\">\n<figure class=\"aligncenter size-full\" id=\"magda1828\"><img loading=\"lazy\" decoding=\"async\" width=\"1013\" height=\"411\" src=\"https:\/\/www.periferieprahy.cz\/blog\/wp-content\/uploads\/2025\/04\/cp31.h8.jpg\" alt=\"\" class=\"wp-image-2727\" srcset=\"https:\/\/www.periferieprahy.cz\/blog\/wp-content\/uploads\/2025\/04\/cp31.h8.jpg 1013w, https:\/\/www.periferieprahy.cz\/blog\/wp-content\/uploads\/2025\/04\/cp31.h8-300x122.jpg 300w, https:\/\/www.periferieprahy.cz\/blog\/wp-content\/uploads\/2025\/04\/cp31.h8-768x312.jpg 768w\" sizes=\"auto, (max-width: 1013px) 100vw, 1013px\" \/><figcaption class=\"wp-element-caption\">Magdalena *13.9.1828; otec Mat\u011bj Svoboda podruh, matka Anna rozen\u00e1 \u0160tastn\u00e1.<\/figcaption><\/figure>\n<\/div>\n\n<div class=\"wp-block-image\">\n<figure class=\"aligncenter size-full\"><img loading=\"lazy\" decoding=\"async\" width=\"954\" height=\"444\" src=\"https:\/\/www.periferieprahy.cz\/blog\/wp-content\/uploads\/2025\/04\/cp31.h9.jpg\" alt=\"\" class=\"wp-image-2728\" srcset=\"https:\/\/www.periferieprahy.cz\/blog\/wp-content\/uploads\/2025\/04\/cp31.h9.jpg 954w, https:\/\/www.periferieprahy.cz\/blog\/wp-content\/uploads\/2025\/04\/cp31.h9-300x140.jpg 300w, https:\/\/www.periferieprahy.cz\/blog\/wp-content\/uploads\/2025\/04\/cp31.h9-768x357.jpg 768w\" sizes=\"auto, (max-width: 954px) 100vw, 954px\" \/><figcaption class=\"wp-element-caption\">Kate\u0159ina * 28.3.1830; otec Mat\u011bj Svoboda podruh, matka Anna rozen\u00e1 \u0160tastn\u00e1.<\/figcaption><\/figure>\n<\/div>\n\n<div class=\"wp-block-image\">\n<figure class=\"aligncenter size-large\" id=\"marie1832\"><img loading=\"lazy\" decoding=\"async\" width=\"1024\" height=\"206\" src=\"https:\/\/www.periferieprahy.cz\/blog\/wp-content\/uploads\/2025\/04\/cp31.h10-1024x206.jpg\" alt=\"\" class=\"wp-image-2729\" srcset=\"https:\/\/www.periferieprahy.cz\/blog\/wp-content\/uploads\/2025\/04\/cp31.h10-1024x206.jpg 1024w, https:\/\/www.periferieprahy.cz\/blog\/wp-content\/uploads\/2025\/04\/cp31.h10-300x60.jpg 300w, https:\/\/www.periferieprahy.cz\/blog\/wp-content\/uploads\/2025\/04\/cp31.h10-768x155.jpg 768w, https:\/\/www.periferieprahy.cz\/blog\/wp-content\/uploads\/2025\/04\/cp31.h10.jpg 1117w\" sizes=\"auto, (max-width: 1024px) 100vw, 1024px\" \/><figcaption class=\"wp-element-caption\">Marie *31.8.1832; otec V\u00e1clav Nebesk\u00fd, mistr krej\u010dovsk\u00fd, matka Barbora rozen\u00e1 \u0160tefanov\u00e1 <\/figcaption><\/figure>\n<\/div>\n\n<div class=\"wp-block-image\">\n<figure class=\"aligncenter size-large\" id=\"vaclav1834\"><img loading=\"lazy\" decoding=\"async\" width=\"1024\" height=\"158\" src=\"https:\/\/www.periferieprahy.cz\/blog\/wp-content\/uploads\/2025\/04\/cp31.h11-1024x158.jpg\" alt=\"\" class=\"wp-image-2730\" srcset=\"https:\/\/www.periferieprahy.cz\/blog\/wp-content\/uploads\/2025\/04\/cp31.h11-1024x158.jpg 1024w, https:\/\/www.periferieprahy.cz\/blog\/wp-content\/uploads\/2025\/04\/cp31.h11-300x46.jpg 300w, https:\/\/www.periferieprahy.cz\/blog\/wp-content\/uploads\/2025\/04\/cp31.h11-768x119.jpg 768w, https:\/\/www.periferieprahy.cz\/blog\/wp-content\/uploads\/2025\/04\/cp31.h11.jpg 1054w\" sizes=\"auto, (max-width: 1024px) 100vw, 1024px\" \/><figcaption class=\"wp-element-caption\">V\u00e1clav *14.10.1834; otec Jan Havelka, n\u00e1den\u00edk, matka Barbora rozen\u00e1 Nov\u00e1kov\u00e1<\/figcaption><\/figure>\n<\/div>\n\n<div class=\"wp-block-image\">\n<figure class=\"aligncenter size-large\" id=\"jan1835\"><img loading=\"lazy\" decoding=\"async\" width=\"1024\" height=\"148\" src=\"https:\/\/www.periferieprahy.cz\/blog\/wp-content\/uploads\/2025\/04\/cp31.h12-1024x148.jpg\" alt=\"\" class=\"wp-image-2731\" srcset=\"https:\/\/www.periferieprahy.cz\/blog\/wp-content\/uploads\/2025\/04\/cp31.h12-1024x148.jpg 1024w, https:\/\/www.periferieprahy.cz\/blog\/wp-content\/uploads\/2025\/04\/cp31.h12-300x43.jpg 300w, https:\/\/www.periferieprahy.cz\/blog\/wp-content\/uploads\/2025\/04\/cp31.h12-768x111.jpg 768w, https:\/\/www.periferieprahy.cz\/blog\/wp-content\/uploads\/2025\/04\/cp31.h12.jpg 1074w\" sizes=\"auto, (max-width: 1024px) 100vw, 1024px\" \/><figcaption class=\"wp-element-caption\">Jan *26.1.1835; otec Josef Held n\u00e1den\u00edk, matka Barbora rozen\u00e1 Lejthov\u00e1<\/figcaption><\/figure>\n<\/div>\n\n<div class=\"wp-block-image\">\n<figure class=\"aligncenter size-large\"><img loading=\"lazy\" decoding=\"async\" width=\"1024\" height=\"179\" src=\"https:\/\/www.periferieprahy.cz\/blog\/wp-content\/uploads\/2025\/04\/cp31.h13-1024x179.jpg\" alt=\"\" class=\"wp-image-2732\" srcset=\"https:\/\/www.periferieprahy.cz\/blog\/wp-content\/uploads\/2025\/04\/cp31.h13-1024x179.jpg 1024w, https:\/\/www.periferieprahy.cz\/blog\/wp-content\/uploads\/2025\/04\/cp31.h13-300x53.jpg 300w, https:\/\/www.periferieprahy.cz\/blog\/wp-content\/uploads\/2025\/04\/cp31.h13-768x135.jpg 768w, https:\/\/www.periferieprahy.cz\/blog\/wp-content\/uploads\/2025\/04\/cp31.h13.jpg 1044w\" sizes=\"auto, (max-width: 1024px) 100vw, 1024px\" \/><figcaption class=\"wp-element-caption\">Magdalena *26.1.1836; otec Jan Havelka, n\u00e1den\u00edk, matka Barbora rozen\u00e1 Nov\u00e1kov\u00e1<\/figcaption><\/figure>\n<\/div>\n\n<div class=\"wp-block-image\">\n<figure class=\"aligncenter size-large\"><img loading=\"lazy\" decoding=\"async\" width=\"1024\" height=\"147\" src=\"https:\/\/www.periferieprahy.cz\/blog\/wp-content\/uploads\/2025\/04\/cp31.h14-1024x147.jpg\" alt=\"\" class=\"wp-image-2733\" srcset=\"https:\/\/www.periferieprahy.cz\/blog\/wp-content\/uploads\/2025\/04\/cp31.h14-1024x147.jpg 1024w, https:\/\/www.periferieprahy.cz\/blog\/wp-content\/uploads\/2025\/04\/cp31.h14-300x43.jpg 300w, https:\/\/www.periferieprahy.cz\/blog\/wp-content\/uploads\/2025\/04\/cp31.h14-768x110.jpg 768w, https:\/\/www.periferieprahy.cz\/blog\/wp-content\/uploads\/2025\/04\/cp31.h14.jpg 1122w\" sizes=\"auto, (max-width: 1024px) 100vw, 1024px\" \/><figcaption class=\"wp-element-caption\">Magdalena *14.7.1836; otec Josef Held n\u00e1den\u00edk, matka Barbora rozen\u00e1 Lejthov\u00e1<\/figcaption><\/figure>\n<\/div>\n\n<div class=\"wp-block-image\">\n<figure class=\"aligncenter size-large\" id=\"jan1837\"><img loading=\"lazy\" decoding=\"async\" width=\"1024\" height=\"136\" src=\"https:\/\/www.periferieprahy.cz\/blog\/wp-content\/uploads\/2025\/04\/cp31.h15-1024x136.jpg\" alt=\"\" class=\"wp-image-2734\" srcset=\"https:\/\/www.periferieprahy.cz\/blog\/wp-content\/uploads\/2025\/04\/cp31.h15-1024x136.jpg 1024w, https:\/\/www.periferieprahy.cz\/blog\/wp-content\/uploads\/2025\/04\/cp31.h15-300x40.jpg 300w, https:\/\/www.periferieprahy.cz\/blog\/wp-content\/uploads\/2025\/04\/cp31.h15-768x102.jpg 768w, https:\/\/www.periferieprahy.cz\/blog\/wp-content\/uploads\/2025\/04\/cp31.h15.jpg 1101w\" sizes=\"auto, (max-width: 1024px) 100vw, 1024px\" \/><figcaption class=\"wp-element-caption\">Jan *9.2.1837; otec Franti\u0161ek Proch\u00e1zka, krej\u010d\u00ed, matka Anna rozen\u00e1 \u017demli\u010dkov\u00e1 <\/figcaption><\/figure>\n<\/div>\n\n<div class=\"wp-block-image\">\n<figure class=\"aligncenter size-large\"><img loading=\"lazy\" decoding=\"async\" width=\"1024\" height=\"135\" src=\"https:\/\/www.periferieprahy.cz\/blog\/wp-content\/uploads\/2025\/04\/cp31.h16-1024x135.jpg\" alt=\"\" class=\"wp-image-2735\" srcset=\"https:\/\/www.periferieprahy.cz\/blog\/wp-content\/uploads\/2025\/04\/cp31.h16-1024x135.jpg 1024w, https:\/\/www.periferieprahy.cz\/blog\/wp-content\/uploads\/2025\/04\/cp31.h16-300x40.jpg 300w, https:\/\/www.periferieprahy.cz\/blog\/wp-content\/uploads\/2025\/04\/cp31.h16-768x101.jpg 768w, https:\/\/www.periferieprahy.cz\/blog\/wp-content\/uploads\/2025\/04\/cp31.h16.jpg 1086w\" sizes=\"auto, (max-width: 1024px) 100vw, 1024px\" \/><figcaption class=\"wp-element-caption\">Josef *2.3.1839; otec Franti\u0161ek Proch\u00e1zka, krej\u010d\u00ed, matka Anna rozen\u00e1 \u017demli\u010dkov\u00e1 <\/figcaption><\/figure>\n<\/div>\n\n<div class=\"wp-block-image\">\n<figure class=\"aligncenter size-large\"><img loading=\"lazy\" decoding=\"async\" width=\"1024\" height=\"181\" src=\"https:\/\/www.periferieprahy.cz\/blog\/wp-content\/uploads\/2025\/04\/cp31.h17-1024x181.jpg\" alt=\"\" class=\"wp-image-2736\" srcset=\"https:\/\/www.periferieprahy.cz\/blog\/wp-content\/uploads\/2025\/04\/cp31.h17-1024x181.jpg 1024w, https:\/\/www.periferieprahy.cz\/blog\/wp-content\/uploads\/2025\/04\/cp31.h17-300x53.jpg 300w, https:\/\/www.periferieprahy.cz\/blog\/wp-content\/uploads\/2025\/04\/cp31.h17-768x136.jpg 768w, https:\/\/www.periferieprahy.cz\/blog\/wp-content\/uploads\/2025\/04\/cp31.h17.jpg 1067w\" sizes=\"auto, (max-width: 1024px) 100vw, 1024px\" \/><figcaption class=\"wp-element-caption\">Kate\u0159ina *2.6.1841; otec Franti\u0161ek Proch\u00e1zka, krej\u010d\u00ed, matka Anna rozen\u00e1 \u017demli\u010dkov\u00e1 <\/figcaption><\/figure>\n<\/div>\n\n<div class=\"wp-block-image\">\n<figure class=\"aligncenter size-large\" id=\"frantisek1847\"><img loading=\"lazy\" decoding=\"async\" width=\"1024\" height=\"180\" src=\"https:\/\/www.periferieprahy.cz\/blog\/wp-content\/uploads\/2025\/04\/cp31.h18-1024x180.jpg\" alt=\"\" class=\"wp-image-2737\" srcset=\"https:\/\/www.periferieprahy.cz\/blog\/wp-content\/uploads\/2025\/04\/cp31.h18-1024x180.jpg 1024w, https:\/\/www.periferieprahy.cz\/blog\/wp-content\/uploads\/2025\/04\/cp31.h18-300x53.jpg 300w, https:\/\/www.periferieprahy.cz\/blog\/wp-content\/uploads\/2025\/04\/cp31.h18-768x135.jpg 768w, https:\/\/www.periferieprahy.cz\/blog\/wp-content\/uploads\/2025\/04\/cp31.h18.jpg 1086w\" sizes=\"auto, (max-width: 1024px) 100vw, 1024px\" \/><figcaption class=\"wp-element-caption\">Franti\u0161ek *14.2.1847, otec Jan Kraus, pomocn\u00edk na libock\u00e9 \u0161kole, matka Ane\u017eka rozen\u00e1 Hol\u00e1. <\/figcaption><\/figure>\n<\/div>\n\n<div class=\"wp-block-image\">\n<figure class=\"aligncenter size-large\" id=\"emilian1848\"><img loading=\"lazy\" decoding=\"async\" width=\"1024\" height=\"192\" src=\"https:\/\/www.periferieprahy.cz\/blog\/wp-content\/uploads\/2025\/04\/cp31.h19-1024x192.jpg\" alt=\"\" class=\"wp-image-2738\" srcset=\"https:\/\/www.periferieprahy.cz\/blog\/wp-content\/uploads\/2025\/04\/cp31.h19-1024x192.jpg 1024w, https:\/\/www.periferieprahy.cz\/blog\/wp-content\/uploads\/2025\/04\/cp31.h19-300x56.jpg 300w, https:\/\/www.periferieprahy.cz\/blog\/wp-content\/uploads\/2025\/04\/cp31.h19-768x144.jpg 768w, https:\/\/www.periferieprahy.cz\/blog\/wp-content\/uploads\/2025\/04\/cp31.h19.jpg 1080w\" sizes=\"auto, (max-width: 1024px) 100vw, 1024px\" \/><figcaption class=\"wp-element-caption\">Emilian * 16. 6.1848, otec Jan Kraus, pomocn\u00edk na libock\u00e9 \u0161kole, matka Ane\u017eka rozen\u00e1 Hol\u00e1. <\/figcaption><\/figure>\n<\/div>\n\n<div class=\"wp-block-image\">\n<figure class=\"aligncenter size-large\" id=\"antonin1849\"><img loading=\"lazy\" decoding=\"async\" width=\"1024\" height=\"161\" src=\"https:\/\/www.periferieprahy.cz\/blog\/wp-content\/uploads\/2025\/04\/cp31.h20-1024x161.jpg\" alt=\"\" class=\"wp-image-2739\" srcset=\"https:\/\/www.periferieprahy.cz\/blog\/wp-content\/uploads\/2025\/04\/cp31.h20-1024x161.jpg 1024w, https:\/\/www.periferieprahy.cz\/blog\/wp-content\/uploads\/2025\/04\/cp31.h20-300x47.jpg 300w, https:\/\/www.periferieprahy.cz\/blog\/wp-content\/uploads\/2025\/04\/cp31.h20-768x120.jpg 768w, https:\/\/www.periferieprahy.cz\/blog\/wp-content\/uploads\/2025\/04\/cp31.h20.jpg 1059w\" sizes=\"auto, (max-width: 1024px) 100vw, 1024px\" \/><figcaption class=\"wp-element-caption\">Anton\u00edn *11.6.1849; otec V\u00e1clav Nov\u00e1k, mistr obuvnick\u00fd, matka Marie, rozen\u00e1 Statenicov\u00e1<\/figcaption><\/figure>\n<\/div>\n\n<div class=\"wp-block-image\">\n<figure class=\"aligncenter size-large\"><img loading=\"lazy\" decoding=\"async\" width=\"1024\" height=\"160\" src=\"https:\/\/www.periferieprahy.cz\/blog\/wp-content\/uploads\/2025\/04\/cp31.h21-1024x160.jpg\" alt=\"\" class=\"wp-image-2740\" srcset=\"https:\/\/www.periferieprahy.cz\/blog\/wp-content\/uploads\/2025\/04\/cp31.h21-1024x160.jpg 1024w, https:\/\/www.periferieprahy.cz\/blog\/wp-content\/uploads\/2025\/04\/cp31.h21-300x47.jpg 300w, https:\/\/www.periferieprahy.cz\/blog\/wp-content\/uploads\/2025\/04\/cp31.h21-768x120.jpg 768w, https:\/\/www.periferieprahy.cz\/blog\/wp-content\/uploads\/2025\/04\/cp31.h21.jpg 1082w\" sizes=\"auto, (max-width: 1024px) 100vw, 1024px\" \/><figcaption class=\"wp-element-caption\">Anton\u00edn *19.4.1851; otec V\u00e1clav Nov\u00e1k, mistr obuvnick\u00fd, matka Marie, rozen\u00e1 Statenicov\u00e1 <\/figcaption><\/figure>\n<\/div>\n\n<div class=\"wp-block-image\">\n<figure class=\"aligncenter size-large\" id=\"frantisek1854\"><img loading=\"lazy\" decoding=\"async\" width=\"1024\" height=\"382\" src=\"https:\/\/www.periferieprahy.cz\/blog\/wp-content\/uploads\/2025\/04\/cp31.h22-1024x382.jpg\" alt=\"\" class=\"wp-image-2741\" srcset=\"https:\/\/www.periferieprahy.cz\/blog\/wp-content\/uploads\/2025\/04\/cp31.h22-1024x382.jpg 1024w, https:\/\/www.periferieprahy.cz\/blog\/wp-content\/uploads\/2025\/04\/cp31.h22-300x112.jpg 300w, https:\/\/www.periferieprahy.cz\/blog\/wp-content\/uploads\/2025\/04\/cp31.h22-768x287.jpg 768w, https:\/\/www.periferieprahy.cz\/blog\/wp-content\/uploads\/2025\/04\/cp31.h22.jpg 1040w\" sizes=\"auto, (max-width: 1024px) 100vw, 1024px\" \/><figcaption class=\"wp-element-caption\">Franti\u0161ek *9.10.1854; otec Jan Pech, podu\u010ditel v Doln\u00ed Liboci, matka Kate\u0159ina rozen\u00e1 Ko\u017el\u00edkov\u00e1<\/figcaption><\/figure>\n<\/div>\n\n<div class=\"wp-block-image\">\n<figure class=\"aligncenter size-full\"><img loading=\"lazy\" decoding=\"async\" width=\"1001\" height=\"255\" src=\"https:\/\/www.periferieprahy.cz\/blog\/wp-content\/uploads\/2025\/04\/cp31.h23.jpg\" alt=\"\" class=\"wp-image-2742\" srcset=\"https:\/\/www.periferieprahy.cz\/blog\/wp-content\/uploads\/2025\/04\/cp31.h23.jpg 1001w, https:\/\/www.periferieprahy.cz\/blog\/wp-content\/uploads\/2025\/04\/cp31.h23-300x76.jpg 300w, https:\/\/www.periferieprahy.cz\/blog\/wp-content\/uploads\/2025\/04\/cp31.h23-768x196.jpg 768w\" sizes=\"auto, (max-width: 1001px) 100vw, 1001px\" \/><\/figure>\n<\/div>\n\n<div class=\"wp-block-image\">\n<figure class=\"aligncenter size-full\" id=\"katerina1856\"><img loading=\"lazy\" decoding=\"async\" width=\"970\" height=\"300\" src=\"https:\/\/www.periferieprahy.cz\/blog\/wp-content\/uploads\/2025\/04\/cp31.h24.jpg\" alt=\"\" class=\"wp-image-2743\" srcset=\"https:\/\/www.periferieprahy.cz\/blog\/wp-content\/uploads\/2025\/04\/cp31.h24.jpg 970w, https:\/\/www.periferieprahy.cz\/blog\/wp-content\/uploads\/2025\/04\/cp31.h24-300x93.jpg 300w, https:\/\/www.periferieprahy.cz\/blog\/wp-content\/uploads\/2025\/04\/cp31.h24-768x238.jpg 768w\" sizes=\"auto, (max-width: 970px) 100vw, 970px\" \/><figcaption class=\"wp-element-caption\">Kate\u0159ina *29.3.1856; otec V\u00e1clav Svoboda, tovary\u0161 zednick\u00fd, matka Al\u017eb\u011bta rozen\u00e1 Jir\u00e1skov\u00e1<\/figcaption><\/figure>\n<\/div>\n\n<div class=\"wp-block-image\">\n<figure class=\"aligncenter size-large\"><img loading=\"lazy\" decoding=\"async\" width=\"1024\" height=\"314\" src=\"https:\/\/www.periferieprahy.cz\/blog\/wp-content\/uploads\/2025\/04\/cp31.h25-1024x314.jpg\" alt=\"\" class=\"wp-image-2744\" srcset=\"https:\/\/www.periferieprahy.cz\/blog\/wp-content\/uploads\/2025\/04\/cp31.h25-1024x314.jpg 1024w, https:\/\/www.periferieprahy.cz\/blog\/wp-content\/uploads\/2025\/04\/cp31.h25-300x92.jpg 300w, https:\/\/www.periferieprahy.cz\/blog\/wp-content\/uploads\/2025\/04\/cp31.h25-768x236.jpg 768w, https:\/\/www.periferieprahy.cz\/blog\/wp-content\/uploads\/2025\/04\/cp31.h25.jpg 1102w\" sizes=\"auto, (max-width: 1024px) 100vw, 1024px\" \/><figcaption class=\"wp-element-caption\">Anna *15.6.1860 ; otec V\u00e1clav Svoboda, tovary\u0161 zednick\u00fd, matka Al\u017eb\u011bta rozen\u00e1 Jir\u00e1skov\u00e1. Zapisovatel zapsal do rubriky Matka omylem kmotry.<\/figcaption><\/figure>\n<\/div>\n\n<div class=\"wp-block-image\">\n<figure class=\"aligncenter size-large is-resized\"><img loading=\"lazy\" decoding=\"async\" width=\"1024\" height=\"180\" src=\"https:\/\/www.periferieprahy.cz\/blog\/wp-content\/uploads\/2025\/04\/cp31.h26-1024x180.jpg\" alt=\"\" class=\"wp-image-2745\" style=\"width:1182px;height:auto\" srcset=\"https:\/\/www.periferieprahy.cz\/blog\/wp-content\/uploads\/2025\/04\/cp31.h26-1024x180.jpg 1024w, https:\/\/www.periferieprahy.cz\/blog\/wp-content\/uploads\/2025\/04\/cp31.h26-300x53.jpg 300w, https:\/\/www.periferieprahy.cz\/blog\/wp-content\/uploads\/2025\/04\/cp31.h26-768x135.jpg 768w, https:\/\/www.periferieprahy.cz\/blog\/wp-content\/uploads\/2025\/04\/cp31.h26.jpg 1110w\" sizes=\"auto, (max-width: 1024px) 100vw, 1024px\" \/><figcaption class=\"wp-element-caption\">Marie *28.6.1863; otec V\u00e1clav Svoboda, tovary\u0161 zednick\u00fd, matka Al\u017eb\u011bta rozen\u00e1 Jir\u00e1skov\u00e1<\/figcaption><\/figure>\n<\/div>\n\n<div class=\"wp-block-image\">\n<figure class=\"aligncenter size-large is-resized\" id=\"anezka1865\"><img loading=\"lazy\" decoding=\"async\" width=\"1024\" height=\"203\" src=\"https:\/\/www.periferieprahy.cz\/blog\/wp-content\/uploads\/2025\/04\/cp31.h27-1024x203.jpg\" alt=\"\" class=\"wp-image-2746\" style=\"width:1186px;height:auto\" srcset=\"https:\/\/www.periferieprahy.cz\/blog\/wp-content\/uploads\/2025\/04\/cp31.h27-1024x203.jpg 1024w, https:\/\/www.periferieprahy.cz\/blog\/wp-content\/uploads\/2025\/04\/cp31.h27-300x60.jpg 300w, https:\/\/www.periferieprahy.cz\/blog\/wp-content\/uploads\/2025\/04\/cp31.h27-768x152.jpg 768w, https:\/\/www.periferieprahy.cz\/blog\/wp-content\/uploads\/2025\/04\/cp31.h27.jpg 1089w\" sizes=\"auto, (max-width: 1024px) 100vw, 1024px\" \/><figcaption class=\"wp-element-caption\">Ane\u017eka *22.8.1865; otec Josef Jir\u00e1sek, domk\u00e1\u0159 a zedn\u00edk, matka Anna rozen\u00e1 Koz\u00e1kov\u00e1 <\/figcaption><\/figure>\n<\/div>\n\n<div class=\"wp-block-image\">\n<figure class=\"aligncenter size-large is-resized\" id=\"antonin1876\"><img loading=\"lazy\" decoding=\"async\" width=\"1024\" height=\"286\" src=\"https:\/\/www.periferieprahy.cz\/blog\/wp-content\/uploads\/2025\/04\/cp31.h28-1024x286.jpg\" alt=\"\" class=\"wp-image-2747\" style=\"width:1216px;height:auto\" srcset=\"https:\/\/www.periferieprahy.cz\/blog\/wp-content\/uploads\/2025\/04\/cp31.h28-1024x286.jpg 1024w, https:\/\/www.periferieprahy.cz\/blog\/wp-content\/uploads\/2025\/04\/cp31.h28-300x84.jpg 300w, https:\/\/www.periferieprahy.cz\/blog\/wp-content\/uploads\/2025\/04\/cp31.h28-768x214.jpg 768w, https:\/\/www.periferieprahy.cz\/blog\/wp-content\/uploads\/2025\/04\/cp31.h28.jpg 1111w\" sizes=\"auto, (max-width: 1024px) 100vw, 1024px\" \/><figcaption class=\"wp-element-caption\">Anton\u00edn * 13.4.1876; otec <strong><mark style=\"background-color:#fcb900\" class=\"has-inline-color\">Jan Fuchs, hospodsk\u00fd v Liboci Doln\u00ed \u010d. 31<\/mark><\/strong>; matka Kate\u0159ina rozen\u00e1 \u0160indel\u00e1\u0159ov\u00e1.<\/figcaption><\/figure>\n<\/div>\n\n<div class=\"wp-block-image\">\n<figure class=\"aligncenter size-large is-resized\" id=\"magda1889\"><img loading=\"lazy\" decoding=\"async\" width=\"1024\" height=\"152\" src=\"https:\/\/www.periferieprahy.cz\/blog\/wp-content\/uploads\/2025\/04\/cp31.h29-1024x152.jpg\" alt=\"\" class=\"wp-image-2748\" style=\"width:1210px;height:auto\" srcset=\"https:\/\/www.periferieprahy.cz\/blog\/wp-content\/uploads\/2025\/04\/cp31.h29-1024x152.jpg 1024w, https:\/\/www.periferieprahy.cz\/blog\/wp-content\/uploads\/2025\/04\/cp31.h29-300x45.jpg 300w, https:\/\/www.periferieprahy.cz\/blog\/wp-content\/uploads\/2025\/04\/cp31.h29-768x114.jpg 768w, https:\/\/www.periferieprahy.cz\/blog\/wp-content\/uploads\/2025\/04\/cp31.h29.jpg 1044w\" sizes=\"auto, (max-width: 1024px) 100vw, 1024px\" \/><figcaption class=\"wp-element-caption\">Magdalena *18.1.1889; otec Josef T\u016fma \u0159ezn\u00edk, matka Alena rozen\u00e1 Dobrododsk\u00e1.<\/figcaption><\/figure>\n<\/div>\n\n<div class=\"wp-block-image\">\n<figure class=\"aligncenter size-large is-resized\" id=\"vlastimil1893\"><img loading=\"lazy\" decoding=\"async\" width=\"1024\" height=\"191\" src=\"https:\/\/www.periferieprahy.cz\/blog\/wp-content\/uploads\/2025\/04\/cp31.h30-1024x191.jpg\" alt=\"\" class=\"wp-image-2749\" style=\"width:1200px;height:auto\" srcset=\"https:\/\/www.periferieprahy.cz\/blog\/wp-content\/uploads\/2025\/04\/cp31.h30-1024x191.jpg 1024w, https:\/\/www.periferieprahy.cz\/blog\/wp-content\/uploads\/2025\/04\/cp31.h30-300x56.jpg 300w, https:\/\/www.periferieprahy.cz\/blog\/wp-content\/uploads\/2025\/04\/cp31.h30-768x143.jpg 768w, https:\/\/www.periferieprahy.cz\/blog\/wp-content\/uploads\/2025\/04\/cp31.h30.jpg 1110w\" sizes=\"auto, (max-width: 1024px) 100vw, 1024px\" \/><figcaption class=\"wp-element-caption\">Vlastimil *10. 9.1893; otecVincenc Svoboda, mistr tesa\u0159sk\u00fd, matka Al\u017eb\u011bta Fridrichov\u00e1.<\/figcaption><\/figure>\n<\/div>\n\n<div class=\"wp-block-image\">\n<figure class=\"aligncenter size-large is-resized\" id=\"vlastimil1895\"><img loading=\"lazy\" decoding=\"async\" width=\"1024\" height=\"191\" src=\"https:\/\/www.periferieprahy.cz\/blog\/wp-content\/uploads\/2025\/04\/cp31.h31-1024x191.jpg\" alt=\"\" class=\"wp-image-2750\" style=\"width:1198px;height:auto\" srcset=\"https:\/\/www.periferieprahy.cz\/blog\/wp-content\/uploads\/2025\/04\/cp31.h31-1024x191.jpg 1024w, https:\/\/www.periferieprahy.cz\/blog\/wp-content\/uploads\/2025\/04\/cp31.h31-300x56.jpg 300w, https:\/\/www.periferieprahy.cz\/blog\/wp-content\/uploads\/2025\/04\/cp31.h31-768x143.jpg 768w, https:\/\/www.periferieprahy.cz\/blog\/wp-content\/uploads\/2025\/04\/cp31.h31.jpg 1069w\" sizes=\"auto, (max-width: 1024px) 100vw, 1024px\" \/><figcaption class=\"wp-element-caption\">Josef*23.4.1895; otec Jan N\u011bmec, d\u011bln\u00edk, matka Kate\u0159ina rozen\u00e1 \u0160trobachov\u00e1. <\/figcaption><\/figure>\n<\/div>\n\n<div class=\"wp-block-image\">\n<figure class=\"aligncenter size-full is-resized\" id=\"anna1896\"><img loading=\"lazy\" decoding=\"async\" width=\"998\" height=\"196\" src=\"https:\/\/www.periferieprahy.cz\/blog\/wp-content\/uploads\/2025\/04\/cp31.h32.jpg\" alt=\"\" class=\"wp-image-2751\" style=\"width:1204px;height:auto\" srcset=\"https:\/\/www.periferieprahy.cz\/blog\/wp-content\/uploads\/2025\/04\/cp31.h32.jpg 998w, https:\/\/www.periferieprahy.cz\/blog\/wp-content\/uploads\/2025\/04\/cp31.h32-300x59.jpg 300w, https:\/\/www.periferieprahy.cz\/blog\/wp-content\/uploads\/2025\/04\/cp31.h32-768x151.jpg 768w\" sizes=\"auto, (max-width: 998px) 100vw, 998px\" \/><figcaption class=\"wp-element-caption\">Anna * 22.12.1896; otec V\u00e1clav Fiala, zedn\u00edk, matka R\u016f\u017eena rozen\u00e1 Hejdukov\u00e1.<\/figcaption><\/figure>\n<\/div>\n\n<div class=\"wp-block-image\">\n<figure class=\"aligncenter size-large is-resized\" id=\"marie1897\"><img loading=\"lazy\" decoding=\"async\" width=\"1024\" height=\"168\" src=\"https:\/\/www.periferieprahy.cz\/blog\/wp-content\/uploads\/2025\/04\/cp31.h33-1024x168.jpg\" alt=\"\" class=\"wp-image-2752\" style=\"width:1206px;height:auto\" srcset=\"https:\/\/www.periferieprahy.cz\/blog\/wp-content\/uploads\/2025\/04\/cp31.h33-1024x168.jpg 1024w, https:\/\/www.periferieprahy.cz\/blog\/wp-content\/uploads\/2025\/04\/cp31.h33-300x49.jpg 300w, https:\/\/www.periferieprahy.cz\/blog\/wp-content\/uploads\/2025\/04\/cp31.h33-768x126.jpg 768w, https:\/\/www.periferieprahy.cz\/blog\/wp-content\/uploads\/2025\/04\/cp31.h33.jpg 1096w\" sizes=\"auto, (max-width: 1024px) 100vw, 1024px\" \/><figcaption class=\"wp-element-caption\">Marie *26.10.1897;<strong><mark style=\"background-color:#fcb900\" class=\"has-inline-color\"> otec V\u00e1clav \u0160varc, hostinsk\u00fd<\/mark><\/strong>, syn V\u00e1clava \u0160varce, ml\u00edka\u0159e z Horn\u00ed Liboce \u010d.8 a Kate\u0159iny rozen\u00e9 Pal\u00e1tovy z Mal. B\u0159evnova. Matka Nov\u00e1kov\u00e1 Marie dcera po \u2020V\u00e1clavu Nov\u00e1kovi, roln\u00edku v Doln\u00ed Liboci \u010d.17 a Marie, rozen\u00e9 Kubrov\u00e9 z Chabr\u016f. <\/figcaption><\/figure>\n<\/div>\n\n<div class=\"wp-block-image\">\n<figure class=\"aligncenter size-large is-resized\"><img loading=\"lazy\" decoding=\"async\" width=\"1024\" height=\"193\" src=\"https:\/\/www.periferieprahy.cz\/blog\/wp-content\/uploads\/2025\/04\/cp31.h34-1024x193.jpg\" alt=\"\" class=\"wp-image-2753\" style=\"width:1224px;height:auto\" srcset=\"https:\/\/www.periferieprahy.cz\/blog\/wp-content\/uploads\/2025\/04\/cp31.h34-1024x193.jpg 1024w, https:\/\/www.periferieprahy.cz\/blog\/wp-content\/uploads\/2025\/04\/cp31.h34-300x57.jpg 300w, https:\/\/www.periferieprahy.cz\/blog\/wp-content\/uploads\/2025\/04\/cp31.h34-768x145.jpg 768w, https:\/\/www.periferieprahy.cz\/blog\/wp-content\/uploads\/2025\/04\/cp31.h34.jpg 1046w\" sizes=\"auto, (max-width: 1024px) 100vw, 1024px\" \/><figcaption class=\"wp-element-caption\">V\u00e1clav *18.8.1901; otec<strong><mark style=\"background-color:#fcb900\" class=\"has-inline-color\"> V\u00e1clav \u0160varc, hostinsk\u00fd,<\/mark><\/strong> syn V\u00e1clava \u0160varce, ml\u00edka\u0159e z Horn\u00ed Liboce \u010d.8 a Kate\u0159iny rozen\u00e9 Pal\u00e1tovy z Mal. B\u0159evnova. Matka Nov\u00e1kov\u00e1 Marie dcera po \u2020V\u00e1clavu Nov\u00e1kovi, roln\u00edku v Doln\u00ed Liboci \u010d.17 a Marie, rozen\u00e9 Kubrov\u00e9 z Chabr\u016f.<\/figcaption><\/figure>\n<\/div>\n\n<div class=\"wp-block-image\">\n<figure class=\"aligncenter size-large is-resized\"><img loading=\"lazy\" decoding=\"async\" width=\"1024\" height=\"182\" src=\"https:\/\/www.periferieprahy.cz\/blog\/wp-content\/uploads\/2025\/04\/cp31.h35-1024x182.jpg\" alt=\"\" class=\"wp-image-2754\" style=\"width:1234px;height:auto\" srcset=\"https:\/\/www.periferieprahy.cz\/blog\/wp-content\/uploads\/2025\/04\/cp31.h35-1024x182.jpg 1024w, https:\/\/www.periferieprahy.cz\/blog\/wp-content\/uploads\/2025\/04\/cp31.h35-300x53.jpg 300w, https:\/\/www.periferieprahy.cz\/blog\/wp-content\/uploads\/2025\/04\/cp31.h35-768x137.jpg 768w, https:\/\/www.periferieprahy.cz\/blog\/wp-content\/uploads\/2025\/04\/cp31.h35.jpg 1090w\" sizes=\"auto, (max-width: 1024px) 100vw, 1024px\" \/><figcaption class=\"wp-element-caption\">Marie * 7.10.1904; otec <strong><mark style=\"background-color:#fcb900\" class=\"has-inline-color\">V\u00e1clav \u0160varc, hostinsk\u00fd, <\/mark><\/strong>syn V\u00e1clava \u0160varce, ml\u00edka\u0159e z Horn\u00ed Liboce \u010d.8 a Kate\u0159iny rozen\u00e9 Pal\u00e1tovy z Mal. B\u0159evnova. Matka Nov\u00e1kov\u00e1 Marie dcera po \u2020V\u00e1clavu Nov\u00e1kovi, roln\u00edku v Doln\u00ed Liboci \u010d.17 a Marie, rozen\u00e9 Kubrov\u00e9 z Chabr\u016f.<\/figcaption><\/figure>\n<\/div>\n\n<div class=\"wp-block-image\">\n<figure class=\"aligncenter size-large is-resized\"><img loading=\"lazy\" decoding=\"async\" width=\"1024\" height=\"174\" src=\"https:\/\/www.periferieprahy.cz\/blog\/wp-content\/uploads\/2025\/04\/cp31.h36-1024x174.jpg\" alt=\"\" class=\"wp-image-2755\" style=\"width:1238px;height:auto\" srcset=\"https:\/\/www.periferieprahy.cz\/blog\/wp-content\/uploads\/2025\/04\/cp31.h36-1024x174.jpg 1024w, https:\/\/www.periferieprahy.cz\/blog\/wp-content\/uploads\/2025\/04\/cp31.h36-300x51.jpg 300w, https:\/\/www.periferieprahy.cz\/blog\/wp-content\/uploads\/2025\/04\/cp31.h36-768x130.jpg 768w, https:\/\/www.periferieprahy.cz\/blog\/wp-content\/uploads\/2025\/04\/cp31.h36.jpg 1066w\" sizes=\"auto, (max-width: 1024px) 100vw, 1024px\" \/><figcaption class=\"wp-element-caption\">Milada * 19.4.1907; otec <strong><mark style=\"background-color:#fcb900\" class=\"has-inline-color\">V\u00e1clav \u0160varc, hostinsk\u00fd,<\/mark><\/strong> syn V\u00e1clava \u0160varce, ml\u00edka\u0159e z Horn\u00ed Liboce \u010d.8 a Kate\u0159iny rozen\u00e9 Pal\u00e1tovy z Mal. B\u0159evnova. Matka Nov\u00e1kov\u00e1 Marie dcera po \u2020V\u00e1clavu Nov\u00e1kovi, roln\u00edku v Doln\u00ed Liboci \u010d.17 a Marie, rozen\u00e9 Kubrov\u00e9 z Chabr\u016f.<\/figcaption><\/figure>\n<\/div>\n\n<div class=\"wp-block-image\">\n<figure class=\"aligncenter size-full is-resized\"><img loading=\"lazy\" decoding=\"async\" width=\"986\" height=\"166\" src=\"https:\/\/www.periferieprahy.cz\/blog\/wp-content\/uploads\/2025\/04\/cp31.h37.jpg\" alt=\"\" class=\"wp-image-2756\" style=\"width:1328px;height:auto\" srcset=\"https:\/\/www.periferieprahy.cz\/blog\/wp-content\/uploads\/2025\/04\/cp31.h37.jpg 986w, https:\/\/www.periferieprahy.cz\/blog\/wp-content\/uploads\/2025\/04\/cp31.h37-300x51.jpg 300w, https:\/\/www.periferieprahy.cz\/blog\/wp-content\/uploads\/2025\/04\/cp31.h37-768x129.jpg 768w\" sizes=\"auto, (max-width: 986px) 100vw, 986px\" \/><figcaption class=\"wp-element-caption\">Franti\u0161ek * 1.10.1909; otec <strong><mark style=\"background-color:#fcb900\" class=\"has-inline-color\">V\u00e1clav \u0160varc, hostinsk\u00fd, <\/mark><\/strong>syn V\u00e1clava \u0160varce, ml\u00edka\u0159e z Horn\u00ed Liboce \u010d.8 a Kate\u0159iny rozen\u00e9 Pal\u00e1tovy z Mal. B\u0159evnova. Matka Nov\u00e1kov\u00e1 Marie dcera po \u2020V\u00e1clavu Nov\u00e1kovi, roln\u00edku v Doln\u00ed Liboci \u010d.17 a Marie, rozen\u00e9 Kubrov\u00e9 z Chabr\u016f.<\/figcaption><\/figure>\n<\/div>\n\n<div class=\"wp-block-image\">\n<figure class=\"aligncenter size-large is-resized\"><img loading=\"lazy\" decoding=\"async\" width=\"1024\" height=\"271\" src=\"https:\/\/www.periferieprahy.cz\/blog\/wp-content\/uploads\/2025\/04\/cp31.h38-1024x271.jpg\" alt=\"\" class=\"wp-image-2764\" style=\"width:1146px;height:auto\" srcset=\"https:\/\/www.periferieprahy.cz\/blog\/wp-content\/uploads\/2025\/04\/cp31.h38-1024x271.jpg 1024w, https:\/\/www.periferieprahy.cz\/blog\/wp-content\/uploads\/2025\/04\/cp31.h38-300x79.jpg 300w, https:\/\/www.periferieprahy.cz\/blog\/wp-content\/uploads\/2025\/04\/cp31.h38-768x203.jpg 768w, https:\/\/www.periferieprahy.cz\/blog\/wp-content\/uploads\/2025\/04\/cp31.h38.jpg 1325w\" sizes=\"auto, (max-width: 1024px) 100vw, 1024px\" \/><\/figure>\n<\/div>\n\n<div class=\"wp-block-image\">\n<figure class=\"aligncenter size-large is-resized\" id=\"bozena1912\"><img loading=\"lazy\" decoding=\"async\" width=\"1024\" height=\"269\" src=\"https:\/\/www.periferieprahy.cz\/blog\/wp-content\/uploads\/2025\/04\/cp31.h39-1024x269.jpg\" alt=\"\" class=\"wp-image-2765\" style=\"width:1146px;height:auto\" srcset=\"https:\/\/www.periferieprahy.cz\/blog\/wp-content\/uploads\/2025\/04\/cp31.h39-1024x269.jpg 1024w, https:\/\/www.periferieprahy.cz\/blog\/wp-content\/uploads\/2025\/04\/cp31.h39-300x79.jpg 300w, https:\/\/www.periferieprahy.cz\/blog\/wp-content\/uploads\/2025\/04\/cp31.h39-768x202.jpg 768w, https:\/\/www.periferieprahy.cz\/blog\/wp-content\/uploads\/2025\/04\/cp31.h39-1536x403.jpg 1536w, https:\/\/www.periferieprahy.cz\/blog\/wp-content\/uploads\/2025\/04\/cp31.h39.jpg 1596w\" sizes=\"auto, (max-width: 1024px) 100vw, 1024px\" \/><figcaption class=\"wp-element-caption\">Bo\u017eena *20.12.1912, otec<strong> <mark style=\"background-color:#fcb900\" class=\"has-inline-color\">Josef Prokop, hostinsk\u00fd  v Doln\u00ed Liboci \u010d. 31<\/mark><\/strong>; matka Matka rozen\u00e1 Hrab\u011b ze St\u0159e\u0161ovic \u010d. 122 <\/figcaption><\/figure>\n<\/div>\n\n\n<p><\/p>\n","protected":false},"excerpt":{"rendered":"<p>Po\u010d\u00edt\u00e1no odshora, od Pet\u0159in, b\u00fdvala to v po\u0159ad\u00ed  \u0161est\u00e1 hospoda na Libock\u00e9. Historie nemovitosti je dolo\u017eena ji\u017e v roce 1771. To se zde narodila 4. \u010dervna  \u0161evci V\u00e1clavu L\u00f6blovi a Kate\u0159in\u011b dcera Dorota. V dom\u011b se n\u00e1sledovn\u011b vyst\u0159\u00eddalo n\u011bkolik rodin jej\u00edch\u017e otcov\u00e9 m\u011bli r\u016fzn\u00e1 povol\u00e1ni. Tady uv\u00e1d\u00edm v\u017edy jen prvn\u00edho zji\u0161t\u011bn\u00e9ho  potomka. U dal\u0161\u00edch potomku jsou uvedeny \u00fadaje u fotografi\u00ed z\u00e1pis\u016f o jejich narozen\u00ed.<\/p>\n","protected":false},"author":1,"featured_media":2701,"comment_status":"open","ping_status":"open","sticky":false,"template":"","format":"standard","meta":{"_exactmetrics_skip_tracking":false,"_exactmetrics_sitenote_active":false,"_exactmetrics_sitenote_note":"","_exactmetrics_sitenote_category":0,"footnotes":""},"categories":[28,38,3],"tags":[],"post_folder":[],"class_list":["post-2699","post","type-post","status-publish","format-standard","has-post-thumbnail","hentry","category-hospody","category-reznici","category-redakce"],"_links":{"self":[{"href":"https:\/\/www.periferieprahy.cz\/blog\/wp-json\/wp\/v2\/posts\/2699","targetHints":{"allow":["GET"]}}],"collection":[{"href":"https:\/\/www.periferieprahy.cz\/blog\/wp-json\/wp\/v2\/posts"}],"about":[{"href":"https:\/\/www.periferieprahy.cz\/blog\/wp-json\/wp\/v2\/types\/post"}],"author":[{"embeddable":true,"href":"https:\/\/www.periferieprahy.cz\/blog\/wp-json\/wp\/v2\/users\/1"}],"replies":[{"embeddable":true,"href":"https:\/\/www.periferieprahy.cz\/blog\/wp-json\/wp\/v2\/comments?post=2699"}],"version-history":[{"count":5,"href":"https:\/\/www.periferieprahy.cz\/blog\/wp-json\/wp\/v2\/posts\/2699\/revisions"}],"predecessor-version":[{"id":3144,"href":"https:\/\/www.periferieprahy.cz\/blog\/wp-json\/wp\/v2\/posts\/2699\/revisions\/3144"}],"wp:featuredmedia":[{"embeddable":true,"href":"https:\/\/www.periferieprahy.cz\/blog\/wp-json\/wp\/v2\/media\/2701"}],"wp:attachment":[{"href":"https:\/\/www.periferieprahy.cz\/blog\/wp-json\/wp\/v2\/media?parent=2699"}],"wp:term":[{"taxonomy":"category","embeddable":true,"href":"https:\/\/www.periferieprahy.cz\/blog\/wp-json\/wp\/v2\/categories?post=2699"},{"taxonomy":"post_tag","embeddable":true,"href":"https:\/\/www.periferieprahy.cz\/blog\/wp-json\/wp\/v2\/tags?post=2699"},{"taxonomy":"post_folder","embeddable":true,"href":"https:\/\/www.periferieprahy.cz\/blog\/wp-json\/wp\/v2\/post_folder?post=2699"}],"curies":[{"name":"wp","href":"https:\/\/api.w.org\/{rel}","templated":true}]}}