{"id":2838,"date":"2025-04-21T22:10:02","date_gmt":"2025-04-21T20:10:02","guid":{"rendered":"https:\/\/www.periferieprahy.cz\/blog\/?p=2838"},"modified":"2025-07-08T22:17:16","modified_gmt":"2025-07-08T20:17:16","slug":"c-p-32-ruzynsky-mlyn","status":"publish","type":"post","link":"https:\/\/www.periferieprahy.cz\/blog\/2025\/04\/21\/c-p-32-ruzynsky-mlyn\/","title":{"rendered":"\u010c.p. 32 Ruzy\u0148sk\u00fd ml\u00fdn"},"content":{"rendered":"\n<p align=\"left\"><b>\n\t\t\t<font size=\"7\" color=\"#CE0000\" face=\"Times New Roman\">\n\t\t\t<img loading=\"lazy\" decoding=\"async\" border=\"0\" src=\"https:\/\/www.periferieprahy.cz\/blog\/wp-content\/uploads\/2024\/12\/pismo7_17.gif\" width=\"89\" height=\"132\" align=\"left\"><\/font><\/b><\/p>\n\t\t\t<p align=\"left\"><span style=\"display: none\"><font size=\"1\">R<\/font><\/span>uzy\u0148sk\u00fd ml\u00fdn b\u00fdval&nbsp; natolik tajemn\u00fd a&nbsp; \n\t\t\tz\u00e1hadn\u00fd, \u017ee podle \n\t\t\tn\u011bkter\u00fdch pramen\u016f, inspiroval Aloise Jir\u00e1ska k naps\u00e1n\u00ed Lucerny. V \n\t\t\tnau\u010dn\u00e9 stezce &quot;Oborou hv\u011bzda&quot; se m\u016f\u017eeme do\u010d\u00edst, \u017ee prvn\u00ed zm\u00ednka o ml\u00fdnu je kolem roku \n\t\t\t1720. To si st\u011b\u017eovali na m\u00edstn\u00edho mlyn\u00e1\u0159e, \u017ee vodu pou\u017e\u00edv\u00e1 jen pro \n\t\t\tsv\u00e9 mlet\u00ed a nepou\u0161t\u00ed ji do kr\u00e1lovsk\u00e9ho rybn\u00edka (tj. do rybn\u00edka v \n\t\t\tobo\u0159e). N\u00e1hon vznikl p\u0159ehrazen\u00edm Litovick\u00e9ho potoka v m\u00edst\u011b dne\u0161n\u00ed \n\t\t\tRa\u010dick\u00e9 ulice pobl\u00ed\u017e n\u00e1m\u011bst\u00ed \u010cesk\u00e9ho povst\u00e1n\u00ed. D\u00e1le vedl soub\u011b\u017en\u011b s \n\t\t\tdne\u0161n\u00ed Jino\u010danskou a\u017e p\u0159ed ml\u00fdn, kde byla z\u00e1sobn\u00ed n\u00e1dr\u017e odkud voda \n\t\t\ttekla vrchem na ml\u00fdnsk\u00e9 kolo se sp\u00e1dem 2,1m.&nbsp; Odsud byla vyu\u017eit\u00e1 voda vedena \n\t\t\tdo m\u00edsta, kde Jino\u010dansk\u00e1 navazuje na Ruzy\u0148skou a&nbsp; tam, kde je \n\t\t\tdnes&nbsp; k\u0159\u00ed\u017e s plechov\u00fdm Kristem, se vl\u00e9vala zp\u011bt do koryta \n\t\t\tpotoka.<\/p>\n\n\n\n<p>Poda\u0159ilo se vystopovat v matrik\u00e1ch narozen\u00fdch, podle \u010d\u00edsla popisn\u00e9ho, \u017ee 26.2.1781 zde byl <strong>mlyn\u00e1\u0159em V\u00e1clav Nejtek<\/strong>. To se mu a jeho \u017een\u011b Ann\u011b Kl\u00edmov\u00e9 narodil syn <a href=\"#frantisek1781\">Franti\u0161ek<\/a>. V\u00e1clav Nejtek se na ml\u00fdn p\u0159i\u017eenil <a href=\"#vaclav_anna1775\">7.2.1775<\/a>, proto\u017ee poch\u00e1zel z Roztok a Anna zcela jist\u011b poch\u00e1zela z mlyn\u00e1\u0159sk\u00e9ho rodu Kl\u00edm\u016f, kter\u00fd zde \u017eil ur\u010dit\u011b d\u00e1vno p\u0159edt\u00edm. Kl\u00edmovi jsou uv\u00e1d\u011bny v matrik\u00e1ch star\u0161\u00edch, ale nelze prok\u00e1zat \u017ee jsou to Kl\u00edmovi ze ml\u00fdna, proto\u017ee nebylo uv\u00e1d\u011bno povol\u00e1n\u00ed, ani \u010d\u00edslo domu a v Ruzyni \u017eil je\u0161t\u011b jeden rod Kl\u00edm\u016f-sedl\u00e1k\u016f.<\/p>\n\n\n\n<p>Panem otcem byl na ml\u00fdn\u011b v roce 1790 <strong>Josef Kl\u00edma, mlyn\u00e1\u0159<\/strong>. V tomto roce se mu a Ev\u011b rozen\u00e9 Kejhov\u00e9 ze Stod\u016flek narodil <a href=\"#frantisek1790\">*<strong>28.4.1790 syn Franti\u0161ek<\/strong><\/a>. Ten se stal pozd\u011bji n\u00e1stupcem v mlyn\u00e1\u0159sk\u00e9m \u0159emesle. Josef a Eva Kl\u00edmovi m\u011bli je\u0161t\u011b tyto potomky: <a href=\"#josef1792\">Josef *28.3.1792<\/a> ; <a href=\"#jan1793\">Jan *29.12.1793<\/a>; <a href=\"#tomas1795\">Tom\u00e1\u0161 *22.12.1795<\/a>; <a href=\"#josef1802\">Josef *9.5.1802<\/a>; <a href=\"#petr1807\">Petr *21.5.1807<\/a><\/p>\n\n\n\n<p>Dne <a href=\"#frantisek_apolena1815\">3.1.1815<\/a> uzav\u0159el s\u0148atek Franti\u0161ek Kl\u00edma (<a href=\"#frantisek1790\">*28.4.1790<\/a>), syn zem\u0159el\u00e9ho mlyn\u00e1\u0159e Josefa Kl\u00edmy s Apolenou, dcerou \u0161enk\u00fd\u0159e Jana Kubra z Liboce \u010d.p. 36. T\u00edm se st\u00e1v\u00e1 <strong>Franti\u0161ek Kl\u00edma mlyn\u00e1\u0159em<\/strong> na ruzy\u0148sk\u00e9m ml\u00fdn\u011b. Spolu s Apolenou m\u011bli tyto d\u011bti: <strong><a href=\"#josef1816\">Josef *22.12.1816<\/a><\/strong>; <a href=\"#matej1819\">Mat\u011bj *24.2.1819<\/a>; <a href=\"#jan1821\">Jan *13.3.1821<\/a>; <a href=\"#marie1826\">Marie *9.8.1826<\/a>; <a href=\"#barbora1828\">Barbora *26.10.1828<\/a><\/p>\n\n\n\n<p>Dal\u0161\u00edm pokra\u010dovatelem \u0159emesla byl syn Franti\u0161ka Kl\u00edmy <strong>Josef (<a href=\"#josef1816\">*22.12.1816<\/a>) Kl\u00edma, mlyn\u00e1\u0159<\/strong>. O\u017eenil se s Otyli\u00ed Zaj\u00ed\u010dkovou, dcerou mlyn\u00e1\u0159e z M\u011b\u0148an. Jejich d\u011bti byly: <strong><a href=\"#josef1845\">Josef *1.5.1845<\/a><\/strong>; <a href=\"#frantisek1846\">Franti\u0161ek *14.7.1846<\/a>; <a href=\"#marie1848\">Marie *28.9.1848<\/a>; <a href=\"#antonin1850\">Anton\u00edn *17.1.1850<\/a>; <a href=\"#matej1851\">Mat\u011bj *17.9.1851<\/a>; <a href=\"#antonin1853\">Anton\u00edn *8.6.1853<\/a>; <a href=\"#matej1856\">Mat\u011bj *6.3.1856 <\/a>; V\u0161ichni \u010dty\u0159i posledn\u00ed synov\u00e9 v\u0161ak z\u00e1hy po porodu zem\u0159eli.<\/p>\n\n\n\n<p>Posledn\u00edm zji\u0161t\u011bn\u00fdm n\u00e1stupcem mlyn\u00e1\u0159sk\u00fdm byl prvorozen\u00fd syn <strong><a href=\"#josef1845\">Josef *1.5.1845<\/a><\/strong> Vzal si za \u017eenu&nbsp; Alb\u00ednu Fuksovou z Nebu\u0161ic a m\u011bl s n\u00ed t\u0159i d\u011bti: <a href=\"#albina1890\">Alb\u00ednu *6.6.1890<\/a>; <a href=\"#anna1892\">Annu *14.1.1892<\/a> a <a href=\"#ladislav1893\">Ladislava *27.5.1893<\/a>. <\/p>\n\n\n\nDal\u0161\u00edmi dr\u017eiteli ml\u00fdna byli: 1918 <b>Anna Regnerov\u00e1-Kl\u00edmov\u00e1<\/b>;1918<b> L. Kubr<\/b>; 1930<b> Josef \u017divn\u016fstka.<\/b><a onclick=\"window.open('https:\/\/www.vodnimlyny.cz\/mlyny\/objekty\/detail\/706-ruzynsky-mlyn','_blank','width=813,height=573,scrollbars=yes,top=0,left=0'); return false\" href=\"https:\/\/www.vodnimlyny.cz\/mlyny\/objekty\/detail\/706-ruzynsky-mlyn\"><IMG border=0 \nsrc=\"https:\/\/www.periferieprahy.cz\/blog\/wp-content\/uploads\/2025\/01\/zobraz_blue.png\" \nwidth=16 height=11><\/a>\n\n\n\n<p>Zanedlouho potom, n\u011bkdy po roce 1938 byl ml\u00fdn str\u017een. Podle pana \u2020Anton\u00edna Mare\u0161e to bylo hlavn\u011b proto, \u017ee se ji\u017e nefunk\u010dn\u00ed ml\u00fdn stal \u00fato\u010di\u0161t\u011bm r\u016fzn\u00fdch podivn\u00fdch a nebezpe\u010dn\u00fdch existenc\u00ed. Jeho rozvaliny byly zasyp\u00e1ny, aby se op\u011bt objevily na bo\u017e\u00edm sv\u011btle v roce 2009 v r\u00e1mci p\u0159edstavebn\u00edho archeologick\u00e9ho pr\u016fzkumu. Pot\u00e9 u\u017e zmizely v nen\u00e1vratnu, aby ustoupily nov\u00e9 stavb\u011b.<\/p>\n\n\n<div class=\"wp-block-image\">\n<figure data-wp-context=\"{&quot;imageId&quot;:&quot;69f31c2b2383f&quot;}\" data-wp-interactive=\"core\/image\" data-wp-key=\"69f31c2b2383f\" class=\"aligncenter size-full is-resized wp-lightbox-container\"><img loading=\"lazy\" decoding=\"async\" width=\"960\" height=\"608\" data-wp-class--hide=\"state.isContentHidden\" data-wp-class--show=\"state.isContentVisible\" data-wp-init=\"callbacks.setButtonStyles\" data-wp-on--click=\"actions.showLightbox\" data-wp-on--load=\"callbacks.setButtonStyles\" data-wp-on-window--resize=\"callbacks.setButtonStyles\" src=\"https:\/\/www.periferieprahy.cz\/blog\/wp-content\/uploads\/2025\/04\/ruz_cp32_1.jpg\" alt=\"\" class=\"wp-image-2839\" style=\"width:765px;height:auto\" srcset=\"https:\/\/www.periferieprahy.cz\/blog\/wp-content\/uploads\/2025\/04\/ruz_cp32_1.jpg 960w, https:\/\/www.periferieprahy.cz\/blog\/wp-content\/uploads\/2025\/04\/ruz_cp32_1-300x190.jpg 300w, https:\/\/www.periferieprahy.cz\/blog\/wp-content\/uploads\/2025\/04\/ruz_cp32_1-768x486.jpg 768w\" sizes=\"auto, (max-width: 960px) 100vw, 960px\" \/><button\n\t\t\tclass=\"lightbox-trigger\"\n\t\t\ttype=\"button\"\n\t\t\taria-haspopup=\"dialog\"\n\t\t\taria-label=\"Zv\u011bt\u0161it\"\n\t\t\tdata-wp-init=\"callbacks.initTriggerButton\"\n\t\t\tdata-wp-on--click=\"actions.showLightbox\"\n\t\t\tdata-wp-style--right=\"state.imageButtonRight\"\n\t\t\tdata-wp-style--top=\"state.imageButtonTop\"\n\t\t>\n\t\t\t<svg xmlns=\"http:\/\/www.w3.org\/2000\/svg\" width=\"12\" height=\"12\" fill=\"none\" viewBox=\"0 0 12 12\">\n\t\t\t\t<path fill=\"#fff\" d=\"M2 0a2 2 0 0 0-2 2v2h1.5V2a.5.5 0 0 1 .5-.5h2V0H2Zm2 10.5H2a.5.5 0 0 1-.5-.5V8H0v2a2 2 0 0 0 2 2h2v-1.5ZM8 12v-1.5h2a.5.5 0 0 0 .5-.5V8H12v2a2 2 0 0 1-2 2H8Zm2-12a2 2 0 0 1 2 2v2h-1.5V2a.5.5 0 0 0-.5-.5H8V0h2Z\" \/>\n\t\t\t<\/svg>\n\t\t<\/button><\/figure>\n<\/div>\n\n<div class=\"su-image-carousel  su-image-carousel-has-spacing su-image-carousel-crop su-image-carousel-crop-3-2 su-image-carousel-has-lightbox su-image-carousel-has-outline su-image-carousel-adaptive su-image-carousel-slides-style-default su-image-carousel-controls-style-dark su-image-carousel-align-center\" style=\"max-width:600px\" data-flickity-options='{\"groupCells\":true,\"cellSelector\":\".su-image-carousel-item\",\"adaptiveHeight\":false,\"cellAlign\":\"left\",\"prevNextButtons\":true,\"pageDots\":true,\"autoPlay\":3000,\"imagesLoaded\":true,\"contain\":true,\"selectedAttraction\":0.025000000000000001387778780781445675529539585113525390625,\"friction\":0.2800000000000000266453525910037569701671600341796875}' id=\"su_image_carousel_69f31c2b2eddc\"><div class=\"su-image-carousel-item\"><div class=\"su-image-carousel-item-content\"><a href=\"https:\/\/www.periferieprahy.cz\/blog\/wp-content\/uploads\/2025\/04\/ruz_cp32f.jpg\" data-caption=\"Pohled na ml\u00fdn v roce 1912 [AHMP]\"><img loading=\"lazy\" decoding=\"async\" width=\"1028\" height=\"752\" src=\"https:\/\/www.periferieprahy.cz\/blog\/wp-content\/uploads\/2025\/04\/ruz_cp32f.jpg\" class=\"\" alt=\"\" srcset=\"https:\/\/www.periferieprahy.cz\/blog\/wp-content\/uploads\/2025\/04\/ruz_cp32f.jpg 1028w, https:\/\/www.periferieprahy.cz\/blog\/wp-content\/uploads\/2025\/04\/ruz_cp32f-300x219.jpg 300w, https:\/\/www.periferieprahy.cz\/blog\/wp-content\/uploads\/2025\/04\/ruz_cp32f-1024x749.jpg 1024w, https:\/\/www.periferieprahy.cz\/blog\/wp-content\/uploads\/2025\/04\/ruz_cp32f-768x562.jpg 768w\" sizes=\"auto, (max-width: 1028px) 100vw, 1028px\" \/><span>Pohled na ml\u00fdn v roce 1912 [AHMP]<\/span><\/a><\/div><\/div><div class=\"su-image-carousel-item\"><div class=\"su-image-carousel-item-content\"><a href=\"https:\/\/www.periferieprahy.cz\/blog\/wp-content\/uploads\/2025\/04\/ruz_cp32i.jpg\" data-caption=\"Kresba nezn\u00e1m\u00e9ho autora, nedatov\u00e1no.\"><img loading=\"lazy\" decoding=\"async\" width=\"800\" height=\"599\" src=\"https:\/\/www.periferieprahy.cz\/blog\/wp-content\/uploads\/2025\/04\/ruz_cp32i.jpg\" class=\"\" alt=\"\" srcset=\"https:\/\/www.periferieprahy.cz\/blog\/wp-content\/uploads\/2025\/04\/ruz_cp32i.jpg 800w, https:\/\/www.periferieprahy.cz\/blog\/wp-content\/uploads\/2025\/04\/ruz_cp32i-300x225.jpg 300w, https:\/\/www.periferieprahy.cz\/blog\/wp-content\/uploads\/2025\/04\/ruz_cp32i-768x575.jpg 768w\" sizes=\"auto, (max-width: 800px) 100vw, 800px\" \/><span>Kresba nezn\u00e1m\u00e9ho autora, nedatov\u00e1no.<\/span><\/a><\/div><\/div><div class=\"su-image-carousel-item\"><div class=\"su-image-carousel-item-content\"><a href=\"https:\/\/www.periferieprahy.cz\/blog\/wp-content\/uploads\/2025\/04\/ruz_cp32a.jpg\" data-caption=\"Na fotografii je dob\u0159e patrn\u00e1 cesta, kter\u00e1 vedla pod\u00e9l koryta n\u00e1honu  p\u0159ibli\u017en\u011b stejn\u011b jako Jino\u010dansk\u00e1 sm\u011brem k dne\u0161n\u00ed Ruzy\u0148sk\u00e9. V m\u00edst\u011b, kde Jino\u010dansk\u00e1 navazuje na Ruzy\u0148skou tam, kde je k\u0159\u00ed\u017e s plechov\u00fdm Kristem, se vody n\u00e1honu vl\u00e9valy zp\u011bt do koryta potoka. Srovnej stejn\u00fd pohled v roce 2016.  Foto z knihy cyklu Zmizel\u00e1 Praha.\"><img loading=\"lazy\" decoding=\"async\" width=\"1402\" height=\"838\" src=\"https:\/\/www.periferieprahy.cz\/blog\/wp-content\/uploads\/2025\/04\/ruz_cp32a.jpg\" class=\"\" alt=\"\" srcset=\"https:\/\/www.periferieprahy.cz\/blog\/wp-content\/uploads\/2025\/04\/ruz_cp32a.jpg 1402w, https:\/\/www.periferieprahy.cz\/blog\/wp-content\/uploads\/2025\/04\/ruz_cp32a-300x179.jpg 300w, https:\/\/www.periferieprahy.cz\/blog\/wp-content\/uploads\/2025\/04\/ruz_cp32a-1024x612.jpg 1024w, https:\/\/www.periferieprahy.cz\/blog\/wp-content\/uploads\/2025\/04\/ruz_cp32a-768x459.jpg 768w\" sizes=\"auto, (max-width: 1402px) 100vw, 1402px\" \/><span>Na fotografii je dob\u0159e patrn\u00e1 cesta, kter\u00e1 vedla pod\u00e9l koryta n\u00e1honu  p\u0159ibli\u017en\u011b stejn\u011b jako Jino\u010dansk\u00e1 sm\u011brem k dne\u0161n\u00ed Ruzy\u0148sk\u00e9. V m\u00edst\u011b, kde Jino\u010dansk\u00e1 navazuje na Ruzy\u0148skou tam, kde je k\u0159\u00ed\u017e s plechov\u00fdm Kristem, se vody n\u00e1honu vl\u00e9valy zp\u011bt do koryta potoka. Srovnej stejn\u00fd pohled v roce 2016.  Foto z knihy cyklu Zmizel\u00e1 Praha.<\/span><\/a><\/div><\/div><div class=\"su-image-carousel-item\"><div class=\"su-image-carousel-item-content\"><a href=\"https:\/\/www.periferieprahy.cz\/blog\/wp-content\/uploads\/2025\/04\/ruz_cp32b.jpg\" data-caption=\"Kresba nezn\u00e1m\u00e9ho autora, nedatov\u00e1no [z poz\u016fstalosti p. Mare\u0161e].\"><img loading=\"lazy\" decoding=\"async\" width=\"868\" height=\"677\" src=\"https:\/\/www.periferieprahy.cz\/blog\/wp-content\/uploads\/2025\/04\/ruz_cp32b.jpg\" class=\"\" alt=\"\" srcset=\"https:\/\/www.periferieprahy.cz\/blog\/wp-content\/uploads\/2025\/04\/ruz_cp32b.jpg 868w, https:\/\/www.periferieprahy.cz\/blog\/wp-content\/uploads\/2025\/04\/ruz_cp32b-300x234.jpg 300w, https:\/\/www.periferieprahy.cz\/blog\/wp-content\/uploads\/2025\/04\/ruz_cp32b-768x599.jpg 768w\" sizes=\"auto, (max-width: 868px) 100vw, 868px\" \/><span>Kresba nezn\u00e1m\u00e9ho autora, nedatov\u00e1no [z poz\u016fstalosti p. Mare\u0161e].<\/span><\/a><\/div><\/div><div class=\"su-image-carousel-item\"><div class=\"su-image-carousel-item-content\"><a href=\"https:\/\/www.periferieprahy.cz\/blog\/wp-content\/uploads\/2025\/04\/ruz_cp32h.jpg\" data-caption=\"Obraz ml\u00fdna od nezn\u00e1m\u00e9ho autora, nedatov\u00e1no\"><img loading=\"lazy\" decoding=\"async\" width=\"780\" height=\"531\" src=\"https:\/\/www.periferieprahy.cz\/blog\/wp-content\/uploads\/2025\/04\/ruz_cp32h.jpg\" class=\"\" alt=\"\" srcset=\"https:\/\/www.periferieprahy.cz\/blog\/wp-content\/uploads\/2025\/04\/ruz_cp32h.jpg 780w, https:\/\/www.periferieprahy.cz\/blog\/wp-content\/uploads\/2025\/04\/ruz_cp32h-300x204.jpg 300w, https:\/\/www.periferieprahy.cz\/blog\/wp-content\/uploads\/2025\/04\/ruz_cp32h-768x523.jpg 768w\" sizes=\"auto, (max-width: 780px) 100vw, 780px\" \/><span>Obraz ml\u00fdna od nezn\u00e1m\u00e9ho autora, nedatov\u00e1no<\/span><\/a><\/div><\/div><\/div><script id=\"su_image_carousel_69f31c2b2eddc_script\">if(window.SUImageCarousel){setTimeout(function() {window.SUImageCarousel.initGallery(document.getElementById(\"su_image_carousel_69f31c2b2eddc\"))}, 0);}var su_image_carousel_69f31c2b2eddc_script=document.getElementById(\"su_image_carousel_69f31c2b2eddc_script\");if(su_image_carousel_69f31c2b2eddc_script){su_image_carousel_69f31c2b2eddc_script.parentNode.removeChild(su_image_carousel_69f31c2b2eddc_script);}<\/script>\n\n\n\n<h2 class=\"wp-block-heading has-text-align-center\">O v\u011bcech minul\u00fdch a srovn\u00e1v\u00e1n\u00ed<\/h2>\n\n\n<div class=\"su-image-carousel  su-image-carousel-has-spacing su-image-carousel-crop su-image-carousel-crop-3-2 su-image-carousel-has-lightbox su-image-carousel-has-outline su-image-carousel-adaptive su-image-carousel-slides-style-default su-image-carousel-controls-style-dark su-image-carousel-align-center\" style=\"max-width:600px\" data-flickity-options='{\"groupCells\":true,\"cellSelector\":\".su-image-carousel-item\",\"adaptiveHeight\":false,\"cellAlign\":\"left\",\"prevNextButtons\":true,\"pageDots\":true,\"autoPlay\":3000,\"imagesLoaded\":true,\"contain\":true,\"selectedAttraction\":0.025000000000000001387778780781445675529539585113525390625,\"friction\":0.2800000000000000266453525910037569701671600341796875}' id=\"su_image_carousel_69f31c2b303ec\"><div class=\"su-image-carousel-item\"><div class=\"su-image-carousel-item-content\"><a href=\"https:\/\/www.periferieprahy.cz\/blog\/wp-content\/uploads\/2025\/04\/ruz_cp32a.jpg\" data-caption=\"Na fotografii je dob\u0159e patrn\u00e1 cesta, kter\u00e1 vedla pod\u00e9l koryta n\u00e1honu  p\u0159ibli\u017en\u011b stejn\u011b jako Jino\u010dansk\u00e1 sm\u011brem k dne\u0161n\u00ed Ruzy\u0148sk\u00e9. V m\u00edst\u011b, kde Jino\u010dansk\u00e1 navazuje na Ruzy\u0148skou tam, kde je k\u0159\u00ed\u017e s plechov\u00fdm Kristem, se vody n\u00e1honu vl\u00e9valy zp\u011bt do koryta potoka. Srovnej stejn\u00fd pohled v roce 2016.  Foto z knihy cyklu Zmizel\u00e1 Praha.\"><img loading=\"lazy\" decoding=\"async\" width=\"1402\" height=\"838\" src=\"https:\/\/www.periferieprahy.cz\/blog\/wp-content\/uploads\/2025\/04\/ruz_cp32a.jpg\" class=\"\" alt=\"\" srcset=\"https:\/\/www.periferieprahy.cz\/blog\/wp-content\/uploads\/2025\/04\/ruz_cp32a.jpg 1402w, https:\/\/www.periferieprahy.cz\/blog\/wp-content\/uploads\/2025\/04\/ruz_cp32a-300x179.jpg 300w, https:\/\/www.periferieprahy.cz\/blog\/wp-content\/uploads\/2025\/04\/ruz_cp32a-1024x612.jpg 1024w, https:\/\/www.periferieprahy.cz\/blog\/wp-content\/uploads\/2025\/04\/ruz_cp32a-768x459.jpg 768w\" sizes=\"auto, (max-width: 1402px) 100vw, 1402px\" \/><span>Na fotografii je dob\u0159e patrn\u00e1 cesta, kter\u00e1 vedla pod\u00e9l koryta n\u00e1honu  p\u0159ibli\u017en\u011b stejn\u011b jako Jino\u010dansk\u00e1 sm\u011brem k dne\u0161n\u00ed Ruzy\u0148sk\u00e9. V m\u00edst\u011b, kde Jino\u010dansk\u00e1 navazuje na Ruzy\u0148skou tam, kde je k\u0159\u00ed\u017e s plechov\u00fdm Kristem, se vody n\u00e1honu vl\u00e9valy zp\u011bt do koryta potoka. Srovnej stejn\u00fd pohled v roce 2016.  Foto z knihy cyklu Zmizel\u00e1 Praha.<\/span><\/a><\/div><\/div><div class=\"su-image-carousel-item\"><div class=\"su-image-carousel-item-content\"><a href=\"https:\/\/www.periferieprahy.cz\/blog\/wp-content\/uploads\/2025\/04\/ruz_cp32j.jpg\" data-caption=\"2016 - pohled ze stejn\u00e9ho m\u00edsta jako na p\u0159edchoz\u00ed fotce.\"><img loading=\"lazy\" decoding=\"async\" width=\"1058\" height=\"705\" src=\"https:\/\/www.periferieprahy.cz\/blog\/wp-content\/uploads\/2025\/04\/ruz_cp32j.jpg\" class=\"\" alt=\"\" srcset=\"https:\/\/www.periferieprahy.cz\/blog\/wp-content\/uploads\/2025\/04\/ruz_cp32j.jpg 1058w, https:\/\/www.periferieprahy.cz\/blog\/wp-content\/uploads\/2025\/04\/ruz_cp32j-300x200.jpg 300w, https:\/\/www.periferieprahy.cz\/blog\/wp-content\/uploads\/2025\/04\/ruz_cp32j-1024x682.jpg 1024w, https:\/\/www.periferieprahy.cz\/blog\/wp-content\/uploads\/2025\/04\/ruz_cp32j-768x512.jpg 768w\" sizes=\"auto, (max-width: 1058px) 100vw, 1058px\" \/><span>2016 - pohled ze stejn\u00e9ho m\u00edsta jako na p\u0159edchoz\u00ed fotce.<\/span><\/a><\/div><\/div><div class=\"su-image-carousel-item\"><div class=\"su-image-carousel-item-content\"><a href=\"https:\/\/www.periferieprahy.cz\/blog\/wp-content\/uploads\/2025\/04\/ruz_cp32e.jpg\" data-caption=\"Ruzy\u0148sk\u00fd ml\u00fdn 2009. Vchod do ml\u00fdna s  \u010d\u00e1ste\u010dn\u011b dochovanou dla\u017ebou.\"><img loading=\"lazy\" decoding=\"async\" width=\"1200\" height=\"1600\" src=\"https:\/\/www.periferieprahy.cz\/blog\/wp-content\/uploads\/2025\/04\/ruz_cp32e.jpg\" class=\"\" alt=\"\" srcset=\"https:\/\/www.periferieprahy.cz\/blog\/wp-content\/uploads\/2025\/04\/ruz_cp32e.jpg 1200w, https:\/\/www.periferieprahy.cz\/blog\/wp-content\/uploads\/2025\/04\/ruz_cp32e-225x300.jpg 225w, https:\/\/www.periferieprahy.cz\/blog\/wp-content\/uploads\/2025\/04\/ruz_cp32e-768x1024.jpg 768w, https:\/\/www.periferieprahy.cz\/blog\/wp-content\/uploads\/2025\/04\/ruz_cp32e-1152x1536.jpg 1152w\" sizes=\"auto, (max-width: 1200px) 100vw, 1200px\" \/><span>Ruzy\u0148sk\u00fd ml\u00fdn 2009. Vchod do ml\u00fdna s  \u010d\u00e1ste\u010dn\u011b dochovanou dla\u017ebou.<\/span><\/a><\/div><\/div><div class=\"su-image-carousel-item\"><div class=\"su-image-carousel-item-content\"><a href=\"https:\/\/www.periferieprahy.cz\/blog\/wp-content\/uploads\/2025\/04\/ruz_cp32d.jpg\" data-caption=\"Ruzy\u0148sk\u00fd ml\u00fdn 2009. Dochovalo se prav\u00e9 sklepn\u00ed zam\u0159\u00ed\u017eovan\u00e9 okno vedle vchodu. Lev\u00e9 okno je patrn\u00e9 na fotografi\u00edch a vyobrazen\u00edch. Za lou\u017e\u00ed, kter\u00e1 zde vznikla ve v\u00fdkopu, je pod nav\u00e1\u017ekou  patrn\u00e9 kamenn\u00e9 zdivo n\u00e1honu.\"><img loading=\"lazy\" decoding=\"async\" width=\"1004\" height=\"1578\" src=\"https:\/\/www.periferieprahy.cz\/blog\/wp-content\/uploads\/2025\/04\/ruz_cp32d.jpg\" class=\"\" alt=\"\" srcset=\"https:\/\/www.periferieprahy.cz\/blog\/wp-content\/uploads\/2025\/04\/ruz_cp32d.jpg 1004w, https:\/\/www.periferieprahy.cz\/blog\/wp-content\/uploads\/2025\/04\/ruz_cp32d-191x300.jpg 191w, https:\/\/www.periferieprahy.cz\/blog\/wp-content\/uploads\/2025\/04\/ruz_cp32d-652x1024.jpg 652w, https:\/\/www.periferieprahy.cz\/blog\/wp-content\/uploads\/2025\/04\/ruz_cp32d-768x1207.jpg 768w, https:\/\/www.periferieprahy.cz\/blog\/wp-content\/uploads\/2025\/04\/ruz_cp32d-977x1536.jpg 977w\" sizes=\"auto, (max-width: 1004px) 100vw, 1004px\" \/><span>Ruzy\u0148sk\u00fd ml\u00fdn 2009. Dochovalo se prav\u00e9 sklepn\u00ed zam\u0159\u00ed\u017eovan\u00e9 okno vedle vchodu. Lev\u00e9 okno je patrn\u00e9 na fotografi\u00edch a vyobrazen\u00edch. Za lou\u017e\u00ed, kter\u00e1 zde vznikla ve v\u00fdkopu, je pod nav\u00e1\u017ekou  patrn\u00e9 kamenn\u00e9 zdivo n\u00e1honu.<\/span><\/a><\/div><\/div><div class=\"su-image-carousel-item\"><div class=\"su-image-carousel-item-content\"><a href=\"https:\/\/www.periferieprahy.cz\/blog\/wp-content\/uploads\/2025\/04\/ruz_cp32c.jpg\" data-caption=\"Toto jsou zbytky ruzy\u0148sk\u00e9ho ml\u00fdna odkryt\u00e9 na podzim roku 2009 v r\u00e1mci archeologick\u00e9ho pr\u016fzkumu p\u0159ed zah\u00e1jen\u00edm stavby objektu, kter\u00fd je dnes p\u0159esn\u011b v m\u00edst\u011b, kde ml\u00fdn st\u00e1val.\"><img loading=\"lazy\" decoding=\"async\" width=\"872\" height=\"968\" src=\"https:\/\/www.periferieprahy.cz\/blog\/wp-content\/uploads\/2025\/04\/ruz_cp32c.jpg\" class=\"\" alt=\"\" srcset=\"https:\/\/www.periferieprahy.cz\/blog\/wp-content\/uploads\/2025\/04\/ruz_cp32c.jpg 872w, https:\/\/www.periferieprahy.cz\/blog\/wp-content\/uploads\/2025\/04\/ruz_cp32c-270x300.jpg 270w, https:\/\/www.periferieprahy.cz\/blog\/wp-content\/uploads\/2025\/04\/ruz_cp32c-768x853.jpg 768w\" sizes=\"auto, (max-width: 872px) 100vw, 872px\" \/><span>Toto jsou zbytky ruzy\u0148sk\u00e9ho ml\u00fdna odkryt\u00e9 na podzim roku 2009 v r\u00e1mci archeologick\u00e9ho pr\u016fzkumu p\u0159ed zah\u00e1jen\u00edm stavby objektu, kter\u00fd je dnes p\u0159esn\u011b v m\u00edst\u011b, kde ml\u00fdn st\u00e1val.<\/span><\/a><\/div><\/div><\/div><script id=\"su_image_carousel_69f31c2b303ec_script\">if(window.SUImageCarousel){setTimeout(function() {window.SUImageCarousel.initGallery(document.getElementById(\"su_image_carousel_69f31c2b303ec\"))}, 0);}var su_image_carousel_69f31c2b303ec_script=document.getElementById(\"su_image_carousel_69f31c2b303ec_script\");if(su_image_carousel_69f31c2b303ec_script){su_image_carousel_69f31c2b303ec_script.parentNode.removeChild(su_image_carousel_69f31c2b303ec_script);}<\/script>\n\n\n\n<h2 class=\"wp-block-heading has-text-align-center\"><strong>Mlyn\u00e1\u0159i a jejich potomci<\/strong><\/h2>\n\n\n<div class=\"wp-block-image\">\n<figure data-wp-context=\"{&quot;imageId&quot;:&quot;69f31c2b242db&quot;}\" data-wp-interactive=\"core\/image\" data-wp-key=\"69f31c2b242db\" class=\"aligncenter size-full wp-lightbox-container\" id=\"vaclav_anna1775\"><img loading=\"lazy\" decoding=\"async\" width=\"885\" height=\"330\" data-wp-class--hide=\"state.isContentHidden\" data-wp-class--show=\"state.isContentVisible\" data-wp-init=\"callbacks.setButtonStyles\" data-wp-on--click=\"actions.showLightbox\" data-wp-on--load=\"callbacks.setButtonStyles\" data-wp-on-window--resize=\"callbacks.setButtonStyles\" src=\"https:\/\/www.periferieprahy.cz\/blog\/wp-content\/uploads\/2025\/04\/ruz_cp32_6.jpg\" alt=\"\" class=\"wp-image-2844\" srcset=\"https:\/\/www.periferieprahy.cz\/blog\/wp-content\/uploads\/2025\/04\/ruz_cp32_6.jpg 885w, https:\/\/www.periferieprahy.cz\/blog\/wp-content\/uploads\/2025\/04\/ruz_cp32_6-300x112.jpg 300w, https:\/\/www.periferieprahy.cz\/blog\/wp-content\/uploads\/2025\/04\/ruz_cp32_6-768x286.jpg 768w\" sizes=\"auto, (max-width: 885px) 100vw, 885px\" \/><button\n\t\t\tclass=\"lightbox-trigger\"\n\t\t\ttype=\"button\"\n\t\t\taria-haspopup=\"dialog\"\n\t\t\taria-label=\"Zv\u011bt\u0161it\"\n\t\t\tdata-wp-init=\"callbacks.initTriggerButton\"\n\t\t\tdata-wp-on--click=\"actions.showLightbox\"\n\t\t\tdata-wp-style--right=\"state.imageButtonRight\"\n\t\t\tdata-wp-style--top=\"state.imageButtonTop\"\n\t\t>\n\t\t\t<svg xmlns=\"http:\/\/www.w3.org\/2000\/svg\" width=\"12\" height=\"12\" fill=\"none\" viewBox=\"0 0 12 12\">\n\t\t\t\t<path fill=\"#fff\" d=\"M2 0a2 2 0 0 0-2 2v2h1.5V2a.5.5 0 0 1 .5-.5h2V0H2Zm2 10.5H2a.5.5 0 0 1-.5-.5V8H0v2a2 2 0 0 0 2 2h2v-1.5ZM8 12v-1.5h2a.5.5 0 0 0 .5-.5V8H12v2a2 2 0 0 1-2 2H8Zm2-12a2 2 0 0 1 2 2v2h-1.5V2a.5.5 0 0 0-.5-.5H8V0h2Z\" \/>\n\t\t\t<\/svg>\n\t\t<\/button><figcaption class=\"wp-element-caption\">\u221e7.2.1775; \u017eenich <strong>V\u00e1clav Nejtek, mlyn\u00e1\u0159 <\/strong>z Roztok, vdovec, nev\u011bsta Anna Kl\u00edmov\u00e1<\/figcaption><\/figure>\n<\/div>\n\n<div class=\"wp-block-image\">\n<figure data-wp-context=\"{&quot;imageId&quot;:&quot;69f31c2b24808&quot;}\" data-wp-interactive=\"core\/image\" data-wp-key=\"69f31c2b24808\" class=\"aligncenter size-full wp-lightbox-container\" id=\"frantisek1781\"><img loading=\"lazy\" decoding=\"async\" width=\"1015\" height=\"138\" data-wp-class--hide=\"state.isContentHidden\" data-wp-class--show=\"state.isContentVisible\" data-wp-init=\"callbacks.setButtonStyles\" data-wp-on--click=\"actions.showLightbox\" data-wp-on--load=\"callbacks.setButtonStyles\" data-wp-on-window--resize=\"callbacks.setButtonStyles\" src=\"https:\/\/www.periferieprahy.cz\/blog\/wp-content\/uploads\/2025\/04\/ruz_cp32_2.jpg\" alt=\"\" class=\"wp-image-2840\" srcset=\"https:\/\/www.periferieprahy.cz\/blog\/wp-content\/uploads\/2025\/04\/ruz_cp32_2.jpg 1015w, https:\/\/www.periferieprahy.cz\/blog\/wp-content\/uploads\/2025\/04\/ruz_cp32_2-300x41.jpg 300w, https:\/\/www.periferieprahy.cz\/blog\/wp-content\/uploads\/2025\/04\/ruz_cp32_2-768x104.jpg 768w\" sizes=\"auto, (max-width: 1015px) 100vw, 1015px\" \/><button\n\t\t\tclass=\"lightbox-trigger\"\n\t\t\ttype=\"button\"\n\t\t\taria-haspopup=\"dialog\"\n\t\t\taria-label=\"Zv\u011bt\u0161it\"\n\t\t\tdata-wp-init=\"callbacks.initTriggerButton\"\n\t\t\tdata-wp-on--click=\"actions.showLightbox\"\n\t\t\tdata-wp-style--right=\"state.imageButtonRight\"\n\t\t\tdata-wp-style--top=\"state.imageButtonTop\"\n\t\t>\n\t\t\t<svg xmlns=\"http:\/\/www.w3.org\/2000\/svg\" width=\"12\" height=\"12\" fill=\"none\" viewBox=\"0 0 12 12\">\n\t\t\t\t<path fill=\"#fff\" d=\"M2 0a2 2 0 0 0-2 2v2h1.5V2a.5.5 0 0 1 .5-.5h2V0H2Zm2 10.5H2a.5.5 0 0 1-.5-.5V8H0v2a2 2 0 0 0 2 2h2v-1.5ZM8 12v-1.5h2a.5.5 0 0 0 .5-.5V8H12v2a2 2 0 0 1-2 2H8Zm2-12a2 2 0 0 1 2 2v2h-1.5V2a.5.5 0 0 0-.5-.5H8V0h2Z\" \/>\n\t\t\t<\/svg>\n\t\t<\/button><figcaption class=\"wp-element-caption\">Franti\u0161ek *26.2.1781; otec <strong>V\u00e1clav Nejtek mlyn\u00e1\u0159 [molitor],<\/strong> matka Anna (Kl\u00edmov\u00e1).<\/figcaption><\/figure>\n<\/div>\n\n\n<figure data-wp-context=\"{&quot;imageId&quot;:&quot;69f31c2b24cb8&quot;}\" data-wp-interactive=\"core\/image\" data-wp-key=\"69f31c2b24cb8\" class=\"wp-block-image size-large wp-lightbox-container\" id=\"frantisek1790\"><img loading=\"lazy\" decoding=\"async\" width=\"1024\" height=\"104\" data-wp-class--hide=\"state.isContentHidden\" data-wp-class--show=\"state.isContentVisible\" data-wp-init=\"callbacks.setButtonStyles\" data-wp-on--click=\"actions.showLightbox\" data-wp-on--load=\"callbacks.setButtonStyles\" data-wp-on-window--resize=\"callbacks.setButtonStyles\" src=\"https:\/\/www.periferieprahy.cz\/blog\/wp-content\/uploads\/2025\/04\/ruz_cp32_7-1024x104.jpg\" alt=\"\" class=\"wp-image-2845\" srcset=\"https:\/\/www.periferieprahy.cz\/blog\/wp-content\/uploads\/2025\/04\/ruz_cp32_7-1024x104.jpg 1024w, https:\/\/www.periferieprahy.cz\/blog\/wp-content\/uploads\/2025\/04\/ruz_cp32_7-300x31.jpg 300w, https:\/\/www.periferieprahy.cz\/blog\/wp-content\/uploads\/2025\/04\/ruz_cp32_7-768x78.jpg 768w, https:\/\/www.periferieprahy.cz\/blog\/wp-content\/uploads\/2025\/04\/ruz_cp32_7.jpg 1059w\" sizes=\"auto, (max-width: 1024px) 100vw, 1024px\" \/><button\n\t\t\tclass=\"lightbox-trigger\"\n\t\t\ttype=\"button\"\n\t\t\taria-haspopup=\"dialog\"\n\t\t\taria-label=\"Zv\u011bt\u0161it\"\n\t\t\tdata-wp-init=\"callbacks.initTriggerButton\"\n\t\t\tdata-wp-on--click=\"actions.showLightbox\"\n\t\t\tdata-wp-style--right=\"state.imageButtonRight\"\n\t\t\tdata-wp-style--top=\"state.imageButtonTop\"\n\t\t>\n\t\t\t<svg xmlns=\"http:\/\/www.w3.org\/2000\/svg\" width=\"12\" height=\"12\" fill=\"none\" viewBox=\"0 0 12 12\">\n\t\t\t\t<path fill=\"#fff\" d=\"M2 0a2 2 0 0 0-2 2v2h1.5V2a.5.5 0 0 1 .5-.5h2V0H2Zm2 10.5H2a.5.5 0 0 1-.5-.5V8H0v2a2 2 0 0 0 2 2h2v-1.5ZM8 12v-1.5h2a.5.5 0 0 0 .5-.5V8H12v2a2 2 0 0 1-2 2H8Zm2-12a2 2 0 0 1 2 2v2h-1.5V2a.5.5 0 0 0-.5-.5H8V0h2Z\" \/>\n\t\t\t<\/svg>\n\t\t<\/button><figcaption class=\"wp-element-caption\">Franti\u0161ek *28.4.1790; <strong>otec Josef Kl\u00edma, mlyn\u00e1\u0159<\/strong> matka Eva rozen\u00e1 Kejhov\u00e1<\/figcaption><\/figure>\n\n\n<div class=\"wp-block-image\">\n<figure data-wp-context=\"{&quot;imageId&quot;:&quot;69f31c2b251b9&quot;}\" data-wp-interactive=\"core\/image\" data-wp-key=\"69f31c2b251b9\" class=\"aligncenter size-large wp-lightbox-container\" id=\"josef1792\"><img loading=\"lazy\" decoding=\"async\" width=\"1024\" height=\"113\" data-wp-class--hide=\"state.isContentHidden\" data-wp-class--show=\"state.isContentVisible\" data-wp-init=\"callbacks.setButtonStyles\" data-wp-on--click=\"actions.showLightbox\" data-wp-on--load=\"callbacks.setButtonStyles\" data-wp-on-window--resize=\"callbacks.setButtonStyles\" src=\"https:\/\/www.periferieprahy.cz\/blog\/wp-content\/uploads\/2025\/04\/ruz_cp32_8-1024x113.jpg\" alt=\"\" class=\"wp-image-2846\" srcset=\"https:\/\/www.periferieprahy.cz\/blog\/wp-content\/uploads\/2025\/04\/ruz_cp32_8-1024x113.jpg 1024w, https:\/\/www.periferieprahy.cz\/blog\/wp-content\/uploads\/2025\/04\/ruz_cp32_8-300x33.jpg 300w, https:\/\/www.periferieprahy.cz\/blog\/wp-content\/uploads\/2025\/04\/ruz_cp32_8-768x85.jpg 768w, https:\/\/www.periferieprahy.cz\/blog\/wp-content\/uploads\/2025\/04\/ruz_cp32_8.jpg 1086w\" sizes=\"auto, (max-width: 1024px) 100vw, 1024px\" \/><button\n\t\t\tclass=\"lightbox-trigger\"\n\t\t\ttype=\"button\"\n\t\t\taria-haspopup=\"dialog\"\n\t\t\taria-label=\"Zv\u011bt\u0161it\"\n\t\t\tdata-wp-init=\"callbacks.initTriggerButton\"\n\t\t\tdata-wp-on--click=\"actions.showLightbox\"\n\t\t\tdata-wp-style--right=\"state.imageButtonRight\"\n\t\t\tdata-wp-style--top=\"state.imageButtonTop\"\n\t\t>\n\t\t\t<svg xmlns=\"http:\/\/www.w3.org\/2000\/svg\" width=\"12\" height=\"12\" fill=\"none\" viewBox=\"0 0 12 12\">\n\t\t\t\t<path fill=\"#fff\" d=\"M2 0a2 2 0 0 0-2 2v2h1.5V2a.5.5 0 0 1 .5-.5h2V0H2Zm2 10.5H2a.5.5 0 0 1-.5-.5V8H0v2a2 2 0 0 0 2 2h2v-1.5ZM8 12v-1.5h2a.5.5 0 0 0 .5-.5V8H12v2a2 2 0 0 1-2 2H8Zm2-12a2 2 0 0 1 2 2v2h-1.5V2a.5.5 0 0 0-.5-.5H8V0h2Z\" \/>\n\t\t\t<\/svg>\n\t\t<\/button><figcaption class=\"wp-element-caption\">Josef *28.3.1792; otec <strong>Josef Kl\u00edma, mlyn\u00e1\u0159<\/strong> matka Eva rozen\u00e1 Kejhov\u00e1<\/figcaption><\/figure>\n<\/div>\n\n<div class=\"wp-block-image\">\n<figure data-wp-context=\"{&quot;imageId&quot;:&quot;69f31c2b2565c&quot;}\" data-wp-interactive=\"core\/image\" data-wp-key=\"69f31c2b2565c\" class=\"aligncenter size-full wp-lightbox-container\" id=\"jan1793\"><img loading=\"lazy\" decoding=\"async\" width=\"993\" height=\"111\" data-wp-class--hide=\"state.isContentHidden\" data-wp-class--show=\"state.isContentVisible\" data-wp-init=\"callbacks.setButtonStyles\" data-wp-on--click=\"actions.showLightbox\" data-wp-on--load=\"callbacks.setButtonStyles\" data-wp-on-window--resize=\"callbacks.setButtonStyles\" src=\"https:\/\/www.periferieprahy.cz\/blog\/wp-content\/uploads\/2025\/04\/ruz_cp32_9.jpg\" alt=\"\" class=\"wp-image-2847\" srcset=\"https:\/\/www.periferieprahy.cz\/blog\/wp-content\/uploads\/2025\/04\/ruz_cp32_9.jpg 993w, https:\/\/www.periferieprahy.cz\/blog\/wp-content\/uploads\/2025\/04\/ruz_cp32_9-300x34.jpg 300w, https:\/\/www.periferieprahy.cz\/blog\/wp-content\/uploads\/2025\/04\/ruz_cp32_9-768x86.jpg 768w\" sizes=\"auto, (max-width: 993px) 100vw, 993px\" \/><button\n\t\t\tclass=\"lightbox-trigger\"\n\t\t\ttype=\"button\"\n\t\t\taria-haspopup=\"dialog\"\n\t\t\taria-label=\"Zv\u011bt\u0161it\"\n\t\t\tdata-wp-init=\"callbacks.initTriggerButton\"\n\t\t\tdata-wp-on--click=\"actions.showLightbox\"\n\t\t\tdata-wp-style--right=\"state.imageButtonRight\"\n\t\t\tdata-wp-style--top=\"state.imageButtonTop\"\n\t\t>\n\t\t\t<svg xmlns=\"http:\/\/www.w3.org\/2000\/svg\" width=\"12\" height=\"12\" fill=\"none\" viewBox=\"0 0 12 12\">\n\t\t\t\t<path fill=\"#fff\" d=\"M2 0a2 2 0 0 0-2 2v2h1.5V2a.5.5 0 0 1 .5-.5h2V0H2Zm2 10.5H2a.5.5 0 0 1-.5-.5V8H0v2a2 2 0 0 0 2 2h2v-1.5ZM8 12v-1.5h2a.5.5 0 0 0 .5-.5V8H12v2a2 2 0 0 1-2 2H8Zm2-12a2 2 0 0 1 2 2v2h-1.5V2a.5.5 0 0 0-.5-.5H8V0h2Z\" \/>\n\t\t\t<\/svg>\n\t\t<\/button><figcaption class=\"wp-element-caption\">Jan *29.12.1793; otec Josef Kl\u00edma, mlyn\u00e1\u0159 matka Eva rozen\u00e1 Kejhov\u00e1<\/figcaption><\/figure>\n<\/div>\n\n<div class=\"wp-block-image\">\n<figure data-wp-context=\"{&quot;imageId&quot;:&quot;69f31c2b25ad8&quot;}\" data-wp-interactive=\"core\/image\" data-wp-key=\"69f31c2b25ad8\" class=\"aligncenter size-full is-resized wp-lightbox-container\" id=\"tomas1795\"><img loading=\"lazy\" decoding=\"async\" width=\"739\" height=\"207\" data-wp-class--hide=\"state.isContentHidden\" data-wp-class--show=\"state.isContentVisible\" data-wp-init=\"callbacks.setButtonStyles\" data-wp-on--click=\"actions.showLightbox\" data-wp-on--load=\"callbacks.setButtonStyles\" data-wp-on-window--resize=\"callbacks.setButtonStyles\" src=\"https:\/\/www.periferieprahy.cz\/blog\/wp-content\/uploads\/2025\/04\/ruz_cp32_10.jpg\" alt=\"\" class=\"wp-image-2848\" style=\"width:863px;height:auto\" srcset=\"https:\/\/www.periferieprahy.cz\/blog\/wp-content\/uploads\/2025\/04\/ruz_cp32_10.jpg 739w, https:\/\/www.periferieprahy.cz\/blog\/wp-content\/uploads\/2025\/04\/ruz_cp32_10-300x84.jpg 300w\" sizes=\"auto, (max-width: 739px) 100vw, 739px\" \/><button\n\t\t\tclass=\"lightbox-trigger\"\n\t\t\ttype=\"button\"\n\t\t\taria-haspopup=\"dialog\"\n\t\t\taria-label=\"Zv\u011bt\u0161it\"\n\t\t\tdata-wp-init=\"callbacks.initTriggerButton\"\n\t\t\tdata-wp-on--click=\"actions.showLightbox\"\n\t\t\tdata-wp-style--right=\"state.imageButtonRight\"\n\t\t\tdata-wp-style--top=\"state.imageButtonTop\"\n\t\t>\n\t\t\t<svg xmlns=\"http:\/\/www.w3.org\/2000\/svg\" width=\"12\" height=\"12\" fill=\"none\" viewBox=\"0 0 12 12\">\n\t\t\t\t<path fill=\"#fff\" d=\"M2 0a2 2 0 0 0-2 2v2h1.5V2a.5.5 0 0 1 .5-.5h2V0H2Zm2 10.5H2a.5.5 0 0 1-.5-.5V8H0v2a2 2 0 0 0 2 2h2v-1.5ZM8 12v-1.5h2a.5.5 0 0 0 .5-.5V8H12v2a2 2 0 0 1-2 2H8Zm2-12a2 2 0 0 1 2 2v2h-1.5V2a.5.5 0 0 0-.5-.5H8V0h2Z\" \/>\n\t\t\t<\/svg>\n\t\t<\/button><figcaption class=\"wp-element-caption\">Tom\u00e1\u0161 *22.12.1795; otec <strong>Josef Kl\u00edma, mlyn\u00e1\u0159<\/strong> matka Eva dcera Jana Kejhy \u0161enk\u00fd\u0159e ze Stod\u016flek a matky Kate\u0159iny<\/figcaption><\/figure>\n<\/div>\n\n<div class=\"wp-block-image\">\n<figure data-wp-context=\"{&quot;imageId&quot;:&quot;69f31c2b25fde&quot;}\" data-wp-interactive=\"core\/image\" data-wp-key=\"69f31c2b25fde\" class=\"aligncenter size-large wp-lightbox-container\" id=\"josef1802\"><img loading=\"lazy\" decoding=\"async\" width=\"1024\" height=\"460\" data-wp-class--hide=\"state.isContentHidden\" data-wp-class--show=\"state.isContentVisible\" data-wp-init=\"callbacks.setButtonStyles\" data-wp-on--click=\"actions.showLightbox\" data-wp-on--load=\"callbacks.setButtonStyles\" data-wp-on-window--resize=\"callbacks.setButtonStyles\" src=\"https:\/\/www.periferieprahy.cz\/blog\/wp-content\/uploads\/2025\/04\/ruz_cp32_11-1024x460.jpg\" alt=\"\" class=\"wp-image-2849\" srcset=\"https:\/\/www.periferieprahy.cz\/blog\/wp-content\/uploads\/2025\/04\/ruz_cp32_11-1024x460.jpg 1024w, https:\/\/www.periferieprahy.cz\/blog\/wp-content\/uploads\/2025\/04\/ruz_cp32_11-300x135.jpg 300w, https:\/\/www.periferieprahy.cz\/blog\/wp-content\/uploads\/2025\/04\/ruz_cp32_11-768x345.jpg 768w, https:\/\/www.periferieprahy.cz\/blog\/wp-content\/uploads\/2025\/04\/ruz_cp32_11.jpg 1081w\" sizes=\"auto, (max-width: 1024px) 100vw, 1024px\" \/><button\n\t\t\tclass=\"lightbox-trigger\"\n\t\t\ttype=\"button\"\n\t\t\taria-haspopup=\"dialog\"\n\t\t\taria-label=\"Zv\u011bt\u0161it\"\n\t\t\tdata-wp-init=\"callbacks.initTriggerButton\"\n\t\t\tdata-wp-on--click=\"actions.showLightbox\"\n\t\t\tdata-wp-style--right=\"state.imageButtonRight\"\n\t\t\tdata-wp-style--top=\"state.imageButtonTop\"\n\t\t>\n\t\t\t<svg xmlns=\"http:\/\/www.w3.org\/2000\/svg\" width=\"12\" height=\"12\" fill=\"none\" viewBox=\"0 0 12 12\">\n\t\t\t\t<path fill=\"#fff\" d=\"M2 0a2 2 0 0 0-2 2v2h1.5V2a.5.5 0 0 1 .5-.5h2V0H2Zm2 10.5H2a.5.5 0 0 1-.5-.5V8H0v2a2 2 0 0 0 2 2h2v-1.5ZM8 12v-1.5h2a.5.5 0 0 0 .5-.5V8H12v2a2 2 0 0 1-2 2H8Zm2-12a2 2 0 0 1 2 2v2h-1.5V2a.5.5 0 0 0-.5-.5H8V0h2Z\" \/>\n\t\t\t<\/svg>\n\t\t<\/button><figcaption class=\"wp-element-caption\">Josef *9.5.1802; otec <strong>Josef Kl\u00edma, mlyn\u00e1\u0159<\/strong> matka Eva rozen\u00e1 Kejhov\u00e1 ze Stod\u016flek<\/figcaption><\/figure>\n<\/div>\n\n<div class=\"wp-block-image\">\n<figure data-wp-context=\"{&quot;imageId&quot;:&quot;69f31c2b2659b&quot;}\" data-wp-interactive=\"core\/image\" data-wp-key=\"69f31c2b2659b\" class=\"aligncenter size-large wp-lightbox-container\" id=\"petr1807\"><img loading=\"lazy\" decoding=\"async\" width=\"1024\" height=\"237\" data-wp-class--hide=\"state.isContentHidden\" data-wp-class--show=\"state.isContentVisible\" data-wp-init=\"callbacks.setButtonStyles\" data-wp-on--click=\"actions.showLightbox\" data-wp-on--load=\"callbacks.setButtonStyles\" data-wp-on-window--resize=\"callbacks.setButtonStyles\" src=\"https:\/\/www.periferieprahy.cz\/blog\/wp-content\/uploads\/2025\/04\/ruz_cp32_12-1024x237.jpg\" alt=\"\" class=\"wp-image-2850\" srcset=\"https:\/\/www.periferieprahy.cz\/blog\/wp-content\/uploads\/2025\/04\/ruz_cp32_12-1024x237.jpg 1024w, https:\/\/www.periferieprahy.cz\/blog\/wp-content\/uploads\/2025\/04\/ruz_cp32_12-300x70.jpg 300w, https:\/\/www.periferieprahy.cz\/blog\/wp-content\/uploads\/2025\/04\/ruz_cp32_12-768x178.jpg 768w, https:\/\/www.periferieprahy.cz\/blog\/wp-content\/uploads\/2025\/04\/ruz_cp32_12.jpg 1083w\" sizes=\"auto, (max-width: 1024px) 100vw, 1024px\" \/><button\n\t\t\tclass=\"lightbox-trigger\"\n\t\t\ttype=\"button\"\n\t\t\taria-haspopup=\"dialog\"\n\t\t\taria-label=\"Zv\u011bt\u0161it\"\n\t\t\tdata-wp-init=\"callbacks.initTriggerButton\"\n\t\t\tdata-wp-on--click=\"actions.showLightbox\"\n\t\t\tdata-wp-style--right=\"state.imageButtonRight\"\n\t\t\tdata-wp-style--top=\"state.imageButtonTop\"\n\t\t>\n\t\t\t<svg xmlns=\"http:\/\/www.w3.org\/2000\/svg\" width=\"12\" height=\"12\" fill=\"none\" viewBox=\"0 0 12 12\">\n\t\t\t\t<path fill=\"#fff\" d=\"M2 0a2 2 0 0 0-2 2v2h1.5V2a.5.5 0 0 1 .5-.5h2V0H2Zm2 10.5H2a.5.5 0 0 1-.5-.5V8H0v2a2 2 0 0 0 2 2h2v-1.5ZM8 12v-1.5h2a.5.5 0 0 0 .5-.5V8H12v2a2 2 0 0 1-2 2H8Zm2-12a2 2 0 0 1 2 2v2h-1.5V2a.5.5 0 0 0-.5-.5H8V0h2Z\" \/>\n\t\t\t<\/svg>\n\t\t<\/button><figcaption class=\"wp-element-caption\">Petr *21.5.1807; <strong>otec Josef Kl\u00edma, mlyn\u00e1\u0159<\/strong> matka Eva rozen\u00e1 Kejhov\u00e1 ze Stod\u016flek<\/figcaption><\/figure>\n<\/div>\n\n<div class=\"wp-block-image\">\n<figure data-wp-context=\"{&quot;imageId&quot;:&quot;69f31c2b26aad&quot;}\" data-wp-interactive=\"core\/image\" data-wp-key=\"69f31c2b26aad\" class=\"aligncenter size-large wp-lightbox-container\"><img loading=\"lazy\" decoding=\"async\" width=\"1024\" height=\"270\" data-wp-class--hide=\"state.isContentHidden\" data-wp-class--show=\"state.isContentVisible\" data-wp-init=\"callbacks.setButtonStyles\" data-wp-on--click=\"actions.showLightbox\" data-wp-on--load=\"callbacks.setButtonStyles\" data-wp-on-window--resize=\"callbacks.setButtonStyles\" src=\"https:\/\/www.periferieprahy.cz\/blog\/wp-content\/uploads\/2025\/04\/ruz_cp32_16-1024x270.jpg\" alt=\"\" class=\"wp-image-2854\" srcset=\"https:\/\/www.periferieprahy.cz\/blog\/wp-content\/uploads\/2025\/04\/ruz_cp32_16-1024x270.jpg 1024w, https:\/\/www.periferieprahy.cz\/blog\/wp-content\/uploads\/2025\/04\/ruz_cp32_16-300x79.jpg 300w, https:\/\/www.periferieprahy.cz\/blog\/wp-content\/uploads\/2025\/04\/ruz_cp32_16-768x202.jpg 768w, https:\/\/www.periferieprahy.cz\/blog\/wp-content\/uploads\/2025\/04\/ruz_cp32_16.jpg 1033w\" sizes=\"auto, (max-width: 1024px) 100vw, 1024px\" \/><button\n\t\t\tclass=\"lightbox-trigger\"\n\t\t\ttype=\"button\"\n\t\t\taria-haspopup=\"dialog\"\n\t\t\taria-label=\"Zv\u011bt\u0161it\"\n\t\t\tdata-wp-init=\"callbacks.initTriggerButton\"\n\t\t\tdata-wp-on--click=\"actions.showLightbox\"\n\t\t\tdata-wp-style--right=\"state.imageButtonRight\"\n\t\t\tdata-wp-style--top=\"state.imageButtonTop\"\n\t\t>\n\t\t\t<svg xmlns=\"http:\/\/www.w3.org\/2000\/svg\" width=\"12\" height=\"12\" fill=\"none\" viewBox=\"0 0 12 12\">\n\t\t\t\t<path fill=\"#fff\" d=\"M2 0a2 2 0 0 0-2 2v2h1.5V2a.5.5 0 0 1 .5-.5h2V0H2Zm2 10.5H2a.5.5 0 0 1-.5-.5V8H0v2a2 2 0 0 0 2 2h2v-1.5ZM8 12v-1.5h2a.5.5 0 0 0 .5-.5V8H12v2a2 2 0 0 1-2 2H8Zm2-12a2 2 0 0 1 2 2v2h-1.5V2a.5.5 0 0 0-.5-.5H8V0h2Z\" \/>\n\t\t\t<\/svg>\n\t\t<\/button><\/figure>\n<\/div>\n\n<div class=\"wp-block-image\">\n<figure data-wp-context=\"{&quot;imageId&quot;:&quot;69f31c2b26f6e&quot;}\" data-wp-interactive=\"core\/image\" data-wp-key=\"69f31c2b26f6e\" class=\"aligncenter size-full wp-lightbox-container\" id=\"frantisek_apolena1815\"><img loading=\"lazy\" decoding=\"async\" width=\"947\" height=\"283\" data-wp-class--hide=\"state.isContentHidden\" data-wp-class--show=\"state.isContentVisible\" data-wp-init=\"callbacks.setButtonStyles\" data-wp-on--click=\"actions.showLightbox\" data-wp-on--load=\"callbacks.setButtonStyles\" data-wp-on-window--resize=\"callbacks.setButtonStyles\" src=\"https:\/\/www.periferieprahy.cz\/blog\/wp-content\/uploads\/2025\/04\/ruz_cp32_17.jpg\" alt=\"\" class=\"wp-image-2855\" srcset=\"https:\/\/www.periferieprahy.cz\/blog\/wp-content\/uploads\/2025\/04\/ruz_cp32_17.jpg 947w, https:\/\/www.periferieprahy.cz\/blog\/wp-content\/uploads\/2025\/04\/ruz_cp32_17-300x90.jpg 300w, https:\/\/www.periferieprahy.cz\/blog\/wp-content\/uploads\/2025\/04\/ruz_cp32_17-768x230.jpg 768w\" sizes=\"auto, (max-width: 947px) 100vw, 947px\" \/><button\n\t\t\tclass=\"lightbox-trigger\"\n\t\t\ttype=\"button\"\n\t\t\taria-haspopup=\"dialog\"\n\t\t\taria-label=\"Zv\u011bt\u0161it\"\n\t\t\tdata-wp-init=\"callbacks.initTriggerButton\"\n\t\t\tdata-wp-on--click=\"actions.showLightbox\"\n\t\t\tdata-wp-style--right=\"state.imageButtonRight\"\n\t\t\tdata-wp-style--top=\"state.imageButtonTop\"\n\t\t>\n\t\t\t<svg xmlns=\"http:\/\/www.w3.org\/2000\/svg\" width=\"12\" height=\"12\" fill=\"none\" viewBox=\"0 0 12 12\">\n\t\t\t\t<path fill=\"#fff\" d=\"M2 0a2 2 0 0 0-2 2v2h1.5V2a.5.5 0 0 1 .5-.5h2V0H2Zm2 10.5H2a.5.5 0 0 1-.5-.5V8H0v2a2 2 0 0 0 2 2h2v-1.5ZM8 12v-1.5h2a.5.5 0 0 0 .5-.5V8H12v2a2 2 0 0 1-2 2H8Zm2-12a2 2 0 0 1 2 2v2h-1.5V2a.5.5 0 0 0-.5-.5H8V0h2Z\" \/>\n\t\t\t<\/svg>\n\t\t<\/button><figcaption class=\"wp-element-caption\"><strong>Liboc \u010d. 36<\/strong>; \u221e3.1.1815; \u017eenich <strong>Franti\u0161ek<\/strong>, poz\u016fstal\u00fd vlastn\u00ed syn po<strong> Josefu Kl\u00edmovi mistru mlyn\u00e1\u0159sk\u00e9m<\/strong>, v\u011bk 24 let; nev\u011bsta Apolena, vlastn\u00ed dcera <strong>Jana Kubra, \u0161enk\u00fd\u0159e z Liboce <\/strong>v\u011bk 31 let.  <\/figcaption><\/figure>\n<\/div>\n\n<div class=\"wp-block-image\">\n<figure data-wp-context=\"{&quot;imageId&quot;:&quot;69f31c2b2740a&quot;}\" data-wp-interactive=\"core\/image\" data-wp-key=\"69f31c2b2740a\" class=\"aligncenter size-full wp-lightbox-container\" id=\"josef1816\"><img loading=\"lazy\" decoding=\"async\" width=\"1004\" height=\"365\" data-wp-class--hide=\"state.isContentHidden\" data-wp-class--show=\"state.isContentVisible\" data-wp-init=\"callbacks.setButtonStyles\" data-wp-on--click=\"actions.showLightbox\" data-wp-on--load=\"callbacks.setButtonStyles\" data-wp-on-window--resize=\"callbacks.setButtonStyles\" src=\"https:\/\/www.periferieprahy.cz\/blog\/wp-content\/uploads\/2025\/04\/ruz_cp32_13.jpg\" alt=\"\" class=\"wp-image-2851\" srcset=\"https:\/\/www.periferieprahy.cz\/blog\/wp-content\/uploads\/2025\/04\/ruz_cp32_13.jpg 1004w, https:\/\/www.periferieprahy.cz\/blog\/wp-content\/uploads\/2025\/04\/ruz_cp32_13-300x109.jpg 300w, https:\/\/www.periferieprahy.cz\/blog\/wp-content\/uploads\/2025\/04\/ruz_cp32_13-768x279.jpg 768w\" sizes=\"auto, (max-width: 1004px) 100vw, 1004px\" \/><button\n\t\t\tclass=\"lightbox-trigger\"\n\t\t\ttype=\"button\"\n\t\t\taria-haspopup=\"dialog\"\n\t\t\taria-label=\"Zv\u011bt\u0161it\"\n\t\t\tdata-wp-init=\"callbacks.initTriggerButton\"\n\t\t\tdata-wp-on--click=\"actions.showLightbox\"\n\t\t\tdata-wp-style--right=\"state.imageButtonRight\"\n\t\t\tdata-wp-style--top=\"state.imageButtonTop\"\n\t\t>\n\t\t\t<svg xmlns=\"http:\/\/www.w3.org\/2000\/svg\" width=\"12\" height=\"12\" fill=\"none\" viewBox=\"0 0 12 12\">\n\t\t\t\t<path fill=\"#fff\" d=\"M2 0a2 2 0 0 0-2 2v2h1.5V2a.5.5 0 0 1 .5-.5h2V0H2Zm2 10.5H2a.5.5 0 0 1-.5-.5V8H0v2a2 2 0 0 0 2 2h2v-1.5ZM8 12v-1.5h2a.5.5 0 0 0 .5-.5V8H12v2a2 2 0 0 1-2 2H8Zm2-12a2 2 0 0 1 2 2v2h-1.5V2a.5.5 0 0 0-.5-.5H8V0h2Z\" \/>\n\t\t\t<\/svg>\n\t\t<\/button><figcaption class=\"wp-element-caption\">Josef *22.12.1816; otec <strong>Franti\u0161ek Kl\u00edma, mlyn\u00e1\u0159 ruzy\u0148sk\u00fd<\/strong>, matka Apolena rozen\u00e1 Kubrov\u00e1 z Ruzyn\u011b N. 36 [ m\u00e1 b\u00fdt z Liboce N. 36]<\/figcaption><\/figure>\n<\/div>\n\n<div class=\"wp-block-image\">\n<figure data-wp-context=\"{&quot;imageId&quot;:&quot;69f31c2b27870&quot;}\" data-wp-interactive=\"core\/image\" data-wp-key=\"69f31c2b27870\" class=\"aligncenter size-full wp-lightbox-container\" id=\"matej1819\"><img loading=\"lazy\" decoding=\"async\" width=\"975\" height=\"265\" data-wp-class--hide=\"state.isContentHidden\" data-wp-class--show=\"state.isContentVisible\" data-wp-init=\"callbacks.setButtonStyles\" data-wp-on--click=\"actions.showLightbox\" data-wp-on--load=\"callbacks.setButtonStyles\" data-wp-on-window--resize=\"callbacks.setButtonStyles\" src=\"https:\/\/www.periferieprahy.cz\/blog\/wp-content\/uploads\/2025\/04\/ruz_cp32_14.jpg\" alt=\"\" class=\"wp-image-2852\" srcset=\"https:\/\/www.periferieprahy.cz\/blog\/wp-content\/uploads\/2025\/04\/ruz_cp32_14.jpg 975w, https:\/\/www.periferieprahy.cz\/blog\/wp-content\/uploads\/2025\/04\/ruz_cp32_14-300x82.jpg 300w, https:\/\/www.periferieprahy.cz\/blog\/wp-content\/uploads\/2025\/04\/ruz_cp32_14-768x209.jpg 768w\" sizes=\"auto, (max-width: 975px) 100vw, 975px\" \/><button\n\t\t\tclass=\"lightbox-trigger\"\n\t\t\ttype=\"button\"\n\t\t\taria-haspopup=\"dialog\"\n\t\t\taria-label=\"Zv\u011bt\u0161it\"\n\t\t\tdata-wp-init=\"callbacks.initTriggerButton\"\n\t\t\tdata-wp-on--click=\"actions.showLightbox\"\n\t\t\tdata-wp-style--right=\"state.imageButtonRight\"\n\t\t\tdata-wp-style--top=\"state.imageButtonTop\"\n\t\t>\n\t\t\t<svg xmlns=\"http:\/\/www.w3.org\/2000\/svg\" width=\"12\" height=\"12\" fill=\"none\" viewBox=\"0 0 12 12\">\n\t\t\t\t<path fill=\"#fff\" d=\"M2 0a2 2 0 0 0-2 2v2h1.5V2a.5.5 0 0 1 .5-.5h2V0H2Zm2 10.5H2a.5.5 0 0 1-.5-.5V8H0v2a2 2 0 0 0 2 2h2v-1.5ZM8 12v-1.5h2a.5.5 0 0 0 .5-.5V8H12v2a2 2 0 0 1-2 2H8Zm2-12a2 2 0 0 1 2 2v2h-1.5V2a.5.5 0 0 0-.5-.5H8V0h2Z\" \/>\n\t\t\t<\/svg>\n\t\t<\/button><figcaption class=\"wp-element-caption\">Mat\u011bj *24.2.1819; otec <strong>Franti\u0161ek Kl\u00edma, mlyn\u00e1\u0159 ruzy\u0148sk\u00fd<\/strong>, matka Apolena, dcera \u2020Jana Kubra, \u0161enk\u00fd\u0159e z Liboce a matky Apoleny <\/figcaption><\/figure>\n<\/div>\n\n<div class=\"wp-block-image\">\n<figure data-wp-context=\"{&quot;imageId&quot;:&quot;69f31c2b27ee5&quot;}\" data-wp-interactive=\"core\/image\" data-wp-key=\"69f31c2b27ee5\" class=\"aligncenter size-large wp-lightbox-container\" id=\"jan1821\"><img loading=\"lazy\" decoding=\"async\" width=\"1024\" height=\"314\" data-wp-class--hide=\"state.isContentHidden\" data-wp-class--show=\"state.isContentVisible\" data-wp-init=\"callbacks.setButtonStyles\" data-wp-on--click=\"actions.showLightbox\" data-wp-on--load=\"callbacks.setButtonStyles\" data-wp-on-window--resize=\"callbacks.setButtonStyles\" src=\"https:\/\/www.periferieprahy.cz\/blog\/wp-content\/uploads\/2025\/04\/ruz_cp32_15-1024x314.jpg\" alt=\"\" class=\"wp-image-2853\" srcset=\"https:\/\/www.periferieprahy.cz\/blog\/wp-content\/uploads\/2025\/04\/ruz_cp32_15-1024x314.jpg 1024w, https:\/\/www.periferieprahy.cz\/blog\/wp-content\/uploads\/2025\/04\/ruz_cp32_15-300x92.jpg 300w, https:\/\/www.periferieprahy.cz\/blog\/wp-content\/uploads\/2025\/04\/ruz_cp32_15-768x236.jpg 768w, https:\/\/www.periferieprahy.cz\/blog\/wp-content\/uploads\/2025\/04\/ruz_cp32_15.jpg 1082w\" sizes=\"auto, (max-width: 1024px) 100vw, 1024px\" \/><button\n\t\t\tclass=\"lightbox-trigger\"\n\t\t\ttype=\"button\"\n\t\t\taria-haspopup=\"dialog\"\n\t\t\taria-label=\"Zv\u011bt\u0161it\"\n\t\t\tdata-wp-init=\"callbacks.initTriggerButton\"\n\t\t\tdata-wp-on--click=\"actions.showLightbox\"\n\t\t\tdata-wp-style--right=\"state.imageButtonRight\"\n\t\t\tdata-wp-style--top=\"state.imageButtonTop\"\n\t\t>\n\t\t\t<svg xmlns=\"http:\/\/www.w3.org\/2000\/svg\" width=\"12\" height=\"12\" fill=\"none\" viewBox=\"0 0 12 12\">\n\t\t\t\t<path fill=\"#fff\" d=\"M2 0a2 2 0 0 0-2 2v2h1.5V2a.5.5 0 0 1 .5-.5h2V0H2Zm2 10.5H2a.5.5 0 0 1-.5-.5V8H0v2a2 2 0 0 0 2 2h2v-1.5ZM8 12v-1.5h2a.5.5 0 0 0 .5-.5V8H12v2a2 2 0 0 1-2 2H8Zm2-12a2 2 0 0 1 2 2v2h-1.5V2a.5.5 0 0 0-.5-.5H8V0h2Z\" \/>\n\t\t\t<\/svg>\n\t\t<\/button><figcaption class=\"wp-element-caption\">Jan *13.3.1821; otec <strong>Franti\u0161ek Kl\u00edma, mlyn\u00e1\u0159 ruzy\u0148sk\u00fd<\/strong>, matka Apolena, dcera \u2020Jana Kubra, \u0161enk\u00fd\u0159e z Liboce a matky Apoleny<\/figcaption><\/figure>\n<\/div>\n\n<div class=\"wp-block-image\">\n<figure data-wp-context=\"{&quot;imageId&quot;:&quot;69f31c2b283b8&quot;}\" data-wp-interactive=\"core\/image\" data-wp-key=\"69f31c2b283b8\" class=\"aligncenter size-large wp-lightbox-container\" id=\"marie1826\"><img loading=\"lazy\" decoding=\"async\" width=\"1024\" height=\"167\" data-wp-class--hide=\"state.isContentHidden\" data-wp-class--show=\"state.isContentVisible\" data-wp-init=\"callbacks.setButtonStyles\" data-wp-on--click=\"actions.showLightbox\" data-wp-on--load=\"callbacks.setButtonStyles\" data-wp-on-window--resize=\"callbacks.setButtonStyles\" src=\"https:\/\/www.periferieprahy.cz\/blog\/wp-content\/uploads\/2025\/04\/ruz_cp32_18-1024x167.jpg\" alt=\"\" class=\"wp-image-2856\" srcset=\"https:\/\/www.periferieprahy.cz\/blog\/wp-content\/uploads\/2025\/04\/ruz_cp32_18-1024x167.jpg 1024w, https:\/\/www.periferieprahy.cz\/blog\/wp-content\/uploads\/2025\/04\/ruz_cp32_18-300x49.jpg 300w, https:\/\/www.periferieprahy.cz\/blog\/wp-content\/uploads\/2025\/04\/ruz_cp32_18-768x125.jpg 768w, https:\/\/www.periferieprahy.cz\/blog\/wp-content\/uploads\/2025\/04\/ruz_cp32_18.jpg 1029w\" sizes=\"auto, (max-width: 1024px) 100vw, 1024px\" \/><button\n\t\t\tclass=\"lightbox-trigger\"\n\t\t\ttype=\"button\"\n\t\t\taria-haspopup=\"dialog\"\n\t\t\taria-label=\"Zv\u011bt\u0161it\"\n\t\t\tdata-wp-init=\"callbacks.initTriggerButton\"\n\t\t\tdata-wp-on--click=\"actions.showLightbox\"\n\t\t\tdata-wp-style--right=\"state.imageButtonRight\"\n\t\t\tdata-wp-style--top=\"state.imageButtonTop\"\n\t\t>\n\t\t\t<svg xmlns=\"http:\/\/www.w3.org\/2000\/svg\" width=\"12\" height=\"12\" fill=\"none\" viewBox=\"0 0 12 12\">\n\t\t\t\t<path fill=\"#fff\" d=\"M2 0a2 2 0 0 0-2 2v2h1.5V2a.5.5 0 0 1 .5-.5h2V0H2Zm2 10.5H2a.5.5 0 0 1-.5-.5V8H0v2a2 2 0 0 0 2 2h2v-1.5ZM8 12v-1.5h2a.5.5 0 0 0 .5-.5V8H12v2a2 2 0 0 1-2 2H8Zm2-12a2 2 0 0 1 2 2v2h-1.5V2a.5.5 0 0 0-.5-.5H8V0h2Z\" \/>\n\t\t\t<\/svg>\n\t\t<\/button><figcaption class=\"wp-element-caption\">Marie *9.8.1826; otec <strong>Franti\u0161ek Kl\u00edma, mlyn\u00e1\u0159 <\/strong>, syn Josefa Kl\u00edmy a Evy rozen\u00e9 Kejha,  matka Apolena, dcera \u2020Jana Kubra, \u0161enk\u00fd\u0159e z Liboce 36 a matky Apoleny Palmov\u00e9<\/figcaption><\/figure>\n<\/div>\n\n<div class=\"wp-block-image\">\n<figure data-wp-context=\"{&quot;imageId&quot;:&quot;69f31c2b2890e&quot;}\" data-wp-interactive=\"core\/image\" data-wp-key=\"69f31c2b2890e\" class=\"aligncenter size-large wp-lightbox-container\" id=\"barbora1828\"><img loading=\"lazy\" decoding=\"async\" width=\"1024\" height=\"165\" data-wp-class--hide=\"state.isContentHidden\" data-wp-class--show=\"state.isContentVisible\" data-wp-init=\"callbacks.setButtonStyles\" data-wp-on--click=\"actions.showLightbox\" data-wp-on--load=\"callbacks.setButtonStyles\" data-wp-on-window--resize=\"callbacks.setButtonStyles\" src=\"https:\/\/www.periferieprahy.cz\/blog\/wp-content\/uploads\/2025\/04\/ruz_cp32_19-1024x165.jpg\" alt=\"\" class=\"wp-image-2857\" srcset=\"https:\/\/www.periferieprahy.cz\/blog\/wp-content\/uploads\/2025\/04\/ruz_cp32_19-1024x165.jpg 1024w, https:\/\/www.periferieprahy.cz\/blog\/wp-content\/uploads\/2025\/04\/ruz_cp32_19-300x48.jpg 300w, https:\/\/www.periferieprahy.cz\/blog\/wp-content\/uploads\/2025\/04\/ruz_cp32_19-768x124.jpg 768w, https:\/\/www.periferieprahy.cz\/blog\/wp-content\/uploads\/2025\/04\/ruz_cp32_19.jpg 1092w\" sizes=\"auto, (max-width: 1024px) 100vw, 1024px\" \/><button\n\t\t\tclass=\"lightbox-trigger\"\n\t\t\ttype=\"button\"\n\t\t\taria-haspopup=\"dialog\"\n\t\t\taria-label=\"Zv\u011bt\u0161it\"\n\t\t\tdata-wp-init=\"callbacks.initTriggerButton\"\n\t\t\tdata-wp-on--click=\"actions.showLightbox\"\n\t\t\tdata-wp-style--right=\"state.imageButtonRight\"\n\t\t\tdata-wp-style--top=\"state.imageButtonTop\"\n\t\t>\n\t\t\t<svg xmlns=\"http:\/\/www.w3.org\/2000\/svg\" width=\"12\" height=\"12\" fill=\"none\" viewBox=\"0 0 12 12\">\n\t\t\t\t<path fill=\"#fff\" d=\"M2 0a2 2 0 0 0-2 2v2h1.5V2a.5.5 0 0 1 .5-.5h2V0H2Zm2 10.5H2a.5.5 0 0 1-.5-.5V8H0v2a2 2 0 0 0 2 2h2v-1.5ZM8 12v-1.5h2a.5.5 0 0 0 .5-.5V8H12v2a2 2 0 0 1-2 2H8Zm2-12a2 2 0 0 1 2 2v2h-1.5V2a.5.5 0 0 0-.5-.5H8V0h2Z\" \/>\n\t\t\t<\/svg>\n\t\t<\/button><figcaption class=\"wp-element-caption\">Barbora *26.10.1828; otec Franti\u0161ek Kl\u00edma, mlyn\u00e1\u0159 , syn Josefa Kl\u00edmy a Evy rozen\u00e9 Kejha,  matka Apolena, dcera \u2020Jana Kubra, \u0161enk\u00fd\u0159e z Liboce 36 a matky Apoleny Palmov\u00e9<\/figcaption><\/figure>\n<\/div>\n\n<div class=\"wp-block-image\">\n<figure data-wp-context=\"{&quot;imageId&quot;:&quot;69f31c2b28e59&quot;}\" data-wp-interactive=\"core\/image\" data-wp-key=\"69f31c2b28e59\" class=\"aligncenter size-large wp-lightbox-container\"><img loading=\"lazy\" decoding=\"async\" width=\"1024\" height=\"235\" data-wp-class--hide=\"state.isContentHidden\" data-wp-class--show=\"state.isContentVisible\" data-wp-init=\"callbacks.setButtonStyles\" data-wp-on--click=\"actions.showLightbox\" data-wp-on--load=\"callbacks.setButtonStyles\" data-wp-on-window--resize=\"callbacks.setButtonStyles\" src=\"https:\/\/www.periferieprahy.cz\/blog\/wp-content\/uploads\/2025\/04\/ruz_cp32_3-1024x235.jpg\" alt=\"\" class=\"wp-image-2841\" srcset=\"https:\/\/www.periferieprahy.cz\/blog\/wp-content\/uploads\/2025\/04\/ruz_cp32_3-1024x235.jpg 1024w, https:\/\/www.periferieprahy.cz\/blog\/wp-content\/uploads\/2025\/04\/ruz_cp32_3-300x69.jpg 300w, https:\/\/www.periferieprahy.cz\/blog\/wp-content\/uploads\/2025\/04\/ruz_cp32_3-768x176.jpg 768w, https:\/\/www.periferieprahy.cz\/blog\/wp-content\/uploads\/2025\/04\/ruz_cp32_3.jpg 1052w\" sizes=\"auto, (max-width: 1024px) 100vw, 1024px\" \/><button\n\t\t\tclass=\"lightbox-trigger\"\n\t\t\ttype=\"button\"\n\t\t\taria-haspopup=\"dialog\"\n\t\t\taria-label=\"Zv\u011bt\u0161it\"\n\t\t\tdata-wp-init=\"callbacks.initTriggerButton\"\n\t\t\tdata-wp-on--click=\"actions.showLightbox\"\n\t\t\tdata-wp-style--right=\"state.imageButtonRight\"\n\t\t\tdata-wp-style--top=\"state.imageButtonTop\"\n\t\t>\n\t\t\t<svg xmlns=\"http:\/\/www.w3.org\/2000\/svg\" width=\"12\" height=\"12\" fill=\"none\" viewBox=\"0 0 12 12\">\n\t\t\t\t<path fill=\"#fff\" d=\"M2 0a2 2 0 0 0-2 2v2h1.5V2a.5.5 0 0 1 .5-.5h2V0H2Zm2 10.5H2a.5.5 0 0 1-.5-.5V8H0v2a2 2 0 0 0 2 2h2v-1.5ZM8 12v-1.5h2a.5.5 0 0 0 .5-.5V8H12v2a2 2 0 0 1-2 2H8Zm2-12a2 2 0 0 1 2 2v2h-1.5V2a.5.5 0 0 0-.5-.5H8V0h2Z\" \/>\n\t\t\t<\/svg>\n\t\t<\/button><\/figure>\n<\/div>\n\n<div class=\"wp-block-image\">\n<figure data-wp-context=\"{&quot;imageId&quot;:&quot;69f31c2b29324&quot;}\" data-wp-interactive=\"core\/image\" data-wp-key=\"69f31c2b29324\" class=\"aligncenter size-large wp-lightbox-container\" id=\"josef1845\"><img loading=\"lazy\" decoding=\"async\" width=\"1024\" height=\"239\" data-wp-class--hide=\"state.isContentHidden\" data-wp-class--show=\"state.isContentVisible\" data-wp-init=\"callbacks.setButtonStyles\" data-wp-on--click=\"actions.showLightbox\" data-wp-on--load=\"callbacks.setButtonStyles\" data-wp-on-window--resize=\"callbacks.setButtonStyles\" src=\"https:\/\/www.periferieprahy.cz\/blog\/wp-content\/uploads\/2025\/04\/ruz_cp32_4-1024x239.jpg\" alt=\"\" class=\"wp-image-2842\" srcset=\"https:\/\/www.periferieprahy.cz\/blog\/wp-content\/uploads\/2025\/04\/ruz_cp32_4-1024x239.jpg 1024w, https:\/\/www.periferieprahy.cz\/blog\/wp-content\/uploads\/2025\/04\/ruz_cp32_4-300x70.jpg 300w, https:\/\/www.periferieprahy.cz\/blog\/wp-content\/uploads\/2025\/04\/ruz_cp32_4-768x179.jpg 768w, https:\/\/www.periferieprahy.cz\/blog\/wp-content\/uploads\/2025\/04\/ruz_cp32_4.jpg 1119w\" sizes=\"auto, (max-width: 1024px) 100vw, 1024px\" \/><button\n\t\t\tclass=\"lightbox-trigger\"\n\t\t\ttype=\"button\"\n\t\t\taria-haspopup=\"dialog\"\n\t\t\taria-label=\"Zv\u011bt\u0161it\"\n\t\t\tdata-wp-init=\"callbacks.initTriggerButton\"\n\t\t\tdata-wp-on--click=\"actions.showLightbox\"\n\t\t\tdata-wp-style--right=\"state.imageButtonRight\"\n\t\t\tdata-wp-style--top=\"state.imageButtonTop\"\n\t\t>\n\t\t\t<svg xmlns=\"http:\/\/www.w3.org\/2000\/svg\" width=\"12\" height=\"12\" fill=\"none\" viewBox=\"0 0 12 12\">\n\t\t\t\t<path fill=\"#fff\" d=\"M2 0a2 2 0 0 0-2 2v2h1.5V2a.5.5 0 0 1 .5-.5h2V0H2Zm2 10.5H2a.5.5 0 0 1-.5-.5V8H0v2a2 2 0 0 0 2 2h2v-1.5ZM8 12v-1.5h2a.5.5 0 0 0 .5-.5V8H12v2a2 2 0 0 1-2 2H8Zm2-12a2 2 0 0 1 2 2v2h-1.5V2a.5.5 0 0 0-.5-.5H8V0h2Z\" \/>\n\t\t\t<\/svg>\n\t\t<\/button><figcaption class=\"wp-element-caption\">Josef *1.5.1845; otec<strong> Josef Kl\u00edma, mlyn\u00e1\u0159, syn Franti\u0161ka Kl\u00edmy<\/strong> a matka Apolonie rozen\u00e9 Kubrov\u00e9; matka Otylie Zaj\u00ed\u010dkov\u00e1 dcera po \u2020Ji\u0159\u00edm Zaj\u00ed\u010dkovi, mlyn\u00e1\u0159i z M\u011b\u0148an<\/figcaption><\/figure>\n<\/div>\n\n<div class=\"wp-block-image\">\n<figure data-wp-context=\"{&quot;imageId&quot;:&quot;69f31c2b2972e&quot;}\" data-wp-interactive=\"core\/image\" data-wp-key=\"69f31c2b2972e\" class=\"aligncenter size-large wp-lightbox-container\" id=\"frantisek1846\"><img loading=\"lazy\" decoding=\"async\" width=\"1024\" height=\"148\" data-wp-class--hide=\"state.isContentHidden\" data-wp-class--show=\"state.isContentVisible\" data-wp-init=\"callbacks.setButtonStyles\" data-wp-on--click=\"actions.showLightbox\" data-wp-on--load=\"callbacks.setButtonStyles\" data-wp-on-window--resize=\"callbacks.setButtonStyles\" src=\"https:\/\/www.periferieprahy.cz\/blog\/wp-content\/uploads\/2025\/04\/ruz_cp32_20-1024x148.jpg\" alt=\"\" class=\"wp-image-2858\" srcset=\"https:\/\/www.periferieprahy.cz\/blog\/wp-content\/uploads\/2025\/04\/ruz_cp32_20-1024x148.jpg 1024w, https:\/\/www.periferieprahy.cz\/blog\/wp-content\/uploads\/2025\/04\/ruz_cp32_20-300x43.jpg 300w, https:\/\/www.periferieprahy.cz\/blog\/wp-content\/uploads\/2025\/04\/ruz_cp32_20-768x111.jpg 768w, https:\/\/www.periferieprahy.cz\/blog\/wp-content\/uploads\/2025\/04\/ruz_cp32_20.jpg 1081w\" sizes=\"auto, (max-width: 1024px) 100vw, 1024px\" \/><button\n\t\t\tclass=\"lightbox-trigger\"\n\t\t\ttype=\"button\"\n\t\t\taria-haspopup=\"dialog\"\n\t\t\taria-label=\"Zv\u011bt\u0161it\"\n\t\t\tdata-wp-init=\"callbacks.initTriggerButton\"\n\t\t\tdata-wp-on--click=\"actions.showLightbox\"\n\t\t\tdata-wp-style--right=\"state.imageButtonRight\"\n\t\t\tdata-wp-style--top=\"state.imageButtonTop\"\n\t\t>\n\t\t\t<svg xmlns=\"http:\/\/www.w3.org\/2000\/svg\" width=\"12\" height=\"12\" fill=\"none\" viewBox=\"0 0 12 12\">\n\t\t\t\t<path fill=\"#fff\" d=\"M2 0a2 2 0 0 0-2 2v2h1.5V2a.5.5 0 0 1 .5-.5h2V0H2Zm2 10.5H2a.5.5 0 0 1-.5-.5V8H0v2a2 2 0 0 0 2 2h2v-1.5ZM8 12v-1.5h2a.5.5 0 0 0 .5-.5V8H12v2a2 2 0 0 1-2 2H8Zm2-12a2 2 0 0 1 2 2v2h-1.5V2a.5.5 0 0 0-.5-.5H8V0h2Z\" \/>\n\t\t\t<\/svg>\n\t\t<\/button><figcaption class=\"wp-element-caption\">Franti\u0161ek *14.7.1846; otec <strong>Josef Kl\u00edma, mlyn\u00e1\u0159, syn Franti\u0161ka Kl\u00edmy <\/strong>a matka Apolonie rozen\u00e9 Kubrov\u00e9; matka Otylie Zaj\u00ed\u010dkov\u00e1 dcera po \u2020Ji\u0159\u00edm Zaj\u00ed\u010dkovi, mlyn\u00e1\u0159i z M\u011b\u0148an <\/figcaption><\/figure>\n<\/div>\n\n<div class=\"wp-block-image\">\n<figure data-wp-context=\"{&quot;imageId&quot;:&quot;69f31c2b29b71&quot;}\" data-wp-interactive=\"core\/image\" data-wp-key=\"69f31c2b29b71\" class=\"aligncenter size-large wp-lightbox-container\" id=\"marie1848\"><img loading=\"lazy\" decoding=\"async\" width=\"1024\" height=\"149\" data-wp-class--hide=\"state.isContentHidden\" data-wp-class--show=\"state.isContentVisible\" data-wp-init=\"callbacks.setButtonStyles\" data-wp-on--click=\"actions.showLightbox\" data-wp-on--load=\"callbacks.setButtonStyles\" data-wp-on-window--resize=\"callbacks.setButtonStyles\" src=\"https:\/\/www.periferieprahy.cz\/blog\/wp-content\/uploads\/2025\/04\/ruz_cp32_21-1024x149.jpg\" alt=\"\" class=\"wp-image-2859\" srcset=\"https:\/\/www.periferieprahy.cz\/blog\/wp-content\/uploads\/2025\/04\/ruz_cp32_21-1024x149.jpg 1024w, https:\/\/www.periferieprahy.cz\/blog\/wp-content\/uploads\/2025\/04\/ruz_cp32_21-300x44.jpg 300w, https:\/\/www.periferieprahy.cz\/blog\/wp-content\/uploads\/2025\/04\/ruz_cp32_21-768x111.jpg 768w, https:\/\/www.periferieprahy.cz\/blog\/wp-content\/uploads\/2025\/04\/ruz_cp32_21.jpg 1096w\" sizes=\"auto, (max-width: 1024px) 100vw, 1024px\" \/><button\n\t\t\tclass=\"lightbox-trigger\"\n\t\t\ttype=\"button\"\n\t\t\taria-haspopup=\"dialog\"\n\t\t\taria-label=\"Zv\u011bt\u0161it\"\n\t\t\tdata-wp-init=\"callbacks.initTriggerButton\"\n\t\t\tdata-wp-on--click=\"actions.showLightbox\"\n\t\t\tdata-wp-style--right=\"state.imageButtonRight\"\n\t\t\tdata-wp-style--top=\"state.imageButtonTop\"\n\t\t>\n\t\t\t<svg xmlns=\"http:\/\/www.w3.org\/2000\/svg\" width=\"12\" height=\"12\" fill=\"none\" viewBox=\"0 0 12 12\">\n\t\t\t\t<path fill=\"#fff\" d=\"M2 0a2 2 0 0 0-2 2v2h1.5V2a.5.5 0 0 1 .5-.5h2V0H2Zm2 10.5H2a.5.5 0 0 1-.5-.5V8H0v2a2 2 0 0 0 2 2h2v-1.5ZM8 12v-1.5h2a.5.5 0 0 0 .5-.5V8H12v2a2 2 0 0 1-2 2H8Zm2-12a2 2 0 0 1 2 2v2h-1.5V2a.5.5 0 0 0-.5-.5H8V0h2Z\" \/>\n\t\t\t<\/svg>\n\t\t<\/button><figcaption class=\"wp-element-caption\">Marie *28.9.1848 ; otec <strong>Josef Kl\u00edma, mlyn\u00e1\u0159, syn Franti\u0161ka Kl\u00edmy<\/strong> a matka Apolonie rozen\u00e9 Kubrov\u00e9; matka Otylie Zaj\u00ed\u010dkov\u00e1 dcera po \u2020Ji\u0159\u00edm Zaj\u00ed\u010dkovi, mlyn\u00e1\u0159i z M\u011b\u0148an <\/figcaption><\/figure>\n<\/div>\n\n<div class=\"wp-block-image\">\n<figure data-wp-context=\"{&quot;imageId&quot;:&quot;69f31c2b29fba&quot;}\" data-wp-interactive=\"core\/image\" data-wp-key=\"69f31c2b29fba\" class=\"aligncenter size-full wp-lightbox-container\" id=\"antonin1850\"><img loading=\"lazy\" decoding=\"async\" width=\"1003\" height=\"179\" data-wp-class--hide=\"state.isContentHidden\" data-wp-class--show=\"state.isContentVisible\" data-wp-init=\"callbacks.setButtonStyles\" data-wp-on--click=\"actions.showLightbox\" data-wp-on--load=\"callbacks.setButtonStyles\" data-wp-on-window--resize=\"callbacks.setButtonStyles\" src=\"https:\/\/www.periferieprahy.cz\/blog\/wp-content\/uploads\/2025\/04\/ruz_cp32_22.jpg\" alt=\"\" class=\"wp-image-2860\" srcset=\"https:\/\/www.periferieprahy.cz\/blog\/wp-content\/uploads\/2025\/04\/ruz_cp32_22.jpg 1003w, https:\/\/www.periferieprahy.cz\/blog\/wp-content\/uploads\/2025\/04\/ruz_cp32_22-300x54.jpg 300w, https:\/\/www.periferieprahy.cz\/blog\/wp-content\/uploads\/2025\/04\/ruz_cp32_22-768x137.jpg 768w\" sizes=\"auto, (max-width: 1003px) 100vw, 1003px\" \/><button\n\t\t\tclass=\"lightbox-trigger\"\n\t\t\ttype=\"button\"\n\t\t\taria-haspopup=\"dialog\"\n\t\t\taria-label=\"Zv\u011bt\u0161it\"\n\t\t\tdata-wp-init=\"callbacks.initTriggerButton\"\n\t\t\tdata-wp-on--click=\"actions.showLightbox\"\n\t\t\tdata-wp-style--right=\"state.imageButtonRight\"\n\t\t\tdata-wp-style--top=\"state.imageButtonTop\"\n\t\t>\n\t\t\t<svg xmlns=\"http:\/\/www.w3.org\/2000\/svg\" width=\"12\" height=\"12\" fill=\"none\" viewBox=\"0 0 12 12\">\n\t\t\t\t<path fill=\"#fff\" d=\"M2 0a2 2 0 0 0-2 2v2h1.5V2a.5.5 0 0 1 .5-.5h2V0H2Zm2 10.5H2a.5.5 0 0 1-.5-.5V8H0v2a2 2 0 0 0 2 2h2v-1.5ZM8 12v-1.5h2a.5.5 0 0 0 .5-.5V8H12v2a2 2 0 0 1-2 2H8Zm2-12a2 2 0 0 1 2 2v2h-1.5V2a.5.5 0 0 0-.5-.5H8V0h2Z\" \/>\n\t\t\t<\/svg>\n\t\t<\/button><figcaption class=\"wp-element-caption\">Anton\u00edn *17.1.1850 ; otec <strong>Josef Kl\u00edma, mlyn\u00e1\u0159, syn Franti\u0161ka Kl\u00edmy<\/strong> a matka Apolonie rozen\u00e9 Kubrov\u00e9; matka Otylie Zaj\u00ed\u010dkov\u00e1 dcera po \u2020Ji\u0159\u00edm Zaj\u00ed\u010dkovi, mlyn\u00e1\u0159i z M\u011b\u0148an <\/figcaption><\/figure>\n<\/div>\n\n<div class=\"wp-block-image\">\n<figure data-wp-context=\"{&quot;imageId&quot;:&quot;69f31c2b2a4e8&quot;}\" data-wp-interactive=\"core\/image\" data-wp-key=\"69f31c2b2a4e8\" class=\"aligncenter size-large wp-lightbox-container\" id=\"matej1851\"><img loading=\"lazy\" decoding=\"async\" width=\"1024\" height=\"156\" data-wp-class--hide=\"state.isContentHidden\" data-wp-class--show=\"state.isContentVisible\" data-wp-init=\"callbacks.setButtonStyles\" data-wp-on--click=\"actions.showLightbox\" data-wp-on--load=\"callbacks.setButtonStyles\" data-wp-on-window--resize=\"callbacks.setButtonStyles\" src=\"https:\/\/www.periferieprahy.cz\/blog\/wp-content\/uploads\/2025\/04\/ruz_cp32_23-1024x156.jpg\" alt=\"\" class=\"wp-image-2861\" srcset=\"https:\/\/www.periferieprahy.cz\/blog\/wp-content\/uploads\/2025\/04\/ruz_cp32_23-1024x156.jpg 1024w, https:\/\/www.periferieprahy.cz\/blog\/wp-content\/uploads\/2025\/04\/ruz_cp32_23-300x46.jpg 300w, https:\/\/www.periferieprahy.cz\/blog\/wp-content\/uploads\/2025\/04\/ruz_cp32_23-768x117.jpg 768w, https:\/\/www.periferieprahy.cz\/blog\/wp-content\/uploads\/2025\/04\/ruz_cp32_23.jpg 1085w\" sizes=\"auto, (max-width: 1024px) 100vw, 1024px\" \/><button\n\t\t\tclass=\"lightbox-trigger\"\n\t\t\ttype=\"button\"\n\t\t\taria-haspopup=\"dialog\"\n\t\t\taria-label=\"Zv\u011bt\u0161it\"\n\t\t\tdata-wp-init=\"callbacks.initTriggerButton\"\n\t\t\tdata-wp-on--click=\"actions.showLightbox\"\n\t\t\tdata-wp-style--right=\"state.imageButtonRight\"\n\t\t\tdata-wp-style--top=\"state.imageButtonTop\"\n\t\t>\n\t\t\t<svg xmlns=\"http:\/\/www.w3.org\/2000\/svg\" width=\"12\" height=\"12\" fill=\"none\" viewBox=\"0 0 12 12\">\n\t\t\t\t<path fill=\"#fff\" d=\"M2 0a2 2 0 0 0-2 2v2h1.5V2a.5.5 0 0 1 .5-.5h2V0H2Zm2 10.5H2a.5.5 0 0 1-.5-.5V8H0v2a2 2 0 0 0 2 2h2v-1.5ZM8 12v-1.5h2a.5.5 0 0 0 .5-.5V8H12v2a2 2 0 0 1-2 2H8Zm2-12a2 2 0 0 1 2 2v2h-1.5V2a.5.5 0 0 0-.5-.5H8V0h2Z\" \/>\n\t\t\t<\/svg>\n\t\t<\/button><figcaption class=\"wp-element-caption\">Mat\u011bj *17.9.1851 ; otec <strong>Josef Kl\u00edma, mlyn\u00e1\u0159, syn Franti\u0161ka Kl\u00edmy<\/strong> a matka Apolonie rozen\u00e9 Kubrov\u00e9; matka Otylie Zaj\u00ed\u010dkov\u00e1 dcera po \u2020Ji\u0159\u00edm Zaj\u00ed\u010dkovi, mlyn\u00e1\u0159i z M\u011b\u0148an <\/figcaption><\/figure>\n<\/div>\n\n<div class=\"wp-block-image\">\n<figure data-wp-context=\"{&quot;imageId&quot;:&quot;69f31c2b2a9f2&quot;}\" data-wp-interactive=\"core\/image\" data-wp-key=\"69f31c2b2a9f2\" class=\"aligncenter size-large wp-lightbox-container\" id=\"antonin1853\"><img loading=\"lazy\" decoding=\"async\" width=\"1024\" height=\"255\" data-wp-class--hide=\"state.isContentHidden\" data-wp-class--show=\"state.isContentVisible\" data-wp-init=\"callbacks.setButtonStyles\" data-wp-on--click=\"actions.showLightbox\" data-wp-on--load=\"callbacks.setButtonStyles\" data-wp-on-window--resize=\"callbacks.setButtonStyles\" src=\"https:\/\/www.periferieprahy.cz\/blog\/wp-content\/uploads\/2025\/04\/ruz_cp32_24-1024x255.jpg\" alt=\"\" class=\"wp-image-2862\" srcset=\"https:\/\/www.periferieprahy.cz\/blog\/wp-content\/uploads\/2025\/04\/ruz_cp32_24-1024x255.jpg 1024w, https:\/\/www.periferieprahy.cz\/blog\/wp-content\/uploads\/2025\/04\/ruz_cp32_24-300x75.jpg 300w, https:\/\/www.periferieprahy.cz\/blog\/wp-content\/uploads\/2025\/04\/ruz_cp32_24-768x191.jpg 768w, https:\/\/www.periferieprahy.cz\/blog\/wp-content\/uploads\/2025\/04\/ruz_cp32_24.jpg 1106w\" sizes=\"auto, (max-width: 1024px) 100vw, 1024px\" \/><button\n\t\t\tclass=\"lightbox-trigger\"\n\t\t\ttype=\"button\"\n\t\t\taria-haspopup=\"dialog\"\n\t\t\taria-label=\"Zv\u011bt\u0161it\"\n\t\t\tdata-wp-init=\"callbacks.initTriggerButton\"\n\t\t\tdata-wp-on--click=\"actions.showLightbox\"\n\t\t\tdata-wp-style--right=\"state.imageButtonRight\"\n\t\t\tdata-wp-style--top=\"state.imageButtonTop\"\n\t\t>\n\t\t\t<svg xmlns=\"http:\/\/www.w3.org\/2000\/svg\" width=\"12\" height=\"12\" fill=\"none\" viewBox=\"0 0 12 12\">\n\t\t\t\t<path fill=\"#fff\" d=\"M2 0a2 2 0 0 0-2 2v2h1.5V2a.5.5 0 0 1 .5-.5h2V0H2Zm2 10.5H2a.5.5 0 0 1-.5-.5V8H0v2a2 2 0 0 0 2 2h2v-1.5ZM8 12v-1.5h2a.5.5 0 0 0 .5-.5V8H12v2a2 2 0 0 1-2 2H8Zm2-12a2 2 0 0 1 2 2v2h-1.5V2a.5.5 0 0 0-.5-.5H8V0h2Z\" \/>\n\t\t\t<\/svg>\n\t\t<\/button><figcaption class=\"wp-element-caption\">Anton\u00edn *8.6.1853 ; otec <strong>Josef Kl\u00edma, mlyn\u00e1\u0159, syn Franti\u0161ka Kl\u00edmy<\/strong> a matka Apolonie rozen\u00e9 Kubrov\u00e9; matka Otylie Zaj\u00ed\u010dkov\u00e1 dcera po \u2020Ji\u0159\u00edm Zaj\u00ed\u010dkovi, mlyn\u00e1\u0159i z M\u011b\u0148an <\/figcaption><\/figure>\n<\/div>\n\n<div class=\"wp-block-image\">\n<figure data-wp-context=\"{&quot;imageId&quot;:&quot;69f31c2b2b046&quot;}\" data-wp-interactive=\"core\/image\" data-wp-key=\"69f31c2b2b046\" class=\"aligncenter size-large wp-lightbox-container\" id=\"matej1856\"><img loading=\"lazy\" decoding=\"async\" width=\"1024\" height=\"234\" data-wp-class--hide=\"state.isContentHidden\" data-wp-class--show=\"state.isContentVisible\" data-wp-init=\"callbacks.setButtonStyles\" data-wp-on--click=\"actions.showLightbox\" data-wp-on--load=\"callbacks.setButtonStyles\" data-wp-on-window--resize=\"callbacks.setButtonStyles\" src=\"https:\/\/www.periferieprahy.cz\/blog\/wp-content\/uploads\/2025\/04\/ruz_cp32_25-1024x234.jpg\" alt=\"\" class=\"wp-image-2863\" srcset=\"https:\/\/www.periferieprahy.cz\/blog\/wp-content\/uploads\/2025\/04\/ruz_cp32_25-1024x234.jpg 1024w, https:\/\/www.periferieprahy.cz\/blog\/wp-content\/uploads\/2025\/04\/ruz_cp32_25-300x69.jpg 300w, https:\/\/www.periferieprahy.cz\/blog\/wp-content\/uploads\/2025\/04\/ruz_cp32_25-768x176.jpg 768w, https:\/\/www.periferieprahy.cz\/blog\/wp-content\/uploads\/2025\/04\/ruz_cp32_25.jpg 1067w\" sizes=\"auto, (max-width: 1024px) 100vw, 1024px\" \/><button\n\t\t\tclass=\"lightbox-trigger\"\n\t\t\ttype=\"button\"\n\t\t\taria-haspopup=\"dialog\"\n\t\t\taria-label=\"Zv\u011bt\u0161it\"\n\t\t\tdata-wp-init=\"callbacks.initTriggerButton\"\n\t\t\tdata-wp-on--click=\"actions.showLightbox\"\n\t\t\tdata-wp-style--right=\"state.imageButtonRight\"\n\t\t\tdata-wp-style--top=\"state.imageButtonTop\"\n\t\t>\n\t\t\t<svg xmlns=\"http:\/\/www.w3.org\/2000\/svg\" width=\"12\" height=\"12\" fill=\"none\" viewBox=\"0 0 12 12\">\n\t\t\t\t<path fill=\"#fff\" d=\"M2 0a2 2 0 0 0-2 2v2h1.5V2a.5.5 0 0 1 .5-.5h2V0H2Zm2 10.5H2a.5.5 0 0 1-.5-.5V8H0v2a2 2 0 0 0 2 2h2v-1.5ZM8 12v-1.5h2a.5.5 0 0 0 .5-.5V8H12v2a2 2 0 0 1-2 2H8Zm2-12a2 2 0 0 1 2 2v2h-1.5V2a.5.5 0 0 0-.5-.5H8V0h2Z\" \/>\n\t\t\t<\/svg>\n\t\t<\/button><figcaption class=\"wp-element-caption\">Mat\u011bj *6.3.1856 ; otec<strong> Josef Kl\u00edma, mlyn\u00e1\u0159, syn Franti\u0161ka Kl\u00edmy <\/strong>a matka Apolonie rozen\u00e9 Kubrov\u00e9; matka Otylie Zaj\u00ed\u010dkov\u00e1 dcera po \u2020Ji\u0159\u00edm Zaj\u00ed\u010dkovi, mlyn\u00e1\u0159i z M\u011b\u0148an <\/figcaption><\/figure>\n<\/div>\n\n<div class=\"wp-block-image\">\n<figure data-wp-context=\"{&quot;imageId&quot;:&quot;69f31c2b2b63f&quot;}\" data-wp-interactive=\"core\/image\" data-wp-key=\"69f31c2b2b63f\" class=\"aligncenter size-large wp-lightbox-container\" id=\"albina1890\"><img loading=\"lazy\" decoding=\"async\" width=\"1024\" height=\"181\" data-wp-class--hide=\"state.isContentHidden\" data-wp-class--show=\"state.isContentVisible\" data-wp-init=\"callbacks.setButtonStyles\" data-wp-on--click=\"actions.showLightbox\" data-wp-on--load=\"callbacks.setButtonStyles\" data-wp-on-window--resize=\"callbacks.setButtonStyles\" src=\"https:\/\/www.periferieprahy.cz\/blog\/wp-content\/uploads\/2025\/04\/ruz_cp32_5-1024x181.jpg\" alt=\"\" class=\"wp-image-2843\" srcset=\"https:\/\/www.periferieprahy.cz\/blog\/wp-content\/uploads\/2025\/04\/ruz_cp32_5-1024x181.jpg 1024w, https:\/\/www.periferieprahy.cz\/blog\/wp-content\/uploads\/2025\/04\/ruz_cp32_5-300x53.jpg 300w, https:\/\/www.periferieprahy.cz\/blog\/wp-content\/uploads\/2025\/04\/ruz_cp32_5-768x136.jpg 768w, https:\/\/www.periferieprahy.cz\/blog\/wp-content\/uploads\/2025\/04\/ruz_cp32_5.jpg 1084w\" sizes=\"auto, (max-width: 1024px) 100vw, 1024px\" \/><button\n\t\t\tclass=\"lightbox-trigger\"\n\t\t\ttype=\"button\"\n\t\t\taria-haspopup=\"dialog\"\n\t\t\taria-label=\"Zv\u011bt\u0161it\"\n\t\t\tdata-wp-init=\"callbacks.initTriggerButton\"\n\t\t\tdata-wp-on--click=\"actions.showLightbox\"\n\t\t\tdata-wp-style--right=\"state.imageButtonRight\"\n\t\t\tdata-wp-style--top=\"state.imageButtonTop\"\n\t\t>\n\t\t\t<svg xmlns=\"http:\/\/www.w3.org\/2000\/svg\" width=\"12\" height=\"12\" fill=\"none\" viewBox=\"0 0 12 12\">\n\t\t\t\t<path fill=\"#fff\" d=\"M2 0a2 2 0 0 0-2 2v2h1.5V2a.5.5 0 0 1 .5-.5h2V0H2Zm2 10.5H2a.5.5 0 0 1-.5-.5V8H0v2a2 2 0 0 0 2 2h2v-1.5ZM8 12v-1.5h2a.5.5 0 0 0 .5-.5V8H12v2a2 2 0 0 1-2 2H8Zm2-12a2 2 0 0 1 2 2v2h-1.5V2a.5.5 0 0 0-.5-.5H8V0h2Z\" \/>\n\t\t\t<\/svg>\n\t\t<\/button><figcaption class=\"wp-element-caption\">Alb\u00edna *6.6.1890; otec<strong> Josef Kl\u00edma, mlyn\u00e1\u0159 syn Josefa Kl\u00edmy, mlyn\u00e1\u0159e<\/strong> a Otylie rozen\u00e9 Zaj\u00ed\u010dkov\u00e9; matka Alb\u00edna Fuksov\u00e1 dcera V\u00e1clava Fukse, roln\u00edka v Nebu\u0161ic\u00edch<\/figcaption><\/figure>\n<\/div>\n\n<div class=\"wp-block-image\">\n<figure data-wp-context=\"{&quot;imageId&quot;:&quot;69f31c2b2bc84&quot;}\" data-wp-interactive=\"core\/image\" data-wp-key=\"69f31c2b2bc84\" class=\"aligncenter size-full wp-lightbox-container\" id=\"anna1892\"><img loading=\"lazy\" decoding=\"async\" width=\"1007\" height=\"169\" data-wp-class--hide=\"state.isContentHidden\" data-wp-class--show=\"state.isContentVisible\" data-wp-init=\"callbacks.setButtonStyles\" data-wp-on--click=\"actions.showLightbox\" data-wp-on--load=\"callbacks.setButtonStyles\" data-wp-on-window--resize=\"callbacks.setButtonStyles\" src=\"https:\/\/www.periferieprahy.cz\/blog\/wp-content\/uploads\/2025\/04\/ruz_cp32_26.jpg\" alt=\"\" class=\"wp-image-2864\" srcset=\"https:\/\/www.periferieprahy.cz\/blog\/wp-content\/uploads\/2025\/04\/ruz_cp32_26.jpg 1007w, https:\/\/www.periferieprahy.cz\/blog\/wp-content\/uploads\/2025\/04\/ruz_cp32_26-300x50.jpg 300w, https:\/\/www.periferieprahy.cz\/blog\/wp-content\/uploads\/2025\/04\/ruz_cp32_26-768x129.jpg 768w\" sizes=\"auto, (max-width: 1007px) 100vw, 1007px\" \/><button\n\t\t\tclass=\"lightbox-trigger\"\n\t\t\ttype=\"button\"\n\t\t\taria-haspopup=\"dialog\"\n\t\t\taria-label=\"Zv\u011bt\u0161it\"\n\t\t\tdata-wp-init=\"callbacks.initTriggerButton\"\n\t\t\tdata-wp-on--click=\"actions.showLightbox\"\n\t\t\tdata-wp-style--right=\"state.imageButtonRight\"\n\t\t\tdata-wp-style--top=\"state.imageButtonTop\"\n\t\t>\n\t\t\t<svg xmlns=\"http:\/\/www.w3.org\/2000\/svg\" width=\"12\" height=\"12\" fill=\"none\" viewBox=\"0 0 12 12\">\n\t\t\t\t<path fill=\"#fff\" d=\"M2 0a2 2 0 0 0-2 2v2h1.5V2a.5.5 0 0 1 .5-.5h2V0H2Zm2 10.5H2a.5.5 0 0 1-.5-.5V8H0v2a2 2 0 0 0 2 2h2v-1.5ZM8 12v-1.5h2a.5.5 0 0 0 .5-.5V8H12v2a2 2 0 0 1-2 2H8Zm2-12a2 2 0 0 1 2 2v2h-1.5V2a.5.5 0 0 0-.5-.5H8V0h2Z\" \/>\n\t\t\t<\/svg>\n\t\t<\/button><figcaption class=\"wp-element-caption\">Anna *14.1.1892; otec <strong>Josef Kl\u00edma, mlyn\u00e1\u0159 syn Josefa Kl\u00edmy, mlyn\u00e1\u0159e <\/strong>a Otylie rozen\u00e9 Zaj\u00ed\u010dkov\u00e9; matka Alb\u00edna Fuksov\u00e1 dcera V\u00e1clava Fukse, roln\u00edka v Nebu\u0161ic\u00edch<\/figcaption><\/figure>\n<\/div>\n\n<div class=\"wp-block-image\">\n<figure data-wp-context=\"{&quot;imageId&quot;:&quot;69f31c2b2c2c2&quot;}\" data-wp-interactive=\"core\/image\" data-wp-key=\"69f31c2b2c2c2\" class=\"aligncenter size-large wp-lightbox-container\" id=\"ladislav1893\"><img loading=\"lazy\" decoding=\"async\" width=\"1024\" height=\"292\" data-wp-class--hide=\"state.isContentHidden\" data-wp-class--show=\"state.isContentVisible\" data-wp-init=\"callbacks.setButtonStyles\" data-wp-on--click=\"actions.showLightbox\" data-wp-on--load=\"callbacks.setButtonStyles\" data-wp-on-window--resize=\"callbacks.setButtonStyles\" src=\"https:\/\/www.periferieprahy.cz\/blog\/wp-content\/uploads\/2025\/04\/ruz_cp32_27-1024x292.jpg\" alt=\"\" class=\"wp-image-2865\" srcset=\"https:\/\/www.periferieprahy.cz\/blog\/wp-content\/uploads\/2025\/04\/ruz_cp32_27-1024x292.jpg 1024w, https:\/\/www.periferieprahy.cz\/blog\/wp-content\/uploads\/2025\/04\/ruz_cp32_27-300x86.jpg 300w, https:\/\/www.periferieprahy.cz\/blog\/wp-content\/uploads\/2025\/04\/ruz_cp32_27-768x219.jpg 768w, https:\/\/www.periferieprahy.cz\/blog\/wp-content\/uploads\/2025\/04\/ruz_cp32_27.jpg 1049w\" sizes=\"auto, (max-width: 1024px) 100vw, 1024px\" \/><button\n\t\t\tclass=\"lightbox-trigger\"\n\t\t\ttype=\"button\"\n\t\t\taria-haspopup=\"dialog\"\n\t\t\taria-label=\"Zv\u011bt\u0161it\"\n\t\t\tdata-wp-init=\"callbacks.initTriggerButton\"\n\t\t\tdata-wp-on--click=\"actions.showLightbox\"\n\t\t\tdata-wp-style--right=\"state.imageButtonRight\"\n\t\t\tdata-wp-style--top=\"state.imageButtonTop\"\n\t\t>\n\t\t\t<svg xmlns=\"http:\/\/www.w3.org\/2000\/svg\" width=\"12\" height=\"12\" fill=\"none\" viewBox=\"0 0 12 12\">\n\t\t\t\t<path fill=\"#fff\" d=\"M2 0a2 2 0 0 0-2 2v2h1.5V2a.5.5 0 0 1 .5-.5h2V0H2Zm2 10.5H2a.5.5 0 0 1-.5-.5V8H0v2a2 2 0 0 0 2 2h2v-1.5ZM8 12v-1.5h2a.5.5 0 0 0 .5-.5V8H12v2a2 2 0 0 1-2 2H8Zm2-12a2 2 0 0 1 2 2v2h-1.5V2a.5.5 0 0 0-.5-.5H8V0h2Z\" \/>\n\t\t\t<\/svg>\n\t\t<\/button><figcaption class=\"wp-element-caption\">Ladislav *27.5.1893; otec<strong> Josef Kl\u00edma, mlyn\u00e1\u0159 syn Josefa Kl\u00edmy, mlyn\u00e1\u0159e<\/strong> a Otylie rozen\u00e9 Zaj\u00ed\u010dkov\u00e9; matka Alb\u00edna Fuksov\u00e1 dcera V\u00e1clava Fukse, roln\u00edka v Nebu\u0161ic\u00edch<\/figcaption><\/figure>\n<\/div>\n\n\n<p><\/p>\n","protected":false},"excerpt":{"rendered":"<p>Ruzy\u0148sk\u00fd ml\u00fdn b\u00fdval&nbsp; natolik tajemn\u00fd a&nbsp; z\u00e1hadn\u00fd, \u017ee podle n\u011bkter\u00fdch pramen\u016f, inspiroval Aloise Jir\u00e1ska k naps\u00e1n\u00ed Lucerny. V nau\u010dn\u00e9 stezce &quot;Oborou hv\u011bzda&quot; se m\u016f\u017eeme do\u010d\u00edst, \u017ee prvn\u00ed zm\u00ednka o ml\u00fdnu je kolem roku 1720. To si st\u011b\u017eovali na m\u00edstn\u00edho mlyn\u00e1\u0159e, \u017ee vodu pou\u017e\u00edv\u00e1 jen pro sv\u00e9 mlet\u00ed a nepou\u0161t\u00ed ji do kr\u00e1lovsk\u00e9ho rybn\u00edka (tj. do &hellip;<br \/><a href=\"https:\/\/www.periferieprahy.cz\/blog\/2025\/04\/21\/c-p-32-ruzynsky-mlyn\/\" class=\"more-link pen_button pen_element_default pen_icon_arrow_double\">Pokra\u010dovat ve\u00a0\u010dten\u00ed <span class=\"screen-reader-text\">\u010c.p. 32 Ruzy\u0148sk\u00fd ml\u00fdn<\/span><\/a><\/p>\n","protected":false},"author":1,"featured_media":2873,"comment_status":"open","ping_status":"open","sticky":false,"template":"","format":"standard","meta":{"_exactmetrics_skip_tracking":false,"_exactmetrics_sitenote_active":false,"_exactmetrics_sitenote_note":"","_exactmetrics_sitenote_category":0,"footnotes":""},"categories":[23,3,34],"tags":[],"post_folder":[],"class_list":["post-2838","post","type-post","status-publish","format-standard","has-post-thumbnail","hentry","category-ruzyne","category-redakce","category-zemedelci"],"_links":{"self":[{"href":"https:\/\/www.periferieprahy.cz\/blog\/wp-json\/wp\/v2\/posts\/2838","targetHints":{"allow":["GET"]}}],"collection":[{"href":"https:\/\/www.periferieprahy.cz\/blog\/wp-json\/wp\/v2\/posts"}],"about":[{"href":"https:\/\/www.periferieprahy.cz\/blog\/wp-json\/wp\/v2\/types\/post"}],"author":[{"embeddable":true,"href":"https:\/\/www.periferieprahy.cz\/blog\/wp-json\/wp\/v2\/users\/1"}],"replies":[{"embeddable":true,"href":"https:\/\/www.periferieprahy.cz\/blog\/wp-json\/wp\/v2\/comments?post=2838"}],"version-history":[{"count":5,"href":"https:\/\/www.periferieprahy.cz\/blog\/wp-json\/wp\/v2\/posts\/2838\/revisions"}],"predecessor-version":[{"id":2919,"href":"https:\/\/www.periferieprahy.cz\/blog\/wp-json\/wp\/v2\/posts\/2838\/revisions\/2919"}],"wp:featuredmedia":[{"embeddable":true,"href":"https:\/\/www.periferieprahy.cz\/blog\/wp-json\/wp\/v2\/media\/2873"}],"wp:attachment":[{"href":"https:\/\/www.periferieprahy.cz\/blog\/wp-json\/wp\/v2\/media?parent=2838"}],"wp:term":[{"taxonomy":"category","embeddable":true,"href":"https:\/\/www.periferieprahy.cz\/blog\/wp-json\/wp\/v2\/categories?post=2838"},{"taxonomy":"post_tag","embeddable":true,"href":"https:\/\/www.periferieprahy.cz\/blog\/wp-json\/wp\/v2\/tags?post=2838"},{"taxonomy":"post_folder","embeddable":true,"href":"https:\/\/www.periferieprahy.cz\/blog\/wp-json\/wp\/v2\/post_folder?post=2838"}],"curies":[{"name":"wp","href":"https:\/\/api.w.org\/{rel}","templated":true}]}}