{"id":2973,"date":"2025-04-24T11:48:40","date_gmt":"2025-04-24T09:48:40","guid":{"rendered":"https:\/\/www.periferieprahy.cz\/blog\/?p=2973"},"modified":"2025-07-08T21:10:28","modified_gmt":"2025-07-08T19:10:28","slug":"c-p-35-pekarstvi-vaclava-cerneho","status":"publish","type":"post","link":"https:\/\/www.periferieprahy.cz\/blog\/2025\/04\/24\/c-p-35-pekarstvi-vaclava-cerneho\/","title":{"rendered":"\u010c.p. 35 Peka\u0159stv\u00ed V\u00e1clava \u010cern\u00e9ho"},"content":{"rendered":"\n<img loading=\"lazy\" decoding=\"async\" border=\"0\" src=\"https:\/\/www.periferieprahy.cz\/blog\/wp-content\/uploads\/2024\/12\/pismo7_21.gif\" width=\"111\" height=\"114\" align=\"left\"><span style=\"display: none\"><font size=\"1\">V <\/font><\/span>Pelik\u00e1nov\u011b ulici \u010d.p. 35 b\u00fdvalo peka\u0159stv\u00ed pana V\u00e1clava \u010cern\u00e9ho, \n\t\t\tjeho\u017e podobizna se dochovala. Druh\u00e1 fotografie je zhotovena p\u0159ed \n\t\t\tt\u00edmto peka\u0159stv\u00edm. Jen bohu\u017eel nev\u00edm, kdo na fotografii je. Neporad\u00ed \n\t\t\tn\u011bkdo? Pan V\u00e1clav \u010cern\u00fd je veden na seznamu z roku 1921 pod \u010d.p. \n\t\t\t35a. Pod \u010d\u00edslem 35 je veden Karel K\u0159\u00ed\u017eek a v roce 1840 zde \u017eil Jan \n\t\t\tKn\u00ed\u017e\u00e1k.\n\n\n\n<div style=\"height:7px\" aria-hidden=\"true\" class=\"wp-block-spacer\"><\/div>\n\n\n\n<figure class=\"wp-block-gallery has-nested-images columns-default is-cropped wp-block-gallery-1 is-layout-flex wp-block-gallery-is-layout-flex\">\n<figure data-wp-context=\"{&quot;imageId&quot;:&quot;69f2fbe3ae142&quot;}\" data-wp-interactive=\"core\/image\" data-wp-key=\"69f2fbe3ae142\" class=\"wp-block-image size-large wp-lightbox-container\"><img loading=\"lazy\" decoding=\"async\" width=\"496\" height=\"752\" data-wp-class--hide=\"state.isContentHidden\" data-wp-class--show=\"state.isContentVisible\" data-wp-init=\"callbacks.setButtonStyles\" data-wp-on--click=\"actions.showLightbox\" data-wp-on--load=\"callbacks.setButtonStyles\" data-wp-on-window--resize=\"callbacks.setButtonStyles\" data-id=\"2977\" src=\"https:\/\/www.periferieprahy.cz\/blog\/wp-content\/uploads\/2025\/04\/cp35.h2.jpg\" alt=\"\" class=\"wp-image-2977\" srcset=\"https:\/\/www.periferieprahy.cz\/blog\/wp-content\/uploads\/2025\/04\/cp35.h2.jpg 496w, https:\/\/www.periferieprahy.cz\/blog\/wp-content\/uploads\/2025\/04\/cp35.h2-198x300.jpg 198w\" sizes=\"auto, (max-width: 496px) 100vw, 496px\" \/><button\n\t\t\tclass=\"lightbox-trigger\"\n\t\t\ttype=\"button\"\n\t\t\taria-haspopup=\"dialog\"\n\t\t\taria-label=\"Zv\u011bt\u0161it\"\n\t\t\tdata-wp-init=\"callbacks.initTriggerButton\"\n\t\t\tdata-wp-on--click=\"actions.showLightbox\"\n\t\t\tdata-wp-style--right=\"state.imageButtonRight\"\n\t\t\tdata-wp-style--top=\"state.imageButtonTop\"\n\t\t>\n\t\t\t<svg xmlns=\"http:\/\/www.w3.org\/2000\/svg\" width=\"12\" height=\"12\" fill=\"none\" viewBox=\"0 0 12 12\">\n\t\t\t\t<path fill=\"#fff\" d=\"M2 0a2 2 0 0 0-2 2v2h1.5V2a.5.5 0 0 1 .5-.5h2V0H2Zm2 10.5H2a.5.5 0 0 1-.5-.5V8H0v2a2 2 0 0 0 2 2h2v-1.5ZM8 12v-1.5h2a.5.5 0 0 0 .5-.5V8H12v2a2 2 0 0 1-2 2H8Zm2-12a2 2 0 0 1 2 2v2h-1.5V2a.5.5 0 0 0-.5-.5H8V0h2Z\" \/>\n\t\t\t<\/svg>\n\t\t<\/button><figcaption class=\"wp-element-caption\">Peka\u0159 V\u00e1clav \u010cern\u00fd, kter\u00fd m\u011bl pek\u00e1rnu v Pelik\u00e1nov\u011b ulici \u010d.p. 35<\/figcaption><\/figure>\n\n\n\n<figure data-wp-context=\"{&quot;imageId&quot;:&quot;69f2fbe3ae641&quot;}\" data-wp-interactive=\"core\/image\" data-wp-key=\"69f2fbe3ae641\" class=\"wp-block-image size-large wp-lightbox-container\"><img loading=\"lazy\" decoding=\"async\" width=\"464\" height=\"750\" data-wp-class--hide=\"state.isContentHidden\" data-wp-class--show=\"state.isContentVisible\" data-wp-init=\"callbacks.setButtonStyles\" data-wp-on--click=\"actions.showLightbox\" data-wp-on--load=\"callbacks.setButtonStyles\" data-wp-on-window--resize=\"callbacks.setButtonStyles\" data-id=\"2978\" src=\"https:\/\/www.periferieprahy.cz\/blog\/wp-content\/uploads\/2025\/04\/cp35.h3.jpg\" alt=\"\" class=\"wp-image-2978\" srcset=\"https:\/\/www.periferieprahy.cz\/blog\/wp-content\/uploads\/2025\/04\/cp35.h3.jpg 464w, https:\/\/www.periferieprahy.cz\/blog\/wp-content\/uploads\/2025\/04\/cp35.h3-186x300.jpg 186w\" sizes=\"auto, (max-width: 464px) 100vw, 464px\" \/><button\n\t\t\tclass=\"lightbox-trigger\"\n\t\t\ttype=\"button\"\n\t\t\taria-haspopup=\"dialog\"\n\t\t\taria-label=\"Zv\u011bt\u0161it\"\n\t\t\tdata-wp-init=\"callbacks.initTriggerButton\"\n\t\t\tdata-wp-on--click=\"actions.showLightbox\"\n\t\t\tdata-wp-style--right=\"state.imageButtonRight\"\n\t\t\tdata-wp-style--top=\"state.imageButtonTop\"\n\t\t>\n\t\t\t<svg xmlns=\"http:\/\/www.w3.org\/2000\/svg\" width=\"12\" height=\"12\" fill=\"none\" viewBox=\"0 0 12 12\">\n\t\t\t\t<path fill=\"#fff\" d=\"M2 0a2 2 0 0 0-2 2v2h1.5V2a.5.5 0 0 1 .5-.5h2V0H2Zm2 10.5H2a.5.5 0 0 1-.5-.5V8H0v2a2 2 0 0 0 2 2h2v-1.5ZM8 12v-1.5h2a.5.5 0 0 0 .5-.5V8H12v2a2 2 0 0 1-2 2H8Zm2-12a2 2 0 0 1 2 2v2h-1.5V2a.5.5 0 0 0-.5-.5H8V0h2Z\" \/>\n\t\t\t<\/svg>\n\t\t<\/button><figcaption class=\"wp-element-caption\">P\u0159ed peka\u0159stv\u00edm v Pelik\u00e1nov\u011b ulici \u010d.p. 35. Bohu\u017eel nev\u00edm, kdo je na fotografii.<\/figcaption><\/figure>\n<\/figure>\n\n\n<div class=\"su-image-carousel  su-image-carousel-has-spacing su-image-carousel-crop su-image-carousel-crop-1-1 su-image-carousel-has-lightbox su-image-carousel-has-outline su-image-carousel-adaptive su-image-carousel-slides-style-default su-image-carousel-controls-style-dark su-image-carousel-align-center\" style=\"max-width:600px\" data-flickity-options='{\"groupCells\":true,\"cellSelector\":\".su-image-carousel-item\",\"adaptiveHeight\":false,\"cellAlign\":\"left\",\"prevNextButtons\":true,\"pageDots\":true,\"autoPlay\":3000,\"imagesLoaded\":true,\"contain\":true,\"selectedAttraction\":0.025000000000000001387778780781445675529539585113525390625,\"friction\":0.2800000000000000266453525910037569701671600341796875}' id=\"su_image_carousel_69f2fbe3b056b\"><div class=\"su-image-carousel-item\"><div class=\"su-image-carousel-item-content\"><a href=\"https:\/\/www.periferieprahy.cz\/blog\/wp-content\/uploads\/2025\/04\/image-7.png\" data-caption=\"Pohled do uli\u010dky V Domc\u00edch v roce 2009. Vpravo je \u010d.p. 35, vlevo zadn\u00ed trkat \u010d.p. 31\"><img loading=\"lazy\" decoding=\"async\" width=\"700\" height=\"565\" src=\"https:\/\/www.periferieprahy.cz\/blog\/wp-content\/uploads\/2025\/04\/image-7.png\" class=\"\" alt=\"\" srcset=\"https:\/\/www.periferieprahy.cz\/blog\/wp-content\/uploads\/2025\/04\/image-7.png 700w, https:\/\/www.periferieprahy.cz\/blog\/wp-content\/uploads\/2025\/04\/image-7-300x242.png 300w\" sizes=\"auto, (max-width: 700px) 100vw, 700px\" \/><span>Pohled do uli\u010dky V Domc\u00edch v roce 2009. Vpravo je \u010d.p. 35, vlevo zadn\u00ed trkat \u010d.p. 31<\/span><\/a><\/div><\/div><div class=\"su-image-carousel-item\"><div class=\"su-image-carousel-item-content\"><a href=\"https:\/\/www.periferieprahy.cz\/blog\/wp-content\/uploads\/2025\/04\/image-8.png\" data-caption=\"Pohled do uli\u010dky V Domc\u00edch v roce 2023. Vpravo je \u010d.p. 35, vlevo ji\u017e po demolici \u010d.p. 31. Kr\u00e1tce se naskytl zaj\u00edmav\u00fd pohled na b\u00fdvalou \u0161kolu a prostor kolem kostela.\"><img loading=\"lazy\" decoding=\"async\" width=\"672\" height=\"606\" src=\"https:\/\/www.periferieprahy.cz\/blog\/wp-content\/uploads\/2025\/04\/image-8.png\" class=\"\" alt=\"\" srcset=\"https:\/\/www.periferieprahy.cz\/blog\/wp-content\/uploads\/2025\/04\/image-8.png 672w, https:\/\/www.periferieprahy.cz\/blog\/wp-content\/uploads\/2025\/04\/image-8-300x271.png 300w\" sizes=\"auto, (max-width: 672px) 100vw, 672px\" \/><span>Pohled do uli\u010dky V Domc\u00edch v roce 2023. Vpravo je \u010d.p. 35, vlevo ji\u017e po demolici \u010d.p. 31. Kr\u00e1tce se naskytl zaj\u00edmav\u00fd pohled na b\u00fdvalou \u0161kolu a prostor kolem kostela.<\/span><\/a><\/div><\/div><div class=\"su-image-carousel-item\"><div class=\"su-image-carousel-item-content\"><a href=\"https:\/\/www.periferieprahy.cz\/blog\/wp-content\/uploads\/2025\/04\/cp31_7.jpg\" data-caption=\"Vize projektu APRIS s.r.o. rok 2022 p\u0159evzato z https:\/\/apris.cz\/ - Pohled  z  Pelik\u00e1nova X V Domc\u00edch. Je patrn\u00e9, \u017ee p\u016fvodn\u00ed rozsah objektu \u010d.p. 31 bude p\u016fdorysn\u011b zachov\u00e1n. Vpravo je \u010d.p.35, kde b\u00fdvalo peka\u0159stv\u00ed pana V\u00e1clava \u010cern\u00e9ho. Doufejme, \u017ee z\u016fstane zachov\u00e1no i p\u016fvodn\u00ed, kamenn\u00e9 dl\u00e1\u017ed\u011bn\u00ed ulice V Domc\u00edch.\"><img loading=\"lazy\" decoding=\"async\" width=\"1800\" height=\"1531\" src=\"https:\/\/www.periferieprahy.cz\/blog\/wp-content\/uploads\/2025\/04\/cp31_7.jpg\" class=\"\" alt=\"\" srcset=\"https:\/\/www.periferieprahy.cz\/blog\/wp-content\/uploads\/2025\/04\/cp31_7.jpg 1800w, https:\/\/www.periferieprahy.cz\/blog\/wp-content\/uploads\/2025\/04\/cp31_7-300x255.jpg 300w, https:\/\/www.periferieprahy.cz\/blog\/wp-content\/uploads\/2025\/04\/cp31_7-1024x871.jpg 1024w, https:\/\/www.periferieprahy.cz\/blog\/wp-content\/uploads\/2025\/04\/cp31_7-768x653.jpg 768w, https:\/\/www.periferieprahy.cz\/blog\/wp-content\/uploads\/2025\/04\/cp31_7-1536x1306.jpg 1536w\" sizes=\"auto, (max-width: 1800px) 100vw, 1800px\" \/><span>Vize projektu APRIS s.r.o. rok 2022 p\u0159evzato z https:\/\/apris.cz\/ - Pohled  z  Pelik\u00e1nova X V Domc\u00edch. Je patrn\u00e9, \u017ee p\u016fvodn\u00ed rozsah objektu \u010d.p. 31 bude p\u016fdorysn\u011b zachov\u00e1n. Vpravo je \u010d.p.35, kde b\u00fdvalo peka\u0159stv\u00ed pana V\u00e1clava \u010cern\u00e9ho. Doufejme, \u017ee z\u016fstane zachov\u00e1no i p\u016fvodn\u00ed, kamenn\u00e9 dl\u00e1\u017ed\u011bn\u00ed ulice V Domc\u00edch.<\/span><\/a><\/div><\/div><\/div><script id=\"su_image_carousel_69f2fbe3b056b_script\">if(window.SUImageCarousel){setTimeout(function() {window.SUImageCarousel.initGallery(document.getElementById(\"su_image_carousel_69f2fbe3b056b\"))}, 0);}var su_image_carousel_69f2fbe3b056b_script=document.getElementById(\"su_image_carousel_69f2fbe3b056b_script\");if(su_image_carousel_69f2fbe3b056b_script){su_image_carousel_69f2fbe3b056b_script.parentNode.removeChild(su_image_carousel_69f2fbe3b056b_script);}<\/script>\n\n\n\n<p><\/p>\n","protected":false},"excerpt":{"rendered":"<p>V Pelik\u00e1nov\u011b ulici \u010d.p. 35 b\u00fdvalo peka\u0159stv\u00ed pana V\u00e1clava \u010cern\u00e9ho, jeho\u017e podobizna se dochovala. Druh\u00e1 fotografie je zhotovena p\u0159ed t\u00edmto peka\u0159stv\u00edm. Jen bohu\u017eel nev\u00edm, kdo na fotografii je. Neporad\u00ed n\u011bkdo? Pan V\u00e1clav \u010cern\u00fd je veden na seznamu z roku 1921 pod \u010d.p. 35a. Pod \u010d\u00edslem 35 je veden Karel K\u0159\u00ed\u017eek a v roce 1840 zde &hellip;<br \/><a href=\"https:\/\/www.periferieprahy.cz\/blog\/2025\/04\/24\/c-p-35-pekarstvi-vaclava-cerneho\/\" class=\"more-link pen_button pen_element_default pen_icon_arrow_double\">Pokra\u010dovat ve\u00a0\u010dten\u00ed <span class=\"screen-reader-text\">\u010c.p. 35 Peka\u0159stv\u00ed V\u00e1clava \u010cern\u00e9ho<\/span><\/a><\/p>\n","protected":false},"author":1,"featured_media":2990,"comment_status":"open","ping_status":"open","sticky":false,"template":"","format":"standard","meta":{"_exactmetrics_skip_tracking":false,"_exactmetrics_sitenote_active":false,"_exactmetrics_sitenote_note":"","_exactmetrics_sitenote_category":0,"footnotes":""},"categories":[33,3,32],"tags":[],"post_folder":[],"class_list":["post-2973","post","type-post","status-publish","format-standard","has-post-thumbnail","hentry","category-obchody_sluzby","category-redakce","category-zivnosti_obchody"],"_links":{"self":[{"href":"https:\/\/www.periferieprahy.cz\/blog\/wp-json\/wp\/v2\/posts\/2973","targetHints":{"allow":["GET"]}}],"collection":[{"href":"https:\/\/www.periferieprahy.cz\/blog\/wp-json\/wp\/v2\/posts"}],"about":[{"href":"https:\/\/www.periferieprahy.cz\/blog\/wp-json\/wp\/v2\/types\/post"}],"author":[{"embeddable":true,"href":"https:\/\/www.periferieprahy.cz\/blog\/wp-json\/wp\/v2\/users\/1"}],"replies":[{"embeddable":true,"href":"https:\/\/www.periferieprahy.cz\/blog\/wp-json\/wp\/v2\/comments?post=2973"}],"version-history":[{"count":5,"href":"https:\/\/www.periferieprahy.cz\/blog\/wp-json\/wp\/v2\/posts\/2973\/revisions"}],"predecessor-version":[{"id":2993,"href":"https:\/\/www.periferieprahy.cz\/blog\/wp-json\/wp\/v2\/posts\/2973\/revisions\/2993"}],"wp:featuredmedia":[{"embeddable":true,"href":"https:\/\/www.periferieprahy.cz\/blog\/wp-json\/wp\/v2\/media\/2990"}],"wp:attachment":[{"href":"https:\/\/www.periferieprahy.cz\/blog\/wp-json\/wp\/v2\/media?parent=2973"}],"wp:term":[{"taxonomy":"category","embeddable":true,"href":"https:\/\/www.periferieprahy.cz\/blog\/wp-json\/wp\/v2\/categories?post=2973"},{"taxonomy":"post_tag","embeddable":true,"href":"https:\/\/www.periferieprahy.cz\/blog\/wp-json\/wp\/v2\/tags?post=2973"},{"taxonomy":"post_folder","embeddable":true,"href":"https:\/\/www.periferieprahy.cz\/blog\/wp-json\/wp\/v2\/post_folder?post=2973"}],"curies":[{"name":"wp","href":"https:\/\/api.w.org\/{rel}","templated":true}]}}