{"id":2989,"date":"2025-04-24T20:54:59","date_gmt":"2025-04-24T18:54:59","guid":{"rendered":"https:\/\/www.periferieprahy.cz\/blog\/?p=2989"},"modified":"2025-07-08T22:47:34","modified_gmt":"2025-07-08T20:47:34","slug":"c-p-36-hostinec-u-kuceru","status":"publish","type":"post","link":"https:\/\/www.periferieprahy.cz\/blog\/2025\/04\/24\/c-p-36-hostinec-u-kuceru\/","title":{"rendered":"\u010c.p. 36 hostinec U Ku\u010der\u016f"},"content":{"rendered":"\n<p align=\"left\">\n\t\t\t<i><font color=\"#000080\">\n\t\t\t<img loading=\"lazy\" decoding=\"async\" border=\"0\" src=\"https:\/\/www.periferieprahy.cz\/blog\/wp-content\/uploads\/2024\/12\/pismo7_10.gif\" width=\"92\" height=\"124\" align=\"left\"><\/font><b><font face=\"Times New Roman\" color=\"#CC0000\" size=\"7\">u\u010derova \n\t\t\trestaurace<\/font><\/b><\/i><p align=\"left\">\n\t\t\tDal\u0161\u00ed, nem\u00e9n\u011b v\u00fdznamnou libockou hospodou je hostinec, o kter\u00e9m lze \n\t\t\tpr\u00e1vem tvrdit, \u017ee byl nejstar\u0161\u00edm hostincem v Liboci. P\u0159i \u010d\u00edslov\u00e1n\u00ed \n\t\t\tdom\u016f kolem roku 1770 bylo t\u00e9to usedlosti p\u0159id\u011bleno \u010d\u00edslo popisn\u00e9 36. \n\t\t\tI kdy\u017e v matrik\u00e1ch star\u0161\u00edch jsou z\u00e1znamy, kter\u00e9 mohou m\u00edt souvislost \n\t\t\ts t\u00edmto domem, uv\u00e1d\u00edme zde pouze z\u00e1znamy, kde je \u010d\u00edslo popisn\u00e9 \n\t\t\tuvedeno, abychom vylou\u010dili mo\u017en\u00e1 myln\u00e1 tvrzen\u00ed.\n\n\n\n<p>Prvn\u00ed, takto dolo\u017eiteln\u00fd z\u00e1znam je o narozen\u00ed <a href=\"#veronika1773\">Veroniky *2.7.1773<\/a>; otec <strong>Jan Kubr \u0161enk\u00fd\u0159 <\/strong>[pincerna], matka Apolena. Dal\u0161\u00ed z\u00e1znam&nbsp; nese datum <a href=\"#jakub1774\">*15.7.1774<\/a>; to se zde narodil Jakub; otec Kri\u0161tof \u0158eho\u0159, kov\u00e1\u0159; matka Al\u017eb\u011bta. Dokazuje n\u00e1m to, \u017ee v rozs\u00e1hl\u00e9m objektu byla i kov\u00e1rna. Bylo nalezeno mnoho z\u00e1pis\u016f, kter\u00e9 potvrzuj\u00ed, \u017ee se zde vyst\u0159\u00eddalo v\u00edce kov\u00e1\u0159sk\u00fdch mistr\u016f, tovary\u0161\u016f a pozd\u011bji z\u00e1me\u010dn\u00edk\u016f, ale i jin\u00fdch profes\u00ed, ne\u017e hospodsk\u00fdch. Ale proto\u017ee to byla p\u0159edev\u0161\u00edm hospoda, tak zde ty osobnosti jin\u00fdch \u0159emesel, a\u017e na v\u00fdjimky&nbsp; nebudeme uv\u00e1d\u011bt. <em>V hospodsk\u00e9m staven\u00ed majitel nebo n\u00e1jemce hospody provozoval sou\u010dasn\u011b i \u0159eznictv\u00ed. Je neuv\u011b\u0159iteln\u00e9, jak velik\u00e9 mno\u017estv\u00ed lid\u00ed ob\u00fdvalo \u010dasem takov\u00fd vesnick\u00fd d\u016fm (vlastn\u011b domy dva). Nap\u0159\u00edklad v roce 1863 je v dom\u011b zaznamen\u00e1no na 45 obyvatel!<\/em> Vra\u0165me se k potomk\u016fm Jana Kubra. Bylo jich po\u017eehnan\u011b: <a href=\"#vaclav1775\">V\u00e1clav *20.1.1775<\/a>; <a href=\"#jan1776\">Jan *22.9.1776<\/a>; <a href=\"#karel1779\">Karel *20.2.1779<\/a>; <a href=\"#frantisek1781\">Franti\u0161ek *2.4.1781<\/a>; <a href=\"#apolena1784\">Apollena *6.11.1784<\/a>; <a href=\"#Marianna1788\">Marianna *27.8.1788<\/a>. Dne <a href=\"#apolena1791_tod\">\u202011.10.1791<\/a> zem\u0159ela na krvotok p\u0159i tragick\u00e9m porodu ve v\u011bku 36 let Apollena Kubrov\u00e1 prvn\u00ed man\u017eelka Jana Kubra. Ten se znovu o\u017eenil s Mariannou, dcerou&nbsp; Josefa Dr\u00e1ba, handl\u00ed\u0159e ze Slan\u00e9ho a m\u011bl s n\u00ed dal\u0161\u00ed d\u011bti: <a href=\"#johanna1797\">Johannu *22.9.1797<\/a>; <a href=\"#frantisek1799\">Franti\u0161ka *4.4.1799<\/a> a <a href=\"#marie1803\">Marii *12.11.1803<\/a> . Dne <a href=\"#marie1806_tod\">\u202013.2.1806<\/a> zem\u0159ela ve v\u011bku 26 let na Pete\u010de [b\u0159i\u0161n\u00ed tyfus] Marie, man\u017eelka Jana Kubra, libock\u00fdho hospodsk\u00fdho. Jan Kubr se do\u017eil pom\u011brn\u011b vysok\u00e9ho v\u011bku sedmdes\u00e1ti let. Zem\u0159el v\u011bkem dne <a href=\"#jan_kubr_tod1818\">\u202021.5.1818<\/a>. T\u00edm se uzav\u00edr\u00e1 jedna etapa starobyl\u00e9 hospody libock\u00e9, kdy se zde asi \u0159\u00edkalo <strong>&#8222;U Kubr\u016f&#8220;<\/strong>.<\/p>\n\n\n\n<p>Je\u0161t\u011b p\u0159ed svou smrt\u00ed Jan Kubr&nbsp; hospodu propachtoval&nbsp; <strong>V\u00e1clavu Sou\u010dkovi, mistru \u0159eznick\u00e9mu z Motola a &#8222;t\u00e9ho\u017e \u010dasu pacht\u00fd\u0159i hospody libock\u00e9&#8220;<\/strong>. Muselo se to st\u00e1t p\u0159ed datem <a href=\"#frantisek1816\">*7.7.1816<\/a>; to se narodil Franti\u0161ek. Otcem byl V\u00e1clav Sou\u010dek, mistr \u0159eznick\u00fd, t\u00e9ho\u017e \u010dasu pacht\u00fd\u0159 hospody libock\u00e9, matka Dorota dcera&nbsp; Jana Zv\u011b\u0159iny, poklasn\u00e9ho, ponocn\u00e9ho&nbsp; z Motola. V\u00e1clav Sou\u010dek \u010depoval v Liboci pivo do po\u010d\u00e1tku roku 1821. Mezit\u00edm se zde narodily jejich dal\u0161\u00ed dv\u011b d\u011bti: <a href=\"#vaclav1818\">V\u00e1clav *10.3.1818<\/a> a <a href=\"#anna1820\">Anna * 10.4.1820<\/a>.<\/p>\n\n\n\n<p>Na ja\u0159e v roce 1821 ji\u017e stoj\u00ed za p\u00edpou <strong>\u0161enk\u00fd\u0159 Josef Voj\u00ed\u0159<\/strong>. Ji\u017e jsme se s t\u00edmto jm\u00e9nem setkali p\u0159i zji\u0161\u0165ov\u00e1n\u00ed historie domku <a href=\"https:\/\/www.periferieprahy.cz\/blog\/2025\/03\/29\/c-p-16-vajsuv-a-zvonickuv-domek\/\" data-type=\"link\" data-id=\"https:\/\/www.periferieprahy.cz\/blog\/2025\/03\/29\/c-p-16-vajsuv-a-zvonickuv-domek\/\">\u010d.p.16<\/a> . Domk\u00e1\u0159 Josef Voj\u00ed\u0159 zde \u017eil se svou prvn\u00ed \u017eenou Mari\u00ed rozenou Podhorskou a zde se jim narodil <a href=\"https:\/\/www.periferieprahy.cz\/blog\/2025\/03\/29\/c-p-16-vajsuv-a-zvonickuv-domek\/#vojir1819\" data-type=\"link\" data-id=\"https:\/\/www.periferieprahy.cz\/blog\/2025\/03\/29\/c-p-16-vajsuv-a-zvonickuv-domek\/#vojir1819\">*3.3.1819 syn Jan <\/a><strong>.<\/strong> Pro \u00faplnost: Josef Voj\u00ed\u0159 si vzal Marii Podhorskou <a href=\"#josef_vojir_marie_podhorska1817\">\u221e4.2.1817<\/a>. Ta se narodila v <a href=\"file:\/\/\/C:\/Users\/jarda\/Documents\/weby\/periferieprahy\/1_cp16.htm\"> <\/a><a href=\"https:\/\/www.periferieprahy.cz\/blog\/2025\/03\/29\/c-p-16-vajsuv-a-zvonickuv-domek\/\" data-type=\"link\" data-id=\"https:\/\/www.periferieprahy.cz\/blog\/2025\/03\/29\/c-p-16-vajsuv-a-zvonickuv-domek\/\">\u010d.p.16<\/a>&nbsp; dne <a href=\"https:\/\/www.periferieprahy.cz\/blog\/2025\/03\/29\/c-p-16-vajsuv-a-zvonickuv-domek\/#marianna1796\">*6.12.1796 <\/a>&nbsp;zedn\u00edku Josefu Podhorsk\u00e9mu. Rodina Josefa Voj\u00ed\u0159e se p\u0159ist\u011bhovala do hospody \u010d.p.36 n\u011bkdy po\u010d\u00e1tkem roku 1821, proto\u017ee se zde narodila <a href=\"#anna1821\">&nbsp;*15.3.1821 Anna<\/a> ; a d\u00e1le&nbsp; <a href=\"#marie1822\">Marie *1.9.1822<\/a> a <a href=\"#barbora1823\">Barbora *3.7.1823<\/a>. Ta v\u0161ak druh\u00fd den po porodu um\u0159ela a za n\u011bkolik dn\u00ed pot\u00e9 <a href=\"#marie_vojirova_tod1823\">&nbsp;\u2020 12.7.1823<\/a> zem\u0159ela ve v\u011bku 27 let na poporodn\u00ed komplikace i jej\u00ed matka Marie. Aby Josef Voj\u00ed\u0159 zabezpe\u010dil pro sv\u00e9 d\u011bti mate\u0159skou p\u00e9\u010di, nezb\u00fdvalo, ne\u017e se znovu co nejd\u0159\u00edve o\u017eenit. Stalo se <a href=\"#josef_vojir_anna_sestakova1823\">\u221e8.11.1823<\/a>. Vzal si za \u017eenu Annu, rozenou \u0160est\u00e1kovou <a href=\"https:\/\/www.periferieprahy.cz\/blog\/2025\/04\/07\/c-p-18-sestakuv-a-kubruv-statek\/#anna1800\">*6.1.1800<\/a> z <a href=\"https:\/\/www.periferieprahy.cz\/blog\/2025\/04\/07\/c-p-18-sestakuv-a-kubruv-statek\/\">\u010d.p.18<\/a>, dceru V\u00e1clava \u0160est\u00e1ka. S tou m\u011bl je\u0161t\u011b n\u011bkolik dal\u0161\u00edch potomk\u016f: <a href=\"#barbora1824\">Barbora *19.12.1824<\/a>; <a href=\"#magdalena1826\">Magdalena *7.11.1826<\/a>; <a href=\"#josef1828\">Josef *28.8.1828<\/a> a <a href=\"#franti\u0161ka1832\">Franti\u0161ka *11.1.1832<\/a>. A zde stopa v matrik\u00e1ch miz\u00ed. Nenalezl jsem z\u00e1pisy o \u00famrt\u00ed Josefa Voj\u00ed\u0159e, ani jeho \u017eeny Anny. Je mo\u017en\u00e9, \u017ee se z Liboce odst\u011bhovali.<\/p>\n\n\n\n<p><em>V p\u00edsemn\u00e9m elabor\u00e1tu stabiln\u00edho katastru z r. 1840 je k \u010d\u00edslu 36 p\u0159ips\u00e1no nov\u00e9 jm\u00e9no: <strong>Jan Hou\u0161ka, hostinsk\u00fd<\/strong>. Hou\u0161ka je ale zaps\u00e1n k \u010dp. 36 u\u017e d\u0159\u00edve, u\u017e p\u0159ed rokem 1840 vyst\u0159\u00eddal pr\u00e1v\u011b Josefa Voj\u00ed\u0159e. Rod Hou\u0161k\u016f hospodu dlouho nedr\u017eel, v r. 1846 je tam ps\u00e1na u\u017e vdova Ludmila a samostatn\u00fd nov\u00fd hostinsk\u00fd, syn Josef Hou\u0161ka s rodinou. <\/em>V matrik\u00e1ch jsem objevil prvn\u00ed z\u00e1znam a\u017e <a href=\"#anna1847\">* 20.6.1847<\/a> kdy se man\u017eel\u016fm Janu Hou\u0161kov\u00ed a Ludmile, rozen\u00e9 Sosnov\u00e9 z Hostivic,&nbsp; narodila dcera Anna. V Liboci se je\u0161t\u011b narodil syn Franti\u0161ek <a href=\"#frantisek1851\">* 2.12.1851<\/a> a potom u\u017e jsem nic o t\u00e9to rodin\u011b neobjevil.<\/p>\n\n\n\n<p>Jestli Hou\u0161kovi v hospod\u011b p\u016fsobili n\u011bkdy v obdob\u00ed 1840 a\u017e 1851, je z\u00e1hadou, \u017ee se objevuje z\u00e1pis u \u010d.p.36 o narozen\u00ed Ane\u017eky <a href=\"#anezka1850\">*22.2.1850<\/a>, jej\u00edm\u017e otcem byl <strong>Vincenc Th\u00fcringer, n\u00e1jemn\u00edk hospody v Liboci.<\/strong> Vice jsem o t\u00e9to rodin\u011b nezjistil.<\/p>\n\n\n\n<p>Posledn\u00edmi a nejd\u016fle\u017eit\u011bj\u0161\u00edmi vlastn\u00edky \u010d.p.36 a hospodsk\u00fdmi byli Ku\u010derovi. Proto si o nich pov\u00edme n\u011bco v\u00edce. Ku\u010derovi poch\u00e1zeli z nedalek\u00fdch \u00dahonic. Z matri\u010dn\u00edch z\u00e1znam\u016f se dozv\u00edd\u00e1me \u017ee zde na po\u010d\u00e1tku 19. stolet\u00ed v \u010d.p.6 sedla\u010dil Jan Ku\u010dera, jeho\u017e man\u017eelkou&nbsp; byla <a href=\"#anna1782\">Anna Hole\u010dkov\u00e1 *1.10.1782<\/a>, poch\u00e1zej\u00edc\u00ed ze statku <a href=\"https:\/\/www.periferieprahy.cz\/blog\/2025\/04\/03\/c-p-17-holeckarna\/#anna1782\">\u010d.p.17 &#8222;Hole\u010dk\u00e1rny&#8220;<\/a>. Dokazuj\u00ed&nbsp; to matri\u010dn\u00ed z\u00e1znamy, zejm\u00e9na z\u00e1znam o s\u0148atku Anny Hole\u010dkov\u00e9 a Jana Ku\u010dery <a href=\"#jankucera_annaholeckova_1800\">\u221e 23.11.1800 <\/a>. Jim se narodil syn <em>Josef Ku\u010dera * 3. b\u0159ezna 1819 <\/em>[ neov\u011b\u0159eno, nenalezeno], kter\u00fd se v Liboci o\u017eenil <a href=\"#josef_kucera_barb_pos1841\">\u221e15.2.1841<\/a> s Barborou Posovou dcerou Josefa Pose, domk\u00e1\u0159e z Liboce \u2116 30 a matky Anny <a href=\"https:\/\/www.periferieprahy.cz\/blog\/2025\/04\/07\/c-p-18-sestakuv-a-kubruv-statek\/#anna1779\">*1.5.1779<\/a> rozen\u00e9 \u0160est\u00e1kov\u00e9 dcery V\u00e1clava \u0160est\u00e1ka z<a href=\"https:\/\/www.periferieprahy.cz\/blog\/2025\/04\/07\/c-p-18-sestakuv-a-kubruv-statek\/\"> \u010d.p.18<\/a> (Josef Pos a Anna \u0160est\u00e1kov\u00e1 uzav\u0159eli s\u0148atek <a href=\"#josef_pos_anna_sestakova1805\">\u221e21.1.1805<\/a>).<\/p>\n\n\n\n<p><strong>Josef Ku\u010dera byl zedn\u00edk <\/strong>a s Barborou, roz. Posovou m\u011bl n\u011bkolik potomk\u016f. Prvn\u00ed Anna se narodila <a href=\"#anna1843\">*8.3.1843<\/a> pr\u00e1v\u011b v \u010d.p. 36, kde asi rodina \u017eila v podn\u00e1jmu. Dal\u0161\u00ed dcera <a href=\"#majdalena1847\">Majdalena *8.3.1847<\/a> se zase narodila v \u010d.p.24, provdala se dne <a href=\"#kucera_josef_majdalena1866\">\u221e<\/a><a href=\"#kucera_josef_majdalena1866\">31.7. 1866<\/a>&nbsp; za <a href=\"#josef1844\">Josefa Ku\u010deru *26.5.1844<\/a>, zedn\u00edka z \u010d.p. 49 Jejich syn Josef Ku\u010dera si vzal Barboru Ku\u010derovou, dceru hostinsk\u00e9ho Josefa Ku\u010dery z \u010d.p.36. Jsou to dost komplikovan\u00e9 p\u0159\u00edbuzensk\u00e9 vztahy, tak to bude l\u00e9pe vyj\u00e1d\u0159it graficky:<\/p>\n\n\n<div class=\"wp-block-image\">\n<figure data-wp-context=\"{&quot;imageId&quot;:&quot;69f3095fa3e4e&quot;}\" data-wp-interactive=\"core\/image\" data-wp-key=\"69f3095fa3e4e\" class=\"aligncenter size-full wp-lightbox-container\"><img loading=\"lazy\" decoding=\"async\" width=\"944\" height=\"402\" data-wp-class--hide=\"state.isContentHidden\" data-wp-class--show=\"state.isContentVisible\" data-wp-init=\"callbacks.setButtonStyles\" data-wp-on--click=\"actions.showLightbox\" data-wp-on--load=\"callbacks.setButtonStyles\" data-wp-on-window--resize=\"callbacks.setButtonStyles\" src=\"https:\/\/www.periferieprahy.cz\/blog\/wp-content\/uploads\/2025\/04\/cp36_13.jpg\" alt=\"\" class=\"wp-image-3101\" srcset=\"https:\/\/www.periferieprahy.cz\/blog\/wp-content\/uploads\/2025\/04\/cp36_13.jpg 944w, https:\/\/www.periferieprahy.cz\/blog\/wp-content\/uploads\/2025\/04\/cp36_13-300x128.jpg 300w, https:\/\/www.periferieprahy.cz\/blog\/wp-content\/uploads\/2025\/04\/cp36_13-768x327.jpg 768w\" sizes=\"auto, (max-width: 944px) 100vw, 944px\" \/><button\n\t\t\tclass=\"lightbox-trigger\"\n\t\t\ttype=\"button\"\n\t\t\taria-haspopup=\"dialog\"\n\t\t\taria-label=\"Zv\u011bt\u0161it\"\n\t\t\tdata-wp-init=\"callbacks.initTriggerButton\"\n\t\t\tdata-wp-on--click=\"actions.showLightbox\"\n\t\t\tdata-wp-style--right=\"state.imageButtonRight\"\n\t\t\tdata-wp-style--top=\"state.imageButtonTop\"\n\t\t>\n\t\t\t<svg xmlns=\"http:\/\/www.w3.org\/2000\/svg\" width=\"12\" height=\"12\" fill=\"none\" viewBox=\"0 0 12 12\">\n\t\t\t\t<path fill=\"#fff\" d=\"M2 0a2 2 0 0 0-2 2v2h1.5V2a.5.5 0 0 1 .5-.5h2V0H2Zm2 10.5H2a.5.5 0 0 1-.5-.5V8H0v2a2 2 0 0 0 2 2h2v-1.5ZM8 12v-1.5h2a.5.5 0 0 0 .5-.5V8H12v2a2 2 0 0 1-2 2H8Zm2-12a2 2 0 0 1 2 2v2h-1.5V2a.5.5 0 0 0-.5-.5H8V0h2Z\" \/>\n\t\t\t<\/svg>\n\t\t<\/button><\/figure>\n<\/div>\n\n\n<p>Pokra\u010dujme dal\u0161\u00edmi z\u00e1pisy o narozen\u00ed d\u011bt\u00ed Josefa a Barbory Ku\u010derov\u00fdch: Dal\u0161\u00ed je z\u00e1pis o narozen\u00ed syna Josefa je ze dne&nbsp; <a href=\"#josef1852\">*1.6.1852<\/a>. Ten m\u011bl pozd\u011bji nejv\u011bt\u0161\u00ed z\u00e1sluhu na prosperit\u011b hospody. Syn Josef se narodil v Horn\u00ed Liboci \u010d. 6,&nbsp; ale dal\u0161\u00ed potomci se narodili ji\u017e jen v \u010d.p.36 a otec Josef je uv\u00e1d\u011bn ji\u017e jen jako domk\u00e1\u0159. Lze tedy p\u0159edpokl\u00e1dat, \u017ee nemovitost koupil n\u011bkdy kolem roku 1853. N\u00e1sleduj\u00ed dal\u0161\u00ed potomci Josefa a Barbory Ku\u010derov\u00fdch: <a href=\"#katerina1854\">Kate\u0159ina *30.4.1854<\/a>; <a href=\"#vaclav1856\">V\u00e1clav *10.1.1856<\/a>; <a href=\"#marie1857\">Marie *2.10.1857<\/a> a <a href=\"#eleonora1860\">Eleonora *2.2.1860<\/a>.<\/p>\n\n\n\n<p><em>Nejv\u011bt\u0161\u00edho rozkv\u011btu se do\u010dkala hospoda &#8222;U Ku\u010der\u016f&#8220; <strong>za mlad\u0161\u00edho hostinsk\u00e9ho Josefa Ku\u010dery<\/strong> <\/em><a href=\"#josef1852\">*1.6.1852<\/a><em>, ke konci 19. stolet\u00ed, v dob\u011b neb\u00fdval\u00e9ho rozvoje obou libock\u00fdch osad (a zvl\u00e1\u0161t\u011b p\u0159em\u011bnou Horn\u00ed Liboce v uzn\u00e1van\u00e9 letovisko). Josef Ku\u010dera se st\u00e1v\u00e1 v nov\u011b vznikl\u00e9 obecn\u00ed rad\u011b spojen\u00fdch obou libock\u00fdch obc\u00ed, zvolen\u00e9 r. 1893, \u010dlenem zastupitelstva. Velk\u00fd p\u0159\u00edliv ned\u011bln\u00edch a letn\u00edch host\u00ed vyvolal vznik dal\u0161\u00edch hostinc\u016f a restaurac\u00ed (kolem 1900 bylo od br\u00e1ny do Hv\u011bzdy k viaduktu dr\u00e1hy v Libock\u00e9 ulici osm hospod, dal\u0161\u00ed hostinec byl v ulici Sestupn\u00e9 a dva v libock\u00e9 Divok\u00e9 \u0160\u00e1rce). Josefa Ku\u010deru konkurence nijak neumo\u0159ila, u\u017eivily se tehdy hospody v\u0161echny. Ku\u010dera si na ukon\u010den\u00e9 N\u00e1rodopisn\u00e9 v\u00fdstav\u011b v roce 1895 zakoupil par\u00e1dn\u00ed d\u0159ev\u011bn\u00fd pavilon, postavil ho p\u0159es ulici na podezd\u011bn\u00e9 p\u0159\u00edzem\u00ed jako prvn\u00ed patro. M\u011bl tu v p\u0159\u00edzem\u00ed ve svahu p\u011bkn\u011b studen\u00e9 sklepy, v pat\u0159e s\u00e1l a za n\u00edm na vlastn\u00edm pozemku letn\u00ed restauraci a cvi\u010di\u0161t\u011b Sokola. P\u0159ed p\u0159\u00edzem\u00edm m\u011bl pavilon je\u0161t\u011b krytou letn\u00ed verandu pro p\u0159\u00edjemn\u00e9 posezen\u00ed. <\/em>Pavilon byl bohu\u017eel v roce 2013 str\u017een, co\u017e je nenahraditeln\u00e1 \u0161koda<em>.&nbsp; Ku\u010dera sv\u016fj podnik tak\u00e9 n\u00e1le\u017eit\u011b propagoval v tisc\u00edch spolku &#8222;Zveleby Libock\u00e9&#8220; a i jin\u00fdch: do\u010dteme se tu, \u017ee &#8222;Na cest\u011b k n\u00e1dra\u017e\u00ed je p\u0159\u00edjemn\u00e1 zast\u00e1vka U Ku\u010der\u016f, hostinec v Sokolovn\u011b, Palack\u00e9ho t\u0159\u00edda; pod kostelem.&#8220; &#8211; Ta &#8222;Palack\u00e9ho t\u0159\u00edda&#8220; byla tak trochu samozvan\u00e1 a nadnesen\u00e1.<\/em><\/p>\n\n\n\n<p>Josef Ku\u010dera se o\u017eenil <a href=\"#josef_kucera_anna_kubrova1872\">\u221e8.10.1872<\/a>&nbsp; s Annou Kubrovou <a href=\"https:\/\/www.periferieprahy.cz\/blog\/2025\/03\/22\/c-p-13-statek-u-tucku-pozdeji-kubrovi\/#h73\">*9.6.1851<\/a>, dcerou Mat\u011bje Kubra, sedl\u00e1ka a souseda z <a href=\"https:\/\/www.periferieprahy.cz\/blog\/2025\/03\/22\/c-p-13-statek-u-tucku-pozdeji-kubrovi\/\">\u010d.p.13<\/a>. V\u0161imn\u011bte si i v p\u0159ede\u0161l\u00e9m vypr\u00e1v\u011bn\u00ed, jak se libock\u00e9 rody vz\u00e1jemn\u011b prol\u00ednaly. V z\u00e1pisech o narozen\u00ed potomk\u016f je uv\u00e1d\u011bn <strong>Josef Ku\u010dera a\u017e do roku 1883 jako roln\u00edk a na dal\u0161\u00edch, od roku 1885, ji\u017e jen jako hostinsk\u00fd<\/strong>. A tady jsou ta d\u00edtka: <a href=\"#josef1877\">Josef *24.4.1877<\/a> ; <a href=\"#vaclav1878\">V\u00e1clav *11.9.1878<\/a>; <a href=\"#frantisek1880\">Franti\u0161ek *16.6.1880 &#8211; \u202018.1.1881<\/a>; <a href=\"#eleonora1882\">Eleonora *18.2.1882<\/a>; <a href=\"#matej_antonin1883\">dvoj\u010data Mat\u011bj a Anton\u00edn *6.8.1883 oba zem\u0159eli kr\u00e1tce po narozen\u00ed<\/a>; <a href=\"#bozena1885\">Bo\u017eena *21.3.1885<\/a>; <strong><a href=\"#barbora1887\">Barbora *17.1.1887<\/a><\/strong> , kter\u00e1 se provdala <a href=\"#Josef_kucera_berbora_1909\">\u221e30.9.1909<\/a> za Josefa Ku\u010deru z \u010d.p. 49 a <a href=\"#frantisek1890\">Franti\u0161ek * 19.3.1890<\/a>.<\/p>\n\n\n\n<p><em>Sebev\u011bdom\u00ed \u00fasp\u011b\u0161n\u00e9ho hostinsk\u00e9ho Josefa Ku\u010dery v roce 1902 p\u0159ece tak\u00e9 jednou narazilo. Spor, kter\u00fd zpo\u010d\u00e1tku vypadal vlastn\u011b dost v\u00e1\u017en\u011b, nakonec p\u0159inesl dobr\u00e9 ovoce. \u0160est\u00e1kova libock\u00e1 kronika z roku 1905 to l\u00ed\u010d\u00ed takto: &#8222;Kdy\u017e roku 1902 podali majitel\u00e9 domk\u016f pobl\u00ed\u017e rybn\u00edka c\u00edsa\u0159sk\u00e9ho se nal\u00e9zaj\u00edc\u00ed na obecn\u00ed v\u00fdbor st\u00ed\u017enost, \u017ee se jim majitelem domu \u010d. 36 zamezuje cesta jeho dvorem vedouc\u00ed, kter\u00e1 ji\u017e od star\u00fdch dob jest a byla cestou ve\u0159ejnou, tu uznal obecn\u00ed v\u00fdbor spr\u00e1vnost st\u00ed\u017enosti a rozhodl ve prosp\u011bch doty\u010dn\u00fdch majitel\u016f domk\u016f.&#8220; Ku\u010dera se odvolal k okresu, ten ale potvrdil rozhodnut\u00ed libock\u00e9ho obecn\u00edho v\u00fdboru. Nakonec dohadov\u00e1n\u00ed kon\u010dilo sm\u00edrem a u\u017eite\u010dn\u00fdm rozhodnut\u00edm: obec vybudovala novou, spojovac\u00ed cestu &#8211; silnici &#8211; na sv\u016fj n\u00e1klad, Josef Ku\u010dera a tak\u00e9 soused Josef Kubr p\u0159isp\u011bli zdarma \u010d\u00e1stmi sv\u00fdch pozemk\u016f, a tak za zd\u00ed Ku\u010derova domu a dvora vznikl z\u00e1klad budouc\u00ed nov\u00e9 a d\u016fle\u017eit\u00e9 ulice, v t\u0159ic\u00e1t\u00fdch letech nazvan\u00e9 ulic\u00ed Pelik\u00e1novou.<\/em><\/p>\n\n\n\n<p><em>M\u00e1lokter\u00e1 pra\u017esk\u00e1 ulice m\u00e1 v\u0161ak tak bizarn\u00ed podklad pro sv\u00e9 pojmenov\u00e1n\u00ed. Podle publikace Pra\u017esk\u00fd uli\u010dn\u00edk (Libri. Praha 1997 &#8211; 1998) vd\u011b\u010d\u00ed ulice za sv\u016fj n\u00e1zev Mat\u011bji Pelik\u00e1novi, kter\u00fd pr\u00fd byl na po\u010d\u00e1tku 20. stolet\u00ed velmi popul\u00e1rn\u00ed. Byl to podle sv\u011bdectv\u00ed pam\u011btn\u00edk\u016f, notorick\u00fd opilec, &#8222;kter\u00fd byl poprv\u00e9 a z\u0159ejm\u011b snad i naposled spat\u0159en p\u0159i pr\u00e1ci na \u00faprav\u00e1ch t\u00e9to komunikace na obecn\u00ed n\u00e1klady. Jeho ojedin\u011bl\u00fd pracovn\u00ed v\u00fdkon se zapsal do pam\u011bti ob\u010dan\u016f natolik, \u017ee bylo jeho jm\u00e9no zv\u011b\u010dn\u011bno v n\u00e1zvu ulice.&#8220;&nbsp; <\/em>Mat\u011bj Pelik\u00e1n se narodil <a href=\"#matej_pelikan1849\">*18.9.1849<\/a> pr\u00e1v\u011b v \u010d.p. 36. Jeho otec Anton\u00edn Pelik\u00e1n byl \u0161evcovsk\u00fd mistr z Jistebnice a z\u0159ejm\u011b v \u010d.p.36 m\u011bl pronajatu d\u00edlnu.<\/p>\n\n\n\n<p><em>Prvn\u00ed sv\u011btov\u00e1 v\u00e1lka p\u0159inesla nejen \u00fatlum v nad\u011bjn\u00e9m rozvoji Liboce jako v\u00fdznamn\u00e9ho letoviska, ale dotkla se bolestn\u011b a tragicky mnoha mlad\u00fdch lid\u00ed z Liboce a okol\u00ed a p\u0159inesla z\u00e1rmutek a bolest do tolika rodin. Mezi nimi byla pr\u00e1v\u011b i mlad\u00e1 rodina <strong>Josefa Ku\u010dery<\/strong> <\/em><a href=\"#josef1884\">*8.1.1884<\/a>, syna Josefa Ku\u010dery, ml\u00edka\u0159e z \u010d.p. 49. Mlad\u00fd Josef se stal zedn\u00edkem a dne <a href=\"#Josef_kucera_berbora_1909\">\u221e30.9.1909<\/a> si vzal za man\u017eelku <strong>Barboru Ku\u010derovou <a href=\"#barbora1887\">*17.1.1887<\/a><\/strong> .T\u00edm se p\u0159i\u017eenil do \u010d.p. 36 a stal se zde hostinsk\u00fdm.&nbsp;&nbsp;<\/p>\n\n\n<div class=\"wp-block-image\">\n<figure class=\"aligncenter size-full\"><img loading=\"lazy\" decoding=\"async\" width=\"485\" height=\"68\" src=\"https:\/\/www.periferieprahy.cz\/blog\/wp-content\/uploads\/2025\/04\/cp36.h87.gif\" alt=\"\" class=\"wp-image-3081\"\/><\/figure>\n<\/div>\n\n\n<p>Podle zpr\u00e1vy ve farn\u00edm v\u011bstn\u00edku libock\u00e9m z 12.\u010dervna 1915 &#8222;Josef Ku\u010dera, hostinsk\u00fd z \u010d. 36 D.L. \u010deta\u0159 ran\u011bn&nbsp; <strong>10. z\u00e1\u0159\u00ed 1914<\/strong> o 1\/2 11hod. do prav\u00e9 ruky \u0161rapnelem u m\u011bste\u010dka L.v Hali\u010di<em>&#8220; Po dlouh\u00e9m ne\u00fasp\u011b\u0161n\u00e9m l\u00e9\u010den\u00ed v Brn\u011b a v Praze, zem\u0159el na otravu krve a z\u00e1pal plic ve vojensk\u00e9 nemocnici v Praze na Hrad\u010danech dne <a href=\"#josef_kucera_1915_tod\">\u202012. \u00fanora 1915<\/a> &#8222;v n\u00e1ru\u010d\u00ed sv\u00e9 choti. Byl v ned\u011bli dne 14. \u00fanora slavn\u011b poh\u0159ben ve sv\u00e9m rodi\u0161ti Liboci&#8220;. Po jeho smrti se narodil syn &#8222;pohrobek&#8220;, dal\u0161\u00ed Josef Ku\u010dera.<\/em><\/p>\n\n\n\n<p><em>Po v\u00e1lce se mlad\u00e1 vdova <\/em>Barbora Ku\u010derov\u00e1<em> provdala<\/em> <a href=\"#josef_strobach_barbora_1920\">\u221e11.2.1920<\/a><em> za man\u017eelova p\u0159\u00edtele<\/em> <a href=\"#josef1890\">Josefa \u0160trobacha *21.2.1890 &#8211; \u202021.1.1939<\/a><em>, a po jeho jm\u00e9n\u011b se hospoda pak jmenovala <strong>&#8222;U \u0160trobach\u016f&#8220;<\/strong>. V\u00fdvoj Liboce \u0161el d\u00e1le zcela jin\u00fdm sm\u011brem. Liboc se stala sou\u010d\u00e1st\u00ed m\u011bsta Velk\u00e9 Prahy; po vybudov\u00e1n\u00ed tramvajov\u00e9 vozovny a napojen\u00ed na m\u011bstskou dopravu se rozvoj obce nasm\u011broval k severu za dr\u00e1hu ke Kladensk\u00e9 (nyn\u011bj\u0161\u00ed Evropsk\u00e9) t\u0159\u00edd\u011b, kde vyrostla v t\u0159ic\u00e1t\u00fdch letech dvac\u00e1t\u00e9ho stolet\u00ed rozs\u00e1hl\u00e1 v\u00fdstavba s \u0159adou nov\u00fdch ulic. Vznikly i nov\u00e9 hospody a restaurace\u00a0 (jen od vozovny k \u0160\u00e1rce \u010dty\u0159i). T\u011b\u017ei\u0161t\u011b obce se v\u00fdstavbou p\u0159esunulo z p\u016fvodn\u00edho j\u00e1dra k severu, zm\u011bnilo se tak\u00e9 \u00fapln\u011b hospod\u00e1\u0159sk\u00e9 a soci\u00e1ln\u00ed slo\u017een\u00ed obyvatelstva; zem\u011bd\u011blsk\u00e1 p\u016fda, z\u00e1klad \u017eivota star\u00e9 Liboce, se rozplynula na stavebn\u00ed parcely. Konec zem\u011bd\u011blstv\u00ed v Liboci p\u0159inesla tak\u00e9 druh\u00e1 sv\u011btov\u00e1 v\u00e1lka, ale hlavn\u011b roky t\u011bsn\u011b po n\u00ed. A tak jsme se zase vr\u00e1tili na po\u010d\u00e1tek na\u0161eho vypr\u00e1v\u011bn\u00ed: zachovat alespo\u0148 v ch\u00e1pav\u00e9m pohledu zp\u011bt historii jednoho star\u00e9ho libock\u00e9ho, zcela zmizel\u00e9ho staven\u00ed, kdysi slavn\u00e9 a \u017eiv\u00e9 hospody &#8222;U Ku\u010der\u016f&#8220; \u010dp. 36 v sam\u00e9m j\u00e1dru prastar\u00e9 vesnice daleko za m\u011bstsk\u00fdmi hradbami Prahy.<\/em><\/p>\n\n\n\n<p><em>Text kursivou<\/em> &#8211; p\u0159evzato z \u010dasopisu B\u0159evnovan, z cyklu&#8220;Praha 6 v zapomenut\u00fdch obrazech 68&#8243; , autor prof. Jan Herink<\/p>\n\n\n\n<p>A je\u0161t\u011b n\u011bco m\u00e1lo z libock\u00e9 kroniky:&nbsp; <em>&#8230;Nemalou z\u00e1sluhu o zalo\u017een\u00ed jednoty sv\u00fdm povzbuzov\u00e1n\u00edm byl m\u011bl Franti\u0161ek Vo\u0161kliv\u00fd &#8211; vulgo Husar &#8211; zedn\u00edk z Liboce. P\u0159i jednot\u011b ustavilo se r. 1896 <strong>&#8222;Dru\u017estvo pro vystav\u011bn\u00ed t\u011blocvi\u010dn\u00e9 sokolovny&#8220; v Liboci. M\u00edstnosti od zalo\u017een\u00ed jednoty jsou v hostinci Jos. Ku\u010dery \u010d.p. 36<\/strong> <\/em>[s.45a]\n\n\n<div class=\"su-image-carousel  su-image-carousel-has-spacing su-image-carousel-crop su-image-carousel-crop-4-3 su-image-carousel-has-lightbox su-image-carousel-has-outline su-image-carousel-adaptive su-image-carousel-slides-style-default su-image-carousel-controls-style-dark su-image-carousel-align-center\" style=\"max-width:600px\" data-flickity-options='{\"groupCells\":true,\"cellSelector\":\".su-image-carousel-item\",\"adaptiveHeight\":false,\"cellAlign\":\"left\",\"prevNextButtons\":true,\"pageDots\":true,\"autoPlay\":3000,\"imagesLoaded\":true,\"contain\":true,\"selectedAttraction\":0.025000000000000001387778780781445675529539585113525390625,\"friction\":0.2800000000000000266453525910037569701671600341796875}' id=\"su_image_carousel_69f3095fc4149\"><div class=\"su-image-carousel-item\"><div class=\"su-image-carousel-item-content\"><a href=\"https:\/\/www.periferieprahy.cz\/blog\/wp-content\/uploads\/2025\/04\/cp36_10.jpg\" data-caption=\"Zat\u00edm  nejstar\u0161\u00ed fotografie z roku 1898. Obytn\u00e1 \u010d\u00e1st usedlosti \u010d.p.36 je na sn\u00edmku za t\u00edm p\u00e1nem co kr\u00e1\u010d\u00ed uprost\u0159ed ulice sm\u011brem k m\u016fstku p\u0159es Litovick\u00fd potok.\"><img loading=\"lazy\" decoding=\"async\" width=\"461\" height=\"260\" src=\"https:\/\/www.periferieprahy.cz\/blog\/wp-content\/uploads\/2025\/04\/cp36_10.jpg\" class=\"\" alt=\"\" srcset=\"https:\/\/www.periferieprahy.cz\/blog\/wp-content\/uploads\/2025\/04\/cp36_10.jpg 461w, https:\/\/www.periferieprahy.cz\/blog\/wp-content\/uploads\/2025\/04\/cp36_10-300x169.jpg 300w\" sizes=\"auto, (max-width: 461px) 100vw, 461px\" \/><span>Zat\u00edm  nejstar\u0161\u00ed fotografie z roku 1898. Obytn\u00e1 \u010d\u00e1st usedlosti \u010d.p.36 je na sn\u00edmku za t\u00edm p\u00e1nem co kr\u00e1\u010d\u00ed uprost\u0159ed ulice sm\u011brem k m\u016fstku p\u0159es Litovick\u00fd potok.<\/span><\/a><\/div><\/div><div class=\"su-image-carousel-item\"><div class=\"su-image-carousel-item-content\"><a href=\"https:\/\/www.periferieprahy.cz\/blog\/wp-content\/uploads\/2025\/04\/cp36_9.jpg\" data-caption=\"Op\u011bt kr\u00e1sn\u00fd pohled sm\u011brem od m\u016fstku p\u0159es Litovick\u00fd potok. N\u011bkdy z po\u010d\u00e1tku 20. stolet\u00ed. Za m\u016fstkem \u010d.p. 36 s nep\u0159ehl\u00e9dnuteln\u00fdm pr\u016f\u010del\u00edm obytn\u00e9 \u010d\u00e1sti. el.\"><img loading=\"lazy\" decoding=\"async\" width=\"1024\" height=\"546\" src=\"https:\/\/www.periferieprahy.cz\/blog\/wp-content\/uploads\/2025\/04\/cp36_9.jpg\" class=\"\" alt=\"\" srcset=\"https:\/\/www.periferieprahy.cz\/blog\/wp-content\/uploads\/2025\/04\/cp36_9.jpg 1024w, https:\/\/www.periferieprahy.cz\/blog\/wp-content\/uploads\/2025\/04\/cp36_9-300x160.jpg 300w, https:\/\/www.periferieprahy.cz\/blog\/wp-content\/uploads\/2025\/04\/cp36_9-768x410.jpg 768w\" sizes=\"auto, (max-width: 1024px) 100vw, 1024px\" \/><span>Op\u011bt kr\u00e1sn\u00fd pohled sm\u011brem od m\u016fstku p\u0159es Litovick\u00fd potok. N\u011bkdy z po\u010d\u00e1tku 20. stolet\u00ed. Za m\u016fstkem \u010d.p. 36 s nep\u0159ehl\u00e9dnuteln\u00fdm pr\u016f\u010del\u00edm obytn\u00e9 \u010d\u00e1sti. el.<\/span><\/a><\/div><\/div><div class=\"su-image-carousel-item\"><div class=\"su-image-carousel-item-content\"><a href=\"https:\/\/www.periferieprahy.cz\/blog\/wp-content\/uploads\/2025\/04\/cp36_1.jpg\" data-caption=\"P\u0159evzato z alba https:\/\/rodina.cz\/Hron  kde nen\u00ed bohu\u017eel uveden zdroj, ani obdob\u00ed, kdy byla fotografie po\u0159\u00edzena. \u0160koda. Pohled na obytn\u00e9 staven\u00ed dne\u0161n\u00ed Pelik\u00e1nova  sm\u011brem k Libock\u00e9.\"><img loading=\"lazy\" decoding=\"async\" width=\"1141\" height=\"855\" src=\"https:\/\/www.periferieprahy.cz\/blog\/wp-content\/uploads\/2025\/04\/cp36_1.jpg\" class=\"\" alt=\"\" srcset=\"https:\/\/www.periferieprahy.cz\/blog\/wp-content\/uploads\/2025\/04\/cp36_1.jpg 1141w, https:\/\/www.periferieprahy.cz\/blog\/wp-content\/uploads\/2025\/04\/cp36_1-300x225.jpg 300w, https:\/\/www.periferieprahy.cz\/blog\/wp-content\/uploads\/2025\/04\/cp36_1-1024x767.jpg 1024w, https:\/\/www.periferieprahy.cz\/blog\/wp-content\/uploads\/2025\/04\/cp36_1-768x575.jpg 768w\" sizes=\"auto, (max-width: 1141px) 100vw, 1141px\" \/><span>P\u0159evzato z alba https:\/\/rodina.cz\/Hron  kde nen\u00ed bohu\u017eel uveden zdroj, ani obdob\u00ed, kdy byla fotografie po\u0159\u00edzena. \u0160koda. Pohled na obytn\u00e9 staven\u00ed dne\u0161n\u00ed Pelik\u00e1nova  sm\u011brem k Libock\u00e9.<\/span><\/a><\/div><\/div><div class=\"su-image-carousel-item\"><div class=\"su-image-carousel-item-content\"><a href=\"https:\/\/www.periferieprahy.cz\/blog\/wp-content\/uploads\/2025\/04\/cp36_12.jpg\" data-caption=\"Pohled na cel\u00e9 obytn\u00e9 staven\u00ed je\u0161t\u011b nezakryt\u00e9 domy v Libock\u00e9 a Pelik\u00e1nov\u011b, kter\u00e1 je\u0161t\u011b neexistovala.\"><img loading=\"lazy\" decoding=\"async\" width=\"734\" height=\"556\" src=\"https:\/\/www.periferieprahy.cz\/blog\/wp-content\/uploads\/2025\/04\/cp36_12.jpg\" class=\"\" alt=\"\" srcset=\"https:\/\/www.periferieprahy.cz\/blog\/wp-content\/uploads\/2025\/04\/cp36_12.jpg 734w, https:\/\/www.periferieprahy.cz\/blog\/wp-content\/uploads\/2025\/04\/cp36_12-300x227.jpg 300w\" sizes=\"auto, (max-width: 734px) 100vw, 734px\" \/><span>Pohled na cel\u00e9 obytn\u00e9 staven\u00ed je\u0161t\u011b nezakryt\u00e9 domy v Libock\u00e9 a Pelik\u00e1nov\u011b, kter\u00e1 je\u0161t\u011b neexistovala.<\/span><\/a><\/div><\/div><div class=\"su-image-carousel-item\"><div class=\"su-image-carousel-item-content\"><a href=\"https:\/\/www.periferieprahy.cz\/blog\/wp-content\/uploads\/2025\/04\/cp36_5.jpg\" data-caption=\"Foto z \u010dasopisu B\u0159evnovan  vid\u00edme celou dispozici hospody &quot;U Ku\u010der\u016f&quot; a jej\u00edho okol\u00ed t\u011bsn\u011b p\u0159ed zbour\u00e1n\u00edm ke konci sedmdes\u00e1t\u00fdch let: vlevo jednopatrov\u00e9 staven\u00ed na n\u00e1ro\u017e\u00ed ulice Pelik\u00e1novy a Libock\u00e9, kter\u00e1 v t\u011bchto m\u00edstech z roviny v niv\u011b Litovick\u00e9ho potoka za\u010d\u00edn\u00e1 dost prudce stoupat k libock\u00e9mu kostelu a k obo\u0159e Hv\u011bzda. Vpravo p\u0159i kraji fotografie je br\u00e1na do statku \u010dp. 7 &quot;U \u0160est\u00e1k\u016f&quot;, v oblouku v kopci je [byl] na podezd\u00edvce d\u0159ev\u011bn\u00fd pavilon z konce devades\u00e1t\u00fdch let 19. stolet\u00ed (nad n\u00edm velk\u00e1 parcela pat\u0159\u00edc\u00ed k hospod\u011b). Nad pavilonem se ty\u010d\u00ed budova star\u00e9 b\u00fdval\u00e9 libock\u00e9 \u0161koly p\u0159ed klasicistn\u00ed stavbou libock\u00e9ho farn\u00edho kostela Sv. Fabi\u00e1na a \u0160ebesti\u00e1na.\"><img loading=\"lazy\" decoding=\"async\" width=\"640\" height=\"722\" src=\"https:\/\/www.periferieprahy.cz\/blog\/wp-content\/uploads\/2025\/04\/cp36_5.jpg\" class=\"\" alt=\"\" srcset=\"https:\/\/www.periferieprahy.cz\/blog\/wp-content\/uploads\/2025\/04\/cp36_5.jpg 640w, https:\/\/www.periferieprahy.cz\/blog\/wp-content\/uploads\/2025\/04\/cp36_5-266x300.jpg 266w\" sizes=\"auto, (max-width: 640px) 100vw, 640px\" \/><span>Foto z \u010dasopisu B\u0159evnovan  vid\u00edme celou dispozici hospody \"U Ku\u010der\u016f\" a jej\u00edho okol\u00ed t\u011bsn\u011b p\u0159ed zbour\u00e1n\u00edm ke konci sedmdes\u00e1t\u00fdch let: vlevo jednopatrov\u00e9 staven\u00ed na n\u00e1ro\u017e\u00ed ulice Pelik\u00e1novy a Libock\u00e9, kter\u00e1 v t\u011bchto m\u00edstech z roviny v niv\u011b Litovick\u00e9ho potoka za\u010d\u00edn\u00e1 dost prudce stoupat k libock\u00e9mu kostelu a k obo\u0159e Hv\u011bzda. Vpravo p\u0159i kraji fotografie je br\u00e1na do statku \u010dp. 7 \"U \u0160est\u00e1k\u016f\", v oblouku v kopci je [byl] na podezd\u00edvce d\u0159ev\u011bn\u00fd pavilon z konce devades\u00e1t\u00fdch let 19. stolet\u00ed (nad n\u00edm velk\u00e1 parcela pat\u0159\u00edc\u00ed k hospod\u011b). Nad pavilonem se ty\u010d\u00ed budova star\u00e9 b\u00fdval\u00e9 libock\u00e9 \u0161koly p\u0159ed klasicistn\u00ed stavbou libock\u00e9ho farn\u00edho kostela Sv. Fabi\u00e1na a \u0160ebesti\u00e1na.<\/span><\/a><\/div><\/div><div class=\"su-image-carousel-item\"><div class=\"su-image-carousel-item-content\"><a href=\"https:\/\/www.periferieprahy.cz\/blog\/wp-content\/uploads\/2025\/04\/cp36_8.jpg\" data-caption=\"Vlevo budovy \u010d.p. 36, vpravo d\u0159ev\u011bn\u00fd pavilon s p\u0159istav\u011bnou verandou. Nade v\u0161\u00edm budova \u0161koly a kostel.\"><img loading=\"lazy\" decoding=\"async\" width=\"1099\" height=\"813\" src=\"https:\/\/www.periferieprahy.cz\/blog\/wp-content\/uploads\/2025\/04\/cp36_8.jpg\" class=\"\" alt=\"\" srcset=\"https:\/\/www.periferieprahy.cz\/blog\/wp-content\/uploads\/2025\/04\/cp36_8.jpg 1099w, https:\/\/www.periferieprahy.cz\/blog\/wp-content\/uploads\/2025\/04\/cp36_8-300x222.jpg 300w, https:\/\/www.periferieprahy.cz\/blog\/wp-content\/uploads\/2025\/04\/cp36_8-1024x758.jpg 1024w, https:\/\/www.periferieprahy.cz\/blog\/wp-content\/uploads\/2025\/04\/cp36_8-768x568.jpg 768w\" sizes=\"auto, (max-width: 1099px) 100vw, 1099px\" \/><span>Vlevo budovy \u010d.p. 36, vpravo d\u0159ev\u011bn\u00fd pavilon s p\u0159istav\u011bnou verandou. Nade v\u0161\u00edm budova \u0161koly a kostel.<\/span><\/a><\/div><\/div><div class=\"su-image-carousel-item\"><div class=\"su-image-carousel-item-content\"><a href=\"https:\/\/www.periferieprahy.cz\/blog\/wp-content\/uploads\/2025\/03\/cp7ht123.jpg\" data-caption=\"Rok 2012. Za pov\u0161imnut\u00ed je snaha architekta zachovat v r\u00e1mci mo\u017enost\u00ed proporce p\u016fvodn\u00edho hospod\u00e1\u0159sk\u00e9ho (v pop\u0159ed\u00ed) i obytn\u00e9ho (v pozad\u00ed) objektu. Je to chv\u00e1lyhodn\u00e9 a citliv\u00e9 \u0159e\u0161en\u00ed. A d\u0159ev\u011bn\u00fd pavilon z roku 1895 m\u00e1 p\u0159ed sebou u\u017e jen n\u011bkolik dn\u00ed &quot;\u017eivota&quot;. V \u010d.p. 175 a 211 jsou po obch\u016fdc\u00edch jen stopy v odli\u0161n\u00e9 barv\u011b om\u00edtky na zazd\u011bn\u00fdch v\u00fdloh\u00e1ch a dve\u0159\u00edch.\"><img loading=\"lazy\" decoding=\"async\" width=\"994\" height=\"479\" src=\"https:\/\/www.periferieprahy.cz\/blog\/wp-content\/uploads\/2025\/03\/cp7ht123.jpg\" class=\"\" alt=\"\" srcset=\"https:\/\/www.periferieprahy.cz\/blog\/wp-content\/uploads\/2025\/03\/cp7ht123.jpg 994w, https:\/\/www.periferieprahy.cz\/blog\/wp-content\/uploads\/2025\/03\/cp7ht123-300x145.jpg 300w, https:\/\/www.periferieprahy.cz\/blog\/wp-content\/uploads\/2025\/03\/cp7ht123-768x370.jpg 768w\" sizes=\"auto, (max-width: 994px) 100vw, 994px\" \/><span>Rok 2012. Za pov\u0161imnut\u00ed je snaha architekta zachovat v r\u00e1mci mo\u017enost\u00ed proporce p\u016fvodn\u00edho hospod\u00e1\u0159sk\u00e9ho (v pop\u0159ed\u00ed) i obytn\u00e9ho (v pozad\u00ed) objektu. Je to chv\u00e1lyhodn\u00e9 a citliv\u00e9 \u0159e\u0161en\u00ed. A d\u0159ev\u011bn\u00fd pavilon z roku 1895 m\u00e1 p\u0159ed sebou u\u017e jen n\u011bkolik dn\u00ed \"\u017eivota\". V \u010d.p. 175 a 211 jsou po obch\u016fdc\u00edch jen stopy v odli\u0161n\u00e9 barv\u011b om\u00edtky na zazd\u011bn\u00fdch v\u00fdloh\u00e1ch a dve\u0159\u00edch.<\/span><\/a><\/div><\/div><div class=\"su-image-carousel-item\"><div class=\"su-image-carousel-item-content\"><a href=\"https:\/\/www.periferieprahy.cz\/blog\/wp-content\/uploads\/2025\/03\/cp7_5.jpg\" data-caption=\"P\u0159ibli\u017en\u011b ze stejn\u00e9ho m\u00edsta jako p\u0159ede\u0161l\u00e9 fotografie, ale z roku 1943. V zat\u00e1\u010dce pod \u0161kolou je d\u0159ev\u011bn\u00fd pavilon z v\u00fdstavy r.1895. M\u00e1 je\u0161t\u011b p\u0159istav\u011bnou p\u0159\u00edzemn\u00ed verandu.\"><img loading=\"lazy\" decoding=\"async\" width=\"1009\" height=\"744\" src=\"https:\/\/www.periferieprahy.cz\/blog\/wp-content\/uploads\/2025\/03\/cp7_5.jpg\" class=\"\" alt=\"\" srcset=\"https:\/\/www.periferieprahy.cz\/blog\/wp-content\/uploads\/2025\/03\/cp7_5.jpg 1009w, https:\/\/www.periferieprahy.cz\/blog\/wp-content\/uploads\/2025\/03\/cp7_5-300x221.jpg 300w, https:\/\/www.periferieprahy.cz\/blog\/wp-content\/uploads\/2025\/03\/cp7_5-768x566.jpg 768w\" sizes=\"auto, (max-width: 1009px) 100vw, 1009px\" \/><span>P\u0159ibli\u017en\u011b ze stejn\u00e9ho m\u00edsta jako p\u0159ede\u0161l\u00e9 fotografie, ale z roku 1943. V zat\u00e1\u010dce pod \u0161kolou je d\u0159ev\u011bn\u00fd pavilon z v\u00fdstavy r.1895. M\u00e1 je\u0161t\u011b p\u0159istav\u011bnou p\u0159\u00edzemn\u00ed verandu.<\/span><\/a><\/div><\/div><div class=\"su-image-carousel-item\"><div class=\"su-image-carousel-item-content\"><a href=\"https:\/\/www.periferieprahy.cz\/blog\/wp-content\/uploads\/2025\/04\/cp36_2.jpg\" data-caption=\"Zde, na rohu ulic Libock\u00e9 a Pelik\u00e1novy St\u00e1val hostinec pana Ku\u00e8ery \u00e8.p. 36\"><img loading=\"lazy\" decoding=\"async\" width=\"1187\" height=\"842\" src=\"https:\/\/www.periferieprahy.cz\/blog\/wp-content\/uploads\/2025\/04\/cp36_2.jpg\" class=\"\" alt=\"\" srcset=\"https:\/\/www.periferieprahy.cz\/blog\/wp-content\/uploads\/2025\/04\/cp36_2.jpg 1187w, https:\/\/www.periferieprahy.cz\/blog\/wp-content\/uploads\/2025\/04\/cp36_2-300x213.jpg 300w, https:\/\/www.periferieprahy.cz\/blog\/wp-content\/uploads\/2025\/04\/cp36_2-1024x726.jpg 1024w, https:\/\/www.periferieprahy.cz\/blog\/wp-content\/uploads\/2025\/04\/cp36_2-768x545.jpg 768w\" sizes=\"auto, (max-width: 1187px) 100vw, 1187px\" \/><span>Zde, na rohu ulic Libock\u00e9 a Pelik\u00e1novy St\u00e1val hostinec pana Ku\u00e8ery \u00e8.p. 36<\/span><\/a><\/div><\/div><div class=\"su-image-carousel-item\"><div class=\"su-image-carousel-item-content\"><a href=\"https:\/\/www.periferieprahy.cz\/blog\/wp-content\/uploads\/2025\/04\/cp36_7.jpg\" data-caption=\"Vpravo hospoda, vlevo pavilon s verandou v pohledu sm\u011brem od \u0161koly - kostela.\"><img loading=\"lazy\" decoding=\"async\" width=\"1187\" height=\"604\" src=\"https:\/\/www.periferieprahy.cz\/blog\/wp-content\/uploads\/2025\/04\/cp36_7.jpg\" class=\"\" alt=\"\" srcset=\"https:\/\/www.periferieprahy.cz\/blog\/wp-content\/uploads\/2025\/04\/cp36_7.jpg 1187w, https:\/\/www.periferieprahy.cz\/blog\/wp-content\/uploads\/2025\/04\/cp36_7-300x153.jpg 300w, https:\/\/www.periferieprahy.cz\/blog\/wp-content\/uploads\/2025\/04\/cp36_7-1024x521.jpg 1024w, https:\/\/www.periferieprahy.cz\/blog\/wp-content\/uploads\/2025\/04\/cp36_7-768x391.jpg 768w\" sizes=\"auto, (max-width: 1187px) 100vw, 1187px\" \/><span>Vpravo hospoda, vlevo pavilon s verandou v pohledu sm\u011brem od \u0161koly - kostela.<\/span><\/a><\/div><\/div><div class=\"su-image-carousel-item\"><div class=\"su-image-carousel-item-content\"><a href=\"https:\/\/www.periferieprahy.cz\/blog\/wp-content\/uploads\/2025\/03\/cp7_6.jpg\" data-caption=\"Foceno p\u0159ibli\u017en\u011b ze stejn\u00e9ho m\u00edsta jako p\u0159edchoz\u00ed i n\u00e1sleduj\u00edc\u00ed fotka. Nalevo \u010d.p.7, napravo hospoda &quot;U Ku\u010der\u016f&quot;. Psal se rok 1943.\"><img loading=\"lazy\" decoding=\"async\" width=\"1030\" height=\"737\" src=\"https:\/\/www.periferieprahy.cz\/blog\/wp-content\/uploads\/2025\/03\/cp7_6.jpg\" class=\"\" alt=\"\" srcset=\"https:\/\/www.periferieprahy.cz\/blog\/wp-content\/uploads\/2025\/03\/cp7_6.jpg 1030w, https:\/\/www.periferieprahy.cz\/blog\/wp-content\/uploads\/2025\/03\/cp7_6-300x215.jpg 300w, https:\/\/www.periferieprahy.cz\/blog\/wp-content\/uploads\/2025\/03\/cp7_6-1024x733.jpg 1024w, https:\/\/www.periferieprahy.cz\/blog\/wp-content\/uploads\/2025\/03\/cp7_6-768x550.jpg 768w\" sizes=\"auto, (max-width: 1030px) 100vw, 1030px\" \/><span>Foceno p\u0159ibli\u017en\u011b ze stejn\u00e9ho m\u00edsta jako p\u0159edchoz\u00ed i n\u00e1sleduj\u00edc\u00ed fotka. Nalevo \u010d.p.7, napravo hospoda \"U Ku\u010der\u016f\". Psal se rok 1943.<\/span><\/a><\/div><\/div><div class=\"su-image-carousel-item\"><div class=\"su-image-carousel-item-content\"><a href=\"https:\/\/www.periferieprahy.cz\/blog\/wp-content\/uploads\/2025\/04\/cp36_4.jpg\" data-caption=\"P\u0159evzato z \u010dasopisu B\u0159evnovan. Fotografie ukazuje druhou \u010d\u00e1st objektu \u010d.p. 18: vlastn\u00ed budovu hospody. Jednopatrov\u00fd obytn\u00fd d\u016fm je skryt\u00fd za budovou hospody. A ve dvo\u0159e krom\u011b zem\u011bd\u011blsk\u00e9ho z\u00e1zem\u00ed byla oded\u00e1vna i kov\u00e1rna.\"><img loading=\"lazy\" decoding=\"async\" width=\"817\" height=\"395\" src=\"https:\/\/www.periferieprahy.cz\/blog\/wp-content\/uploads\/2025\/04\/cp36_4.jpg\" class=\"\" alt=\"\" srcset=\"https:\/\/www.periferieprahy.cz\/blog\/wp-content\/uploads\/2025\/04\/cp36_4.jpg 817w, https:\/\/www.periferieprahy.cz\/blog\/wp-content\/uploads\/2025\/04\/cp36_4-300x145.jpg 300w, https:\/\/www.periferieprahy.cz\/blog\/wp-content\/uploads\/2025\/04\/cp36_4-768x371.jpg 768w\" sizes=\"auto, (max-width: 817px) 100vw, 817px\" \/><span>P\u0159evzato z \u010dasopisu B\u0159evnovan. Fotografie ukazuje druhou \u010d\u00e1st objektu \u010d.p. 18: vlastn\u00ed budovu hospody. Jednopatrov\u00fd obytn\u00fd d\u016fm je skryt\u00fd za budovou hospody. A ve dvo\u0159e krom\u011b zem\u011bd\u011blsk\u00e9ho z\u00e1zem\u00ed byla oded\u00e1vna i kov\u00e1rna.<\/span><\/a><\/div><\/div><div class=\"su-image-carousel-item\"><div class=\"su-image-carousel-item-content\"><a href=\"https:\/\/www.periferieprahy.cz\/blog\/wp-content\/uploads\/2025\/04\/cp36.jpg\" data-caption=\"Pohled od kostela na statek \u010d.p.7 a hospodu \u010d.p.36 - vpravo.\"><img loading=\"lazy\" decoding=\"async\" width=\"666\" height=\"1042\" src=\"https:\/\/www.periferieprahy.cz\/blog\/wp-content\/uploads\/2025\/04\/cp36.jpg\" class=\"\" alt=\"\" srcset=\"https:\/\/www.periferieprahy.cz\/blog\/wp-content\/uploads\/2025\/04\/cp36.jpg 666w, https:\/\/www.periferieprahy.cz\/blog\/wp-content\/uploads\/2025\/04\/cp36-192x300.jpg 192w, https:\/\/www.periferieprahy.cz\/blog\/wp-content\/uploads\/2025\/04\/cp36-654x1024.jpg 654w\" sizes=\"auto, (max-width: 666px) 100vw, 666px\" \/><span>Pohled od kostela na statek \u010d.p.7 a hospodu \u010d.p.36 - vpravo.<\/span><\/a><\/div><\/div><div class=\"su-image-carousel-item\"><div class=\"su-image-carousel-item-content\"><a href=\"https:\/\/www.periferieprahy.cz\/blog\/wp-content\/uploads\/2025\/04\/cp36_3.jpg\" data-caption=\"\"><img loading=\"lazy\" decoding=\"async\" width=\"1190\" height=\"702\" src=\"https:\/\/www.periferieprahy.cz\/blog\/wp-content\/uploads\/2025\/04\/cp36_3.jpg\" class=\"\" alt=\"\" srcset=\"https:\/\/www.periferieprahy.cz\/blog\/wp-content\/uploads\/2025\/04\/cp36_3.jpg 1190w, https:\/\/www.periferieprahy.cz\/blog\/wp-content\/uploads\/2025\/04\/cp36_3-300x177.jpg 300w, https:\/\/www.periferieprahy.cz\/blog\/wp-content\/uploads\/2025\/04\/cp36_3-1024x604.jpg 1024w, https:\/\/www.periferieprahy.cz\/blog\/wp-content\/uploads\/2025\/04\/cp36_3-768x453.jpg 768w\" sizes=\"auto, (max-width: 1190px) 100vw, 1190px\" \/><span><\/span><\/a><\/div><\/div><\/div><script id=\"su_image_carousel_69f3095fc4149_script\">if(window.SUImageCarousel){setTimeout(function() {window.SUImageCarousel.initGallery(document.getElementById(\"su_image_carousel_69f3095fc4149\"))}, 0);}var su_image_carousel_69f3095fc4149_script=document.getElementById(\"su_image_carousel_69f3095fc4149_script\");if(su_image_carousel_69f3095fc4149_script){su_image_carousel_69f3095fc4149_script.parentNode.removeChild(su_image_carousel_69f3095fc4149_script);}<\/script>\n\n\n<div class=\"su-image-carousel  su-image-carousel-has-spacing su-image-carousel-crop su-image-carousel-crop-4-3 su-image-carousel-has-lightbox su-image-carousel-has-outline su-image-carousel-adaptive su-image-carousel-slides-style-default su-image-carousel-controls-style-dark su-image-carousel-align-center\" style=\"max-width:600px\" data-flickity-options='{\"groupCells\":true,\"cellSelector\":\".su-image-carousel-item\",\"adaptiveHeight\":false,\"cellAlign\":\"left\",\"prevNextButtons\":true,\"pageDots\":true,\"autoPlay\":3000,\"imagesLoaded\":true,\"contain\":true,\"selectedAttraction\":0.025000000000000001387778780781445675529539585113525390625,\"friction\":0.2800000000000000266453525910037569701671600341796875}' id=\"su_image_carousel_69f3095fc5ec0\"><div class=\"su-image-carousel-item\"><div class=\"su-image-carousel-item-content\"><a href=\"https:\/\/www.periferieprahy.cz\/blog\/wp-content\/uploads\/2025\/04\/cp36_6.jpg\" data-caption=\"Pavilon zakoupen\u00fd Josefem Ku\u010derou na N\u00e1rodopisn\u00e9 v\u00fdstav\u011b v roce 1895. Jak je patrno z p\u0159ede\u0161l\u00fdch fotek m\u011bl pavilon p\u0159ed p\u0159\u00edzem\u00edm je\u0161t\u011b krytou letn\u00ed verandu pro p\u0159\u00edjemn\u00e9 posezen\u00ed. Za pavilonem na vlastn\u00edm rozs\u00e1hl\u00e9m pozemku provozoval Ku\u010dera letn\u00ed restauraci a cvi\u010di\u0161t\u011b Sokola. Pavilon byl bohu\u017eel v roce 2013 str\u017een a ustoupil nov\u00e9 v\u00fdstavb\u011b. \u0160koda.\"><img loading=\"lazy\" decoding=\"async\" width=\"845\" height=\"609\" src=\"https:\/\/www.periferieprahy.cz\/blog\/wp-content\/uploads\/2025\/04\/cp36_6.jpg\" class=\"\" alt=\"\" srcset=\"https:\/\/www.periferieprahy.cz\/blog\/wp-content\/uploads\/2025\/04\/cp36_6.jpg 845w, https:\/\/www.periferieprahy.cz\/blog\/wp-content\/uploads\/2025\/04\/cp36_6-300x216.jpg 300w, https:\/\/www.periferieprahy.cz\/blog\/wp-content\/uploads\/2025\/04\/cp36_6-768x554.jpg 768w\" sizes=\"auto, (max-width: 845px) 100vw, 845px\" \/><span>Pavilon zakoupen\u00fd Josefem Ku\u010derou na N\u00e1rodopisn\u00e9 v\u00fdstav\u011b v roce 1895. Jak je patrno z p\u0159ede\u0161l\u00fdch fotek m\u011bl pavilon p\u0159ed p\u0159\u00edzem\u00edm je\u0161t\u011b krytou letn\u00ed verandu pro p\u0159\u00edjemn\u00e9 posezen\u00ed. Za pavilonem na vlastn\u00edm rozs\u00e1hl\u00e9m pozemku provozoval Ku\u010dera letn\u00ed restauraci a cvi\u010di\u0161t\u011b Sokola. Pavilon byl bohu\u017eel v roce 2013 str\u017een a ustoupil nov\u00e9 v\u00fdstavb\u011b. \u0160koda.<\/span><\/a><\/div><\/div><div class=\"su-image-carousel-item\"><div class=\"su-image-carousel-item-content\"><a href=\"https:\/\/www.periferieprahy.cz\/blog\/wp-content\/uploads\/2025\/04\/cp36_pavilon.jpg\" data-caption=\"Rok 2024. Toto je m\u00edsto, kde st\u00e1val pavilon pana Ku\u010dery, kter\u00fd byl zbo\u0159en v roce 2013. Foceno p\u0159ibli\u017en\u011b ze stejn\u00e9ho m\u00edsta, jako p\u0159edchoz\u00ed foto.\"><img loading=\"lazy\" decoding=\"async\" width=\"663\" height=\"602\" src=\"https:\/\/www.periferieprahy.cz\/blog\/wp-content\/uploads\/2025\/04\/cp36_pavilon.jpg\" class=\"\" alt=\"\" srcset=\"https:\/\/www.periferieprahy.cz\/blog\/wp-content\/uploads\/2025\/04\/cp36_pavilon.jpg 663w, https:\/\/www.periferieprahy.cz\/blog\/wp-content\/uploads\/2025\/04\/cp36_pavilon-300x272.jpg 300w\" sizes=\"auto, (max-width: 663px) 100vw, 663px\" \/><span>Rok 2024. Toto je m\u00edsto, kde st\u00e1val pavilon pana Ku\u010dery, kter\u00fd byl zbo\u0159en v roce 2013. Foceno p\u0159ibli\u017en\u011b ze stejn\u00e9ho m\u00edsta, jako p\u0159edchoz\u00ed foto.<\/span><\/a><\/div><\/div><div class=\"su-image-carousel-item\"><div class=\"su-image-carousel-item-content\"><a href=\"https:\/\/www.periferieprahy.cz\/blog\/wp-content\/uploads\/2025\/04\/cp36_11.jpg\" data-caption=\"P\u0159evzato z alba https:\/\/rodina.cz\/Hron - pr\u016f\u010del\u00ed s bohat\u011b zdoben\u00fdm \u0161t\u00edtem.\"><img loading=\"lazy\" decoding=\"async\" width=\"668\" height=\"500\" src=\"https:\/\/www.periferieprahy.cz\/blog\/wp-content\/uploads\/2025\/04\/cp36_11.jpg\" class=\"\" alt=\"\" srcset=\"https:\/\/www.periferieprahy.cz\/blog\/wp-content\/uploads\/2025\/04\/cp36_11.jpg 668w, https:\/\/www.periferieprahy.cz\/blog\/wp-content\/uploads\/2025\/04\/cp36_11-300x225.jpg 300w\" sizes=\"auto, (max-width: 668px) 100vw, 668px\" \/><span>P\u0159evzato z alba https:\/\/rodina.cz\/Hron - pr\u016f\u010del\u00ed s bohat\u011b zdoben\u00fdm \u0161t\u00edtem.<\/span><\/a><\/div><\/div><div class=\"su-image-carousel-item\"><div class=\"su-image-carousel-item-content\"><a href=\"https:\/\/www.periferieprahy.cz\/blog\/wp-content\/uploads\/2025\/04\/cp36.h5.jpg\" data-caption=\"Detaily zdoben\u00ed pavilonu. To kdyby se cht\u011bl n\u011bkdo pustit do repliky..\"><img loading=\"lazy\" decoding=\"async\" width=\"1019\" height=\"584\" src=\"https:\/\/www.periferieprahy.cz\/blog\/wp-content\/uploads\/2025\/04\/cp36.h5.jpg\" class=\"\" alt=\"\" srcset=\"https:\/\/www.periferieprahy.cz\/blog\/wp-content\/uploads\/2025\/04\/cp36.h5.jpg 1019w, https:\/\/www.periferieprahy.cz\/blog\/wp-content\/uploads\/2025\/04\/cp36.h5-300x172.jpg 300w, https:\/\/www.periferieprahy.cz\/blog\/wp-content\/uploads\/2025\/04\/cp36.h5-768x440.jpg 768w\" sizes=\"auto, (max-width: 1019px) 100vw, 1019px\" \/><span>Detaily zdoben\u00ed pavilonu. To kdyby se cht\u011bl n\u011bkdo pustit do repliky..<\/span><\/a><\/div><\/div><div class=\"su-image-carousel-item\"><div class=\"su-image-carousel-item-content\"><a href=\"https:\/\/www.periferieprahy.cz\/blog\/wp-content\/uploads\/2025\/04\/cp36.h4.jpg\" data-caption=\"Takto vypadal pavilon t\u011bsn\u011b p\u0159ed demolic\u00ed\"><img loading=\"lazy\" decoding=\"async\" width=\"1114\" height=\"288\" src=\"https:\/\/www.periferieprahy.cz\/blog\/wp-content\/uploads\/2025\/04\/cp36.h4.jpg\" class=\"\" alt=\"\" srcset=\"https:\/\/www.periferieprahy.cz\/blog\/wp-content\/uploads\/2025\/04\/cp36.h4.jpg 1114w, https:\/\/www.periferieprahy.cz\/blog\/wp-content\/uploads\/2025\/04\/cp36.h4-300x78.jpg 300w, https:\/\/www.periferieprahy.cz\/blog\/wp-content\/uploads\/2025\/04\/cp36.h4-1024x265.jpg 1024w, https:\/\/www.periferieprahy.cz\/blog\/wp-content\/uploads\/2025\/04\/cp36.h4-768x199.jpg 768w\" sizes=\"auto, (max-width: 1114px) 100vw, 1114px\" \/><span>Takto vypadal pavilon t\u011bsn\u011b p\u0159ed demolic\u00ed<\/span><\/a><\/div><\/div><\/div><script id=\"su_image_carousel_69f3095fc5ec0_script\">if(window.SUImageCarousel){setTimeout(function() {window.SUImageCarousel.initGallery(document.getElementById(\"su_image_carousel_69f3095fc5ec0\"))}, 0);}var su_image_carousel_69f3095fc5ec0_script=document.getElementById(\"su_image_carousel_69f3095fc5ec0_script\");if(su_image_carousel_69f3095fc5ec0_script){su_image_carousel_69f3095fc5ec0_script.parentNode.removeChild(su_image_carousel_69f3095fc5ec0_script);}<\/script>\n\n\n\n<h2 class=\"wp-block-heading has-text-align-center\"><strong>Kdo se zde narodil a&nbsp;kdo zde hospoda\u0159il<\/strong><\/h2>\n\n\n\n<h3 class=\"wp-block-heading has-text-align-center\">Kubrovi<\/h3>\n\n\n<div class=\"wp-block-image\">\n<figure data-wp-context=\"{&quot;imageId&quot;:&quot;69f3095fa524d&quot;}\" data-wp-interactive=\"core\/image\" data-wp-key=\"69f3095fa524d\" class=\"aligncenter size-large is-resized wp-lightbox-container\" id=\"veronika1773\"><img loading=\"lazy\" decoding=\"async\" width=\"1024\" height=\"188\" data-wp-class--hide=\"state.isContentHidden\" data-wp-class--show=\"state.isContentVisible\" data-wp-init=\"callbacks.setButtonStyles\" data-wp-on--click=\"actions.showLightbox\" data-wp-on--load=\"callbacks.setButtonStyles\" data-wp-on-window--resize=\"callbacks.setButtonStyles\" src=\"https:\/\/www.periferieprahy.cz\/blog\/wp-content\/uploads\/2025\/04\/cp36.h7-1024x188.jpg\" alt=\"\" class=\"wp-image-3002\" style=\"width:1024px;height:auto\" srcset=\"https:\/\/www.periferieprahy.cz\/blog\/wp-content\/uploads\/2025\/04\/cp36.h7-1024x188.jpg 1024w, https:\/\/www.periferieprahy.cz\/blog\/wp-content\/uploads\/2025\/04\/cp36.h7-300x55.jpg 300w, https:\/\/www.periferieprahy.cz\/blog\/wp-content\/uploads\/2025\/04\/cp36.h7-768x141.jpg 768w, https:\/\/www.periferieprahy.cz\/blog\/wp-content\/uploads\/2025\/04\/cp36.h7.jpg 1030w\" sizes=\"auto, (max-width: 1024px) 100vw, 1024px\" \/><button\n\t\t\tclass=\"lightbox-trigger\"\n\t\t\ttype=\"button\"\n\t\t\taria-haspopup=\"dialog\"\n\t\t\taria-label=\"Zv\u011bt\u0161it\"\n\t\t\tdata-wp-init=\"callbacks.initTriggerButton\"\n\t\t\tdata-wp-on--click=\"actions.showLightbox\"\n\t\t\tdata-wp-style--right=\"state.imageButtonRight\"\n\t\t\tdata-wp-style--top=\"state.imageButtonTop\"\n\t\t>\n\t\t\t<svg xmlns=\"http:\/\/www.w3.org\/2000\/svg\" width=\"12\" height=\"12\" fill=\"none\" viewBox=\"0 0 12 12\">\n\t\t\t\t<path fill=\"#fff\" d=\"M2 0a2 2 0 0 0-2 2v2h1.5V2a.5.5 0 0 1 .5-.5h2V0H2Zm2 10.5H2a.5.5 0 0 1-.5-.5V8H0v2a2 2 0 0 0 2 2h2v-1.5ZM8 12v-1.5h2a.5.5 0 0 0 .5-.5V8H12v2a2 2 0 0 1-2 2H8Zm2-12a2 2 0 0 1 2 2v2h-1.5V2a.5.5 0 0 0-.5-.5H8V0h2Z\" \/>\n\t\t\t<\/svg>\n\t\t<\/button><figcaption class=\"wp-element-caption\">Veronika *2.7.1773; otec Jan Kubr \u0161enk\u00fd\u0159 [pincerna], matka Apolena <\/figcaption><\/figure>\n<\/div>\n\n<div class=\"wp-block-image\">\n<figure data-wp-context=\"{&quot;imageId&quot;:&quot;69f3095fa5798&quot;}\" data-wp-interactive=\"core\/image\" data-wp-key=\"69f3095fa5798\" class=\"aligncenter size-large wp-lightbox-container\" id=\"jakub1774\"><img loading=\"lazy\" decoding=\"async\" width=\"1024\" height=\"334\" data-wp-class--hide=\"state.isContentHidden\" data-wp-class--show=\"state.isContentVisible\" data-wp-init=\"callbacks.setButtonStyles\" data-wp-on--click=\"actions.showLightbox\" data-wp-on--load=\"callbacks.setButtonStyles\" data-wp-on-window--resize=\"callbacks.setButtonStyles\" src=\"https:\/\/www.periferieprahy.cz\/blog\/wp-content\/uploads\/2025\/04\/cp36.h6-1024x334.jpg\" alt=\"\" class=\"wp-image-3001\" srcset=\"https:\/\/www.periferieprahy.cz\/blog\/wp-content\/uploads\/2025\/04\/cp36.h6-1024x334.jpg 1024w, https:\/\/www.periferieprahy.cz\/blog\/wp-content\/uploads\/2025\/04\/cp36.h6-300x98.jpg 300w, https:\/\/www.periferieprahy.cz\/blog\/wp-content\/uploads\/2025\/04\/cp36.h6-768x251.jpg 768w, https:\/\/www.periferieprahy.cz\/blog\/wp-content\/uploads\/2025\/04\/cp36.h6.jpg 1035w\" sizes=\"auto, (max-width: 1024px) 100vw, 1024px\" \/><button\n\t\t\tclass=\"lightbox-trigger\"\n\t\t\ttype=\"button\"\n\t\t\taria-haspopup=\"dialog\"\n\t\t\taria-label=\"Zv\u011bt\u0161it\"\n\t\t\tdata-wp-init=\"callbacks.initTriggerButton\"\n\t\t\tdata-wp-on--click=\"actions.showLightbox\"\n\t\t\tdata-wp-style--right=\"state.imageButtonRight\"\n\t\t\tdata-wp-style--top=\"state.imageButtonTop\"\n\t\t>\n\t\t\t<svg xmlns=\"http:\/\/www.w3.org\/2000\/svg\" width=\"12\" height=\"12\" fill=\"none\" viewBox=\"0 0 12 12\">\n\t\t\t\t<path fill=\"#fff\" d=\"M2 0a2 2 0 0 0-2 2v2h1.5V2a.5.5 0 0 1 .5-.5h2V0H2Zm2 10.5H2a.5.5 0 0 1-.5-.5V8H0v2a2 2 0 0 0 2 2h2v-1.5ZM8 12v-1.5h2a.5.5 0 0 0 .5-.5V8H12v2a2 2 0 0 1-2 2H8Zm2-12a2 2 0 0 1 2 2v2h-1.5V2a.5.5 0 0 0-.5-.5H8V0h2Z\" \/>\n\t\t\t<\/svg>\n\t\t<\/button><figcaption class=\"wp-element-caption\">Jakub *15.7.1774; otec Kri\u0161tof \u0158eho\u0159, kov\u00e1\u0159; matka Al\u017eb\u011bta <\/figcaption><\/figure>\n<\/div>\n\n<div class=\"wp-block-image\">\n<figure data-wp-context=\"{&quot;imageId&quot;:&quot;69f3095fa5d70&quot;}\" data-wp-interactive=\"core\/image\" data-wp-key=\"69f3095fa5d70\" class=\"aligncenter size-large wp-lightbox-container\" id=\"vaclav1775\"><img loading=\"lazy\" decoding=\"async\" width=\"1024\" height=\"161\" data-wp-class--hide=\"state.isContentHidden\" data-wp-class--show=\"state.isContentVisible\" data-wp-init=\"callbacks.setButtonStyles\" data-wp-on--click=\"actions.showLightbox\" data-wp-on--load=\"callbacks.setButtonStyles\" data-wp-on-window--resize=\"callbacks.setButtonStyles\" src=\"https:\/\/www.periferieprahy.cz\/blog\/wp-content\/uploads\/2025\/04\/cp36.h13-1024x161.jpg\" alt=\"\" class=\"wp-image-3008\" srcset=\"https:\/\/www.periferieprahy.cz\/blog\/wp-content\/uploads\/2025\/04\/cp36.h13-1024x161.jpg 1024w, https:\/\/www.periferieprahy.cz\/blog\/wp-content\/uploads\/2025\/04\/cp36.h13-300x47.jpg 300w, https:\/\/www.periferieprahy.cz\/blog\/wp-content\/uploads\/2025\/04\/cp36.h13-768x121.jpg 768w, https:\/\/www.periferieprahy.cz\/blog\/wp-content\/uploads\/2025\/04\/cp36.h13.jpg 1030w\" sizes=\"auto, (max-width: 1024px) 100vw, 1024px\" \/><button\n\t\t\tclass=\"lightbox-trigger\"\n\t\t\ttype=\"button\"\n\t\t\taria-haspopup=\"dialog\"\n\t\t\taria-label=\"Zv\u011bt\u0161it\"\n\t\t\tdata-wp-init=\"callbacks.initTriggerButton\"\n\t\t\tdata-wp-on--click=\"actions.showLightbox\"\n\t\t\tdata-wp-style--right=\"state.imageButtonRight\"\n\t\t\tdata-wp-style--top=\"state.imageButtonTop\"\n\t\t>\n\t\t\t<svg xmlns=\"http:\/\/www.w3.org\/2000\/svg\" width=\"12\" height=\"12\" fill=\"none\" viewBox=\"0 0 12 12\">\n\t\t\t\t<path fill=\"#fff\" d=\"M2 0a2 2 0 0 0-2 2v2h1.5V2a.5.5 0 0 1 .5-.5h2V0H2Zm2 10.5H2a.5.5 0 0 1-.5-.5V8H0v2a2 2 0 0 0 2 2h2v-1.5ZM8 12v-1.5h2a.5.5 0 0 0 .5-.5V8H12v2a2 2 0 0 1-2 2H8Zm2-12a2 2 0 0 1 2 2v2h-1.5V2a.5.5 0 0 0-.5-.5H8V0h2Z\" \/>\n\t\t\t<\/svg>\n\t\t<\/button><figcaption class=\"wp-element-caption\">V\u00e1clav *20.1.1775; otec Jan Kubr \u0161enk\u00fd\u0159 [pincerna], matka Apolena <\/figcaption><\/figure>\n<\/div>\n\n<div class=\"wp-block-image\">\n<figure data-wp-context=\"{&quot;imageId&quot;:&quot;69f3095fa627b&quot;}\" data-wp-interactive=\"core\/image\" data-wp-key=\"69f3095fa627b\" class=\"aligncenter size-full wp-lightbox-container\" id=\"jan1776\"><img loading=\"lazy\" decoding=\"async\" width=\"984\" height=\"349\" data-wp-class--hide=\"state.isContentHidden\" data-wp-class--show=\"state.isContentVisible\" data-wp-init=\"callbacks.setButtonStyles\" data-wp-on--click=\"actions.showLightbox\" data-wp-on--load=\"callbacks.setButtonStyles\" data-wp-on-window--resize=\"callbacks.setButtonStyles\" src=\"https:\/\/www.periferieprahy.cz\/blog\/wp-content\/uploads\/2025\/04\/cp36.h15.jpg\" alt=\"\" class=\"wp-image-3010\" srcset=\"https:\/\/www.periferieprahy.cz\/blog\/wp-content\/uploads\/2025\/04\/cp36.h15.jpg 984w, https:\/\/www.periferieprahy.cz\/blog\/wp-content\/uploads\/2025\/04\/cp36.h15-300x106.jpg 300w, https:\/\/www.periferieprahy.cz\/blog\/wp-content\/uploads\/2025\/04\/cp36.h15-768x272.jpg 768w\" sizes=\"auto, (max-width: 984px) 100vw, 984px\" \/><button\n\t\t\tclass=\"lightbox-trigger\"\n\t\t\ttype=\"button\"\n\t\t\taria-haspopup=\"dialog\"\n\t\t\taria-label=\"Zv\u011bt\u0161it\"\n\t\t\tdata-wp-init=\"callbacks.initTriggerButton\"\n\t\t\tdata-wp-on--click=\"actions.showLightbox\"\n\t\t\tdata-wp-style--right=\"state.imageButtonRight\"\n\t\t\tdata-wp-style--top=\"state.imageButtonTop\"\n\t\t>\n\t\t\t<svg xmlns=\"http:\/\/www.w3.org\/2000\/svg\" width=\"12\" height=\"12\" fill=\"none\" viewBox=\"0 0 12 12\">\n\t\t\t\t<path fill=\"#fff\" d=\"M2 0a2 2 0 0 0-2 2v2h1.5V2a.5.5 0 0 1 .5-.5h2V0H2Zm2 10.5H2a.5.5 0 0 1-.5-.5V8H0v2a2 2 0 0 0 2 2h2v-1.5ZM8 12v-1.5h2a.5.5 0 0 0 .5-.5V8H12v2a2 2 0 0 1-2 2H8Zm2-12a2 2 0 0 1 2 2v2h-1.5V2a.5.5 0 0 0-.5-.5H8V0h2Z\" \/>\n\t\t\t<\/svg>\n\t\t<\/button><figcaption class=\"wp-element-caption\">Jan *22.9.1776; otec Jan Kubr \u0161enk\u00fd\u0159 [pincerna], matka Apolena <\/figcaption><\/figure>\n<\/div>\n\n<div class=\"wp-block-image\">\n<figure data-wp-context=\"{&quot;imageId&quot;:&quot;69f3095fa675c&quot;}\" data-wp-interactive=\"core\/image\" data-wp-key=\"69f3095fa675c\" class=\"aligncenter size-full wp-lightbox-container\" id=\"karel1779\"><img loading=\"lazy\" decoding=\"async\" width=\"917\" height=\"166\" data-wp-class--hide=\"state.isContentHidden\" data-wp-class--show=\"state.isContentVisible\" data-wp-init=\"callbacks.setButtonStyles\" data-wp-on--click=\"actions.showLightbox\" data-wp-on--load=\"callbacks.setButtonStyles\" data-wp-on-window--resize=\"callbacks.setButtonStyles\" src=\"https:\/\/www.periferieprahy.cz\/blog\/wp-content\/uploads\/2025\/04\/cp36.h16.jpg\" alt=\"\" class=\"wp-image-3011\" srcset=\"https:\/\/www.periferieprahy.cz\/blog\/wp-content\/uploads\/2025\/04\/cp36.h16.jpg 917w, https:\/\/www.periferieprahy.cz\/blog\/wp-content\/uploads\/2025\/04\/cp36.h16-300x54.jpg 300w, https:\/\/www.periferieprahy.cz\/blog\/wp-content\/uploads\/2025\/04\/cp36.h16-768x139.jpg 768w\" sizes=\"auto, (max-width: 917px) 100vw, 917px\" \/><button\n\t\t\tclass=\"lightbox-trigger\"\n\t\t\ttype=\"button\"\n\t\t\taria-haspopup=\"dialog\"\n\t\t\taria-label=\"Zv\u011bt\u0161it\"\n\t\t\tdata-wp-init=\"callbacks.initTriggerButton\"\n\t\t\tdata-wp-on--click=\"actions.showLightbox\"\n\t\t\tdata-wp-style--right=\"state.imageButtonRight\"\n\t\t\tdata-wp-style--top=\"state.imageButtonTop\"\n\t\t>\n\t\t\t<svg xmlns=\"http:\/\/www.w3.org\/2000\/svg\" width=\"12\" height=\"12\" fill=\"none\" viewBox=\"0 0 12 12\">\n\t\t\t\t<path fill=\"#fff\" d=\"M2 0a2 2 0 0 0-2 2v2h1.5V2a.5.5 0 0 1 .5-.5h2V0H2Zm2 10.5H2a.5.5 0 0 1-.5-.5V8H0v2a2 2 0 0 0 2 2h2v-1.5ZM8 12v-1.5h2a.5.5 0 0 0 .5-.5V8H12v2a2 2 0 0 1-2 2H8Zm2-12a2 2 0 0 1 2 2v2h-1.5V2a.5.5 0 0 0-.5-.5H8V0h2Z\" \/>\n\t\t\t<\/svg>\n\t\t<\/button><figcaption class=\"wp-element-caption\">Karel *20.2.1779; otec Jan Kubr \u0161enk\u00fd\u0159 [pincerna], matka Apolena <\/figcaption><\/figure>\n<\/div>\n\n<div class=\"wp-block-image\">\n<figure data-wp-context=\"{&quot;imageId&quot;:&quot;69f3095fa6c4a&quot;}\" data-wp-interactive=\"core\/image\" data-wp-key=\"69f3095fa6c4a\" class=\"aligncenter size-full wp-lightbox-container\" id=\"frantisek1781\"><img loading=\"lazy\" decoding=\"async\" width=\"989\" height=\"138\" data-wp-class--hide=\"state.isContentHidden\" data-wp-class--show=\"state.isContentVisible\" data-wp-init=\"callbacks.setButtonStyles\" data-wp-on--click=\"actions.showLightbox\" data-wp-on--load=\"callbacks.setButtonStyles\" data-wp-on-window--resize=\"callbacks.setButtonStyles\" src=\"https:\/\/www.periferieprahy.cz\/blog\/wp-content\/uploads\/2025\/04\/cp36.h17.jpg\" alt=\"\" class=\"wp-image-3012\" srcset=\"https:\/\/www.periferieprahy.cz\/blog\/wp-content\/uploads\/2025\/04\/cp36.h17.jpg 989w, https:\/\/www.periferieprahy.cz\/blog\/wp-content\/uploads\/2025\/04\/cp36.h17-300x42.jpg 300w, https:\/\/www.periferieprahy.cz\/blog\/wp-content\/uploads\/2025\/04\/cp36.h17-768x107.jpg 768w\" sizes=\"auto, (max-width: 989px) 100vw, 989px\" \/><button\n\t\t\tclass=\"lightbox-trigger\"\n\t\t\ttype=\"button\"\n\t\t\taria-haspopup=\"dialog\"\n\t\t\taria-label=\"Zv\u011bt\u0161it\"\n\t\t\tdata-wp-init=\"callbacks.initTriggerButton\"\n\t\t\tdata-wp-on--click=\"actions.showLightbox\"\n\t\t\tdata-wp-style--right=\"state.imageButtonRight\"\n\t\t\tdata-wp-style--top=\"state.imageButtonTop\"\n\t\t>\n\t\t\t<svg xmlns=\"http:\/\/www.w3.org\/2000\/svg\" width=\"12\" height=\"12\" fill=\"none\" viewBox=\"0 0 12 12\">\n\t\t\t\t<path fill=\"#fff\" d=\"M2 0a2 2 0 0 0-2 2v2h1.5V2a.5.5 0 0 1 .5-.5h2V0H2Zm2 10.5H2a.5.5 0 0 1-.5-.5V8H0v2a2 2 0 0 0 2 2h2v-1.5ZM8 12v-1.5h2a.5.5 0 0 0 .5-.5V8H12v2a2 2 0 0 1-2 2H8Zm2-12a2 2 0 0 1 2 2v2h-1.5V2a.5.5 0 0 0-.5-.5H8V0h2Z\" \/>\n\t\t\t<\/svg>\n\t\t<\/button><figcaption class=\"wp-element-caption\">Franti\u0161ek *2.4.1781; otec Jan Kubr \u0161enk\u00fd\u0159 [pincerna], matka Apolena <\/figcaption><\/figure>\n<\/div>\n\n<div class=\"wp-block-image\">\n<figure data-wp-context=\"{&quot;imageId&quot;:&quot;69f3095fa7384&quot;}\" data-wp-interactive=\"core\/image\" data-wp-key=\"69f3095fa7384\" class=\"aligncenter size-full wp-lightbox-container\" id=\"anna1782\"><img loading=\"lazy\" decoding=\"async\" width=\"902\" height=\"181\" data-wp-class--hide=\"state.isContentHidden\" data-wp-class--show=\"state.isContentVisible\" data-wp-init=\"callbacks.setButtonStyles\" data-wp-on--click=\"actions.showLightbox\" data-wp-on--load=\"callbacks.setButtonStyles\" data-wp-on-window--resize=\"callbacks.setButtonStyles\" src=\"https:\/\/www.periferieprahy.cz\/blog\/wp-content\/uploads\/2025\/04\/cp17.h74.jpg\" alt=\"\" class=\"wp-image-2109\" srcset=\"https:\/\/www.periferieprahy.cz\/blog\/wp-content\/uploads\/2025\/04\/cp17.h74.jpg 902w, https:\/\/www.periferieprahy.cz\/blog\/wp-content\/uploads\/2025\/04\/cp17.h74-300x60.jpg 300w, https:\/\/www.periferieprahy.cz\/blog\/wp-content\/uploads\/2025\/04\/cp17.h74-768x154.jpg 768w\" sizes=\"auto, (max-width: 902px) 100vw, 902px\" \/><button\n\t\t\tclass=\"lightbox-trigger\"\n\t\t\ttype=\"button\"\n\t\t\taria-haspopup=\"dialog\"\n\t\t\taria-label=\"Zv\u011bt\u0161it\"\n\t\t\tdata-wp-init=\"callbacks.initTriggerButton\"\n\t\t\tdata-wp-on--click=\"actions.showLightbox\"\n\t\t\tdata-wp-style--right=\"state.imageButtonRight\"\n\t\t\tdata-wp-style--top=\"state.imageButtonTop\"\n\t\t>\n\t\t\t<svg xmlns=\"http:\/\/www.w3.org\/2000\/svg\" width=\"12\" height=\"12\" fill=\"none\" viewBox=\"0 0 12 12\">\n\t\t\t\t<path fill=\"#fff\" d=\"M2 0a2 2 0 0 0-2 2v2h1.5V2a.5.5 0 0 1 .5-.5h2V0H2Zm2 10.5H2a.5.5 0 0 1-.5-.5V8H0v2a2 2 0 0 0 2 2h2v-1.5ZM8 12v-1.5h2a.5.5 0 0 0 .5-.5V8H12v2a2 2 0 0 1-2 2H8Zm2-12a2 2 0 0 1 2 2v2h-1.5V2a.5.5 0 0 0-.5-.5H8V0h2Z\" \/>\n\t\t\t<\/svg>\n\t\t<\/button><figcaption class=\"wp-element-caption\">Anna *1.10.1782; otec V\u00e1clav Hole\u010dek, chalupn\u00edk; matka Anna.<br><strong><mark style=\"background-color:#fcb900\" class=\"has-inline-color\">Anna se provdala \u221e 23.11.1800 za Jana Ku\u010deru, Jejich syn Josef byl pozd\u011bji majitelem hospody \u010d.p. 36  <\/mark><\/strong><\/figcaption><\/figure>\n<\/div>\n\n<div class=\"wp-block-image\">\n<figure data-wp-context=\"{&quot;imageId&quot;:&quot;69f3095fa7875&quot;}\" data-wp-interactive=\"core\/image\" data-wp-key=\"69f3095fa7875\" class=\"aligncenter size-full is-resized wp-lightbox-container\" id=\"apolena1784\"><img loading=\"lazy\" decoding=\"async\" width=\"974\" height=\"170\" data-wp-class--hide=\"state.isContentHidden\" data-wp-class--show=\"state.isContentVisible\" data-wp-init=\"callbacks.setButtonStyles\" data-wp-on--click=\"actions.showLightbox\" data-wp-on--load=\"callbacks.setButtonStyles\" data-wp-on-window--resize=\"callbacks.setButtonStyles\" src=\"https:\/\/www.periferieprahy.cz\/blog\/wp-content\/uploads\/2025\/04\/cp36.h18.jpg\" alt=\"\" class=\"wp-image-3013\" style=\"width:1190px;height:auto\" srcset=\"https:\/\/www.periferieprahy.cz\/blog\/wp-content\/uploads\/2025\/04\/cp36.h18.jpg 974w, https:\/\/www.periferieprahy.cz\/blog\/wp-content\/uploads\/2025\/04\/cp36.h18-300x52.jpg 300w, https:\/\/www.periferieprahy.cz\/blog\/wp-content\/uploads\/2025\/04\/cp36.h18-768x134.jpg 768w\" sizes=\"auto, (max-width: 974px) 100vw, 974px\" \/><button\n\t\t\tclass=\"lightbox-trigger\"\n\t\t\ttype=\"button\"\n\t\t\taria-haspopup=\"dialog\"\n\t\t\taria-label=\"Zv\u011bt\u0161it\"\n\t\t\tdata-wp-init=\"callbacks.initTriggerButton\"\n\t\t\tdata-wp-on--click=\"actions.showLightbox\"\n\t\t\tdata-wp-style--right=\"state.imageButtonRight\"\n\t\t\tdata-wp-style--top=\"state.imageButtonTop\"\n\t\t>\n\t\t\t<svg xmlns=\"http:\/\/www.w3.org\/2000\/svg\" width=\"12\" height=\"12\" fill=\"none\" viewBox=\"0 0 12 12\">\n\t\t\t\t<path fill=\"#fff\" d=\"M2 0a2 2 0 0 0-2 2v2h1.5V2a.5.5 0 0 1 .5-.5h2V0H2Zm2 10.5H2a.5.5 0 0 1-.5-.5V8H0v2a2 2 0 0 0 2 2h2v-1.5ZM8 12v-1.5h2a.5.5 0 0 0 .5-.5V8H12v2a2 2 0 0 1-2 2H8Zm2-12a2 2 0 0 1 2 2v2h-1.5V2a.5.5 0 0 0-.5-.5H8V0h2Z\" \/>\n\t\t\t<\/svg>\n\t\t<\/button><figcaption class=\"wp-element-caption\">Apollena *6.11.1784; otec Jan Kubr \u0161enk\u00fd\u0159, matka Apolena  <\/figcaption><\/figure>\n<\/div>\n\n<div class=\"wp-block-image\">\n<figure data-wp-context=\"{&quot;imageId&quot;:&quot;69f3095fa7d5d&quot;}\" data-wp-interactive=\"core\/image\" data-wp-key=\"69f3095fa7d5d\" class=\"aligncenter size-large is-resized wp-lightbox-container\" id=\"Marianna1788\"><img loading=\"lazy\" decoding=\"async\" width=\"1024\" height=\"87\" data-wp-class--hide=\"state.isContentHidden\" data-wp-class--show=\"state.isContentVisible\" data-wp-init=\"callbacks.setButtonStyles\" data-wp-on--click=\"actions.showLightbox\" data-wp-on--load=\"callbacks.setButtonStyles\" data-wp-on-window--resize=\"callbacks.setButtonStyles\" src=\"https:\/\/www.periferieprahy.cz\/blog\/wp-content\/uploads\/2025\/04\/cp36.h19-1024x87.jpg\" alt=\"\" class=\"wp-image-3014\" style=\"width:1190px;height:auto\" srcset=\"https:\/\/www.periferieprahy.cz\/blog\/wp-content\/uploads\/2025\/04\/cp36.h19-1024x87.jpg 1024w, https:\/\/www.periferieprahy.cz\/blog\/wp-content\/uploads\/2025\/04\/cp36.h19-300x26.jpg 300w, https:\/\/www.periferieprahy.cz\/blog\/wp-content\/uploads\/2025\/04\/cp36.h19-768x66.jpg 768w, https:\/\/www.periferieprahy.cz\/blog\/wp-content\/uploads\/2025\/04\/cp36.h19.jpg 1089w\" sizes=\"auto, (max-width: 1024px) 100vw, 1024px\" \/><button\n\t\t\tclass=\"lightbox-trigger\"\n\t\t\ttype=\"button\"\n\t\t\taria-haspopup=\"dialog\"\n\t\t\taria-label=\"Zv\u011bt\u0161it\"\n\t\t\tdata-wp-init=\"callbacks.initTriggerButton\"\n\t\t\tdata-wp-on--click=\"actions.showLightbox\"\n\t\t\tdata-wp-style--right=\"state.imageButtonRight\"\n\t\t\tdata-wp-style--top=\"state.imageButtonTop\"\n\t\t>\n\t\t\t<svg xmlns=\"http:\/\/www.w3.org\/2000\/svg\" width=\"12\" height=\"12\" fill=\"none\" viewBox=\"0 0 12 12\">\n\t\t\t\t<path fill=\"#fff\" d=\"M2 0a2 2 0 0 0-2 2v2h1.5V2a.5.5 0 0 1 .5-.5h2V0H2Zm2 10.5H2a.5.5 0 0 1-.5-.5V8H0v2a2 2 0 0 0 2 2h2v-1.5ZM8 12v-1.5h2a.5.5 0 0 0 .5-.5V8H12v2a2 2 0 0 1-2 2H8Zm2-12a2 2 0 0 1 2 2v2h-1.5V2a.5.5 0 0 0-.5-.5H8V0h2Z\" \/>\n\t\t\t<\/svg>\n\t\t<\/button><figcaption class=\"wp-element-caption\">Marianna *27.8.1788; otec Jan Kubr \u0161enk\u00fd\u0159, matka Apolena <\/figcaption><\/figure>\n<\/div>\n\n<div class=\"wp-block-image\">\n<figure data-wp-context=\"{&quot;imageId&quot;:&quot;69f3095fa8297&quot;}\" data-wp-interactive=\"core\/image\" data-wp-key=\"69f3095fa8297\" class=\"aligncenter size-full is-resized wp-lightbox-container\" id=\"apolena1791_tod\"><img loading=\"lazy\" decoding=\"async\" width=\"1020\" height=\"115\" data-wp-class--hide=\"state.isContentHidden\" data-wp-class--show=\"state.isContentVisible\" data-wp-init=\"callbacks.setButtonStyles\" data-wp-on--click=\"actions.showLightbox\" data-wp-on--load=\"callbacks.setButtonStyles\" data-wp-on-window--resize=\"callbacks.setButtonStyles\" src=\"https:\/\/www.periferieprahy.cz\/blog\/wp-content\/uploads\/2025\/04\/cp36.h56.jpg\" alt=\"\" class=\"wp-image-3051\" style=\"width:1190px;height:auto\" srcset=\"https:\/\/www.periferieprahy.cz\/blog\/wp-content\/uploads\/2025\/04\/cp36.h56.jpg 1020w, https:\/\/www.periferieprahy.cz\/blog\/wp-content\/uploads\/2025\/04\/cp36.h56-300x34.jpg 300w, https:\/\/www.periferieprahy.cz\/blog\/wp-content\/uploads\/2025\/04\/cp36.h56-768x87.jpg 768w\" sizes=\"auto, (max-width: 1020px) 100vw, 1020px\" \/><button\n\t\t\tclass=\"lightbox-trigger\"\n\t\t\ttype=\"button\"\n\t\t\taria-haspopup=\"dialog\"\n\t\t\taria-label=\"Zv\u011bt\u0161it\"\n\t\t\tdata-wp-init=\"callbacks.initTriggerButton\"\n\t\t\tdata-wp-on--click=\"actions.showLightbox\"\n\t\t\tdata-wp-style--right=\"state.imageButtonRight\"\n\t\t\tdata-wp-style--top=\"state.imageButtonTop\"\n\t\t>\n\t\t\t<svg xmlns=\"http:\/\/www.w3.org\/2000\/svg\" width=\"12\" height=\"12\" fill=\"none\" viewBox=\"0 0 12 12\">\n\t\t\t\t<path fill=\"#fff\" d=\"M2 0a2 2 0 0 0-2 2v2h1.5V2a.5.5 0 0 1 .5-.5h2V0H2Zm2 10.5H2a.5.5 0 0 1-.5-.5V8H0v2a2 2 0 0 0 2 2h2v-1.5ZM8 12v-1.5h2a.5.5 0 0 0 .5-.5V8H12v2a2 2 0 0 1-2 2H8Zm2-12a2 2 0 0 1 2 2v2h-1.5V2a.5.5 0 0 0-.5-.5H8V0h2Z\" \/>\n\t\t\t<\/svg>\n\t\t<\/button><figcaption class=\"wp-element-caption\"><strong><mark style=\"background-color:#fcb900\" class=\"has-inline-color\">\u202011.10.1791 zem\u0159ela na krvotok p\u0159i porodu ve v\u011bku 36 let Apollena Kubrov\u00e1, \u0161enk\u00fd\u0159ka<\/mark><\/strong><\/figcaption><\/figure>\n<\/div>\n\n<div class=\"wp-block-image\">\n<figure data-wp-context=\"{&quot;imageId&quot;:&quot;69f3095fa873a&quot;}\" data-wp-interactive=\"core\/image\" data-wp-key=\"69f3095fa873a\" class=\"aligncenter size-full wp-lightbox-container\" id=\"johanna1797\"><img loading=\"lazy\" decoding=\"async\" width=\"1006\" height=\"278\" data-wp-class--hide=\"state.isContentHidden\" data-wp-class--show=\"state.isContentVisible\" data-wp-init=\"callbacks.setButtonStyles\" data-wp-on--click=\"actions.showLightbox\" data-wp-on--load=\"callbacks.setButtonStyles\" data-wp-on-window--resize=\"callbacks.setButtonStyles\" src=\"https:\/\/www.periferieprahy.cz\/blog\/wp-content\/uploads\/2025\/04\/cp36.h21.jpg\" alt=\"\" class=\"wp-image-3016\" srcset=\"https:\/\/www.periferieprahy.cz\/blog\/wp-content\/uploads\/2025\/04\/cp36.h21.jpg 1006w, https:\/\/www.periferieprahy.cz\/blog\/wp-content\/uploads\/2025\/04\/cp36.h21-300x83.jpg 300w, https:\/\/www.periferieprahy.cz\/blog\/wp-content\/uploads\/2025\/04\/cp36.h21-768x212.jpg 768w\" sizes=\"auto, (max-width: 1006px) 100vw, 1006px\" \/><button\n\t\t\tclass=\"lightbox-trigger\"\n\t\t\ttype=\"button\"\n\t\t\taria-haspopup=\"dialog\"\n\t\t\taria-label=\"Zv\u011bt\u0161it\"\n\t\t\tdata-wp-init=\"callbacks.initTriggerButton\"\n\t\t\tdata-wp-on--click=\"actions.showLightbox\"\n\t\t\tdata-wp-style--right=\"state.imageButtonRight\"\n\t\t\tdata-wp-style--top=\"state.imageButtonTop\"\n\t\t>\n\t\t\t<svg xmlns=\"http:\/\/www.w3.org\/2000\/svg\" width=\"12\" height=\"12\" fill=\"none\" viewBox=\"0 0 12 12\">\n\t\t\t\t<path fill=\"#fff\" d=\"M2 0a2 2 0 0 0-2 2v2h1.5V2a.5.5 0 0 1 .5-.5h2V0H2Zm2 10.5H2a.5.5 0 0 1-.5-.5V8H0v2a2 2 0 0 0 2 2h2v-1.5ZM8 12v-1.5h2a.5.5 0 0 0 .5-.5V8H12v2a2 2 0 0 1-2 2H8Zm2-12a2 2 0 0 1 2 2v2h-1.5V2a.5.5 0 0 0-.5-.5H8V0h2Z\" \/>\n\t\t\t<\/svg>\n\t\t<\/button><figcaption class=\"wp-element-caption\">Johanna *22.9.1797; otec Jan Kubr, \u0161enk\u00fd\u0159; matka Marianna, dcera Josefa Dr\u00e1ba, handl\u00ed\u0159e a mate\u0159e Anny z m\u011bsta Slan\u00e9ho<\/figcaption><\/figure>\n<\/div>\n\n<div class=\"wp-block-image\">\n<figure data-wp-context=\"{&quot;imageId&quot;:&quot;69f3095fa8bb5&quot;}\" data-wp-interactive=\"core\/image\" data-wp-key=\"69f3095fa8bb5\" class=\"aligncenter size-full wp-lightbox-container\" id=\"frantisek1799\"><img loading=\"lazy\" decoding=\"async\" width=\"1006\" height=\"248\" data-wp-class--hide=\"state.isContentHidden\" data-wp-class--show=\"state.isContentVisible\" data-wp-init=\"callbacks.setButtonStyles\" data-wp-on--click=\"actions.showLightbox\" data-wp-on--load=\"callbacks.setButtonStyles\" data-wp-on-window--resize=\"callbacks.setButtonStyles\" src=\"https:\/\/www.periferieprahy.cz\/blog\/wp-content\/uploads\/2025\/04\/cp36.h22.jpg\" alt=\"\" class=\"wp-image-3017\" srcset=\"https:\/\/www.periferieprahy.cz\/blog\/wp-content\/uploads\/2025\/04\/cp36.h22.jpg 1006w, https:\/\/www.periferieprahy.cz\/blog\/wp-content\/uploads\/2025\/04\/cp36.h22-300x74.jpg 300w, https:\/\/www.periferieprahy.cz\/blog\/wp-content\/uploads\/2025\/04\/cp36.h22-768x189.jpg 768w\" sizes=\"auto, (max-width: 1006px) 100vw, 1006px\" \/><button\n\t\t\tclass=\"lightbox-trigger\"\n\t\t\ttype=\"button\"\n\t\t\taria-haspopup=\"dialog\"\n\t\t\taria-label=\"Zv\u011bt\u0161it\"\n\t\t\tdata-wp-init=\"callbacks.initTriggerButton\"\n\t\t\tdata-wp-on--click=\"actions.showLightbox\"\n\t\t\tdata-wp-style--right=\"state.imageButtonRight\"\n\t\t\tdata-wp-style--top=\"state.imageButtonTop\"\n\t\t>\n\t\t\t<svg xmlns=\"http:\/\/www.w3.org\/2000\/svg\" width=\"12\" height=\"12\" fill=\"none\" viewBox=\"0 0 12 12\">\n\t\t\t\t<path fill=\"#fff\" d=\"M2 0a2 2 0 0 0-2 2v2h1.5V2a.5.5 0 0 1 .5-.5h2V0H2Zm2 10.5H2a.5.5 0 0 1-.5-.5V8H0v2a2 2 0 0 0 2 2h2v-1.5ZM8 12v-1.5h2a.5.5 0 0 0 .5-.5V8H12v2a2 2 0 0 1-2 2H8Zm2-12a2 2 0 0 1 2 2v2h-1.5V2a.5.5 0 0 0-.5-.5H8V0h2Z\" \/>\n\t\t\t<\/svg>\n\t\t<\/button><figcaption class=\"wp-element-caption\">Franti\u0161ek *4.4.1799; otec Jan Kubr, \u0161enk\u00fd\u0159; matka rozen\u00e1  Marie Dr\u00e1bov\u00e1 ze Slan\u00e9ho<\/figcaption><\/figure>\n<\/div>\n\n<div class=\"wp-block-image\">\n<figure data-wp-context=\"{&quot;imageId&quot;:&quot;69f3095fa904d&quot;}\" data-wp-interactive=\"core\/image\" data-wp-key=\"69f3095fa904d\" class=\"aligncenter size-full is-resized wp-lightbox-container\" id=\"marie1803\"><img loading=\"lazy\" decoding=\"async\" width=\"921\" height=\"217\" data-wp-class--hide=\"state.isContentHidden\" data-wp-class--show=\"state.isContentVisible\" data-wp-init=\"callbacks.setButtonStyles\" data-wp-on--click=\"actions.showLightbox\" data-wp-on--load=\"callbacks.setButtonStyles\" data-wp-on-window--resize=\"callbacks.setButtonStyles\" src=\"https:\/\/www.periferieprahy.cz\/blog\/wp-content\/uploads\/2025\/04\/cp36.h23.jpg\" alt=\"\" class=\"wp-image-3018\" style=\"width:1013px;height:auto\" srcset=\"https:\/\/www.periferieprahy.cz\/blog\/wp-content\/uploads\/2025\/04\/cp36.h23.jpg 921w, https:\/\/www.periferieprahy.cz\/blog\/wp-content\/uploads\/2025\/04\/cp36.h23-300x71.jpg 300w, https:\/\/www.periferieprahy.cz\/blog\/wp-content\/uploads\/2025\/04\/cp36.h23-768x181.jpg 768w\" sizes=\"auto, (max-width: 921px) 100vw, 921px\" \/><button\n\t\t\tclass=\"lightbox-trigger\"\n\t\t\ttype=\"button\"\n\t\t\taria-haspopup=\"dialog\"\n\t\t\taria-label=\"Zv\u011bt\u0161it\"\n\t\t\tdata-wp-init=\"callbacks.initTriggerButton\"\n\t\t\tdata-wp-on--click=\"actions.showLightbox\"\n\t\t\tdata-wp-style--right=\"state.imageButtonRight\"\n\t\t\tdata-wp-style--top=\"state.imageButtonTop\"\n\t\t>\n\t\t\t<svg xmlns=\"http:\/\/www.w3.org\/2000\/svg\" width=\"12\" height=\"12\" fill=\"none\" viewBox=\"0 0 12 12\">\n\t\t\t\t<path fill=\"#fff\" d=\"M2 0a2 2 0 0 0-2 2v2h1.5V2a.5.5 0 0 1 .5-.5h2V0H2Zm2 10.5H2a.5.5 0 0 1-.5-.5V8H0v2a2 2 0 0 0 2 2h2v-1.5ZM8 12v-1.5h2a.5.5 0 0 0 .5-.5V8H12v2a2 2 0 0 1-2 2H8Zm2-12a2 2 0 0 1 2 2v2h-1.5V2a.5.5 0 0 0-.5-.5H8V0h2Z\" \/>\n\t\t\t<\/svg>\n\t\t<\/button><figcaption class=\"wp-element-caption\">Marie*12.11.1803; otec Jan Kubr, \u0161enk\u00fd\u0159; matka Marie rozen\u00e1 Dr\u00e1bov\u00e1 ze Slan\u00e9ho<\/figcaption><\/figure>\n<\/div>\n\n<div class=\"wp-block-image\">\n<figure data-wp-context=\"{&quot;imageId&quot;:&quot;69f3095fa94de&quot;}\" data-wp-interactive=\"core\/image\" data-wp-key=\"69f3095fa94de\" class=\"aligncenter size-large is-resized wp-lightbox-container\" id=\"marie1806_tod\"><img loading=\"lazy\" decoding=\"async\" width=\"1024\" height=\"61\" data-wp-class--hide=\"state.isContentHidden\" data-wp-class--show=\"state.isContentVisible\" data-wp-init=\"callbacks.setButtonStyles\" data-wp-on--click=\"actions.showLightbox\" data-wp-on--load=\"callbacks.setButtonStyles\" data-wp-on-window--resize=\"callbacks.setButtonStyles\" src=\"https:\/\/www.periferieprahy.cz\/blog\/wp-content\/uploads\/2025\/04\/cp36.h14-1024x61.jpg\" alt=\"\" class=\"wp-image-3009\" style=\"width:1190px;height:auto\" srcset=\"https:\/\/www.periferieprahy.cz\/blog\/wp-content\/uploads\/2025\/04\/cp36.h14-1024x61.jpg 1024w, https:\/\/www.periferieprahy.cz\/blog\/wp-content\/uploads\/2025\/04\/cp36.h14-300x18.jpg 300w, https:\/\/www.periferieprahy.cz\/blog\/wp-content\/uploads\/2025\/04\/cp36.h14-768x46.jpg 768w, https:\/\/www.periferieprahy.cz\/blog\/wp-content\/uploads\/2025\/04\/cp36.h14.jpg 1111w\" sizes=\"auto, (max-width: 1024px) 100vw, 1024px\" \/><button\n\t\t\tclass=\"lightbox-trigger\"\n\t\t\ttype=\"button\"\n\t\t\taria-haspopup=\"dialog\"\n\t\t\taria-label=\"Zv\u011bt\u0161it\"\n\t\t\tdata-wp-init=\"callbacks.initTriggerButton\"\n\t\t\tdata-wp-on--click=\"actions.showLightbox\"\n\t\t\tdata-wp-style--right=\"state.imageButtonRight\"\n\t\t\tdata-wp-style--top=\"state.imageButtonTop\"\n\t\t>\n\t\t\t<svg xmlns=\"http:\/\/www.w3.org\/2000\/svg\" width=\"12\" height=\"12\" fill=\"none\" viewBox=\"0 0 12 12\">\n\t\t\t\t<path fill=\"#fff\" d=\"M2 0a2 2 0 0 0-2 2v2h1.5V2a.5.5 0 0 1 .5-.5h2V0H2Zm2 10.5H2a.5.5 0 0 1-.5-.5V8H0v2a2 2 0 0 0 2 2h2v-1.5ZM8 12v-1.5h2a.5.5 0 0 0 .5-.5V8H12v2a2 2 0 0 1-2 2H8Zm2-12a2 2 0 0 1 2 2v2h-1.5V2a.5.5 0 0 0-.5-.5H8V0h2Z\" \/>\n\t\t\t<\/svg>\n\t\t<\/button><figcaption class=\"wp-element-caption\"><strong><mark style=\"background-color:#fcb900\" class=\"has-inline-color\">\u202013.2.1806 zem\u0159ela ve v\u011bku 26 let na Pete\u010de [b\u0159i\u0161n\u00ed tyfus] Marie, man\u017eelka Jana Kubra, libock\u00fdho hospodsk\u00fdho<\/mark><\/strong><\/figcaption><\/figure>\n<\/div>\n\n<div class=\"wp-block-image\">\n<figure data-wp-context=\"{&quot;imageId&quot;:&quot;69f3095fa994c&quot;}\" data-wp-interactive=\"core\/image\" data-wp-key=\"69f3095fa994c\" class=\"aligncenter size-large wp-lightbox-container\" id=\"jan_kubr_tod1818\"><img loading=\"lazy\" decoding=\"async\" width=\"1024\" height=\"200\" data-wp-class--hide=\"state.isContentHidden\" data-wp-class--show=\"state.isContentVisible\" data-wp-init=\"callbacks.setButtonStyles\" data-wp-on--click=\"actions.showLightbox\" data-wp-on--load=\"callbacks.setButtonStyles\" data-wp-on-window--resize=\"callbacks.setButtonStyles\" src=\"https:\/\/www.periferieprahy.cz\/blog\/wp-content\/uploads\/2025\/04\/cp36.h20-1024x200.jpg\" alt=\"\" class=\"wp-image-3015\" srcset=\"https:\/\/www.periferieprahy.cz\/blog\/wp-content\/uploads\/2025\/04\/cp36.h20-1024x200.jpg 1024w, https:\/\/www.periferieprahy.cz\/blog\/wp-content\/uploads\/2025\/04\/cp36.h20-300x59.jpg 300w, https:\/\/www.periferieprahy.cz\/blog\/wp-content\/uploads\/2025\/04\/cp36.h20-768x150.jpg 768w, https:\/\/www.periferieprahy.cz\/blog\/wp-content\/uploads\/2025\/04\/cp36.h20.jpg 1042w\" sizes=\"auto, (max-width: 1024px) 100vw, 1024px\" \/><button\n\t\t\tclass=\"lightbox-trigger\"\n\t\t\ttype=\"button\"\n\t\t\taria-haspopup=\"dialog\"\n\t\t\taria-label=\"Zv\u011bt\u0161it\"\n\t\t\tdata-wp-init=\"callbacks.initTriggerButton\"\n\t\t\tdata-wp-on--click=\"actions.showLightbox\"\n\t\t\tdata-wp-style--right=\"state.imageButtonRight\"\n\t\t\tdata-wp-style--top=\"state.imageButtonTop\"\n\t\t>\n\t\t\t<svg xmlns=\"http:\/\/www.w3.org\/2000\/svg\" width=\"12\" height=\"12\" fill=\"none\" viewBox=\"0 0 12 12\">\n\t\t\t\t<path fill=\"#fff\" d=\"M2 0a2 2 0 0 0-2 2v2h1.5V2a.5.5 0 0 1 .5-.5h2V0H2Zm2 10.5H2a.5.5 0 0 1-.5-.5V8H0v2a2 2 0 0 0 2 2h2v-1.5ZM8 12v-1.5h2a.5.5 0 0 0 .5-.5V8H12v2a2 2 0 0 1-2 2H8Zm2-12a2 2 0 0 1 2 2v2h-1.5V2a.5.5 0 0 0-.5-.5H8V0h2Z\" \/>\n\t\t\t<\/svg>\n\t\t<\/button><figcaption class=\"wp-element-caption\"><strong><mark style=\"background-color:#fcb900\" class=\"has-inline-color\">\u202021.5.1818 zem\u0159el v\u011bkem 70let Jan Kubr, \u0161enk\u00fd\u0159 z Liboce<\/mark><\/strong><\/figcaption><\/figure>\n<\/div>\n\n\n<h3 class=\"wp-block-heading has-text-align-center\"><strong>Sou\u010dkovi<\/strong><\/h3>\n\n\n<div class=\"wp-block-image\">\n<figure data-wp-context=\"{&quot;imageId&quot;:&quot;69f3095fa9ebf&quot;}\" data-wp-interactive=\"core\/image\" data-wp-key=\"69f3095fa9ebf\" class=\"aligncenter size-large wp-lightbox-container\" id=\"frantisek1816\"><img loading=\"lazy\" decoding=\"async\" width=\"1024\" height=\"303\" data-wp-class--hide=\"state.isContentHidden\" data-wp-class--show=\"state.isContentVisible\" data-wp-init=\"callbacks.setButtonStyles\" data-wp-on--click=\"actions.showLightbox\" data-wp-on--load=\"callbacks.setButtonStyles\" data-wp-on-window--resize=\"callbacks.setButtonStyles\" src=\"https:\/\/www.periferieprahy.cz\/blog\/wp-content\/uploads\/2025\/04\/cp36.h26-1024x303.jpg\" alt=\"\" class=\"wp-image-3021\" srcset=\"https:\/\/www.periferieprahy.cz\/blog\/wp-content\/uploads\/2025\/04\/cp36.h26-1024x303.jpg 1024w, https:\/\/www.periferieprahy.cz\/blog\/wp-content\/uploads\/2025\/04\/cp36.h26-300x89.jpg 300w, https:\/\/www.periferieprahy.cz\/blog\/wp-content\/uploads\/2025\/04\/cp36.h26-768x227.jpg 768w, https:\/\/www.periferieprahy.cz\/blog\/wp-content\/uploads\/2025\/04\/cp36.h26.jpg 1038w\" sizes=\"auto, (max-width: 1024px) 100vw, 1024px\" \/><button\n\t\t\tclass=\"lightbox-trigger\"\n\t\t\ttype=\"button\"\n\t\t\taria-haspopup=\"dialog\"\n\t\t\taria-label=\"Zv\u011bt\u0161it\"\n\t\t\tdata-wp-init=\"callbacks.initTriggerButton\"\n\t\t\tdata-wp-on--click=\"actions.showLightbox\"\n\t\t\tdata-wp-style--right=\"state.imageButtonRight\"\n\t\t\tdata-wp-style--top=\"state.imageButtonTop\"\n\t\t>\n\t\t\t<svg xmlns=\"http:\/\/www.w3.org\/2000\/svg\" width=\"12\" height=\"12\" fill=\"none\" viewBox=\"0 0 12 12\">\n\t\t\t\t<path fill=\"#fff\" d=\"M2 0a2 2 0 0 0-2 2v2h1.5V2a.5.5 0 0 1 .5-.5h2V0H2Zm2 10.5H2a.5.5 0 0 1-.5-.5V8H0v2a2 2 0 0 0 2 2h2v-1.5ZM8 12v-1.5h2a.5.5 0 0 0 .5-.5V8H12v2a2 2 0 0 1-2 2H8Zm2-12a2 2 0 0 1 2 2v2h-1.5V2a.5.5 0 0 0-.5-.5H8V0h2Z\" \/>\n\t\t\t<\/svg>\n\t\t<\/button><figcaption class=\"wp-element-caption\">Franti\u0161ek *7.7.1816; otec V\u00e1clav Sou\u010dek, mistr \u0159eznick\u00fd, t\u00e9ho\u017e \u010dasu<strong> pacht\u00fd\u0159 hospody libock\u00e9<\/strong>, matka Dorota Zv\u011b\u0159inov\u00e1 z Motola.<\/figcaption><\/figure>\n<\/div>\n\n<div class=\"wp-block-image\">\n<figure data-wp-context=\"{&quot;imageId&quot;:&quot;69f3095faa6c6&quot;}\" data-wp-interactive=\"core\/image\" data-wp-key=\"69f3095faa6c6\" class=\"aligncenter size-full wp-lightbox-container\" id=\"vaclav1818\"><img loading=\"lazy\" decoding=\"async\" width=\"970\" height=\"327\" data-wp-class--hide=\"state.isContentHidden\" data-wp-class--show=\"state.isContentVisible\" data-wp-init=\"callbacks.setButtonStyles\" data-wp-on--click=\"actions.showLightbox\" data-wp-on--load=\"callbacks.setButtonStyles\" data-wp-on-window--resize=\"callbacks.setButtonStyles\" src=\"https:\/\/www.periferieprahy.cz\/blog\/wp-content\/uploads\/2025\/04\/cp36.h27.jpg\" alt=\"\" class=\"wp-image-3022\" srcset=\"https:\/\/www.periferieprahy.cz\/blog\/wp-content\/uploads\/2025\/04\/cp36.h27.jpg 970w, https:\/\/www.periferieprahy.cz\/blog\/wp-content\/uploads\/2025\/04\/cp36.h27-300x101.jpg 300w, https:\/\/www.periferieprahy.cz\/blog\/wp-content\/uploads\/2025\/04\/cp36.h27-768x259.jpg 768w\" sizes=\"auto, (max-width: 970px) 100vw, 970px\" \/><button\n\t\t\tclass=\"lightbox-trigger\"\n\t\t\ttype=\"button\"\n\t\t\taria-haspopup=\"dialog\"\n\t\t\taria-label=\"Zv\u011bt\u0161it\"\n\t\t\tdata-wp-init=\"callbacks.initTriggerButton\"\n\t\t\tdata-wp-on--click=\"actions.showLightbox\"\n\t\t\tdata-wp-style--right=\"state.imageButtonRight\"\n\t\t\tdata-wp-style--top=\"state.imageButtonTop\"\n\t\t>\n\t\t\t<svg xmlns=\"http:\/\/www.w3.org\/2000\/svg\" width=\"12\" height=\"12\" fill=\"none\" viewBox=\"0 0 12 12\">\n\t\t\t\t<path fill=\"#fff\" d=\"M2 0a2 2 0 0 0-2 2v2h1.5V2a.5.5 0 0 1 .5-.5h2V0H2Zm2 10.5H2a.5.5 0 0 1-.5-.5V8H0v2a2 2 0 0 0 2 2h2v-1.5ZM8 12v-1.5h2a.5.5 0 0 0 .5-.5V8H12v2a2 2 0 0 1-2 2H8Zm2-12a2 2 0 0 1 2 2v2h-1.5V2a.5.5 0 0 0-.5-.5H8V0h2Z\" \/>\n\t\t\t<\/svg>\n\t\t<\/button><figcaption class=\"wp-element-caption\">V\u00e1clav *10.3.1818; otec <strong>V\u00e1clav Sou\u010dek, \u0161enk\u00fd\u0159 z Liboce<\/strong>, matka Dorota dcera JanaZv\u011b\u0159iny, poklasn\u00e9ho z Motola a mate\u0159e Rozalie rozen\u00e9 Zemanov\u00e9 ze Slivence.<\/figcaption><\/figure>\n<\/div>\n\n<div class=\"wp-block-image\">\n<figure data-wp-context=\"{&quot;imageId&quot;:&quot;69f3095fab14f&quot;}\" data-wp-interactive=\"core\/image\" data-wp-key=\"69f3095fab14f\" class=\"aligncenter size-large wp-lightbox-container\" id=\"anna1820\"><img loading=\"lazy\" decoding=\"async\" width=\"1024\" height=\"332\" data-wp-class--hide=\"state.isContentHidden\" data-wp-class--show=\"state.isContentVisible\" data-wp-init=\"callbacks.setButtonStyles\" data-wp-on--click=\"actions.showLightbox\" data-wp-on--load=\"callbacks.setButtonStyles\" data-wp-on-window--resize=\"callbacks.setButtonStyles\" src=\"https:\/\/www.periferieprahy.cz\/blog\/wp-content\/uploads\/2025\/04\/cp36.h28-1024x332.jpg\" alt=\"\" class=\"wp-image-3023\" srcset=\"https:\/\/www.periferieprahy.cz\/blog\/wp-content\/uploads\/2025\/04\/cp36.h28-1024x332.jpg 1024w, https:\/\/www.periferieprahy.cz\/blog\/wp-content\/uploads\/2025\/04\/cp36.h28-300x97.jpg 300w, https:\/\/www.periferieprahy.cz\/blog\/wp-content\/uploads\/2025\/04\/cp36.h28-768x249.jpg 768w, https:\/\/www.periferieprahy.cz\/blog\/wp-content\/uploads\/2025\/04\/cp36.h28.jpg 1080w\" sizes=\"auto, (max-width: 1024px) 100vw, 1024px\" \/><button\n\t\t\tclass=\"lightbox-trigger\"\n\t\t\ttype=\"button\"\n\t\t\taria-haspopup=\"dialog\"\n\t\t\taria-label=\"Zv\u011bt\u0161it\"\n\t\t\tdata-wp-init=\"callbacks.initTriggerButton\"\n\t\t\tdata-wp-on--click=\"actions.showLightbox\"\n\t\t\tdata-wp-style--right=\"state.imageButtonRight\"\n\t\t\tdata-wp-style--top=\"state.imageButtonTop\"\n\t\t>\n\t\t\t<svg xmlns=\"http:\/\/www.w3.org\/2000\/svg\" width=\"12\" height=\"12\" fill=\"none\" viewBox=\"0 0 12 12\">\n\t\t\t\t<path fill=\"#fff\" d=\"M2 0a2 2 0 0 0-2 2v2h1.5V2a.5.5 0 0 1 .5-.5h2V0H2Zm2 10.5H2a.5.5 0 0 1-.5-.5V8H0v2a2 2 0 0 0 2 2h2v-1.5ZM8 12v-1.5h2a.5.5 0 0 0 .5-.5V8H12v2a2 2 0 0 1-2 2H8Zm2-12a2 2 0 0 1 2 2v2h-1.5V2a.5.5 0 0 0-.5-.5H8V0h2Z\" \/>\n\t\t\t<\/svg>\n\t\t<\/button><figcaption class=\"wp-element-caption\">Anna * 10.4.1820; otec<strong> V\u00e1clav Sou\u010dek, \u0161enk\u00fd\u0159 z Liboce<\/strong>, matka Dorota dcera JanaZv\u011b\u0159iny, ponocn\u00e9ho  z Motola a mate\u0159e Rozalie.<\/figcaption><\/figure>\n<\/div>\n\n\n<h3 class=\"wp-block-heading has-text-align-center\">Voj\u00ed\u0159ovi<\/h3>\n\n\n<div class=\"wp-block-image\">\n<figure data-wp-context=\"{&quot;imageId&quot;:&quot;69f3095fabeeb&quot;}\" data-wp-interactive=\"core\/image\" data-wp-key=\"69f3095fabeeb\" class=\"aligncenter size-full wp-lightbox-container\"><img loading=\"lazy\" decoding=\"async\" width=\"895\" height=\"344\" data-wp-class--hide=\"state.isContentHidden\" data-wp-class--show=\"state.isContentVisible\" data-wp-init=\"callbacks.setButtonStyles\" data-wp-on--click=\"actions.showLightbox\" data-wp-on--load=\"callbacks.setButtonStyles\" data-wp-on-window--resize=\"callbacks.setButtonStyles\" src=\"https:\/\/www.periferieprahy.cz\/blog\/wp-content\/uploads\/2025\/04\/cp36.h69.jpg\" alt=\"\" class=\"wp-image-3064\" srcset=\"https:\/\/www.periferieprahy.cz\/blog\/wp-content\/uploads\/2025\/04\/cp36.h69.jpg 895w, https:\/\/www.periferieprahy.cz\/blog\/wp-content\/uploads\/2025\/04\/cp36.h69-300x115.jpg 300w, https:\/\/www.periferieprahy.cz\/blog\/wp-content\/uploads\/2025\/04\/cp36.h69-768x295.jpg 768w\" sizes=\"auto, (max-width: 895px) 100vw, 895px\" \/><button\n\t\t\tclass=\"lightbox-trigger\"\n\t\t\ttype=\"button\"\n\t\t\taria-haspopup=\"dialog\"\n\t\t\taria-label=\"Zv\u011bt\u0161it\"\n\t\t\tdata-wp-init=\"callbacks.initTriggerButton\"\n\t\t\tdata-wp-on--click=\"actions.showLightbox\"\n\t\t\tdata-wp-style--right=\"state.imageButtonRight\"\n\t\t\tdata-wp-style--top=\"state.imageButtonTop\"\n\t\t>\n\t\t\t<svg xmlns=\"http:\/\/www.w3.org\/2000\/svg\" width=\"12\" height=\"12\" fill=\"none\" viewBox=\"0 0 12 12\">\n\t\t\t\t<path fill=\"#fff\" d=\"M2 0a2 2 0 0 0-2 2v2h1.5V2a.5.5 0 0 1 .5-.5h2V0H2Zm2 10.5H2a.5.5 0 0 1-.5-.5V8H0v2a2 2 0 0 0 2 2h2v-1.5ZM8 12v-1.5h2a.5.5 0 0 0 .5-.5V8H12v2a2 2 0 0 1-2 2H8Zm2-12a2 2 0 0 1 2 2v2h-1.5V2a.5.5 0 0 0-.5-.5H8V0h2Z\" \/>\n\t\t\t<\/svg>\n\t\t<\/button><\/figure>\n<\/div>\n\n<div class=\"wp-block-image\">\n<figure data-wp-context=\"{&quot;imageId&quot;:&quot;69f3095face2c&quot;}\" data-wp-interactive=\"core\/image\" data-wp-key=\"69f3095face2c\" class=\"aligncenter size-full wp-lightbox-container\" id=\"josef_vojir_marie_podhorska1817\"><img loading=\"lazy\" decoding=\"async\" width=\"970\" height=\"332\" data-wp-class--hide=\"state.isContentHidden\" data-wp-class--show=\"state.isContentVisible\" data-wp-init=\"callbacks.setButtonStyles\" data-wp-on--click=\"actions.showLightbox\" data-wp-on--load=\"callbacks.setButtonStyles\" data-wp-on-window--resize=\"callbacks.setButtonStyles\" src=\"https:\/\/www.periferieprahy.cz\/blog\/wp-content\/uploads\/2025\/04\/cp36.h70.jpg\" alt=\"\" class=\"wp-image-3065\" srcset=\"https:\/\/www.periferieprahy.cz\/blog\/wp-content\/uploads\/2025\/04\/cp36.h70.jpg 970w, https:\/\/www.periferieprahy.cz\/blog\/wp-content\/uploads\/2025\/04\/cp36.h70-300x103.jpg 300w, https:\/\/www.periferieprahy.cz\/blog\/wp-content\/uploads\/2025\/04\/cp36.h70-768x263.jpg 768w\" sizes=\"auto, (max-width: 970px) 100vw, 970px\" \/><button\n\t\t\tclass=\"lightbox-trigger\"\n\t\t\ttype=\"button\"\n\t\t\taria-haspopup=\"dialog\"\n\t\t\taria-label=\"Zv\u011bt\u0161it\"\n\t\t\tdata-wp-init=\"callbacks.initTriggerButton\"\n\t\t\tdata-wp-on--click=\"actions.showLightbox\"\n\t\t\tdata-wp-style--right=\"state.imageButtonRight\"\n\t\t\tdata-wp-style--top=\"state.imageButtonTop\"\n\t\t>\n\t\t\t<svg xmlns=\"http:\/\/www.w3.org\/2000\/svg\" width=\"12\" height=\"12\" fill=\"none\" viewBox=\"0 0 12 12\">\n\t\t\t\t<path fill=\"#fff\" d=\"M2 0a2 2 0 0 0-2 2v2h1.5V2a.5.5 0 0 1 .5-.5h2V0H2Zm2 10.5H2a.5.5 0 0 1-.5-.5V8H0v2a2 2 0 0 0 2 2h2v-1.5ZM8 12v-1.5h2a.5.5 0 0 0 .5-.5V8H12v2a2 2 0 0 1-2 2H8Zm2-12a2 2 0 0 1 2 2v2h-1.5V2a.5.5 0 0 0-.5-.5H8V0h2Z\" \/>\n\t\t\t<\/svg>\n\t\t<\/button><figcaption class=\"wp-element-caption\">\u221e4.2.1817; Liboc 16; \u017eenich Josef, vlastn\u00ed syn Franti\u0161ka Voj\u00ed\u0159e, mistra krej\u010dovsk\u00e9ho z Liboce \u2116 48, v\u011bk 21 let; nev\u011bsta Marie, dcera Josefa Podhorsk\u00e9ho, mistra zednick\u00e9ho z Liboce \u2116 16 a mate\u0159e Evy rozen\u00e9 Myslive\u010dkov\u00e9; v\u011bk 20 let.<\/figcaption><\/figure>\n<\/div>\n\n<div class=\"wp-block-image\">\n<figure data-wp-context=\"{&quot;imageId&quot;:&quot;69f3095fad6cd&quot;}\" data-wp-interactive=\"core\/image\" data-wp-key=\"69f3095fad6cd\" class=\"aligncenter size-full wp-lightbox-container\"><img loading=\"lazy\" decoding=\"async\" width=\"809\" height=\"539\" data-wp-class--hide=\"state.isContentHidden\" data-wp-class--show=\"state.isContentVisible\" data-wp-init=\"callbacks.setButtonStyles\" data-wp-on--click=\"actions.showLightbox\" data-wp-on--load=\"callbacks.setButtonStyles\" data-wp-on-window--resize=\"callbacks.setButtonStyles\" src=\"https:\/\/www.periferieprahy.cz\/blog\/wp-content\/uploads\/2025\/04\/cp36.h8.jpg\" alt=\"\" class=\"wp-image-3003\" srcset=\"https:\/\/www.periferieprahy.cz\/blog\/wp-content\/uploads\/2025\/04\/cp36.h8.jpg 809w, https:\/\/www.periferieprahy.cz\/blog\/wp-content\/uploads\/2025\/04\/cp36.h8-300x200.jpg 300w, https:\/\/www.periferieprahy.cz\/blog\/wp-content\/uploads\/2025\/04\/cp36.h8-768x512.jpg 768w\" sizes=\"auto, (max-width: 809px) 100vw, 809px\" \/><button\n\t\t\tclass=\"lightbox-trigger\"\n\t\t\ttype=\"button\"\n\t\t\taria-haspopup=\"dialog\"\n\t\t\taria-label=\"Zv\u011bt\u0161it\"\n\t\t\tdata-wp-init=\"callbacks.initTriggerButton\"\n\t\t\tdata-wp-on--click=\"actions.showLightbox\"\n\t\t\tdata-wp-style--right=\"state.imageButtonRight\"\n\t\t\tdata-wp-style--top=\"state.imageButtonTop\"\n\t\t>\n\t\t\t<svg xmlns=\"http:\/\/www.w3.org\/2000\/svg\" width=\"12\" height=\"12\" fill=\"none\" viewBox=\"0 0 12 12\">\n\t\t\t\t<path fill=\"#fff\" d=\"M2 0a2 2 0 0 0-2 2v2h1.5V2a.5.5 0 0 1 .5-.5h2V0H2Zm2 10.5H2a.5.5 0 0 1-.5-.5V8H0v2a2 2 0 0 0 2 2h2v-1.5ZM8 12v-1.5h2a.5.5 0 0 0 .5-.5V8H12v2a2 2 0 0 1-2 2H8Zm2-12a2 2 0 0 1 2 2v2h-1.5V2a.5.5 0 0 0-.5-.5H8V0h2Z\" \/>\n\t\t\t<\/svg>\n\t\t<\/button><\/figure>\n<\/div>\n\n<div class=\"wp-block-image\">\n<figure data-wp-context=\"{&quot;imageId&quot;:&quot;69f3095fadd97&quot;}\" data-wp-interactive=\"core\/image\" data-wp-key=\"69f3095fadd97\" class=\"aligncenter size-full wp-lightbox-container\" id=\"anna1821\"><img loading=\"lazy\" decoding=\"async\" width=\"793\" height=\"488\" data-wp-class--hide=\"state.isContentHidden\" data-wp-class--show=\"state.isContentVisible\" data-wp-init=\"callbacks.setButtonStyles\" data-wp-on--click=\"actions.showLightbox\" data-wp-on--load=\"callbacks.setButtonStyles\" data-wp-on-window--resize=\"callbacks.setButtonStyles\" src=\"https:\/\/www.periferieprahy.cz\/blog\/wp-content\/uploads\/2025\/04\/cp36.h9.jpg\" alt=\"\" class=\"wp-image-3004\" srcset=\"https:\/\/www.periferieprahy.cz\/blog\/wp-content\/uploads\/2025\/04\/cp36.h9.jpg 793w, https:\/\/www.periferieprahy.cz\/blog\/wp-content\/uploads\/2025\/04\/cp36.h9-300x185.jpg 300w, https:\/\/www.periferieprahy.cz\/blog\/wp-content\/uploads\/2025\/04\/cp36.h9-768x473.jpg 768w\" sizes=\"auto, (max-width: 793px) 100vw, 793px\" \/><button\n\t\t\tclass=\"lightbox-trigger\"\n\t\t\ttype=\"button\"\n\t\t\taria-haspopup=\"dialog\"\n\t\t\taria-label=\"Zv\u011bt\u0161it\"\n\t\t\tdata-wp-init=\"callbacks.initTriggerButton\"\n\t\t\tdata-wp-on--click=\"actions.showLightbox\"\n\t\t\tdata-wp-style--right=\"state.imageButtonRight\"\n\t\t\tdata-wp-style--top=\"state.imageButtonTop\"\n\t\t>\n\t\t\t<svg xmlns=\"http:\/\/www.w3.org\/2000\/svg\" width=\"12\" height=\"12\" fill=\"none\" viewBox=\"0 0 12 12\">\n\t\t\t\t<path fill=\"#fff\" d=\"M2 0a2 2 0 0 0-2 2v2h1.5V2a.5.5 0 0 1 .5-.5h2V0H2Zm2 10.5H2a.5.5 0 0 1-.5-.5V8H0v2a2 2 0 0 0 2 2h2v-1.5ZM8 12v-1.5h2a.5.5 0 0 0 .5-.5V8H12v2a2 2 0 0 1-2 2H8Zm2-12a2 2 0 0 1 2 2v2h-1.5V2a.5.5 0 0 0-.5-.5H8V0h2Z\" \/>\n\t\t\t<\/svg>\n\t\t<\/button><figcaption class=\"wp-element-caption\">Anna *15.3.1821; otec <strong>Josef Voj\u00ed\u0159, \u0161enk\u00fd\u0159<\/strong>; matka Marie, dcera Josefa Podhorsk\u00e9ho, domk\u00e1\u0159e a Evy rozen\u00e9 Myslive\u010dkov\u00e9 <\/figcaption><\/figure>\n<\/div>\n\n<div class=\"wp-block-image\">\n<figure data-wp-context=\"{&quot;imageId&quot;:&quot;69f3095fae4a2&quot;}\" data-wp-interactive=\"core\/image\" data-wp-key=\"69f3095fae4a2\" class=\"aligncenter size-large wp-lightbox-container\" id=\"marie1822\"><img loading=\"lazy\" decoding=\"async\" width=\"1024\" height=\"376\" data-wp-class--hide=\"state.isContentHidden\" data-wp-class--show=\"state.isContentVisible\" data-wp-init=\"callbacks.setButtonStyles\" data-wp-on--click=\"actions.showLightbox\" data-wp-on--load=\"callbacks.setButtonStyles\" data-wp-on-window--resize=\"callbacks.setButtonStyles\" src=\"https:\/\/www.periferieprahy.cz\/blog\/wp-content\/uploads\/2025\/04\/cp36.h30-1024x376.jpg\" alt=\"\" class=\"wp-image-3025\" srcset=\"https:\/\/www.periferieprahy.cz\/blog\/wp-content\/uploads\/2025\/04\/cp36.h30-1024x376.jpg 1024w, https:\/\/www.periferieprahy.cz\/blog\/wp-content\/uploads\/2025\/04\/cp36.h30-300x110.jpg 300w, https:\/\/www.periferieprahy.cz\/blog\/wp-content\/uploads\/2025\/04\/cp36.h30-768x282.jpg 768w, https:\/\/www.periferieprahy.cz\/blog\/wp-content\/uploads\/2025\/04\/cp36.h30.jpg 1076w\" sizes=\"auto, (max-width: 1024px) 100vw, 1024px\" \/><button\n\t\t\tclass=\"lightbox-trigger\"\n\t\t\ttype=\"button\"\n\t\t\taria-haspopup=\"dialog\"\n\t\t\taria-label=\"Zv\u011bt\u0161it\"\n\t\t\tdata-wp-init=\"callbacks.initTriggerButton\"\n\t\t\tdata-wp-on--click=\"actions.showLightbox\"\n\t\t\tdata-wp-style--right=\"state.imageButtonRight\"\n\t\t\tdata-wp-style--top=\"state.imageButtonTop\"\n\t\t>\n\t\t\t<svg xmlns=\"http:\/\/www.w3.org\/2000\/svg\" width=\"12\" height=\"12\" fill=\"none\" viewBox=\"0 0 12 12\">\n\t\t\t\t<path fill=\"#fff\" d=\"M2 0a2 2 0 0 0-2 2v2h1.5V2a.5.5 0 0 1 .5-.5h2V0H2Zm2 10.5H2a.5.5 0 0 1-.5-.5V8H0v2a2 2 0 0 0 2 2h2v-1.5ZM8 12v-1.5h2a.5.5 0 0 0 .5-.5V8H12v2a2 2 0 0 1-2 2H8Zm2-12a2 2 0 0 1 2 2v2h-1.5V2a.5.5 0 0 0-.5-.5H8V0h2Z\" \/>\n\t\t\t<\/svg>\n\t\t<\/button><figcaption class=\"wp-element-caption\">Marie *1.9.1822; otec<strong> Josef Voj\u00ed\u0159, \u0161enk\u00fd\u0159<\/strong>; matka Marie, dcera Josefa Podhorsk\u00e9ho, domk\u00e1\u0159e a Evy rozen\u00e9 Myslive\u010dkov\u00e9 <\/figcaption><\/figure>\n<\/div>\n\n<div class=\"wp-block-image\">\n<figure data-wp-context=\"{&quot;imageId&quot;:&quot;69f3095faea53&quot;}\" data-wp-interactive=\"core\/image\" data-wp-key=\"69f3095faea53\" class=\"aligncenter size-large wp-lightbox-container\"><img loading=\"lazy\" decoding=\"async\" width=\"1024\" height=\"197\" data-wp-class--hide=\"state.isContentHidden\" data-wp-class--show=\"state.isContentVisible\" data-wp-init=\"callbacks.setButtonStyles\" data-wp-on--click=\"actions.showLightbox\" data-wp-on--load=\"callbacks.setButtonStyles\" data-wp-on-window--resize=\"callbacks.setButtonStyles\" src=\"https:\/\/www.periferieprahy.cz\/blog\/wp-content\/uploads\/2025\/04\/cp36.h31-1024x197.jpg\" alt=\"\" class=\"wp-image-3026\" srcset=\"https:\/\/www.periferieprahy.cz\/blog\/wp-content\/uploads\/2025\/04\/cp36.h31-1024x197.jpg 1024w, https:\/\/www.periferieprahy.cz\/blog\/wp-content\/uploads\/2025\/04\/cp36.h31-300x58.jpg 300w, https:\/\/www.periferieprahy.cz\/blog\/wp-content\/uploads\/2025\/04\/cp36.h31-768x148.jpg 768w, https:\/\/www.periferieprahy.cz\/blog\/wp-content\/uploads\/2025\/04\/cp36.h31.jpg 1103w\" sizes=\"auto, (max-width: 1024px) 100vw, 1024px\" \/><button\n\t\t\tclass=\"lightbox-trigger\"\n\t\t\ttype=\"button\"\n\t\t\taria-haspopup=\"dialog\"\n\t\t\taria-label=\"Zv\u011bt\u0161it\"\n\t\t\tdata-wp-init=\"callbacks.initTriggerButton\"\n\t\t\tdata-wp-on--click=\"actions.showLightbox\"\n\t\t\tdata-wp-style--right=\"state.imageButtonRight\"\n\t\t\tdata-wp-style--top=\"state.imageButtonTop\"\n\t\t>\n\t\t\t<svg xmlns=\"http:\/\/www.w3.org\/2000\/svg\" width=\"12\" height=\"12\" fill=\"none\" viewBox=\"0 0 12 12\">\n\t\t\t\t<path fill=\"#fff\" d=\"M2 0a2 2 0 0 0-2 2v2h1.5V2a.5.5 0 0 1 .5-.5h2V0H2Zm2 10.5H2a.5.5 0 0 1-.5-.5V8H0v2a2 2 0 0 0 2 2h2v-1.5ZM8 12v-1.5h2a.5.5 0 0 0 .5-.5V8H12v2a2 2 0 0 1-2 2H8Zm2-12a2 2 0 0 1 2 2v2h-1.5V2a.5.5 0 0 0-.5-.5H8V0h2Z\" \/>\n\t\t\t<\/svg>\n\t\t<\/button><\/figure>\n<\/div>\n\n<div class=\"wp-block-image\">\n<figure data-wp-context=\"{&quot;imageId&quot;:&quot;69f3095faf128&quot;}\" data-wp-interactive=\"core\/image\" data-wp-key=\"69f3095faf128\" class=\"aligncenter size-full wp-lightbox-container\" id=\"barbora1823\"><img loading=\"lazy\" decoding=\"async\" width=\"919\" height=\"326\" data-wp-class--hide=\"state.isContentHidden\" data-wp-class--show=\"state.isContentVisible\" data-wp-init=\"callbacks.setButtonStyles\" data-wp-on--click=\"actions.showLightbox\" data-wp-on--load=\"callbacks.setButtonStyles\" data-wp-on-window--resize=\"callbacks.setButtonStyles\" src=\"https:\/\/www.periferieprahy.cz\/blog\/wp-content\/uploads\/2025\/04\/cp36.h73.jpg\" alt=\"\" class=\"wp-image-3068\" srcset=\"https:\/\/www.periferieprahy.cz\/blog\/wp-content\/uploads\/2025\/04\/cp36.h73.jpg 919w, https:\/\/www.periferieprahy.cz\/blog\/wp-content\/uploads\/2025\/04\/cp36.h73-300x106.jpg 300w, https:\/\/www.periferieprahy.cz\/blog\/wp-content\/uploads\/2025\/04\/cp36.h73-768x272.jpg 768w\" sizes=\"auto, (max-width: 919px) 100vw, 919px\" \/><button\n\t\t\tclass=\"lightbox-trigger\"\n\t\t\ttype=\"button\"\n\t\t\taria-haspopup=\"dialog\"\n\t\t\taria-label=\"Zv\u011bt\u0161it\"\n\t\t\tdata-wp-init=\"callbacks.initTriggerButton\"\n\t\t\tdata-wp-on--click=\"actions.showLightbox\"\n\t\t\tdata-wp-style--right=\"state.imageButtonRight\"\n\t\t\tdata-wp-style--top=\"state.imageButtonTop\"\n\t\t>\n\t\t\t<svg xmlns=\"http:\/\/www.w3.org\/2000\/svg\" width=\"12\" height=\"12\" fill=\"none\" viewBox=\"0 0 12 12\">\n\t\t\t\t<path fill=\"#fff\" d=\"M2 0a2 2 0 0 0-2 2v2h1.5V2a.5.5 0 0 1 .5-.5h2V0H2Zm2 10.5H2a.5.5 0 0 1-.5-.5V8H0v2a2 2 0 0 0 2 2h2v-1.5ZM8 12v-1.5h2a.5.5 0 0 0 .5-.5V8H12v2a2 2 0 0 1-2 2H8Zm2-12a2 2 0 0 1 2 2v2h-1.5V2a.5.5 0 0 0-.5-.5H8V0h2Z\" \/>\n\t\t\t<\/svg>\n\t\t<\/button><figcaption class=\"wp-element-caption\">Barbora *3.7.1823; otec<strong> Josef Voj\u00ed\u0159, \u0161enk\u00fd\u0159<\/strong>; matka Marie, dcera Josefa Podhorsk\u00e9ho, domk\u00e1\u0159e z \u211616 a Evy rozen\u00e9 Myslive\u010dkov\u00e9; zem\u0159ela \u20204.7.1823 na slabost. <\/figcaption><\/figure>\n<\/div>\n\n<div class=\"wp-block-image\">\n<figure data-wp-context=\"{&quot;imageId&quot;:&quot;69f3095faf6dc&quot;}\" data-wp-interactive=\"core\/image\" data-wp-key=\"69f3095faf6dc\" class=\"aligncenter size-full wp-lightbox-container\" id=\"marie_vojirova_tod1823\"><img loading=\"lazy\" decoding=\"async\" width=\"976\" height=\"454\" data-wp-class--hide=\"state.isContentHidden\" data-wp-class--show=\"state.isContentVisible\" data-wp-init=\"callbacks.setButtonStyles\" data-wp-on--click=\"actions.showLightbox\" data-wp-on--load=\"callbacks.setButtonStyles\" data-wp-on-window--resize=\"callbacks.setButtonStyles\" src=\"https:\/\/www.periferieprahy.cz\/blog\/wp-content\/uploads\/2025\/04\/cp36.h74.jpg\" alt=\"\" class=\"wp-image-3069\" srcset=\"https:\/\/www.periferieprahy.cz\/blog\/wp-content\/uploads\/2025\/04\/cp36.h74.jpg 976w, https:\/\/www.periferieprahy.cz\/blog\/wp-content\/uploads\/2025\/04\/cp36.h74-300x140.jpg 300w, https:\/\/www.periferieprahy.cz\/blog\/wp-content\/uploads\/2025\/04\/cp36.h74-768x357.jpg 768w\" sizes=\"auto, (max-width: 976px) 100vw, 976px\" \/><button\n\t\t\tclass=\"lightbox-trigger\"\n\t\t\ttype=\"button\"\n\t\t\taria-haspopup=\"dialog\"\n\t\t\taria-label=\"Zv\u011bt\u0161it\"\n\t\t\tdata-wp-init=\"callbacks.initTriggerButton\"\n\t\t\tdata-wp-on--click=\"actions.showLightbox\"\n\t\t\tdata-wp-style--right=\"state.imageButtonRight\"\n\t\t\tdata-wp-style--top=\"state.imageButtonTop\"\n\t\t>\n\t\t\t<svg xmlns=\"http:\/\/www.w3.org\/2000\/svg\" width=\"12\" height=\"12\" fill=\"none\" viewBox=\"0 0 12 12\">\n\t\t\t\t<path fill=\"#fff\" d=\"M2 0a2 2 0 0 0-2 2v2h1.5V2a.5.5 0 0 1 .5-.5h2V0H2Zm2 10.5H2a.5.5 0 0 1-.5-.5V8H0v2a2 2 0 0 0 2 2h2v-1.5ZM8 12v-1.5h2a.5.5 0 0 0 .5-.5V8H12v2a2 2 0 0 1-2 2H8Zm2-12a2 2 0 0 1 2 2v2h-1.5V2a.5.5 0 0 0-.5-.5H8V0h2Z\" \/>\n\t\t\t<\/svg>\n\t\t<\/button><figcaption class=\"wp-element-caption\">\u2020 12.7.1832<strong> zem\u0159ela ve v\u011bku 27 let na poporodn\u00ed komplikace Marie, man\u017eelka Josefa Voj\u00ed\u0159e, \u0161enk\u00fd\u0159e z Liboce<\/strong>.<\/figcaption><\/figure>\n<\/div>\n\n<div class=\"wp-block-image\">\n<figure data-wp-context=\"{&quot;imageId&quot;:&quot;69f3095fafc6d&quot;}\" data-wp-interactive=\"core\/image\" data-wp-key=\"69f3095fafc6d\" class=\"aligncenter size-large wp-lightbox-container\"><img loading=\"lazy\" decoding=\"async\" width=\"1024\" height=\"452\" data-wp-class--hide=\"state.isContentHidden\" data-wp-class--show=\"state.isContentVisible\" data-wp-init=\"callbacks.setButtonStyles\" data-wp-on--click=\"actions.showLightbox\" data-wp-on--load=\"callbacks.setButtonStyles\" data-wp-on-window--resize=\"callbacks.setButtonStyles\" src=\"https:\/\/www.periferieprahy.cz\/blog\/wp-content\/uploads\/2025\/04\/cp36.h71-1024x452.jpg\" alt=\"\" class=\"wp-image-3066\" srcset=\"https:\/\/www.periferieprahy.cz\/blog\/wp-content\/uploads\/2025\/04\/cp36.h71-1024x452.jpg 1024w, https:\/\/www.periferieprahy.cz\/blog\/wp-content\/uploads\/2025\/04\/cp36.h71-300x133.jpg 300w, https:\/\/www.periferieprahy.cz\/blog\/wp-content\/uploads\/2025\/04\/cp36.h71-768x339.jpg 768w, https:\/\/www.periferieprahy.cz\/blog\/wp-content\/uploads\/2025\/04\/cp36.h71.jpg 1046w\" sizes=\"auto, (max-width: 1024px) 100vw, 1024px\" \/><button\n\t\t\tclass=\"lightbox-trigger\"\n\t\t\ttype=\"button\"\n\t\t\taria-haspopup=\"dialog\"\n\t\t\taria-label=\"Zv\u011bt\u0161it\"\n\t\t\tdata-wp-init=\"callbacks.initTriggerButton\"\n\t\t\tdata-wp-on--click=\"actions.showLightbox\"\n\t\t\tdata-wp-style--right=\"state.imageButtonRight\"\n\t\t\tdata-wp-style--top=\"state.imageButtonTop\"\n\t\t>\n\t\t\t<svg xmlns=\"http:\/\/www.w3.org\/2000\/svg\" width=\"12\" height=\"12\" fill=\"none\" viewBox=\"0 0 12 12\">\n\t\t\t\t<path fill=\"#fff\" d=\"M2 0a2 2 0 0 0-2 2v2h1.5V2a.5.5 0 0 1 .5-.5h2V0H2Zm2 10.5H2a.5.5 0 0 1-.5-.5V8H0v2a2 2 0 0 0 2 2h2v-1.5ZM8 12v-1.5h2a.5.5 0 0 0 .5-.5V8H12v2a2 2 0 0 1-2 2H8Zm2-12a2 2 0 0 1 2 2v2h-1.5V2a.5.5 0 0 0-.5-.5H8V0h2Z\" \/>\n\t\t\t<\/svg>\n\t\t<\/button><\/figure>\n<\/div>\n\n<div class=\"wp-block-image\">\n<figure data-wp-context=\"{&quot;imageId&quot;:&quot;69f3095fb0142&quot;}\" data-wp-interactive=\"core\/image\" data-wp-key=\"69f3095fb0142\" class=\"aligncenter size-full is-resized wp-lightbox-container\" id=\"josef_vojir_anna_sestakova1823\"><img loading=\"lazy\" decoding=\"async\" width=\"977\" height=\"425\" data-wp-class--hide=\"state.isContentHidden\" data-wp-class--show=\"state.isContentVisible\" data-wp-init=\"callbacks.setButtonStyles\" data-wp-on--click=\"actions.showLightbox\" data-wp-on--load=\"callbacks.setButtonStyles\" data-wp-on-window--resize=\"callbacks.setButtonStyles\" src=\"https:\/\/www.periferieprahy.cz\/blog\/wp-content\/uploads\/2025\/04\/cp36.h72.jpg\" alt=\"\" class=\"wp-image-3067\" style=\"width:1017px;height:auto\" srcset=\"https:\/\/www.periferieprahy.cz\/blog\/wp-content\/uploads\/2025\/04\/cp36.h72.jpg 977w, https:\/\/www.periferieprahy.cz\/blog\/wp-content\/uploads\/2025\/04\/cp36.h72-300x131.jpg 300w, https:\/\/www.periferieprahy.cz\/blog\/wp-content\/uploads\/2025\/04\/cp36.h72-768x334.jpg 768w\" sizes=\"auto, (max-width: 977px) 100vw, 977px\" \/><button\n\t\t\tclass=\"lightbox-trigger\"\n\t\t\ttype=\"button\"\n\t\t\taria-haspopup=\"dialog\"\n\t\t\taria-label=\"Zv\u011bt\u0161it\"\n\t\t\tdata-wp-init=\"callbacks.initTriggerButton\"\n\t\t\tdata-wp-on--click=\"actions.showLightbox\"\n\t\t\tdata-wp-style--right=\"state.imageButtonRight\"\n\t\t\tdata-wp-style--top=\"state.imageButtonTop\"\n\t\t>\n\t\t\t<svg xmlns=\"http:\/\/www.w3.org\/2000\/svg\" width=\"12\" height=\"12\" fill=\"none\" viewBox=\"0 0 12 12\">\n\t\t\t\t<path fill=\"#fff\" d=\"M2 0a2 2 0 0 0-2 2v2h1.5V2a.5.5 0 0 1 .5-.5h2V0H2Zm2 10.5H2a.5.5 0 0 1-.5-.5V8H0v2a2 2 0 0 0 2 2h2v-1.5ZM8 12v-1.5h2a.5.5 0 0 0 .5-.5V8H12v2a2 2 0 0 1-2 2H8Zm2-12a2 2 0 0 1 2 2v2h-1.5V2a.5.5 0 0 0-.5-.5H8V0h2Z\" \/>\n\t\t\t<\/svg>\n\t\t<\/button><figcaption class=\"wp-element-caption\">\u221e8.11.1823; Liboc 18; \u017eenich <strong>Josef Voj\u00ed\u0159<\/strong>, syn Franti\u0161ka Voj\u00ed\u0159e a Anny rozen\u00e9 Sklen\u00e1\u0159ovy, v\u011bk 28let; nev\u011bsta Anna, dcera \u2020 V\u00e1clava \u0160est\u00e1ka, souseda z Liboce a matky Kate\u0159iny rozen\u00e9 Kratochv\u00edlov\u00e9, v\u011bk 23 let.  <\/figcaption><\/figure>\n<\/div>\n\n<div class=\"wp-block-image\">\n<figure data-wp-context=\"{&quot;imageId&quot;:&quot;69f3095fb05e4&quot;}\" data-wp-interactive=\"core\/image\" data-wp-key=\"69f3095fb05e4\" class=\"aligncenter size-large is-resized wp-lightbox-container\" id=\"barbora1824\"><img loading=\"lazy\" decoding=\"async\" width=\"1024\" height=\"218\" data-wp-class--hide=\"state.isContentHidden\" data-wp-class--show=\"state.isContentVisible\" data-wp-init=\"callbacks.setButtonStyles\" data-wp-on--click=\"actions.showLightbox\" data-wp-on--load=\"callbacks.setButtonStyles\" data-wp-on-window--resize=\"callbacks.setButtonStyles\" src=\"https:\/\/www.periferieprahy.cz\/blog\/wp-content\/uploads\/2025\/04\/cp36.h32-1024x218.jpg\" alt=\"\" class=\"wp-image-3027\" style=\"width:1190px;height:auto\" srcset=\"https:\/\/www.periferieprahy.cz\/blog\/wp-content\/uploads\/2025\/04\/cp36.h32-1024x218.jpg 1024w, https:\/\/www.periferieprahy.cz\/blog\/wp-content\/uploads\/2025\/04\/cp36.h32-300x64.jpg 300w, https:\/\/www.periferieprahy.cz\/blog\/wp-content\/uploads\/2025\/04\/cp36.h32-768x164.jpg 768w, https:\/\/www.periferieprahy.cz\/blog\/wp-content\/uploads\/2025\/04\/cp36.h32.jpg 1093w\" sizes=\"auto, (max-width: 1024px) 100vw, 1024px\" \/><button\n\t\t\tclass=\"lightbox-trigger\"\n\t\t\ttype=\"button\"\n\t\t\taria-haspopup=\"dialog\"\n\t\t\taria-label=\"Zv\u011bt\u0161it\"\n\t\t\tdata-wp-init=\"callbacks.initTriggerButton\"\n\t\t\tdata-wp-on--click=\"actions.showLightbox\"\n\t\t\tdata-wp-style--right=\"state.imageButtonRight\"\n\t\t\tdata-wp-style--top=\"state.imageButtonTop\"\n\t\t>\n\t\t\t<svg xmlns=\"http:\/\/www.w3.org\/2000\/svg\" width=\"12\" height=\"12\" fill=\"none\" viewBox=\"0 0 12 12\">\n\t\t\t\t<path fill=\"#fff\" d=\"M2 0a2 2 0 0 0-2 2v2h1.5V2a.5.5 0 0 1 .5-.5h2V0H2Zm2 10.5H2a.5.5 0 0 1-.5-.5V8H0v2a2 2 0 0 0 2 2h2v-1.5ZM8 12v-1.5h2a.5.5 0 0 0 .5-.5V8H12v2a2 2 0 0 1-2 2H8Zm2-12a2 2 0 0 1 2 2v2h-1.5V2a.5.5 0 0 0-.5-.5H8V0h2Z\" \/>\n\t\t\t<\/svg>\n\t\t<\/button><figcaption class=\"wp-element-caption\">Barbora *19.12.1824; otec<strong> Josef Voj\u00ed\u0159, \u0161enk\u00fd\u0159<\/strong>; matka Anna, dcera V\u00e1clava \u0160est\u00e1ka, sedl\u00e1ka z Liboce<\/figcaption><\/figure>\n<\/div>\n\n<div class=\"wp-block-image\">\n<figure data-wp-context=\"{&quot;imageId&quot;:&quot;69f3095fb0add&quot;}\" data-wp-interactive=\"core\/image\" data-wp-key=\"69f3095fb0add\" class=\"aligncenter size-full is-resized wp-lightbox-container\"><img loading=\"lazy\" decoding=\"async\" width=\"861\" height=\"486\" data-wp-class--hide=\"state.isContentHidden\" data-wp-class--show=\"state.isContentVisible\" data-wp-init=\"callbacks.setButtonStyles\" data-wp-on--click=\"actions.showLightbox\" data-wp-on--load=\"callbacks.setButtonStyles\" data-wp-on-window--resize=\"callbacks.setButtonStyles\" src=\"https:\/\/www.periferieprahy.cz\/blog\/wp-content\/uploads\/2025\/04\/cp36.h33.jpg\" alt=\"\" class=\"wp-image-3028\" style=\"width:957px;height:auto\" srcset=\"https:\/\/www.periferieprahy.cz\/blog\/wp-content\/uploads\/2025\/04\/cp36.h33.jpg 861w, https:\/\/www.periferieprahy.cz\/blog\/wp-content\/uploads\/2025\/04\/cp36.h33-300x169.jpg 300w, https:\/\/www.periferieprahy.cz\/blog\/wp-content\/uploads\/2025\/04\/cp36.h33-768x434.jpg 768w\" sizes=\"auto, (max-width: 861px) 100vw, 861px\" \/><button\n\t\t\tclass=\"lightbox-trigger\"\n\t\t\ttype=\"button\"\n\t\t\taria-haspopup=\"dialog\"\n\t\t\taria-label=\"Zv\u011bt\u0161it\"\n\t\t\tdata-wp-init=\"callbacks.initTriggerButton\"\n\t\t\tdata-wp-on--click=\"actions.showLightbox\"\n\t\t\tdata-wp-style--right=\"state.imageButtonRight\"\n\t\t\tdata-wp-style--top=\"state.imageButtonTop\"\n\t\t>\n\t\t\t<svg xmlns=\"http:\/\/www.w3.org\/2000\/svg\" width=\"12\" height=\"12\" fill=\"none\" viewBox=\"0 0 12 12\">\n\t\t\t\t<path fill=\"#fff\" d=\"M2 0a2 2 0 0 0-2 2v2h1.5V2a.5.5 0 0 1 .5-.5h2V0H2Zm2 10.5H2a.5.5 0 0 1-.5-.5V8H0v2a2 2 0 0 0 2 2h2v-1.5ZM8 12v-1.5h2a.5.5 0 0 0 .5-.5V8H12v2a2 2 0 0 1-2 2H8Zm2-12a2 2 0 0 1 2 2v2h-1.5V2a.5.5 0 0 0-.5-.5H8V0h2Z\" \/>\n\t\t\t<\/svg>\n\t\t<\/button><\/figure>\n<\/div>\n\n<div class=\"wp-block-image\">\n<figure data-wp-context=\"{&quot;imageId&quot;:&quot;69f3095fb0f75&quot;}\" data-wp-interactive=\"core\/image\" data-wp-key=\"69f3095fb0f75\" class=\"aligncenter size-full wp-lightbox-container\" id=\"magdalena1826\"><img loading=\"lazy\" decoding=\"async\" width=\"959\" height=\"440\" data-wp-class--hide=\"state.isContentHidden\" data-wp-class--show=\"state.isContentVisible\" data-wp-init=\"callbacks.setButtonStyles\" data-wp-on--click=\"actions.showLightbox\" data-wp-on--load=\"callbacks.setButtonStyles\" data-wp-on-window--resize=\"callbacks.setButtonStyles\" src=\"https:\/\/www.periferieprahy.cz\/blog\/wp-content\/uploads\/2025\/04\/cp36.h34.jpg\" alt=\"\" class=\"wp-image-3029\" srcset=\"https:\/\/www.periferieprahy.cz\/blog\/wp-content\/uploads\/2025\/04\/cp36.h34.jpg 959w, https:\/\/www.periferieprahy.cz\/blog\/wp-content\/uploads\/2025\/04\/cp36.h34-300x138.jpg 300w, https:\/\/www.periferieprahy.cz\/blog\/wp-content\/uploads\/2025\/04\/cp36.h34-768x352.jpg 768w\" sizes=\"auto, (max-width: 959px) 100vw, 959px\" \/><button\n\t\t\tclass=\"lightbox-trigger\"\n\t\t\ttype=\"button\"\n\t\t\taria-haspopup=\"dialog\"\n\t\t\taria-label=\"Zv\u011bt\u0161it\"\n\t\t\tdata-wp-init=\"callbacks.initTriggerButton\"\n\t\t\tdata-wp-on--click=\"actions.showLightbox\"\n\t\t\tdata-wp-style--right=\"state.imageButtonRight\"\n\t\t\tdata-wp-style--top=\"state.imageButtonTop\"\n\t\t>\n\t\t\t<svg xmlns=\"http:\/\/www.w3.org\/2000\/svg\" width=\"12\" height=\"12\" fill=\"none\" viewBox=\"0 0 12 12\">\n\t\t\t\t<path fill=\"#fff\" d=\"M2 0a2 2 0 0 0-2 2v2h1.5V2a.5.5 0 0 1 .5-.5h2V0H2Zm2 10.5H2a.5.5 0 0 1-.5-.5V8H0v2a2 2 0 0 0 2 2h2v-1.5ZM8 12v-1.5h2a.5.5 0 0 0 .5-.5V8H12v2a2 2 0 0 1-2 2H8Zm2-12a2 2 0 0 1 2 2v2h-1.5V2a.5.5 0 0 0-.5-.5H8V0h2Z\" \/>\n\t\t\t<\/svg>\n\t\t<\/button><figcaption class=\"wp-element-caption\">Magdalena *7.11.1826; otec <strong>Josef Voj\u00ed\u0159, \u0161enk\u00fd\u0159<\/strong>; matka Anna, dcera V\u00e1clava \u0160est\u00e1ka, sedl\u00e1ka z Liboce \u2116 18<\/figcaption><\/figure>\n<\/div>\n\n<div class=\"wp-block-image\">\n<figure data-wp-context=\"{&quot;imageId&quot;:&quot;69f3095fb13f1&quot;}\" data-wp-interactive=\"core\/image\" data-wp-key=\"69f3095fb13f1\" class=\"aligncenter size-large wp-lightbox-container\" id=\"josef1828\"><img loading=\"lazy\" decoding=\"async\" width=\"1024\" height=\"204\" data-wp-class--hide=\"state.isContentHidden\" data-wp-class--show=\"state.isContentVisible\" data-wp-init=\"callbacks.setButtonStyles\" data-wp-on--click=\"actions.showLightbox\" data-wp-on--load=\"callbacks.setButtonStyles\" data-wp-on-window--resize=\"callbacks.setButtonStyles\" src=\"https:\/\/www.periferieprahy.cz\/blog\/wp-content\/uploads\/2025\/04\/cp36.h35-1024x204.jpg\" alt=\"\" class=\"wp-image-3030\" srcset=\"https:\/\/www.periferieprahy.cz\/blog\/wp-content\/uploads\/2025\/04\/cp36.h35-1024x204.jpg 1024w, https:\/\/www.periferieprahy.cz\/blog\/wp-content\/uploads\/2025\/04\/cp36.h35-300x60.jpg 300w, https:\/\/www.periferieprahy.cz\/blog\/wp-content\/uploads\/2025\/04\/cp36.h35-768x153.jpg 768w, https:\/\/www.periferieprahy.cz\/blog\/wp-content\/uploads\/2025\/04\/cp36.h35.jpg 1099w\" sizes=\"auto, (max-width: 1024px) 100vw, 1024px\" \/><button\n\t\t\tclass=\"lightbox-trigger\"\n\t\t\ttype=\"button\"\n\t\t\taria-haspopup=\"dialog\"\n\t\t\taria-label=\"Zv\u011bt\u0161it\"\n\t\t\tdata-wp-init=\"callbacks.initTriggerButton\"\n\t\t\tdata-wp-on--click=\"actions.showLightbox\"\n\t\t\tdata-wp-style--right=\"state.imageButtonRight\"\n\t\t\tdata-wp-style--top=\"state.imageButtonTop\"\n\t\t>\n\t\t\t<svg xmlns=\"http:\/\/www.w3.org\/2000\/svg\" width=\"12\" height=\"12\" fill=\"none\" viewBox=\"0 0 12 12\">\n\t\t\t\t<path fill=\"#fff\" d=\"M2 0a2 2 0 0 0-2 2v2h1.5V2a.5.5 0 0 1 .5-.5h2V0H2Zm2 10.5H2a.5.5 0 0 1-.5-.5V8H0v2a2 2 0 0 0 2 2h2v-1.5ZM8 12v-1.5h2a.5.5 0 0 0 .5-.5V8H12v2a2 2 0 0 1-2 2H8Zm2-12a2 2 0 0 1 2 2v2h-1.5V2a.5.5 0 0 0-.5-.5H8V0h2Z\" \/>\n\t\t\t<\/svg>\n\t\t<\/button><figcaption class=\"wp-element-caption\">Josef *28.8.1828; otec <strong>Josef Voj\u00ed\u0159, \u0161enk\u00fd\u0159<\/strong>; matka Anna, dcera V\u00e1clava \u0160est\u00e1ka, sedl\u00e1ka z Liboce<\/figcaption><\/figure>\n<\/div>\n\n<div class=\"wp-block-image\">\n<figure data-wp-context=\"{&quot;imageId&quot;:&quot;69f3095fb18ec&quot;}\" data-wp-interactive=\"core\/image\" data-wp-key=\"69f3095fb18ec\" class=\"aligncenter size-large wp-lightbox-container\" id=\"franti\u0161ka1832\"><img loading=\"lazy\" decoding=\"async\" width=\"1024\" height=\"189\" data-wp-class--hide=\"state.isContentHidden\" data-wp-class--show=\"state.isContentVisible\" data-wp-init=\"callbacks.setButtonStyles\" data-wp-on--click=\"actions.showLightbox\" data-wp-on--load=\"callbacks.setButtonStyles\" data-wp-on-window--resize=\"callbacks.setButtonStyles\" src=\"https:\/\/www.periferieprahy.cz\/blog\/wp-content\/uploads\/2025\/04\/cp36.h37-1024x189.jpg\" alt=\"\" class=\"wp-image-3032\" srcset=\"https:\/\/www.periferieprahy.cz\/blog\/wp-content\/uploads\/2025\/04\/cp36.h37-1024x189.jpg 1024w, https:\/\/www.periferieprahy.cz\/blog\/wp-content\/uploads\/2025\/04\/cp36.h37-300x56.jpg 300w, https:\/\/www.periferieprahy.cz\/blog\/wp-content\/uploads\/2025\/04\/cp36.h37-768x142.jpg 768w, https:\/\/www.periferieprahy.cz\/blog\/wp-content\/uploads\/2025\/04\/cp36.h37.jpg 1108w\" sizes=\"auto, (max-width: 1024px) 100vw, 1024px\" \/><button\n\t\t\tclass=\"lightbox-trigger\"\n\t\t\ttype=\"button\"\n\t\t\taria-haspopup=\"dialog\"\n\t\t\taria-label=\"Zv\u011bt\u0161it\"\n\t\t\tdata-wp-init=\"callbacks.initTriggerButton\"\n\t\t\tdata-wp-on--click=\"actions.showLightbox\"\n\t\t\tdata-wp-style--right=\"state.imageButtonRight\"\n\t\t\tdata-wp-style--top=\"state.imageButtonTop\"\n\t\t>\n\t\t\t<svg xmlns=\"http:\/\/www.w3.org\/2000\/svg\" width=\"12\" height=\"12\" fill=\"none\" viewBox=\"0 0 12 12\">\n\t\t\t\t<path fill=\"#fff\" d=\"M2 0a2 2 0 0 0-2 2v2h1.5V2a.5.5 0 0 1 .5-.5h2V0H2Zm2 10.5H2a.5.5 0 0 1-.5-.5V8H0v2a2 2 0 0 0 2 2h2v-1.5ZM8 12v-1.5h2a.5.5 0 0 0 .5-.5V8H12v2a2 2 0 0 1-2 2H8Zm2-12a2 2 0 0 1 2 2v2h-1.5V2a.5.5 0 0 0-.5-.5H8V0h2Z\" \/>\n\t\t\t<\/svg>\n\t\t<\/button><figcaption class=\"wp-element-caption\">Franti\u0161ka *11.1.1832; otec<strong> Josef Voj\u00ed\u0159, \u0161enk\u00fd\u0159<\/strong>; matka Anna, dcera V\u00e1clava \u0160est\u00e1ka, sedl\u00e1ka z Liboce<\/figcaption><\/figure>\n<\/div>\n\n\n<h3 class=\"wp-block-heading has-text-align-center\">Hou\u0161kovi<\/h3>\n\n\n<div class=\"wp-block-image\">\n<figure data-wp-context=\"{&quot;imageId&quot;:&quot;69f3095fb1efe&quot;}\" data-wp-interactive=\"core\/image\" data-wp-key=\"69f3095fb1efe\" class=\"aligncenter size-full wp-lightbox-container\"><img loading=\"lazy\" decoding=\"async\" width=\"827\" height=\"245\" data-wp-class--hide=\"state.isContentHidden\" data-wp-class--show=\"state.isContentVisible\" data-wp-init=\"callbacks.setButtonStyles\" data-wp-on--click=\"actions.showLightbox\" data-wp-on--load=\"callbacks.setButtonStyles\" data-wp-on-window--resize=\"callbacks.setButtonStyles\" src=\"https:\/\/www.periferieprahy.cz\/blog\/wp-content\/uploads\/2025\/04\/cp36.h42.jpg\" alt=\"\" class=\"wp-image-3037\" srcset=\"https:\/\/www.periferieprahy.cz\/blog\/wp-content\/uploads\/2025\/04\/cp36.h42.jpg 827w, https:\/\/www.periferieprahy.cz\/blog\/wp-content\/uploads\/2025\/04\/cp36.h42-300x89.jpg 300w, https:\/\/www.periferieprahy.cz\/blog\/wp-content\/uploads\/2025\/04\/cp36.h42-768x228.jpg 768w\" sizes=\"auto, (max-width: 827px) 100vw, 827px\" \/><button\n\t\t\tclass=\"lightbox-trigger\"\n\t\t\ttype=\"button\"\n\t\t\taria-haspopup=\"dialog\"\n\t\t\taria-label=\"Zv\u011bt\u0161it\"\n\t\t\tdata-wp-init=\"callbacks.initTriggerButton\"\n\t\t\tdata-wp-on--click=\"actions.showLightbox\"\n\t\t\tdata-wp-style--right=\"state.imageButtonRight\"\n\t\t\tdata-wp-style--top=\"state.imageButtonTop\"\n\t\t>\n\t\t\t<svg xmlns=\"http:\/\/www.w3.org\/2000\/svg\" width=\"12\" height=\"12\" fill=\"none\" viewBox=\"0 0 12 12\">\n\t\t\t\t<path fill=\"#fff\" d=\"M2 0a2 2 0 0 0-2 2v2h1.5V2a.5.5 0 0 1 .5-.5h2V0H2Zm2 10.5H2a.5.5 0 0 1-.5-.5V8H0v2a2 2 0 0 0 2 2h2v-1.5ZM8 12v-1.5h2a.5.5 0 0 0 .5-.5V8H12v2a2 2 0 0 1-2 2H8Zm2-12a2 2 0 0 1 2 2v2h-1.5V2a.5.5 0 0 0-.5-.5H8V0h2Z\" \/>\n\t\t\t<\/svg>\n\t\t<\/button><\/figure>\n<\/div>\n\n<div class=\"wp-block-image\">\n<figure data-wp-context=\"{&quot;imageId&quot;:&quot;69f3095fb29f1&quot;}\" data-wp-interactive=\"core\/image\" data-wp-key=\"69f3095fb29f1\" class=\"aligncenter size-full is-resized wp-lightbox-container\" id=\"anna1847\"><img loading=\"lazy\" decoding=\"async\" width=\"736\" height=\"217\" data-wp-class--hide=\"state.isContentHidden\" data-wp-class--show=\"state.isContentVisible\" data-wp-init=\"callbacks.setButtonStyles\" data-wp-on--click=\"actions.showLightbox\" data-wp-on--load=\"callbacks.setButtonStyles\" data-wp-on-window--resize=\"callbacks.setButtonStyles\" src=\"https:\/\/www.periferieprahy.cz\/blog\/wp-content\/uploads\/2025\/04\/cp36.h43.jpg\" alt=\"\" class=\"wp-image-3038\" style=\"width:832px;height:auto\" srcset=\"https:\/\/www.periferieprahy.cz\/blog\/wp-content\/uploads\/2025\/04\/cp36.h43.jpg 736w, https:\/\/www.periferieprahy.cz\/blog\/wp-content\/uploads\/2025\/04\/cp36.h43-300x88.jpg 300w\" sizes=\"auto, (max-width: 736px) 100vw, 736px\" \/><button\n\t\t\tclass=\"lightbox-trigger\"\n\t\t\ttype=\"button\"\n\t\t\taria-haspopup=\"dialog\"\n\t\t\taria-label=\"Zv\u011bt\u0161it\"\n\t\t\tdata-wp-init=\"callbacks.initTriggerButton\"\n\t\t\tdata-wp-on--click=\"actions.showLightbox\"\n\t\t\tdata-wp-style--right=\"state.imageButtonRight\"\n\t\t\tdata-wp-style--top=\"state.imageButtonTop\"\n\t\t>\n\t\t\t<svg xmlns=\"http:\/\/www.w3.org\/2000\/svg\" width=\"12\" height=\"12\" fill=\"none\" viewBox=\"0 0 12 12\">\n\t\t\t\t<path fill=\"#fff\" d=\"M2 0a2 2 0 0 0-2 2v2h1.5V2a.5.5 0 0 1 .5-.5h2V0H2Zm2 10.5H2a.5.5 0 0 1-.5-.5V8H0v2a2 2 0 0 0 2 2h2v-1.5ZM8 12v-1.5h2a.5.5 0 0 0 .5-.5V8H12v2a2 2 0 0 1-2 2H8Zm2-12a2 2 0 0 1 2 2v2h-1.5V2a.5.5 0 0 0-.5-.5H8V0h2Z\" \/>\n\t\t\t<\/svg>\n\t\t<\/button><figcaption class=\"wp-element-caption\">Anna * 20.6.1847; otec <strong>Hou\u0161ka Josef, hospodsk\u00fd <\/strong>a mistr \u0159eznick\u00fd; matka Sosnov\u00e1 Ludmila z Hostivice \u010d.33 <\/figcaption><\/figure>\n<\/div>\n\n<div class=\"wp-block-image\">\n<figure data-wp-context=\"{&quot;imageId&quot;:&quot;69f3095fb3477&quot;}\" data-wp-interactive=\"core\/image\" data-wp-key=\"69f3095fb3477\" class=\"aligncenter size-large wp-lightbox-container\" id=\"frantisek1851\"><img loading=\"lazy\" decoding=\"async\" width=\"1024\" height=\"179\" data-wp-class--hide=\"state.isContentHidden\" data-wp-class--show=\"state.isContentVisible\" data-wp-init=\"callbacks.setButtonStyles\" data-wp-on--click=\"actions.showLightbox\" data-wp-on--load=\"callbacks.setButtonStyles\" data-wp-on-window--resize=\"callbacks.setButtonStyles\" src=\"https:\/\/www.periferieprahy.cz\/blog\/wp-content\/uploads\/2025\/04\/cp36.h48-1024x179.jpg\" alt=\"\" class=\"wp-image-3043\" srcset=\"https:\/\/www.periferieprahy.cz\/blog\/wp-content\/uploads\/2025\/04\/cp36.h48-1024x179.jpg 1024w, https:\/\/www.periferieprahy.cz\/blog\/wp-content\/uploads\/2025\/04\/cp36.h48-300x52.jpg 300w, https:\/\/www.periferieprahy.cz\/blog\/wp-content\/uploads\/2025\/04\/cp36.h48-768x134.jpg 768w, https:\/\/www.periferieprahy.cz\/blog\/wp-content\/uploads\/2025\/04\/cp36.h48.jpg 1101w\" sizes=\"auto, (max-width: 1024px) 100vw, 1024px\" \/><button\n\t\t\tclass=\"lightbox-trigger\"\n\t\t\ttype=\"button\"\n\t\t\taria-haspopup=\"dialog\"\n\t\t\taria-label=\"Zv\u011bt\u0161it\"\n\t\t\tdata-wp-init=\"callbacks.initTriggerButton\"\n\t\t\tdata-wp-on--click=\"actions.showLightbox\"\n\t\t\tdata-wp-style--right=\"state.imageButtonRight\"\n\t\t\tdata-wp-style--top=\"state.imageButtonTop\"\n\t\t>\n\t\t\t<svg xmlns=\"http:\/\/www.w3.org\/2000\/svg\" width=\"12\" height=\"12\" fill=\"none\" viewBox=\"0 0 12 12\">\n\t\t\t\t<path fill=\"#fff\" d=\"M2 0a2 2 0 0 0-2 2v2h1.5V2a.5.5 0 0 1 .5-.5h2V0H2Zm2 10.5H2a.5.5 0 0 1-.5-.5V8H0v2a2 2 0 0 0 2 2h2v-1.5ZM8 12v-1.5h2a.5.5 0 0 0 .5-.5V8H12v2a2 2 0 0 1-2 2H8Zm2-12a2 2 0 0 1 2 2v2h-1.5V2a.5.5 0 0 0-.5-.5H8V0h2Z\" \/>\n\t\t\t<\/svg>\n\t\t<\/button><figcaption class=\"wp-element-caption\">Franti\u0161ek * 2.12.1851; otec <strong>Hou\u0161ka Josef, hospodsk\u00fd <\/strong>a mistr \u0159eznick\u00fd; matka Sosnov\u00e1 Ludmila z Hostivice \u010d.33 <\/figcaption><\/figure>\n<\/div>\n\n<div class=\"wp-block-image\">\n<figure data-wp-context=\"{&quot;imageId&quot;:&quot;69f3095fb3f3d&quot;}\" data-wp-interactive=\"core\/image\" data-wp-key=\"69f3095fb3f3d\" class=\"aligncenter size-large wp-lightbox-container\"><img loading=\"lazy\" decoding=\"async\" width=\"1024\" height=\"270\" data-wp-class--hide=\"state.isContentHidden\" data-wp-class--show=\"state.isContentVisible\" data-wp-init=\"callbacks.setButtonStyles\" data-wp-on--click=\"actions.showLightbox\" data-wp-on--load=\"callbacks.setButtonStyles\" data-wp-on-window--resize=\"callbacks.setButtonStyles\" src=\"https:\/\/www.periferieprahy.cz\/blog\/wp-content\/uploads\/2025\/04\/cp36.h46-1024x270.jpg\" alt=\"\" class=\"wp-image-3041\" srcset=\"https:\/\/www.periferieprahy.cz\/blog\/wp-content\/uploads\/2025\/04\/cp36.h46-1024x270.jpg 1024w, https:\/\/www.periferieprahy.cz\/blog\/wp-content\/uploads\/2025\/04\/cp36.h46-300x79.jpg 300w, https:\/\/www.periferieprahy.cz\/blog\/wp-content\/uploads\/2025\/04\/cp36.h46-768x203.jpg 768w, https:\/\/www.periferieprahy.cz\/blog\/wp-content\/uploads\/2025\/04\/cp36.h46.jpg 1088w\" sizes=\"auto, (max-width: 1024px) 100vw, 1024px\" \/><button\n\t\t\tclass=\"lightbox-trigger\"\n\t\t\ttype=\"button\"\n\t\t\taria-haspopup=\"dialog\"\n\t\t\taria-label=\"Zv\u011bt\u0161it\"\n\t\t\tdata-wp-init=\"callbacks.initTriggerButton\"\n\t\t\tdata-wp-on--click=\"actions.showLightbox\"\n\t\t\tdata-wp-style--right=\"state.imageButtonRight\"\n\t\t\tdata-wp-style--top=\"state.imageButtonTop\"\n\t\t>\n\t\t\t<svg xmlns=\"http:\/\/www.w3.org\/2000\/svg\" width=\"12\" height=\"12\" fill=\"none\" viewBox=\"0 0 12 12\">\n\t\t\t\t<path fill=\"#fff\" d=\"M2 0a2 2 0 0 0-2 2v2h1.5V2a.5.5 0 0 1 .5-.5h2V0H2Zm2 10.5H2a.5.5 0 0 1-.5-.5V8H0v2a2 2 0 0 0 2 2h2v-1.5ZM8 12v-1.5h2a.5.5 0 0 0 .5-.5V8H12v2a2 2 0 0 1-2 2H8Zm2-12a2 2 0 0 1 2 2v2h-1.5V2a.5.5 0 0 0-.5-.5H8V0h2Z\" \/>\n\t\t\t<\/svg>\n\t\t<\/button><\/figure>\n<\/div>\n\n<div class=\"wp-block-image\">\n<figure data-wp-context=\"{&quot;imageId&quot;:&quot;69f3095fb49b8&quot;}\" data-wp-interactive=\"core\/image\" data-wp-key=\"69f3095fb49b8\" class=\"aligncenter size-large wp-lightbox-container\" id=\"anezka1850\"><img loading=\"lazy\" decoding=\"async\" width=\"1024\" height=\"287\" data-wp-class--hide=\"state.isContentHidden\" data-wp-class--show=\"state.isContentVisible\" data-wp-init=\"callbacks.setButtonStyles\" data-wp-on--click=\"actions.showLightbox\" data-wp-on--load=\"callbacks.setButtonStyles\" data-wp-on-window--resize=\"callbacks.setButtonStyles\" src=\"https:\/\/www.periferieprahy.cz\/blog\/wp-content\/uploads\/2025\/04\/cp36.h47-1024x287.jpg\" alt=\"\" class=\"wp-image-3042\" srcset=\"https:\/\/www.periferieprahy.cz\/blog\/wp-content\/uploads\/2025\/04\/cp36.h47-1024x287.jpg 1024w, https:\/\/www.periferieprahy.cz\/blog\/wp-content\/uploads\/2025\/04\/cp36.h47-300x84.jpg 300w, https:\/\/www.periferieprahy.cz\/blog\/wp-content\/uploads\/2025\/04\/cp36.h47-768x215.jpg 768w, https:\/\/www.periferieprahy.cz\/blog\/wp-content\/uploads\/2025\/04\/cp36.h47.jpg 1068w\" sizes=\"auto, (max-width: 1024px) 100vw, 1024px\" \/><button\n\t\t\tclass=\"lightbox-trigger\"\n\t\t\ttype=\"button\"\n\t\t\taria-haspopup=\"dialog\"\n\t\t\taria-label=\"Zv\u011bt\u0161it\"\n\t\t\tdata-wp-init=\"callbacks.initTriggerButton\"\n\t\t\tdata-wp-on--click=\"actions.showLightbox\"\n\t\t\tdata-wp-style--right=\"state.imageButtonRight\"\n\t\t\tdata-wp-style--top=\"state.imageButtonTop\"\n\t\t>\n\t\t\t<svg xmlns=\"http:\/\/www.w3.org\/2000\/svg\" width=\"12\" height=\"12\" fill=\"none\" viewBox=\"0 0 12 12\">\n\t\t\t\t<path fill=\"#fff\" d=\"M2 0a2 2 0 0 0-2 2v2h1.5V2a.5.5 0 0 1 .5-.5h2V0H2Zm2 10.5H2a.5.5 0 0 1-.5-.5V8H0v2a2 2 0 0 0 2 2h2v-1.5ZM8 12v-1.5h2a.5.5 0 0 0 .5-.5V8H12v2a2 2 0 0 1-2 2H8Zm2-12a2 2 0 0 1 2 2v2h-1.5V2a.5.5 0 0 0-.5-.5H8V0h2Z\" \/>\n\t\t\t<\/svg>\n\t\t<\/button><figcaption class=\"wp-element-caption\">Ane\u017eka * 22.2.1850;<strong> otec Th\u00fcringer Vincenc &#8211; \u010cen\u011bk, n\u00e1jemn\u00edk hospody v Liboci<\/strong>; matka St\u0159\u00edbrn\u00e1 Marie z Jen\u010de.<\/figcaption><\/figure>\n<\/div>\n\n\n<h3 class=\"wp-block-heading has-text-align-center\">Mat\u011bj Pelik\u00e1n<\/h3>\n\n\n<div class=\"wp-block-image\">\n<figure data-wp-context=\"{&quot;imageId&quot;:&quot;69f3095fb50a9&quot;}\" data-wp-interactive=\"core\/image\" data-wp-key=\"69f3095fb50a9\" class=\"aligncenter size-full wp-lightbox-container\"><img loading=\"lazy\" decoding=\"async\" width=\"868\" height=\"211\" data-wp-class--hide=\"state.isContentHidden\" data-wp-class--show=\"state.isContentVisible\" data-wp-init=\"callbacks.setButtonStyles\" data-wp-on--click=\"actions.showLightbox\" data-wp-on--load=\"callbacks.setButtonStyles\" data-wp-on-window--resize=\"callbacks.setButtonStyles\" src=\"https:\/\/www.periferieprahy.cz\/blog\/wp-content\/uploads\/2025\/04\/cp36.h44.jpg\" alt=\"\" class=\"wp-image-3039\" srcset=\"https:\/\/www.periferieprahy.cz\/blog\/wp-content\/uploads\/2025\/04\/cp36.h44.jpg 868w, https:\/\/www.periferieprahy.cz\/blog\/wp-content\/uploads\/2025\/04\/cp36.h44-300x73.jpg 300w, https:\/\/www.periferieprahy.cz\/blog\/wp-content\/uploads\/2025\/04\/cp36.h44-768x187.jpg 768w\" sizes=\"auto, (max-width: 868px) 100vw, 868px\" \/><button\n\t\t\tclass=\"lightbox-trigger\"\n\t\t\ttype=\"button\"\n\t\t\taria-haspopup=\"dialog\"\n\t\t\taria-label=\"Zv\u011bt\u0161it\"\n\t\t\tdata-wp-init=\"callbacks.initTriggerButton\"\n\t\t\tdata-wp-on--click=\"actions.showLightbox\"\n\t\t\tdata-wp-style--right=\"state.imageButtonRight\"\n\t\t\tdata-wp-style--top=\"state.imageButtonTop\"\n\t\t>\n\t\t\t<svg xmlns=\"http:\/\/www.w3.org\/2000\/svg\" width=\"12\" height=\"12\" fill=\"none\" viewBox=\"0 0 12 12\">\n\t\t\t\t<path fill=\"#fff\" d=\"M2 0a2 2 0 0 0-2 2v2h1.5V2a.5.5 0 0 1 .5-.5h2V0H2Zm2 10.5H2a.5.5 0 0 1-.5-.5V8H0v2a2 2 0 0 0 2 2h2v-1.5ZM8 12v-1.5h2a.5.5 0 0 0 .5-.5V8H12v2a2 2 0 0 1-2 2H8Zm2-12a2 2 0 0 1 2 2v2h-1.5V2a.5.5 0 0 0-.5-.5H8V0h2Z\" \/>\n\t\t\t<\/svg>\n\t\t<\/button><\/figure>\n<\/div>\n\n<div class=\"wp-block-image\">\n<figure data-wp-context=\"{&quot;imageId&quot;:&quot;69f3095fb583b&quot;}\" data-wp-interactive=\"core\/image\" data-wp-key=\"69f3095fb583b\" class=\"aligncenter size-full wp-lightbox-container\" id=\"matej_pelikan1849\"><img loading=\"lazy\" decoding=\"async\" width=\"886\" height=\"218\" data-wp-class--hide=\"state.isContentHidden\" data-wp-class--show=\"state.isContentVisible\" data-wp-init=\"callbacks.setButtonStyles\" data-wp-on--click=\"actions.showLightbox\" data-wp-on--load=\"callbacks.setButtonStyles\" data-wp-on-window--resize=\"callbacks.setButtonStyles\" src=\"https:\/\/www.periferieprahy.cz\/blog\/wp-content\/uploads\/2025\/04\/cp36.h45.jpg\" alt=\"\" class=\"wp-image-3040\" srcset=\"https:\/\/www.periferieprahy.cz\/blog\/wp-content\/uploads\/2025\/04\/cp36.h45.jpg 886w, https:\/\/www.periferieprahy.cz\/blog\/wp-content\/uploads\/2025\/04\/cp36.h45-300x74.jpg 300w, https:\/\/www.periferieprahy.cz\/blog\/wp-content\/uploads\/2025\/04\/cp36.h45-768x189.jpg 768w\" sizes=\"auto, (max-width: 886px) 100vw, 886px\" \/><button\n\t\t\tclass=\"lightbox-trigger\"\n\t\t\ttype=\"button\"\n\t\t\taria-haspopup=\"dialog\"\n\t\t\taria-label=\"Zv\u011bt\u0161it\"\n\t\t\tdata-wp-init=\"callbacks.initTriggerButton\"\n\t\t\tdata-wp-on--click=\"actions.showLightbox\"\n\t\t\tdata-wp-style--right=\"state.imageButtonRight\"\n\t\t\tdata-wp-style--top=\"state.imageButtonTop\"\n\t\t>\n\t\t\t<svg xmlns=\"http:\/\/www.w3.org\/2000\/svg\" width=\"12\" height=\"12\" fill=\"none\" viewBox=\"0 0 12 12\">\n\t\t\t\t<path fill=\"#fff\" d=\"M2 0a2 2 0 0 0-2 2v2h1.5V2a.5.5 0 0 1 .5-.5h2V0H2Zm2 10.5H2a.5.5 0 0 1-.5-.5V8H0v2a2 2 0 0 0 2 2h2v-1.5ZM8 12v-1.5h2a.5.5 0 0 0 .5-.5V8H12v2a2 2 0 0 1-2 2H8Zm2-12a2 2 0 0 1 2 2v2h-1.5V2a.5.5 0 0 0-.5-.5H8V0h2Z\" \/>\n\t\t\t<\/svg>\n\t\t<\/button><figcaption class=\"wp-element-caption\">Mat\u011bj *18.9.1849; otec Pelik\u00e1n Anton\u00edn mistr obuvi p\u0159in\u00e1le\u017eej\u00edc\u00ed k Jistebnici, syn neman\u017e. Josefy, dcery Franti\u0161ka Pelik\u00e1na m\u011b\u0161\u0165ana a mistra obuvi z Jistebnice \u010d.d.108 <\/figcaption><\/figure>\n<\/div>\n\n\n<h3 class=\"wp-block-heading has-text-align-center\">Ku\u010derovi<\/h3>\n\n\n<div class=\"wp-block-image\">\n<figure data-wp-context=\"{&quot;imageId&quot;:&quot;69f3095fb5f03&quot;}\" data-wp-interactive=\"core\/image\" data-wp-key=\"69f3095fb5f03\" class=\"aligncenter size-full is-resized wp-lightbox-container\"><img loading=\"lazy\" decoding=\"async\" width=\"900\" height=\"293\" data-wp-class--hide=\"state.isContentHidden\" data-wp-class--show=\"state.isContentVisible\" data-wp-init=\"callbacks.setButtonStyles\" data-wp-on--click=\"actions.showLightbox\" data-wp-on--load=\"callbacks.setButtonStyles\" data-wp-on-window--resize=\"callbacks.setButtonStyles\" src=\"https:\/\/www.periferieprahy.cz\/blog\/wp-content\/uploads\/2025\/04\/cp36.h1-1.jpg\" alt=\"\" class=\"wp-image-2996\" style=\"width:950px;height:auto\" srcset=\"https:\/\/www.periferieprahy.cz\/blog\/wp-content\/uploads\/2025\/04\/cp36.h1-1.jpg 900w, https:\/\/www.periferieprahy.cz\/blog\/wp-content\/uploads\/2025\/04\/cp36.h1-1-300x98.jpg 300w, https:\/\/www.periferieprahy.cz\/blog\/wp-content\/uploads\/2025\/04\/cp36.h1-1-768x250.jpg 768w\" sizes=\"auto, (max-width: 900px) 100vw, 900px\" \/><button\n\t\t\tclass=\"lightbox-trigger\"\n\t\t\ttype=\"button\"\n\t\t\taria-haspopup=\"dialog\"\n\t\t\taria-label=\"Zv\u011bt\u0161it\"\n\t\t\tdata-wp-init=\"callbacks.initTriggerButton\"\n\t\t\tdata-wp-on--click=\"actions.showLightbox\"\n\t\t\tdata-wp-style--right=\"state.imageButtonRight\"\n\t\t\tdata-wp-style--top=\"state.imageButtonTop\"\n\t\t>\n\t\t\t<svg xmlns=\"http:\/\/www.w3.org\/2000\/svg\" width=\"12\" height=\"12\" fill=\"none\" viewBox=\"0 0 12 12\">\n\t\t\t\t<path fill=\"#fff\" d=\"M2 0a2 2 0 0 0-2 2v2h1.5V2a.5.5 0 0 1 .5-.5h2V0H2Zm2 10.5H2a.5.5 0 0 1-.5-.5V8H0v2a2 2 0 0 0 2 2h2v-1.5ZM8 12v-1.5h2a.5.5 0 0 0 .5-.5V8H12v2a2 2 0 0 1-2 2H8Zm2-12a2 2 0 0 1 2 2v2h-1.5V2a.5.5 0 0 0-.5-.5H8V0h2Z\" \/>\n\t\t\t<\/svg>\n\t\t<\/button><\/figure>\n<\/div>\n\n<div class=\"wp-block-image\">\n<figure data-wp-context=\"{&quot;imageId&quot;:&quot;69f3095fb6662&quot;}\" data-wp-interactive=\"core\/image\" data-wp-key=\"69f3095fb6662\" class=\"aligncenter size-full wp-lightbox-container\" id=\"jankucera_annaholeckova_1800\"><img loading=\"lazy\" decoding=\"async\" width=\"951\" height=\"267\" data-wp-class--hide=\"state.isContentHidden\" data-wp-class--show=\"state.isContentVisible\" data-wp-init=\"callbacks.setButtonStyles\" data-wp-on--click=\"actions.showLightbox\" data-wp-on--load=\"callbacks.setButtonStyles\" data-wp-on-window--resize=\"callbacks.setButtonStyles\" src=\"https:\/\/www.periferieprahy.cz\/blog\/wp-content\/uploads\/2025\/04\/cp36.h2-1.jpg\" alt=\"\" class=\"wp-image-2997\" srcset=\"https:\/\/www.periferieprahy.cz\/blog\/wp-content\/uploads\/2025\/04\/cp36.h2-1.jpg 951w, https:\/\/www.periferieprahy.cz\/blog\/wp-content\/uploads\/2025\/04\/cp36.h2-1-300x84.jpg 300w, https:\/\/www.periferieprahy.cz\/blog\/wp-content\/uploads\/2025\/04\/cp36.h2-1-768x216.jpg 768w\" sizes=\"auto, (max-width: 951px) 100vw, 951px\" \/><button\n\t\t\tclass=\"lightbox-trigger\"\n\t\t\ttype=\"button\"\n\t\t\taria-haspopup=\"dialog\"\n\t\t\taria-label=\"Zv\u011bt\u0161it\"\n\t\t\tdata-wp-init=\"callbacks.initTriggerButton\"\n\t\t\tdata-wp-on--click=\"actions.showLightbox\"\n\t\t\tdata-wp-style--right=\"state.imageButtonRight\"\n\t\t\tdata-wp-style--top=\"state.imageButtonTop\"\n\t\t>\n\t\t\t<svg xmlns=\"http:\/\/www.w3.org\/2000\/svg\" width=\"12\" height=\"12\" fill=\"none\" viewBox=\"0 0 12 12\">\n\t\t\t\t<path fill=\"#fff\" d=\"M2 0a2 2 0 0 0-2 2v2h1.5V2a.5.5 0 0 1 .5-.5h2V0H2Zm2 10.5H2a.5.5 0 0 1-.5-.5V8H0v2a2 2 0 0 0 2 2h2v-1.5ZM8 12v-1.5h2a.5.5 0 0 0 .5-.5V8H12v2a2 2 0 0 1-2 2H8Zm2-12a2 2 0 0 1 2 2v2h-1.5V2a.5.5 0 0 0-.5-.5H8V0h2Z\" \/>\n\t\t\t<\/svg>\n\t\t<\/button><figcaption class=\"wp-element-caption\">\u221e 23.11.1800; \u017eenich Jan, poz\u016fstal\u00fd syn po \u2020Janovi Ku\u010derovy, sedl\u00e1ku z \u00daholic \u2116 6; nev\u011bsta Anna, dcera V\u00e1clava Hole\u010dka chalupn\u00edka [\u010d.p.17]. <\/figcaption><\/figure>\n<\/div>\n\n<div class=\"wp-block-image\">\n<figure data-wp-context=\"{&quot;imageId&quot;:&quot;69f3095fb6d99&quot;}\" data-wp-interactive=\"core\/image\" data-wp-key=\"69f3095fb6d99\" class=\"aligncenter size-large is-resized wp-lightbox-container\"><img loading=\"lazy\" decoding=\"async\" width=\"1024\" height=\"402\" data-wp-class--hide=\"state.isContentHidden\" data-wp-class--show=\"state.isContentVisible\" data-wp-init=\"callbacks.setButtonStyles\" data-wp-on--click=\"actions.showLightbox\" data-wp-on--load=\"callbacks.setButtonStyles\" data-wp-on-window--resize=\"callbacks.setButtonStyles\" src=\"https:\/\/www.periferieprahy.cz\/blog\/wp-content\/uploads\/2025\/04\/cp36.h3-1024x402.jpg\" alt=\"\" class=\"wp-image-2998\" style=\"width:1176px;height:auto\" srcset=\"https:\/\/www.periferieprahy.cz\/blog\/wp-content\/uploads\/2025\/04\/cp36.h3-1024x402.jpg 1024w, https:\/\/www.periferieprahy.cz\/blog\/wp-content\/uploads\/2025\/04\/cp36.h3-300x118.jpg 300w, https:\/\/www.periferieprahy.cz\/blog\/wp-content\/uploads\/2025\/04\/cp36.h3-768x301.jpg 768w, https:\/\/www.periferieprahy.cz\/blog\/wp-content\/uploads\/2025\/04\/cp36.h3.jpg 1106w\" sizes=\"auto, (max-width: 1024px) 100vw, 1024px\" \/><button\n\t\t\tclass=\"lightbox-trigger\"\n\t\t\ttype=\"button\"\n\t\t\taria-haspopup=\"dialog\"\n\t\t\taria-label=\"Zv\u011bt\u0161it\"\n\t\t\tdata-wp-init=\"callbacks.initTriggerButton\"\n\t\t\tdata-wp-on--click=\"actions.showLightbox\"\n\t\t\tdata-wp-style--right=\"state.imageButtonRight\"\n\t\t\tdata-wp-style--top=\"state.imageButtonTop\"\n\t\t>\n\t\t\t<svg xmlns=\"http:\/\/www.w3.org\/2000\/svg\" width=\"12\" height=\"12\" fill=\"none\" viewBox=\"0 0 12 12\">\n\t\t\t\t<path fill=\"#fff\" d=\"M2 0a2 2 0 0 0-2 2v2h1.5V2a.5.5 0 0 1 .5-.5h2V0H2Zm2 10.5H2a.5.5 0 0 1-.5-.5V8H0v2a2 2 0 0 0 2 2h2v-1.5ZM8 12v-1.5h2a.5.5 0 0 0 .5-.5V8H12v2a2 2 0 0 1-2 2H8Zm2-12a2 2 0 0 1 2 2v2h-1.5V2a.5.5 0 0 0-.5-.5H8V0h2Z\" \/>\n\t\t\t<\/svg>\n\t\t<\/button><\/figure>\n<\/div>\n\n<div class=\"wp-block-image\">\n<figure data-wp-context=\"{&quot;imageId&quot;:&quot;69f3095fb7444&quot;}\" data-wp-interactive=\"core\/image\" data-wp-key=\"69f3095fb7444\" class=\"aligncenter size-large is-resized wp-lightbox-container\" id=\"josef_kucera_barb_pos1841\"><img loading=\"lazy\" decoding=\"async\" width=\"1024\" height=\"360\" data-wp-class--hide=\"state.isContentHidden\" data-wp-class--show=\"state.isContentVisible\" data-wp-init=\"callbacks.setButtonStyles\" data-wp-on--click=\"actions.showLightbox\" data-wp-on--load=\"callbacks.setButtonStyles\" data-wp-on-window--resize=\"callbacks.setButtonStyles\" src=\"https:\/\/www.periferieprahy.cz\/blog\/wp-content\/uploads\/2025\/04\/cp36.h51-1024x360.jpg\" alt=\"\" class=\"wp-image-3046\" style=\"width:1124px;height:auto\" srcset=\"https:\/\/www.periferieprahy.cz\/blog\/wp-content\/uploads\/2025\/04\/cp36.h51-1024x360.jpg 1024w, https:\/\/www.periferieprahy.cz\/blog\/wp-content\/uploads\/2025\/04\/cp36.h51-300x105.jpg 300w, https:\/\/www.periferieprahy.cz\/blog\/wp-content\/uploads\/2025\/04\/cp36.h51-768x270.jpg 768w, https:\/\/www.periferieprahy.cz\/blog\/wp-content\/uploads\/2025\/04\/cp36.h51.jpg 1079w\" sizes=\"auto, (max-width: 1024px) 100vw, 1024px\" \/><button\n\t\t\tclass=\"lightbox-trigger\"\n\t\t\ttype=\"button\"\n\t\t\taria-haspopup=\"dialog\"\n\t\t\taria-label=\"Zv\u011bt\u0161it\"\n\t\t\tdata-wp-init=\"callbacks.initTriggerButton\"\n\t\t\tdata-wp-on--click=\"actions.showLightbox\"\n\t\t\tdata-wp-style--right=\"state.imageButtonRight\"\n\t\t\tdata-wp-style--top=\"state.imageButtonTop\"\n\t\t>\n\t\t\t<svg xmlns=\"http:\/\/www.w3.org\/2000\/svg\" width=\"12\" height=\"12\" fill=\"none\" viewBox=\"0 0 12 12\">\n\t\t\t\t<path fill=\"#fff\" d=\"M2 0a2 2 0 0 0-2 2v2h1.5V2a.5.5 0 0 1 .5-.5h2V0H2Zm2 10.5H2a.5.5 0 0 1-.5-.5V8H0v2a2 2 0 0 0 2 2h2v-1.5ZM8 12v-1.5h2a.5.5 0 0 0 .5-.5V8H12v2a2 2 0 0 1-2 2H8Zm2-12a2 2 0 0 1 2 2v2h-1.5V2a.5.5 0 0 0-.5-.5H8V0h2Z\" \/>\n\t\t\t<\/svg>\n\t\t<\/button><figcaption class=\"wp-element-caption\">\u221e15.2.1841; \u017eenich Josef Ku\u010dera zednick\u00fd, rodil\u00fd z \u00dahonic, nyn\u00ed p\u0159eb\u00fdvaj\u00edc\u00ed v Liboci \u2116 24, syn po \u2020Janovi Ku\u010derovi, sedl\u00e1ku z \u00dahonic \u2116 6 a matky Anny rozen\u00e9 Hole\u010dkov\u00e9, v\u011bk 22let; nev\u011bsta Barbora, dcera Josefa Pose, domk\u00e1\u0159e z Liboce \u2116 30 a matky Anny *1.5.1779 rozen\u00e9 \u0160est\u00e1kov\u00e9, v\u011bk 21 let.  <\/figcaption><\/figure>\n<\/div>\n\n<div class=\"wp-block-image\">\n<figure data-wp-context=\"{&quot;imageId&quot;:&quot;69f3095fb7a31&quot;}\" data-wp-interactive=\"core\/image\" data-wp-key=\"69f3095fb7a31\" class=\"aligncenter size-large is-resized wp-lightbox-container\" id=\"josef_pos_anna_sestakova1805\"><img loading=\"lazy\" decoding=\"async\" width=\"1024\" height=\"161\" data-wp-class--hide=\"state.isContentHidden\" data-wp-class--show=\"state.isContentVisible\" data-wp-init=\"callbacks.setButtonStyles\" data-wp-on--click=\"actions.showLightbox\" data-wp-on--load=\"callbacks.setButtonStyles\" data-wp-on-window--resize=\"callbacks.setButtonStyles\" src=\"https:\/\/www.periferieprahy.cz\/blog\/wp-content\/uploads\/2025\/04\/cp36.h75-1024x161.jpg\" alt=\"\" class=\"wp-image-3070\" style=\"width:1190px;height:auto\" srcset=\"https:\/\/www.periferieprahy.cz\/blog\/wp-content\/uploads\/2025\/04\/cp36.h75-1024x161.jpg 1024w, https:\/\/www.periferieprahy.cz\/blog\/wp-content\/uploads\/2025\/04\/cp36.h75-300x47.jpg 300w, https:\/\/www.periferieprahy.cz\/blog\/wp-content\/uploads\/2025\/04\/cp36.h75-768x121.jpg 768w, https:\/\/www.periferieprahy.cz\/blog\/wp-content\/uploads\/2025\/04\/cp36.h75.jpg 1044w\" sizes=\"auto, (max-width: 1024px) 100vw, 1024px\" \/><button\n\t\t\tclass=\"lightbox-trigger\"\n\t\t\ttype=\"button\"\n\t\t\taria-haspopup=\"dialog\"\n\t\t\taria-label=\"Zv\u011bt\u0161it\"\n\t\t\tdata-wp-init=\"callbacks.initTriggerButton\"\n\t\t\tdata-wp-on--click=\"actions.showLightbox\"\n\t\t\tdata-wp-style--right=\"state.imageButtonRight\"\n\t\t\tdata-wp-style--top=\"state.imageButtonTop\"\n\t\t>\n\t\t\t<svg xmlns=\"http:\/\/www.w3.org\/2000\/svg\" width=\"12\" height=\"12\" fill=\"none\" viewBox=\"0 0 12 12\">\n\t\t\t\t<path fill=\"#fff\" d=\"M2 0a2 2 0 0 0-2 2v2h1.5V2a.5.5 0 0 1 .5-.5h2V0H2Zm2 10.5H2a.5.5 0 0 1-.5-.5V8H0v2a2 2 0 0 0 2 2h2v-1.5ZM8 12v-1.5h2a.5.5 0 0 0 .5-.5V8H12v2a2 2 0 0 1-2 2H8Zm2-12a2 2 0 0 1 2 2v2h-1.5V2a.5.5 0 0 0-.5-.5H8V0h2Z\" \/>\n\t\t\t<\/svg>\n\t\t<\/button><figcaption class=\"wp-element-caption\">\u221e21.1.1805; \u017eenich Josef, syn po \u2020Josefu Posovi, n\u00e1den\u00edku, v\u011bk 28 let; nev\u011bsta Anna *1.5.1779, dcera V\u00e1clava \u0160est\u00e1ka, sedl\u00e1ka v Liboci [\u010d.p.18] v\u011bk 24 let. <\/figcaption><\/figure>\n<\/div>\n\n<div class=\"wp-block-image\">\n<figure data-wp-context=\"{&quot;imageId&quot;:&quot;69f3095fb8054&quot;}\" data-wp-interactive=\"core\/image\" data-wp-key=\"69f3095fb8054\" class=\"aligncenter size-full is-resized wp-lightbox-container\"><img loading=\"lazy\" decoding=\"async\" width=\"984\" height=\"228\" data-wp-class--hide=\"state.isContentHidden\" data-wp-class--show=\"state.isContentVisible\" data-wp-init=\"callbacks.setButtonStyles\" data-wp-on--click=\"actions.showLightbox\" data-wp-on--load=\"callbacks.setButtonStyles\" data-wp-on-window--resize=\"callbacks.setButtonStyles\" src=\"https:\/\/www.periferieprahy.cz\/blog\/wp-content\/uploads\/2025\/04\/cp36.h38.jpg\" alt=\"\" class=\"wp-image-3033\" style=\"width:1020px;height:auto\" srcset=\"https:\/\/www.periferieprahy.cz\/blog\/wp-content\/uploads\/2025\/04\/cp36.h38.jpg 984w, https:\/\/www.periferieprahy.cz\/blog\/wp-content\/uploads\/2025\/04\/cp36.h38-300x70.jpg 300w, https:\/\/www.periferieprahy.cz\/blog\/wp-content\/uploads\/2025\/04\/cp36.h38-768x178.jpg 768w\" sizes=\"auto, (max-width: 984px) 100vw, 984px\" \/><button\n\t\t\tclass=\"lightbox-trigger\"\n\t\t\ttype=\"button\"\n\t\t\taria-haspopup=\"dialog\"\n\t\t\taria-label=\"Zv\u011bt\u0161it\"\n\t\t\tdata-wp-init=\"callbacks.initTriggerButton\"\n\t\t\tdata-wp-on--click=\"actions.showLightbox\"\n\t\t\tdata-wp-style--right=\"state.imageButtonRight\"\n\t\t\tdata-wp-style--top=\"state.imageButtonTop\"\n\t\t>\n\t\t\t<svg xmlns=\"http:\/\/www.w3.org\/2000\/svg\" width=\"12\" height=\"12\" fill=\"none\" viewBox=\"0 0 12 12\">\n\t\t\t\t<path fill=\"#fff\" d=\"M2 0a2 2 0 0 0-2 2v2h1.5V2a.5.5 0 0 1 .5-.5h2V0H2Zm2 10.5H2a.5.5 0 0 1-.5-.5V8H0v2a2 2 0 0 0 2 2h2v-1.5ZM8 12v-1.5h2a.5.5 0 0 0 .5-.5V8H12v2a2 2 0 0 1-2 2H8Zm2-12a2 2 0 0 1 2 2v2h-1.5V2a.5.5 0 0 0-.5-.5H8V0h2Z\" \/>\n\t\t\t<\/svg>\n\t\t<\/button><\/figure>\n<\/div>\n\n<div class=\"wp-block-image\">\n<figure data-wp-context=\"{&quot;imageId&quot;:&quot;69f3095fb85e9&quot;}\" data-wp-interactive=\"core\/image\" data-wp-key=\"69f3095fb85e9\" class=\"aligncenter size-large wp-lightbox-container\" id=\"anna1843\"><img loading=\"lazy\" decoding=\"async\" width=\"1024\" height=\"246\" data-wp-class--hide=\"state.isContentHidden\" data-wp-class--show=\"state.isContentVisible\" data-wp-init=\"callbacks.setButtonStyles\" data-wp-on--click=\"actions.showLightbox\" data-wp-on--load=\"callbacks.setButtonStyles\" data-wp-on-window--resize=\"callbacks.setButtonStyles\" src=\"https:\/\/www.periferieprahy.cz\/blog\/wp-content\/uploads\/2025\/04\/cp36.h39-1024x246.jpg\" alt=\"\" class=\"wp-image-3034\" srcset=\"https:\/\/www.periferieprahy.cz\/blog\/wp-content\/uploads\/2025\/04\/cp36.h39-1024x246.jpg 1024w, https:\/\/www.periferieprahy.cz\/blog\/wp-content\/uploads\/2025\/04\/cp36.h39-300x72.jpg 300w, https:\/\/www.periferieprahy.cz\/blog\/wp-content\/uploads\/2025\/04\/cp36.h39-768x184.jpg 768w, https:\/\/www.periferieprahy.cz\/blog\/wp-content\/uploads\/2025\/04\/cp36.h39.jpg 1080w\" sizes=\"auto, (max-width: 1024px) 100vw, 1024px\" \/><button\n\t\t\tclass=\"lightbox-trigger\"\n\t\t\ttype=\"button\"\n\t\t\taria-haspopup=\"dialog\"\n\t\t\taria-label=\"Zv\u011bt\u0161it\"\n\t\t\tdata-wp-init=\"callbacks.initTriggerButton\"\n\t\t\tdata-wp-on--click=\"actions.showLightbox\"\n\t\t\tdata-wp-style--right=\"state.imageButtonRight\"\n\t\t\tdata-wp-style--top=\"state.imageButtonTop\"\n\t\t>\n\t\t\t<svg xmlns=\"http:\/\/www.w3.org\/2000\/svg\" width=\"12\" height=\"12\" fill=\"none\" viewBox=\"0 0 12 12\">\n\t\t\t\t<path fill=\"#fff\" d=\"M2 0a2 2 0 0 0-2 2v2h1.5V2a.5.5 0 0 1 .5-.5h2V0H2Zm2 10.5H2a.5.5 0 0 1-.5-.5V8H0v2a2 2 0 0 0 2 2h2v-1.5ZM8 12v-1.5h2a.5.5 0 0 0 .5-.5V8H12v2a2 2 0 0 1-2 2H8Zm2-12a2 2 0 0 1 2 2v2h-1.5V2a.5.5 0 0 0-.5-.5H8V0h2Z\" \/>\n\t\t\t<\/svg>\n\t\t<\/button><figcaption class=\"wp-element-caption\">Anna *8.3.1843; otec Josef Ku\u010dera, zedn\u00edk, syn po \u2020Janovi, sedl\u00e1kovi z \u00dahonic \u2116 6 a matky Anny rozen\u00e9 Hole\u010dkov\u00e9; matka Barbora Pos, dcera Josefa Posa domk\u00e1\u0159e z Liboce a matky Anny rozen\u00e9 \u0160est\u00e1kov\u00e9.<\/figcaption><\/figure>\n<\/div>\n\n<div class=\"wp-block-image\">\n<figure data-wp-context=\"{&quot;imageId&quot;:&quot;69f3095fb8bd5&quot;}\" data-wp-interactive=\"core\/image\" data-wp-key=\"69f3095fb8bd5\" class=\"aligncenter size-full is-resized wp-lightbox-container\"><img loading=\"lazy\" decoding=\"async\" width=\"954\" height=\"456\" data-wp-class--hide=\"state.isContentHidden\" data-wp-class--show=\"state.isContentVisible\" data-wp-init=\"callbacks.setButtonStyles\" data-wp-on--click=\"actions.showLightbox\" data-wp-on--load=\"callbacks.setButtonStyles\" data-wp-on-window--resize=\"callbacks.setButtonStyles\" src=\"https:\/\/www.periferieprahy.cz\/blog\/wp-content\/uploads\/2025\/04\/cp36.h92.jpg\" alt=\"\" class=\"wp-image-3086\" style=\"width:1000px;height:auto\" srcset=\"https:\/\/www.periferieprahy.cz\/blog\/wp-content\/uploads\/2025\/04\/cp36.h92.jpg 954w, https:\/\/www.periferieprahy.cz\/blog\/wp-content\/uploads\/2025\/04\/cp36.h92-300x143.jpg 300w, https:\/\/www.periferieprahy.cz\/blog\/wp-content\/uploads\/2025\/04\/cp36.h92-768x367.jpg 768w\" sizes=\"auto, (max-width: 954px) 100vw, 954px\" \/><button\n\t\t\tclass=\"lightbox-trigger\"\n\t\t\ttype=\"button\"\n\t\t\taria-haspopup=\"dialog\"\n\t\t\taria-label=\"Zv\u011bt\u0161it\"\n\t\t\tdata-wp-init=\"callbacks.initTriggerButton\"\n\t\t\tdata-wp-on--click=\"actions.showLightbox\"\n\t\t\tdata-wp-style--right=\"state.imageButtonRight\"\n\t\t\tdata-wp-style--top=\"state.imageButtonTop\"\n\t\t>\n\t\t\t<svg xmlns=\"http:\/\/www.w3.org\/2000\/svg\" width=\"12\" height=\"12\" fill=\"none\" viewBox=\"0 0 12 12\">\n\t\t\t\t<path fill=\"#fff\" d=\"M2 0a2 2 0 0 0-2 2v2h1.5V2a.5.5 0 0 1 .5-.5h2V0H2Zm2 10.5H2a.5.5 0 0 1-.5-.5V8H0v2a2 2 0 0 0 2 2h2v-1.5ZM8 12v-1.5h2a.5.5 0 0 0 .5-.5V8H12v2a2 2 0 0 1-2 2H8Zm2-12a2 2 0 0 1 2 2v2h-1.5V2a.5.5 0 0 0-.5-.5H8V0h2Z\" \/>\n\t\t\t<\/svg>\n\t\t<\/button><\/figure>\n<\/div>\n\n<div class=\"wp-block-image\">\n<figure data-wp-context=\"{&quot;imageId&quot;:&quot;69f3095fb90a5&quot;}\" data-wp-interactive=\"core\/image\" data-wp-key=\"69f3095fb90a5\" class=\"aligncenter size-full wp-lightbox-container\" id=\"josef1844\"><img loading=\"lazy\" decoding=\"async\" width=\"1006\" height=\"413\" data-wp-class--hide=\"state.isContentHidden\" data-wp-class--show=\"state.isContentVisible\" data-wp-init=\"callbacks.setButtonStyles\" data-wp-on--click=\"actions.showLightbox\" data-wp-on--load=\"callbacks.setButtonStyles\" data-wp-on-window--resize=\"callbacks.setButtonStyles\" src=\"https:\/\/www.periferieprahy.cz\/blog\/wp-content\/uploads\/2025\/04\/cp36.h93.jpg\" alt=\"\" class=\"wp-image-3087\" srcset=\"https:\/\/www.periferieprahy.cz\/blog\/wp-content\/uploads\/2025\/04\/cp36.h93.jpg 1006w, https:\/\/www.periferieprahy.cz\/blog\/wp-content\/uploads\/2025\/04\/cp36.h93-300x123.jpg 300w, https:\/\/www.periferieprahy.cz\/blog\/wp-content\/uploads\/2025\/04\/cp36.h93-768x315.jpg 768w\" sizes=\"auto, (max-width: 1006px) 100vw, 1006px\" \/><button\n\t\t\tclass=\"lightbox-trigger\"\n\t\t\ttype=\"button\"\n\t\t\taria-haspopup=\"dialog\"\n\t\t\taria-label=\"Zv\u011bt\u0161it\"\n\t\t\tdata-wp-init=\"callbacks.initTriggerButton\"\n\t\t\tdata-wp-on--click=\"actions.showLightbox\"\n\t\t\tdata-wp-style--right=\"state.imageButtonRight\"\n\t\t\tdata-wp-style--top=\"state.imageButtonTop\"\n\t\t>\n\t\t\t<svg xmlns=\"http:\/\/www.w3.org\/2000\/svg\" width=\"12\" height=\"12\" fill=\"none\" viewBox=\"0 0 12 12\">\n\t\t\t\t<path fill=\"#fff\" d=\"M2 0a2 2 0 0 0-2 2v2h1.5V2a.5.5 0 0 1 .5-.5h2V0H2Zm2 10.5H2a.5.5 0 0 1-.5-.5V8H0v2a2 2 0 0 0 2 2h2v-1.5ZM8 12v-1.5h2a.5.5 0 0 0 .5-.5V8H12v2a2 2 0 0 1-2 2H8Zm2-12a2 2 0 0 1 2 2v2h-1.5V2a.5.5 0 0 0-.5-.5H8V0h2Z\" \/>\n\t\t\t<\/svg>\n\t\t<\/button><figcaption class=\"wp-element-caption\">Josef * 26.5.1844; Liboc 49; otec V\u00e1clav Ku\u010dera, domk\u00e1\u0159 a \u0161vec, syn Josefa Ku\u010dery a matky Kate\u0159iny \u010cervenkov\u00e9; matka Anna \u0160est\u00e1kov\u00e1, dcera V\u00e1clava \u0160est\u00e1ka domk\u00e1\u0159e a mistra \u0161evcovsk\u00e9ho z Liboce z \u010d\u00edsla 26 a matky Anny rozen\u00e9 \u010cadkov\u00e9 <\/figcaption><\/figure>\n<\/div>\n\n<div class=\"wp-block-image\">\n<figure data-wp-context=\"{&quot;imageId&quot;:&quot;69f3095fb9567&quot;}\" data-wp-interactive=\"core\/image\" data-wp-key=\"69f3095fb9567\" class=\"aligncenter size-full wp-lightbox-container\"><img loading=\"lazy\" decoding=\"async\" width=\"931\" height=\"392\" data-wp-class--hide=\"state.isContentHidden\" data-wp-class--show=\"state.isContentVisible\" data-wp-init=\"callbacks.setButtonStyles\" data-wp-on--click=\"actions.showLightbox\" data-wp-on--load=\"callbacks.setButtonStyles\" data-wp-on-window--resize=\"callbacks.setButtonStyles\" src=\"https:\/\/www.periferieprahy.cz\/blog\/wp-content\/uploads\/2025\/04\/cp36.h88.jpg\" alt=\"\" class=\"wp-image-3082\" srcset=\"https:\/\/www.periferieprahy.cz\/blog\/wp-content\/uploads\/2025\/04\/cp36.h88.jpg 931w, https:\/\/www.periferieprahy.cz\/blog\/wp-content\/uploads\/2025\/04\/cp36.h88-300x126.jpg 300w, https:\/\/www.periferieprahy.cz\/blog\/wp-content\/uploads\/2025\/04\/cp36.h88-768x323.jpg 768w\" sizes=\"auto, (max-width: 931px) 100vw, 931px\" \/><button\n\t\t\tclass=\"lightbox-trigger\"\n\t\t\ttype=\"button\"\n\t\t\taria-haspopup=\"dialog\"\n\t\t\taria-label=\"Zv\u011bt\u0161it\"\n\t\t\tdata-wp-init=\"callbacks.initTriggerButton\"\n\t\t\tdata-wp-on--click=\"actions.showLightbox\"\n\t\t\tdata-wp-style--right=\"state.imageButtonRight\"\n\t\t\tdata-wp-style--top=\"state.imageButtonTop\"\n\t\t>\n\t\t\t<svg xmlns=\"http:\/\/www.w3.org\/2000\/svg\" width=\"12\" height=\"12\" fill=\"none\" viewBox=\"0 0 12 12\">\n\t\t\t\t<path fill=\"#fff\" d=\"M2 0a2 2 0 0 0-2 2v2h1.5V2a.5.5 0 0 1 .5-.5h2V0H2Zm2 10.5H2a.5.5 0 0 1-.5-.5V8H0v2a2 2 0 0 0 2 2h2v-1.5ZM8 12v-1.5h2a.5.5 0 0 0 .5-.5V8H12v2a2 2 0 0 1-2 2H8Zm2-12a2 2 0 0 1 2 2v2h-1.5V2a.5.5 0 0 0-.5-.5H8V0h2Z\" \/>\n\t\t\t<\/svg>\n\t\t<\/button><\/figure>\n<\/div>\n\n<div class=\"wp-block-image\">\n<figure data-wp-context=\"{&quot;imageId&quot;:&quot;69f3095fb9a11&quot;}\" data-wp-interactive=\"core\/image\" data-wp-key=\"69f3095fb9a11\" class=\"aligncenter size-full wp-lightbox-container\" id=\"majdalena1847\"><img loading=\"lazy\" decoding=\"async\" width=\"942\" height=\"351\" data-wp-class--hide=\"state.isContentHidden\" data-wp-class--show=\"state.isContentVisible\" data-wp-init=\"callbacks.setButtonStyles\" data-wp-on--click=\"actions.showLightbox\" data-wp-on--load=\"callbacks.setButtonStyles\" data-wp-on-window--resize=\"callbacks.setButtonStyles\" src=\"https:\/\/www.periferieprahy.cz\/blog\/wp-content\/uploads\/2025\/04\/cp36.h89.jpg\" alt=\"\" class=\"wp-image-3083\" srcset=\"https:\/\/www.periferieprahy.cz\/blog\/wp-content\/uploads\/2025\/04\/cp36.h89.jpg 942w, https:\/\/www.periferieprahy.cz\/blog\/wp-content\/uploads\/2025\/04\/cp36.h89-300x112.jpg 300w, https:\/\/www.periferieprahy.cz\/blog\/wp-content\/uploads\/2025\/04\/cp36.h89-768x286.jpg 768w\" sizes=\"auto, (max-width: 942px) 100vw, 942px\" \/><button\n\t\t\tclass=\"lightbox-trigger\"\n\t\t\ttype=\"button\"\n\t\t\taria-haspopup=\"dialog\"\n\t\t\taria-label=\"Zv\u011bt\u0161it\"\n\t\t\tdata-wp-init=\"callbacks.initTriggerButton\"\n\t\t\tdata-wp-on--click=\"actions.showLightbox\"\n\t\t\tdata-wp-style--right=\"state.imageButtonRight\"\n\t\t\tdata-wp-style--top=\"state.imageButtonTop\"\n\t\t>\n\t\t\t<svg xmlns=\"http:\/\/www.w3.org\/2000\/svg\" width=\"12\" height=\"12\" fill=\"none\" viewBox=\"0 0 12 12\">\n\t\t\t\t<path fill=\"#fff\" d=\"M2 0a2 2 0 0 0-2 2v2h1.5V2a.5.5 0 0 1 .5-.5h2V0H2Zm2 10.5H2a.5.5 0 0 1-.5-.5V8H0v2a2 2 0 0 0 2 2h2v-1.5ZM8 12v-1.5h2a.5.5 0 0 0 .5-.5V8H12v2a2 2 0 0 1-2 2H8Zm2-12a2 2 0 0 1 2 2v2h-1.5V2a.5.5 0 0 0-.5-.5H8V0h2Z\" \/>\n\t\t\t<\/svg>\n\t\t<\/button><figcaption class=\"wp-element-caption\">Majdalena *8.3.1847 v Liboci \u010d 24; otec Josef Ku\u010dera ,zedn\u00edk; matka Barora Posov\u00e1, dcera Josefa Posa, domk\u00e1\u0159e z Liboce \u010d.39 a matky Anny rozen\u00e9 \u0160est\u00e1kov\u00e9.<\/figcaption><\/figure>\n<\/div>\n\n<div class=\"wp-block-image\">\n<figure data-wp-context=\"{&quot;imageId&quot;:&quot;69f3095fb9f2c&quot;}\" data-wp-interactive=\"core\/image\" data-wp-key=\"69f3095fb9f2c\" class=\"aligncenter size-full is-resized wp-lightbox-container\"><img loading=\"lazy\" decoding=\"async\" width=\"795\" height=\"297\" data-wp-class--hide=\"state.isContentHidden\" data-wp-class--show=\"state.isContentVisible\" data-wp-init=\"callbacks.setButtonStyles\" data-wp-on--click=\"actions.showLightbox\" data-wp-on--load=\"callbacks.setButtonStyles\" data-wp-on-window--resize=\"callbacks.setButtonStyles\" src=\"https:\/\/www.periferieprahy.cz\/blog\/wp-content\/uploads\/2025\/04\/cp36.h52.jpg\" alt=\"\" class=\"wp-image-3047\" style=\"width:937px;height:auto\" srcset=\"https:\/\/www.periferieprahy.cz\/blog\/wp-content\/uploads\/2025\/04\/cp36.h52.jpg 795w, https:\/\/www.periferieprahy.cz\/blog\/wp-content\/uploads\/2025\/04\/cp36.h52-300x112.jpg 300w, https:\/\/www.periferieprahy.cz\/blog\/wp-content\/uploads\/2025\/04\/cp36.h52-768x287.jpg 768w\" sizes=\"auto, (max-width: 795px) 100vw, 795px\" \/><button\n\t\t\tclass=\"lightbox-trigger\"\n\t\t\ttype=\"button\"\n\t\t\taria-haspopup=\"dialog\"\n\t\t\taria-label=\"Zv\u011bt\u0161it\"\n\t\t\tdata-wp-init=\"callbacks.initTriggerButton\"\n\t\t\tdata-wp-on--click=\"actions.showLightbox\"\n\t\t\tdata-wp-style--right=\"state.imageButtonRight\"\n\t\t\tdata-wp-style--top=\"state.imageButtonTop\"\n\t\t>\n\t\t\t<svg xmlns=\"http:\/\/www.w3.org\/2000\/svg\" width=\"12\" height=\"12\" fill=\"none\" viewBox=\"0 0 12 12\">\n\t\t\t\t<path fill=\"#fff\" d=\"M2 0a2 2 0 0 0-2 2v2h1.5V2a.5.5 0 0 1 .5-.5h2V0H2Zm2 10.5H2a.5.5 0 0 1-.5-.5V8H0v2a2 2 0 0 0 2 2h2v-1.5ZM8 12v-1.5h2a.5.5 0 0 0 .5-.5V8H12v2a2 2 0 0 1-2 2H8Zm2-12a2 2 0 0 1 2 2v2h-1.5V2a.5.5 0 0 0-.5-.5H8V0h2Z\" \/>\n\t\t\t<\/svg>\n\t\t<\/button><\/figure>\n<\/div>\n\n<div class=\"wp-block-image\">\n<figure data-wp-context=\"{&quot;imageId&quot;:&quot;69f3095fba41f&quot;}\" data-wp-interactive=\"core\/image\" data-wp-key=\"69f3095fba41f\" class=\"aligncenter size-full wp-lightbox-container\" id=\"josef1852\"><img loading=\"lazy\" decoding=\"async\" width=\"935\" height=\"315\" data-wp-class--hide=\"state.isContentHidden\" data-wp-class--show=\"state.isContentVisible\" data-wp-init=\"callbacks.setButtonStyles\" data-wp-on--click=\"actions.showLightbox\" data-wp-on--load=\"callbacks.setButtonStyles\" data-wp-on-window--resize=\"callbacks.setButtonStyles\" src=\"https:\/\/www.periferieprahy.cz\/blog\/wp-content\/uploads\/2025\/04\/cp36.h53.jpg\" alt=\"\" class=\"wp-image-3048\" srcset=\"https:\/\/www.periferieprahy.cz\/blog\/wp-content\/uploads\/2025\/04\/cp36.h53.jpg 935w, https:\/\/www.periferieprahy.cz\/blog\/wp-content\/uploads\/2025\/04\/cp36.h53-300x101.jpg 300w, https:\/\/www.periferieprahy.cz\/blog\/wp-content\/uploads\/2025\/04\/cp36.h53-768x259.jpg 768w\" sizes=\"auto, (max-width: 935px) 100vw, 935px\" \/><button\n\t\t\tclass=\"lightbox-trigger\"\n\t\t\ttype=\"button\"\n\t\t\taria-haspopup=\"dialog\"\n\t\t\taria-label=\"Zv\u011bt\u0161it\"\n\t\t\tdata-wp-init=\"callbacks.initTriggerButton\"\n\t\t\tdata-wp-on--click=\"actions.showLightbox\"\n\t\t\tdata-wp-style--right=\"state.imageButtonRight\"\n\t\t\tdata-wp-style--top=\"state.imageButtonTop\"\n\t\t>\n\t\t\t<svg xmlns=\"http:\/\/www.w3.org\/2000\/svg\" width=\"12\" height=\"12\" fill=\"none\" viewBox=\"0 0 12 12\">\n\t\t\t\t<path fill=\"#fff\" d=\"M2 0a2 2 0 0 0-2 2v2h1.5V2a.5.5 0 0 1 .5-.5h2V0H2Zm2 10.5H2a.5.5 0 0 1-.5-.5V8H0v2a2 2 0 0 0 2 2h2v-1.5ZM8 12v-1.5h2a.5.5 0 0 0 .5-.5V8H12v2a2 2 0 0 1-2 2H8Zm2-12a2 2 0 0 1 2 2v2h-1.5V2a.5.5 0 0 0-.5-.5H8V0h2Z\" \/>\n\t\t\t<\/svg>\n\t\t<\/button><figcaption class=\"wp-element-caption\">Josef *1.6.1852; otec Josef Ku\u010dera, domk\u00e1\u0159 a tovary\u0161 zednick\u00fd z Horn\u00ed Liboce \u010d.d. 6, syn po \u2020Janovi, sedl\u00e1kovi z \u00dahonic \u2116 6 a matky Anny rozen\u00e9 Hole\u010dkov\u00e9; matka Barbora Posov\u00e1, dcera Josefa Posa domk\u00e1\u0159e z Liboce \u010d.d.30 a matka Anny rozen\u00e9 \u0160est\u00e1kov\u00e9 z Liboce \u010d.d. 18.<\/figcaption><\/figure>\n<\/div>\n\n<div class=\"wp-block-image\">\n<figure data-wp-context=\"{&quot;imageId&quot;:&quot;69f3095fba92c&quot;}\" data-wp-interactive=\"core\/image\" data-wp-key=\"69f3095fba92c\" class=\"aligncenter size-large wp-lightbox-container\" id=\"katerina1854\"><img loading=\"lazy\" decoding=\"async\" width=\"1024\" height=\"405\" data-wp-class--hide=\"state.isContentHidden\" data-wp-class--show=\"state.isContentVisible\" data-wp-init=\"callbacks.setButtonStyles\" data-wp-on--click=\"actions.showLightbox\" data-wp-on--load=\"callbacks.setButtonStyles\" data-wp-on-window--resize=\"callbacks.setButtonStyles\" src=\"https:\/\/www.periferieprahy.cz\/blog\/wp-content\/uploads\/2025\/04\/cp36.h49-1024x405.jpg\" alt=\"\" class=\"wp-image-3044\" srcset=\"https:\/\/www.periferieprahy.cz\/blog\/wp-content\/uploads\/2025\/04\/cp36.h49-1024x405.jpg 1024w, https:\/\/www.periferieprahy.cz\/blog\/wp-content\/uploads\/2025\/04\/cp36.h49-300x119.jpg 300w, https:\/\/www.periferieprahy.cz\/blog\/wp-content\/uploads\/2025\/04\/cp36.h49-768x304.jpg 768w, https:\/\/www.periferieprahy.cz\/blog\/wp-content\/uploads\/2025\/04\/cp36.h49.jpg 1071w\" sizes=\"auto, (max-width: 1024px) 100vw, 1024px\" \/><button\n\t\t\tclass=\"lightbox-trigger\"\n\t\t\ttype=\"button\"\n\t\t\taria-haspopup=\"dialog\"\n\t\t\taria-label=\"Zv\u011bt\u0161it\"\n\t\t\tdata-wp-init=\"callbacks.initTriggerButton\"\n\t\t\tdata-wp-on--click=\"actions.showLightbox\"\n\t\t\tdata-wp-style--right=\"state.imageButtonRight\"\n\t\t\tdata-wp-style--top=\"state.imageButtonTop\"\n\t\t>\n\t\t\t<svg xmlns=\"http:\/\/www.w3.org\/2000\/svg\" width=\"12\" height=\"12\" fill=\"none\" viewBox=\"0 0 12 12\">\n\t\t\t\t<path fill=\"#fff\" d=\"M2 0a2 2 0 0 0-2 2v2h1.5V2a.5.5 0 0 1 .5-.5h2V0H2Zm2 10.5H2a.5.5 0 0 1-.5-.5V8H0v2a2 2 0 0 0 2 2h2v-1.5ZM8 12v-1.5h2a.5.5 0 0 0 .5-.5V8H12v2a2 2 0 0 1-2 2H8Zm2-12a2 2 0 0 1 2 2v2h-1.5V2a.5.5 0 0 0-.5-.5H8V0h2Z\" \/>\n\t\t\t<\/svg>\n\t\t<\/button><figcaption class=\"wp-element-caption\">Kate\u0159ina *30.4.1854; otec Josef Ku\u010dera, domk\u00e1\u0159 a tovary\u0161 zednick\u00fd z Horn\u00ed Liboce \u010d.d. 6, syn po \u2020Janovi, sedl\u00e1kovi z \u00dahonic \u2116 6 a matky Anny rozen\u00e9 Hole\u010dkov\u00e9; matka Barbora Posov\u00e1, dcera Josefa Posa domk\u00e1\u0159e z Liboce \u010d.d.30 a matka Anny rozen\u00e9 \u0160est\u00e1kov\u00e9 z Liboce \u010d.d. 18.<\/figcaption><\/figure>\n<\/div>\n\n<div class=\"wp-block-image\">\n<figure data-wp-context=\"{&quot;imageId&quot;:&quot;69f3095fbaf5e&quot;}\" data-wp-interactive=\"core\/image\" data-wp-key=\"69f3095fbaf5e\" class=\"aligncenter size-large is-resized wp-lightbox-container\" id=\"vaclav1856\"><img loading=\"lazy\" decoding=\"async\" width=\"1024\" height=\"293\" data-wp-class--hide=\"state.isContentHidden\" data-wp-class--show=\"state.isContentVisible\" data-wp-init=\"callbacks.setButtonStyles\" data-wp-on--click=\"actions.showLightbox\" data-wp-on--load=\"callbacks.setButtonStyles\" data-wp-on-window--resize=\"callbacks.setButtonStyles\" src=\"https:\/\/www.periferieprahy.cz\/blog\/wp-content\/uploads\/2025\/04\/cp36.h50-1024x293.jpg\" alt=\"\" class=\"wp-image-3045\" style=\"width:1190px;height:auto\" srcset=\"https:\/\/www.periferieprahy.cz\/blog\/wp-content\/uploads\/2025\/04\/cp36.h50-1024x293.jpg 1024w, https:\/\/www.periferieprahy.cz\/blog\/wp-content\/uploads\/2025\/04\/cp36.h50-300x86.jpg 300w, https:\/\/www.periferieprahy.cz\/blog\/wp-content\/uploads\/2025\/04\/cp36.h50-768x219.jpg 768w, https:\/\/www.periferieprahy.cz\/blog\/wp-content\/uploads\/2025\/04\/cp36.h50.jpg 1085w\" sizes=\"auto, (max-width: 1024px) 100vw, 1024px\" \/><button\n\t\t\tclass=\"lightbox-trigger\"\n\t\t\ttype=\"button\"\n\t\t\taria-haspopup=\"dialog\"\n\t\t\taria-label=\"Zv\u011bt\u0161it\"\n\t\t\tdata-wp-init=\"callbacks.initTriggerButton\"\n\t\t\tdata-wp-on--click=\"actions.showLightbox\"\n\t\t\tdata-wp-style--right=\"state.imageButtonRight\"\n\t\t\tdata-wp-style--top=\"state.imageButtonTop\"\n\t\t>\n\t\t\t<svg xmlns=\"http:\/\/www.w3.org\/2000\/svg\" width=\"12\" height=\"12\" fill=\"none\" viewBox=\"0 0 12 12\">\n\t\t\t\t<path fill=\"#fff\" d=\"M2 0a2 2 0 0 0-2 2v2h1.5V2a.5.5 0 0 1 .5-.5h2V0H2Zm2 10.5H2a.5.5 0 0 1-.5-.5V8H0v2a2 2 0 0 0 2 2h2v-1.5ZM8 12v-1.5h2a.5.5 0 0 0 .5-.5V8H12v2a2 2 0 0 1-2 2H8Zm2-12a2 2 0 0 1 2 2v2h-1.5V2a.5.5 0 0 0-.5-.5H8V0h2Z\" \/>\n\t\t\t<\/svg>\n\t\t<\/button><figcaption class=\"wp-element-caption\">V\u00e1clav *10.1.1856; otec Josef Ku\u010dera, domk\u00e1\u0159 a tovary\u0161 zednick\u00fd z Horn\u00ed Liboce \u010d.d. 6, syn po \u2020Janovi, sedl\u00e1kovi z \u00dahonic \u2116 6 a matky Anny rozen\u00e9 Hole\u010dkov\u00e9; matka Barbora Posov\u00e1, dcera Josefa Posa domk\u00e1\u0159e z Liboce \u010d.d.30 a matka Anny rozen\u00e9 \u0160est\u00e1kov\u00e9 z Liboce \u010d.d. 18.<\/figcaption><\/figure>\n<\/div>\n\n<div class=\"wp-block-image\">\n<figure data-wp-context=\"{&quot;imageId&quot;:&quot;69f3095fbb593&quot;}\" data-wp-interactive=\"core\/image\" data-wp-key=\"69f3095fbb593\" class=\"aligncenter size-full is-resized wp-lightbox-container\" id=\"marie1857\"><img loading=\"lazy\" decoding=\"async\" width=\"1022\" height=\"261\" data-wp-class--hide=\"state.isContentHidden\" data-wp-class--show=\"state.isContentVisible\" data-wp-init=\"callbacks.setButtonStyles\" data-wp-on--click=\"actions.showLightbox\" data-wp-on--load=\"callbacks.setButtonStyles\" data-wp-on-window--resize=\"callbacks.setButtonStyles\" src=\"https:\/\/www.periferieprahy.cz\/blog\/wp-content\/uploads\/2025\/04\/cp36.h54.jpg\" alt=\"\" class=\"wp-image-3049\" style=\"width:1190px;height:auto\" srcset=\"https:\/\/www.periferieprahy.cz\/blog\/wp-content\/uploads\/2025\/04\/cp36.h54.jpg 1022w, https:\/\/www.periferieprahy.cz\/blog\/wp-content\/uploads\/2025\/04\/cp36.h54-300x77.jpg 300w, https:\/\/www.periferieprahy.cz\/blog\/wp-content\/uploads\/2025\/04\/cp36.h54-768x196.jpg 768w\" sizes=\"auto, (max-width: 1022px) 100vw, 1022px\" \/><button\n\t\t\tclass=\"lightbox-trigger\"\n\t\t\ttype=\"button\"\n\t\t\taria-haspopup=\"dialog\"\n\t\t\taria-label=\"Zv\u011bt\u0161it\"\n\t\t\tdata-wp-init=\"callbacks.initTriggerButton\"\n\t\t\tdata-wp-on--click=\"actions.showLightbox\"\n\t\t\tdata-wp-style--right=\"state.imageButtonRight\"\n\t\t\tdata-wp-style--top=\"state.imageButtonTop\"\n\t\t>\n\t\t\t<svg xmlns=\"http:\/\/www.w3.org\/2000\/svg\" width=\"12\" height=\"12\" fill=\"none\" viewBox=\"0 0 12 12\">\n\t\t\t\t<path fill=\"#fff\" d=\"M2 0a2 2 0 0 0-2 2v2h1.5V2a.5.5 0 0 1 .5-.5h2V0H2Zm2 10.5H2a.5.5 0 0 1-.5-.5V8H0v2a2 2 0 0 0 2 2h2v-1.5ZM8 12v-1.5h2a.5.5 0 0 0 .5-.5V8H12v2a2 2 0 0 1-2 2H8Zm2-12a2 2 0 0 1 2 2v2h-1.5V2a.5.5 0 0 0-.5-.5H8V0h2Z\" \/>\n\t\t\t<\/svg>\n\t\t<\/button><figcaption class=\"wp-element-caption\">Marie *2.10.1857; otec Josef Ku\u010dera, domk\u00e1\u0159 a tovary\u0161 zednick\u00fd z Horn\u00ed Liboce \u010d.d. 6, syn po \u2020Janovi, sedl\u00e1kovi z \u00dahonic \u2116 6 a matky Anny rozen\u00e9 Hole\u010dkov\u00e9; matka Barbora Posov\u00e1, dcera Josefa Posa domk\u00e1\u0159e z Liboce \u010d.d.30 a matka Anny rozen\u00e9 \u0160est\u00e1kov\u00e9 z Liboce \u010d.d. 18.<\/figcaption><\/figure>\n<\/div>\n\n<div class=\"wp-block-image\">\n<figure data-wp-context=\"{&quot;imageId&quot;:&quot;69f3095fbbbb2&quot;}\" data-wp-interactive=\"core\/image\" data-wp-key=\"69f3095fbbbb2\" class=\"aligncenter size-large wp-lightbox-container\" id=\"eleonora1860\"><img loading=\"lazy\" decoding=\"async\" width=\"1024\" height=\"309\" data-wp-class--hide=\"state.isContentHidden\" data-wp-class--show=\"state.isContentVisible\" data-wp-init=\"callbacks.setButtonStyles\" data-wp-on--click=\"actions.showLightbox\" data-wp-on--load=\"callbacks.setButtonStyles\" data-wp-on-window--resize=\"callbacks.setButtonStyles\" src=\"https:\/\/www.periferieprahy.cz\/blog\/wp-content\/uploads\/2025\/04\/cp36.h55-1024x309.jpg\" alt=\"\" class=\"wp-image-3050\" srcset=\"https:\/\/www.periferieprahy.cz\/blog\/wp-content\/uploads\/2025\/04\/cp36.h55-1024x309.jpg 1024w, https:\/\/www.periferieprahy.cz\/blog\/wp-content\/uploads\/2025\/04\/cp36.h55-300x91.jpg 300w, https:\/\/www.periferieprahy.cz\/blog\/wp-content\/uploads\/2025\/04\/cp36.h55-768x232.jpg 768w, https:\/\/www.periferieprahy.cz\/blog\/wp-content\/uploads\/2025\/04\/cp36.h55.jpg 1049w\" sizes=\"auto, (max-width: 1024px) 100vw, 1024px\" \/><button\n\t\t\tclass=\"lightbox-trigger\"\n\t\t\ttype=\"button\"\n\t\t\taria-haspopup=\"dialog\"\n\t\t\taria-label=\"Zv\u011bt\u0161it\"\n\t\t\tdata-wp-init=\"callbacks.initTriggerButton\"\n\t\t\tdata-wp-on--click=\"actions.showLightbox\"\n\t\t\tdata-wp-style--right=\"state.imageButtonRight\"\n\t\t\tdata-wp-style--top=\"state.imageButtonTop\"\n\t\t>\n\t\t\t<svg xmlns=\"http:\/\/www.w3.org\/2000\/svg\" width=\"12\" height=\"12\" fill=\"none\" viewBox=\"0 0 12 12\">\n\t\t\t\t<path fill=\"#fff\" d=\"M2 0a2 2 0 0 0-2 2v2h1.5V2a.5.5 0 0 1 .5-.5h2V0H2Zm2 10.5H2a.5.5 0 0 1-.5-.5V8H0v2a2 2 0 0 0 2 2h2v-1.5ZM8 12v-1.5h2a.5.5 0 0 0 .5-.5V8H12v2a2 2 0 0 1-2 2H8Zm2-12a2 2 0 0 1 2 2v2h-1.5V2a.5.5 0 0 0-.5-.5H8V0h2Z\" \/>\n\t\t\t<\/svg>\n\t\t<\/button><figcaption class=\"wp-element-caption\">Eleonora *2.2.1860; otec Josef Ku\u010dera, domk\u00e1\u0159 a tovary\u0161 zednick\u00fd z Horn\u00ed Liboce \u010d.d. 6, syn po \u2020Janovi, sedl\u00e1kovi z \u00dahonic \u2116 6 a matky Anny rozen\u00e9 Hole\u010dkov\u00e9; matka Barbora Posov\u00e1, dcera Josefa Posa domk\u00e1\u0159e z Liboce \u010d.d.30 a matka Anny rozen\u00e9 \u0160est\u00e1kov\u00e9 z Liboce \u010d.d. 18. <\/figcaption><\/figure>\n<\/div>\n\n<div class=\"wp-block-image\">\n<figure data-wp-context=\"{&quot;imageId&quot;:&quot;69f3095fbc1cb&quot;}\" data-wp-interactive=\"core\/image\" data-wp-key=\"69f3095fbc1cb\" class=\"aligncenter size-full is-resized wp-lightbox-container\"><img loading=\"lazy\" decoding=\"async\" width=\"660\" height=\"709\" data-wp-class--hide=\"state.isContentHidden\" data-wp-class--show=\"state.isContentVisible\" data-wp-init=\"callbacks.setButtonStyles\" data-wp-on--click=\"actions.showLightbox\" data-wp-on--load=\"callbacks.setButtonStyles\" data-wp-on-window--resize=\"callbacks.setButtonStyles\" src=\"https:\/\/www.periferieprahy.cz\/blog\/wp-content\/uploads\/2025\/04\/cp36.h90.jpg\" alt=\"\" class=\"wp-image-3084\" style=\"width:880px\" srcset=\"https:\/\/www.periferieprahy.cz\/blog\/wp-content\/uploads\/2025\/04\/cp36.h90.jpg 660w, https:\/\/www.periferieprahy.cz\/blog\/wp-content\/uploads\/2025\/04\/cp36.h90-279x300.jpg 279w\" sizes=\"auto, (max-width: 660px) 100vw, 660px\" \/><button\n\t\t\tclass=\"lightbox-trigger\"\n\t\t\ttype=\"button\"\n\t\t\taria-haspopup=\"dialog\"\n\t\t\taria-label=\"Zv\u011bt\u0161it\"\n\t\t\tdata-wp-init=\"callbacks.initTriggerButton\"\n\t\t\tdata-wp-on--click=\"actions.showLightbox\"\n\t\t\tdata-wp-style--right=\"state.imageButtonRight\"\n\t\t\tdata-wp-style--top=\"state.imageButtonTop\"\n\t\t>\n\t\t\t<svg xmlns=\"http:\/\/www.w3.org\/2000\/svg\" width=\"12\" height=\"12\" fill=\"none\" viewBox=\"0 0 12 12\">\n\t\t\t\t<path fill=\"#fff\" d=\"M2 0a2 2 0 0 0-2 2v2h1.5V2a.5.5 0 0 1 .5-.5h2V0H2Zm2 10.5H2a.5.5 0 0 1-.5-.5V8H0v2a2 2 0 0 0 2 2h2v-1.5ZM8 12v-1.5h2a.5.5 0 0 0 .5-.5V8H12v2a2 2 0 0 1-2 2H8Zm2-12a2 2 0 0 1 2 2v2h-1.5V2a.5.5 0 0 0-.5-.5H8V0h2Z\" \/>\n\t\t\t<\/svg>\n\t\t<\/button><\/figure>\n<\/div>\n\n<div class=\"wp-block-image\">\n<figure data-wp-context=\"{&quot;imageId&quot;:&quot;69f3095fbc8e8&quot;}\" data-wp-interactive=\"core\/image\" data-wp-key=\"69f3095fbc8e8\" class=\"aligncenter size-full is-resized wp-lightbox-container\" id=\"kucera_josef_majdalena1866\"><img loading=\"lazy\" decoding=\"async\" width=\"651\" height=\"785\" data-wp-class--hide=\"state.isContentHidden\" data-wp-class--show=\"state.isContentVisible\" data-wp-init=\"callbacks.setButtonStyles\" data-wp-on--click=\"actions.showLightbox\" data-wp-on--load=\"callbacks.setButtonStyles\" data-wp-on-window--resize=\"callbacks.setButtonStyles\" src=\"https:\/\/www.periferieprahy.cz\/blog\/wp-content\/uploads\/2025\/04\/cp36.h91.jpg\" alt=\"\" class=\"wp-image-3085\" style=\"width:879px;height:auto\" srcset=\"https:\/\/www.periferieprahy.cz\/blog\/wp-content\/uploads\/2025\/04\/cp36.h91.jpg 651w, https:\/\/www.periferieprahy.cz\/blog\/wp-content\/uploads\/2025\/04\/cp36.h91-249x300.jpg 249w\" sizes=\"auto, (max-width: 651px) 100vw, 651px\" \/><button\n\t\t\tclass=\"lightbox-trigger\"\n\t\t\ttype=\"button\"\n\t\t\taria-haspopup=\"dialog\"\n\t\t\taria-label=\"Zv\u011bt\u0161it\"\n\t\t\tdata-wp-init=\"callbacks.initTriggerButton\"\n\t\t\tdata-wp-on--click=\"actions.showLightbox\"\n\t\t\tdata-wp-style--right=\"state.imageButtonRight\"\n\t\t\tdata-wp-style--top=\"state.imageButtonTop\"\n\t\t>\n\t\t\t<svg xmlns=\"http:\/\/www.w3.org\/2000\/svg\" width=\"12\" height=\"12\" fill=\"none\" viewBox=\"0 0 12 12\">\n\t\t\t\t<path fill=\"#fff\" d=\"M2 0a2 2 0 0 0-2 2v2h1.5V2a.5.5 0 0 1 .5-.5h2V0H2Zm2 10.5H2a.5.5 0 0 1-.5-.5V8H0v2a2 2 0 0 0 2 2h2v-1.5ZM8 12v-1.5h2a.5.5 0 0 0 .5-.5V8H12v2a2 2 0 0 1-2 2H8Zm2-12a2 2 0 0 1 2 2v2h-1.5V2a.5.5 0 0 0-.5-.5H8V0h2Z\" \/>\n\t\t\t<\/svg>\n\t\t<\/button><figcaption class=\"wp-element-caption\">\u221e31.7. 1866; \u017eenich Ku\u010dera Josef tovary\u0161 zednick\u00fd z Doln\u00ed Liboce \u010d. 49, v\u011bk 22 let; nev\u011bsta Ku\u010derov\u00e1 Majdalena, dcera Josefa Ku\u010dery, domk\u00e1\u0159e a roln\u00edka z Doln\u00ed Liboce \u010d. 36, v\u011bk 19 let.. <\/figcaption><\/figure>\n<\/div>\n\n<div class=\"wp-block-image\">\n<figure class=\"aligncenter size-full is-resized\"><img loading=\"lazy\" decoding=\"async\" width=\"880\" height=\"499\" src=\"https:\/\/www.periferieprahy.cz\/blog\/wp-content\/uploads\/2025\/04\/cp36.h57.jpg\" alt=\"\" class=\"wp-image-3052\" style=\"width:908px;height:auto\" srcset=\"https:\/\/www.periferieprahy.cz\/blog\/wp-content\/uploads\/2025\/04\/cp36.h57.jpg 880w, https:\/\/www.periferieprahy.cz\/blog\/wp-content\/uploads\/2025\/04\/cp36.h57-300x170.jpg 300w, https:\/\/www.periferieprahy.cz\/blog\/wp-content\/uploads\/2025\/04\/cp36.h57-768x435.jpg 768w\" sizes=\"auto, (max-width: 880px) 100vw, 880px\" \/><\/figure>\n<\/div>\n\n<div class=\"wp-block-image\">\n<figure class=\"aligncenter size-full\" id=\"josef_kucera_anna_kubrova1872\"><img loading=\"lazy\" decoding=\"async\" width=\"913\" height=\"528\" src=\"https:\/\/www.periferieprahy.cz\/blog\/wp-content\/uploads\/2025\/04\/cp36.h58.jpg\" alt=\"\" class=\"wp-image-3053\" srcset=\"https:\/\/www.periferieprahy.cz\/blog\/wp-content\/uploads\/2025\/04\/cp36.h58.jpg 913w, https:\/\/www.periferieprahy.cz\/blog\/wp-content\/uploads\/2025\/04\/cp36.h58-300x173.jpg 300w, https:\/\/www.periferieprahy.cz\/blog\/wp-content\/uploads\/2025\/04\/cp36.h58-768x444.jpg 768w\" sizes=\"auto, (max-width: 913px) 100vw, 913px\" \/><figcaption class=\"wp-element-caption\">\u221e8.10.1872; \u017eenich Ku\u010dera Josef, gruntovn\u00edk v Doln\u00ed Liboci \u010d. 36, syn Josefa Ku\u010dery, gruntovn\u00edka v Doln\u00ed Liboci 36 a Barbory roz. Posov\u00e9 z D. Liboce \u010d. 30; nev\u011bsta Kubrov\u00e1 Anna, dcera Mat\u011bj Kubra, gruntovn\u00edka v Doln\u00ed Liboci \u010d. 13 a Anny, rozen\u00e9 Kubrov\u00e9 z Lysolaj \u010d. 7  <\/figcaption><\/figure>\n<\/div>\n\n<div class=\"wp-block-image\">\n<figure class=\"aligncenter size-full is-resized\"><img loading=\"lazy\" decoding=\"async\" width=\"815\" height=\"196\" src=\"https:\/\/www.periferieprahy.cz\/blog\/wp-content\/uploads\/2025\/04\/cp36.h59.jpg\" alt=\"\" class=\"wp-image-3054\" style=\"width:933px;height:auto\" srcset=\"https:\/\/www.periferieprahy.cz\/blog\/wp-content\/uploads\/2025\/04\/cp36.h59.jpg 815w, https:\/\/www.periferieprahy.cz\/blog\/wp-content\/uploads\/2025\/04\/cp36.h59-300x72.jpg 300w, https:\/\/www.periferieprahy.cz\/blog\/wp-content\/uploads\/2025\/04\/cp36.h59-768x185.jpg 768w\" sizes=\"auto, (max-width: 815px) 100vw, 815px\" \/><\/figure>\n<\/div>\n\n<div class=\"wp-block-image\">\n<figure class=\"aligncenter size-full is-resized\" id=\"josef1877\"><img loading=\"lazy\" decoding=\"async\" width=\"789\" height=\"188\" src=\"https:\/\/www.periferieprahy.cz\/blog\/wp-content\/uploads\/2025\/04\/cp36.h60.jpg\" alt=\"\" class=\"wp-image-3055\" style=\"width:929px;height:auto\" srcset=\"https:\/\/www.periferieprahy.cz\/blog\/wp-content\/uploads\/2025\/04\/cp36.h60.jpg 789w, https:\/\/www.periferieprahy.cz\/blog\/wp-content\/uploads\/2025\/04\/cp36.h60-300x71.jpg 300w, https:\/\/www.periferieprahy.cz\/blog\/wp-content\/uploads\/2025\/04\/cp36.h60-768x183.jpg 768w\" sizes=\"auto, (max-width: 789px) 100vw, 789px\" \/><figcaption class=\"wp-element-caption\">Josef *24.4.1877; otec Ku\u010dera Josef, roln\u00edk v Liboci Doln\u00ed, syn Josefa Ku\u010dery, roln\u00edka a Barbory Posov\u00e9; matka Anna, dcera Mat\u011bje Kubra, roln\u00edka v Liboci Doln\u00ed  a Anny roz Kubrov\u00e9 z Lysolaj.<\/figcaption><\/figure>\n<\/div>\n\n<div class=\"wp-block-image\">\n<figure class=\"aligncenter size-full is-resized\"><img loading=\"lazy\" decoding=\"async\" width=\"896\" height=\"379\" src=\"https:\/\/www.periferieprahy.cz\/blog\/wp-content\/uploads\/2025\/04\/cp36.h61.jpg\" alt=\"\" class=\"wp-image-3056\" style=\"width:920px;height:auto\" srcset=\"https:\/\/www.periferieprahy.cz\/blog\/wp-content\/uploads\/2025\/04\/cp36.h61.jpg 896w, https:\/\/www.periferieprahy.cz\/blog\/wp-content\/uploads\/2025\/04\/cp36.h61-300x127.jpg 300w, https:\/\/www.periferieprahy.cz\/blog\/wp-content\/uploads\/2025\/04\/cp36.h61-768x325.jpg 768w\" sizes=\"auto, (max-width: 896px) 100vw, 896px\" \/><\/figure>\n<\/div>\n\n<div class=\"wp-block-image\">\n<figure class=\"aligncenter size-full\" id=\"vaclav1878\"><img loading=\"lazy\" decoding=\"async\" width=\"922\" height=\"452\" src=\"https:\/\/www.periferieprahy.cz\/blog\/wp-content\/uploads\/2025\/04\/cp36.h62.jpg\" alt=\"\" class=\"wp-image-3057\" srcset=\"https:\/\/www.periferieprahy.cz\/blog\/wp-content\/uploads\/2025\/04\/cp36.h62.jpg 922w, https:\/\/www.periferieprahy.cz\/blog\/wp-content\/uploads\/2025\/04\/cp36.h62-300x147.jpg 300w, https:\/\/www.periferieprahy.cz\/blog\/wp-content\/uploads\/2025\/04\/cp36.h62-768x377.jpg 768w\" sizes=\"auto, (max-width: 922px) 100vw, 922px\" \/><figcaption class=\"wp-element-caption\">V\u00e1clav *11.9.1878; otec Ku\u010dera Josef, roln\u00edk v Liboci Doln\u00ed, syn Josefa Ku\u010dery, roln\u00edka a Barbory Posov\u00e9; matka Anna, dcera Mat\u011bje Kubra, roln\u00edka v Liboci Doln\u00ed  a Anny roz Kubrov\u00e9 z Lysolaj.<\/figcaption><\/figure>\n<\/div>\n\n<div class=\"wp-block-image\">\n<figure class=\"aligncenter size-full is-resized\"><img loading=\"lazy\" decoding=\"async\" width=\"893\" height=\"234\" src=\"https:\/\/www.periferieprahy.cz\/blog\/wp-content\/uploads\/2025\/04\/cp36.h63.jpg\" alt=\"\" class=\"wp-image-3058\" style=\"width:915px;height:auto\" srcset=\"https:\/\/www.periferieprahy.cz\/blog\/wp-content\/uploads\/2025\/04\/cp36.h63.jpg 893w, https:\/\/www.periferieprahy.cz\/blog\/wp-content\/uploads\/2025\/04\/cp36.h63-300x79.jpg 300w, https:\/\/www.periferieprahy.cz\/blog\/wp-content\/uploads\/2025\/04\/cp36.h63-768x201.jpg 768w\" sizes=\"auto, (max-width: 893px) 100vw, 893px\" \/><\/figure>\n<\/div>\n\n<div class=\"wp-block-image\">\n<figure class=\"aligncenter size-full\" id=\"frantisek1880\"><img loading=\"lazy\" decoding=\"async\" width=\"914\" height=\"235\" src=\"https:\/\/www.periferieprahy.cz\/blog\/wp-content\/uploads\/2025\/04\/cp36.h64.jpg\" alt=\"\" class=\"wp-image-3059\" srcset=\"https:\/\/www.periferieprahy.cz\/blog\/wp-content\/uploads\/2025\/04\/cp36.h64.jpg 914w, https:\/\/www.periferieprahy.cz\/blog\/wp-content\/uploads\/2025\/04\/cp36.h64-300x77.jpg 300w, https:\/\/www.periferieprahy.cz\/blog\/wp-content\/uploads\/2025\/04\/cp36.h64-768x197.jpg 768w\" sizes=\"auto, (max-width: 914px) 100vw, 914px\" \/><figcaption class=\"wp-element-caption\">Franti\u0161ek 16.6.1880 &#8211; 18.1.1881 ; otec Ku\u010dera Josef, roln\u00edk v Liboci Doln\u00ed, syn Josefa Ku\u010dery, roln\u00edka a Barbory Posov\u00e9; matka Anna, dcera Mat\u011bje Kubra, roln\u00edka v Liboci Doln\u00ed  a Anny roz. Kubrov\u00e9 z Lysolaj.<\/figcaption><\/figure>\n<\/div>\n\n<div class=\"wp-block-image\">\n<figure class=\"aligncenter size-full is-resized\" id=\"eleonora1882\"><img loading=\"lazy\" decoding=\"async\" width=\"950\" height=\"271\" src=\"https:\/\/www.periferieprahy.cz\/blog\/wp-content\/uploads\/2025\/04\/cp36.h65.jpg\" alt=\"\" class=\"wp-image-3060\" style=\"width:1446px;height:auto\" srcset=\"https:\/\/www.periferieprahy.cz\/blog\/wp-content\/uploads\/2025\/04\/cp36.h65.jpg 950w, https:\/\/www.periferieprahy.cz\/blog\/wp-content\/uploads\/2025\/04\/cp36.h65-300x86.jpg 300w, https:\/\/www.periferieprahy.cz\/blog\/wp-content\/uploads\/2025\/04\/cp36.h65-768x219.jpg 768w\" sizes=\"auto, (max-width: 950px) 100vw, 950px\" \/><figcaption class=\"wp-element-caption\">Eleonora *18.2.1882; otec Ku\u010dera Josef, roln\u00edk v Liboci Doln\u00ed, syn Josefa Ku\u010dery, roln\u00edka a Barbory Posov\u00e9; matka Anna, dcera Mat\u011bje Kubra, roln\u00edka v Liboci Doln\u00ed  a Anny roz Kubrov\u00e9 z Lysolaj.<\/figcaption><\/figure>\n<\/div>\n\n<div class=\"wp-block-image\">\n<figure class=\"aligncenter size-large is-resized\" id=\"matej_antonin1883\"><img loading=\"lazy\" decoding=\"async\" width=\"1024\" height=\"168\" src=\"https:\/\/www.periferieprahy.cz\/blog\/wp-content\/uploads\/2025\/04\/cp36.h66-1024x168.jpg\" alt=\"\" class=\"wp-image-3061\" style=\"width:1459px;height:auto\" srcset=\"https:\/\/www.periferieprahy.cz\/blog\/wp-content\/uploads\/2025\/04\/cp36.h66-1024x168.jpg 1024w, https:\/\/www.periferieprahy.cz\/blog\/wp-content\/uploads\/2025\/04\/cp36.h66-300x49.jpg 300w, https:\/\/www.periferieprahy.cz\/blog\/wp-content\/uploads\/2025\/04\/cp36.h66-768x126.jpg 768w, https:\/\/www.periferieprahy.cz\/blog\/wp-content\/uploads\/2025\/04\/cp36.h66.jpg 1093w\" sizes=\"auto, (max-width: 1024px) 100vw, 1024px\" \/><figcaption class=\"wp-element-caption\">Dvoj\u010data Mat\u011bj a Anton\u00edn *6.8.1883 oba zem\u0159eli kr\u00e1tce po narozen\u00ed; otec Ku\u010dera Josef, roln\u00edk v Liboci Doln\u00ed, syn Josefa Ku\u010dery, roln\u00edka a Barbory Posov\u00e9; matka Anna, dcera Mat\u011bje Kubra, roln\u00edka v Liboci Doln\u00ed  a Anny roz Kubrov\u00e9 z Lysolaj.<\/figcaption><\/figure>\n<\/div>\n\n<div class=\"wp-block-image\">\n<figure class=\"aligncenter size-large\"><img loading=\"lazy\" decoding=\"async\" width=\"1024\" height=\"331\" src=\"https:\/\/www.periferieprahy.cz\/blog\/wp-content\/uploads\/2025\/04\/cp36.h78-1024x331.jpg\" alt=\"\" class=\"wp-image-3073\" srcset=\"https:\/\/www.periferieprahy.cz\/blog\/wp-content\/uploads\/2025\/04\/cp36.h78-1024x331.jpg 1024w, https:\/\/www.periferieprahy.cz\/blog\/wp-content\/uploads\/2025\/04\/cp36.h78-300x97.jpg 300w, https:\/\/www.periferieprahy.cz\/blog\/wp-content\/uploads\/2025\/04\/cp36.h78-768x248.jpg 768w, https:\/\/www.periferieprahy.cz\/blog\/wp-content\/uploads\/2025\/04\/cp36.h78.jpg 1107w\" sizes=\"auto, (max-width: 1024px) 100vw, 1024px\" \/><\/figure>\n<\/div>\n\n<div class=\"wp-block-image\">\n<figure class=\"aligncenter size-large\" id=\"josef1884\"><img loading=\"lazy\" decoding=\"async\" width=\"1024\" height=\"298\" src=\"https:\/\/www.periferieprahy.cz\/blog\/wp-content\/uploads\/2025\/04\/cp36.h79-1024x298.jpg\" alt=\"\" class=\"wp-image-3074\" srcset=\"https:\/\/www.periferieprahy.cz\/blog\/wp-content\/uploads\/2025\/04\/cp36.h79-1024x298.jpg 1024w, https:\/\/www.periferieprahy.cz\/blog\/wp-content\/uploads\/2025\/04\/cp36.h79-300x87.jpg 300w, https:\/\/www.periferieprahy.cz\/blog\/wp-content\/uploads\/2025\/04\/cp36.h79-768x224.jpg 768w, https:\/\/www.periferieprahy.cz\/blog\/wp-content\/uploads\/2025\/04\/cp36.h79.jpg 1098w\" sizes=\"auto, (max-width: 1024px) 100vw, 1024px\" \/><figcaption class=\"wp-element-caption\"><mark style=\"background-color:#fcb900\" class=\"has-inline-color\">Liboc 49<\/mark> Josef *8.1.1884; otec Ku\u010dera Josef, ml\u00e9ka\u0159 v Liboci Dol. \u010d. 49, syn V\u00e1clava Ku\u010dery , domk\u00e1\u0159e z Liboce Doln\u00ed \u010d.49 a matky Anny roz. \u0160est\u00e1kov\u00e9 z Liboce Doln\u00ed \u010d. ? ; <strong>matka Ku\u010derov\u00e1 Majdalena, dcera Josefa Ku\u010dery, roln\u00edka z Liboce Doln\u00ed \u010d. 36 a Barbory Posov\u00e9 z Liboce Doln\u00ed<\/strong> \u010d. ?<\/figcaption><\/figure>\n<\/div>\n\n<div class=\"wp-block-image\">\n<figure class=\"aligncenter size-large is-resized\" id=\"bozena1885\"><img loading=\"lazy\" decoding=\"async\" width=\"1024\" height=\"152\" src=\"https:\/\/www.periferieprahy.cz\/blog\/wp-content\/uploads\/2025\/04\/cp36.h67-1024x152.jpg\" alt=\"\" class=\"wp-image-3062\" style=\"width:1354px;height:auto\" srcset=\"https:\/\/www.periferieprahy.cz\/blog\/wp-content\/uploads\/2025\/04\/cp36.h67-1024x152.jpg 1024w, https:\/\/www.periferieprahy.cz\/blog\/wp-content\/uploads\/2025\/04\/cp36.h67-300x44.jpg 300w, https:\/\/www.periferieprahy.cz\/blog\/wp-content\/uploads\/2025\/04\/cp36.h67-768x114.jpg 768w, https:\/\/www.periferieprahy.cz\/blog\/wp-content\/uploads\/2025\/04\/cp36.h67.jpg 1107w\" sizes=\"auto, (max-width: 1024px) 100vw, 1024px\" \/><figcaption class=\"wp-element-caption\">Bo\u017eena *21.3.1885; otec <strong>Ku\u010dera Josef, hostinsk\u00fd v Liboci Doln\u00ed \u010d. 36<\/strong>, syn Josefa Ku\u010dery, roln\u00edka a Barbory Posov\u00e9; matka Anna, dcera Mat\u011bje Kubra, roln\u00edka v Liboci Doln\u00ed  a Anny roz Kubrov\u00e9 z Lysolaj. <\/figcaption><\/figure>\n<\/div>\n\n<div class=\"wp-block-image\">\n<figure class=\"aligncenter size-large is-resized\" id=\"barbora1887\"><img loading=\"lazy\" decoding=\"async\" width=\"1024\" height=\"156\" src=\"https:\/\/www.periferieprahy.cz\/blog\/wp-content\/uploads\/2025\/04\/cp36.h68-1024x156.jpg\" alt=\"\" class=\"wp-image-3063\" style=\"width:1332px;height:auto\" srcset=\"https:\/\/www.periferieprahy.cz\/blog\/wp-content\/uploads\/2025\/04\/cp36.h68-1024x156.jpg 1024w, https:\/\/www.periferieprahy.cz\/blog\/wp-content\/uploads\/2025\/04\/cp36.h68-300x46.jpg 300w, https:\/\/www.periferieprahy.cz\/blog\/wp-content\/uploads\/2025\/04\/cp36.h68-768x117.jpg 768w, https:\/\/www.periferieprahy.cz\/blog\/wp-content\/uploads\/2025\/04\/cp36.h68.jpg 1059w\" sizes=\"auto, (max-width: 1024px) 100vw, 1024px\" \/><figcaption class=\"wp-element-caption\">Barbora *17.1.1887; otec <strong>Ku\u010dera Josef, hostinsk\u00fd v Liboci Doln\u00ed \u010d. 36<\/strong>, syn Josefa Ku\u010dery, roln\u00edka a Barbory Posov\u00e9; matka Anna, dcera Mat\u011bje Kubra, roln\u00edka v Liboci Doln\u00ed  a Anny roz Kubrov\u00e9 z Lysolaj. <\/figcaption><\/figure>\n<\/div>\n\n<div class=\"wp-block-image\">\n<figure class=\"aligncenter size-large\"><img loading=\"lazy\" decoding=\"async\" width=\"1024\" height=\"270\" src=\"https:\/\/www.periferieprahy.cz\/blog\/wp-content\/uploads\/2025\/04\/cp36.h11-1024x270.jpg\" alt=\"\" class=\"wp-image-3006\" srcset=\"https:\/\/www.periferieprahy.cz\/blog\/wp-content\/uploads\/2025\/04\/cp36.h11-1024x270.jpg 1024w, https:\/\/www.periferieprahy.cz\/blog\/wp-content\/uploads\/2025\/04\/cp36.h11-300x79.jpg 300w, https:\/\/www.periferieprahy.cz\/blog\/wp-content\/uploads\/2025\/04\/cp36.h11-768x203.jpg 768w, https:\/\/www.periferieprahy.cz\/blog\/wp-content\/uploads\/2025\/04\/cp36.h11.jpg 1050w\" sizes=\"auto, (max-width: 1024px) 100vw, 1024px\" \/><\/figure>\n<\/div>\n\n<div class=\"wp-block-image\">\n<figure class=\"aligncenter size-large\" id=\"frantisek1890\"><img loading=\"lazy\" decoding=\"async\" width=\"1024\" height=\"310\" src=\"https:\/\/www.periferieprahy.cz\/blog\/wp-content\/uploads\/2025\/04\/cp36.h12-1024x310.jpg\" alt=\"\" class=\"wp-image-3007\" srcset=\"https:\/\/www.periferieprahy.cz\/blog\/wp-content\/uploads\/2025\/04\/cp36.h12-1024x310.jpg 1024w, https:\/\/www.periferieprahy.cz\/blog\/wp-content\/uploads\/2025\/04\/cp36.h12-300x91.jpg 300w, https:\/\/www.periferieprahy.cz\/blog\/wp-content\/uploads\/2025\/04\/cp36.h12-768x233.jpg 768w, https:\/\/www.periferieprahy.cz\/blog\/wp-content\/uploads\/2025\/04\/cp36.h12.jpg 1026w\" sizes=\"auto, (max-width: 1024px) 100vw, 1024px\" \/><figcaption class=\"wp-element-caption\">Franti\u0161ek * 19.3.1890; otec Ku\u010dera Josef, hostinsk\u00fd v Liboci Doln\u00ed \u010d. 36, syn Josefa Ku\u010dery, roln\u00edka a Barbory Posov\u00e9; matka Anna, dcera Mat\u011bje Kubra, roln\u00edka v Liboci Doln\u00ed  a Anny roz Kubrov\u00e9 z Lysolaj. <\/figcaption><\/figure>\n<\/div>\n\n<div class=\"wp-block-image\">\n<figure class=\"aligncenter size-full is-resized\"><img loading=\"lazy\" decoding=\"async\" width=\"966\" height=\"234\" src=\"https:\/\/www.periferieprahy.cz\/blog\/wp-content\/uploads\/2025\/04\/cp36.h76.jpg\" alt=\"\" class=\"wp-image-3071\" style=\"width:1034px;height:auto\" srcset=\"https:\/\/www.periferieprahy.cz\/blog\/wp-content\/uploads\/2025\/04\/cp36.h76.jpg 966w, https:\/\/www.periferieprahy.cz\/blog\/wp-content\/uploads\/2025\/04\/cp36.h76-300x73.jpg 300w, https:\/\/www.periferieprahy.cz\/blog\/wp-content\/uploads\/2025\/04\/cp36.h76-768x186.jpg 768w\" sizes=\"auto, (max-width: 966px) 100vw, 966px\" \/><\/figure>\n<\/div>\n\n<div class=\"wp-block-image\">\n<figure class=\"aligncenter size-full is-resized\" id=\"josef1890\"><img loading=\"lazy\" decoding=\"async\" width=\"923\" height=\"280\" src=\"https:\/\/www.periferieprahy.cz\/blog\/wp-content\/uploads\/2025\/04\/cp36.h77.jpg\" alt=\"\" class=\"wp-image-3072\" style=\"width:1043px;height:auto\" srcset=\"https:\/\/www.periferieprahy.cz\/blog\/wp-content\/uploads\/2025\/04\/cp36.h77.jpg 923w, https:\/\/www.periferieprahy.cz\/blog\/wp-content\/uploads\/2025\/04\/cp36.h77-300x91.jpg 300w, https:\/\/www.periferieprahy.cz\/blog\/wp-content\/uploads\/2025\/04\/cp36.h77-768x233.jpg 768w\" sizes=\"auto, (max-width: 923px) 100vw, 923px\" \/><figcaption class=\"wp-element-caption\">Josef * 21.2.1890; otec \u0160trobach Josef; matka Marie Ku\u010derov\u00e1, dcera ml\u00e9ka\u0159e Josefa Ku\u010dery z Liboce Doln\u00ed \u010d. 49 a Magdaleny roz. Ku\u010derov\u00e9 z Liboce Doln\u00ed \u010d. 36. Taeno <strong>Josef si  11.2.1920 vzal za \u017eenu Barboru Ku\u010derovou, vdovu po Josefu Ku\u010derovi, hostinsk\u00fdm z \u010d.p.36  <\/strong><\/figcaption><\/figure>\n<\/div>\n\n<div class=\"wp-block-image\">\n<figure class=\"aligncenter size-large\"><img loading=\"lazy\" decoding=\"async\" width=\"1024\" height=\"450\" src=\"https:\/\/www.periferieprahy.cz\/blog\/wp-content\/uploads\/2025\/04\/cp36.h80-1024x450.jpg\" alt=\"\" class=\"wp-image-3075\" srcset=\"https:\/\/www.periferieprahy.cz\/blog\/wp-content\/uploads\/2025\/04\/cp36.h80-1024x450.jpg 1024w, https:\/\/www.periferieprahy.cz\/blog\/wp-content\/uploads\/2025\/04\/cp36.h80-300x132.jpg 300w, https:\/\/www.periferieprahy.cz\/blog\/wp-content\/uploads\/2025\/04\/cp36.h80-768x337.jpg 768w, https:\/\/www.periferieprahy.cz\/blog\/wp-content\/uploads\/2025\/04\/cp36.h80.jpg 1038w\" sizes=\"auto, (max-width: 1024px) 100vw, 1024px\" \/><\/figure>\n<\/div>\n\n<div class=\"wp-block-image\">\n<figure class=\"aligncenter size-large\" id=\"Josef_kucera_berbora_1909\"><img loading=\"lazy\" decoding=\"async\" width=\"1024\" height=\"554\" src=\"https:\/\/www.periferieprahy.cz\/blog\/wp-content\/uploads\/2025\/04\/cp36.h81-1024x554.jpg\" alt=\"\" class=\"wp-image-3076\" srcset=\"https:\/\/www.periferieprahy.cz\/blog\/wp-content\/uploads\/2025\/04\/cp36.h81-1024x554.jpg 1024w, https:\/\/www.periferieprahy.cz\/blog\/wp-content\/uploads\/2025\/04\/cp36.h81-300x162.jpg 300w, https:\/\/www.periferieprahy.cz\/blog\/wp-content\/uploads\/2025\/04\/cp36.h81-768x416.jpg 768w, https:\/\/www.periferieprahy.cz\/blog\/wp-content\/uploads\/2025\/04\/cp36.h81.jpg 1077w\" sizes=\"auto, (max-width: 1024px) 100vw, 1024px\" \/><figcaption class=\"wp-element-caption\">\u221e30.9.1909; \u017eenich Josef Ku\u010dera, zedn\u00edk v Doln\u00ed Liboci \u010d. 49 , syn Josefa Ku\u010dery, domk\u00e1\u0159e v Doln\u00ed Liboci \u010d.49 a Magdaleny roz. Ku\u010derovy z Doln\u00ed Liboce \u010d. 36  <\/figcaption><\/figure>\n<\/div>\n\n<div class=\"wp-block-image\">\n<figure class=\"aligncenter size-full is-resized\"><img loading=\"lazy\" decoding=\"async\" width=\"977\" height=\"173\" src=\"https:\/\/www.periferieprahy.cz\/blog\/wp-content\/uploads\/2025\/04\/cp36.h82.jpg\" alt=\"\" class=\"wp-image-3077\" style=\"width:1117px;height:auto\" srcset=\"https:\/\/www.periferieprahy.cz\/blog\/wp-content\/uploads\/2025\/04\/cp36.h82.jpg 977w, https:\/\/www.periferieprahy.cz\/blog\/wp-content\/uploads\/2025\/04\/cp36.h82-300x53.jpg 300w, https:\/\/www.periferieprahy.cz\/blog\/wp-content\/uploads\/2025\/04\/cp36.h82-768x136.jpg 768w\" sizes=\"auto, (max-width: 977px) 100vw, 977px\" \/><\/figure>\n<\/div>\n\n<div class=\"wp-block-image\">\n<figure class=\"aligncenter size-full\" id=\"josef_kucera_1915_tod\"><img loading=\"lazy\" decoding=\"async\" width=\"1110\" height=\"187\" src=\"https:\/\/www.periferieprahy.cz\/blog\/wp-content\/uploads\/2025\/04\/cp36.h83.jpg\" alt=\"\" class=\"wp-image-3078\" srcset=\"https:\/\/www.periferieprahy.cz\/blog\/wp-content\/uploads\/2025\/04\/cp36.h83.jpg 1110w, https:\/\/www.periferieprahy.cz\/blog\/wp-content\/uploads\/2025\/04\/cp36.h83-300x51.jpg 300w, https:\/\/www.periferieprahy.cz\/blog\/wp-content\/uploads\/2025\/04\/cp36.h83-1024x173.jpg 1024w, https:\/\/www.periferieprahy.cz\/blog\/wp-content\/uploads\/2025\/04\/cp36.h83-768x129.jpg 768w\" sizes=\"auto, (max-width: 1110px) 100vw, 1110px\" \/><figcaption class=\"wp-element-caption\">Dne 12.2.1915 zem\u0159el ve fili\u00e1ln\u00ed nemocnici  c.ak. pos\u00e1dkov\u00e9 nemocnice \u010d. 11 na Hrad\u010danech v Praze na otravu krve a z\u00e1pal plic ve v\u011bku 31 let V\u00e1clav Ku\u010dera, \u010deta\u0159 c. a k. p\u011b\u0161. pluku \u010d. 28 9. setnina, hostinsk\u00fd z Doln\u00ed Liboce \u010d. 36. Pochov\u00e1n na h\u0159bitov\u011b sv. K\u0159\u00ed\u017ee [star\u00fd libock\u00fd h\u0159bitov]. <\/figcaption><\/figure>\n<\/div>\n\n<div class=\"wp-block-image\">\n<figure class=\"aligncenter size-full\"><img loading=\"lazy\" decoding=\"async\" width=\"957\" height=\"382\" src=\"https:\/\/www.periferieprahy.cz\/blog\/wp-content\/uploads\/2025\/04\/cp36.h84.jpg\" alt=\"\" class=\"wp-image-3079\" srcset=\"https:\/\/www.periferieprahy.cz\/blog\/wp-content\/uploads\/2025\/04\/cp36.h84.jpg 957w, https:\/\/www.periferieprahy.cz\/blog\/wp-content\/uploads\/2025\/04\/cp36.h84-300x120.jpg 300w, https:\/\/www.periferieprahy.cz\/blog\/wp-content\/uploads\/2025\/04\/cp36.h84-768x307.jpg 768w\" sizes=\"auto, (max-width: 957px) 100vw, 957px\" \/><\/figure>\n<\/div>\n\n<div class=\"wp-block-image\">\n<figure class=\"aligncenter size-full\" id=\"josef_strobach_barbora_1920\"><img loading=\"lazy\" decoding=\"async\" width=\"939\" height=\"463\" src=\"https:\/\/www.periferieprahy.cz\/blog\/wp-content\/uploads\/2025\/04\/cp36.h85.jpg\" alt=\"\" class=\"wp-image-3080\" srcset=\"https:\/\/www.periferieprahy.cz\/blog\/wp-content\/uploads\/2025\/04\/cp36.h85.jpg 939w, https:\/\/www.periferieprahy.cz\/blog\/wp-content\/uploads\/2025\/04\/cp36.h85-300x148.jpg 300w, https:\/\/www.periferieprahy.cz\/blog\/wp-content\/uploads\/2025\/04\/cp36.h85-768x379.jpg 768w\" sizes=\"auto, (max-width: 939px) 100vw, 939px\" \/><figcaption class=\"wp-element-caption\">11.2.1920; \u017eenich \u0160trobach Josef, uzen\u00e1\u0159 v Dol. Liboci \u010d\u00eds. 55 syn Josefa \u0160trobacha, ml\u00e9ka\u0159e a Marie, dcery Josefa Ku\u010dery ml\u00e9ka\u0159e v Doln\u00ed Liboci \u010d. 49, v\u011bk 30 let; <strong>nev\u011bsta Ku\u010derov\u00e1 Barbora vdova po \u2020 Josefu Ku\u010derovi, narozen\u00e1 v Doln\u00ed Liboci \u010d. 36, dcera \u2020Josefa Ku\u010dery, hostinsk\u00e9ho v Doln\u00ed Liboci<\/strong> a Anny, dcery Mat\u011bje Kubra, roln\u00edka v Doln\u00ed Liboci \u010d.13<\/figcaption><\/figure>\n<\/div>\n\n\n<p><\/p>\n","protected":false},"excerpt":{"rendered":"<p>Ku\u010derova restaurace.<br \/>\nDal\u0161\u00ed, nem\u00e9n\u011b v\u00fdznamnou libockou hospodou je hostinec o kter\u00e9m lze pr\u00e1vem tvrdit, \u017ee byl nejstar\u0161\u00edm hostincem v Liboci. P\u0159i \u010d\u00edslov\u00e1n\u00ed dom\u016f kolem roku 1770 bylo t\u00e9to usedlosti p\u0159id\u011bleno \u010d\u00edslo popisn\u00e9 36. I kdy\u017e v matrik\u00e1ch star\u0161\u00edch jsou z\u00e1znamy, kter\u00e9 mohou m\u00edt souvislost s t\u00edmto domem, uv\u00e1d\u00edme zde pouze z\u00e1znamy, ke je \u010d\u00edslo popisn\u00e9 uvedeno, abychom vylou\u010dili mo\u017en\u00e1 myln\u00e1 tvrzen\u00ed. <\/p>\n","protected":false},"author":1,"featured_media":3095,"comment_status":"open","ping_status":"open","sticky":false,"template":"","format":"standard","meta":{"_exactmetrics_skip_tracking":false,"_exactmetrics_sitenote_active":false,"_exactmetrics_sitenote_note":"","_exactmetrics_sitenote_category":0,"footnotes":""},"categories":[35,28,3,34],"tags":[],"post_folder":[],"class_list":["post-2989","post","type-post","status-publish","format-standard","has-post-thumbnail","hentry","category-kovari","category-hospody","category-redakce","category-zemedelci"],"_links":{"self":[{"href":"https:\/\/www.periferieprahy.cz\/blog\/wp-json\/wp\/v2\/posts\/2989","targetHints":{"allow":["GET"]}}],"collection":[{"href":"https:\/\/www.periferieprahy.cz\/blog\/wp-json\/wp\/v2\/posts"}],"about":[{"href":"https:\/\/www.periferieprahy.cz\/blog\/wp-json\/wp\/v2\/types\/post"}],"author":[{"embeddable":true,"href":"https:\/\/www.periferieprahy.cz\/blog\/wp-json\/wp\/v2\/users\/1"}],"replies":[{"embeddable":true,"href":"https:\/\/www.periferieprahy.cz\/blog\/wp-json\/wp\/v2\/comments?post=2989"}],"version-history":[{"count":5,"href":"https:\/\/www.periferieprahy.cz\/blog\/wp-json\/wp\/v2\/posts\/2989\/revisions"}],"predecessor-version":[{"id":3162,"href":"https:\/\/www.periferieprahy.cz\/blog\/wp-json\/wp\/v2\/posts\/2989\/revisions\/3162"}],"wp:featuredmedia":[{"embeddable":true,"href":"https:\/\/www.periferieprahy.cz\/blog\/wp-json\/wp\/v2\/media\/3095"}],"wp:attachment":[{"href":"https:\/\/www.periferieprahy.cz\/blog\/wp-json\/wp\/v2\/media?parent=2989"}],"wp:term":[{"taxonomy":"category","embeddable":true,"href":"https:\/\/www.periferieprahy.cz\/blog\/wp-json\/wp\/v2\/categories?post=2989"},{"taxonomy":"post_tag","embeddable":true,"href":"https:\/\/www.periferieprahy.cz\/blog\/wp-json\/wp\/v2\/tags?post=2989"},{"taxonomy":"post_folder","embeddable":true,"href":"https:\/\/www.periferieprahy.cz\/blog\/wp-json\/wp\/v2\/post_folder?post=2989"}],"curies":[{"name":"wp","href":"https:\/\/api.w.org\/{rel}","templated":true}]}}