{"id":304,"date":"2025-01-05T01:19:09","date_gmt":"2025-01-05T00:19:09","guid":{"rendered":"https:\/\/www.periferieprahy.cz\/blog\/?p=304"},"modified":"2025-04-13T21:07:28","modified_gmt":"2025-04-13T19:07:28","slug":"libocke-podzemi","status":"publish","type":"post","link":"https:\/\/www.periferieprahy.cz\/blog\/2025\/01\/05\/libocke-podzemi\/","title":{"rendered":"Libock\u00e9 podzem\u00ed"},"content":{"rendered":"\n<p>\n<img loading=\"lazy\" decoding=\"async\" border=\"0\" src=\"https:\/\/www.periferieprahy.cz\/blog\/wp-content\/uploads\/2024\/12\/pismo7_10.gif\" width=\"94\" height=\"116\" align=\"left\"><p><b><span style=\"visibility: hidden\"><font size=\"1\">K<\/font><\/span>r\u00e1lovsk\u00fd hradn\u00ed vodovod.<\/b><\/p><p>Asi v letech 1550 &#8211; 1573 prob\u011bhla stavba Kr\u00e1lovsk\u00e9ho hradn\u00edho vodovodu, kter\u00fd p\u0159iv\u00e1d\u011bl jedlov\u00fdmi trubkami o vnit\u0159n\u00edm pr\u016fm\u011bru 85 mm vodu z j\u00edmac\u00edch \u0161tol ve St\u0159e\u0161ovic\u00edch, Veleslav\u00edn\u011b a Liboci, trubky byly ulo\u017eeny do j\u00edlov\u00e9ho lo\u017ee 150\u2013180 cm pod zem\u00ed (posl\u00e9ze byly nahrazeny trubkami keramick\u00fdmi o vnit\u0159n\u00edm pr\u016fm\u011bru 65 mm, kter\u00e9 byly ji\u017e na po\u010d\u00e1tku v n\u011bkter\u00fdch \u00fasec\u00edch osazeny). Vodovod vedl do c\u00edsa\u0159sk\u00e9 kuchyn\u011b, do ka\u0161ny na Svatoji\u0159sk\u00e9m n\u00e1m\u011bst\u00ed a do dal\u0161\u00edch hradn\u00edch objekt\u016f.<\/p>V roce 2001 byl nad \u017eelezni\u010dn\u00ed stanic\u00ed Veleslav\u00edn v par\u010d\u00edku ulice U sadu zrekonstruov\u00e1n kamenn\u00fd dome\u010dek, kter\u00fd slou\u017eil pro pot\u0159eby nejdel\u0161\u00ed v\u011btve vodovodu z libock\u00e9 \u0161toly \u010d. I. zvan\u00e9 Kr\u00e1lovsk\u00e1 stud\u00e1nka nebo kr\u00e1tce Kr\u00e1lovka, dome\u010dek vystav\u011bl zedn\u00edk J\u00e1sek v r. 1555 k \u010di\u0161t\u011bn\u00ed vody a rour hradn\u00edho vodovodu, jak b\u00fdvalo na objektu naps\u00e1no.\n<\/p>\n\n\n<p>V rudolf\u00ednsk\u00e9 dob\u011b bylo v provozu 7 j\u00edmac\u00edch kr\u00e1lovsk\u00fdch \u0161tol ozna\u010den\u00fdch jako I. &#8211; VII. nebo m\u00edstn\u00edmi n\u00e1zvy. \u0160tola \u010d. I. (Kr\u00e1lovka) je nejd\u00e1l &#8211; a\u017e u Libock\u00e9ho kostel\u00edku asi 6 km od hradn\u00edho are\u00e1lu, s\u00e9rie \u0161tol \u010d. II. (U Klapk\u016f), \u010d. III. (U Bahensk\u00e9ho), \u010d. IV. (Pod Strnadem), \u010d. V. (Proti Strnadovi), a \u010d. VI. (Pod Buzkem, ta nap\u00e1j\u00ed i pom\u011brn\u011b velk\u00fd rybn\u00ed\u010dek s ostr\u016fvkem) je podstatn\u011b bl\u00ed\u017e, cca v 250 metrov\u00fdch intervalech pod p\u00edskovcov\u00fdmi skalami pod\u00e9l ulice Pod lesem ve Veleslav\u00edn\u011b. \u0160tola \u010d. VII. asi sto metr\u016f ji\u017en\u011b od zvoni\u010dky ve star\u00fdch St\u0159e\u0161ovic\u00edch je zv\u00e1na Zasypan\u00e1, jako jedin\u00e1 je dnes nefunk\u010dn\u00ed. D\u00e9lka jednotliv\u00fdch \u0161tol kol\u00eds\u00e1 od 21 do 132 metr\u016f.<\/p>\n\n<div class=\"wp-block-image\">\n<figure class=\"aligncenter size-large\"><img loading=\"lazy\" decoding=\"async\" width=\"1024\" height=\"266\" src=\"https:\/\/www.periferieprahy.cz\/blog\/wp-content\/uploads\/2025\/01\/podzemi1-1024x266.jpg\" alt=\"\" class=\"wp-image-306\" srcset=\"https:\/\/www.periferieprahy.cz\/blog\/wp-content\/uploads\/2025\/01\/podzemi1-1024x266.jpg 1024w, https:\/\/www.periferieprahy.cz\/blog\/wp-content\/uploads\/2025\/01\/podzemi1-300x78.jpg 300w, https:\/\/www.periferieprahy.cz\/blog\/wp-content\/uploads\/2025\/01\/podzemi1-768x199.jpg 768w, https:\/\/www.periferieprahy.cz\/blog\/wp-content\/uploads\/2025\/01\/podzemi1.jpg 1117w\" sizes=\"auto, (max-width: 1024px) 100vw, 1024px\" \/><\/figure>\n<\/div>\n\n\n<p>D\u00e9lka cel\u00e9ho Kr\u00e1lovsk\u00e9ho vodovodu od Kr\u00e1lovky a\u017e ke star\u00e9mu pal\u00e1ci byla 6 km.<\/p>\n\n\n\n<p>Pro pot\u0159eby Kr\u00e1lovsk\u00e9 zahrady a Ba\u017eantnice vznikl za Rudolfa II. u\u017eitkov\u00fd hradn\u00ed vodovod. P\u0159iv\u00e1d\u011bl vodu ze z\u00e1sobn\u00edku (Mark\u00e9tsk\u00fd, pozd\u011bji Hradn\u00ed \u010di dnes zvan\u00fd Libock\u00fd rybn\u00edk zalo\u017een\u00fd 1585). Tento rybn\u00edk byl a je z\u00e1sobov\u00e1n vodou z Litovick\u00e9ho potoka, tj. ze soustavy rybn\u00edk\u016f mezi Hostivic\u00ed a Litovicemi &#8211; ji\u017e v r. 1410 je zmi\u0148ov\u00e1no \u0161est rybn\u00edk\u016f kolem tvrze v Ch\u00fdni. Majitel\u00e9 rybn\u00edk\u016f byli v\u00e1z\u00e1ni poskytnout vodu &#8222;v ka\u017ed\u00e9 dob\u011b, kdy to bude \u017e\u00e1douc\u00ed&#8220; (toto b\u0159emeno je zaps\u00e1no nap\u0159. v kupn\u00ed smlouv\u011b na statek Litovice z r. 1623). P\u0159ed Libock\u00fdm rybn\u00edkem \u00fast\u00ed do Litovick\u00e9ho potoka pot\u016f\u010dek Sv\u011btlu\u0161ka (d\u0159\u00edve Sv\u011btli\u010dka), pramen\u00edc\u00ed pod b\u011blohorskou str\u00e1n\u00ed (pot\u016f\u010dek pravd\u011bpodobn\u011b v n\u011bkter\u00e9 dob\u011b tekl p\u0159\u00edmo do rybn\u00edka korytem, kter\u00e9 je dodnes patrno).<\/p>\n\n\n\n<p>Z Libock\u00e9ho rybn\u00edka proudila voda otev\u0159enou stokou (C\u00edsa\u0159sk\u00e1 strouha) po vrstevnici nejprve pod dne\u0161n\u00ed \u017eelezni\u010dn\u00ed trat\u00ed a\u017e k veleslav\u00ednsk\u00e9mu z\u00e1me\u010dku, kde p\u0159ek\u0159\u00ed\u017eila dosud v\u00fd\u0161e veden\u00fd vodovod pro pitnou vodu a pak se sto\u010dila ke St\u0159e\u0161ovick\u00e9 ulici, prot\u00e9kala v z\u00e1\u0159ezu pod st\u0159e\u0161ovickou zvoni\u010dkou k n\u00e1dr\u017ece, kter\u00e1 dodnes stoj\u00ed (ji\u017e bez domku) na rohu ulic St\u0159e\u0161ovick\u00e9 a Slunn\u00e9, odtud pokra\u010dovala potrub\u00edm do z\u00e1sobovac\u00edho rybn\u00edka v Ba\u017eantnici (v pozd\u011bj\u0161\u00ed dob\u011b musela p\u0159ek\u0159\u00ed\u017eit Mari\u00e1nsk\u00e9 hradby).<\/p>\n\n\n\n<p class=\"has-medium-font-size\"><strong>Kr\u00e1lovsk\u00e1 \u0161tola &#8222;Kr\u00e1lovka&#8220; \u010d. I<\/strong><\/p>\n\n\n<div class=\"su-image-carousel  su-image-carousel-has-spacing su-image-carousel-crop su-image-carousel-crop-10-16 su-image-carousel-has-lightbox su-image-carousel-has-outline su-image-carousel-adaptive su-image-carousel-slides-style-default su-image-carousel-controls-style-dark su-image-carousel-align-center\" style=\"max-width:400px\" data-flickity-options='{\"groupCells\":true,\"cellSelector\":\".su-image-carousel-item\",\"adaptiveHeight\":false,\"cellAlign\":\"left\",\"prevNextButtons\":true,\"pageDots\":true,\"autoPlay\":5000,\"imagesLoaded\":true,\"contain\":true,\"selectedAttraction\":0.025000000000000001387778780781445675529539585113525390625,\"friction\":0.2800000000000000266453525910037569701671600341796875}' id=\"su_image_carousel_69f44590bac28\"><div class=\"su-image-carousel-item\"><div class=\"su-image-carousel-item-content\"><a href=\"https:\/\/www.periferieprahy.cz\/blog\/wp-content\/uploads\/2025\/01\/podzemi11.jpg\" data-caption=\"Vstup do kr\u00e1lovsk\u00e9 \u0161toly se nach\u00e1z\u00ed na pozemku mate\u0159sk\u00e9 \u0161koly ve Sb\u00edhav\u00e9 ulici \u010d.p. 360.\"><img loading=\"lazy\" decoding=\"async\" width=\"500\" height=\"504\" src=\"https:\/\/www.periferieprahy.cz\/blog\/wp-content\/uploads\/2025\/01\/podzemi11.jpg\" class=\"\" alt=\"\" srcset=\"https:\/\/www.periferieprahy.cz\/blog\/wp-content\/uploads\/2025\/01\/podzemi11.jpg 500w, https:\/\/www.periferieprahy.cz\/blog\/wp-content\/uploads\/2025\/01\/podzemi11-298x300.jpg 298w, https:\/\/www.periferieprahy.cz\/blog\/wp-content\/uploads\/2025\/01\/podzemi11-150x150.jpg 150w\" sizes=\"auto, (max-width: 500px) 100vw, 500px\" \/><span>Vstup do kr\u00e1lovsk\u00e9 \u0161toly se nach\u00e1z\u00ed na pozemku mate\u0159sk\u00e9 \u0161koly ve Sb\u00edhav\u00e9 ulici \u010d.p. 360.<\/span><\/a><\/div><\/div><div class=\"su-image-carousel-item\"><div class=\"su-image-carousel-item-content\"><a href=\"https:\/\/www.periferieprahy.cz\/blog\/wp-content\/uploads\/2025\/01\/podzemi10.jpg\" data-caption=\"P\u0159ibli\u017en\u00e1 poloha \u0161toly - \u017elut\u011b a trasa vodovodu mod\u0159e\"><img loading=\"lazy\" decoding=\"async\" width=\"726\" height=\"733\" src=\"https:\/\/www.periferieprahy.cz\/blog\/wp-content\/uploads\/2025\/01\/podzemi10.jpg\" class=\"\" alt=\"\" srcset=\"https:\/\/www.periferieprahy.cz\/blog\/wp-content\/uploads\/2025\/01\/podzemi10.jpg 726w, https:\/\/www.periferieprahy.cz\/blog\/wp-content\/uploads\/2025\/01\/podzemi10-297x300.jpg 297w, https:\/\/www.periferieprahy.cz\/blog\/wp-content\/uploads\/2025\/01\/podzemi10-150x150.jpg 150w\" sizes=\"auto, (max-width: 726px) 100vw, 726px\" \/><span>P\u0159ibli\u017en\u00e1 poloha \u0161toly - \u017elut\u011b a trasa vodovodu mod\u0159e<\/span><\/a><\/div><\/div><div class=\"su-image-carousel-item\"><div class=\"su-image-carousel-item-content\"><a href=\"https:\/\/www.periferieprahy.cz\/blog\/wp-content\/uploads\/2025\/01\/podzemi7.jpg\" data-caption=\"\u0160tola je p\u0159ibli\u017en\u011b \u0161irok\u00e1 1m a v nejvy\u0161\u0161\u00edm bod\u011b asi 1,8 m vysok\u00e1. T\u011bleso \u0161toly je vyzd\u011bno opukov\u00fdmi kv\u00e1dry. Koryto dna \u0161toly je vyzd\u011bno cihlami.\"><img loading=\"lazy\" decoding=\"async\" width=\"500\" height=\"504\" src=\"https:\/\/www.periferieprahy.cz\/blog\/wp-content\/uploads\/2025\/01\/podzemi7.jpg\" class=\"\" alt=\"\" srcset=\"https:\/\/www.periferieprahy.cz\/blog\/wp-content\/uploads\/2025\/01\/podzemi7.jpg 500w, https:\/\/www.periferieprahy.cz\/blog\/wp-content\/uploads\/2025\/01\/podzemi7-298x300.jpg 298w, https:\/\/www.periferieprahy.cz\/blog\/wp-content\/uploads\/2025\/01\/podzemi7-150x150.jpg 150w\" sizes=\"auto, (max-width: 500px) 100vw, 500px\" \/><span>\u0160tola je p\u0159ibli\u017en\u011b \u0161irok\u00e1 1m a v nejvy\u0161\u0161\u00edm bod\u011b asi 1,8 m vysok\u00e1. T\u011bleso \u0161toly je vyzd\u011bno opukov\u00fdmi kv\u00e1dry. Koryto dna \u0161toly je vyzd\u011bno cihlami.<\/span><\/a><\/div><\/div><div class=\"su-image-carousel-item\"><div class=\"su-image-carousel-item-content\"><a href=\"https:\/\/www.periferieprahy.cz\/blog\/wp-content\/uploads\/2025\/01\/podzemi6.jpg\" data-caption=\"P\u0159ibli\u017en\u011b po dvaceti metrech je profil \u0161toly sn\u00ed\u017een asi na 1, 5m. Z\u0159ejm\u011b zde doch\u00e1z\u00ed ke k\u0159\u00ed\u017een\u00ed s n\u011bjak\u00fdm podzemn\u00edm veden\u00edm, p\u0159ibli\u017en\u011b na hran\u011b ulice V Domc\u00edch. J\u00e1 jsem si ve tm\u011b nev\u0161iml a m\u00e1lem jsem hlavou toto sn\u00ed\u017een\u00ed vyboural....\"><img loading=\"lazy\" decoding=\"async\" width=\"726\" height=\"733\" src=\"https:\/\/www.periferieprahy.cz\/blog\/wp-content\/uploads\/2025\/01\/podzemi6.jpg\" class=\"\" alt=\"\" srcset=\"https:\/\/www.periferieprahy.cz\/blog\/wp-content\/uploads\/2025\/01\/podzemi6.jpg 726w, https:\/\/www.periferieprahy.cz\/blog\/wp-content\/uploads\/2025\/01\/podzemi6-297x300.jpg 297w, https:\/\/www.periferieprahy.cz\/blog\/wp-content\/uploads\/2025\/01\/podzemi6-150x150.jpg 150w\" sizes=\"auto, (max-width: 726px) 100vw, 726px\" \/><span>P\u0159ibli\u017en\u011b po dvaceti metrech je profil \u0161toly sn\u00ed\u017een asi na 1, 5m. Z\u0159ejm\u011b zde doch\u00e1z\u00ed ke k\u0159\u00ed\u017een\u00ed s n\u011bjak\u00fdm podzemn\u00edm veden\u00edm, p\u0159ibli\u017en\u011b na hran\u011b ulice V Domc\u00edch. J\u00e1 jsem si ve tm\u011b nev\u0161iml a m\u00e1lem jsem hlavou toto sn\u00ed\u017een\u00ed vyboural....<\/span><\/a><\/div><\/div><div class=\"su-image-carousel-item\"><div class=\"su-image-carousel-item-content\"><a href=\"https:\/\/www.periferieprahy.cz\/blog\/wp-content\/uploads\/2025\/01\/podzemi5.jpg\" data-caption=\"P\u0159ibli\u017en\u011b po dvaceti metrech je profil \u0161toly sn\u00ed\u017een asi na 1, 5m. Z\u0159ejm\u011b zde doch\u00e1z\u00ed ke k\u0159\u00ed\u017een\u00ed s n\u011bjak\u00fdm podzemn\u00edm veden\u00edm, p\u0159ibli\u017en\u011b na hran\u011b ulice V Domc\u00edch. J\u00e1 jsem si ve tm\u011b nev\u0161iml a m\u00e1lem jsem hlavou toto sn\u00ed\u017een\u00ed vyboural....\"><img loading=\"lazy\" decoding=\"async\" width=\"500\" height=\"504\" src=\"https:\/\/www.periferieprahy.cz\/blog\/wp-content\/uploads\/2025\/01\/podzemi5.jpg\" class=\"\" alt=\"\" srcset=\"https:\/\/www.periferieprahy.cz\/blog\/wp-content\/uploads\/2025\/01\/podzemi5.jpg 500w, https:\/\/www.periferieprahy.cz\/blog\/wp-content\/uploads\/2025\/01\/podzemi5-298x300.jpg 298w, https:\/\/www.periferieprahy.cz\/blog\/wp-content\/uploads\/2025\/01\/podzemi5-150x150.jpg 150w\" sizes=\"auto, (max-width: 500px) 100vw, 500px\" \/><span>P\u0159ibli\u017en\u011b po dvaceti metrech je profil \u0161toly sn\u00ed\u017een asi na 1, 5m. Z\u0159ejm\u011b zde doch\u00e1z\u00ed ke k\u0159\u00ed\u017een\u00ed s n\u011bjak\u00fdm podzemn\u00edm veden\u00edm, p\u0159ibli\u017en\u011b na hran\u011b ulice V Domc\u00edch. J\u00e1 jsem si ve tm\u011b nev\u0161iml a m\u00e1lem jsem hlavou toto sn\u00ed\u017een\u00ed vyboural....<\/span><\/a><\/div><\/div><div class=\"su-image-carousel-item\"><div class=\"su-image-carousel-item-content\"><a href=\"https:\/\/www.periferieprahy.cz\/blog\/wp-content\/uploads\/2025\/01\/podzemi4.jpg\" data-caption=\"Takto vypad\u00e1 vstup v pohledu ze \u0161toly, kter\u00e1 se ke vchodu sva\u017euje, aby voda mohla ze \u0161toly odt\u00e9kat potrub\u00edm, kter\u00e9 je do \u0161toly za\u00fast\u011bno pode dve\u0159mi.\"><img loading=\"lazy\" decoding=\"async\" width=\"500\" height=\"504\" src=\"https:\/\/www.periferieprahy.cz\/blog\/wp-content\/uploads\/2025\/01\/podzemi4.jpg\" class=\"\" alt=\"\" srcset=\"https:\/\/www.periferieprahy.cz\/blog\/wp-content\/uploads\/2025\/01\/podzemi4.jpg 500w, https:\/\/www.periferieprahy.cz\/blog\/wp-content\/uploads\/2025\/01\/podzemi4-298x300.jpg 298w, https:\/\/www.periferieprahy.cz\/blog\/wp-content\/uploads\/2025\/01\/podzemi4-150x150.jpg 150w\" sizes=\"auto, (max-width: 500px) 100vw, 500px\" \/><span>Takto vypad\u00e1 vstup v pohledu ze \u0161toly, kter\u00e1 se ke vchodu sva\u017euje, aby voda mohla ze \u0161toly odt\u00e9kat potrub\u00edm, kter\u00e9 je do \u0161toly za\u00fast\u011bno pode dve\u0159mi.<\/span><\/a><\/div><\/div><div class=\"su-image-carousel-item\"><div class=\"su-image-carousel-item-content\"><a href=\"https:\/\/www.periferieprahy.cz\/blog\/wp-content\/uploads\/2025\/01\/podzemi3.jpg\" data-caption=\"Asi po t\u0159iceti metrech naraz\u00edte na p\u0159ep\u00e1\u017eku, kde \u0161tola tvo\u0159\u00ed j\u00edmku na vodu s doln\u00ed v\u00fdpust\u00ed a p\u0159epadem. Jak je j\u00edmka dlouh\u00e1 nelze bez neopr\u00e9nu zjistit. Je p\u0159ibli\u017en\u011b pod pumpou v ulici V Domc\u00edch a pumpa je do n\u00ed asi za\u00fast\u011bn\u00e1.\"><img loading=\"lazy\" decoding=\"async\" width=\"500\" height=\"504\" src=\"https:\/\/www.periferieprahy.cz\/blog\/wp-content\/uploads\/2025\/01\/podzemi3.jpg\" class=\"\" alt=\"\" srcset=\"https:\/\/www.periferieprahy.cz\/blog\/wp-content\/uploads\/2025\/01\/podzemi3.jpg 500w, https:\/\/www.periferieprahy.cz\/blog\/wp-content\/uploads\/2025\/01\/podzemi3-298x300.jpg 298w, https:\/\/www.periferieprahy.cz\/blog\/wp-content\/uploads\/2025\/01\/podzemi3-150x150.jpg 150w\" sizes=\"auto, (max-width: 500px) 100vw, 500px\" \/><span>Asi po t\u0159iceti metrech naraz\u00edte na p\u0159ep\u00e1\u017eku, kde \u0161tola tvo\u0159\u00ed j\u00edmku na vodu s doln\u00ed v\u00fdpust\u00ed a p\u0159epadem. Jak je j\u00edmka dlouh\u00e1 nelze bez neopr\u00e9nu zjistit. Je p\u0159ibli\u017en\u011b pod pumpou v ulici V Domc\u00edch a pumpa je do n\u00ed asi za\u00fast\u011bn\u00e1.<\/span><\/a><\/div><\/div><div class=\"su-image-carousel-item\"><div class=\"su-image-carousel-item-content\"><a href=\"https:\/\/www.periferieprahy.cz\/blog\/wp-content\/uploads\/2025\/01\/podzemi2.jpg\" data-caption=\"Toto je ta pumpa v ulici &quot;V Domc\u00edch&quot;, kter\u00e1 je pravd\u011bpodobn\u011b za\u00fast\u011bn\u00e1 do j\u00edmky ve \u0161tole.\"><img loading=\"lazy\" decoding=\"async\" width=\"500\" height=\"504\" src=\"https:\/\/www.periferieprahy.cz\/blog\/wp-content\/uploads\/2025\/01\/podzemi2.jpg\" class=\"\" alt=\"\" srcset=\"https:\/\/www.periferieprahy.cz\/blog\/wp-content\/uploads\/2025\/01\/podzemi2.jpg 500w, https:\/\/www.periferieprahy.cz\/blog\/wp-content\/uploads\/2025\/01\/podzemi2-298x300.jpg 298w, https:\/\/www.periferieprahy.cz\/blog\/wp-content\/uploads\/2025\/01\/podzemi2-150x150.jpg 150w\" sizes=\"auto, (max-width: 500px) 100vw, 500px\" \/><span>Toto je ta pumpa v ulici \"V Domc\u00edch\", kter\u00e1 je pravd\u011bpodobn\u011b za\u00fast\u011bn\u00e1 do j\u00edmky ve \u0161tole.<\/span><\/a><\/div><\/div><\/div><script id=\"su_image_carousel_69f44590bac28_script\">if(window.SUImageCarousel){setTimeout(function() {window.SUImageCarousel.initGallery(document.getElementById(\"su_image_carousel_69f44590bac28\"))}, 0);}var su_image_carousel_69f44590bac28_script=document.getElementById(\"su_image_carousel_69f44590bac28_script\");if(su_image_carousel_69f44590bac28_script){su_image_carousel_69f44590bac28_script.parentNode.removeChild(su_image_carousel_69f44590bac28_script);}<\/script>\n\n\n\n<p class=\"has-medium-font-size\"><strong>\u0160tola &#8222;Sv\u011btli\u010dka&#8220; &#8211; &#8222;Sv\u011btlu\u0161ka&#8220;<\/strong><\/p>\n\n\n\n<p>Sou\u010d\u00e1st\u00ed hradn\u00edho vodovodu m\u011bla b\u00fdt i dal\u0161\u00ed sb\u011brn\u00e1 \u0161tola ukryt\u00e1 v podzem\u00ed v obo\u0159e Hv\u011bzda pod tak zvanou Sv\u011btlu\u0161kou, \u010dili Sv\u011btli\u010dkou. Je ale podstatn\u011b mlad\u0161\u00ed ne\u017e ostatn\u00ed sb\u011brn\u00e9 \u0161toly hradn\u00edho vodovodu. Byla dokon\u010dena v roce 1930 v m\u00edst\u011b p\u016fvodn\u00ed studny.<\/p>\n\n\n<div class=\"su-image-carousel  su-image-carousel-has-spacing su-image-carousel-crop su-image-carousel-crop-10-16 su-image-carousel-has-lightbox su-image-carousel-has-outline su-image-carousel-adaptive su-image-carousel-slides-style-default su-image-carousel-controls-style-dark su-image-carousel-align-center\" style=\"max-width:400px\" data-flickity-options='{\"groupCells\":true,\"cellSelector\":\".su-image-carousel-item\",\"adaptiveHeight\":false,\"cellAlign\":\"left\",\"prevNextButtons\":true,\"pageDots\":true,\"autoPlay\":5000,\"imagesLoaded\":true,\"contain\":true,\"selectedAttraction\":0.025000000000000001387778780781445675529539585113525390625,\"friction\":0.2800000000000000266453525910037569701671600341796875}' id=\"su_image_carousel_69f44590bceb7\"><div class=\"su-image-carousel-item\"><div class=\"su-image-carousel-item-content\"><a href=\"https:\/\/www.periferieprahy.cz\/blog\/wp-content\/uploads\/2025\/01\/svetlicka.jpeg\" data-caption=\"Vchodov\u00fd objekt do vstupn\u00ed \u0161achty s to\u010dit\u00fdm schodi\u0161t\u011bm. Postaveno v roce 1930 v r\u00e1mci dokon\u010dovac\u00edch prac\u00ed na \u0161tol\u00e1ch Sv\u011btlu\u0161ky.\"><img loading=\"lazy\" decoding=\"async\" width=\"709\" height=\"1024\" src=\"https:\/\/www.periferieprahy.cz\/blog\/wp-content\/uploads\/2025\/01\/svetlicka.jpeg\" class=\"\" alt=\"\" srcset=\"https:\/\/www.periferieprahy.cz\/blog\/wp-content\/uploads\/2025\/01\/svetlicka.jpeg 709w, https:\/\/www.periferieprahy.cz\/blog\/wp-content\/uploads\/2025\/01\/svetlicka-208x300.jpeg 208w\" sizes=\"auto, (max-width: 709px) 100vw, 709px\" \/><span>Vchodov\u00fd objekt do vstupn\u00ed \u0161achty s to\u010dit\u00fdm schodi\u0161t\u011bm. Postaveno v roce 1930 v r\u00e1mci dokon\u010dovac\u00edch prac\u00ed na \u0161tol\u00e1ch Sv\u011btlu\u0161ky.<\/span><\/a><\/div><\/div><div class=\"su-image-carousel-item\"><div class=\"su-image-carousel-item-content\"><a href=\"https:\/\/www.periferieprahy.cz\/blog\/wp-content\/uploads\/2025\/01\/podzemi22.jpg\" data-caption=\"P\u016fvodn\u011b zde b\u00fdvala studna a nad n\u00ed byl tento zd\u011bn\u00fd, \u0161estibok\u00fd, studni\u010dn\u00ed domek. Byl zbour\u00e1n p\u0159i v\u00fdstavb\u011b \u0161tol a vstupn\u00ed \u0161achty v roce 1930. P\u0159evzato z fotografie na tablu nau\u010dn\u00e9 stezky.\"><img loading=\"lazy\" decoding=\"async\" width=\"500\" height=\"674\" src=\"https:\/\/www.periferieprahy.cz\/blog\/wp-content\/uploads\/2025\/01\/podzemi22.jpg\" class=\"\" alt=\"\" srcset=\"https:\/\/www.periferieprahy.cz\/blog\/wp-content\/uploads\/2025\/01\/podzemi22.jpg 500w, https:\/\/www.periferieprahy.cz\/blog\/wp-content\/uploads\/2025\/01\/podzemi22-223x300.jpg 223w\" sizes=\"auto, (max-width: 500px) 100vw, 500px\" \/><span>P\u016fvodn\u011b zde b\u00fdvala studna a nad n\u00ed byl tento zd\u011bn\u00fd, \u0161estibok\u00fd, studni\u010dn\u00ed domek. Byl zbour\u00e1n p\u0159i v\u00fdstavb\u011b \u0161tol a vstupn\u00ed \u0161achty v roce 1930. P\u0159evzato z fotografie na tablu nau\u010dn\u00e9 stezky.<\/span><\/a><\/div><\/div><div class=\"su-image-carousel-item\"><div class=\"su-image-carousel-item-content\"><a href=\"https:\/\/www.periferieprahy.cz\/blog\/wp-content\/uploads\/2025\/01\/podzemi26.jpg\" data-caption=\"V podzem\u00ed je n\u011bkolik \u0161tol, do kter\u00fdch \u00fast\u00ed prameny. P\u016fvodn\u011b m\u011bla b\u00fdt Sv\u011btlu\u0161ka zdrojem pitn\u00e9 vody pro Pra\u017esk\u00fd Hrad. Ten byl nakonec napojen na pra\u017eskou vodovodn\u00ed s\u00ed\u0165 a Sv\u011btlu\u0161ka n\u011bjak\u00fd \u010das slou\u017eila jako zdroj pro Ruzy\u0148. Dnes voda odt\u00e9k\u00e1 do rybn\u00ed\u010dku v doln\u00ed \u010d\u00e1sti obory a odtud do Litovick\u00e9ho potoka.\"><img loading=\"lazy\" decoding=\"async\" width=\"500\" height=\"417\" src=\"https:\/\/www.periferieprahy.cz\/blog\/wp-content\/uploads\/2025\/01\/podzemi26.jpg\" class=\"\" alt=\"\" srcset=\"https:\/\/www.periferieprahy.cz\/blog\/wp-content\/uploads\/2025\/01\/podzemi26.jpg 500w, https:\/\/www.periferieprahy.cz\/blog\/wp-content\/uploads\/2025\/01\/podzemi26-300x250.jpg 300w\" sizes=\"auto, (max-width: 500px) 100vw, 500px\" \/><span>V podzem\u00ed je n\u011bkolik \u0161tol, do kter\u00fdch \u00fast\u00ed prameny. P\u016fvodn\u011b m\u011bla b\u00fdt Sv\u011btlu\u0161ka zdrojem pitn\u00e9 vody pro Pra\u017esk\u00fd Hrad. Ten byl nakonec napojen na pra\u017eskou vodovodn\u00ed s\u00ed\u0165 a Sv\u011btlu\u0161ka n\u011bjak\u00fd \u010das slou\u017eila jako zdroj pro Ruzy\u0148. Dnes voda odt\u00e9k\u00e1 do rybn\u00ed\u010dku v doln\u00ed \u010d\u00e1sti obory a odtud do Litovick\u00e9ho potoka.<\/span><\/a><\/div><\/div><div class=\"su-image-carousel-item\"><div class=\"su-image-carousel-item-content\"><a href=\"https:\/\/www.periferieprahy.cz\/blog\/wp-content\/uploads\/2025\/01\/podzemi25.jpg\" data-caption=\"Rok dokon\u010den\u00ed Sv\u011btlu\u0161ky\"><img loading=\"lazy\" decoding=\"async\" width=\"500\" height=\"674\" src=\"https:\/\/www.periferieprahy.cz\/blog\/wp-content\/uploads\/2025\/01\/podzemi25.jpg\" class=\"\" alt=\"\" srcset=\"https:\/\/www.periferieprahy.cz\/blog\/wp-content\/uploads\/2025\/01\/podzemi25.jpg 500w, https:\/\/www.periferieprahy.cz\/blog\/wp-content\/uploads\/2025\/01\/podzemi25-223x300.jpg 223w\" sizes=\"auto, (max-width: 500px) 100vw, 500px\" \/><span>Rok dokon\u010den\u00ed Sv\u011btlu\u0161ky<\/span><\/a><\/div><\/div><\/div><script id=\"su_image_carousel_69f44590bceb7_script\">if(window.SUImageCarousel){setTimeout(function() {window.SUImageCarousel.initGallery(document.getElementById(\"su_image_carousel_69f44590bceb7\"))}, 0);}var su_image_carousel_69f44590bceb7_script=document.getElementById(\"su_image_carousel_69f44590bceb7_script\");if(su_image_carousel_69f44590bceb7_script){su_image_carousel_69f44590bceb7_script.parentNode.removeChild(su_image_carousel_69f44590bceb7_script);}<\/script>\n\n\n\n<p class=\"has-medium-font-size\"><strong>Tajemn\u00e9 p\u00edskovcov\u00e9 sk\u00e1ly ve Hv\u011bzd\u011b<\/strong><\/p>\n\n\n<div class=\"su-image-carousel  su-image-carousel-has-spacing su-image-carousel-crop su-image-carousel-crop-1-1 su-image-carousel-has-lightbox su-image-carousel-has-outline su-image-carousel-adaptive su-image-carousel-slides-style-default su-image-carousel-controls-style-dark su-image-carousel-align-center\" style=\"max-width:800px\" data-flickity-options='{\"groupCells\":true,\"cellSelector\":\".su-image-carousel-item\",\"adaptiveHeight\":false,\"cellAlign\":\"left\",\"prevNextButtons\":true,\"pageDots\":true,\"autoPlay\":5000,\"imagesLoaded\":true,\"contain\":true,\"selectedAttraction\":0.025000000000000001387778780781445675529539585113525390625,\"friction\":0.2800000000000000266453525910037569701671600341796875}' id=\"su_image_carousel_69f44590bdfc1\"><div class=\"su-image-carousel-item\"><div class=\"su-image-carousel-item-content\"><a href=\"https:\/\/www.periferieprahy.cz\/blog\/wp-content\/uploads\/2025\/01\/43.jpg\" data-caption=\"Nedaleko od \u0161toly Sv\u011btlu\u0161ky se nach\u00e1z\u00ed um\u011ble vytvo\u0159en\u00e1 jeskyn\u011b o celkov\u00e9 d\u00e9lce 12,5m. Dnes je zam\u0159\u00ed\u017eovan\u00e1. Pravd\u011bpodobn\u011b jde o star\u00fd p\u00edskovcov\u00fd lom, kter\u00fdch tu bylo mnoho.\"><img loading=\"lazy\" decoding=\"async\" width=\"375\" height=\"500\" src=\"https:\/\/www.periferieprahy.cz\/blog\/wp-content\/uploads\/2025\/01\/43.jpg\" class=\"\" alt=\"\" srcset=\"https:\/\/www.periferieprahy.cz\/blog\/wp-content\/uploads\/2025\/01\/43.jpg 375w, https:\/\/www.periferieprahy.cz\/blog\/wp-content\/uploads\/2025\/01\/43-225x300.jpg 225w\" sizes=\"auto, (max-width: 375px) 100vw, 375px\" \/><span>Nedaleko od \u0161toly Sv\u011btlu\u0161ky se nach\u00e1z\u00ed um\u011ble vytvo\u0159en\u00e1 jeskyn\u011b o celkov\u00e9 d\u00e9lce 12,5m. Dnes je zam\u0159\u00ed\u017eovan\u00e1. Pravd\u011bpodobn\u011b jde o star\u00fd p\u00edskovcov\u00fd lom, kter\u00fdch tu bylo mnoho.<\/span><\/a><\/div><\/div><div class=\"su-image-carousel-item\"><div class=\"su-image-carousel-item-content\"><a href=\"https:\/\/www.periferieprahy.cz\/blog\/wp-content\/uploads\/2025\/01\/podzemi24.jpg\" data-caption=\"Vnit\u0159ek \u0161toly z p\u0159edchoz\u00edho sn\u00edmku\"><img loading=\"lazy\" decoding=\"async\" width=\"882\" height=\"496\" src=\"https:\/\/www.periferieprahy.cz\/blog\/wp-content\/uploads\/2025\/01\/podzemi24.jpg\" class=\"\" alt=\"\" srcset=\"https:\/\/www.periferieprahy.cz\/blog\/wp-content\/uploads\/2025\/01\/podzemi24.jpg 882w, https:\/\/www.periferieprahy.cz\/blog\/wp-content\/uploads\/2025\/01\/podzemi24-300x169.jpg 300w, https:\/\/www.periferieprahy.cz\/blog\/wp-content\/uploads\/2025\/01\/podzemi24-768x432.jpg 768w\" sizes=\"auto, (max-width: 882px) 100vw, 882px\" \/><span>Vnit\u0159ek \u0161toly z p\u0159edchoz\u00edho sn\u00edmku<\/span><\/a><\/div><\/div><div class=\"su-image-carousel-item\"><div class=\"su-image-carousel-item-content\"><a href=\"https:\/\/www.periferieprahy.cz\/blog\/wp-content\/uploads\/2025\/01\/40.jpg\" data-caption=\"Je\u0161t\u011b bl\u00ed\u017ee ke Sv\u011btlu\u0161ce b\u00fdval dal\u0161\u00ed p\u00edskovcov\u00fd lom. Pamatuji si, \u017ee pod skalou b\u00fdvaly tak\u00e9 um\u011ble vytvo\u0159en\u00e9 n\u00edzk\u00e9 jeskyn\u011b,ale vstupy byly pozd\u011bji zasyp\u00e1ny.\"><img loading=\"lazy\" decoding=\"async\" width=\"666\" height=\"500\" src=\"https:\/\/www.periferieprahy.cz\/blog\/wp-content\/uploads\/2025\/01\/40.jpg\" class=\"\" alt=\"\" srcset=\"https:\/\/www.periferieprahy.cz\/blog\/wp-content\/uploads\/2025\/01\/40.jpg 666w, https:\/\/www.periferieprahy.cz\/blog\/wp-content\/uploads\/2025\/01\/40-300x225.jpg 300w\" sizes=\"auto, (max-width: 666px) 100vw, 666px\" \/><span>Je\u0161t\u011b bl\u00ed\u017ee ke Sv\u011btlu\u0161ce b\u00fdval dal\u0161\u00ed p\u00edskovcov\u00fd lom. Pamatuji si, \u017ee pod skalou b\u00fdvaly tak\u00e9 um\u011ble vytvo\u0159en\u00e9 n\u00edzk\u00e9 jeskyn\u011b,ale vstupy byly pozd\u011bji zasyp\u00e1ny.<\/span><\/a><\/div><\/div><div class=\"su-image-carousel-item\"><div class=\"su-image-carousel-item-content\"><a href=\"https:\/\/www.periferieprahy.cz\/blog\/wp-content\/uploads\/2025\/01\/41.jpg\" data-caption=\"V roce 2013 se sk\u00e1la utrhla a t\u00edm je definitivn\u011b uzav\u0159en p\u0159\u00edstup k p\u0159\u00edpadn\u00fdm \u0161tol\u00e1m.\"><img loading=\"lazy\" decoding=\"async\" width=\"666\" height=\"500\" src=\"https:\/\/www.periferieprahy.cz\/blog\/wp-content\/uploads\/2025\/01\/41.jpg\" class=\"\" alt=\"\" srcset=\"https:\/\/www.periferieprahy.cz\/blog\/wp-content\/uploads\/2025\/01\/41.jpg 666w, https:\/\/www.periferieprahy.cz\/blog\/wp-content\/uploads\/2025\/01\/41-300x225.jpg 300w\" sizes=\"auto, (max-width: 666px) 100vw, 666px\" \/><span>V roce 2013 se sk\u00e1la utrhla a t\u00edm je definitivn\u011b uzav\u0159en p\u0159\u00edstup k p\u0159\u00edpadn\u00fdm \u0161tol\u00e1m.<\/span><\/a><\/div><\/div><div class=\"su-image-carousel-item\"><div class=\"su-image-carousel-item-content\"><a href=\"https:\/\/www.periferieprahy.cz\/blog\/wp-content\/uploads\/2025\/01\/42.jpg\" data-caption=\"Stejn\u00e9 m\u00edsto v l\u00e9t\u011b.\"><img loading=\"lazy\" decoding=\"async\" width=\"666\" height=\"500\" src=\"https:\/\/www.periferieprahy.cz\/blog\/wp-content\/uploads\/2025\/01\/42.jpg\" class=\"\" alt=\"\" srcset=\"https:\/\/www.periferieprahy.cz\/blog\/wp-content\/uploads\/2025\/01\/42.jpg 666w, https:\/\/www.periferieprahy.cz\/blog\/wp-content\/uploads\/2025\/01\/42-300x225.jpg 300w\" sizes=\"auto, (max-width: 666px) 100vw, 666px\" \/><span>Stejn\u00e9 m\u00edsto v l\u00e9t\u011b.<\/span><\/a><\/div><\/div><\/div><script id=\"su_image_carousel_69f44590bdfc1_script\">if(window.SUImageCarousel){setTimeout(function() {window.SUImageCarousel.initGallery(document.getElementById(\"su_image_carousel_69f44590bdfc1\"))}, 0);}var su_image_carousel_69f44590bdfc1_script=document.getElementById(\"su_image_carousel_69f44590bdfc1_script\");if(su_image_carousel_69f44590bdfc1_script){su_image_carousel_69f44590bdfc1_script.parentNode.removeChild(su_image_carousel_69f44590bdfc1_script);}<\/script>\n\n\n\n<p class=\"has-medium-font-size\"><strong>&#8222;Tajn\u00e1 chodba&#8220; u letohr\u00e1dku Hv\u011bzda<\/strong><\/p>\n\n\n<div class=\"su-image-carousel  su-image-carousel-has-spacing su-image-carousel-crop su-image-carousel-crop-1-1 su-image-carousel-has-lightbox su-image-carousel-has-outline su-image-carousel-adaptive su-image-carousel-slides-style-default su-image-carousel-controls-style-dark su-image-carousel-align-center\" style=\"max-width:800px\" data-flickity-options='{\"groupCells\":true,\"cellSelector\":\".su-image-carousel-item\",\"adaptiveHeight\":false,\"cellAlign\":\"left\",\"prevNextButtons\":true,\"pageDots\":true,\"autoPlay\":5000,\"imagesLoaded\":true,\"contain\":true,\"selectedAttraction\":0.025000000000000001387778780781445675529539585113525390625,\"friction\":0.2800000000000000266453525910037569701671600341796875}' id=\"su_image_carousel_69f44590bee2b\"><div class=\"su-image-carousel-item\"><div class=\"su-image-carousel-item-content\"><a href=\"https:\/\/www.periferieprahy.cz\/blog\/wp-content\/uploads\/2025\/01\/30.jpg\" data-caption=\"Na severoz\u00e1pad\u011b vedle letohr\u00e1dku se ukr\u00fdv\u00e1 objekt b\u00fdval\u00e9 kuchyn\u011b. Jen m\u00e1lokdo v\u00ed, \u017ee pod objektem je &quot;tajn\u00e1&quot; chodba.\"><img loading=\"lazy\" decoding=\"async\" width=\"600\" height=\"450\" src=\"https:\/\/www.periferieprahy.cz\/blog\/wp-content\/uploads\/2025\/01\/30.jpg\" class=\"\" alt=\"\" srcset=\"https:\/\/www.periferieprahy.cz\/blog\/wp-content\/uploads\/2025\/01\/30.jpg 600w, https:\/\/www.periferieprahy.cz\/blog\/wp-content\/uploads\/2025\/01\/30-300x225.jpg 300w\" sizes=\"auto, (max-width: 600px) 100vw, 600px\" \/><span>Na severoz\u00e1pad\u011b vedle letohr\u00e1dku se ukr\u00fdv\u00e1 objekt b\u00fdval\u00e9 kuchyn\u011b. Jen m\u00e1lokdo v\u00ed, \u017ee pod objektem je \"tajn\u00e1\" chodba.<\/span><\/a><\/div><\/div><div class=\"su-image-carousel-item\"><div class=\"su-image-carousel-item-content\"><a href=\"https:\/\/www.periferieprahy.cz\/blog\/wp-content\/uploads\/2025\/01\/podzemi29.jpg\" data-caption=\"Tajemn\u00e1 \u0161tola pod c\u00edsa\u0159skou kuchyn\u00ed. Kam asi dosahovala hladina spla\u0161k\u016f z c\u00edsa\u0159sk\u00e9 kuchyn\u011b, ne\u017e se to v\u0161echno vs\u00e1klo?\"><img loading=\"lazy\" decoding=\"async\" width=\"500\" height=\"332\" src=\"https:\/\/www.periferieprahy.cz\/blog\/wp-content\/uploads\/2025\/01\/podzemi29.jpg\" class=\"\" alt=\"\" srcset=\"https:\/\/www.periferieprahy.cz\/blog\/wp-content\/uploads\/2025\/01\/podzemi29.jpg 500w, https:\/\/www.periferieprahy.cz\/blog\/wp-content\/uploads\/2025\/01\/podzemi29-300x199.jpg 300w\" sizes=\"auto, (max-width: 500px) 100vw, 500px\" \/><span>Tajemn\u00e1 \u0161tola pod c\u00edsa\u0159skou kuchyn\u00ed. Kam asi dosahovala hladina spla\u0161k\u016f z c\u00edsa\u0159sk\u00e9 kuchyn\u011b, ne\u017e se to v\u0161echno vs\u00e1klo?<\/span><\/a><\/div><\/div><div class=\"su-image-carousel-item\"><div class=\"su-image-carousel-item-content\"><a href=\"https:\/\/www.periferieprahy.cz\/blog\/wp-content\/uploads\/2025\/01\/podzemi28.jpg\" data-caption=\"Tajemn\u00e1 \u0161tola pod c\u00edsa\u0159skou kuchyn\u00ed. \nSpla\u0161ky tekly stokou do \u00fadol\u00ed sm\u011brem k Liboci, kde se v ter\u00e9nu asi vsakovaly. Tak\u017ee jak\u00fdsi trativod.\"><img loading=\"lazy\" decoding=\"async\" width=\"500\" height=\"317\" src=\"https:\/\/www.periferieprahy.cz\/blog\/wp-content\/uploads\/2025\/01\/podzemi28.jpg\" class=\"\" alt=\"\" srcset=\"https:\/\/www.periferieprahy.cz\/blog\/wp-content\/uploads\/2025\/01\/podzemi28.jpg 500w, https:\/\/www.periferieprahy.cz\/blog\/wp-content\/uploads\/2025\/01\/podzemi28-300x190.jpg 300w\" sizes=\"auto, (max-width: 500px) 100vw, 500px\" \/><span>Tajemn\u00e1 \u0161tola pod c\u00edsa\u0159skou kuchyn\u00ed. \nSpla\u0161ky tekly stokou do \u00fadol\u00ed sm\u011brem k Liboci, kde se v ter\u00e9nu asi vsakovaly. Tak\u017ee jak\u00fdsi trativod.<\/span><\/a><\/div><\/div><div class=\"su-image-carousel-item\"><div class=\"su-image-carousel-item-content\"><a href=\"https:\/\/www.periferieprahy.cz\/blog\/wp-content\/uploads\/2025\/01\/podzemi27.jpg\" data-caption=\"Tajemn\u00e1 \u0161tola pod c\u00edsa\u0159skou kuchyn\u00ed. \nChodba se sm\u011brem od objektu sva\u017euje a pod objektem na konci je velmi n\u00edzk\u00e1. Je jasn\u00e9, \u017ee slou\u017eila k ryze praktick\u00fdm \u00fa\u010del\u016fm. Byla to odpadn\u00ed stoka, do kter\u00e9 byly za\u00fast\u011bny odpadn\u00ed potrub\u00ed z kuchyn\u011b.\"><img loading=\"lazy\" decoding=\"async\" width=\"586\" height=\"657\" src=\"https:\/\/www.periferieprahy.cz\/blog\/wp-content\/uploads\/2025\/01\/podzemi27.jpg\" class=\"\" alt=\"\" srcset=\"https:\/\/www.periferieprahy.cz\/blog\/wp-content\/uploads\/2025\/01\/podzemi27.jpg 586w, https:\/\/www.periferieprahy.cz\/blog\/wp-content\/uploads\/2025\/01\/podzemi27-268x300.jpg 268w\" sizes=\"auto, (max-width: 586px) 100vw, 586px\" \/><span>Tajemn\u00e1 \u0161tola pod c\u00edsa\u0159skou kuchyn\u00ed. \nChodba se sm\u011brem od objektu sva\u017euje a pod objektem na konci je velmi n\u00edzk\u00e1. Je jasn\u00e9, \u017ee slou\u017eila k ryze praktick\u00fdm \u00fa\u010del\u016fm. Byla to odpadn\u00ed stoka, do kter\u00e9 byly za\u00fast\u011bny odpadn\u00ed potrub\u00ed z kuchyn\u011b.<\/span><\/a><\/div><\/div><\/div><script id=\"su_image_carousel_69f44590bee2b_script\">if(window.SUImageCarousel){setTimeout(function() {window.SUImageCarousel.initGallery(document.getElementById(\"su_image_carousel_69f44590bee2b\"))}, 0);}var su_image_carousel_69f44590bee2b_script=document.getElementById(\"su_image_carousel_69f44590bee2b_script\");if(su_image_carousel_69f44590bee2b_script){su_image_carousel_69f44590bee2b_script.parentNode.removeChild(su_image_carousel_69f44590bee2b_script);}<\/script>\n\n\n\n<p class=\"has-medium-font-size\"><strong>Kryt v \u0160\u00e1rce<\/strong><\/p>\n\n\n<div class=\"su-image-carousel  su-image-carousel-has-spacing su-image-carousel-crop su-image-carousel-crop-1-1 su-image-carousel-has-lightbox su-image-carousel-has-outline su-image-carousel-adaptive su-image-carousel-slides-style-default su-image-carousel-controls-style-dark su-image-carousel-align-center\" style=\"max-width:800px\" data-flickity-options='{\"groupCells\":true,\"cellSelector\":\".su-image-carousel-item\",\"adaptiveHeight\":false,\"cellAlign\":\"left\",\"prevNextButtons\":true,\"pageDots\":true,\"autoPlay\":5000,\"imagesLoaded\":true,\"contain\":true,\"selectedAttraction\":0.025000000000000001387778780781445675529539585113525390625,\"friction\":0.2800000000000000266453525910037569701671600341796875}' id=\"su_image_carousel_69f44590c0076\"><div class=\"su-image-carousel-item\"><div class=\"su-image-carousel-item-content\"><a href=\"https:\/\/www.periferieprahy.cz\/blog\/wp-content\/uploads\/2025\/01\/podzemi31.jpg\" data-caption=\"\u0160tola A je na obr\u00e1zku naho\u0159e. Na konci vpravo je vstup do \u00faklonov\u00e9 j\u00e1my, kter\u00e1 m\u011bla v budoucnu slou\u017eit jako spojovac\u00ed komunikace s budouc\u00ed leti\u0161tn\u00ed plochou.\"><img loading=\"lazy\" decoding=\"async\" width=\"1139\" height=\"527\" src=\"https:\/\/www.periferieprahy.cz\/blog\/wp-content\/uploads\/2025\/01\/podzemi31.jpg\" class=\"\" alt=\"\" srcset=\"https:\/\/www.periferieprahy.cz\/blog\/wp-content\/uploads\/2025\/01\/podzemi31.jpg 1139w, https:\/\/www.periferieprahy.cz\/blog\/wp-content\/uploads\/2025\/01\/podzemi31-300x139.jpg 300w, https:\/\/www.periferieprahy.cz\/blog\/wp-content\/uploads\/2025\/01\/podzemi31-1024x474.jpg 1024w, https:\/\/www.periferieprahy.cz\/blog\/wp-content\/uploads\/2025\/01\/podzemi31-768x355.jpg 768w\" sizes=\"auto, (max-width: 1139px) 100vw, 1139px\" \/><span>\u0160tola A je na obr\u00e1zku naho\u0159e. Na konci vpravo je vstup do \u00faklonov\u00e9 j\u00e1my, kter\u00e1 m\u011bla v budoucnu slou\u017eit jako spojovac\u00ed komunikace s budouc\u00ed leti\u0161tn\u00ed plochou.<\/span><\/a><\/div><\/div><div class=\"su-image-carousel-item\"><div class=\"su-image-carousel-item-content\"><a href=\"https:\/\/www.periferieprahy.cz\/blog\/wp-content\/uploads\/2025\/01\/podzemi33.jpg\" data-caption=\"Vchod do \u0161toly A\"><img loading=\"lazy\" decoding=\"async\" width=\"497\" height=\"333\" src=\"https:\/\/www.periferieprahy.cz\/blog\/wp-content\/uploads\/2025\/01\/podzemi33.jpg\" class=\"\" alt=\"\" srcset=\"https:\/\/www.periferieprahy.cz\/blog\/wp-content\/uploads\/2025\/01\/podzemi33.jpg 497w, https:\/\/www.periferieprahy.cz\/blog\/wp-content\/uploads\/2025\/01\/podzemi33-300x201.jpg 300w\" sizes=\"auto, (max-width: 497px) 100vw, 497px\" \/><span>Vchod do \u0161toly A<\/span><\/a><\/div><\/div><div class=\"su-image-carousel-item\"><div class=\"su-image-carousel-item-content\"><a href=\"https:\/\/www.periferieprahy.cz\/blog\/wp-content\/uploads\/2025\/01\/podzemi32.jpg\" data-caption=\"\u0160tola A, pohled od protiv\u00fdbuchov\u00e9 hr\u00e1ze. Vpravo jsou vchody do p\u0159\u00ed\u010dn\u00fdch \u0161tol I - IV.\"><img loading=\"lazy\" decoding=\"async\" width=\"612\" height=\"510\" src=\"https:\/\/www.periferieprahy.cz\/blog\/wp-content\/uploads\/2025\/01\/podzemi32.jpg\" class=\"\" alt=\"\" srcset=\"https:\/\/www.periferieprahy.cz\/blog\/wp-content\/uploads\/2025\/01\/podzemi32.jpg 612w, https:\/\/www.periferieprahy.cz\/blog\/wp-content\/uploads\/2025\/01\/podzemi32-300x250.jpg 300w\" sizes=\"auto, (max-width: 612px) 100vw, 612px\" \/><span>\u0160tola A, pohled od protiv\u00fdbuchov\u00e9 hr\u00e1ze. Vpravo jsou vchody do p\u0159\u00ed\u010dn\u00fdch \u0161tol I - IV.<\/span><\/a><\/div><\/div><div class=\"su-image-carousel-item\"><div class=\"su-image-carousel-item-content\"><a href=\"https:\/\/www.periferieprahy.cz\/blog\/wp-content\/uploads\/2025\/01\/podzemi34.jpg\" data-caption=\"Pohled do \u00faklonov\u00e9 \u0161toly vedouc\u00ed na pole, kde m\u011bla b\u00fdt leti\u0161tn\u00ed plocha. Chodba je naho\u0159e zavalena zeminou.\"><img loading=\"lazy\" decoding=\"async\" width=\"847\" height=\"663\" src=\"https:\/\/www.periferieprahy.cz\/blog\/wp-content\/uploads\/2025\/01\/podzemi34.jpg\" class=\"\" alt=\"\" srcset=\"https:\/\/www.periferieprahy.cz\/blog\/wp-content\/uploads\/2025\/01\/podzemi34.jpg 847w, https:\/\/www.periferieprahy.cz\/blog\/wp-content\/uploads\/2025\/01\/podzemi34-300x235.jpg 300w, https:\/\/www.periferieprahy.cz\/blog\/wp-content\/uploads\/2025\/01\/podzemi34-768x601.jpg 768w\" sizes=\"auto, (max-width: 847px) 100vw, 847px\" \/><span>Pohled do \u00faklonov\u00e9 \u0161toly vedouc\u00ed na pole, kde m\u011bla b\u00fdt leti\u0161tn\u00ed plocha. Chodba je naho\u0159e zavalena zeminou.<\/span><\/a><\/div><\/div><\/div><script id=\"su_image_carousel_69f44590c0076_script\">if(window.SUImageCarousel){setTimeout(function() {window.SUImageCarousel.initGallery(document.getElementById(\"su_image_carousel_69f44590c0076\"))}, 0);}var su_image_carousel_69f44590c0076_script=document.getElementById(\"su_image_carousel_69f44590c0076_script\");if(su_image_carousel_69f44590c0076_script){su_image_carousel_69f44590c0076_script.parentNode.removeChild(su_image_carousel_69f44590c0076_script);}<\/script>\n\n\n<p>Podzem\u00ed bylo budov\u00e1no jako t\u00fdlov\u00e9 zabezpe\u010den\u00ed n\u011bmeck\u00e9ho poln\u00edho leti\u0161t\u011b a je tvo\u0159eno dvojic\u00ed dlouh\u00fdch chodeb a \u010dtve\u0159ic\u00ed p\u0159\u00ed\u010dn\u00fdch spojovac\u00edch chodeb.<\/p>\n<p>Leti\u0161t\u011b\u00a0 m\u011blo b\u00fdt v m\u00edst\u011b, kde je dnes pole nad t\u011bmito kryty mezi Divokou \u0160\u00e1rkou a Evropskou ulic\u00ed. M\u011blo b\u00fdt asi zabezpe\u010deno a obsluhov\u00e1no jednotkami SS z nedalek\u00fdch ruzy\u0148sk\u00fdch, tehdy Himmlerov\u00fdch kas\u00e1ren.<\/p>\n<p>Dlouh\u00e9 chodby\u00a0 A a B jsou vyra\u017eeny kolmo do svahu, chodba A p\u0159ech\u00e1z\u00ed v z\u00e1v\u011bru v \u00faklonnou j\u00e1mu \u00fast\u00edc\u00ed na povrch uva\u017eovan\u00e9 leti\u0161tn\u00ed plochy. Hlavn\u00ed, t\u00e9m\u011b\u0159 rovnob\u011b\u017en\u00e9 chodby, jsou vz\u00e1jemn\u011b propojeny ji\u017e zm\u00edn\u011bnou \u010dtve\u0159ic\u00ed p\u0159\u00ed\u010dn\u00fdch chodeb . Chodby II a\u017e IV jsou p\u0159etnuty chodbou C, rovnob\u011b\u017enou s \u00favodn\u00ed dvojic\u00ed chodeb A a B (viz pl\u00e1n prostor).<\/p>\n<p>Tento z\u00e1kladn\u00ed syst\u00e9m chodeb byl d\u00e1le dopln\u011bn objekty technick\u00e9ho charakteru, z nich\u017e za zm\u00ednku stoj\u00ed p\u0159edev\u0161\u00edm vstupn\u00ed partie.<\/p>\n<p>V\u00fdchodn\u00ed vstupn\u00ed objekt (bl\u00ed\u017ee k m\u011bstu) byl opat\u0159en mohutn\u00fdm betonov\u00fdm osazen\u00edm s \u0161ikmou plochou nad vchodem, kop\u00edruj\u00edc\u00ed sklon svahu. Vstupn\u00ed objekt je dimenzov\u00e1n pro zaji\u0161t\u011bn\u00ed podzemn\u00edch prostor ve v\u00e1le\u010dn\u00fdch situac\u00edch a proto je sv\u00fdm charakterem podobn\u00fd objekt\u016fm betonov\u00fdch pevnost\u00ed na\u0161eho pohrani\u010d\u00ed.<\/p>\n<p>Vlastn\u00ed vstup tvo\u0159\u00ed pom\u011brn\u011b mal\u00fd vchod v betonov\u00e9 mase, tvo\u0159en\u00fd pravo\u00fahle zalomenou chodbou, kter\u00e1 je s vlastn\u00ed chodbou A propojena op\u011bt mal\u00fdm pr\u016fchodem (\u0161\u00ed\u0159ka 0,95 m, v\u00fd\u0161ka 2,55 m).<\/p>\n<p>\u00davodn\u00ed \u010d\u00e1st chodby A v d\u00e9lce 10 bm je zaji\u0161t\u011bna na st\u011bn\u00e1ch obetonov\u00e1n\u00edm, p\u0159i\u010dem\u017e si chodba zachov\u00e1v\u00e1 p\u016fvodn\u00ed profil.<\/p>\n<p>Ve vzd\u00e1lenosti 20 bm od vstupn\u00edho objektu na chodb\u011b A je situov\u00e1na v roz\u0161\u00ed\u0159en\u00e9m profilu betonov\u00e1 protiv\u00fdbuchov\u00e1 hr\u00e1z, siln\u00e1 2,4 m. Hr\u00e1z lze obej\u00edt po obou stran\u00e1ch u\u017e\u0161\u00edmi chodbami, ve kter\u00fdch jsou p\u0159ipraveny betonov\u00e9 z\u00e1rubn\u011b dve\u0159\u00ed. Za t\u00edmto objektem chodba op\u011bt pokra\u010duje v p\u016fvodn\u00edm sm\u011bru a profilu, a ve vzd\u00e1lenosti 104 bm plynule p\u0159ech\u00e1z\u00ed v \u00faklonnou j\u00e1mu (36 stup\u0148\u016f). Tato je od 9 bm betonov\u00e1na a po dal\u0161\u00edch 9,5 bm se pravo\u00fahle lom\u00ed vlevo a z povrchu je zasuta hlinitokamenit\u00fdm z\u00e1sypem. Prostor j\u00e1my je od hlavn\u00ed vstupn\u00ed chodby A odd\u011blen betonovou zd\u00ed bez pr\u016fchodu, silnou 2,5 m, opat\u0159enou p\u0159i po\u010dv\u011b odvod\u0148ovac\u00edm kan\u00e1lkem.<\/p>\n<p>Vstupn\u00ed objekt chodby B je podstatn\u011b jednodu\u0161\u0161\u00ed a byl zaji\u0161t\u011bn p\u016fvodn\u011b pouze plechov\u00fdmi dvouk\u0159\u00eddl\u00fdmi dve\u0159mi, za nimi\u017e m\u011bly b\u00fdt instalov\u00e1ny u\u017e\u0161\u00ed dve\u0159e v cihlov\u00e9 zdi. Ve vzd\u00e1lenosti 21 bm je v chodb\u011b B, shodn\u00e9ho profilu s chodbou A, vybudov\u00e1n rovn\u011b\u017e protiv\u00fdbuchov\u00fd objekt jednodu\u0161\u0161\u00edho typu, konstruovan\u00fd pro zachov\u00e1n\u00ed st\u00e1l\u00e9 pr\u016fjezdnosti (pro z\u00e1sobov\u00e1n\u00ed podzem\u00ed?).<\/p>\n<p>Z t\u00e9to situace je pravd\u011bpodobn\u00e9, \u017ee vchodov\u00fd objekt chodby A byl hlavn\u00edm vchodem s pevnostn\u00edm zabezpe\u010den\u00edm, vstupn\u00ed objekt chodby B byl technick\u00e9ho z\u00e1sobovac\u00edho r\u00e1zu, a bu\u010fto nebyl definitivn\u011b dohotoven, anebo se p\u0159\u00edmo v projektu po\u010d\u00edtalo s jeho leh\u010d\u00ed variantou aby v p\u0159\u00edpad\u011b nebezpe\u010d\u00ed mohl b\u00fdt likvidov\u00e1n a t\u00edm znepr\u016fchodn\u011bn. Z celkov\u00e9ho r\u00e1zu podzemn\u00edho objektu se zd\u00e1 b\u00fdt pravd\u011bpodobn\u011bj\u0161\u00ed, \u017ee cel\u00e9 podzem\u00ed nebylo definitivn\u011b dokon\u010deno.<\/p>\n<p>V\u0161echny chodby v podzem\u00ed, v celkov\u00e9 d\u00e9lce 400 m, jsou vyra\u017eeny v jednotn\u00e9m profilu v \u0161\u00ed\u0159ce 2,6 a\u017e 2,8 m, v\u00fd\u0161ce 2,2 a\u017e 2,7 m se samonosnou obloukovitou klenbou. V\u011bt\u0161ina chodeb nen\u00ed opat\u0159ena obetonov\u00e1n\u00edm a jejich st\u011bny jsou posety stopami po sb\u00edjec\u00edch kladivech. Je tedy ot\u00e1zkou, zda li chodby byly p\u016fvodn\u011b ra\u017eeny za pomoci st\u0159eln\u00e9 pr\u00e1ce a pozd\u011bji profil upraven ru\u010dn\u011b, \u010di zda li byly v cel\u00e9m profilu ru\u010dn\u011b vysb\u00edjeny. Charakter horniny tuto mo\u017enost nevylu\u010duje, typick\u00e9 str\u017eky po trhac\u00ed pr\u00e1ci v podzem\u00ed nalezeny nikde nebyly. Je pravd\u011bpodobn\u00e9, \u017ee ru\u010dn\u00ed ra\u017eba chodeb byla z\u00e1m\u011brn\u00e1 a m\u011bla zaru\u010dit stabilitu cel\u00e9ho podzem\u00ed bez zbyte\u010dn\u00e9ho naru\u0161en\u00ed nadlo\u017e\u00ed. Ve st\u011bn\u00e1ch chodeb jsou m\u00edsty patrn\u00e9 m\u011blk\u00e9 v\u00fdvrty ve dvojic\u00edch, kter\u00e9 m\u011bly b\u00fdt osazeny nosn\u00edky pro technick\u00fd rozvod zjevn\u011b v\u0161ak nebyly pou\u017eity.<\/p>\n<p>V kr\u00e1tk\u00fdch \u00fasec\u00edch chodeb je pro zpevn\u011bn\u00ed profilu pou\u017eito lehk\u00e9ho obetonov\u00e1n\u00ed nadv\u00fdlom\u016f do po\u017eadovan\u00e9ho profilu. Nadv\u00fdlomy vznikly p\u0159edev\u0161\u00edm odlu\u010dnost\u00ed p\u00edskovce po ne\u010detn\u00fdch puklin\u00e1ch.<\/p>\n<p>Ke zb\u00fdvaj\u00edc\u00edm objekt\u016fm pat\u0159\u00ed dva m\u011blk\u00e9 v\u00fdklenky ve st\u011bn\u011b chodby A pod \u00fapat\u00edm j\u00e1my, kter\u00e9 jsou opat\u0159en\u00e9 pom\u011brn\u011b mohutn\u00fdmi z\u00e1rubn\u011bmi. Prostor j\u00e1my je rovn\u011b\u017e v posledn\u00ed p\u0159\u00ed\u010dn\u00e9 chodb\u011b IV odd\u011blen protiv\u00fdbuchov\u00fdm objektem se zachovalou mo\u017enost\u00ed pr\u016fjezdu, obdobn\u00fd s objektem v chodb\u011b B. Proto m\u016f\u017eeme linii chodeb B a IV ozna\u010dit jako hlavn\u00ed komunikaci pro z\u00e1soben\u00ed \u00faklonn\u00e9 j\u00e1my, v\u011bt\u0161inu dal\u0161\u00edch prostor jako skladov\u00e9 z\u00e1zem\u00ed.<\/p>\n<p>V chodb\u011b C, mezi p\u0159\u00ed\u010dn\u00fdmi chodbami II a III, je vyra\u017een 2 m hlubok\u00fd v\u00fdklenek s kruhovou vodn\u00ed j\u00edmkou, do n\u00ed\u017e jsou za\u00fast\u011bny dv\u011b keramick\u00e9 trubky (pr\u016fm\u011br 14 cm), ulo\u017een\u00e9 pod \u00farovn\u00ed chodeb.<\/p>\n<p>Po v\u00e1lce objekt vyu\u017e\u00edvala je\u0161t\u011b \u010cSLA z\u0159ejm\u011b jako skladov\u00e9 prostory. Co se zde skladovalo nen\u00ed jasn\u00e9, ale podle torz barel\u016f a jejich obsahu je z\u0159ejm\u00e9, \u017ee to mohl b\u00fdt n\u011bjak\u00fd nebezpe\u010dn\u00fd odpad.<\/p>\n<p>Dnes jsou \u0161toly uzam\u010den\u00e9 a p\u0159\u00edstupn\u00e9 jen s doprovodem a to jen v n\u011bkter\u00fdch m\u011bs\u00edc\u00edch. Kone\u010dn\u011b nejsou sou\u010d\u00e1sn\u00ed v\u00e1le\u010dn\u00e9ho b\u011bsn\u011bn\u00ed. Obsadili je toti\u017e tvorov\u00e9 u\u0161lechtilej\u0161\u00edch vlastnost\u00ed ne\u017e lidsk\u00fdch. Z vojensk\u00e9ho prostoru se stalo hn\u00edzdi\u0161t\u011b netop\u00fdr\u016f. Tak je nechme v klidu a nesna\u017eme se k nim dob\u00fdvat.<\/p>\n<p>Zdroje:<\/p>\n<p><a href=\"http:\/\/zhola.com\/praha\/cz.php?st=pramenyaKasny\">http:\/\/zhola.com\/praha\/cz.php?st=pramenyaKasny<\/a><\/p>\n<p><a href=\"http:\/\/old.speleo.cz\/soubory\/speleo\/sp12\/sarka.htm\">http:\/\/old.speleo.cz\/soubory\/speleo\/sp12\/sarka.htm<\/a><\/p>\n<p><a href=\"https:\/\/www.stream.cz\/tajemne-podzemi\/08-podzemi-sarka-63981011\">https:\/\/www.stream.cz\/tajemne-podzemi\/08-podzemi-sarka-63981011<\/a><br \/><a href=\"http:\/\/www.nautilus.cz\/krsa.html\">http:\/\/www.nautilus.cz\/krsa.html<\/a><br \/><a href=\"https:\/\/www.stream.cz\/tajemne-podzemi\/05-obora-hvezda-63977051\">https:\/\/www.stream.cz\/tajemne-podzemi\/05-obora-hvezda-63977051<\/a><\/p>\n<p><a href=\"https:\/\/pamatkovykatalog.cz\/vodovodni-stola-svetluska-12967424\">https:\/\/pamatkovykatalog.cz\/vodovodni-stola-svetluska-12967424<\/a><\/p>\n\n\n<p><\/p>\n","protected":false},"excerpt":{"rendered":"<p>Kr\u00e1lovsk\u00fd hradn\u00ed vodovod. Asi v letech 1550 &#8211; 1573 prob\u011bhla stavba Kr\u00e1lovsk\u00e9ho hradn\u00edho vodovodu, kter\u00fd p\u0159iv\u00e1d\u011bl jedlov\u00fdmi trubkami o vnit\u0159n\u00edm pr\u016fm\u011bru 85 mm vodu z j\u00edmac\u00edch \u0161tol ve St\u0159e\u0161ovic\u00edch, Veleslav\u00edn\u011b a Liboci, trubky byly ulo\u017eeny do j\u00edlov\u00e9ho lo\u017ee 150\u2013180 cm pod zem\u00ed (posl\u00e9ze byly nahrazeny trubkami keramick\u00fdmi o vnit\u0159n\u00edm pr\u016fm\u011bru 65 mm, kter\u00e9 byly ji\u017e &hellip;<br \/><a href=\"https:\/\/www.periferieprahy.cz\/blog\/2025\/01\/05\/libocke-podzemi\/\" class=\"more-link pen_button pen_element_default pen_icon_arrow_double\">Pokra\u010dovat ve\u00a0\u010dten\u00ed <span class=\"screen-reader-text\">Libock\u00e9 podzem\u00ed<\/span><\/a><\/p>\n","protected":false},"author":1,"featured_media":319,"comment_status":"open","ping_status":"open","sticky":false,"template":"","format":"standard","meta":{"_exactmetrics_skip_tracking":false,"_exactmetrics_sitenote_active":false,"_exactmetrics_sitenote_note":"","_exactmetrics_sitenote_category":0,"footnotes":""},"categories":[3],"tags":[],"post_folder":[],"class_list":["post-304","post","type-post","status-publish","format-standard","has-post-thumbnail","hentry","category-redakce"],"_links":{"self":[{"href":"https:\/\/www.periferieprahy.cz\/blog\/wp-json\/wp\/v2\/posts\/304","targetHints":{"allow":["GET"]}}],"collection":[{"href":"https:\/\/www.periferieprahy.cz\/blog\/wp-json\/wp\/v2\/posts"}],"about":[{"href":"https:\/\/www.periferieprahy.cz\/blog\/wp-json\/wp\/v2\/types\/post"}],"author":[{"embeddable":true,"href":"https:\/\/www.periferieprahy.cz\/blog\/wp-json\/wp\/v2\/users\/1"}],"replies":[{"embeddable":true,"href":"https:\/\/www.periferieprahy.cz\/blog\/wp-json\/wp\/v2\/comments?post=304"}],"version-history":[{"count":5,"href":"https:\/\/www.periferieprahy.cz\/blog\/wp-json\/wp\/v2\/posts\/304\/revisions"}],"predecessor-version":[{"id":2510,"href":"https:\/\/www.periferieprahy.cz\/blog\/wp-json\/wp\/v2\/posts\/304\/revisions\/2510"}],"wp:featuredmedia":[{"embeddable":true,"href":"https:\/\/www.periferieprahy.cz\/blog\/wp-json\/wp\/v2\/media\/319"}],"wp:attachment":[{"href":"https:\/\/www.periferieprahy.cz\/blog\/wp-json\/wp\/v2\/media?parent=304"}],"wp:term":[{"taxonomy":"category","embeddable":true,"href":"https:\/\/www.periferieprahy.cz\/blog\/wp-json\/wp\/v2\/categories?post=304"},{"taxonomy":"post_tag","embeddable":true,"href":"https:\/\/www.periferieprahy.cz\/blog\/wp-json\/wp\/v2\/tags?post=304"},{"taxonomy":"post_folder","embeddable":true,"href":"https:\/\/www.periferieprahy.cz\/blog\/wp-json\/wp\/v2\/post_folder?post=304"}],"curies":[{"name":"wp","href":"https:\/\/api.w.org\/{rel}","templated":true}]}}