{"id":3294,"date":"2025-05-02T21:33:55","date_gmt":"2025-05-02T19:33:55","guid":{"rendered":"https:\/\/www.periferieprahy.cz\/blog\/?p=3294"},"modified":"2025-07-10T15:21:00","modified_gmt":"2025-07-10T13:21:00","slug":"c-p-44-a-c-p-297-dum-josefa-ruprechta-a-vila-cechie","status":"publish","type":"post","link":"https:\/\/www.periferieprahy.cz\/blog\/2025\/05\/02\/c-p-44-a-c-p-297-dum-josefa-ruprechta-a-vila-cechie\/","title":{"rendered":"\u010c. p. 44 a \u010d. p. 297 d\u016fm Josefa Ruprechta a vila \u010cechie"},"content":{"rendered":"\n<img loading=\"lazy\" decoding=\"async\" border=\"0\" src=\"https:\/\/www.periferieprahy.cz\/blog\/wp-content\/uploads\/2024\/12\/pismo7_4.gif\" width=\"107\" height=\"132\" align=\"left\">\u016fm \n\t\t\tv\u00fdznamn\u00e9 libock\u00e9 osobnosti Josefa Rumprechta *29. 1. 1855 \u2020 9.4.1916 \n\t\t\t, mistra zednick\u00e9ho \u0159emesla, pozd\u011bji stavitele a libock\u00e9ho starosty \n\t\t\tv letech 1896 &#8211; 1902. Roku 1840 je zde uv\u00e1d\u011bna Sumrov\u00e1 Magdal\u00e9na. \n\t\t\tRoku 1855 je zde ji\u017e uv\u00e1d\u011bn Mat\u011bj Ruprecht, krej\u010d\u00ed, otec Josefa \n\t\t\tRuprechta a otec Magdal\u00e9ny Sumrov\u00e9 Mat\u011bj, se svoj\u00ed \u017eenou Magdal\u00e9nou \n\t\t\trozenou Stejskalovou z Ruzyn\u011b \u010d. 24.<p align=\"center\">\n\t\t\t<font color=\"#000080\" size=\"4\"><b>Pou\u017eit\u00e9 fotografie poskytla ze \n\t\t\tsv\u00e9ho alba  <a onclick=\"window.open('https:\/\/www.periferieprahy.cz\/blog\/wp-content\/uploads\/2025\/05\/cp44_parte-scaled.jpg','_blank','width=600,height=800,scrollbars=yes,top=0,left=0'); return false\"https:\/\/www.periferieprahy.cz\/blog\/wp-content\/uploads\/2025\/05\/cp44_parte-scaled.jpg\">pan\u00ed \u2020Marie \u0160est\u00e1kov\u00e1<\/a>, pravnu\u010dka Josefa Ruprechta a dcera \n\t\t\tlibock\u00e9ho \u010detn\u00edka pana Josefa Z\u016fchy.<\/b><\/font>\n\n\n\n<h2 class=\"wp-block-heading has-text-align-center\">\u010d.p. 44<\/h2>\n\n\n<div class=\"su-image-carousel  su-image-carousel-has-spacing su-image-carousel-crop su-image-carousel-crop-4-3 su-image-carousel-has-lightbox su-image-carousel-has-outline su-image-carousel-adaptive su-image-carousel-slides-style-default su-image-carousel-controls-style-dark su-image-carousel-align-center\" style=\"max-width:600px\" data-flickity-options='{\"groupCells\":true,\"cellSelector\":\".su-image-carousel-item\",\"adaptiveHeight\":false,\"cellAlign\":\"left\",\"prevNextButtons\":true,\"pageDots\":true,\"autoPlay\":3000,\"imagesLoaded\":true,\"contain\":true,\"selectedAttraction\":0.025000000000000001387778780781445675529539585113525390625,\"friction\":0.2800000000000000266453525910037569701671600341796875}' id=\"su_image_carousel_69f5bc64002ef\"><div class=\"su-image-carousel-item\"><div class=\"su-image-carousel-item-content\"><a href=\"https:\/\/www.periferieprahy.cz\/blog\/wp-content\/uploads\/2025\/05\/cp44.h2.jpg\" data-caption=\"D\u016fm stavitele a starosty Josefa Ruprechta \u010d.p. 44.\"><img loading=\"lazy\" decoding=\"async\" width=\"788\" height=\"594\" src=\"https:\/\/www.periferieprahy.cz\/blog\/wp-content\/uploads\/2025\/05\/cp44.h2.jpg\" class=\"\" alt=\"\" srcset=\"https:\/\/www.periferieprahy.cz\/blog\/wp-content\/uploads\/2025\/05\/cp44.h2.jpg 788w, https:\/\/www.periferieprahy.cz\/blog\/wp-content\/uploads\/2025\/05\/cp44.h2-300x226.jpg 300w, https:\/\/www.periferieprahy.cz\/blog\/wp-content\/uploads\/2025\/05\/cp44.h2-768x579.jpg 768w\" sizes=\"auto, (max-width: 788px) 100vw, 788px\" \/><span>D\u016fm stavitele a starosty Josefa Ruprechta \u010d.p. 44.<\/span><\/a><\/div><\/div><div class=\"su-image-carousel-item\"><div class=\"su-image-carousel-item-content\"><a href=\"https:\/\/www.periferieprahy.cz\/blog\/wp-content\/uploads\/2025\/05\/cp44.h3.jpg\" data-caption=\"D\u016fm stavitele a starosty Josefa Ruprechta \u010d.p. 44. Objekt v pop\u0159ed\u00ed p\u0159ed domem b\u00fdvala st\u00e1j, kter\u00e1 byla p\u0159estav\u011bna na obytn\u00fd d\u016fm \u010d.p. 535 v roce 1929\"><img loading=\"lazy\" decoding=\"async\" width=\"798\" height=\"573\" src=\"https:\/\/www.periferieprahy.cz\/blog\/wp-content\/uploads\/2025\/05\/cp44.h3.jpg\" class=\"\" alt=\"\" srcset=\"https:\/\/www.periferieprahy.cz\/blog\/wp-content\/uploads\/2025\/05\/cp44.h3.jpg 798w, https:\/\/www.periferieprahy.cz\/blog\/wp-content\/uploads\/2025\/05\/cp44.h3-300x215.jpg 300w, https:\/\/www.periferieprahy.cz\/blog\/wp-content\/uploads\/2025\/05\/cp44.h3-768x551.jpg 768w\" sizes=\"auto, (max-width: 798px) 100vw, 798px\" \/><span>D\u016fm stavitele a starosty Josefa Ruprechta \u010d.p. 44. Objekt v pop\u0159ed\u00ed p\u0159ed domem b\u00fdvala st\u00e1j, kter\u00e1 byla p\u0159estav\u011bna na obytn\u00fd d\u016fm \u010d.p. 535 v roce 1929<\/span><\/a><\/div><\/div><div class=\"su-image-carousel-item\"><div class=\"su-image-carousel-item-content\"><a href=\"https:\/\/www.periferieprahy.cz\/blog\/wp-content\/uploads\/2025\/05\/cp44.h4.jpg\" data-caption=\"D\u016fm stavitele a starosty Josefa Ruprechta, pohled z kosteln\u00ed v\u011b\u017ee. V pozad\u00ed je dob\u0159e patrn\u00e1 ze\u010f obory.\"><img loading=\"lazy\" decoding=\"async\" width=\"1049\" height=\"715\" src=\"https:\/\/www.periferieprahy.cz\/blog\/wp-content\/uploads\/2025\/05\/cp44.h4.jpg\" class=\"\" alt=\"\" srcset=\"https:\/\/www.periferieprahy.cz\/blog\/wp-content\/uploads\/2025\/05\/cp44.h4.jpg 1049w, https:\/\/www.periferieprahy.cz\/blog\/wp-content\/uploads\/2025\/05\/cp44.h4-300x204.jpg 300w, https:\/\/www.periferieprahy.cz\/blog\/wp-content\/uploads\/2025\/05\/cp44.h4-1024x698.jpg 1024w, https:\/\/www.periferieprahy.cz\/blog\/wp-content\/uploads\/2025\/05\/cp44.h4-768x523.jpg 768w\" sizes=\"auto, (max-width: 1049px) 100vw, 1049px\" \/><span>D\u016fm stavitele a starosty Josefa Ruprechta, pohled z kosteln\u00ed v\u011b\u017ee. V pozad\u00ed je dob\u0159e patrn\u00e1 ze\u010f obory.<\/span><\/a><\/div><\/div><div class=\"su-image-carousel-item\"><div class=\"su-image-carousel-item-content\"><a href=\"https:\/\/www.periferieprahy.cz\/blog\/wp-content\/uploads\/2025\/05\/cp44.h5.jpg\" data-caption=\"Schody z Libock\u00e9 do uli\u010dky Ke Kostelu. V pozad\u00ed d\u016fm \u010d.p. 44, napravo \u010d.p. 57.\"><img loading=\"lazy\" decoding=\"async\" width=\"722\" height=\"719\" src=\"https:\/\/www.periferieprahy.cz\/blog\/wp-content\/uploads\/2025\/05\/cp44.h5.jpg\" class=\"\" alt=\"\" srcset=\"https:\/\/www.periferieprahy.cz\/blog\/wp-content\/uploads\/2025\/05\/cp44.h5.jpg 722w, https:\/\/www.periferieprahy.cz\/blog\/wp-content\/uploads\/2025\/05\/cp44.h5-300x300.jpg 300w, https:\/\/www.periferieprahy.cz\/blog\/wp-content\/uploads\/2025\/05\/cp44.h5-150x150.jpg 150w, https:\/\/www.periferieprahy.cz\/blog\/wp-content\/uploads\/2025\/05\/cp44.h5-225x225.jpg 225w\" sizes=\"auto, (max-width: 722px) 100vw, 722px\" \/><span>Schody z Libock\u00e9 do uli\u010dky Ke Kostelu. V pozad\u00ed d\u016fm \u010d.p. 44, napravo \u010d.p. 57.<\/span><\/a><\/div><\/div><div class=\"su-image-carousel-item\"><div class=\"su-image-carousel-item-content\"><a href=\"https:\/\/www.periferieprahy.cz\/blog\/wp-content\/uploads\/2025\/05\/cp44.h17.jpg\" data-caption=\"D\u016fm \u010d.p. 535, kter\u00fd byl postaven v roce 1929 na m\u00edst\u011b b\u00fdval\u00fdch st\u00e1j\u00ed pat\u0159\u00edc\u00edch k domu \u010d.p. 44 (Zcela vlevo)\"><img loading=\"lazy\" decoding=\"async\" width=\"505\" height=\"763\" src=\"https:\/\/www.periferieprahy.cz\/blog\/wp-content\/uploads\/2025\/05\/cp44.h17.jpg\" class=\"\" alt=\"\" srcset=\"https:\/\/www.periferieprahy.cz\/blog\/wp-content\/uploads\/2025\/05\/cp44.h17.jpg 505w, https:\/\/www.periferieprahy.cz\/blog\/wp-content\/uploads\/2025\/05\/cp44.h17-199x300.jpg 199w\" sizes=\"auto, (max-width: 505px) 100vw, 505px\" \/><span>D\u016fm \u010d.p. 535, kter\u00fd byl postaven v roce 1929 na m\u00edst\u011b b\u00fdval\u00fdch st\u00e1j\u00ed pat\u0159\u00edc\u00edch k domu \u010d.p. 44 (Zcela vlevo)<\/span><\/a><\/div><\/div><div class=\"su-image-carousel-item\"><div class=\"su-image-carousel-item-content\"><a href=\"https:\/\/www.periferieprahy.cz\/blog\/wp-content\/uploads\/2025\/05\/cp44.h18.jpg\" data-caption=\"Jako p\u0159edchoz\u00ed fotka ale v roce 2009. Zcela vlevo \u010d.p. 44, v pop\u0159ed\u00ed \u010d.p. 535\"><img loading=\"lazy\" decoding=\"async\" width=\"569\" height=\"763\" src=\"https:\/\/www.periferieprahy.cz\/blog\/wp-content\/uploads\/2025\/05\/cp44.h18.jpg\" class=\"\" alt=\"\" srcset=\"https:\/\/www.periferieprahy.cz\/blog\/wp-content\/uploads\/2025\/05\/cp44.h18.jpg 569w, https:\/\/www.periferieprahy.cz\/blog\/wp-content\/uploads\/2025\/05\/cp44.h18-224x300.jpg 224w\" sizes=\"auto, (max-width: 569px) 100vw, 569px\" \/><span>Jako p\u0159edchoz\u00ed fotka ale v roce 2009. Zcela vlevo \u010d.p. 44, v pop\u0159ed\u00ed \u010d.p. 535<\/span><\/a><\/div><\/div><\/div><script id=\"su_image_carousel_69f5bc64002ef_script\">if(window.SUImageCarousel){setTimeout(function() {window.SUImageCarousel.initGallery(document.getElementById(\"su_image_carousel_69f5bc64002ef\"))}, 0);}var su_image_carousel_69f5bc64002ef_script=document.getElementById(\"su_image_carousel_69f5bc64002ef_script\");if(su_image_carousel_69f5bc64002ef_script){su_image_carousel_69f5bc64002ef_script.parentNode.removeChild(su_image_carousel_69f5bc64002ef_script);}<\/script>\n\n\n\n<h2 class=\"wp-block-heading has-text-align-center\" id=\"cechie\">\u010d.p. 297 vila \u010cechie<\/h2>\n\n\n<div class=\"su-image-carousel  su-image-carousel-has-spacing su-image-carousel-crop su-image-carousel-crop-1-1 su-image-carousel-has-lightbox su-image-carousel-has-outline su-image-carousel-adaptive su-image-carousel-slides-style-default su-image-carousel-controls-style-dark su-image-carousel-align-center\" style=\"max-width:600px\" data-flickity-options='{\"groupCells\":true,\"cellSelector\":\".su-image-carousel-item\",\"adaptiveHeight\":false,\"cellAlign\":\"left\",\"prevNextButtons\":true,\"pageDots\":true,\"autoPlay\":3000,\"imagesLoaded\":true,\"contain\":true,\"selectedAttraction\":0.025000000000000001387778780781445675529539585113525390625,\"friction\":0.2800000000000000266453525910037569701671600341796875}' id=\"su_image_carousel_69f5bc640161a\"><div class=\"su-image-carousel-item\"><div class=\"su-image-carousel-item-content\"><a href=\"https:\/\/www.periferieprahy.cz\/blog\/wp-content\/uploads\/2025\/05\/cp44.h8.jpg\" data-caption=\"Vila \u010cechie v ulici na Vypichu \u010d.p. 297, postaven\u00e1 Josefem Ruprechtem pro jeho prvn\u00ed \u017eenu Karol\u00ednu Ambro\u017eovou.\"><img loading=\"lazy\" decoding=\"async\" width=\"1059\" height=\"701\" src=\"https:\/\/www.periferieprahy.cz\/blog\/wp-content\/uploads\/2025\/05\/cp44.h8.jpg\" class=\"\" alt=\"\" srcset=\"https:\/\/www.periferieprahy.cz\/blog\/wp-content\/uploads\/2025\/05\/cp44.h8.jpg 1059w, https:\/\/www.periferieprahy.cz\/blog\/wp-content\/uploads\/2025\/05\/cp44.h8-300x199.jpg 300w, https:\/\/www.periferieprahy.cz\/blog\/wp-content\/uploads\/2025\/05\/cp44.h8-1024x678.jpg 1024w, https:\/\/www.periferieprahy.cz\/blog\/wp-content\/uploads\/2025\/05\/cp44.h8-768x508.jpg 768w\" sizes=\"auto, (max-width: 1059px) 100vw, 1059px\" \/><span>Vila \u010cechie v ulici na Vypichu \u010d.p. 297, postaven\u00e1 Josefem Ruprechtem pro jeho prvn\u00ed \u017eenu Karol\u00ednu Ambro\u017eovou.<\/span><\/a><\/div><\/div><div class=\"su-image-carousel-item\"><div class=\"su-image-carousel-item-content\"><a href=\"https:\/\/www.periferieprahy.cz\/blog\/wp-content\/uploads\/2025\/05\/cp44.h9.jpg\" data-caption=\"Vila \u010cechie v ulici na Vypichu \u010d.p. 297, postaven\u00e1 Josefem Ruprechtem pro jeho prvn\u00ed \u017eenu Karol\u00ednu Ambro\u017eovou, stav v roce 2009.\"><img loading=\"lazy\" decoding=\"async\" width=\"966\" height=\"705\" src=\"https:\/\/www.periferieprahy.cz\/blog\/wp-content\/uploads\/2025\/05\/cp44.h9.jpg\" class=\"\" alt=\"\" srcset=\"https:\/\/www.periferieprahy.cz\/blog\/wp-content\/uploads\/2025\/05\/cp44.h9.jpg 966w, https:\/\/www.periferieprahy.cz\/blog\/wp-content\/uploads\/2025\/05\/cp44.h9-300x219.jpg 300w, https:\/\/www.periferieprahy.cz\/blog\/wp-content\/uploads\/2025\/05\/cp44.h9-768x560.jpg 768w\" sizes=\"auto, (max-width: 966px) 100vw, 966px\" \/><span>Vila \u010cechie v ulici na Vypichu \u010d.p. 297, postaven\u00e1 Josefem Ruprechtem pro jeho prvn\u00ed \u017eenu Karol\u00ednu Ambro\u017eovou, stav v roce 2009.<\/span><\/a><\/div><\/div><div class=\"su-image-carousel-item\"><div class=\"su-image-carousel-item-content\"><a href=\"https:\/\/www.periferieprahy.cz\/blog\/wp-content\/uploads\/2025\/05\/cp44.h10.jpg\" data-caption=\"Dcery Josefa Ruprechta a jeho prvn\u00ed \u017eeny Karoliny Ambro\u017eov\u00e9, Josefa a Al\u017eb\u011bta, p\u0159ed vilou \u010cechie na Libock\u00e9\"><img loading=\"lazy\" decoding=\"async\" width=\"934\" height=\"758\" src=\"https:\/\/www.periferieprahy.cz\/blog\/wp-content\/uploads\/2025\/05\/cp44.h10.jpg\" class=\"\" alt=\"\" srcset=\"https:\/\/www.periferieprahy.cz\/blog\/wp-content\/uploads\/2025\/05\/cp44.h10.jpg 934w, https:\/\/www.periferieprahy.cz\/blog\/wp-content\/uploads\/2025\/05\/cp44.h10-300x243.jpg 300w, https:\/\/www.periferieprahy.cz\/blog\/wp-content\/uploads\/2025\/05\/cp44.h10-768x623.jpg 768w\" sizes=\"auto, (max-width: 934px) 100vw, 934px\" \/><span>Dcery Josefa Ruprechta a jeho prvn\u00ed \u017eeny Karoliny Ambro\u017eov\u00e9, Josefa a Al\u017eb\u011bta, p\u0159ed vilou \u010cechie na Libock\u00e9<\/span><\/a><\/div><\/div><\/div><script id=\"su_image_carousel_69f5bc640161a_script\">if(window.SUImageCarousel){setTimeout(function() {window.SUImageCarousel.initGallery(document.getElementById(\"su_image_carousel_69f5bc640161a\"))}, 0);}var su_image_carousel_69f5bc640161a_script=document.getElementById(\"su_image_carousel_69f5bc640161a_script\");if(su_image_carousel_69f5bc640161a_script){su_image_carousel_69f5bc640161a_script.parentNode.removeChild(su_image_carousel_69f5bc640161a_script);}<\/script>\n\n\n\n<h2 class=\"wp-block-heading has-text-align-center\">Josef Ruprecht <\/h2>\n\n\n<div class=\"su-image-carousel  su-image-carousel-columns-3 su-image-carousel-has-spacing su-image-carousel-crop su-image-carousel-crop-1-1 su-image-carousel-has-lightbox su-image-carousel-has-outline su-image-carousel-adaptive su-image-carousel-slides-style-default su-image-carousel-controls-style-dark su-image-carousel-align-center\" style=\"max-width:600px\" data-flickity-options='{\"groupCells\":true,\"cellSelector\":\".su-image-carousel-item\",\"adaptiveHeight\":false,\"cellAlign\":\"left\",\"prevNextButtons\":true,\"pageDots\":true,\"autoPlay\":5000,\"imagesLoaded\":true,\"contain\":true,\"selectedAttraction\":0.1499999999999999944488848768742172978818416595458984375,\"friction\":1}' id=\"su_image_carousel_69f5bc6404093\"><div class=\"su-image-carousel-item\"><div class=\"su-image-carousel-item-content\"><a href=\"https:\/\/www.periferieprahy.cz\/blog\/wp-content\/uploads\/2025\/05\/cp44.jpg\" data-caption=\"Prvn\u00ed s\u0148atek Josefa Ruprechta a Karol\u00edny Ambro\u017eov\u00e9 28. 4.1888. M\u011bli spolu dv\u011b dcery, Josef\u00ednu a Al\u017eb\u011btu.\"><img loading=\"lazy\" decoding=\"async\" width=\"344\" height=\"600\" src=\"https:\/\/www.periferieprahy.cz\/blog\/wp-content\/uploads\/2025\/05\/cp44.jpg\" class=\"\" alt=\"\" srcset=\"https:\/\/www.periferieprahy.cz\/blog\/wp-content\/uploads\/2025\/05\/cp44.jpg 344w, https:\/\/www.periferieprahy.cz\/blog\/wp-content\/uploads\/2025\/05\/cp44-172x300.jpg 172w\" sizes=\"auto, (max-width: 344px) 100vw, 344px\" \/><span>Prvn\u00ed s\u0148atek Josefa Ruprechta a Karol\u00edny Ambro\u017eov\u00e9 28. 4.1888. M\u011bli spolu dv\u011b dcery, Josef\u00ednu a Al\u017eb\u011btu.<\/span><\/a><\/div><\/div><div class=\"su-image-carousel-item\"><div class=\"su-image-carousel-item-content\"><a href=\"https:\/\/www.periferieprahy.cz\/blog\/wp-content\/uploads\/2025\/06\/cp44a.jpg\" data-caption=\"Starosta Josef Ruprecht se svou druhou \u017eenou Mari\u00ed Kratochv\u00edlovou,  rok 1896\"><img loading=\"lazy\" decoding=\"async\" width=\"1015\" height=\"1414\" src=\"https:\/\/www.periferieprahy.cz\/blog\/wp-content\/uploads\/2025\/06\/cp44a.jpg\" class=\"\" alt=\"\" srcset=\"https:\/\/www.periferieprahy.cz\/blog\/wp-content\/uploads\/2025\/06\/cp44a.jpg 1015w, https:\/\/www.periferieprahy.cz\/blog\/wp-content\/uploads\/2025\/06\/cp44a-215x300.jpg 215w, https:\/\/www.periferieprahy.cz\/blog\/wp-content\/uploads\/2025\/06\/cp44a-735x1024.jpg 735w, https:\/\/www.periferieprahy.cz\/blog\/wp-content\/uploads\/2025\/06\/cp44a-108x150.jpg 108w, https:\/\/www.periferieprahy.cz\/blog\/wp-content\/uploads\/2025\/06\/cp44a-768x1070.jpg 768w\" sizes=\"auto, (max-width: 1015px) 100vw, 1015px\" \/><span>Starosta Josef Ruprecht se svou druhou \u017eenou Mari\u00ed Kratochv\u00edlovou,  rok 1896<\/span><\/a><\/div><\/div><div class=\"su-image-carousel-item\"><div class=\"su-image-carousel-item-content\"><a href=\"https:\/\/www.periferieprahy.cz\/blog\/wp-content\/uploads\/2025\/05\/cp44.h13.gif\" data-caption=\"Skupinov\u00e9 foto ze svatby Josefa Ruprechta s Mari\u00ed Kratochv\u00edlovou p\u0159ed domem spr\u00e1vce obory ve Hv\u011bzd\u011b dne 2.7.1898\"><img loading=\"lazy\" decoding=\"async\" width=\"790\" height=\"558\" src=\"https:\/\/www.periferieprahy.cz\/blog\/wp-content\/uploads\/2025\/05\/cp44.h13.gif\" class=\"\" alt=\"\" \/><span>Skupinov\u00e9 foto ze svatby Josefa Ruprechta s Mari\u00ed Kratochv\u00edlovou p\u0159ed domem spr\u00e1vce obory ve Hv\u011bzd\u011b dne 2.7.1898<\/span><\/a><\/div><\/div><div class=\"su-image-carousel-item\"><div class=\"su-image-carousel-item-content\"><a href=\"https:\/\/www.periferieprahy.cz\/blog\/wp-content\/uploads\/2025\/05\/cp44.h11.jpg\" data-caption=\"\u017dena  ozna\u010den\u00e1 \u0161ipkou nad hlavou je Marie Ruprechtov\u00e1, rozen\u00e1 Kratochv\u00edlov\u00e1, s libock\u00fdmi \u017eenami.\"><img loading=\"lazy\" decoding=\"async\" width=\"936\" height=\"764\" src=\"https:\/\/www.periferieprahy.cz\/blog\/wp-content\/uploads\/2025\/05\/cp44.h11.jpg\" class=\"\" alt=\"\" srcset=\"https:\/\/www.periferieprahy.cz\/blog\/wp-content\/uploads\/2025\/05\/cp44.h11.jpg 936w, https:\/\/www.periferieprahy.cz\/blog\/wp-content\/uploads\/2025\/05\/cp44.h11-300x245.jpg 300w, https:\/\/www.periferieprahy.cz\/blog\/wp-content\/uploads\/2025\/05\/cp44.h11-768x627.jpg 768w\" sizes=\"auto, (max-width: 936px) 100vw, 936px\" \/><span>\u017dena  ozna\u010den\u00e1 \u0161ipkou nad hlavou je Marie Ruprechtov\u00e1, rozen\u00e1 Kratochv\u00edlov\u00e1, s libock\u00fdmi \u017eenami.<\/span><\/a><\/div><\/div><div class=\"su-image-carousel-item\"><div class=\"su-image-carousel-item-content\"><a href=\"https:\/\/www.periferieprahy.cz\/blog\/wp-content\/uploads\/2025\/05\/cp44c.jpg\" data-caption=\"Z poh\u0159bu Josefa Ruprechta  \u2020 9.4.1916, poh\u0159eb se konal 12. 4.1916\"><img loading=\"lazy\" decoding=\"async\" width=\"1449\" height=\"1102\" src=\"https:\/\/www.periferieprahy.cz\/blog\/wp-content\/uploads\/2025\/05\/cp44c.jpg\" class=\"\" alt=\"\" srcset=\"https:\/\/www.periferieprahy.cz\/blog\/wp-content\/uploads\/2025\/05\/cp44c.jpg 1449w, https:\/\/www.periferieprahy.cz\/blog\/wp-content\/uploads\/2025\/05\/cp44c-300x228.jpg 300w, https:\/\/www.periferieprahy.cz\/blog\/wp-content\/uploads\/2025\/05\/cp44c-1024x779.jpg 1024w, https:\/\/www.periferieprahy.cz\/blog\/wp-content\/uploads\/2025\/05\/cp44c-768x584.jpg 768w\" sizes=\"auto, (max-width: 1449px) 100vw, 1449px\" \/><span>Z poh\u0159bu Josefa Ruprechta  \u2020 9.4.1916, poh\u0159eb se konal 12. 4.1916<\/span><\/a><\/div><\/div><div class=\"su-image-carousel-item\"><div class=\"su-image-carousel-item-content\"><a href=\"https:\/\/www.periferieprahy.cz\/blog\/wp-content\/uploads\/2025\/05\/cp44b.jpg\" data-caption=\"Z poh\u0159bu Josefa Ruprechta  \u2020 9.4.1916, poh\u0159eb se konal 12. 4.1916\"><img loading=\"lazy\" decoding=\"async\" width=\"1448\" height=\"1083\" src=\"https:\/\/www.periferieprahy.cz\/blog\/wp-content\/uploads\/2025\/05\/cp44b.jpg\" class=\"\" alt=\"\" srcset=\"https:\/\/www.periferieprahy.cz\/blog\/wp-content\/uploads\/2025\/05\/cp44b.jpg 1448w, https:\/\/www.periferieprahy.cz\/blog\/wp-content\/uploads\/2025\/05\/cp44b-300x224.jpg 300w, https:\/\/www.periferieprahy.cz\/blog\/wp-content\/uploads\/2025\/05\/cp44b-1024x766.jpg 1024w, https:\/\/www.periferieprahy.cz\/blog\/wp-content\/uploads\/2025\/05\/cp44b-768x574.jpg 768w\" sizes=\"auto, (max-width: 1448px) 100vw, 1448px\" \/><span>Z poh\u0159bu Josefa Ruprechta  \u2020 9.4.1916, poh\u0159eb se konal 12. 4.1916<\/span><\/a><\/div><\/div><\/div><script id=\"su_image_carousel_69f5bc6404093_script\">if(window.SUImageCarousel){setTimeout(function() {window.SUImageCarousel.initGallery(document.getElementById(\"su_image_carousel_69f5bc6404093\"))}, 0);}var su_image_carousel_69f5bc6404093_script=document.getElementById(\"su_image_carousel_69f5bc6404093_script\");if(su_image_carousel_69f5bc6404093_script){su_image_carousel_69f5bc6404093_script.parentNode.removeChild(su_image_carousel_69f5bc6404093_script);}<\/script>\n\n\n<div class=\"wp-block-image\">\n<figure class=\"aligncenter size-full is-resized\" id=\"ruprecht_29_1_1855\"><img loading=\"lazy\" decoding=\"async\" width=\"480\" height=\"848\" src=\"https:\/\/www.periferieprahy.cz\/blog\/wp-content\/uploads\/2025\/05\/cp44d.jpg\" alt=\"\" class=\"wp-image-3329\" style=\"width:770px;height:auto\" srcset=\"https:\/\/www.periferieprahy.cz\/blog\/wp-content\/uploads\/2025\/05\/cp44d.jpg 480w, https:\/\/www.periferieprahy.cz\/blog\/wp-content\/uploads\/2025\/05\/cp44d-170x300.jpg 170w\" sizes=\"auto, (max-width: 480px) 100vw, 480px\" \/><figcaption class=\"wp-element-caption\">K\u0159estn\u00ed list Josefa Ruprechta * 29. ledna 1855.<\/figcaption><\/figure>\n<\/div>\n\n<div class=\"wp-block-image\">\n<figure class=\"aligncenter size-large is-resized\"><img loading=\"lazy\" decoding=\"async\" width=\"1024\" height=\"419\" src=\"https:\/\/www.periferieprahy.cz\/blog\/wp-content\/uploads\/2025\/05\/cp44.h26-1024x419.jpg\" alt=\"\" class=\"wp-image-3322\" style=\"width:1024px;height:auto\" srcset=\"https:\/\/www.periferieprahy.cz\/blog\/wp-content\/uploads\/2025\/05\/cp44.h26-1024x419.jpg 1024w, https:\/\/www.periferieprahy.cz\/blog\/wp-content\/uploads\/2025\/05\/cp44.h26-300x123.jpg 300w, https:\/\/www.periferieprahy.cz\/blog\/wp-content\/uploads\/2025\/05\/cp44.h26-768x314.jpg 768w, https:\/\/www.periferieprahy.cz\/blog\/wp-content\/uploads\/2025\/05\/cp44.h26.jpg 1244w\" sizes=\"auto, (max-width: 1024px) 100vw, 1024px\" \/><figcaption class=\"wp-element-caption\">Z\u00e1znam o prvn\u00edm s\u0148atku s Karol\u00ednou Ambro\u017eovou dne 28.4.1888. Ta zem\u0159ela 26.4.1897<\/figcaption><\/figure>\n<\/div>\n\n<div class=\"wp-block-image\">\n<figure class=\"aligncenter size-large is-resized\"><img loading=\"lazy\" decoding=\"async\" width=\"1024\" height=\"529\" src=\"https:\/\/www.periferieprahy.cz\/blog\/wp-content\/uploads\/2025\/05\/cp44.h27-1024x529.jpg\" alt=\"\" class=\"wp-image-3323\" style=\"width:1190px;height:auto\" srcset=\"https:\/\/www.periferieprahy.cz\/blog\/wp-content\/uploads\/2025\/05\/cp44.h27-1024x529.jpg 1024w, https:\/\/www.periferieprahy.cz\/blog\/wp-content\/uploads\/2025\/05\/cp44.h27-300x155.jpg 300w, https:\/\/www.periferieprahy.cz\/blog\/wp-content\/uploads\/2025\/05\/cp44.h27-768x396.jpg 768w, https:\/\/www.periferieprahy.cz\/blog\/wp-content\/uploads\/2025\/05\/cp44.h27.jpg 1052w\" sizes=\"auto, (max-width: 1024px) 100vw, 1024px\" \/><figcaption class=\"wp-element-caption\">Z\u00e1znam z 2.7.1898 o druh\u00e9m s\u0148atku Josefa Ruprechta a Mari\u00ed Kratochv\u00edlovou z \u0158ep<\/figcaption><\/figure>\n<\/div>\n\n<div class=\"wp-block-image\">\n<figure class=\"aligncenter size-large\"><img loading=\"lazy\" decoding=\"async\" width=\"1024\" height=\"203\" src=\"https:\/\/www.periferieprahy.cz\/blog\/wp-content\/uploads\/2025\/05\/cp44_Z_ruprecht1-1024x203.jpg\" alt=\"\" class=\"wp-image-3330\" srcset=\"https:\/\/www.periferieprahy.cz\/blog\/wp-content\/uploads\/2025\/05\/cp44_Z_ruprecht1-1024x203.jpg 1024w, https:\/\/www.periferieprahy.cz\/blog\/wp-content\/uploads\/2025\/05\/cp44_Z_ruprecht1-300x60.jpg 300w, https:\/\/www.periferieprahy.cz\/blog\/wp-content\/uploads\/2025\/05\/cp44_Z_ruprecht1-768x153.jpg 768w, https:\/\/www.periferieprahy.cz\/blog\/wp-content\/uploads\/2025\/05\/cp44_Z_ruprecht1.jpg 1425w\" sizes=\"auto, (max-width: 1024px) 100vw, 1024px\" \/><\/figure>\n<\/div>\n\n<div class=\"wp-block-image\">\n<figure class=\"aligncenter size-large\" id=\"ruprecht_tod\"><img loading=\"lazy\" decoding=\"async\" width=\"1024\" height=\"204\" src=\"https:\/\/www.periferieprahy.cz\/blog\/wp-content\/uploads\/2025\/05\/cp44_Z_ruprecht2-1024x204.jpg\" alt=\"\" class=\"wp-image-3331\" srcset=\"https:\/\/www.periferieprahy.cz\/blog\/wp-content\/uploads\/2025\/05\/cp44_Z_ruprecht2-1024x204.jpg 1024w, https:\/\/www.periferieprahy.cz\/blog\/wp-content\/uploads\/2025\/05\/cp44_Z_ruprecht2-300x60.jpg 300w, https:\/\/www.periferieprahy.cz\/blog\/wp-content\/uploads\/2025\/05\/cp44_Z_ruprecht2-768x153.jpg 768w, https:\/\/www.periferieprahy.cz\/blog\/wp-content\/uploads\/2025\/05\/cp44_Z_ruprecht2.jpg 1505w\" sizes=\"auto, (max-width: 1024px) 100vw, 1024px\" \/><figcaption class=\"wp-element-caption\">\u2020 9. 4. 1916 zem\u0159el  na astma  ve v\u011bku 61 let Josef Ruprecht.<\/figcaption><\/figure>\n<\/div>\n\n\n<h2 class=\"wp-block-heading has-text-align-center\">Josef Z\u016fcha<\/h2>\n\n\n<div class=\"su-image-carousel  su-image-carousel-has-spacing su-image-carousel-crop su-image-carousel-crop-2-3 su-image-carousel-has-lightbox su-image-carousel-has-outline su-image-carousel-adaptive su-image-carousel-slides-style-default su-image-carousel-controls-style-dark su-image-carousel-align-center\" style=\"max-width:600px\" data-flickity-options='{\"groupCells\":true,\"cellSelector\":\".su-image-carousel-item\",\"adaptiveHeight\":false,\"cellAlign\":\"left\",\"prevNextButtons\":true,\"pageDots\":true,\"autoPlay\":3000,\"imagesLoaded\":true,\"contain\":true,\"selectedAttraction\":0.025000000000000001387778780781445675529539585113525390625,\"friction\":0.2800000000000000266453525910037569701671600341796875}' id=\"su_image_carousel_69f5bc6405b09\"><div class=\"su-image-carousel-item\"><div class=\"su-image-carousel-item-content\"><a href=\"https:\/\/www.periferieprahy.cz\/blog\/wp-content\/uploads\/2025\/05\/cp44.h20.jpg\" data-caption=\"Josef Z\u016fcha s man\u017eelkou a dcerami, 11.2.1945 v ulici Za Vokovickou vozovnou, v pozad\u00ed hospoda Na R\u016f\u017eku \u010d.p. 362\"><img loading=\"lazy\" decoding=\"async\" width=\"347\" height=\"591\" src=\"https:\/\/www.periferieprahy.cz\/blog\/wp-content\/uploads\/2025\/05\/cp44.h20.jpg\" class=\"\" alt=\"\" srcset=\"https:\/\/www.periferieprahy.cz\/blog\/wp-content\/uploads\/2025\/05\/cp44.h20.jpg 347w, https:\/\/www.periferieprahy.cz\/blog\/wp-content\/uploads\/2025\/05\/cp44.h20-176x300.jpg 176w\" sizes=\"auto, (max-width: 347px) 100vw, 347px\" \/><span>Josef Z\u016fcha s man\u017eelkou a dcerami, 11.2.1945 v ulici Za Vokovickou vozovnou, v pozad\u00ed hospoda Na R\u016f\u017eku \u010d.p. 362<\/span><\/a><\/div><\/div><div class=\"su-image-carousel-item\"><div class=\"su-image-carousel-item-content\"><a href=\"https:\/\/www.periferieprahy.cz\/blog\/wp-content\/uploads\/2025\/05\/cp44.h25.jpg\" data-caption=\"\u010cetn\u00edci v Horn\u00ed Liboci. Vpravo Josef Z\u016fcha. Foto z 29. 8. 1926\"><img loading=\"lazy\" decoding=\"async\" width=\"793\" height=\"710\" src=\"https:\/\/www.periferieprahy.cz\/blog\/wp-content\/uploads\/2025\/05\/cp44.h25.jpg\" class=\"\" alt=\"\" srcset=\"https:\/\/www.periferieprahy.cz\/blog\/wp-content\/uploads\/2025\/05\/cp44.h25.jpg 793w, https:\/\/www.periferieprahy.cz\/blog\/wp-content\/uploads\/2025\/05\/cp44.h25-300x269.jpg 300w, https:\/\/www.periferieprahy.cz\/blog\/wp-content\/uploads\/2025\/05\/cp44.h25-768x688.jpg 768w\" sizes=\"auto, (max-width: 793px) 100vw, 793px\" \/><span>\u010cetn\u00edci v Horn\u00ed Liboci. Vpravo Josef Z\u016fcha. Foto z 29. 8. 1926<\/span><\/a><\/div><\/div><div class=\"su-image-carousel-item\"><div class=\"su-image-carousel-item-content\"><a href=\"https:\/\/www.periferieprahy.cz\/blog\/wp-content\/uploads\/2025\/05\/cp44.h23.jpg\" data-caption=\"Odvody branc\u016f v Ruzyn\u00ed r. 1937, vlevo je Josef Z\u016fcha\"><img loading=\"lazy\" decoding=\"async\" width=\"448\" height=\"701\" src=\"https:\/\/www.periferieprahy.cz\/blog\/wp-content\/uploads\/2025\/05\/cp44.h23.jpg\" class=\"\" alt=\"\" srcset=\"https:\/\/www.periferieprahy.cz\/blog\/wp-content\/uploads\/2025\/05\/cp44.h23.jpg 448w, https:\/\/www.periferieprahy.cz\/blog\/wp-content\/uploads\/2025\/05\/cp44.h23-192x300.jpg 192w\" sizes=\"auto, (max-width: 448px) 100vw, 448px\" \/><span>Odvody branc\u016f v Ruzyn\u00ed r. 1937, vlevo je Josef Z\u016fcha<\/span><\/a><\/div><\/div><div class=\"su-image-carousel-item\"><div class=\"su-image-carousel-item-content\"><a href=\"https:\/\/www.periferieprahy.cz\/blog\/wp-content\/uploads\/2025\/05\/cp44.h24.jpg\" data-caption=\"Odvody branc\u016f v Ruzyn\u00ed r. 1937, revers fotografie\"><img loading=\"lazy\" decoding=\"async\" width=\"677\" height=\"1099\" src=\"https:\/\/www.periferieprahy.cz\/blog\/wp-content\/uploads\/2025\/05\/cp44.h24.jpg\" class=\"\" alt=\"\" srcset=\"https:\/\/www.periferieprahy.cz\/blog\/wp-content\/uploads\/2025\/05\/cp44.h24.jpg 677w, https:\/\/www.periferieprahy.cz\/blog\/wp-content\/uploads\/2025\/05\/cp44.h24-185x300.jpg 185w, https:\/\/www.periferieprahy.cz\/blog\/wp-content\/uploads\/2025\/05\/cp44.h24-631x1024.jpg 631w\" sizes=\"auto, (max-width: 677px) 100vw, 677px\" \/><span>Odvody branc\u016f v Ruzyn\u00ed r. 1937, revers fotografie<\/span><\/a><\/div><\/div><div class=\"su-image-carousel-item\"><div class=\"su-image-carousel-item-content\"><a href=\"https:\/\/www.periferieprahy.cz\/blog\/wp-content\/uploads\/2025\/05\/cp44.h21.jpg\" data-caption=\"Nebu\u0161ice, man\u00e9vry n\u00e1rodn\u00ed gardy 13.9. 1936. Josef Z\u016fcha je vlevo.\"><img loading=\"lazy\" decoding=\"async\" width=\"451\" height=\"673\" src=\"https:\/\/www.periferieprahy.cz\/blog\/wp-content\/uploads\/2025\/05\/cp44.h21.jpg\" class=\"\" alt=\"\" srcset=\"https:\/\/www.periferieprahy.cz\/blog\/wp-content\/uploads\/2025\/05\/cp44.h21.jpg 451w, https:\/\/www.periferieprahy.cz\/blog\/wp-content\/uploads\/2025\/05\/cp44.h21-201x300.jpg 201w\" sizes=\"auto, (max-width: 451px) 100vw, 451px\" \/><span>Nebu\u0161ice, man\u00e9vry n\u00e1rodn\u00ed gardy 13.9. 1936. Josef Z\u016fcha je vlevo.<\/span><\/a><\/div><\/div><div class=\"su-image-carousel-item\"><div class=\"su-image-carousel-item-content\"><a href=\"https:\/\/www.periferieprahy.cz\/blog\/wp-content\/uploads\/2025\/05\/cp44.h22.jpg\" data-caption=\"Nebu\u0161ice, man\u00e9vry n\u00e1rodn\u00ed gardy 13.9. 1936, revers fotografie.\"><img loading=\"lazy\" decoding=\"async\" width=\"566\" height=\"1071\" src=\"https:\/\/www.periferieprahy.cz\/blog\/wp-content\/uploads\/2025\/05\/cp44.h22.jpg\" class=\"\" alt=\"\" srcset=\"https:\/\/www.periferieprahy.cz\/blog\/wp-content\/uploads\/2025\/05\/cp44.h22.jpg 566w, https:\/\/www.periferieprahy.cz\/blog\/wp-content\/uploads\/2025\/05\/cp44.h22-159x300.jpg 159w, https:\/\/www.periferieprahy.cz\/blog\/wp-content\/uploads\/2025\/05\/cp44.h22-541x1024.jpg 541w\" sizes=\"auto, (max-width: 566px) 100vw, 566px\" \/><span>Nebu\u0161ice, man\u00e9vry n\u00e1rodn\u00ed gardy 13.9. 1936, revers fotografie.<\/span><\/a><\/div><\/div><\/div><script id=\"su_image_carousel_69f5bc6405b09_script\">if(window.SUImageCarousel){setTimeout(function() {window.SUImageCarousel.initGallery(document.getElementById(\"su_image_carousel_69f5bc6405b09\"))}, 0);}var su_image_carousel_69f5bc6405b09_script=document.getElementById(\"su_image_carousel_69f5bc6405b09_script\");if(su_image_carousel_69f5bc6405b09_script){su_image_carousel_69f5bc6405b09_script.parentNode.removeChild(su_image_carousel_69f5bc6405b09_script);}<\/script>\n","protected":false},"excerpt":{"rendered":"<p>D\u016fm v\u00fdznamn\u00e9 libock\u00e9 osobnosti Josefa Rumprechta *29. 1. 1855 \u2020 9.4.1916 , mistra zednick\u00e9ho \u0159emesla, pozd\u011bji stavitele a libock\u00e9ho starosty v letech 1896 &#8211; 1902. Roku 1840 je zde uv\u00e1d\u011bna Sumrov\u00e1 Magdal\u00e9na. Roku 1855 je zde ji\u017e uv\u00e1d\u011bn Mat\u011bj Ruprecht, krej\u010d\u00ed, otec Josefa Ruprechta a otec Magdal\u00e9ny Sumrov\u00e9 Mat\u011bj, se svoj\u00ed \u017eenou Magdal\u00e9nou rozenou Stejskalovou z Ruzyn\u011b \u010d. 24.<br \/>\nPou\u017eit\u00e9 fotografie poskytla ze sv\u00e9ho alba pan\u00ed \u2020Marie \u0160est\u00e1kov\u00e1, pravnu\u010dka Josefa Ruprechta a dcera libock\u00e9ho \u010detn\u00edka pana Josefa Z\u016fchy.<\/p>\n","protected":false},"author":1,"featured_media":3300,"comment_status":"open","ping_status":"open","sticky":false,"template":"","format":"standard","meta":{"_exactmetrics_skip_tracking":false,"_exactmetrics_sitenote_active":false,"_exactmetrics_sitenote_note":"","_exactmetrics_sitenote_category":0,"footnotes":""},"categories":[3,37],"tags":[],"post_folder":[],"class_list":["post-3294","post","type-post","status-publish","format-standard","has-post-thumbnail","hentry","category-redakce","category-zednici"],"_links":{"self":[{"href":"https:\/\/www.periferieprahy.cz\/blog\/wp-json\/wp\/v2\/posts\/3294","targetHints":{"allow":["GET"]}}],"collection":[{"href":"https:\/\/www.periferieprahy.cz\/blog\/wp-json\/wp\/v2\/posts"}],"about":[{"href":"https:\/\/www.periferieprahy.cz\/blog\/wp-json\/wp\/v2\/types\/post"}],"author":[{"embeddable":true,"href":"https:\/\/www.periferieprahy.cz\/blog\/wp-json\/wp\/v2\/users\/1"}],"replies":[{"embeddable":true,"href":"https:\/\/www.periferieprahy.cz\/blog\/wp-json\/wp\/v2\/comments?post=3294"}],"version-history":[{"count":5,"href":"https:\/\/www.periferieprahy.cz\/blog\/wp-json\/wp\/v2\/posts\/3294\/revisions"}],"predecessor-version":[{"id":4609,"href":"https:\/\/www.periferieprahy.cz\/blog\/wp-json\/wp\/v2\/posts\/3294\/revisions\/4609"}],"wp:featuredmedia":[{"embeddable":true,"href":"https:\/\/www.periferieprahy.cz\/blog\/wp-json\/wp\/v2\/media\/3300"}],"wp:attachment":[{"href":"https:\/\/www.periferieprahy.cz\/blog\/wp-json\/wp\/v2\/media?parent=3294"}],"wp:term":[{"taxonomy":"category","embeddable":true,"href":"https:\/\/www.periferieprahy.cz\/blog\/wp-json\/wp\/v2\/categories?post=3294"},{"taxonomy":"post_tag","embeddable":true,"href":"https:\/\/www.periferieprahy.cz\/blog\/wp-json\/wp\/v2\/tags?post=3294"},{"taxonomy":"post_folder","embeddable":true,"href":"https:\/\/www.periferieprahy.cz\/blog\/wp-json\/wp\/v2\/post_folder?post=3294"}],"curies":[{"name":"wp","href":"https:\/\/api.w.org\/{rel}","templated":true}]}}