{"id":3388,"date":"2025-05-04T21:48:17","date_gmt":"2025-05-04T19:48:17","guid":{"rendered":"https:\/\/www.periferieprahy.cz\/blog\/?p=3388"},"modified":"2025-05-06T22:23:52","modified_gmt":"2025-05-06T20:23:52","slug":"c-p-56-pokornych-a-sramovi","status":"publish","type":"post","link":"https:\/\/www.periferieprahy.cz\/blog\/2025\/05\/04\/c-p-56-pokornych-a-sramovi\/","title":{"rendered":"\u010c.p. 56 Pokorn\u00fdch a \u0160r\u00e1movi"},"content":{"rendered":"\n<p align=\"left\">\n\t\t\t<img loading=\"lazy\" decoding=\"async\" border=\"0\" src=\"https:\/\/www.periferieprahy.cz\/blog\/wp-content\/uploads\/2024\/12\/pismo7_4.gif\" width=\"107\" height=\"132\" align=\"left\">\u016fm \n\t\t\t\u010d.p. 56 stoj\u00ed v uli\u010dce Ke Kostelu a jeho ji\u017en\u00ed pr\u016f\u010del\u00ed m\u00e1 zaj\u00edmavou, \n\t\t\ta\u017e romantickou architekturu. D\u016fm vlastnil v roce 1921 pan u\u010ditel \n\t\t\tPokorn\u00fd. Historick\u00e9 fotografie poskytla jeho dcera, pan\u00ed Bohdana \n\t\t\tprovdan\u00e1 \u0160r\u00e1mov\u00e1. Mo\u017en\u00e1, \u017ee na fotk\u00e1ch je\u0161t\u011b n\u011bkoho pozn\u00e1te nebo \n\t\t\tm\u016f\u017eete n\u011bco doplnit. V\u0161e v\u00edtano. V z\u00e1v\u011bru str\u00e1nky naleznete n\u011bkolik fotografi\u00ed navozuj\u00edc\u00ed atmosf\u00e9ru \n konce v\u00e1lky v Liboci &#8211; kv\u011bten 1945.\n\n\n<div class=\"su-image-carousel  su-image-carousel-has-spacing su-image-carousel-crop su-image-carousel-crop-2-3 su-image-carousel-has-lightbox su-image-carousel-has-outline su-image-carousel-adaptive su-image-carousel-slides-style-default su-image-carousel-controls-style-dark su-image-carousel-align-center\" style=\"max-width:600px\" data-flickity-options='{\"groupCells\":true,\"cellSelector\":\".su-image-carousel-item\",\"adaptiveHeight\":false,\"cellAlign\":\"left\",\"prevNextButtons\":true,\"pageDots\":true,\"autoPlay\":3000,\"imagesLoaded\":true,\"contain\":true,\"selectedAttraction\":0.025000000000000001387778780781445675529539585113525390625,\"friction\":0.2800000000000000266453525910037569701671600341796875}' id=\"su_image_carousel_69f449365ebf9\"><div class=\"su-image-carousel-item\"><div class=\"su-image-carousel-item-content\"><a href=\"https:\/\/www.periferieprahy.cz\/blog\/wp-content\/uploads\/2025\/05\/cp56_C.jpg\" data-caption=\"\u010c.p. 56 kolem roku 1930\"><img loading=\"lazy\" decoding=\"async\" width=\"385\" height=\"600\" src=\"https:\/\/www.periferieprahy.cz\/blog\/wp-content\/uploads\/2025\/05\/cp56_C.jpg\" class=\"\" alt=\"\" srcset=\"https:\/\/www.periferieprahy.cz\/blog\/wp-content\/uploads\/2025\/05\/cp56_C.jpg 385w, https:\/\/www.periferieprahy.cz\/blog\/wp-content\/uploads\/2025\/05\/cp56_C-193x300.jpg 193w\" sizes=\"auto, (max-width: 385px) 100vw, 385px\" \/><span>\u010c.p. 56 kolem roku 1930<\/span><\/a><\/div><\/div><div class=\"su-image-carousel-item\"><div class=\"su-image-carousel-item-content\"><a href=\"https:\/\/www.periferieprahy.cz\/blog\/wp-content\/uploads\/2025\/05\/cp56_D.jpg\" data-caption=\"\u010c.p. 56 v roce 2009\"><img loading=\"lazy\" decoding=\"async\" width=\"551\" height=\"600\" src=\"https:\/\/www.periferieprahy.cz\/blog\/wp-content\/uploads\/2025\/05\/cp56_D.jpg\" class=\"\" alt=\"\" srcset=\"https:\/\/www.periferieprahy.cz\/blog\/wp-content\/uploads\/2025\/05\/cp56_D.jpg 551w, https:\/\/www.periferieprahy.cz\/blog\/wp-content\/uploads\/2025\/05\/cp56_D-276x300.jpg 276w\" sizes=\"auto, (max-width: 551px) 100vw, 551px\" \/><span>\u010c.p. 56 v roce 2009<\/span><\/a><\/div><\/div><div class=\"su-image-carousel-item\"><div class=\"su-image-carousel-item-content\"><a href=\"https:\/\/www.periferieprahy.cz\/blog\/wp-content\/uploads\/2025\/05\/cp56_B.jpg\" data-caption=\"\u010c.p. 56 v roce 2009\"><img loading=\"lazy\" decoding=\"async\" width=\"800\" height=\"600\" src=\"https:\/\/www.periferieprahy.cz\/blog\/wp-content\/uploads\/2025\/05\/cp56_B.jpg\" class=\"\" alt=\"\" srcset=\"https:\/\/www.periferieprahy.cz\/blog\/wp-content\/uploads\/2025\/05\/cp56_B.jpg 800w, https:\/\/www.periferieprahy.cz\/blog\/wp-content\/uploads\/2025\/05\/cp56_B-300x225.jpg 300w, https:\/\/www.periferieprahy.cz\/blog\/wp-content\/uploads\/2025\/05\/cp56_B-768x576.jpg 768w\" sizes=\"auto, (max-width: 800px) 100vw, 800px\" \/><span>\u010c.p. 56 v roce 2009<\/span><\/a><\/div><\/div><div class=\"su-image-carousel-item\"><div class=\"su-image-carousel-item-content\"><a href=\"https:\/\/www.periferieprahy.cz\/blog\/wp-content\/uploads\/2025\/05\/cp56_A.jpg\" data-caption=\"\u010c.p. 56 v roce 2009\"><img loading=\"lazy\" decoding=\"async\" width=\"800\" height=\"600\" src=\"https:\/\/www.periferieprahy.cz\/blog\/wp-content\/uploads\/2025\/05\/cp56_A.jpg\" class=\"\" alt=\"\" srcset=\"https:\/\/www.periferieprahy.cz\/blog\/wp-content\/uploads\/2025\/05\/cp56_A.jpg 800w, https:\/\/www.periferieprahy.cz\/blog\/wp-content\/uploads\/2025\/05\/cp56_A-300x225.jpg 300w, https:\/\/www.periferieprahy.cz\/blog\/wp-content\/uploads\/2025\/05\/cp56_A-768x576.jpg 768w\" sizes=\"auto, (max-width: 800px) 100vw, 800px\" \/><span>\u010c.p. 56 v roce 2009<\/span><\/a><\/div><\/div><\/div><script id=\"su_image_carousel_69f449365ebf9_script\">if(window.SUImageCarousel){setTimeout(function() {window.SUImageCarousel.initGallery(document.getElementById(\"su_image_carousel_69f449365ebf9\"))}, 0);}var su_image_carousel_69f449365ebf9_script=document.getElementById(\"su_image_carousel_69f449365ebf9_script\");if(su_image_carousel_69f449365ebf9_script){su_image_carousel_69f449365ebf9_script.parentNode.removeChild(su_image_carousel_69f449365ebf9_script);}<\/script>\n\n\n\n<h2 class=\"wp-block-heading has-text-align-center\">Libo\u010dt\u00ed z alba pan\u00ed \u0160r\u00e1mov\u00e9<\/h2>\n\n\n<div class=\"su-image-carousel  su-image-carousel-has-spacing su-image-carousel-crop su-image-carousel-crop-3-2 su-image-carousel-has-lightbox su-image-carousel-has-outline su-image-carousel-adaptive su-image-carousel-slides-style-default su-image-carousel-controls-style-dark su-image-carousel-align-center\" style=\"max-width:800px\" data-flickity-options='{\"groupCells\":true,\"cellSelector\":\".su-image-carousel-item\",\"adaptiveHeight\":false,\"cellAlign\":\"left\",\"prevNextButtons\":true,\"pageDots\":true,\"autoPlay\":3000,\"imagesLoaded\":true,\"contain\":true,\"selectedAttraction\":0.025000000000000001387778780781445675529539585113525390625,\"friction\":0.2800000000000000266453525910037569701671600341796875}' id=\"su_image_carousel_69f449366071f\"><div class=\"su-image-carousel-item\"><div class=\"su-image-carousel-item-content\"><a href=\"https:\/\/www.periferieprahy.cz\/blog\/wp-content\/uploads\/2025\/05\/cp56_1.jpg\" data-caption=\"Z alba pan\u00ed \u0160r\u00e1mov\u00e9:\n\u0160rajerovi, V. Hrab\u011btov\u00e1, kle\u010d\u00edc\u00ed gratulant p. Rample, d\u00e1le Konigsmark, Hrab\u011btov\u00e1, Jarda Kindl, Fr. Pavlas, Pe\u0161tov\u00e1, Pokorn\u00e1, t\u0159i vzadu Hobza, Dohnal, Koz\u00e1k\"><img loading=\"lazy\" decoding=\"async\" width=\"417\" height=\"417\" src=\"https:\/\/www.periferieprahy.cz\/blog\/wp-content\/uploads\/2025\/05\/cp56_1.jpg\" class=\"\" alt=\"\" srcset=\"https:\/\/www.periferieprahy.cz\/blog\/wp-content\/uploads\/2025\/05\/cp56_1.jpg 417w, https:\/\/www.periferieprahy.cz\/blog\/wp-content\/uploads\/2025\/05\/cp56_1-300x300.jpg 300w, https:\/\/www.periferieprahy.cz\/blog\/wp-content\/uploads\/2025\/05\/cp56_1-150x150.jpg 150w, https:\/\/www.periferieprahy.cz\/blog\/wp-content\/uploads\/2025\/05\/cp56_1-225x225.jpg 225w\" sizes=\"auto, (max-width: 417px) 100vw, 417px\" \/><span>Z alba pan\u00ed \u0160r\u00e1mov\u00e9:\n\u0160rajerovi, V. Hrab\u011btov\u00e1, kle\u010d\u00edc\u00ed gratulant p. Rample, d\u00e1le Konigsmark, Hrab\u011btov\u00e1, Jarda Kindl, Fr. Pavlas, Pe\u0161tov\u00e1, Pokorn\u00e1, t\u0159i vzadu Hobza, Dohnal, Koz\u00e1k<\/span><\/a><\/div><\/div><div class=\"su-image-carousel-item\"><div class=\"su-image-carousel-item-content\"><a href=\"https:\/\/www.periferieprahy.cz\/blog\/wp-content\/uploads\/2025\/05\/cp56_2.jpg\" data-caption=\"Z alba pan\u00ed \u0160r\u00e1mov\u00e9:\nZprava sed\u00edc\u00ed Jarda Kindl,.., Tom\u00e1\u0161 \u0160rajer, Rample, Koz\u00e1k, F. Pavlas, Hobza, Dohnal\"><img loading=\"lazy\" decoding=\"async\" width=\"423\" height=\"418\" src=\"https:\/\/www.periferieprahy.cz\/blog\/wp-content\/uploads\/2025\/05\/cp56_2.jpg\" class=\"\" alt=\"\" srcset=\"https:\/\/www.periferieprahy.cz\/blog\/wp-content\/uploads\/2025\/05\/cp56_2.jpg 423w, https:\/\/www.periferieprahy.cz\/blog\/wp-content\/uploads\/2025\/05\/cp56_2-300x296.jpg 300w\" sizes=\"auto, (max-width: 423px) 100vw, 423px\" \/><span>Z alba pan\u00ed \u0160r\u00e1mov\u00e9:\nZprava sed\u00edc\u00ed Jarda Kindl,.., Tom\u00e1\u0161 \u0160rajer, Rample, Koz\u00e1k, F. Pavlas, Hobza, Dohnal<\/span><\/a><\/div><\/div><div class=\"su-image-carousel-item\"><div class=\"su-image-carousel-item-content\"><a href=\"https:\/\/www.periferieprahy.cz\/blog\/wp-content\/uploads\/2025\/05\/cp56_3.jpg\" data-caption=\"Z alba pan\u00ed \u0160r\u00e1mov\u00e9\n\nLibo\u010dt\u00ed Sokolov\u00e9. Nejsem si jist, ale ta stavba vlevo mi p\u0159ipom\u00edn\u00e1 b\u00fdvalou j\u00edzd\u00e1rnu v ruzy\u0148sk\u00fdch kas\u00e1rn\u00e1ch. Na obzoru by to byla dne\u0161n\u00ed Evropsk\u00e1.\"><img loading=\"lazy\" decoding=\"async\" width=\"986\" height=\"640\" src=\"https:\/\/www.periferieprahy.cz\/blog\/wp-content\/uploads\/2025\/05\/cp56_3.jpg\" class=\"\" alt=\"\" srcset=\"https:\/\/www.periferieprahy.cz\/blog\/wp-content\/uploads\/2025\/05\/cp56_3.jpg 986w, https:\/\/www.periferieprahy.cz\/blog\/wp-content\/uploads\/2025\/05\/cp56_3-300x195.jpg 300w, https:\/\/www.periferieprahy.cz\/blog\/wp-content\/uploads\/2025\/05\/cp56_3-768x498.jpg 768w\" sizes=\"auto, (max-width: 986px) 100vw, 986px\" \/><span>Z alba pan\u00ed \u0160r\u00e1mov\u00e9\n\nLibo\u010dt\u00ed Sokolov\u00e9. Nejsem si jist, ale ta stavba vlevo mi p\u0159ipom\u00edn\u00e1 b\u00fdvalou j\u00edzd\u00e1rnu v ruzy\u0148sk\u00fdch kas\u00e1rn\u00e1ch. Na obzoru by to byla dne\u0161n\u00ed Evropsk\u00e1.<\/span><\/a><\/div><\/div><div class=\"su-image-carousel-item\"><div class=\"su-image-carousel-item-content\"><a href=\"https:\/\/www.periferieprahy.cz\/blog\/wp-content\/uploads\/2025\/05\/cp56_4.jpg\" data-caption=\"Z alba pan\u00ed \u0160r\u00e1mov\u00e9:\nN\u011bkdy v pades\u00e1t\u00fdch letech. Brig\u00e1da ul. U Kostela: zleva Ka\u0161par, Moravec, Svl\u00e1\u0161kov\u00e1, Fran\u011bk, Pokorn\u00e1, Je\u0159\u00e1bek, Hole\u0161, mal\u00ed kluci Je\u0159\u00e1bek a J.Ka\u0161par, Majka Moravcov\u00e1\"><img loading=\"lazy\" decoding=\"async\" width=\"1024\" height=\"678\" src=\"https:\/\/www.periferieprahy.cz\/blog\/wp-content\/uploads\/2025\/05\/cp56_4.jpg\" class=\"\" alt=\"\" srcset=\"https:\/\/www.periferieprahy.cz\/blog\/wp-content\/uploads\/2025\/05\/cp56_4.jpg 1024w, https:\/\/www.periferieprahy.cz\/blog\/wp-content\/uploads\/2025\/05\/cp56_4-300x199.jpg 300w, https:\/\/www.periferieprahy.cz\/blog\/wp-content\/uploads\/2025\/05\/cp56_4-768x509.jpg 768w\" sizes=\"auto, (max-width: 1024px) 100vw, 1024px\" \/><span>Z alba pan\u00ed \u0160r\u00e1mov\u00e9:\nN\u011bkdy v pades\u00e1t\u00fdch letech. Brig\u00e1da ul. U Kostela: zleva Ka\u0161par, Moravec, Svl\u00e1\u0161kov\u00e1, Fran\u011bk, Pokorn\u00e1, Je\u0159\u00e1bek, Hole\u0161, mal\u00ed kluci Je\u0159\u00e1bek a J.Ka\u0161par, Majka Moravcov\u00e1<\/span><\/a><\/div><\/div><\/div><script id=\"su_image_carousel_69f449366071f_script\">if(window.SUImageCarousel){setTimeout(function() {window.SUImageCarousel.initGallery(document.getElementById(\"su_image_carousel_69f449366071f\"))}, 0);}var su_image_carousel_69f449366071f_script=document.getElementById(\"su_image_carousel_69f449366071f_script\");if(su_image_carousel_69f449366071f_script){su_image_carousel_69f449366071f_script.parentNode.removeChild(su_image_carousel_69f449366071f_script);}<\/script>\n\n\n\n<h2 class=\"wp-block-heading has-text-align-center\" id=\"valka\">Konec v\u00e1lky v Liboci, z alba pan\u00ed \u0160r\u00e1mov\u00e9<\/h2>\n\n\n<div class=\"su-image-carousel  su-image-carousel-has-spacing su-image-carousel-crop su-image-carousel-crop-3-2 su-image-carousel-has-lightbox su-image-carousel-has-outline su-image-carousel-adaptive su-image-carousel-slides-style-default su-image-carousel-controls-style-dark su-image-carousel-align-center\" style=\"max-width:800px\" data-flickity-options='{\"groupCells\":true,\"cellSelector\":\".su-image-carousel-item\",\"adaptiveHeight\":false,\"cellAlign\":\"left\",\"prevNextButtons\":true,\"pageDots\":true,\"autoPlay\":3000,\"imagesLoaded\":true,\"contain\":true,\"selectedAttraction\":0.025000000000000001387778780781445675529539585113525390625,\"friction\":0.2800000000000000266453525910037569701671600341796875}' id=\"su_image_carousel_69f4493662577\"><div class=\"su-image-carousel-item\"><div class=\"su-image-carousel-item-content\"><a href=\"https:\/\/www.periferieprahy.cz\/blog\/wp-content\/uploads\/2025\/05\/cp56_8.jpg\" data-caption=\"Z alba pan\u00ed \u0160r\u00e1mov\u00e9:\nLiboc, kv\u011bten 1945 p. Ka\u0161parov\u00e1, \u0160rajerov\u00e1, Hrab\u011btov\u00e1\"><img loading=\"lazy\" decoding=\"async\" width=\"410\" height=\"402\" src=\"https:\/\/www.periferieprahy.cz\/blog\/wp-content\/uploads\/2025\/05\/cp56_8.jpg\" class=\"\" alt=\"\" srcset=\"https:\/\/www.periferieprahy.cz\/blog\/wp-content\/uploads\/2025\/05\/cp56_8.jpg 410w, https:\/\/www.periferieprahy.cz\/blog\/wp-content\/uploads\/2025\/05\/cp56_8-300x294.jpg 300w\" sizes=\"auto, (max-width: 410px) 100vw, 410px\" \/><span>Z alba pan\u00ed \u0160r\u00e1mov\u00e9:\nLiboc, kv\u011bten 1945 p. Ka\u0161parov\u00e1, \u0160rajerov\u00e1, Hrab\u011btov\u00e1<\/span><\/a><\/div><\/div><div class=\"su-image-carousel-item\"><div class=\"su-image-carousel-item-content\"><a href=\"https:\/\/www.periferieprahy.cz\/blog\/wp-content\/uploads\/2025\/05\/cp56_7.jpg\" data-caption=\"Z alba pan\u00ed \u0160r\u00e1mov\u00e9:\nLiboc, kv\u011bten 1945.\"><img loading=\"lazy\" decoding=\"async\" width=\"1034\" height=\"640\" src=\"https:\/\/www.periferieprahy.cz\/blog\/wp-content\/uploads\/2025\/05\/cp56_7.jpg\" class=\"\" alt=\"\" srcset=\"https:\/\/www.periferieprahy.cz\/blog\/wp-content\/uploads\/2025\/05\/cp56_7.jpg 1034w, https:\/\/www.periferieprahy.cz\/blog\/wp-content\/uploads\/2025\/05\/cp56_7-300x186.jpg 300w, https:\/\/www.periferieprahy.cz\/blog\/wp-content\/uploads\/2025\/05\/cp56_7-1024x634.jpg 1024w, https:\/\/www.periferieprahy.cz\/blog\/wp-content\/uploads\/2025\/05\/cp56_7-768x475.jpg 768w\" sizes=\"auto, (max-width: 1034px) 100vw, 1034px\" \/><span>Z alba pan\u00ed \u0160r\u00e1mov\u00e9:\nLiboc, kv\u011bten 1945.<\/span><\/a><\/div><\/div><div class=\"su-image-carousel-item\"><div class=\"su-image-carousel-item-content\"><a href=\"https:\/\/www.periferieprahy.cz\/blog\/wp-content\/uploads\/2025\/05\/cp56_6.jpg\" data-caption=\"Z alba pan\u00ed \u0160r\u00e1mov\u00e9:\nLiboc, kv\u011bten 1945- \u017eena vedle voj\u00e1ka Jarka Pokorn\u00e1, vlevo dole Koso\u0148, mlad\u00fd Mare\u0161, p. K\u0159\u00ed\u017eov\u00e1, \u0160\u00e1dek, p. Voz\u00e1kov\u00e1, Petr\u00e1\u010dkov\u00e1, naho\u0159e mal\u00fd \u0160tolla.\"><img loading=\"lazy\" decoding=\"async\" width=\"1036\" height=\"655\" src=\"https:\/\/www.periferieprahy.cz\/blog\/wp-content\/uploads\/2025\/05\/cp56_6.jpg\" class=\"\" alt=\"\" srcset=\"https:\/\/www.periferieprahy.cz\/blog\/wp-content\/uploads\/2025\/05\/cp56_6.jpg 1036w, https:\/\/www.periferieprahy.cz\/blog\/wp-content\/uploads\/2025\/05\/cp56_6-300x190.jpg 300w, https:\/\/www.periferieprahy.cz\/blog\/wp-content\/uploads\/2025\/05\/cp56_6-1024x647.jpg 1024w, https:\/\/www.periferieprahy.cz\/blog\/wp-content\/uploads\/2025\/05\/cp56_6-768x486.jpg 768w\" sizes=\"auto, (max-width: 1036px) 100vw, 1036px\" \/><span>Z alba pan\u00ed \u0160r\u00e1mov\u00e9:\nLiboc, kv\u011bten 1945- \u017eena vedle voj\u00e1ka Jarka Pokorn\u00e1, vlevo dole Koso\u0148, mlad\u00fd Mare\u0161, p. K\u0159\u00ed\u017eov\u00e1, \u0160\u00e1dek, p. Voz\u00e1kov\u00e1, Petr\u00e1\u010dkov\u00e1, naho\u0159e mal\u00fd \u0160tolla.<\/span><\/a><\/div><\/div><div class=\"su-image-carousel-item\"><div class=\"su-image-carousel-item-content\"><a href=\"https:\/\/www.periferieprahy.cz\/blog\/wp-content\/uploads\/2025\/05\/cp56_5.jpg\" data-caption=\"Z alba pan\u00ed \u0160r\u00e1mov\u00e9:\nLiboc, kv\u011bten 1945. Blon\u010f\u00e1\u010dek vpravo naho\u0159e, mal\u00fd \u0160tolla\"><img loading=\"lazy\" decoding=\"async\" width=\"1036\" height=\"646\" src=\"https:\/\/www.periferieprahy.cz\/blog\/wp-content\/uploads\/2025\/05\/cp56_5.jpg\" class=\"\" alt=\"\" srcset=\"https:\/\/www.periferieprahy.cz\/blog\/wp-content\/uploads\/2025\/05\/cp56_5.jpg 1036w, https:\/\/www.periferieprahy.cz\/blog\/wp-content\/uploads\/2025\/05\/cp56_5-300x187.jpg 300w, https:\/\/www.periferieprahy.cz\/blog\/wp-content\/uploads\/2025\/05\/cp56_5-1024x639.jpg 1024w, https:\/\/www.periferieprahy.cz\/blog\/wp-content\/uploads\/2025\/05\/cp56_5-768x479.jpg 768w\" sizes=\"auto, (max-width: 1036px) 100vw, 1036px\" \/><span>Z alba pan\u00ed \u0160r\u00e1mov\u00e9:\nLiboc, kv\u011bten 1945. Blon\u010f\u00e1\u010dek vpravo naho\u0159e, mal\u00fd \u0160tolla<\/span><\/a><\/div><\/div><\/div><script id=\"su_image_carousel_69f4493662577_script\">if(window.SUImageCarousel){setTimeout(function() {window.SUImageCarousel.initGallery(document.getElementById(\"su_image_carousel_69f4493662577\"))}, 0);}var su_image_carousel_69f4493662577_script=document.getElementById(\"su_image_carousel_69f4493662577_script\");if(su_image_carousel_69f4493662577_script){su_image_carousel_69f4493662577_script.parentNode.removeChild(su_image_carousel_69f4493662577_script);}<\/script>\n\n\n\n<p><\/p>\n","protected":false},"excerpt":{"rendered":"<p>D\u016fm \u010d.p. 56 stoj\u00ed v uli\u010dce Ke Kostelu a jeho ji\u017en\u00ed pr\u016f\u010del\u00ed m\u00e1 zaj\u00edmavou, a\u017e romantickou architekturu. D\u016fm vlastnil v roce 1921 pan u\u010ditel Pokorn\u00fd. Historick\u00e9 fotografie poskytla jeho dcera, pan\u00ed Bohdana provdan\u00e1 \u0160r\u00e1mov\u00e1. Mo\u017en\u00e1, \u017ee na fotk\u00e1ch je\u0161t\u011b n\u011bkoho pozn\u00e1te nebo m\u016f\u017eete n\u011bco doplnit. V\u0161e v\u00edt\u00e1no. Na konci str\u00e1nky je n\u011bkolik fotografi\u00ed navozuj\u00edc\u00ed konec v\u00e1lky v Liboci &#8211; kv\u011bten 1945<\/p>\n","protected":false},"author":1,"featured_media":3386,"comment_status":"open","ping_status":"open","sticky":false,"template":"","format":"standard","meta":{"_exactmetrics_skip_tracking":false,"_exactmetrics_sitenote_active":false,"_exactmetrics_sitenote_note":"","_exactmetrics_sitenote_category":0,"footnotes":""},"categories":[3],"tags":[],"post_folder":[],"class_list":["post-3388","post","type-post","status-publish","format-standard","has-post-thumbnail","hentry","category-redakce"],"_links":{"self":[{"href":"https:\/\/www.periferieprahy.cz\/blog\/wp-json\/wp\/v2\/posts\/3388","targetHints":{"allow":["GET"]}}],"collection":[{"href":"https:\/\/www.periferieprahy.cz\/blog\/wp-json\/wp\/v2\/posts"}],"about":[{"href":"https:\/\/www.periferieprahy.cz\/blog\/wp-json\/wp\/v2\/types\/post"}],"author":[{"embeddable":true,"href":"https:\/\/www.periferieprahy.cz\/blog\/wp-json\/wp\/v2\/users\/1"}],"replies":[{"embeddable":true,"href":"https:\/\/www.periferieprahy.cz\/blog\/wp-json\/wp\/v2\/comments?post=3388"}],"version-history":[{"count":5,"href":"https:\/\/www.periferieprahy.cz\/blog\/wp-json\/wp\/v2\/posts\/3388\/revisions"}],"predecessor-version":[{"id":3425,"href":"https:\/\/www.periferieprahy.cz\/blog\/wp-json\/wp\/v2\/posts\/3388\/revisions\/3425"}],"wp:featuredmedia":[{"embeddable":true,"href":"https:\/\/www.periferieprahy.cz\/blog\/wp-json\/wp\/v2\/media\/3386"}],"wp:attachment":[{"href":"https:\/\/www.periferieprahy.cz\/blog\/wp-json\/wp\/v2\/media?parent=3388"}],"wp:term":[{"taxonomy":"category","embeddable":true,"href":"https:\/\/www.periferieprahy.cz\/blog\/wp-json\/wp\/v2\/categories?post=3388"},{"taxonomy":"post_tag","embeddable":true,"href":"https:\/\/www.periferieprahy.cz\/blog\/wp-json\/wp\/v2\/tags?post=3388"},{"taxonomy":"post_folder","embeddable":true,"href":"https:\/\/www.periferieprahy.cz\/blog\/wp-json\/wp\/v2\/post_folder?post=3388"}],"curies":[{"name":"wp","href":"https:\/\/api.w.org\/{rel}","templated":true}]}}