{"id":340,"date":"2025-01-05T11:54:47","date_gmt":"2025-01-05T10:54:47","guid":{"rendered":"https:\/\/www.periferieprahy.cz\/blog\/?p=340"},"modified":"2025-08-05T20:18:57","modified_gmt":"2025-08-05T18:18:57","slug":"html","status":"publish","type":"post","link":"https:\/\/www.periferieprahy.cz\/blog\/2025\/01\/05\/html\/","title":{"rendered":"HTML"},"content":{"rendered":"\n<p><strong>Mal\u00e1 pom\u016fcka pro ty, kte\u0159\u00ed cht\u011bj\u00ed ve sv\u00e9m p\u0159\u00edsp\u011bvku pou\u017e\u00edt Blok &#8222;Vlastn\u00ed HTML&#8220;<\/strong>\u00a0N\u011bkdy nen\u00ed vyhnut\u00ed a je nutn\u00e9 vytvo\u0159it vlastn\u00ed blok pomoc\u00ed HTML, proto\u017ee to zkr\u00e1tka v nab\u00eddce blok\u016f nebo zkr\u00e1cen\u00fdch k\u00f3d\u016f neexistuje. <\/p>\n\n\n\n<p>Tvo\u0159it HTML pokud se necvi\u010d\u00edme t\u00e9m\u011b\u0159 denn\u011b, nen\u00ed v\u011bc jednoduch\u00e1. Pro za\u010d\u00ednaj\u00edc\u00edho a m\u00edrn\u011b pokro\u010dil\u00e9ho doporu\u010duji pou\u017e\u00edt n\u011bkter\u00fd z gener\u00e1tor\u016f k\u00f3du HTML typu <strong>WYSIWYG<\/strong> neboli<strong> \u201eCo vid\u00edte \ud83d\udc40, to dostanete \ud83c\udf81\u201c <\/strong>.  Mn\u011b se osv\u011bd\u010dil star\u00fd dobr\u00fd <a href=\"https:\/\/www.jakpsatweb.cz\/frontpage\/download-frontpage-2003.html\" target=\"_blank\" rel=\"noreferrer noopener\">FrontPage<\/a> od MS. Je to u\u017e d\u011bde\u010dek star\u00fd. Narodil se v roce 2003, ale je v n\u011bkter\u00fdch z\u00e1le\u017eitostech nep\u0159ekonan\u00fd. Mo\u017en\u00e1, \u017ee V\u00e1m bude milej\u0161\u00ed <a href=\"https:\/\/www.jakpsatweb.cz\/frontpage\/expression-web.html\">Expression Web<\/a> rovn\u011b od MS. Je to nov\u011bj\u0161\u00ed podoba FrontPage. M\u00e1m to sice nainstalovan\u00e9, ale jsem v\u011brn\u00fd d\u011bde\u010dkovi. Oba programy pracuj\u00ed spolehliv\u011b na Windows 10, s &#8222;jeden\u00e1ctkami&#8220; jsem to zat\u00edm nezkou\u0161el. Komu se do instalace z n\u011bjak\u00fdch d\u016fvod\u016f nechce nebo nepou\u017e\u00edv\u00e1 opera\u010dn\u00ed syst\u00e9m Windows m\u016f\u017ee pracovat s online editory M\u011b se l\u00edb\u00ed editor <a href=\"https:\/\/wysiwyghtml.com\/\">https:\/\/wysiwyghtml.com\/<\/a>. <\/p>\n\n\n\n<p>Ur\u010dit\u011b jste si v\u0161imli, \u017ee editory FrontPage  a Expression Web jsou k dispozici ke sta\u017een\u00ed ze str\u00e1nek JAKPSATVEB. Tam naleznete mnoho u\u017eite\u010dn\u00e9ho a hlavn\u011b <a href=\"https:\/\/www.jakpsatweb.cz\/html\/\">HTML p\u0159\u00edru\u010dku.<\/a><\/p>\n\n\n\n<p class=\"has-medium-font-size\"><strong>Tady je nab\u00eddka toho nejz\u00e1kladn\u011bj\u0161\u00edho pro pr\u00e1ci s textem a n\u011bkolik drobn\u00fdch pom\u016fcek, kter\u00e9 se mi osv\u011bd\u010dily:<\/strong><\/p>\n\n\n\n<hr class=\"wp-block-separator has-alpha-channel-opacity\"\/>\n\n\n\n<p class=\"has-medium-font-size\"><strong>\u00davodn\u00ed blok s textem a inici\u00e1lou &#8211; kapit\u00e1lkou &#8211; p\u0159\u00edklad<\/strong><\/p>\n\n\n\n<p><\/p>\n\n\n\n<p>\n<img loading=\"lazy\" decoding=\"async\" border=\"0\" src=\"https:\/\/www.periferieprahy.cz\/blog\/wp-content\/uploads\/2024\/12\/pismo7_19.gif\" width=\"94\" height=\"116\" align=\"left\">oto je uk\u00e1zka pou\u017eit\u00ed bloku s inici\u00e1lou vytvo\u0159en\u00e9ho pomoc\u00ed HTML. Inici\u00e1lu s obt\u00e9kan\u00fdm textem jsem se pokou\u0161el ud\u011blat r\u016fzn\u00fdmi zp\u016fsoby, ale jen tento um\u00ed zobrazit inici\u00e1ly i na mobilu.\n<\/p>\n\n\n<pre>&lt;p&gt;<br \/>&lt;img border=\"0\" src=\"URL obr\u00e1zku\" width=\"94\" height=\"116\" align=\"left\"&gt;vlo\u017ete text odstavce<br \/>&lt;\/p&gt;<\/pre>\n\n\n<hr class=\"wp-block-separator has-alpha-channel-opacity\"\/>\n\n\n\n<p class=\"has-medium-font-size\"><strong>N\u011bkolik tag\u016f pro \u00fapravu textu<\/strong><\/p>\n\n\n\n<b>  Tu\u010dn\u00e9 p\u00edsmo  <\/b> v libovoln\u00e9m textu\n\n\n\n<pre class=\"wp-block-preformatted\">&lt;b&gt; Tu\u010dn\u00e9 p\u00edsmo &lt;\/b&gt;<\/pre>\n\n\n\n<hr class=\"wp-block-separator has-alpha-channel-opacity\"\/>\n\n\n\n<i>  Kurziva &#8211; \u0161ikm\u00e9 p\u00edsmo  <\/i> v libovoln\u00e9m textu\n\n\n<pre>&lt;i&gt; Kurziva - \u0161ikm\u00e9 p\u00edsmo &lt;\/i&gt;<\/pre>\n\n\n<hr class=\"wp-block-separator has-alpha-channel-opacity\"\/>\n\n\n\nBarevn\u00e9 p\u00edsmo<font color=\"blue\"><b> tady modr\u00e9 a je\u0161t\u011b tu\u010dn\u00e9<\/b><\/font> tady <font color=\"yellow\"><i> \u017elut\u00e9 a kurziva<\/i><\/font> a tady <font color=\"red\">\u010derven\u00e9 oby\u010d<\/font>\n\n\n<pre>&lt;font color=\"blue\"&gt;&lt;b&gt; tady modr\u00e9 a tu\u010dn\u00e9&lt;\/b&gt;&lt;\/font&gt;<\/pre>\n<pre>&lt;font color=\"yellow\"&gt;&lt;i&gt; \u017elut\u00e9 a kurziva&lt;\/i&gt;&lt;\/font&gt;<\/pre>\n<pre>&lt;font color=\"red\"&gt;\u010derven\u00e9 oby\u010d&lt;\/font&gt;<\/pre>\n<p>Atribut barvy: white, yellow, fuchsia, aqua, red, lime, blue, black, green, maroon, olive, purple, gray, navy, teal, silver<\/p>\n<p>&nbsp;<\/p>\n\n\n<hr class=\"wp-block-separator has-alpha-channel-opacity\"\/>\n\n\n\n<p class=\"has-medium-font-size\"><strong>Velikost p\u00edsma<\/strong><\/p>\n\n\n\nzv\u011bt\u0161it p\u00edsmo <font size=\"5\"color=\"blue\"><b>tady to je velikost 5 a tak\u00e9 tu\u010dn\u00e9 a modr\u00e9<\/b> <\/font>\n\n\n<pre>&lt;font size=\"5\"color=\"blue\"&gt;&lt;b&gt;tady to je velikost 5 a tak\u00e9 tu\u010dn\u00e9 a modr\u00e9&lt;\/b&gt; &lt;\/font&gt;<\/pre>\n\n\n<p class=\"has-medium-font-size\"><strong>Javascriptov\u00e1 ud\u00e1lost, kter\u00e1 se spou\u0161t\u00ed p\u0159i kliknut\u00ed lev\u00fdm tla\u010d\u00edtkem my\u0161i na ur\u010dit\u00fd element. <\/strong><\/p>\n\n\n<p>Kdy\u017e kliknete na tu \u0161ip\u010di\u010dku na konci koment\u00e1\u0159e, otev\u0159e se v\u00e1m okno v lev\u00e9m rohu, kde m\u016f\u017eete m\u00edt nap\u0159. fotku k dan\u00e9mu textu, webovou str\u00e1nku, dokument pdf apod. Dopln\u00edte v m\u00edst\u011b textu\u00a0<strong>URL CO CHCETE ZOBRAZIT<\/strong> dvakr\u00e1t adresu toho, co chcete zobrazit a zad\u00e1te rozm\u011br okna ve kter\u00e9m se to zobraz\u00ed. Nap\u0159. jako v na\u0161em p\u0159\u00edkladu :\u00a0width=<strong>813<\/strong>,height=<strong>573<\/strong>:<\/p>\n\n\nHokejist\u00e9 na Libo\u010d\u00e1ku v roce 1933. Foto od pana Jana C\u00edsa\u0159e. Na fotce je jeho otec s p\u0159\u00e1teli. Nepozn\u00e1v\u00e1te n\u011bkoho?<a onclick=\"window.open('https:\/\/www.periferieprahy.cz\/blog\/wp-content\/uploads\/2025\/01\/rybnik15.jpg','_blank','width=813,height=573,scrollbars=yes,top=0,left=0'); return false\" href=\"https:\/\/www.periferieprahy.cz\/blog\/wp-content\/uploads\/2025\/01\/rybnik15.jpg\"><IMG border=0 \nsrc=\"https:\/\/www.periferieprahy.cz\/blog\/wp-content\/uploads\/2025\/01\/zobraz_blue.png\" \nwidth=16 height=11><\/a>\n\n\n<pre>&lt;a onclick=\"window.open('URL CO CHCETE ZOBRAZIT','_blank','width=813,height=573,scrollbars=yes,top=0,left=0'); return false\" href=\"URL CO CHCETE ZOBRAZIT\"&gt;&lt;IMG border=0 <br \/>src=\"https:\/\/www.periferieprahy.cz\/blog\/wp-content\/uploads\/2025\/01\/zobraz_blue.png\" <br \/>width=16 height=11&gt;&lt;\/a&gt;<\/pre>\n\n\n<hr class=\"wp-block-separator has-alpha-channel-opacity\"\/>\n\n\n\n<p>To sam\u00e9 zobrazen\u00ed v nov\u00e9m okn\u011b s definovan\u00fdm um\u00edst\u011bn\u00edm a rozm\u011bry lze vyvolat obvykl\u00fdm odkazem:<\/p>\n\n\n\n<a onclick=\"window.open('https:\/\/www.periferieprahy.cz\/blog\/wp-content\/uploads\/2025\/01\/rybnik15.jpg','_blank','width=813,height=573,scrollbars=yes,top=0,left=0'); return false\" href=\"https:\/\/www.periferieprahy.cz\/blog\/wp-content\/uploads\/2025\/01\/rybnik15.jpg\">Hokejist\u00e9 na Libo\u010d\u00e1ku<\/a> v roce 1933. Foto od pana Jana C\u00edsa\u0159e. Na fotce je jeho otec s p\u0159\u00e1teli. Nepozn\u00e1v\u00e1te n\u011bkoho?\n\n\n<pre>&lt;a onclick=\"window.open('URL CO CHCETE ZOBRAZIT','_blank','width=813,height=573,scrollbars=yes,top=0,left=0'); return false\" URL CO CHCETE ZOBRAZIT\"&gt;UVE\u010eTE TEXT HYPERTEXTOV\u00c9HO ODKAZU&lt;\/a&gt;<\/pre>\n\n\n<h2 class=\"wp-block-heading\">Skryt\u00fd text<\/h2>\n\n\n\n<p>n\u011bkdy pot\u0159ebujete, aby text byl na str\u00e1nce neviditeln\u00fd, ale aby ho vyhled\u00e1va\u010de ve v\u00fdsledku vyhled\u00e1n\u00ed mohly prohledat i zobrazit. Tady pou\u017eijte:<\/p>\n\n\n\n<pre class=\"wp-block-preformatted\">M\u00e1me n\u011bjak\u00fd text&lt;span style=\"visibility: hidden\"&gt;&lt;font size=\"1\"&gt;TADY TENTO TEXT NEBUDE NA STR\u00c1NCE VIDITELN\u00dd, ALE VYHLED\u00c1VA\u010cE HO VE VYHLED\u00c1N\u00cd MOHOU ZOBRAZIT &lt;\/font&gt;&lt;\/span&gt;..viditeln\u00fd text pokra\u010duje.<br><\/pre>\n\n\n\n<p>A takhle to vypad\u00e1 v bloku HTML. Je to jako kdy\u017e text vygumujete &#8211; z\u016fst\u00e1v\u00e1 po n\u011bm mezera: <\/p>\n\n\n\nM\u00e1me n\u011bjak\u00fd text<span style=\"visibility: hidden\"><font size=\"1\">TADY TENTO TEXT NEBUDE NA STR\u00c1NCE VIDITELN\u00dd, ALE VYHLED\u00c1VA\u010cE HO VE VYHLED\u00c1N\u00cd MOHOU ZOBRAZIT <\/font><\/span>..viditeln\u00fd text pokra\u010duje.\n\n\n\n<p>Pokud chcete, aby text plynule navazoval pou\u017eijte  style=&#8220;display: none&#8220;:  <\/p>\n\n\n\n<pre class=\"wp-block-preformatted\">M\u00e1me n\u011bjak\u00fd text&lt;span style=\"display: none\"&gt;&lt;font size=\"1\"&gt;TADY TENTO TEXT NEBUDE NA STR\u00c1NCE VIDITELN\u00dd, ALE VYHLED\u00c1VA\u010cE HO VE VYHLED\u00c1N\u00cd MOHOU ZOBRAZIT &lt;\/font&gt;&lt;\/span&gt;..viditeln\u00fd text pokra\u010duje.<\/pre>\n\n\n\n<p>V\u00fdsledek pomoc\u00ed bloku HTML:<\/p>\n\n\n\nM\u00e1me n\u011bjak\u00fd text<span style=\"display: none\"><font size=\"1\">TADY TENTO TEXT NEBUDE NA STR\u00c1NCE VIDITELN\u00dd, ALE VYHLED\u00c1VA\u010cE HO VE VYHLED\u00c1N\u00cd MOHOU ZOBRAZIT <\/font><\/span>..viditeln\u00fd text pokra\u010duje.\n\n\n\n<hr class=\"wp-block-separator has-alpha-channel-opacity\"\/>\n\n\n\n<h2 class=\"wp-block-heading\">Vkl\u00e1d\u00e1n\u00ed soubor\u016f pdf pomoc\u00ed PDF Embedder<\/h2>\n\n\n\n<p>Tady je n\u00e1vod <a href=\"https:\/\/wp-pdf.com\/docs\/free-instructions\/?utm_campaign=liteplugin&amp;utm_source=WordPress&amp;utm_medium=Admin%20-%20GetStarted&amp;utm_content=Shortcode&amp;utm_locale=cs_CZ\">https:\/\/wp-pdf.com\/docs\/free-instructions\/?utm_campaign=liteplugin&amp;utm_source=WordPress&amp;utm_medium=Admin%20-%20GetStarted&amp;utm_content=Shortcode&amp;utm_locale=cs_CZ<\/a><\/p>\n\n\n\n<p>Nastavit rozm\u011bry lze v menu&gt; pluginy &gt;p\u0159ehledy plugin\u016f &gt; pdf-embedder &gt;nastaven\u00ed<\/p>\n\n\n\n<p>A tady p\u0159\u00edklad vlo\u017een\u00ed pomoc\u00ed bloku zkr\u00e1cen\u00e9ho k\u00f3du. Zarovn\u00e1no do leva:<\/p>\n\n\n<a href=\"https:\/\/www.periferieprahy.cz\/blog\/wp-content\/uploads\/2025\/01\/Archeo_liboc_ryir.pdf\" class=\"pdfemb-viewer\" style=\"width:500px;height:500px;\" data-width=\"500\" data-height=\"500\" data-toolbar=\"bottom\" data-toolbar-fixed=\"on\">Archeo_liboc_ryir<\/a>\n\n\n\n<p>Tady pomoc\u00ed bloku html a p\u00e1rov\u00e9ho tagu pro odstavec &lt;p align=&#8220;center&#8220;&gt; &lt;\/p&gt;<strong> zarovn\u00e1no na st\u0159ed<\/strong>:<\/p>\n\n\n\n<p align=\"center\"><a href=\"https:\/\/www.periferieprahy.cz\/blog\/wp-content\/uploads\/2025\/01\/Archeo_liboc_ryir.pdf\" class=\"pdfemb-viewer\" style=\"width:500px;height:500px;\" data-width=\"500\" data-height=\"500\" data-toolbar=\"bottom\" data-toolbar-fixed=\"on\">Archeo_liboc_ryir<\/a>\n\n\n\n<p><\/p>\n","protected":false},"excerpt":{"rendered":"<p>Mal\u00e1 pom\u016fcka pro ty, kte\u0159\u00ed cht\u011bj\u00ed ve sv\u00e9m p\u0159\u00edsp\u011bvku pou\u017e\u00edt Blok &#8222;Vlastn\u00ed HTML&#8220;\u00a0N\u011bkdy nen\u00ed vyhnut\u00ed a je nutn\u00e9 vytvo\u0159it vlastn\u00ed blok pomoc\u00ed HTML, proto\u017ee to zkr\u00e1tka v nab\u00eddce blok\u016f nebo zkr\u00e1cen\u00fdch k\u00f3d\u016f neexistuje. Tvo\u0159it HTML pokud se necvi\u010d\u00edme t\u00e9m\u011b\u0159 denn\u011b, nen\u00ed v\u011bc jednoduch\u00e1. Pro za\u010d\u00ednaj\u00edc\u00edho a m\u00edrn\u011b pokro\u010dil\u00e9ho doporu\u010duji pou\u017e\u00edt n\u011bkter\u00fd z gener\u00e1tor\u016f k\u00f3du HTML &hellip;<br \/><a href=\"https:\/\/www.periferieprahy.cz\/blog\/2025\/01\/05\/html\/\" class=\"more-link pen_button pen_element_default pen_icon_arrow_double\">Pokra\u010dovat ve\u00a0\u010dten\u00ed <span class=\"screen-reader-text\">HTML<\/span><\/a><\/p>\n","protected":false},"author":1,"featured_media":401,"comment_status":"open","ping_status":"open","sticky":false,"template":"","format":"standard","meta":{"_exactmetrics_skip_tracking":false,"_exactmetrics_sitenote_active":false,"_exactmetrics_sitenote_note":"","_exactmetrics_sitenote_category":0,"footnotes":""},"categories":[15,3],"tags":[],"post_folder":[],"class_list":["post-340","post","type-post","status-publish","format-standard","has-post-thumbnail","hentry","category-pozn","category-redakce"],"_links":{"self":[{"href":"https:\/\/www.periferieprahy.cz\/blog\/wp-json\/wp\/v2\/posts\/340","targetHints":{"allow":["GET"]}}],"collection":[{"href":"https:\/\/www.periferieprahy.cz\/blog\/wp-json\/wp\/v2\/posts"}],"about":[{"href":"https:\/\/www.periferieprahy.cz\/blog\/wp-json\/wp\/v2\/types\/post"}],"author":[{"embeddable":true,"href":"https:\/\/www.periferieprahy.cz\/blog\/wp-json\/wp\/v2\/users\/1"}],"replies":[{"embeddable":true,"href":"https:\/\/www.periferieprahy.cz\/blog\/wp-json\/wp\/v2\/comments?post=340"}],"version-history":[{"count":6,"href":"https:\/\/www.periferieprahy.cz\/blog\/wp-json\/wp\/v2\/posts\/340\/revisions"}],"predecessor-version":[{"id":5439,"href":"https:\/\/www.periferieprahy.cz\/blog\/wp-json\/wp\/v2\/posts\/340\/revisions\/5439"}],"wp:featuredmedia":[{"embeddable":true,"href":"https:\/\/www.periferieprahy.cz\/blog\/wp-json\/wp\/v2\/media\/401"}],"wp:attachment":[{"href":"https:\/\/www.periferieprahy.cz\/blog\/wp-json\/wp\/v2\/media?parent=340"}],"wp:term":[{"taxonomy":"category","embeddable":true,"href":"https:\/\/www.periferieprahy.cz\/blog\/wp-json\/wp\/v2\/categories?post=340"},{"taxonomy":"post_tag","embeddable":true,"href":"https:\/\/www.periferieprahy.cz\/blog\/wp-json\/wp\/v2\/tags?post=340"},{"taxonomy":"post_folder","embeddable":true,"href":"https:\/\/www.periferieprahy.cz\/blog\/wp-json\/wp\/v2\/post_folder?post=340"}],"curies":[{"name":"wp","href":"https:\/\/api.w.org\/{rel}","templated":true}]}}