{"id":3415,"date":"2025-05-06T21:58:26","date_gmt":"2025-05-06T19:58:26","guid":{"rendered":"https:\/\/www.periferieprahy.cz\/blog\/?p=3415"},"modified":"2025-05-06T22:18:15","modified_gmt":"2025-05-06T20:18:15","slug":"c-p-57-strobachovi-svobodovi","status":"publish","type":"post","link":"https:\/\/www.periferieprahy.cz\/blog\/2025\/05\/06\/c-p-57-strobachovi-svobodovi\/","title":{"rendered":"\u010c.p. 57 \u0160trobachovi, Svobodovi"},"content":{"rendered":"\n<img loading=\"lazy\" decoding=\"async\" border=\"0\" src=\"https:\/\/www.periferieprahy.cz\/blog\/wp-content\/uploads\/2024\/12\/pismo7_5.gif\" width=\"91\" height=\"121\" align=\"left\">xistuje \n\t\t\tzkratka, jak se vyhnout dlouh\u00e9, t\u00e1hl\u00e9 zat\u00e1\u010dce na Libock\u00e9, jdete li \n\t\t\tp\u011b\u0161ky od kostela sm\u011brem na Vypich nebo naopak. Tu zkratku tvo\u0159\u00ed \n\t\t\tuli\u010dka Ke Kostelu, zakon\u010den\u00e1 naho\u0159e schody, kter\u00fdmi se dostanete na \n\t\t\tLibockou. V sousedstv\u00ed t\u011bch schod\u016f byl domek \u010d. p. 57, kter\u00fd v roce \n\t\t\t1921 pat\u0159il panu Franti\u0161ku \u0160krobachovi a v ned\u00e1vn\u00e9 minulosti pan\u00ed \n\t\t\tVlast\u011b Svobodov\u00e9. P\u00ed\u0161e se rok 2023 a po dom\u011b ani pam\u00e1tky.<p>\n\t\t\tHistorick\u00e9 fotografie poskytla ze sv\u00e9ho alba pan\u00ed \u2020Marie \u0160est\u00e1kov\u00e1, \n\t\t\tpravnu\u010dka Josefa Ruprechta a dcera libock\u00e9ho \u010detn\u00edka pana Josefa \n\t\t\tZ\u016fchy.\n\n\n\n<div style=\"height:15px\" aria-hidden=\"true\" class=\"wp-block-spacer\"><\/div>\n\n\n<div class=\"su-image-carousel  su-image-carousel-has-spacing su-image-carousel-crop su-image-carousel-crop-2-1 su-image-carousel-has-lightbox su-image-carousel-has-outline su-image-carousel-adaptive su-image-carousel-slides-style-default su-image-carousel-controls-style-dark su-image-carousel-align-center\" style=\"max-width:800px\" data-flickity-options='{\"groupCells\":true,\"cellSelector\":\".su-image-carousel-item\",\"adaptiveHeight\":false,\"cellAlign\":\"left\",\"prevNextButtons\":true,\"pageDots\":true,\"autoPlay\":7000,\"imagesLoaded\":true,\"contain\":true,\"selectedAttraction\":0.1499999999999999944488848768742172978818416595458984375,\"friction\":1}' id=\"su_image_carousel_69f4494d4d029\"><div class=\"su-image-carousel-item\"><div class=\"su-image-carousel-item-content\"><a href=\"https:\/\/www.periferieprahy.cz\/blog\/wp-content\/uploads\/2025\/05\/cp57b.jpg\" data-caption=\"V pop\u0159ed\u00ed \u010d.p. 55 a za n\u00edm \u010d.p. 57. Pohled sm\u011brem Libock\u00e1 od kostela.\"><img loading=\"lazy\" decoding=\"async\" width=\"800\" height=\"789\" src=\"https:\/\/www.periferieprahy.cz\/blog\/wp-content\/uploads\/2025\/05\/cp57b.jpg\" class=\"\" alt=\"\" srcset=\"https:\/\/www.periferieprahy.cz\/blog\/wp-content\/uploads\/2025\/05\/cp57b.jpg 800w, https:\/\/www.periferieprahy.cz\/blog\/wp-content\/uploads\/2025\/05\/cp57b-300x296.jpg 300w, https:\/\/www.periferieprahy.cz\/blog\/wp-content\/uploads\/2025\/05\/cp57b-768x757.jpg 768w\" sizes=\"auto, (max-width: 800px) 100vw, 800px\" \/><span>V pop\u0159ed\u00ed \u010d.p. 55 a za n\u00edm \u010d.p. 57. Pohled sm\u011brem Libock\u00e1 od kostela.<\/span><\/a><\/div><\/div><div class=\"su-image-carousel-item\"><div class=\"su-image-carousel-item-content\"><a href=\"https:\/\/www.periferieprahy.cz\/blog\/wp-content\/uploads\/2025\/05\/cp57a.jpg\" data-caption=\"V pop\u0159ed\u00ed \u010d.p. 55 a za n\u00edm \u010d.p. 57. Pohled sm\u011brem Libock\u00e1 od kostela.\"><img loading=\"lazy\" decoding=\"async\" width=\"800\" height=\"666\" src=\"https:\/\/www.periferieprahy.cz\/blog\/wp-content\/uploads\/2025\/05\/cp57a.jpg\" class=\"\" alt=\"\" srcset=\"https:\/\/www.periferieprahy.cz\/blog\/wp-content\/uploads\/2025\/05\/cp57a.jpg 800w, https:\/\/www.periferieprahy.cz\/blog\/wp-content\/uploads\/2025\/05\/cp57a-300x250.jpg 300w, https:\/\/www.periferieprahy.cz\/blog\/wp-content\/uploads\/2025\/05\/cp57a-768x639.jpg 768w\" sizes=\"auto, (max-width: 800px) 100vw, 800px\" \/><span>V pop\u0159ed\u00ed \u010d.p. 55 a za n\u00edm \u010d.p. 57. Pohled sm\u011brem Libock\u00e1 od kostela.<\/span><\/a><\/div><\/div><div class=\"su-image-carousel-item\"><div class=\"su-image-carousel-item-content\"><a href=\"https:\/\/www.periferieprahy.cz\/blog\/wp-content\/uploads\/2025\/05\/cp57.h4.jpg\" data-caption=\"Z\u00e1kout\u00ed v uli\u010dce Ke Kostelu v roce 2012 - u\u017e historie.\"><img loading=\"lazy\" decoding=\"async\" width=\"991\" height=\"594\" src=\"https:\/\/www.periferieprahy.cz\/blog\/wp-content\/uploads\/2025\/05\/cp57.h4.jpg\" class=\"\" alt=\"\" srcset=\"https:\/\/www.periferieprahy.cz\/blog\/wp-content\/uploads\/2025\/05\/cp57.h4.jpg 991w, https:\/\/www.periferieprahy.cz\/blog\/wp-content\/uploads\/2025\/05\/cp57.h4-300x180.jpg 300w, https:\/\/www.periferieprahy.cz\/blog\/wp-content\/uploads\/2025\/05\/cp57.h4-768x460.jpg 768w\" sizes=\"auto, (max-width: 991px) 100vw, 991px\" \/><span>Z\u00e1kout\u00ed v uli\u010dce Ke Kostelu v roce 2012 - u\u017e historie.<\/span><\/a><\/div><\/div><div class=\"su-image-carousel-item\"><div class=\"su-image-carousel-item-content\"><a href=\"https:\/\/www.periferieprahy.cz\/blog\/wp-content\/uploads\/2025\/05\/cp57e.gif\" data-caption=\"Jak zmizelo \u010d.p. 57\"><img loading=\"lazy\" decoding=\"async\" width=\"946\" height=\"483\" src=\"https:\/\/www.periferieprahy.cz\/blog\/wp-content\/uploads\/2025\/05\/cp57e.gif\" class=\"\" alt=\"\" \/><span>Jak zmizelo \u010d.p. 57<\/span><\/a><\/div><\/div><\/div><script id=\"su_image_carousel_69f4494d4d029_script\">if(window.SUImageCarousel){setTimeout(function() {window.SUImageCarousel.initGallery(document.getElementById(\"su_image_carousel_69f4494d4d029\"))}, 0);}var su_image_carousel_69f4494d4d029_script=document.getElementById(\"su_image_carousel_69f4494d4d029_script\");if(su_image_carousel_69f4494d4d029_script){su_image_carousel_69f4494d4d029_script.parentNode.removeChild(su_image_carousel_69f4494d4d029_script);}<\/script>\n\n\n\n<p><\/p>\n","protected":false},"excerpt":{"rendered":"<p>Existuje zkratka, jak se vyhnout dlouh\u00e9, t\u00e1hl\u00e9 zat\u00e1\u010dce na Libock\u00e9, jdete li p\u011b\u0161ky od kostela sm\u011brem na Vypich nebo naopak. Tu zkratku tvo\u0159\u00ed uli\u010dka Ke Kostelu, zakon\u010den\u00e1 naho\u0159e schody, kter\u00fdmi se dostanete na Libockou. V sousedstv\u00ed t\u011bch schod\u016f byl domek \u010d. p. 57, kter\u00fd v roce 1921 pat\u0159il panu Franti\u0161ku \u0160krobachovi a v ned\u00e1vn\u00e9 minulosti pan\u00ed Vlast\u011b Svobodov\u00e9. P\u00ed\u0161e se rok 2023 a po dom\u011b ani pam\u00e1tky.<\/p>\n","protected":false},"author":1,"featured_media":3413,"comment_status":"open","ping_status":"open","sticky":false,"template":"","format":"standard","meta":{"_exactmetrics_skip_tracking":false,"_exactmetrics_sitenote_active":false,"_exactmetrics_sitenote_note":"","_exactmetrics_sitenote_category":0,"footnotes":""},"categories":[3],"tags":[],"post_folder":[],"class_list":["post-3415","post","type-post","status-publish","format-standard","has-post-thumbnail","hentry","category-redakce"],"_links":{"self":[{"href":"https:\/\/www.periferieprahy.cz\/blog\/wp-json\/wp\/v2\/posts\/3415","targetHints":{"allow":["GET"]}}],"collection":[{"href":"https:\/\/www.periferieprahy.cz\/blog\/wp-json\/wp\/v2\/posts"}],"about":[{"href":"https:\/\/www.periferieprahy.cz\/blog\/wp-json\/wp\/v2\/types\/post"}],"author":[{"embeddable":true,"href":"https:\/\/www.periferieprahy.cz\/blog\/wp-json\/wp\/v2\/users\/1"}],"replies":[{"embeddable":true,"href":"https:\/\/www.periferieprahy.cz\/blog\/wp-json\/wp\/v2\/comments?post=3415"}],"version-history":[{"count":5,"href":"https:\/\/www.periferieprahy.cz\/blog\/wp-json\/wp\/v2\/posts\/3415\/revisions"}],"predecessor-version":[{"id":3423,"href":"https:\/\/www.periferieprahy.cz\/blog\/wp-json\/wp\/v2\/posts\/3415\/revisions\/3423"}],"wp:featuredmedia":[{"embeddable":true,"href":"https:\/\/www.periferieprahy.cz\/blog\/wp-json\/wp\/v2\/media\/3413"}],"wp:attachment":[{"href":"https:\/\/www.periferieprahy.cz\/blog\/wp-json\/wp\/v2\/media?parent=3415"}],"wp:term":[{"taxonomy":"category","embeddable":true,"href":"https:\/\/www.periferieprahy.cz\/blog\/wp-json\/wp\/v2\/categories?post=3415"},{"taxonomy":"post_tag","embeddable":true,"href":"https:\/\/www.periferieprahy.cz\/blog\/wp-json\/wp\/v2\/tags?post=3415"},{"taxonomy":"post_folder","embeddable":true,"href":"https:\/\/www.periferieprahy.cz\/blog\/wp-json\/wp\/v2\/post_folder?post=3415"}],"curies":[{"name":"wp","href":"https:\/\/api.w.org\/{rel}","templated":true}]}}