{"id":3426,"date":"2025-05-06T22:31:22","date_gmt":"2025-05-06T20:31:22","guid":{"rendered":"https:\/\/www.periferieprahy.cz\/blog\/?p=3426"},"modified":"2025-05-06T22:45:18","modified_gmt":"2025-05-06T20:45:18","slug":"c-p-58-obecni-uradovna-a-posta","status":"publish","type":"post","link":"https:\/\/www.periferieprahy.cz\/blog\/2025\/05\/06\/c-p-58-obecni-uradovna-a-posta\/","title":{"rendered":"\u010c.p. 58 Obecn\u00ed \u00fa\u0159adovna a po\u0161ta"},"content":{"rendered":"\n<img loading=\"lazy\" decoding=\"async\" border=\"0\" src=\"https:\/\/www.periferieprahy.cz\/blog\/wp-content\/uploads\/2024\/12\/pismo7_21.gif\" width=\"111\" height=\"114\" align=\"left\"> tomto popisn\u00e9m \u010d\u00edsle, na rohu Libock\u00e9 a Ke Kostelu, b\u00fdvala v roce \n\t\t\t1902 obecn\u00ed kancel\u00e1\u0159 a kolem roku 1900 tak\u00e9 po\u0161ta, kterou asi vedl \n\t\t\tpan Jan Rychta\u0159\u00edk. Jako majitel je zde v roce 1921 uv\u00e1d\u011bn pan Jan Rogalevitz. \n\t\t\t<p>Po\u0161ta t\u00e9\u017e b\u00fdvala v <a target=\"_parent\" href=\"https:\/\/www.periferieprahy.cz\/blog\/2025\/03\/12\/c-p-9-kubatovi\/\">\u010d.p. 9<\/a> \n\t\t\tv roce 1887 a \u0159\u00eddila ji Emma PILZOV\u00c1, d\u00e1le v\n\t\t\t<a target=\"_parent\" href=\"https:\/\/www.periferieprahy.cz\/blog\/2025\/03\/14\/c-p-29\/\">\u010d.p. 29<\/a> a to v letech 1893 \n\t\t\t&#8211; 1934, v <a target=\"_parent\" href=\"\">\u010d.p. 69<\/a> zde \n\t\t\tbyla asi od roku 1934 &#8211; 1958, kdy se p\u0159est\u011bhovala do\n\t\t\t<a href=\"\">\u010d.p. 189<\/a> , kde p\u016fsobila do roku 1977. Asi \n\t\t\tjeden rok po revoluci v roce 1945 po\u0161ta p\u016fsobila i v\n\t\t\t<a href=\"https:\/\/www.periferieprahy.cz\/blog\/2025\/01\/07\/c-p-148\/\">\u010d.p. 148<\/a> V\u0161e podle knihy Ji\u0159\u00edho \n\t\t\tKratochv\u00edla: Pra\u017esk\u00e9 po\u0161ty, kterou vlastn\u00ed Po\u0161tovn\u00ed muzeum, kde to \n\t\t\tvyhledal pan Eduard Adamec.\n\n\n\n<div style=\"height:45px\" aria-hidden=\"true\" class=\"wp-block-spacer\"><\/div>\n\n\n<div class=\"wp-block-image\">\n<figure class=\"aligncenter size-large\"><img loading=\"lazy\" decoding=\"async\" width=\"1024\" height=\"509\" src=\"https:\/\/www.periferieprahy.cz\/blog\/wp-content\/uploads\/2025\/05\/cp58-1024x509.jpg\" alt=\"\" class=\"wp-image-3427\" srcset=\"https:\/\/www.periferieprahy.cz\/blog\/wp-content\/uploads\/2025\/05\/cp58-1024x509.jpg 1024w, https:\/\/www.periferieprahy.cz\/blog\/wp-content\/uploads\/2025\/05\/cp58-300x149.jpg 300w, https:\/\/www.periferieprahy.cz\/blog\/wp-content\/uploads\/2025\/05\/cp58-768x382.jpg 768w, https:\/\/www.periferieprahy.cz\/blog\/wp-content\/uploads\/2025\/05\/cp58.jpg 1222w\" sizes=\"auto, (max-width: 1024px) 100vw, 1024px\" \/><\/figure>\n<\/div>","protected":false},"excerpt":{"rendered":"<p>V tomto popisn\u00e9m \u010d\u00edsle, na rohu Libock\u00e9 a Ke Kostelu, b\u00fdvala v roce 1902 obecn\u00ed kancel\u00e1\u0159 a kolem roku 1900 tak\u00e9 po\u0161ta, kterou asi vedl pan Jan Rychta\u0159\u00edk. Jako majitel je zde v roce 1921 uv\u00e1d\u011bn pan Jan Rogalevitz.<\/p>\n","protected":false},"author":1,"featured_media":3427,"comment_status":"open","ping_status":"open","sticky":false,"template":"","format":"standard","meta":{"_exactmetrics_skip_tracking":false,"_exactmetrics_sitenote_active":false,"_exactmetrics_sitenote_note":"","_exactmetrics_sitenote_category":0,"footnotes":""},"categories":[3],"tags":[],"post_folder":[],"class_list":["post-3426","post","type-post","status-publish","format-standard","has-post-thumbnail","hentry","category-redakce"],"_links":{"self":[{"href":"https:\/\/www.periferieprahy.cz\/blog\/wp-json\/wp\/v2\/posts\/3426","targetHints":{"allow":["GET"]}}],"collection":[{"href":"https:\/\/www.periferieprahy.cz\/blog\/wp-json\/wp\/v2\/posts"}],"about":[{"href":"https:\/\/www.periferieprahy.cz\/blog\/wp-json\/wp\/v2\/types\/post"}],"author":[{"embeddable":true,"href":"https:\/\/www.periferieprahy.cz\/blog\/wp-json\/wp\/v2\/users\/1"}],"replies":[{"embeddable":true,"href":"https:\/\/www.periferieprahy.cz\/blog\/wp-json\/wp\/v2\/comments?post=3426"}],"version-history":[{"count":4,"href":"https:\/\/www.periferieprahy.cz\/blog\/wp-json\/wp\/v2\/posts\/3426\/revisions"}],"predecessor-version":[{"id":3432,"href":"https:\/\/www.periferieprahy.cz\/blog\/wp-json\/wp\/v2\/posts\/3426\/revisions\/3432"}],"wp:featuredmedia":[{"embeddable":true,"href":"https:\/\/www.periferieprahy.cz\/blog\/wp-json\/wp\/v2\/media\/3427"}],"wp:attachment":[{"href":"https:\/\/www.periferieprahy.cz\/blog\/wp-json\/wp\/v2\/media?parent=3426"}],"wp:term":[{"taxonomy":"category","embeddable":true,"href":"https:\/\/www.periferieprahy.cz\/blog\/wp-json\/wp\/v2\/categories?post=3426"},{"taxonomy":"post_tag","embeddable":true,"href":"https:\/\/www.periferieprahy.cz\/blog\/wp-json\/wp\/v2\/tags?post=3426"},{"taxonomy":"post_folder","embeddable":true,"href":"https:\/\/www.periferieprahy.cz\/blog\/wp-json\/wp\/v2\/post_folder?post=3426"}],"curies":[{"name":"wp","href":"https:\/\/api.w.org\/{rel}","templated":true}]}}