{"id":3550,"date":"2025-05-10T21:33:25","date_gmt":"2025-05-10T19:33:25","guid":{"rendered":"https:\/\/www.periferieprahy.cz\/blog\/?p=3550"},"modified":"2025-05-10T21:34:52","modified_gmt":"2025-05-10T19:34:52","slug":"c-p-71-svarcovi","status":"publish","type":"post","link":"https:\/\/www.periferieprahy.cz\/blog\/2025\/05\/10\/c-p-71-svarcovi\/","title":{"rendered":"\u010c.p. 71 \u0160varcovi"},"content":{"rendered":"\n<td>\n\t\t\t<p align=\"left\">\n\t\t\t<img loading=\"lazy\" decoding=\"async\" border=\"0\" src=\"https:\/\/www.periferieprahy.cz\/blog\/wp-content\/uploads\/2024\/12\/pismo7_4.gif\" width=\"107\" height=\"132\" align=\"left\">\u016fm \n\t\t\tle\u017e\u00ed v ulici U Silnice pod orienta\u010dn\u00edm \u010d\u00edslem 4. V roce 1921 je zde \n\t\t\tuv\u00e1d\u011bna rodina \u0160varcov\u00fdch.&nbsp;Pan\u00ed Alena Mackov\u00e1, dcera Josefa \n\t\t\t\u0160varce a Vlasty, roz. Hanu\u0161ov\u00e9, poskytla fotografie, p\u0159ibli\u017euj\u00edc\u00ed \n\t\t\tn\u00e1m obyvatele tohoto domku.&nbsp;&nbsp;&nbsp;&nbsp;\n\t\t\t<\/td>\n\n\n\n<div style=\"height:19px\" aria-hidden=\"true\" class=\"wp-block-spacer\"><\/div>\n\n\n<div class=\"su-image-carousel  su-image-carousel-has-spacing su-image-carousel-crop su-image-carousel-crop-4-5 su-image-carousel-has-lightbox su-image-carousel-has-outline su-image-carousel-adaptive su-image-carousel-slides-style-default su-image-carousel-controls-style-dark su-image-carousel-align-center\" style=\"max-width:600px\" data-flickity-options='{\"groupCells\":true,\"cellSelector\":\".su-image-carousel-item\",\"adaptiveHeight\":false,\"cellAlign\":\"left\",\"prevNextButtons\":true,\"pageDots\":true,\"autoPlay\":7000,\"imagesLoaded\":true,\"contain\":true,\"selectedAttraction\":0.1499999999999999944488848768742172978818416595458984375,\"friction\":1}' id=\"su_image_carousel_69f3c4e3690c1\"><div class=\"su-image-carousel-item\"><div class=\"su-image-carousel-item-content\"><a href=\"https:\/\/www.periferieprahy.cz\/blog\/wp-content\/uploads\/2025\/05\/cp71_7.jpg\" data-caption=\"D\u016fm \u0160varcov\u00fdch \u010d.p. 71 v ulici U Silnice\"><img loading=\"lazy\" decoding=\"async\" width=\"1144\" height=\"1023\" src=\"https:\/\/www.periferieprahy.cz\/blog\/wp-content\/uploads\/2025\/05\/cp71_7.jpg\" class=\"\" alt=\"\" srcset=\"https:\/\/www.periferieprahy.cz\/blog\/wp-content\/uploads\/2025\/05\/cp71_7.jpg 1144w, https:\/\/www.periferieprahy.cz\/blog\/wp-content\/uploads\/2025\/05\/cp71_7-300x268.jpg 300w, https:\/\/www.periferieprahy.cz\/blog\/wp-content\/uploads\/2025\/05\/cp71_7-1024x916.jpg 1024w, https:\/\/www.periferieprahy.cz\/blog\/wp-content\/uploads\/2025\/05\/cp71_7-768x687.jpg 768w\" sizes=\"auto, (max-width: 1144px) 100vw, 1144px\" \/><span>D\u016fm \u0160varcov\u00fdch \u010d.p. 71 v ulici U Silnice<\/span><\/a><\/div><\/div><div class=\"su-image-carousel-item\"><div class=\"su-image-carousel-item-content\"><a href=\"https:\/\/www.periferieprahy.cz\/blog\/wp-content\/uploads\/2025\/05\/cp71_6.jpg\" data-caption=\"D\u016fm \u0160varcov\u00fdch \u010d.p. 71 v ulici U Silnice\"><img loading=\"lazy\" decoding=\"async\" width=\"457\" height=\"442\" src=\"https:\/\/www.periferieprahy.cz\/blog\/wp-content\/uploads\/2025\/05\/cp71_6.jpg\" class=\"\" alt=\"\" srcset=\"https:\/\/www.periferieprahy.cz\/blog\/wp-content\/uploads\/2025\/05\/cp71_6.jpg 457w, https:\/\/www.periferieprahy.cz\/blog\/wp-content\/uploads\/2025\/05\/cp71_6-300x290.jpg 300w\" sizes=\"auto, (max-width: 457px) 100vw, 457px\" \/><span>D\u016fm \u0160varcov\u00fdch \u010d.p. 71 v ulici U Silnice<\/span><\/a><\/div><\/div><div class=\"su-image-carousel-item\"><div class=\"su-image-carousel-item-content\"><a href=\"https:\/\/www.periferieprahy.cz\/blog\/wp-content\/uploads\/2025\/05\/cp71_1.jpg\" data-caption=\"Josef \u0160varc a Vlasta Hanu\u0161ov\u00e1 12.12.1942\"><img loading=\"lazy\" decoding=\"async\" width=\"667\" height=\"1000\" src=\"https:\/\/www.periferieprahy.cz\/blog\/wp-content\/uploads\/2025\/05\/cp71_1.jpg\" class=\"\" alt=\"\" srcset=\"https:\/\/www.periferieprahy.cz\/blog\/wp-content\/uploads\/2025\/05\/cp71_1.jpg 667w, https:\/\/www.periferieprahy.cz\/blog\/wp-content\/uploads\/2025\/05\/cp71_1-200x300.jpg 200w\" sizes=\"auto, (max-width: 667px) 100vw, 667px\" \/><span>Josef \u0160varc a Vlasta Hanu\u0161ov\u00e1 12.12.1942<\/span><\/a><\/div><\/div><div class=\"su-image-carousel-item\"><div class=\"su-image-carousel-item-content\"><a href=\"https:\/\/www.periferieprahy.cz\/blog\/wp-content\/uploads\/2025\/05\/cp71_3.jpg\" data-caption=\"Josef \u0160varc a Vlasta Hanu\u0161ov\u00e1 12.12.1942\"><img loading=\"lazy\" decoding=\"async\" width=\"628\" height=\"944\" src=\"https:\/\/www.periferieprahy.cz\/blog\/wp-content\/uploads\/2025\/05\/cp71_3.jpg\" class=\"\" alt=\"\" srcset=\"https:\/\/www.periferieprahy.cz\/blog\/wp-content\/uploads\/2025\/05\/cp71_3.jpg 628w, https:\/\/www.periferieprahy.cz\/blog\/wp-content\/uploads\/2025\/05\/cp71_3-200x300.jpg 200w\" sizes=\"auto, (max-width: 628px) 100vw, 628px\" \/><span>Josef \u0160varc a Vlasta Hanu\u0161ov\u00e1 12.12.1942<\/span><\/a><\/div><\/div><div class=\"su-image-carousel-item\"><div class=\"su-image-carousel-item-content\"><a href=\"https:\/\/www.periferieprahy.cz\/blog\/wp-content\/uploads\/2025\/05\/cp71_4.jpg\" data-caption=\"Alenka \u0160varcov\u00e1 z Liboce\"><img loading=\"lazy\" decoding=\"async\" width=\"673\" height=\"990\" src=\"https:\/\/www.periferieprahy.cz\/blog\/wp-content\/uploads\/2025\/05\/cp71_4.jpg\" class=\"\" alt=\"\" srcset=\"https:\/\/www.periferieprahy.cz\/blog\/wp-content\/uploads\/2025\/05\/cp71_4.jpg 673w, https:\/\/www.periferieprahy.cz\/blog\/wp-content\/uploads\/2025\/05\/cp71_4-204x300.jpg 204w\" sizes=\"auto, (max-width: 673px) 100vw, 673px\" \/><span>Alenka \u0160varcov\u00e1 z Liboce<\/span><\/a><\/div><\/div><div class=\"su-image-carousel-item\"><div class=\"su-image-carousel-item-content\"><a href=\"https:\/\/www.periferieprahy.cz\/blog\/wp-content\/uploads\/2025\/05\/cp71_5.jpg\" data-caption=\"Dvoutra\u0165ovka Aleny \u0160varcov\u00e9 provd. Mackov\u00e9\"><img loading=\"lazy\" decoding=\"async\" width=\"637\" height=\"963\" src=\"https:\/\/www.periferieprahy.cz\/blog\/wp-content\/uploads\/2025\/05\/cp71_5.jpg\" class=\"\" alt=\"\" srcset=\"https:\/\/www.periferieprahy.cz\/blog\/wp-content\/uploads\/2025\/05\/cp71_5.jpg 637w, https:\/\/www.periferieprahy.cz\/blog\/wp-content\/uploads\/2025\/05\/cp71_5-198x300.jpg 198w\" sizes=\"auto, (max-width: 637px) 100vw, 637px\" \/><span>Dvoutra\u0165ovka Aleny \u0160varcov\u00e9 provd. Mackov\u00e9<\/span><\/a><\/div><\/div><\/div><script id=\"su_image_carousel_69f3c4e3690c1_script\">if(window.SUImageCarousel){setTimeout(function() {window.SUImageCarousel.initGallery(document.getElementById(\"su_image_carousel_69f3c4e3690c1\"))}, 0);}var su_image_carousel_69f3c4e3690c1_script=document.getElementById(\"su_image_carousel_69f3c4e3690c1_script\");if(su_image_carousel_69f3c4e3690c1_script){su_image_carousel_69f3c4e3690c1_script.parentNode.removeChild(su_image_carousel_69f3c4e3690c1_script);}<\/script>\n","protected":false},"excerpt":{"rendered":"<p>D\u016fm le\u017e\u00ed v ulici U Silnice pod orienta\u010dn\u00edm \u010d\u00edslem 4. V roce 1921 je zde uv\u00e1d\u011bna rodina \u0160varcov\u00fdch. Pan\u00ed Alena Mackov\u00e1, dcera Josefa \u0160varce a Vlasty, roz. Hanu\u0161ov\u00e9, poskytla fotografie, p\u0159ibli\u017euj\u00edc\u00ed n\u00e1m obyvatele tohoto domku.    <\/p>\n","protected":false},"author":1,"featured_media":3552,"comment_status":"open","ping_status":"open","sticky":false,"template":"","format":"standard","meta":{"_exactmetrics_skip_tracking":false,"_exactmetrics_sitenote_active":false,"_exactmetrics_sitenote_note":"","_exactmetrics_sitenote_category":0,"footnotes":""},"categories":[3],"tags":[],"post_folder":[],"class_list":["post-3550","post","type-post","status-publish","format-standard","has-post-thumbnail","hentry","category-redakce"],"_links":{"self":[{"href":"https:\/\/www.periferieprahy.cz\/blog\/wp-json\/wp\/v2\/posts\/3550","targetHints":{"allow":["GET"]}}],"collection":[{"href":"https:\/\/www.periferieprahy.cz\/blog\/wp-json\/wp\/v2\/posts"}],"about":[{"href":"https:\/\/www.periferieprahy.cz\/blog\/wp-json\/wp\/v2\/types\/post"}],"author":[{"embeddable":true,"href":"https:\/\/www.periferieprahy.cz\/blog\/wp-json\/wp\/v2\/users\/1"}],"replies":[{"embeddable":true,"href":"https:\/\/www.periferieprahy.cz\/blog\/wp-json\/wp\/v2\/comments?post=3550"}],"version-history":[{"count":2,"href":"https:\/\/www.periferieprahy.cz\/blog\/wp-json\/wp\/v2\/posts\/3550\/revisions"}],"predecessor-version":[{"id":3559,"href":"https:\/\/www.periferieprahy.cz\/blog\/wp-json\/wp\/v2\/posts\/3550\/revisions\/3559"}],"wp:featuredmedia":[{"embeddable":true,"href":"https:\/\/www.periferieprahy.cz\/blog\/wp-json\/wp\/v2\/media\/3552"}],"wp:attachment":[{"href":"https:\/\/www.periferieprahy.cz\/blog\/wp-json\/wp\/v2\/media?parent=3550"}],"wp:term":[{"taxonomy":"category","embeddable":true,"href":"https:\/\/www.periferieprahy.cz\/blog\/wp-json\/wp\/v2\/categories?post=3550"},{"taxonomy":"post_tag","embeddable":true,"href":"https:\/\/www.periferieprahy.cz\/blog\/wp-json\/wp\/v2\/tags?post=3550"},{"taxonomy":"post_folder","embeddable":true,"href":"https:\/\/www.periferieprahy.cz\/blog\/wp-json\/wp\/v2\/post_folder?post=3550"}],"curies":[{"name":"wp","href":"https:\/\/api.w.org\/{rel}","templated":true}]}}