{"id":3561,"date":"2025-05-10T21:50:04","date_gmt":"2025-05-10T19:50:04","guid":{"rendered":"https:\/\/www.periferieprahy.cz\/blog\/?p=3561"},"modified":"2025-07-08T21:06:01","modified_gmt":"2025-07-08T19:06:01","slug":"c-p-73-na-schudkach","status":"publish","type":"post","link":"https:\/\/www.periferieprahy.cz\/blog\/2025\/05\/10\/c-p-73-na-schudkach\/","title":{"rendered":"\u010c.p. 73 &#8222;Na sch\u016fdk\u00e1ch&#8220;"},"content":{"rendered":"\n<td>\n\t\t\t<p align=\"left\">\n\t\t\t<img loading=\"lazy\" decoding=\"async\" border=\"0\" src=\"https:\/\/www.periferieprahy.cz\/blog\/wp-content\/uploads\/2024\/12\/pismo7_17.gif\" width=\"89\" height=\"132\" align=\"left\">oh \n\t\t\tU Silnice a Libock\u00e9. Byl zde koloni\u00e1l s obchodn\u00edkem panem Franti\u0161kem \n\t\t\tKL\u00c1NEM. Chodilo se nakupovat &quot; Na sch\u016fdky&quot;. Byly zde potraviny i po \n\t\t\troce 1989 (Tomanovi) a pozd\u011bji kade\u0159nictvi. Pam\u011btn\u00edci uv\u00e1d\u011bj\u00ed, \u017ee p\u016fvodn\u011b zde byla prodejna v\u00edna pana \n\t\t\tVitkevi\u010de.  <br>\n&nbsp;<\/td>\n\n\n<div class=\"wp-block-image\">\n<figure class=\"aligncenter size-full is-resized\"><img loading=\"lazy\" decoding=\"async\" width=\"553\" height=\"563\" src=\"https:\/\/www.periferieprahy.cz\/blog\/wp-content\/uploads\/2025\/05\/cp73_barikada_1945_libocka_u_silnice.jpg\" alt=\"\" class=\"wp-image-3563\" style=\"width:827px;height:auto\" srcset=\"https:\/\/www.periferieprahy.cz\/blog\/wp-content\/uploads\/2025\/05\/cp73_barikada_1945_libocka_u_silnice.jpg 553w, https:\/\/www.periferieprahy.cz\/blog\/wp-content\/uploads\/2025\/05\/cp73_barikada_1945_libocka_u_silnice-295x300.jpg 295w\" sizes=\"auto, (max-width: 553px) 100vw, 553px\" \/><figcaption class=\"wp-element-caption\">Barik\u00e1da na k\u0159i\u017eovatce ulic Libock\u00e1 a U Silnice, kv\u011bten 1945. Vlevo je roh domu \u010d.p. 73<\/figcaption><\/figure>\n<\/div>\n\n<div class=\"wp-block-image\">\n<figure class=\"aligncenter size-large\"><img loading=\"lazy\" decoding=\"async\" width=\"1024\" height=\"720\" src=\"https:\/\/www.periferieprahy.cz\/blog\/wp-content\/uploads\/2025\/05\/cp73_1-1024x720.jpg\" alt=\"\" class=\"wp-image-3562\" srcset=\"https:\/\/www.periferieprahy.cz\/blog\/wp-content\/uploads\/2025\/05\/cp73_1-1024x720.jpg 1024w, https:\/\/www.periferieprahy.cz\/blog\/wp-content\/uploads\/2025\/05\/cp73_1-300x211.jpg 300w, https:\/\/www.periferieprahy.cz\/blog\/wp-content\/uploads\/2025\/05\/cp73_1-768x540.jpg 768w, https:\/\/www.periferieprahy.cz\/blog\/wp-content\/uploads\/2025\/05\/cp73_1.jpg 1115w\" sizes=\"auto, (max-width: 1024px) 100vw, 1024px\" \/><figcaption class=\"wp-element-caption\">\u010c.p. 73 roh U Silnice a Libock\u00e9. Sem se chodilo nakupovat &#8220; Na sch\u016fdky&#8220;. Byly zde potraviny i po roce 1989 a pozd\u011bji kade\u0159nictvi.<\/figcaption><\/figure>\n<\/div>","protected":false},"excerpt":{"rendered":"<p>Roh U Silnice a Libock\u00e9. Byl zde koloni\u00e1l s obchodn\u00edkem panem Franti\u0161kem KL\u00c1NEM . Chodilo se nakupovat &#8220; Na sch\u016fdky&#8220;. Byly zde potraviny i po roce 1989 (Tomanovi) a pozd\u011bji kade\u0159nictvi. Pam\u011btn\u00edci uv\u00e1d\u011bj\u00ed, \u017ee p\u016fvodn\u011b zde byla prodejna v\u00edna pana Vitkevi\u010de.<\/p>\n","protected":false},"author":1,"featured_media":3569,"comment_status":"open","ping_status":"open","sticky":false,"template":"","format":"standard","meta":{"_exactmetrics_skip_tracking":false,"_exactmetrics_sitenote_active":false,"_exactmetrics_sitenote_note":"","_exactmetrics_sitenote_category":0,"footnotes":""},"categories":[33,3,32],"tags":[],"post_folder":[],"class_list":["post-3561","post","type-post","status-publish","format-standard","has-post-thumbnail","hentry","category-obchody_sluzby","category-redakce","category-zivnosti_obchody"],"_links":{"self":[{"href":"https:\/\/www.periferieprahy.cz\/blog\/wp-json\/wp\/v2\/posts\/3561","targetHints":{"allow":["GET"]}}],"collection":[{"href":"https:\/\/www.periferieprahy.cz\/blog\/wp-json\/wp\/v2\/posts"}],"about":[{"href":"https:\/\/www.periferieprahy.cz\/blog\/wp-json\/wp\/v2\/types\/post"}],"author":[{"embeddable":true,"href":"https:\/\/www.periferieprahy.cz\/blog\/wp-json\/wp\/v2\/users\/1"}],"replies":[{"embeddable":true,"href":"https:\/\/www.periferieprahy.cz\/blog\/wp-json\/wp\/v2\/comments?post=3561"}],"version-history":[{"count":2,"href":"https:\/\/www.periferieprahy.cz\/blog\/wp-json\/wp\/v2\/posts\/3561\/revisions"}],"predecessor-version":[{"id":3567,"href":"https:\/\/www.periferieprahy.cz\/blog\/wp-json\/wp\/v2\/posts\/3561\/revisions\/3567"}],"wp:featuredmedia":[{"embeddable":true,"href":"https:\/\/www.periferieprahy.cz\/blog\/wp-json\/wp\/v2\/media\/3569"}],"wp:attachment":[{"href":"https:\/\/www.periferieprahy.cz\/blog\/wp-json\/wp\/v2\/media?parent=3561"}],"wp:term":[{"taxonomy":"category","embeddable":true,"href":"https:\/\/www.periferieprahy.cz\/blog\/wp-json\/wp\/v2\/categories?post=3561"},{"taxonomy":"post_tag","embeddable":true,"href":"https:\/\/www.periferieprahy.cz\/blog\/wp-json\/wp\/v2\/tags?post=3561"},{"taxonomy":"post_folder","embeddable":true,"href":"https:\/\/www.periferieprahy.cz\/blog\/wp-json\/wp\/v2\/post_folder?post=3561"}],"curies":[{"name":"wp","href":"https:\/\/api.w.org\/{rel}","templated":true}]}}