{"id":3597,"date":"2025-05-12T20:53:32","date_gmt":"2025-05-12T18:53:32","guid":{"rendered":"https:\/\/www.periferieprahy.cz\/blog\/?p=3597"},"modified":"2025-07-08T21:04:37","modified_gmt":"2025-07-08T19:04:37","slug":"c-p-73-ruzyne","status":"publish","type":"post","link":"https:\/\/www.periferieprahy.cz\/blog\/2025\/05\/12\/c-p-73-ruzyne\/","title":{"rendered":"\u010c.p. 73 Ruzyn\u011b &#8211; \u0160m\u00eddovi"},"content":{"rendered":"\n<p align=\"left\">\n\t\t\t<img loading=\"lazy\" decoding=\"async\" border=\"0\" src=\"https:\/\/www.periferieprahy.cz\/blog\/wp-content\/uploads\/2024\/12\/pismo7_14.gif\" width=\"114\" height=\"133\" align=\"left\"><b><font size=\"7\" color=\"#CE0000\" face=\"Times New Roman\">bchodn\u00ed \n\t\t\td\u016fm U \u0160m\u00edd\u016f<\/font><\/b><\/p>\n\t\t\t<p align=\"left\"><font face=\"Times New Roman\"size=\"4\">&nbsp;Na rohu \n\t\t\tMladotick\u00e9 a b\u00fdval\u00e9 Ruzy\u0148sk\u00e9, byl obchodn\u00ed d\u016fm pana&nbsp; \u0160m\u00edda. \n\t\t\tJe to u\u017e sice na katastru Ruzyn\u011b, ale obchod slou\u017eil jak libock\u00fdm, \n\t\t\ttak ruzy\u0148sk\u00fdm soused\u016fm. <\/font><\/p>\n\n\n\n<p>Pan Petr \u0160m\u00edd, potomek, mi v\u0161e up\u0159esnil: <em>Dovolte p\u00e1r detail\u016f ke kapitole zanikl\u00e9 obch\u016fdky. J\u00e1 jsem pravnukem pana Franti\u0161ka \u0160m\u00edda, kter\u00fd vystav\u011bl a provozoval \u201eobchodn\u00ed d\u016fm\u201c na k\u0159\u00ed\u017een\u00ed ulic Ruzy\u0148sk\u00e1 \/ Mladotick\u00e1 73\/2. Tak\u017ee ten d\u016fm provozoval Franti\u0161ek se sv\u00fdmi syny, ne\u017e mu to zn\u00e1rodnili. K na\u0161emu domu tak m\u00e1te chybn\u011b uveden\u00e9ho Ladislava, m\u00e1 tam b\u00fdt spr\u00e1vn\u011b uveden Franti\u0161ek \u0160m\u00edd. Ladislav byl jeho nejmlad\u0161\u00ed syn. D\u00e1le se zmi\u0148ujete o pan\u00ed \u0160m\u00eddov\u00e9 v kas\u00e1rn\u00e1ch. To byla moje babi\u010dka, kter\u00e1 pracovala v Arm\u011b a tu\u0161\u00edm d\u011bda, jej\u00ed man\u017eel j\u00ed tam pom\u00e1hal a tu\u0161\u00edm i topil. Takt\u00e9\u017e bydlela v na\u0161em v\u00fd\u0161e uveden\u00e9m dom\u011b \u010d.p. 73\/2 a byla man\u017eelkou V\u00e1clava, prost\u0159edn\u00edho syna Franti\u0161ka \u0160m\u00edda. On m\u011bl t\u0159i syny. Nejmlad\u0161\u00ed byl&nbsp; Franti\u0161ek, prost\u0159edn\u00ed V\u00e1clav a nemlad\u0161\u00ed Ladislav. Nev\u00edm to nyn\u00ed jist\u011b, ale tu\u0161\u00edm, \u017ee jak prad\u011bdovi zn\u00e1rodnili kr\u00e1m, tak babi\u010dka si na\u0161la pr\u00e1ci v kas\u00e1rn\u00e1ch.<\/em><\/p>\n\n\n\n<p>Dodejme, \u017ee pan Franti\u0161ek \u0160m\u00edd provozoval nejd\u0159\u00edve&nbsp; sv\u016fj obchod&nbsp; v Drnovsk\u00e9 ulici <a href=\"file:\/\/\/C:\/Users\/jarda\/Documents\/weby\/periferieprahy\/1_ruz_cp22.htm\">\u010d.p. 22<\/a><\/p>\n\n\n\n<p>\u00a0Za dob m\u00e9ho voj\u00e1kov\u00e1n\u00ed (1968 -1970) byla v kas\u00e1rn\u00e1ch i prodejna, kter\u00e9 se po vojensku \u0159\u00edk\u00e1 Arma. Tam jste koupili prakticky v\u0161echno, b\u011b\u017en\u00e9\u00a0 potraviny, lah\u016fdky, nit\u011b, vojensk\u00e9 knofl\u00edky a ozna\u010den\u00ed v\u0161eho druhu, psac\u00ed pot\u0159eby, cigarety, drogerie a j\u00e1 nev\u00edm co je\u0161t\u011b. Prod\u00e1valo se zde i pivo, v\u00edno i tvrd\u00fd alkohol. Vypr\u00e1v\u00edm to proto, \u017ee zde prod\u00e1vala pan\u00ed \u0160m\u00eddov\u00e1 a pan \u0160m\u00edd, a ti do zn\u00e1rodn\u011bn\u00ed vlastnili obchod v Ruzyni\u00a0\u010d.p. 73\u00a0. Byli velice p\u0159\u00edjemn\u00ed a ochotn\u00ed. U nich tak\u00e9 nakupovali voj\u00e1ci, kte\u0159\u00ed m\u011bli na starosti tzv. Politicko vzd\u011bl\u00e1vac\u00ed sv\u011btnice (P\u00e9v\u00e9esky), co\u017e byly v\u00edcem\u00e9n\u011b kluby na rot\u00e1ch, kde si voj\u00e1ci mohli d\u00e1t n\u011bjak\u00e9 ob\u010derstven\u00ed, pokud nem\u011bli vych\u00e1zku.<\/p>\n\n\n\n<div class=\"wp-block-columns is-layout-flex wp-container-core-columns-is-layout-9d6595d7 wp-block-columns-is-layout-flex\">\n<div class=\"wp-block-column is-layout-flow wp-block-column-is-layout-flow\"><div class=\"wp-block-image\">\n<figure class=\"aligncenter size-large is-resized\"><img loading=\"lazy\" decoding=\"async\" width=\"769\" height=\"1024\" src=\"https:\/\/www.periferieprahy.cz\/blog\/wp-content\/uploads\/2025\/04\/ruz_cp22_3-769x1024.jpg\" alt=\"\" class=\"wp-image-2530\" style=\"width:434px;height:auto\" srcset=\"https:\/\/www.periferieprahy.cz\/blog\/wp-content\/uploads\/2025\/04\/ruz_cp22_3-769x1024.jpg 769w, https:\/\/www.periferieprahy.cz\/blog\/wp-content\/uploads\/2025\/04\/ruz_cp22_3-225x300.jpg 225w, https:\/\/www.periferieprahy.cz\/blog\/wp-content\/uploads\/2025\/04\/ruz_cp22_3-768x1023.jpg 768w, https:\/\/www.periferieprahy.cz\/blog\/wp-content\/uploads\/2025\/04\/ruz_cp22_3-1153x1536.jpg 1153w, https:\/\/www.periferieprahy.cz\/blog\/wp-content\/uploads\/2025\/04\/ruz_cp22_3.jpg 1201w\" sizes=\"auto, (max-width: 769px) 100vw, 769px\" \/><figcaption class=\"wp-element-caption\">Ruzyn\u011b, \u010d.p. 22, hospoda Josefa Jurise &#8222;U Koruny&#8220; jinak &#8222;Na Nov\u00e9&#8220; asi kolem roku 1915. M\u00edval zde koloni\u00e1l i pan \u0160m\u00edd, kter\u00fd pozd\u011bji vlastnil obchodn\u00ed d\u016fm v Ruzyni \u010d.p. 73. Z poz\u016fstalosti pana Anton\u00edna Mare\u0161e. <\/figcaption><\/figure>\n<\/div><\/div>\n\n\n\n<div class=\"wp-block-column is-layout-flow wp-block-column-is-layout-flow\"><div class=\"wp-block-image\">\n<figure class=\"aligncenter size-full is-resized\"><img loading=\"lazy\" decoding=\"async\" width=\"714\" height=\"1000\" src=\"https:\/\/www.periferieprahy.cz\/blog\/wp-content\/uploads\/2025\/05\/ruz_cp73b.jpg\" alt=\"\" class=\"wp-image-3602\" style=\"width:448px;height:auto\" srcset=\"https:\/\/www.periferieprahy.cz\/blog\/wp-content\/uploads\/2025\/05\/ruz_cp73b.jpg 714w, https:\/\/www.periferieprahy.cz\/blog\/wp-content\/uploads\/2025\/05\/ruz_cp73b-214x300.jpg 214w\" sizes=\"auto, (max-width: 714px) 100vw, 714px\" \/><figcaption class=\"wp-element-caption\">Pan Franti\u0161ek \u0160m\u00edd *7.12.1877<\/figcaption><\/figure>\n<\/div><\/div>\n<\/div>\n\n\n<div class=\"su-image-carousel  su-image-carousel-has-spacing su-image-carousel-crop su-image-carousel-crop-4-3 su-image-carousel-has-lightbox su-image-carousel-has-outline su-image-carousel-adaptive su-image-carousel-slides-style-default su-image-carousel-controls-style-dark su-image-carousel-align-center\" style=\"max-width:800px\" data-flickity-options='{\"groupCells\":true,\"cellSelector\":\".su-image-carousel-item\",\"adaptiveHeight\":false,\"cellAlign\":\"left\",\"prevNextButtons\":true,\"pageDots\":true,\"autoPlay\":7000,\"imagesLoaded\":true,\"contain\":true,\"selectedAttraction\":0.1499999999999999944488848768742172978818416595458984375,\"friction\":1}' id=\"su_image_carousel_69f5b927abb4a\"><div class=\"su-image-carousel-item\"><div class=\"su-image-carousel-item-content\"><a href=\"https:\/\/www.periferieprahy.cz\/blog\/wp-content\/uploads\/2025\/05\/ruz_cp73.jpg\" data-caption=\"Franti\u0161ek \u0160m\u00edd vpravo na zemi, jako kupeck\u00fd u\u010de\u0148 v roce 1891. V tu dobu mu bylo 14 let (*7.12.1877). U\u010dil se na Sm\u00edchov\u011b asi u firmy Bej\u010dek.\"><img loading=\"lazy\" decoding=\"async\" width=\"998\" height=\"720\" src=\"https:\/\/www.periferieprahy.cz\/blog\/wp-content\/uploads\/2025\/05\/ruz_cp73.jpg\" class=\"\" alt=\"\" srcset=\"https:\/\/www.periferieprahy.cz\/blog\/wp-content\/uploads\/2025\/05\/ruz_cp73.jpg 998w, https:\/\/www.periferieprahy.cz\/blog\/wp-content\/uploads\/2025\/05\/ruz_cp73-300x216.jpg 300w, https:\/\/www.periferieprahy.cz\/blog\/wp-content\/uploads\/2025\/05\/ruz_cp73-768x554.jpg 768w\" sizes=\"auto, (max-width: 998px) 100vw, 998px\" \/><span>Franti\u0161ek \u0160m\u00edd vpravo na zemi, jako kupeck\u00fd u\u010de\u0148 v roce 1891. V tu dobu mu bylo 14 let (*7.12.1877). U\u010dil se na Sm\u00edchov\u011b asi u firmy Bej\u010dek.<\/span><\/a><\/div><\/div><div class=\"su-image-carousel-item\"><div class=\"su-image-carousel-item-content\"><a href=\"https:\/\/www.periferieprahy.cz\/blog\/wp-content\/uploads\/2025\/05\/ruz_cp73f.jpg\" data-caption=\"Franti\u0161ek \u0160m\u00edd vpravo ve sv\u00e9m obchod\u011b cca 1929. Vedle n\u011bj je jeho prvorozen\u00fd syn Franti\u0161ek, kter\u00fd zde provozoval obchod s uhl\u00edm a d\u0159\u00edv\u00edm.\"><img loading=\"lazy\" decoding=\"async\" width=\"911\" height=\"605\" src=\"https:\/\/www.periferieprahy.cz\/blog\/wp-content\/uploads\/2025\/05\/ruz_cp73f.jpg\" class=\"\" alt=\"\" srcset=\"https:\/\/www.periferieprahy.cz\/blog\/wp-content\/uploads\/2025\/05\/ruz_cp73f.jpg 911w, https:\/\/www.periferieprahy.cz\/blog\/wp-content\/uploads\/2025\/05\/ruz_cp73f-300x199.jpg 300w, https:\/\/www.periferieprahy.cz\/blog\/wp-content\/uploads\/2025\/05\/ruz_cp73f-768x510.jpg 768w\" sizes=\"auto, (max-width: 911px) 100vw, 911px\" \/><span>Franti\u0161ek \u0160m\u00edd vpravo ve sv\u00e9m obchod\u011b cca 1929. Vedle n\u011bj je jeho prvorozen\u00fd syn Franti\u0161ek, kter\u00fd zde provozoval obchod s uhl\u00edm a d\u0159\u00edv\u00edm.<\/span><\/a><\/div><\/div><div class=\"su-image-carousel-item\"><div class=\"su-image-carousel-item-content\"><a href=\"https:\/\/www.periferieprahy.cz\/blog\/wp-content\/uploads\/2025\/05\/ruz_cp73d.jpg\" data-caption=\"Obchod v \u010d.p. 73. Jak je vid\u011bt, b\u00fdvala zde i benz\u00ednka a u pana  \u0160m\u00edda se dalo koupit v podstat\u011b v\u0161e. Od potravin p\u0159es drogistick\u00e9 zbo\u017e\u00ed, stavebniny a\u017e po uhl\u00ed a d\u0159\u00edv\u00ed. A to v\u0161e ve velk\u00e9m i mal\u00e9m.\"><img loading=\"lazy\" decoding=\"async\" width=\"1000\" height=\"686\" src=\"https:\/\/www.periferieprahy.cz\/blog\/wp-content\/uploads\/2025\/05\/ruz_cp73d.jpg\" class=\"\" alt=\"\" srcset=\"https:\/\/www.periferieprahy.cz\/blog\/wp-content\/uploads\/2025\/05\/ruz_cp73d.jpg 1000w, https:\/\/www.periferieprahy.cz\/blog\/wp-content\/uploads\/2025\/05\/ruz_cp73d-300x206.jpg 300w, https:\/\/www.periferieprahy.cz\/blog\/wp-content\/uploads\/2025\/05\/ruz_cp73d-768x527.jpg 768w\" sizes=\"auto, (max-width: 1000px) 100vw, 1000px\" \/><span>Obchod v \u010d.p. 73. Jak je vid\u011bt, b\u00fdvala zde i benz\u00ednka a u pana  \u0160m\u00edda se dalo koupit v podstat\u011b v\u0161e. Od potravin p\u0159es drogistick\u00e9 zbo\u017e\u00ed, stavebniny a\u017e po uhl\u00ed a d\u0159\u00edv\u00ed. A to v\u0161e ve velk\u00e9m i mal\u00e9m.<\/span><\/a><\/div><\/div><div class=\"su-image-carousel-item\"><div class=\"su-image-carousel-item-content\"><a href=\"https:\/\/www.periferieprahy.cz\/blog\/wp-content\/uploads\/2025\/05\/ruz_cp73c.jpg\" data-caption=\"Ruzyn\u011b \u010d.p. 73: Obchodn\u00ed d\u016fm &quot;U \u0160m\u00edd\u016f&quot; asi v dob\u011b jeho nejv\u011bt\u0161\u00edho rozkv\u011btu. Firma \u0160m\u00edd vlastnila dokonce i n\u00e1kladn\u00ed automobil.\"><img loading=\"lazy\" decoding=\"async\" width=\"1277\" height=\"902\" src=\"https:\/\/www.periferieprahy.cz\/blog\/wp-content\/uploads\/2025\/05\/ruz_cp73c.jpg\" class=\"\" alt=\"\" srcset=\"https:\/\/www.periferieprahy.cz\/blog\/wp-content\/uploads\/2025\/05\/ruz_cp73c.jpg 1277w, https:\/\/www.periferieprahy.cz\/blog\/wp-content\/uploads\/2025\/05\/ruz_cp73c-300x212.jpg 300w, https:\/\/www.periferieprahy.cz\/blog\/wp-content\/uploads\/2025\/05\/ruz_cp73c-1024x723.jpg 1024w, https:\/\/www.periferieprahy.cz\/blog\/wp-content\/uploads\/2025\/05\/ruz_cp73c-768x542.jpg 768w\" sizes=\"auto, (max-width: 1277px) 100vw, 1277px\" \/><span>Ruzyn\u011b \u010d.p. 73: Obchodn\u00ed d\u016fm \"U \u0160m\u00edd\u016f\" asi v dob\u011b jeho nejv\u011bt\u0161\u00edho rozkv\u011btu. Firma \u0160m\u00edd vlastnila dokonce i n\u00e1kladn\u00ed automobil.<\/span><\/a><\/div><\/div><div class=\"su-image-carousel-item\"><div class=\"su-image-carousel-item-content\"><a href=\"https:\/\/www.periferieprahy.cz\/blog\/wp-content\/uploads\/2025\/05\/ruz_cp73a.jpg\" data-caption=\"Obchodn\u00ed d\u016fm \u010d.p.73, na pohlednici vlevo naho\u0159e.\"><img loading=\"lazy\" decoding=\"async\" width=\"1000\" height=\"646\" src=\"https:\/\/www.periferieprahy.cz\/blog\/wp-content\/uploads\/2025\/05\/ruz_cp73a.jpg\" class=\"\" alt=\"\" srcset=\"https:\/\/www.periferieprahy.cz\/blog\/wp-content\/uploads\/2025\/05\/ruz_cp73a.jpg 1000w, https:\/\/www.periferieprahy.cz\/blog\/wp-content\/uploads\/2025\/05\/ruz_cp73a-300x194.jpg 300w, https:\/\/www.periferieprahy.cz\/blog\/wp-content\/uploads\/2025\/05\/ruz_cp73a-768x496.jpg 768w\" sizes=\"auto, (max-width: 1000px) 100vw, 1000px\" \/><span>Obchodn\u00ed d\u016fm \u010d.p.73, na pohlednici vlevo naho\u0159e.<\/span><\/a><\/div><\/div><div class=\"su-image-carousel-item\"><div class=\"su-image-carousel-item-content\"><a href=\"https:\/\/www.periferieprahy.cz\/blog\/wp-content\/uploads\/2025\/05\/ruz_cp73e.jpg\" data-caption=\"Obchod  v Ruzyni \u010d.p. 73, ale ji\u017e &quot;zn\u00e1rodn\u011bn\u00fd&quot;. Sv\u011bd\u010d\u00ed o tom ten znak dru\u017estva &quot;Pramen&quot; vedle n\u00e1pisu POTRAVINY.\"><img loading=\"lazy\" decoding=\"async\" width=\"1474\" height=\"915\" src=\"https:\/\/www.periferieprahy.cz\/blog\/wp-content\/uploads\/2025\/05\/ruz_cp73e.jpg\" class=\"\" alt=\"\" srcset=\"https:\/\/www.periferieprahy.cz\/blog\/wp-content\/uploads\/2025\/05\/ruz_cp73e.jpg 1474w, https:\/\/www.periferieprahy.cz\/blog\/wp-content\/uploads\/2025\/05\/ruz_cp73e-300x186.jpg 300w, https:\/\/www.periferieprahy.cz\/blog\/wp-content\/uploads\/2025\/05\/ruz_cp73e-1024x636.jpg 1024w, https:\/\/www.periferieprahy.cz\/blog\/wp-content\/uploads\/2025\/05\/ruz_cp73e-768x477.jpg 768w\" sizes=\"auto, (max-width: 1474px) 100vw, 1474px\" \/><span>Obchod  v Ruzyni \u010d.p. 73, ale ji\u017e \"zn\u00e1rodn\u011bn\u00fd\". Sv\u011bd\u010d\u00ed o tom ten znak dru\u017estva \"Pramen\" vedle n\u00e1pisu POTRAVINY.<\/span><\/a><\/div><\/div><div class=\"su-image-carousel-item\"><div class=\"su-image-carousel-item-content\"><a href=\"https:\/\/www.periferieprahy.cz\/blog\/wp-content\/uploads\/2025\/05\/ruz_cp73h.jpg\" data-caption=\"A je\u0161t\u011b jednou po zn\u00e1rodn\u011bn\u00ed\"><img loading=\"lazy\" decoding=\"async\" width=\"651\" height=\"606\" src=\"https:\/\/www.periferieprahy.cz\/blog\/wp-content\/uploads\/2025\/05\/ruz_cp73h.jpg\" class=\"\" alt=\"\" srcset=\"https:\/\/www.periferieprahy.cz\/blog\/wp-content\/uploads\/2025\/05\/ruz_cp73h.jpg 651w, https:\/\/www.periferieprahy.cz\/blog\/wp-content\/uploads\/2025\/05\/ruz_cp73h-300x279.jpg 300w\" sizes=\"auto, (max-width: 651px) 100vw, 651px\" \/><span>A je\u0161t\u011b jednou po zn\u00e1rodn\u011bn\u00ed<\/span><\/a><\/div><\/div><div class=\"su-image-carousel-item\"><div class=\"su-image-carousel-item-content\"><a href=\"https:\/\/www.periferieprahy.cz\/blog\/wp-content\/uploads\/2025\/05\/ruz_cp73g.jpg\" data-caption=\"...v roce 2010\"><img loading=\"lazy\" decoding=\"async\" width=\"1600\" height=\"1200\" src=\"https:\/\/www.periferieprahy.cz\/blog\/wp-content\/uploads\/2025\/05\/ruz_cp73g.jpg\" class=\"\" alt=\"\" srcset=\"https:\/\/www.periferieprahy.cz\/blog\/wp-content\/uploads\/2025\/05\/ruz_cp73g.jpg 1600w, https:\/\/www.periferieprahy.cz\/blog\/wp-content\/uploads\/2025\/05\/ruz_cp73g-300x225.jpg 300w, https:\/\/www.periferieprahy.cz\/blog\/wp-content\/uploads\/2025\/05\/ruz_cp73g-1024x768.jpg 1024w, https:\/\/www.periferieprahy.cz\/blog\/wp-content\/uploads\/2025\/05\/ruz_cp73g-768x576.jpg 768w, https:\/\/www.periferieprahy.cz\/blog\/wp-content\/uploads\/2025\/05\/ruz_cp73g-1536x1152.jpg 1536w\" sizes=\"auto, (max-width: 1600px) 100vw, 1600px\" \/><span>...v roce 2010<\/span><\/a><\/div><\/div><\/div><script id=\"su_image_carousel_69f5b927abb4a_script\">if(window.SUImageCarousel){setTimeout(function() {window.SUImageCarousel.initGallery(document.getElementById(\"su_image_carousel_69f5b927abb4a\"))}, 0);}var su_image_carousel_69f5b927abb4a_script=document.getElementById(\"su_image_carousel_69f5b927abb4a_script\");if(su_image_carousel_69f5b927abb4a_script){su_image_carousel_69f5b927abb4a_script.parentNode.removeChild(su_image_carousel_69f5b927abb4a_script);}<\/script>\n","protected":false},"excerpt":{"rendered":"<p>Na rohu Mladotick\u00e9 a b\u00fdval\u00e9 Ruzy\u0148sk\u00e9, byl obchodn\u00ed d\u016fm pana  L. \u0160m\u00edda. Je to u\u017e sice na katastru Ruzyn\u011b, ale obchod slou\u017eil jak libock\u00fdm, tak ruzy\u0148sk\u00fdm soused\u016fm. <\/p>\n","protected":false},"author":1,"featured_media":3604,"comment_status":"open","ping_status":"open","sticky":false,"template":"","format":"standard","meta":{"_exactmetrics_skip_tracking":false,"_exactmetrics_sitenote_active":false,"_exactmetrics_sitenote_note":"","_exactmetrics_sitenote_category":0,"footnotes":""},"categories":[23,33,3,32],"tags":[],"post_folder":[],"class_list":["post-3597","post","type-post","status-publish","format-standard","has-post-thumbnail","hentry","category-ruzyne","category-obchody_sluzby","category-redakce","category-zivnosti_obchody"],"_links":{"self":[{"href":"https:\/\/www.periferieprahy.cz\/blog\/wp-json\/wp\/v2\/posts\/3597","targetHints":{"allow":["GET"]}}],"collection":[{"href":"https:\/\/www.periferieprahy.cz\/blog\/wp-json\/wp\/v2\/posts"}],"about":[{"href":"https:\/\/www.periferieprahy.cz\/blog\/wp-json\/wp\/v2\/types\/post"}],"author":[{"embeddable":true,"href":"https:\/\/www.periferieprahy.cz\/blog\/wp-json\/wp\/v2\/users\/1"}],"replies":[{"embeddable":true,"href":"https:\/\/www.periferieprahy.cz\/blog\/wp-json\/wp\/v2\/comments?post=3597"}],"version-history":[{"count":5,"href":"https:\/\/www.periferieprahy.cz\/blog\/wp-json\/wp\/v2\/posts\/3597\/revisions"}],"predecessor-version":[{"id":3616,"href":"https:\/\/www.periferieprahy.cz\/blog\/wp-json\/wp\/v2\/posts\/3597\/revisions\/3616"}],"wp:featuredmedia":[{"embeddable":true,"href":"https:\/\/www.periferieprahy.cz\/blog\/wp-json\/wp\/v2\/media\/3604"}],"wp:attachment":[{"href":"https:\/\/www.periferieprahy.cz\/blog\/wp-json\/wp\/v2\/media?parent=3597"}],"wp:term":[{"taxonomy":"category","embeddable":true,"href":"https:\/\/www.periferieprahy.cz\/blog\/wp-json\/wp\/v2\/categories?post=3597"},{"taxonomy":"post_tag","embeddable":true,"href":"https:\/\/www.periferieprahy.cz\/blog\/wp-json\/wp\/v2\/tags?post=3597"},{"taxonomy":"post_folder","embeddable":true,"href":"https:\/\/www.periferieprahy.cz\/blog\/wp-json\/wp\/v2\/post_folder?post=3597"}],"curies":[{"name":"wp","href":"https:\/\/api.w.org\/{rel}","templated":true}]}}