{"id":3693,"date":"2025-05-16T21:17:49","date_gmt":"2025-05-16T19:17:49","guid":{"rendered":"https:\/\/www.periferieprahy.cz\/blog\/?p=3693"},"modified":"2025-06-21T23:20:24","modified_gmt":"2025-06-21T21:20:24","slug":"c-p-115-brevnov-u-velasu","status":"publish","type":"post","link":"https:\/\/www.periferieprahy.cz\/blog\/2025\/05\/16\/c-p-115-brevnov-u-velasu\/","title":{"rendered":"\u010c.p. 115 B\u0159evnov &#8222;U Velas\u016f&#8220;"},"content":{"rendered":"\n<img loading=\"lazy\" decoding=\"async\" border=\"0\" src=\"https:\/\/www.periferieprahy.cz\/blog\/wp-content\/uploads\/2024\/12\/pismo7_21.gif\" width=\"111\" height=\"114\" align=\"left\"><b><font size=\"7\" color=\"#CC0000\">elasova \n\t\t\trestaurace<\/font><\/b><p align=\"justify\">Tato hospoda vlastn\u011b do libock\u00fdch hospod \n\t\t\tnepat\u0159\u00ed, proto\u017ee v ulici Sestupn\u00e1 byla na t\u00e9 stran\u011b dom\u016f, kter\u00e9 \n\t\t\tpat\u0159\u00ed do b\u0159evnovsk\u00e9ho katastru (\u010d. p. 115 je z B\u0159evnova), zat\u00edmco \n\t\t\tdomy naproti jsou v katastru libock\u00e9m. Ale mapy jsou mapy a \u017eivot je \n\t\t\t\u017eivot. Sestupn\u00e1 na na\u0161e str\u00e1nky rozhodn\u011b pat\u0159\u00ed. Hospoda byla v \n\t\t\tprovozu je\u0161t\u011b na p\u0159elomu 60. a 70. let 20. stolet\u00ed . Od t\u00e9 doby je \n\t\t\tobjekt neudr\u017eov\u00e1n a ji\u017e n\u011bkolik let ch\u00e1tr\u00e1 a\u017e doch\u00e1tral. Po\u010d\u00e1tkem \n\t\t\tb\u0159ezna 2017 byl nemilosrdn\u011b str\u017een. <b><font color=\"#CC0000\">\n\t\t\t<\/font><\/b>\n\n\n<div class=\"su-image-carousel  su-image-carousel-has-spacing su-image-carousel-crop su-image-carousel-crop-4-3 su-image-carousel-has-lightbox su-image-carousel-has-outline su-image-carousel-adaptive su-image-carousel-slides-style-default su-image-carousel-controls-style-dark su-image-carousel-align-center\" style=\"max-width:800px\" data-flickity-options='{\"groupCells\":true,\"cellSelector\":\".su-image-carousel-item\",\"adaptiveHeight\":false,\"cellAlign\":\"left\",\"prevNextButtons\":true,\"pageDots\":true,\"autoPlay\":7000,\"imagesLoaded\":true,\"contain\":true,\"selectedAttraction\":0.1499999999999999944488848768742172978818416595458984375,\"friction\":1}' id=\"su_image_carousel_69f44935d52c5\"><div class=\"su-image-carousel-item\"><div class=\"su-image-carousel-item-content\"><a href=\"https:\/\/www.periferieprahy.cz\/blog\/wp-content\/uploads\/2025\/05\/brv_cp115_10.jpg\" data-caption=\"Hospoda &quot;U Velas\u016f&quot; v obdob\u00ed mezi sv\u011btov\u00fdmi v\u00e1lkami. Fotografie p\u0159evzata z FB komunita Star\u00fd B\u0159evnov, kde je tak\u00e9 uvedeno: Hospoda U P\u00edseck\u00fdch neboli U Velas\u016f. P\u016fvod n\u00e1zv\u016f snad podle majitel\u016f domu. V roce 1925 n\u00e1jemce Franti\u0161ek Hank. V roce 1930 n\u00e1jemce Anton\u00edn Stehl\u00edk. V roce 1936 hostinsk\u00e1 Anna \u010cern\u00e1. N\u00e1zev U P\u00edseck\u00fdch byl ve 30. letech, U Velas\u016f ve 40. letech.\"><img loading=\"lazy\" decoding=\"async\" width=\"1236\" height=\"788\" src=\"https:\/\/www.periferieprahy.cz\/blog\/wp-content\/uploads\/2025\/05\/brv_cp115_10.jpg\" class=\"\" alt=\"\" srcset=\"https:\/\/www.periferieprahy.cz\/blog\/wp-content\/uploads\/2025\/05\/brv_cp115_10.jpg 1236w, https:\/\/www.periferieprahy.cz\/blog\/wp-content\/uploads\/2025\/05\/brv_cp115_10-300x191.jpg 300w, https:\/\/www.periferieprahy.cz\/blog\/wp-content\/uploads\/2025\/05\/brv_cp115_10-1024x653.jpg 1024w, https:\/\/www.periferieprahy.cz\/blog\/wp-content\/uploads\/2025\/05\/brv_cp115_10-768x490.jpg 768w\" sizes=\"auto, (max-width: 1236px) 100vw, 1236px\" \/><span>Hospoda \"U Velas\u016f\" v obdob\u00ed mezi sv\u011btov\u00fdmi v\u00e1lkami. Fotografie p\u0159evzata z FB komunita Star\u00fd B\u0159evnov, kde je tak\u00e9 uvedeno: Hospoda U P\u00edseck\u00fdch neboli U Velas\u016f. P\u016fvod n\u00e1zv\u016f snad podle majitel\u016f domu. V roce 1925 n\u00e1jemce Franti\u0161ek Hank. V roce 1930 n\u00e1jemce Anton\u00edn Stehl\u00edk. V roce 1936 hostinsk\u00e1 Anna \u010cern\u00e1. N\u00e1zev U P\u00edseck\u00fdch byl ve 30. letech, U Velas\u016f ve 40. letech.<\/span><\/a><\/div><\/div><div class=\"su-image-carousel-item\"><div class=\"su-image-carousel-item-content\"><a href=\"https:\/\/www.periferieprahy.cz\/blog\/wp-content\/uploads\/2025\/05\/brv_cp115_1.jpg\" data-caption=\"Stav v roce 2010\"><img loading=\"lazy\" decoding=\"async\" width=\"940\" height=\"500\" src=\"https:\/\/www.periferieprahy.cz\/blog\/wp-content\/uploads\/2025\/05\/brv_cp115_1.jpg\" class=\"\" alt=\"\" srcset=\"https:\/\/www.periferieprahy.cz\/blog\/wp-content\/uploads\/2025\/05\/brv_cp115_1.jpg 940w, https:\/\/www.periferieprahy.cz\/blog\/wp-content\/uploads\/2025\/05\/brv_cp115_1-300x160.jpg 300w, https:\/\/www.periferieprahy.cz\/blog\/wp-content\/uploads\/2025\/05\/brv_cp115_1-768x409.jpg 768w\" sizes=\"auto, (max-width: 940px) 100vw, 940px\" \/><span>Stav v roce 2010<\/span><\/a><\/div><\/div><div class=\"su-image-carousel-item\"><div class=\"su-image-carousel-item-content\"><a href=\"https:\/\/www.periferieprahy.cz\/blog\/wp-content\/uploads\/2025\/05\/brv_cp115_2.jpg\" data-caption=\"Stav v roce 2010. Sestupn\u00e1, \u010d.p. 115.\"><img loading=\"lazy\" decoding=\"async\" width=\"930\" height=\"645\" src=\"https:\/\/www.periferieprahy.cz\/blog\/wp-content\/uploads\/2025\/05\/brv_cp115_2.jpg\" class=\"\" alt=\"\" srcset=\"https:\/\/www.periferieprahy.cz\/blog\/wp-content\/uploads\/2025\/05\/brv_cp115_2.jpg 930w, https:\/\/www.periferieprahy.cz\/blog\/wp-content\/uploads\/2025\/05\/brv_cp115_2-300x208.jpg 300w, https:\/\/www.periferieprahy.cz\/blog\/wp-content\/uploads\/2025\/05\/brv_cp115_2-768x533.jpg 768w\" sizes=\"auto, (max-width: 930px) 100vw, 930px\" \/><span>Stav v roce 2010. Sestupn\u00e1, \u010d.p. 115.<\/span><\/a><\/div><\/div><div class=\"su-image-carousel-item\"><div class=\"su-image-carousel-item-content\"><a href=\"https:\/\/www.periferieprahy.cz\/blog\/wp-content\/uploads\/2025\/05\/brv_cp115_3.jpg\" data-caption=\"Rok 2010. B\u00fdval\u00e1 hospoda pana Velase v Sestupn\u00e9 ulici \u010d.p. 115, byla v provozu je\u0161t\u011b na p\u0159elomu 60. let 20. stolet\u00ed.\"><img loading=\"lazy\" decoding=\"async\" width=\"1205\" height=\"901\" src=\"https:\/\/www.periferieprahy.cz\/blog\/wp-content\/uploads\/2025\/05\/brv_cp115_3.jpg\" class=\"\" alt=\"\" srcset=\"https:\/\/www.periferieprahy.cz\/blog\/wp-content\/uploads\/2025\/05\/brv_cp115_3.jpg 1205w, https:\/\/www.periferieprahy.cz\/blog\/wp-content\/uploads\/2025\/05\/brv_cp115_3-300x224.jpg 300w, https:\/\/www.periferieprahy.cz\/blog\/wp-content\/uploads\/2025\/05\/brv_cp115_3-1024x766.jpg 1024w, https:\/\/www.periferieprahy.cz\/blog\/wp-content\/uploads\/2025\/05\/brv_cp115_3-768x574.jpg 768w\" sizes=\"auto, (max-width: 1205px) 100vw, 1205px\" \/><span>Rok 2010. B\u00fdval\u00e1 hospoda pana Velase v Sestupn\u00e9 ulici \u010d.p. 115, byla v provozu je\u0161t\u011b na p\u0159elomu 60. let 20. stolet\u00ed.<\/span><\/a><\/div><\/div><div class=\"su-image-carousel-item\"><div class=\"su-image-carousel-item-content\"><a href=\"https:\/\/www.periferieprahy.cz\/blog\/wp-content\/uploads\/2025\/05\/brv_cp115_4.jpg\" data-caption=\"Stav 9. 3. 2017 t\u011bsn\u011b p\u0159ed zbour\u00e1n\u00edm\"><img loading=\"lazy\" decoding=\"async\" width=\"1600\" height=\"1200\" src=\"https:\/\/www.periferieprahy.cz\/blog\/wp-content\/uploads\/2025\/05\/brv_cp115_4.jpg\" class=\"\" alt=\"\" srcset=\"https:\/\/www.periferieprahy.cz\/blog\/wp-content\/uploads\/2025\/05\/brv_cp115_4.jpg 1600w, https:\/\/www.periferieprahy.cz\/blog\/wp-content\/uploads\/2025\/05\/brv_cp115_4-300x225.jpg 300w, https:\/\/www.periferieprahy.cz\/blog\/wp-content\/uploads\/2025\/05\/brv_cp115_4-1024x768.jpg 1024w, https:\/\/www.periferieprahy.cz\/blog\/wp-content\/uploads\/2025\/05\/brv_cp115_4-768x576.jpg 768w, https:\/\/www.periferieprahy.cz\/blog\/wp-content\/uploads\/2025\/05\/brv_cp115_4-1536x1152.jpg 1536w\" sizes=\"auto, (max-width: 1600px) 100vw, 1600px\" \/><span>Stav 9. 3. 2017 t\u011bsn\u011b p\u0159ed zbour\u00e1n\u00edm<\/span><\/a><\/div><\/div><div class=\"su-image-carousel-item\"><div class=\"su-image-carousel-item-content\"><a href=\"https:\/\/www.periferieprahy.cz\/blog\/wp-content\/uploads\/2025\/05\/brv_cp115_5.jpg\" data-caption=\"Stav 9. 3. 2017 t\u011bsn\u011b p\u0159ed zbour\u00e1n\u00edm\"><img loading=\"lazy\" decoding=\"async\" width=\"1600\" height=\"1200\" src=\"https:\/\/www.periferieprahy.cz\/blog\/wp-content\/uploads\/2025\/05\/brv_cp115_5.jpg\" class=\"\" alt=\"\" srcset=\"https:\/\/www.periferieprahy.cz\/blog\/wp-content\/uploads\/2025\/05\/brv_cp115_5.jpg 1600w, https:\/\/www.periferieprahy.cz\/blog\/wp-content\/uploads\/2025\/05\/brv_cp115_5-300x225.jpg 300w, https:\/\/www.periferieprahy.cz\/blog\/wp-content\/uploads\/2025\/05\/brv_cp115_5-1024x768.jpg 1024w, https:\/\/www.periferieprahy.cz\/blog\/wp-content\/uploads\/2025\/05\/brv_cp115_5-768x576.jpg 768w, https:\/\/www.periferieprahy.cz\/blog\/wp-content\/uploads\/2025\/05\/brv_cp115_5-1536x1152.jpg 1536w\" sizes=\"auto, (max-width: 1600px) 100vw, 1600px\" \/><span>Stav 9. 3. 2017 t\u011bsn\u011b p\u0159ed zbour\u00e1n\u00edm<\/span><\/a><\/div><\/div><div class=\"su-image-carousel-item\"><div class=\"su-image-carousel-item-content\"><a href=\"https:\/\/www.periferieprahy.cz\/blog\/wp-content\/uploads\/2025\/05\/brv_cp115_6.jpg\" data-caption=\"Stav 9. 3. 2017 t\u011bsn\u011b p\u0159ed zbour\u00e1n\u00edm\"><img loading=\"lazy\" decoding=\"async\" width=\"1600\" height=\"1200\" src=\"https:\/\/www.periferieprahy.cz\/blog\/wp-content\/uploads\/2025\/05\/brv_cp115_6.jpg\" class=\"\" alt=\"\" srcset=\"https:\/\/www.periferieprahy.cz\/blog\/wp-content\/uploads\/2025\/05\/brv_cp115_6.jpg 1600w, https:\/\/www.periferieprahy.cz\/blog\/wp-content\/uploads\/2025\/05\/brv_cp115_6-300x225.jpg 300w, https:\/\/www.periferieprahy.cz\/blog\/wp-content\/uploads\/2025\/05\/brv_cp115_6-1024x768.jpg 1024w, https:\/\/www.periferieprahy.cz\/blog\/wp-content\/uploads\/2025\/05\/brv_cp115_6-768x576.jpg 768w, https:\/\/www.periferieprahy.cz\/blog\/wp-content\/uploads\/2025\/05\/brv_cp115_6-1536x1152.jpg 1536w\" sizes=\"auto, (max-width: 1600px) 100vw, 1600px\" \/><span>Stav 9. 3. 2017 t\u011bsn\u011b p\u0159ed zbour\u00e1n\u00edm<\/span><\/a><\/div><\/div><div class=\"su-image-carousel-item\"><div class=\"su-image-carousel-item-content\"><a href=\"https:\/\/www.periferieprahy.cz\/blog\/wp-content\/uploads\/2025\/05\/brv_cp115_7.jpg\" data-caption=\"Stav 9. 3. 2017 t\u011bsn\u011b p\u0159ed zbour\u00e1n\u00edm\"><img loading=\"lazy\" decoding=\"async\" width=\"1598\" height=\"847\" src=\"https:\/\/www.periferieprahy.cz\/blog\/wp-content\/uploads\/2025\/05\/brv_cp115_7.jpg\" class=\"\" alt=\"\" srcset=\"https:\/\/www.periferieprahy.cz\/blog\/wp-content\/uploads\/2025\/05\/brv_cp115_7.jpg 1598w, https:\/\/www.periferieprahy.cz\/blog\/wp-content\/uploads\/2025\/05\/brv_cp115_7-300x159.jpg 300w, https:\/\/www.periferieprahy.cz\/blog\/wp-content\/uploads\/2025\/05\/brv_cp115_7-1024x543.jpg 1024w, https:\/\/www.periferieprahy.cz\/blog\/wp-content\/uploads\/2025\/05\/brv_cp115_7-768x407.jpg 768w, https:\/\/www.periferieprahy.cz\/blog\/wp-content\/uploads\/2025\/05\/brv_cp115_7-1536x814.jpg 1536w\" sizes=\"auto, (max-width: 1598px) 100vw, 1598px\" \/><span>Stav 9. 3. 2017 t\u011bsn\u011b p\u0159ed zbour\u00e1n\u00edm<\/span><\/a><\/div><\/div><div class=\"su-image-carousel-item\"><div class=\"su-image-carousel-item-content\"><a href=\"https:\/\/www.periferieprahy.cz\/blog\/wp-content\/uploads\/2025\/05\/brv_cp115_8.jpg\" data-caption=\"Stav 9. 3. 2017 t\u011bsn\u011b p\u0159ed zbour\u00e1n\u00edm\"><img loading=\"lazy\" decoding=\"async\" width=\"1249\" height=\"1026\" src=\"https:\/\/www.periferieprahy.cz\/blog\/wp-content\/uploads\/2025\/05\/brv_cp115_8.jpg\" class=\"\" alt=\"\" srcset=\"https:\/\/www.periferieprahy.cz\/blog\/wp-content\/uploads\/2025\/05\/brv_cp115_8.jpg 1249w, https:\/\/www.periferieprahy.cz\/blog\/wp-content\/uploads\/2025\/05\/brv_cp115_8-300x246.jpg 300w, https:\/\/www.periferieprahy.cz\/blog\/wp-content\/uploads\/2025\/05\/brv_cp115_8-1024x841.jpg 1024w, https:\/\/www.periferieprahy.cz\/blog\/wp-content\/uploads\/2025\/05\/brv_cp115_8-768x631.jpg 768w\" sizes=\"auto, (max-width: 1249px) 100vw, 1249px\" \/><span>Stav 9. 3. 2017 t\u011bsn\u011b p\u0159ed zbour\u00e1n\u00edm<\/span><\/a><\/div><\/div><div class=\"su-image-carousel-item\"><div class=\"su-image-carousel-item-content\"><a href=\"https:\/\/www.periferieprahy.cz\/blog\/wp-content\/uploads\/2025\/05\/brv_cp115_9.jpg\" data-caption=\"Zbour\u00e1no....\"><img loading=\"lazy\" decoding=\"async\" width=\"1213\" height=\"588\" src=\"https:\/\/www.periferieprahy.cz\/blog\/wp-content\/uploads\/2025\/05\/brv_cp115_9.jpg\" class=\"\" alt=\"\" srcset=\"https:\/\/www.periferieprahy.cz\/blog\/wp-content\/uploads\/2025\/05\/brv_cp115_9.jpg 1213w, https:\/\/www.periferieprahy.cz\/blog\/wp-content\/uploads\/2025\/05\/brv_cp115_9-300x145.jpg 300w, https:\/\/www.periferieprahy.cz\/blog\/wp-content\/uploads\/2025\/05\/brv_cp115_9-1024x496.jpg 1024w, https:\/\/www.periferieprahy.cz\/blog\/wp-content\/uploads\/2025\/05\/brv_cp115_9-768x372.jpg 768w\" sizes=\"auto, (max-width: 1213px) 100vw, 1213px\" \/><span>Zbour\u00e1no....<\/span><\/a><\/div><\/div><div class=\"su-image-carousel-item\"><div class=\"su-image-carousel-item-content\"><a href=\"https:\/\/www.periferieprahy.cz\/blog\/wp-content\/uploads\/2025\/05\/brv_cp115_11.jpg\" data-caption=\"Kdo si za p\u00e1r let vzpomene, \u017ee tady b\u00fdvala kdysi hospoda &quot;U Velas\u016f&quot;\"><img loading=\"lazy\" decoding=\"async\" width=\"1019\" height=\"680\" src=\"https:\/\/www.periferieprahy.cz\/blog\/wp-content\/uploads\/2025\/05\/brv_cp115_11.jpg\" class=\"\" alt=\"\" srcset=\"https:\/\/www.periferieprahy.cz\/blog\/wp-content\/uploads\/2025\/05\/brv_cp115_11.jpg 1019w, https:\/\/www.periferieprahy.cz\/blog\/wp-content\/uploads\/2025\/05\/brv_cp115_11-300x200.jpg 300w, https:\/\/www.periferieprahy.cz\/blog\/wp-content\/uploads\/2025\/05\/brv_cp115_11-768x513.jpg 768w\" sizes=\"auto, (max-width: 1019px) 100vw, 1019px\" \/><span>Kdo si za p\u00e1r let vzpomene, \u017ee tady b\u00fdvala kdysi hospoda \"U Velas\u016f\"<\/span><\/a><\/div><\/div><div class=\"su-image-carousel-item\"><div class=\"su-image-carousel-item-content\"><a href=\"https:\/\/www.periferieprahy.cz\/blog\/wp-content\/uploads\/2025\/05\/IMG20250517081417-scaled.jpg\" data-caption=\"\"><img loading=\"lazy\" decoding=\"async\" width=\"2560\" height=\"1444\" src=\"https:\/\/www.periferieprahy.cz\/blog\/wp-content\/uploads\/2025\/05\/IMG20250517081417-scaled.jpg\" class=\"\" alt=\"\" srcset=\"https:\/\/www.periferieprahy.cz\/blog\/wp-content\/uploads\/2025\/05\/IMG20250517081417-scaled.jpg 2560w, https:\/\/www.periferieprahy.cz\/blog\/wp-content\/uploads\/2025\/05\/IMG20250517081417-300x169.jpg 300w, https:\/\/www.periferieprahy.cz\/blog\/wp-content\/uploads\/2025\/05\/IMG20250517081417-1024x578.jpg 1024w, https:\/\/www.periferieprahy.cz\/blog\/wp-content\/uploads\/2025\/05\/IMG20250517081417-768x433.jpg 768w, https:\/\/www.periferieprahy.cz\/blog\/wp-content\/uploads\/2025\/05\/IMG20250517081417-1536x866.jpg 1536w, https:\/\/www.periferieprahy.cz\/blog\/wp-content\/uploads\/2025\/05\/IMG20250517081417-2048x1155.jpg 2048w\" sizes=\"auto, (max-width: 2560px) 100vw, 2560px\" \/><span><\/span><\/a><\/div><\/div><\/div><script id=\"su_image_carousel_69f44935d52c5_script\">if(window.SUImageCarousel){setTimeout(function() {window.SUImageCarousel.initGallery(document.getElementById(\"su_image_carousel_69f44935d52c5\"))}, 0);}var su_image_carousel_69f44935d52c5_script=document.getElementById(\"su_image_carousel_69f44935d52c5_script\");if(su_image_carousel_69f44935d52c5_script){su_image_carousel_69f44935d52c5_script.parentNode.removeChild(su_image_carousel_69f44935d52c5_script);}<\/script>\n\n\n\n<p><a href=\"https:\/\/www.facebook.com\/photo\/?fbid=1073058141526477&amp;set=praha-xviii-b%C5%99evnov-sestupn%C3%A1-115-d%C5%99%C3%ADve-na-pet%C5%99in%C3%A1ch-115-hospoda-u-p%C3%ADseck%C3%BDch-nebo\">Tady jsem objevil ten historick\u00fd obr\u00e1zek<\/a><\/p>\n\n\n<div class=\"wp-block-image\">\n<figure class=\"aligncenter size-full is-resized\"><img loading=\"lazy\" decoding=\"async\" width=\"930\" height=\"645\" src=\"https:\/\/www.periferieprahy.cz\/blog\/wp-content\/uploads\/2025\/05\/brv_cp115_anim.gif\" alt=\"\" class=\"wp-image-3733\" style=\"width:448px;height:auto\"\/><figcaption class=\"wp-element-caption\">Kdo si n\u011bkdy vzpomene, na starou hospodu &#8222;U Velas\u016f&#8220;?<\/figcaption><\/figure>\n<\/div>","protected":false},"excerpt":{"rendered":"<p>Tato hospoda vlastn\u011b do libock\u00fdch hospod nepat\u0159\u00ed, proto\u017ee v ulici Sestupn\u00e1 byla na t\u00e9 stran\u011b dom\u016f, kter\u00e9 pat\u0159\u00ed do b\u0159evnovsk\u00e9ho katastru (\u010d. p. 115 je z B\u0159evnova), zat\u00edmco domy naproti jsou v katastru libock\u00e9m. Ale mapy jsou mapy a \u017eivot je \u017eivot. Sestupn\u00e1 na na\u0161e str\u00e1nky rozhodn\u011b pat\u0159\u00ed. Hospoda byla v provozu je\u0161t\u011b na p\u0159elomu 60. a 70. let 20. stolet\u00ed . Od t\u00e9 doby je objekt neudr\u017eov\u00e1n a ji\u017e n\u011bkolik let ch\u00e1tr\u00e1 a\u017e doch\u00e1tral. Po\u010d\u00e1tkem b\u0159ezna 2017 byl nemilosrdn\u011b str\u017een.<\/p>\n","protected":false},"author":1,"featured_media":3733,"comment_status":"open","ping_status":"open","sticky":false,"template":"","format":"standard","meta":{"_exactmetrics_skip_tracking":false,"_exactmetrics_sitenote_active":false,"_exactmetrics_sitenote_note":"","_exactmetrics_sitenote_category":0,"footnotes":""},"categories":[28,3],"tags":[],"post_folder":[],"class_list":["post-3693","post","type-post","status-publish","format-standard","has-post-thumbnail","hentry","category-hospody","category-redakce"],"_links":{"self":[{"href":"https:\/\/www.periferieprahy.cz\/blog\/wp-json\/wp\/v2\/posts\/3693","targetHints":{"allow":["GET"]}}],"collection":[{"href":"https:\/\/www.periferieprahy.cz\/blog\/wp-json\/wp\/v2\/posts"}],"about":[{"href":"https:\/\/www.periferieprahy.cz\/blog\/wp-json\/wp\/v2\/types\/post"}],"author":[{"embeddable":true,"href":"https:\/\/www.periferieprahy.cz\/blog\/wp-json\/wp\/v2\/users\/1"}],"replies":[{"embeddable":true,"href":"https:\/\/www.periferieprahy.cz\/blog\/wp-json\/wp\/v2\/comments?post=3693"}],"version-history":[{"count":5,"href":"https:\/\/www.periferieprahy.cz\/blog\/wp-json\/wp\/v2\/posts\/3693\/revisions"}],"predecessor-version":[{"id":3737,"href":"https:\/\/www.periferieprahy.cz\/blog\/wp-json\/wp\/v2\/posts\/3693\/revisions\/3737"}],"wp:featuredmedia":[{"embeddable":true,"href":"https:\/\/www.periferieprahy.cz\/blog\/wp-json\/wp\/v2\/media\/3733"}],"wp:attachment":[{"href":"https:\/\/www.periferieprahy.cz\/blog\/wp-json\/wp\/v2\/media?parent=3693"}],"wp:term":[{"taxonomy":"category","embeddable":true,"href":"https:\/\/www.periferieprahy.cz\/blog\/wp-json\/wp\/v2\/categories?post=3693"},{"taxonomy":"post_tag","embeddable":true,"href":"https:\/\/www.periferieprahy.cz\/blog\/wp-json\/wp\/v2\/tags?post=3693"},{"taxonomy":"post_folder","embeddable":true,"href":"https:\/\/www.periferieprahy.cz\/blog\/wp-json\/wp\/v2\/post_folder?post=3693"}],"curies":[{"name":"wp","href":"https:\/\/api.w.org\/{rel}","templated":true}]}}