{"id":3705,"date":"2025-05-16T22:08:42","date_gmt":"2025-05-16T20:08:42","guid":{"rendered":"https:\/\/www.periferieprahy.cz\/blog\/?p=3705"},"modified":"2025-07-08T21:03:38","modified_gmt":"2025-07-08T19:03:38","slug":"c-p-115-obchudek-v-pelikanove-ulici","status":"publish","type":"post","link":"https:\/\/www.periferieprahy.cz\/blog\/2025\/05\/16\/c-p-115-obchudek-v-pelikanove-ulici\/","title":{"rendered":"\u010c.p. 115 &#8211; obch\u016fdek v Pelik\u00e1nov\u011b ulici"},"content":{"rendered":"\n<img loading=\"lazy\" decoding=\"async\" border=\"0\" src=\"https:\/\/www.periferieprahy.cz\/blog\/wp-content\/uploads\/2024\/12\/pismo7_15.gif\" width=\"111\" height=\"147\" align=\"left\">an \n\t\t\tAdamec vzpom\u00edn\u00e1 &quot;Sejdeme p\u00e1r krok\u016f n\u00ed\u017ee a jsme v Pelik\u00e1nov\u011b \n\t\t\tulici.P\u0159ed n\u00e1mi je \u017elut\u00fd domek, v jeho prav\u00e9m rohu byla prodejna \n\t\t\tpotravin &#8211;&nbsp; koloni\u00e1l pan\u00ed Pe\u010den\u00e9. P\u00e1r \u010dtvere\u010dn\u00edch metr\u016f. Tam jsme si kupovali cestou do \n\t\t\t\u0161koly housku na sva\u010dinu. Jm\u00e9no majitele si nepamatuji. Vedle tohoto \n\t\t\tdomu jsem k panu \u0160rajerovi chodil \u201ado pi\u00e1na\u2018.&quot;\n\n\n<div class=\"wp-block-image\">\n<figure class=\"aligncenter size-large is-resized\"><img loading=\"lazy\" decoding=\"async\" width=\"1024\" height=\"857\" src=\"https:\/\/www.periferieprahy.cz\/blog\/wp-content\/uploads\/2025\/05\/cp115-1024x857.jpg\" alt=\"\" class=\"wp-image-3707\" style=\"width:698px;height:auto\" srcset=\"https:\/\/www.periferieprahy.cz\/blog\/wp-content\/uploads\/2025\/05\/cp115-1024x857.jpg 1024w, https:\/\/www.periferieprahy.cz\/blog\/wp-content\/uploads\/2025\/05\/cp115-300x251.jpg 300w, https:\/\/www.periferieprahy.cz\/blog\/wp-content\/uploads\/2025\/05\/cp115-768x643.jpg 768w, https:\/\/www.periferieprahy.cz\/blog\/wp-content\/uploads\/2025\/05\/cp115.jpg 1222w\" sizes=\"auto, (max-width: 1024px) 100vw, 1024px\" \/><figcaption class=\"wp-element-caption\">P\u0159ed n\u00e1mi je \u017elut\u00fd domek, v jeho prav\u00e9m rohu byla prodejna potravin &#8211;  koloni\u00e1l pan\u00ed Pe\u010den\u00e9. <\/figcaption><\/figure>\n<\/div>\n\n\n<p><\/p>\n","protected":false},"excerpt":{"rendered":"<p>Pan Adamec vzpom\u00edn\u00e1 &#8222;Sejdeme p\u00e1r krok\u016f n\u00ed\u017ee a jsme v Pelik\u00e1nov\u011b ulici.P\u0159ed n\u00e1mi je \u017elut\u00fd domek, v jeho prav\u00e9m rohu byla prodejna potravin \u2013  koloni\u00e1l pan\u00ed Pe\u010den\u00e9. P\u00e1r \u010dtvere\u010dn\u00edch metr\u016f. Tam jsme si kupovali cestou do \u0161koly housku na sva\u010dinu. Jm\u00e9no majitele si nepamatuji. Vedle tohoto domu jsem k panu \u0160rajerovi chodil \u201ado pi\u00e1na\u2018.&#8220;<\/p>\n","protected":false},"author":1,"featured_media":3710,"comment_status":"open","ping_status":"open","sticky":false,"template":"","format":"standard","meta":{"_exactmetrics_skip_tracking":false,"_exactmetrics_sitenote_active":false,"_exactmetrics_sitenote_note":"","_exactmetrics_sitenote_category":0,"footnotes":""},"categories":[33,3,32],"tags":[],"post_folder":[],"class_list":["post-3705","post","type-post","status-publish","format-standard","has-post-thumbnail","hentry","category-obchody_sluzby","category-redakce","category-zivnosti_obchody"],"_links":{"self":[{"href":"https:\/\/www.periferieprahy.cz\/blog\/wp-json\/wp\/v2\/posts\/3705","targetHints":{"allow":["GET"]}}],"collection":[{"href":"https:\/\/www.periferieprahy.cz\/blog\/wp-json\/wp\/v2\/posts"}],"about":[{"href":"https:\/\/www.periferieprahy.cz\/blog\/wp-json\/wp\/v2\/types\/post"}],"author":[{"embeddable":true,"href":"https:\/\/www.periferieprahy.cz\/blog\/wp-json\/wp\/v2\/users\/1"}],"replies":[{"embeddable":true,"href":"https:\/\/www.periferieprahy.cz\/blog\/wp-json\/wp\/v2\/comments?post=3705"}],"version-history":[{"count":5,"href":"https:\/\/www.periferieprahy.cz\/blog\/wp-json\/wp\/v2\/posts\/3705\/revisions"}],"predecessor-version":[{"id":3714,"href":"https:\/\/www.periferieprahy.cz\/blog\/wp-json\/wp\/v2\/posts\/3705\/revisions\/3714"}],"wp:featuredmedia":[{"embeddable":true,"href":"https:\/\/www.periferieprahy.cz\/blog\/wp-json\/wp\/v2\/media\/3710"}],"wp:attachment":[{"href":"https:\/\/www.periferieprahy.cz\/blog\/wp-json\/wp\/v2\/media?parent=3705"}],"wp:term":[{"taxonomy":"category","embeddable":true,"href":"https:\/\/www.periferieprahy.cz\/blog\/wp-json\/wp\/v2\/categories?post=3705"},{"taxonomy":"post_tag","embeddable":true,"href":"https:\/\/www.periferieprahy.cz\/blog\/wp-json\/wp\/v2\/tags?post=3705"},{"taxonomy":"post_folder","embeddable":true,"href":"https:\/\/www.periferieprahy.cz\/blog\/wp-json\/wp\/v2\/post_folder?post=3705"}],"curies":[{"name":"wp","href":"https:\/\/api.w.org\/{rel}","templated":true}]}}