{"id":3763,"date":"2025-05-20T15:55:56","date_gmt":"2025-05-20T13:55:56","guid":{"rendered":"https:\/\/www.periferieprahy.cz\/blog\/?p=3763"},"modified":"2025-07-08T21:02:53","modified_gmt":"2025-07-08T19:02:53","slug":"c-p-130-truhlarstvi-pana-vohanky","status":"publish","type":"post","link":"https:\/\/www.periferieprahy.cz\/blog\/2025\/05\/20\/c-p-130-truhlarstvi-pana-vohanky\/","title":{"rendered":"\u010c.p. 130 &#8211; truhl\u00e1\u0159stv\u00ed pana Vohanky"},"content":{"rendered":"\n<p align=\"left\" style=\"margin-top: 0; margin-bottom: 0\">\n\t\t\t<img loading=\"lazy\" decoding=\"async\" border=\"0\" src=\"https:\/\/www.periferieprahy.cz\/blog\/wp-content\/uploads\/2024\/12\/pismo7_4.gif\" width=\"107\" height=\"132\" hspace=\"0\" align=\"left\"> \n\t\t\t\u016fm postavil pan Stanislav Vohanka, kter\u00fd p\u0159i\u0161el do Liboce ke konci \n\t\t\t19. stolet\u00ed a postavil v Liboci n\u011bkolik dom\u016f. Naposledy \u010d.p. 130, \n\t\t\tkde provozoval truhl\u00e1\u0159skou \u017eivnost. Kolem roku 1930 pro\u0161el d\u016fm \n\t\t\tcelkovou rekonstrukc\u00ed a pan Vohanka modernizoval i technologii \n\t\t\ttruhl\u00e1rny tak, \u017ee svou \u017eivnost mohl prezentovat jako &quot;Strojn\u00ed \n\t\t\ttruhl\u00e1\u0159stv\u00ed&quot;. V dom\u011b byla i prodejna vyroben\u00e9ho n\u00e1bytku.\n\n\n<div class=\"su-image-carousel  su-image-carousel-has-spacing su-image-carousel-crop su-image-carousel-crop-3-2 su-image-carousel-has-lightbox su-image-carousel-has-outline su-image-carousel-adaptive su-image-carousel-slides-style-default su-image-carousel-controls-style-dark su-image-carousel-align-center\" style=\"max-width:800px\" data-flickity-options='{\"groupCells\":true,\"cellSelector\":\".su-image-carousel-item\",\"adaptiveHeight\":false,\"cellAlign\":\"left\",\"prevNextButtons\":true,\"pageDots\":true,\"autoPlay\":7000,\"imagesLoaded\":true,\"contain\":true,\"selectedAttraction\":0.1499999999999999944488848768742172978818416595458984375,\"friction\":1}' id=\"su_image_carousel_69f2fbd493dba\"><div class=\"su-image-carousel-item\"><div class=\"su-image-carousel-item-content\"><a href=\"https:\/\/www.periferieprahy.cz\/blog\/wp-content\/uploads\/2025\/05\/cp130_1.jpg\" data-caption=\"P\u016fvodn\u00ed stavba \u010d.p. 130 z po\u010d\u00e1tku 20. stolet\u00ed\"><img loading=\"lazy\" decoding=\"async\" width=\"815\" height=\"591\" src=\"https:\/\/www.periferieprahy.cz\/blog\/wp-content\/uploads\/2025\/05\/cp130_1.jpg\" class=\"\" alt=\"\" srcset=\"https:\/\/www.periferieprahy.cz\/blog\/wp-content\/uploads\/2025\/05\/cp130_1.jpg 815w, https:\/\/www.periferieprahy.cz\/blog\/wp-content\/uploads\/2025\/05\/cp130_1-300x218.jpg 300w, https:\/\/www.periferieprahy.cz\/blog\/wp-content\/uploads\/2025\/05\/cp130_1-768x557.jpg 768w\" sizes=\"auto, (max-width: 815px) 100vw, 815px\" \/><span>P\u016fvodn\u00ed stavba \u010d.p. 130 z po\u010d\u00e1tku 20. stolet\u00ed<\/span><\/a><\/div><\/div><div class=\"su-image-carousel-item\"><div class=\"su-image-carousel-item-content\"><a href=\"https:\/\/www.periferieprahy.cz\/blog\/wp-content\/uploads\/2025\/05\/cp130_2.jpg\" data-caption=\"D\u016fm po rekonstrukci kolem roku 1930\"><img loading=\"lazy\" decoding=\"async\" width=\"1024\" height=\"627\" src=\"https:\/\/www.periferieprahy.cz\/blog\/wp-content\/uploads\/2025\/05\/cp130_2.jpg\" class=\"\" alt=\"\" srcset=\"https:\/\/www.periferieprahy.cz\/blog\/wp-content\/uploads\/2025\/05\/cp130_2.jpg 1024w, https:\/\/www.periferieprahy.cz\/blog\/wp-content\/uploads\/2025\/05\/cp130_2-300x184.jpg 300w, https:\/\/www.periferieprahy.cz\/blog\/wp-content\/uploads\/2025\/05\/cp130_2-768x470.jpg 768w\" sizes=\"auto, (max-width: 1024px) 100vw, 1024px\" \/><span>D\u016fm po rekonstrukci kolem roku 1930<\/span><\/a><\/div><\/div><div class=\"su-image-carousel-item\"><div class=\"su-image-carousel-item-content\"><a href=\"https:\/\/www.periferieprahy.cz\/blog\/wp-content\/uploads\/2025\/05\/cp130_4.jpg\" data-caption=\"Libock\u00e1 \u010d.p. 130 v roce 2011\"><img loading=\"lazy\" decoding=\"async\" width=\"1187\" height=\"833\" src=\"https:\/\/www.periferieprahy.cz\/blog\/wp-content\/uploads\/2025\/05\/cp130_4.jpg\" class=\"\" alt=\"\" srcset=\"https:\/\/www.periferieprahy.cz\/blog\/wp-content\/uploads\/2025\/05\/cp130_4.jpg 1187w, https:\/\/www.periferieprahy.cz\/blog\/wp-content\/uploads\/2025\/05\/cp130_4-300x211.jpg 300w, https:\/\/www.periferieprahy.cz\/blog\/wp-content\/uploads\/2025\/05\/cp130_4-1024x719.jpg 1024w, https:\/\/www.periferieprahy.cz\/blog\/wp-content\/uploads\/2025\/05\/cp130_4-768x539.jpg 768w\" sizes=\"auto, (max-width: 1187px) 100vw, 1187px\" \/><span>Libock\u00e1 \u010d.p. 130 v roce 2011<\/span><\/a><\/div><\/div><div class=\"su-image-carousel-item\"><div class=\"su-image-carousel-item-content\"><a href=\"https:\/\/www.periferieprahy.cz\/blog\/wp-content\/uploads\/2025\/05\/cp130_5.jpg\" data-caption=\"\u010c.p. 130 v roce 2024\"><img loading=\"lazy\" decoding=\"async\" width=\"1136\" height=\"516\" src=\"https:\/\/www.periferieprahy.cz\/blog\/wp-content\/uploads\/2025\/05\/cp130_5.jpg\" class=\"\" alt=\"\" srcset=\"https:\/\/www.periferieprahy.cz\/blog\/wp-content\/uploads\/2025\/05\/cp130_5.jpg 1136w, https:\/\/www.periferieprahy.cz\/blog\/wp-content\/uploads\/2025\/05\/cp130_5-300x136.jpg 300w, https:\/\/www.periferieprahy.cz\/blog\/wp-content\/uploads\/2025\/05\/cp130_5-1024x465.jpg 1024w, https:\/\/www.periferieprahy.cz\/blog\/wp-content\/uploads\/2025\/05\/cp130_5-768x349.jpg 768w\" sizes=\"auto, (max-width: 1136px) 100vw, 1136px\" \/><span>\u010c.p. 130 v roce 2024<\/span><\/a><\/div><\/div><\/div><script id=\"su_image_carousel_69f2fbd493dba_script\">if(window.SUImageCarousel){setTimeout(function() {window.SUImageCarousel.initGallery(document.getElementById(\"su_image_carousel_69f2fbd493dba\"))}, 0);}var su_image_carousel_69f2fbd493dba_script=document.getElementById(\"su_image_carousel_69f2fbd493dba_script\");if(su_image_carousel_69f2fbd493dba_script){su_image_carousel_69f2fbd493dba_script.parentNode.removeChild(su_image_carousel_69f2fbd493dba_script);}<\/script>\n\n\n<div class=\"wp-block-image\">\n<figure data-wp-context=\"{&quot;imageId&quot;:&quot;69f2fbd4924cd&quot;}\" data-wp-interactive=\"core\/image\" data-wp-key=\"69f2fbd4924cd\" class=\"aligncenter size-full is-resized wp-lightbox-container\"><img loading=\"lazy\" decoding=\"async\" width=\"282\" height=\"448\" data-wp-class--hide=\"state.isContentHidden\" data-wp-class--show=\"state.isContentVisible\" data-wp-init=\"callbacks.setButtonStyles\" data-wp-on--click=\"actions.showLightbox\" data-wp-on--load=\"callbacks.setButtonStyles\" data-wp-on-window--resize=\"callbacks.setButtonStyles\" src=\"https:\/\/www.periferieprahy.cz\/blog\/wp-content\/uploads\/2025\/05\/cp130_3.jpg\" alt=\"\" class=\"wp-image-3760\" style=\"width:390px;height:auto\" srcset=\"https:\/\/www.periferieprahy.cz\/blog\/wp-content\/uploads\/2025\/05\/cp130_3.jpg 282w, https:\/\/www.periferieprahy.cz\/blog\/wp-content\/uploads\/2025\/05\/cp130_3-189x300.jpg 189w\" sizes=\"auto, (max-width: 282px) 100vw, 282px\" \/><button\n\t\t\tclass=\"lightbox-trigger\"\n\t\t\ttype=\"button\"\n\t\t\taria-haspopup=\"dialog\"\n\t\t\taria-label=\"Zv\u011bt\u0161it\"\n\t\t\tdata-wp-init=\"callbacks.initTriggerButton\"\n\t\t\tdata-wp-on--click=\"actions.showLightbox\"\n\t\t\tdata-wp-style--right=\"state.imageButtonRight\"\n\t\t\tdata-wp-style--top=\"state.imageButtonTop\"\n\t\t>\n\t\t\t<svg xmlns=\"http:\/\/www.w3.org\/2000\/svg\" width=\"12\" height=\"12\" fill=\"none\" viewBox=\"0 0 12 12\">\n\t\t\t\t<path fill=\"#fff\" d=\"M2 0a2 2 0 0 0-2 2v2h1.5V2a.5.5 0 0 1 .5-.5h2V0H2Zm2 10.5H2a.5.5 0 0 1-.5-.5V8H0v2a2 2 0 0 0 2 2h2v-1.5ZM8 12v-1.5h2a.5.5 0 0 0 .5-.5V8H12v2a2 2 0 0 1-2 2H8Zm2-12a2 2 0 0 1 2 2v2h-1.5V2a.5.5 0 0 0-.5-.5H8V0h2Z\" \/>\n\t\t\t<\/svg>\n\t\t<\/button><figcaption class=\"wp-element-caption\">Man\u017eel\u00e9 Vohankovi z \u010d.p. 130, kolem roku 1900<\/figcaption><\/figure>\n<\/div>\n\n\n<p><\/p>\n","protected":false},"excerpt":{"rendered":"<p>D\u016fm postavil pan Stanislav Vohanka, kter\u00fd p\u0159i\u0161el do Liboce ke konci 19. stolet\u00ed a postavil v Liboci n\u011bkolik dom\u016f. Naposledy \u010d.p. 130, kde provozoval truhl\u00e1\u0159skou \u017eivnost. Kolem roku 1930 pro\u0161el d\u016fm celkovou rekonstrukc\u00ed a pan Vohanka modernizoval i technologii truhl\u00e1rny tak, \u017ee svou \u017eivnost mohl prezentovat jako &#8222;Strojn\u00ed truhl\u00e1\u0159stv\u00ed&#8220;. V dom\u011b byla i prodejna vyroben\u00e9ho n\u00e1bytku.<\/p>\n","protected":false},"author":1,"featured_media":3762,"comment_status":"open","ping_status":"open","sticky":false,"template":"","format":"standard","meta":{"_exactmetrics_skip_tracking":false,"_exactmetrics_sitenote_active":false,"_exactmetrics_sitenote_note":"","_exactmetrics_sitenote_category":0,"footnotes":""},"categories":[33,3,32],"tags":[],"post_folder":[],"class_list":["post-3763","post","type-post","status-publish","format-standard","has-post-thumbnail","hentry","category-obchody_sluzby","category-redakce","category-zivnosti_obchody"],"_links":{"self":[{"href":"https:\/\/www.periferieprahy.cz\/blog\/wp-json\/wp\/v2\/posts\/3763","targetHints":{"allow":["GET"]}}],"collection":[{"href":"https:\/\/www.periferieprahy.cz\/blog\/wp-json\/wp\/v2\/posts"}],"about":[{"href":"https:\/\/www.periferieprahy.cz\/blog\/wp-json\/wp\/v2\/types\/post"}],"author":[{"embeddable":true,"href":"https:\/\/www.periferieprahy.cz\/blog\/wp-json\/wp\/v2\/users\/1"}],"replies":[{"embeddable":true,"href":"https:\/\/www.periferieprahy.cz\/blog\/wp-json\/wp\/v2\/comments?post=3763"}],"version-history":[{"count":5,"href":"https:\/\/www.periferieprahy.cz\/blog\/wp-json\/wp\/v2\/posts\/3763\/revisions"}],"predecessor-version":[{"id":3770,"href":"https:\/\/www.periferieprahy.cz\/blog\/wp-json\/wp\/v2\/posts\/3763\/revisions\/3770"}],"wp:featuredmedia":[{"embeddable":true,"href":"https:\/\/www.periferieprahy.cz\/blog\/wp-json\/wp\/v2\/media\/3762"}],"wp:attachment":[{"href":"https:\/\/www.periferieprahy.cz\/blog\/wp-json\/wp\/v2\/media?parent=3763"}],"wp:term":[{"taxonomy":"category","embeddable":true,"href":"https:\/\/www.periferieprahy.cz\/blog\/wp-json\/wp\/v2\/categories?post=3763"},{"taxonomy":"post_tag","embeddable":true,"href":"https:\/\/www.periferieprahy.cz\/blog\/wp-json\/wp\/v2\/tags?post=3763"},{"taxonomy":"post_folder","embeddable":true,"href":"https:\/\/www.periferieprahy.cz\/blog\/wp-json\/wp\/v2\/post_folder?post=3763"}],"curies":[{"name":"wp","href":"https:\/\/api.w.org\/{rel}","templated":true}]}}