{"id":3779,"date":"2025-05-20T20:49:34","date_gmt":"2025-05-20T18:49:34","guid":{"rendered":"https:\/\/www.periferieprahy.cz\/blog\/?p=3779"},"modified":"2025-06-21T23:22:55","modified_gmt":"2025-06-21T21:22:55","slug":"c-p-134-hotel-pana-verbire","status":"publish","type":"post","link":"https:\/\/www.periferieprahy.cz\/blog\/2025\/05\/20\/c-p-134-hotel-pana-verbire\/","title":{"rendered":"\u010c. p. 134 hotel pana Verb\u00ed\u0159e"},"content":{"rendered":"\n<img loading=\"lazy\" decoding=\"async\" border=\"0\" src=\"https:\/\/www.periferieprahy.cz\/blog\/wp-content\/uploads\/2024\/12\/pismo7_2.gif\" width=\"108\" height=\"140\" align=\"left\"><b><font size=\"7\" color=\"#DD0000\">\u00fdval\u00fd \n\t\t\thotel pana Verb\u00ed\u0159e<\/font><\/b><p>Po\u010d\u00edt\u00e1no od Evropsk\u00e9, potom je to \n\t\t\tprvn\u00ed restaurace v Libock\u00e9 ulici, proto\u017ee stoj\u00ed pr\u00e1v\u011b na rohu t\u011bchto \n\t\t\tulic. Ofici\u00e1ln\u011b&nbsp; &quot;Nad \u0160\u00e1rkou&quot;, ale m\u00edstn\u00ed st\u00e1le \u0159\u00edkaj\u00ed \n\t\t\t&quot;Hot\u00fdlek&quot; i kdy\u017e zde hotel d\u00e1vno nen\u00ed. Zato je tu mal\u00fd pivovar. Ten \n\t\t\ttu tehdy nebyl. Podle pam\u011bt\u00ed pana Pal\u00e1ta zde kdysi st\u00e1val domek se \n\t\t\tz\u00e1vorou, kde se vyb\u00edralo m\u00fdto. V domku bydlel m\u00fdtn\u00fd, kter\u00fd vyb\u00edral \n\t\t\tj\u00edzdn\u00ed da\u0148. Posledn\u00edm m\u00fdtn\u00fdm byl sta\u0159i\u010dk\u00fd pan \u0158ez\u00e1\u010d.<\/p>\n\n\n\n<p>Napsal mi libock\u00fd rod\u00e1k pan Stanislav Vohanka:&nbsp;<em>\u201eHot\u00fdlek\u201c, dnes restaurace &#8222;Nad \u0160\u00e1rkou&#8220; stav\u011bl m\u016fj prad\u011bde\u010dek z mat\u010diny strany, pan Josef Verb\u00ed\u0159 (do\u017eil se 98 let). Tato nemovitost od za\u010d\u00e1tku pat\u0159ila m\u00e9mu prad\u011bde\u010dkovi, a\u017e mu ji v pades\u00e1t\u00fdch letech sebrali.<\/em><\/p>\n\n\n<div class=\"su-image-carousel  su-image-carousel-has-spacing su-image-carousel-crop su-image-carousel-crop-3-2 su-image-carousel-has-lightbox su-image-carousel-has-outline su-image-carousel-adaptive su-image-carousel-slides-style-default su-image-carousel-controls-style-dark su-image-carousel-align-center\" style=\"max-width:800px\" data-flickity-options='{\"groupCells\":true,\"cellSelector\":\".su-image-carousel-item\",\"adaptiveHeight\":false,\"cellAlign\":\"left\",\"prevNextButtons\":true,\"pageDots\":true,\"autoPlay\":7000,\"imagesLoaded\":true,\"contain\":true,\"selectedAttraction\":0.1499999999999999944488848768742172978818416595458984375,\"friction\":1}' id=\"su_image_carousel_69f449221752a\"><div class=\"su-image-carousel-item\"><div class=\"su-image-carousel-item-content\"><a href=\"https:\/\/www.periferieprahy.cz\/blog\/wp-content\/uploads\/2025\/05\/cp134_4.jpg\" data-caption=\"&quot;Hot\u00fdlek&quot;, n\u011bkdy koncem dvac\u00e1t\u00fdch let dvac\u00e1t\u00e9ho stolet\u00ed. Ten nejvy\u0161\u0161\u00ed prostovlas\u00fd mu\u017e naho\u0159e, p\u0159ed zasklenou \u010d\u00e1st\u00ed vstupn\u00edch dve\u0159\u00ed je  pan Verb\u00ed\u0159, majitel restaurace a prad\u011bde\u010dek pana Stanislava Vohanky, kter\u00fd n\u00e1m  fotografii poskytl pro pot\u011b\u0161en\u00ed v\u0161ech.\"><img loading=\"lazy\" decoding=\"async\" width=\"1003\" height=\"623\" src=\"https:\/\/www.periferieprahy.cz\/blog\/wp-content\/uploads\/2025\/05\/cp134_4.jpg\" class=\"\" alt=\"\" srcset=\"https:\/\/www.periferieprahy.cz\/blog\/wp-content\/uploads\/2025\/05\/cp134_4.jpg 1003w, https:\/\/www.periferieprahy.cz\/blog\/wp-content\/uploads\/2025\/05\/cp134_4-300x186.jpg 300w, https:\/\/www.periferieprahy.cz\/blog\/wp-content\/uploads\/2025\/05\/cp134_4-768x477.jpg 768w\" sizes=\"auto, (max-width: 1003px) 100vw, 1003px\" \/><span>\"Hot\u00fdlek\", n\u011bkdy koncem dvac\u00e1t\u00fdch let dvac\u00e1t\u00e9ho stolet\u00ed. Ten nejvy\u0161\u0161\u00ed prostovlas\u00fd mu\u017e naho\u0159e, p\u0159ed zasklenou \u010d\u00e1st\u00ed vstupn\u00edch dve\u0159\u00ed je  pan Verb\u00ed\u0159, majitel restaurace a prad\u011bde\u010dek pana Stanislava Vohanky, kter\u00fd n\u00e1m  fotografii poskytl pro pot\u011b\u0161en\u00ed v\u0161ech.<\/span><\/a><\/div><\/div><div class=\"su-image-carousel-item\"><div class=\"su-image-carousel-item-content\"><a href=\"https:\/\/www.periferieprahy.cz\/blog\/wp-content\/uploads\/2025\/05\/cp134_1.jpg\" data-caption=\"Dal\u0161\u00ed historick\u00e9 foto. Ve \u0161t\u00edtu je datum L.P.1915\"><img loading=\"lazy\" decoding=\"async\" width=\"753\" height=\"454\" src=\"https:\/\/www.periferieprahy.cz\/blog\/wp-content\/uploads\/2025\/05\/cp134_1.jpg\" class=\"\" alt=\"\" srcset=\"https:\/\/www.periferieprahy.cz\/blog\/wp-content\/uploads\/2025\/05\/cp134_1.jpg 753w, https:\/\/www.periferieprahy.cz\/blog\/wp-content\/uploads\/2025\/05\/cp134_1-300x181.jpg 300w\" sizes=\"auto, (max-width: 753px) 100vw, 753px\" \/><span>Dal\u0161\u00ed historick\u00e9 foto. Ve \u0161t\u00edtu je datum L.P.1915<\/span><\/a><\/div><\/div><div class=\"su-image-carousel-item\"><div class=\"su-image-carousel-item-content\"><a href=\"https:\/\/www.periferieprahy.cz\/blog\/wp-content\/uploads\/2025\/05\/cp134_3.jpg\" data-caption=\"Stalo se 6. b\u0159ezna 1930 na rohu Libock\u00e9 a Kladensk\u00e9 (dne\u0161n\u00ed Evropsk\u00e1). V pozad\u00ed restaurace pana Verb\u00ed\u0159e.\"><img loading=\"lazy\" decoding=\"async\" width=\"1329\" height=\"928\" src=\"https:\/\/www.periferieprahy.cz\/blog\/wp-content\/uploads\/2025\/05\/cp134_3.jpg\" class=\"\" alt=\"\" srcset=\"https:\/\/www.periferieprahy.cz\/blog\/wp-content\/uploads\/2025\/05\/cp134_3.jpg 1329w, https:\/\/www.periferieprahy.cz\/blog\/wp-content\/uploads\/2025\/05\/cp134_3-300x209.jpg 300w, https:\/\/www.periferieprahy.cz\/blog\/wp-content\/uploads\/2025\/05\/cp134_3-1024x715.jpg 1024w, https:\/\/www.periferieprahy.cz\/blog\/wp-content\/uploads\/2025\/05\/cp134_3-768x536.jpg 768w\" sizes=\"auto, (max-width: 1329px) 100vw, 1329px\" \/><span>Stalo se 6. b\u0159ezna 1930 na rohu Libock\u00e9 a Kladensk\u00e9 (dne\u0161n\u00ed Evropsk\u00e1). V pozad\u00ed restaurace pana Verb\u00ed\u0159e.<\/span><\/a><\/div><\/div><div class=\"su-image-carousel-item\"><div class=\"su-image-carousel-item-content\"><a href=\"https:\/\/www.periferieprahy.cz\/blog\/wp-content\/uploads\/2025\/05\/cp134_2.jpg\" data-caption=\"Rok 2008\"><img loading=\"lazy\" decoding=\"async\" width=\"413\" height=\"304\" src=\"https:\/\/www.periferieprahy.cz\/blog\/wp-content\/uploads\/2025\/05\/cp134_2.jpg\" class=\"\" alt=\"\" srcset=\"https:\/\/www.periferieprahy.cz\/blog\/wp-content\/uploads\/2025\/05\/cp134_2.jpg 413w, https:\/\/www.periferieprahy.cz\/blog\/wp-content\/uploads\/2025\/05\/cp134_2-300x221.jpg 300w\" sizes=\"auto, (max-width: 413px) 100vw, 413px\" \/><span>Rok 2008<\/span><\/a><\/div><\/div><div class=\"su-image-carousel-item\"><div class=\"su-image-carousel-item-content\"><a href=\"https:\/\/www.periferieprahy.cz\/blog\/wp-content\/uploads\/2025\/05\/cp134_5.jpg\" data-caption=\"Rok 2009. To je\u0161t\u011b nikdo netu\u0161il  co zde vznikne.\"><img loading=\"lazy\" decoding=\"async\" width=\"764\" height=\"544\" src=\"https:\/\/www.periferieprahy.cz\/blog\/wp-content\/uploads\/2025\/05\/cp134_5.jpg\" class=\"\" alt=\"\" srcset=\"https:\/\/www.periferieprahy.cz\/blog\/wp-content\/uploads\/2025\/05\/cp134_5.jpg 764w, https:\/\/www.periferieprahy.cz\/blog\/wp-content\/uploads\/2025\/05\/cp134_5-300x214.jpg 300w\" sizes=\"auto, (max-width: 764px) 100vw, 764px\" \/><span>Rok 2009. To je\u0161t\u011b nikdo netu\u0161il  co zde vznikne.<\/span><\/a><\/div><\/div><div class=\"su-image-carousel-item\"><div class=\"su-image-carousel-item-content\"><a href=\"https:\/\/www.periferieprahy.cz\/blog\/wp-content\/uploads\/2025\/05\/cp134_6.jpg\" data-caption=\"Tak takhle se Liboci pomstil dal\u0161\u00ed architekt v\u0161eum\u011bl. P\u0159ilepil tu barabiznu k hospod\u011b &quot;Nad \u0160\u00e1rkou&quot; jako h...o na ko\u0161ili.\"><img loading=\"lazy\" decoding=\"async\" width=\"1600\" height=\"1200\" src=\"https:\/\/www.periferieprahy.cz\/blog\/wp-content\/uploads\/2025\/05\/cp134_6.jpg\" class=\"\" alt=\"\" srcset=\"https:\/\/www.periferieprahy.cz\/blog\/wp-content\/uploads\/2025\/05\/cp134_6.jpg 1600w, https:\/\/www.periferieprahy.cz\/blog\/wp-content\/uploads\/2025\/05\/cp134_6-300x225.jpg 300w, https:\/\/www.periferieprahy.cz\/blog\/wp-content\/uploads\/2025\/05\/cp134_6-1024x768.jpg 1024w, https:\/\/www.periferieprahy.cz\/blog\/wp-content\/uploads\/2025\/05\/cp134_6-768x576.jpg 768w, https:\/\/www.periferieprahy.cz\/blog\/wp-content\/uploads\/2025\/05\/cp134_6-1536x1152.jpg 1536w\" sizes=\"auto, (max-width: 1600px) 100vw, 1600px\" \/><span>Tak takhle se Liboci pomstil dal\u0161\u00ed architekt v\u0161eum\u011bl. P\u0159ilepil tu barabiznu k hospod\u011b \"Nad \u0160\u00e1rkou\" jako h...o na ko\u0161ili.<\/span><\/a><\/div><\/div><\/div><script id=\"su_image_carousel_69f449221752a_script\">if(window.SUImageCarousel){setTimeout(function() {window.SUImageCarousel.initGallery(document.getElementById(\"su_image_carousel_69f449221752a\"))}, 0);}var su_image_carousel_69f449221752a_script=document.getElementById(\"su_image_carousel_69f449221752a_script\");if(su_image_carousel_69f449221752a_script){su_image_carousel_69f449221752a_script.parentNode.removeChild(su_image_carousel_69f449221752a_script);}<\/script>\n","protected":false},"excerpt":{"rendered":"<p>Po\u010d\u00edt\u00e1no od Evropsk\u00e9, potom je to prvn\u00ed restaurace v Libock\u00e9 ulici, proto\u017ee stoj\u00ed pr\u00e1v\u011b na rohu t\u011bchto ulic. Ofici\u00e1ln\u011b  &#8222;Nad \u0160\u00e1rkou&#8220;, ale m\u00edstn\u00ed st\u00e1le \u0159\u00edkaj\u00ed &#8222;Hot\u00fdlek&#8220; i kdy\u017e zde hotel d\u00e1vno nen\u00ed. Zato je tu mal\u00fd pivovar. Ten tu tehdy nebyl. Podle pam\u011bt\u00ed pana Pal\u00e1ta zde kdysi st\u00e1val domek se z\u00e1vorou, kde se vyb\u00edralo m\u00fdto. V domku bydlel m\u00fdtn\u00fd, kter\u00fd vyb\u00edral j\u00edzdn\u00ed da\u0148. Posledn\u00edm m\u00fdtn\u00fdm byl sta\u0159i\u010dk\u00fd pan \u0158ez\u00e1\u010d.<\/p>\n","protected":false},"author":1,"featured_media":3783,"comment_status":"open","ping_status":"open","sticky":false,"template":"","format":"standard","meta":{"_exactmetrics_skip_tracking":false,"_exactmetrics_sitenote_active":false,"_exactmetrics_sitenote_note":"","_exactmetrics_sitenote_category":0,"footnotes":""},"categories":[28,3],"tags":[],"post_folder":[],"class_list":["post-3779","post","type-post","status-publish","format-standard","has-post-thumbnail","hentry","category-hospody","category-redakce"],"_links":{"self":[{"href":"https:\/\/www.periferieprahy.cz\/blog\/wp-json\/wp\/v2\/posts\/3779","targetHints":{"allow":["GET"]}}],"collection":[{"href":"https:\/\/www.periferieprahy.cz\/blog\/wp-json\/wp\/v2\/posts"}],"about":[{"href":"https:\/\/www.periferieprahy.cz\/blog\/wp-json\/wp\/v2\/types\/post"}],"author":[{"embeddable":true,"href":"https:\/\/www.periferieprahy.cz\/blog\/wp-json\/wp\/v2\/users\/1"}],"replies":[{"embeddable":true,"href":"https:\/\/www.periferieprahy.cz\/blog\/wp-json\/wp\/v2\/comments?post=3779"}],"version-history":[{"count":2,"href":"https:\/\/www.periferieprahy.cz\/blog\/wp-json\/wp\/v2\/posts\/3779\/revisions"}],"predecessor-version":[{"id":3788,"href":"https:\/\/www.periferieprahy.cz\/blog\/wp-json\/wp\/v2\/posts\/3779\/revisions\/3788"}],"wp:featuredmedia":[{"embeddable":true,"href":"https:\/\/www.periferieprahy.cz\/blog\/wp-json\/wp\/v2\/media\/3783"}],"wp:attachment":[{"href":"https:\/\/www.periferieprahy.cz\/blog\/wp-json\/wp\/v2\/media?parent=3779"}],"wp:term":[{"taxonomy":"category","embeddable":true,"href":"https:\/\/www.periferieprahy.cz\/blog\/wp-json\/wp\/v2\/categories?post=3779"},{"taxonomy":"post_tag","embeddable":true,"href":"https:\/\/www.periferieprahy.cz\/blog\/wp-json\/wp\/v2\/tags?post=3779"},{"taxonomy":"post_folder","embeddable":true,"href":"https:\/\/www.periferieprahy.cz\/blog\/wp-json\/wp\/v2\/post_folder?post=3779"}],"curies":[{"name":"wp","href":"https:\/\/api.w.org\/{rel}","templated":true}]}}