{"id":3796,"date":"2025-05-20T21:35:08","date_gmt":"2025-05-20T19:35:08","guid":{"rendered":"https:\/\/www.periferieprahy.cz\/blog\/?p=3796"},"modified":"2025-07-08T21:02:16","modified_gmt":"2025-07-08T19:02:16","slug":"c-p-146-strachovo-sklenarstvi","status":"publish","type":"post","link":"https:\/\/www.periferieprahy.cz\/blog\/2025\/05\/20\/c-p-146-strachovo-sklenarstvi\/","title":{"rendered":"\u010c.p. 146 Strachovo sklen\u00e1\u0159stv\u00ed"},"content":{"rendered":"\n<p align=\"left\">\n\t\t\t<img loading=\"lazy\" decoding=\"async\" border=\"0\" src=\"https:\/\/www.periferieprahy.cz\/blog\/wp-content\/uploads\/2024\/12\/pismo7_15.gif\" width=\"112\" height=\"146\" align=\"left\">an\u00ed \n\t\t\tMarie Ho\u0159ej\u0161\u00ed rozen\u00e1 Strachov\u00e1 napsala o sv\u00fdch vzpom\u00ednk\u00e1ch a poslala \n\t\t\t\u0159adu fotografi\u00ed:<br>\n\t\t\t<br>\n\t\t\tNa dvo\u0159e domu Jene\u010dsk\u00e1 \u010d.p. 146 byla sklen\u00e1\u0159sk\u00e1 d\u00edlna, kde m\u016fj \n\t\t\td\u011bde\u010dek a pot\u00e9 m\u016fj otec zaskl\u00edvali. D\u011bda m\u011bl velik\u00e9 sklen\u00e1\u0159stv\u00ed na \n\t\t\t\u017di\u017ekov\u011b a v Liboci m\u011bl men\u0161\u00ed d\u00edlnu, kde zaskl\u00edval jen tak pro \n\t\t\tsousedy, kdy\u017e n\u011bkdo p\u0159i\u0161el s rozbit\u00fdm oknem. D\u011bda byl velice zru\u010dn\u00fd \n\t\t\ta krom\u011b standardn\u00edho zaskl\u00edv\u00e1n\u00ed tak\u00e9 sklo brousil, leptal a um\u011bl i \n\t\t\tlepit akv\u00e1ria. Traduje se historka, \u017ee kdy\u017e se zaskl\u00edvaly kopule na \n\t\t\ttehdy nov\u00e9m Wilsonov\u011b n\u00e1dra\u017e\u00ed byla vyps\u00e1na sout\u011b\u017e na zasklen\u00ed \n\t\t\tkopul\u00ed. D\u011bd\u016fv bratr Josef Strach byl pom\u011brn\u011b schopn\u00fd obchodn\u00edk, ale \n\t\t\tjako sklen\u00e1\u0159 pr\u00fd moc \u0161ikovn\u00fd nebyl . V\u0161echna sklen\u00e1\u0159stv\u00ed tehdy \n\t\t\tvy\u017eadovala ke kopul\u00edm p\u0159istavit le\u0161en\u00ed ze kter\u00e9ho by se zaskl\u00edvalo. \n\t\t\tJosef Strach v\u0161ak investora p\u0159esv\u011bd\u010dil, \u017ee firma Strach je schopna \n\t\t\tto zaskl\u00edt bez le\u0161en\u00ed. Sout\u011b\u017e vyhr\u00e1li a Josef p\u0159i\u0161el dom\u016f a radostn\u011b \n\t\t\tto d\u011bdovi sd\u011bloval a kdy\u017e se d\u011bda ptal jak to tedy budou zaskl\u00edvat, \n\t\t\ttak mu bratr sd\u011blil, \u017ee to u\u017e nech\u00e1 na n\u011bm. Nakonec to skute\u010dn\u011b d\u011bda \n\t\t\tzaskl\u00edval z n\u011bjak\u00e9 zav\u011b\u0161en\u00e9 seda\u010dky a\u010dkoli nebyl horolezec. Dnes by \n\t\t\tse tomu asi \u0159\u00edkalo v\u00fd\u0161kov\u00e1 pr\u00e1ce. Pamatuji si, \u017ee na chodb\u011b p\u0159ed \n\t\t\tbytem st\u00e1le le\u017eelo vyrovnan\u00e9 sklo a to u\u017e byl tvrd\u00fd socialismus, \n\t\t\tproto\u017ee j\u00e1 jsem se narodila v roce 1972. Kdy\u017e toti\u017e zem\u0159el d\u011bda tak \n\t\t\tm\u016fj otec *1939, st\u00e1le zaskl\u00edval lidem, kte\u0159\u00ed byli zvykl\u00ed k n\u00e1m s okny \n\t\t\tchodit. Kdy\u017e si dnes vzpom\u00edn\u00e1m na ten d\u016fm, tak hlavn\u011b na pronikavou \n\t\t\tv\u016fni sklen\u00e1\u0159sk\u00e9ho kytu a ferme\u017ee.\n\n\n<div class=\"su-image-carousel  su-image-carousel-has-spacing su-image-carousel-crop su-image-carousel-crop-3-2 su-image-carousel-has-lightbox su-image-carousel-has-outline su-image-carousel-adaptive su-image-carousel-slides-style-default su-image-carousel-controls-style-dark su-image-carousel-align-center\" style=\"max-width:800px\" data-flickity-options='{\"groupCells\":true,\"cellSelector\":\".su-image-carousel-item\",\"adaptiveHeight\":false,\"cellAlign\":\"left\",\"prevNextButtons\":true,\"pageDots\":true,\"autoPlay\":7000,\"imagesLoaded\":true,\"contain\":true,\"selectedAttraction\":0.1499999999999999944488848768742172978818416595458984375,\"friction\":1}' id=\"su_image_carousel_69f311294c010\"><div class=\"su-image-carousel-item\"><div class=\"su-image-carousel-item-content\"><a href=\"https:\/\/www.periferieprahy.cz\/blog\/wp-content\/uploads\/2025\/05\/cp146_1.jpg\" data-caption=\"D\u016fm \u010d.p. 146, kde bylo sklen\u00e1\u0159stv\u00ed pana Stracha\"><img loading=\"lazy\" decoding=\"async\" width=\"777\" height=\"492\" src=\"https:\/\/www.periferieprahy.cz\/blog\/wp-content\/uploads\/2025\/05\/cp146_1.jpg\" class=\"\" alt=\"\" srcset=\"https:\/\/www.periferieprahy.cz\/blog\/wp-content\/uploads\/2025\/05\/cp146_1.jpg 777w, https:\/\/www.periferieprahy.cz\/blog\/wp-content\/uploads\/2025\/05\/cp146_1-300x190.jpg 300w, https:\/\/www.periferieprahy.cz\/blog\/wp-content\/uploads\/2025\/05\/cp146_1-768x486.jpg 768w\" sizes=\"auto, (max-width: 777px) 100vw, 777px\" \/><span>D\u016fm \u010d.p. 146, kde bylo sklen\u00e1\u0159stv\u00ed pana Stracha<\/span><\/a><\/div><\/div><div class=\"su-image-carousel-item\"><div class=\"su-image-carousel-item-content\"><a href=\"https:\/\/www.periferieprahy.cz\/blog\/wp-content\/uploads\/2025\/05\/cp146_dnes.jpg\" data-caption=\"Dneska u\u017e v\u00e1m tady nikdo okno nezaskl\u00ed.\"><img loading=\"lazy\" decoding=\"async\" width=\"522\" height=\"369\" src=\"https:\/\/www.periferieprahy.cz\/blog\/wp-content\/uploads\/2025\/05\/cp146_dnes.jpg\" class=\"\" alt=\"\" srcset=\"https:\/\/www.periferieprahy.cz\/blog\/wp-content\/uploads\/2025\/05\/cp146_dnes.jpg 522w, https:\/\/www.periferieprahy.cz\/blog\/wp-content\/uploads\/2025\/05\/cp146_dnes-300x212.jpg 300w\" sizes=\"auto, (max-width: 522px) 100vw, 522px\" \/><span>Dneska u\u017e v\u00e1m tady nikdo okno nezaskl\u00ed.<\/span><\/a><\/div><\/div><\/div><script id=\"su_image_carousel_69f311294c010_script\">if(window.SUImageCarousel){setTimeout(function() {window.SUImageCarousel.initGallery(document.getElementById(\"su_image_carousel_69f311294c010\"))}, 0);}var su_image_carousel_69f311294c010_script=document.getElementById(\"su_image_carousel_69f311294c010_script\");if(su_image_carousel_69f311294c010_script){su_image_carousel_69f311294c010_script.parentNode.removeChild(su_image_carousel_69f311294c010_script);}<\/script>\n\n\n<div class=\"su-image-carousel  su-image-carousel-has-spacing su-image-carousel-crop su-image-carousel-crop-1-1 su-image-carousel-has-lightbox su-image-carousel-has-outline su-image-carousel-adaptive su-image-carousel-slides-style-default su-image-carousel-controls-style-dark su-image-carousel-align-center\" style=\"max-width:800px\" data-flickity-options='{\"groupCells\":true,\"cellSelector\":\".su-image-carousel-item\",\"adaptiveHeight\":false,\"cellAlign\":\"left\",\"prevNextButtons\":true,\"pageDots\":true,\"autoPlay\":7000,\"imagesLoaded\":true,\"contain\":true,\"selectedAttraction\":0.1499999999999999944488848768742172978818416595458984375,\"friction\":1}' id=\"su_image_carousel_69f311294da6d\"><div class=\"su-image-carousel-item\"><div class=\"su-image-carousel-item-content\"><a href=\"https:\/\/www.periferieprahy.cz\/blog\/wp-content\/uploads\/2025\/05\/cp146_vaclav_strach_1939_c.jpg\" data-caption=\"Pan V\u00e1clav Strach *1901 p\u0159i pr\u00e1ci v roce 1939\"><img loading=\"lazy\" decoding=\"async\" width=\"382\" height=\"588\" src=\"https:\/\/www.periferieprahy.cz\/blog\/wp-content\/uploads\/2025\/05\/cp146_vaclav_strach_1939_c.jpg\" class=\"\" alt=\"\" srcset=\"https:\/\/www.periferieprahy.cz\/blog\/wp-content\/uploads\/2025\/05\/cp146_vaclav_strach_1939_c.jpg 382w, https:\/\/www.periferieprahy.cz\/blog\/wp-content\/uploads\/2025\/05\/cp146_vaclav_strach_1939_c-195x300.jpg 195w\" sizes=\"auto, (max-width: 382px) 100vw, 382px\" \/><span>Pan V\u00e1clav Strach *1901 p\u0159i pr\u00e1ci v roce 1939<\/span><\/a><\/div><\/div><div class=\"su-image-carousel-item\"><div class=\"su-image-carousel-item-content\"><a href=\"https:\/\/www.periferieprahy.cz\/blog\/wp-content\/uploads\/2025\/05\/cp146_vaclav_strach_1939_b.jpg\" data-caption=\"Pan V\u00e1clav Strach *1901 p\u0159i pr\u00e1ci v roce 1939\"><img loading=\"lazy\" decoding=\"async\" width=\"542\" height=\"558\" src=\"https:\/\/www.periferieprahy.cz\/blog\/wp-content\/uploads\/2025\/05\/cp146_vaclav_strach_1939_b.jpg\" class=\"\" alt=\"\" srcset=\"https:\/\/www.periferieprahy.cz\/blog\/wp-content\/uploads\/2025\/05\/cp146_vaclav_strach_1939_b.jpg 542w, https:\/\/www.periferieprahy.cz\/blog\/wp-content\/uploads\/2025\/05\/cp146_vaclav_strach_1939_b-291x300.jpg 291w\" sizes=\"auto, (max-width: 542px) 100vw, 542px\" \/><span>Pan V\u00e1clav Strach *1901 p\u0159i pr\u00e1ci v roce 1939<\/span><\/a><\/div><\/div><div class=\"su-image-carousel-item\"><div class=\"su-image-carousel-item-content\"><a href=\"https:\/\/www.periferieprahy.cz\/blog\/wp-content\/uploads\/2025\/05\/cp146_vaclav_strach_1939_a.jpg\" data-caption=\"Pan V\u00e1clav Strach *1901 p\u0159i pr\u00e1ci v roce 1939\"><img loading=\"lazy\" decoding=\"async\" width=\"550\" height=\"556\" src=\"https:\/\/www.periferieprahy.cz\/blog\/wp-content\/uploads\/2025\/05\/cp146_vaclav_strach_1939_a.jpg\" class=\"\" alt=\"\" srcset=\"https:\/\/www.periferieprahy.cz\/blog\/wp-content\/uploads\/2025\/05\/cp146_vaclav_strach_1939_a.jpg 550w, https:\/\/www.periferieprahy.cz\/blog\/wp-content\/uploads\/2025\/05\/cp146_vaclav_strach_1939_a-297x300.jpg 297w\" sizes=\"auto, (max-width: 550px) 100vw, 550px\" \/><span>Pan V\u00e1clav Strach *1901 p\u0159i pr\u00e1ci v roce 1939<\/span><\/a><\/div><\/div><\/div><script id=\"su_image_carousel_69f311294da6d_script\">if(window.SUImageCarousel){setTimeout(function() {window.SUImageCarousel.initGallery(document.getElementById(\"su_image_carousel_69f311294da6d\"))}, 0);}var su_image_carousel_69f311294da6d_script=document.getElementById(\"su_image_carousel_69f311294da6d_script\");if(su_image_carousel_69f311294da6d_script){su_image_carousel_69f311294da6d_script.parentNode.removeChild(su_image_carousel_69f311294da6d_script);}<\/script>\n","protected":false},"excerpt":{"rendered":"<p>Na dvo\u0159e domu Jene\u010dsk\u00e1 \u010d.p. 146 byla sklen\u00e1\u0159sk\u00e1 d\u00edlna, kde m\u016fj d\u011bde\u010dek a pot\u00e9 m\u016fj otec zaskl\u00edvali. D\u011bda m\u011bl velik\u00e9 sklen\u00e1\u0159stv\u00ed na \u017di\u017ekov\u011b a v Liboci m\u011bl men\u0161\u00ed d\u00edlnu, kde zaskl\u00edval jen tak pro sousedy, kdy\u017e n\u011bkdo p\u0159i\u0161el s rozbit\u00fdm oknem. D\u011bda byl velice zru\u010dn\u00fd a krom\u011b standardn\u00edho zaskl\u00edv\u00e1n\u00ed tak\u00e9 sklo brousil, leptal a um\u011bl i lepit akv\u00e1ria. Traduje se historka, \u017ee kdy\u017e se zaskl\u00edvaly kopule na tehdy nov\u00e9m Wilsonov\u011b n\u00e1dra\u017e\u00ed byla vyps\u00e1na sout\u011b\u017e na zasklen\u00ed kopul\u00ed. D\u011bd\u016fv bratr Josef Strach byl pom\u011brn\u011b schopn\u00fd obchodn\u00edk, ale jako sklen\u00e1\u0159 pr\u00fd moc \u0161ikovn\u00fd nebyl . <\/p>\n","protected":false},"author":1,"featured_media":3799,"comment_status":"open","ping_status":"open","sticky":false,"template":"","format":"standard","meta":{"_exactmetrics_skip_tracking":false,"_exactmetrics_sitenote_active":false,"_exactmetrics_sitenote_note":"","_exactmetrics_sitenote_category":0,"footnotes":""},"categories":[33,3,32],"tags":[],"post_folder":[],"class_list":["post-3796","post","type-post","status-publish","format-standard","has-post-thumbnail","hentry","category-obchody_sluzby","category-redakce","category-zivnosti_obchody"],"_links":{"self":[{"href":"https:\/\/www.periferieprahy.cz\/blog\/wp-json\/wp\/v2\/posts\/3796","targetHints":{"allow":["GET"]}}],"collection":[{"href":"https:\/\/www.periferieprahy.cz\/blog\/wp-json\/wp\/v2\/posts"}],"about":[{"href":"https:\/\/www.periferieprahy.cz\/blog\/wp-json\/wp\/v2\/types\/post"}],"author":[{"embeddable":true,"href":"https:\/\/www.periferieprahy.cz\/blog\/wp-json\/wp\/v2\/users\/1"}],"replies":[{"embeddable":true,"href":"https:\/\/www.periferieprahy.cz\/blog\/wp-json\/wp\/v2\/comments?post=3796"}],"version-history":[{"count":2,"href":"https:\/\/www.periferieprahy.cz\/blog\/wp-json\/wp\/v2\/posts\/3796\/revisions"}],"predecessor-version":[{"id":3803,"href":"https:\/\/www.periferieprahy.cz\/blog\/wp-json\/wp\/v2\/posts\/3796\/revisions\/3803"}],"wp:featuredmedia":[{"embeddable":true,"href":"https:\/\/www.periferieprahy.cz\/blog\/wp-json\/wp\/v2\/media\/3799"}],"wp:attachment":[{"href":"https:\/\/www.periferieprahy.cz\/blog\/wp-json\/wp\/v2\/media?parent=3796"}],"wp:term":[{"taxonomy":"category","embeddable":true,"href":"https:\/\/www.periferieprahy.cz\/blog\/wp-json\/wp\/v2\/categories?post=3796"},{"taxonomy":"post_tag","embeddable":true,"href":"https:\/\/www.periferieprahy.cz\/blog\/wp-json\/wp\/v2\/tags?post=3796"},{"taxonomy":"post_folder","embeddable":true,"href":"https:\/\/www.periferieprahy.cz\/blog\/wp-json\/wp\/v2\/post_folder?post=3796"}],"curies":[{"name":"wp","href":"https:\/\/api.w.org\/{rel}","templated":true}]}}