{"id":3850,"date":"2025-05-22T20:23:06","date_gmt":"2025-05-22T18:23:06","guid":{"rendered":"https:\/\/www.periferieprahy.cz\/blog\/?p=3850"},"modified":"2025-05-22T20:24:46","modified_gmt":"2025-05-22T18:24:46","slug":"c-p-165","status":"publish","type":"post","link":"https:\/\/www.periferieprahy.cz\/blog\/2025\/05\/22\/c-p-165\/","title":{"rendered":"\u010c.p. 165"},"content":{"rendered":"\n<img loading=\"lazy\" decoding=\"async\" border=\"0\" src=\"https:\/\/www.periferieprahy.cz\/blog\/wp-content\/uploads\/2024\/12\/pismo7_19.gif\" width=\"99\" height=\"125\" align=\"left\">ento \n\t\t\td\u016fm stoji na rohu Libock\u00e9 a Evropsk\u00e9 naproti restauraci &quot;Nad \u0160\u00e1rkou&quot;\n\t\t\t<a target=\"_parent\" href=\"https:\/\/www.periferieprahy.cz\/blog\/2025\/05\/20\/c-p-134-hotel-pana-verbire\/\">\u010d.p. 134<\/a>. Zat\u00edm nev\u00edm, \n\t\t\tkdo ho postavil a komu v minulosti pat\u0159il. D\u016fm je zachycen na \n\t\t\tfotografii z poh\u0159bu V\u00e1clava Hole\u010dka a ostatk\u016f jeho p\u0159edk\u016f \n\t\t\tvyzvednut\u00fdch na <a target=\"_parent\" href=\"https:\/\/www.periferieprahy.cz\/blog\/2025\/01\/05\/stary-libocky-hrbitov\/\">star\u00e9m \n\t\t\tlibock\u00e9m h\u0159bitov\u011b<\/a> v kv\u011btnu 1942. Smute\u010dn\u00ed pr\u016fvod pokra\u010doval na \n\t\t\tnov\u00fd libock\u00fd h\u0159bitov, kde byly ostatky ulo\u017eeny v nov\u00e9 rodinn\u00e9 \n\t\t\throbce.\n\n\n\n<figure class=\"wp-block-image alignwide size-large\"><img loading=\"lazy\" decoding=\"async\" width=\"1024\" height=\"481\" src=\"https:\/\/www.periferieprahy.cz\/blog\/wp-content\/uploads\/2025\/05\/cp268_14-1024x481.jpg\" alt=\"\" class=\"wp-image-3849\" srcset=\"https:\/\/www.periferieprahy.cz\/blog\/wp-content\/uploads\/2025\/05\/cp268_14-1024x481.jpg 1024w, https:\/\/www.periferieprahy.cz\/blog\/wp-content\/uploads\/2025\/05\/cp268_14-300x141.jpg 300w, https:\/\/www.periferieprahy.cz\/blog\/wp-content\/uploads\/2025\/05\/cp268_14-150x70.jpg 150w, https:\/\/www.periferieprahy.cz\/blog\/wp-content\/uploads\/2025\/05\/cp268_14-768x361.jpg 768w, https:\/\/www.periferieprahy.cz\/blog\/wp-content\/uploads\/2025\/05\/cp268_14.jpg 1030w\" sizes=\"auto, (max-width: 1024px) 100vw, 1024px\" \/><figcaption class=\"wp-element-caption\">\u010c.p. 165 na rohu dne\u0161n\u00ed Evropsk\u00e9 a Libock\u00e9. Smute\u010dn\u00ed pr\u016fvod na dne\u0161n\u00ed Evropk\u00e9 se bl\u00ed\u017e\u00ed ke h\u0159bitovu. <\/figcaption><\/figure>\n","protected":false},"excerpt":{"rendered":"<p>Tento d\u016fm stoji na rohu Libock\u00e9 a Evropsk\u00e9 naproti restauraci &#8222;Nad \u0160\u00e1rkou&#8220; \u010d.p. 134. Zat\u00edm nev\u00edm, kdo ho postavil a komu v minulosti pat\u0159il. D\u016fm je zachycen na fotografii z poh\u0159bu V\u00e1clava Hole\u010dka a ostatk\u016f jeho p\u0159edk\u016f vyzvednut\u00fdch na star\u00e9m libock\u00e9m h\u0159bitov\u011b v kv\u011btnu 1942. Smute\u010dn\u00ed pr\u016fvod pokra\u010doval na nov\u00fd libock\u00fd h\u0159bitov, kde byly ostatky ulo\u017eeny v nov\u00e9 rodinn\u00e9 hrobce.<\/p>\n","protected":false},"author":1,"featured_media":3849,"comment_status":"open","ping_status":"open","sticky":false,"template":"","format":"standard","meta":{"_exactmetrics_skip_tracking":false,"_exactmetrics_sitenote_active":false,"_exactmetrics_sitenote_note":"","_exactmetrics_sitenote_category":0,"footnotes":""},"categories":[3],"tags":[],"post_folder":[],"class_list":["post-3850","post","type-post","status-publish","format-standard","has-post-thumbnail","hentry","category-redakce"],"_links":{"self":[{"href":"https:\/\/www.periferieprahy.cz\/blog\/wp-json\/wp\/v2\/posts\/3850","targetHints":{"allow":["GET"]}}],"collection":[{"href":"https:\/\/www.periferieprahy.cz\/blog\/wp-json\/wp\/v2\/posts"}],"about":[{"href":"https:\/\/www.periferieprahy.cz\/blog\/wp-json\/wp\/v2\/types\/post"}],"author":[{"embeddable":true,"href":"https:\/\/www.periferieprahy.cz\/blog\/wp-json\/wp\/v2\/users\/1"}],"replies":[{"embeddable":true,"href":"https:\/\/www.periferieprahy.cz\/blog\/wp-json\/wp\/v2\/comments?post=3850"}],"version-history":[{"count":2,"href":"https:\/\/www.periferieprahy.cz\/blog\/wp-json\/wp\/v2\/posts\/3850\/revisions"}],"predecessor-version":[{"id":3852,"href":"https:\/\/www.periferieprahy.cz\/blog\/wp-json\/wp\/v2\/posts\/3850\/revisions\/3852"}],"wp:featuredmedia":[{"embeddable":true,"href":"https:\/\/www.periferieprahy.cz\/blog\/wp-json\/wp\/v2\/media\/3849"}],"wp:attachment":[{"href":"https:\/\/www.periferieprahy.cz\/blog\/wp-json\/wp\/v2\/media?parent=3850"}],"wp:term":[{"taxonomy":"category","embeddable":true,"href":"https:\/\/www.periferieprahy.cz\/blog\/wp-json\/wp\/v2\/categories?post=3850"},{"taxonomy":"post_tag","embeddable":true,"href":"https:\/\/www.periferieprahy.cz\/blog\/wp-json\/wp\/v2\/tags?post=3850"},{"taxonomy":"post_folder","embeddable":true,"href":"https:\/\/www.periferieprahy.cz\/blog\/wp-json\/wp\/v2\/post_folder?post=3850"}],"curies":[{"name":"wp","href":"https:\/\/api.w.org\/{rel}","templated":true}]}}