{"id":3854,"date":"2025-05-22T20:47:50","date_gmt":"2025-05-22T18:47:50","guid":{"rendered":"https:\/\/www.periferieprahy.cz\/blog\/?p=3854"},"modified":"2025-07-10T20:52:06","modified_gmt":"2025-07-10T18:52:06","slug":"c-p-175-c-p-211","status":"publish","type":"post","link":"https:\/\/www.periferieprahy.cz\/blog\/2025\/05\/22\/c-p-175-c-p-211\/","title":{"rendered":"\u010c. p. 175 | \u010d . p. 211"},"content":{"rendered":"\n<img loading=\"lazy\" decoding=\"async\" border=\"0\" src=\"https:\/\/www.periferieprahy.cz\/blog\/wp-content\/uploads\/2024\/12\/pismo7_6.gif\" width=\"93\" height=\"133\" align=\"left\">otografie \n\t\t\tz 16.7.1943 n\u00e1 p\u0159edstavuje Libockou ulici v pohledu od &quot;Br\u016fdku. V \n\t\t\tdvojdom\u011b na sn\u00edmku vlevo byly dva obch\u016fdky. Ten zadn\u00ed s \u010d.p. 175 \n\t\t\tbylo \u0159eznictv\u00ed pana Josefa Bro\u017eka, pozd\u011bji zde bylo obuvnictv\u00ed a \n\t\t\tnakonec trafika.<br>\n\t\t\tP\u0159edn\u00ed obch\u016fdek byla v \u010d.p. 211 cukr\u00e1rna pana Zahradnick\u00e9ho. Za \n\t\t\tdvojdomem je hostinec &quot;U Ku\u010der\u016f&quot;<a target=\"_parent\" href=\"https:\/\/www.periferieprahy.cz\/blog\/2025\/04\/24\/c-p-36-hostinec-u-kuceru\/\">\u010d.p. 36<\/a> . P\u0159es ulici je d\u0159ev\u011bn\u00fd \n\t\t\tpavilon z N\u00e1rodopisn\u00e9 v\u00fdstavy \u010deskoslovansk\u00e9 roku 1895, byl str\u017een v \n\t\t\troce 2013 a na jeho m\u00edst\u011b postaven obytn\u00fd d\u016fm. V pozad\u00ed \u0161kola a \n\t\t\tkostel. Vlevo statek s <a target=\"_parent\" href=\"https:\/\/www.periferieprahy.cz\/blog\/2025\/03\/06\/c-p-7\/\">\n\t\t\t\u010d.p.7<\/a>.\n\n\n<div class=\"wp-block-image\">\n<figure class=\"aligncenter size-full\"><img loading=\"lazy\" decoding=\"async\" width=\"800\" height=\"620\" src=\"https:\/\/www.periferieprahy.cz\/blog\/wp-content\/uploads\/2025\/03\/cp7_4.jpg\" alt=\"\" class=\"wp-image-1137\" srcset=\"https:\/\/www.periferieprahy.cz\/blog\/wp-content\/uploads\/2025\/03\/cp7_4.jpg 800w, https:\/\/www.periferieprahy.cz\/blog\/wp-content\/uploads\/2025\/03\/cp7_4-300x233.jpg 300w, https:\/\/www.periferieprahy.cz\/blog\/wp-content\/uploads\/2025\/03\/cp7_4-768x595.jpg 768w\" sizes=\"auto, (max-width: 800px) 100vw, 800px\" \/><figcaption class=\"wp-element-caption\">Libock\u00e1 ulice, v dvojdom\u011b na sn\u00edmku vlevo byly dva obch\u016fdky. Ten zadn\u00ed s \u010d.p. 175 bylo \u0159eznictv\u00ed pana Josefa Bro\u017eka, pozd\u011bji zde bylo obuvnictv\u00ed a nakonec trafika. P\u0159edn\u00ed obch\u016fdek byla v \u010d.p. 211 cukr\u00e1rna pana Zahradnick\u00e9ho. Za dvojdomem je hostinec &#8222;U Ku\u010der\u016f&#8220; \u010d.p. 36. P\u0159es ulici je d\u0159ev\u011bn\u00fd pavilon z N\u00e1rodopisn\u00e9 v\u00fdstavy \u010deskoslovansk\u00e9 roku 1895, byl str\u017een v roce 2013 a na jeho m\u00edst\u011b postaven obytn\u00fd d\u016fm. V pozad\u00ed \u0161kola a kostel. Vlevo statek s \u010d.p.7<\/figcaption><\/figure>\n<\/div>\n\n<div class=\"wp-block-image\">\n<figure class=\"aligncenter size-full\"><img loading=\"lazy\" decoding=\"async\" width=\"994\" height=\"479\" src=\"https:\/\/www.periferieprahy.cz\/blog\/wp-content\/uploads\/2025\/03\/cp7ht123.jpg\" alt=\"\" class=\"wp-image-1159\" srcset=\"https:\/\/www.periferieprahy.cz\/blog\/wp-content\/uploads\/2025\/03\/cp7ht123.jpg 994w, https:\/\/www.periferieprahy.cz\/blog\/wp-content\/uploads\/2025\/03\/cp7ht123-300x145.jpg 300w, https:\/\/www.periferieprahy.cz\/blog\/wp-content\/uploads\/2025\/03\/cp7ht123-768x370.jpg 768w\" sizes=\"auto, (max-width: 994px) 100vw, 994px\" \/><figcaption class=\"wp-element-caption\">Rok 2012. Za pov\u0161imnut\u00ed je snaha architekta zachovat v r\u00e1mci mo\u017enost\u00ed proporce p\u016fvodn\u00edho hospod\u00e1\u0159sk\u00e9ho (v pop\u0159ed\u00ed) i obytn\u00e9ho (v pozad\u00ed) objektu. Je to chv\u00e1lyhodn\u00e9 a citliv\u00e9 \u0159e\u0161en\u00ed. A d\u0159ev\u011bn\u00fd pavilon z roku 1895 m\u00e1 p\u0159ed sebou u\u017e jen n\u011bkolik dn\u00ed &#8222;\u017eivota&#8220;. V \u010d.p. 175 a 211 jsou po obch\u016fdc\u00edch jen stopy v odli\u0161n\u00e9 barv\u011b om\u00edtky na zazd\u011bn\u00fdch v\u00fdloh\u00e1ch a dve\u0159\u00edch.<\/figcaption><\/figure>\n<\/div>","protected":false},"excerpt":{"rendered":"<p>Fotografie z 16.7.1943 n\u00e1 p\u0159edstavuje  Libockou ulici v pohledu od &#8222;Br\u016fdku. V dvojdom\u011b na sn\u00edmku vlevo byly dva obch\u016fdky. Ten zadn\u00ed s \u010d.p. 175 bylo \u0159eznictv\u00ed pana Josefa Bro\u017eka, pozd\u011bji zde bylo obuvnictv\u00ed a nakonec trafika.<br \/>\nP\u0159edn\u00ed obch\u016fdek byla v \u010d.p. 211 cukr\u00e1rna pana Zahradnick\u00e9ho. <\/p>\n","protected":false},"author":1,"featured_media":1138,"comment_status":"open","ping_status":"open","sticky":false,"template":"","format":"standard","meta":{"_exactmetrics_skip_tracking":false,"_exactmetrics_sitenote_active":false,"_exactmetrics_sitenote_note":"","_exactmetrics_sitenote_category":0,"footnotes":""},"categories":[38,33,3,32],"tags":[],"post_folder":[],"class_list":["post-3854","post","type-post","status-publish","format-standard","has-post-thumbnail","hentry","category-reznici","category-obchody_sluzby","category-redakce","category-zivnosti_obchody"],"_links":{"self":[{"href":"https:\/\/www.periferieprahy.cz\/blog\/wp-json\/wp\/v2\/posts\/3854","targetHints":{"allow":["GET"]}}],"collection":[{"href":"https:\/\/www.periferieprahy.cz\/blog\/wp-json\/wp\/v2\/posts"}],"about":[{"href":"https:\/\/www.periferieprahy.cz\/blog\/wp-json\/wp\/v2\/types\/post"}],"author":[{"embeddable":true,"href":"https:\/\/www.periferieprahy.cz\/blog\/wp-json\/wp\/v2\/users\/1"}],"replies":[{"embeddable":true,"href":"https:\/\/www.periferieprahy.cz\/blog\/wp-json\/wp\/v2\/comments?post=3854"}],"version-history":[{"count":4,"href":"https:\/\/www.periferieprahy.cz\/blog\/wp-json\/wp\/v2\/posts\/3854\/revisions"}],"predecessor-version":[{"id":3859,"href":"https:\/\/www.periferieprahy.cz\/blog\/wp-json\/wp\/v2\/posts\/3854\/revisions\/3859"}],"wp:featuredmedia":[{"embeddable":true,"href":"https:\/\/www.periferieprahy.cz\/blog\/wp-json\/wp\/v2\/media\/1138"}],"wp:attachment":[{"href":"https:\/\/www.periferieprahy.cz\/blog\/wp-json\/wp\/v2\/media?parent=3854"}],"wp:term":[{"taxonomy":"category","embeddable":true,"href":"https:\/\/www.periferieprahy.cz\/blog\/wp-json\/wp\/v2\/categories?post=3854"},{"taxonomy":"post_tag","embeddable":true,"href":"https:\/\/www.periferieprahy.cz\/blog\/wp-json\/wp\/v2\/tags?post=3854"},{"taxonomy":"post_folder","embeddable":true,"href":"https:\/\/www.periferieprahy.cz\/blog\/wp-json\/wp\/v2\/post_folder?post=3854"}],"curies":[{"name":"wp","href":"https:\/\/api.w.org\/{rel}","templated":true}]}}