{"id":3872,"date":"2025-05-22T21:11:30","date_gmt":"2025-05-22T19:11:30","guid":{"rendered":"https:\/\/www.periferieprahy.cz\/blog\/?p=3872"},"modified":"2025-07-08T20:58:44","modified_gmt":"2025-07-08T18:58:44","slug":"c-p-175-veleslavin-cokoladovna","status":"publish","type":"post","link":"https:\/\/www.periferieprahy.cz\/blog\/2025\/05\/22\/c-p-175-veleslavin-cokoladovna\/","title":{"rendered":"\u010c. p. 175 Veleslav\u00edn &#8211; \u010dokol\u00e1dovna"},"content":{"rendered":"\n<p style=\"margin-top: 1px; margin-bottom: 1px\" align=\"justify\">\n\t\t\t<img loading=\"lazy\" decoding=\"async\" border=\"0\" src=\"https:\/\/www.periferieprahy.cz\/blog\/wp-content\/uploads\/2024\/12\/pismo7_18.gif\" width=\"93\" height=\"135\" align=\"left\">tandard. \n\t\t\tTo byla zna\u010dka \u010dokol\u00e1dy, kter\u00e1 se zde vyr\u00e1b\u011bla od roku 1903. U zrodu \n\t\t\tst\u00e1li brat\u0159i Franti\u0161ek a Rudolf Kroupovi a \u010dokol\u00e1dovna se brzy stala \n\t\t\tnejprve v Rakousko-Uhersku a pozd\u011bji v \u010ceskoslovensku jednou z \n\t\t\tnejzn\u00e1m\u011bj\u0161\u00edch. B\u011bhem prvn\u00edch p\u011bti let stoupl po\u010det zam\u011bstnanc\u016f z 80 \n\t\t\tna 350. Tov\u00e1rna vyr\u00e1b\u011bla hned od za\u010d\u00e1tku kvalitn\u00ed, a tedy i dra\u017e\u0161\u00ed \n\t\t\t\u010dokol\u00e1dy a r\u016fzn\u00e9 cukrovinky. Jej\u00ed sortiment tvo\u0159ilo neuv\u011b\u0159iteln\u00fdch \n\t\t\t2500 polo\u017eek, mezi nimi nap\u0159. kakaov\u00fd pr\u00e1\u0161ek prod\u00e1van\u00fd v typick\u00e9 \n\t\t\t\u010derven\u00e9 plechovce r\u016fzn\u00fdch velikost, \u010dokol\u00e1dov\u00e9 doutn\u00edky \u010di \n\t\t\tbezalkoholov\u00e9 ovocn\u00e9 sv\u011btl\u00e9 pivo. Firma byla ve sv\u00e9 dob\u011b velice \n\t\t\tprogresivn\u00ed, \u010d\u00e1st produkce vyv\u00e1\u017eela do zahrani\u010d\u00ed. Z n\u011bkolika \n\t\t\tpodnikov\u00fdch prodejen byla nejzn\u00e1m\u011bj\u0161\u00ed ve Vodi\u010dkov\u011b ulici v Praze. \n\t\t\tZpo\u010d\u00e1tku, v roce 1906, nechali brat\u0159i ke star\u0161\u00edmu objektu na dne\u0161n\u00ed \n\t\t\tEvropsk\u00e9 t\u0159\u00edd\u011b \u010d.175 p\u0159istav\u011bt sklad a v letech 1922-1924 se tov\u00e1rna \n\t\t\trozrostla do modern\u00edho z\u00e1vodu s kancel\u00e1\u0159emi, skladi\u0161ti a kotelnou s \n\t\t\tkom\u00ednem. Podnik hodn\u011b utrp\u011bl v dob\u011b hospod\u00e1\u0159sk\u00e9 krize a v r. 1935 \n\t\t\tmusel b\u00fdt pro nedostatek kapit\u00e1lu dokonce uzav\u0159en. Poda\u0159ilo se ho \n\t\t\tv\u0161ak obnovit a jedin\u00fdm majitele se stal Franti\u0161ek Kroupa, syn \n\t\t\tjednoho z majitel\u016f. V letech 1940-1947 byla firma zapsan\u00e1 jako \n\t\t\tkomanditn\u00ed spole\u010dnost Kroupa a spol.. Dal\u0161\u00edmu rozvoji bohu\u017eel \n\t\t\tzabr\u00e1nila 2. sv\u011btov\u00e1 v\u00e1lka, podnik byl N\u011bmci vytipov\u00e1n pro utajenou \n\t\t\tv\u00fdrobu motor\u016f st\u0159el V1 a tov\u00e1rnu \u010dekal nucen\u00fd prodej. Po v\u00e1lce se \n\t\t\tsice zna\u010dka Standard je\u0161t\u011b n\u011bjak\u00fd \u010das pou\u017e\u00edvala, v pades\u00e1t\u00fdch letech \n\t\t\tzn\u00e1m\u00e9 jm\u00e9no za\u0161t\u00edtilo sdru\u017een\u00ed n\u011bkolika dal\u0161\u00edch \u010dokol\u00e1doven \n\t\t\t(pravd\u011bpodobn\u011b se jednalo o sdru\u017een\u00ed Standard &#8211; n.p.Kutn\u00e1 Hora se \n\t\t\tz\u00e1vody Koukol a Michera a J.St\u0159eda Kutn\u00e1 Hora, Jit\u0159enka Hradec \n\t\t\tKr\u00e1lov\u00e9, Kolinea Kol\u00edn, V.Balcar N\u00e1chod, Albis a V.Syr\u016f\u010dek Opatovice \n\t\t\tnad Labem, Ego P\u0159elou\u010d a Velim ve Velimi), ale s nast\u00e1vaj\u00edc\u00ed \n\t\t\treorganizac\u00ed \u010dokol\u00e1dov\u00e9ho pr\u016fmyslu se z trhu \u00fapln\u011b vytratila. (<a href=\"https:\/\/www.ptejteseknihovny.cz\/dotazy\/prumysl-vokovice-19-a-20-stoleti\">Ptejte \n\t\t\tse knihovny<\/a>)<\/p>\n\n\n\n<p>V \u010dokol\u00e1dovn\u011b samoz\u0159ejm\u011b pracovali i d\u011bln\u00edci z Liboce, jak dokl\u00e1d\u00e1 libock\u00e1 kronika: <em>Velk\u00e1 v\u011bt\u0161ina zde d\u011blnictva usazen\u00e9ho jest nucena, krom\u011b prac\u00ed<br>zem\u011bd\u011blsk\u00fdch, lomech \u0161\u00e1reck\u00fdch, v\u016fkoln\u00edch ciheln\u00e1ch, cukrovaru ruzy\u0148sk\u00e9m, a tov\u00e1rn\u00e1ch na hlin\u011bn\u00e9 zbo\u017e\u00ed \u0161amotov\u00e9 a <strong>cukrovinky ve Vokovic\u00edch<\/strong>; vyhled\u00e1vati si zam\u011bstn\u00e1n\u00ed sv\u00e9 p\u0159i stavebn\u00edch prac\u00edch bu\u010f v Praze neb jej\u00edm v\u016fkol\u00ed.<\/em><\/p>\n\n\n\n<p>P\u0159ed rokem 1989 zde s\u00eddlil V\u00fdzkumn\u00fd \u00fastav rozhlasu a televize (V\u00daRT) a v sam\u00e9m z\u00e1v\u011bru existence budov zde s\u00eddlila pobo\u010dka \u010cesk\u00e9 spr\u00e1vy soci\u00e1ln\u00edho zabezpe\u010den\u00ed. A po odst\u011bhov\u00e1n\u00ed tady bylo jak\u00e9si Business centrum Evropsk\u00e1.&nbsp; Nakonec byly v roce 2016 budovy zbour\u00e1ny a v roce 2017 byla zah\u00e1jena v\u00fdstavba nov\u00fdch administrativn\u00edch objekt\u016f.&nbsp;<\/p>\n\n\n<div class=\"su-image-carousel  su-image-carousel-has-spacing su-image-carousel-crop su-image-carousel-crop-2-1 su-image-carousel-has-lightbox su-image-carousel-has-outline su-image-carousel-adaptive su-image-carousel-slides-style-default su-image-carousel-controls-style-dark su-image-carousel-align-center\" style=\"max-width:800px\" data-flickity-options='{\"groupCells\":true,\"cellSelector\":\".su-image-carousel-item\",\"adaptiveHeight\":false,\"cellAlign\":\"left\",\"prevNextButtons\":true,\"pageDots\":true,\"autoPlay\":7000,\"imagesLoaded\":true,\"contain\":true,\"selectedAttraction\":0.1499999999999999944488848768742172978818416595458984375,\"friction\":1}' id=\"su_image_carousel_69f2fb837f568\"><div class=\"su-image-carousel-item\"><div class=\"su-image-carousel-item-content\"><a href=\"https:\/\/www.periferieprahy.cz\/blog\/wp-content\/uploads\/2025\/05\/vokov_cp115_1900_1.jpg\" data-caption=\"Pohled z Kladensk\u00e9 ulice z webu Veleslav\u00edn podle Fajstnera\"><img loading=\"lazy\" decoding=\"async\" width=\"496\" height=\"264\" src=\"https:\/\/www.periferieprahy.cz\/blog\/wp-content\/uploads\/2025\/05\/vokov_cp115_1900_1.jpg\" class=\"\" alt=\"\" srcset=\"https:\/\/www.periferieprahy.cz\/blog\/wp-content\/uploads\/2025\/05\/vokov_cp115_1900_1.jpg 496w, https:\/\/www.periferieprahy.cz\/blog\/wp-content\/uploads\/2025\/05\/vokov_cp115_1900_1-300x160.jpg 300w, https:\/\/www.periferieprahy.cz\/blog\/wp-content\/uploads\/2025\/05\/vokov_cp115_1900_1-150x80.jpg 150w\" sizes=\"auto, (max-width: 496px) 100vw, 496px\" \/><span>Pohled z Kladensk\u00e9 ulice z webu Veleslav\u00edn podle Fajstnera<\/span><\/a><\/div><\/div><div class=\"su-image-carousel-item\"><div class=\"su-image-carousel-item-content\"><a href=\"https:\/\/www.periferieprahy.cz\/blog\/wp-content\/uploads\/2025\/05\/vokov_cp115_1900_2.jpg\" data-caption=\"Zam\u011bstnanci \u010dokol\u00e1dovny p\u0159ed hlavn\u00ed budovou asi p\u0159ed 1. sv\u011btovou v\u00e1lkou.  Mnoz\u00ed doch\u00e1zeli za prac\u00ed z Liboce. S p\u0159isp\u011bn\u00edm Vladim\u00edry Tomanov\u00e9.\"><img loading=\"lazy\" decoding=\"async\" width=\"1042\" height=\"687\" src=\"https:\/\/www.periferieprahy.cz\/blog\/wp-content\/uploads\/2025\/05\/vokov_cp115_1900_2.jpg\" class=\"\" alt=\"\" srcset=\"https:\/\/www.periferieprahy.cz\/blog\/wp-content\/uploads\/2025\/05\/vokov_cp115_1900_2.jpg 1042w, https:\/\/www.periferieprahy.cz\/blog\/wp-content\/uploads\/2025\/05\/vokov_cp115_1900_2-300x198.jpg 300w, https:\/\/www.periferieprahy.cz\/blog\/wp-content\/uploads\/2025\/05\/vokov_cp115_1900_2-1024x675.jpg 1024w, https:\/\/www.periferieprahy.cz\/blog\/wp-content\/uploads\/2025\/05\/vokov_cp115_1900_2-150x99.jpg 150w, https:\/\/www.periferieprahy.cz\/blog\/wp-content\/uploads\/2025\/05\/vokov_cp115_1900_2-768x506.jpg 768w\" sizes=\"auto, (max-width: 1042px) 100vw, 1042px\" \/><span>Zam\u011bstnanci \u010dokol\u00e1dovny p\u0159ed hlavn\u00ed budovou asi p\u0159ed 1. sv\u011btovou v\u00e1lkou.  Mnoz\u00ed doch\u00e1zeli za prac\u00ed z Liboce. S p\u0159isp\u011bn\u00edm Vladim\u00edry Tomanov\u00e9.<\/span><\/a><\/div><\/div><div class=\"su-image-carousel-item\"><div class=\"su-image-carousel-item-content\"><a href=\"https:\/\/www.periferieprahy.cz\/blog\/wp-content\/uploads\/2025\/05\/vokov_cp115_1900_3-scaled.jpg\" data-caption=\"Zam\u011bstnanci \u010dokol\u00e1dovny\"><img loading=\"lazy\" decoding=\"async\" width=\"2560\" height=\"1666\" src=\"https:\/\/www.periferieprahy.cz\/blog\/wp-content\/uploads\/2025\/05\/vokov_cp115_1900_3-scaled.jpg\" class=\"\" alt=\"\" srcset=\"https:\/\/www.periferieprahy.cz\/blog\/wp-content\/uploads\/2025\/05\/vokov_cp115_1900_3-scaled.jpg 2560w, https:\/\/www.periferieprahy.cz\/blog\/wp-content\/uploads\/2025\/05\/vokov_cp115_1900_3-300x195.jpg 300w, https:\/\/www.periferieprahy.cz\/blog\/wp-content\/uploads\/2025\/05\/vokov_cp115_1900_3-1024x667.jpg 1024w, https:\/\/www.periferieprahy.cz\/blog\/wp-content\/uploads\/2025\/05\/vokov_cp115_1900_3-150x98.jpg 150w, https:\/\/www.periferieprahy.cz\/blog\/wp-content\/uploads\/2025\/05\/vokov_cp115_1900_3-768x500.jpg 768w, https:\/\/www.periferieprahy.cz\/blog\/wp-content\/uploads\/2025\/05\/vokov_cp115_1900_3-1536x1000.jpg 1536w, https:\/\/www.periferieprahy.cz\/blog\/wp-content\/uploads\/2025\/05\/vokov_cp115_1900_3-2048x1333.jpg 2048w\" sizes=\"auto, (max-width: 2560px) 100vw, 2560px\" \/><span>Zam\u011bstnanci \u010dokol\u00e1dovny<\/span><\/a><\/div><\/div><div class=\"su-image-carousel-item\"><div class=\"su-image-carousel-item-content\"><a href=\"https:\/\/www.periferieprahy.cz\/blog\/wp-content\/uploads\/2025\/05\/vokov_cp115_1900_4-scaled.jpg\" data-caption=\"\u010cokol\u00e1da &quot;Standard&quot; vyr\u00e1b\u011bn\u00e1 ve Veleslav\u00edn\u011b bratry Kroupov\u00fdmi. Z\u0159ejm\u011b foto st\u00e1nku \u010dokol\u00e1dovny z n\u011bjak\u00e9 v\u00fdstavy nebo veletrhu.\"><img loading=\"lazy\" decoding=\"async\" width=\"2560\" height=\"1579\" src=\"https:\/\/www.periferieprahy.cz\/blog\/wp-content\/uploads\/2025\/05\/vokov_cp115_1900_4-scaled.jpg\" class=\"\" alt=\"\" srcset=\"https:\/\/www.periferieprahy.cz\/blog\/wp-content\/uploads\/2025\/05\/vokov_cp115_1900_4-scaled.jpg 2560w, https:\/\/www.periferieprahy.cz\/blog\/wp-content\/uploads\/2025\/05\/vokov_cp115_1900_4-300x185.jpg 300w, https:\/\/www.periferieprahy.cz\/blog\/wp-content\/uploads\/2025\/05\/vokov_cp115_1900_4-1024x632.jpg 1024w, https:\/\/www.periferieprahy.cz\/blog\/wp-content\/uploads\/2025\/05\/vokov_cp115_1900_4-150x93.jpg 150w, https:\/\/www.periferieprahy.cz\/blog\/wp-content\/uploads\/2025\/05\/vokov_cp115_1900_4-768x474.jpg 768w, https:\/\/www.periferieprahy.cz\/blog\/wp-content\/uploads\/2025\/05\/vokov_cp115_1900_4-1536x948.jpg 1536w, https:\/\/www.periferieprahy.cz\/blog\/wp-content\/uploads\/2025\/05\/vokov_cp115_1900_4-2048x1264.jpg 2048w\" sizes=\"auto, (max-width: 2560px) 100vw, 2560px\" \/><span>\u010cokol\u00e1da \"Standard\" vyr\u00e1b\u011bn\u00e1 ve Veleslav\u00edn\u011b bratry Kroupov\u00fdmi. Z\u0159ejm\u011b foto st\u00e1nku \u010dokol\u00e1dovny z n\u011bjak\u00e9 v\u00fdstavy nebo veletrhu.<\/span><\/a><\/div><\/div><div class=\"su-image-carousel-item\"><div class=\"su-image-carousel-item-content\"><a href=\"https:\/\/www.periferieprahy.cz\/blog\/wp-content\/uploads\/2025\/05\/vokov_cp115_1930_1.jpg\" data-caption=\"Pohled od v\u00fdchodu n\u011bkde mezi dne\u0161n\u00ed Africkou a Kladenskou. Podle oble\u010den\u00ed d\u011bt\u00ed n\u011bkdy kolem 1940. V\u011bru nic hezk\u00e9ho to nebylo. Budova s reklamou na \u0161t\u00edtov\u00e9 zdi byla v Kladensk\u00e9. Budova vpravo byla str\u017eena v r\u00e1mci v\u00fdstavby s\u00eddli\u0161t\u011b \u010cerven\u00fd vrch kolem roku 1963. Kom\u00edny asi t\u011bsn\u011b po roce 1945. Foto z webu Veleslav\u00edn podle Fajstnera.\"><img loading=\"lazy\" decoding=\"async\" width=\"1366\" height=\"1024\" src=\"https:\/\/www.periferieprahy.cz\/blog\/wp-content\/uploads\/2025\/05\/vokov_cp115_1930_1.jpg\" class=\"\" alt=\"\" srcset=\"https:\/\/www.periferieprahy.cz\/blog\/wp-content\/uploads\/2025\/05\/vokov_cp115_1930_1.jpg 1366w, https:\/\/www.periferieprahy.cz\/blog\/wp-content\/uploads\/2025\/05\/vokov_cp115_1930_1-300x225.jpg 300w, https:\/\/www.periferieprahy.cz\/blog\/wp-content\/uploads\/2025\/05\/vokov_cp115_1930_1-1024x768.jpg 1024w, https:\/\/www.periferieprahy.cz\/blog\/wp-content\/uploads\/2025\/05\/vokov_cp115_1930_1-150x112.jpg 150w, https:\/\/www.periferieprahy.cz\/blog\/wp-content\/uploads\/2025\/05\/vokov_cp115_1930_1-768x576.jpg 768w\" sizes=\"auto, (max-width: 1366px) 100vw, 1366px\" \/><span>Pohled od v\u00fdchodu n\u011bkde mezi dne\u0161n\u00ed Africkou a Kladenskou. Podle oble\u010den\u00ed d\u011bt\u00ed n\u011bkdy kolem 1940. V\u011bru nic hezk\u00e9ho to nebylo. Budova s reklamou na \u0161t\u00edtov\u00e9 zdi byla v Kladensk\u00e9. Budova vpravo byla str\u017eena v r\u00e1mci v\u00fdstavby s\u00eddli\u0161t\u011b \u010cerven\u00fd vrch kolem roku 1963. Kom\u00edny asi t\u011bsn\u011b po roce 1945. Foto z webu Veleslav\u00edn podle Fajstnera.<\/span><\/a><\/div><\/div><div class=\"su-image-carousel-item\"><div class=\"su-image-carousel-item-content\"><a href=\"https:\/\/www.periferieprahy.cz\/blog\/wp-content\/uploads\/2025\/05\/vokov_cp115_2009_3.jpg\" data-caption=\"To je ta budova z p\u0159edchoz\u00edho sn\u00edmku, kde byla reklama. Za stromy vpravo se skr\u00fdv\u00e1 hlavn\u00ed budova. Ta je na p\u0159edchoz\u00ed fotce uprost\u0159ed.\"><img loading=\"lazy\" decoding=\"async\" width=\"885\" height=\"350\" src=\"https:\/\/www.periferieprahy.cz\/blog\/wp-content\/uploads\/2025\/05\/vokov_cp115_2009_3.jpg\" class=\"\" alt=\"\" srcset=\"https:\/\/www.periferieprahy.cz\/blog\/wp-content\/uploads\/2025\/05\/vokov_cp115_2009_3.jpg 885w, https:\/\/www.periferieprahy.cz\/blog\/wp-content\/uploads\/2025\/05\/vokov_cp115_2009_3-300x119.jpg 300w, https:\/\/www.periferieprahy.cz\/blog\/wp-content\/uploads\/2025\/05\/vokov_cp115_2009_3-150x59.jpg 150w, https:\/\/www.periferieprahy.cz\/blog\/wp-content\/uploads\/2025\/05\/vokov_cp115_2009_3-768x304.jpg 768w\" sizes=\"auto, (max-width: 885px) 100vw, 885px\" \/><span>To je ta budova z p\u0159edchoz\u00edho sn\u00edmku, kde byla reklama. Za stromy vpravo se skr\u00fdv\u00e1 hlavn\u00ed budova. Ta je na p\u0159edchoz\u00ed fotce uprost\u0159ed.<\/span><\/a><\/div><\/div><div class=\"su-image-carousel-item\"><div class=\"su-image-carousel-item-content\"><a href=\"https:\/\/www.periferieprahy.cz\/blog\/wp-content\/uploads\/2025\/05\/vokov_cp115_2009_2.jpg\" data-caption=\"Stejn\u00fd komplex budov na kladensk\u00e9, ale z opa\u010dn\u00e9 strany. Hlavn\u00ed budova &quot;vykukuje&quot; vlevo.\"><img loading=\"lazy\" decoding=\"async\" width=\"933\" height=\"482\" src=\"https:\/\/www.periferieprahy.cz\/blog\/wp-content\/uploads\/2025\/05\/vokov_cp115_2009_2.jpg\" class=\"\" alt=\"\" srcset=\"https:\/\/www.periferieprahy.cz\/blog\/wp-content\/uploads\/2025\/05\/vokov_cp115_2009_2.jpg 933w, https:\/\/www.periferieprahy.cz\/blog\/wp-content\/uploads\/2025\/05\/vokov_cp115_2009_2-300x155.jpg 300w, https:\/\/www.periferieprahy.cz\/blog\/wp-content\/uploads\/2025\/05\/vokov_cp115_2009_2-150x77.jpg 150w, https:\/\/www.periferieprahy.cz\/blog\/wp-content\/uploads\/2025\/05\/vokov_cp115_2009_2-768x397.jpg 768w\" sizes=\"auto, (max-width: 933px) 100vw, 933px\" \/><span>Stejn\u00fd komplex budov na kladensk\u00e9, ale z opa\u010dn\u00e9 strany. Hlavn\u00ed budova \"vykukuje\" vlevo.<\/span><\/a><\/div><\/div><div class=\"su-image-carousel-item\"><div class=\"su-image-carousel-item-content\"><a href=\"https:\/\/www.periferieprahy.cz\/blog\/wp-content\/uploads\/2025\/05\/vokov_cp115_2009_1.jpg\" data-caption=\"Budova b\u00fdval\u00e9 \u010dokol\u00e1dovny v roce 2009\"><img loading=\"lazy\" decoding=\"async\" width=\"874\" height=\"428\" src=\"https:\/\/www.periferieprahy.cz\/blog\/wp-content\/uploads\/2025\/05\/vokov_cp115_2009_1.jpg\" class=\"\" alt=\"\" srcset=\"https:\/\/www.periferieprahy.cz\/blog\/wp-content\/uploads\/2025\/05\/vokov_cp115_2009_1.jpg 874w, https:\/\/www.periferieprahy.cz\/blog\/wp-content\/uploads\/2025\/05\/vokov_cp115_2009_1-300x147.jpg 300w, https:\/\/www.periferieprahy.cz\/blog\/wp-content\/uploads\/2025\/05\/vokov_cp115_2009_1-150x73.jpg 150w, https:\/\/www.periferieprahy.cz\/blog\/wp-content\/uploads\/2025\/05\/vokov_cp115_2009_1-768x376.jpg 768w\" sizes=\"auto, (max-width: 874px) 100vw, 874px\" \/><span>Budova b\u00fdval\u00e9 \u010dokol\u00e1dovny v roce 2009<\/span><\/a><\/div><\/div><div class=\"su-image-carousel-item\"><div class=\"su-image-carousel-item-content\"><a href=\"https:\/\/www.periferieprahy.cz\/blog\/wp-content\/uploads\/2025\/05\/vokov_cp115_2019_1.jpg\" data-caption=\"...rok 2017 pohled z Kladensk\u00e9. Kdo si za p\u00e1r let vzpomene, \u017ee zde kdysi vyr\u00e1b\u011bli \u010dokol\u00e1du a cukrovinky.\"><img loading=\"lazy\" decoding=\"async\" width=\"910\" height=\"410\" src=\"https:\/\/www.periferieprahy.cz\/blog\/wp-content\/uploads\/2025\/05\/vokov_cp115_2019_1.jpg\" class=\"\" alt=\"\" srcset=\"https:\/\/www.periferieprahy.cz\/blog\/wp-content\/uploads\/2025\/05\/vokov_cp115_2019_1.jpg 910w, https:\/\/www.periferieprahy.cz\/blog\/wp-content\/uploads\/2025\/05\/vokov_cp115_2019_1-300x135.jpg 300w, https:\/\/www.periferieprahy.cz\/blog\/wp-content\/uploads\/2025\/05\/vokov_cp115_2019_1-150x68.jpg 150w, https:\/\/www.periferieprahy.cz\/blog\/wp-content\/uploads\/2025\/05\/vokov_cp115_2019_1-768x346.jpg 768w\" sizes=\"auto, (max-width: 910px) 100vw, 910px\" \/><span>...rok 2017 pohled z Kladensk\u00e9. Kdo si za p\u00e1r let vzpomene, \u017ee zde kdysi vyr\u00e1b\u011bli \u010dokol\u00e1du a cukrovinky.<\/span><\/a><\/div><\/div><\/div><script id=\"su_image_carousel_69f2fb837f568_script\">if(window.SUImageCarousel){setTimeout(function() {window.SUImageCarousel.initGallery(document.getElementById(\"su_image_carousel_69f2fb837f568\"))}, 0);}var su_image_carousel_69f2fb837f568_script=document.getElementById(\"su_image_carousel_69f2fb837f568_script\");if(su_image_carousel_69f2fb837f568_script){su_image_carousel_69f2fb837f568_script.parentNode.removeChild(su_image_carousel_69f2fb837f568_script);}<\/script>\n","protected":false},"excerpt":{"rendered":"<p>Standard. To byla zna\u010dka \u010dokol\u00e1dy, kter\u00e1 se zde vyr\u00e1b\u011bla od roku 1903. U zrodu st\u00e1li brat\u0159i Franti\u0161ek a Rudolf Kroupovi a \u010dokol\u00e1dovna se brzy stala nejprve v Rakousko-Uhersku a pozd\u011bji v \u010ceskoslovensku jednou z nejzn\u00e1m\u011bj\u0161\u00edch. <\/p>\n","protected":false},"author":1,"featured_media":3871,"comment_status":"open","ping_status":"open","sticky":false,"template":"","format":"standard","meta":{"_exactmetrics_skip_tracking":false,"_exactmetrics_sitenote_active":false,"_exactmetrics_sitenote_note":"","_exactmetrics_sitenote_category":0,"footnotes":""},"categories":[33,3,32],"tags":[],"post_folder":[],"class_list":["post-3872","post","type-post","status-publish","format-standard","has-post-thumbnail","hentry","category-obchody_sluzby","category-redakce","category-zivnosti_obchody"],"_links":{"self":[{"href":"https:\/\/www.periferieprahy.cz\/blog\/wp-json\/wp\/v2\/posts\/3872","targetHints":{"allow":["GET"]}}],"collection":[{"href":"https:\/\/www.periferieprahy.cz\/blog\/wp-json\/wp\/v2\/posts"}],"about":[{"href":"https:\/\/www.periferieprahy.cz\/blog\/wp-json\/wp\/v2\/types\/post"}],"author":[{"embeddable":true,"href":"https:\/\/www.periferieprahy.cz\/blog\/wp-json\/wp\/v2\/users\/1"}],"replies":[{"embeddable":true,"href":"https:\/\/www.periferieprahy.cz\/blog\/wp-json\/wp\/v2\/comments?post=3872"}],"version-history":[{"count":4,"href":"https:\/\/www.periferieprahy.cz\/blog\/wp-json\/wp\/v2\/posts\/3872\/revisions"}],"predecessor-version":[{"id":3878,"href":"https:\/\/www.periferieprahy.cz\/blog\/wp-json\/wp\/v2\/posts\/3872\/revisions\/3878"}],"wp:featuredmedia":[{"embeddable":true,"href":"https:\/\/www.periferieprahy.cz\/blog\/wp-json\/wp\/v2\/media\/3871"}],"wp:attachment":[{"href":"https:\/\/www.periferieprahy.cz\/blog\/wp-json\/wp\/v2\/media?parent=3872"}],"wp:term":[{"taxonomy":"category","embeddable":true,"href":"https:\/\/www.periferieprahy.cz\/blog\/wp-json\/wp\/v2\/categories?post=3872"},{"taxonomy":"post_tag","embeddable":true,"href":"https:\/\/www.periferieprahy.cz\/blog\/wp-json\/wp\/v2\/tags?post=3872"},{"taxonomy":"post_folder","embeddable":true,"href":"https:\/\/www.periferieprahy.cz\/blog\/wp-json\/wp\/v2\/post_folder?post=3872"}],"curies":[{"name":"wp","href":"https:\/\/api.w.org\/{rel}","templated":true}]}}