{"id":3880,"date":"2025-05-22T21:43:25","date_gmt":"2025-05-22T19:43:25","guid":{"rendered":"https:\/\/www.periferieprahy.cz\/blog\/?p=3880"},"modified":"2025-07-08T20:58:21","modified_gmt":"2025-07-08T18:58:21","slug":"3880","status":"publish","type":"post","link":"https:\/\/www.periferieprahy.cz\/blog\/2025\/05\/22\/3880\/","title":{"rendered":"\u010c.p. 189 drogerie pana Blahn\u00edka a po\u0161ta"},"content":{"rendered":"\n<img loading=\"lazy\" decoding=\"async\" border=\"0\" src=\"https:\/\/www.periferieprahy.cz\/blog\/wp-content\/uploads\/2024\/12\/pismo7_19.gif\" width=\"99\" height=\"125\" align=\"left\">ady \n\t\t\tb\u00fdvala kdysi po\u0161ta, o kter\u00e9 pan Adamec p\u00ed\u0161e: &quot;<i>&#8230;&#8230;Ulice Pavlovsk\u00e1 \n\t\t\tsice existuje, ale je situovan\u00e1 trochu jinde. V t\u00e9 star\u00e9, v\n\t\t\t<a href=\"https:\/\/www.periferieprahy.cz\/blog\/2025\/05\/08\/zanikla-litovicka-c-p-61-67-69-70-76-82-83\/\">\u010d.p. 69<\/a>, toti\u017e byla libock\u00e1 po\u0161ta, \n\t\t\tkter\u00e1 se pozd\u011bji p\u0159est\u011bhovala do ulice U Stanice do \u010d.p.189, kde \n\t\t\tb\u00fdvala drog\u00e9rie pana Blahn\u00edka. Tato po\u0161ta se za \u010das st\u011bhovala do \n\t\t\tulice P\u0159edn\u00ed na jej\u00ed doln\u00ed konec, kde je dnes mate\u0159sk\u00e1 \u0161kolka v\n\t\t\t<a href=\"https:\/\/www.periferieprahy.cz\/blog\/2025\/01\/07\/c-p-148\/\">\u010d.p. 148<\/a> Vedle schod\u016f b\u00fdvala d\u0159ev\u011bn\u00e1 \u0161upna \n\t\t\tna bal\u00edky, kter\u00e1 d\u011btem slou\u017eila t\u00e9\u017e jako skluzavka. Ale ty zad\u0159en\u00e9 \n\t\t\tt\u0159\u00edsky!!!<\/i>&quot;&nbsp;&nbsp;&nbsp;&nbsp;\n\n\n<div class=\"wp-block-image\">\n<figure class=\"aligncenter size-full\"><img loading=\"lazy\" decoding=\"async\" width=\"837\" height=\"672\" src=\"https:\/\/www.periferieprahy.cz\/blog\/wp-content\/uploads\/2025\/05\/cp189.1.jpg\" alt=\"\" class=\"wp-image-3881\" srcset=\"https:\/\/www.periferieprahy.cz\/blog\/wp-content\/uploads\/2025\/05\/cp189.1.jpg 837w, https:\/\/www.periferieprahy.cz\/blog\/wp-content\/uploads\/2025\/05\/cp189.1-300x241.jpg 300w, https:\/\/www.periferieprahy.cz\/blog\/wp-content\/uploads\/2025\/05\/cp189.1-150x120.jpg 150w, https:\/\/www.periferieprahy.cz\/blog\/wp-content\/uploads\/2025\/05\/cp189.1-768x617.jpg 768w\" sizes=\"auto, (max-width: 837px) 100vw, 837px\" \/><figcaption class=\"wp-element-caption\">\u010c.p. 189 drogerie pana Blahn\u00edka a n\u011bjak\u00fd \u010das i po\u0161ta.<\/figcaption><\/figure>\n<\/div>","protected":false},"excerpt":{"rendered":"<p>Tady b\u00fdvala kdysi po\u0161ta, o kter\u00e9 pan Adamec p\u00ed\u0161e: &#8222;&#8230;&#8230;Ulice Pavlovsk\u00e1 sice existuje, ale je situovan\u00e1 trochu jinde. V t\u00e9 star\u00e9, v \u010d.p. 69, toti\u017e byla libock\u00e1 po\u0161ta, kter\u00e1 se pozd\u011bji p\u0159est\u011bhovala do ulice U Stanice do \u010d.p.189, kde b\u00fdvala drog\u00e9rie pana Blahn\u00edka. Tato po\u0161ta se za \u010das st\u011bhovala do ulice P\u0159edn\u00ed na jej\u00ed doln\u00ed konec, kde je dnes mate\u0159sk\u00e1 \u0161kolka v \u010d.p. 148 Vedle schod\u016f b\u00fdvala d\u0159ev\u011bn\u00e1 \u0161upna na bal\u00edky, kter\u00e1 d\u011btem slou\u017eila t\u00e9\u017e jako skluzavka. Ale ty zad\u0159en\u00e9 t\u0159\u00edsky!!!&#8220;    <\/p>\n","protected":false},"author":1,"featured_media":3881,"comment_status":"open","ping_status":"open","sticky":false,"template":"","format":"standard","meta":{"_exactmetrics_skip_tracking":false,"_exactmetrics_sitenote_active":false,"_exactmetrics_sitenote_note":"","_exactmetrics_sitenote_category":0,"footnotes":""},"categories":[33,3,32],"tags":[],"post_folder":[],"class_list":["post-3880","post","type-post","status-publish","format-standard","has-post-thumbnail","hentry","category-obchody_sluzby","category-redakce","category-zivnosti_obchody"],"_links":{"self":[{"href":"https:\/\/www.periferieprahy.cz\/blog\/wp-json\/wp\/v2\/posts\/3880","targetHints":{"allow":["GET"]}}],"collection":[{"href":"https:\/\/www.periferieprahy.cz\/blog\/wp-json\/wp\/v2\/posts"}],"about":[{"href":"https:\/\/www.periferieprahy.cz\/blog\/wp-json\/wp\/v2\/types\/post"}],"author":[{"embeddable":true,"href":"https:\/\/www.periferieprahy.cz\/blog\/wp-json\/wp\/v2\/users\/1"}],"replies":[{"embeddable":true,"href":"https:\/\/www.periferieprahy.cz\/blog\/wp-json\/wp\/v2\/comments?post=3880"}],"version-history":[{"count":3,"href":"https:\/\/www.periferieprahy.cz\/blog\/wp-json\/wp\/v2\/posts\/3880\/revisions"}],"predecessor-version":[{"id":3886,"href":"https:\/\/www.periferieprahy.cz\/blog\/wp-json\/wp\/v2\/posts\/3880\/revisions\/3886"}],"wp:featuredmedia":[{"embeddable":true,"href":"https:\/\/www.periferieprahy.cz\/blog\/wp-json\/wp\/v2\/media\/3881"}],"wp:attachment":[{"href":"https:\/\/www.periferieprahy.cz\/blog\/wp-json\/wp\/v2\/media?parent=3880"}],"wp:term":[{"taxonomy":"category","embeddable":true,"href":"https:\/\/www.periferieprahy.cz\/blog\/wp-json\/wp\/v2\/categories?post=3880"},{"taxonomy":"post_tag","embeddable":true,"href":"https:\/\/www.periferieprahy.cz\/blog\/wp-json\/wp\/v2\/tags?post=3880"},{"taxonomy":"post_folder","embeddable":true,"href":"https:\/\/www.periferieprahy.cz\/blog\/wp-json\/wp\/v2\/post_folder?post=3880"}],"curies":[{"name":"wp","href":"https:\/\/api.w.org\/{rel}","templated":true}]}}