{"id":3930,"date":"2025-05-26T08:04:47","date_gmt":"2025-05-26T06:04:47","guid":{"rendered":"https:\/\/www.periferieprahy.cz\/blog\/?p=3930"},"modified":"2025-07-06T22:08:06","modified_gmt":"2025-07-06T20:08:06","slug":"c-p-217-ruzyne-kasarny","status":"publish","type":"post","link":"https:\/\/www.periferieprahy.cz\/blog\/2025\/05\/26\/c-p-217-ruzyne-kasarny\/","title":{"rendered":"\u010c.p. 217 Ruzyn\u011b &#8211; kas\u00e1rna"},"content":{"rendered":"\n<details class=\"wp-block-details is-layout-flow wp-block-details-is-layout-flow\"><summary>Kas\u00e1rny nebo kas\u00e1rna<\/summary>\n<p>Rozhodoval jsem se, jestli pou\u017e\u00edt TA kas\u00e1rna nebo TY kas\u00e1rny. Oboj\u00ed je spr\u00e1vn\u011b, ale j\u00e1 m\u00e1m rad\u011bji &#8222;kas\u00e1rna&#8220; (i kdy\u017e jsem d\u0159\u00edve pou\u017e\u00edval i &#8222;kas\u00e1rny&#8220;) Libozvu\u010dn\u011bji mi zn\u00ed  &#8222;Ta kas\u00e1rna malovan\u00e1&#8230;&#8220; ne\u017e &#8222;Ty kas\u00e1rny malovan\u00fd&#8230;&#8220; Ale nikdy ne &#8222;Ty kas\u00e1rna malovan\u00fd&#8230;&#8220; To je opravdu fuj.<\/p>\n<\/details>\n\n\n\n<div style=\"height:32px\" aria-hidden=\"true\" class=\"wp-block-spacer\"><\/div>\n\n\n\n<img loading=\"lazy\" decoding=\"async\" border=\"0\" src=\"https:\/\/www.periferieprahy.cz\/blog\/wp-content\/uploads\/2024\/12\/pismo7_4.gif\" width=\"107\" height=\"132\" align=\"left\">\u011bjiny \n\t\t\td\u011blost\u0159eleck\u00fdch kas\u00e1ren v Ruzyni za\u010daly zah\u00e1jen\u00edm jejich v\u00fdstavby v \n\t\t\troce 1924. A ji\u017e v listopadu roku 1927 sem byl z \u010cern\u00ednsk\u00fdch kas\u00e1ren \n\t\t\t(\u010cern\u00ednsk\u00fd pal\u00e1c, dnes budova Ministerstva zahrani\u010dn\u00edch v\u011bc\u00ed) \n\t\t\tp\u0159em\u00edst\u011bn\n\t\t\t<a target=\"_parent\" href=\"http:\/\/forum.valka.cz\/topic\/view\/120637\">\n\t\t\td\u011blost\u0159eleck\u00fd pluk 1 Jana \u017di\u017eky z Trocnova<\/a>. Jeho tehdej\u0161\u00edm \n\t\t\tvelitelem byl&nbsp;\n\t\t\t<a target=\"_parent\" href=\"http:\/\/forum.valka.cz\/topic\/view\/60749\/Machacik-Alois\">\n\t\t\tpplk. Alois Macha\u010d\u00edk<\/a>. D\u011blost\u0159elci tu vydr\u017eeli a\u017e do 23.5.1938. K \n\t\t\ttomuto datu byli p\u0159em\u00edst\u011bn\u00ed do Jihlavy a jejich m\u00edsto v Ruzyni \n\t\t\tnakr\u00e1tko zaujali dragouni. D\u011blost\u0159elci se sem , op\u011bt nakr\u00e1tko, \n\t\t\tvr\u00e1tili po v\u00e1lce. Nem\u00e1 smysl se podrobn\u011bji rozepisovat, kter\u00e9 \u00fatvary \n\t\t\tzde kr\u00e1tce po v\u00e1lce p\u016fsobily ani o&nbsp; jejich dislokac\u00edch a \n\t\t\treorganizac\u00edch. Nejd\u00e9le zde vydr\u017eeli spoja\u0159i, hlavn\u011b\n\t\t\t<a target=\"_parent\" href=\"http:\/\/forum.valka.cz\/topic\/view\/50761#408961\">\n\t\t\t59. prapor, pozd\u011bji 59. pluk d\u00e1lkov\u00fdch spoj\u016f <\/a>&nbsp;(V\u00da 9967). A \n\t\t\tvelitelstv\u00ed\n\t\t\t<a target=\"_parent\" href=\"http:\/\/forum.valka.cz\/topic\/view\/48207\/71-protiletadlova-raketova-brigada-1961-1992\">\n\t\t\t71. protiletedlov\u00e9 raketov\u00e9 brig\u00e1dy<\/a> (V\u00da2516). \u0160t\u00e1b t\u00e9to tehdy \n\t\t\tvelice utajovan\u00e9 brig\u00e1dy byl v pr\u016f\u010deln\u00ed hlavn\u00ed \n\t\t\tbudov\u011b kas\u00e1ren. V are\u00e1lu kas\u00e1ren byla jen velitelsk\u00e1 rota a rota \n\t\t\ttechnick\u00e9 opravny brig\u00e1dy, u kter\u00e9 jsem v letech 1968 &#8211; 1970 tak\u00e9 \n\t\t\tslou\u017eil. V t\u00e9 dob\u011b m\u011bla brig\u00e1da dva technick\u00e9 odd\u00edly ( Chy\u0148ava a \n\t\t\tStar\u00e1 Boleslav). V nich se skladovaly a kontrovaly rakety a odsud \n\t\t\tbyly jednotliv\u00e9 palebn\u00e9 odd\u00edly&nbsp; raketami z\u00e1sobov\u00e1ny.T\u011bch \n\t\t\tpalebn\u00fdch odd\u00edl\u016f bylo celkem 8 (P\u0159estavlky u Roudnice, Ka\u010dice, \n\t\t\tZdejcina U Berouna, Star\u00e1 Hu\u0165 u Dob\u0159\u00ed\u0161e, Bukovany u Bene\u0161ova, \n\t\t\tP\u0159ehvozd\u00ed u Sadsk\u00e9, Vlkava u Nymburka a By\u0161ice u M\u011bln\u00edka. Velitelsk\u00e9 \n\t\t\tstanovi\u0161t\u011b bylo v podzemn\u00edch prostor\u00e1ch na Vidouli. N\u011bco bylo je\u0161t\u011b \n\t\t\tna Zli\u010d\u00edn\u011b, ale u\u017e mi to vypadlo z pam\u011bti. Pozd\u011bji byly budov\u00e1ny \n\t\t\tdal\u0161\u00ed palebn\u00e1 postaven\u00ed, kter\u00fdch nakonec bylo 20. V roce 1985 \n\t\t\tvelitelstv\u00ed brig\u00e1dy p\u0159em\u00edstilo do Drnova u Slan\u00e9ho. V roce 1994 byla \n\t\t\tbrig\u00e1da p\u0159ejmenov\u00e1na na 41. plrb a v roce 2003 zcela zru\u0161ena.<p>A \n\t\t\tje\u0161t\u011b jedna d\u016fle\u017eit\u00e1 mali\u010dkost, d\u016fle\u017eit\u011bj\u0161\u00ed ne\u017e n\u011bjak\u00fd ten palpost. \n\t\t\tV nedalek\u00e9 Kn\u011b\u017eevsi, ve\n\t\t\t<span style=\"font-size: 12.0pt; font-family: 'Times New Roman',serif\">\n\t\t\tstatku \u010d.p. 3 d\u0159\u00edv\u011bj\u0161\u00edho majitele Jav\u016frka bylo um\u00edst\u011bno PZH \u00fatvaru \n\t\t\tRuzyn\u011b, kde se vykrmovala brig\u00e1dn\u00ed pras\u00e1tka. Pan Robert Sou\u010dek, \n\t\t\tkter\u00fd n\u00e1m poskytl v\u011bt\u0161inu historick\u00fdch fotografi\u00ed o tom p\u00ed\u0161e:\n\t\t\t<font color=\"\"><i>&#8230;.Moje \u017eena vzpom\u00ednala jak jako mal\u00e1 \n\t\t\thr\u00e1vala s voj\u00e1ky na dvo\u0159e vyb\u00edjenou. Voj\u00e1ci byli pomalu jak \n\t\t\tp\u0159\u00edbuzn\u00ed, v\u017edy\u0165 i na\u0161e prasata vesele p\u0159ib\u00fdvala z ruzy\u0148sk\u00fdch \n\t\t\tvojensk\u00fdch pokrm\u016f&#8230;.. <\/i><\/font><\/span><font color=\"#000080\"><i>&nbsp;\n\t\t\t<\/i><\/font><\/p>\n\n\n\n<div class=\"wp-block-columns alignwide is-layout-flex wp-container-core-columns-is-layout-9d6595d7 wp-block-columns-is-layout-flex\">\n<div class=\"wp-block-column is-layout-flow wp-block-column-is-layout-flow\" style=\"flex-basis:33.33%\"><div class=\"wp-block-image\">\n<figure class=\"aligncenter size-full is-resized\"><img loading=\"lazy\" decoding=\"async\" width=\"350\" height=\"466\" src=\"https:\/\/www.periferieprahy.cz\/blog\/wp-content\/uploads\/2025\/05\/osobnost_masin.jpg\" alt=\"\" class=\"wp-image-3940\" style=\"width:379px;height:auto\" srcset=\"https:\/\/www.periferieprahy.cz\/blog\/wp-content\/uploads\/2025\/05\/osobnost_masin.jpg 350w, https:\/\/www.periferieprahy.cz\/blog\/wp-content\/uploads\/2025\/05\/osobnost_masin-225x300.jpg 225w, https:\/\/www.periferieprahy.cz\/blog\/wp-content\/uploads\/2025\/05\/osobnost_masin-113x150.jpg 113w\" sizes=\"auto, (max-width: 350px) 100vw, 350px\" \/><figcaption class=\"wp-element-caption\">Josef Ma\u0161\u00edn<\/figcaption><\/figure>\n<\/div>\n\n<div class=\"wp-block-image\">\n<figure class=\"aligncenter size-full\"><a href=\"https:\/\/www.periferieprahy.cz\/blog\/wp-content\/uploads\/2025\/05\/ruz_cp2.jpg\"><img loading=\"lazy\" decoding=\"async\" width=\"367\" height=\"271\" src=\"https:\/\/www.periferieprahy.cz\/blog\/wp-content\/uploads\/2025\/05\/ruz_cp2.jpg\" alt=\"\" class=\"wp-image-3946\" srcset=\"https:\/\/www.periferieprahy.cz\/blog\/wp-content\/uploads\/2025\/05\/ruz_cp2.jpg 367w, https:\/\/www.periferieprahy.cz\/blog\/wp-content\/uploads\/2025\/05\/ruz_cp2-300x222.jpg 300w, https:\/\/www.periferieprahy.cz\/blog\/wp-content\/uploads\/2025\/05\/ruz_cp2-150x111.jpg 150w\" sizes=\"auto, (max-width: 367px) 100vw, 367px\" \/><\/a><figcaption class=\"wp-element-caption\">B\u00fdval\u00e1 velk\u00e1 j\u00edzd\u00e1rna ruzy\u0148sk\u00fdch kas\u00e1ren<\/figcaption><\/figure>\n<\/div><\/div>\n\n\n\n<div class=\"wp-block-column is-layout-flow wp-block-column-is-layout-flow\" style=\"flex-basis:66.66%\">\n<p id=\"masin\">Ale vra\u0165me se do dob prvn\u00ed republiky a p\u0159ipome\u0148me si d\u016fle\u017eitou osobnost ruzy\u0148sk\u00fdch kas\u00e1ren. Byl to pplk. Josef Ma\u0161\u00edn, v roce 2005 pov\u00fd\u0161en na genmjr. in memoriam. Legion\u00e1\u0159, \u00fa\u010dastn\u00edk boj\u016f u Zborova, Bachma\u010de a na transibi\u0159sk\u00e9 magistr\u00e1le. V Ruzyni slou\u017eil od roku 1928 jako z\u00e1stupce velitele pluku a v roce 1938 byl dokonce pov\u011b\u0159en jeho velen\u00edm. V dob\u011b jeho p\u016fsoben\u00ed v ruzy\u0148sk\u00fdch kas\u00e1rn\u00e1ch \u017eil s rodinou v domech postaven\u00fdch v roce 1930 pro vojensk\u00e9 g\u00e1\u017eisty v Litovick\u00e9 \u010d.p. 357, kde m\u00e1 pam\u011btn\u00ed desku. Po okupaci, v b\u0159eznu 1939, byl suspendov\u00e1n a ob\u017ealov\u00e1n pro vzpouru, kdy\u017e se odm\u00edtl podrobit rozkazu nekl\u00e1st odpor okupant\u016fm. P\u016fsobil v ileg\u00e1ln\u00ed skupin\u011b Obrana n\u00e1roda, kde p\u0159ipravoval r\u016fzn\u00e9 sabot\u00e1\u017ee proti T\u0159et\u00ed \u0159\u00ed\u0161i. Spolu s pplk. Josefem Balab\u00e1nem a \u0161kpt. V\u00e1clavem Mor\u00e1vkem zalo\u017eil zpravodajskou skupinu T\u0159i kr\u00e1lov\u00e9. Sb\u00edrali d\u016fle\u017eit\u00e9 informace hospod\u00e1\u0159sk\u00e9ho politick\u00e9ho i vojensk\u00e9ho d\u011bn\u00ed v protektor\u00e1tu, kter\u00e9 potom vys\u00edlali exilov\u00e9 vl\u00e1d\u011b do Lond\u00fdna. Byl v\u0161ak 13.5.1941 zat\u010den, ale i p\u0159es krut\u00e9 mu\u010den\u00ed gestapem nikoho a nic nezradil. Po atent\u00e1tu na Heydricha byl stann\u00fdm soudem 30.6.1942&nbsp; odsouzen a popraven na Kobylisk\u00e9 st\u0159elnici.&nbsp; Mnoh\u00e9 se&nbsp; o&nbsp; Ma\u0161\u00ednov\u011b&nbsp; odbojov\u00e9 \u010dinnosti do\u010dtete <a href=\"https:\/\/www.periferieprahy.cz\/blog\/wp-content\/uploads\/2025\/01\/odboj.pdf\" target=\"_blank\" rel=\"noreferrer noopener\">zde<\/a>.&nbsp;&nbsp;&nbsp;&nbsp;&nbsp;&nbsp;&nbsp;&nbsp;&nbsp;&nbsp;<\/p>\n\n\n<div class=\"wp-block-image\">\n<figure class=\"aligncenter size-full is-resized\"><a href=\"https:\/\/www.periferieprahy.cz\/blog\/wp-content\/uploads\/2025\/05\/osobnost_masin2.jpg\" target=\"_blank\" rel=\" noreferrer noopener\"><img loading=\"lazy\" decoding=\"async\" width=\"627\" height=\"822\" src=\"https:\/\/www.periferieprahy.cz\/blog\/wp-content\/uploads\/2025\/05\/osobnost_masin2.jpg\" alt=\"\" class=\"wp-image-3942\" style=\"width:142px;height:auto\" srcset=\"https:\/\/www.periferieprahy.cz\/blog\/wp-content\/uploads\/2025\/05\/osobnost_masin2.jpg 627w, https:\/\/www.periferieprahy.cz\/blog\/wp-content\/uploads\/2025\/05\/osobnost_masin2-229x300.jpg 229w, https:\/\/www.periferieprahy.cz\/blog\/wp-content\/uploads\/2025\/05\/osobnost_masin2-114x150.jpg 114w\" sizes=\"auto, (max-width: 627px) 100vw, 627px\" \/><\/a><figcaption class=\"wp-element-caption\">Pam\u011btn\u00ed deska na \u010d.p. 357 v Litovick\u00e9 ulici.<\/figcaption><\/figure>\n<\/div>\n\n\n<p>V dob\u011b nacistick\u00e9ho temna se kas\u00e1rna jmenovala po veliteli zbran\u00ed SS Heinrichu Himmlerovi, a tyto zlo\u010dineck\u00e9 jednotky zde tak\u00e9 p\u016fsobily a\u017e do konce v\u00e1lky.<\/p>\n\n\n\n<p>N\u011bkde u kas\u00e1rensk\u00e9 zdi nebo na &#8222;buzerplace&#8220; a podle nov\u00fdch zji\u0161t\u011bn\u00ed i ve v\u011bt\u0161\u00ed b\u00fdval\u00e9 j\u00edzd\u00e1rn\u011b, prob\u00edhaly popravy \u010desk\u00fdch hrdin\u016f. Poprv\u00e9 se tak stalo 17. listopadu 1939, kdy zde bylo <a href=\"#vyhlaska\">popraveno 9 student\u016f <\/a>pro \u00fa\u010dast na demonstrac\u00edch p\u0159i Opletalov\u011b poh\u0159bu. Celkem tu eses\u00e1ci popravili na 250 \u010desk\u00fdch lid\u00ed.<\/p>\n\n\n\n<p>Na obr\u00e1zku je ta v\u011bt\u0161\u00ed b\u00fdval\u00e1 j\u00edzd\u00e1rna ruzy\u0148sk\u00fdch kas\u00e1ren. Na zdech jsou stopy po st\u0159el\u00e1ch. Je mo\u017en\u00e9, \u017ee zde n\u011bkter\u00e9 popravy skute\u010dn\u011b prob\u00edhaly. Za m\u00e9ho p\u016fsoben\u00ed byl v j\u00edzd\u00e1rn\u011b autopark spoja\u0159\u016f a dnes je zde jak\u00fdsi sklad. V men\u0161\u00ed j\u00edzd\u00e1rn\u011b byla opravna (TOB) 71. plrb.&nbsp;<\/p>\n\n\n\n<p>Na\u0161t\u011bst\u00ed doby n\u011bmeck\u00e9 okupace minuly a na pam\u00e1tku popraven\u00fdch student\u016f byla v roce 1948 kas\u00e1rna p\u0159ejmenov\u00e1na na Kas\u00e1rna 17. listopadu. V obdob\u00ed let 1979 &#8211; 1992 zde p\u016fsobilo nov\u011b postaven\u00e9 vojensk\u00e9 gymn\u00e1zium Jana \u017di\u017eky z Trocnova a do roku 2014 tak\u00e9 263. st\u0159edisko \u0159\u00edzen\u00ed letov\u00e9ho provozu.<\/p>\n<\/div>\n<\/div>\n\n\n<div class=\"wp-block-image\">\n<figure class=\"aligncenter size-full\" id=\"vyhlaska\"><img loading=\"lazy\" decoding=\"async\" width=\"673\" height=\"471\" src=\"https:\/\/www.periferieprahy.cz\/blog\/wp-content\/uploads\/2025\/05\/ruz_cp217_17.jpg\" alt=\"\" class=\"wp-image-3913\" srcset=\"https:\/\/www.periferieprahy.cz\/blog\/wp-content\/uploads\/2025\/05\/ruz_cp217_17.jpg 673w, https:\/\/www.periferieprahy.cz\/blog\/wp-content\/uploads\/2025\/05\/ruz_cp217_17-300x210.jpg 300w, https:\/\/www.periferieprahy.cz\/blog\/wp-content\/uploads\/2025\/05\/ruz_cp217_17-150x105.jpg 150w\" sizes=\"auto, (max-width: 673px) 100vw, 673px\" \/><figcaption class=\"wp-element-caption\">Krut\u00fd osud dev\u00edti vysoko\u0161kol\u00e1k\u016f byl zpe\u010det\u011bn n\u011bkde v prostoru kas\u00e1ren. P\u0159ipome\u0148me si jejich jm\u00e9na uveden\u00e1 na pam\u011btn\u00ed desce: <strong>DOC. PHDR. JOSEF MATOU\u0160EK, JUDR. JAROSLAV KL\u00cdMA, PROF. JAN WEINERT, DR. IN MEM., JUDR. FRANTI\u0160EK SKORKOVSK\u00dd, JUC. JOSEF ADAMEC, DR. IN MEM., JUC. BED\u0158ICH KOULA, DR. IN MEM., INGC. V\u00c1CLAV \u0160AFR\u00c1NEK, ING. IN MEM., ING. MAREK FRAUWIRTH, MUC. JAN \u010cERN\u00dd, DR. IN MEM.<\/strong><\/figcaption><\/figure>\n<\/div>\n\n\n<p>Po roce 1989 budovy ch\u00e1traly a uva\u017eovalo se i o jejich likvidaci v z\u00e1jmu developersk\u00fdch pl\u00e1n\u016f. To se na\u0161t\u011bst\u00ed nestalo.&nbsp; Dnes je v prav\u00e9m k\u0159\u00eddle kas\u00e1rensk\u00fdch budov skv\u011bl\u00fd Vojensk\u00fd \u00fast\u0159edn\u00ed archiv, kter\u00fd se sem p\u0159est\u011bhoval z Invalidovny, posti\u017een\u00e9 z\u00e1plavami v roce 2002. To je to k\u0159\u00eddlo, kde byla kdysi ubytov\u00e1na velitelsk\u00e1 rota a rota technick\u00e9 opravny V\u00da2516\/ 71.plrb. Co je dnes v hlavn\u00ed budov\u011b b\u00fdval\u00e9ho \u0161t\u00e1bu a lev\u00e9m k\u0159\u00eddle, kde byl V\u00da9967\/59.pds&nbsp; a v dal\u0161\u00edch objektech se mi nepoda\u0159ilo zjistit. Kdyby to n\u011bkdo v\u011bd\u011bl a nepodl\u00e9halo to utajen\u00ed, r\u00e1d to dopln\u00edm.&nbsp;<\/p>\n\n\n\n<p>Je\u0161t\u011b jedna zaj\u00edmavost na z\u00e1v\u011br. Za dob m\u00e9ho voj\u00e1kov\u00e1n\u00ed byla v kas\u00e1rn\u00e1ch i prodejna, kter\u00e9 se po vojensku \u0159\u00edk\u00e1 Arma. Bylo tam k dost\u00e1n\u00ed naprosto v\u0161echno, b\u011b\u017en\u00e9&nbsp; potraviny, lah\u016fdky, n\u00edt\u011b, vojensk\u00e9 knofl\u00edky a ozna\u010den\u00ed v\u0161eho druhu, psac\u00ed pot\u0159eby, cigarety, drogerie a j\u00e1 nev\u00edm co je\u0161t\u011b. Prod\u00e1valo se zde i pivo, v\u00edno i tvrd\u00fd alkohol. Samoz\u0159ejm\u011b z\u00e1le\u017eelo jen na odpov\u011bdnosti kupuj\u00edc\u00edho, zda si to mohl vzhledem ke slu\u017eb\u011b dovolit. A nikdo si nedovolil p\u00edt ve slu\u017eb\u011b, p\u0159ed slu\u017ebou nebo v hotovosti. Za to byly velmi tvrd\u00e9 postihy. Jak postupovala normalizace, v\u0161e se postupn\u011b zp\u0159\u00eds\u0148ovalo a kdy\u017e jsem p\u0159i\u0161el asi za dva roky jako z\u00e1lo\u017e\u00e1k na cvi\u010den\u00ed, u\u017e panoval tvrd\u00fd mor\u00e1l a p\u0159\u00edsn\u00e1 prohibice. Vypr\u00e1v\u00edm to proto, \u017ee zde prod\u00e1vala pan\u00ed \u0160m\u00eddov\u00e1 a pan \u0160m\u00edd, kte\u0159\u00ed do zn\u00e1rodn\u011bn\u00ed vlastnili obchod v <a href=\"https:\/\/www.periferieprahy.cz\/blog\/2025\/05\/12\/c-p-73-ruzyne\/\">Ruzyni \u010d.p. 73<\/a> . Byli velice p\u0159\u00edjemn\u00ed a ochotn\u00ed prodava\u010di. U nich tak\u00e9 nakupovali voj\u00e1ci, kte\u0159\u00ed m\u011bli na starosti tzv. Politicko vzd\u011bl\u00e1vac\u00ed sv\u011btnice (P\u00e9v\u00e9esky), co\u017e byly v\u00edcem\u00e9n\u011b kluby na rot\u00e1ch, kde si voj\u00e1ci mohli d\u00e1t n\u011bjak\u00e9 ob\u010derstven\u00ed, pokud nem\u011bli vych\u00e1zku.<\/p>\n\n\n\n<p>Asi rok p\u0159ed srpnovou&nbsp; okupac\u00ed vojsky sp\u0159\u00e1telen\u00fdch arm\u00e1d byl v kas\u00e1rn\u00e1ch z\u0159\u00edzen i velk\u00fd klub ( v&nbsp; lev\u00e9m k\u0159\u00eddle V\u00da 9967), kter\u00fd byl v sobotu a v ned\u011bli otev\u0159en i pro tan\u010d\u00edc\u00ed, zejm\u00e9na d\u00edv\u010d\u00ed ve\u0159ejnost. Samoz\u0159ejm\u011b,&nbsp; \u017ee to bylo jen kr\u00e1tce a normalizace za\u0165ala tancov\u00e1n\u00ed v kas\u00e1rn\u00e1ch t\u00edpec.&nbsp;&nbsp;&nbsp;&nbsp;&nbsp;&nbsp;&nbsp;&nbsp;&nbsp;&nbsp;<\/p>\n\n\n\n<p><a href=\"#nahoru\"><\/a><\/p>\n\n\n<div class=\"wp-block-image\">\n<figure class=\"aligncenter size-full\"><img loading=\"lazy\" decoding=\"async\" width=\"800\" height=\"483\" src=\"https:\/\/www.periferieprahy.cz\/blog\/wp-content\/uploads\/2025\/05\/ruz_cp217_18.jpg\" alt=\"\" class=\"wp-image-3914\" srcset=\"https:\/\/www.periferieprahy.cz\/blog\/wp-content\/uploads\/2025\/05\/ruz_cp217_18.jpg 800w, https:\/\/www.periferieprahy.cz\/blog\/wp-content\/uploads\/2025\/05\/ruz_cp217_18-300x181.jpg 300w, https:\/\/www.periferieprahy.cz\/blog\/wp-content\/uploads\/2025\/05\/ruz_cp217_18-150x91.jpg 150w, https:\/\/www.periferieprahy.cz\/blog\/wp-content\/uploads\/2025\/05\/ruz_cp217_18-768x464.jpg 768w\" sizes=\"auto, (max-width: 800px) 100vw, 800px\" \/><figcaption class=\"wp-element-caption\">Ruzy\u0148sk\u00e1 kas\u00e1rna t\u011bsn\u011b po dokon\u010den\u00ed, pohled z obory Hv\u011bzda. Uv\u00e1d\u00edm vyu\u017eit\u00ed objekt\u016f v roce 1968:  <strong>A<\/strong> mal\u00e1 j\u00edzd\u00e1rna, kde byla pozd\u011bji technick\u00e1 opravna 71. plrb; <strong>B <\/strong>velk\u00e1 j\u00edzd\u00e1rna, pozd\u011bji autopark 59.pds, zde byly nalezeny stopy po poprav\u00e1ch; <strong>C<\/strong> zbrojn\u00ed sklad 71. plrb; <strong>D<\/strong> v\u00fdstrojn\u00ed sklad 71. plrb; <strong>E<\/strong> ty &#8222;mal\u00e9&#8220; dome\u010dky p\u016fvodn\u011b slou\u017eily jako park pro d\u011bla (viz <a href=\"https:\/\/www.periferieprahy.cz\/blog\/wp-content\/uploads\/2025\/05\/ruz_cp217_11.jpg\" target=\"_blank\" rel=\"noreferrer noopener\">sn\u00edmek p\u0159ed jedn\u00edm z nich<\/a>) a mo\u017en\u00e1 i pro jejich ko\u0148sk\u00e9  potahy a pozd\u011bji taha\u010de, nakonec autopark 71. plrb, spr\u00e1va budov a proviantn\u00ed sklad. Objekty stoj\u00ed dodnes, ale nezn\u00e1m jejich vyu\u017eit\u00ed. <strong>F<\/strong> prav\u00e9 k\u0159\u00eddlo (p\u0159i pohledu na \u010delo kas\u00e1ren) 2. patro velitelsk\u00e1 rota , 1. patro rota tech.  opravny, t\u00fdl, o\u0161et\u0159ovna, v\u0161e 71.plrb. Kancel\u00e1\u0159e t\u00fdlu byly \u010delem k &#8222;dome\u010dk\u016fm&#8220; autoparku v p\u0159\u00edzem\u00ed. V prvn\u00edm a druh\u00e9m pat\u0159e nad t\u00fdlem byl n\u011bjak\u00fd jin\u00fd \u00fatvar, ale u\u017e nev\u00edm kter\u00fd. Dnes toto k\u0159\u00eddlo pat\u0159\u00ed Vojensk\u00e9mu \u00fast\u0159edn\u00edmu  archivu.  Pod <strong>G<\/strong> je vid\u011bt st\u0159echa hlavn\u00ed budovy v \u010dele kas\u00e1ren, kde byl \u0161t\u00e1b 71.plrb. H v tomto lev\u00e9m k\u0159\u00eddle byli spoja\u0159i 59.pds.<\/figcaption><\/figure>\n<\/div>\n\n<div class=\"wp-block-image\">\n<figure class=\"aligncenter size-full\"><img loading=\"lazy\" decoding=\"async\" width=\"740\" height=\"412\" src=\"https:\/\/www.periferieprahy.cz\/blog\/wp-content\/uploads\/2025\/05\/ruz_cp217_16.jpg\" alt=\"\" class=\"wp-image-3912\" srcset=\"https:\/\/www.periferieprahy.cz\/blog\/wp-content\/uploads\/2025\/05\/ruz_cp217_16.jpg 740w, https:\/\/www.periferieprahy.cz\/blog\/wp-content\/uploads\/2025\/05\/ruz_cp217_16-300x167.jpg 300w, https:\/\/www.periferieprahy.cz\/blog\/wp-content\/uploads\/2025\/05\/ruz_cp217_16-150x84.jpg 150w\" sizes=\"auto, (max-width: 740px) 100vw, 740px\" \/><figcaption class=\"wp-element-caption\">Pohled na hlavn\u00ed budovu velitelstv\u00ed, pozd\u011bji \u0161t\u00e1b 71. plrb. N\u011bkdy po 2.WW<\/figcaption><\/figure>\n<\/div>\n\n<div class=\"wp-block-image\">\n<figure class=\"aligncenter size-full\"><img loading=\"lazy\" decoding=\"async\" width=\"900\" height=\"554\" src=\"https:\/\/www.periferieprahy.cz\/blog\/wp-content\/uploads\/2025\/05\/ruz_cp217_10.jpg\" alt=\"\" class=\"wp-image-3906\" srcset=\"https:\/\/www.periferieprahy.cz\/blog\/wp-content\/uploads\/2025\/05\/ruz_cp217_10.jpg 900w, https:\/\/www.periferieprahy.cz\/blog\/wp-content\/uploads\/2025\/05\/ruz_cp217_10-300x185.jpg 300w, https:\/\/www.periferieprahy.cz\/blog\/wp-content\/uploads\/2025\/05\/ruz_cp217_10-150x92.jpg 150w, https:\/\/www.periferieprahy.cz\/blog\/wp-content\/uploads\/2025\/05\/ruz_cp217_10-768x473.jpg 768w\" sizes=\"auto, (max-width: 900px) 100vw, 900px\" \/><figcaption class=\"wp-element-caption\">Pohled na kas\u00e1rna. Jsou za kom\u00ednem tehdej\u0161\u00edho cukrovaru. T\u011bleso kom\u00ednu je dnes sou\u010d\u00e1st\u00ed vod\u00e1rensk\u00e9 v\u011b\u017ee v ruzy\u0148sk\u00e9 vazebn\u00ed v\u011bznici. Sn\u00edmek asi ze stejn\u00e9 doby, jako p\u0159ede\u0161l\u00fd. <\/figcaption><\/figure>\n<\/div>\n\n\n<h2 class=\"wp-block-heading has-text-align-center\"><strong>P\u0159ed\u00e1n\u00ed stuhy d\u011blost\u0159eleck\u00e9mu pluku 1 v Ruzyni roku 1932.<\/strong><\/h2>\n\n\n\n<p class=\"has-text-align-center\">Historick\u00e9 fotografie poskytli p\u00e1nov\u00e9 \u00a9 Bohumil Nehasil a Robert Sou\u010dek<\/p>\n\n\n<div class=\"su-image-carousel  su-image-carousel-has-spacing su-image-carousel-crop su-image-carousel-crop-3-2 su-image-carousel-has-lightbox su-image-carousel-has-outline su-image-carousel-adaptive su-image-carousel-slides-style-default su-image-carousel-controls-style-dark su-image-carousel-align-center\" style=\"max-width:800px\" data-flickity-options='{\"groupCells\":true,\"cellSelector\":\".su-image-carousel-item\",\"adaptiveHeight\":false,\"cellAlign\":\"left\",\"prevNextButtons\":true,\"pageDots\":true,\"autoPlay\":7000,\"imagesLoaded\":true,\"contain\":true,\"selectedAttraction\":0.1499999999999999944488848768742172978818416595458984375,\"friction\":1}' id=\"su_image_carousel_69f314151204b\"><div class=\"su-image-carousel-item\"><div class=\"su-image-carousel-item-content\"><a href=\"https:\/\/www.periferieprahy.cz\/blog\/wp-content\/uploads\/2025\/05\/ruz_cp217_2.jpg\" data-caption=\"&quot;Foto Franti\u0161ek Hertl, Sm\u00edchov, \u0160tef\u00e1nikova t\u0159. 9 - u \u0160vandova divadla&quot; Pr\u016fvod ke kas\u00e1rn\u00e1m na oslavy v roce 1932. V\u0161imn\u011bte si  rozestav\u011bn\u00e9 vod\u00e1rensk\u00e9 v\u011b\u017ee s vyu\u017eit\u00edm st\u00e1vaj\u00edc\u00edho kom\u00edna b\u00fdval\u00e9ho cukrovaru, budouc\u00ed donucovac\u00ed pracovny, dne vazebn\u00ed v\u011bznice.\"><img loading=\"lazy\" decoding=\"async\" width=\"900\" height=\"675\" src=\"https:\/\/www.periferieprahy.cz\/blog\/wp-content\/uploads\/2025\/05\/ruz_cp217_2.jpg\" class=\"\" alt=\"\" srcset=\"https:\/\/www.periferieprahy.cz\/blog\/wp-content\/uploads\/2025\/05\/ruz_cp217_2.jpg 900w, https:\/\/www.periferieprahy.cz\/blog\/wp-content\/uploads\/2025\/05\/ruz_cp217_2-300x225.jpg 300w, https:\/\/www.periferieprahy.cz\/blog\/wp-content\/uploads\/2025\/05\/ruz_cp217_2-150x113.jpg 150w, https:\/\/www.periferieprahy.cz\/blog\/wp-content\/uploads\/2025\/05\/ruz_cp217_2-768x576.jpg 768w\" sizes=\"auto, (max-width: 900px) 100vw, 900px\" \/><span>\"Foto Franti\u0161ek Hertl, Sm\u00edchov, \u0160tef\u00e1nikova t\u0159. 9 - u \u0160vandova divadla\" Pr\u016fvod ke kas\u00e1rn\u00e1m na oslavy v roce 1932. V\u0161imn\u011bte si  rozestav\u011bn\u00e9 vod\u00e1rensk\u00e9 v\u011b\u017ee s vyu\u017eit\u00edm st\u00e1vaj\u00edc\u00edho kom\u00edna b\u00fdval\u00e9ho cukrovaru, budouc\u00ed donucovac\u00ed pracovny, dne vazebn\u00ed v\u011bznice.<\/span><\/a><\/div><\/div><div class=\"su-image-carousel-item\"><div class=\"su-image-carousel-item-content\"><a href=\"https:\/\/www.periferieprahy.cz\/blog\/wp-content\/uploads\/2025\/05\/ruz_cp217_1-scaled.jpg\" data-caption=\"Slavnostn\u00ed shrom\u00e1\u017ed\u011bn\u00ed v r\u00e1mci p\u0159ed\u00e1n\u00ed. St\u00e1val zde pomn\u00edk, kter\u00fd nejsp\u00ed\u0161e zni\u010dili eses\u00e1ci\"><img loading=\"lazy\" decoding=\"async\" width=\"2560\" height=\"1684\" src=\"https:\/\/www.periferieprahy.cz\/blog\/wp-content\/uploads\/2025\/05\/ruz_cp217_1-scaled.jpg\" class=\"\" alt=\"\" srcset=\"https:\/\/www.periferieprahy.cz\/blog\/wp-content\/uploads\/2025\/05\/ruz_cp217_1-scaled.jpg 2560w, https:\/\/www.periferieprahy.cz\/blog\/wp-content\/uploads\/2025\/05\/ruz_cp217_1-300x197.jpg 300w, https:\/\/www.periferieprahy.cz\/blog\/wp-content\/uploads\/2025\/05\/ruz_cp217_1-1024x673.jpg 1024w, https:\/\/www.periferieprahy.cz\/blog\/wp-content\/uploads\/2025\/05\/ruz_cp217_1-150x99.jpg 150w, https:\/\/www.periferieprahy.cz\/blog\/wp-content\/uploads\/2025\/05\/ruz_cp217_1-768x505.jpg 768w, https:\/\/www.periferieprahy.cz\/blog\/wp-content\/uploads\/2025\/05\/ruz_cp217_1-1536x1010.jpg 1536w, https:\/\/www.periferieprahy.cz\/blog\/wp-content\/uploads\/2025\/05\/ruz_cp217_1-2048x1347.jpg 2048w\" sizes=\"auto, (max-width: 2560px) 100vw, 2560px\" \/><span>Slavnostn\u00ed shrom\u00e1\u017ed\u011bn\u00ed v r\u00e1mci p\u0159ed\u00e1n\u00ed. St\u00e1val zde pomn\u00edk, kter\u00fd nejsp\u00ed\u0161e zni\u010dili eses\u00e1ci<\/span><\/a><\/div><\/div><div class=\"su-image-carousel-item\"><div class=\"su-image-carousel-item-content\"><a href=\"https:\/\/www.periferieprahy.cz\/blog\/wp-content\/uploads\/2025\/05\/ruz_cp217_4-scaled.jpg\" data-caption=\"Slavnostn\u00ed \u0159e\u010d, kterou p\u0159edn\u00e1\u0161\u00ed bratr Josef Barto\u0148, vzd\u011blavatel Podb\u011blohorsk\u00e9 \u017eupy sokolsk\u00e9\"><img loading=\"lazy\" decoding=\"async\" width=\"2560\" height=\"1647\" src=\"https:\/\/www.periferieprahy.cz\/blog\/wp-content\/uploads\/2025\/05\/ruz_cp217_4-scaled.jpg\" class=\"\" alt=\"\" srcset=\"https:\/\/www.periferieprahy.cz\/blog\/wp-content\/uploads\/2025\/05\/ruz_cp217_4-scaled.jpg 2560w, https:\/\/www.periferieprahy.cz\/blog\/wp-content\/uploads\/2025\/05\/ruz_cp217_4-300x193.jpg 300w, https:\/\/www.periferieprahy.cz\/blog\/wp-content\/uploads\/2025\/05\/ruz_cp217_4-1024x659.jpg 1024w, https:\/\/www.periferieprahy.cz\/blog\/wp-content\/uploads\/2025\/05\/ruz_cp217_4-150x97.jpg 150w, https:\/\/www.periferieprahy.cz\/blog\/wp-content\/uploads\/2025\/05\/ruz_cp217_4-768x494.jpg 768w, https:\/\/www.periferieprahy.cz\/blog\/wp-content\/uploads\/2025\/05\/ruz_cp217_4-1536x988.jpg 1536w, https:\/\/www.periferieprahy.cz\/blog\/wp-content\/uploads\/2025\/05\/ruz_cp217_4-2048x1318.jpg 2048w\" sizes=\"auto, (max-width: 2560px) 100vw, 2560px\" \/><span>Slavnostn\u00ed \u0159e\u010d, kterou p\u0159edn\u00e1\u0161\u00ed bratr Josef Barto\u0148, vzd\u011blavatel Podb\u011blohorsk\u00e9 \u017eupy sokolsk\u00e9<\/span><\/a><\/div><\/div><div class=\"su-image-carousel-item\"><div class=\"su-image-carousel-item-content\"><a href=\"https:\/\/www.periferieprahy.cz\/blog\/wp-content\/uploads\/2025\/05\/ruz_cp217_8-scaled.jpg\" data-caption=\"Slavnostn\u00ed \u0159e\u010d, kterou p\u0159edn\u00e1\u0161\u00ed bratr Josef Barto\u0148, vzd\u011blavatel Podb\u011blohorsk\u00e9 \u017eupy sokolsk\u00e9\"><img loading=\"lazy\" decoding=\"async\" width=\"2560\" height=\"1612\" src=\"https:\/\/www.periferieprahy.cz\/blog\/wp-content\/uploads\/2025\/05\/ruz_cp217_8-scaled.jpg\" class=\"\" alt=\"\" srcset=\"https:\/\/www.periferieprahy.cz\/blog\/wp-content\/uploads\/2025\/05\/ruz_cp217_8-scaled.jpg 2560w, https:\/\/www.periferieprahy.cz\/blog\/wp-content\/uploads\/2025\/05\/ruz_cp217_8-300x189.jpg 300w, https:\/\/www.periferieprahy.cz\/blog\/wp-content\/uploads\/2025\/05\/ruz_cp217_8-1024x645.jpg 1024w, https:\/\/www.periferieprahy.cz\/blog\/wp-content\/uploads\/2025\/05\/ruz_cp217_8-150x94.jpg 150w, https:\/\/www.periferieprahy.cz\/blog\/wp-content\/uploads\/2025\/05\/ruz_cp217_8-768x484.jpg 768w, https:\/\/www.periferieprahy.cz\/blog\/wp-content\/uploads\/2025\/05\/ruz_cp217_8-1536x967.jpg 1536w, https:\/\/www.periferieprahy.cz\/blog\/wp-content\/uploads\/2025\/05\/ruz_cp217_8-2048x1290.jpg 2048w\" sizes=\"auto, (max-width: 2560px) 100vw, 2560px\" \/><span>Slavnostn\u00ed \u0159e\u010d, kterou p\u0159edn\u00e1\u0161\u00ed bratr Josef Barto\u0148, vzd\u011blavatel Podb\u011blohorsk\u00e9 \u017eupy sokolsk\u00e9<\/span><\/a><\/div><\/div><div class=\"su-image-carousel-item\"><div class=\"su-image-carousel-item-content\"><a href=\"https:\/\/www.periferieprahy.cz\/blog\/wp-content\/uploads\/2025\/05\/ruz_cp217_3-scaled.jpg\" data-caption=\"Kladen\u00ed v\u011bnc\u016f k pomn\u00edku ruzy\u0148sk\u00fdmi Sokoly\"><img loading=\"lazy\" decoding=\"async\" width=\"2560\" height=\"1953\" src=\"https:\/\/www.periferieprahy.cz\/blog\/wp-content\/uploads\/2025\/05\/ruz_cp217_3-scaled.jpg\" class=\"\" alt=\"\" srcset=\"https:\/\/www.periferieprahy.cz\/blog\/wp-content\/uploads\/2025\/05\/ruz_cp217_3-scaled.jpg 2560w, https:\/\/www.periferieprahy.cz\/blog\/wp-content\/uploads\/2025\/05\/ruz_cp217_3-300x229.jpg 300w, https:\/\/www.periferieprahy.cz\/blog\/wp-content\/uploads\/2025\/05\/ruz_cp217_3-1024x781.jpg 1024w, https:\/\/www.periferieprahy.cz\/blog\/wp-content\/uploads\/2025\/05\/ruz_cp217_3-150x114.jpg 150w, https:\/\/www.periferieprahy.cz\/blog\/wp-content\/uploads\/2025\/05\/ruz_cp217_3-768x586.jpg 768w, https:\/\/www.periferieprahy.cz\/blog\/wp-content\/uploads\/2025\/05\/ruz_cp217_3-1536x1172.jpg 1536w, https:\/\/www.periferieprahy.cz\/blog\/wp-content\/uploads\/2025\/05\/ruz_cp217_3-2048x1563.jpg 2048w\" sizes=\"auto, (max-width: 2560px) 100vw, 2560px\" \/><span>Kladen\u00ed v\u011bnc\u016f k pomn\u00edku ruzy\u0148sk\u00fdmi Sokoly<\/span><\/a><\/div><\/div><div class=\"su-image-carousel-item\"><div class=\"su-image-carousel-item-content\"><a href=\"https:\/\/www.periferieprahy.cz\/blog\/wp-content\/uploads\/2025\/05\/ruz_cp217_9-scaled.jpg\" data-caption=\"V are\u00e1lu  p\u0159ed prav\u00fdm k\u0159\u00eddlem kas\u00e1ren asi p\u0159i slavnostn\u00ed p\u0159ehl\u00eddce. Vlevo v pozad\u00ed je pr\u016f\u010del\u00ed velk\u00e9 j\u00edzd\u00e1rny.\"><img loading=\"lazy\" decoding=\"async\" width=\"2560\" height=\"1746\" src=\"https:\/\/www.periferieprahy.cz\/blog\/wp-content\/uploads\/2025\/05\/ruz_cp217_9-scaled.jpg\" class=\"\" alt=\"\" srcset=\"https:\/\/www.periferieprahy.cz\/blog\/wp-content\/uploads\/2025\/05\/ruz_cp217_9-scaled.jpg 2560w, https:\/\/www.periferieprahy.cz\/blog\/wp-content\/uploads\/2025\/05\/ruz_cp217_9-300x205.jpg 300w, https:\/\/www.periferieprahy.cz\/blog\/wp-content\/uploads\/2025\/05\/ruz_cp217_9-1024x698.jpg 1024w, https:\/\/www.periferieprahy.cz\/blog\/wp-content\/uploads\/2025\/05\/ruz_cp217_9-150x102.jpg 150w, https:\/\/www.periferieprahy.cz\/blog\/wp-content\/uploads\/2025\/05\/ruz_cp217_9-768x524.jpg 768w, https:\/\/www.periferieprahy.cz\/blog\/wp-content\/uploads\/2025\/05\/ruz_cp217_9-1536x1047.jpg 1536w, https:\/\/www.periferieprahy.cz\/blog\/wp-content\/uploads\/2025\/05\/ruz_cp217_9-2048x1397.jpg 2048w\" sizes=\"auto, (max-width: 2560px) 100vw, 2560px\" \/><span>V are\u00e1lu  p\u0159ed prav\u00fdm k\u0159\u00eddlem kas\u00e1ren asi p\u0159i slavnostn\u00ed p\u0159ehl\u00eddce. Vlevo v pozad\u00ed je pr\u016f\u010del\u00ed velk\u00e9 j\u00edzd\u00e1rny.<\/span><\/a><\/div><\/div><div class=\"su-image-carousel-item\"><div class=\"su-image-carousel-item-content\"><a href=\"https:\/\/www.periferieprahy.cz\/blog\/wp-content\/uploads\/2025\/05\/ruz_cp217_6-scaled.jpg\" data-caption=\"P\u0159i slavnostn\u00edm aktu\"><img loading=\"lazy\" decoding=\"async\" width=\"2560\" height=\"1663\" src=\"https:\/\/www.periferieprahy.cz\/blog\/wp-content\/uploads\/2025\/05\/ruz_cp217_6-scaled.jpg\" class=\"\" alt=\"\" srcset=\"https:\/\/www.periferieprahy.cz\/blog\/wp-content\/uploads\/2025\/05\/ruz_cp217_6-scaled.jpg 2560w, https:\/\/www.periferieprahy.cz\/blog\/wp-content\/uploads\/2025\/05\/ruz_cp217_6-300x195.jpg 300w, https:\/\/www.periferieprahy.cz\/blog\/wp-content\/uploads\/2025\/05\/ruz_cp217_6-1024x665.jpg 1024w, https:\/\/www.periferieprahy.cz\/blog\/wp-content\/uploads\/2025\/05\/ruz_cp217_6-150x97.jpg 150w, https:\/\/www.periferieprahy.cz\/blog\/wp-content\/uploads\/2025\/05\/ruz_cp217_6-768x499.jpg 768w, https:\/\/www.periferieprahy.cz\/blog\/wp-content\/uploads\/2025\/05\/ruz_cp217_6-1536x998.jpg 1536w, https:\/\/www.periferieprahy.cz\/blog\/wp-content\/uploads\/2025\/05\/ruz_cp217_6-2048x1330.jpg 2048w\" sizes=\"auto, (max-width: 2560px) 100vw, 2560px\" \/><span>P\u0159i slavnostn\u00edm aktu<\/span><\/a><\/div><\/div><div class=\"su-image-carousel-item\"><div class=\"su-image-carousel-item-content\"><a href=\"https:\/\/www.periferieprahy.cz\/blog\/wp-content\/uploads\/2025\/05\/ruz_cp217_7-scaled.jpg\" data-caption=\"Divizn\u00ed gener\u00e1l Vojt\u011bch Klecanda, velitel Divize 1 Praha a Sokolov\u00e9 v p\u0159\u00e1telsk\u00e9 rozprav\u011b\"><img loading=\"lazy\" decoding=\"async\" width=\"2560\" height=\"1660\" src=\"https:\/\/www.periferieprahy.cz\/blog\/wp-content\/uploads\/2025\/05\/ruz_cp217_7-scaled.jpg\" class=\"\" alt=\"\" srcset=\"https:\/\/www.periferieprahy.cz\/blog\/wp-content\/uploads\/2025\/05\/ruz_cp217_7-scaled.jpg 2560w, https:\/\/www.periferieprahy.cz\/blog\/wp-content\/uploads\/2025\/05\/ruz_cp217_7-300x195.jpg 300w, https:\/\/www.periferieprahy.cz\/blog\/wp-content\/uploads\/2025\/05\/ruz_cp217_7-1024x664.jpg 1024w, https:\/\/www.periferieprahy.cz\/blog\/wp-content\/uploads\/2025\/05\/ruz_cp217_7-150x97.jpg 150w, https:\/\/www.periferieprahy.cz\/blog\/wp-content\/uploads\/2025\/05\/ruz_cp217_7-768x498.jpg 768w, https:\/\/www.periferieprahy.cz\/blog\/wp-content\/uploads\/2025\/05\/ruz_cp217_7-1536x996.jpg 1536w, https:\/\/www.periferieprahy.cz\/blog\/wp-content\/uploads\/2025\/05\/ruz_cp217_7-2048x1328.jpg 2048w\" sizes=\"auto, (max-width: 2560px) 100vw, 2560px\" \/><span>Divizn\u00ed gener\u00e1l Vojt\u011bch Klecanda, velitel Divize 1 Praha a Sokolov\u00e9 v p\u0159\u00e1telsk\u00e9 rozprav\u011b<\/span><\/a><\/div><\/div><div class=\"su-image-carousel-item\"><div class=\"su-image-carousel-item-content\"><a href=\"https:\/\/www.periferieprahy.cz\/blog\/wp-content\/uploads\/2025\/05\/ruz_cp217_5-scaled.jpg\" data-caption=\"Divizn\u00ed gener\u00e1l Vojt\u011bch Klecanda, kter\u00fd byl v t\u00e9 dob\u011b velitel Divize 1,  Praha\"><img loading=\"lazy\" decoding=\"async\" width=\"2560\" height=\"1671\" src=\"https:\/\/www.periferieprahy.cz\/blog\/wp-content\/uploads\/2025\/05\/ruz_cp217_5-scaled.jpg\" class=\"\" alt=\"\" srcset=\"https:\/\/www.periferieprahy.cz\/blog\/wp-content\/uploads\/2025\/05\/ruz_cp217_5-scaled.jpg 2560w, https:\/\/www.periferieprahy.cz\/blog\/wp-content\/uploads\/2025\/05\/ruz_cp217_5-300x196.jpg 300w, https:\/\/www.periferieprahy.cz\/blog\/wp-content\/uploads\/2025\/05\/ruz_cp217_5-1024x668.jpg 1024w, https:\/\/www.periferieprahy.cz\/blog\/wp-content\/uploads\/2025\/05\/ruz_cp217_5-150x98.jpg 150w, https:\/\/www.periferieprahy.cz\/blog\/wp-content\/uploads\/2025\/05\/ruz_cp217_5-768x501.jpg 768w, https:\/\/www.periferieprahy.cz\/blog\/wp-content\/uploads\/2025\/05\/ruz_cp217_5-1536x1002.jpg 1536w, https:\/\/www.periferieprahy.cz\/blog\/wp-content\/uploads\/2025\/05\/ruz_cp217_5-2048x1337.jpg 2048w\" sizes=\"auto, (max-width: 2560px) 100vw, 2560px\" \/><span>Divizn\u00ed gener\u00e1l Vojt\u011bch Klecanda, kter\u00fd byl v t\u00e9 dob\u011b velitel Divize 1,  Praha<\/span><\/a><\/div><\/div><\/div><script id=\"su_image_carousel_69f314151204b_script\">if(window.SUImageCarousel){setTimeout(function() {window.SUImageCarousel.initGallery(document.getElementById(\"su_image_carousel_69f314151204b\"))}, 0);}var su_image_carousel_69f314151204b_script=document.getElementById(\"su_image_carousel_69f314151204b_script\");if(su_image_carousel_69f314151204b_script){su_image_carousel_69f314151204b_script.parentNode.removeChild(su_image_carousel_69f314151204b_script);}<\/script>\n\n\n\n<h2 class=\"wp-block-heading has-text-align-center\">Z doby ned\u00e1vn\u00e9<\/h2>\n\n\n<div class=\"su-image-carousel  su-image-carousel-has-spacing su-image-carousel-crop su-image-carousel-crop-3-2 su-image-carousel-has-lightbox su-image-carousel-has-outline su-image-carousel-adaptive su-image-carousel-slides-style-default su-image-carousel-controls-style-dark su-image-carousel-align-center\" style=\"max-width:800px\" data-flickity-options='{\"groupCells\":true,\"cellSelector\":\".su-image-carousel-item\",\"adaptiveHeight\":false,\"cellAlign\":\"left\",\"prevNextButtons\":true,\"pageDots\":true,\"autoPlay\":7000,\"imagesLoaded\":true,\"contain\":true,\"selectedAttraction\":0.1499999999999999944488848768742172978818416595458984375,\"friction\":1}' id=\"su_image_carousel_69f3141513ec8\"><div class=\"su-image-carousel-item\"><div class=\"su-image-carousel-item-content\"><a href=\"https:\/\/www.periferieprahy.cz\/blog\/wp-content\/uploads\/2025\/05\/ruz_cp217_15.jpg\" data-caption=\"Cesti\u010dka kolem  prav\u00e9ho k\u0159\u00eddla, v pozad\u00ed hlavn\u00ed budova. Kolik asi tudy pro\u0161lo voj\u00e1\u010dk\u016f z\u00e1kla\u010f\u00e1\u010dk\u016f za dobu existence kas\u00e1ren?\"><img loading=\"lazy\" decoding=\"async\" width=\"1600\" height=\"1200\" src=\"https:\/\/www.periferieprahy.cz\/blog\/wp-content\/uploads\/2025\/05\/ruz_cp217_15.jpg\" class=\"\" alt=\"\" srcset=\"https:\/\/www.periferieprahy.cz\/blog\/wp-content\/uploads\/2025\/05\/ruz_cp217_15.jpg 1600w, https:\/\/www.periferieprahy.cz\/blog\/wp-content\/uploads\/2025\/05\/ruz_cp217_15-300x225.jpg 300w, https:\/\/www.periferieprahy.cz\/blog\/wp-content\/uploads\/2025\/05\/ruz_cp217_15-1024x768.jpg 1024w, https:\/\/www.periferieprahy.cz\/blog\/wp-content\/uploads\/2025\/05\/ruz_cp217_15-150x113.jpg 150w, https:\/\/www.periferieprahy.cz\/blog\/wp-content\/uploads\/2025\/05\/ruz_cp217_15-768x576.jpg 768w, https:\/\/www.periferieprahy.cz\/blog\/wp-content\/uploads\/2025\/05\/ruz_cp217_15-1536x1152.jpg 1536w\" sizes=\"auto, (max-width: 1600px) 100vw, 1600px\" \/><span>Cesti\u010dka kolem  prav\u00e9ho k\u0159\u00eddla, v pozad\u00ed hlavn\u00ed budova. Kolik asi tudy pro\u0161lo voj\u00e1\u010dk\u016f z\u00e1kla\u010f\u00e1\u010dk\u016f za dobu existence kas\u00e1ren?<\/span><\/a><\/div><\/div><div class=\"su-image-carousel-item\"><div class=\"su-image-carousel-item-content\"><a href=\"https:\/\/www.periferieprahy.cz\/blog\/wp-content\/uploads\/2025\/05\/ruz_cp217_14.jpg\" data-caption=\"Rok 2008 budova prav\u00e9ho k\u0159\u00eddla v \u017ealostn\u00e9m stavu. U\u017e jsem si myslel, \u017ee je to z\u00e1m\u011br, jak kas\u00e1rna nechat zdevastovat a prodat developer\u016fm\"><img loading=\"lazy\" decoding=\"async\" width=\"1600\" height=\"1200\" src=\"https:\/\/www.periferieprahy.cz\/blog\/wp-content\/uploads\/2025\/05\/ruz_cp217_14.jpg\" class=\"\" alt=\"\" srcset=\"https:\/\/www.periferieprahy.cz\/blog\/wp-content\/uploads\/2025\/05\/ruz_cp217_14.jpg 1600w, https:\/\/www.periferieprahy.cz\/blog\/wp-content\/uploads\/2025\/05\/ruz_cp217_14-300x225.jpg 300w, https:\/\/www.periferieprahy.cz\/blog\/wp-content\/uploads\/2025\/05\/ruz_cp217_14-1024x768.jpg 1024w, https:\/\/www.periferieprahy.cz\/blog\/wp-content\/uploads\/2025\/05\/ruz_cp217_14-150x113.jpg 150w, https:\/\/www.periferieprahy.cz\/blog\/wp-content\/uploads\/2025\/05\/ruz_cp217_14-768x576.jpg 768w, https:\/\/www.periferieprahy.cz\/blog\/wp-content\/uploads\/2025\/05\/ruz_cp217_14-1536x1152.jpg 1536w\" sizes=\"auto, (max-width: 1600px) 100vw, 1600px\" \/><span>Rok 2008 budova prav\u00e9ho k\u0159\u00eddla v \u017ealostn\u00e9m stavu. U\u017e jsem si myslel, \u017ee je to z\u00e1m\u011br, jak kas\u00e1rna nechat zdevastovat a prodat developer\u016fm<\/span><\/a><\/div><\/div><div class=\"su-image-carousel-item\"><div class=\"su-image-carousel-item-content\"><a href=\"https:\/\/www.periferieprahy.cz\/blog\/wp-content\/uploads\/2025\/05\/ruz_cp217_13.jpg\" data-caption=\"Rok 2008 budova prav\u00e9ho k\u0159\u00eddla v \u017ealostn\u00e9m stavu. U\u017e jsem si myslel, \u017ee je to z\u00e1m\u011br, jak kas\u00e1rna nechat zdevastovat a prodat developer\u016fm\"><img loading=\"lazy\" decoding=\"async\" width=\"1600\" height=\"1200\" src=\"https:\/\/www.periferieprahy.cz\/blog\/wp-content\/uploads\/2025\/05\/ruz_cp217_13.jpg\" class=\"\" alt=\"\" srcset=\"https:\/\/www.periferieprahy.cz\/blog\/wp-content\/uploads\/2025\/05\/ruz_cp217_13.jpg 1600w, https:\/\/www.periferieprahy.cz\/blog\/wp-content\/uploads\/2025\/05\/ruz_cp217_13-300x225.jpg 300w, https:\/\/www.periferieprahy.cz\/blog\/wp-content\/uploads\/2025\/05\/ruz_cp217_13-1024x768.jpg 1024w, https:\/\/www.periferieprahy.cz\/blog\/wp-content\/uploads\/2025\/05\/ruz_cp217_13-150x113.jpg 150w, https:\/\/www.periferieprahy.cz\/blog\/wp-content\/uploads\/2025\/05\/ruz_cp217_13-768x576.jpg 768w, https:\/\/www.periferieprahy.cz\/blog\/wp-content\/uploads\/2025\/05\/ruz_cp217_13-1536x1152.jpg 1536w\" sizes=\"auto, (max-width: 1600px) 100vw, 1600px\" \/><span>Rok 2008 budova prav\u00e9ho k\u0159\u00eddla v \u017ealostn\u00e9m stavu. U\u017e jsem si myslel, \u017ee je to z\u00e1m\u011br, jak kas\u00e1rna nechat zdevastovat a prodat developer\u016fm<\/span><\/a><\/div><\/div><div class=\"su-image-carousel-item\"><div class=\"su-image-carousel-item-content\"><a href=\"https:\/\/www.periferieprahy.cz\/blog\/wp-content\/uploads\/2025\/05\/ruz_cp217_12.jpg\" data-caption=\"Park p\u0159ed prav\u00fdm k\u0159\u00eddlem, kam chodily v ned\u011bli  n\u00e1v\u0161t\u011bvy voj\u00e1k\u016f. V budov\u011b byla dole j\u00eddelna, v prvn\u00ed pat\u0159e rota technick\u00e9 opravny 71. plrb a ve druh\u00e9m pat\u0159e velitelsk\u00e1 rota. Dnes Vojensk\u00fd \u00fast\u0159edn\u00ed archiv.\"><img loading=\"lazy\" decoding=\"async\" width=\"1600\" height=\"1200\" src=\"https:\/\/www.periferieprahy.cz\/blog\/wp-content\/uploads\/2025\/05\/ruz_cp217_12.jpg\" class=\"\" alt=\"\" srcset=\"https:\/\/www.periferieprahy.cz\/blog\/wp-content\/uploads\/2025\/05\/ruz_cp217_12.jpg 1600w, https:\/\/www.periferieprahy.cz\/blog\/wp-content\/uploads\/2025\/05\/ruz_cp217_12-300x225.jpg 300w, https:\/\/www.periferieprahy.cz\/blog\/wp-content\/uploads\/2025\/05\/ruz_cp217_12-1024x768.jpg 1024w, https:\/\/www.periferieprahy.cz\/blog\/wp-content\/uploads\/2025\/05\/ruz_cp217_12-150x113.jpg 150w, https:\/\/www.periferieprahy.cz\/blog\/wp-content\/uploads\/2025\/05\/ruz_cp217_12-768x576.jpg 768w, https:\/\/www.periferieprahy.cz\/blog\/wp-content\/uploads\/2025\/05\/ruz_cp217_12-1536x1152.jpg 1536w\" sizes=\"auto, (max-width: 1600px) 100vw, 1600px\" \/><span>Park p\u0159ed prav\u00fdm k\u0159\u00eddlem, kam chodily v ned\u011bli  n\u00e1v\u0161t\u011bvy voj\u00e1k\u016f. V budov\u011b byla dole j\u00eddelna, v prvn\u00ed pat\u0159e rota technick\u00e9 opravny 71. plrb a ve druh\u00e9m pat\u0159e velitelsk\u00e1 rota. Dnes Vojensk\u00fd \u00fast\u0159edn\u00ed archiv.<\/span><\/a><\/div><\/div><div class=\"su-image-carousel-item\"><div class=\"su-image-carousel-item-content\"><a href=\"https:\/\/www.periferieprahy.cz\/blog\/wp-content\/uploads\/2025\/05\/ruz_cp217_19.jpg\" data-caption=\"\"><img loading=\"lazy\" decoding=\"async\" width=\"1179\" height=\"661\" src=\"https:\/\/www.periferieprahy.cz\/blog\/wp-content\/uploads\/2025\/05\/ruz_cp217_19.jpg\" class=\"\" alt=\"\" srcset=\"https:\/\/www.periferieprahy.cz\/blog\/wp-content\/uploads\/2025\/05\/ruz_cp217_19.jpg 1179w, https:\/\/www.periferieprahy.cz\/blog\/wp-content\/uploads\/2025\/05\/ruz_cp217_19-300x168.jpg 300w, https:\/\/www.periferieprahy.cz\/blog\/wp-content\/uploads\/2025\/05\/ruz_cp217_19-1024x574.jpg 1024w, https:\/\/www.periferieprahy.cz\/blog\/wp-content\/uploads\/2025\/05\/ruz_cp217_19-150x84.jpg 150w, https:\/\/www.periferieprahy.cz\/blog\/wp-content\/uploads\/2025\/05\/ruz_cp217_19-768x431.jpg 768w\" sizes=\"auto, (max-width: 1179px) 100vw, 1179px\" \/><span><\/span><\/a><\/div><\/div><div class=\"su-image-carousel-item\"><div class=\"su-image-carousel-item-content\"><a href=\"https:\/\/www.periferieprahy.cz\/blog\/wp-content\/uploads\/2025\/05\/ruz_cp217_.jpg\" data-caption=\"Moje mali\u010dkost v roce 2011p\u0159ed b\u00fdval\u00fdm kas\u00e1rensk\u00fdm arestem. To jsem se vracel z archivu. Krimin\u00e1l byl u hlavn\u00ed p\u0159\u00edjezdov\u00e9 komunikace, hned  u vjezdu a byl v komplexu hlavn\u00ed budovy. Za m\u00e9ho voj\u00e1kov\u00e1ni se zde odb\u00fdvaly tresty v\u011bzen\u00ed po slu\u017eb\u011b. &quot;Ostr\u00e9&quot; (celodenn\u00ed) se chodily odsed\u011bt do pos\u00e1dkov\u00e9ho v\u011bzen\u00ed v b\u00fdval\u00fdch kas\u00e1rn\u00e1ch na N\u00e1m\u011bst\u00ed Republiky\"><img loading=\"lazy\" decoding=\"async\" width=\"960\" height=\"710\" src=\"https:\/\/www.periferieprahy.cz\/blog\/wp-content\/uploads\/2025\/05\/ruz_cp217_.jpg\" class=\"\" alt=\"\" srcset=\"https:\/\/www.periferieprahy.cz\/blog\/wp-content\/uploads\/2025\/05\/ruz_cp217_.jpg 960w, https:\/\/www.periferieprahy.cz\/blog\/wp-content\/uploads\/2025\/05\/ruz_cp217_-300x222.jpg 300w, https:\/\/www.periferieprahy.cz\/blog\/wp-content\/uploads\/2025\/05\/ruz_cp217_-150x111.jpg 150w, https:\/\/www.periferieprahy.cz\/blog\/wp-content\/uploads\/2025\/05\/ruz_cp217_-768x568.jpg 768w\" sizes=\"auto, (max-width: 960px) 100vw, 960px\" \/><span>Moje mali\u010dkost v roce 2011p\u0159ed b\u00fdval\u00fdm kas\u00e1rensk\u00fdm arestem. To jsem se vracel z archivu. Krimin\u00e1l byl u hlavn\u00ed p\u0159\u00edjezdov\u00e9 komunikace, hned  u vjezdu a byl v komplexu hlavn\u00ed budovy. Za m\u00e9ho voj\u00e1kov\u00e1ni se zde odb\u00fdvaly tresty v\u011bzen\u00ed po slu\u017eb\u011b. \"Ostr\u00e9\" (celodenn\u00ed) se chodily odsed\u011bt do pos\u00e1dkov\u00e9ho v\u011bzen\u00ed v b\u00fdval\u00fdch kas\u00e1rn\u00e1ch na N\u00e1m\u011bst\u00ed Republiky<\/span><\/a><\/div><\/div><div class=\"su-image-carousel-item\"><div class=\"su-image-carousel-item-content\"><a href=\"https:\/\/www.periferieprahy.cz\/blog\/wp-content\/uploads\/2025\/05\/ruz_cp217_zidka.jpg\" data-caption=\"Zadn\u00ed branka. Takhle u\u017e to tak\u00e9 nevypad\u00e1. Na t\u00e9 z\u00eddce jsem n\u011bkdy sed\u00e1val s Janou, kdy\u017e za mnou p\u0159i\u0161la a j\u00e1 nem\u011bl vych\u00e1zku. Branka a p\u016fvodn\u00ed oplocen\u00ed ve Vlastin\u011b ulici vzalo za sv\u00e9 p\u0159i v\u00fdstavb\u011b tramvajov\u00e9 trati na D\u011bdinu.\"><img loading=\"lazy\" decoding=\"async\" width=\"992\" height=\"456\" src=\"https:\/\/www.periferieprahy.cz\/blog\/wp-content\/uploads\/2025\/05\/ruz_cp217_zidka.jpg\" class=\"\" alt=\"\" srcset=\"https:\/\/www.periferieprahy.cz\/blog\/wp-content\/uploads\/2025\/05\/ruz_cp217_zidka.jpg 992w, https:\/\/www.periferieprahy.cz\/blog\/wp-content\/uploads\/2025\/05\/ruz_cp217_zidka-300x138.jpg 300w, https:\/\/www.periferieprahy.cz\/blog\/wp-content\/uploads\/2025\/05\/ruz_cp217_zidka-150x69.jpg 150w, https:\/\/www.periferieprahy.cz\/blog\/wp-content\/uploads\/2025\/05\/ruz_cp217_zidka-768x353.jpg 768w\" sizes=\"auto, (max-width: 992px) 100vw, 992px\" \/><span>Zadn\u00ed branka. Takhle u\u017e to tak\u00e9 nevypad\u00e1. Na t\u00e9 z\u00eddce jsem n\u011bkdy sed\u00e1val s Janou, kdy\u017e za mnou p\u0159i\u0161la a j\u00e1 nem\u011bl vych\u00e1zku. Branka a p\u016fvodn\u00ed oplocen\u00ed ve Vlastin\u011b ulici vzalo za sv\u00e9 p\u0159i v\u00fdstavb\u011b tramvajov\u00e9 trati na D\u011bdinu.<\/span><\/a><\/div><\/div><\/div><script id=\"su_image_carousel_69f3141513ec8_script\">if(window.SUImageCarousel){setTimeout(function() {window.SUImageCarousel.initGallery(document.getElementById(\"su_image_carousel_69f3141513ec8\"))}, 0);}var su_image_carousel_69f3141513ec8_script=document.getElementById(\"su_image_carousel_69f3141513ec8_script\");if(su_image_carousel_69f3141513ec8_script){su_image_carousel_69f3141513ec8_script.parentNode.removeChild(su_image_carousel_69f3141513ec8_script);}<\/script>\n","protected":false},"excerpt":{"rendered":"<p>D\u011bjiny d\u011blost\u0159eleck\u00fdch kas\u00e1ren v Ruzyni za\u010daly zah\u00e1jen\u00edm jejich v\u00fdstavby v roce 1924. A ji\u017e v listopadu roku 1927 sem byl z \u010cern\u00ednsk\u00fdch kas\u00e1ren (\u010cern\u00ednsk\u00fd pal\u00e1c, dnes budova Ministerstva zahrani\u010dn\u00edch v\u011bc\u00ed) p\u0159em\u00edst\u011bn d\u011blost\u0159eleck\u00fd pluk 1 Jana \u017di\u017eky z Trocnova. Jeho tehdej\u0161\u00edm velitelem byl  pplk. Alois Macha\u010d\u00edk. D\u011blost\u0159elci tu vydr\u017eeli a\u017e do 23.5.1938. K tomuto datu byli p\u0159em\u00edst\u011bn\u00ed do Jihlavy a jejich m\u00edsto v Ruzyni nakr\u00e1tko zaujali dragouni. D\u011blost\u0159elci se sem , op\u011bt nakr\u00e1tko, vr\u00e1tili po v\u00e1lce. <\/p>\n","protected":false},"author":1,"featured_media":3912,"comment_status":"open","ping_status":"open","sticky":false,"template":"","format":"standard","meta":{"_exactmetrics_skip_tracking":false,"_exactmetrics_sitenote_active":false,"_exactmetrics_sitenote_note":"","_exactmetrics_sitenote_category":0,"footnotes":""},"categories":[23,3],"tags":[],"post_folder":[],"class_list":["post-3930","post","type-post","status-publish","format-standard","has-post-thumbnail","hentry","category-ruzyne","category-redakce"],"_links":{"self":[{"href":"https:\/\/www.periferieprahy.cz\/blog\/wp-json\/wp\/v2\/posts\/3930","targetHints":{"allow":["GET"]}}],"collection":[{"href":"https:\/\/www.periferieprahy.cz\/blog\/wp-json\/wp\/v2\/posts"}],"about":[{"href":"https:\/\/www.periferieprahy.cz\/blog\/wp-json\/wp\/v2\/types\/post"}],"author":[{"embeddable":true,"href":"https:\/\/www.periferieprahy.cz\/blog\/wp-json\/wp\/v2\/users\/1"}],"replies":[{"embeddable":true,"href":"https:\/\/www.periferieprahy.cz\/blog\/wp-json\/wp\/v2\/comments?post=3930"}],"version-history":[{"count":5,"href":"https:\/\/www.periferieprahy.cz\/blog\/wp-json\/wp\/v2\/posts\/3930\/revisions"}],"predecessor-version":[{"id":4593,"href":"https:\/\/www.periferieprahy.cz\/blog\/wp-json\/wp\/v2\/posts\/3930\/revisions\/4593"}],"wp:featuredmedia":[{"embeddable":true,"href":"https:\/\/www.periferieprahy.cz\/blog\/wp-json\/wp\/v2\/media\/3912"}],"wp:attachment":[{"href":"https:\/\/www.periferieprahy.cz\/blog\/wp-json\/wp\/v2\/media?parent=3930"}],"wp:term":[{"taxonomy":"category","embeddable":true,"href":"https:\/\/www.periferieprahy.cz\/blog\/wp-json\/wp\/v2\/categories?post=3930"},{"taxonomy":"post_tag","embeddable":true,"href":"https:\/\/www.periferieprahy.cz\/blog\/wp-json\/wp\/v2\/tags?post=3930"},{"taxonomy":"post_folder","embeddable":true,"href":"https:\/\/www.periferieprahy.cz\/blog\/wp-json\/wp\/v2\/post_folder?post=3930"}],"curies":[{"name":"wp","href":"https:\/\/api.w.org\/{rel}","templated":true}]}}