{"id":3966,"date":"2025-05-28T20:29:33","date_gmt":"2025-05-28T18:29:33","guid":{"rendered":"https:\/\/www.periferieprahy.cz\/blog\/?p=3966"},"modified":"2025-06-21T21:22:30","modified_gmt":"2025-06-21T19:22:30","slug":"c-p-226-u-dzbanu","status":"publish","type":"post","link":"https:\/\/www.periferieprahy.cz\/blog\/2025\/05\/28\/c-p-226-u-dzbanu\/","title":{"rendered":"\u010c.p. 226 &#8222;U D\u017eb\u00e1nu&#8220;"},"content":{"rendered":"\n<img loading=\"lazy\" decoding=\"async\" border=\"0\" src=\"https:\/\/www.periferieprahy.cz\/blog\/wp-content\/uploads\/2024\/12\/pismo7_11.gif\" width=\"111\" height=\"137\" align=\"left\"><b><font size=\"7\" color=\"#DD0000\">andova \n\t\t\trestaurace &quot;U D\u017eb\u00e1nu&quot;<\/font><\/b><p align=\"justify\">Tato restaurace \n\t\t\tpat\u0159\u00ed mezi ty, kter\u00e9 nemaj\u00ed tak dlouhou historii jakou pamatuj\u00ed \n\t\t\thospody ve star\u00e9 Liboci v okol\u00ed kostela. Byla otev\u0159ena v roce 1934 \n\t\t\trodinou Land\u016f. Le\u017e\u00ed v z\u00e1stavb\u011b bytov\u00fdch dom\u016f a vilek mezi ulicemi \n\t\t\tJene\u010dskou a Evropskou a m\u00e1&nbsp; dva vchody. Hlavn\u00ed z Evropsk\u00e9, p\u0159es \n\t\t\tp\u0159edzahr\u00e1dku, kde se kr\u00e1sn\u011b sed\u011blo pod ka\u0161tany&nbsp; a druh\u00fd vchod z \n\t\t\tJene\u010dsk\u00e9.&nbsp; Pod\u00edvejme se na n\u011bkolik, ji\u017e historick\u00fdch \n\t\t\tfotografi\u00ed, kter\u00e9 poskytli potomci zakladatel\u016f t\u00e9to restaurace. \n\t\t\tP\u0159e\u017eila dodnes, p\u0159es doby dobr\u00e9 i zl\u00e9.\n\n\n\n<h2 class=\"wp-block-heading has-text-align-center\">Zakladatel\u00e9 a prvn\u00ed majitel\u00e9 <\/h2>\n\n\n<div class=\"su-image-carousel  su-image-carousel-columns-3 su-image-carousel-has-spacing su-image-carousel-crop su-image-carousel-crop-2-3 su-image-carousel-has-lightbox su-image-carousel-has-outline su-image-carousel-adaptive su-image-carousel-slides-style-default su-image-carousel-controls-style-dark su-image-carousel-align-center\" style=\"max-width:800px\" data-flickity-options='{\"groupCells\":true,\"cellSelector\":\".su-image-carousel-item\",\"adaptiveHeight\":false,\"cellAlign\":\"left\",\"prevNextButtons\":true,\"pageDots\":true,\"autoPlay\":7000,\"imagesLoaded\":true,\"contain\":true,\"selectedAttraction\":0.1499999999999999944488848768742172978818416595458984375,\"friction\":1}' id=\"su_image_carousel_69f448ff26ded\"><div class=\"su-image-carousel-item\"><div class=\"su-image-carousel-item-content\"><a href=\"https:\/\/www.periferieprahy.cz\/blog\/wp-content\/uploads\/2025\/05\/cp226_5.jpg\" data-caption=\"Karel Landa *1887-\u20201954\"><img loading=\"lazy\" decoding=\"async\" width=\"686\" height=\"784\" src=\"https:\/\/www.periferieprahy.cz\/blog\/wp-content\/uploads\/2025\/05\/cp226_5.jpg\" class=\"\" alt=\"\" srcset=\"https:\/\/www.periferieprahy.cz\/blog\/wp-content\/uploads\/2025\/05\/cp226_5.jpg 686w, https:\/\/www.periferieprahy.cz\/blog\/wp-content\/uploads\/2025\/05\/cp226_5-263x300.jpg 263w, https:\/\/www.periferieprahy.cz\/blog\/wp-content\/uploads\/2025\/05\/cp226_5-131x150.jpg 131w\" sizes=\"auto, (max-width: 686px) 100vw, 686px\" \/><span>Karel Landa *1887-\u20201954<\/span><\/a><\/div><\/div><div class=\"su-image-carousel-item\"><div class=\"su-image-carousel-item-content\"><a href=\"https:\/\/www.periferieprahy.cz\/blog\/wp-content\/uploads\/2025\/05\/cp226_4.jpg\" data-caption=\"Bohumila Landov\u00e1 *1892 - \u20201964\"><img loading=\"lazy\" decoding=\"async\" width=\"655\" height=\"847\" src=\"https:\/\/www.periferieprahy.cz\/blog\/wp-content\/uploads\/2025\/05\/cp226_4.jpg\" class=\"\" alt=\"\" srcset=\"https:\/\/www.periferieprahy.cz\/blog\/wp-content\/uploads\/2025\/05\/cp226_4.jpg 655w, https:\/\/www.periferieprahy.cz\/blog\/wp-content\/uploads\/2025\/05\/cp226_4-232x300.jpg 232w, https:\/\/www.periferieprahy.cz\/blog\/wp-content\/uploads\/2025\/05\/cp226_4-116x150.jpg 116w\" sizes=\"auto, (max-width: 655px) 100vw, 655px\" \/><span>Bohumila Landov\u00e1 *1892 - \u20201964<\/span><\/a><\/div><\/div><div class=\"su-image-carousel-item\"><div class=\"su-image-carousel-item-content\"><a href=\"https:\/\/www.periferieprahy.cz\/blog\/wp-content\/uploads\/2025\/05\/cp226_12.jpg\" data-caption=\"Majitel restaurace &quot;U D\u017eb\u00e1nu&quot; Karel Landa *1887-\u20201954 a Karel Landa syn *1910 - \u20201984.\"><img loading=\"lazy\" decoding=\"async\" width=\"1012\" height=\"1600\" src=\"https:\/\/www.periferieprahy.cz\/blog\/wp-content\/uploads\/2025\/05\/cp226_12.jpg\" class=\"\" alt=\"\" srcset=\"https:\/\/www.periferieprahy.cz\/blog\/wp-content\/uploads\/2025\/05\/cp226_12.jpg 1012w, https:\/\/www.periferieprahy.cz\/blog\/wp-content\/uploads\/2025\/05\/cp226_12-190x300.jpg 190w, https:\/\/www.periferieprahy.cz\/blog\/wp-content\/uploads\/2025\/05\/cp226_12-648x1024.jpg 648w, https:\/\/www.periferieprahy.cz\/blog\/wp-content\/uploads\/2025\/05\/cp226_12-95x150.jpg 95w, https:\/\/www.periferieprahy.cz\/blog\/wp-content\/uploads\/2025\/05\/cp226_12-768x1214.jpg 768w, https:\/\/www.periferieprahy.cz\/blog\/wp-content\/uploads\/2025\/05\/cp226_12-972x1536.jpg 972w\" sizes=\"auto, (max-width: 1012px) 100vw, 1012px\" \/><span>Majitel restaurace \"U D\u017eb\u00e1nu\" Karel Landa *1887-\u20201954 a Karel Landa syn *1910 - \u20201984.<\/span><\/a><\/div><\/div><\/div><script id=\"su_image_carousel_69f448ff26ded_script\">if(window.SUImageCarousel){setTimeout(function() {window.SUImageCarousel.initGallery(document.getElementById(\"su_image_carousel_69f448ff26ded\"))}, 0);}var su_image_carousel_69f448ff26ded_script=document.getElementById(\"su_image_carousel_69f448ff26ded_script\");if(su_image_carousel_69f448ff26ded_script){su_image_carousel_69f448ff26ded_script.parentNode.removeChild(su_image_carousel_69f448ff26ded_script);}<\/script>\n\n\n<div class=\"su-image-carousel  su-image-carousel-has-spacing su-image-carousel-crop su-image-carousel-crop-3-2 su-image-carousel-has-lightbox su-image-carousel-has-outline su-image-carousel-adaptive su-image-carousel-slides-style-default su-image-carousel-controls-style-dark su-image-carousel-align-center\" style=\"max-width:800px\" data-flickity-options='{\"groupCells\":true,\"cellSelector\":\".su-image-carousel-item\",\"adaptiveHeight\":false,\"cellAlign\":\"left\",\"prevNextButtons\":true,\"pageDots\":true,\"autoPlay\":7000,\"imagesLoaded\":true,\"contain\":true,\"selectedAttraction\":0.1499999999999999944488848768742172978818416595458984375,\"friction\":1}' id=\"su_image_carousel_69f448ff27bf3\"><div class=\"su-image-carousel-item\"><div class=\"su-image-carousel-item-content\"><a href=\"https:\/\/www.periferieprahy.cz\/blog\/wp-content\/uploads\/2025\/05\/cp226_1.jpg\" data-caption=\"Karel Landa se sv\u00fdmi zam\u011bstnanci\"><img loading=\"lazy\" decoding=\"async\" width=\"1490\" height=\"940\" src=\"https:\/\/www.periferieprahy.cz\/blog\/wp-content\/uploads\/2025\/05\/cp226_1.jpg\" class=\"\" alt=\"\" srcset=\"https:\/\/www.periferieprahy.cz\/blog\/wp-content\/uploads\/2025\/05\/cp226_1.jpg 1490w, https:\/\/www.periferieprahy.cz\/blog\/wp-content\/uploads\/2025\/05\/cp226_1-300x189.jpg 300w, https:\/\/www.periferieprahy.cz\/blog\/wp-content\/uploads\/2025\/05\/cp226_1-1024x646.jpg 1024w, https:\/\/www.periferieprahy.cz\/blog\/wp-content\/uploads\/2025\/05\/cp226_1-150x95.jpg 150w, https:\/\/www.periferieprahy.cz\/blog\/wp-content\/uploads\/2025\/05\/cp226_1-768x485.jpg 768w\" sizes=\"auto, (max-width: 1490px) 100vw, 1490px\" \/><span>Karel Landa se sv\u00fdmi zam\u011bstnanci<\/span><\/a><\/div><\/div><div class=\"su-image-carousel-item\"><div class=\"su-image-carousel-item-content\"><a href=\"https:\/\/www.periferieprahy.cz\/blog\/wp-content\/uploads\/2025\/05\/cp226_3.jpg\" data-caption=\"Pan Landa s pan\u00ed Landovou na p\u0159edzahr\u00e1dce s p\u0159\u00e1teli. Kolem roku 1930\"><img loading=\"lazy\" decoding=\"async\" width=\"936\" height=\"640\" src=\"https:\/\/www.periferieprahy.cz\/blog\/wp-content\/uploads\/2025\/05\/cp226_3.jpg\" class=\"\" alt=\"\" srcset=\"https:\/\/www.periferieprahy.cz\/blog\/wp-content\/uploads\/2025\/05\/cp226_3.jpg 936w, https:\/\/www.periferieprahy.cz\/blog\/wp-content\/uploads\/2025\/05\/cp226_3-300x205.jpg 300w, https:\/\/www.periferieprahy.cz\/blog\/wp-content\/uploads\/2025\/05\/cp226_3-150x103.jpg 150w, https:\/\/www.periferieprahy.cz\/blog\/wp-content\/uploads\/2025\/05\/cp226_3-768x525.jpg 768w\" sizes=\"auto, (max-width: 936px) 100vw, 936px\" \/><span>Pan Landa s pan\u00ed Landovou na p\u0159edzahr\u00e1dce s p\u0159\u00e1teli. Kolem roku 1930<\/span><\/a><\/div><\/div><div class=\"su-image-carousel-item\"><div class=\"su-image-carousel-item-content\"><a href=\"https:\/\/www.periferieprahy.cz\/blog\/wp-content\/uploads\/2025\/05\/cp226_6.jpg\" data-caption=\"Restauraci m\u011bl v roce 1935 kr\u00e1tce v pron\u00e1jmu pan \u0160pa\u010dek. Proslul\u00e9 ka\u0161tany jsou \u010derstv\u011b zasazeny.\"><img loading=\"lazy\" decoding=\"async\" width=\"1565\" height=\"947\" src=\"https:\/\/www.periferieprahy.cz\/blog\/wp-content\/uploads\/2025\/05\/cp226_6.jpg\" class=\"\" alt=\"\" srcset=\"https:\/\/www.periferieprahy.cz\/blog\/wp-content\/uploads\/2025\/05\/cp226_6.jpg 1565w, https:\/\/www.periferieprahy.cz\/blog\/wp-content\/uploads\/2025\/05\/cp226_6-300x182.jpg 300w, https:\/\/www.periferieprahy.cz\/blog\/wp-content\/uploads\/2025\/05\/cp226_6-1024x620.jpg 1024w, https:\/\/www.periferieprahy.cz\/blog\/wp-content\/uploads\/2025\/05\/cp226_6-150x91.jpg 150w, https:\/\/www.periferieprahy.cz\/blog\/wp-content\/uploads\/2025\/05\/cp226_6-768x465.jpg 768w, https:\/\/www.periferieprahy.cz\/blog\/wp-content\/uploads\/2025\/05\/cp226_6-1536x929.jpg 1536w\" sizes=\"auto, (max-width: 1565px) 100vw, 1565px\" \/><span>Restauraci m\u011bl v roce 1935 kr\u00e1tce v pron\u00e1jmu pan \u0160pa\u010dek. Proslul\u00e9 ka\u0161tany jsou \u010derstv\u011b zasazeny.<\/span><\/a><\/div><\/div><\/div><script id=\"su_image_carousel_69f448ff27bf3_script\">if(window.SUImageCarousel){setTimeout(function() {window.SUImageCarousel.initGallery(document.getElementById(\"su_image_carousel_69f448ff27bf3\"))}, 0);}var su_image_carousel_69f448ff27bf3_script=document.getElementById(\"su_image_carousel_69f448ff27bf3_script\");if(su_image_carousel_69f448ff27bf3_script){su_image_carousel_69f448ff27bf3_script.parentNode.removeChild(su_image_carousel_69f448ff27bf3_script);}<\/script>\n\n\n\n<h2 class=\"wp-block-heading has-text-align-center\">Jak \u0161el \u010das<\/h2>\n\n\n<div class=\"su-image-carousel  su-image-carousel-has-spacing su-image-carousel-crop su-image-carousel-crop-3-2 su-image-carousel-has-lightbox su-image-carousel-has-outline su-image-carousel-adaptive su-image-carousel-slides-style-default su-image-carousel-controls-style-dark su-image-carousel-align-center\" style=\"max-width:800px\" data-flickity-options='{\"groupCells\":true,\"cellSelector\":\".su-image-carousel-item\",\"adaptiveHeight\":false,\"cellAlign\":\"left\",\"prevNextButtons\":true,\"pageDots\":true,\"autoPlay\":7000,\"imagesLoaded\":true,\"contain\":true,\"selectedAttraction\":0.1499999999999999944488848768742172978818416595458984375,\"friction\":1}' id=\"su_image_carousel_69f448ff28d64\"><div class=\"su-image-carousel-item\"><div class=\"su-image-carousel-item-content\"><a href=\"https:\/\/www.periferieprahy.cz\/blog\/wp-content\/uploads\/2025\/05\/cp226_7.jpg\" data-caption=\"\"><img loading=\"lazy\" decoding=\"async\" width=\"1993\" height=\"1248\" src=\"https:\/\/www.periferieprahy.cz\/blog\/wp-content\/uploads\/2025\/05\/cp226_7.jpg\" class=\"\" alt=\"\" srcset=\"https:\/\/www.periferieprahy.cz\/blog\/wp-content\/uploads\/2025\/05\/cp226_7.jpg 1993w, https:\/\/www.periferieprahy.cz\/blog\/wp-content\/uploads\/2025\/05\/cp226_7-300x188.jpg 300w, https:\/\/www.periferieprahy.cz\/blog\/wp-content\/uploads\/2025\/05\/cp226_7-1024x641.jpg 1024w, https:\/\/www.periferieprahy.cz\/blog\/wp-content\/uploads\/2025\/05\/cp226_7-150x94.jpg 150w, https:\/\/www.periferieprahy.cz\/blog\/wp-content\/uploads\/2025\/05\/cp226_7-768x481.jpg 768w, https:\/\/www.periferieprahy.cz\/blog\/wp-content\/uploads\/2025\/05\/cp226_7-1536x962.jpg 1536w\" sizes=\"auto, (max-width: 1993px) 100vw, 1993px\" \/><span><\/span><\/a><\/div><\/div><div class=\"su-image-carousel-item\"><div class=\"su-image-carousel-item-content\"><a href=\"https:\/\/www.periferieprahy.cz\/blog\/wp-content\/uploads\/2025\/05\/cp226_8.jpg\" data-caption=\"Ka\u0161tany kr\u00e1sn\u011b rostou, to by mohl b\u00fdt tak rok 1936. V\u0161imn\u011bte si, \u017ee tehdej\u0161\u00ed Kladensk\u00e1 byla v rekonstrukci.\"><img loading=\"lazy\" decoding=\"async\" width=\"942\" height=\"635\" src=\"https:\/\/www.periferieprahy.cz\/blog\/wp-content\/uploads\/2025\/05\/cp226_8.jpg\" class=\"\" alt=\"\" srcset=\"https:\/\/www.periferieprahy.cz\/blog\/wp-content\/uploads\/2025\/05\/cp226_8.jpg 942w, https:\/\/www.periferieprahy.cz\/blog\/wp-content\/uploads\/2025\/05\/cp226_8-300x202.jpg 300w, https:\/\/www.periferieprahy.cz\/blog\/wp-content\/uploads\/2025\/05\/cp226_8-150x101.jpg 150w, https:\/\/www.periferieprahy.cz\/blog\/wp-content\/uploads\/2025\/05\/cp226_8-768x518.jpg 768w\" sizes=\"auto, (max-width: 942px) 100vw, 942px\" \/><span>Ka\u0161tany kr\u00e1sn\u011b rostou, to by mohl b\u00fdt tak rok 1936. V\u0161imn\u011bte si, \u017ee tehdej\u0161\u00ed Kladensk\u00e1 byla v rekonstrukci.<\/span><\/a><\/div><\/div><div class=\"su-image-carousel-item\"><div class=\"su-image-carousel-item-content\"><a href=\"https:\/\/www.periferieprahy.cz\/blog\/wp-content\/uploads\/2025\/05\/cp226_9.jpg\" data-caption=\"Ka\u0161tany op\u011bt o n\u011bco vy\u0161\u0161\u00ed a tramvaj tady je\u0161t\u011b nejezdila. Ta kon\u010dila u Vokovick\u00e9 vozovny. Do stanice Divok\u00e1 \u0160\u00e1rka byla z\u0159\u00edzena a\u017e 20. 7. 1946. Tak\u017ee to bylo foceno p\u0159ed t\u00edmto rokem.\"><img loading=\"lazy\" decoding=\"async\" width=\"1520\" height=\"912\" src=\"https:\/\/www.periferieprahy.cz\/blog\/wp-content\/uploads\/2025\/05\/cp226_9.jpg\" class=\"\" alt=\"\" srcset=\"https:\/\/www.periferieprahy.cz\/blog\/wp-content\/uploads\/2025\/05\/cp226_9.jpg 1520w, https:\/\/www.periferieprahy.cz\/blog\/wp-content\/uploads\/2025\/05\/cp226_9-300x180.jpg 300w, https:\/\/www.periferieprahy.cz\/blog\/wp-content\/uploads\/2025\/05\/cp226_9-1024x614.jpg 1024w, https:\/\/www.periferieprahy.cz\/blog\/wp-content\/uploads\/2025\/05\/cp226_9-150x90.jpg 150w, https:\/\/www.periferieprahy.cz\/blog\/wp-content\/uploads\/2025\/05\/cp226_9-768x461.jpg 768w\" sizes=\"auto, (max-width: 1520px) 100vw, 1520px\" \/><span>Ka\u0161tany op\u011bt o n\u011bco vy\u0161\u0161\u00ed a tramvaj tady je\u0161t\u011b nejezdila. Ta kon\u010dila u Vokovick\u00e9 vozovny. Do stanice Divok\u00e1 \u0160\u00e1rka byla z\u0159\u00edzena a\u017e 20. 7. 1946. Tak\u017ee to bylo foceno p\u0159ed t\u00edmto rokem.<\/span><\/a><\/div><\/div><div class=\"su-image-carousel-item\"><div class=\"su-image-carousel-item-content\"><a href=\"https:\/\/www.periferieprahy.cz\/blog\/wp-content\/uploads\/2025\/05\/cp226_10.jpg\" data-caption=\"Pohled z Evropsk\u00e9 2011\"><img loading=\"lazy\" decoding=\"async\" width=\"689\" height=\"250\" src=\"https:\/\/www.periferieprahy.cz\/blog\/wp-content\/uploads\/2025\/05\/cp226_10.jpg\" class=\"\" alt=\"\" srcset=\"https:\/\/www.periferieprahy.cz\/blog\/wp-content\/uploads\/2025\/05\/cp226_10.jpg 689w, https:\/\/www.periferieprahy.cz\/blog\/wp-content\/uploads\/2025\/05\/cp226_10-300x109.jpg 300w, https:\/\/www.periferieprahy.cz\/blog\/wp-content\/uploads\/2025\/05\/cp226_10-150x54.jpg 150w\" sizes=\"auto, (max-width: 689px) 100vw, 689px\" \/><span>Pohled z Evropsk\u00e9 2011<\/span><\/a><\/div><\/div><div class=\"su-image-carousel-item\"><div class=\"su-image-carousel-item-content\"><a href=\"https:\/\/www.periferieprahy.cz\/blog\/wp-content\/uploads\/2025\/05\/cp226_11.jpg\" data-caption=\"Vchod z Jene\u010dsk\u00e9 2010\"><img loading=\"lazy\" decoding=\"async\" width=\"1170\" height=\"750\" src=\"https:\/\/www.periferieprahy.cz\/blog\/wp-content\/uploads\/2025\/05\/cp226_11.jpg\" class=\"\" alt=\"\" srcset=\"https:\/\/www.periferieprahy.cz\/blog\/wp-content\/uploads\/2025\/05\/cp226_11.jpg 1170w, https:\/\/www.periferieprahy.cz\/blog\/wp-content\/uploads\/2025\/05\/cp226_11-300x192.jpg 300w, https:\/\/www.periferieprahy.cz\/blog\/wp-content\/uploads\/2025\/05\/cp226_11-1024x656.jpg 1024w, https:\/\/www.periferieprahy.cz\/blog\/wp-content\/uploads\/2025\/05\/cp226_11-150x96.jpg 150w, https:\/\/www.periferieprahy.cz\/blog\/wp-content\/uploads\/2025\/05\/cp226_11-768x492.jpg 768w\" sizes=\"auto, (max-width: 1170px) 100vw, 1170px\" \/><span>Vchod z Jene\u010dsk\u00e9 2010<\/span><\/a><\/div><\/div><\/div><script id=\"su_image_carousel_69f448ff28d64_script\">if(window.SUImageCarousel){setTimeout(function() {window.SUImageCarousel.initGallery(document.getElementById(\"su_image_carousel_69f448ff28d64\"))}, 0);}var su_image_carousel_69f448ff28d64_script=document.getElementById(\"su_image_carousel_69f448ff28d64_script\");if(su_image_carousel_69f448ff28d64_script){su_image_carousel_69f448ff28d64_script.parentNode.removeChild(su_image_carousel_69f448ff28d64_script);}<\/script>\n\n\n<div class=\"wp-block-image\">\n<figure class=\"aligncenter size-large is-resized\"><img loading=\"lazy\" decoding=\"async\" width=\"1024\" height=\"730\" src=\"https:\/\/www.periferieprahy.cz\/blog\/wp-content\/uploads\/2025\/05\/cp226_2-1024x730.jpg\" alt=\"\" class=\"wp-image-3968\" style=\"width:644px;height:auto\" srcset=\"https:\/\/www.periferieprahy.cz\/blog\/wp-content\/uploads\/2025\/05\/cp226_2-1024x730.jpg 1024w, https:\/\/www.periferieprahy.cz\/blog\/wp-content\/uploads\/2025\/05\/cp226_2-300x214.jpg 300w, https:\/\/www.periferieprahy.cz\/blog\/wp-content\/uploads\/2025\/05\/cp226_2-150x107.jpg 150w, https:\/\/www.periferieprahy.cz\/blog\/wp-content\/uploads\/2025\/05\/cp226_2-768x548.jpg 768w, https:\/\/www.periferieprahy.cz\/blog\/wp-content\/uploads\/2025\/05\/cp226_2-1536x1095.jpg 1536w, https:\/\/www.periferieprahy.cz\/blog\/wp-content\/uploads\/2025\/05\/cp226_2.jpg 1600w\" sizes=\"auto, (max-width: 1024px) 100vw, 1024px\" \/><figcaption class=\"wp-element-caption\">Tahle kapela tu pravideln\u011b vyhr\u00e1vala, tan\u010dilo se a bylo veselo. To bylo kolem roku 1975<\/figcaption><\/figure>\n<\/div>","protected":false},"excerpt":{"rendered":"<p>Tato restaurace pat\u0159\u00ed mezi ty, kter\u00e9 nemaj\u00ed tak dlouhou historii jakou pamatuj\u00ed hospody ve star\u00e9 Liboci v okol\u00ed kostela. Byla otev\u0159ena v roce 1934 rodinou Land\u016f. Le\u017e\u00ed v z\u00e1stavb\u011b bytov\u00fdch dom\u016f a vilek mezi ulicemi Jene\u010dskou a Evropskou a m\u00e1  dva vchody. Hlavn\u00ed z Evropsk\u00e9, p\u0159es p\u0159edzahr\u00e1dku, kde se kr\u00e1sn\u011b sed\u011blo pod ka\u0161tany  a druh\u00fd vchod z Jene\u010dsk\u00e9.  Pod\u00edvejme se na n\u011bkolik, ji\u017e historick\u00fdch fotografi\u00ed, kter\u00e9 poskytli potomci zakladatel\u016f t\u00e9to restaurace. P\u0159e\u017eila dodnes, p\u0159es doby dobr\u00e9 i zl\u00e9.<\/p>\n","protected":false},"author":1,"featured_media":3973,"comment_status":"open","ping_status":"open","sticky":false,"template":"","format":"standard","meta":{"_exactmetrics_skip_tracking":false,"_exactmetrics_sitenote_active":false,"_exactmetrics_sitenote_note":"","_exactmetrics_sitenote_category":0,"footnotes":""},"categories":[28,3],"tags":[],"post_folder":[],"class_list":["post-3966","post","type-post","status-publish","format-standard","has-post-thumbnail","hentry","category-hospody","category-redakce"],"_links":{"self":[{"href":"https:\/\/www.periferieprahy.cz\/blog\/wp-json\/wp\/v2\/posts\/3966","targetHints":{"allow":["GET"]}}],"collection":[{"href":"https:\/\/www.periferieprahy.cz\/blog\/wp-json\/wp\/v2\/posts"}],"about":[{"href":"https:\/\/www.periferieprahy.cz\/blog\/wp-json\/wp\/v2\/types\/post"}],"author":[{"embeddable":true,"href":"https:\/\/www.periferieprahy.cz\/blog\/wp-json\/wp\/v2\/users\/1"}],"replies":[{"embeddable":true,"href":"https:\/\/www.periferieprahy.cz\/blog\/wp-json\/wp\/v2\/comments?post=3966"}],"version-history":[{"count":5,"href":"https:\/\/www.periferieprahy.cz\/blog\/wp-json\/wp\/v2\/posts\/3966\/revisions"}],"predecessor-version":[{"id":3986,"href":"https:\/\/www.periferieprahy.cz\/blog\/wp-json\/wp\/v2\/posts\/3966\/revisions\/3986"}],"wp:featuredmedia":[{"embeddable":true,"href":"https:\/\/www.periferieprahy.cz\/blog\/wp-json\/wp\/v2\/media\/3973"}],"wp:attachment":[{"href":"https:\/\/www.periferieprahy.cz\/blog\/wp-json\/wp\/v2\/media?parent=3966"}],"wp:term":[{"taxonomy":"category","embeddable":true,"href":"https:\/\/www.periferieprahy.cz\/blog\/wp-json\/wp\/v2\/categories?post=3966"},{"taxonomy":"post_tag","embeddable":true,"href":"https:\/\/www.periferieprahy.cz\/blog\/wp-json\/wp\/v2\/tags?post=3966"},{"taxonomy":"post_folder","embeddable":true,"href":"https:\/\/www.periferieprahy.cz\/blog\/wp-json\/wp\/v2\/post_folder?post=3966"}],"curies":[{"name":"wp","href":"https:\/\/api.w.org\/{rel}","templated":true}]}}