{"id":3989,"date":"2025-05-28T21:10:24","date_gmt":"2025-05-28T19:10:24","guid":{"rendered":"https:\/\/www.periferieprahy.cz\/blog\/?p=3989"},"modified":"2025-06-21T21:21:35","modified_gmt":"2025-06-21T19:21:35","slug":"c-p-233-u-safranku","status":"publish","type":"post","link":"https:\/\/www.periferieprahy.cz\/blog\/2025\/05\/28\/c-p-233-u-safranku\/","title":{"rendered":"\u010c.p. 233 &#8222;U \u0160afr\u00e1nk\u016f"},"content":{"rendered":"\n<img loading=\"lazy\" decoding=\"async\" border=\"0\" src=\"https:\/\/www.periferieprahy.cz\/blog\/wp-content\/uploads\/2024\/12\/pismo7_25.gif\" width=\"94\" height=\"116\" align=\"left\"><b><font size=\"7\" color=\"#DD0000\">anikl\u00e1 \n\t\t\thospoda &quot;U \u0160afr\u00e1nk\u016f&quot;<\/font><\/b><p align=\"justify\">Nedaleko od \n\t\t\tLandovy restaurace &quot;U D\u017eb\u00e1nu&quot; b\u00fdvala dal\u0161\u00ed restaurace pana \u0160afr\u00e1nka. \n\t\t\tAsi bychom na ni zapomn\u011bli, neb\u00fdt pam\u011btn\u00edka, pana Eduarda Adamce, \n\t\t\tkter\u00fd n\u00e1m o n\u00ed sd\u011blil:<font color=\"\"><i> &quot;&#8230;.j\u00e1 jsem tam \n\t\t\tjako mal\u00fd chlapec za v\u00e1lky chodil t\u00e1tovi pro to um\u011bl\u00e9 pivo. Mysl\u00edm, \n\t\t\t\u017ee mu \u0159\u00edkali &quot;pivol\u00edn&quot;.Ta hospoda m\u011bla i zahradu od Kladensk\u00e9 ulice<\/i><\/font> \n\t\t\t[dne\u0161n\u00ed Evropsk\u00e1]. <i><font color=\"\">Je\u0161t\u011b dnes jsou z obou \n\t\t\tstran tohoto domu \u010d.p.233\/8 vid\u011bt kruhov\u00e9 otvory pro v\u011btr\u00e1ky. \n\t\t\tMajitelem hospody byl pan \u0160afr\u00e1nek,velice p\u0159\u00edjemn\u00fd \u010dlov\u011bk. Hned v \n\t\t\tdal\u0161\u00edm dom\u011b \u010d.p.234 byla prodejna dru\u017estva &quot;Bratrstv\u00ed&quot; a za okupace \n\t\t\ttam byl vedouc\u00ed pan N\u011bmec. V dal\u0161\u00edm dom\u011b \u010d.p.235 bylo hodin\u00e1\u0159stv\u00ed. \n\t\t\tNa jm\u00e9no majitele si u\u017e nevzpom\u00edn\u00e1m, ale d\u011blal hodiny s dvaceti \u010dty\u0159 \n\t\t\thodinov\u00fdm cifern\u00edkem. Jak v\u00edte p\u0159ed t\u00edmto domem se o revoluci stala \n\t\t\ttragick\u00e1 ud\u00e1lost. Byla zde z\u00e1ke\u0159n\u011b zast\u0159elena pan\u00ed Anna Kabel\u00e1\u010dov\u00e1. \n\t\t\tJ\u00e1 jsem mo\u017en\u00e1 jedn\u00edm z posledn\u00edch o\u010dit\u00fdch sv\u011bdk\u016f t\u00e9to ud\u00e1lost, ne-li \n\t\t\tposledn\u00ed&#8230;..&quot; <\/font><\/i><br>\n\t\t\t<br>\n\t\t\tHospoda zde kon\u010dila n\u011bkdy po roce 1945.\n\n\n<div class=\"wp-block-image\">\n<figure class=\"aligncenter size-full\"><img loading=\"lazy\" decoding=\"async\" width=\"963\" height=\"951\" src=\"https:\/\/www.periferieprahy.cz\/blog\/wp-content\/uploads\/2025\/05\/cp233_1.jpg\" alt=\"\" class=\"wp-image-3990\" srcset=\"https:\/\/www.periferieprahy.cz\/blog\/wp-content\/uploads\/2025\/05\/cp233_1.jpg 963w, https:\/\/www.periferieprahy.cz\/blog\/wp-content\/uploads\/2025\/05\/cp233_1-300x296.jpg 300w, https:\/\/www.periferieprahy.cz\/blog\/wp-content\/uploads\/2025\/05\/cp233_1-150x148.jpg 150w, https:\/\/www.periferieprahy.cz\/blog\/wp-content\/uploads\/2025\/05\/cp233_1-768x758.jpg 768w\" sizes=\"auto, (max-width: 963px) 100vw, 963px\" \/><figcaption class=\"wp-element-caption\">Liboc, Jene\u010dsk\u00e1 233. Zde b\u00fdvala restaurace pana \u0160afr\u00e1nka<\/figcaption><\/figure>\n<\/div>\n\n\n<p><\/p>\n","protected":false},"excerpt":{"rendered":"<p>Nedaleko od Landovy restaurace &#8222;U D\u017eb\u00e1nu&#8220; b\u00fdvala dal\u0161\u00ed restaurace pana \u0160afr\u00e1nka. Asi bychom na ni zapomn\u011bli, neb\u00fdt pam\u011btn\u00edka, pana Eduarda Adamce, kter\u00fd n\u00e1m o n\u00ed sd\u011blil: &#8222;&#8230;.j\u00e1 jsem tam jako mal\u00fd chlapec za v\u00e1lky chodil t\u00e1tovi pro to um\u011bl\u00e9 pivo. Mysl\u00edm, \u017ee mu \u0159\u00edkali &#8222;pivol\u00edn&#8220;.Ta hospoda m\u011bla i zahradu od Kladensk\u00e9 ulice [dne\u0161n\u00ed Evropsk\u00e1].<\/p>\n","protected":false},"author":1,"featured_media":3990,"comment_status":"open","ping_status":"open","sticky":false,"template":"","format":"standard","meta":{"_exactmetrics_skip_tracking":false,"_exactmetrics_sitenote_active":false,"_exactmetrics_sitenote_note":"","_exactmetrics_sitenote_category":0,"footnotes":""},"categories":[28,3],"tags":[],"post_folder":[],"class_list":["post-3989","post","type-post","status-publish","format-standard","has-post-thumbnail","hentry","category-hospody","category-redakce"],"_links":{"self":[{"href":"https:\/\/www.periferieprahy.cz\/blog\/wp-json\/wp\/v2\/posts\/3989","targetHints":{"allow":["GET"]}}],"collection":[{"href":"https:\/\/www.periferieprahy.cz\/blog\/wp-json\/wp\/v2\/posts"}],"about":[{"href":"https:\/\/www.periferieprahy.cz\/blog\/wp-json\/wp\/v2\/types\/post"}],"author":[{"embeddable":true,"href":"https:\/\/www.periferieprahy.cz\/blog\/wp-json\/wp\/v2\/users\/1"}],"replies":[{"embeddable":true,"href":"https:\/\/www.periferieprahy.cz\/blog\/wp-json\/wp\/v2\/comments?post=3989"}],"version-history":[{"count":1,"href":"https:\/\/www.periferieprahy.cz\/blog\/wp-json\/wp\/v2\/posts\/3989\/revisions"}],"predecessor-version":[{"id":4002,"href":"https:\/\/www.periferieprahy.cz\/blog\/wp-json\/wp\/v2\/posts\/3989\/revisions\/4002"}],"wp:featuredmedia":[{"embeddable":true,"href":"https:\/\/www.periferieprahy.cz\/blog\/wp-json\/wp\/v2\/media\/3990"}],"wp:attachment":[{"href":"https:\/\/www.periferieprahy.cz\/blog\/wp-json\/wp\/v2\/media?parent=3989"}],"wp:term":[{"taxonomy":"category","embeddable":true,"href":"https:\/\/www.periferieprahy.cz\/blog\/wp-json\/wp\/v2\/categories?post=3989"},{"taxonomy":"post_tag","embeddable":true,"href":"https:\/\/www.periferieprahy.cz\/blog\/wp-json\/wp\/v2\/tags?post=3989"},{"taxonomy":"post_folder","embeddable":true,"href":"https:\/\/www.periferieprahy.cz\/blog\/wp-json\/wp\/v2\/post_folder?post=3989"}],"curies":[{"name":"wp","href":"https:\/\/api.w.org\/{rel}","templated":true}]}}