{"id":4016,"date":"2025-05-28T21:54:02","date_gmt":"2025-05-28T19:54:02","guid":{"rendered":"https:\/\/www.periferieprahy.cz\/blog\/?p=4016"},"modified":"2025-07-07T12:33:58","modified_gmt":"2025-07-07T10:33:58","slug":"c-p-243","status":"publish","type":"post","link":"https:\/\/www.periferieprahy.cz\/blog\/2025\/05\/28\/c-p-243\/","title":{"rendered":"\u010c.p. 243"},"content":{"rendered":"\n<img loading=\"lazy\" decoding=\"async\" border=\"0\" src=\"https:\/\/www.periferieprahy.cz\/blog\/wp-content\/uploads\/2024\/12\/pismo7_9.gif\" width=\"68\" height=\"137\" align=\"left\">ene\u010dsk\u00e1 \n\t\t\t\u010d.p. 243, zde b\u00fdvalo holi\u010dstv\u00ed a kade\u0159nictv\u00ed pana Kone\u010dn\u00e9ho. Pan \n\t\t\tEduard Adamec vzpom\u00edn\u00e1: &quot; Jen pro zaj\u00edmavost uv\u00e1d\u00edm, \u017ee pan Kone\u010dn\u00fd \n\t\t\td\u00e1val d\u011btem &quot;mejdl\u00ed\u010dko&quot; ve tvaru trpasl\u00edka. Ov\u0161em pod podm\u00ednkou, \u017ee \n\t\t\tnebudou p\u0159i st\u0159\u00edh\u00e1n\u00ed zlobit.&quot;\n\n\n<div class=\"wp-block-image\">\n<figure class=\"aligncenter size-full\"><img loading=\"lazy\" decoding=\"async\" width=\"554\" height=\"564\" src=\"https:\/\/www.periferieprahy.cz\/blog\/wp-content\/uploads\/2025\/05\/cp243.8.jpg\" alt=\"\" class=\"wp-image-3994\" srcset=\"https:\/\/www.periferieprahy.cz\/blog\/wp-content\/uploads\/2025\/05\/cp243.8.jpg 554w, https:\/\/www.periferieprahy.cz\/blog\/wp-content\/uploads\/2025\/05\/cp243.8-295x300.jpg 295w, https:\/\/www.periferieprahy.cz\/blog\/wp-content\/uploads\/2025\/05\/cp243.8-147x150.jpg 147w\" sizes=\"auto, (max-width: 554px) 100vw, 554px\" \/><figcaption class=\"wp-element-caption\">\u010c.p. 243 rok 2012\n<\/figcaption><\/figure>\n<\/div>","protected":false},"excerpt":{"rendered":"<p>Jene\u010dsk\u00e1 \u010d.p. 243, zde b\u00fdvalo holi\u010dstv\u00ed a kade\u0159nictv\u00ed pana Kone\u010dn\u00e9ho. Pan Eduard Adamec vzpom\u00edn\u00e1: &#8220; Jen pro zaj\u00edmavost uv\u00e1d\u00edm, \u017ee pan Kone\u010dn\u00fd d\u00e1val d\u011btem &#8222;mejdl\u00ed\u010dko&#8220; ve tvaru trpasl\u00edka. Ov\u0161em pod podm\u00ednkou, \u017ee nebudou p\u0159i st\u0159\u00edh\u00e1n\u00ed zlobit.&#8220;<\/p>\n","protected":false},"author":1,"featured_media":3994,"comment_status":"open","ping_status":"open","sticky":false,"template":"","format":"standard","meta":{"_exactmetrics_skip_tracking":false,"_exactmetrics_sitenote_active":false,"_exactmetrics_sitenote_note":"","_exactmetrics_sitenote_category":0,"footnotes":""},"categories":[33,3,32],"tags":[],"post_folder":[],"class_list":["post-4016","post","type-post","status-publish","format-standard","has-post-thumbnail","hentry","category-obchody_sluzby","category-redakce","category-zivnosti_obchody"],"_links":{"self":[{"href":"https:\/\/www.periferieprahy.cz\/blog\/wp-json\/wp\/v2\/posts\/4016","targetHints":{"allow":["GET"]}}],"collection":[{"href":"https:\/\/www.periferieprahy.cz\/blog\/wp-json\/wp\/v2\/posts"}],"about":[{"href":"https:\/\/www.periferieprahy.cz\/blog\/wp-json\/wp\/v2\/types\/post"}],"author":[{"embeddable":true,"href":"https:\/\/www.periferieprahy.cz\/blog\/wp-json\/wp\/v2\/users\/1"}],"replies":[{"embeddable":true,"href":"https:\/\/www.periferieprahy.cz\/blog\/wp-json\/wp\/v2\/comments?post=4016"}],"version-history":[{"count":1,"href":"https:\/\/www.periferieprahy.cz\/blog\/wp-json\/wp\/v2\/posts\/4016\/revisions"}],"predecessor-version":[{"id":4017,"href":"https:\/\/www.periferieprahy.cz\/blog\/wp-json\/wp\/v2\/posts\/4016\/revisions\/4017"}],"wp:featuredmedia":[{"embeddable":true,"href":"https:\/\/www.periferieprahy.cz\/blog\/wp-json\/wp\/v2\/media\/3994"}],"wp:attachment":[{"href":"https:\/\/www.periferieprahy.cz\/blog\/wp-json\/wp\/v2\/media?parent=4016"}],"wp:term":[{"taxonomy":"category","embeddable":true,"href":"https:\/\/www.periferieprahy.cz\/blog\/wp-json\/wp\/v2\/categories?post=4016"},{"taxonomy":"post_tag","embeddable":true,"href":"https:\/\/www.periferieprahy.cz\/blog\/wp-json\/wp\/v2\/tags?post=4016"},{"taxonomy":"post_folder","embeddable":true,"href":"https:\/\/www.periferieprahy.cz\/blog\/wp-json\/wp\/v2\/post_folder?post=4016"}],"curies":[{"name":"wp","href":"https:\/\/api.w.org\/{rel}","templated":true}]}}