{"id":4019,"date":"2025-05-28T22:14:02","date_gmt":"2025-05-28T20:14:02","guid":{"rendered":"https:\/\/www.periferieprahy.cz\/blog\/?p=4019"},"modified":"2025-06-03T21:39:19","modified_gmt":"2025-06-03T19:39:19","slug":"c-p-268-celednik","status":"publish","type":"post","link":"https:\/\/www.periferieprahy.cz\/blog\/2025\/05\/28\/c-p-268-celednik\/","title":{"rendered":"\u010c.p. 251 \u010deledn\u00edk"},"content":{"rendered":"\n<img loading=\"lazy\" decoding=\"async\" border=\"0\" src=\"https:\/\/www.periferieprahy.cz\/blog\/wp-content\/uploads\/2024\/12\/pismo7_10.gif\" width=\"92\" height=\"124\" align=\"left\">dysi \u010d.p.1 \n\t\t\tv katastru Horn\u00ed Liboce. Tento d\u016fm, kter\u00fd vid\u00edte dole na obr\u00e1zku \n\t\t\tvlastnil Franti\u0161ek Hole\u010dek (*8.7.1833) a tady se narodil i jeho syn \n\t\t\tV\u00e1clav (*4.11.1863). Ten V\u00e1clav Hole\u010dek, kter\u00fd za\u010dal provozovat \n\t\t\thostinskou \u017eivnost v Horn\u00ed Liboci \u010d.p.18,\n\t\t\tdnes \u010d.p. 268. Domek na \n\t\t\tsn\u00edmku st\u00e1l na m\u00edst\u011b dne\u0161n\u00ed honosn\u00e9 stavby \u010d.p. 251 a byl d\u0159\u00edve \n\t\t\tzaps\u00e1n v katastru jako nemovit\u00e1 kulturn\u00ed pam\u00e1tka. Jak je vid\u011bt jeho \n\t\t\tstav byl je\u0161t\u011b velmi dobr\u00fd kolem roku 1975, odhaduji podle ji\u017e \n\t\t\tstoj\u00edc\u00ed budovy b\u00fdval\u00e9ho V\u00daMSu ve Vokovic\u00edch ( v\u00fd\u0161kov\u00e1 budova na \n\t\t\thorizontu vpravo). Pozd\u011bji se u domku z\u0159\u00edtila jeho zadn\u00ed, severn\u00ed \n\t\t\tze\u010f. Byl sice opraven, ale ch\u00e1tr\u00e1n\u00ed pokra\u010dovalo, a\u017e byl nakonec d\u016fm \n\t\t\tvyho\u0159en a zbour\u00e1n.&nbsp; Podle pam\u011bt\u00ed Ant. Mare\u0161e ml., zde b\u00fdval \n\t\t\tp\u0159ed 2. sv. v\u00e1lkou \u010deledn\u00edk &#8211; ubytovna pro pracovn\u00edky na libock\u00fdch \n\t\t\tstatc\u00edch.\n\n\n<div class=\"wp-block-image\">\n<figure class=\"aligncenter size-full is-resized\"><img loading=\"lazy\" decoding=\"async\" width=\"667\" height=\"936\" src=\"https:\/\/www.periferieprahy.cz\/blog\/wp-content\/uploads\/2025\/05\/cp251_1.jpg\" alt=\"\" class=\"wp-image-3996\" style=\"width:395px;height:auto\" srcset=\"https:\/\/www.periferieprahy.cz\/blog\/wp-content\/uploads\/2025\/05\/cp251_1.jpg 667w, https:\/\/www.periferieprahy.cz\/blog\/wp-content\/uploads\/2025\/05\/cp251_1-214x300.jpg 214w, https:\/\/www.periferieprahy.cz\/blog\/wp-content\/uploads\/2025\/05\/cp251_1-107x150.jpg 107w\" sizes=\"auto, (max-width: 667px) 100vw, 667px\" \/><figcaption class=\"wp-element-caption\">\u010c.p. 251, Horn\u00ed Liboc, kdysi \u010d.p.1. Tento d\u016fm vlastnil Franti\u0161ek Hole\u010dek(*8.7.1833) a tady se narodil i jeho syn V\u00e1clav (*4.11.1863). Teprve on za\u010dal provozovat hostinskou \u017eivnost, ale nikoliv v tomto dom\u011b, ale v Horn\u00ed Liboci \u010d.p.18 dnes \u010d.p. 268. Domek st\u00e1l na m\u00edst\u011b dne\u0161n\u00ed honosn\u00e9 stavby \u010d.p. 251 a byl d\u0159\u00edve zaps\u00e1n v katastru jako nemovit\u00e1 kulturn\u00ed pam\u00e1tka.<\/figcaption><\/figure>\n<\/div>\n\n<div class=\"wp-block-image\">\n<figure class=\"aligncenter size-full is-resized\"><img loading=\"lazy\" decoding=\"async\" width=\"1190\" height=\"776\" src=\"https:\/\/www.periferieprahy.cz\/blog\/wp-content\/uploads\/2025\/05\/cp251_2.jpg\" alt=\"\" class=\"wp-image-3997\" style=\"width:697px;height:auto\" srcset=\"https:\/\/www.periferieprahy.cz\/blog\/wp-content\/uploads\/2025\/05\/cp251_2.jpg 1190w, https:\/\/www.periferieprahy.cz\/blog\/wp-content\/uploads\/2025\/05\/cp251_2-300x196.jpg 300w, https:\/\/www.periferieprahy.cz\/blog\/wp-content\/uploads\/2025\/05\/cp251_2-1024x668.jpg 1024w, https:\/\/www.periferieprahy.cz\/blog\/wp-content\/uploads\/2025\/05\/cp251_2-150x98.jpg 150w, https:\/\/www.periferieprahy.cz\/blog\/wp-content\/uploads\/2025\/05\/cp251_2-768x501.jpg 768w\" sizes=\"auto, (max-width: 1190px) 100vw, 1190px\" \/><figcaption class=\"wp-element-caption\">M\u00edsto, kde st\u00e1val pam\u00e1tkov\u011b chr\u00e1n\u011bn\u00fd, rodn\u00fd d\u016fm V\u00e1clava Hole\u010dka  (*4.11.1863). Teprve on za\u010dal provozovat hostinskou \u017eivnost, ale nikoliv v tomto dom\u011b, ale v Horn\u00ed Liboci \u010d.p.18 dnes \u010d.p. 268. . <\/figcaption><\/figure>\n<\/div>","protected":false},"excerpt":{"rendered":"<p>Kdysi \u010d.p.1 v katastru Horn\u00ed Liboce. Tento d\u016fm, kter\u00fd vid\u00edte dole na obr\u00e1zku vlastnil Franti\u0161ek Hole\u010dek (*8.7.1833) a tady se narodil i jeho syn V\u00e1clav (*4.11.1863). Ten V\u00e1clav Hole\u010dek, kter\u00fd za\u010dal provozovat hostinskou \u017eivnost v Horn\u00ed Liboci \u010d.p.18 dnes \u010d.p. 268. Domek na sn\u00edmku st\u00e1l na m\u00edst\u011b dne\u0161n\u00ed honosn\u00e9 stavby \u010d.p. 251 a byl d\u0159\u00edve zaps\u00e1n v katastru jako nemovit\u00e1 kulturn\u00ed pam\u00e1tka.<\/p>\n","protected":false},"author":1,"featured_media":3996,"comment_status":"open","ping_status":"open","sticky":false,"template":"","format":"standard","meta":{"_exactmetrics_skip_tracking":false,"_exactmetrics_sitenote_active":false,"_exactmetrics_sitenote_note":"","_exactmetrics_sitenote_category":0,"footnotes":""},"categories":[3],"tags":[],"post_folder":[],"class_list":["post-4019","post","type-post","status-publish","format-standard","has-post-thumbnail","hentry","category-redakce"],"_links":{"self":[{"href":"https:\/\/www.periferieprahy.cz\/blog\/wp-json\/wp\/v2\/posts\/4019","targetHints":{"allow":["GET"]}}],"collection":[{"href":"https:\/\/www.periferieprahy.cz\/blog\/wp-json\/wp\/v2\/posts"}],"about":[{"href":"https:\/\/www.periferieprahy.cz\/blog\/wp-json\/wp\/v2\/types\/post"}],"author":[{"embeddable":true,"href":"https:\/\/www.periferieprahy.cz\/blog\/wp-json\/wp\/v2\/users\/1"}],"replies":[{"embeddable":true,"href":"https:\/\/www.periferieprahy.cz\/blog\/wp-json\/wp\/v2\/comments?post=4019"}],"version-history":[{"count":4,"href":"https:\/\/www.periferieprahy.cz\/blog\/wp-json\/wp\/v2\/posts\/4019\/revisions"}],"predecessor-version":[{"id":4161,"href":"https:\/\/www.periferieprahy.cz\/blog\/wp-json\/wp\/v2\/posts\/4019\/revisions\/4161"}],"wp:featuredmedia":[{"embeddable":true,"href":"https:\/\/www.periferieprahy.cz\/blog\/wp-json\/wp\/v2\/media\/3996"}],"wp:attachment":[{"href":"https:\/\/www.periferieprahy.cz\/blog\/wp-json\/wp\/v2\/media?parent=4019"}],"wp:term":[{"taxonomy":"category","embeddable":true,"href":"https:\/\/www.periferieprahy.cz\/blog\/wp-json\/wp\/v2\/categories?post=4019"},{"taxonomy":"post_tag","embeddable":true,"href":"https:\/\/www.periferieprahy.cz\/blog\/wp-json\/wp\/v2\/tags?post=4019"},{"taxonomy":"post_folder","embeddable":true,"href":"https:\/\/www.periferieprahy.cz\/blog\/wp-json\/wp\/v2\/post_folder?post=4019"}],"curies":[{"name":"wp","href":"https:\/\/api.w.org\/{rel}","templated":true}]}}