{"id":4040,"date":"2025-05-30T21:29:27","date_gmt":"2025-05-30T19:29:27","guid":{"rendered":"https:\/\/www.periferieprahy.cz\/blog\/?p=4040"},"modified":"2025-06-21T21:32:12","modified_gmt":"2025-06-21T19:32:12","slug":"c-p-271-u-tampu","status":"publish","type":"post","link":"https:\/\/www.periferieprahy.cz\/blog\/2025\/05\/30\/c-p-271-u-tampu\/","title":{"rendered":"\u010c.p. 271 &#8222;U Tamp\u016f&#8220;"},"content":{"rendered":"\n<img loading=\"lazy\" decoding=\"async\" border=\"0\" src=\"https:\/\/www.periferieprahy.cz\/blog\/wp-content\/uploads\/2024\/12\/pismo7_19.gif\" width=\"99\" height=\"125\" align=\"left\"><font face=\"Times New Roman\" color=\"#CE0000\" size=\"7\"><b>ampova \n\t\t\trestaurace<\/b><\/font><\/p>\n\t\t\t<p align=\"left\">Hned, naproti hospody &quot;U \u010desk\u00e9 koruny&quot;, byla p\u0159i \n\t\t\thlavn\u00edm vchodu do obory Hv\u011bzda dal\u0161\u00ed velk\u00e1 zahradn\u00ed restaurace pana \n\t\t\tTampy. Restaurace m\u011bla krytou verandu s jevi\u0161t\u011bm. Pozd\u011bji pronajal \n\t\t\thospodu pan Dole\u017eal, proto se zde je\u0161t\u011b ne\u017e do\u0161lo k p\u0159estavb\u011b, \n\t\t\t\u0159\u00edkalo &quot;U Dole\u017eal\u016f&quot; . Hospoda byla po roce 1989 p\u0159ebudov\u00e1na na hotel \n\t\t\t&quot;Obora&quot; a asi v roce 2009 na d\u016fm pro seniory. Musela b\u00fdt postavena \n\t\t\tkoncem 19. stolet\u00ed, rozhodn\u011b po roce 1840 proto\u017ee nen\u00ed \n\t\t\tzakreslena ve skice Josefsk\u00e9ho katastru a z\u00e1rove\u0148 p\u0159ed rokem \n\t\t\t1901, co\u017e dokazuje n\u00e1sleduj\u00edc\u00ed pohlednice. Bohu\u017eel jsem nezjistil \n\t\t\tjej\u00ed p\u016fvodn\u00ed \u010d.p. tak\u017ee jsem nemohl nic zjistit ani v matrik\u00e1ch.&nbsp;\n\n\n<div class=\"su-image-carousel  su-image-carousel-columns-2 su-image-carousel-has-spacing su-image-carousel-crop su-image-carousel-crop-3-2 su-image-carousel-has-lightbox su-image-carousel-has-outline su-image-carousel-adaptive su-image-carousel-slides-style-default su-image-carousel-controls-style-dark su-image-carousel-align-center\" style=\"max-width:800px\" data-flickity-options='{\"groupCells\":true,\"cellSelector\":\".su-image-carousel-item\",\"adaptiveHeight\":false,\"cellAlign\":\"left\",\"prevNextButtons\":true,\"pageDots\":true,\"autoPlay\":7000,\"imagesLoaded\":true,\"contain\":true,\"selectedAttraction\":0.1499999999999999944488848768742172978818416595458984375,\"friction\":1}' id=\"su_image_carousel_69f45af2adcdf\"><div class=\"su-image-carousel-item\"><div class=\"su-image-carousel-item-content\"><a href=\"https:\/\/www.periferieprahy.cz\/blog\/wp-content\/uploads\/2025\/05\/cp271_3.jpg\" data-caption=\"Na tomto pohledu je datum 21.7.1901 a hospoda zde ji\u017e st\u00e1la.\"><img loading=\"lazy\" decoding=\"async\" width=\"1024\" height=\"665\" src=\"https:\/\/www.periferieprahy.cz\/blog\/wp-content\/uploads\/2025\/05\/cp271_3.jpg\" class=\"\" alt=\"\" srcset=\"https:\/\/www.periferieprahy.cz\/blog\/wp-content\/uploads\/2025\/05\/cp271_3.jpg 1024w, https:\/\/www.periferieprahy.cz\/blog\/wp-content\/uploads\/2025\/05\/cp271_3-300x195.jpg 300w, https:\/\/www.periferieprahy.cz\/blog\/wp-content\/uploads\/2025\/05\/cp271_3-150x97.jpg 150w, https:\/\/www.periferieprahy.cz\/blog\/wp-content\/uploads\/2025\/05\/cp271_3-768x499.jpg 768w\" sizes=\"auto, (max-width: 1024px) 100vw, 1024px\" \/><span>Na tomto pohledu je datum 21.7.1901 a hospoda zde ji\u017e st\u00e1la.<\/span><\/a><\/div><\/div><div class=\"su-image-carousel-item\"><div class=\"su-image-carousel-item-content\"><a href=\"https:\/\/www.periferieprahy.cz\/blog\/wp-content\/uploads\/2025\/05\/cp271_2.jpg\" data-caption=\"Pozdrav od Tamp\u016f. B\u00fdvalo tam p\u0159\u00edjemn\u00e9 posezen\u00ed na zahrad\u011b. Uvnit\u0159 pon\u011bkud ponur\u00e9 prost\u0159ed\u00ed.\"><img loading=\"lazy\" decoding=\"async\" width=\"1024\" height=\"665\" src=\"https:\/\/www.periferieprahy.cz\/blog\/wp-content\/uploads\/2025\/05\/cp271_2.jpg\" class=\"\" alt=\"\" srcset=\"https:\/\/www.periferieprahy.cz\/blog\/wp-content\/uploads\/2025\/05\/cp271_2.jpg 1024w, https:\/\/www.periferieprahy.cz\/blog\/wp-content\/uploads\/2025\/05\/cp271_2-300x195.jpg 300w, https:\/\/www.periferieprahy.cz\/blog\/wp-content\/uploads\/2025\/05\/cp271_2-150x97.jpg 150w, https:\/\/www.periferieprahy.cz\/blog\/wp-content\/uploads\/2025\/05\/cp271_2-768x499.jpg 768w\" sizes=\"auto, (max-width: 1024px) 100vw, 1024px\" \/><span>Pozdrav od Tamp\u016f. B\u00fdvalo tam p\u0159\u00edjemn\u00e9 posezen\u00ed na zahrad\u011b. Uvnit\u0159 pon\u011bkud ponur\u00e9 prost\u0159ed\u00ed.<\/span><\/a><\/div><\/div><div class=\"su-image-carousel-item\"><div class=\"su-image-carousel-item-content\"><a href=\"https:\/\/www.periferieprahy.cz\/blog\/wp-content\/uploads\/2025\/05\/cp271_4.jpg\" data-caption=\"Pohled op\u011bt n\u011bkdy z po\u010d\u00e1tku 20. stolet\u00ed.\"><img loading=\"lazy\" decoding=\"async\" width=\"995\" height=\"720\" src=\"https:\/\/www.periferieprahy.cz\/blog\/wp-content\/uploads\/2025\/05\/cp271_4.jpg\" class=\"\" alt=\"\" srcset=\"https:\/\/www.periferieprahy.cz\/blog\/wp-content\/uploads\/2025\/05\/cp271_4.jpg 995w, https:\/\/www.periferieprahy.cz\/blog\/wp-content\/uploads\/2025\/05\/cp271_4-300x217.jpg 300w, https:\/\/www.periferieprahy.cz\/blog\/wp-content\/uploads\/2025\/05\/cp271_4-150x109.jpg 150w, https:\/\/www.periferieprahy.cz\/blog\/wp-content\/uploads\/2025\/05\/cp271_4-768x556.jpg 768w\" sizes=\"auto, (max-width: 995px) 100vw, 995px\" \/><span>Pohled op\u011bt n\u011bkdy z po\u010d\u00e1tku 20. stolet\u00ed.<\/span><\/a><\/div><\/div><div class=\"su-image-carousel-item\"><div class=\"su-image-carousel-item-content\"><a href=\"https:\/\/www.periferieprahy.cz\/blog\/wp-content\/uploads\/2025\/05\/cp271_6.jpg\" data-caption=\"Spole\u010dnost &quot;U Tamp\u016f&quot; zleva: Franti\u0161ek Budil, Alois Brzobohat\u00fd, Karel Tampa, p\u00e1ter V\u00e1clav Holub, V\u00e1clav Toman, Josef Brzobohat\u00fd, Sl\u00e1va Hrobn\u00edk. Foto 1920-21\"><img loading=\"lazy\" decoding=\"async\" width=\"1026\" height=\"664\" src=\"https:\/\/www.periferieprahy.cz\/blog\/wp-content\/uploads\/2025\/05\/cp271_6.jpg\" class=\"\" alt=\"\" srcset=\"https:\/\/www.periferieprahy.cz\/blog\/wp-content\/uploads\/2025\/05\/cp271_6.jpg 1026w, https:\/\/www.periferieprahy.cz\/blog\/wp-content\/uploads\/2025\/05\/cp271_6-300x194.jpg 300w, https:\/\/www.periferieprahy.cz\/blog\/wp-content\/uploads\/2025\/05\/cp271_6-1024x663.jpg 1024w, https:\/\/www.periferieprahy.cz\/blog\/wp-content\/uploads\/2025\/05\/cp271_6-150x97.jpg 150w, https:\/\/www.periferieprahy.cz\/blog\/wp-content\/uploads\/2025\/05\/cp271_6-768x497.jpg 768w\" sizes=\"auto, (max-width: 1026px) 100vw, 1026px\" \/><span>Spole\u010dnost \"U Tamp\u016f\" zleva: Franti\u0161ek Budil, Alois Brzobohat\u00fd, Karel Tampa, p\u00e1ter V\u00e1clav Holub, V\u00e1clav Toman, Josef Brzobohat\u00fd, Sl\u00e1va Hrobn\u00edk. Foto 1920-21<\/span><\/a><\/div><\/div><div class=\"su-image-carousel-item\"><div class=\"su-image-carousel-item-content\"><a href=\"https:\/\/www.periferieprahy.cz\/blog\/wp-content\/uploads\/2025\/05\/cp271_5.jpg\" data-caption=\"Dal\u0161\u00ed spole\u010dnost v Tampov\u011b restauraci n\u011bkdy kolem roku 1930. Uprost\u0159ed je V\u00e1clav Toman. Nazn\u00e1te n\u011bkoho dal\u0161\u00edho na fotografii?\"><img loading=\"lazy\" decoding=\"async\" width=\"927\" height=\"617\" src=\"https:\/\/www.periferieprahy.cz\/blog\/wp-content\/uploads\/2025\/05\/cp271_5.jpg\" class=\"\" alt=\"\" srcset=\"https:\/\/www.periferieprahy.cz\/blog\/wp-content\/uploads\/2025\/05\/cp271_5.jpg 927w, https:\/\/www.periferieprahy.cz\/blog\/wp-content\/uploads\/2025\/05\/cp271_5-300x200.jpg 300w, https:\/\/www.periferieprahy.cz\/blog\/wp-content\/uploads\/2025\/05\/cp271_5-150x100.jpg 150w, https:\/\/www.periferieprahy.cz\/blog\/wp-content\/uploads\/2025\/05\/cp271_5-768x511.jpg 768w\" sizes=\"auto, (max-width: 927px) 100vw, 927px\" \/><span>Dal\u0161\u00ed spole\u010dnost v Tampov\u011b restauraci n\u011bkdy kolem roku 1930. Uprost\u0159ed je V\u00e1clav Toman. Nazn\u00e1te n\u011bkoho dal\u0161\u00edho na fotografii?<\/span><\/a><\/div><\/div><div class=\"su-image-carousel-item\"><div class=\"su-image-carousel-item-content\"><a href=\"https:\/\/www.periferieprahy.cz\/blog\/wp-content\/uploads\/2025\/05\/cp271_1.jpg\" data-caption=\"Kolem roku 2009, to zde b\u00fdval hotel &quot;Obora&quot;.\"><img loading=\"lazy\" decoding=\"async\" width=\"800\" height=\"600\" src=\"https:\/\/www.periferieprahy.cz\/blog\/wp-content\/uploads\/2025\/05\/cp271_1.jpg\" class=\"\" alt=\"\" srcset=\"https:\/\/www.periferieprahy.cz\/blog\/wp-content\/uploads\/2025\/05\/cp271_1.jpg 800w, https:\/\/www.periferieprahy.cz\/blog\/wp-content\/uploads\/2025\/05\/cp271_1-300x225.jpg 300w, https:\/\/www.periferieprahy.cz\/blog\/wp-content\/uploads\/2025\/05\/cp271_1-150x113.jpg 150w, https:\/\/www.periferieprahy.cz\/blog\/wp-content\/uploads\/2025\/05\/cp271_1-768x576.jpg 768w\" sizes=\"auto, (max-width: 800px) 100vw, 800px\" \/><span>Kolem roku 2009, to zde b\u00fdval hotel \"Obora\".<\/span><\/a><\/div><\/div><div class=\"su-image-carousel-item\"><div class=\"su-image-carousel-item-content\"><a href=\"https:\/\/www.periferieprahy.cz\/blog\/wp-content\/uploads\/2025\/05\/cp271.43.jpg\" data-caption=\"A stav v roce 2012. U\u017e jako domov pro seniory.\"><img loading=\"lazy\" decoding=\"async\" width=\"1094\" height=\"605\" src=\"https:\/\/www.periferieprahy.cz\/blog\/wp-content\/uploads\/2025\/05\/cp271.43.jpg\" class=\"\" alt=\"\" srcset=\"https:\/\/www.periferieprahy.cz\/blog\/wp-content\/uploads\/2025\/05\/cp271.43.jpg 1094w, https:\/\/www.periferieprahy.cz\/blog\/wp-content\/uploads\/2025\/05\/cp271.43-300x166.jpg 300w, https:\/\/www.periferieprahy.cz\/blog\/wp-content\/uploads\/2025\/05\/cp271.43-1024x566.jpg 1024w, https:\/\/www.periferieprahy.cz\/blog\/wp-content\/uploads\/2025\/05\/cp271.43-150x83.jpg 150w, https:\/\/www.periferieprahy.cz\/blog\/wp-content\/uploads\/2025\/05\/cp271.43-768x425.jpg 768w\" sizes=\"auto, (max-width: 1094px) 100vw, 1094px\" \/><span>A stav v roce 2012. U\u017e jako domov pro seniory.<\/span><\/a><\/div><\/div><\/div><script id=\"su_image_carousel_69f45af2adcdf_script\">if(window.SUImageCarousel){setTimeout(function() {window.SUImageCarousel.initGallery(document.getElementById(\"su_image_carousel_69f45af2adcdf\"))}, 0);}var su_image_carousel_69f45af2adcdf_script=document.getElementById(\"su_image_carousel_69f45af2adcdf_script\");if(su_image_carousel_69f45af2adcdf_script){su_image_carousel_69f45af2adcdf_script.parentNode.removeChild(su_image_carousel_69f45af2adcdf_script);}<\/script>\n\n\n\n<p class=\"has-text-align-right\">Historick\u00e9 fotografie z alb pana \u2020Anton\u00edna Mare\u0161e a \u2020Vla\u010fky Tomanov\u00e9<\/p>\n\n\n\n<p><\/p>\n","protected":false},"excerpt":{"rendered":"<p>Hned, naproti hospody &#8222;U \u010desk\u00e9 koruny&#8220;, byla p\u0159i hlavn\u00edm vchodu do obory Hv\u011bzda dal\u0161\u00ed velk\u00e1 zahradn\u00ed restaurace pana Tampy. Restaurace m\u011bla krytou verandu s jevi\u0161t\u011bm. Pozd\u011bji pronajal hospodu pan Dole\u017eal, proto se zde je\u0161t\u011b ne\u017e do\u0161lo k p\u0159estavb\u011b, \u0159\u00edkalo &#8222;U Dole\u017eal\u016f&#8220; .<\/p>\n","protected":false},"author":1,"featured_media":4043,"comment_status":"open","ping_status":"open","sticky":false,"template":"","format":"standard","meta":{"_exactmetrics_skip_tracking":false,"_exactmetrics_sitenote_active":false,"_exactmetrics_sitenote_note":"","_exactmetrics_sitenote_category":0,"footnotes":""},"categories":[28,3],"tags":[],"post_folder":[],"class_list":["post-4040","post","type-post","status-publish","format-standard","has-post-thumbnail","hentry","category-hospody","category-redakce"],"_links":{"self":[{"href":"https:\/\/www.periferieprahy.cz\/blog\/wp-json\/wp\/v2\/posts\/4040","targetHints":{"allow":["GET"]}}],"collection":[{"href":"https:\/\/www.periferieprahy.cz\/blog\/wp-json\/wp\/v2\/posts"}],"about":[{"href":"https:\/\/www.periferieprahy.cz\/blog\/wp-json\/wp\/v2\/types\/post"}],"author":[{"embeddable":true,"href":"https:\/\/www.periferieprahy.cz\/blog\/wp-json\/wp\/v2\/users\/1"}],"replies":[{"embeddable":true,"href":"https:\/\/www.periferieprahy.cz\/blog\/wp-json\/wp\/v2\/comments?post=4040"}],"version-history":[{"count":4,"href":"https:\/\/www.periferieprahy.cz\/blog\/wp-json\/wp\/v2\/posts\/4040\/revisions"}],"predecessor-version":[{"id":4071,"href":"https:\/\/www.periferieprahy.cz\/blog\/wp-json\/wp\/v2\/posts\/4040\/revisions\/4071"}],"wp:featuredmedia":[{"embeddable":true,"href":"https:\/\/www.periferieprahy.cz\/blog\/wp-json\/wp\/v2\/media\/4043"}],"wp:attachment":[{"href":"https:\/\/www.periferieprahy.cz\/blog\/wp-json\/wp\/v2\/media?parent=4040"}],"wp:term":[{"taxonomy":"category","embeddable":true,"href":"https:\/\/www.periferieprahy.cz\/blog\/wp-json\/wp\/v2\/categories?post=4040"},{"taxonomy":"post_tag","embeddable":true,"href":"https:\/\/www.periferieprahy.cz\/blog\/wp-json\/wp\/v2\/tags?post=4040"},{"taxonomy":"post_folder","embeddable":true,"href":"https:\/\/www.periferieprahy.cz\/blog\/wp-json\/wp\/v2\/post_folder?post=4040"}],"curies":[{"name":"wp","href":"https:\/\/api.w.org\/{rel}","templated":true}]}}