{"id":4198,"date":"2025-06-05T07:15:00","date_gmt":"2025-06-05T05:15:00","guid":{"rendered":"https:\/\/www.periferieprahy.cz\/blog\/?p=4198"},"modified":"2025-06-05T21:05:19","modified_gmt":"2025-06-05T19:05:19","slug":"c-p-274-eysseltova-vila","status":"publish","type":"post","link":"https:\/\/www.periferieprahy.cz\/blog\/2025\/06\/05\/c-p-274-eysseltova-vila\/","title":{"rendered":"\u010c.p. 274 Eysseltova vila"},"content":{"rendered":"\n<img loading=\"lazy\" decoding=\"async\" border=\"0\" src=\"https:\/\/www.periferieprahy.cz\/blog\/wp-content\/uploads\/2024\/12\/pismo7_19.gif\" width=\"99\" height=\"125\" align=\"left\">ento \n\t\t\tzvl\u00e1\u0161tn\u00ed a kr\u00e1sn\u00fd d\u016fm, jeho\u017e vlastn\u00edky b\u00fdvali potomci \u0161lechtick\u00e9ho \n\t\t\trodu Eysselt &#8211; Klimp\u00e9ly, m\u011bl p\u016fvodn\u00ed \u010d\u00edslo popisn\u00e9 24, pat\u0159\u00edc\u00ed do \n\t\t\tkatastru Horn\u00ed Liboce. To u\u017e ale nen\u00ed pravda. Bohu\u017eel se v\u0161e zm\u011bnilo \n\t\t\tdne 25.7.2018, kdy d\u016fm kolem poledne zachv\u00e1tily plameny. Proto\u017ee \n\t\t\tt\u00e9m\u011b\u0159 devastovanou vilu dlouho nikdo neob\u00fdval a neudr\u017eoval, je \n\t\t\tmo\u017en\u00e9, \u017ee po\u017e\u00e1r zalo\u017eili bezdomovci nebo fe\u0165\u00e1ci. Vyj\u00e1d\u0159en\u00ed statika \n\t\t\tpo likvidaci po\u017e\u00e1ru bylo nemilosrd\u00e9: objekt mus\u00ed b\u00fdt cel\u00fd zbo\u0159en, \n\t\t\taby neohro\u017eoval provoz v Libock\u00e9 ulici. Proto jeho demolice prob\u011bhla \n\t\t\tvelice rychle a dnes &#8211; 9.8.2018, kdy p\u00ed\u0161i tyto \u0159\u00e1dky u\u017e na m\u00edst\u011b \n\t\t\tnajdete jen posledn\u00ed zbytky suti.<p>Tato secesn\u00ed vila byla postavena \n\t\t\tarchitektem Karlem H\u00fcbsmannem v roce 1906 pro rodinu \n\t\t\tm\u00edstodr\u017eitelsk\u00e9ho sekret\u00e1\u0159e JUDr. Karla Eysselta, \u0161lechtice z \n\t\t\tKlimp\u00e9ly a jeho \u017eenu&nbsp; Hedviku, rozenou rovn\u011b\u017e Eysselt von \n\t\t\tKlimp\u00e9ly. Do vily se nast\u011bhovali se sv\u00fdm synem Karlem. Ten se \n\t\t\tnarodil 22.4.1900. Vystudoval malostransk\u00e9 gymn\u00e1zium a obor \u010de\u0161tina \n\t\t\t&#8211; n\u011bm\u010dina na Filozofick\u00e9 fakult\u011b UK v Praze. Studium zakon\u010dil \n\t\t\tdiserta\u010dn\u00ed prac\u00ed N\u011bmeck\u00e9 drama 90. let na \u010desk\u00e9m jevi\u0161ti. P\u0159es \n\t\t\tnab\u00eddky odborn\u00e9 univerzitn\u00ed kari\u00e9ry se rozhodl pro pedagogickou \n\t\t\t\u010dinnost na st\u0159edn\u00edch \u0161kol\u00e1ch. Nejprve p\u016fsobil v T\u00e1bo\u0159e a na \n\t\t\tSlovensku v \u017dilin\u011b. P\u0159es 30 let u\u010dil na gymn\u00e1ziu ve Slan\u00e9m \n\t\t\t(1929-1963). V datab\u00e1zi N\u00e1rodn\u00ed knihovny jsem objevil tyto pr\u00e1ce: \n\t\t\tD\u011bjiny sl\u00e1nsk\u00e9ho gymn\u00e1zia (vy\u0161lo v roce 2000), M\u00e9 hradeck\u00e9 l\u00e1sky : \n\t\t\tp\u0159ednesl autor na sjezdu abiturient\u016f a \u017e\u00e1k\u016f gymnasia v Jind\u0159. Hradci \n\t\t\tdne 4. srpna 1925 a N\u011bmeck\u00e9 drama let devades\u00e1t\u00fdch na \u010desk\u00e9m jevi\u0161ti \n\t\t\ta jeho vliv na drama \u010desk\u00e9 vydal vlastn\u00edm n\u00e1kladem r. 1926.&nbsp; \n\t\t\tOrganizoval t\u00e9\u017e liter\u00e1rn\u00ed krou\u017eky a kulturn\u00ed po\u0159ady pro sl\u00e1nskou \n\t\t\tve\u0159ejnost. Zem\u0159el 27.1.1979 v Praze.&nbsp; <\/p>\n\n\n<div class=\"su-image-carousel  su-image-carousel-columns-2 su-image-carousel-has-spacing su-image-carousel-crop su-image-carousel-crop-3-2 su-image-carousel-has-lightbox su-image-carousel-has-outline su-image-carousel-adaptive su-image-carousel-slides-style-default su-image-carousel-controls-style-dark su-image-carousel-align-center\" style=\"max-width:800px\" data-flickity-options='{\"groupCells\":true,\"cellSelector\":\".su-image-carousel-item\",\"adaptiveHeight\":false,\"cellAlign\":\"left\",\"prevNextButtons\":true,\"pageDots\":true,\"autoPlay\":7000,\"imagesLoaded\":true,\"contain\":true,\"selectedAttraction\":0.1499999999999999944488848768742172978818416595458984375,\"friction\":1}' id=\"su_image_carousel_69f4472bc83b0\"><div class=\"su-image-carousel-item\"><div class=\"su-image-carousel-item-content\"><a href=\"https:\/\/www.periferieprahy.cz\/blog\/wp-content\/uploads\/2025\/06\/cp274_7.jpg\" data-caption=\"Historick\u00e1 fotografie z doby, kdy byla vila je\u0161t\u011b novostavbou...\"><img loading=\"lazy\" decoding=\"async\" width=\"1266\" height=\"783\" src=\"https:\/\/www.periferieprahy.cz\/blog\/wp-content\/uploads\/2025\/06\/cp274_7.jpg\" class=\"\" alt=\"\" srcset=\"https:\/\/www.periferieprahy.cz\/blog\/wp-content\/uploads\/2025\/06\/cp274_7.jpg 1266w, https:\/\/www.periferieprahy.cz\/blog\/wp-content\/uploads\/2025\/06\/cp274_7-300x186.jpg 300w, https:\/\/www.periferieprahy.cz\/blog\/wp-content\/uploads\/2025\/06\/cp274_7-1024x633.jpg 1024w, https:\/\/www.periferieprahy.cz\/blog\/wp-content\/uploads\/2025\/06\/cp274_7-150x93.jpg 150w, https:\/\/www.periferieprahy.cz\/blog\/wp-content\/uploads\/2025\/06\/cp274_7-768x475.jpg 768w\" sizes=\"auto, (max-width: 1266px) 100vw, 1266px\" \/><span>Historick\u00e1 fotografie z doby, kdy byla vila je\u0161t\u011b novostavbou...<\/span><\/a><\/div><\/div><div class=\"su-image-carousel-item\"><div class=\"su-image-carousel-item-content\"><a href=\"https:\/\/www.periferieprahy.cz\/blog\/wp-content\/uploads\/2025\/06\/cp274_2.jpg\" data-caption=\"P\u0159ibli\u017en\u011b ze stejn\u00e9ho m\u00edsta v roce 2010. To u\u017e byla vila vybydlen\u00e1 a domn\u00edv\u00e1m se, \u017ee zcela z\u00e1m\u011brn\u011b nasm\u011brov\u00e1na do sv\u00e9ho konce v roce 2018.\"><img loading=\"lazy\" decoding=\"async\" width=\"1600\" height=\"1200\" src=\"https:\/\/www.periferieprahy.cz\/blog\/wp-content\/uploads\/2025\/06\/cp274_2.jpg\" class=\"\" alt=\"\" srcset=\"https:\/\/www.periferieprahy.cz\/blog\/wp-content\/uploads\/2025\/06\/cp274_2.jpg 1600w, https:\/\/www.periferieprahy.cz\/blog\/wp-content\/uploads\/2025\/06\/cp274_2-300x225.jpg 300w, https:\/\/www.periferieprahy.cz\/blog\/wp-content\/uploads\/2025\/06\/cp274_2-1024x768.jpg 1024w, https:\/\/www.periferieprahy.cz\/blog\/wp-content\/uploads\/2025\/06\/cp274_2-150x113.jpg 150w, https:\/\/www.periferieprahy.cz\/blog\/wp-content\/uploads\/2025\/06\/cp274_2-768x576.jpg 768w, https:\/\/www.periferieprahy.cz\/blog\/wp-content\/uploads\/2025\/06\/cp274_2-1536x1152.jpg 1536w\" sizes=\"auto, (max-width: 1600px) 100vw, 1600px\" \/><span>P\u0159ibli\u017en\u011b ze stejn\u00e9ho m\u00edsta v roce 2010. To u\u017e byla vila vybydlen\u00e1 a domn\u00edv\u00e1m se, \u017ee zcela z\u00e1m\u011brn\u011b nasm\u011brov\u00e1na do sv\u00e9ho konce v roce 2018.<\/span><\/a><\/div><\/div><div class=\"su-image-carousel-item\"><div class=\"su-image-carousel-item-content\"><a href=\"https:\/\/www.periferieprahy.cz\/blog\/wp-content\/uploads\/2025\/06\/cp274_6.jpg\" data-caption=\"Eysseltova vila rok 2014\"><img loading=\"lazy\" decoding=\"async\" width=\"1024\" height=\"768\" src=\"https:\/\/www.periferieprahy.cz\/blog\/wp-content\/uploads\/2025\/06\/cp274_6.jpg\" class=\"\" alt=\"\" srcset=\"https:\/\/www.periferieprahy.cz\/blog\/wp-content\/uploads\/2025\/06\/cp274_6.jpg 1024w, https:\/\/www.periferieprahy.cz\/blog\/wp-content\/uploads\/2025\/06\/cp274_6-300x225.jpg 300w, https:\/\/www.periferieprahy.cz\/blog\/wp-content\/uploads\/2025\/06\/cp274_6-150x113.jpg 150w, https:\/\/www.periferieprahy.cz\/blog\/wp-content\/uploads\/2025\/06\/cp274_6-768x576.jpg 768w\" sizes=\"auto, (max-width: 1024px) 100vw, 1024px\" \/><span>Eysseltova vila rok 2014<\/span><\/a><\/div><\/div><div class=\"su-image-carousel-item\"><div class=\"su-image-carousel-item-content\"><a href=\"https:\/\/www.periferieprahy.cz\/blog\/wp-content\/uploads\/2025\/06\/cp274_4.jpg\" data-caption=\"Zaj\u00edmav\u011b \u0159e\u0161en\u00fd a hezky zdoben\u00fd hr\u00e1zd\u011bn\u00fd \u0161t\u00edt domu. Stav v roce 2010. To se dalo je\u0161t\u011b mnoh\u00e9 zachr\u00e1nit.\"><img loading=\"lazy\" decoding=\"async\" width=\"1600\" height=\"827\" src=\"https:\/\/www.periferieprahy.cz\/blog\/wp-content\/uploads\/2025\/06\/cp274_4.jpg\" class=\"\" alt=\"\" srcset=\"https:\/\/www.periferieprahy.cz\/blog\/wp-content\/uploads\/2025\/06\/cp274_4.jpg 1600w, https:\/\/www.periferieprahy.cz\/blog\/wp-content\/uploads\/2025\/06\/cp274_4-300x155.jpg 300w, https:\/\/www.periferieprahy.cz\/blog\/wp-content\/uploads\/2025\/06\/cp274_4-1024x529.jpg 1024w, https:\/\/www.periferieprahy.cz\/blog\/wp-content\/uploads\/2025\/06\/cp274_4-150x78.jpg 150w, https:\/\/www.periferieprahy.cz\/blog\/wp-content\/uploads\/2025\/06\/cp274_4-768x397.jpg 768w, https:\/\/www.periferieprahy.cz\/blog\/wp-content\/uploads\/2025\/06\/cp274_4-1536x794.jpg 1536w\" sizes=\"auto, (max-width: 1600px) 100vw, 1600px\" \/><span>Zaj\u00edmav\u011b \u0159e\u0161en\u00fd a hezky zdoben\u00fd hr\u00e1zd\u011bn\u00fd \u0161t\u00edt domu. Stav v roce 2010. To se dalo je\u0161t\u011b mnoh\u00e9 zachr\u00e1nit.<\/span><\/a><\/div><\/div><div class=\"su-image-carousel-item\"><div class=\"su-image-carousel-item-content\"><a href=\"https:\/\/www.periferieprahy.cz\/blog\/wp-content\/uploads\/2025\/06\/cp274_9.jpg\" data-caption=\"25. \u010dervence 2018\"><img loading=\"lazy\" decoding=\"async\" width=\"849\" height=\"579\" src=\"https:\/\/www.periferieprahy.cz\/blog\/wp-content\/uploads\/2025\/06\/cp274_9.jpg\" class=\"\" alt=\"\" srcset=\"https:\/\/www.periferieprahy.cz\/blog\/wp-content\/uploads\/2025\/06\/cp274_9.jpg 849w, https:\/\/www.periferieprahy.cz\/blog\/wp-content\/uploads\/2025\/06\/cp274_9-300x205.jpg 300w, https:\/\/www.periferieprahy.cz\/blog\/wp-content\/uploads\/2025\/06\/cp274_9-150x102.jpg 150w, https:\/\/www.periferieprahy.cz\/blog\/wp-content\/uploads\/2025\/06\/cp274_9-768x524.jpg 768w\" sizes=\"auto, (max-width: 849px) 100vw, 849px\" \/><span>25. \u010dervence 2018<\/span><\/a><\/div><\/div><div class=\"su-image-carousel-item\"><div class=\"su-image-carousel-item-content\"><a href=\"https:\/\/www.periferieprahy.cz\/blog\/wp-content\/uploads\/2025\/06\/cp27410.jpg\" data-caption=\"25. \u010dervence 2018\"><img loading=\"lazy\" decoding=\"async\" width=\"786\" height=\"512\" src=\"https:\/\/www.periferieprahy.cz\/blog\/wp-content\/uploads\/2025\/06\/cp27410.jpg\" class=\"\" alt=\"\" srcset=\"https:\/\/www.periferieprahy.cz\/blog\/wp-content\/uploads\/2025\/06\/cp27410.jpg 786w, https:\/\/www.periferieprahy.cz\/blog\/wp-content\/uploads\/2025\/06\/cp27410-300x195.jpg 300w, https:\/\/www.periferieprahy.cz\/blog\/wp-content\/uploads\/2025\/06\/cp27410-150x98.jpg 150w, https:\/\/www.periferieprahy.cz\/blog\/wp-content\/uploads\/2025\/06\/cp27410-768x500.jpg 768w\" sizes=\"auto, (max-width: 786px) 100vw, 786px\" \/><span>25. \u010dervence 2018<\/span><\/a><\/div><\/div><div class=\"su-image-carousel-item\"><div class=\"su-image-carousel-item-content\"><a href=\"https:\/\/www.periferieprahy.cz\/blog\/wp-content\/uploads\/2025\/06\/cp274_11.jpeg\" data-caption=\"Po odklizen\u00ed suti je m\u00edste\u010dko po secesn\u00ed vile p\u0159ipraveno pro dal\u0161\u00ed \u0159\u00e1d\u011bn\u00ed architekt\u016f....\"><img loading=\"lazy\" decoding=\"async\" width=\"653\" height=\"490\" src=\"https:\/\/www.periferieprahy.cz\/blog\/wp-content\/uploads\/2025\/06\/cp274_11.jpeg\" class=\"\" alt=\"\" srcset=\"https:\/\/www.periferieprahy.cz\/blog\/wp-content\/uploads\/2025\/06\/cp274_11.jpeg 653w, https:\/\/www.periferieprahy.cz\/blog\/wp-content\/uploads\/2025\/06\/cp274_11-300x225.jpeg 300w, https:\/\/www.periferieprahy.cz\/blog\/wp-content\/uploads\/2025\/06\/cp274_11-150x113.jpeg 150w\" sizes=\"auto, (max-width: 653px) 100vw, 653px\" \/><span>Po odklizen\u00ed suti je m\u00edste\u010dko po secesn\u00ed vile p\u0159ipraveno pro dal\u0161\u00ed \u0159\u00e1d\u011bn\u00ed architekt\u016f....<\/span><\/a><\/div><\/div><div class=\"su-image-carousel-item\"><div class=\"su-image-carousel-item-content\"><a href=\"https:\/\/www.periferieprahy.cz\/blog\/wp-content\/uploads\/2025\/06\/cp274_12.jpg\" data-caption=\"...v\u00fdsledek, rok 2023\"><img loading=\"lazy\" decoding=\"async\" width=\"903\" height=\"651\" src=\"https:\/\/www.periferieprahy.cz\/blog\/wp-content\/uploads\/2025\/06\/cp274_12.jpg\" class=\"\" alt=\"\" srcset=\"https:\/\/www.periferieprahy.cz\/blog\/wp-content\/uploads\/2025\/06\/cp274_12.jpg 903w, https:\/\/www.periferieprahy.cz\/blog\/wp-content\/uploads\/2025\/06\/cp274_12-300x216.jpg 300w, https:\/\/www.periferieprahy.cz\/blog\/wp-content\/uploads\/2025\/06\/cp274_12-150x108.jpg 150w, https:\/\/www.periferieprahy.cz\/blog\/wp-content\/uploads\/2025\/06\/cp274_12-768x554.jpg 768w\" sizes=\"auto, (max-width: 903px) 100vw, 903px\" \/><span>...v\u00fdsledek, rok 2023<\/span><\/a><\/div><\/div><\/div><script id=\"su_image_carousel_69f4472bc83b0_script\">if(window.SUImageCarousel){setTimeout(function() {window.SUImageCarousel.initGallery(document.getElementById(\"su_image_carousel_69f4472bc83b0\"))}, 0);}var su_image_carousel_69f4472bc83b0_script=document.getElementById(\"su_image_carousel_69f4472bc83b0_script\");if(su_image_carousel_69f4472bc83b0_script){su_image_carousel_69f4472bc83b0_script.parentNode.removeChild(su_image_carousel_69f4472bc83b0_script);}<\/script>\n\n\n<div class=\"wp-block-image is-style-default\">\n<figure class=\"aligncenter size-large is-resized\"><img loading=\"lazy\" decoding=\"async\" width=\"707\" height=\"897\" src=\"https:\/\/www.periferieprahy.cz\/blog\/wp-content\/uploads\/2025\/06\/cp274_3-edited.jpg\" alt=\"\" class=\"wp-image-4214\" style=\"width:406px;height:auto\" srcset=\"https:\/\/www.periferieprahy.cz\/blog\/wp-content\/uploads\/2025\/06\/cp274_3-edited.jpg 707w, https:\/\/www.periferieprahy.cz\/blog\/wp-content\/uploads\/2025\/06\/cp274_3-edited-236x300.jpg 236w, https:\/\/www.periferieprahy.cz\/blog\/wp-content\/uploads\/2025\/06\/cp274_3-edited-118x150.jpg 118w\" sizes=\"auto, (max-width: 707px) 100vw, 707px\" \/><figcaption class=\"wp-element-caption\">Nesm\u00edme t\u00e9\u017e zapomenout, \u017ee na fas\u00e1d\u011b objektu byla um\u00edst\u011bna pam\u011btn\u00ed deska s n\u00e1pisem: <em><strong>Dorostenec sokola v Liboci KAREL VL\u00c1\u0160EK 19 16\/12 44 polo\u017eil \u017eivot za vlast.<\/strong><\/em> Podle informace od pana A. Mare\u0161e ml. p\u0159en\u00e1\u0161el let\u00e1ky ze \u0160umavy do Prahy, a zde jej zast\u0159elili N\u011bmci. Jak\u00fd je osud tohoto pomn\u00ed\u010dku je ve hv\u011bzd\u00e1ch. Douf\u00e1m, \u017ee neskon\u010dil kdesi na skl\u00e1dce stavebn\u00ed suti. Na novostavb\u011b jsem ho nevid\u011bl.<\/figcaption><\/figure>\n<\/div>\n\n<div class=\"su-image-carousel  su-image-carousel-columns-3 su-image-carousel-has-spacing su-image-carousel-crop su-image-carousel-crop-3-2 su-image-carousel-has-lightbox su-image-carousel-has-outline su-image-carousel-adaptive su-image-carousel-slides-style-default su-image-carousel-controls-style-dark su-image-carousel-align-center\" style=\"max-width:800px\" data-flickity-options='{\"groupCells\":true,\"cellSelector\":\".su-image-carousel-item\",\"adaptiveHeight\":false,\"cellAlign\":\"left\",\"prevNextButtons\":true,\"pageDots\":true,\"autoPlay\":7000,\"imagesLoaded\":true,\"contain\":true,\"selectedAttraction\":0.1499999999999999944488848768742172978818416595458984375,\"friction\":1}' id=\"su_image_carousel_69f4472bc9778\"><div class=\"su-image-carousel-item\"><div class=\"su-image-carousel-item-content\"><a href=\"https:\/\/www.periferieprahy.cz\/blog\/wp-content\/uploads\/2025\/06\/cp274_1.jpg\" data-caption=\"Vla\u010fka Tomanov\u00e1 mi poskytla kopie koresponden\u010dn\u00edch l\u00edstk\u016f, kter\u00e9 psal JUDr. Karel Eysselt - Klimp\u00e9ly sv\u00e9mu synovi, profesoru re\u00e1ln\u00e9ho gymn\u00e1zia ve Slan\u00e9m. I kdy\u017e se podepsal jako &quot;Tat\u00ednek&quot;, poda\u0159ilo se z domovn\u00ed p\u0159ihl\u00e1\u0161ky zjistit z\u00e1kladn\u00ed \u00fadaje o rodin\u011b.\"><img loading=\"lazy\" decoding=\"async\" width=\"1169\" height=\"761\" src=\"https:\/\/www.periferieprahy.cz\/blog\/wp-content\/uploads\/2025\/06\/cp274_1.jpg\" class=\"\" alt=\"\" srcset=\"https:\/\/www.periferieprahy.cz\/blog\/wp-content\/uploads\/2025\/06\/cp274_1.jpg 1169w, https:\/\/www.periferieprahy.cz\/blog\/wp-content\/uploads\/2025\/06\/cp274_1-300x195.jpg 300w, https:\/\/www.periferieprahy.cz\/blog\/wp-content\/uploads\/2025\/06\/cp274_1-1024x667.jpg 1024w, https:\/\/www.periferieprahy.cz\/blog\/wp-content\/uploads\/2025\/06\/cp274_1-150x98.jpg 150w, https:\/\/www.periferieprahy.cz\/blog\/wp-content\/uploads\/2025\/06\/cp274_1-768x500.jpg 768w\" sizes=\"auto, (max-width: 1169px) 100vw, 1169px\" \/><span>Vla\u010fka Tomanov\u00e1 mi poskytla kopie koresponden\u010dn\u00edch l\u00edstk\u016f, kter\u00e9 psal JUDr. Karel Eysselt - Klimp\u00e9ly sv\u00e9mu synovi, profesoru re\u00e1ln\u00e9ho gymn\u00e1zia ve Slan\u00e9m. I kdy\u017e se podepsal jako \"Tat\u00ednek\", poda\u0159ilo se z domovn\u00ed p\u0159ihl\u00e1\u0161ky zjistit z\u00e1kladn\u00ed \u00fadaje o rodin\u011b.<\/span><\/a><\/div><\/div><div class=\"su-image-carousel-item\"><div class=\"su-image-carousel-item-content\"><a href=\"https:\/\/www.periferieprahy.cz\/blog\/wp-content\/uploads\/2025\/06\/cp274_5.jpg\" data-caption=\"Vla\u010fka Tomanov\u00e1 mi poskytla kopie koresponden\u010dn\u00edch l\u00edstk\u016f, kter\u00e9 psal JUDr. Karel Eysselt - Klimp\u00e9ly sv\u00e9mu synovi, profesoru re\u00e1ln\u00e9ho gymn\u00e1zia ve Slan\u00e9m. I kdy\u017e se podepsal jako &quot;Tat\u00ednek&quot;, poda\u0159ilo se z domovn\u00ed p\u0159ihl\u00e1\u0161ky zjistit z\u00e1kladn\u00ed \u00fadaje o rodin\u011b.\"><img loading=\"lazy\" decoding=\"async\" width=\"757\" height=\"498\" src=\"https:\/\/www.periferieprahy.cz\/blog\/wp-content\/uploads\/2025\/06\/cp274_5.jpg\" class=\"\" alt=\"\" srcset=\"https:\/\/www.periferieprahy.cz\/blog\/wp-content\/uploads\/2025\/06\/cp274_5.jpg 757w, https:\/\/www.periferieprahy.cz\/blog\/wp-content\/uploads\/2025\/06\/cp274_5-300x197.jpg 300w, https:\/\/www.periferieprahy.cz\/blog\/wp-content\/uploads\/2025\/06\/cp274_5-150x99.jpg 150w\" sizes=\"auto, (max-width: 757px) 100vw, 757px\" \/><span>Vla\u010fka Tomanov\u00e1 mi poskytla kopie koresponden\u010dn\u00edch l\u00edstk\u016f, kter\u00e9 psal JUDr. Karel Eysselt - Klimp\u00e9ly sv\u00e9mu synovi, profesoru re\u00e1ln\u00e9ho gymn\u00e1zia ve Slan\u00e9m. I kdy\u017e se podepsal jako \"Tat\u00ednek\", poda\u0159ilo se z domovn\u00ed p\u0159ihl\u00e1\u0161ky zjistit z\u00e1kladn\u00ed \u00fadaje o rodin\u011b.<\/span><\/a><\/div><\/div><div class=\"su-image-carousel-item\"><div class=\"su-image-carousel-item-content\"><a href=\"https:\/\/www.periferieprahy.cz\/blog\/wp-content\/uploads\/2025\/06\/cp274_8.jpg\" data-caption=\"JUDr. Karel Eysselt \u0161l. z Klimp\u00e9ly, c.k. m\u00edstodr\u017eitelsk\u00fd konceptn\u00ed sekret\u00e1\u0159 se narodil v Pelh\u0159imov\u011b 5.6.1868 rodi\u010d\u016fm Eduardu a Justin\u011b rodem Filzigen?. S\u0148atek uzav\u0159el 13.4.1896 v kostele sv. Mikul\u00e1\u0161e v Praze s Hedvikou, dcerou Bed\u0159icha Eysselt z Klimp\u00e9ly a Terezie. Syn Karel se narodil 22.4.1900 a byl pok\u0159t\u011bn v kostele u Panny Marie V\u00edt\u011bzn\u00e9.\"><img loading=\"lazy\" decoding=\"async\" width=\"981\" height=\"447\" src=\"https:\/\/www.periferieprahy.cz\/blog\/wp-content\/uploads\/2025\/06\/cp274_8.jpg\" class=\"\" alt=\"\" srcset=\"https:\/\/www.periferieprahy.cz\/blog\/wp-content\/uploads\/2025\/06\/cp274_8.jpg 981w, https:\/\/www.periferieprahy.cz\/blog\/wp-content\/uploads\/2025\/06\/cp274_8-300x137.jpg 300w, https:\/\/www.periferieprahy.cz\/blog\/wp-content\/uploads\/2025\/06\/cp274_8-150x68.jpg 150w, https:\/\/www.periferieprahy.cz\/blog\/wp-content\/uploads\/2025\/06\/cp274_8-768x350.jpg 768w\" sizes=\"auto, (max-width: 981px) 100vw, 981px\" \/><span>JUDr. Karel Eysselt \u0161l. z Klimp\u00e9ly, c.k. m\u00edstodr\u017eitelsk\u00fd konceptn\u00ed sekret\u00e1\u0159 se narodil v Pelh\u0159imov\u011b 5.6.1868 rodi\u010d\u016fm Eduardu a Justin\u011b rodem Filzigen?. S\u0148atek uzav\u0159el 13.4.1896 v kostele sv. Mikul\u00e1\u0161e v Praze s Hedvikou, dcerou Bed\u0159icha Eysselt z Klimp\u00e9ly a Terezie. Syn Karel se narodil 22.4.1900 a byl pok\u0159t\u011bn v kostele u Panny Marie V\u00edt\u011bzn\u00e9.<\/span><\/a><\/div><\/div><\/div><script id=\"su_image_carousel_69f4472bc9778_script\">if(window.SUImageCarousel){setTimeout(function() {window.SUImageCarousel.initGallery(document.getElementById(\"su_image_carousel_69f4472bc9778\"))}, 0);}var su_image_carousel_69f4472bc9778_script=document.getElementById(\"su_image_carousel_69f4472bc9778_script\");if(su_image_carousel_69f4472bc9778_script){su_image_carousel_69f4472bc9778_script.parentNode.removeChild(su_image_carousel_69f4472bc9778_script);}<\/script>\n\n\n<table border=\"0\">\n<tbody>\n<tr>\n<td colspan=\"2\">Zdroje:<\/td>\n<\/tr>\n<tr>\n<td colspan=\"2\">AHMP &gt;Soupis pra\u017esk\u00e9ho obyvatelstva&gt;<a href=\"http:\/\/katalog.ahmp.cz\/pragapublica\/permalink?xid=1E6C5C1223A911E08F90005056C00008&amp;scan=1#scan1\" target=\"_blank\" rel=\"noopener\">Eysselt Karel \u0161l. z Klimp\u00e9ly<\/a><\/td>\n<\/tr>\n<tr>\n<td colspan=\"2\"><a href=\"https:\/\/aleph.nkp.cz\/F\/161ENPAJ1UL6BFG5286F53SUDDSUXFQ5R3Q5SIJDBD6CHNSI2D-15748?func=accref&amp;acc_sequence=000121966\" target=\"_blank\" rel=\"noopener\">NKP &gt; autoritn\u00ed z\u00e1znam Karel Eysselt &#8211; Klimp\u00e9ly<\/a><\/td>\n<\/tr>\n<tr>\n<td colspan=\"2\">N\u00e1\u0161 region &gt;\u00a0<a href=\"http:\/\/nasregion.cz\/praha\/liboc-ztraci-tvar-a-bude-to-jeste-horsi\" target=\"_blank\" rel=\"noopener\">Liboc ztr\u00e1c\u00ed tv\u00e1\u0159 a bude to je\u0161t\u011b hor\u0161\u00ed<\/a><\/td>\n<\/tr>\n<tr>\n<td colspan=\"2\">iDNES.cz &gt;\u00a0<a href=\"https:\/\/praha.idnes.cz\/praha-pozar-dum-doprava-libocka-hasici-dx8-\/praha-zpravy.aspx?c=A180725_135859_praha-zpravy_nuc\" target=\"_blank\" rel=\"noopener\">Pobl\u00ed\u017e obory Hv\u011bzda ho\u0159el opu\u0161t\u011bn\u00fd d\u016fm&#8230;<\/a><\/td>\n<\/tr>\n<tr>\n<td colspan=\"2\">\u00a0<\/td>\n<\/tr>\n<\/tbody>\n<\/table>\n\n\n<p><\/p>\n","protected":false},"excerpt":{"rendered":"<p>Tento zvl\u00e1\u0161tn\u00ed a kr\u00e1sn\u00fd d\u016fm, jeho\u017e vlastn\u00edky b\u00fdvali potomci \u0161lechtick\u00e9ho rodu Eysselt &#8211; Klimp\u00e9ly, m\u011bl p\u016fvodn\u00ed \u010d\u00edslo popisn\u00e9 24, pat\u0159\u00edc\u00ed do katastru Horn\u00ed Liboce. To u\u017e ale nen\u00ed pravda. Bohu\u017eel se v\u0161e zm\u011bnilo \tdne 25.7.2018, kdy d\u016fm kolem poledne zachv\u00e1tily plameny. <\/p>\n","protected":false},"author":1,"featured_media":4186,"comment_status":"open","ping_status":"open","sticky":false,"template":"","format":"standard","meta":{"_exactmetrics_skip_tracking":false,"_exactmetrics_sitenote_active":false,"_exactmetrics_sitenote_note":"","_exactmetrics_sitenote_category":0,"footnotes":""},"categories":[3],"tags":[],"post_folder":[],"class_list":["post-4198","post","type-post","status-publish","format-standard","has-post-thumbnail","hentry","category-redakce"],"_links":{"self":[{"href":"https:\/\/www.periferieprahy.cz\/blog\/wp-json\/wp\/v2\/posts\/4198","targetHints":{"allow":["GET"]}}],"collection":[{"href":"https:\/\/www.periferieprahy.cz\/blog\/wp-json\/wp\/v2\/posts"}],"about":[{"href":"https:\/\/www.periferieprahy.cz\/blog\/wp-json\/wp\/v2\/types\/post"}],"author":[{"embeddable":true,"href":"https:\/\/www.periferieprahy.cz\/blog\/wp-json\/wp\/v2\/users\/1"}],"replies":[{"embeddable":true,"href":"https:\/\/www.periferieprahy.cz\/blog\/wp-json\/wp\/v2\/comments?post=4198"}],"version-history":[{"count":5,"href":"https:\/\/www.periferieprahy.cz\/blog\/wp-json\/wp\/v2\/posts\/4198\/revisions"}],"predecessor-version":[{"id":4215,"href":"https:\/\/www.periferieprahy.cz\/blog\/wp-json\/wp\/v2\/posts\/4198\/revisions\/4215"}],"wp:featuredmedia":[{"embeddable":true,"href":"https:\/\/www.periferieprahy.cz\/blog\/wp-json\/wp\/v2\/media\/4186"}],"wp:attachment":[{"href":"https:\/\/www.periferieprahy.cz\/blog\/wp-json\/wp\/v2\/media?parent=4198"}],"wp:term":[{"taxonomy":"category","embeddable":true,"href":"https:\/\/www.periferieprahy.cz\/blog\/wp-json\/wp\/v2\/categories?post=4198"},{"taxonomy":"post_tag","embeddable":true,"href":"https:\/\/www.periferieprahy.cz\/blog\/wp-json\/wp\/v2\/tags?post=4198"},{"taxonomy":"post_folder","embeddable":true,"href":"https:\/\/www.periferieprahy.cz\/blog\/wp-json\/wp\/v2\/post_folder?post=4198"}],"curies":[{"name":"wp","href":"https:\/\/api.w.org\/{rel}","templated":true}]}}