{"id":4246,"date":"2025-06-07T20:05:59","date_gmt":"2025-06-07T18:05:59","guid":{"rendered":"https:\/\/www.periferieprahy.cz\/blog\/?p=4246"},"modified":"2025-06-09T20:34:23","modified_gmt":"2025-06-09T18:34:23","slug":"c-p-278-u-hroniku","status":"publish","type":"post","link":"https:\/\/www.periferieprahy.cz\/blog\/2025\/06\/07\/c-p-278-u-hroniku\/","title":{"rendered":"\u010c.p. 278 &#8222;U Hron\u00edk\u016f&#8220;"},"content":{"rendered":"\n<p align=\"left\">\n\t\t\t<img loading=\"lazy\" decoding=\"async\" border=\"0\" src=\"https:\/\/www.periferieprahy.cz\/blog\/wp-content\/uploads\/2024\/12\/pismo7_15.gif\" width=\"111\" height=\"147\" align=\"left\"><b><font face=\"Times New Roman\" color=\"#CE0000\" size=\"7\">ohostinstv\u00ed \n\t\t\tpana Hron\u00edka<\/font><\/b><\/p>\n\t\t\t<p>Hned za restaurac\u00ed a sodovk\u00e1rnou pana Hudce b\u00fdvala jednopatrov\u00e1 \n\t\t\tbudova, kde na zahrad\u011b m\u011bla modlitebnu&nbsp; \u010deskoslovensk\u00e1 c\u00edrkev \n\t\t\thusitsk\u00e1 a kde bylo i s\u00eddlo t\u011blov\u00fdchovn\u00e9 organizace Orel. Zde \n\t\t\tprovozoval tak\u00e9 sv\u00e9&nbsp; pohostinstv\u00ed pan Hron\u00edk. Dokonce se zde \n\t\t\thr\u00e1valo i divadlo. V\u0161e podle vzpom\u00ednek \u2020A. Mare\u0161e. Bohu\u017eel m\u00e1m k \n\t\t\tdispozici pouze dva pohledy, kde je p\u016fvodn\u00ed d\u016fm zachycen\n\n\n\n<div style=\"height:46px\" aria-hidden=\"true\" class=\"wp-block-spacer\"><\/div>\n\n\n<div class=\"su-image-carousel  su-image-carousel-has-spacing su-image-carousel-crop su-image-carousel-crop-16-9 su-image-carousel-has-lightbox su-image-carousel-has-outline su-image-carousel-adaptive su-image-carousel-slides-style-default su-image-carousel-controls-style-dark su-image-carousel-align-center\" style=\"max-width:600px\" data-flickity-options='{\"groupCells\":true,\"cellSelector\":\".su-image-carousel-item\",\"adaptiveHeight\":false,\"cellAlign\":\"left\",\"prevNextButtons\":true,\"pageDots\":true,\"autoPlay\":5000,\"imagesLoaded\":true,\"contain\":true,\"selectedAttraction\":0.1499999999999999944488848768742172978818416595458984375,\"friction\":1}' id=\"su_image_carousel_69f447d05bc49\"><div class=\"su-image-carousel-item\"><div class=\"su-image-carousel-item-content\"><a href=\"https:\/\/www.periferieprahy.cz\/blog\/wp-content\/uploads\/2025\/06\/cp279.jpg\" data-caption=\"Libock\u00e1 \u010d.p.279 podle pam\u011bt\u00ed pana Mare\u0161e mlad\u0161\u00edho zde b\u00fdvalo \u0159eznictv\u00ed pana Kresy a spr\u00e1vk\u00e1rna obuvi. D\u0159\u00edve zde byl Jan Opaleck\u00fd. Je to vid\u011bt na v\u00fdv\u011bsn\u00edm \u0161t\u00edt\u011b za stromem. Mohl to b\u00fdt \u0159ezn\u00edk podle toho mu\u017ee v pop\u0159ed\u00ed v za\u0161pin\u011bn\u00e9  z\u00e1st\u011b\u0159e. Vedle lze p\u0159e\u010d\u00edst je\u0161t\u011b slovo Tab\u00e1k. D\u016fm je\u0161t\u011b stoj\u00ed, ale u\u017e to m\u00e1 spo\u010d\u00edtan\u00e9. M\u00edsto n\u011bj zde vznikne nov\u00e9, sklobetonov\u00e9 monstrum.\nZa prolukou, kter\u00e1 je tu dodnes, je \u010d.p. 278, kde byvala hospoda pana Hron\u00edka. Za n\u00edm je Eldorado a sodovk\u00e1rna Fr. Hudce \u010d.p.292.\"><img loading=\"lazy\" decoding=\"async\" width=\"900\" height=\"652\" src=\"https:\/\/www.periferieprahy.cz\/blog\/wp-content\/uploads\/2025\/06\/cp279.jpg\" class=\"\" alt=\"\" srcset=\"https:\/\/www.periferieprahy.cz\/blog\/wp-content\/uploads\/2025\/06\/cp279.jpg 900w, https:\/\/www.periferieprahy.cz\/blog\/wp-content\/uploads\/2025\/06\/cp279-300x217.jpg 300w, https:\/\/www.periferieprahy.cz\/blog\/wp-content\/uploads\/2025\/06\/cp279-150x109.jpg 150w, https:\/\/www.periferieprahy.cz\/blog\/wp-content\/uploads\/2025\/06\/cp279-768x556.jpg 768w\" sizes=\"auto, (max-width: 900px) 100vw, 900px\" \/><span>Libock\u00e1 \u010d.p.279 podle pam\u011bt\u00ed pana Mare\u0161e mlad\u0161\u00edho zde b\u00fdvalo \u0159eznictv\u00ed pana Kresy a spr\u00e1vk\u00e1rna obuvi. D\u0159\u00edve zde byl Jan Opaleck\u00fd. Je to vid\u011bt na v\u00fdv\u011bsn\u00edm \u0161t\u00edt\u011b za stromem. Mohl to b\u00fdt \u0159ezn\u00edk podle toho mu\u017ee v pop\u0159ed\u00ed v za\u0161pin\u011bn\u00e9  z\u00e1st\u011b\u0159e. Vedle lze p\u0159e\u010d\u00edst je\u0161t\u011b slovo Tab\u00e1k. D\u016fm je\u0161t\u011b stoj\u00ed, ale u\u017e to m\u00e1 spo\u010d\u00edtan\u00e9. M\u00edsto n\u011bj zde vznikne nov\u00e9, sklobetonov\u00e9 monstrum.\nZa prolukou, kter\u00e1 je tu dodnes, je \u010d.p. 278, kde byvala hospoda pana Hron\u00edka. Za n\u00edm je Eldorado a sodovk\u00e1rna Fr. Hudce \u010d.p.292.<\/span><\/a><\/div><\/div><div class=\"su-image-carousel-item\"><div class=\"su-image-carousel-item-content\"><a href=\"https:\/\/www.periferieprahy.cz\/blog\/wp-content\/uploads\/2025\/06\/cp292_11.jpg\" data-caption=\"Z opa\u010dn\u00e9ho pohledu, tedy sm\u011br kostel: Vlevo Eldorado a za n\u00edm \u010d.p. 278\"><img loading=\"lazy\" decoding=\"async\" width=\"1040\" height=\"514\" src=\"https:\/\/www.periferieprahy.cz\/blog\/wp-content\/uploads\/2025\/06\/cp292_11.jpg\" class=\"\" alt=\"\" srcset=\"https:\/\/www.periferieprahy.cz\/blog\/wp-content\/uploads\/2025\/06\/cp292_11.jpg 1040w, https:\/\/www.periferieprahy.cz\/blog\/wp-content\/uploads\/2025\/06\/cp292_11-300x148.jpg 300w, https:\/\/www.periferieprahy.cz\/blog\/wp-content\/uploads\/2025\/06\/cp292_11-1024x506.jpg 1024w, https:\/\/www.periferieprahy.cz\/blog\/wp-content\/uploads\/2025\/06\/cp292_11-150x74.jpg 150w, https:\/\/www.periferieprahy.cz\/blog\/wp-content\/uploads\/2025\/06\/cp292_11-768x380.jpg 768w\" sizes=\"auto, (max-width: 1040px) 100vw, 1040px\" \/><span>Z opa\u010dn\u00e9ho pohledu, tedy sm\u011br kostel: Vlevo Eldorado a za n\u00edm \u010d.p. 278<\/span><\/a><\/div><\/div><div class=\"su-image-carousel-item\"><div class=\"su-image-carousel-item-content\"><a href=\"https:\/\/www.periferieprahy.cz\/blog\/wp-content\/uploads\/2025\/06\/cp292_3.jpg\" data-caption=\"Stejn\u00fd pohled ale z roku 2009. To u\u017e p\u016fvodn\u00ed d\u016fm s \u010d.p.278 nahradilo to \u0161ediv\u00e9 n\u011bco. Vpravo \u010d.p. 296, koloni\u00e1l pana Herycha.\"><img loading=\"lazy\" decoding=\"async\" width=\"1598\" height=\"834\" src=\"https:\/\/www.periferieprahy.cz\/blog\/wp-content\/uploads\/2025\/06\/cp292_3.jpg\" class=\"\" alt=\"\" srcset=\"https:\/\/www.periferieprahy.cz\/blog\/wp-content\/uploads\/2025\/06\/cp292_3.jpg 1598w, https:\/\/www.periferieprahy.cz\/blog\/wp-content\/uploads\/2025\/06\/cp292_3-300x157.jpg 300w, https:\/\/www.periferieprahy.cz\/blog\/wp-content\/uploads\/2025\/06\/cp292_3-1024x534.jpg 1024w, https:\/\/www.periferieprahy.cz\/blog\/wp-content\/uploads\/2025\/06\/cp292_3-150x78.jpg 150w, https:\/\/www.periferieprahy.cz\/blog\/wp-content\/uploads\/2025\/06\/cp292_3-768x401.jpg 768w, https:\/\/www.periferieprahy.cz\/blog\/wp-content\/uploads\/2025\/06\/cp292_3-1536x802.jpg 1536w\" sizes=\"auto, (max-width: 1598px) 100vw, 1598px\" \/><span>Stejn\u00fd pohled ale z roku 2009. To u\u017e p\u016fvodn\u00ed d\u016fm s \u010d.p.278 nahradilo to \u0161ediv\u00e9 n\u011bco. Vpravo \u010d.p. 296, koloni\u00e1l pana Herycha.<\/span><\/a><\/div><\/div><div class=\"su-image-carousel-item\"><div class=\"su-image-carousel-item-content\"><a href=\"https:\/\/www.periferieprahy.cz\/blog\/wp-content\/uploads\/2025\/06\/cp278_1.jpg\" data-caption=\"A toto byl ten zahradn\u00ed domek s motlitebnou. \u00a9 p. \u0160r\u00e1mov\u00e1, zdroj http:\/\/rodina.cz\/scripts\/album\/album.asp?f_id=&amp;id=78864&amp;pg=2\"><img loading=\"lazy\" decoding=\"async\" width=\"800\" height=\"606\" src=\"https:\/\/www.periferieprahy.cz\/blog\/wp-content\/uploads\/2025\/06\/cp278_1.jpg\" class=\"\" alt=\"\" srcset=\"https:\/\/www.periferieprahy.cz\/blog\/wp-content\/uploads\/2025\/06\/cp278_1.jpg 800w, https:\/\/www.periferieprahy.cz\/blog\/wp-content\/uploads\/2025\/06\/cp278_1-300x227.jpg 300w, https:\/\/www.periferieprahy.cz\/blog\/wp-content\/uploads\/2025\/06\/cp278_1-150x114.jpg 150w, https:\/\/www.periferieprahy.cz\/blog\/wp-content\/uploads\/2025\/06\/cp278_1-768x582.jpg 768w\" sizes=\"auto, (max-width: 800px) 100vw, 800px\" \/><span>A toto byl ten zahradn\u00ed domek s motlitebnou. \u00a9 p. \u0160r\u00e1mov\u00e1, zdroj http:\/\/rodina.cz\/scripts\/album\/album.asp?f_id=&id=78864&pg=2<\/span><\/a><\/div><\/div><div class=\"su-image-carousel-item\"><div class=\"su-image-carousel-item-content\"><a href=\"https:\/\/www.periferieprahy.cz\/blog\/wp-content\/uploads\/2025\/06\/cp278.jpg\" data-caption=\"Takto vypadal interi\u00e9r modlitebny \u010ceskoslovensk\u00e9 c\u00edrkve husitsk\u00e9 v Liboci \u010d.p. 278. \u00a9 p. \u0160r\u00e1mov\u00e1, zdroj http:\/\/rodina.cz\/scripts\/album\/album.asp?f_id=&amp;id=78864&amp;pg=2\"><img loading=\"lazy\" decoding=\"async\" width=\"800\" height=\"606\" src=\"https:\/\/www.periferieprahy.cz\/blog\/wp-content\/uploads\/2025\/06\/cp278.jpg\" class=\"\" alt=\"\" srcset=\"https:\/\/www.periferieprahy.cz\/blog\/wp-content\/uploads\/2025\/06\/cp278.jpg 800w, https:\/\/www.periferieprahy.cz\/blog\/wp-content\/uploads\/2025\/06\/cp278-300x227.jpg 300w, https:\/\/www.periferieprahy.cz\/blog\/wp-content\/uploads\/2025\/06\/cp278-150x114.jpg 150w, https:\/\/www.periferieprahy.cz\/blog\/wp-content\/uploads\/2025\/06\/cp278-768x582.jpg 768w\" sizes=\"auto, (max-width: 800px) 100vw, 800px\" \/><span>Takto vypadal interi\u00e9r modlitebny \u010ceskoslovensk\u00e9 c\u00edrkve husitsk\u00e9 v Liboci \u010d.p. 278. \u00a9 p. \u0160r\u00e1mov\u00e1, zdroj http:\/\/rodina.cz\/scripts\/album\/album.asp?f_id=&id=78864&pg=2<\/span><\/a><\/div><\/div><\/div><script id=\"su_image_carousel_69f447d05bc49_script\">if(window.SUImageCarousel){setTimeout(function() {window.SUImageCarousel.initGallery(document.getElementById(\"su_image_carousel_69f447d05bc49\"))}, 0);}var su_image_carousel_69f447d05bc49_script=document.getElementById(\"su_image_carousel_69f447d05bc49_script\");if(su_image_carousel_69f447d05bc49_script){su_image_carousel_69f447d05bc49_script.parentNode.removeChild(su_image_carousel_69f447d05bc49_script);}<\/script>\n","protected":false},"excerpt":{"rendered":"<p>Hned za restaurac\u00ed a sodovk\u00e1rnou pana Hudce b\u00fdvala jednopatrov\u00e1 budova, kde na zahrad\u011b m\u011bla modlitebnu  \u010deskoslovensk\u00e1 c\u00edrkev husitsk\u00e1 a kde bylo i s\u00eddlo t\u011blov\u00fdchovn\u00e9 organizace Orel. Zde provozoval tak\u00e9 sv\u00e9  pohostinstv\u00ed pan Hron\u00edk. Dokonce se zde hr\u00e1valo i divadlo. V\u0161e podle vzpom\u00ednek \u2020A. Mare\u0161e. <\/p>\n","protected":false},"author":1,"featured_media":4241,"comment_status":"open","ping_status":"open","sticky":false,"template":"","format":"standard","meta":{"_exactmetrics_skip_tracking":false,"_exactmetrics_sitenote_active":false,"_exactmetrics_sitenote_note":"","_exactmetrics_sitenote_category":0,"footnotes":""},"categories":[28,3],"tags":[],"post_folder":[],"class_list":["post-4246","post","type-post","status-publish","format-standard","has-post-thumbnail","hentry","category-hospody","category-redakce"],"_links":{"self":[{"href":"https:\/\/www.periferieprahy.cz\/blog\/wp-json\/wp\/v2\/posts\/4246","targetHints":{"allow":["GET"]}}],"collection":[{"href":"https:\/\/www.periferieprahy.cz\/blog\/wp-json\/wp\/v2\/posts"}],"about":[{"href":"https:\/\/www.periferieprahy.cz\/blog\/wp-json\/wp\/v2\/types\/post"}],"author":[{"embeddable":true,"href":"https:\/\/www.periferieprahy.cz\/blog\/wp-json\/wp\/v2\/users\/1"}],"replies":[{"embeddable":true,"href":"https:\/\/www.periferieprahy.cz\/blog\/wp-json\/wp\/v2\/comments?post=4246"}],"version-history":[{"count":5,"href":"https:\/\/www.periferieprahy.cz\/blog\/wp-json\/wp\/v2\/posts\/4246\/revisions"}],"predecessor-version":[{"id":4260,"href":"https:\/\/www.periferieprahy.cz\/blog\/wp-json\/wp\/v2\/posts\/4246\/revisions\/4260"}],"wp:featuredmedia":[{"embeddable":true,"href":"https:\/\/www.periferieprahy.cz\/blog\/wp-json\/wp\/v2\/media\/4241"}],"wp:attachment":[{"href":"https:\/\/www.periferieprahy.cz\/blog\/wp-json\/wp\/v2\/media?parent=4246"}],"wp:term":[{"taxonomy":"category","embeddable":true,"href":"https:\/\/www.periferieprahy.cz\/blog\/wp-json\/wp\/v2\/categories?post=4246"},{"taxonomy":"post_tag","embeddable":true,"href":"https:\/\/www.periferieprahy.cz\/blog\/wp-json\/wp\/v2\/tags?post=4246"},{"taxonomy":"post_folder","embeddable":true,"href":"https:\/\/www.periferieprahy.cz\/blog\/wp-json\/wp\/v2\/post_folder?post=4246"}],"curies":[{"name":"wp","href":"https:\/\/api.w.org\/{rel}","templated":true}]}}