{"id":4345,"date":"2025-06-11T20:39:55","date_gmt":"2025-06-11T18:39:55","guid":{"rendered":"https:\/\/www.periferieprahy.cz\/blog\/?p=4345"},"modified":"2025-07-10T20:34:38","modified_gmt":"2025-07-10T18:34:38","slug":"c-p-312-stavba-domu","status":"publish","type":"post","link":"https:\/\/www.periferieprahy.cz\/blog\/2025\/06\/11\/c-p-312-stavba-domu\/","title":{"rendered":"\u010c.p. 312 stavba domu"},"content":{"rendered":"\n<img loading=\"lazy\" decoding=\"async\" border=\"0\" src=\"https:\/\/www.periferieprahy.cz\/blog\/wp-content\/uploads\/2024\/12\/pismo7_15.gif\" width=\"111\" height=\"147\" align=\"left\">an \n\t\t\tEduard Adamec, p\u0159i sv\u00fdch libock\u00fdch toulk\u00e1ch poznal pana Chocholu a \n\t\t\tten mu zap\u016fj\u010dil fotografie ze stavby tohoto domu v Bra\u0161kovsk\u00e9 ulici. \n\t\t\tN\u011bkter\u00e9 z nich zde uv\u00e1d\u00edme. V\u0161imn\u011bte si v jak\u00e9 kr\u00e1tkosti byla \n\t\t\tzhotovena stavba. Necel\u00e9 t\u0159i m\u011bs\u00edce. A potom, \u017ee je to z cihel \n\t\t\tpomal\u00e9 a mus\u00ed se stav\u011bt jen z panel\u016f a betonu. Pan stavitel Brych by \n\t\t\tn\u00e1m to p\u0159edvedl. On toti\u017e ten d\u016fm s \u010d\u00edslem popisn\u00fdm 312 stav\u011bl.\n\n\n<div class=\"su-custom-gallery su-custom-gallery-align-center su-custom-gallery-title-hover su-lightbox-gallery\"><div class=\"su-custom-gallery-slide\" style=\"width:150px;height:150px\"><a href=\"https:\/\/www.periferieprahy.cz\/blog\/wp-content\/uploads\/2025\/06\/cp312.jpg\" title=\"Bra\u0161kovsk\u00e1 ulice \u010d. p. 312. Parta stava\u0159\u016f. V pozad\u00ed zadn\u00ed trakt domu \u010d.321 v ulici U kolej\u00ed. Nepozn\u00e1te n\u011bkoho z t\u011bchto pracovit\u00fdch lid\u00ed?\"><img loading=\"lazy\" decoding=\"async\" src=\"https:\/\/www.periferieprahy.cz\/blog\/wp-content\/uploads\/2025\/06\/cp312-150x150.jpg\" alt=\"Bra\u0161kovsk\u00e1 ulice \u010d. p. 312. Parta stava\u0159\u016f. V pozad\u00ed zadn\u00ed trakt domu \u010d.321 v ulici U kolej\u00ed. Nepozn\u00e1te n\u011bkoho z t\u011bchto pracovit\u00fdch lid\u00ed?\" width=\"150\" height=\"150\" \/><span class=\"su-custom-gallery-title\">Bra\u0161kovsk\u00e1 ulice \u010d. p. 312. Parta stava\u0159\u016f. V pozad\u00ed zadn\u00ed trakt domu \u010d.321 v ulici U kolej\u00ed. Nepozn\u00e1te n\u011bkoho z t\u011bchto pracovit\u00fdch lid\u00ed?<\/span><\/a><\/div><div class=\"su-custom-gallery-slide\" style=\"width:150px;height:150px\"><a href=\"https:\/\/www.periferieprahy.cz\/blog\/wp-content\/uploads\/2025\/06\/cp312_1.jpg\" title=\"Bra\u0161kovsk\u00e1 ulice \u010d. p. 312 Stavebn\u00ed pr\u00e1ce k 21.3.1934.V pozad\u00ed domy v ulici Za vokovickou vozovnou.\"><img loading=\"lazy\" decoding=\"async\" src=\"https:\/\/www.periferieprahy.cz\/blog\/wp-content\/uploads\/2025\/06\/cp312_1-150x150.jpg\" alt=\"Bra\u0161kovsk\u00e1 ulice \u010d. p. 312 Stavebn\u00ed pr\u00e1ce k 21.3.1934.V pozad\u00ed domy v ulici Za vokovickou vozovnou.\" width=\"150\" height=\"150\" \/><span class=\"su-custom-gallery-title\">Bra\u0161kovsk\u00e1 ulice \u010d. p. 312 Stavebn\u00ed pr\u00e1ce k 21.3.1934.V pozad\u00ed domy v ulici Za vokovickou vozovnou.<\/span><\/a><\/div><div class=\"su-custom-gallery-slide\" style=\"width:150px;height:150px\"><a href=\"https:\/\/www.periferieprahy.cz\/blog\/wp-content\/uploads\/2025\/06\/cp312_2.jpg\" title=\"Bra\u0161kovsk\u00e1  ulice \u010d. p. 312 stav k 23.3.1934\"><img loading=\"lazy\" decoding=\"async\" src=\"https:\/\/www.periferieprahy.cz\/blog\/wp-content\/uploads\/2025\/06\/cp312_2-150x150.jpg\" alt=\"Bra\u0161kovsk\u00e1  ulice \u010d. p. 312 stav k 23.3.1934\" width=\"150\" height=\"150\" \/><span class=\"su-custom-gallery-title\">Bra\u0161kovsk\u00e1  ulice \u010d. p. 312 stav k 23.3.1934<\/span><\/a><\/div><div class=\"su-custom-gallery-slide\" style=\"width:150px;height:150px\"><a href=\"https:\/\/www.periferieprahy.cz\/blog\/wp-content\/uploads\/2025\/06\/cp312_3.jpg\" title=\"Bra\u0161kovsk\u00e1  ulice \u010d. p. 312 stav 22.3.1934\"><img loading=\"lazy\" decoding=\"async\" src=\"https:\/\/www.periferieprahy.cz\/blog\/wp-content\/uploads\/2025\/06\/cp312_3-150x150.jpg\" alt=\"Bra\u0161kovsk\u00e1  ulice \u010d. p. 312 stav 22.3.1934\" width=\"150\" height=\"150\" \/><span class=\"su-custom-gallery-title\">Bra\u0161kovsk\u00e1  ulice \u010d. p. 312 stav 22.3.1934<\/span><\/a><\/div><div class=\"su-custom-gallery-slide\" style=\"width:150px;height:150px\"><a href=\"https:\/\/www.periferieprahy.cz\/blog\/wp-content\/uploads\/2025\/06\/cp312_4.jpg\" title=\"Bra\u0161kovsk\u00e1  ulice \u010d. p. 312, stav k  24.3.1934\"><img loading=\"lazy\" decoding=\"async\" src=\"https:\/\/www.periferieprahy.cz\/blog\/wp-content\/uploads\/2025\/06\/cp312_4-150x150.jpg\" alt=\"Bra\u0161kovsk\u00e1  ulice \u010d. p. 312, stav k  24.3.1934\" width=\"150\" height=\"150\" \/><span class=\"su-custom-gallery-title\">Bra\u0161kovsk\u00e1  ulice \u010d. p. 312, stav k  24.3.1934<\/span><\/a><\/div><div class=\"su-custom-gallery-slide\" style=\"width:150px;height:150px\"><a href=\"https:\/\/www.periferieprahy.cz\/blog\/wp-content\/uploads\/2025\/06\/cp312_5.jpg\" title=\"Bra\u0161kovsk\u00e1  ulice \u010d. p. 312 stav k 27.3.1934. V lev\u00e9 \u010d\u00e1sti sn\u00edmku jsou zadn\u00ed trakty dom\u016f v Jene\u010dsk\u00e9 ulici.\"><img loading=\"lazy\" decoding=\"async\" src=\"https:\/\/www.periferieprahy.cz\/blog\/wp-content\/uploads\/2025\/06\/cp312_5-150x150.jpg\" alt=\"Bra\u0161kovsk\u00e1  ulice \u010d. p. 312 stav k 27.3.1934. V lev\u00e9 \u010d\u00e1sti sn\u00edmku jsou zadn\u00ed trakty dom\u016f v Jene\u010dsk\u00e9 ulici.\" width=\"150\" height=\"150\" \/><span class=\"su-custom-gallery-title\">Bra\u0161kovsk\u00e1  ulice \u010d. p. 312 stav k 27.3.1934. V lev\u00e9 \u010d\u00e1sti sn\u00edmku jsou zadn\u00ed trakty dom\u016f v Jene\u010dsk\u00e9 ulici.<\/span><\/a><\/div><div class=\"su-custom-gallery-slide\" style=\"width:150px;height:150px\"><a href=\"https:\/\/www.periferieprahy.cz\/blog\/wp-content\/uploads\/2025\/06\/cp312_6.jpg\" title=\"Bra\u0161kovsk\u00e1  ulice \u010d. p. 312 stav k 27.3.1934\"><img loading=\"lazy\" decoding=\"async\" src=\"https:\/\/www.periferieprahy.cz\/blog\/wp-content\/uploads\/2025\/06\/cp312_6-150x150.jpg\" alt=\"Bra\u0161kovsk\u00e1  ulice \u010d. p. 312 stav k 27.3.1934\" width=\"150\" height=\"150\" \/><span class=\"su-custom-gallery-title\">Bra\u0161kovsk\u00e1  ulice \u010d. p. 312 stav k 27.3.1934<\/span><\/a><\/div><div class=\"su-custom-gallery-slide\" style=\"width:150px;height:150px\"><a href=\"https:\/\/www.periferieprahy.cz\/blog\/wp-content\/uploads\/2025\/06\/cp312_7.jpg\" title=\"Bra\u0161kovsk\u00e1  ulice \u010d. p. 312 stav k 10.6.1934. Naproti je\u0161t\u011b osamocen\u00fd d\u016fm 247\/8 v Bra\u0161kovsk\u00e9 ulici\"><img loading=\"lazy\" decoding=\"async\" src=\"https:\/\/www.periferieprahy.cz\/blog\/wp-content\/uploads\/2025\/06\/cp312_7-150x150.jpg\" alt=\"Bra\u0161kovsk\u00e1  ulice \u010d. p. 312 stav k 10.6.1934. Naproti je\u0161t\u011b osamocen\u00fd d\u016fm 247\/8 v Bra\u0161kovsk\u00e9 ulici\" width=\"150\" height=\"150\" \/><span class=\"su-custom-gallery-title\">Bra\u0161kovsk\u00e1  ulice \u010d. p. 312 stav k 10.6.1934. Naproti je\u0161t\u011b osamocen\u00fd d\u016fm 247\/8 v Bra\u0161kovsk\u00e9 ulici<\/span><\/a><\/div><div class=\"su-custom-gallery-slide\" style=\"width:150px;height:150px\"><a href=\"https:\/\/www.periferieprahy.cz\/blog\/wp-content\/uploads\/2025\/06\/cp312_8.jpg\" title=\"Bra\u0161kovsk\u00e1  ulice \u010d. p. 312 stav k 16.6.1934\"><img loading=\"lazy\" decoding=\"async\" src=\"https:\/\/www.periferieprahy.cz\/blog\/wp-content\/uploads\/2025\/06\/cp312_8-150x150.jpg\" alt=\"Bra\u0161kovsk\u00e1  ulice \u010d. p. 312 stav k 16.6.1934\" width=\"150\" height=\"150\" \/><span class=\"su-custom-gallery-title\">Bra\u0161kovsk\u00e1  ulice \u010d. p. 312 stav k 16.6.1934<\/span><\/a><\/div><div class=\"su-custom-gallery-slide\" style=\"width:150px;height:150px\"><a href=\"https:\/\/www.periferieprahy.cz\/blog\/wp-content\/uploads\/2025\/06\/cp312_2011.jpg\" title=\"Bra\u0161kovsk\u00e1  ulice \u010d. p. 312 stav v roce 2011\"><img loading=\"lazy\" decoding=\"async\" src=\"https:\/\/www.periferieprahy.cz\/blog\/wp-content\/uploads\/2025\/06\/cp312_2011-150x150.jpg\" alt=\"Bra\u0161kovsk\u00e1  ulice \u010d. p. 312 stav v roce 2011\" width=\"150\" height=\"150\" \/><span class=\"su-custom-gallery-title\">Bra\u0161kovsk\u00e1  ulice \u010d. p. 312 stav v roce 2011<\/span><\/a><\/div><div class=\"su-clear\"><\/div><\/div>\n","protected":false},"excerpt":{"rendered":"<p>Pan Eduard Adamec, p\u0159i sv\u00fdch libock\u00fdch toulk\u00e1ch poznal pana Chocholu a ten mu zap\u016fj\u010dil fotografie ze stavby tohoto domu v Bra\u0161kovsk\u00e9 ulici. N\u011bkter\u00e9 z nich zde uv\u00e1d\u00edme. V\u0161imn\u011bte si v jak\u00e9 kr\u00e1tkosti byla zhotovena stavba. Necel\u00e9 t\u0159i m\u011bs\u00edce. A potom, \u017ee je to z cihel pomal\u00e9 a mus\u00ed se stav\u011bt jen z panel\u016f a betonu. Pan stavitel Brych by n\u00e1m to p\u0159edvedl. On toti\u017e ten d\u016fm s \u010d\u00edslem popisn\u00fdm 312 stav\u011bl.<\/p>\n","protected":false},"author":1,"featured_media":4327,"comment_status":"open","ping_status":"open","sticky":false,"template":"","format":"standard","meta":{"_exactmetrics_skip_tracking":false,"_exactmetrics_sitenote_active":false,"_exactmetrics_sitenote_note":"","_exactmetrics_sitenote_category":0,"footnotes":""},"categories":[3,37],"tags":[],"post_folder":[],"class_list":["post-4345","post","type-post","status-publish","format-standard","has-post-thumbnail","hentry","category-redakce","category-zednici"],"_links":{"self":[{"href":"https:\/\/www.periferieprahy.cz\/blog\/wp-json\/wp\/v2\/posts\/4345","targetHints":{"allow":["GET"]}}],"collection":[{"href":"https:\/\/www.periferieprahy.cz\/blog\/wp-json\/wp\/v2\/posts"}],"about":[{"href":"https:\/\/www.periferieprahy.cz\/blog\/wp-json\/wp\/v2\/types\/post"}],"author":[{"embeddable":true,"href":"https:\/\/www.periferieprahy.cz\/blog\/wp-json\/wp\/v2\/users\/1"}],"replies":[{"embeddable":true,"href":"https:\/\/www.periferieprahy.cz\/blog\/wp-json\/wp\/v2\/comments?post=4345"}],"version-history":[{"count":5,"href":"https:\/\/www.periferieprahy.cz\/blog\/wp-json\/wp\/v2\/posts\/4345\/revisions"}],"predecessor-version":[{"id":4354,"href":"https:\/\/www.periferieprahy.cz\/blog\/wp-json\/wp\/v2\/posts\/4345\/revisions\/4354"}],"wp:featuredmedia":[{"embeddable":true,"href":"https:\/\/www.periferieprahy.cz\/blog\/wp-json\/wp\/v2\/media\/4327"}],"wp:attachment":[{"href":"https:\/\/www.periferieprahy.cz\/blog\/wp-json\/wp\/v2\/media?parent=4345"}],"wp:term":[{"taxonomy":"category","embeddable":true,"href":"https:\/\/www.periferieprahy.cz\/blog\/wp-json\/wp\/v2\/categories?post=4345"},{"taxonomy":"post_tag","embeddable":true,"href":"https:\/\/www.periferieprahy.cz\/blog\/wp-json\/wp\/v2\/tags?post=4345"},{"taxonomy":"post_folder","embeddable":true,"href":"https:\/\/www.periferieprahy.cz\/blog\/wp-json\/wp\/v2\/post_folder?post=4345"}],"curies":[{"name":"wp","href":"https:\/\/api.w.org\/{rel}","templated":true}]}}