{"id":4439,"date":"2025-06-13T11:42:32","date_gmt":"2025-06-13T09:42:32","guid":{"rendered":"https:\/\/www.periferieprahy.cz\/blog\/?p=4439"},"modified":"2025-06-13T11:46:46","modified_gmt":"2025-06-13T09:46:46","slug":"c-p-362-hospoda-za-vokovickou-vozovnou","status":"publish","type":"post","link":"https:\/\/www.periferieprahy.cz\/blog\/2025\/06\/13\/c-p-362-hospoda-za-vokovickou-vozovnou\/","title":{"rendered":"\u010c.p. 362 hospoda za vozovnou"},"content":{"rendered":"\n<img loading=\"lazy\" decoding=\"async\" border=\"0\" src=\"https:\/\/www.periferieprahy.cz\/blog\/wp-content\/uploads\/2024\/12\/pismo7_13.gif\" width=\"108\" height=\"122\" align=\"left\"><b><font size=\"7\" color=\"#CC0000\">a \n\t\t\tr\u016f\u017eku<\/font><\/b><p align=\"left\">Na rohu Evropsk\u00e9 a \n\t\t\tZa Vokovickou vozovnou b\u00fdvala je\u0161t\u011b kolem roku 1990 mal\u00e1 hosp\u016fdka s \n\t\t\tp\u0159edzahr\u00e1dkou, kter\u00e1 dok\u00e1zala b\u00fdt v l\u00e9t\u011b zcela &quot;narvan\u00e1.&quot;\n\n\n\n<p><em>Je\u0161t\u011b k hospod\u011b &#8222;Na r\u016f\u017eku&#8220;. Tam byl po mnoho let majitelem pan Z\u00e1jeda. Jinak se j\u00ed \u0159\u00edkalo:&#8220;U kulat\u00e9 b\u00e1by&#8220;. Snad pro korpulentnost jeho pan\u00ed. V t\u00e9m\u017ee dom\u011b byl tak\u00e9 obchod, tedy l\u00e9pe \u0159e\u010deno obch\u016fdek se zeleninou a ovocem. Vlastnil ho pan P\u00e1nek a provozoval prodej v zim\u011b ve sklep\u011b a za p\u011bkn\u00e9ho po\u010das\u00ed vyndal na chodn\u00edk st\u016fl a prod\u00e1val venku.V prvn\u00edm pat\u0159e sousedn\u00edho domu m\u011bl je\u0161t\u011b ordinaci dentista M\u00fcller. Tomu visel pod okny v pat\u0159e plechov\u00fd \u0161t\u00edt s ozna\u010den\u00edm: &#8222;DENTIST &#8211; DENTISTA.&#8220; 5. kv\u011btna byl tento \u0161t\u00edt str\u017een a s r\u00e1musem dopadl na chodn\u00edk. Tyto informace a ud\u00e1losti se vztahuj\u00ed k Ulici Za vokovickou vozovnou, kde jsem s rodi\u010di bydlel a to v dom\u011b \u010d.p.365\/13 ve t\u0159et\u00edm pat\u0159e. V t\u00e9 dob\u011b mi bylo bez dvou t\u00fddn\u016f dev\u011bt let.<\/em>[ze vzpom\u00ednek pana Eduarda Adamce]\n\n\n<div class=\"wp-block-image is-style-rounded\">\n<figure class=\"aligncenter size-full is-resized\"><img loading=\"lazy\" decoding=\"async\" width=\"913\" height=\"682\" src=\"https:\/\/www.periferieprahy.cz\/blog\/wp-content\/uploads\/2025\/06\/cp362.14.jpg\" alt=\"\" class=\"wp-image-4427\" style=\"width:598px;height:auto\" srcset=\"https:\/\/www.periferieprahy.cz\/blog\/wp-content\/uploads\/2025\/06\/cp362.14.jpg 913w, https:\/\/www.periferieprahy.cz\/blog\/wp-content\/uploads\/2025\/06\/cp362.14-300x224.jpg 300w, https:\/\/www.periferieprahy.cz\/blog\/wp-content\/uploads\/2025\/06\/cp362.14-150x112.jpg 150w, https:\/\/www.periferieprahy.cz\/blog\/wp-content\/uploads\/2025\/06\/cp362.14-768x574.jpg 768w\" sizes=\"auto, (max-width: 913px) 100vw, 913px\" \/><\/figure>\n<\/div>","protected":false},"excerpt":{"rendered":"<p>Je\u0161t\u011b k hospod\u011b &#8222;Na r\u016f\u017eku&#8220;. Tam byl po mnoho let majitelem pan Z\u00e1jeda. Jinak se j\u00ed \u0159\u00edkalo:&#8220;U kulat\u00e9 b\u00e1by&#8220;. Snad pro korpulentnost jeho pan\u00ed. V t\u00e9m\u017ee dom\u011b byl tak\u00e9 obchod, tedy l\u00e9pe \u0159e\u010deno obch\u016fdek se zeleninou a ovocem. Vlastnil ho pan P\u00e1nek a provozoval prodej v zim\u011b ve sklep\u011b a za p\u011bkn\u00e9ho po\u010das\u00ed vyndal na chodn\u00edk st\u016fl a prod\u00e1val venku.V prvn\u00edm pat\u0159e sousedn\u00edho domu m\u011bl je\u0161t\u011b ordinaci dentista M\u00fcller. Tomu visel pod okny v pat\u0159e plechov\u00fd \u0161t\u00edt s ozna\u010den\u00edm: &#8222;DENTIST &#8211; DENTISTA.&#8220; 5. kv\u011btna byl tento \u0161t\u00edt str\u017een a s r\u00e1musem dopadl na chodn\u00edk. Tyto informace a ud\u00e1losti se vztahuj\u00ed k Ulici Za vokovickou vozovnou, kde jsem s rodi\u010di bydlel a to v dom\u011b \u010d.p.365\/13 ve t\u0159et\u00edm pat\u0159e. V t\u00e9 dob\u011b mi bylo bez dvou t\u00fddn\u016f dev\u011bt let.[ze vzpom\u00ednek pana Eduarda Adamce]<\/p>\n","protected":false},"author":1,"featured_media":4445,"comment_status":"open","ping_status":"open","sticky":false,"template":"","format":"standard","meta":{"_exactmetrics_skip_tracking":false,"_exactmetrics_sitenote_active":false,"_exactmetrics_sitenote_note":"","_exactmetrics_sitenote_category":0,"footnotes":""},"categories":[28,3],"tags":[],"post_folder":[],"class_list":["post-4439","post","type-post","status-publish","format-standard","has-post-thumbnail","hentry","category-hospody","category-redakce"],"_links":{"self":[{"href":"https:\/\/www.periferieprahy.cz\/blog\/wp-json\/wp\/v2\/posts\/4439","targetHints":{"allow":["GET"]}}],"collection":[{"href":"https:\/\/www.periferieprahy.cz\/blog\/wp-json\/wp\/v2\/posts"}],"about":[{"href":"https:\/\/www.periferieprahy.cz\/blog\/wp-json\/wp\/v2\/types\/post"}],"author":[{"embeddable":true,"href":"https:\/\/www.periferieprahy.cz\/blog\/wp-json\/wp\/v2\/users\/1"}],"replies":[{"embeddable":true,"href":"https:\/\/www.periferieprahy.cz\/blog\/wp-json\/wp\/v2\/comments?post=4439"}],"version-history":[{"count":3,"href":"https:\/\/www.periferieprahy.cz\/blog\/wp-json\/wp\/v2\/posts\/4439\/revisions"}],"predecessor-version":[{"id":4448,"href":"https:\/\/www.periferieprahy.cz\/blog\/wp-json\/wp\/v2\/posts\/4439\/revisions\/4448"}],"wp:featuredmedia":[{"embeddable":true,"href":"https:\/\/www.periferieprahy.cz\/blog\/wp-json\/wp\/v2\/media\/4445"}],"wp:attachment":[{"href":"https:\/\/www.periferieprahy.cz\/blog\/wp-json\/wp\/v2\/media?parent=4439"}],"wp:term":[{"taxonomy":"category","embeddable":true,"href":"https:\/\/www.periferieprahy.cz\/blog\/wp-json\/wp\/v2\/categories?post=4439"},{"taxonomy":"post_tag","embeddable":true,"href":"https:\/\/www.periferieprahy.cz\/blog\/wp-json\/wp\/v2\/tags?post=4439"},{"taxonomy":"post_folder","embeddable":true,"href":"https:\/\/www.periferieprahy.cz\/blog\/wp-json\/wp\/v2\/post_folder?post=4439"}],"curies":[{"name":"wp","href":"https:\/\/api.w.org\/{rel}","templated":true}]}}