{"id":4451,"date":"2025-06-13T12:50:02","date_gmt":"2025-06-13T10:50:02","guid":{"rendered":"https:\/\/www.periferieprahy.cz\/blog\/?p=4451"},"modified":"2025-07-07T12:30:02","modified_gmt":"2025-07-07T10:30:02","slug":"c-p-363-bratrstvi-p-nemec","status":"publish","type":"post","link":"https:\/\/www.periferieprahy.cz\/blog\/2025\/06\/13\/c-p-363-bratrstvi-p-nemec\/","title":{"rendered":"\u010c.p. 363 Bratrstv\u00ed p. N\u011bmec"},"content":{"rendered":"\n<img loading=\"lazy\" decoding=\"async\" border=\"0\" src=\"https:\/\/www.periferieprahy.cz\/blog\/wp-content\/uploads\/2024\/12\/pismo7_13.gif\" width=\"108\" height=\"122\" align=\"left\">a \n\t\t\tfotce z roku 2011 jsou tu potraviny st\u00e1le, jen u\u017e to nen\u00ed prodejna \n\t\t\tBratrstv\u00ed jako kdysi, kdy zde prod\u00e1val pan N\u011bmec. Dnes (2022) je v \n\t\t\ttom p\u0159edn\u00edm kr\u00e1mu ve\u010derka. B\u00fdvalo tady jeden \u010das i pap\u00edrnictv\u00ed.&nbsp; \n\t\t\tDal\u0161\u00ed obch\u016fdek, ten zadn\u00ed, byl obchod s textiln\u00ed galanteri\u00ed. Te\u010f se p\u00ed\u0161e rok 2025 a je zde v obou obch\u016fdc\u00edch ve\u010derka.\n\n\n<div class=\"wp-block-image\">\n<figure class=\"aligncenter size-large\"><img loading=\"lazy\" decoding=\"async\" width=\"1024\" height=\"819\" src=\"https:\/\/www.periferieprahy.cz\/blog\/wp-content\/uploads\/2025\/06\/cp363-1024x819.jpg\" alt=\"\" class=\"wp-image-4428\" srcset=\"https:\/\/www.periferieprahy.cz\/blog\/wp-content\/uploads\/2025\/06\/cp363-1024x819.jpg 1024w, https:\/\/www.periferieprahy.cz\/blog\/wp-content\/uploads\/2025\/06\/cp363-300x240.jpg 300w, https:\/\/www.periferieprahy.cz\/blog\/wp-content\/uploads\/2025\/06\/cp363-150x120.jpg 150w, https:\/\/www.periferieprahy.cz\/blog\/wp-content\/uploads\/2025\/06\/cp363-768x614.jpg 768w, https:\/\/www.periferieprahy.cz\/blog\/wp-content\/uploads\/2025\/06\/cp363.jpg 1280w\" sizes=\"auto, (max-width: 1024px) 100vw, 1024px\" \/><\/figure>\n<\/div>","protected":false},"excerpt":{"rendered":"<p>Na fotce z roku 2011 jsou tu potraviny st\u00e1le, jen u\u017e to nen\u00ed prodejna Bratrstv\u00ed jako kdysi, kdy zde prod\u00e1val pan N\u011bmec. Dnes (2022) je v tom p\u0159edn\u00edm kr\u00e1mu ve\u010derka. B\u00fdvalo tady jeden \u010das i pap\u00edrnictv\u00ed.  Dal\u0161\u00ed obch\u016fdek, ten zadn\u00ed, byl obchod s textiln\u00ed galanteri\u00ed. Te\u010f se p\u00ed\u0161e rok 2025 a je zde v obou obch\u016fdc\u00edch ve\u010derka.<\/p>\n","protected":false},"author":1,"featured_media":4452,"comment_status":"open","ping_status":"open","sticky":false,"template":"","format":"standard","meta":{"_exactmetrics_skip_tracking":false,"_exactmetrics_sitenote_active":false,"_exactmetrics_sitenote_note":"","_exactmetrics_sitenote_category":0,"footnotes":""},"categories":[33,3,32],"tags":[],"post_folder":[],"class_list":["post-4451","post","type-post","status-publish","format-standard","has-post-thumbnail","hentry","category-obchody_sluzby","category-redakce","category-zivnosti_obchody"],"_links":{"self":[{"href":"https:\/\/www.periferieprahy.cz\/blog\/wp-json\/wp\/v2\/posts\/4451","targetHints":{"allow":["GET"]}}],"collection":[{"href":"https:\/\/www.periferieprahy.cz\/blog\/wp-json\/wp\/v2\/posts"}],"about":[{"href":"https:\/\/www.periferieprahy.cz\/blog\/wp-json\/wp\/v2\/types\/post"}],"author":[{"embeddable":true,"href":"https:\/\/www.periferieprahy.cz\/blog\/wp-json\/wp\/v2\/users\/1"}],"replies":[{"embeddable":true,"href":"https:\/\/www.periferieprahy.cz\/blog\/wp-json\/wp\/v2\/comments?post=4451"}],"version-history":[{"count":1,"href":"https:\/\/www.periferieprahy.cz\/blog\/wp-json\/wp\/v2\/posts\/4451\/revisions"}],"predecessor-version":[{"id":4453,"href":"https:\/\/www.periferieprahy.cz\/blog\/wp-json\/wp\/v2\/posts\/4451\/revisions\/4453"}],"wp:featuredmedia":[{"embeddable":true,"href":"https:\/\/www.periferieprahy.cz\/blog\/wp-json\/wp\/v2\/media\/4452"}],"wp:attachment":[{"href":"https:\/\/www.periferieprahy.cz\/blog\/wp-json\/wp\/v2\/media?parent=4451"}],"wp:term":[{"taxonomy":"category","embeddable":true,"href":"https:\/\/www.periferieprahy.cz\/blog\/wp-json\/wp\/v2\/categories?post=4451"},{"taxonomy":"post_tag","embeddable":true,"href":"https:\/\/www.periferieprahy.cz\/blog\/wp-json\/wp\/v2\/tags?post=4451"},{"taxonomy":"post_folder","embeddable":true,"href":"https:\/\/www.periferieprahy.cz\/blog\/wp-json\/wp\/v2\/post_folder?post=4451"}],"curies":[{"name":"wp","href":"https:\/\/api.w.org\/{rel}","templated":true}]}}