{"id":4470,"date":"2025-06-13T22:23:48","date_gmt":"2025-06-13T20:23:48","guid":{"rendered":"https:\/\/www.periferieprahy.cz\/blog\/?p=4470"},"modified":"2025-07-07T12:29:15","modified_gmt":"2025-07-07T10:29:15","slug":"c-p-383-potraviny-v-ulici-ke-dzbanu","status":"publish","type":"post","link":"https:\/\/www.periferieprahy.cz\/blog\/2025\/06\/13\/c-p-383-potraviny-v-ulici-ke-dzbanu\/","title":{"rendered":"\u010c.p. 383 potraviny v ulici Ke D\u017eb\u00e1nu"},"content":{"rendered":"\n<img loading=\"lazy\" decoding=\"async\" border=\"0\" src=\"https:\/\/www.periferieprahy.cz\/blog\/wp-content\/uploads\/2024\/12\/pismo7_17.gif\" width=\"89\" height=\"132\" align=\"left\">oh \n\t\t\tulic Ke D\u017eb\u00e1nu a Jene\u010dsk\u00e1 tvo\u0159\u00ed d\u016fm \u010d.p. 383, kde byl obch\u016fdek s \n\t\t\tpotravinami. Na sn\u00edmc\u00edch z roku 2009 je patrn\u00fd zazd\u011bn\u00fd vchod do \n\t\t\tkr\u00e1mku, kter\u00fd byl za t\u011bmi okny v p\u0159\u00edzem\u00ed. Posledn\u00ed prodava\u010dka tam \n\t\t\tbyla pan\u00ed Bo\u017eena Hofmanov\u00e1. Prod\u00e1vat se zde p\u0159estalo po otev\u0159en\u00ed \n\t\t\tnov\u00e9 prodejny V\u010dely v Jene\u010dsk\u00e9 \u010d.p. 624 kolem roku 1975.<br><br>\n\n\n\n<figure class=\"wp-block-gallery has-nested-images columns-default is-cropped wp-block-gallery-1 is-layout-flex wp-block-gallery-is-layout-flex\">\n<figure data-wp-context=\"{&quot;imageId&quot;:&quot;69f2fbd260674&quot;}\" data-wp-interactive=\"core\/image\" data-wp-key=\"69f2fbd260674\" class=\"wp-block-image size-large wp-lightbox-container\"><img loading=\"lazy\" decoding=\"async\" width=\"1024\" height=\"768\" data-wp-class--hide=\"state.isContentHidden\" data-wp-class--show=\"state.isContentVisible\" data-wp-init=\"callbacks.setButtonStyles\" data-wp-on--click=\"actions.showLightbox\" data-wp-on--load=\"callbacks.setButtonStyles\" data-wp-on-window--resize=\"callbacks.setButtonStyles\" data-id=\"4436\" src=\"https:\/\/www.periferieprahy.cz\/blog\/wp-content\/uploads\/2025\/06\/cp383-1024x768.jpg\" alt=\"\" class=\"wp-image-4436\" srcset=\"https:\/\/www.periferieprahy.cz\/blog\/wp-content\/uploads\/2025\/06\/cp383-1024x768.jpg 1024w, https:\/\/www.periferieprahy.cz\/blog\/wp-content\/uploads\/2025\/06\/cp383-300x225.jpg 300w, https:\/\/www.periferieprahy.cz\/blog\/wp-content\/uploads\/2025\/06\/cp383-150x113.jpg 150w, https:\/\/www.periferieprahy.cz\/blog\/wp-content\/uploads\/2025\/06\/cp383-768x576.jpg 768w, https:\/\/www.periferieprahy.cz\/blog\/wp-content\/uploads\/2025\/06\/cp383-1536x1152.jpg 1536w, https:\/\/www.periferieprahy.cz\/blog\/wp-content\/uploads\/2025\/06\/cp383.jpg 1600w\" sizes=\"auto, (max-width: 1024px) 100vw, 1024px\" \/><button\n\t\t\tclass=\"lightbox-trigger\"\n\t\t\ttype=\"button\"\n\t\t\taria-haspopup=\"dialog\"\n\t\t\taria-label=\"Zv\u011bt\u0161it\"\n\t\t\tdata-wp-init=\"callbacks.initTriggerButton\"\n\t\t\tdata-wp-on--click=\"actions.showLightbox\"\n\t\t\tdata-wp-style--right=\"state.imageButtonRight\"\n\t\t\tdata-wp-style--top=\"state.imageButtonTop\"\n\t\t>\n\t\t\t<svg xmlns=\"http:\/\/www.w3.org\/2000\/svg\" width=\"12\" height=\"12\" fill=\"none\" viewBox=\"0 0 12 12\">\n\t\t\t\t<path fill=\"#fff\" d=\"M2 0a2 2 0 0 0-2 2v2h1.5V2a.5.5 0 0 1 .5-.5h2V0H2Zm2 10.5H2a.5.5 0 0 1-.5-.5V8H0v2a2 2 0 0 0 2 2h2v-1.5ZM8 12v-1.5h2a.5.5 0 0 0 .5-.5V8H12v2a2 2 0 0 1-2 2H8Zm2-12a2 2 0 0 1 2 2v2h-1.5V2a.5.5 0 0 0-.5-.5H8V0h2Z\" \/>\n\t\t\t<\/svg>\n\t\t<\/button><figcaption class=\"wp-element-caption\">\u010c.p. 383 tady, v ulici Ke D\u017eb\u00e1nu byl obch\u016fdek s potravinami. <\/figcaption><\/figure>\n\n\n\n<figure data-wp-context=\"{&quot;imageId&quot;:&quot;69f2fbd260ebb&quot;}\" data-wp-interactive=\"core\/image\" data-wp-key=\"69f2fbd260ebb\" class=\"wp-block-image size-large wp-lightbox-container\"><img loading=\"lazy\" decoding=\"async\" width=\"1024\" height=\"585\" data-wp-class--hide=\"state.isContentHidden\" data-wp-class--show=\"state.isContentVisible\" data-wp-init=\"callbacks.setButtonStyles\" data-wp-on--click=\"actions.showLightbox\" data-wp-on--load=\"callbacks.setButtonStyles\" data-wp-on-window--resize=\"callbacks.setButtonStyles\" data-id=\"4435\" src=\"https:\/\/www.periferieprahy.cz\/blog\/wp-content\/uploads\/2025\/06\/cp383.18-1024x585.jpg\" alt=\"\" class=\"wp-image-4435\" srcset=\"https:\/\/www.periferieprahy.cz\/blog\/wp-content\/uploads\/2025\/06\/cp383.18-1024x585.jpg 1024w, https:\/\/www.periferieprahy.cz\/blog\/wp-content\/uploads\/2025\/06\/cp383.18-300x171.jpg 300w, https:\/\/www.periferieprahy.cz\/blog\/wp-content\/uploads\/2025\/06\/cp383.18-150x86.jpg 150w, https:\/\/www.periferieprahy.cz\/blog\/wp-content\/uploads\/2025\/06\/cp383.18-768x439.jpg 768w, https:\/\/www.periferieprahy.cz\/blog\/wp-content\/uploads\/2025\/06\/cp383.18.jpg 1096w\" sizes=\"auto, (max-width: 1024px) 100vw, 1024px\" \/><button\n\t\t\tclass=\"lightbox-trigger\"\n\t\t\ttype=\"button\"\n\t\t\taria-haspopup=\"dialog\"\n\t\t\taria-label=\"Zv\u011bt\u0161it\"\n\t\t\tdata-wp-init=\"callbacks.initTriggerButton\"\n\t\t\tdata-wp-on--click=\"actions.showLightbox\"\n\t\t\tdata-wp-style--right=\"state.imageButtonRight\"\n\t\t\tdata-wp-style--top=\"state.imageButtonTop\"\n\t\t>\n\t\t\t<svg xmlns=\"http:\/\/www.w3.org\/2000\/svg\" width=\"12\" height=\"12\" fill=\"none\" viewBox=\"0 0 12 12\">\n\t\t\t\t<path fill=\"#fff\" d=\"M2 0a2 2 0 0 0-2 2v2h1.5V2a.5.5 0 0 1 .5-.5h2V0H2Zm2 10.5H2a.5.5 0 0 1-.5-.5V8H0v2a2 2 0 0 0 2 2h2v-1.5ZM8 12v-1.5h2a.5.5 0 0 0 .5-.5V8H12v2a2 2 0 0 1-2 2H8Zm2-12a2 2 0 0 1 2 2v2h-1.5V2a.5.5 0 0 0-.5-.5H8V0h2Z\" \/>\n\t\t\t<\/svg>\n\t\t<\/button><figcaption class=\"wp-element-caption\">\u010c.p. 383 tady, v ulici Ke D\u017eb\u00e1nu byl obch\u016fdek s potravinami.  <\/figcaption><\/figure>\n<\/figure>\n\n\n\n<p><\/p>\n","protected":false},"excerpt":{"rendered":"<p>Roh ulic Ke D\u017eb\u00e1nu a Jene\u010dsk\u00e1 tvo\u0159\u00ed d\u016fm \u010d.p. 383, kde byl obch\u016fdek s potravinami. Na sn\u00edmc\u00edch z roku 2009 je patrn\u00fd zazd\u011bn\u00fd vchod do kr\u00e1mku, kter\u00fd byl za t\u011bmi okny v p\u0159\u00edzem\u00ed. Posledn\u00ed prodava\u010dka tam byla pan\u00ed Bo\u017eena Hofmanov\u00e1. Prod\u00e1vat se zde p\u0159estalo po otev\u0159en\u00ed nov\u00e9 prodejny V\u010dely v Jene\u010dsk\u00e9 \u010d.p. 624 kolem roku 1975.<\/p>\n","protected":false},"author":1,"featured_media":4436,"comment_status":"open","ping_status":"open","sticky":false,"template":"","format":"standard","meta":{"_exactmetrics_skip_tracking":false,"_exactmetrics_sitenote_active":false,"_exactmetrics_sitenote_note":"","_exactmetrics_sitenote_category":0,"footnotes":""},"categories":[33,3,32],"tags":[],"post_folder":[],"class_list":["post-4470","post","type-post","status-publish","format-standard","has-post-thumbnail","hentry","category-obchody_sluzby","category-redakce","category-zivnosti_obchody"],"_links":{"self":[{"href":"https:\/\/www.periferieprahy.cz\/blog\/wp-json\/wp\/v2\/posts\/4470","targetHints":{"allow":["GET"]}}],"collection":[{"href":"https:\/\/www.periferieprahy.cz\/blog\/wp-json\/wp\/v2\/posts"}],"about":[{"href":"https:\/\/www.periferieprahy.cz\/blog\/wp-json\/wp\/v2\/types\/post"}],"author":[{"embeddable":true,"href":"https:\/\/www.periferieprahy.cz\/blog\/wp-json\/wp\/v2\/users\/1"}],"replies":[{"embeddable":true,"href":"https:\/\/www.periferieprahy.cz\/blog\/wp-json\/wp\/v2\/comments?post=4470"}],"version-history":[{"count":5,"href":"https:\/\/www.periferieprahy.cz\/blog\/wp-json\/wp\/v2\/posts\/4470\/revisions"}],"predecessor-version":[{"id":4477,"href":"https:\/\/www.periferieprahy.cz\/blog\/wp-json\/wp\/v2\/posts\/4470\/revisions\/4477"}],"wp:featuredmedia":[{"embeddable":true,"href":"https:\/\/www.periferieprahy.cz\/blog\/wp-json\/wp\/v2\/media\/4436"}],"wp:attachment":[{"href":"https:\/\/www.periferieprahy.cz\/blog\/wp-json\/wp\/v2\/media?parent=4470"}],"wp:term":[{"taxonomy":"category","embeddable":true,"href":"https:\/\/www.periferieprahy.cz\/blog\/wp-json\/wp\/v2\/categories?post=4470"},{"taxonomy":"post_tag","embeddable":true,"href":"https:\/\/www.periferieprahy.cz\/blog\/wp-json\/wp\/v2\/tags?post=4470"},{"taxonomy":"post_folder","embeddable":true,"href":"https:\/\/www.periferieprahy.cz\/blog\/wp-json\/wp\/v2\/post_folder?post=4470"}],"curies":[{"name":"wp","href":"https:\/\/api.w.org\/{rel}","templated":true}]}}