{"id":4493,"date":"2025-06-13T23:11:06","date_gmt":"2025-06-13T21:11:06","guid":{"rendered":"https:\/\/www.periferieprahy.cz\/blog\/?p=4493"},"modified":"2025-07-07T12:25:19","modified_gmt":"2025-07-07T10:25:19","slug":"c-p-481-drogerie-pana-janouska","status":"publish","type":"post","link":"https:\/\/www.periferieprahy.cz\/blog\/2025\/06\/13\/c-p-481-drogerie-pana-janouska\/","title":{"rendered":"\u010c.p. 481 drogerie pana Janou\u0161ka"},"content":{"rendered":"\n<img loading=\"lazy\" decoding=\"async\" border=\"0\" src=\"https:\/\/www.periferieprahy.cz\/blog\/wp-content\/uploads\/2024\/12\/pismo7_19.gif\" width=\"99\" height=\"125\" align=\"left\">ady \n\t\t\tv p\u0159\u00edzem\u00ed b\u00fdvala drogerie pana Janou\u0161ka. Je to roh Libock\u00e9 a \n\t\t\tJene\u010dsk\u00e9. Pamatuji se, \u017ee je\u0161t\u011b kolem roku 1970, byl na lev\u00e9 st\u011bn\u011b \n\t\t\tn\u00e1pis DR GERIE. Chyb\u011blo tam O. A j\u00e1, trouba, myslel, \u017ee tam m\u00e1 \n\t\t\tordinaci n\u011bjak\u00fd doktor GERIE.\n\n\n\n<figure class=\"wp-block-image size-full is-resized\"><img loading=\"lazy\" decoding=\"async\" width=\"988\" height=\"812\" src=\"https:\/\/www.periferieprahy.cz\/blog\/wp-content\/uploads\/2025\/06\/cp481.jpg\" alt=\"\" class=\"wp-image-4440\" style=\"width:665px;height:auto\" srcset=\"https:\/\/www.periferieprahy.cz\/blog\/wp-content\/uploads\/2025\/06\/cp481.jpg 988w, https:\/\/www.periferieprahy.cz\/blog\/wp-content\/uploads\/2025\/06\/cp481-300x247.jpg 300w, https:\/\/www.periferieprahy.cz\/blog\/wp-content\/uploads\/2025\/06\/cp481-150x123.jpg 150w, https:\/\/www.periferieprahy.cz\/blog\/wp-content\/uploads\/2025\/06\/cp481-768x631.jpg 768w\" sizes=\"auto, (max-width: 988px) 100vw, 988px\" \/><figcaption class=\"wp-element-caption\">Roh Libock\u00e9 a Jene\u010dsk\u00e9 \u010d.p. 481. Tady v p\u0159\u00edzem\u00ed b\u00fdvala drogerie pana Janou\u0161ka<\/figcaption><\/figure>\n","protected":false},"excerpt":{"rendered":"<p>Tady v p\u0159\u00edzem\u00ed b\u00fdvala drogerie pana Janou\u0161ka. Je to roh Libock\u00e9 a Jene\u010dsk\u00e9. Pamatuji se, \u017ee je\u0161t\u011b kolem roku 1970, byl na lev\u00e9 st\u011bn\u011b n\u00e1pis DR GERIE. Chyb\u011blo tam O. A j\u00e1, trouba, myslel, \u017ee tam m\u00e1 ordinaci n\u011bjak\u00fd doktor GERIE.<\/p>\n","protected":false},"author":1,"featured_media":4440,"comment_status":"open","ping_status":"open","sticky":false,"template":"","format":"standard","meta":{"_exactmetrics_skip_tracking":false,"_exactmetrics_sitenote_active":false,"_exactmetrics_sitenote_note":"","_exactmetrics_sitenote_category":0,"footnotes":""},"categories":[33,3,32],"tags":[],"post_folder":[],"class_list":["post-4493","post","type-post","status-publish","format-standard","has-post-thumbnail","hentry","category-obchody_sluzby","category-redakce","category-zivnosti_obchody"],"_links":{"self":[{"href":"https:\/\/www.periferieprahy.cz\/blog\/wp-json\/wp\/v2\/posts\/4493","targetHints":{"allow":["GET"]}}],"collection":[{"href":"https:\/\/www.periferieprahy.cz\/blog\/wp-json\/wp\/v2\/posts"}],"about":[{"href":"https:\/\/www.periferieprahy.cz\/blog\/wp-json\/wp\/v2\/types\/post"}],"author":[{"embeddable":true,"href":"https:\/\/www.periferieprahy.cz\/blog\/wp-json\/wp\/v2\/users\/1"}],"replies":[{"embeddable":true,"href":"https:\/\/www.periferieprahy.cz\/blog\/wp-json\/wp\/v2\/comments?post=4493"}],"version-history":[{"count":1,"href":"https:\/\/www.periferieprahy.cz\/blog\/wp-json\/wp\/v2\/posts\/4493\/revisions"}],"predecessor-version":[{"id":4494,"href":"https:\/\/www.periferieprahy.cz\/blog\/wp-json\/wp\/v2\/posts\/4493\/revisions\/4494"}],"wp:featuredmedia":[{"embeddable":true,"href":"https:\/\/www.periferieprahy.cz\/blog\/wp-json\/wp\/v2\/media\/4440"}],"wp:attachment":[{"href":"https:\/\/www.periferieprahy.cz\/blog\/wp-json\/wp\/v2\/media?parent=4493"}],"wp:term":[{"taxonomy":"category","embeddable":true,"href":"https:\/\/www.periferieprahy.cz\/blog\/wp-json\/wp\/v2\/categories?post=4493"},{"taxonomy":"post_tag","embeddable":true,"href":"https:\/\/www.periferieprahy.cz\/blog\/wp-json\/wp\/v2\/tags?post=4493"},{"taxonomy":"post_folder","embeddable":true,"href":"https:\/\/www.periferieprahy.cz\/blog\/wp-json\/wp\/v2\/post_folder?post=4493"}],"curies":[{"name":"wp","href":"https:\/\/api.w.org\/{rel}","templated":true}]}}