{"id":4510,"date":"2025-06-14T09:11:33","date_gmt":"2025-06-14T07:11:33","guid":{"rendered":"https:\/\/www.periferieprahy.cz\/blog\/?p=4510"},"modified":"2025-07-06T23:15:22","modified_gmt":"2025-07-06T21:15:22","slug":"c-p-500-skola-vlastina-ulice","status":"publish","type":"post","link":"https:\/\/www.periferieprahy.cz\/blog\/2025\/06\/14\/c-p-500-skola-vlastina-ulice\/","title":{"rendered":"\u010c.p. 500 \u0161kola Vlastina ulice"},"content":{"rendered":"\n<p align=\"left\">\n\t\t\t<img loading=\"lazy\" decoding=\"async\" border=\"0\" src=\"https:\/\/www.periferieprahy.cz\/blog\/wp-content\/uploads\/2024\/12\/pismo7_4.gif\" width=\"107\" height=\"132\" align=\"left\">al\u0161\u00ed \n\t\t\tlibock\u00e1 \u0161kola s\u00eddlila v ulici U Silnice v domku, kter\u00fd byl asi \n\t\t\tpostaven v pr\u016fb\u011bhu 2. sv\u011btov\u00e9 v\u00e1lky pro pot\u0159ebu vojsk&nbsp; zbran\u00ed \n\t\t\tSS, kter\u00e1 s\u00eddlila v sousedn\u00edch kas\u00e1rn\u00e1ch. Jednalo se o tzv. Tesco \n\t\t\tbar\u00e1ky. Dal\u0161\u00ed, stejn\u00e9ho typu, st\u00e1valy kdysi i na kas\u00e1rensk\u00e9m dvo\u0159e.&nbsp; \n\t\t\tPo osvobozen\u00ed byla v domku&nbsp; z\u0159\u00edzena &quot;\u0161koli\u010dka&quot; pro prvn\u00ed a\u017e \n\t\t\tp\u00e1t\u00fd ro\u010dn\u00edk . Vyu\u010dov\u00e1n\u00ed zde skon\u010dilo v\u00fdstavbou nov\u00e9 \u0161koly ve \n\t\t\tVlastin\u011b ulici \u010d.p.500 v roce 1959. Domek slou\u017eil pozd\u011bji jako \n\t\t\tknihovna a potom jako mate\u0159sk\u00e1 \u0161kola. Pan\u00ed Jel\u00ednkov\u00e1 doplnila:\n\t\t\t<font color=\"\"><i>Krom\u011b knihovny tam byla v letech asi 1963 &#8211; \n\t\t\t1970 tak\u00e9 L\u0160U. V\u00edm, \u017ee tam spolu\u017e\u00e1ci chodili do hudebky, na rytmiku \n\t\t\ta na balet a j\u00e1 osobn\u011b na n\u011bm\u010dinu. Vyu\u010dovala se tam samoz\u0159ejm\u011b i \n\t\t\tangli\u010dtina. Jazyky u\u010dila pan\u00ed u\u010ditelka Brtounov\u00e1. Ve t\u0159\u00edd\u011b se topilo \n\t\t\tuhl\u00edm.<\/i><\/font>&nbsp; Nakonec byl &quot;zprivatizov\u00e1n&quot; a \n\t\t\tje dnes v podstat\u011b na zbour\u00e1n\u00ed. Stavba nem\u00e1 \u010d\u00edslo popisn\u00e9 a le\u017e\u00ed na \n\t\t\tparcele 1837\/56. Podle cedule na vratech (viz sn\u00edmek) zde bylo \n\t\t\torienta\u010dn\u00ed \u010d\u00edslo 4\n\n\n<div class=\"wp-block-image\">\n<figure class=\"aligncenter size-full is-resized\"><img loading=\"lazy\" decoding=\"async\" width=\"1011\" height=\"610\" src=\"https:\/\/www.periferieprahy.cz\/blog\/wp-content\/uploads\/2025\/06\/cp500_3.jpg\" alt=\"\" class=\"wp-image-4443\" style=\"width:653px;height:auto\" srcset=\"https:\/\/www.periferieprahy.cz\/blog\/wp-content\/uploads\/2025\/06\/cp500_3.jpg 1011w, https:\/\/www.periferieprahy.cz\/blog\/wp-content\/uploads\/2025\/06\/cp500_3-300x181.jpg 300w, https:\/\/www.periferieprahy.cz\/blog\/wp-content\/uploads\/2025\/06\/cp500_3-150x91.jpg 150w, https:\/\/www.periferieprahy.cz\/blog\/wp-content\/uploads\/2025\/06\/cp500_3-768x463.jpg 768w\" sizes=\"auto, (max-width: 1011px) 100vw, 1011px\" \/><figcaption class=\"wp-element-caption\">Z\u00e1kladn\u00ed \u0161kola v ulici U Silnice kolem roku 1956. Pan\u00ed u\u010ditelka Kr\u010dkov\u00e1 na sn\u00edmku se svou t\u0159\u00eddou. Shodou okolnost\u00ed bydleli Kr\u010dkovi ve stejn\u00e9m byt\u011b v Litovick\u00e9 ulici \u010d.p. 357, kde p\u0159ed v\u00e1lkou \u017eil z\u00e1stupce velitele ruzy\u0148sk\u00fdch kas\u00e1ren Josef Ma\u0161\u00edn.<\/figcaption><\/figure>\n<\/div>\n\n<div class=\"su-custom-gallery su-custom-gallery-align-center su-custom-gallery-title-hover su-lightbox-gallery\"><div class=\"su-custom-gallery-slide\" style=\"width:200px;height:200px\"><a href=\"https:\/\/www.periferieprahy.cz\/blog\/wp-content\/uploads\/2025\/06\/cp500_4.jpg\" title=\"B\u00fdval\u00e1 &#8222;\u0161koli\u010dka&#8220; v ulici U Silnice, stav v roce 2010\"><img loading=\"lazy\" decoding=\"async\" src=\"https:\/\/www.periferieprahy.cz\/blog\/wp-content\/uploads\/2025\/06\/cp500_4-200x200.jpg\" alt=\"B\u00fdval\u00e1 &#8222;\u0161koli\u010dka&#8220; v ulici U Silnice, stav v roce 2010\" width=\"200\" height=\"200\" \/><span class=\"su-custom-gallery-title\">B\u00fdval\u00e1 &#8222;\u0161koli\u010dka&#8220; v ulici U Silnice, stav v roce 2010<\/span><\/a><\/div><div class=\"su-custom-gallery-slide\" style=\"width:200px;height:200px\"><a href=\"https:\/\/www.periferieprahy.cz\/blog\/wp-content\/uploads\/2025\/06\/cp500_5.jpg\" title=\"B\u00fdval\u00e1 &#8222;\u0161koli\u010dka&#8220; v ulici U Silnice, stav v roce 2010\"><img loading=\"lazy\" decoding=\"async\" src=\"https:\/\/www.periferieprahy.cz\/blog\/wp-content\/uploads\/2025\/06\/cp500_5-200x200.jpg\" alt=\"B\u00fdval\u00e1 &#8222;\u0161koli\u010dka&#8220; v ulici U Silnice, stav v roce 2010\" width=\"200\" height=\"200\" \/><span class=\"su-custom-gallery-title\">B\u00fdval\u00e1 &#8222;\u0161koli\u010dka&#8220; v ulici U Silnice, stav v roce 2010<\/span><\/a><\/div><div class=\"su-custom-gallery-slide\" style=\"width:200px;height:200px\"><a href=\"https:\/\/www.periferieprahy.cz\/blog\/wp-content\/uploads\/2025\/06\/cp500_6.jpg\" title=\"Tady, n\u011bkde pod okny, byla po\u0159\u00edzena i ta fotka z roku 1956\"><img loading=\"lazy\" decoding=\"async\" src=\"https:\/\/www.periferieprahy.cz\/blog\/wp-content\/uploads\/2025\/06\/cp500_6-200x200.jpg\" alt=\"Tady, n\u011bkde pod okny, byla po\u0159\u00edzena i ta fotka z roku 1956\" width=\"200\" height=\"200\" \/><span class=\"su-custom-gallery-title\">Tady, n\u011bkde pod okny, byla po\u0159\u00edzena i ta fotka z roku 1956<\/span><\/a><\/div><div class=\"su-custom-gallery-slide\" style=\"width:200px;height:200px\"><a href=\"https:\/\/www.periferieprahy.cz\/blog\/wp-content\/uploads\/2025\/06\/cp500_7.jpg\" title=\"B\u00fdvala zde i mate\u0159sk\u00e1 \u0161kola. Stav v roce 2010\"><img loading=\"lazy\" decoding=\"async\" src=\"https:\/\/www.periferieprahy.cz\/blog\/wp-content\/uploads\/2025\/06\/cp500_7-200x200.jpg\" alt=\"B\u00fdvala zde i mate\u0159sk\u00e1 \u0161kola. Stav v roce 2010\" width=\"200\" height=\"200\" \/><span class=\"su-custom-gallery-title\">B\u00fdvala zde i mate\u0159sk\u00e1 \u0161kola. Stav v roce 2010<\/span><\/a><\/div><div class=\"su-clear\"><\/div><\/div>\n\n\n\n<img loading=\"lazy\" decoding=\"async\" border=\"0\" src=\"https:\/\/www.periferieprahy.cz\/blog\/wp-content\/uploads\/2024\/12\/pismo7_21.gif\" width=\"111\" height=\"114\" align=\"left\"> roce 1959 byla otev\u0159ena nov\u00e1 libock\u00e1 \u0161kola ve Vlastin\u011b ulici a sem \n\t\t\tse p\u0159est\u011bhovaly d\u011bti ze \u0161koli\u010dky v ulici U Silnice a p\u0159ibyli \u017e\u00e1ci z \n\t\t\tvy\u0161\u0161\u00edch ro\u010dn\u00edk\u016f, kte\u0159\u00ed d\u0159\u00edve nav\u0161t\u011bvovali \u0161kolu v Ruzyni, nebo ve Vokovic\u00edch. I to je tak\u00e9 historie. Dnes je \n\t\t\ttady, d\u00edky v\u00fd\u0161i \u0161koln\u00e9ho, pro v\u011bt\u0161inu \n\t\t\tlibock\u00fdch d\u011bt\u00ed nedostupn\u00e1 &quot;The Prague British School&quot;. Je to divnej \n\t\t\tsv\u011bt, divn\u00fd v\u011bci, kdy\u017e se jinde po\u0159\u00e1daj\u00ed sb\u00edrky,&nbsp; aby si d\u011bti \n\t\t\tchud\u00fdch rodi\u010d\u016f, kter\u00fdm se b\u011b\u017en\u011b&nbsp; \u0159\u00edk\u00e1 &quot;socky&quot;,&nbsp; mohly \n\t\t\tkoupit \u0161koln\u00ed ob\u011bdy. Ps\u00e1no v roce 2017.\n\n\n<div class=\"su-custom-gallery su-custom-gallery-align-center su-custom-gallery-title-hover su-lightbox-gallery\"><div class=\"su-custom-gallery-slide\" style=\"width:280px;height:290px\"><a href=\"https:\/\/www.periferieprahy.cz\/blog\/wp-content\/uploads\/2025\/06\/cp500_10.jpg\" title=\"Rok 1959, slavnost p\u0159i otev\u0159en\u00ed nov\u00e9 \u0161koly ve Vlastin\u011b ulici. Konala se na h\u0159i\u0161ti \u0161koly. Takov\u00e9 to tehdy bylo. Je to u\u017e v\u00edce jak 60 let, kdy jsme chodili do \u0161koly s pion\u00fdrsk\u00fdm \u0161\u00e1tkem na krku.\"><img loading=\"lazy\" decoding=\"async\" src=\"https:\/\/www.periferieprahy.cz\/blog\/wp-content\/uploads\/2025\/06\/cp500_10-280x290.jpg\" alt=\"Rok 1959, slavnost p\u0159i otev\u0159en\u00ed nov\u00e9 \u0161koly ve Vlastin\u011b ulici. Konala se na h\u0159i\u0161ti \u0161koly. Takov\u00e9 to tehdy bylo. Je to u\u017e v\u00edce jak 60 let, kdy jsme chodili do \u0161koly s pion\u00fdrsk\u00fdm \u0161\u00e1tkem na krku.\" width=\"280\" height=\"290\" \/><span class=\"su-custom-gallery-title\">Rok 1959, slavnost p\u0159i otev\u0159en\u00ed nov\u00e9 \u0161koly ve Vlastin\u011b ulici. Konala se na h\u0159i\u0161ti \u0161koly. Takov\u00e9 to tehdy bylo. Je to u\u017e v\u00edce jak 60 let, kdy jsme chodili do \u0161koly s pion\u00fdrsk\u00fdm \u0161\u00e1tkem na krku.<\/span><\/a><\/div><div class=\"su-custom-gallery-slide\" style=\"width:280px;height:290px\"><a href=\"https:\/\/www.periferieprahy.cz\/blog\/wp-content\/uploads\/2025\/06\/cp500_1.jpg\" title=\"Dal\u0161\u00ed oslava, tentokr\u00e1te p\u0159ed vchodem do \u0161koly. Muselo to b\u00fdt pozd\u011bji ne\u017e oslava na  p\u0159ede\u0161l\u00e9 fotografii, podle stupn\u011b zne\u010di\u0161t\u011bn\u00ed fas\u00e1dy.\"><img loading=\"lazy\" decoding=\"async\" src=\"https:\/\/www.periferieprahy.cz\/blog\/wp-content\/uploads\/2025\/06\/cp500_1-280x290.jpg\" alt=\"Dal\u0161\u00ed oslava, tentokr\u00e1te p\u0159ed vchodem do \u0161koly. Muselo to b\u00fdt pozd\u011bji ne\u017e oslava na  p\u0159ede\u0161l\u00e9 fotografii, podle stupn\u011b zne\u010di\u0161t\u011bn\u00ed fas\u00e1dy.\" width=\"280\" height=\"290\" \/><span class=\"su-custom-gallery-title\">Dal\u0161\u00ed oslava, tentokr\u00e1te p\u0159ed vchodem do \u0161koly. Muselo to b\u00fdt pozd\u011bji ne\u017e oslava na  p\u0159ede\u0161l\u00e9 fotografii, podle stupn\u011b zne\u010di\u0161t\u011bn\u00ed fas\u00e1dy.<\/span><\/a><\/div><div class=\"su-clear\"><\/div><\/div>\n\n\n\n<p>N\u011bkolik \u0161koln\u00edch fotek. mo\u017en\u00e1 \u017ee m\u00e1te doma tak\u00e9 n\u011bjak\u00e9, kter\u00e9 by mohly na\u0161i p\u0159ehl\u00eddku: <\/p>\n\n\n<div class=\"su-image-carousel  su-image-carousel-has-spacing su-image-carousel-crop su-image-carousel-crop-5-4 su-image-carousel-has-lightbox su-image-carousel-has-outline su-image-carousel-adaptive su-image-carousel-slides-style-default su-image-carousel-controls-style-dark su-image-carousel-align-center\" style=\"max-width:500px\" data-flickity-options='{\"groupCells\":true,\"cellSelector\":\".su-image-carousel-item\",\"adaptiveHeight\":false,\"cellAlign\":\"left\",\"prevNextButtons\":true,\"pageDots\":true,\"autoPlay\":5000,\"imagesLoaded\":true,\"contain\":true,\"selectedAttraction\":0.1499999999999999944488848768742172978818416595458984375,\"friction\":1}' id=\"su_image_carousel_69f4492222b8a\"><div class=\"su-image-carousel-item\"><div class=\"su-image-carousel-item-content\"><a href=\"https:\/\/www.periferieprahy.cz\/blog\/wp-content\/uploads\/2025\/06\/cp500_2.jpg\" data-caption=\"U vchodu bylo vy\u0159azen\u00e9 Aero 45....\"><img loading=\"lazy\" decoding=\"async\" width=\"995\" height=\"607\" src=\"https:\/\/www.periferieprahy.cz\/blog\/wp-content\/uploads\/2025\/06\/cp500_2.jpg\" class=\"\" alt=\"\" srcset=\"https:\/\/www.periferieprahy.cz\/blog\/wp-content\/uploads\/2025\/06\/cp500_2.jpg 995w, https:\/\/www.periferieprahy.cz\/blog\/wp-content\/uploads\/2025\/06\/cp500_2-300x183.jpg 300w, https:\/\/www.periferieprahy.cz\/blog\/wp-content\/uploads\/2025\/06\/cp500_2-150x92.jpg 150w, https:\/\/www.periferieprahy.cz\/blog\/wp-content\/uploads\/2025\/06\/cp500_2-768x469.jpg 768w\" sizes=\"auto, (max-width: 995px) 100vw, 995px\" \/><span>U vchodu bylo vy\u0159azen\u00e9 Aero 45....<\/span><\/a><\/div><\/div><div class=\"su-image-carousel-item\"><div class=\"su-image-carousel-item-content\"><a href=\"https:\/\/www.periferieprahy.cz\/blog\/wp-content\/uploads\/2025\/06\/cp500_11.jpg\" data-caption=\"..pozd\u011bji bylo p\u0159em\u00edst\u011bno na h\u0159i\u0161t\u011b. Je v pozad\u00ed za d\u011btmi. Psal se rok 1959\"><img loading=\"lazy\" decoding=\"async\" width=\"1410\" height=\"1018\" src=\"https:\/\/www.periferieprahy.cz\/blog\/wp-content\/uploads\/2025\/06\/cp500_11.jpg\" class=\"\" alt=\"\" srcset=\"https:\/\/www.periferieprahy.cz\/blog\/wp-content\/uploads\/2025\/06\/cp500_11.jpg 1410w, https:\/\/www.periferieprahy.cz\/blog\/wp-content\/uploads\/2025\/06\/cp500_11-300x217.jpg 300w, https:\/\/www.periferieprahy.cz\/blog\/wp-content\/uploads\/2025\/06\/cp500_11-1024x739.jpg 1024w, https:\/\/www.periferieprahy.cz\/blog\/wp-content\/uploads\/2025\/06\/cp500_11-150x108.jpg 150w, https:\/\/www.periferieprahy.cz\/blog\/wp-content\/uploads\/2025\/06\/cp500_11-768x554.jpg 768w\" sizes=\"auto, (max-width: 1410px) 100vw, 1410px\" \/><span>..pozd\u011bji bylo p\u0159em\u00edst\u011bno na h\u0159i\u0161t\u011b. Je v pozad\u00ed za d\u011btmi. Psal se rok 1959<\/span><\/a><\/div><\/div><div class=\"su-image-carousel-item\"><div class=\"su-image-carousel-item-content\"><a href=\"https:\/\/www.periferieprahy.cz\/blog\/wp-content\/uploads\/2025\/06\/cp500_11b.jpg\" data-caption=\"..pozd\u011bji bylo p\u0159em\u00edst\u011bno na h\u0159i\u0161t\u011b. Je v pozad\u00ed za d\u011btmi. Psal se rok 1959\"><img loading=\"lazy\" decoding=\"async\" width=\"1399\" height=\"1029\" src=\"https:\/\/www.periferieprahy.cz\/blog\/wp-content\/uploads\/2025\/06\/cp500_11b.jpg\" class=\"\" alt=\"\" srcset=\"https:\/\/www.periferieprahy.cz\/blog\/wp-content\/uploads\/2025\/06\/cp500_11b.jpg 1399w, https:\/\/www.periferieprahy.cz\/blog\/wp-content\/uploads\/2025\/06\/cp500_11b-300x221.jpg 300w, https:\/\/www.periferieprahy.cz\/blog\/wp-content\/uploads\/2025\/06\/cp500_11b-1024x753.jpg 1024w, https:\/\/www.periferieprahy.cz\/blog\/wp-content\/uploads\/2025\/06\/cp500_11b-150x110.jpg 150w, https:\/\/www.periferieprahy.cz\/blog\/wp-content\/uploads\/2025\/06\/cp500_11b-768x565.jpg 768w\" sizes=\"auto, (max-width: 1399px) 100vw, 1399px\" \/><span>..pozd\u011bji bylo p\u0159em\u00edst\u011bno na h\u0159i\u0161t\u011b. Je v pozad\u00ed za d\u011btmi. Psal se rok 1959<\/span><\/a><\/div><\/div><div class=\"su-image-carousel-item\"><div class=\"su-image-carousel-item-content\"><a href=\"https:\/\/www.periferieprahy.cz\/blog\/wp-content\/uploads\/2025\/06\/cp500_12.jpg\" data-caption=\"Ke \u0161koln\u00edm ritu\u00e1l\u016fm pat\u0159ily i v\u00e1no\u010dn\u00ed bes\u00eddky. Jak je patrn\u00e9 z rubov\u00e9 strany, fotku zpracoval pion\u00fdrsk\u00fd fotokrou\u017eek.\"><img loading=\"lazy\" decoding=\"async\" width=\"1307\" height=\"965\" src=\"https:\/\/www.periferieprahy.cz\/blog\/wp-content\/uploads\/2025\/06\/cp500_12.jpg\" class=\"\" alt=\"\" srcset=\"https:\/\/www.periferieprahy.cz\/blog\/wp-content\/uploads\/2025\/06\/cp500_12.jpg 1307w, https:\/\/www.periferieprahy.cz\/blog\/wp-content\/uploads\/2025\/06\/cp500_12-300x221.jpg 300w, https:\/\/www.periferieprahy.cz\/blog\/wp-content\/uploads\/2025\/06\/cp500_12-1024x756.jpg 1024w, https:\/\/www.periferieprahy.cz\/blog\/wp-content\/uploads\/2025\/06\/cp500_12-150x111.jpg 150w, https:\/\/www.periferieprahy.cz\/blog\/wp-content\/uploads\/2025\/06\/cp500_12-768x567.jpg 768w\" sizes=\"auto, (max-width: 1307px) 100vw, 1307px\" \/><span>Ke \u0161koln\u00edm ritu\u00e1l\u016fm pat\u0159ily i v\u00e1no\u010dn\u00ed bes\u00eddky. Jak je patrn\u00e9 z rubov\u00e9 strany, fotku zpracoval pion\u00fdrsk\u00fd fotokrou\u017eek.<\/span><\/a><\/div><\/div><div class=\"su-image-carousel-item\"><div class=\"su-image-carousel-item-content\"><a href=\"https:\/\/www.periferieprahy.cz\/blog\/wp-content\/uploads\/2025\/06\/cp500_12b.jpg\" data-caption=\"Ke \u0161koln\u00edm ritu\u00e1l\u016fm pat\u0159ily i v\u00e1no\u010dn\u00ed bes\u00eddky. Jak je patrn\u00e9 z rubov\u00e9 strany, fotku zpracoval pion\u00fdrsk\u00fd fotokrou\u017eek.\"><img loading=\"lazy\" decoding=\"async\" width=\"1419\" height=\"1006\" src=\"https:\/\/www.periferieprahy.cz\/blog\/wp-content\/uploads\/2025\/06\/cp500_12b.jpg\" class=\"\" alt=\"\" srcset=\"https:\/\/www.periferieprahy.cz\/blog\/wp-content\/uploads\/2025\/06\/cp500_12b.jpg 1419w, https:\/\/www.periferieprahy.cz\/blog\/wp-content\/uploads\/2025\/06\/cp500_12b-300x213.jpg 300w, https:\/\/www.periferieprahy.cz\/blog\/wp-content\/uploads\/2025\/06\/cp500_12b-1024x726.jpg 1024w, https:\/\/www.periferieprahy.cz\/blog\/wp-content\/uploads\/2025\/06\/cp500_12b-150x106.jpg 150w, https:\/\/www.periferieprahy.cz\/blog\/wp-content\/uploads\/2025\/06\/cp500_12b-768x544.jpg 768w\" sizes=\"auto, (max-width: 1419px) 100vw, 1419px\" \/><span>Ke \u0161koln\u00edm ritu\u00e1l\u016fm pat\u0159ily i v\u00e1no\u010dn\u00ed bes\u00eddky. Jak je patrn\u00e9 z rubov\u00e9 strany, fotku zpracoval pion\u00fdrsk\u00fd fotokrou\u017eek.<\/span><\/a><\/div><\/div><div class=\"su-image-carousel-item\"><div class=\"su-image-carousel-item-content\"><a href=\"https:\/\/www.periferieprahy.cz\/blog\/wp-content\/uploads\/2025\/06\/cp500_13.jpg\" data-caption=\"Dal\u0161\u00ed dobrovoln\u011b povinn\u00e1 \u00fa\u010dast na prvom\u00e1jov\u00fdch oslav\u00e1ch. Foceno za \u0161kolou v ulici U Silnice.\"><img loading=\"lazy\" decoding=\"async\" width=\"840\" height=\"632\" src=\"https:\/\/www.periferieprahy.cz\/blog\/wp-content\/uploads\/2025\/06\/cp500_13.jpg\" class=\"\" alt=\"\" srcset=\"https:\/\/www.periferieprahy.cz\/blog\/wp-content\/uploads\/2025\/06\/cp500_13.jpg 840w, https:\/\/www.periferieprahy.cz\/blog\/wp-content\/uploads\/2025\/06\/cp500_13-300x226.jpg 300w, https:\/\/www.periferieprahy.cz\/blog\/wp-content\/uploads\/2025\/06\/cp500_13-150x113.jpg 150w, https:\/\/www.periferieprahy.cz\/blog\/wp-content\/uploads\/2025\/06\/cp500_13-768x578.jpg 768w\" sizes=\"auto, (max-width: 840px) 100vw, 840px\" \/><span>Dal\u0161\u00ed dobrovoln\u011b povinn\u00e1 \u00fa\u010dast na prvom\u00e1jov\u00fdch oslav\u00e1ch. Foceno za \u0161kolou v ulici U Silnice.<\/span><\/a><\/div><\/div><div class=\"su-image-carousel-item\"><div class=\"su-image-carousel-item-content\"><a href=\"https:\/\/www.periferieprahy.cz\/blog\/wp-content\/uploads\/2025\/06\/cp500_14.jpg\" data-caption=\"Dal\u0161\u00ed v\u00e1no\u010dn\u00ed bes\u00eddka. I kdy\u017e se m\u011blo \u0159\u00edkat  jolka, stejn\u011b to byl pro n\u00e1s v\u017edycky v\u00e1no\u010dn\u00ed strome\u010dek.\"><img loading=\"lazy\" decoding=\"async\" width=\"968\" height=\"648\" src=\"https:\/\/www.periferieprahy.cz\/blog\/wp-content\/uploads\/2025\/06\/cp500_14.jpg\" class=\"\" alt=\"\" srcset=\"https:\/\/www.periferieprahy.cz\/blog\/wp-content\/uploads\/2025\/06\/cp500_14.jpg 968w, https:\/\/www.periferieprahy.cz\/blog\/wp-content\/uploads\/2025\/06\/cp500_14-300x201.jpg 300w, https:\/\/www.periferieprahy.cz\/blog\/wp-content\/uploads\/2025\/06\/cp500_14-150x100.jpg 150w, https:\/\/www.periferieprahy.cz\/blog\/wp-content\/uploads\/2025\/06\/cp500_14-768x514.jpg 768w\" sizes=\"auto, (max-width: 968px) 100vw, 968px\" \/><span>Dal\u0161\u00ed v\u00e1no\u010dn\u00ed bes\u00eddka. I kdy\u017e se m\u011blo \u0159\u00edkat  jolka, stejn\u011b to byl pro n\u00e1s v\u017edycky v\u00e1no\u010dn\u00ed strome\u010dek.<\/span><\/a><\/div><\/div><div class=\"su-image-carousel-item\"><div class=\"su-image-carousel-item-content\"><a href=\"https:\/\/www.periferieprahy.cz\/blog\/wp-content\/uploads\/2025\/06\/cp500_13b.jpg\" data-caption=\"Dal\u0161\u00ed v\u00e1no\u010dn\u00ed bes\u00eddka. I kdy\u017e se m\u011blo \u0159\u00edkat  jolka, stejn\u011b to byl pro n\u00e1s v\u017edycky v\u00e1no\u010dn\u00ed strome\u010dek.\"><img loading=\"lazy\" decoding=\"async\" width=\"1006\" height=\"648\" src=\"https:\/\/www.periferieprahy.cz\/blog\/wp-content\/uploads\/2025\/06\/cp500_13b.jpg\" class=\"\" alt=\"\" srcset=\"https:\/\/www.periferieprahy.cz\/blog\/wp-content\/uploads\/2025\/06\/cp500_13b.jpg 1006w, https:\/\/www.periferieprahy.cz\/blog\/wp-content\/uploads\/2025\/06\/cp500_13b-300x193.jpg 300w, https:\/\/www.periferieprahy.cz\/blog\/wp-content\/uploads\/2025\/06\/cp500_13b-150x97.jpg 150w, https:\/\/www.periferieprahy.cz\/blog\/wp-content\/uploads\/2025\/06\/cp500_13b-768x495.jpg 768w\" sizes=\"auto, (max-width: 1006px) 100vw, 1006px\" \/><span>Dal\u0161\u00ed v\u00e1no\u010dn\u00ed bes\u00eddka. I kdy\u017e se m\u011blo \u0159\u00edkat  jolka, stejn\u011b to byl pro n\u00e1s v\u017edycky v\u00e1no\u010dn\u00ed strome\u010dek.<\/span><\/a><\/div><\/div><div class=\"su-image-carousel-item\"><div class=\"su-image-carousel-item-content\"><a href=\"https:\/\/www.periferieprahy.cz\/blog\/wp-content\/uploads\/2025\/06\/cp500_16.jpg\" data-caption=\"Rok 1964 dev\u00e1t\u00e1 t\u0159\u00edda\"><img loading=\"lazy\" decoding=\"async\" width=\"1202\" height=\"847\" src=\"https:\/\/www.periferieprahy.cz\/blog\/wp-content\/uploads\/2025\/06\/cp500_16.jpg\" class=\"\" alt=\"\" srcset=\"https:\/\/www.periferieprahy.cz\/blog\/wp-content\/uploads\/2025\/06\/cp500_16.jpg 1202w, https:\/\/www.periferieprahy.cz\/blog\/wp-content\/uploads\/2025\/06\/cp500_16-300x211.jpg 300w, https:\/\/www.periferieprahy.cz\/blog\/wp-content\/uploads\/2025\/06\/cp500_16-1024x722.jpg 1024w, https:\/\/www.periferieprahy.cz\/blog\/wp-content\/uploads\/2025\/06\/cp500_16-150x106.jpg 150w, https:\/\/www.periferieprahy.cz\/blog\/wp-content\/uploads\/2025\/06\/cp500_16-768x541.jpg 768w\" sizes=\"auto, (max-width: 1202px) 100vw, 1202px\" \/><span>Rok 1964 dev\u00e1t\u00e1 t\u0159\u00edda<\/span><\/a><\/div><\/div><div class=\"su-image-carousel-item\"><div class=\"su-image-carousel-item-content\"><a href=\"https:\/\/www.periferieprahy.cz\/blog\/wp-content\/uploads\/2025\/06\/cp500_16b.jpg\" data-caption=\"Rok 1964 dev\u00e1t\u00e1 t\u0159\u00edda\"><img loading=\"lazy\" decoding=\"async\" width=\"1402\" height=\"1015\" src=\"https:\/\/www.periferieprahy.cz\/blog\/wp-content\/uploads\/2025\/06\/cp500_16b.jpg\" class=\"\" alt=\"\" srcset=\"https:\/\/www.periferieprahy.cz\/blog\/wp-content\/uploads\/2025\/06\/cp500_16b.jpg 1402w, https:\/\/www.periferieprahy.cz\/blog\/wp-content\/uploads\/2025\/06\/cp500_16b-300x217.jpg 300w, https:\/\/www.periferieprahy.cz\/blog\/wp-content\/uploads\/2025\/06\/cp500_16b-1024x741.jpg 1024w, https:\/\/www.periferieprahy.cz\/blog\/wp-content\/uploads\/2025\/06\/cp500_16b-150x109.jpg 150w, https:\/\/www.periferieprahy.cz\/blog\/wp-content\/uploads\/2025\/06\/cp500_16b-768x556.jpg 768w\" sizes=\"auto, (max-width: 1402px) 100vw, 1402px\" \/><span>Rok 1964 dev\u00e1t\u00e1 t\u0159\u00edda<\/span><\/a><\/div><\/div><div class=\"su-image-carousel-item\"><div class=\"su-image-carousel-item-content\"><a href=\"https:\/\/www.periferieprahy.cz\/blog\/wp-content\/uploads\/2025\/06\/cp500_18.jpg\" data-caption=\"Jako ka\u017ed\u00e1 spr\u00e1vn\u00e1 \u0161kola, m\u011bla po vzoru vojensk\u00e9m, s\u00ed\u0148 tradic. Ten soudruh s ot\u00e1zkou na rtech je Vondru\u0161ka, ministr \u0161kolstv\u00ed Hus\u00e1kovy vl\u00e1dy. Stejn\u011b blb\u011b d\u016fle\u017eit\u00fd jako dne\u0161n\u00ed papal\u00e1\u0161i.\"><img loading=\"lazy\" decoding=\"async\" width=\"1210\" height=\"826\" src=\"https:\/\/www.periferieprahy.cz\/blog\/wp-content\/uploads\/2025\/06\/cp500_18.jpg\" class=\"\" alt=\"\" srcset=\"https:\/\/www.periferieprahy.cz\/blog\/wp-content\/uploads\/2025\/06\/cp500_18.jpg 1210w, https:\/\/www.periferieprahy.cz\/blog\/wp-content\/uploads\/2025\/06\/cp500_18-300x205.jpg 300w, https:\/\/www.periferieprahy.cz\/blog\/wp-content\/uploads\/2025\/06\/cp500_18-1024x699.jpg 1024w, https:\/\/www.periferieprahy.cz\/blog\/wp-content\/uploads\/2025\/06\/cp500_18-150x102.jpg 150w, https:\/\/www.periferieprahy.cz\/blog\/wp-content\/uploads\/2025\/06\/cp500_18-768x524.jpg 768w\" sizes=\"auto, (max-width: 1210px) 100vw, 1210px\" \/><span>Jako ka\u017ed\u00e1 spr\u00e1vn\u00e1 \u0161kola, m\u011bla po vzoru vojensk\u00e9m, s\u00ed\u0148 tradic. Ten soudruh s ot\u00e1zkou na rtech je Vondru\u0161ka, ministr \u0161kolstv\u00ed Hus\u00e1kovy vl\u00e1dy. Stejn\u011b blb\u011b d\u016fle\u017eit\u00fd jako dne\u0161n\u00ed papal\u00e1\u0161i.<\/span><\/a><\/div><\/div><\/div><script id=\"su_image_carousel_69f4492222b8a_script\">if(window.SUImageCarousel){setTimeout(function() {window.SUImageCarousel.initGallery(document.getElementById(\"su_image_carousel_69f4492222b8a\"))}, 0);}var su_image_carousel_69f4492222b8a_script=document.getElementById(\"su_image_carousel_69f4492222b8a_script\");if(su_image_carousel_69f4492222b8a_script){su_image_carousel_69f4492222b8a_script.parentNode.removeChild(su_image_carousel_69f4492222b8a_script);}<\/script>\n\n\n<div class=\"wp-block-image\">\n<figure class=\"aligncenter size-full is-resized\"><img loading=\"lazy\" decoding=\"async\" width=\"779\" height=\"661\" src=\"https:\/\/www.periferieprahy.cz\/blog\/wp-content\/uploads\/2025\/06\/cp500_17.jpg\" alt=\"\" class=\"wp-image-4423\" style=\"width:523px;height:auto\" srcset=\"https:\/\/www.periferieprahy.cz\/blog\/wp-content\/uploads\/2025\/06\/cp500_17.jpg 779w, https:\/\/www.periferieprahy.cz\/blog\/wp-content\/uploads\/2025\/06\/cp500_17-300x255.jpg 300w, https:\/\/www.periferieprahy.cz\/blog\/wp-content\/uploads\/2025\/06\/cp500_17-150x127.jpg 150w, https:\/\/www.periferieprahy.cz\/blog\/wp-content\/uploads\/2025\/06\/cp500_17-768x652.jpg 768w\" sizes=\"auto, (max-width: 779px) 100vw, 779px\" \/><figcaption class=\"wp-element-caption\">Pan\u00ed ukl\u00edze\u010dky na \u0161koln\u00ed chodb\u011b. Vlevo pan\u00ed Marie \u0160\u00e1krov\u00e1, vpravo pan\u00ed Va\u0148kov\u00e1, byla man\u017eelka \u0161koln\u00edka.<\/figcaption><\/figure>\n<\/div>\n\n\n<p>Fotografie, kter\u00fdmi p\u0159isp\u011bla pan\u00ed J. Jel\u00ednkov\u00e1: <\/p>\n\n\n<div class=\"su-custom-gallery su-custom-gallery-align-center su-custom-gallery-title-hover su-lightbox-gallery\"><div class=\"su-custom-gallery-slide\" style=\"width:250px;height:300px\"><a href=\"https:\/\/www.periferieprahy.cz\/blog\/wp-content\/uploads\/2025\/07\/1964_ZDS.jpg\" title=\"Pohled do Vlastiny ulice v roce 1964. Vpravo \u0161kola, vlevo &#8222;Arma&#8220; \u010d.p. 450\"><img loading=\"lazy\" decoding=\"async\" src=\"https:\/\/www.periferieprahy.cz\/blog\/wp-content\/uploads\/2025\/07\/1964_ZDS-250x300.jpg\" alt=\"Pohled do Vlastiny ulice v roce 1964. Vpravo \u0161kola, vlevo &#8222;Arma&#8220; \u010d.p. 450\" width=\"250\" height=\"300\" \/><span class=\"su-custom-gallery-title\">Pohled do Vlastiny ulice v roce 1964. Vpravo \u0161kola, vlevo &#8222;Arma&#8220; \u010d.p. 450<\/span><\/a><\/div><div class=\"su-custom-gallery-slide\" style=\"width:250px;height:300px\"><a href=\"https:\/\/www.periferieprahy.cz\/blog\/wp-content\/uploads\/2025\/07\/1964_Vlastina.jpg\" title=\"Vlastina v roce 1964. \u0160kola je vpravo na horizontu, ale ji\u017e pon\u011bkud rozmazan\u00e1,\"><img loading=\"lazy\" decoding=\"async\" src=\"https:\/\/www.periferieprahy.cz\/blog\/wp-content\/uploads\/2025\/07\/1964_Vlastina-250x300.jpg\" alt=\"Vlastina v roce 1964. \u0160kola je vpravo na horizontu, ale ji\u017e pon\u011bkud rozmazan\u00e1,\" width=\"250\" height=\"300\" \/><span class=\"su-custom-gallery-title\">Vlastina v roce 1964. \u0160kola je vpravo na horizontu, ale ji\u017e pon\u011bkud rozmazan\u00e1,<\/span><\/a><\/div><div class=\"su-custom-gallery-slide\" style=\"width:250px;height:300px\"><a href=\"https:\/\/www.periferieprahy.cz\/blog\/wp-content\/uploads\/2025\/07\/1971_uc_Puncocharova_Neumannova.jpg\" title=\"Pan\u00ed u\u010ditelky Pun\u010doch\u00e1\u0159ova a Neumannov\u00e1 v roce 1971 si pov\u00eddaj\u00ed p\u0159ed \u0161kolou ve Vlastin\u011b ulici. V pozad\u00ed je vid\u011bt tzv. Arma, \u010d.p. 450\"><img loading=\"lazy\" decoding=\"async\" src=\"https:\/\/www.periferieprahy.cz\/blog\/wp-content\/uploads\/2025\/07\/1971_uc_Puncocharova_Neumannova-250x300.jpg\" alt=\"Pan\u00ed u\u010ditelky Pun\u010doch\u00e1\u0159ova a Neumannov\u00e1 v roce 1971 si pov\u00eddaj\u00ed p\u0159ed \u0161kolou ve Vlastin\u011b ulici. V pozad\u00ed je vid\u011bt tzv. Arma, \u010d.p. 450\" width=\"250\" height=\"300\" \/><span class=\"su-custom-gallery-title\">Pan\u00ed u\u010ditelky Pun\u010doch\u00e1\u0159ova a Neumannov\u00e1 v roce 1971 si pov\u00eddaj\u00ed p\u0159ed \u0161kolou ve Vlastin\u011b ulici. V pozad\u00ed je vid\u011bt tzv. Arma, \u010d.p. 450<\/span><\/a><\/div><div class=\"su-clear\"><\/div><\/div>\n\n\n<div class=\"wp-block-image\">\n<figure class=\"aligncenter size-large is-resized\"><img loading=\"lazy\" decoding=\"async\" width=\"1024\" height=\"583\" src=\"https:\/\/www.periferieprahy.cz\/blog\/wp-content\/uploads\/2025\/06\/cp500_9-1024x583.jpg\" alt=\"\" class=\"wp-image-4411\" style=\"width:695px;height:auto\" srcset=\"https:\/\/www.periferieprahy.cz\/blog\/wp-content\/uploads\/2025\/06\/cp500_9-1024x583.jpg 1024w, https:\/\/www.periferieprahy.cz\/blog\/wp-content\/uploads\/2025\/06\/cp500_9-300x171.jpg 300w, https:\/\/www.periferieprahy.cz\/blog\/wp-content\/uploads\/2025\/06\/cp500_9-150x85.jpg 150w, https:\/\/www.periferieprahy.cz\/blog\/wp-content\/uploads\/2025\/06\/cp500_9-768x437.jpg 768w, https:\/\/www.periferieprahy.cz\/blog\/wp-content\/uploads\/2025\/06\/cp500_9.jpg 1280w\" sizes=\"auto, (max-width: 1024px) 100vw, 1024px\" \/><figcaption class=\"wp-element-caption\">Sou\u010dasnost, rok 2017<\/figcaption><\/figure>\n<\/div>","protected":false},"excerpt":{"rendered":"<p>V roce 1959 byla otev\u0159ena nov\u00e1 libock\u00e1 \u0161kola ve Vlastin\u011b ulici a sem se p\u0159est\u011bhovaly d\u011bti ze \u0161koli\u010dky v ulici U Silnice a p\u0159ibyli \u017e\u00e1ci z vy\u0161\u0161\u00edch ro\u010dn\u00edk\u016f, kte\u0159\u00ed d\u0159\u00edve nav\u0161t\u011bvovali \u0161kolu v Ruzyni, nebo ve Vokovic\u00edch. I to je tak\u00e9 historie. Dnes je tady, d\u00edky v\u00fd\u0161i \u0161koln\u00e9ho, pro v\u011bt\u0161inu libock\u00fdch d\u011bt\u00ed nedostupn\u00e1, &#8222;The Prague British School&#8220;. Je to divnej sv\u011bt, divn\u00fd v\u011bci, kdy\u017e se jinde po\u0159\u00e1daj\u00ed sb\u00edrky,  aby si d\u011bti chud\u00fdch rodi\u010d\u016f, kter\u00fdm se b\u011b\u017en\u011b  \u0159\u00edk\u00e1 &#8222;socky&#8220;,  mohly koupit \u0161koln\u00ed ob\u011bdy. Ps\u00e1no v roce 2017.<\/p>\n","protected":false},"author":1,"featured_media":4410,"comment_status":"open","ping_status":"open","sticky":false,"template":"","format":"standard","meta":{"_exactmetrics_skip_tracking":false,"_exactmetrics_sitenote_active":false,"_exactmetrics_sitenote_note":"","_exactmetrics_sitenote_category":0,"footnotes":""},"categories":[3],"tags":[],"post_folder":[],"class_list":["post-4510","post","type-post","status-publish","format-standard","has-post-thumbnail","hentry","category-redakce"],"_links":{"self":[{"href":"https:\/\/www.periferieprahy.cz\/blog\/wp-json\/wp\/v2\/posts\/4510","targetHints":{"allow":["GET"]}}],"collection":[{"href":"https:\/\/www.periferieprahy.cz\/blog\/wp-json\/wp\/v2\/posts"}],"about":[{"href":"https:\/\/www.periferieprahy.cz\/blog\/wp-json\/wp\/v2\/types\/post"}],"author":[{"embeddable":true,"href":"https:\/\/www.periferieprahy.cz\/blog\/wp-json\/wp\/v2\/users\/1"}],"replies":[{"embeddable":true,"href":"https:\/\/www.periferieprahy.cz\/blog\/wp-json\/wp\/v2\/comments?post=4510"}],"version-history":[{"count":5,"href":"https:\/\/www.periferieprahy.cz\/blog\/wp-json\/wp\/v2\/posts\/4510\/revisions"}],"predecessor-version":[{"id":4889,"href":"https:\/\/www.periferieprahy.cz\/blog\/wp-json\/wp\/v2\/posts\/4510\/revisions\/4889"}],"wp:featuredmedia":[{"embeddable":true,"href":"https:\/\/www.periferieprahy.cz\/blog\/wp-json\/wp\/v2\/media\/4410"}],"wp:attachment":[{"href":"https:\/\/www.periferieprahy.cz\/blog\/wp-json\/wp\/v2\/media?parent=4510"}],"wp:term":[{"taxonomy":"category","embeddable":true,"href":"https:\/\/www.periferieprahy.cz\/blog\/wp-json\/wp\/v2\/categories?post=4510"},{"taxonomy":"post_tag","embeddable":true,"href":"https:\/\/www.periferieprahy.cz\/blog\/wp-json\/wp\/v2\/tags?post=4510"},{"taxonomy":"post_folder","embeddable":true,"href":"https:\/\/www.periferieprahy.cz\/blog\/wp-json\/wp\/v2\/post_folder?post=4510"}],"curies":[{"name":"wp","href":"https:\/\/api.w.org\/{rel}","templated":true}]}}